{"id":78376,"date":"2016-06-08T21:24:21","date_gmt":"2016-06-08T19:24:21","guid":{"rendered":"http:\/\/eldigitaldeasturias.com\/magazine365\/?p=78376"},"modified":"2016-06-08T21:36:24","modified_gmt":"2016-06-08T19:36:24","slug":"prohibido-por-ley-matar-al-toro-de-la-vega-con-la-abstencion-de-cs-para-no-caer-en-un-juego-de-bandos-electoral","status":"publish","type":"post","link":"https:\/\/eldigitaldeasturias.com\/magazine365\/prohibido-por-ley-matar-al-toro-de-la-vega-con-la-abstencion-de-cs-para-no-caer-en-un-juego-de-bandos-electoral\/","title":{"rendered":"Prohibido por Ley matar al Toro de la Vega con la abstenci\u00f3n de C&#8217;s"},"content":{"rendered":"<p><img fetchpriority=\"high\" decoding=\"async\" class=\"alignleft size-medium wp-image-78377\" src=\"https:\/\/eldigitaldeasturias.com\/magazine365\/wp-content\/uploads\/2016\/06\/fotonoticia_20160608192131_800-360x203.jpg\" alt=\"fotonoticia_20160608192131_800\" width=\"360\" height=\"203\" srcset=\"https:\/\/eldigitaldeasturias.com\/magazine365\/wp-content\/uploads\/2016\/06\/fotonoticia_20160608192131_800-360x203.jpg 360w, https:\/\/eldigitaldeasturias.com\/magazine365\/wp-content\/uploads\/2016\/06\/fotonoticia_20160608192131_800-650x366.jpg 650w, https:\/\/eldigitaldeasturias.com\/magazine365\/wp-content\/uploads\/2016\/06\/fotonoticia_20160608192131_800-768x432.jpg 768w, https:\/\/eldigitaldeasturias.com\/magazine365\/wp-content\/uploads\/2016\/06\/fotonoticia_20160608192131_800-150x84.jpg 150w, https:\/\/eldigitaldeasturias.com\/magazine365\/wp-content\/uploads\/2016\/06\/fotonoticia_20160608192131_800-450x253.jpg 450w, https:\/\/eldigitaldeasturias.com\/magazine365\/wp-content\/uploads\/2016\/06\/fotonoticia_20160608192131_800-499x280.jpg 499w, https:\/\/eldigitaldeasturias.com\/magazine365\/wp-content\/uploads\/2016\/06\/fotonoticia_20160608192131_800-510x289.jpg 510w, https:\/\/eldigitaldeasturias.com\/magazine365\/wp-content\/uploads\/2016\/06\/fotonoticia_20160608192131_800.jpg 800w\" sizes=\"(max-width: 360px) 100vw, 360px\" \/>El Pleno de las Cortes de Castilla y Le\u00f3n ha aprobado este mi\u00e9rcoles por amplia mayor\u00eda &#8211;s\u00f3lo se ha abstenido el Grupo Ciudadanos&#8211; la convalidaci\u00f3n del Decreto Ley de la Junta por el que se proh\u00edbe la muerte de las reses de lidia en presencia del p\u00fablico en los espect\u00e1culos taurinos populares y tradicionales en la Comunidad y que, de facto, supone la prohibici\u00f3n por Ley de matar al Toro de la Vega, un torneo que se celebra cada mes de septiembre en Tordesillas (Valladolid).<\/p>\n<p>Seg\u00fan ha explicado el consejero de la Presidencia, Jos\u00e9 Antonio de Santiago-Ju\u00e1rez, con la convalidaci\u00f3n de este Decreto Ley, que no ser\u00e1 tramitado como proyecto de ley como ha solicitado Podemos para ahondar en un debate m\u00e1s amplio sobre la norma, se pretende preservar una vieja tradici\u00f3n con cerca de 400 a\u00f1os de antig\u00fcedad que, seg\u00fan ha augurado, ten\u00eda los \u00abd\u00edas contados\u00bb ante las declaraciones de algunos l\u00edderes pol\u00edticos en programas de televisi\u00f3n y, incluso, en algunos programas electorales y de gobierno.<\/p>\n<p>Ante esa posible prohibici\u00f3n de todo el festejo, ha continuado el consejero de la Presidencia, y ante la necesidad de abrir un espacio de reflexi\u00f3n sobre la \u00abrepercusi\u00f3n negativa\u00bb que produc\u00eda el torneo, como ya apunt\u00f3 el pasado el presidente de la Junta, Juan Vicente Herrera, la Junta ha optado finalmente por adaptar la tradici\u00f3n a la cultura y a la sensibilidad del siglo XXI tras un proceso \u00abdialogado y participado\u00bb en el que, seg\u00fan ha asegurado, ha contado desde el principio con el Ayuntamiento de Tordesillas.<\/p>\n<p>Seg\u00fan ha asegurado tambi\u00e9n, en esos encuentros no han participado ni animalistas ni antitaurinos de modo que s\u00f3lo hubo una reuni\u00f3n a petici\u00f3n del PACMA el 23 de febrero que no dur\u00f3 m\u00e1s de quince minutos.<\/p>\n<p>\u00abLa mejor manera de proteger una tradici\u00f3n es hacerlo de una manera no tradicional\u00bb, ha defendido el consejero de la Presidencia, quien, tras aclarar que la Junta de Castilla y Le\u00f3n no es antitaurina, ha trasladado su respeto y su defensa a la fiesta de los toros \u00abque es otra historia\u00bb y que ha diferenciado en todo momento del torneo del Toro de la Vega.<\/p>\n<p>Ahora tendr\u00e1 que ser la autoridad local la que adapte el Reglamento del festejo para \u00abmantener la tradici\u00f3n\u00bb sin dar muerte al toro.<\/p>\n<p>Las principales cr\u00edticas a la convalidaci\u00f3n del Decreto Ley de la Junta han venido del Grupo Ciudadanos cuyo portavoz, Luis Fuentes, ha justificado la abstenci\u00f3n del partido naranja en la necesidad de no caer en la \u00abtrampa\u00bb de un juego de bandos, de trincheras o de buenos y malos donde ha atisbado, adem\u00e1s, un \u00e1nimo electoral del PP.<\/p>\n<h2 class=\"ladillo\">MUCHO RUIDO Y MUCHO HUMO<\/h2>\n<p>\u00abA nosotros tampoco nos gustaba el toro pero nos gustan mucho menos las prohibiciones\u00bb, ha aclarado el portavoz del Grupo Ciudadanos, quien ha abogado en todo momento por una f\u00f3rmula de m\u00e1ximo consenso convencido de que como en todo lo m\u00e1s dif\u00edcil es la mejor soluci\u00f3n. \u00abSe ha hecho mucho ruido y mucho humo que es el sello del Gobierno de Castilla y Le\u00f3n\u00bb, ha criticado al respecto al mismo tiempo que ha acusado al PP de pretender la divisi\u00f3n en casa ajena cuando, seg\u00fan ha augurado, acabar\u00e1 encontrando a la suya dividida.<\/p>\n<p>Fuentes ha cargado contra la Junta por, tras meses de \u00ababsoluta inactividad\u00bb fruto, seg\u00fan sus palabras, de la \u00abretirada de facto\u00bb de quien deber\u00eda hacer un liderazgo activo de la Comunidad, haber dado prioridad a un asunto que, en su opini\u00f3n, no responde a las principales preocupaciones ni a los mayores problemas de los castellanoleoneses.<\/p>\n<p>En el caso del PSOE, partido que gobierna el Ayuntamiento de Tordesillas, ha dado el visto bueno al Decreto Ley de la Junta con una cr\u00edtica al momento, las formas y a la falta de consulta a los tordesillanos en lo que el procurador socialista Luis Briones ha definido como un ejemplo de \u00abdespotismo ilustrado\u00bb y de todo para el pueblo \u00abpero sin el pueblo\u00bb &#8211;seg\u00fan ha trascendido del debate, fue el Grupo Municipal del PP el que no acept\u00f3 llevar a cabo esa consulta popular&#8211;.<\/p>\n<p>El procurador socialista de ha mostrado convencido de que los vecinos de Tordesillas cumplir\u00e1n la norma aunque no les guste a todos cuando habr\u00eda que haber optado por otras f\u00f3rmulas que llevaran al \u00abautoconvencimiento\u00bb de los tordesillanos de la necesidad de ajustar la celebraci\u00f3n de un torneo medieval que estaba provocando \u00abaut\u00e9nticas pesadillas\u00bb a algunos sectores y para la imagen de una localidad con otros muchos atractivos.<\/p>\n<p>Del mismo modo y tras reconocer que el Decreto de la Junta es \u00abt\u00e9cnicamente impecable\u00bb en el \u00e1mbito de sus competencias, Briones ha acusado a la Junta de haber acudido a este asunto para, con un agravante de \u00abalevos\u00eda\u00bb y de \u00abpremeditaci\u00f3n\u00bb tapar algunos esc\u00e1ndalos e intentar despistar o desviar la atenci\u00f3n de los ciudadanos matando as\u00ed \u00abdos p\u00e1jaros de un tiro\u00bb.<\/p>\n<h2 class=\"ladillo\">UN PRIMER PASO<\/h2>\n<p>En el caso del Grupo Mixto y del Grupo Podemos, tanto Jos\u00e9 Sarri\u00f3n, de IU, como Isabel Rodr\u00edguez Tobal, se han felicitado por el primer paso que supone la prohibici\u00f3n por ley de la muerte p\u00fablica del Toro de la Vega pero han advertido de que estar\u00e1n atentos para que no se convierta en un subterfugio para bordear la ley y reconvertir el torneo en una \u00abfiesta privada\u00bb.<\/p>\n<p>\u00abNos tememos que pueda esconder trampas y sea s\u00f3lo un golpe de efecto\u00bb, ha manifestado la procuradora de Podemos, quien ha pedido un debate m\u00e1s serio y m\u00e1s amplio respecto para que esto no sea s\u00f3lo \u00abuna treta electoral\u00bb del PP, que ha negado en todo momento el procurador &#8216;popular&#8217; Ramiro Ruiz Medrano, quien ha cargado especialmente contra Ciudadanos por esas insinuaciones para preguntarse qu\u00e9 hubiese votado hoy la formaci\u00f3n naranja de no haber elecciones generales en junio.<\/p>\n<p>Por su parte, un grupo de unos cincuenta manifestantes de ha dado cita este mi\u00e9rcoles a las puertas de las Cortes para defender el torneo del Toro de la Vega con pancartas en las que se pod\u00eda leer &#8216;Viva el toro de la Vega&#8217; o &#8216;No nos represent\u00e1is&#8217;. Los manifestantes han acusado a los procuradores de ser unos \u00abcagones\u00bb, adem\u00e1s de unos \u00abtraidores\u00bb y unos \u00absinverg\u00fcenzas\u00bb y han acusado especialmente a los &#8216;populares&#8217; de haber vendido a los tordesillanos \u00abpor cuatro votos\u00bb.<\/p>\n<p>La ley aprobada este mi\u00e9rcoles consta de un \u00fanico art\u00edculo que contempla la prohibici\u00f3n en Castilla y Le\u00f3n de dar muerte a las reses de lidia en presencia del p\u00fablico en los espect\u00e1culos taurinos populares y tradicionales donde se entiende por espect\u00e1culos taurinos populares aquellos festejos en los que se utilicen reses de lidia para el ocio y recreo de los ciudadanos. Tendr\u00e1n la consideraci\u00f3n de tales los encierros urbano, de campo y mixto; las vaquillas, capea o probadilla y los concurso de cortes.<\/p>\n<p>A los mismos efectos, se entiende por espect\u00e1culos taurinos tradicionales aquellos festejos populares con reses de lidia cuya celebraci\u00f3n arraigada socialmente se venga realizando en la localidad de forma continuada desde tiempos inmemoriales, desarroll\u00e1ndose de acuerdo con la costumbre del lugar. Tienen la consideraci\u00f3n de celebraciones inmemoriales aquellos espect\u00e1culos en los que se acredite que tienen una antig\u00fcedad de, al menos, 200 a\u00f1os.<\/p>\n","protected":false},"excerpt":{"rendered":"<p>El Pleno de las Cortes de Castilla y Le\u00f3n ha aprobado este mi\u00e9rcoles por amplia mayor\u00eda &#8211;s\u00f3lo se ha abstenido el Grupo Ciudadanos&#8211; la convalidaci\u00f3n del Decreto Ley de la Junta por el que se proh\u00edbe la muerte de las reses de lidia en presencia del p\u00fablico en los espect\u00e1culos taurinos populares y tradicionales en<\/p>\n","protected":false},"author":1,"featured_media":78377,"comment_status":"open","ping_status":"closed","sticky":false,"template":"","format":"standard","meta":{"footnotes":""},"categories":[224],"tags":[],"class_list":{"0":"post-78376","1":"post","2":"type-post","3":"status-publish","4":"format-standard","5":"has-post-thumbnail","7":"category-noticias-actualidad"},"aioseo_notices":[],"aioseo_head":"\n\t\t<!-- All in One SEO Pro 4.9.6.1 - aioseo.com -->\n\t<meta name=\"description\" content=\"El Pleno de las Cortes de Castilla y Le\u00f3n ha aprobado este mi\u00e9rcoles por amplia mayor\u00eda --s\u00f3lo se ha abstenido el Grupo Ciudadanos-- la convalidaci\u00f3n del Decreto Ley de la Junta por el que se proh\u00edbe la muerte de las reses de lidia en presencia del p\u00fablico en los espect\u00e1culos taurinos populares y tradicionales en\" \/>\n\t<meta name=\"robots\" content=\"max-image-preview:large\" \/>\n\t<meta name=\"author\" content=\"admin\"\/>\n\t<meta name=\"google-site-verification\" content=\"UA-38556648-1\" \/>\n\t<meta name=\"keywords\" content=\"noticias y actualidad\" \/>\n\t<link rel=\"canonical\" href=\"https:\/\/eldigitaldeasturias.com\/magazine365\/prohibido-por-ley-matar-al-toro-de-la-vega-con-la-abstencion-de-cs-para-no-caer-en-un-juego-de-bandos-electoral\/\" \/>\n\t<meta name=\"generator\" content=\"All in One SEO Pro (AIOSEO) 4.9.6.1\" \/>\n\t\t<meta property=\"og:locale\" content=\"es_ES\" \/>\n\t\t<meta property=\"og:site_name\" content=\"El Digital de Asturias \u2013 Revista de ocio, turismo y estilo de vida\" \/>\n\t\t<meta property=\"og:type\" content=\"article\" \/>\n\t\t<meta property=\"og:title\" content=\"Prohibido por Ley matar al Toro de la Vega con la abstenci\u00f3n de C\u2019s | El Digital de Asturias\" \/>\n\t\t<meta property=\"og:description\" content=\"El Pleno de las Cortes de Castilla y Le\u00f3n ha aprobado este mi\u00e9rcoles por amplia mayor\u00eda --s\u00f3lo se ha abstenido el Grupo Ciudadanos-- la convalidaci\u00f3n del Decreto Ley de la Junta por el que se proh\u00edbe la muerte de las reses de lidia en presencia del p\u00fablico en los espect\u00e1culos taurinos populares y tradicionales en\" \/>\n\t\t<meta property=\"og:url\" content=\"https:\/\/eldigitaldeasturias.com\/magazine365\/prohibido-por-ley-matar-al-toro-de-la-vega-con-la-abstencion-de-cs-para-no-caer-en-un-juego-de-bandos-electoral\/\" \/>\n\t\t<meta property=\"og:image\" content=\"https:\/\/eldigitaldeasturias.com\/magazine365\/wp-content\/uploads\/2016\/06\/fotonoticia_20160608192131_800.jpg\" \/>\n\t\t<meta property=\"og:image:secure_url\" content=\"https:\/\/eldigitaldeasturias.com\/magazine365\/wp-content\/uploads\/2016\/06\/fotonoticia_20160608192131_800.jpg\" \/>\n\t\t<meta property=\"og:image:width\" content=\"800\" \/>\n\t\t<meta property=\"og:image:height\" content=\"450\" \/>\n\t\t<meta property=\"article:published_time\" content=\"2016-06-08T19:24:21+00:00\" \/>\n\t\t<meta property=\"article:modified_time\" content=\"2016-06-08T19:36:24+00:00\" \/>\n\t\t<meta name=\"twitter:card\" content=\"summary_large_image\" \/>\n\t\t<meta name=\"twitter:title\" content=\"Prohibido por Ley matar al Toro de la Vega con la abstenci\u00f3n de C\u2019s | El Digital de Asturias\" \/>\n\t\t<meta name=\"twitter:description\" content=\"El Pleno de las Cortes de Castilla y Le\u00f3n ha aprobado este mi\u00e9rcoles por amplia mayor\u00eda --s\u00f3lo se ha abstenido el Grupo Ciudadanos-- la convalidaci\u00f3n del Decreto Ley de la Junta por el que se proh\u00edbe la muerte de las reses de lidia en presencia del p\u00fablico en los espect\u00e1culos taurinos populares y tradicionales en\" \/>\n\t\t<meta name=\"twitter:image\" content=\"https:\/\/eldigitaldeasturias.com\/magazine365\/wp-content\/uploads\/2016\/06\/fotonoticia_20160608192131_800.jpg\" \/>\n\t\t<script type=\"application\/ld+json\" class=\"aioseo-schema\">\n\t\t\t{\"@context\":\"https:\\\/\\\/schema.org\",\"@graph\":[{\"@type\":\"Article\",\"@id\":\"https:\\\/\\\/eldigitaldeasturias.com\\\/magazine365\\\/prohibido-por-ley-matar-al-toro-de-la-vega-con-la-abstencion-de-cs-para-no-caer-en-un-juego-de-bandos-electoral\\\/#article\",\"name\":\"Prohibido por Ley matar al Toro de la Vega con la abstenci\\u00f3n de C\\u2019s | El Digital de Asturias\",\"headline\":\"Prohibido por Ley matar al Toro de la Vega con la abstenci\\u00f3n de C&#8217;s\",\"author\":{\"@id\":\"https:\\\/\\\/eldigitaldeasturias.com\\\/magazine365\\\/author\\\/admin\\\/#author\"},\"publisher\":{\"@id\":\"https:\\\/\\\/eldigitaldeasturias.com\\\/magazine365\\\/#organization\"},\"image\":{\"@type\":\"ImageObject\",\"url\":\"https:\\\/\\\/eldigitaldeasturias.com\\\/magazine365\\\/wp-content\\\/uploads\\\/2016\\\/06\\\/fotonoticia_20160608192131_800.jpg\",\"width\":800,\"height\":450},\"datePublished\":\"2016-06-08T21:24:21+02:00\",\"dateModified\":\"2016-06-08T21:36:24+02:00\",\"inLanguage\":\"es-ES\",\"mainEntityOfPage\":{\"@id\":\"https:\\\/\\\/eldigitaldeasturias.com\\\/magazine365\\\/prohibido-por-ley-matar-al-toro-de-la-vega-con-la-abstencion-de-cs-para-no-caer-en-un-juego-de-bandos-electoral\\\/#webpage\"},\"isPartOf\":{\"@id\":\"https:\\\/\\\/eldigitaldeasturias.com\\\/magazine365\\\/prohibido-por-ley-matar-al-toro-de-la-vega-con-la-abstencion-de-cs-para-no-caer-en-un-juego-de-bandos-electoral\\\/#webpage\"},\"articleSection\":\"Noticias y Actualidad\"},{\"@type\":\"BreadcrumbList\",\"@id\":\"https:\\\/\\\/eldigitaldeasturias.com\\\/magazine365\\\/prohibido-por-ley-matar-al-toro-de-la-vega-con-la-abstencion-de-cs-para-no-caer-en-un-juego-de-bandos-electoral\\\/#breadcrumblist\",\"itemListElement\":[{\"@type\":\"ListItem\",\"@id\":\"https:\\\/\\\/eldigitaldeasturias.com\\\/magazine365#listItem\",\"position\":1,\"name\":\"Home\",\"item\":\"https:\\\/\\\/eldigitaldeasturias.com\\\/magazine365\",\"nextItem\":{\"@type\":\"ListItem\",\"@id\":\"https:\\\/\\\/eldigitaldeasturias.com\\\/magazine365\\\/category\\\/noticias-actualidad\\\/#listItem\",\"name\":\"Noticias y Actualidad\"}},{\"@type\":\"ListItem\",\"@id\":\"https:\\\/\\\/eldigitaldeasturias.com\\\/magazine365\\\/category\\\/noticias-actualidad\\\/#listItem\",\"position\":2,\"name\":\"Noticias y Actualidad\",\"item\":\"https:\\\/\\\/eldigitaldeasturias.com\\\/magazine365\\\/category\\\/noticias-actualidad\\\/\",\"nextItem\":{\"@type\":\"ListItem\",\"@id\":\"https:\\\/\\\/eldigitaldeasturias.com\\\/magazine365\\\/prohibido-por-ley-matar-al-toro-de-la-vega-con-la-abstencion-de-cs-para-no-caer-en-un-juego-de-bandos-electoral\\\/#listItem\",\"name\":\"Prohibido por Ley matar al Toro de la Vega con la abstenci\\u00f3n de C&#8217;s\"},\"previousItem\":{\"@type\":\"ListItem\",\"@id\":\"https:\\\/\\\/eldigitaldeasturias.com\\\/magazine365#listItem\",\"name\":\"Home\"}},{\"@type\":\"ListItem\",\"@id\":\"https:\\\/\\\/eldigitaldeasturias.com\\\/magazine365\\\/prohibido-por-ley-matar-al-toro-de-la-vega-con-la-abstencion-de-cs-para-no-caer-en-un-juego-de-bandos-electoral\\\/#listItem\",\"position\":3,\"name\":\"Prohibido por Ley matar al Toro de la Vega con la abstenci\\u00f3n de C&#8217;s\",\"previousItem\":{\"@type\":\"ListItem\",\"@id\":\"https:\\\/\\\/eldigitaldeasturias.com\\\/magazine365\\\/category\\\/noticias-actualidad\\\/#listItem\",\"name\":\"Noticias y Actualidad\"}}]},{\"@type\":\"Organization\",\"@id\":\"https:\\\/\\\/eldigitaldeasturias.com\\\/magazine365\\\/#organization\",\"name\":\"El digital de Asturias\",\"description\":\"Revista de ocio, turismo y estilo de vida\",\"url\":\"https:\\\/\\\/eldigitaldeasturias.com\\\/magazine365\\\/\",\"logo\":{\"@type\":\"ImageObject\",\"url\":\"https:\\\/\\\/www.eldigitaldeasturias.com\\\/noticias\\\/wp-content\\\/uploads\\\/2020\\\/12\\\/EDA.jpg\",\"@id\":\"https:\\\/\\\/eldigitaldeasturias.com\\\/magazine365\\\/prohibido-por-ley-matar-al-toro-de-la-vega-con-la-abstencion-de-cs-para-no-caer-en-un-juego-de-bandos-electoral\\\/#organizationLogo\"},\"image\":{\"@id\":\"https:\\\/\\\/eldigitaldeasturias.com\\\/magazine365\\\/prohibido-por-ley-matar-al-toro-de-la-vega-con-la-abstencion-de-cs-para-no-caer-en-un-juego-de-bandos-electoral\\\/#organizationLogo\"}},{\"@type\":\"Person\",\"@id\":\"https:\\\/\\\/eldigitaldeasturias.com\\\/magazine365\\\/author\\\/admin\\\/#author\",\"url\":\"https:\\\/\\\/eldigitaldeasturias.com\\\/magazine365\\\/author\\\/admin\\\/\",\"name\":\"admin\",\"image\":{\"@type\":\"ImageObject\",\"@id\":\"https:\\\/\\\/eldigitaldeasturias.com\\\/magazine365\\\/prohibido-por-ley-matar-al-toro-de-la-vega-con-la-abstencion-de-cs-para-no-caer-en-un-juego-de-bandos-electoral\\\/#authorImage\",\"url\":\"https:\\\/\\\/eldigitaldeasturias.com\\\/magazine365\\\/wp-content\\\/litespeed\\\/avatar\\\/e571bcf59a0edd6fa6838245a470f2fe.jpg?ver=1776969259\",\"width\":96,\"height\":96,\"caption\":\"admin\"}},{\"@type\":\"WebPage\",\"@id\":\"https:\\\/\\\/eldigitaldeasturias.com\\\/magazine365\\\/prohibido-por-ley-matar-al-toro-de-la-vega-con-la-abstencion-de-cs-para-no-caer-en-un-juego-de-bandos-electoral\\\/#webpage\",\"url\":\"https:\\\/\\\/eldigitaldeasturias.com\\\/magazine365\\\/prohibido-por-ley-matar-al-toro-de-la-vega-con-la-abstencion-de-cs-para-no-caer-en-un-juego-de-bandos-electoral\\\/\",\"name\":\"Prohibido por Ley matar al Toro de la Vega con la abstenci\\u00f3n de C\\u2019s | El Digital de Asturias\",\"description\":\"El Pleno de las Cortes de Castilla y Le\\u00f3n ha aprobado este mi\\u00e9rcoles por amplia mayor\\u00eda --s\\u00f3lo se ha abstenido el Grupo Ciudadanos-- la convalidaci\\u00f3n del Decreto Ley de la Junta por el que se proh\\u00edbe la muerte de las reses de lidia en presencia del p\\u00fablico en los espect\\u00e1culos taurinos populares y tradicionales en\",\"inLanguage\":\"es-ES\",\"isPartOf\":{\"@id\":\"https:\\\/\\\/eldigitaldeasturias.com\\\/magazine365\\\/#website\"},\"breadcrumb\":{\"@id\":\"https:\\\/\\\/eldigitaldeasturias.com\\\/magazine365\\\/prohibido-por-ley-matar-al-toro-de-la-vega-con-la-abstencion-de-cs-para-no-caer-en-un-juego-de-bandos-electoral\\\/#breadcrumblist\"},\"author\":{\"@id\":\"https:\\\/\\\/eldigitaldeasturias.com\\\/magazine365\\\/author\\\/admin\\\/#author\"},\"creator\":{\"@id\":\"https:\\\/\\\/eldigitaldeasturias.com\\\/magazine365\\\/author\\\/admin\\\/#author\"},\"image\":{\"@type\":\"ImageObject\",\"url\":\"https:\\\/\\\/eldigitaldeasturias.com\\\/magazine365\\\/wp-content\\\/uploads\\\/2016\\\/06\\\/fotonoticia_20160608192131_800.jpg\",\"@id\":\"https:\\\/\\\/eldigitaldeasturias.com\\\/magazine365\\\/prohibido-por-ley-matar-al-toro-de-la-vega-con-la-abstencion-de-cs-para-no-caer-en-un-juego-de-bandos-electoral\\\/#mainImage\",\"width\":800,\"height\":450},\"primaryImageOfPage\":{\"@id\":\"https:\\\/\\\/eldigitaldeasturias.com\\\/magazine365\\\/prohibido-por-ley-matar-al-toro-de-la-vega-con-la-abstencion-de-cs-para-no-caer-en-un-juego-de-bandos-electoral\\\/#mainImage\"},\"datePublished\":\"2016-06-08T21:24:21+02:00\",\"dateModified\":\"2016-06-08T21:36:24+02:00\"},{\"@type\":\"WebSite\",\"@id\":\"https:\\\/\\\/eldigitaldeasturias.com\\\/magazine365\\\/#website\",\"url\":\"https:\\\/\\\/eldigitaldeasturias.com\\\/magazine365\\\/\",\"name\":\"El Digital de Asturias\",\"description\":\"Revista de ocio, turismo y estilo de vida\",\"inLanguage\":\"es-ES\",\"publisher\":{\"@id\":\"https:\\\/\\\/eldigitaldeasturias.com\\\/magazine365\\\/#organization\"}}]}\n\t\t<\/script>\n\t\t<!-- All in One SEO Pro -->\r\n\t\t<title>Prohibido por Ley matar al Toro de la Vega con la abstenci\u00f3n de C\u2019s | El Digital de Asturias<\/title>\n\n","aioseo_head_json":{"title":"Prohibido por Ley matar al Toro de la Vega con la abstenci\u00f3n de C\u2019s | El Digital de Asturias","description":"El Pleno de las Cortes de Castilla y Le\u00f3n ha aprobado este mi\u00e9rcoles por amplia mayor\u00eda --s\u00f3lo se ha abstenido el Grupo Ciudadanos-- la convalidaci\u00f3n del Decreto Ley de la Junta por el que se proh\u00edbe la muerte de las reses de lidia en presencia del p\u00fablico en los espect\u00e1culos taurinos populares y tradicionales en","canonical_url":"https:\/\/eldigitaldeasturias.com\/magazine365\/prohibido-por-ley-matar-al-toro-de-la-vega-con-la-abstencion-de-cs-para-no-caer-en-un-juego-de-bandos-electoral\/","robots":"max-image-preview:large","keywords":"noticias y actualidad","webmasterTools":{"google-site-verification":"UA-38556648-1","miscellaneous":""},"schema":{"@context":"https:\/\/schema.org","@graph":[{"@type":"Article","@id":"https:\/\/eldigitaldeasturias.com\/magazine365\/prohibido-por-ley-matar-al-toro-de-la-vega-con-la-abstencion-de-cs-para-no-caer-en-un-juego-de-bandos-electoral\/#article","name":"Prohibido por Ley matar al Toro de la Vega con la abstenci\u00f3n de C\u2019s | El Digital de Asturias","headline":"Prohibido por Ley matar al Toro de la Vega con la abstenci\u00f3n de C&#8217;s","author":{"@id":"https:\/\/eldigitaldeasturias.com\/magazine365\/author\/admin\/#author"},"publisher":{"@id":"https:\/\/eldigitaldeasturias.com\/magazine365\/#organization"},"image":{"@type":"ImageObject","url":"https:\/\/eldigitaldeasturias.com\/magazine365\/wp-content\/uploads\/2016\/06\/fotonoticia_20160608192131_800.jpg","width":800,"height":450},"datePublished":"2016-06-08T21:24:21+02:00","dateModified":"2016-06-08T21:36:24+02:00","inLanguage":"es-ES","mainEntityOfPage":{"@id":"https:\/\/eldigitaldeasturias.com\/magazine365\/prohibido-por-ley-matar-al-toro-de-la-vega-con-la-abstencion-de-cs-para-no-caer-en-un-juego-de-bandos-electoral\/#webpage"},"isPartOf":{"@id":"https:\/\/eldigitaldeasturias.com\/magazine365\/prohibido-por-ley-matar-al-toro-de-la-vega-con-la-abstencion-de-cs-para-no-caer-en-un-juego-de-bandos-electoral\/#webpage"},"articleSection":"Noticias y Actualidad"},{"@type":"BreadcrumbList","@id":"https:\/\/eldigitaldeasturias.com\/magazine365\/prohibido-por-ley-matar-al-toro-de-la-vega-con-la-abstencion-de-cs-para-no-caer-en-un-juego-de-bandos-electoral\/#breadcrumblist","itemListElement":[{"@type":"ListItem","@id":"https:\/\/eldigitaldeasturias.com\/magazine365#listItem","position":1,"name":"Home","item":"https:\/\/eldigitaldeasturias.com\/magazine365","nextItem":{"@type":"ListItem","@id":"https:\/\/eldigitaldeasturias.com\/magazine365\/category\/noticias-actualidad\/#listItem","name":"Noticias y Actualidad"}},{"@type":"ListItem","@id":"https:\/\/eldigitaldeasturias.com\/magazine365\/category\/noticias-actualidad\/#listItem","position":2,"name":"Noticias y Actualidad","item":"https:\/\/eldigitaldeasturias.com\/magazine365\/category\/noticias-actualidad\/","nextItem":{"@type":"ListItem","@id":"https:\/\/eldigitaldeasturias.com\/magazine365\/prohibido-por-ley-matar-al-toro-de-la-vega-con-la-abstencion-de-cs-para-no-caer-en-un-juego-de-bandos-electoral\/#listItem","name":"Prohibido por Ley matar al Toro de la Vega con la abstenci\u00f3n de C&#8217;s"},"previousItem":{"@type":"ListItem","@id":"https:\/\/eldigitaldeasturias.com\/magazine365#listItem","name":"Home"}},{"@type":"ListItem","@id":"https:\/\/eldigitaldeasturias.com\/magazine365\/prohibido-por-ley-matar-al-toro-de-la-vega-con-la-abstencion-de-cs-para-no-caer-en-un-juego-de-bandos-electoral\/#listItem","position":3,"name":"Prohibido por Ley matar al Toro de la Vega con la abstenci\u00f3n de C&#8217;s","previousItem":{"@type":"ListItem","@id":"https:\/\/eldigitaldeasturias.com\/magazine365\/category\/noticias-actualidad\/#listItem","name":"Noticias y Actualidad"}}]},{"@type":"Organization","@id":"https:\/\/eldigitaldeasturias.com\/magazine365\/#organization","name":"El digital de Asturias","description":"Revista de ocio, turismo y estilo de vida","url":"https:\/\/eldigitaldeasturias.com\/magazine365\/","logo":{"@type":"ImageObject","url":"https:\/\/www.eldigitaldeasturias.com\/noticias\/wp-content\/uploads\/2020\/12\/EDA.jpg","@id":"https:\/\/eldigitaldeasturias.com\/magazine365\/prohibido-por-ley-matar-al-toro-de-la-vega-con-la-abstencion-de-cs-para-no-caer-en-un-juego-de-bandos-electoral\/#organizationLogo"},"image":{"@id":"https:\/\/eldigitaldeasturias.com\/magazine365\/prohibido-por-ley-matar-al-toro-de-la-vega-con-la-abstencion-de-cs-para-no-caer-en-un-juego-de-bandos-electoral\/#organizationLogo"}},{"@type":"Person","@id":"https:\/\/eldigitaldeasturias.com\/magazine365\/author\/admin\/#author","url":"https:\/\/eldigitaldeasturias.com\/magazine365\/author\/admin\/","name":"admin","image":{"@type":"ImageObject","@id":"https:\/\/eldigitaldeasturias.com\/magazine365\/prohibido-por-ley-matar-al-toro-de-la-vega-con-la-abstencion-de-cs-para-no-caer-en-un-juego-de-bandos-electoral\/#authorImage","url":"https:\/\/eldigitaldeasturias.com\/magazine365\/wp-content\/litespeed\/avatar\/e571bcf59a0edd6fa6838245a470f2fe.jpg?ver=1776969259","width":96,"height":96,"caption":"admin"}},{"@type":"WebPage","@id":"https:\/\/eldigitaldeasturias.com\/magazine365\/prohibido-por-ley-matar-al-toro-de-la-vega-con-la-abstencion-de-cs-para-no-caer-en-un-juego-de-bandos-electoral\/#webpage","url":"https:\/\/eldigitaldeasturias.com\/magazine365\/prohibido-por-ley-matar-al-toro-de-la-vega-con-la-abstencion-de-cs-para-no-caer-en-un-juego-de-bandos-electoral\/","name":"Prohibido por Ley matar al Toro de la Vega con la abstenci\u00f3n de C\u2019s | El Digital de Asturias","description":"El Pleno de las Cortes de Castilla y Le\u00f3n ha aprobado este mi\u00e9rcoles por amplia mayor\u00eda --s\u00f3lo se ha abstenido el Grupo Ciudadanos-- la convalidaci\u00f3n del Decreto Ley de la Junta por el que se proh\u00edbe la muerte de las reses de lidia en presencia del p\u00fablico en los espect\u00e1culos taurinos populares y tradicionales en","inLanguage":"es-ES","isPartOf":{"@id":"https:\/\/eldigitaldeasturias.com\/magazine365\/#website"},"breadcrumb":{"@id":"https:\/\/eldigitaldeasturias.com\/magazine365\/prohibido-por-ley-matar-al-toro-de-la-vega-con-la-abstencion-de-cs-para-no-caer-en-un-juego-de-bandos-electoral\/#breadcrumblist"},"author":{"@id":"https:\/\/eldigitaldeasturias.com\/magazine365\/author\/admin\/#author"},"creator":{"@id":"https:\/\/eldigitaldeasturias.com\/magazine365\/author\/admin\/#author"},"image":{"@type":"ImageObject","url":"https:\/\/eldigitaldeasturias.com\/magazine365\/wp-content\/uploads\/2016\/06\/fotonoticia_20160608192131_800.jpg","@id":"https:\/\/eldigitaldeasturias.com\/magazine365\/prohibido-por-ley-matar-al-toro-de-la-vega-con-la-abstencion-de-cs-para-no-caer-en-un-juego-de-bandos-electoral\/#mainImage","width":800,"height":450},"primaryImageOfPage":{"@id":"https:\/\/eldigitaldeasturias.com\/magazine365\/prohibido-por-ley-matar-al-toro-de-la-vega-con-la-abstencion-de-cs-para-no-caer-en-un-juego-de-bandos-electoral\/#mainImage"},"datePublished":"2016-06-08T21:24:21+02:00","dateModified":"2016-06-08T21:36:24+02:00"},{"@type":"WebSite","@id":"https:\/\/eldigitaldeasturias.com\/magazine365\/#website","url":"https:\/\/eldigitaldeasturias.com\/magazine365\/","name":"El Digital de Asturias","description":"Revista de ocio, turismo y estilo de vida","inLanguage":"es-ES","publisher":{"@id":"https:\/\/eldigitaldeasturias.com\/magazine365\/#organization"}}]},"og:locale":"es_ES","og:site_name":"El Digital de Asturias \u2013 Revista de ocio, turismo y estilo de vida","og:type":"article","og:title":"Prohibido por Ley matar al Toro de la Vega con la abstenci\u00f3n de C\u2019s | El Digital de Asturias","og:description":"El Pleno de las Cortes de Castilla y Le\u00f3n ha aprobado este mi\u00e9rcoles por amplia mayor\u00eda --s\u00f3lo se ha abstenido el Grupo Ciudadanos-- la convalidaci\u00f3n del Decreto Ley de la Junta por el que se proh\u00edbe la muerte de las reses de lidia en presencia del p\u00fablico en los espect\u00e1culos taurinos populares y tradicionales en","og:url":"https:\/\/eldigitaldeasturias.com\/magazine365\/prohibido-por-ley-matar-al-toro-de-la-vega-con-la-abstencion-de-cs-para-no-caer-en-un-juego-de-bandos-electoral\/","og:image":"https:\/\/eldigitaldeasturias.com\/magazine365\/wp-content\/uploads\/2016\/06\/fotonoticia_20160608192131_800.jpg","og:image:secure_url":"https:\/\/eldigitaldeasturias.com\/magazine365\/wp-content\/uploads\/2016\/06\/fotonoticia_20160608192131_800.jpg","og:image:width":800,"og:image:height":450,"article:published_time":"2016-06-08T19:24:21+00:00","article:modified_time":"2016-06-08T19:36:24+00:00","twitter:card":"summary_large_image","twitter:title":"Prohibido por Ley matar al Toro de la Vega con la abstenci\u00f3n de C\u2019s | El Digital de Asturias","twitter:description":"El Pleno de las Cortes de Castilla y Le\u00f3n ha aprobado este mi\u00e9rcoles por amplia mayor\u00eda --s\u00f3lo se ha abstenido el Grupo Ciudadanos-- la convalidaci\u00f3n del Decreto Ley de la Junta por el que se proh\u00edbe la muerte de las reses de lidia en presencia del p\u00fablico en los espect\u00e1culos taurinos populares y tradicionales en","twitter:image":"https:\/\/eldigitaldeasturias.com\/magazine365\/wp-content\/uploads\/2016\/06\/fotonoticia_20160608192131_800.jpg"},"aioseo_meta_data":{"post_id":"78376","title":null,"description":null,"keywords":null,"keyphrases":null,"primary_term":null,"canonical_url":null,"og_title":null,"og_description":null,"og_object_type":"default","og_image_type":"default","og_image_url":null,"og_image_width":null,"og_image_height":null,"og_image_custom_url":null,"og_image_custom_fields":null,"og_video":null,"og_custom_url":null,"og_article_section":null,"og_article_tags":null,"twitter_use_og":false,"twitter_card":"default","twitter_image_type":"default","twitter_image_url":null,"twitter_image_custom_url":null,"twitter_image_custom_fields":null,"twitter_title":null,"twitter_description":null,"schema":{"blockGraphs":[],"customGraphs":[],"default":{"data":{"Article":[],"Course":[],"Dataset":[],"FAQPage":[],"Movie":[],"Person":[],"Product":[],"ProductReview":[],"Car":[],"Recipe":[],"Service":[],"SoftwareApplication":[],"WebPage":[]},"graphName":"","isEnabled":true},"graphs":[]},"schema_type":null,"schema_type_options":null,"pillar_content":false,"robots_default":true,"robots_noindex":false,"robots_noarchive":false,"robots_nosnippet":false,"robots_nofollow":false,"robots_noimageindex":false,"robots_noodp":false,"robots_notranslate":false,"robots_max_snippet":null,"robots_max_videopreview":null,"robots_max_imagepreview":"large","priority":null,"frequency":null,"location":null,"local_seo":null,"seo_analyzer_scan_date":"2025-09-27 16:50:21","breadcrumb_settings":null,"limit_modified_date":false,"open_ai":null,"ai":null,"created":"2021-03-08 18:02:11","updated":"2025-09-27 16:50:21"},"aioseo_breadcrumb":"<div class=\"aioseo-breadcrumbs\"><span class=\"aioseo-breadcrumb\">\n\t<a href=\"https:\/\/eldigitaldeasturias.com\/magazine365\" title=\"Home\">Home<\/a>\n<\/span><span class=\"aioseo-breadcrumb-separator\">\u2013<\/span><span class=\"aioseo-breadcrumb\">\n\t<a href=\"https:\/\/eldigitaldeasturias.com\/magazine365\/category\/noticias-actualidad\/\" title=\"Noticias y Actualidad\">Noticias y Actualidad<\/a>\n<\/span><span class=\"aioseo-breadcrumb-separator\">\u2013<\/span><span class=\"aioseo-breadcrumb\">\n\t<a href=\"https:\/\/eldigitaldeasturias.com\/magazine365\/prohibido-por-ley-matar-al-toro-de-la-vega-con-la-abstencion-de-cs-para-no-caer-en-un-juego-de-bandos-electoral\/\" title=\"Prohibido por Ley matar al Toro de la Vega con la abstenci\u00f3n de C\u2019s\">Prohibido por Ley matar al Toro de la Vega con la abstenci\u00f3n de C\u2019s<\/a>\n<\/span><\/div>","aioseo_breadcrumb_json":[{"label":"Home","link":"https:\/\/eldigitaldeasturias.com\/magazine365"},{"label":"Noticias y Actualidad","link":"https:\/\/eldigitaldeasturias.com\/magazine365\/category\/noticias-actualidad\/"},{"label":"Prohibido por Ley matar al Toro de la Vega con la abstenci\u00f3n de C&#8217;s","link":"https:\/\/eldigitaldeasturias.com\/magazine365\/prohibido-por-ley-matar-al-toro-de-la-vega-con-la-abstencion-de-cs-para-no-caer-en-un-juego-de-bandos-electoral\/"}],"_links":{"self":[{"href":"https:\/\/eldigitaldeasturias.com\/magazine365\/wp-json\/wp\/v2\/posts\/78376","targetHints":{"allow":["GET"]}}],"collection":[{"href":"https:\/\/eldigitaldeasturias.com\/magazine365\/wp-json\/wp\/v2\/posts"}],"about":[{"href":"https:\/\/eldigitaldeasturias.com\/magazine365\/wp-json\/wp\/v2\/types\/post"}],"author":[{"embeddable":true,"href":"https:\/\/eldigitaldeasturias.com\/magazine365\/wp-json\/wp\/v2\/users\/1"}],"replies":[{"embeddable":true,"href":"https:\/\/eldigitaldeasturias.com\/magazine365\/wp-json\/wp\/v2\/comments?post=78376"}],"version-history":[{"count":0,"href":"https:\/\/eldigitaldeasturias.com\/magazine365\/wp-json\/wp\/v2\/posts\/78376\/revisions"}],"wp:featuredmedia":[{"embeddable":true,"href":"https:\/\/eldigitaldeasturias.com\/magazine365\/wp-json\/wp\/v2\/media\/78377"}],"wp:attachment":[{"href":"https:\/\/eldigitaldeasturias.com\/magazine365\/wp-json\/wp\/v2\/media?parent=78376"}],"wp:term":[{"taxonomy":"category","embeddable":true,"href":"https:\/\/eldigitaldeasturias.com\/magazine365\/wp-json\/wp\/v2\/categories?post=78376"},{"taxonomy":"post_tag","embeddable":true,"href":"https:\/\/eldigitaldeasturias.com\/magazine365\/wp-json\/wp\/v2\/tags?post=78376"}],"curies":[{"name":"wp","href":"https:\/\/api.w.org\/{rel}","templated":true}]}}