{"id":78373,"date":"2016-06-08T21:19:55","date_gmt":"2016-06-08T19:19:55","guid":{"rendered":"http:\/\/eldigitaldeasturias.com\/magazine365\/?p=78373"},"modified":"2016-06-08T21:19:55","modified_gmt":"2016-06-08T19:19:55","slug":"la-malaha-granada-amplia-sus-zonas-y-recupera-unas-antiguas-termas-romanas","status":"publish","type":"post","link":"https:\/\/eldigitaldeasturias.com\/magazine365\/la-malaha-granada-amplia-sus-zonas-y-recupera-unas-antiguas-termas-romanas\/","title":{"rendered":"La Malah\u00e1 (Granada) ampl\u00eda sus zonas y recupera unas antiguas termas romanas"},"content":{"rendered":"<p><img fetchpriority=\"high\" decoding=\"async\" class=\"alignleft size-medium wp-image-78374\" src=\"https:\/\/eldigitaldeasturias.com\/magazine365\/wp-content\/uploads\/2016\/06\/fotonoticia_20160608191229_800-360x241.jpg\" alt=\"fotonoticia_20160608191229_800\" width=\"360\" height=\"241\" srcset=\"https:\/\/eldigitaldeasturias.com\/magazine365\/wp-content\/uploads\/2016\/06\/fotonoticia_20160608191229_800-360x241.jpg 360w, https:\/\/eldigitaldeasturias.com\/magazine365\/wp-content\/uploads\/2016\/06\/fotonoticia_20160608191229_800-650x436.jpg 650w, https:\/\/eldigitaldeasturias.com\/magazine365\/wp-content\/uploads\/2016\/06\/fotonoticia_20160608191229_800-768x515.jpg 768w, https:\/\/eldigitaldeasturias.com\/magazine365\/wp-content\/uploads\/2016\/06\/fotonoticia_20160608191229_800-150x101.jpg 150w, https:\/\/eldigitaldeasturias.com\/magazine365\/wp-content\/uploads\/2016\/06\/fotonoticia_20160608191229_800-450x302.jpg 450w, https:\/\/eldigitaldeasturias.com\/magazine365\/wp-content\/uploads\/2016\/06\/fotonoticia_20160608191229_800.jpg 800w\" sizes=\"(max-width: 360px) 100vw, 360px\" \/>El Ayuntamiento de La Malah\u00e1 (Granada) ha puesto en marcha un proyecto para preservar los restos arqueol\u00f3gicos, de \u00e9poca \u00edbera y romana, de sus antiguas termas y ampliar y recuperar su zona termal al aire libre.<\/p>\n<p>Seg\u00fan ha informado en un comunicado la Asociaci\u00f3n Termalismo de Andaluc\u00eda, las aguas termales de La Malah\u00e1 ya eran conocidas por los griegos que colonizaron la poblaci\u00f3n, d\u00e1ndole el nombre de &#8216;Valle templado&#8217;. Cartagineses y romanos tambi\u00e9n se asentaron en el lugar, atra\u00eddos por sus propiedades curativas. Pero fue en el siglo diecinueve y primeros a\u00f1os del siglo veinte cuando su balneario alcanz\u00f3 una gran fama.<\/p>\n<p>Para que el legado termal e hist\u00f3rico del municipio no caiga en el olvido, el Ayuntamiento de La Malah\u00e1 se ha propuesto preservar los restos arqueol\u00f3gicos, de \u00e9poca \u00edbera y romana, al mismo tiempo que ampl\u00eda y recupera lo que queda del antiguo complejo termal. Se ha pretendido crear una especie de jard\u00edn isl\u00e1mico, en el que disfrutar de un entorno natural junto a la vega.<\/p>\n<p>El proyecto se lleva a cabo en una zona de unos 7.200 metros cuadrados, ubicados en suelo de protecci\u00f3n especial. En una primera fase se han construido tres nuevas piscinas, de agua termal y fr\u00eda, y un edificio con cerramiento frontal acristalado para proteger los antiguos ba\u00f1os, unas pozas de gran valor hist\u00f3rico que podr\u00e1n visitarse.<\/p>\n<p>Para ello, ha sido necesario realizar trabajos arqueol\u00f3gicos muy complejos, con excavaciones que han dejado al descubierto silos y restos de una villa romana. Todos esos vestigios quedar\u00e1n integrados y a la vista del p\u00fablico, en una serie de paseos peatonales al aire libre, rodeados de jardines.<\/p>\n<p>La actuaci\u00f3n ha supuesto una inversi\u00f3n que ronda los 262.000 mil euros, de los que el 60 por ciento han sido aportados por la Junta de Andaluc\u00eda, a trav\u00e9s de una subvenci\u00f3n a la Asociaci\u00f3n Termalismo de Andaluc\u00eda. El proyecto se incluye en la \u00abIniciativa de Turismo Sostenible Villas Termales de Andaluc\u00eda\u00bb, cuyo objetivo es que los municipios termales, como \u00e9ste, mejoren su competitividad tur\u00edstica y potencien sus recursos termales. El 40 por ciento restante ha sido aportado por el Ayuntamiento de La Malah\u00e1, con ayuda del Plan de Fomento de Empleo Agrario (PFEA).<\/p>\n<p>A partir del mes de octubre y hasta el pr\u00f3ximo verano se realizar\u00e1 una segunda fase, destinada a poner en marcha una zona de \u00abInterpretaci\u00f3n del agua\u00bb. El visitante podr\u00e1 realizar un paseo tur\u00edstico que conectar\u00eda la zona de restos arqueol\u00f3gicos, que acaba de ser recuperada, con el Camino Viejo de la Vega. El proyecto incorporar\u00e1 al recorrido interpretativo las milenarias salinas a\u00fan activas, y se\u00f1a de identidad del municipio, adem\u00e1s de antiguos abrevaderos y acequias isl\u00e1micas.<\/p>\n<p>Tambi\u00e9n quedar\u00eda integrada la piscina termal municipal, que retoma su actividad el pr\u00f3ximo d\u00eda 23 de junio y estar\u00e1 abierta durante toda la temporada estival. En ella se puede disfrutar de un ba\u00f1o en agua termal sulfatada, c\u00e1lcica y magn\u00e9sica, indicada para tratar afecciones del aparato locomotor y enfermedades de la piel. El bono individual mensual cuesta 30 euros y el familiar 70.<\/p>\n<h2 class=\"ladillo\">EL ANTIGUO BALNEARIO<\/h2>\n<p>La utilizaci\u00f3n de las aguas de La Malah\u00e1 con fines terap\u00e9uticos es muy remota. La Villa tiene su origen en un asentamiento griego. Los romanos la llamaron &#8216;Misarza&#8217;, que quiere decir \u00abalivio de los dolientes\u00bb y fundaron un balneario que contaba con un gran aljibe, cuya capacidad era de 16.000 arrobas de agua.<\/p>\n<p>En la Edad Media la actividad termal decae. Es a comienzos del siglo diecinueve cuando la Villa vuelve a recuperar el esplendor de tiempos pasados. Llegaron a darse cita m\u00e1s de 1.600 personas en sus instalaciones termales, mientras que la poblaci\u00f3n local no superaba las 300 personas.<\/p>\n<p>El peri\u00f3dico La Gaceta de Madrid publicaba en 1870 una relaci\u00f3n de balnearios de todo el pa\u00eds con aguas declaradas de utilidad p\u00fablica. Destacaba entonces que el de La Malah\u00e1 era uno de los m\u00e1s relevantes, con una media de 600 visitas diarias. El coche de &#8216;Los Ba\u00f1os&#8217; sal\u00eda cada ma\u00f1ana temprano desde Granada capital, con viajeros dispuestos a tomar las aguas. Es famosa la m\u00e1xima que pronunci\u00f3 una ba\u00f1ista agradecida en 1848: \u00abAqu\u00ed no se padece, aqu\u00ed la vida es dulce\u00bb. La Guerra Civil oblig\u00f3 al cierre y ya no volvi\u00f3 a recuperar su fama anterior.<\/p>\n","protected":false},"excerpt":{"rendered":"<p>El Ayuntamiento de La Malah\u00e1 (Granada) ha puesto en marcha un proyecto para preservar los restos arqueol\u00f3gicos, de \u00e9poca \u00edbera y romana, de sus antiguas termas y ampliar y recuperar su zona termal al aire libre. Seg\u00fan ha informado en un comunicado la Asociaci\u00f3n Termalismo de Andaluc\u00eda, las aguas termales de La Malah\u00e1 ya eran<\/p>\n","protected":false},"author":1,"featured_media":78374,"comment_status":"open","ping_status":"closed","sticky":false,"template":"","format":"standard","meta":{"footnotes":""},"categories":[224],"tags":[],"class_list":{"0":"post-78373","1":"post","2":"type-post","3":"status-publish","4":"format-standard","5":"has-post-thumbnail","7":"category-noticias-actualidad"},"aioseo_notices":[],"aioseo_head":"\n\t\t<!-- All in One SEO Pro 4.9.6.1 - aioseo.com -->\n\t<meta name=\"description\" content=\"El Ayuntamiento de La Malah\u00e1 (Granada) ha puesto en marcha un proyecto para preservar los restos arqueol\u00f3gicos, de \u00e9poca \u00edbera y romana, de sus antiguas termas y ampliar y recuperar su zona termal al aire libre. Seg\u00fan ha informado en un comunicado la Asociaci\u00f3n Termalismo de Andaluc\u00eda, las aguas termales de La Malah\u00e1 ya eran\" \/>\n\t<meta name=\"robots\" content=\"max-image-preview:large\" \/>\n\t<meta name=\"author\" content=\"admin\"\/>\n\t<meta name=\"google-site-verification\" content=\"UA-38556648-1\" \/>\n\t<meta name=\"keywords\" content=\"noticias y actualidad\" \/>\n\t<link rel=\"canonical\" href=\"https:\/\/eldigitaldeasturias.com\/magazine365\/la-malaha-granada-amplia-sus-zonas-y-recupera-unas-antiguas-termas-romanas\/\" \/>\n\t<meta name=\"generator\" content=\"All in One SEO Pro (AIOSEO) 4.9.6.1\" \/>\n\t\t<meta property=\"og:locale\" content=\"es_ES\" \/>\n\t\t<meta property=\"og:site_name\" content=\"El Digital de Asturias \u2013 Revista de ocio, turismo y estilo de vida\" \/>\n\t\t<meta property=\"og:type\" content=\"article\" \/>\n\t\t<meta property=\"og:title\" content=\"La Malah\u00e1 (Granada) ampl\u00eda sus zonas y recupera unas antiguas termas romanas | El Digital de Asturias\" \/>\n\t\t<meta property=\"og:description\" content=\"El Ayuntamiento de La Malah\u00e1 (Granada) ha puesto en marcha un proyecto para preservar los restos arqueol\u00f3gicos, de \u00e9poca \u00edbera y romana, de sus antiguas termas y ampliar y recuperar su zona termal al aire libre. Seg\u00fan ha informado en un comunicado la Asociaci\u00f3n Termalismo de Andaluc\u00eda, las aguas termales de La Malah\u00e1 ya eran\" \/>\n\t\t<meta property=\"og:url\" content=\"https:\/\/eldigitaldeasturias.com\/magazine365\/la-malaha-granada-amplia-sus-zonas-y-recupera-unas-antiguas-termas-romanas\/\" \/>\n\t\t<meta property=\"og:image\" content=\"https:\/\/eldigitaldeasturias.com\/magazine365\/wp-content\/uploads\/2016\/06\/fotonoticia_20160608191229_800.jpg\" \/>\n\t\t<meta property=\"og:image:secure_url\" content=\"https:\/\/eldigitaldeasturias.com\/magazine365\/wp-content\/uploads\/2016\/06\/fotonoticia_20160608191229_800.jpg\" \/>\n\t\t<meta property=\"og:image:width\" content=\"800\" \/>\n\t\t<meta property=\"og:image:height\" content=\"536\" \/>\n\t\t<meta property=\"article:published_time\" content=\"2016-06-08T19:19:55+00:00\" \/>\n\t\t<meta property=\"article:modified_time\" content=\"2016-06-08T19:19:55+00:00\" \/>\n\t\t<meta name=\"twitter:card\" content=\"summary_large_image\" \/>\n\t\t<meta name=\"twitter:title\" content=\"La Malah\u00e1 (Granada) ampl\u00eda sus zonas y recupera unas antiguas termas romanas | El Digital de Asturias\" \/>\n\t\t<meta name=\"twitter:description\" content=\"El Ayuntamiento de La Malah\u00e1 (Granada) ha puesto en marcha un proyecto para preservar los restos arqueol\u00f3gicos, de \u00e9poca \u00edbera y romana, de sus antiguas termas y ampliar y recuperar su zona termal al aire libre. Seg\u00fan ha informado en un comunicado la Asociaci\u00f3n Termalismo de Andaluc\u00eda, las aguas termales de La Malah\u00e1 ya eran\" \/>\n\t\t<meta name=\"twitter:image\" content=\"https:\/\/eldigitaldeasturias.com\/magazine365\/wp-content\/uploads\/2016\/06\/fotonoticia_20160608191229_800.jpg\" \/>\n\t\t<script type=\"application\/ld+json\" class=\"aioseo-schema\">\n\t\t\t{\"@context\":\"https:\\\/\\\/schema.org\",\"@graph\":[{\"@type\":\"Article\",\"@id\":\"https:\\\/\\\/eldigitaldeasturias.com\\\/magazine365\\\/la-malaha-granada-amplia-sus-zonas-y-recupera-unas-antiguas-termas-romanas\\\/#article\",\"name\":\"La Malah\\u00e1 (Granada) ampl\\u00eda sus zonas y recupera unas antiguas termas romanas | El Digital de Asturias\",\"headline\":\"La Malah\\u00e1 (Granada) ampl\\u00eda sus zonas y recupera unas antiguas termas romanas\",\"author\":{\"@id\":\"https:\\\/\\\/eldigitaldeasturias.com\\\/magazine365\\\/author\\\/admin\\\/#author\"},\"publisher\":{\"@id\":\"https:\\\/\\\/eldigitaldeasturias.com\\\/magazine365\\\/#organization\"},\"image\":{\"@type\":\"ImageObject\",\"url\":\"https:\\\/\\\/eldigitaldeasturias.com\\\/magazine365\\\/wp-content\\\/uploads\\\/2016\\\/06\\\/fotonoticia_20160608191229_800.jpg\",\"width\":800,\"height\":536},\"datePublished\":\"2016-06-08T21:19:55+02:00\",\"dateModified\":\"2016-06-08T21:19:55+02:00\",\"inLanguage\":\"es-ES\",\"mainEntityOfPage\":{\"@id\":\"https:\\\/\\\/eldigitaldeasturias.com\\\/magazine365\\\/la-malaha-granada-amplia-sus-zonas-y-recupera-unas-antiguas-termas-romanas\\\/#webpage\"},\"isPartOf\":{\"@id\":\"https:\\\/\\\/eldigitaldeasturias.com\\\/magazine365\\\/la-malaha-granada-amplia-sus-zonas-y-recupera-unas-antiguas-termas-romanas\\\/#webpage\"},\"articleSection\":\"Noticias y Actualidad\"},{\"@type\":\"BreadcrumbList\",\"@id\":\"https:\\\/\\\/eldigitaldeasturias.com\\\/magazine365\\\/la-malaha-granada-amplia-sus-zonas-y-recupera-unas-antiguas-termas-romanas\\\/#breadcrumblist\",\"itemListElement\":[{\"@type\":\"ListItem\",\"@id\":\"https:\\\/\\\/eldigitaldeasturias.com\\\/magazine365#listItem\",\"position\":1,\"name\":\"Home\",\"item\":\"https:\\\/\\\/eldigitaldeasturias.com\\\/magazine365\",\"nextItem\":{\"@type\":\"ListItem\",\"@id\":\"https:\\\/\\\/eldigitaldeasturias.com\\\/magazine365\\\/category\\\/noticias-actualidad\\\/#listItem\",\"name\":\"Noticias y Actualidad\"}},{\"@type\":\"ListItem\",\"@id\":\"https:\\\/\\\/eldigitaldeasturias.com\\\/magazine365\\\/category\\\/noticias-actualidad\\\/#listItem\",\"position\":2,\"name\":\"Noticias y Actualidad\",\"item\":\"https:\\\/\\\/eldigitaldeasturias.com\\\/magazine365\\\/category\\\/noticias-actualidad\\\/\",\"nextItem\":{\"@type\":\"ListItem\",\"@id\":\"https:\\\/\\\/eldigitaldeasturias.com\\\/magazine365\\\/la-malaha-granada-amplia-sus-zonas-y-recupera-unas-antiguas-termas-romanas\\\/#listItem\",\"name\":\"La Malah\\u00e1 (Granada) ampl\\u00eda sus zonas y recupera unas antiguas termas romanas\"},\"previousItem\":{\"@type\":\"ListItem\",\"@id\":\"https:\\\/\\\/eldigitaldeasturias.com\\\/magazine365#listItem\",\"name\":\"Home\"}},{\"@type\":\"ListItem\",\"@id\":\"https:\\\/\\\/eldigitaldeasturias.com\\\/magazine365\\\/la-malaha-granada-amplia-sus-zonas-y-recupera-unas-antiguas-termas-romanas\\\/#listItem\",\"position\":3,\"name\":\"La Malah\\u00e1 (Granada) ampl\\u00eda sus zonas y recupera unas antiguas termas romanas\",\"previousItem\":{\"@type\":\"ListItem\",\"@id\":\"https:\\\/\\\/eldigitaldeasturias.com\\\/magazine365\\\/category\\\/noticias-actualidad\\\/#listItem\",\"name\":\"Noticias y Actualidad\"}}]},{\"@type\":\"Organization\",\"@id\":\"https:\\\/\\\/eldigitaldeasturias.com\\\/magazine365\\\/#organization\",\"name\":\"El digital de Asturias\",\"description\":\"Revista de ocio, turismo y estilo de vida\",\"url\":\"https:\\\/\\\/eldigitaldeasturias.com\\\/magazine365\\\/\",\"logo\":{\"@type\":\"ImageObject\",\"url\":\"https:\\\/\\\/www.eldigitaldeasturias.com\\\/noticias\\\/wp-content\\\/uploads\\\/2020\\\/12\\\/EDA.jpg\",\"@id\":\"https:\\\/\\\/eldigitaldeasturias.com\\\/magazine365\\\/la-malaha-granada-amplia-sus-zonas-y-recupera-unas-antiguas-termas-romanas\\\/#organizationLogo\"},\"image\":{\"@id\":\"https:\\\/\\\/eldigitaldeasturias.com\\\/magazine365\\\/la-malaha-granada-amplia-sus-zonas-y-recupera-unas-antiguas-termas-romanas\\\/#organizationLogo\"}},{\"@type\":\"Person\",\"@id\":\"https:\\\/\\\/eldigitaldeasturias.com\\\/magazine365\\\/author\\\/admin\\\/#author\",\"url\":\"https:\\\/\\\/eldigitaldeasturias.com\\\/magazine365\\\/author\\\/admin\\\/\",\"name\":\"admin\",\"image\":{\"@type\":\"ImageObject\",\"@id\":\"https:\\\/\\\/eldigitaldeasturias.com\\\/magazine365\\\/la-malaha-granada-amplia-sus-zonas-y-recupera-unas-antiguas-termas-romanas\\\/#authorImage\",\"url\":\"https:\\\/\\\/eldigitaldeasturias.com\\\/magazine365\\\/wp-content\\\/litespeed\\\/avatar\\\/e571bcf59a0edd6fa6838245a470f2fe.jpg?ver=1776969259\",\"width\":96,\"height\":96,\"caption\":\"admin\"}},{\"@type\":\"WebPage\",\"@id\":\"https:\\\/\\\/eldigitaldeasturias.com\\\/magazine365\\\/la-malaha-granada-amplia-sus-zonas-y-recupera-unas-antiguas-termas-romanas\\\/#webpage\",\"url\":\"https:\\\/\\\/eldigitaldeasturias.com\\\/magazine365\\\/la-malaha-granada-amplia-sus-zonas-y-recupera-unas-antiguas-termas-romanas\\\/\",\"name\":\"La Malah\\u00e1 (Granada) ampl\\u00eda sus zonas y recupera unas antiguas termas romanas | El Digital de Asturias\",\"description\":\"El Ayuntamiento de La Malah\\u00e1 (Granada) ha puesto en marcha un proyecto para preservar los restos arqueol\\u00f3gicos, de \\u00e9poca \\u00edbera y romana, de sus antiguas termas y ampliar y recuperar su zona termal al aire libre. Seg\\u00fan ha informado en un comunicado la Asociaci\\u00f3n Termalismo de Andaluc\\u00eda, las aguas termales de La Malah\\u00e1 ya eran\",\"inLanguage\":\"es-ES\",\"isPartOf\":{\"@id\":\"https:\\\/\\\/eldigitaldeasturias.com\\\/magazine365\\\/#website\"},\"breadcrumb\":{\"@id\":\"https:\\\/\\\/eldigitaldeasturias.com\\\/magazine365\\\/la-malaha-granada-amplia-sus-zonas-y-recupera-unas-antiguas-termas-romanas\\\/#breadcrumblist\"},\"author\":{\"@id\":\"https:\\\/\\\/eldigitaldeasturias.com\\\/magazine365\\\/author\\\/admin\\\/#author\"},\"creator\":{\"@id\":\"https:\\\/\\\/eldigitaldeasturias.com\\\/magazine365\\\/author\\\/admin\\\/#author\"},\"image\":{\"@type\":\"ImageObject\",\"url\":\"https:\\\/\\\/eldigitaldeasturias.com\\\/magazine365\\\/wp-content\\\/uploads\\\/2016\\\/06\\\/fotonoticia_20160608191229_800.jpg\",\"@id\":\"https:\\\/\\\/eldigitaldeasturias.com\\\/magazine365\\\/la-malaha-granada-amplia-sus-zonas-y-recupera-unas-antiguas-termas-romanas\\\/#mainImage\",\"width\":800,\"height\":536},\"primaryImageOfPage\":{\"@id\":\"https:\\\/\\\/eldigitaldeasturias.com\\\/magazine365\\\/la-malaha-granada-amplia-sus-zonas-y-recupera-unas-antiguas-termas-romanas\\\/#mainImage\"},\"datePublished\":\"2016-06-08T21:19:55+02:00\",\"dateModified\":\"2016-06-08T21:19:55+02:00\"},{\"@type\":\"WebSite\",\"@id\":\"https:\\\/\\\/eldigitaldeasturias.com\\\/magazine365\\\/#website\",\"url\":\"https:\\\/\\\/eldigitaldeasturias.com\\\/magazine365\\\/\",\"name\":\"El Digital de Asturias\",\"description\":\"Revista de ocio, turismo y estilo de vida\",\"inLanguage\":\"es-ES\",\"publisher\":{\"@id\":\"https:\\\/\\\/eldigitaldeasturias.com\\\/magazine365\\\/#organization\"}}]}\n\t\t<\/script>\n\t\t<!-- All in One SEO Pro -->\r\n\t\t<title>La Malah\u00e1 (Granada) ampl\u00eda sus zonas y recupera unas antiguas termas romanas | El Digital de Asturias<\/title>\n\n","aioseo_head_json":{"title":"La Malah\u00e1 (Granada) ampl\u00eda sus zonas y recupera unas antiguas termas romanas | El Digital de Asturias","description":"El Ayuntamiento de La Malah\u00e1 (Granada) ha puesto en marcha un proyecto para preservar los restos arqueol\u00f3gicos, de \u00e9poca \u00edbera y romana, de sus antiguas termas y ampliar y recuperar su zona termal al aire libre. Seg\u00fan ha informado en un comunicado la Asociaci\u00f3n Termalismo de Andaluc\u00eda, las aguas termales de La Malah\u00e1 ya eran","canonical_url":"https:\/\/eldigitaldeasturias.com\/magazine365\/la-malaha-granada-amplia-sus-zonas-y-recupera-unas-antiguas-termas-romanas\/","robots":"max-image-preview:large","keywords":"noticias y actualidad","webmasterTools":{"google-site-verification":"UA-38556648-1","miscellaneous":""},"schema":{"@context":"https:\/\/schema.org","@graph":[{"@type":"Article","@id":"https:\/\/eldigitaldeasturias.com\/magazine365\/la-malaha-granada-amplia-sus-zonas-y-recupera-unas-antiguas-termas-romanas\/#article","name":"La Malah\u00e1 (Granada) ampl\u00eda sus zonas y recupera unas antiguas termas romanas | El Digital de Asturias","headline":"La Malah\u00e1 (Granada) ampl\u00eda sus zonas y recupera unas antiguas termas romanas","author":{"@id":"https:\/\/eldigitaldeasturias.com\/magazine365\/author\/admin\/#author"},"publisher":{"@id":"https:\/\/eldigitaldeasturias.com\/magazine365\/#organization"},"image":{"@type":"ImageObject","url":"https:\/\/eldigitaldeasturias.com\/magazine365\/wp-content\/uploads\/2016\/06\/fotonoticia_20160608191229_800.jpg","width":800,"height":536},"datePublished":"2016-06-08T21:19:55+02:00","dateModified":"2016-06-08T21:19:55+02:00","inLanguage":"es-ES","mainEntityOfPage":{"@id":"https:\/\/eldigitaldeasturias.com\/magazine365\/la-malaha-granada-amplia-sus-zonas-y-recupera-unas-antiguas-termas-romanas\/#webpage"},"isPartOf":{"@id":"https:\/\/eldigitaldeasturias.com\/magazine365\/la-malaha-granada-amplia-sus-zonas-y-recupera-unas-antiguas-termas-romanas\/#webpage"},"articleSection":"Noticias y Actualidad"},{"@type":"BreadcrumbList","@id":"https:\/\/eldigitaldeasturias.com\/magazine365\/la-malaha-granada-amplia-sus-zonas-y-recupera-unas-antiguas-termas-romanas\/#breadcrumblist","itemListElement":[{"@type":"ListItem","@id":"https:\/\/eldigitaldeasturias.com\/magazine365#listItem","position":1,"name":"Home","item":"https:\/\/eldigitaldeasturias.com\/magazine365","nextItem":{"@type":"ListItem","@id":"https:\/\/eldigitaldeasturias.com\/magazine365\/category\/noticias-actualidad\/#listItem","name":"Noticias y Actualidad"}},{"@type":"ListItem","@id":"https:\/\/eldigitaldeasturias.com\/magazine365\/category\/noticias-actualidad\/#listItem","position":2,"name":"Noticias y Actualidad","item":"https:\/\/eldigitaldeasturias.com\/magazine365\/category\/noticias-actualidad\/","nextItem":{"@type":"ListItem","@id":"https:\/\/eldigitaldeasturias.com\/magazine365\/la-malaha-granada-amplia-sus-zonas-y-recupera-unas-antiguas-termas-romanas\/#listItem","name":"La Malah\u00e1 (Granada) ampl\u00eda sus zonas y recupera unas antiguas termas romanas"},"previousItem":{"@type":"ListItem","@id":"https:\/\/eldigitaldeasturias.com\/magazine365#listItem","name":"Home"}},{"@type":"ListItem","@id":"https:\/\/eldigitaldeasturias.com\/magazine365\/la-malaha-granada-amplia-sus-zonas-y-recupera-unas-antiguas-termas-romanas\/#listItem","position":3,"name":"La Malah\u00e1 (Granada) ampl\u00eda sus zonas y recupera unas antiguas termas romanas","previousItem":{"@type":"ListItem","@id":"https:\/\/eldigitaldeasturias.com\/magazine365\/category\/noticias-actualidad\/#listItem","name":"Noticias y Actualidad"}}]},{"@type":"Organization","@id":"https:\/\/eldigitaldeasturias.com\/magazine365\/#organization","name":"El digital de Asturias","description":"Revista de ocio, turismo y estilo de vida","url":"https:\/\/eldigitaldeasturias.com\/magazine365\/","logo":{"@type":"ImageObject","url":"https:\/\/www.eldigitaldeasturias.com\/noticias\/wp-content\/uploads\/2020\/12\/EDA.jpg","@id":"https:\/\/eldigitaldeasturias.com\/magazine365\/la-malaha-granada-amplia-sus-zonas-y-recupera-unas-antiguas-termas-romanas\/#organizationLogo"},"image":{"@id":"https:\/\/eldigitaldeasturias.com\/magazine365\/la-malaha-granada-amplia-sus-zonas-y-recupera-unas-antiguas-termas-romanas\/#organizationLogo"}},{"@type":"Person","@id":"https:\/\/eldigitaldeasturias.com\/magazine365\/author\/admin\/#author","url":"https:\/\/eldigitaldeasturias.com\/magazine365\/author\/admin\/","name":"admin","image":{"@type":"ImageObject","@id":"https:\/\/eldigitaldeasturias.com\/magazine365\/la-malaha-granada-amplia-sus-zonas-y-recupera-unas-antiguas-termas-romanas\/#authorImage","url":"https:\/\/eldigitaldeasturias.com\/magazine365\/wp-content\/litespeed\/avatar\/e571bcf59a0edd6fa6838245a470f2fe.jpg?ver=1776969259","width":96,"height":96,"caption":"admin"}},{"@type":"WebPage","@id":"https:\/\/eldigitaldeasturias.com\/magazine365\/la-malaha-granada-amplia-sus-zonas-y-recupera-unas-antiguas-termas-romanas\/#webpage","url":"https:\/\/eldigitaldeasturias.com\/magazine365\/la-malaha-granada-amplia-sus-zonas-y-recupera-unas-antiguas-termas-romanas\/","name":"La Malah\u00e1 (Granada) ampl\u00eda sus zonas y recupera unas antiguas termas romanas | El Digital de Asturias","description":"El Ayuntamiento de La Malah\u00e1 (Granada) ha puesto en marcha un proyecto para preservar los restos arqueol\u00f3gicos, de \u00e9poca \u00edbera y romana, de sus antiguas termas y ampliar y recuperar su zona termal al aire libre. Seg\u00fan ha informado en un comunicado la Asociaci\u00f3n Termalismo de Andaluc\u00eda, las aguas termales de La Malah\u00e1 ya eran","inLanguage":"es-ES","isPartOf":{"@id":"https:\/\/eldigitaldeasturias.com\/magazine365\/#website"},"breadcrumb":{"@id":"https:\/\/eldigitaldeasturias.com\/magazine365\/la-malaha-granada-amplia-sus-zonas-y-recupera-unas-antiguas-termas-romanas\/#breadcrumblist"},"author":{"@id":"https:\/\/eldigitaldeasturias.com\/magazine365\/author\/admin\/#author"},"creator":{"@id":"https:\/\/eldigitaldeasturias.com\/magazine365\/author\/admin\/#author"},"image":{"@type":"ImageObject","url":"https:\/\/eldigitaldeasturias.com\/magazine365\/wp-content\/uploads\/2016\/06\/fotonoticia_20160608191229_800.jpg","@id":"https:\/\/eldigitaldeasturias.com\/magazine365\/la-malaha-granada-amplia-sus-zonas-y-recupera-unas-antiguas-termas-romanas\/#mainImage","width":800,"height":536},"primaryImageOfPage":{"@id":"https:\/\/eldigitaldeasturias.com\/magazine365\/la-malaha-granada-amplia-sus-zonas-y-recupera-unas-antiguas-termas-romanas\/#mainImage"},"datePublished":"2016-06-08T21:19:55+02:00","dateModified":"2016-06-08T21:19:55+02:00"},{"@type":"WebSite","@id":"https:\/\/eldigitaldeasturias.com\/magazine365\/#website","url":"https:\/\/eldigitaldeasturias.com\/magazine365\/","name":"El Digital de Asturias","description":"Revista de ocio, turismo y estilo de vida","inLanguage":"es-ES","publisher":{"@id":"https:\/\/eldigitaldeasturias.com\/magazine365\/#organization"}}]},"og:locale":"es_ES","og:site_name":"El Digital de Asturias \u2013 Revista de ocio, turismo y estilo de vida","og:type":"article","og:title":"La Malah\u00e1 (Granada) ampl\u00eda sus zonas y recupera unas antiguas termas romanas | El Digital de Asturias","og:description":"El Ayuntamiento de La Malah\u00e1 (Granada) ha puesto en marcha un proyecto para preservar los restos arqueol\u00f3gicos, de \u00e9poca \u00edbera y romana, de sus antiguas termas y ampliar y recuperar su zona termal al aire libre. Seg\u00fan ha informado en un comunicado la Asociaci\u00f3n Termalismo de Andaluc\u00eda, las aguas termales de La Malah\u00e1 ya eran","og:url":"https:\/\/eldigitaldeasturias.com\/magazine365\/la-malaha-granada-amplia-sus-zonas-y-recupera-unas-antiguas-termas-romanas\/","og:image":"https:\/\/eldigitaldeasturias.com\/magazine365\/wp-content\/uploads\/2016\/06\/fotonoticia_20160608191229_800.jpg","og:image:secure_url":"https:\/\/eldigitaldeasturias.com\/magazine365\/wp-content\/uploads\/2016\/06\/fotonoticia_20160608191229_800.jpg","og:image:width":800,"og:image:height":536,"article:published_time":"2016-06-08T19:19:55+00:00","article:modified_time":"2016-06-08T19:19:55+00:00","twitter:card":"summary_large_image","twitter:title":"La Malah\u00e1 (Granada) ampl\u00eda sus zonas y recupera unas antiguas termas romanas | El Digital de Asturias","twitter:description":"El Ayuntamiento de La Malah\u00e1 (Granada) ha puesto en marcha un proyecto para preservar los restos arqueol\u00f3gicos, de \u00e9poca \u00edbera y romana, de sus antiguas termas y ampliar y recuperar su zona termal al aire libre. Seg\u00fan ha informado en un comunicado la Asociaci\u00f3n Termalismo de Andaluc\u00eda, las aguas termales de La Malah\u00e1 ya eran","twitter:image":"https:\/\/eldigitaldeasturias.com\/magazine365\/wp-content\/uploads\/2016\/06\/fotonoticia_20160608191229_800.jpg"},"aioseo_meta_data":{"post_id":"78373","title":null,"description":null,"keywords":null,"keyphrases":null,"primary_term":null,"canonical_url":null,"og_title":null,"og_description":null,"og_object_type":"default","og_image_type":"default","og_image_url":null,"og_image_width":null,"og_image_height":null,"og_image_custom_url":null,"og_image_custom_fields":null,"og_video":null,"og_custom_url":null,"og_article_section":null,"og_article_tags":null,"twitter_use_og":false,"twitter_card":"default","twitter_image_type":"default","twitter_image_url":null,"twitter_image_custom_url":null,"twitter_image_custom_fields":null,"twitter_title":null,"twitter_description":null,"schema":{"blockGraphs":[],"customGraphs":[],"default":{"data":{"Article":[],"Course":[],"Dataset":[],"FAQPage":[],"Movie":[],"Person":[],"Product":[],"ProductReview":[],"Car":[],"Recipe":[],"Service":[],"SoftwareApplication":[],"WebPage":[]},"graphName":"","isEnabled":true},"graphs":[],"defaultGraph":"","defaultPostTypeGraph":""},"schema_type":null,"schema_type_options":null,"pillar_content":false,"robots_default":true,"robots_noindex":false,"robots_noarchive":false,"robots_nosnippet":false,"robots_nofollow":false,"robots_noimageindex":false,"robots_noodp":false,"robots_notranslate":false,"robots_max_snippet":null,"robots_max_videopreview":null,"robots_max_imagepreview":"large","priority":null,"frequency":null,"location":null,"local_seo":null,"seo_analyzer_scan_date":"2025-09-27 16:50:19","breadcrumb_settings":null,"limit_modified_date":false,"open_ai":null,"ai":null,"created":"2021-03-08 18:02:11","updated":"2025-09-27 16:50:19"},"aioseo_breadcrumb":"<div class=\"aioseo-breadcrumbs\"><span class=\"aioseo-breadcrumb\">\n\t<a href=\"https:\/\/eldigitaldeasturias.com\/magazine365\" title=\"Home\">Home<\/a>\n<\/span><span class=\"aioseo-breadcrumb-separator\">\u2013<\/span><span class=\"aioseo-breadcrumb\">\n\t<a href=\"https:\/\/eldigitaldeasturias.com\/magazine365\/category\/noticias-actualidad\/\" title=\"Noticias y Actualidad\">Noticias y Actualidad<\/a>\n<\/span><span class=\"aioseo-breadcrumb-separator\">\u2013<\/span><span class=\"aioseo-breadcrumb\">\n\t<a href=\"https:\/\/eldigitaldeasturias.com\/magazine365\/la-malaha-granada-amplia-sus-zonas-y-recupera-unas-antiguas-termas-romanas\/\" title=\"La Malah\u00e1 (Granada) ampl\u00eda sus zonas y recupera unas antiguas termas romanas\">La Malah\u00e1 (Granada) ampl\u00eda sus zonas y recupera unas antiguas termas romanas<\/a>\n<\/span><\/div>","aioseo_breadcrumb_json":[{"label":"Home","link":"https:\/\/eldigitaldeasturias.com\/magazine365"},{"label":"Noticias y Actualidad","link":"https:\/\/eldigitaldeasturias.com\/magazine365\/category\/noticias-actualidad\/"},{"label":"La Malah\u00e1 (Granada) ampl\u00eda sus zonas y recupera unas antiguas termas romanas","link":"https:\/\/eldigitaldeasturias.com\/magazine365\/la-malaha-granada-amplia-sus-zonas-y-recupera-unas-antiguas-termas-romanas\/"}],"_links":{"self":[{"href":"https:\/\/eldigitaldeasturias.com\/magazine365\/wp-json\/wp\/v2\/posts\/78373","targetHints":{"allow":["GET"]}}],"collection":[{"href":"https:\/\/eldigitaldeasturias.com\/magazine365\/wp-json\/wp\/v2\/posts"}],"about":[{"href":"https:\/\/eldigitaldeasturias.com\/magazine365\/wp-json\/wp\/v2\/types\/post"}],"author":[{"embeddable":true,"href":"https:\/\/eldigitaldeasturias.com\/magazine365\/wp-json\/wp\/v2\/users\/1"}],"replies":[{"embeddable":true,"href":"https:\/\/eldigitaldeasturias.com\/magazine365\/wp-json\/wp\/v2\/comments?post=78373"}],"version-history":[{"count":0,"href":"https:\/\/eldigitaldeasturias.com\/magazine365\/wp-json\/wp\/v2\/posts\/78373\/revisions"}],"wp:featuredmedia":[{"embeddable":true,"href":"https:\/\/eldigitaldeasturias.com\/magazine365\/wp-json\/wp\/v2\/media\/78374"}],"wp:attachment":[{"href":"https:\/\/eldigitaldeasturias.com\/magazine365\/wp-json\/wp\/v2\/media?parent=78373"}],"wp:term":[{"taxonomy":"category","embeddable":true,"href":"https:\/\/eldigitaldeasturias.com\/magazine365\/wp-json\/wp\/v2\/categories?post=78373"},{"taxonomy":"post_tag","embeddable":true,"href":"https:\/\/eldigitaldeasturias.com\/magazine365\/wp-json\/wp\/v2\/tags?post=78373"}],"curies":[{"name":"wp","href":"https:\/\/api.w.org\/{rel}","templated":true}]}}