{"id":78366,"date":"2016-06-08T21:16:47","date_gmt":"2016-06-08T19:16:47","guid":{"rendered":"http:\/\/eldigitaldeasturias.com\/magazine365\/?p=78366"},"modified":"2016-06-08T21:16:47","modified_gmt":"2016-06-08T19:16:47","slug":"exsecretaria-de-turismo-justifica-el-pago-del-canon-de-la-f1-por-proyeccion-de-la-marca-comunitat-valenciana","status":"publish","type":"post","link":"https:\/\/eldigitaldeasturias.com\/magazine365\/exsecretaria-de-turismo-justifica-el-pago-del-canon-de-la-f1-por-proyeccion-de-la-marca-comunitat-valenciana\/","title":{"rendered":"Exsecretaria de Turismo justifica el pago del canon de la F1 por \u00abproyecci\u00f3n de la marca Comunitat Valenciana\u00bb"},"content":{"rendered":"<p><img fetchpriority=\"high\" decoding=\"async\" class=\"alignleft size-medium wp-image-78367\" src=\"https:\/\/eldigitaldeasturias.com\/magazine365\/wp-content\/uploads\/2016\/06\/fotonoticia_20160608191148_800-360x197.jpg\" alt=\"fotonoticia_20160608191148_800\" width=\"360\" height=\"197\" srcset=\"https:\/\/eldigitaldeasturias.com\/magazine365\/wp-content\/uploads\/2016\/06\/fotonoticia_20160608191148_800-360x197.jpg 360w, https:\/\/eldigitaldeasturias.com\/magazine365\/wp-content\/uploads\/2016\/06\/fotonoticia_20160608191148_800-650x356.jpg 650w, https:\/\/eldigitaldeasturias.com\/magazine365\/wp-content\/uploads\/2016\/06\/fotonoticia_20160608191148_800-768x420.jpg 768w, https:\/\/eldigitaldeasturias.com\/magazine365\/wp-content\/uploads\/2016\/06\/fotonoticia_20160608191148_800-150x82.jpg 150w, https:\/\/eldigitaldeasturias.com\/magazine365\/wp-content\/uploads\/2016\/06\/fotonoticia_20160608191148_800-450x246.jpg 450w, https:\/\/eldigitaldeasturias.com\/magazine365\/wp-content\/uploads\/2016\/06\/fotonoticia_20160608191148_800.jpg 800w\" sizes=\"(max-width: 360px) 100vw, 360px\" \/>La exsecretaria auton\u00f3mica de Turismo Victoria Palau ha justificado este mi\u00e9rcoles, durante su declaraci\u00f3n como testigo en el &#8216;caso Valmor&#8217;, que la Generalitat Valenciana se hiciera cargo del pago del canon que exig\u00eda el patr\u00f3n de la F\u00f3rmula 1, Bernie Ecclestone, por la organizaci\u00f3n del Gran Premio de Valencia. Ha explicado que ten\u00edan estudios que se\u00f1alaban, entre otras cosas, que la carrera serv\u00eda para la \u00abproyecci\u00f3n de la marca Comunitat Valenciana\u00bb, seg\u00fan han informado a Europa Press fuentes conocedoras del proceso.<\/p>\n<p>As\u00ed se ha expresado este mi\u00e9rcoles la ex alto cargo que, por su puesto, tambi\u00e9n era miembro de los consejos de administraci\u00f3n de las sociedades Proyectos Tem\u00e1ticos y Circuito del Motor, en su declaraci\u00f3n como testigo en el &#8216;caso Valmor&#8217;. Tambi\u00e9n han comparecido el ex director general de RTVV, Pedro Garc\u00eda, y el que fuera director de Marketing y Organizaci\u00f3n de la firma investigada, Carlos Moreno Figueroa.<\/p>\n<p>En esta causa se investiga la compra de Valmor &#8211;la firma encargada de la organizaci\u00f3n de la F1 en Valencia&#8211; por parte del Gobierno valenciano, as\u00ed como presuntas irregularidades en la organizaci\u00f3n de las carreras. Est\u00e1n investigados por ello el expresidente de la Generalitat, Francisco Camps; el expiloto Jorge Mart\u00ednez &#8216;Aspar&#8217; y la exconsellera de Turismo, Cultura y Deporte, Lola Johnson.<\/p>\n<p>Palau ha defendido que todas las decisiones del Consejo de Administraci\u00f3n del Circuito \u00abse tomaron con la debida tramitaci\u00f3n\u00bb y ha negado que \u00abnunca\u00bb se les sugiriera o impusiera nada por parte del Consell. \u00abLe\u00eda las actas, estaba de acuerdo y las firmaba\u00bb, ha a\u00f1adido.<\/p>\n<p>Inquirida por la contraprestaci\u00f3n que recibir\u00eda la Generalitat por hacerse cargo del abono del canon del Gran Premio, ha se\u00f1alado que el Gobierno valenciano consegu\u00eda la explotaci\u00f3n de la marca F\u00f3rmula 1 y la proyecci\u00f3n de la Comunitat.<\/p>\n<p>Asimismo, ha explicado que se basaron en estudios elaborados por la Conselleria de Turismo y la Agencia Valenciana de Turismo (AVT), que indicaban los beneficios que pod\u00eda suponer en empleo, inversi\u00f3n extranjera, turismo o, en l\u00ednea con lo antes argumentado, la presencia en los medios de la marca Comunitat Valenciana.<\/p>\n<p>Por su parte, el ex director general de RTVV, que tambi\u00e9n formaba parte del Consejo de Administraci\u00f3n de Circuito del Motor, ha asegurado que no recordaba lo acordado en las reuniones de este \u00f3rgano y que se sum\u00f3 \u00abal voto de la mayor\u00eda\u00bb. Adem\u00e1s, ha dicho no recordar el acuerdo por el que las acusaciones le han preguntado a ambos ex responsables p\u00fablicos, sobre el canon.<\/p>\n<h2 class=\"ladillo\">\u00abOLIVAS PROPUSO A ROIG CREAR VALMOR\u00bb<\/h2>\n<p>Al ex director de Marketing y Organizaci\u00f3n de Valmor le han preguntado por la creaci\u00f3n de esta firma, a lo que ha respondido que la iniciativa fue del expresidente de Bancaja y de la Generalitat, Jos\u00e9 Luis Olivas, que, seg\u00fan ha apuntado, llam\u00f3 al empresario castellonense y posterior accionista de la empresa, Fernando Roig y se lo propuso, con el objetivo de hablar con Bernie Ecclestone para conseguir organizar el Gran Premio de Valencia.<\/p>\n<p>Asimismo, ha sostenido que ambos hablaron de la posibilidad de contar con la participaci\u00f3n del expiloto Jorge Mart\u00ednez &#8216;Aspar&#8217; pero ha atribuido la idea de la fundaci\u00f3n de Valmor a Olivas.<\/p>\n<p>Tambi\u00e9n le han inquirido por la contrataci\u00f3n de las pantallas que se colocaron en el circuito, dado que el ministerio fiscal tiene dudas sobre si la contrataci\u00f3n de \u00e9stas por parte de Circuito del Motor fue dirigida por Valmor, extremo que ha negado. Sobre si ten\u00eda conocimiento de que la firma estuviera endeudada, ha dicho que s\u00ed lo sab\u00eda, seg\u00fan las mismas fuentes.<\/p>\n","protected":false},"excerpt":{"rendered":"<p>La exsecretaria auton\u00f3mica de Turismo Victoria Palau ha justificado este mi\u00e9rcoles, durante su declaraci\u00f3n como testigo en el &#8216;caso Valmor&#8217;, que la Generalitat Valenciana se hiciera cargo del pago del canon que exig\u00eda el patr\u00f3n de la F\u00f3rmula 1, Bernie Ecclestone, por la organizaci\u00f3n del Gran Premio de Valencia. Ha explicado que ten\u00edan estudios que<\/p>\n","protected":false},"author":1,"featured_media":78367,"comment_status":"open","ping_status":"closed","sticky":false,"template":"","format":"standard","meta":{"footnotes":""},"categories":[224],"tags":[],"class_list":{"0":"post-78366","1":"post","2":"type-post","3":"status-publish","4":"format-standard","5":"has-post-thumbnail","7":"category-noticias-actualidad"},"aioseo_notices":[],"aioseo_head":"\n\t\t<!-- All in One SEO Pro 4.9.6.1 - aioseo.com -->\n\t<meta name=\"description\" content=\"La exsecretaria auton\u00f3mica de Turismo Victoria Palau ha justificado este mi\u00e9rcoles, durante su declaraci\u00f3n como testigo en el &#039;caso Valmor&#039;, que la Generalitat Valenciana se hiciera cargo del pago del canon que exig\u00eda el patr\u00f3n de la F\u00f3rmula 1, Bernie Ecclestone, por la organizaci\u00f3n del Gran Premio de Valencia. Ha explicado que ten\u00edan estudios que\" \/>\n\t<meta name=\"robots\" content=\"max-image-preview:large\" \/>\n\t<meta name=\"author\" content=\"admin\"\/>\n\t<meta name=\"google-site-verification\" content=\"UA-38556648-1\" \/>\n\t<meta name=\"keywords\" content=\"noticias y actualidad\" \/>\n\t<link rel=\"canonical\" href=\"https:\/\/eldigitaldeasturias.com\/magazine365\/exsecretaria-de-turismo-justifica-el-pago-del-canon-de-la-f1-por-proyeccion-de-la-marca-comunitat-valenciana\/\" \/>\n\t<meta name=\"generator\" content=\"All in One SEO Pro (AIOSEO) 4.9.6.1\" \/>\n\t\t<meta property=\"og:locale\" content=\"es_ES\" \/>\n\t\t<meta property=\"og:site_name\" content=\"El Digital de Asturias \u2013 Revista de ocio, turismo y estilo de vida\" \/>\n\t\t<meta property=\"og:type\" content=\"article\" \/>\n\t\t<meta property=\"og:title\" content=\"Exsecretaria de Turismo justifica el pago del canon de la F1 por \u00abproyecci\u00f3n de la marca Comunitat Valenciana\u00bb | El Digital de Asturias\" \/>\n\t\t<meta property=\"og:description\" content=\"La exsecretaria auton\u00f3mica de Turismo Victoria Palau ha justificado este mi\u00e9rcoles, durante su declaraci\u00f3n como testigo en el &#039;caso Valmor&#039;, que la Generalitat Valenciana se hiciera cargo del pago del canon que exig\u00eda el patr\u00f3n de la F\u00f3rmula 1, Bernie Ecclestone, por la organizaci\u00f3n del Gran Premio de Valencia. Ha explicado que ten\u00edan estudios que\" \/>\n\t\t<meta property=\"og:url\" content=\"https:\/\/eldigitaldeasturias.com\/magazine365\/exsecretaria-de-turismo-justifica-el-pago-del-canon-de-la-f1-por-proyeccion-de-la-marca-comunitat-valenciana\/\" \/>\n\t\t<meta property=\"og:image\" content=\"https:\/\/eldigitaldeasturias.com\/magazine365\/wp-content\/uploads\/2016\/06\/fotonoticia_20160608191148_800.jpg\" \/>\n\t\t<meta property=\"og:image:secure_url\" content=\"https:\/\/eldigitaldeasturias.com\/magazine365\/wp-content\/uploads\/2016\/06\/fotonoticia_20160608191148_800.jpg\" \/>\n\t\t<meta property=\"og:image:width\" content=\"800\" \/>\n\t\t<meta property=\"og:image:height\" content=\"438\" \/>\n\t\t<meta property=\"article:published_time\" content=\"2016-06-08T19:16:47+00:00\" \/>\n\t\t<meta property=\"article:modified_time\" content=\"2016-06-08T19:16:47+00:00\" \/>\n\t\t<meta name=\"twitter:card\" content=\"summary_large_image\" \/>\n\t\t<meta name=\"twitter:title\" content=\"Exsecretaria de Turismo justifica el pago del canon de la F1 por \u00abproyecci\u00f3n de la marca Comunitat Valenciana\u00bb | El Digital de Asturias\" \/>\n\t\t<meta name=\"twitter:description\" content=\"La exsecretaria auton\u00f3mica de Turismo Victoria Palau ha justificado este mi\u00e9rcoles, durante su declaraci\u00f3n como testigo en el &#039;caso Valmor&#039;, que la Generalitat Valenciana se hiciera cargo del pago del canon que exig\u00eda el patr\u00f3n de la F\u00f3rmula 1, Bernie Ecclestone, por la organizaci\u00f3n del Gran Premio de Valencia. Ha explicado que ten\u00edan estudios que\" \/>\n\t\t<meta name=\"twitter:image\" content=\"https:\/\/eldigitaldeasturias.com\/magazine365\/wp-content\/uploads\/2016\/06\/fotonoticia_20160608191148_800.jpg\" \/>\n\t\t<script type=\"application\/ld+json\" class=\"aioseo-schema\">\n\t\t\t{\"@context\":\"https:\\\/\\\/schema.org\",\"@graph\":[{\"@type\":\"Article\",\"@id\":\"https:\\\/\\\/eldigitaldeasturias.com\\\/magazine365\\\/exsecretaria-de-turismo-justifica-el-pago-del-canon-de-la-f1-por-proyeccion-de-la-marca-comunitat-valenciana\\\/#article\",\"name\":\"Exsecretaria de Turismo justifica el pago del canon de la F1 por \\u00abproyecci\\u00f3n de la marca Comunitat Valenciana\\u00bb | El Digital de Asturias\",\"headline\":\"Exsecretaria de Turismo justifica el pago del canon de la F1 por \\u00abproyecci\\u00f3n de la marca Comunitat Valenciana\\u00bb\",\"author\":{\"@id\":\"https:\\\/\\\/eldigitaldeasturias.com\\\/magazine365\\\/author\\\/admin\\\/#author\"},\"publisher\":{\"@id\":\"https:\\\/\\\/eldigitaldeasturias.com\\\/magazine365\\\/#organization\"},\"image\":{\"@type\":\"ImageObject\",\"url\":\"https:\\\/\\\/eldigitaldeasturias.com\\\/magazine365\\\/wp-content\\\/uploads\\\/2016\\\/06\\\/fotonoticia_20160608191148_800.jpg\",\"width\":800,\"height\":438},\"datePublished\":\"2016-06-08T21:16:47+02:00\",\"dateModified\":\"2016-06-08T21:16:47+02:00\",\"inLanguage\":\"es-ES\",\"mainEntityOfPage\":{\"@id\":\"https:\\\/\\\/eldigitaldeasturias.com\\\/magazine365\\\/exsecretaria-de-turismo-justifica-el-pago-del-canon-de-la-f1-por-proyeccion-de-la-marca-comunitat-valenciana\\\/#webpage\"},\"isPartOf\":{\"@id\":\"https:\\\/\\\/eldigitaldeasturias.com\\\/magazine365\\\/exsecretaria-de-turismo-justifica-el-pago-del-canon-de-la-f1-por-proyeccion-de-la-marca-comunitat-valenciana\\\/#webpage\"},\"articleSection\":\"Noticias y Actualidad\"},{\"@type\":\"BreadcrumbList\",\"@id\":\"https:\\\/\\\/eldigitaldeasturias.com\\\/magazine365\\\/exsecretaria-de-turismo-justifica-el-pago-del-canon-de-la-f1-por-proyeccion-de-la-marca-comunitat-valenciana\\\/#breadcrumblist\",\"itemListElement\":[{\"@type\":\"ListItem\",\"@id\":\"https:\\\/\\\/eldigitaldeasturias.com\\\/magazine365#listItem\",\"position\":1,\"name\":\"Home\",\"item\":\"https:\\\/\\\/eldigitaldeasturias.com\\\/magazine365\",\"nextItem\":{\"@type\":\"ListItem\",\"@id\":\"https:\\\/\\\/eldigitaldeasturias.com\\\/magazine365\\\/category\\\/noticias-actualidad\\\/#listItem\",\"name\":\"Noticias y Actualidad\"}},{\"@type\":\"ListItem\",\"@id\":\"https:\\\/\\\/eldigitaldeasturias.com\\\/magazine365\\\/category\\\/noticias-actualidad\\\/#listItem\",\"position\":2,\"name\":\"Noticias y Actualidad\",\"item\":\"https:\\\/\\\/eldigitaldeasturias.com\\\/magazine365\\\/category\\\/noticias-actualidad\\\/\",\"nextItem\":{\"@type\":\"ListItem\",\"@id\":\"https:\\\/\\\/eldigitaldeasturias.com\\\/magazine365\\\/exsecretaria-de-turismo-justifica-el-pago-del-canon-de-la-f1-por-proyeccion-de-la-marca-comunitat-valenciana\\\/#listItem\",\"name\":\"Exsecretaria de Turismo justifica el pago del canon de la F1 por \\u00abproyecci\\u00f3n de la marca Comunitat Valenciana\\u00bb\"},\"previousItem\":{\"@type\":\"ListItem\",\"@id\":\"https:\\\/\\\/eldigitaldeasturias.com\\\/magazine365#listItem\",\"name\":\"Home\"}},{\"@type\":\"ListItem\",\"@id\":\"https:\\\/\\\/eldigitaldeasturias.com\\\/magazine365\\\/exsecretaria-de-turismo-justifica-el-pago-del-canon-de-la-f1-por-proyeccion-de-la-marca-comunitat-valenciana\\\/#listItem\",\"position\":3,\"name\":\"Exsecretaria de Turismo justifica el pago del canon de la F1 por \\u00abproyecci\\u00f3n de la marca Comunitat Valenciana\\u00bb\",\"previousItem\":{\"@type\":\"ListItem\",\"@id\":\"https:\\\/\\\/eldigitaldeasturias.com\\\/magazine365\\\/category\\\/noticias-actualidad\\\/#listItem\",\"name\":\"Noticias y Actualidad\"}}]},{\"@type\":\"Organization\",\"@id\":\"https:\\\/\\\/eldigitaldeasturias.com\\\/magazine365\\\/#organization\",\"name\":\"El digital de Asturias\",\"description\":\"Revista de ocio, turismo y estilo de vida\",\"url\":\"https:\\\/\\\/eldigitaldeasturias.com\\\/magazine365\\\/\",\"logo\":{\"@type\":\"ImageObject\",\"url\":\"https:\\\/\\\/www.eldigitaldeasturias.com\\\/noticias\\\/wp-content\\\/uploads\\\/2020\\\/12\\\/EDA.jpg\",\"@id\":\"https:\\\/\\\/eldigitaldeasturias.com\\\/magazine365\\\/exsecretaria-de-turismo-justifica-el-pago-del-canon-de-la-f1-por-proyeccion-de-la-marca-comunitat-valenciana\\\/#organizationLogo\"},\"image\":{\"@id\":\"https:\\\/\\\/eldigitaldeasturias.com\\\/magazine365\\\/exsecretaria-de-turismo-justifica-el-pago-del-canon-de-la-f1-por-proyeccion-de-la-marca-comunitat-valenciana\\\/#organizationLogo\"}},{\"@type\":\"Person\",\"@id\":\"https:\\\/\\\/eldigitaldeasturias.com\\\/magazine365\\\/author\\\/admin\\\/#author\",\"url\":\"https:\\\/\\\/eldigitaldeasturias.com\\\/magazine365\\\/author\\\/admin\\\/\",\"name\":\"admin\",\"image\":{\"@type\":\"ImageObject\",\"@id\":\"https:\\\/\\\/eldigitaldeasturias.com\\\/magazine365\\\/exsecretaria-de-turismo-justifica-el-pago-del-canon-de-la-f1-por-proyeccion-de-la-marca-comunitat-valenciana\\\/#authorImage\",\"url\":\"https:\\\/\\\/eldigitaldeasturias.com\\\/magazine365\\\/wp-content\\\/litespeed\\\/avatar\\\/e571bcf59a0edd6fa6838245a470f2fe.jpg?ver=1776969259\",\"width\":96,\"height\":96,\"caption\":\"admin\"}},{\"@type\":\"WebPage\",\"@id\":\"https:\\\/\\\/eldigitaldeasturias.com\\\/magazine365\\\/exsecretaria-de-turismo-justifica-el-pago-del-canon-de-la-f1-por-proyeccion-de-la-marca-comunitat-valenciana\\\/#webpage\",\"url\":\"https:\\\/\\\/eldigitaldeasturias.com\\\/magazine365\\\/exsecretaria-de-turismo-justifica-el-pago-del-canon-de-la-f1-por-proyeccion-de-la-marca-comunitat-valenciana\\\/\",\"name\":\"Exsecretaria de Turismo justifica el pago del canon de la F1 por \\u00abproyecci\\u00f3n de la marca Comunitat Valenciana\\u00bb | El Digital de Asturias\",\"description\":\"La exsecretaria auton\\u00f3mica de Turismo Victoria Palau ha justificado este mi\\u00e9rcoles, durante su declaraci\\u00f3n como testigo en el 'caso Valmor', que la Generalitat Valenciana se hiciera cargo del pago del canon que exig\\u00eda el patr\\u00f3n de la F\\u00f3rmula 1, Bernie Ecclestone, por la organizaci\\u00f3n del Gran Premio de Valencia. Ha explicado que ten\\u00edan estudios que\",\"inLanguage\":\"es-ES\",\"isPartOf\":{\"@id\":\"https:\\\/\\\/eldigitaldeasturias.com\\\/magazine365\\\/#website\"},\"breadcrumb\":{\"@id\":\"https:\\\/\\\/eldigitaldeasturias.com\\\/magazine365\\\/exsecretaria-de-turismo-justifica-el-pago-del-canon-de-la-f1-por-proyeccion-de-la-marca-comunitat-valenciana\\\/#breadcrumblist\"},\"author\":{\"@id\":\"https:\\\/\\\/eldigitaldeasturias.com\\\/magazine365\\\/author\\\/admin\\\/#author\"},\"creator\":{\"@id\":\"https:\\\/\\\/eldigitaldeasturias.com\\\/magazine365\\\/author\\\/admin\\\/#author\"},\"image\":{\"@type\":\"ImageObject\",\"url\":\"https:\\\/\\\/eldigitaldeasturias.com\\\/magazine365\\\/wp-content\\\/uploads\\\/2016\\\/06\\\/fotonoticia_20160608191148_800.jpg\",\"@id\":\"https:\\\/\\\/eldigitaldeasturias.com\\\/magazine365\\\/exsecretaria-de-turismo-justifica-el-pago-del-canon-de-la-f1-por-proyeccion-de-la-marca-comunitat-valenciana\\\/#mainImage\",\"width\":800,\"height\":438},\"primaryImageOfPage\":{\"@id\":\"https:\\\/\\\/eldigitaldeasturias.com\\\/magazine365\\\/exsecretaria-de-turismo-justifica-el-pago-del-canon-de-la-f1-por-proyeccion-de-la-marca-comunitat-valenciana\\\/#mainImage\"},\"datePublished\":\"2016-06-08T21:16:47+02:00\",\"dateModified\":\"2016-06-08T21:16:47+02:00\"},{\"@type\":\"WebSite\",\"@id\":\"https:\\\/\\\/eldigitaldeasturias.com\\\/magazine365\\\/#website\",\"url\":\"https:\\\/\\\/eldigitaldeasturias.com\\\/magazine365\\\/\",\"name\":\"El Digital de Asturias\",\"description\":\"Revista de ocio, turismo y estilo de vida\",\"inLanguage\":\"es-ES\",\"publisher\":{\"@id\":\"https:\\\/\\\/eldigitaldeasturias.com\\\/magazine365\\\/#organization\"}}]}\n\t\t<\/script>\n\t\t<!-- All in One SEO Pro -->\r\n\t\t<title>Exsecretaria de Turismo justifica el pago del canon de la F1 por \u00abproyecci\u00f3n de la marca Comunitat Valenciana\u00bb | El Digital de Asturias<\/title>\n\n","aioseo_head_json":{"title":"Exsecretaria de Turismo justifica el pago del canon de la F1 por \u00abproyecci\u00f3n de la marca Comunitat Valenciana\u00bb | El Digital de Asturias","description":"La exsecretaria auton\u00f3mica de Turismo Victoria Palau ha justificado este mi\u00e9rcoles, durante su declaraci\u00f3n como testigo en el 'caso Valmor', que la Generalitat Valenciana se hiciera cargo del pago del canon que exig\u00eda el patr\u00f3n de la F\u00f3rmula 1, Bernie Ecclestone, por la organizaci\u00f3n del Gran Premio de Valencia. Ha explicado que ten\u00edan estudios que","canonical_url":"https:\/\/eldigitaldeasturias.com\/magazine365\/exsecretaria-de-turismo-justifica-el-pago-del-canon-de-la-f1-por-proyeccion-de-la-marca-comunitat-valenciana\/","robots":"max-image-preview:large","keywords":"noticias y actualidad","webmasterTools":{"google-site-verification":"UA-38556648-1","miscellaneous":""},"schema":{"@context":"https:\/\/schema.org","@graph":[{"@type":"Article","@id":"https:\/\/eldigitaldeasturias.com\/magazine365\/exsecretaria-de-turismo-justifica-el-pago-del-canon-de-la-f1-por-proyeccion-de-la-marca-comunitat-valenciana\/#article","name":"Exsecretaria de Turismo justifica el pago del canon de la F1 por \u00abproyecci\u00f3n de la marca Comunitat Valenciana\u00bb | El Digital de Asturias","headline":"Exsecretaria de Turismo justifica el pago del canon de la F1 por \u00abproyecci\u00f3n de la marca Comunitat Valenciana\u00bb","author":{"@id":"https:\/\/eldigitaldeasturias.com\/magazine365\/author\/admin\/#author"},"publisher":{"@id":"https:\/\/eldigitaldeasturias.com\/magazine365\/#organization"},"image":{"@type":"ImageObject","url":"https:\/\/eldigitaldeasturias.com\/magazine365\/wp-content\/uploads\/2016\/06\/fotonoticia_20160608191148_800.jpg","width":800,"height":438},"datePublished":"2016-06-08T21:16:47+02:00","dateModified":"2016-06-08T21:16:47+02:00","inLanguage":"es-ES","mainEntityOfPage":{"@id":"https:\/\/eldigitaldeasturias.com\/magazine365\/exsecretaria-de-turismo-justifica-el-pago-del-canon-de-la-f1-por-proyeccion-de-la-marca-comunitat-valenciana\/#webpage"},"isPartOf":{"@id":"https:\/\/eldigitaldeasturias.com\/magazine365\/exsecretaria-de-turismo-justifica-el-pago-del-canon-de-la-f1-por-proyeccion-de-la-marca-comunitat-valenciana\/#webpage"},"articleSection":"Noticias y Actualidad"},{"@type":"BreadcrumbList","@id":"https:\/\/eldigitaldeasturias.com\/magazine365\/exsecretaria-de-turismo-justifica-el-pago-del-canon-de-la-f1-por-proyeccion-de-la-marca-comunitat-valenciana\/#breadcrumblist","itemListElement":[{"@type":"ListItem","@id":"https:\/\/eldigitaldeasturias.com\/magazine365#listItem","position":1,"name":"Home","item":"https:\/\/eldigitaldeasturias.com\/magazine365","nextItem":{"@type":"ListItem","@id":"https:\/\/eldigitaldeasturias.com\/magazine365\/category\/noticias-actualidad\/#listItem","name":"Noticias y Actualidad"}},{"@type":"ListItem","@id":"https:\/\/eldigitaldeasturias.com\/magazine365\/category\/noticias-actualidad\/#listItem","position":2,"name":"Noticias y Actualidad","item":"https:\/\/eldigitaldeasturias.com\/magazine365\/category\/noticias-actualidad\/","nextItem":{"@type":"ListItem","@id":"https:\/\/eldigitaldeasturias.com\/magazine365\/exsecretaria-de-turismo-justifica-el-pago-del-canon-de-la-f1-por-proyeccion-de-la-marca-comunitat-valenciana\/#listItem","name":"Exsecretaria de Turismo justifica el pago del canon de la F1 por \u00abproyecci\u00f3n de la marca Comunitat Valenciana\u00bb"},"previousItem":{"@type":"ListItem","@id":"https:\/\/eldigitaldeasturias.com\/magazine365#listItem","name":"Home"}},{"@type":"ListItem","@id":"https:\/\/eldigitaldeasturias.com\/magazine365\/exsecretaria-de-turismo-justifica-el-pago-del-canon-de-la-f1-por-proyeccion-de-la-marca-comunitat-valenciana\/#listItem","position":3,"name":"Exsecretaria de Turismo justifica el pago del canon de la F1 por \u00abproyecci\u00f3n de la marca Comunitat Valenciana\u00bb","previousItem":{"@type":"ListItem","@id":"https:\/\/eldigitaldeasturias.com\/magazine365\/category\/noticias-actualidad\/#listItem","name":"Noticias y Actualidad"}}]},{"@type":"Organization","@id":"https:\/\/eldigitaldeasturias.com\/magazine365\/#organization","name":"El digital de Asturias","description":"Revista de ocio, turismo y estilo de vida","url":"https:\/\/eldigitaldeasturias.com\/magazine365\/","logo":{"@type":"ImageObject","url":"https:\/\/www.eldigitaldeasturias.com\/noticias\/wp-content\/uploads\/2020\/12\/EDA.jpg","@id":"https:\/\/eldigitaldeasturias.com\/magazine365\/exsecretaria-de-turismo-justifica-el-pago-del-canon-de-la-f1-por-proyeccion-de-la-marca-comunitat-valenciana\/#organizationLogo"},"image":{"@id":"https:\/\/eldigitaldeasturias.com\/magazine365\/exsecretaria-de-turismo-justifica-el-pago-del-canon-de-la-f1-por-proyeccion-de-la-marca-comunitat-valenciana\/#organizationLogo"}},{"@type":"Person","@id":"https:\/\/eldigitaldeasturias.com\/magazine365\/author\/admin\/#author","url":"https:\/\/eldigitaldeasturias.com\/magazine365\/author\/admin\/","name":"admin","image":{"@type":"ImageObject","@id":"https:\/\/eldigitaldeasturias.com\/magazine365\/exsecretaria-de-turismo-justifica-el-pago-del-canon-de-la-f1-por-proyeccion-de-la-marca-comunitat-valenciana\/#authorImage","url":"https:\/\/eldigitaldeasturias.com\/magazine365\/wp-content\/litespeed\/avatar\/e571bcf59a0edd6fa6838245a470f2fe.jpg?ver=1776969259","width":96,"height":96,"caption":"admin"}},{"@type":"WebPage","@id":"https:\/\/eldigitaldeasturias.com\/magazine365\/exsecretaria-de-turismo-justifica-el-pago-del-canon-de-la-f1-por-proyeccion-de-la-marca-comunitat-valenciana\/#webpage","url":"https:\/\/eldigitaldeasturias.com\/magazine365\/exsecretaria-de-turismo-justifica-el-pago-del-canon-de-la-f1-por-proyeccion-de-la-marca-comunitat-valenciana\/","name":"Exsecretaria de Turismo justifica el pago del canon de la F1 por \u00abproyecci\u00f3n de la marca Comunitat Valenciana\u00bb | El Digital de Asturias","description":"La exsecretaria auton\u00f3mica de Turismo Victoria Palau ha justificado este mi\u00e9rcoles, durante su declaraci\u00f3n como testigo en el 'caso Valmor', que la Generalitat Valenciana se hiciera cargo del pago del canon que exig\u00eda el patr\u00f3n de la F\u00f3rmula 1, Bernie Ecclestone, por la organizaci\u00f3n del Gran Premio de Valencia. Ha explicado que ten\u00edan estudios que","inLanguage":"es-ES","isPartOf":{"@id":"https:\/\/eldigitaldeasturias.com\/magazine365\/#website"},"breadcrumb":{"@id":"https:\/\/eldigitaldeasturias.com\/magazine365\/exsecretaria-de-turismo-justifica-el-pago-del-canon-de-la-f1-por-proyeccion-de-la-marca-comunitat-valenciana\/#breadcrumblist"},"author":{"@id":"https:\/\/eldigitaldeasturias.com\/magazine365\/author\/admin\/#author"},"creator":{"@id":"https:\/\/eldigitaldeasturias.com\/magazine365\/author\/admin\/#author"},"image":{"@type":"ImageObject","url":"https:\/\/eldigitaldeasturias.com\/magazine365\/wp-content\/uploads\/2016\/06\/fotonoticia_20160608191148_800.jpg","@id":"https:\/\/eldigitaldeasturias.com\/magazine365\/exsecretaria-de-turismo-justifica-el-pago-del-canon-de-la-f1-por-proyeccion-de-la-marca-comunitat-valenciana\/#mainImage","width":800,"height":438},"primaryImageOfPage":{"@id":"https:\/\/eldigitaldeasturias.com\/magazine365\/exsecretaria-de-turismo-justifica-el-pago-del-canon-de-la-f1-por-proyeccion-de-la-marca-comunitat-valenciana\/#mainImage"},"datePublished":"2016-06-08T21:16:47+02:00","dateModified":"2016-06-08T21:16:47+02:00"},{"@type":"WebSite","@id":"https:\/\/eldigitaldeasturias.com\/magazine365\/#website","url":"https:\/\/eldigitaldeasturias.com\/magazine365\/","name":"El Digital de Asturias","description":"Revista de ocio, turismo y estilo de vida","inLanguage":"es-ES","publisher":{"@id":"https:\/\/eldigitaldeasturias.com\/magazine365\/#organization"}}]},"og:locale":"es_ES","og:site_name":"El Digital de Asturias \u2013 Revista de ocio, turismo y estilo de vida","og:type":"article","og:title":"Exsecretaria de Turismo justifica el pago del canon de la F1 por \u00abproyecci\u00f3n de la marca Comunitat Valenciana\u00bb | El Digital de Asturias","og:description":"La exsecretaria auton\u00f3mica de Turismo Victoria Palau ha justificado este mi\u00e9rcoles, durante su declaraci\u00f3n como testigo en el 'caso Valmor', que la Generalitat Valenciana se hiciera cargo del pago del canon que exig\u00eda el patr\u00f3n de la F\u00f3rmula 1, Bernie Ecclestone, por la organizaci\u00f3n del Gran Premio de Valencia. Ha explicado que ten\u00edan estudios que","og:url":"https:\/\/eldigitaldeasturias.com\/magazine365\/exsecretaria-de-turismo-justifica-el-pago-del-canon-de-la-f1-por-proyeccion-de-la-marca-comunitat-valenciana\/","og:image":"https:\/\/eldigitaldeasturias.com\/magazine365\/wp-content\/uploads\/2016\/06\/fotonoticia_20160608191148_800.jpg","og:image:secure_url":"https:\/\/eldigitaldeasturias.com\/magazine365\/wp-content\/uploads\/2016\/06\/fotonoticia_20160608191148_800.jpg","og:image:width":800,"og:image:height":438,"article:published_time":"2016-06-08T19:16:47+00:00","article:modified_time":"2016-06-08T19:16:47+00:00","twitter:card":"summary_large_image","twitter:title":"Exsecretaria de Turismo justifica el pago del canon de la F1 por \u00abproyecci\u00f3n de la marca Comunitat Valenciana\u00bb | El Digital de Asturias","twitter:description":"La exsecretaria auton\u00f3mica de Turismo Victoria Palau ha justificado este mi\u00e9rcoles, durante su declaraci\u00f3n como testigo en el 'caso Valmor', que la Generalitat Valenciana se hiciera cargo del pago del canon que exig\u00eda el patr\u00f3n de la F\u00f3rmula 1, Bernie Ecclestone, por la organizaci\u00f3n del Gran Premio de Valencia. Ha explicado que ten\u00edan estudios que","twitter:image":"https:\/\/eldigitaldeasturias.com\/magazine365\/wp-content\/uploads\/2016\/06\/fotonoticia_20160608191148_800.jpg"},"aioseo_meta_data":{"post_id":"78366","title":null,"description":null,"keywords":null,"keyphrases":null,"primary_term":null,"canonical_url":null,"og_title":null,"og_description":null,"og_object_type":"default","og_image_type":"default","og_image_url":null,"og_image_width":null,"og_image_height":null,"og_image_custom_url":null,"og_image_custom_fields":null,"og_video":null,"og_custom_url":null,"og_article_section":null,"og_article_tags":null,"twitter_use_og":false,"twitter_card":"default","twitter_image_type":"default","twitter_image_url":null,"twitter_image_custom_url":null,"twitter_image_custom_fields":null,"twitter_title":null,"twitter_description":null,"schema":{"blockGraphs":[],"customGraphs":[],"default":{"data":{"Article":[],"Course":[],"Dataset":[],"FAQPage":[],"Movie":[],"Person":[],"Product":[],"ProductReview":[],"Car":[],"Recipe":[],"Service":[],"SoftwareApplication":[],"WebPage":[]},"graphName":"","isEnabled":true},"graphs":[],"defaultGraph":"","defaultPostTypeGraph":""},"schema_type":null,"schema_type_options":null,"pillar_content":false,"robots_default":true,"robots_noindex":false,"robots_noarchive":false,"robots_nosnippet":false,"robots_nofollow":false,"robots_noimageindex":false,"robots_noodp":false,"robots_notranslate":false,"robots_max_snippet":null,"robots_max_videopreview":null,"robots_max_imagepreview":"large","priority":null,"frequency":null,"location":null,"local_seo":null,"seo_analyzer_scan_date":"2025-09-27 16:50:17","breadcrumb_settings":null,"limit_modified_date":false,"open_ai":null,"ai":null,"created":"2021-03-08 18:02:11","updated":"2025-09-27 16:50:17"},"aioseo_breadcrumb":"<div class=\"aioseo-breadcrumbs\"><span class=\"aioseo-breadcrumb\">\n\t<a href=\"https:\/\/eldigitaldeasturias.com\/magazine365\" title=\"Home\">Home<\/a>\n<\/span><span class=\"aioseo-breadcrumb-separator\">\u2013<\/span><span class=\"aioseo-breadcrumb\">\n\t<a href=\"https:\/\/eldigitaldeasturias.com\/magazine365\/category\/noticias-actualidad\/\" title=\"Noticias y Actualidad\">Noticias y Actualidad<\/a>\n<\/span><span class=\"aioseo-breadcrumb-separator\">\u2013<\/span><span class=\"aioseo-breadcrumb\">\n\t<a href=\"https:\/\/eldigitaldeasturias.com\/magazine365\/exsecretaria-de-turismo-justifica-el-pago-del-canon-de-la-f1-por-proyeccion-de-la-marca-comunitat-valenciana\/\" title=\"Exsecretaria de Turismo justifica el pago del canon de la F1 por \u00abproyecci\u00f3n de la marca Comunitat Valenciana\u00bb\">Exsecretaria de Turismo justifica el pago del canon de la F1 por \u00abproyecci\u00f3n de la marca Comunitat Valenciana\u00bb<\/a>\n<\/span><\/div>","aioseo_breadcrumb_json":[{"label":"Home","link":"https:\/\/eldigitaldeasturias.com\/magazine365"},{"label":"Noticias y Actualidad","link":"https:\/\/eldigitaldeasturias.com\/magazine365\/category\/noticias-actualidad\/"},{"label":"Exsecretaria de Turismo justifica el pago del canon de la F1 por \u00abproyecci\u00f3n de la marca Comunitat Valenciana\u00bb","link":"https:\/\/eldigitaldeasturias.com\/magazine365\/exsecretaria-de-turismo-justifica-el-pago-del-canon-de-la-f1-por-proyeccion-de-la-marca-comunitat-valenciana\/"}],"_links":{"self":[{"href":"https:\/\/eldigitaldeasturias.com\/magazine365\/wp-json\/wp\/v2\/posts\/78366","targetHints":{"allow":["GET"]}}],"collection":[{"href":"https:\/\/eldigitaldeasturias.com\/magazine365\/wp-json\/wp\/v2\/posts"}],"about":[{"href":"https:\/\/eldigitaldeasturias.com\/magazine365\/wp-json\/wp\/v2\/types\/post"}],"author":[{"embeddable":true,"href":"https:\/\/eldigitaldeasturias.com\/magazine365\/wp-json\/wp\/v2\/users\/1"}],"replies":[{"embeddable":true,"href":"https:\/\/eldigitaldeasturias.com\/magazine365\/wp-json\/wp\/v2\/comments?post=78366"}],"version-history":[{"count":0,"href":"https:\/\/eldigitaldeasturias.com\/magazine365\/wp-json\/wp\/v2\/posts\/78366\/revisions"}],"wp:featuredmedia":[{"embeddable":true,"href":"https:\/\/eldigitaldeasturias.com\/magazine365\/wp-json\/wp\/v2\/media\/78367"}],"wp:attachment":[{"href":"https:\/\/eldigitaldeasturias.com\/magazine365\/wp-json\/wp\/v2\/media?parent=78366"}],"wp:term":[{"taxonomy":"category","embeddable":true,"href":"https:\/\/eldigitaldeasturias.com\/magazine365\/wp-json\/wp\/v2\/categories?post=78366"},{"taxonomy":"post_tag","embeddable":true,"href":"https:\/\/eldigitaldeasturias.com\/magazine365\/wp-json\/wp\/v2\/tags?post=78366"}],"curies":[{"name":"wp","href":"https:\/\/api.w.org\/{rel}","templated":true}]}}