{"id":78357,"date":"2016-06-08T19:20:37","date_gmt":"2016-06-08T17:20:37","guid":{"rendered":"http:\/\/eldigitaldeasturias.com\/magazine365\/?p=78357"},"modified":"2016-06-08T19:20:37","modified_gmt":"2016-06-08T17:20:37","slug":"la-eurocamara-da-luz-verde-a-la-exencion-de-visados-entre-la-ue-y-colombia","status":"publish","type":"post","link":"https:\/\/eldigitaldeasturias.com\/magazine365\/la-eurocamara-da-luz-verde-a-la-exencion-de-visados-entre-la-ue-y-colombia\/","title":{"rendered":"La Euroc\u00e1mara da &#8216;luz verde&#8217; a la exenci\u00f3n de visados entre la UE y Colombia"},"content":{"rendered":"<p><img fetchpriority=\"high\" decoding=\"async\" class=\"alignleft size-medium wp-image-77926\" src=\"https:\/\/eldigitaldeasturias.com\/magazine365\/wp-content\/uploads\/2016\/06\/m365-360x198.jpg\" alt=\"m365\" width=\"360\" height=\"198\" srcset=\"https:\/\/eldigitaldeasturias.com\/magazine365\/wp-content\/uploads\/2016\/06\/m365-360x198.jpg 360w, https:\/\/eldigitaldeasturias.com\/magazine365\/wp-content\/uploads\/2016\/06\/m365-650x357.jpg 650w, https:\/\/eldigitaldeasturias.com\/magazine365\/wp-content\/uploads\/2016\/06\/m365-150x82.jpg 150w, https:\/\/eldigitaldeasturias.com\/magazine365\/wp-content\/uploads\/2016\/06\/m365-450x247.jpg 450w, https:\/\/eldigitaldeasturias.com\/magazine365\/wp-content\/uploads\/2016\/06\/m365.jpg 655w\" sizes=\"(max-width: 360px) 100vw, 360px\" \/>El Parlamento Europeo ha aprobado este mi\u00e9rcoles el acuerdo de exenci\u00f3n de visados que permitir\u00e1 a ciudadanos colombianos viajar a la UE y a nacionales de los Estados miembros visitar Colombia sin necesidad de pedir este documento para estancias de hasta 90 d\u00edas en periodos de 180 jornadas.<\/p>\n<p>El acuerdo ha sido respaldado con 584 votos a favor, 56 en contra y 27 abstenciones, aunque se aplica provisionalmente desde que fue rubricado, el pasado 2 de diciembre, por el ministro de Inmigraci\u00f3n de Luxemburgo, Jean Asselborn, que el segundo semestre de 2015 ostentaba la presidencia de turno de la UE, y el comisario de Migraci\u00f3n, Dimitris Avramopoulos, por parte de la UE, y por la ministra de Exteriores de Colombia, Mar\u00eda \u00c1ngela Holgu\u00edn.<\/p>\n<p>La exenci\u00f3n de visado cubre todas las categor\u00edas de pasaporte (ordinario, diplom\u00e1tico, de servicio, oficial y especial) y todo tipo de viajes, excepto para ejercer una actividad remunerada. Reino Unido e Irlanda no se ve afectados, mientras que en Francia y Pa\u00edses Bajos se aplica \u00fanicamente a sus territorios europeos.<\/p>\n<p>La eurodiputada del PPE, Mariya Gabriel, ponente de la resoluci\u00f3n, ha se\u00f1alado que el acuerdo supone un nuevo logro en la profundizaci\u00f3n de las relaciones entre la UE y Colombia, y que al mismo tiempo refuerza las relaciones econ\u00f3micas y culturales e intensifica el di\u00e1logo pol\u00edtico entre ambas partes.<\/p>\n<p>La pol\u00edtica b\u00falgara ha destacado tambi\u00e9n que resulta \u00abcoherente\u00bb este levantamiento de visados, dado que Colombia era de los pocos pa\u00edses cuyos nacionales segu\u00edan necesitando este documento para viajar a la UE.<\/p>\n","protected":false},"excerpt":{"rendered":"<p>El Parlamento Europeo ha aprobado este mi\u00e9rcoles el acuerdo de exenci\u00f3n de visados que permitir\u00e1 a ciudadanos colombianos viajar a la UE y a nacionales de los Estados miembros visitar Colombia sin necesidad de pedir este documento para estancias de hasta 90 d\u00edas en periodos de 180 jornadas. El acuerdo ha sido respaldado con 584<\/p>\n","protected":false},"author":1,"featured_media":77926,"comment_status":"open","ping_status":"closed","sticky":false,"template":"","format":"standard","meta":{"footnotes":""},"categories":[224],"tags":[],"class_list":{"0":"post-78357","1":"post","2":"type-post","3":"status-publish","4":"format-standard","5":"has-post-thumbnail","7":"category-noticias-actualidad"},"aioseo_notices":[],"aioseo_head":"\n\t\t<!-- All in One SEO Pro 4.9.6.1 - aioseo.com -->\n\t<meta name=\"description\" content=\"El Parlamento Europeo ha aprobado este mi\u00e9rcoles el acuerdo de exenci\u00f3n de visados que permitir\u00e1 a ciudadanos colombianos viajar a la UE y a nacionales de los Estados miembros visitar Colombia sin necesidad de pedir este documento para estancias de hasta 90 d\u00edas en periodos de 180 jornadas. El acuerdo ha sido respaldado con 584\" \/>\n\t<meta name=\"robots\" content=\"max-image-preview:large\" \/>\n\t<meta name=\"author\" content=\"admin\"\/>\n\t<meta name=\"google-site-verification\" content=\"UA-38556648-1\" \/>\n\t<meta name=\"keywords\" content=\"noticias y actualidad\" \/>\n\t<link rel=\"canonical\" href=\"https:\/\/eldigitaldeasturias.com\/magazine365\/la-eurocamara-da-luz-verde-a-la-exencion-de-visados-entre-la-ue-y-colombia\/\" \/>\n\t<meta name=\"generator\" content=\"All in One SEO Pro (AIOSEO) 4.9.6.1\" \/>\n\t\t<meta property=\"og:locale\" content=\"es_ES\" \/>\n\t\t<meta property=\"og:site_name\" content=\"El Digital de Asturias \u2013 Revista de ocio, turismo y estilo de vida\" \/>\n\t\t<meta property=\"og:type\" content=\"article\" \/>\n\t\t<meta property=\"og:title\" content=\"La Euroc\u00e1mara da \u2018luz verde\u2019 a la exenci\u00f3n de visados entre la UE y Colombia | El Digital de Asturias\" \/>\n\t\t<meta property=\"og:description\" content=\"El Parlamento Europeo ha aprobado este mi\u00e9rcoles el acuerdo de exenci\u00f3n de visados que permitir\u00e1 a ciudadanos colombianos viajar a la UE y a nacionales de los Estados miembros visitar Colombia sin necesidad de pedir este documento para estancias de hasta 90 d\u00edas en periodos de 180 jornadas. El acuerdo ha sido respaldado con 584\" \/>\n\t\t<meta property=\"og:url\" content=\"https:\/\/eldigitaldeasturias.com\/magazine365\/la-eurocamara-da-luz-verde-a-la-exencion-de-visados-entre-la-ue-y-colombia\/\" \/>\n\t\t<meta property=\"og:image\" content=\"https:\/\/eldigitaldeasturias.com\/magazine365\/wp-content\/uploads\/2016\/06\/m365.jpg\" \/>\n\t\t<meta property=\"og:image:secure_url\" content=\"https:\/\/eldigitaldeasturias.com\/magazine365\/wp-content\/uploads\/2016\/06\/m365.jpg\" \/>\n\t\t<meta property=\"og:image:width\" content=\"655\" \/>\n\t\t<meta property=\"og:image:height\" content=\"360\" \/>\n\t\t<meta property=\"article:published_time\" content=\"2016-06-08T17:20:37+00:00\" \/>\n\t\t<meta property=\"article:modified_time\" content=\"2016-06-08T17:20:37+00:00\" \/>\n\t\t<meta name=\"twitter:card\" content=\"summary_large_image\" \/>\n\t\t<meta name=\"twitter:title\" content=\"La Euroc\u00e1mara da \u2018luz verde\u2019 a la exenci\u00f3n de visados entre la UE y Colombia | El Digital de Asturias\" \/>\n\t\t<meta name=\"twitter:description\" content=\"El Parlamento Europeo ha aprobado este mi\u00e9rcoles el acuerdo de exenci\u00f3n de visados que permitir\u00e1 a ciudadanos colombianos viajar a la UE y a nacionales de los Estados miembros visitar Colombia sin necesidad de pedir este documento para estancias de hasta 90 d\u00edas en periodos de 180 jornadas. El acuerdo ha sido respaldado con 584\" \/>\n\t\t<meta name=\"twitter:image\" content=\"https:\/\/eldigitaldeasturias.com\/magazine365\/wp-content\/uploads\/2016\/06\/m365.jpg\" \/>\n\t\t<script type=\"application\/ld+json\" class=\"aioseo-schema\">\n\t\t\t{\"@context\":\"https:\\\/\\\/schema.org\",\"@graph\":[{\"@type\":\"Article\",\"@id\":\"https:\\\/\\\/eldigitaldeasturias.com\\\/magazine365\\\/la-eurocamara-da-luz-verde-a-la-exencion-de-visados-entre-la-ue-y-colombia\\\/#article\",\"name\":\"La Euroc\\u00e1mara da \\u2018luz verde\\u2019 a la exenci\\u00f3n de visados entre la UE y Colombia | El Digital de Asturias\",\"headline\":\"La Euroc\\u00e1mara da &#8216;luz verde&#8217; a la exenci\\u00f3n de visados entre la UE y Colombia\",\"author\":{\"@id\":\"https:\\\/\\\/eldigitaldeasturias.com\\\/magazine365\\\/author\\\/admin\\\/#author\"},\"publisher\":{\"@id\":\"https:\\\/\\\/eldigitaldeasturias.com\\\/magazine365\\\/#organization\"},\"image\":{\"@type\":\"ImageObject\",\"url\":\"https:\\\/\\\/eldigitaldeasturias.com\\\/magazine365\\\/wp-content\\\/uploads\\\/2016\\\/06\\\/m365.jpg\",\"width\":655,\"height\":360},\"datePublished\":\"2016-06-08T19:20:37+02:00\",\"dateModified\":\"2016-06-08T19:20:37+02:00\",\"inLanguage\":\"es-ES\",\"mainEntityOfPage\":{\"@id\":\"https:\\\/\\\/eldigitaldeasturias.com\\\/magazine365\\\/la-eurocamara-da-luz-verde-a-la-exencion-de-visados-entre-la-ue-y-colombia\\\/#webpage\"},\"isPartOf\":{\"@id\":\"https:\\\/\\\/eldigitaldeasturias.com\\\/magazine365\\\/la-eurocamara-da-luz-verde-a-la-exencion-de-visados-entre-la-ue-y-colombia\\\/#webpage\"},\"articleSection\":\"Noticias y Actualidad\"},{\"@type\":\"BreadcrumbList\",\"@id\":\"https:\\\/\\\/eldigitaldeasturias.com\\\/magazine365\\\/la-eurocamara-da-luz-verde-a-la-exencion-de-visados-entre-la-ue-y-colombia\\\/#breadcrumblist\",\"itemListElement\":[{\"@type\":\"ListItem\",\"@id\":\"https:\\\/\\\/eldigitaldeasturias.com\\\/magazine365#listItem\",\"position\":1,\"name\":\"Home\",\"item\":\"https:\\\/\\\/eldigitaldeasturias.com\\\/magazine365\",\"nextItem\":{\"@type\":\"ListItem\",\"@id\":\"https:\\\/\\\/eldigitaldeasturias.com\\\/magazine365\\\/category\\\/noticias-actualidad\\\/#listItem\",\"name\":\"Noticias y Actualidad\"}},{\"@type\":\"ListItem\",\"@id\":\"https:\\\/\\\/eldigitaldeasturias.com\\\/magazine365\\\/category\\\/noticias-actualidad\\\/#listItem\",\"position\":2,\"name\":\"Noticias y Actualidad\",\"item\":\"https:\\\/\\\/eldigitaldeasturias.com\\\/magazine365\\\/category\\\/noticias-actualidad\\\/\",\"nextItem\":{\"@type\":\"ListItem\",\"@id\":\"https:\\\/\\\/eldigitaldeasturias.com\\\/magazine365\\\/la-eurocamara-da-luz-verde-a-la-exencion-de-visados-entre-la-ue-y-colombia\\\/#listItem\",\"name\":\"La Euroc\\u00e1mara da &#8216;luz verde&#8217; a la exenci\\u00f3n de visados entre la UE y Colombia\"},\"previousItem\":{\"@type\":\"ListItem\",\"@id\":\"https:\\\/\\\/eldigitaldeasturias.com\\\/magazine365#listItem\",\"name\":\"Home\"}},{\"@type\":\"ListItem\",\"@id\":\"https:\\\/\\\/eldigitaldeasturias.com\\\/magazine365\\\/la-eurocamara-da-luz-verde-a-la-exencion-de-visados-entre-la-ue-y-colombia\\\/#listItem\",\"position\":3,\"name\":\"La Euroc\\u00e1mara da &#8216;luz verde&#8217; a la exenci\\u00f3n de visados entre la UE y Colombia\",\"previousItem\":{\"@type\":\"ListItem\",\"@id\":\"https:\\\/\\\/eldigitaldeasturias.com\\\/magazine365\\\/category\\\/noticias-actualidad\\\/#listItem\",\"name\":\"Noticias y Actualidad\"}}]},{\"@type\":\"Organization\",\"@id\":\"https:\\\/\\\/eldigitaldeasturias.com\\\/magazine365\\\/#organization\",\"name\":\"El digital de Asturias\",\"description\":\"Revista de ocio, turismo y estilo de vida\",\"url\":\"https:\\\/\\\/eldigitaldeasturias.com\\\/magazine365\\\/\",\"logo\":{\"@type\":\"ImageObject\",\"url\":\"https:\\\/\\\/www.eldigitaldeasturias.com\\\/noticias\\\/wp-content\\\/uploads\\\/2020\\\/12\\\/EDA.jpg\",\"@id\":\"https:\\\/\\\/eldigitaldeasturias.com\\\/magazine365\\\/la-eurocamara-da-luz-verde-a-la-exencion-de-visados-entre-la-ue-y-colombia\\\/#organizationLogo\"},\"image\":{\"@id\":\"https:\\\/\\\/eldigitaldeasturias.com\\\/magazine365\\\/la-eurocamara-da-luz-verde-a-la-exencion-de-visados-entre-la-ue-y-colombia\\\/#organizationLogo\"}},{\"@type\":\"Person\",\"@id\":\"https:\\\/\\\/eldigitaldeasturias.com\\\/magazine365\\\/author\\\/admin\\\/#author\",\"url\":\"https:\\\/\\\/eldigitaldeasturias.com\\\/magazine365\\\/author\\\/admin\\\/\",\"name\":\"admin\",\"image\":{\"@type\":\"ImageObject\",\"@id\":\"https:\\\/\\\/eldigitaldeasturias.com\\\/magazine365\\\/la-eurocamara-da-luz-verde-a-la-exencion-de-visados-entre-la-ue-y-colombia\\\/#authorImage\",\"url\":\"https:\\\/\\\/eldigitaldeasturias.com\\\/magazine365\\\/wp-content\\\/litespeed\\\/avatar\\\/e571bcf59a0edd6fa6838245a470f2fe.jpg?ver=1776969259\",\"width\":96,\"height\":96,\"caption\":\"admin\"}},{\"@type\":\"WebPage\",\"@id\":\"https:\\\/\\\/eldigitaldeasturias.com\\\/magazine365\\\/la-eurocamara-da-luz-verde-a-la-exencion-de-visados-entre-la-ue-y-colombia\\\/#webpage\",\"url\":\"https:\\\/\\\/eldigitaldeasturias.com\\\/magazine365\\\/la-eurocamara-da-luz-verde-a-la-exencion-de-visados-entre-la-ue-y-colombia\\\/\",\"name\":\"La Euroc\\u00e1mara da \\u2018luz verde\\u2019 a la exenci\\u00f3n de visados entre la UE y Colombia | El Digital de Asturias\",\"description\":\"El Parlamento Europeo ha aprobado este mi\\u00e9rcoles el acuerdo de exenci\\u00f3n de visados que permitir\\u00e1 a ciudadanos colombianos viajar a la UE y a nacionales de los Estados miembros visitar Colombia sin necesidad de pedir este documento para estancias de hasta 90 d\\u00edas en periodos de 180 jornadas. El acuerdo ha sido respaldado con 584\",\"inLanguage\":\"es-ES\",\"isPartOf\":{\"@id\":\"https:\\\/\\\/eldigitaldeasturias.com\\\/magazine365\\\/#website\"},\"breadcrumb\":{\"@id\":\"https:\\\/\\\/eldigitaldeasturias.com\\\/magazine365\\\/la-eurocamara-da-luz-verde-a-la-exencion-de-visados-entre-la-ue-y-colombia\\\/#breadcrumblist\"},\"author\":{\"@id\":\"https:\\\/\\\/eldigitaldeasturias.com\\\/magazine365\\\/author\\\/admin\\\/#author\"},\"creator\":{\"@id\":\"https:\\\/\\\/eldigitaldeasturias.com\\\/magazine365\\\/author\\\/admin\\\/#author\"},\"image\":{\"@type\":\"ImageObject\",\"url\":\"https:\\\/\\\/eldigitaldeasturias.com\\\/magazine365\\\/wp-content\\\/uploads\\\/2016\\\/06\\\/m365.jpg\",\"@id\":\"https:\\\/\\\/eldigitaldeasturias.com\\\/magazine365\\\/la-eurocamara-da-luz-verde-a-la-exencion-de-visados-entre-la-ue-y-colombia\\\/#mainImage\",\"width\":655,\"height\":360},\"primaryImageOfPage\":{\"@id\":\"https:\\\/\\\/eldigitaldeasturias.com\\\/magazine365\\\/la-eurocamara-da-luz-verde-a-la-exencion-de-visados-entre-la-ue-y-colombia\\\/#mainImage\"},\"datePublished\":\"2016-06-08T19:20:37+02:00\",\"dateModified\":\"2016-06-08T19:20:37+02:00\"},{\"@type\":\"WebSite\",\"@id\":\"https:\\\/\\\/eldigitaldeasturias.com\\\/magazine365\\\/#website\",\"url\":\"https:\\\/\\\/eldigitaldeasturias.com\\\/magazine365\\\/\",\"name\":\"El Digital de Asturias\",\"description\":\"Revista de ocio, turismo y estilo de vida\",\"inLanguage\":\"es-ES\",\"publisher\":{\"@id\":\"https:\\\/\\\/eldigitaldeasturias.com\\\/magazine365\\\/#organization\"}}]}\n\t\t<\/script>\n\t\t<!-- All in One SEO Pro -->\r\n\t\t<title>La Euroc\u00e1mara da \u2018luz verde\u2019 a la exenci\u00f3n de visados entre la UE y Colombia | El Digital de Asturias<\/title>\n\n","aioseo_head_json":{"title":"La Euroc\u00e1mara da \u2018luz verde\u2019 a la exenci\u00f3n de visados entre la UE y Colombia | El Digital de Asturias","description":"El Parlamento Europeo ha aprobado este mi\u00e9rcoles el acuerdo de exenci\u00f3n de visados que permitir\u00e1 a ciudadanos colombianos viajar a la UE y a nacionales de los Estados miembros visitar Colombia sin necesidad de pedir este documento para estancias de hasta 90 d\u00edas en periodos de 180 jornadas. El acuerdo ha sido respaldado con 584","canonical_url":"https:\/\/eldigitaldeasturias.com\/magazine365\/la-eurocamara-da-luz-verde-a-la-exencion-de-visados-entre-la-ue-y-colombia\/","robots":"max-image-preview:large","keywords":"noticias y actualidad","webmasterTools":{"google-site-verification":"UA-38556648-1","miscellaneous":""},"schema":{"@context":"https:\/\/schema.org","@graph":[{"@type":"Article","@id":"https:\/\/eldigitaldeasturias.com\/magazine365\/la-eurocamara-da-luz-verde-a-la-exencion-de-visados-entre-la-ue-y-colombia\/#article","name":"La Euroc\u00e1mara da \u2018luz verde\u2019 a la exenci\u00f3n de visados entre la UE y Colombia | El Digital de Asturias","headline":"La Euroc\u00e1mara da &#8216;luz verde&#8217; a la exenci\u00f3n de visados entre la UE y Colombia","author":{"@id":"https:\/\/eldigitaldeasturias.com\/magazine365\/author\/admin\/#author"},"publisher":{"@id":"https:\/\/eldigitaldeasturias.com\/magazine365\/#organization"},"image":{"@type":"ImageObject","url":"https:\/\/eldigitaldeasturias.com\/magazine365\/wp-content\/uploads\/2016\/06\/m365.jpg","width":655,"height":360},"datePublished":"2016-06-08T19:20:37+02:00","dateModified":"2016-06-08T19:20:37+02:00","inLanguage":"es-ES","mainEntityOfPage":{"@id":"https:\/\/eldigitaldeasturias.com\/magazine365\/la-eurocamara-da-luz-verde-a-la-exencion-de-visados-entre-la-ue-y-colombia\/#webpage"},"isPartOf":{"@id":"https:\/\/eldigitaldeasturias.com\/magazine365\/la-eurocamara-da-luz-verde-a-la-exencion-de-visados-entre-la-ue-y-colombia\/#webpage"},"articleSection":"Noticias y Actualidad"},{"@type":"BreadcrumbList","@id":"https:\/\/eldigitaldeasturias.com\/magazine365\/la-eurocamara-da-luz-verde-a-la-exencion-de-visados-entre-la-ue-y-colombia\/#breadcrumblist","itemListElement":[{"@type":"ListItem","@id":"https:\/\/eldigitaldeasturias.com\/magazine365#listItem","position":1,"name":"Home","item":"https:\/\/eldigitaldeasturias.com\/magazine365","nextItem":{"@type":"ListItem","@id":"https:\/\/eldigitaldeasturias.com\/magazine365\/category\/noticias-actualidad\/#listItem","name":"Noticias y Actualidad"}},{"@type":"ListItem","@id":"https:\/\/eldigitaldeasturias.com\/magazine365\/category\/noticias-actualidad\/#listItem","position":2,"name":"Noticias y Actualidad","item":"https:\/\/eldigitaldeasturias.com\/magazine365\/category\/noticias-actualidad\/","nextItem":{"@type":"ListItem","@id":"https:\/\/eldigitaldeasturias.com\/magazine365\/la-eurocamara-da-luz-verde-a-la-exencion-de-visados-entre-la-ue-y-colombia\/#listItem","name":"La Euroc\u00e1mara da &#8216;luz verde&#8217; a la exenci\u00f3n de visados entre la UE y Colombia"},"previousItem":{"@type":"ListItem","@id":"https:\/\/eldigitaldeasturias.com\/magazine365#listItem","name":"Home"}},{"@type":"ListItem","@id":"https:\/\/eldigitaldeasturias.com\/magazine365\/la-eurocamara-da-luz-verde-a-la-exencion-de-visados-entre-la-ue-y-colombia\/#listItem","position":3,"name":"La Euroc\u00e1mara da &#8216;luz verde&#8217; a la exenci\u00f3n de visados entre la UE y Colombia","previousItem":{"@type":"ListItem","@id":"https:\/\/eldigitaldeasturias.com\/magazine365\/category\/noticias-actualidad\/#listItem","name":"Noticias y Actualidad"}}]},{"@type":"Organization","@id":"https:\/\/eldigitaldeasturias.com\/magazine365\/#organization","name":"El digital de Asturias","description":"Revista de ocio, turismo y estilo de vida","url":"https:\/\/eldigitaldeasturias.com\/magazine365\/","logo":{"@type":"ImageObject","url":"https:\/\/www.eldigitaldeasturias.com\/noticias\/wp-content\/uploads\/2020\/12\/EDA.jpg","@id":"https:\/\/eldigitaldeasturias.com\/magazine365\/la-eurocamara-da-luz-verde-a-la-exencion-de-visados-entre-la-ue-y-colombia\/#organizationLogo"},"image":{"@id":"https:\/\/eldigitaldeasturias.com\/magazine365\/la-eurocamara-da-luz-verde-a-la-exencion-de-visados-entre-la-ue-y-colombia\/#organizationLogo"}},{"@type":"Person","@id":"https:\/\/eldigitaldeasturias.com\/magazine365\/author\/admin\/#author","url":"https:\/\/eldigitaldeasturias.com\/magazine365\/author\/admin\/","name":"admin","image":{"@type":"ImageObject","@id":"https:\/\/eldigitaldeasturias.com\/magazine365\/la-eurocamara-da-luz-verde-a-la-exencion-de-visados-entre-la-ue-y-colombia\/#authorImage","url":"https:\/\/eldigitaldeasturias.com\/magazine365\/wp-content\/litespeed\/avatar\/e571bcf59a0edd6fa6838245a470f2fe.jpg?ver=1776969259","width":96,"height":96,"caption":"admin"}},{"@type":"WebPage","@id":"https:\/\/eldigitaldeasturias.com\/magazine365\/la-eurocamara-da-luz-verde-a-la-exencion-de-visados-entre-la-ue-y-colombia\/#webpage","url":"https:\/\/eldigitaldeasturias.com\/magazine365\/la-eurocamara-da-luz-verde-a-la-exencion-de-visados-entre-la-ue-y-colombia\/","name":"La Euroc\u00e1mara da \u2018luz verde\u2019 a la exenci\u00f3n de visados entre la UE y Colombia | El Digital de Asturias","description":"El Parlamento Europeo ha aprobado este mi\u00e9rcoles el acuerdo de exenci\u00f3n de visados que permitir\u00e1 a ciudadanos colombianos viajar a la UE y a nacionales de los Estados miembros visitar Colombia sin necesidad de pedir este documento para estancias de hasta 90 d\u00edas en periodos de 180 jornadas. El acuerdo ha sido respaldado con 584","inLanguage":"es-ES","isPartOf":{"@id":"https:\/\/eldigitaldeasturias.com\/magazine365\/#website"},"breadcrumb":{"@id":"https:\/\/eldigitaldeasturias.com\/magazine365\/la-eurocamara-da-luz-verde-a-la-exencion-de-visados-entre-la-ue-y-colombia\/#breadcrumblist"},"author":{"@id":"https:\/\/eldigitaldeasturias.com\/magazine365\/author\/admin\/#author"},"creator":{"@id":"https:\/\/eldigitaldeasturias.com\/magazine365\/author\/admin\/#author"},"image":{"@type":"ImageObject","url":"https:\/\/eldigitaldeasturias.com\/magazine365\/wp-content\/uploads\/2016\/06\/m365.jpg","@id":"https:\/\/eldigitaldeasturias.com\/magazine365\/la-eurocamara-da-luz-verde-a-la-exencion-de-visados-entre-la-ue-y-colombia\/#mainImage","width":655,"height":360},"primaryImageOfPage":{"@id":"https:\/\/eldigitaldeasturias.com\/magazine365\/la-eurocamara-da-luz-verde-a-la-exencion-de-visados-entre-la-ue-y-colombia\/#mainImage"},"datePublished":"2016-06-08T19:20:37+02:00","dateModified":"2016-06-08T19:20:37+02:00"},{"@type":"WebSite","@id":"https:\/\/eldigitaldeasturias.com\/magazine365\/#website","url":"https:\/\/eldigitaldeasturias.com\/magazine365\/","name":"El Digital de Asturias","description":"Revista de ocio, turismo y estilo de vida","inLanguage":"es-ES","publisher":{"@id":"https:\/\/eldigitaldeasturias.com\/magazine365\/#organization"}}]},"og:locale":"es_ES","og:site_name":"El Digital de Asturias \u2013 Revista de ocio, turismo y estilo de vida","og:type":"article","og:title":"La Euroc\u00e1mara da \u2018luz verde\u2019 a la exenci\u00f3n de visados entre la UE y Colombia | El Digital de Asturias","og:description":"El Parlamento Europeo ha aprobado este mi\u00e9rcoles el acuerdo de exenci\u00f3n de visados que permitir\u00e1 a ciudadanos colombianos viajar a la UE y a nacionales de los Estados miembros visitar Colombia sin necesidad de pedir este documento para estancias de hasta 90 d\u00edas en periodos de 180 jornadas. El acuerdo ha sido respaldado con 584","og:url":"https:\/\/eldigitaldeasturias.com\/magazine365\/la-eurocamara-da-luz-verde-a-la-exencion-de-visados-entre-la-ue-y-colombia\/","og:image":"https:\/\/eldigitaldeasturias.com\/magazine365\/wp-content\/uploads\/2016\/06\/m365.jpg","og:image:secure_url":"https:\/\/eldigitaldeasturias.com\/magazine365\/wp-content\/uploads\/2016\/06\/m365.jpg","og:image:width":655,"og:image:height":360,"article:published_time":"2016-06-08T17:20:37+00:00","article:modified_time":"2016-06-08T17:20:37+00:00","twitter:card":"summary_large_image","twitter:title":"La Euroc\u00e1mara da \u2018luz verde\u2019 a la exenci\u00f3n de visados entre la UE y Colombia | El Digital de Asturias","twitter:description":"El Parlamento Europeo ha aprobado este mi\u00e9rcoles el acuerdo de exenci\u00f3n de visados que permitir\u00e1 a ciudadanos colombianos viajar a la UE y a nacionales de los Estados miembros visitar Colombia sin necesidad de pedir este documento para estancias de hasta 90 d\u00edas en periodos de 180 jornadas. El acuerdo ha sido respaldado con 584","twitter:image":"https:\/\/eldigitaldeasturias.com\/magazine365\/wp-content\/uploads\/2016\/06\/m365.jpg"},"aioseo_meta_data":{"post_id":"78357","title":null,"description":null,"keywords":null,"keyphrases":null,"primary_term":null,"canonical_url":null,"og_title":null,"og_description":null,"og_object_type":"default","og_image_type":"default","og_image_url":null,"og_image_width":null,"og_image_height":null,"og_image_custom_url":null,"og_image_custom_fields":null,"og_video":null,"og_custom_url":null,"og_article_section":null,"og_article_tags":null,"twitter_use_og":false,"twitter_card":"default","twitter_image_type":"default","twitter_image_url":null,"twitter_image_custom_url":null,"twitter_image_custom_fields":null,"twitter_title":null,"twitter_description":null,"schema":{"blockGraphs":[],"customGraphs":[],"default":{"data":{"Article":[],"Course":[],"Dataset":[],"FAQPage":[],"Movie":[],"Person":[],"Product":[],"ProductReview":[],"Car":[],"Recipe":[],"Service":[],"SoftwareApplication":[],"WebPage":[]},"graphName":"","isEnabled":true},"graphs":[],"defaultGraph":"","defaultPostTypeGraph":""},"schema_type":null,"schema_type_options":null,"pillar_content":false,"robots_default":true,"robots_noindex":false,"robots_noarchive":false,"robots_nosnippet":false,"robots_nofollow":false,"robots_noimageindex":false,"robots_noodp":false,"robots_notranslate":false,"robots_max_snippet":null,"robots_max_videopreview":null,"robots_max_imagepreview":"large","priority":null,"frequency":null,"location":null,"local_seo":null,"seo_analyzer_scan_date":"2025-09-27 16:48:35","breadcrumb_settings":null,"limit_modified_date":false,"open_ai":null,"ai":null,"created":"2021-03-08 18:02:11","updated":"2025-09-27 16:48:35"},"aioseo_breadcrumb":"<div class=\"aioseo-breadcrumbs\"><span class=\"aioseo-breadcrumb\">\n\t<a href=\"https:\/\/eldigitaldeasturias.com\/magazine365\" title=\"Home\">Home<\/a>\n<\/span><span class=\"aioseo-breadcrumb-separator\">\u2013<\/span><span class=\"aioseo-breadcrumb\">\n\t<a href=\"https:\/\/eldigitaldeasturias.com\/magazine365\/category\/noticias-actualidad\/\" title=\"Noticias y Actualidad\">Noticias y Actualidad<\/a>\n<\/span><span class=\"aioseo-breadcrumb-separator\">\u2013<\/span><span class=\"aioseo-breadcrumb\">\n\t<a href=\"https:\/\/eldigitaldeasturias.com\/magazine365\/la-eurocamara-da-luz-verde-a-la-exencion-de-visados-entre-la-ue-y-colombia\/\" title=\"La Euroc\u00e1mara da \u2018luz verde\u2019 a la exenci\u00f3n de visados entre la UE y Colombia\">La Euroc\u00e1mara da \u2018luz verde\u2019 a la exenci\u00f3n de visados entre la UE y Colombia<\/a>\n<\/span><\/div>","aioseo_breadcrumb_json":[{"label":"Home","link":"https:\/\/eldigitaldeasturias.com\/magazine365"},{"label":"Noticias y Actualidad","link":"https:\/\/eldigitaldeasturias.com\/magazine365\/category\/noticias-actualidad\/"},{"label":"La Euroc\u00e1mara da &#8216;luz verde&#8217; a la exenci\u00f3n de visados entre la UE y Colombia","link":"https:\/\/eldigitaldeasturias.com\/magazine365\/la-eurocamara-da-luz-verde-a-la-exencion-de-visados-entre-la-ue-y-colombia\/"}],"_links":{"self":[{"href":"https:\/\/eldigitaldeasturias.com\/magazine365\/wp-json\/wp\/v2\/posts\/78357","targetHints":{"allow":["GET"]}}],"collection":[{"href":"https:\/\/eldigitaldeasturias.com\/magazine365\/wp-json\/wp\/v2\/posts"}],"about":[{"href":"https:\/\/eldigitaldeasturias.com\/magazine365\/wp-json\/wp\/v2\/types\/post"}],"author":[{"embeddable":true,"href":"https:\/\/eldigitaldeasturias.com\/magazine365\/wp-json\/wp\/v2\/users\/1"}],"replies":[{"embeddable":true,"href":"https:\/\/eldigitaldeasturias.com\/magazine365\/wp-json\/wp\/v2\/comments?post=78357"}],"version-history":[{"count":0,"href":"https:\/\/eldigitaldeasturias.com\/magazine365\/wp-json\/wp\/v2\/posts\/78357\/revisions"}],"wp:featuredmedia":[{"embeddable":true,"href":"https:\/\/eldigitaldeasturias.com\/magazine365\/wp-json\/wp\/v2\/media\/77926"}],"wp:attachment":[{"href":"https:\/\/eldigitaldeasturias.com\/magazine365\/wp-json\/wp\/v2\/media?parent=78357"}],"wp:term":[{"taxonomy":"category","embeddable":true,"href":"https:\/\/eldigitaldeasturias.com\/magazine365\/wp-json\/wp\/v2\/categories?post=78357"},{"taxonomy":"post_tag","embeddable":true,"href":"https:\/\/eldigitaldeasturias.com\/magazine365\/wp-json\/wp\/v2\/tags?post=78357"}],"curies":[{"name":"wp","href":"https:\/\/api.w.org\/{rel}","templated":true}]}}