{"id":78354,"date":"2016-06-08T19:19:54","date_gmt":"2016-06-08T17:19:54","guid":{"rendered":"http:\/\/eldigitaldeasturias.com\/magazine365\/?p=78354"},"modified":"2016-06-08T19:19:54","modified_gmt":"2016-06-08T17:19:54","slug":"malaga-referente-de-fycma-en-una-jornada-sobre-turismo-en-benidorm","status":"publish","type":"post","link":"https:\/\/eldigitaldeasturias.com\/magazine365\/malaga-referente-de-fycma-en-una-jornada-sobre-turismo-en-benidorm\/","title":{"rendered":"M\u00e1laga referente de FYCMA en una jornada sobre turismo en Benidorm"},"content":{"rendered":"<p><img fetchpriority=\"high\" decoding=\"async\" class=\"alignleft size-medium wp-image-78355\" src=\"https:\/\/eldigitaldeasturias.com\/magazine365\/wp-content\/uploads\/2016\/06\/fotonoticia_20160608174232_800-360x240.jpg\" alt=\"fotonoticia_20160608174232_800\" width=\"360\" height=\"240\" srcset=\"https:\/\/eldigitaldeasturias.com\/magazine365\/wp-content\/uploads\/2016\/06\/fotonoticia_20160608174232_800-360x240.jpg 360w, https:\/\/eldigitaldeasturias.com\/magazine365\/wp-content\/uploads\/2016\/06\/fotonoticia_20160608174232_800-650x434.jpg 650w, https:\/\/eldigitaldeasturias.com\/magazine365\/wp-content\/uploads\/2016\/06\/fotonoticia_20160608174232_800-768x513.jpg 768w, https:\/\/eldigitaldeasturias.com\/magazine365\/wp-content\/uploads\/2016\/06\/fotonoticia_20160608174232_800-150x100.jpg 150w, https:\/\/eldigitaldeasturias.com\/magazine365\/wp-content\/uploads\/2016\/06\/fotonoticia_20160608174232_800-450x300.jpg 450w, https:\/\/eldigitaldeasturias.com\/magazine365\/wp-content\/uploads\/2016\/06\/fotonoticia_20160608174232_800-101x66.jpg 101w, https:\/\/eldigitaldeasturias.com\/magazine365\/wp-content\/uploads\/2016\/06\/fotonoticia_20160608174232_800.jpg 800w\" sizes=\"(max-width: 360px) 100vw, 360px\" \/>El Palacio de Ferias y Congresos de M\u00e1laga (Fycma) ha presentado a la capital, a trav\u00e9s de su directora general, Yolanda de Aguilar, como ejemplo de \u00e9xito en turismo en la tercera edici\u00f3n de la jornada &#8216;C\u00f3mo mejoramos nuestro posicionamiento tur\u00edstico&#8217;, que se ha celebrado este mi\u00e9rcoles en la localidad alicantina de Benidorm.<\/p>\n<p>El encuentro ha reunido a unos 250 empresarios y directivos para analizar la importancia del turismo y las medidas a tomar en pos de su desarrollo y fortalecimiento, seg\u00fan han informado desde la propia instituci\u00f3n malague\u00f1a en un comunicado.<\/p>\n<p>De Aguilar ha expuesto, durante su participaci\u00f3n en una mesa redonda, las claves del posicionamiento de M\u00e1laga como destino urbano l\u00edder, as\u00ed como la estrategia de la Costa del Sol, casos de \u00e9xito basados en la diversificaci\u00f3n y segmentaci\u00f3n de la oferta, la explotaci\u00f3n de nuevos segmentos, la necesidad de mantener la competitividad en base a la innovaci\u00f3n y la calidad y la importancia del trabajo conjunto entre las administraciones y el sector privado.<\/p>\n<p>De esta forma, y en el caso concreto de M\u00e1laga, ha hecho menci\u00f3n a los factores que han impulsado a la ciudad a ser el destino urbano del pa\u00eds que m\u00e1s crece, \u00abcon m\u00e1s de 3,5 millones de visitantes y un mill\u00f3n de viajeros alojados en 2015, como su completa y cada vez mayor oferta muse\u00edstica y hotelera, el gran desarrollo de infraestructuras acometido en los \u00faltimos a\u00f1os y la aportaci\u00f3n de espacios tan significativos en la ciudad como Fycma, que desde su apertura en 2003 ha albergado 284 ferias y 1.363 eventos\u00bb.<\/p>\n<p>Junto a ello, la directora ha abordado tambi\u00e9n el desarrollo de la marca Costa del Sol y el \u00e9xito de la estrategia multisegmento en un destino maduro, clave para fortalecer su competitividad y aumentar los \u00edndices de satisfacci\u00f3n y fidelizaci\u00f3n de visitantes y agentes intermediarios.<\/p>\n<p>Al respecto, De Aguilar ha destacado la contribuci\u00f3n de esta estrategia para hacer frente a la estacionalidad, indicando \u00abel aumento de m\u00e1s de un 14 por ciento de personas alojadas entre noviembre de 2015 y marzo de 2016 con respecto al mismo periodo de los ejercicios anteriores\u00bb.<\/p>\n<p>La responsable de Fycma ha compartido espacio con profesionales y expertos del sector tur\u00edstico de primer orden, caso del director gerente de la Fundaci\u00f3n Turismo Valencia, Antonio Bernab\u00e9; el presidente del Grupo MBD, Javier G\u00f3mez-Navarro; el periodista, fil\u00f3sofo y escritor Josep Ramoneda y el vicepresidente ejecutivo de Exceltur, Jos\u00e9 Luis Zoreda.<\/p>\n<h2 class=\"ladillo\">TURISMO EN ESPA\u00d1A<\/h2>\n<p>La jornada ha comenzado con una ponencia de Zoreda, que ha versado sobre el turismo en Espa\u00f1a y en la Comunidad Valenciana y ha integrado tambi\u00e9n una mesa titulada &#8216;Viajeros de hoy&#8217;, que ha tenido como objetivo analizar las expectativas y preferencias de estos \u00faltimos.<\/p>\n<p>Dicha mesa ha tenido como moderador a Jos\u00e9 N\u00e1cher, que ostenta el cargo de profesor titular de Econom\u00eda Aplicada de la Universidad de Valencia y director de la Unidad de Investigaci\u00f3n de Estrategias en Turismo y Ocio.<\/p>\n<p>Entre los participantes del coloquio han estado, adem\u00e1s, los directores generales de eDreams Odigeo Espa\u00f1a, de Sistel y de Grupo Centauro, Javier Bellido, Manuel Cazorla y David Devesa, respectivamente, y el consejero delegado de Maisa Promociones, Antonio Fern\u00e1ndez.<\/p>\n<p>Esta tercera edici\u00f3n ha tenido como broche final la presentaci\u00f3n de una serie de propuestas que contribuyan a mejorar el posicionamiento tur\u00edstico de la Comunidad Valenciana.<\/p>\n<p>El encuentro est\u00e1 organizado por la Confederaci\u00f3n Empresarial de la Provincia de Alicante (Coepa) junto a la Asociaci\u00f3n de la Empresa Familiar de Alicante (AEFA), la Asociaci\u00f3n Valenciana de Empresarios (AVE), la C\u00e1mara de Alicante, la Escuela de Empresarios EDEM y la Asociaci\u00f3n Empresarial Hostelera de Benidorm, Costa Blanca y Comunidad Valenciana (Hosbec).<\/p>\n","protected":false},"excerpt":{"rendered":"<p>El Palacio de Ferias y Congresos de M\u00e1laga (Fycma) ha presentado a la capital, a trav\u00e9s de su directora general, Yolanda de Aguilar, como ejemplo de \u00e9xito en turismo en la tercera edici\u00f3n de la jornada &#8216;C\u00f3mo mejoramos nuestro posicionamiento tur\u00edstico&#8217;, que se ha celebrado este mi\u00e9rcoles en la localidad alicantina de Benidorm. El encuentro<\/p>\n","protected":false},"author":1,"featured_media":78355,"comment_status":"open","ping_status":"closed","sticky":false,"template":"","format":"standard","meta":{"footnotes":""},"categories":[224],"tags":[],"class_list":{"0":"post-78354","1":"post","2":"type-post","3":"status-publish","4":"format-standard","5":"has-post-thumbnail","7":"category-noticias-actualidad"},"aioseo_notices":[],"aioseo_head":"\n\t\t<!-- All in One SEO Pro 4.9.6.1 - aioseo.com -->\n\t<meta name=\"description\" content=\"El Palacio de Ferias y Congresos de M\u00e1laga (Fycma) ha presentado a la capital, a trav\u00e9s de su directora general, Yolanda de Aguilar, como ejemplo de \u00e9xito en turismo en la tercera edici\u00f3n de la jornada &#039;C\u00f3mo mejoramos nuestro posicionamiento tur\u00edstico&#039;, que se ha celebrado este mi\u00e9rcoles en la localidad alicantina de Benidorm. El encuentro\" \/>\n\t<meta name=\"robots\" content=\"max-image-preview:large\" \/>\n\t<meta name=\"author\" content=\"admin\"\/>\n\t<meta name=\"google-site-verification\" content=\"UA-38556648-1\" \/>\n\t<meta name=\"keywords\" content=\"noticias y actualidad\" \/>\n\t<link rel=\"canonical\" href=\"https:\/\/eldigitaldeasturias.com\/magazine365\/malaga-referente-de-fycma-en-una-jornada-sobre-turismo-en-benidorm\/\" \/>\n\t<meta name=\"generator\" content=\"All in One SEO Pro (AIOSEO) 4.9.6.1\" \/>\n\t\t<meta property=\"og:locale\" content=\"es_ES\" \/>\n\t\t<meta property=\"og:site_name\" content=\"El Digital de Asturias \u2013 Revista de ocio, turismo y estilo de vida\" \/>\n\t\t<meta property=\"og:type\" content=\"article\" \/>\n\t\t<meta property=\"og:title\" content=\"M\u00e1laga referente de FYCMA en una jornada sobre turismo en Benidorm | El Digital de Asturias\" \/>\n\t\t<meta property=\"og:description\" content=\"El Palacio de Ferias y Congresos de M\u00e1laga (Fycma) ha presentado a la capital, a trav\u00e9s de su directora general, Yolanda de Aguilar, como ejemplo de \u00e9xito en turismo en la tercera edici\u00f3n de la jornada &#039;C\u00f3mo mejoramos nuestro posicionamiento tur\u00edstico&#039;, que se ha celebrado este mi\u00e9rcoles en la localidad alicantina de Benidorm. El encuentro\" \/>\n\t\t<meta property=\"og:url\" content=\"https:\/\/eldigitaldeasturias.com\/magazine365\/malaga-referente-de-fycma-en-una-jornada-sobre-turismo-en-benidorm\/\" \/>\n\t\t<meta property=\"og:image\" content=\"https:\/\/eldigitaldeasturias.com\/magazine365\/wp-content\/uploads\/2016\/06\/fotonoticia_20160608174232_800.jpg\" \/>\n\t\t<meta property=\"og:image:secure_url\" content=\"https:\/\/eldigitaldeasturias.com\/magazine365\/wp-content\/uploads\/2016\/06\/fotonoticia_20160608174232_800.jpg\" \/>\n\t\t<meta property=\"og:image:width\" content=\"800\" \/>\n\t\t<meta property=\"og:image:height\" content=\"534\" \/>\n\t\t<meta property=\"article:published_time\" content=\"2016-06-08T17:19:54+00:00\" \/>\n\t\t<meta property=\"article:modified_time\" content=\"2016-06-08T17:19:54+00:00\" \/>\n\t\t<meta name=\"twitter:card\" content=\"summary_large_image\" \/>\n\t\t<meta name=\"twitter:title\" content=\"M\u00e1laga referente de FYCMA en una jornada sobre turismo en Benidorm | El Digital de Asturias\" \/>\n\t\t<meta name=\"twitter:description\" content=\"El Palacio de Ferias y Congresos de M\u00e1laga (Fycma) ha presentado a la capital, a trav\u00e9s de su directora general, Yolanda de Aguilar, como ejemplo de \u00e9xito en turismo en la tercera edici\u00f3n de la jornada &#039;C\u00f3mo mejoramos nuestro posicionamiento tur\u00edstico&#039;, que se ha celebrado este mi\u00e9rcoles en la localidad alicantina de Benidorm. El encuentro\" \/>\n\t\t<meta name=\"twitter:image\" content=\"https:\/\/eldigitaldeasturias.com\/magazine365\/wp-content\/uploads\/2016\/06\/fotonoticia_20160608174232_800.jpg\" \/>\n\t\t<script type=\"application\/ld+json\" class=\"aioseo-schema\">\n\t\t\t{\"@context\":\"https:\\\/\\\/schema.org\",\"@graph\":[{\"@type\":\"Article\",\"@id\":\"https:\\\/\\\/eldigitaldeasturias.com\\\/magazine365\\\/malaga-referente-de-fycma-en-una-jornada-sobre-turismo-en-benidorm\\\/#article\",\"name\":\"M\\u00e1laga referente de FYCMA en una jornada sobre turismo en Benidorm | El Digital de Asturias\",\"headline\":\"M\\u00e1laga referente de FYCMA en una jornada sobre turismo en Benidorm\",\"author\":{\"@id\":\"https:\\\/\\\/eldigitaldeasturias.com\\\/magazine365\\\/author\\\/admin\\\/#author\"},\"publisher\":{\"@id\":\"https:\\\/\\\/eldigitaldeasturias.com\\\/magazine365\\\/#organization\"},\"image\":{\"@type\":\"ImageObject\",\"url\":\"https:\\\/\\\/eldigitaldeasturias.com\\\/magazine365\\\/wp-content\\\/uploads\\\/2016\\\/06\\\/fotonoticia_20160608174232_800.jpg\",\"width\":800,\"height\":534},\"datePublished\":\"2016-06-08T19:19:54+02:00\",\"dateModified\":\"2016-06-08T19:19:54+02:00\",\"inLanguage\":\"es-ES\",\"mainEntityOfPage\":{\"@id\":\"https:\\\/\\\/eldigitaldeasturias.com\\\/magazine365\\\/malaga-referente-de-fycma-en-una-jornada-sobre-turismo-en-benidorm\\\/#webpage\"},\"isPartOf\":{\"@id\":\"https:\\\/\\\/eldigitaldeasturias.com\\\/magazine365\\\/malaga-referente-de-fycma-en-una-jornada-sobre-turismo-en-benidorm\\\/#webpage\"},\"articleSection\":\"Noticias y Actualidad\"},{\"@type\":\"BreadcrumbList\",\"@id\":\"https:\\\/\\\/eldigitaldeasturias.com\\\/magazine365\\\/malaga-referente-de-fycma-en-una-jornada-sobre-turismo-en-benidorm\\\/#breadcrumblist\",\"itemListElement\":[{\"@type\":\"ListItem\",\"@id\":\"https:\\\/\\\/eldigitaldeasturias.com\\\/magazine365#listItem\",\"position\":1,\"name\":\"Home\",\"item\":\"https:\\\/\\\/eldigitaldeasturias.com\\\/magazine365\",\"nextItem\":{\"@type\":\"ListItem\",\"@id\":\"https:\\\/\\\/eldigitaldeasturias.com\\\/magazine365\\\/category\\\/noticias-actualidad\\\/#listItem\",\"name\":\"Noticias y Actualidad\"}},{\"@type\":\"ListItem\",\"@id\":\"https:\\\/\\\/eldigitaldeasturias.com\\\/magazine365\\\/category\\\/noticias-actualidad\\\/#listItem\",\"position\":2,\"name\":\"Noticias y Actualidad\",\"item\":\"https:\\\/\\\/eldigitaldeasturias.com\\\/magazine365\\\/category\\\/noticias-actualidad\\\/\",\"nextItem\":{\"@type\":\"ListItem\",\"@id\":\"https:\\\/\\\/eldigitaldeasturias.com\\\/magazine365\\\/malaga-referente-de-fycma-en-una-jornada-sobre-turismo-en-benidorm\\\/#listItem\",\"name\":\"M\\u00e1laga referente de FYCMA en una jornada sobre turismo en Benidorm\"},\"previousItem\":{\"@type\":\"ListItem\",\"@id\":\"https:\\\/\\\/eldigitaldeasturias.com\\\/magazine365#listItem\",\"name\":\"Home\"}},{\"@type\":\"ListItem\",\"@id\":\"https:\\\/\\\/eldigitaldeasturias.com\\\/magazine365\\\/malaga-referente-de-fycma-en-una-jornada-sobre-turismo-en-benidorm\\\/#listItem\",\"position\":3,\"name\":\"M\\u00e1laga referente de FYCMA en una jornada sobre turismo en Benidorm\",\"previousItem\":{\"@type\":\"ListItem\",\"@id\":\"https:\\\/\\\/eldigitaldeasturias.com\\\/magazine365\\\/category\\\/noticias-actualidad\\\/#listItem\",\"name\":\"Noticias y Actualidad\"}}]},{\"@type\":\"Organization\",\"@id\":\"https:\\\/\\\/eldigitaldeasturias.com\\\/magazine365\\\/#organization\",\"name\":\"El digital de Asturias\",\"description\":\"Revista de ocio, turismo y estilo de vida\",\"url\":\"https:\\\/\\\/eldigitaldeasturias.com\\\/magazine365\\\/\",\"logo\":{\"@type\":\"ImageObject\",\"url\":\"https:\\\/\\\/www.eldigitaldeasturias.com\\\/noticias\\\/wp-content\\\/uploads\\\/2020\\\/12\\\/EDA.jpg\",\"@id\":\"https:\\\/\\\/eldigitaldeasturias.com\\\/magazine365\\\/malaga-referente-de-fycma-en-una-jornada-sobre-turismo-en-benidorm\\\/#organizationLogo\"},\"image\":{\"@id\":\"https:\\\/\\\/eldigitaldeasturias.com\\\/magazine365\\\/malaga-referente-de-fycma-en-una-jornada-sobre-turismo-en-benidorm\\\/#organizationLogo\"}},{\"@type\":\"Person\",\"@id\":\"https:\\\/\\\/eldigitaldeasturias.com\\\/magazine365\\\/author\\\/admin\\\/#author\",\"url\":\"https:\\\/\\\/eldigitaldeasturias.com\\\/magazine365\\\/author\\\/admin\\\/\",\"name\":\"admin\",\"image\":{\"@type\":\"ImageObject\",\"@id\":\"https:\\\/\\\/eldigitaldeasturias.com\\\/magazine365\\\/malaga-referente-de-fycma-en-una-jornada-sobre-turismo-en-benidorm\\\/#authorImage\",\"url\":\"https:\\\/\\\/eldigitaldeasturias.com\\\/magazine365\\\/wp-content\\\/litespeed\\\/avatar\\\/e571bcf59a0edd6fa6838245a470f2fe.jpg?ver=1776969259\",\"width\":96,\"height\":96,\"caption\":\"admin\"}},{\"@type\":\"WebPage\",\"@id\":\"https:\\\/\\\/eldigitaldeasturias.com\\\/magazine365\\\/malaga-referente-de-fycma-en-una-jornada-sobre-turismo-en-benidorm\\\/#webpage\",\"url\":\"https:\\\/\\\/eldigitaldeasturias.com\\\/magazine365\\\/malaga-referente-de-fycma-en-una-jornada-sobre-turismo-en-benidorm\\\/\",\"name\":\"M\\u00e1laga referente de FYCMA en una jornada sobre turismo en Benidorm | El Digital de Asturias\",\"description\":\"El Palacio de Ferias y Congresos de M\\u00e1laga (Fycma) ha presentado a la capital, a trav\\u00e9s de su directora general, Yolanda de Aguilar, como ejemplo de \\u00e9xito en turismo en la tercera edici\\u00f3n de la jornada 'C\\u00f3mo mejoramos nuestro posicionamiento tur\\u00edstico', que se ha celebrado este mi\\u00e9rcoles en la localidad alicantina de Benidorm. El encuentro\",\"inLanguage\":\"es-ES\",\"isPartOf\":{\"@id\":\"https:\\\/\\\/eldigitaldeasturias.com\\\/magazine365\\\/#website\"},\"breadcrumb\":{\"@id\":\"https:\\\/\\\/eldigitaldeasturias.com\\\/magazine365\\\/malaga-referente-de-fycma-en-una-jornada-sobre-turismo-en-benidorm\\\/#breadcrumblist\"},\"author\":{\"@id\":\"https:\\\/\\\/eldigitaldeasturias.com\\\/magazine365\\\/author\\\/admin\\\/#author\"},\"creator\":{\"@id\":\"https:\\\/\\\/eldigitaldeasturias.com\\\/magazine365\\\/author\\\/admin\\\/#author\"},\"image\":{\"@type\":\"ImageObject\",\"url\":\"https:\\\/\\\/eldigitaldeasturias.com\\\/magazine365\\\/wp-content\\\/uploads\\\/2016\\\/06\\\/fotonoticia_20160608174232_800.jpg\",\"@id\":\"https:\\\/\\\/eldigitaldeasturias.com\\\/magazine365\\\/malaga-referente-de-fycma-en-una-jornada-sobre-turismo-en-benidorm\\\/#mainImage\",\"width\":800,\"height\":534},\"primaryImageOfPage\":{\"@id\":\"https:\\\/\\\/eldigitaldeasturias.com\\\/magazine365\\\/malaga-referente-de-fycma-en-una-jornada-sobre-turismo-en-benidorm\\\/#mainImage\"},\"datePublished\":\"2016-06-08T19:19:54+02:00\",\"dateModified\":\"2016-06-08T19:19:54+02:00\"},{\"@type\":\"WebSite\",\"@id\":\"https:\\\/\\\/eldigitaldeasturias.com\\\/magazine365\\\/#website\",\"url\":\"https:\\\/\\\/eldigitaldeasturias.com\\\/magazine365\\\/\",\"name\":\"El Digital de Asturias\",\"description\":\"Revista de ocio, turismo y estilo de vida\",\"inLanguage\":\"es-ES\",\"publisher\":{\"@id\":\"https:\\\/\\\/eldigitaldeasturias.com\\\/magazine365\\\/#organization\"}}]}\n\t\t<\/script>\n\t\t<!-- All in One SEO Pro -->\r\n\t\t<title>M\u00e1laga referente de FYCMA en una jornada sobre turismo en Benidorm | El Digital de Asturias<\/title>\n\n","aioseo_head_json":{"title":"M\u00e1laga referente de FYCMA en una jornada sobre turismo en Benidorm | El Digital de Asturias","description":"El Palacio de Ferias y Congresos de M\u00e1laga (Fycma) ha presentado a la capital, a trav\u00e9s de su directora general, Yolanda de Aguilar, como ejemplo de \u00e9xito en turismo en la tercera edici\u00f3n de la jornada 'C\u00f3mo mejoramos nuestro posicionamiento tur\u00edstico', que se ha celebrado este mi\u00e9rcoles en la localidad alicantina de Benidorm. El encuentro","canonical_url":"https:\/\/eldigitaldeasturias.com\/magazine365\/malaga-referente-de-fycma-en-una-jornada-sobre-turismo-en-benidorm\/","robots":"max-image-preview:large","keywords":"noticias y actualidad","webmasterTools":{"google-site-verification":"UA-38556648-1","miscellaneous":""},"schema":{"@context":"https:\/\/schema.org","@graph":[{"@type":"Article","@id":"https:\/\/eldigitaldeasturias.com\/magazine365\/malaga-referente-de-fycma-en-una-jornada-sobre-turismo-en-benidorm\/#article","name":"M\u00e1laga referente de FYCMA en una jornada sobre turismo en Benidorm | El Digital de Asturias","headline":"M\u00e1laga referente de FYCMA en una jornada sobre turismo en Benidorm","author":{"@id":"https:\/\/eldigitaldeasturias.com\/magazine365\/author\/admin\/#author"},"publisher":{"@id":"https:\/\/eldigitaldeasturias.com\/magazine365\/#organization"},"image":{"@type":"ImageObject","url":"https:\/\/eldigitaldeasturias.com\/magazine365\/wp-content\/uploads\/2016\/06\/fotonoticia_20160608174232_800.jpg","width":800,"height":534},"datePublished":"2016-06-08T19:19:54+02:00","dateModified":"2016-06-08T19:19:54+02:00","inLanguage":"es-ES","mainEntityOfPage":{"@id":"https:\/\/eldigitaldeasturias.com\/magazine365\/malaga-referente-de-fycma-en-una-jornada-sobre-turismo-en-benidorm\/#webpage"},"isPartOf":{"@id":"https:\/\/eldigitaldeasturias.com\/magazine365\/malaga-referente-de-fycma-en-una-jornada-sobre-turismo-en-benidorm\/#webpage"},"articleSection":"Noticias y Actualidad"},{"@type":"BreadcrumbList","@id":"https:\/\/eldigitaldeasturias.com\/magazine365\/malaga-referente-de-fycma-en-una-jornada-sobre-turismo-en-benidorm\/#breadcrumblist","itemListElement":[{"@type":"ListItem","@id":"https:\/\/eldigitaldeasturias.com\/magazine365#listItem","position":1,"name":"Home","item":"https:\/\/eldigitaldeasturias.com\/magazine365","nextItem":{"@type":"ListItem","@id":"https:\/\/eldigitaldeasturias.com\/magazine365\/category\/noticias-actualidad\/#listItem","name":"Noticias y Actualidad"}},{"@type":"ListItem","@id":"https:\/\/eldigitaldeasturias.com\/magazine365\/category\/noticias-actualidad\/#listItem","position":2,"name":"Noticias y Actualidad","item":"https:\/\/eldigitaldeasturias.com\/magazine365\/category\/noticias-actualidad\/","nextItem":{"@type":"ListItem","@id":"https:\/\/eldigitaldeasturias.com\/magazine365\/malaga-referente-de-fycma-en-una-jornada-sobre-turismo-en-benidorm\/#listItem","name":"M\u00e1laga referente de FYCMA en una jornada sobre turismo en Benidorm"},"previousItem":{"@type":"ListItem","@id":"https:\/\/eldigitaldeasturias.com\/magazine365#listItem","name":"Home"}},{"@type":"ListItem","@id":"https:\/\/eldigitaldeasturias.com\/magazine365\/malaga-referente-de-fycma-en-una-jornada-sobre-turismo-en-benidorm\/#listItem","position":3,"name":"M\u00e1laga referente de FYCMA en una jornada sobre turismo en Benidorm","previousItem":{"@type":"ListItem","@id":"https:\/\/eldigitaldeasturias.com\/magazine365\/category\/noticias-actualidad\/#listItem","name":"Noticias y Actualidad"}}]},{"@type":"Organization","@id":"https:\/\/eldigitaldeasturias.com\/magazine365\/#organization","name":"El digital de Asturias","description":"Revista de ocio, turismo y estilo de vida","url":"https:\/\/eldigitaldeasturias.com\/magazine365\/","logo":{"@type":"ImageObject","url":"https:\/\/www.eldigitaldeasturias.com\/noticias\/wp-content\/uploads\/2020\/12\/EDA.jpg","@id":"https:\/\/eldigitaldeasturias.com\/magazine365\/malaga-referente-de-fycma-en-una-jornada-sobre-turismo-en-benidorm\/#organizationLogo"},"image":{"@id":"https:\/\/eldigitaldeasturias.com\/magazine365\/malaga-referente-de-fycma-en-una-jornada-sobre-turismo-en-benidorm\/#organizationLogo"}},{"@type":"Person","@id":"https:\/\/eldigitaldeasturias.com\/magazine365\/author\/admin\/#author","url":"https:\/\/eldigitaldeasturias.com\/magazine365\/author\/admin\/","name":"admin","image":{"@type":"ImageObject","@id":"https:\/\/eldigitaldeasturias.com\/magazine365\/malaga-referente-de-fycma-en-una-jornada-sobre-turismo-en-benidorm\/#authorImage","url":"https:\/\/eldigitaldeasturias.com\/magazine365\/wp-content\/litespeed\/avatar\/e571bcf59a0edd6fa6838245a470f2fe.jpg?ver=1776969259","width":96,"height":96,"caption":"admin"}},{"@type":"WebPage","@id":"https:\/\/eldigitaldeasturias.com\/magazine365\/malaga-referente-de-fycma-en-una-jornada-sobre-turismo-en-benidorm\/#webpage","url":"https:\/\/eldigitaldeasturias.com\/magazine365\/malaga-referente-de-fycma-en-una-jornada-sobre-turismo-en-benidorm\/","name":"M\u00e1laga referente de FYCMA en una jornada sobre turismo en Benidorm | El Digital de Asturias","description":"El Palacio de Ferias y Congresos de M\u00e1laga (Fycma) ha presentado a la capital, a trav\u00e9s de su directora general, Yolanda de Aguilar, como ejemplo de \u00e9xito en turismo en la tercera edici\u00f3n de la jornada 'C\u00f3mo mejoramos nuestro posicionamiento tur\u00edstico', que se ha celebrado este mi\u00e9rcoles en la localidad alicantina de Benidorm. El encuentro","inLanguage":"es-ES","isPartOf":{"@id":"https:\/\/eldigitaldeasturias.com\/magazine365\/#website"},"breadcrumb":{"@id":"https:\/\/eldigitaldeasturias.com\/magazine365\/malaga-referente-de-fycma-en-una-jornada-sobre-turismo-en-benidorm\/#breadcrumblist"},"author":{"@id":"https:\/\/eldigitaldeasturias.com\/magazine365\/author\/admin\/#author"},"creator":{"@id":"https:\/\/eldigitaldeasturias.com\/magazine365\/author\/admin\/#author"},"image":{"@type":"ImageObject","url":"https:\/\/eldigitaldeasturias.com\/magazine365\/wp-content\/uploads\/2016\/06\/fotonoticia_20160608174232_800.jpg","@id":"https:\/\/eldigitaldeasturias.com\/magazine365\/malaga-referente-de-fycma-en-una-jornada-sobre-turismo-en-benidorm\/#mainImage","width":800,"height":534},"primaryImageOfPage":{"@id":"https:\/\/eldigitaldeasturias.com\/magazine365\/malaga-referente-de-fycma-en-una-jornada-sobre-turismo-en-benidorm\/#mainImage"},"datePublished":"2016-06-08T19:19:54+02:00","dateModified":"2016-06-08T19:19:54+02:00"},{"@type":"WebSite","@id":"https:\/\/eldigitaldeasturias.com\/magazine365\/#website","url":"https:\/\/eldigitaldeasturias.com\/magazine365\/","name":"El Digital de Asturias","description":"Revista de ocio, turismo y estilo de vida","inLanguage":"es-ES","publisher":{"@id":"https:\/\/eldigitaldeasturias.com\/magazine365\/#organization"}}]},"og:locale":"es_ES","og:site_name":"El Digital de Asturias \u2013 Revista de ocio, turismo y estilo de vida","og:type":"article","og:title":"M\u00e1laga referente de FYCMA en una jornada sobre turismo en Benidorm | El Digital de Asturias","og:description":"El Palacio de Ferias y Congresos de M\u00e1laga (Fycma) ha presentado a la capital, a trav\u00e9s de su directora general, Yolanda de Aguilar, como ejemplo de \u00e9xito en turismo en la tercera edici\u00f3n de la jornada 'C\u00f3mo mejoramos nuestro posicionamiento tur\u00edstico', que se ha celebrado este mi\u00e9rcoles en la localidad alicantina de Benidorm. El encuentro","og:url":"https:\/\/eldigitaldeasturias.com\/magazine365\/malaga-referente-de-fycma-en-una-jornada-sobre-turismo-en-benidorm\/","og:image":"https:\/\/eldigitaldeasturias.com\/magazine365\/wp-content\/uploads\/2016\/06\/fotonoticia_20160608174232_800.jpg","og:image:secure_url":"https:\/\/eldigitaldeasturias.com\/magazine365\/wp-content\/uploads\/2016\/06\/fotonoticia_20160608174232_800.jpg","og:image:width":800,"og:image:height":534,"article:published_time":"2016-06-08T17:19:54+00:00","article:modified_time":"2016-06-08T17:19:54+00:00","twitter:card":"summary_large_image","twitter:title":"M\u00e1laga referente de FYCMA en una jornada sobre turismo en Benidorm | El Digital de Asturias","twitter:description":"El Palacio de Ferias y Congresos de M\u00e1laga (Fycma) ha presentado a la capital, a trav\u00e9s de su directora general, Yolanda de Aguilar, como ejemplo de \u00e9xito en turismo en la tercera edici\u00f3n de la jornada 'C\u00f3mo mejoramos nuestro posicionamiento tur\u00edstico', que se ha celebrado este mi\u00e9rcoles en la localidad alicantina de Benidorm. El encuentro","twitter:image":"https:\/\/eldigitaldeasturias.com\/magazine365\/wp-content\/uploads\/2016\/06\/fotonoticia_20160608174232_800.jpg"},"aioseo_meta_data":{"post_id":"78354","title":null,"description":null,"keywords":null,"keyphrases":null,"primary_term":null,"canonical_url":null,"og_title":null,"og_description":null,"og_object_type":"default","og_image_type":"default","og_image_url":null,"og_image_width":null,"og_image_height":null,"og_image_custom_url":null,"og_image_custom_fields":null,"og_video":null,"og_custom_url":null,"og_article_section":null,"og_article_tags":null,"twitter_use_og":false,"twitter_card":"default","twitter_image_type":"default","twitter_image_url":null,"twitter_image_custom_url":null,"twitter_image_custom_fields":null,"twitter_title":null,"twitter_description":null,"schema":{"blockGraphs":[],"customGraphs":[],"default":{"data":{"Article":[],"Course":[],"Dataset":[],"FAQPage":[],"Movie":[],"Person":[],"Product":[],"ProductReview":[],"Car":[],"Recipe":[],"Service":[],"SoftwareApplication":[],"WebPage":[]},"graphName":"","isEnabled":true},"graphs":[]},"schema_type":null,"schema_type_options":null,"pillar_content":false,"robots_default":true,"robots_noindex":false,"robots_noarchive":false,"robots_nosnippet":false,"robots_nofollow":false,"robots_noimageindex":false,"robots_noodp":false,"robots_notranslate":false,"robots_max_snippet":null,"robots_max_videopreview":null,"robots_max_imagepreview":"large","priority":null,"frequency":null,"location":null,"local_seo":null,"seo_analyzer_scan_date":"2025-09-27 16:48:34","breadcrumb_settings":null,"limit_modified_date":false,"open_ai":null,"ai":null,"created":"2021-03-08 18:02:11","updated":"2025-09-27 16:48:34"},"aioseo_breadcrumb":"<div class=\"aioseo-breadcrumbs\"><span class=\"aioseo-breadcrumb\">\n\t<a href=\"https:\/\/eldigitaldeasturias.com\/magazine365\" title=\"Home\">Home<\/a>\n<\/span><span class=\"aioseo-breadcrumb-separator\">\u2013<\/span><span class=\"aioseo-breadcrumb\">\n\t<a href=\"https:\/\/eldigitaldeasturias.com\/magazine365\/category\/noticias-actualidad\/\" title=\"Noticias y Actualidad\">Noticias y Actualidad<\/a>\n<\/span><span class=\"aioseo-breadcrumb-separator\">\u2013<\/span><span class=\"aioseo-breadcrumb\">\n\t<a href=\"https:\/\/eldigitaldeasturias.com\/magazine365\/malaga-referente-de-fycma-en-una-jornada-sobre-turismo-en-benidorm\/\" title=\"M\u00e1laga referente de FYCMA en una jornada sobre turismo en Benidorm\">M\u00e1laga referente de FYCMA en una jornada sobre turismo en Benidorm<\/a>\n<\/span><\/div>","aioseo_breadcrumb_json":[{"label":"Home","link":"https:\/\/eldigitaldeasturias.com\/magazine365"},{"label":"Noticias y Actualidad","link":"https:\/\/eldigitaldeasturias.com\/magazine365\/category\/noticias-actualidad\/"},{"label":"M\u00e1laga referente de FYCMA en una jornada sobre turismo en Benidorm","link":"https:\/\/eldigitaldeasturias.com\/magazine365\/malaga-referente-de-fycma-en-una-jornada-sobre-turismo-en-benidorm\/"}],"_links":{"self":[{"href":"https:\/\/eldigitaldeasturias.com\/magazine365\/wp-json\/wp\/v2\/posts\/78354","targetHints":{"allow":["GET"]}}],"collection":[{"href":"https:\/\/eldigitaldeasturias.com\/magazine365\/wp-json\/wp\/v2\/posts"}],"about":[{"href":"https:\/\/eldigitaldeasturias.com\/magazine365\/wp-json\/wp\/v2\/types\/post"}],"author":[{"embeddable":true,"href":"https:\/\/eldigitaldeasturias.com\/magazine365\/wp-json\/wp\/v2\/users\/1"}],"replies":[{"embeddable":true,"href":"https:\/\/eldigitaldeasturias.com\/magazine365\/wp-json\/wp\/v2\/comments?post=78354"}],"version-history":[{"count":0,"href":"https:\/\/eldigitaldeasturias.com\/magazine365\/wp-json\/wp\/v2\/posts\/78354\/revisions"}],"wp:featuredmedia":[{"embeddable":true,"href":"https:\/\/eldigitaldeasturias.com\/magazine365\/wp-json\/wp\/v2\/media\/78355"}],"wp:attachment":[{"href":"https:\/\/eldigitaldeasturias.com\/magazine365\/wp-json\/wp\/v2\/media?parent=78354"}],"wp:term":[{"taxonomy":"category","embeddable":true,"href":"https:\/\/eldigitaldeasturias.com\/magazine365\/wp-json\/wp\/v2\/categories?post=78354"},{"taxonomy":"post_tag","embeddable":true,"href":"https:\/\/eldigitaldeasturias.com\/magazine365\/wp-json\/wp\/v2\/tags?post=78354"}],"curies":[{"name":"wp","href":"https:\/\/api.w.org\/{rel}","templated":true}]}}