{"id":78351,"date":"2016-06-08T19:17:11","date_gmt":"2016-06-08T17:17:11","guid":{"rendered":"http:\/\/eldigitaldeasturias.com\/magazine365\/?p=78351"},"modified":"2016-06-08T19:17:11","modified_gmt":"2016-06-08T17:17:11","slug":"tamara-vallois-nueva-responsable-de-comunicacion-de-wizz-air","status":"publish","type":"post","link":"https:\/\/eldigitaldeasturias.com\/magazine365\/tamara-vallois-nueva-responsable-de-comunicacion-de-wizz-air\/","title":{"rendered":"Tamara Vallois, nueva responsable de Comunicaci\u00f3n de Wizz Air"},"content":{"rendered":"<p><img fetchpriority=\"high\" decoding=\"async\" class=\"alignleft size-medium wp-image-78352\" src=\"https:\/\/eldigitaldeasturias.com\/magazine365\/wp-content\/uploads\/2016\/06\/fotonoticia_20160608174156_800-200x300.jpg\" alt=\"fotonoticia_20160608174156_800\" width=\"200\" height=\"300\" srcset=\"https:\/\/eldigitaldeasturias.com\/magazine365\/wp-content\/uploads\/2016\/06\/fotonoticia_20160608174156_800-200x300.jpg 200w, https:\/\/eldigitaldeasturias.com\/magazine365\/wp-content\/uploads\/2016\/06\/fotonoticia_20160608174156_800-427x640.jpg 427w, https:\/\/eldigitaldeasturias.com\/magazine365\/wp-content\/uploads\/2016\/06\/fotonoticia_20160608174156_800-768x1152.jpg 768w, https:\/\/eldigitaldeasturias.com\/magazine365\/wp-content\/uploads\/2016\/06\/fotonoticia_20160608174156_800-150x225.jpg 150w, https:\/\/eldigitaldeasturias.com\/magazine365\/wp-content\/uploads\/2016\/06\/fotonoticia_20160608174156_800-450x675.jpg 450w, https:\/\/eldigitaldeasturias.com\/magazine365\/wp-content\/uploads\/2016\/06\/fotonoticia_20160608174156_800.jpg 800w\" sizes=\"(max-width: 200px) 100vw, 200px\" \/>Wizz Air ha nombrado a Tamara Vallois como nueva responsable de comunicaci\u00f3n, quien reportar\u00e1 al director corporativo de la compa\u00f1\u00eda, Owain Jones, trabajando desde la oficina central de Budapest.<\/p>\n<p>La nueva directiva cuenta con una gran experiencia en el sector de la automoci\u00f3n y el de bienes de consumo de movimiento r\u00e1pido, que podr\u00e1n beneficiar al equipo, seg\u00fan destaca el director corporativo.<\/p>\n<p>Vallois, de 32 a\u00f1os, se incorpor\u00f3 a Wizz Air en 2013 como directora de comunicaci\u00f3n corporativa, tras trabajar en marketing y comunicaci\u00f3n en Colgate-Palmolive, General Motors y Agoda.com. En su nuevo puesto sustituir\u00e1 a Doug Oliver que se incorpor\u00f3 a Wizz Air en 2015 de manera provisional y que ha vuelto a su trabajo en Estados Unidos.<\/p>\n","protected":false},"excerpt":{"rendered":"<p>Wizz Air ha nombrado a Tamara Vallois como nueva responsable de comunicaci\u00f3n, quien reportar\u00e1 al director corporativo de la compa\u00f1\u00eda, Owain Jones, trabajando desde la oficina central de Budapest. La nueva directiva cuenta con una gran experiencia en el sector de la automoci\u00f3n y el de bienes de consumo de movimiento r\u00e1pido, que podr\u00e1n beneficiar<\/p>\n","protected":false},"author":1,"featured_media":78352,"comment_status":"open","ping_status":"closed","sticky":false,"template":"","format":"standard","meta":{"footnotes":""},"categories":[224],"tags":[],"class_list":{"0":"post-78351","1":"post","2":"type-post","3":"status-publish","4":"format-standard","5":"has-post-thumbnail","7":"category-noticias-actualidad"},"aioseo_notices":[],"aioseo_head":"\n\t\t<!-- All in One SEO Pro 4.9.6.1 - aioseo.com -->\n\t<meta name=\"description\" content=\"Wizz Air ha nombrado a Tamara Vallois como nueva responsable de comunicaci\u00f3n, quien reportar\u00e1 al director corporativo de la compa\u00f1\u00eda, Owain Jones, trabajando desde la oficina central de Budapest. La nueva directiva cuenta con una gran experiencia en el sector de la automoci\u00f3n y el de bienes de consumo de movimiento r\u00e1pido, que podr\u00e1n beneficiar\" \/>\n\t<meta name=\"robots\" content=\"max-image-preview:large\" \/>\n\t<meta name=\"author\" content=\"admin\"\/>\n\t<meta name=\"google-site-verification\" content=\"UA-38556648-1\" \/>\n\t<meta name=\"keywords\" content=\"noticias y actualidad\" \/>\n\t<link rel=\"canonical\" href=\"https:\/\/eldigitaldeasturias.com\/magazine365\/tamara-vallois-nueva-responsable-de-comunicacion-de-wizz-air\/\" \/>\n\t<meta name=\"generator\" content=\"All in One SEO Pro (AIOSEO) 4.9.6.1\" \/>\n\t\t<meta property=\"og:locale\" content=\"es_ES\" \/>\n\t\t<meta property=\"og:site_name\" content=\"El Digital de Asturias \u2013 Revista de ocio, turismo y estilo de vida\" \/>\n\t\t<meta property=\"og:type\" content=\"article\" \/>\n\t\t<meta property=\"og:title\" content=\"Tamara Vallois, nueva responsable de Comunicaci\u00f3n de Wizz Air | El Digital de Asturias\" \/>\n\t\t<meta property=\"og:description\" content=\"Wizz Air ha nombrado a Tamara Vallois como nueva responsable de comunicaci\u00f3n, quien reportar\u00e1 al director corporativo de la compa\u00f1\u00eda, Owain Jones, trabajando desde la oficina central de Budapest. La nueva directiva cuenta con una gran experiencia en el sector de la automoci\u00f3n y el de bienes de consumo de movimiento r\u00e1pido, que podr\u00e1n beneficiar\" \/>\n\t\t<meta property=\"og:url\" content=\"https:\/\/eldigitaldeasturias.com\/magazine365\/tamara-vallois-nueva-responsable-de-comunicacion-de-wizz-air\/\" \/>\n\t\t<meta property=\"og:image\" content=\"https:\/\/eldigitaldeasturias.com\/magazine365\/wp-content\/uploads\/2016\/06\/fotonoticia_20160608174156_800.jpg\" \/>\n\t\t<meta property=\"og:image:secure_url\" content=\"https:\/\/eldigitaldeasturias.com\/magazine365\/wp-content\/uploads\/2016\/06\/fotonoticia_20160608174156_800.jpg\" \/>\n\t\t<meta property=\"og:image:width\" content=\"800\" \/>\n\t\t<meta property=\"og:image:height\" content=\"1200\" \/>\n\t\t<meta property=\"article:published_time\" content=\"2016-06-08T17:17:11+00:00\" \/>\n\t\t<meta property=\"article:modified_time\" content=\"2016-06-08T17:17:11+00:00\" \/>\n\t\t<meta name=\"twitter:card\" content=\"summary_large_image\" \/>\n\t\t<meta name=\"twitter:title\" content=\"Tamara Vallois, nueva responsable de Comunicaci\u00f3n de Wizz Air | El Digital de Asturias\" \/>\n\t\t<meta name=\"twitter:description\" content=\"Wizz Air ha nombrado a Tamara Vallois como nueva responsable de comunicaci\u00f3n, quien reportar\u00e1 al director corporativo de la compa\u00f1\u00eda, Owain Jones, trabajando desde la oficina central de Budapest. La nueva directiva cuenta con una gran experiencia en el sector de la automoci\u00f3n y el de bienes de consumo de movimiento r\u00e1pido, que podr\u00e1n beneficiar\" \/>\n\t\t<meta name=\"twitter:image\" content=\"https:\/\/eldigitaldeasturias.com\/magazine365\/wp-content\/uploads\/2016\/06\/fotonoticia_20160608174156_800.jpg\" \/>\n\t\t<script type=\"application\/ld+json\" class=\"aioseo-schema\">\n\t\t\t{\"@context\":\"https:\\\/\\\/schema.org\",\"@graph\":[{\"@type\":\"Article\",\"@id\":\"https:\\\/\\\/eldigitaldeasturias.com\\\/magazine365\\\/tamara-vallois-nueva-responsable-de-comunicacion-de-wizz-air\\\/#article\",\"name\":\"Tamara Vallois, nueva responsable de Comunicaci\\u00f3n de Wizz Air | El Digital de Asturias\",\"headline\":\"Tamara Vallois, nueva responsable de Comunicaci\\u00f3n de Wizz Air\",\"author\":{\"@id\":\"https:\\\/\\\/eldigitaldeasturias.com\\\/magazine365\\\/author\\\/admin\\\/#author\"},\"publisher\":{\"@id\":\"https:\\\/\\\/eldigitaldeasturias.com\\\/magazine365\\\/#organization\"},\"image\":{\"@type\":\"ImageObject\",\"url\":\"https:\\\/\\\/eldigitaldeasturias.com\\\/magazine365\\\/wp-content\\\/uploads\\\/2016\\\/06\\\/fotonoticia_20160608174156_800.jpg\",\"width\":800,\"height\":1200},\"datePublished\":\"2016-06-08T19:17:11+02:00\",\"dateModified\":\"2016-06-08T19:17:11+02:00\",\"inLanguage\":\"es-ES\",\"mainEntityOfPage\":{\"@id\":\"https:\\\/\\\/eldigitaldeasturias.com\\\/magazine365\\\/tamara-vallois-nueva-responsable-de-comunicacion-de-wizz-air\\\/#webpage\"},\"isPartOf\":{\"@id\":\"https:\\\/\\\/eldigitaldeasturias.com\\\/magazine365\\\/tamara-vallois-nueva-responsable-de-comunicacion-de-wizz-air\\\/#webpage\"},\"articleSection\":\"Noticias y Actualidad\"},{\"@type\":\"BreadcrumbList\",\"@id\":\"https:\\\/\\\/eldigitaldeasturias.com\\\/magazine365\\\/tamara-vallois-nueva-responsable-de-comunicacion-de-wizz-air\\\/#breadcrumblist\",\"itemListElement\":[{\"@type\":\"ListItem\",\"@id\":\"https:\\\/\\\/eldigitaldeasturias.com\\\/magazine365#listItem\",\"position\":1,\"name\":\"Home\",\"item\":\"https:\\\/\\\/eldigitaldeasturias.com\\\/magazine365\",\"nextItem\":{\"@type\":\"ListItem\",\"@id\":\"https:\\\/\\\/eldigitaldeasturias.com\\\/magazine365\\\/category\\\/noticias-actualidad\\\/#listItem\",\"name\":\"Noticias y Actualidad\"}},{\"@type\":\"ListItem\",\"@id\":\"https:\\\/\\\/eldigitaldeasturias.com\\\/magazine365\\\/category\\\/noticias-actualidad\\\/#listItem\",\"position\":2,\"name\":\"Noticias y Actualidad\",\"item\":\"https:\\\/\\\/eldigitaldeasturias.com\\\/magazine365\\\/category\\\/noticias-actualidad\\\/\",\"nextItem\":{\"@type\":\"ListItem\",\"@id\":\"https:\\\/\\\/eldigitaldeasturias.com\\\/magazine365\\\/tamara-vallois-nueva-responsable-de-comunicacion-de-wizz-air\\\/#listItem\",\"name\":\"Tamara Vallois, nueva responsable de Comunicaci\\u00f3n de Wizz Air\"},\"previousItem\":{\"@type\":\"ListItem\",\"@id\":\"https:\\\/\\\/eldigitaldeasturias.com\\\/magazine365#listItem\",\"name\":\"Home\"}},{\"@type\":\"ListItem\",\"@id\":\"https:\\\/\\\/eldigitaldeasturias.com\\\/magazine365\\\/tamara-vallois-nueva-responsable-de-comunicacion-de-wizz-air\\\/#listItem\",\"position\":3,\"name\":\"Tamara Vallois, nueva responsable de Comunicaci\\u00f3n de Wizz Air\",\"previousItem\":{\"@type\":\"ListItem\",\"@id\":\"https:\\\/\\\/eldigitaldeasturias.com\\\/magazine365\\\/category\\\/noticias-actualidad\\\/#listItem\",\"name\":\"Noticias y Actualidad\"}}]},{\"@type\":\"Organization\",\"@id\":\"https:\\\/\\\/eldigitaldeasturias.com\\\/magazine365\\\/#organization\",\"name\":\"El digital de Asturias\",\"description\":\"Revista de ocio, turismo y estilo de vida\",\"url\":\"https:\\\/\\\/eldigitaldeasturias.com\\\/magazine365\\\/\",\"logo\":{\"@type\":\"ImageObject\",\"url\":\"https:\\\/\\\/www.eldigitaldeasturias.com\\\/noticias\\\/wp-content\\\/uploads\\\/2020\\\/12\\\/EDA.jpg\",\"@id\":\"https:\\\/\\\/eldigitaldeasturias.com\\\/magazine365\\\/tamara-vallois-nueva-responsable-de-comunicacion-de-wizz-air\\\/#organizationLogo\"},\"image\":{\"@id\":\"https:\\\/\\\/eldigitaldeasturias.com\\\/magazine365\\\/tamara-vallois-nueva-responsable-de-comunicacion-de-wizz-air\\\/#organizationLogo\"}},{\"@type\":\"Person\",\"@id\":\"https:\\\/\\\/eldigitaldeasturias.com\\\/magazine365\\\/author\\\/admin\\\/#author\",\"url\":\"https:\\\/\\\/eldigitaldeasturias.com\\\/magazine365\\\/author\\\/admin\\\/\",\"name\":\"admin\",\"image\":{\"@type\":\"ImageObject\",\"@id\":\"https:\\\/\\\/eldigitaldeasturias.com\\\/magazine365\\\/tamara-vallois-nueva-responsable-de-comunicacion-de-wizz-air\\\/#authorImage\",\"url\":\"https:\\\/\\\/eldigitaldeasturias.com\\\/magazine365\\\/wp-content\\\/litespeed\\\/avatar\\\/e571bcf59a0edd6fa6838245a470f2fe.jpg?ver=1776969259\",\"width\":96,\"height\":96,\"caption\":\"admin\"}},{\"@type\":\"WebPage\",\"@id\":\"https:\\\/\\\/eldigitaldeasturias.com\\\/magazine365\\\/tamara-vallois-nueva-responsable-de-comunicacion-de-wizz-air\\\/#webpage\",\"url\":\"https:\\\/\\\/eldigitaldeasturias.com\\\/magazine365\\\/tamara-vallois-nueva-responsable-de-comunicacion-de-wizz-air\\\/\",\"name\":\"Tamara Vallois, nueva responsable de Comunicaci\\u00f3n de Wizz Air | El Digital de Asturias\",\"description\":\"Wizz Air ha nombrado a Tamara Vallois como nueva responsable de comunicaci\\u00f3n, quien reportar\\u00e1 al director corporativo de la compa\\u00f1\\u00eda, Owain Jones, trabajando desde la oficina central de Budapest. La nueva directiva cuenta con una gran experiencia en el sector de la automoci\\u00f3n y el de bienes de consumo de movimiento r\\u00e1pido, que podr\\u00e1n beneficiar\",\"inLanguage\":\"es-ES\",\"isPartOf\":{\"@id\":\"https:\\\/\\\/eldigitaldeasturias.com\\\/magazine365\\\/#website\"},\"breadcrumb\":{\"@id\":\"https:\\\/\\\/eldigitaldeasturias.com\\\/magazine365\\\/tamara-vallois-nueva-responsable-de-comunicacion-de-wizz-air\\\/#breadcrumblist\"},\"author\":{\"@id\":\"https:\\\/\\\/eldigitaldeasturias.com\\\/magazine365\\\/author\\\/admin\\\/#author\"},\"creator\":{\"@id\":\"https:\\\/\\\/eldigitaldeasturias.com\\\/magazine365\\\/author\\\/admin\\\/#author\"},\"image\":{\"@type\":\"ImageObject\",\"url\":\"https:\\\/\\\/eldigitaldeasturias.com\\\/magazine365\\\/wp-content\\\/uploads\\\/2016\\\/06\\\/fotonoticia_20160608174156_800.jpg\",\"@id\":\"https:\\\/\\\/eldigitaldeasturias.com\\\/magazine365\\\/tamara-vallois-nueva-responsable-de-comunicacion-de-wizz-air\\\/#mainImage\",\"width\":800,\"height\":1200},\"primaryImageOfPage\":{\"@id\":\"https:\\\/\\\/eldigitaldeasturias.com\\\/magazine365\\\/tamara-vallois-nueva-responsable-de-comunicacion-de-wizz-air\\\/#mainImage\"},\"datePublished\":\"2016-06-08T19:17:11+02:00\",\"dateModified\":\"2016-06-08T19:17:11+02:00\"},{\"@type\":\"WebSite\",\"@id\":\"https:\\\/\\\/eldigitaldeasturias.com\\\/magazine365\\\/#website\",\"url\":\"https:\\\/\\\/eldigitaldeasturias.com\\\/magazine365\\\/\",\"name\":\"El Digital de Asturias\",\"description\":\"Revista de ocio, turismo y estilo de vida\",\"inLanguage\":\"es-ES\",\"publisher\":{\"@id\":\"https:\\\/\\\/eldigitaldeasturias.com\\\/magazine365\\\/#organization\"}}]}\n\t\t<\/script>\n\t\t<!-- All in One SEO Pro -->\r\n\t\t<title>Tamara Vallois, nueva responsable de Comunicaci\u00f3n de Wizz Air | El Digital de Asturias<\/title>\n\n","aioseo_head_json":{"title":"Tamara Vallois, nueva responsable de Comunicaci\u00f3n de Wizz Air | El Digital de Asturias","description":"Wizz Air ha nombrado a Tamara Vallois como nueva responsable de comunicaci\u00f3n, quien reportar\u00e1 al director corporativo de la compa\u00f1\u00eda, Owain Jones, trabajando desde la oficina central de Budapest. La nueva directiva cuenta con una gran experiencia en el sector de la automoci\u00f3n y el de bienes de consumo de movimiento r\u00e1pido, que podr\u00e1n beneficiar","canonical_url":"https:\/\/eldigitaldeasturias.com\/magazine365\/tamara-vallois-nueva-responsable-de-comunicacion-de-wizz-air\/","robots":"max-image-preview:large","keywords":"noticias y actualidad","webmasterTools":{"google-site-verification":"UA-38556648-1","miscellaneous":""},"schema":{"@context":"https:\/\/schema.org","@graph":[{"@type":"Article","@id":"https:\/\/eldigitaldeasturias.com\/magazine365\/tamara-vallois-nueva-responsable-de-comunicacion-de-wizz-air\/#article","name":"Tamara Vallois, nueva responsable de Comunicaci\u00f3n de Wizz Air | El Digital de Asturias","headline":"Tamara Vallois, nueva responsable de Comunicaci\u00f3n de Wizz Air","author":{"@id":"https:\/\/eldigitaldeasturias.com\/magazine365\/author\/admin\/#author"},"publisher":{"@id":"https:\/\/eldigitaldeasturias.com\/magazine365\/#organization"},"image":{"@type":"ImageObject","url":"https:\/\/eldigitaldeasturias.com\/magazine365\/wp-content\/uploads\/2016\/06\/fotonoticia_20160608174156_800.jpg","width":800,"height":1200},"datePublished":"2016-06-08T19:17:11+02:00","dateModified":"2016-06-08T19:17:11+02:00","inLanguage":"es-ES","mainEntityOfPage":{"@id":"https:\/\/eldigitaldeasturias.com\/magazine365\/tamara-vallois-nueva-responsable-de-comunicacion-de-wizz-air\/#webpage"},"isPartOf":{"@id":"https:\/\/eldigitaldeasturias.com\/magazine365\/tamara-vallois-nueva-responsable-de-comunicacion-de-wizz-air\/#webpage"},"articleSection":"Noticias y Actualidad"},{"@type":"BreadcrumbList","@id":"https:\/\/eldigitaldeasturias.com\/magazine365\/tamara-vallois-nueva-responsable-de-comunicacion-de-wizz-air\/#breadcrumblist","itemListElement":[{"@type":"ListItem","@id":"https:\/\/eldigitaldeasturias.com\/magazine365#listItem","position":1,"name":"Home","item":"https:\/\/eldigitaldeasturias.com\/magazine365","nextItem":{"@type":"ListItem","@id":"https:\/\/eldigitaldeasturias.com\/magazine365\/category\/noticias-actualidad\/#listItem","name":"Noticias y Actualidad"}},{"@type":"ListItem","@id":"https:\/\/eldigitaldeasturias.com\/magazine365\/category\/noticias-actualidad\/#listItem","position":2,"name":"Noticias y Actualidad","item":"https:\/\/eldigitaldeasturias.com\/magazine365\/category\/noticias-actualidad\/","nextItem":{"@type":"ListItem","@id":"https:\/\/eldigitaldeasturias.com\/magazine365\/tamara-vallois-nueva-responsable-de-comunicacion-de-wizz-air\/#listItem","name":"Tamara Vallois, nueva responsable de Comunicaci\u00f3n de Wizz Air"},"previousItem":{"@type":"ListItem","@id":"https:\/\/eldigitaldeasturias.com\/magazine365#listItem","name":"Home"}},{"@type":"ListItem","@id":"https:\/\/eldigitaldeasturias.com\/magazine365\/tamara-vallois-nueva-responsable-de-comunicacion-de-wizz-air\/#listItem","position":3,"name":"Tamara Vallois, nueva responsable de Comunicaci\u00f3n de Wizz Air","previousItem":{"@type":"ListItem","@id":"https:\/\/eldigitaldeasturias.com\/magazine365\/category\/noticias-actualidad\/#listItem","name":"Noticias y Actualidad"}}]},{"@type":"Organization","@id":"https:\/\/eldigitaldeasturias.com\/magazine365\/#organization","name":"El digital de Asturias","description":"Revista de ocio, turismo y estilo de vida","url":"https:\/\/eldigitaldeasturias.com\/magazine365\/","logo":{"@type":"ImageObject","url":"https:\/\/www.eldigitaldeasturias.com\/noticias\/wp-content\/uploads\/2020\/12\/EDA.jpg","@id":"https:\/\/eldigitaldeasturias.com\/magazine365\/tamara-vallois-nueva-responsable-de-comunicacion-de-wizz-air\/#organizationLogo"},"image":{"@id":"https:\/\/eldigitaldeasturias.com\/magazine365\/tamara-vallois-nueva-responsable-de-comunicacion-de-wizz-air\/#organizationLogo"}},{"@type":"Person","@id":"https:\/\/eldigitaldeasturias.com\/magazine365\/author\/admin\/#author","url":"https:\/\/eldigitaldeasturias.com\/magazine365\/author\/admin\/","name":"admin","image":{"@type":"ImageObject","@id":"https:\/\/eldigitaldeasturias.com\/magazine365\/tamara-vallois-nueva-responsable-de-comunicacion-de-wizz-air\/#authorImage","url":"https:\/\/eldigitaldeasturias.com\/magazine365\/wp-content\/litespeed\/avatar\/e571bcf59a0edd6fa6838245a470f2fe.jpg?ver=1776969259","width":96,"height":96,"caption":"admin"}},{"@type":"WebPage","@id":"https:\/\/eldigitaldeasturias.com\/magazine365\/tamara-vallois-nueva-responsable-de-comunicacion-de-wizz-air\/#webpage","url":"https:\/\/eldigitaldeasturias.com\/magazine365\/tamara-vallois-nueva-responsable-de-comunicacion-de-wizz-air\/","name":"Tamara Vallois, nueva responsable de Comunicaci\u00f3n de Wizz Air | El Digital de Asturias","description":"Wizz Air ha nombrado a Tamara Vallois como nueva responsable de comunicaci\u00f3n, quien reportar\u00e1 al director corporativo de la compa\u00f1\u00eda, Owain Jones, trabajando desde la oficina central de Budapest. La nueva directiva cuenta con una gran experiencia en el sector de la automoci\u00f3n y el de bienes de consumo de movimiento r\u00e1pido, que podr\u00e1n beneficiar","inLanguage":"es-ES","isPartOf":{"@id":"https:\/\/eldigitaldeasturias.com\/magazine365\/#website"},"breadcrumb":{"@id":"https:\/\/eldigitaldeasturias.com\/magazine365\/tamara-vallois-nueva-responsable-de-comunicacion-de-wizz-air\/#breadcrumblist"},"author":{"@id":"https:\/\/eldigitaldeasturias.com\/magazine365\/author\/admin\/#author"},"creator":{"@id":"https:\/\/eldigitaldeasturias.com\/magazine365\/author\/admin\/#author"},"image":{"@type":"ImageObject","url":"https:\/\/eldigitaldeasturias.com\/magazine365\/wp-content\/uploads\/2016\/06\/fotonoticia_20160608174156_800.jpg","@id":"https:\/\/eldigitaldeasturias.com\/magazine365\/tamara-vallois-nueva-responsable-de-comunicacion-de-wizz-air\/#mainImage","width":800,"height":1200},"primaryImageOfPage":{"@id":"https:\/\/eldigitaldeasturias.com\/magazine365\/tamara-vallois-nueva-responsable-de-comunicacion-de-wizz-air\/#mainImage"},"datePublished":"2016-06-08T19:17:11+02:00","dateModified":"2016-06-08T19:17:11+02:00"},{"@type":"WebSite","@id":"https:\/\/eldigitaldeasturias.com\/magazine365\/#website","url":"https:\/\/eldigitaldeasturias.com\/magazine365\/","name":"El Digital de Asturias","description":"Revista de ocio, turismo y estilo de vida","inLanguage":"es-ES","publisher":{"@id":"https:\/\/eldigitaldeasturias.com\/magazine365\/#organization"}}]},"og:locale":"es_ES","og:site_name":"El Digital de Asturias \u2013 Revista de ocio, turismo y estilo de vida","og:type":"article","og:title":"Tamara Vallois, nueva responsable de Comunicaci\u00f3n de Wizz Air | El Digital de Asturias","og:description":"Wizz Air ha nombrado a Tamara Vallois como nueva responsable de comunicaci\u00f3n, quien reportar\u00e1 al director corporativo de la compa\u00f1\u00eda, Owain Jones, trabajando desde la oficina central de Budapest. La nueva directiva cuenta con una gran experiencia en el sector de la automoci\u00f3n y el de bienes de consumo de movimiento r\u00e1pido, que podr\u00e1n beneficiar","og:url":"https:\/\/eldigitaldeasturias.com\/magazine365\/tamara-vallois-nueva-responsable-de-comunicacion-de-wizz-air\/","og:image":"https:\/\/eldigitaldeasturias.com\/magazine365\/wp-content\/uploads\/2016\/06\/fotonoticia_20160608174156_800.jpg","og:image:secure_url":"https:\/\/eldigitaldeasturias.com\/magazine365\/wp-content\/uploads\/2016\/06\/fotonoticia_20160608174156_800.jpg","og:image:width":800,"og:image:height":1200,"article:published_time":"2016-06-08T17:17:11+00:00","article:modified_time":"2016-06-08T17:17:11+00:00","twitter:card":"summary_large_image","twitter:title":"Tamara Vallois, nueva responsable de Comunicaci\u00f3n de Wizz Air | El Digital de Asturias","twitter:description":"Wizz Air ha nombrado a Tamara Vallois como nueva responsable de comunicaci\u00f3n, quien reportar\u00e1 al director corporativo de la compa\u00f1\u00eda, Owain Jones, trabajando desde la oficina central de Budapest. La nueva directiva cuenta con una gran experiencia en el sector de la automoci\u00f3n y el de bienes de consumo de movimiento r\u00e1pido, que podr\u00e1n beneficiar","twitter:image":"https:\/\/eldigitaldeasturias.com\/magazine365\/wp-content\/uploads\/2016\/06\/fotonoticia_20160608174156_800.jpg"},"aioseo_meta_data":{"post_id":"78351","title":null,"description":null,"keywords":null,"keyphrases":null,"primary_term":null,"canonical_url":null,"og_title":null,"og_description":null,"og_object_type":"default","og_image_type":"default","og_image_url":null,"og_image_width":null,"og_image_height":null,"og_image_custom_url":null,"og_image_custom_fields":null,"og_video":null,"og_custom_url":null,"og_article_section":null,"og_article_tags":null,"twitter_use_og":false,"twitter_card":"default","twitter_image_type":"default","twitter_image_url":null,"twitter_image_custom_url":null,"twitter_image_custom_fields":null,"twitter_title":null,"twitter_description":null,"schema":{"blockGraphs":[],"customGraphs":[],"default":{"data":{"Article":[],"Course":[],"Dataset":[],"FAQPage":[],"Movie":[],"Person":[],"Product":[],"ProductReview":[],"Car":[],"Recipe":[],"Service":[],"SoftwareApplication":[],"WebPage":[]},"graphName":"","isEnabled":true},"graphs":[],"defaultGraph":"","defaultPostTypeGraph":""},"schema_type":null,"schema_type_options":null,"pillar_content":false,"robots_default":true,"robots_noindex":false,"robots_noarchive":false,"robots_nosnippet":false,"robots_nofollow":false,"robots_noimageindex":false,"robots_noodp":false,"robots_notranslate":false,"robots_max_snippet":null,"robots_max_videopreview":null,"robots_max_imagepreview":"large","priority":null,"frequency":null,"location":null,"local_seo":null,"seo_analyzer_scan_date":"2025-09-27 16:48:33","breadcrumb_settings":null,"limit_modified_date":false,"open_ai":null,"ai":null,"created":"2021-03-08 18:02:11","updated":"2025-09-27 16:48:33"},"aioseo_breadcrumb":"<div class=\"aioseo-breadcrumbs\"><span class=\"aioseo-breadcrumb\">\n\t<a href=\"https:\/\/eldigitaldeasturias.com\/magazine365\" title=\"Home\">Home<\/a>\n<\/span><span class=\"aioseo-breadcrumb-separator\">\u2013<\/span><span class=\"aioseo-breadcrumb\">\n\t<a href=\"https:\/\/eldigitaldeasturias.com\/magazine365\/category\/noticias-actualidad\/\" title=\"Noticias y Actualidad\">Noticias y Actualidad<\/a>\n<\/span><span class=\"aioseo-breadcrumb-separator\">\u2013<\/span><span class=\"aioseo-breadcrumb\">\n\t<a href=\"https:\/\/eldigitaldeasturias.com\/magazine365\/tamara-vallois-nueva-responsable-de-comunicacion-de-wizz-air\/\" title=\"Tamara Vallois, nueva responsable de Comunicaci\u00f3n de Wizz Air\">Tamara Vallois, nueva responsable de Comunicaci\u00f3n de Wizz Air<\/a>\n<\/span><\/div>","aioseo_breadcrumb_json":[{"label":"Home","link":"https:\/\/eldigitaldeasturias.com\/magazine365"},{"label":"Noticias y Actualidad","link":"https:\/\/eldigitaldeasturias.com\/magazine365\/category\/noticias-actualidad\/"},{"label":"Tamara Vallois, nueva responsable de Comunicaci\u00f3n de Wizz Air","link":"https:\/\/eldigitaldeasturias.com\/magazine365\/tamara-vallois-nueva-responsable-de-comunicacion-de-wizz-air\/"}],"_links":{"self":[{"href":"https:\/\/eldigitaldeasturias.com\/magazine365\/wp-json\/wp\/v2\/posts\/78351","targetHints":{"allow":["GET"]}}],"collection":[{"href":"https:\/\/eldigitaldeasturias.com\/magazine365\/wp-json\/wp\/v2\/posts"}],"about":[{"href":"https:\/\/eldigitaldeasturias.com\/magazine365\/wp-json\/wp\/v2\/types\/post"}],"author":[{"embeddable":true,"href":"https:\/\/eldigitaldeasturias.com\/magazine365\/wp-json\/wp\/v2\/users\/1"}],"replies":[{"embeddable":true,"href":"https:\/\/eldigitaldeasturias.com\/magazine365\/wp-json\/wp\/v2\/comments?post=78351"}],"version-history":[{"count":0,"href":"https:\/\/eldigitaldeasturias.com\/magazine365\/wp-json\/wp\/v2\/posts\/78351\/revisions"}],"wp:featuredmedia":[{"embeddable":true,"href":"https:\/\/eldigitaldeasturias.com\/magazine365\/wp-json\/wp\/v2\/media\/78352"}],"wp:attachment":[{"href":"https:\/\/eldigitaldeasturias.com\/magazine365\/wp-json\/wp\/v2\/media?parent=78351"}],"wp:term":[{"taxonomy":"category","embeddable":true,"href":"https:\/\/eldigitaldeasturias.com\/magazine365\/wp-json\/wp\/v2\/categories?post=78351"},{"taxonomy":"post_tag","embeddable":true,"href":"https:\/\/eldigitaldeasturias.com\/magazine365\/wp-json\/wp\/v2\/tags?post=78351"}],"curies":[{"name":"wp","href":"https:\/\/api.w.org\/{rel}","templated":true}]}}