{"id":78340,"date":"2016-06-08T18:55:55","date_gmt":"2016-06-08T16:55:55","guid":{"rendered":"http:\/\/eldigitaldeasturias.com\/magazine365\/?p=78340"},"modified":"2016-06-08T20:04:56","modified_gmt":"2016-06-08T18:04:56","slug":"el-tsjm-anula-la-prohibicion-de-alquilar-viviendas-turisticas-menos-de-cinco-dias","status":"publish","type":"post","link":"https:\/\/eldigitaldeasturias.com\/magazine365\/el-tsjm-anula-la-prohibicion-de-alquilar-viviendas-turisticas-menos-de-cinco-dias\/","title":{"rendered":"El TSJM anula la prohibici\u00f3n de alquilar viviendas tur\u00edsticas menos de cinco d\u00edas"},"content":{"rendered":"<p><img fetchpriority=\"high\" decoding=\"async\" class=\"alignleft size-medium wp-image-77926\" src=\"https:\/\/eldigitaldeasturias.com\/magazine365\/wp-content\/uploads\/2016\/06\/m365-360x198.jpg\" alt=\"m365\" width=\"360\" height=\"198\" srcset=\"https:\/\/eldigitaldeasturias.com\/magazine365\/wp-content\/uploads\/2016\/06\/m365-360x198.jpg 360w, https:\/\/eldigitaldeasturias.com\/magazine365\/wp-content\/uploads\/2016\/06\/m365-650x357.jpg 650w, https:\/\/eldigitaldeasturias.com\/magazine365\/wp-content\/uploads\/2016\/06\/m365-150x82.jpg 150w, https:\/\/eldigitaldeasturias.com\/magazine365\/wp-content\/uploads\/2016\/06\/m365-450x247.jpg 450w, https:\/\/eldigitaldeasturias.com\/magazine365\/wp-content\/uploads\/2016\/06\/m365.jpg 655w\" sizes=\"(max-width: 360px) 100vw, 360px\" \/><\/p>\n<p>La Secci\u00f3n Octava de la Sala de lo Contencioso del Tribunal Superior de Justicia de Madrid (TSJM) ha anulado el Decreto de la Comunidad de Madrid que dispone que las viviendas de uso tur\u00edstico no podr\u00e1n contratarse por un periodo inferior a cinco d\u00edas, obligando as\u00ed a estancias superiores.<\/p>\n<p>As\u00ed consta en una sentencia fechada el pasado 31 de mayo, a la que tuvo acceso Europa Press, que estima en parte el recurso interpuesto por la Asociaci\u00f3n Madrid Aloja contra el decreto 79\/2014, de 10 de julio, de la Comunidad de Madrid.<\/p>\n<p>Esta disposici\u00f3n regulaba los apartamentos tur\u00edsticos y las viviendas de uso tur\u00edstico de la Comunidad de Madrid frente a la regulaci\u00f3n del art\u00edculo 17.1.3. y 5 del citado decreto. De este modo, anula el inciso del art\u00edculo 17.3 sobre las viviendas de uso tur\u00edstico respecto a que no podr\u00e1n contratarse por un periodo inferior a cinco d\u00edas.<\/p>\n<p>Se trata de la primera &#8216;batalla&#8217; judicial a favor de la econom\u00eda colaborativa en el \u00e1mbito tur\u00edstico, frente a las presiones realizadas desde las cadenas hoteleras, ante los nuevos modelos de negocio que se han extendido tambi\u00e9n al transporte.<\/p>\n<p>Hay que recordar que la Comisi\u00f3n Nacional de los Mercados y la Competencia (CNMC) interpuso un recurso contencioso-administrativo contra el Decreto que regula los apartamentos y viviendas de uso tur\u00edstico en la Comunidad de Madrid, al considerar que es \u00abun obst\u00e1culo a la competencia\u00bb por impedir que puedan contratarse por periodos inferiores a cinco d\u00edas.<\/p>\n<p>Adem\u00e1s, el &#8216;superregulador&#8217; impugn\u00f3 en enero el Reglamento de la Ley de Ordenaci\u00f3n de los Transportes Terrestres (LOTT) al entender que limita la entrada y la capacidad de competir de los veh\u00edculos de alquiler con conductor (VTC).<\/p>\n<p>En Canarias, la CNMC ha reclamado al Gobierno de Canarias que \u00absuprima o modifique\u00bb distintos art\u00edculos de su reglamento de viviendas vacacionales, que proh\u00edbe este tipo de establecimientos en zonas y urbanizaciones tur\u00edsticas para &#8216;salvaguardar&#8217; a la planta hotelera.<\/p>\n<p>En esta l\u00ednea, la Asociaci\u00f3n Canaria de Alquiler Vacacional (Ascav) ha presentado un recurso ante el Tribunal Superior de Justicia de Canarias (TSJC) contra el decreto del Gobierno canario.<\/p>\n<h2 class=\"ladillo\">RESTRICCI\u00d3N EN MADRID \u00abNO JUSTIFICADA\u00bb<\/h2>\n<p>Los magistrados de la Secci\u00f3n Octava de la Sala de lo Contencioso del TSJM estiman que la disposici\u00f3n de no poder contratar por un periodo inferior a cinco d\u00edas es una restricci\u00f3n de la competencia que no est\u00e1 justificada ni en la protecci\u00f3n al usuario tur\u00edstico ni en el combate a la opacidad fiscal, motivos que aduce la administraci\u00f3n para regular la normativa ahora anulada.<\/p>\n<p>En este punto, se\u00f1ala que la finalidad de la protecci\u00f3n del usuario del servicio \u00abno parece desprenderse de la limitaci\u00f3n de su estancia a periodos mayores de cinco d\u00edas, porque no se considera que este se encuentre m\u00e1s protegido en sus derechos por el hecho de que se limite su estancia temporal en la vivienda\u00bb.<\/p>\n<p>As\u00ed, recalca que al demandarse el alojamiento para estancias m\u00e1s cortas de esos cinco d\u00edas resulta perjudicado \u00fanicamente el sector de las viviendas de uso tur\u00edstico, \u00fanico al que se impone tal restricci\u00f3n en la libre concurrencia, frente a las otras modalidades de alojamiento respecto a las cuales no se establece limitaci\u00f3n temporal.<\/p>\n<p>Los magistrados desestiman el resto de las pretensiones de los demandantes, la anulaci\u00f3n de los art\u00edculos 17.1 del Decreto 79\/2014, que dispone la necesidad de que el plano de la vivienda debe visarse por el colegio profesional correspondiente, y el 17. 5, conforme al cual se exige la inscripci\u00f3n de las viviendas de uso tur\u00edstico en el Registro de Empresas Tur\u00edsticas de la Direcci\u00f3n General competente en materia de turismo. Contra esta resoluci\u00f3n cabe recurso de casaci\u00f3n ante el Tribunal Supremo.<\/p>\n<h2 class=\"ladillo\">REGULACI\u00d3N EN MANOS DE LAS CC.AA<\/h2>\n<p>Las comunidades aut\u00f3nomas, con competencias en materia de turismo, pueden legislar sobre esta cuesti\u00f3n tras modificarse la Ley de Medidas de Flexibilizaci\u00f3n y Fomento del Mercado del Alquiler, que limita el arrendamiento de viviendas vacacionales y apartamentos tur\u00edsticos por parte de particulares, al vincular la regulaci\u00f3n de este tipo de alojamientos a la legislaci\u00f3n tur\u00edstica.<\/p>\n<p>Las normativas vigentes en Espa\u00f1a para la oferta de alquiler de viviendas de uso tur\u00edstico salvo en Baleares y Canarias son bastante dispares, aunque la mayor\u00eda coinciden en la inscripci\u00f3n de un registro, un tel\u00e9fono 24 horas y la prohibici\u00f3n de alquilar habitaciones sueltas.<\/p>\n<p>Alquilar habitaciones sueltas est\u00e1 prohibido expresamente en la normativa al respecto de las seis comunidades que han regulado este fen\u00f3meno de viviendas para uso tur\u00edstico.<\/p>\n<p>La mayor\u00eda de CCAA &#8211;Catalu\u00f1a, Andaluc\u00eda, Arag\u00f3n y Canarias, entre ellas&#8211; obliga a registrar o dar de alta los inmuebles en el organismo tur\u00edstico competente o en uno espec\u00edfico creado para ellas, que implica cumplir una serie de requisitos y condiciones espec\u00edficas por parte del propietario y tramitar una licencia que le permita destinar el inmueble a este fin. En mayo, el nuevo registro andaluz contaba ya con 3.000 viviendas tur\u00edsticas inscritas.<\/p>\n<h2 class=\"ladillo\">EL CASO DE CANARIAS<\/h2>\n<p>En el caso de Canarias, el reglamento de viviendas vacacionales aprobado proh\u00edbe este tipo de establecimientos en zonas y urbanizaciones tur\u00edsticas, as\u00ed como en aquellos edificios donde esta actividad no est\u00e9 permitida por los estatutos de la comunidad de propietarios. Adem\u00e1s, incluye un r\u00e9gimen sancionador muy agresivo para los propietarios de viviendas vacacionales, contra el que la Asociaci\u00f3n Canaria de Alquiler Vacacional (Ascav) ya ha presentado recurso.<\/p>\n<p>El Pleno del Parlamento de Canarias, con la abstenci\u00f3n del Grupo Popular, aprob\u00f3 a finales de la pasada legislatura una Proposici\u00f3n No de Ley (PNL) en la que solicita al Gobierno canario la paralizaci\u00f3n del decreto de alquiler vacacional. El Gobierno de Canarias se ha dado un plazo para un estudio en profundidad de cara a una modificaci\u00f3n e intentar conciliar a los propietarios con el sector tur\u00edstico.<\/p>\n","protected":false},"excerpt":{"rendered":"<p>La Secci\u00f3n Octava de la Sala de lo Contencioso del Tribunal Superior de Justicia de Madrid (TSJM) ha anulado el Decreto de la Comunidad de Madrid que dispone que las viviendas de uso tur\u00edstico no podr\u00e1n contratarse por un periodo inferior a cinco d\u00edas, obligando as\u00ed a estancias superiores. As\u00ed consta en una sentencia fechada<\/p>\n","protected":false},"author":1,"featured_media":77926,"comment_status":"open","ping_status":"closed","sticky":false,"template":"","format":"standard","meta":{"footnotes":""},"categories":[224],"tags":[],"class_list":{"0":"post-78340","1":"post","2":"type-post","3":"status-publish","4":"format-standard","5":"has-post-thumbnail","7":"category-noticias-actualidad"},"aioseo_notices":[],"aioseo_head":"\n\t\t<!-- All in One SEO Pro 4.9.6.1 - aioseo.com -->\n\t<meta name=\"description\" content=\"La Secci\u00f3n Octava de la Sala de lo Contencioso del Tribunal Superior de Justicia de Madrid (TSJM) ha anulado el Decreto de la Comunidad de Madrid que dispone que las viviendas de uso tur\u00edstico no podr\u00e1n contratarse por un periodo inferior a cinco d\u00edas, obligando as\u00ed a estancias superiores. As\u00ed consta en una sentencia fechada\" \/>\n\t<meta name=\"robots\" content=\"max-image-preview:large\" \/>\n\t<meta name=\"author\" content=\"admin\"\/>\n\t<meta name=\"google-site-verification\" content=\"UA-38556648-1\" \/>\n\t<meta name=\"keywords\" content=\"noticias y actualidad\" \/>\n\t<link rel=\"canonical\" href=\"https:\/\/eldigitaldeasturias.com\/magazine365\/el-tsjm-anula-la-prohibicion-de-alquilar-viviendas-turisticas-menos-de-cinco-dias\/\" \/>\n\t<meta name=\"generator\" content=\"All in One SEO Pro (AIOSEO) 4.9.6.1\" \/>\n\t\t<meta property=\"og:locale\" content=\"es_ES\" \/>\n\t\t<meta property=\"og:site_name\" content=\"El Digital de Asturias \u2013 Revista de ocio, turismo y estilo de vida\" \/>\n\t\t<meta property=\"og:type\" content=\"article\" \/>\n\t\t<meta property=\"og:title\" content=\"El TSJM anula la prohibici\u00f3n de alquilar viviendas tur\u00edsticas menos de cinco d\u00edas | El Digital de Asturias\" \/>\n\t\t<meta property=\"og:description\" content=\"La Secci\u00f3n Octava de la Sala de lo Contencioso del Tribunal Superior de Justicia de Madrid (TSJM) ha anulado el Decreto de la Comunidad de Madrid que dispone que las viviendas de uso tur\u00edstico no podr\u00e1n contratarse por un periodo inferior a cinco d\u00edas, obligando as\u00ed a estancias superiores. As\u00ed consta en una sentencia fechada\" \/>\n\t\t<meta property=\"og:url\" content=\"https:\/\/eldigitaldeasturias.com\/magazine365\/el-tsjm-anula-la-prohibicion-de-alquilar-viviendas-turisticas-menos-de-cinco-dias\/\" \/>\n\t\t<meta property=\"og:image\" content=\"https:\/\/eldigitaldeasturias.com\/magazine365\/wp-content\/uploads\/2016\/06\/m365.jpg\" \/>\n\t\t<meta property=\"og:image:secure_url\" content=\"https:\/\/eldigitaldeasturias.com\/magazine365\/wp-content\/uploads\/2016\/06\/m365.jpg\" \/>\n\t\t<meta property=\"og:image:width\" content=\"655\" \/>\n\t\t<meta property=\"og:image:height\" content=\"360\" \/>\n\t\t<meta property=\"article:published_time\" content=\"2016-06-08T16:55:55+00:00\" \/>\n\t\t<meta property=\"article:modified_time\" content=\"2016-06-08T18:04:56+00:00\" \/>\n\t\t<meta name=\"twitter:card\" content=\"summary_large_image\" \/>\n\t\t<meta name=\"twitter:title\" content=\"El TSJM anula la prohibici\u00f3n de alquilar viviendas tur\u00edsticas menos de cinco d\u00edas | El Digital de Asturias\" \/>\n\t\t<meta name=\"twitter:description\" content=\"La Secci\u00f3n Octava de la Sala de lo Contencioso del Tribunal Superior de Justicia de Madrid (TSJM) ha anulado el Decreto de la Comunidad de Madrid que dispone que las viviendas de uso tur\u00edstico no podr\u00e1n contratarse por un periodo inferior a cinco d\u00edas, obligando as\u00ed a estancias superiores. As\u00ed consta en una sentencia fechada\" \/>\n\t\t<meta name=\"twitter:image\" content=\"https:\/\/eldigitaldeasturias.com\/magazine365\/wp-content\/uploads\/2016\/06\/m365.jpg\" \/>\n\t\t<script type=\"application\/ld+json\" class=\"aioseo-schema\">\n\t\t\t{\"@context\":\"https:\\\/\\\/schema.org\",\"@graph\":[{\"@type\":\"Article\",\"@id\":\"https:\\\/\\\/eldigitaldeasturias.com\\\/magazine365\\\/el-tsjm-anula-la-prohibicion-de-alquilar-viviendas-turisticas-menos-de-cinco-dias\\\/#article\",\"name\":\"El TSJM anula la prohibici\\u00f3n de alquilar viviendas tur\\u00edsticas menos de cinco d\\u00edas | El Digital de Asturias\",\"headline\":\"El TSJM anula la prohibici\\u00f3n de alquilar viviendas tur\\u00edsticas menos de cinco d\\u00edas\",\"author\":{\"@id\":\"https:\\\/\\\/eldigitaldeasturias.com\\\/magazine365\\\/author\\\/admin\\\/#author\"},\"publisher\":{\"@id\":\"https:\\\/\\\/eldigitaldeasturias.com\\\/magazine365\\\/#organization\"},\"image\":{\"@type\":\"ImageObject\",\"url\":\"https:\\\/\\\/eldigitaldeasturias.com\\\/magazine365\\\/wp-content\\\/uploads\\\/2016\\\/06\\\/m365.jpg\",\"width\":655,\"height\":360},\"datePublished\":\"2016-06-08T18:55:55+02:00\",\"dateModified\":\"2016-06-08T20:04:56+02:00\",\"inLanguage\":\"es-ES\",\"mainEntityOfPage\":{\"@id\":\"https:\\\/\\\/eldigitaldeasturias.com\\\/magazine365\\\/el-tsjm-anula-la-prohibicion-de-alquilar-viviendas-turisticas-menos-de-cinco-dias\\\/#webpage\"},\"isPartOf\":{\"@id\":\"https:\\\/\\\/eldigitaldeasturias.com\\\/magazine365\\\/el-tsjm-anula-la-prohibicion-de-alquilar-viviendas-turisticas-menos-de-cinco-dias\\\/#webpage\"},\"articleSection\":\"Noticias y Actualidad\"},{\"@type\":\"BreadcrumbList\",\"@id\":\"https:\\\/\\\/eldigitaldeasturias.com\\\/magazine365\\\/el-tsjm-anula-la-prohibicion-de-alquilar-viviendas-turisticas-menos-de-cinco-dias\\\/#breadcrumblist\",\"itemListElement\":[{\"@type\":\"ListItem\",\"@id\":\"https:\\\/\\\/eldigitaldeasturias.com\\\/magazine365#listItem\",\"position\":1,\"name\":\"Home\",\"item\":\"https:\\\/\\\/eldigitaldeasturias.com\\\/magazine365\",\"nextItem\":{\"@type\":\"ListItem\",\"@id\":\"https:\\\/\\\/eldigitaldeasturias.com\\\/magazine365\\\/category\\\/noticias-actualidad\\\/#listItem\",\"name\":\"Noticias y Actualidad\"}},{\"@type\":\"ListItem\",\"@id\":\"https:\\\/\\\/eldigitaldeasturias.com\\\/magazine365\\\/category\\\/noticias-actualidad\\\/#listItem\",\"position\":2,\"name\":\"Noticias y Actualidad\",\"item\":\"https:\\\/\\\/eldigitaldeasturias.com\\\/magazine365\\\/category\\\/noticias-actualidad\\\/\",\"nextItem\":{\"@type\":\"ListItem\",\"@id\":\"https:\\\/\\\/eldigitaldeasturias.com\\\/magazine365\\\/el-tsjm-anula-la-prohibicion-de-alquilar-viviendas-turisticas-menos-de-cinco-dias\\\/#listItem\",\"name\":\"El TSJM anula la prohibici\\u00f3n de alquilar viviendas tur\\u00edsticas menos de cinco d\\u00edas\"},\"previousItem\":{\"@type\":\"ListItem\",\"@id\":\"https:\\\/\\\/eldigitaldeasturias.com\\\/magazine365#listItem\",\"name\":\"Home\"}},{\"@type\":\"ListItem\",\"@id\":\"https:\\\/\\\/eldigitaldeasturias.com\\\/magazine365\\\/el-tsjm-anula-la-prohibicion-de-alquilar-viviendas-turisticas-menos-de-cinco-dias\\\/#listItem\",\"position\":3,\"name\":\"El TSJM anula la prohibici\\u00f3n de alquilar viviendas tur\\u00edsticas menos de cinco d\\u00edas\",\"previousItem\":{\"@type\":\"ListItem\",\"@id\":\"https:\\\/\\\/eldigitaldeasturias.com\\\/magazine365\\\/category\\\/noticias-actualidad\\\/#listItem\",\"name\":\"Noticias y Actualidad\"}}]},{\"@type\":\"Organization\",\"@id\":\"https:\\\/\\\/eldigitaldeasturias.com\\\/magazine365\\\/#organization\",\"name\":\"El digital de Asturias\",\"description\":\"Revista de ocio, turismo y estilo de vida\",\"url\":\"https:\\\/\\\/eldigitaldeasturias.com\\\/magazine365\\\/\",\"logo\":{\"@type\":\"ImageObject\",\"url\":\"https:\\\/\\\/www.eldigitaldeasturias.com\\\/noticias\\\/wp-content\\\/uploads\\\/2020\\\/12\\\/EDA.jpg\",\"@id\":\"https:\\\/\\\/eldigitaldeasturias.com\\\/magazine365\\\/el-tsjm-anula-la-prohibicion-de-alquilar-viviendas-turisticas-menos-de-cinco-dias\\\/#organizationLogo\"},\"image\":{\"@id\":\"https:\\\/\\\/eldigitaldeasturias.com\\\/magazine365\\\/el-tsjm-anula-la-prohibicion-de-alquilar-viviendas-turisticas-menos-de-cinco-dias\\\/#organizationLogo\"}},{\"@type\":\"Person\",\"@id\":\"https:\\\/\\\/eldigitaldeasturias.com\\\/magazine365\\\/author\\\/admin\\\/#author\",\"url\":\"https:\\\/\\\/eldigitaldeasturias.com\\\/magazine365\\\/author\\\/admin\\\/\",\"name\":\"admin\",\"image\":{\"@type\":\"ImageObject\",\"@id\":\"https:\\\/\\\/eldigitaldeasturias.com\\\/magazine365\\\/el-tsjm-anula-la-prohibicion-de-alquilar-viviendas-turisticas-menos-de-cinco-dias\\\/#authorImage\",\"url\":\"https:\\\/\\\/eldigitaldeasturias.com\\\/magazine365\\\/wp-content\\\/litespeed\\\/avatar\\\/e571bcf59a0edd6fa6838245a470f2fe.jpg?ver=1776969259\",\"width\":96,\"height\":96,\"caption\":\"admin\"}},{\"@type\":\"WebPage\",\"@id\":\"https:\\\/\\\/eldigitaldeasturias.com\\\/magazine365\\\/el-tsjm-anula-la-prohibicion-de-alquilar-viviendas-turisticas-menos-de-cinco-dias\\\/#webpage\",\"url\":\"https:\\\/\\\/eldigitaldeasturias.com\\\/magazine365\\\/el-tsjm-anula-la-prohibicion-de-alquilar-viviendas-turisticas-menos-de-cinco-dias\\\/\",\"name\":\"El TSJM anula la prohibici\\u00f3n de alquilar viviendas tur\\u00edsticas menos de cinco d\\u00edas | El Digital de Asturias\",\"description\":\"La Secci\\u00f3n Octava de la Sala de lo Contencioso del Tribunal Superior de Justicia de Madrid (TSJM) ha anulado el Decreto de la Comunidad de Madrid que dispone que las viviendas de uso tur\\u00edstico no podr\\u00e1n contratarse por un periodo inferior a cinco d\\u00edas, obligando as\\u00ed a estancias superiores. As\\u00ed consta en una sentencia fechada\",\"inLanguage\":\"es-ES\",\"isPartOf\":{\"@id\":\"https:\\\/\\\/eldigitaldeasturias.com\\\/magazine365\\\/#website\"},\"breadcrumb\":{\"@id\":\"https:\\\/\\\/eldigitaldeasturias.com\\\/magazine365\\\/el-tsjm-anula-la-prohibicion-de-alquilar-viviendas-turisticas-menos-de-cinco-dias\\\/#breadcrumblist\"},\"author\":{\"@id\":\"https:\\\/\\\/eldigitaldeasturias.com\\\/magazine365\\\/author\\\/admin\\\/#author\"},\"creator\":{\"@id\":\"https:\\\/\\\/eldigitaldeasturias.com\\\/magazine365\\\/author\\\/admin\\\/#author\"},\"image\":{\"@type\":\"ImageObject\",\"url\":\"https:\\\/\\\/eldigitaldeasturias.com\\\/magazine365\\\/wp-content\\\/uploads\\\/2016\\\/06\\\/m365.jpg\",\"@id\":\"https:\\\/\\\/eldigitaldeasturias.com\\\/magazine365\\\/el-tsjm-anula-la-prohibicion-de-alquilar-viviendas-turisticas-menos-de-cinco-dias\\\/#mainImage\",\"width\":655,\"height\":360},\"primaryImageOfPage\":{\"@id\":\"https:\\\/\\\/eldigitaldeasturias.com\\\/magazine365\\\/el-tsjm-anula-la-prohibicion-de-alquilar-viviendas-turisticas-menos-de-cinco-dias\\\/#mainImage\"},\"datePublished\":\"2016-06-08T18:55:55+02:00\",\"dateModified\":\"2016-06-08T20:04:56+02:00\"},{\"@type\":\"WebSite\",\"@id\":\"https:\\\/\\\/eldigitaldeasturias.com\\\/magazine365\\\/#website\",\"url\":\"https:\\\/\\\/eldigitaldeasturias.com\\\/magazine365\\\/\",\"name\":\"El Digital de Asturias\",\"description\":\"Revista de ocio, turismo y estilo de vida\",\"inLanguage\":\"es-ES\",\"publisher\":{\"@id\":\"https:\\\/\\\/eldigitaldeasturias.com\\\/magazine365\\\/#organization\"}}]}\n\t\t<\/script>\n\t\t<!-- All in One SEO Pro -->\r\n\t\t<title>El TSJM anula la prohibici\u00f3n de alquilar viviendas tur\u00edsticas menos de cinco d\u00edas | El Digital de Asturias<\/title>\n\n","aioseo_head_json":{"title":"El TSJM anula la prohibici\u00f3n de alquilar viviendas tur\u00edsticas menos de cinco d\u00edas | El Digital de Asturias","description":"La Secci\u00f3n Octava de la Sala de lo Contencioso del Tribunal Superior de Justicia de Madrid (TSJM) ha anulado el Decreto de la Comunidad de Madrid que dispone que las viviendas de uso tur\u00edstico no podr\u00e1n contratarse por un periodo inferior a cinco d\u00edas, obligando as\u00ed a estancias superiores. As\u00ed consta en una sentencia fechada","canonical_url":"https:\/\/eldigitaldeasturias.com\/magazine365\/el-tsjm-anula-la-prohibicion-de-alquilar-viviendas-turisticas-menos-de-cinco-dias\/","robots":"max-image-preview:large","keywords":"noticias y actualidad","webmasterTools":{"google-site-verification":"UA-38556648-1","miscellaneous":""},"schema":{"@context":"https:\/\/schema.org","@graph":[{"@type":"Article","@id":"https:\/\/eldigitaldeasturias.com\/magazine365\/el-tsjm-anula-la-prohibicion-de-alquilar-viviendas-turisticas-menos-de-cinco-dias\/#article","name":"El TSJM anula la prohibici\u00f3n de alquilar viviendas tur\u00edsticas menos de cinco d\u00edas | El Digital de Asturias","headline":"El TSJM anula la prohibici\u00f3n de alquilar viviendas tur\u00edsticas menos de cinco d\u00edas","author":{"@id":"https:\/\/eldigitaldeasturias.com\/magazine365\/author\/admin\/#author"},"publisher":{"@id":"https:\/\/eldigitaldeasturias.com\/magazine365\/#organization"},"image":{"@type":"ImageObject","url":"https:\/\/eldigitaldeasturias.com\/magazine365\/wp-content\/uploads\/2016\/06\/m365.jpg","width":655,"height":360},"datePublished":"2016-06-08T18:55:55+02:00","dateModified":"2016-06-08T20:04:56+02:00","inLanguage":"es-ES","mainEntityOfPage":{"@id":"https:\/\/eldigitaldeasturias.com\/magazine365\/el-tsjm-anula-la-prohibicion-de-alquilar-viviendas-turisticas-menos-de-cinco-dias\/#webpage"},"isPartOf":{"@id":"https:\/\/eldigitaldeasturias.com\/magazine365\/el-tsjm-anula-la-prohibicion-de-alquilar-viviendas-turisticas-menos-de-cinco-dias\/#webpage"},"articleSection":"Noticias y Actualidad"},{"@type":"BreadcrumbList","@id":"https:\/\/eldigitaldeasturias.com\/magazine365\/el-tsjm-anula-la-prohibicion-de-alquilar-viviendas-turisticas-menos-de-cinco-dias\/#breadcrumblist","itemListElement":[{"@type":"ListItem","@id":"https:\/\/eldigitaldeasturias.com\/magazine365#listItem","position":1,"name":"Home","item":"https:\/\/eldigitaldeasturias.com\/magazine365","nextItem":{"@type":"ListItem","@id":"https:\/\/eldigitaldeasturias.com\/magazine365\/category\/noticias-actualidad\/#listItem","name":"Noticias y Actualidad"}},{"@type":"ListItem","@id":"https:\/\/eldigitaldeasturias.com\/magazine365\/category\/noticias-actualidad\/#listItem","position":2,"name":"Noticias y Actualidad","item":"https:\/\/eldigitaldeasturias.com\/magazine365\/category\/noticias-actualidad\/","nextItem":{"@type":"ListItem","@id":"https:\/\/eldigitaldeasturias.com\/magazine365\/el-tsjm-anula-la-prohibicion-de-alquilar-viviendas-turisticas-menos-de-cinco-dias\/#listItem","name":"El TSJM anula la prohibici\u00f3n de alquilar viviendas tur\u00edsticas menos de cinco d\u00edas"},"previousItem":{"@type":"ListItem","@id":"https:\/\/eldigitaldeasturias.com\/magazine365#listItem","name":"Home"}},{"@type":"ListItem","@id":"https:\/\/eldigitaldeasturias.com\/magazine365\/el-tsjm-anula-la-prohibicion-de-alquilar-viviendas-turisticas-menos-de-cinco-dias\/#listItem","position":3,"name":"El TSJM anula la prohibici\u00f3n de alquilar viviendas tur\u00edsticas menos de cinco d\u00edas","previousItem":{"@type":"ListItem","@id":"https:\/\/eldigitaldeasturias.com\/magazine365\/category\/noticias-actualidad\/#listItem","name":"Noticias y Actualidad"}}]},{"@type":"Organization","@id":"https:\/\/eldigitaldeasturias.com\/magazine365\/#organization","name":"El digital de Asturias","description":"Revista de ocio, turismo y estilo de vida","url":"https:\/\/eldigitaldeasturias.com\/magazine365\/","logo":{"@type":"ImageObject","url":"https:\/\/www.eldigitaldeasturias.com\/noticias\/wp-content\/uploads\/2020\/12\/EDA.jpg","@id":"https:\/\/eldigitaldeasturias.com\/magazine365\/el-tsjm-anula-la-prohibicion-de-alquilar-viviendas-turisticas-menos-de-cinco-dias\/#organizationLogo"},"image":{"@id":"https:\/\/eldigitaldeasturias.com\/magazine365\/el-tsjm-anula-la-prohibicion-de-alquilar-viviendas-turisticas-menos-de-cinco-dias\/#organizationLogo"}},{"@type":"Person","@id":"https:\/\/eldigitaldeasturias.com\/magazine365\/author\/admin\/#author","url":"https:\/\/eldigitaldeasturias.com\/magazine365\/author\/admin\/","name":"admin","image":{"@type":"ImageObject","@id":"https:\/\/eldigitaldeasturias.com\/magazine365\/el-tsjm-anula-la-prohibicion-de-alquilar-viviendas-turisticas-menos-de-cinco-dias\/#authorImage","url":"https:\/\/eldigitaldeasturias.com\/magazine365\/wp-content\/litespeed\/avatar\/e571bcf59a0edd6fa6838245a470f2fe.jpg?ver=1776969259","width":96,"height":96,"caption":"admin"}},{"@type":"WebPage","@id":"https:\/\/eldigitaldeasturias.com\/magazine365\/el-tsjm-anula-la-prohibicion-de-alquilar-viviendas-turisticas-menos-de-cinco-dias\/#webpage","url":"https:\/\/eldigitaldeasturias.com\/magazine365\/el-tsjm-anula-la-prohibicion-de-alquilar-viviendas-turisticas-menos-de-cinco-dias\/","name":"El TSJM anula la prohibici\u00f3n de alquilar viviendas tur\u00edsticas menos de cinco d\u00edas | El Digital de Asturias","description":"La Secci\u00f3n Octava de la Sala de lo Contencioso del Tribunal Superior de Justicia de Madrid (TSJM) ha anulado el Decreto de la Comunidad de Madrid que dispone que las viviendas de uso tur\u00edstico no podr\u00e1n contratarse por un periodo inferior a cinco d\u00edas, obligando as\u00ed a estancias superiores. As\u00ed consta en una sentencia fechada","inLanguage":"es-ES","isPartOf":{"@id":"https:\/\/eldigitaldeasturias.com\/magazine365\/#website"},"breadcrumb":{"@id":"https:\/\/eldigitaldeasturias.com\/magazine365\/el-tsjm-anula-la-prohibicion-de-alquilar-viviendas-turisticas-menos-de-cinco-dias\/#breadcrumblist"},"author":{"@id":"https:\/\/eldigitaldeasturias.com\/magazine365\/author\/admin\/#author"},"creator":{"@id":"https:\/\/eldigitaldeasturias.com\/magazine365\/author\/admin\/#author"},"image":{"@type":"ImageObject","url":"https:\/\/eldigitaldeasturias.com\/magazine365\/wp-content\/uploads\/2016\/06\/m365.jpg","@id":"https:\/\/eldigitaldeasturias.com\/magazine365\/el-tsjm-anula-la-prohibicion-de-alquilar-viviendas-turisticas-menos-de-cinco-dias\/#mainImage","width":655,"height":360},"primaryImageOfPage":{"@id":"https:\/\/eldigitaldeasturias.com\/magazine365\/el-tsjm-anula-la-prohibicion-de-alquilar-viviendas-turisticas-menos-de-cinco-dias\/#mainImage"},"datePublished":"2016-06-08T18:55:55+02:00","dateModified":"2016-06-08T20:04:56+02:00"},{"@type":"WebSite","@id":"https:\/\/eldigitaldeasturias.com\/magazine365\/#website","url":"https:\/\/eldigitaldeasturias.com\/magazine365\/","name":"El Digital de Asturias","description":"Revista de ocio, turismo y estilo de vida","inLanguage":"es-ES","publisher":{"@id":"https:\/\/eldigitaldeasturias.com\/magazine365\/#organization"}}]},"og:locale":"es_ES","og:site_name":"El Digital de Asturias \u2013 Revista de ocio, turismo y estilo de vida","og:type":"article","og:title":"El TSJM anula la prohibici\u00f3n de alquilar viviendas tur\u00edsticas menos de cinco d\u00edas | El Digital de Asturias","og:description":"La Secci\u00f3n Octava de la Sala de lo Contencioso del Tribunal Superior de Justicia de Madrid (TSJM) ha anulado el Decreto de la Comunidad de Madrid que dispone que las viviendas de uso tur\u00edstico no podr\u00e1n contratarse por un periodo inferior a cinco d\u00edas, obligando as\u00ed a estancias superiores. As\u00ed consta en una sentencia fechada","og:url":"https:\/\/eldigitaldeasturias.com\/magazine365\/el-tsjm-anula-la-prohibicion-de-alquilar-viviendas-turisticas-menos-de-cinco-dias\/","og:image":"https:\/\/eldigitaldeasturias.com\/magazine365\/wp-content\/uploads\/2016\/06\/m365.jpg","og:image:secure_url":"https:\/\/eldigitaldeasturias.com\/magazine365\/wp-content\/uploads\/2016\/06\/m365.jpg","og:image:width":655,"og:image:height":360,"article:published_time":"2016-06-08T16:55:55+00:00","article:modified_time":"2016-06-08T18:04:56+00:00","twitter:card":"summary_large_image","twitter:title":"El TSJM anula la prohibici\u00f3n de alquilar viviendas tur\u00edsticas menos de cinco d\u00edas | El Digital de Asturias","twitter:description":"La Secci\u00f3n Octava de la Sala de lo Contencioso del Tribunal Superior de Justicia de Madrid (TSJM) ha anulado el Decreto de la Comunidad de Madrid que dispone que las viviendas de uso tur\u00edstico no podr\u00e1n contratarse por un periodo inferior a cinco d\u00edas, obligando as\u00ed a estancias superiores. As\u00ed consta en una sentencia fechada","twitter:image":"https:\/\/eldigitaldeasturias.com\/magazine365\/wp-content\/uploads\/2016\/06\/m365.jpg"},"aioseo_meta_data":{"post_id":"78340","title":null,"description":null,"keywords":null,"keyphrases":null,"primary_term":null,"canonical_url":null,"og_title":null,"og_description":null,"og_object_type":"default","og_image_type":"default","og_image_url":null,"og_image_width":null,"og_image_height":null,"og_image_custom_url":null,"og_image_custom_fields":null,"og_video":null,"og_custom_url":null,"og_article_section":null,"og_article_tags":null,"twitter_use_og":false,"twitter_card":"default","twitter_image_type":"default","twitter_image_url":null,"twitter_image_custom_url":null,"twitter_image_custom_fields":null,"twitter_title":null,"twitter_description":null,"schema":{"blockGraphs":[],"customGraphs":[],"default":{"data":{"Article":[],"Course":[],"Dataset":[],"FAQPage":[],"Movie":[],"Person":[],"Product":[],"ProductReview":[],"Car":[],"Recipe":[],"Service":[],"SoftwareApplication":[],"WebPage":[]},"graphName":"","isEnabled":true},"graphs":[]},"schema_type":null,"schema_type_options":null,"pillar_content":false,"robots_default":true,"robots_noindex":false,"robots_noarchive":false,"robots_nosnippet":false,"robots_nofollow":false,"robots_noimageindex":false,"robots_noodp":false,"robots_notranslate":false,"robots_max_snippet":null,"robots_max_videopreview":null,"robots_max_imagepreview":"large","priority":null,"frequency":null,"location":null,"local_seo":null,"seo_analyzer_scan_date":"2025-09-27 16:46:48","breadcrumb_settings":null,"limit_modified_date":false,"open_ai":null,"ai":null,"created":"2021-03-08 18:02:11","updated":"2025-09-27 16:46:48"},"aioseo_breadcrumb":"<div class=\"aioseo-breadcrumbs\"><span class=\"aioseo-breadcrumb\">\n\t<a href=\"https:\/\/eldigitaldeasturias.com\/magazine365\" title=\"Home\">Home<\/a>\n<\/span><span class=\"aioseo-breadcrumb-separator\">\u2013<\/span><span class=\"aioseo-breadcrumb\">\n\t<a href=\"https:\/\/eldigitaldeasturias.com\/magazine365\/category\/noticias-actualidad\/\" title=\"Noticias y Actualidad\">Noticias y Actualidad<\/a>\n<\/span><span class=\"aioseo-breadcrumb-separator\">\u2013<\/span><span class=\"aioseo-breadcrumb\">\n\t<a href=\"https:\/\/eldigitaldeasturias.com\/magazine365\/el-tsjm-anula-la-prohibicion-de-alquilar-viviendas-turisticas-menos-de-cinco-dias\/\" title=\"El TSJM anula la prohibici\u00f3n de alquilar viviendas tur\u00edsticas menos de cinco d\u00edas\">El TSJM anula la prohibici\u00f3n de alquilar viviendas tur\u00edsticas menos de cinco d\u00edas<\/a>\n<\/span><\/div>","aioseo_breadcrumb_json":[{"label":"Home","link":"https:\/\/eldigitaldeasturias.com\/magazine365"},{"label":"Noticias y Actualidad","link":"https:\/\/eldigitaldeasturias.com\/magazine365\/category\/noticias-actualidad\/"},{"label":"El TSJM anula la prohibici\u00f3n de alquilar viviendas tur\u00edsticas menos de cinco d\u00edas","link":"https:\/\/eldigitaldeasturias.com\/magazine365\/el-tsjm-anula-la-prohibicion-de-alquilar-viviendas-turisticas-menos-de-cinco-dias\/"}],"_links":{"self":[{"href":"https:\/\/eldigitaldeasturias.com\/magazine365\/wp-json\/wp\/v2\/posts\/78340","targetHints":{"allow":["GET"]}}],"collection":[{"href":"https:\/\/eldigitaldeasturias.com\/magazine365\/wp-json\/wp\/v2\/posts"}],"about":[{"href":"https:\/\/eldigitaldeasturias.com\/magazine365\/wp-json\/wp\/v2\/types\/post"}],"author":[{"embeddable":true,"href":"https:\/\/eldigitaldeasturias.com\/magazine365\/wp-json\/wp\/v2\/users\/1"}],"replies":[{"embeddable":true,"href":"https:\/\/eldigitaldeasturias.com\/magazine365\/wp-json\/wp\/v2\/comments?post=78340"}],"version-history":[{"count":0,"href":"https:\/\/eldigitaldeasturias.com\/magazine365\/wp-json\/wp\/v2\/posts\/78340\/revisions"}],"wp:featuredmedia":[{"embeddable":true,"href":"https:\/\/eldigitaldeasturias.com\/magazine365\/wp-json\/wp\/v2\/media\/77926"}],"wp:attachment":[{"href":"https:\/\/eldigitaldeasturias.com\/magazine365\/wp-json\/wp\/v2\/media?parent=78340"}],"wp:term":[{"taxonomy":"category","embeddable":true,"href":"https:\/\/eldigitaldeasturias.com\/magazine365\/wp-json\/wp\/v2\/categories?post=78340"},{"taxonomy":"post_tag","embeddable":true,"href":"https:\/\/eldigitaldeasturias.com\/magazine365\/wp-json\/wp\/v2\/tags?post=78340"}],"curies":[{"name":"wp","href":"https:\/\/api.w.org\/{rel}","templated":true}]}}