{"id":78336,"date":"2016-06-08T18:33:28","date_gmt":"2016-06-08T16:33:28","guid":{"rendered":"http:\/\/eldigitaldeasturias.com\/magazine365\/?p=78336"},"modified":"2016-06-08T18:33:28","modified_gmt":"2016-06-08T16:33:28","slug":"ciu-de-barcelona-exige-retirar-el-plan-urbanistico-de-alojamientos-turisticos-por-carencias-juridicas","status":"publish","type":"post","link":"https:\/\/eldigitaldeasturias.com\/magazine365\/ciu-de-barcelona-exige-retirar-el-plan-urbanistico-de-alojamientos-turisticos-por-carencias-juridicas\/","title":{"rendered":"CiU de Barcelona exige retirar el plan urban\u00edstico de alojamientos tur\u00edsticos por \u00abcarencias jur\u00eddicas\u00bb"},"content":{"rendered":"<p><img fetchpriority=\"high\" decoding=\"async\" class=\"alignleft size-medium wp-image-78337\" src=\"https:\/\/eldigitaldeasturias.com\/magazine365\/wp-content\/uploads\/2016\/06\/fotonoticia_20160608171144_800-360x270.jpg\" alt=\"fotonoticia_20160608171144_800\" width=\"360\" height=\"270\" srcset=\"https:\/\/eldigitaldeasturias.com\/magazine365\/wp-content\/uploads\/2016\/06\/fotonoticia_20160608171144_800-360x270.jpg 360w, https:\/\/eldigitaldeasturias.com\/magazine365\/wp-content\/uploads\/2016\/06\/fotonoticia_20160608171144_800-650x488.jpg 650w, https:\/\/eldigitaldeasturias.com\/magazine365\/wp-content\/uploads\/2016\/06\/fotonoticia_20160608171144_800-768x576.jpg 768w, https:\/\/eldigitaldeasturias.com\/magazine365\/wp-content\/uploads\/2016\/06\/fotonoticia_20160608171144_800-150x113.jpg 150w, https:\/\/eldigitaldeasturias.com\/magazine365\/wp-content\/uploads\/2016\/06\/fotonoticia_20160608171144_800-450x338.jpg 450w, https:\/\/eldigitaldeasturias.com\/magazine365\/wp-content\/uploads\/2016\/06\/fotonoticia_20160608171144_800-90x67.jpg 90w, https:\/\/eldigitaldeasturias.com\/magazine365\/wp-content\/uploads\/2016\/06\/fotonoticia_20160608171144_800-164x124.jpg 164w, https:\/\/eldigitaldeasturias.com\/magazine365\/wp-content\/uploads\/2016\/06\/fotonoticia_20160608171144_800-100x75.jpg 100w, https:\/\/eldigitaldeasturias.com\/magazine365\/wp-content\/uploads\/2016\/06\/fotonoticia_20160608171144_800.jpg 800w\" sizes=\"(max-width: 360px) 100vw, 360px\" \/>El concejal de CiU en Barcelona Jordi Mart\u00ed ha exigido este mi\u00e9rcoles al Gobierno de Ada Colau que descarte llevar a aprobaci\u00f3n definitiva y retire el Plan Urban\u00edstico de Alojamientos Tur\u00edsticos (Peuat) porque \u00abtiene carencias y d\u00e9ficits muy importantes desde el punto de vista jur\u00eddico y pol\u00edtico, por las consecuencias econ\u00f3micas y por el impacto negativo que puede tener en el patrimonio y las arcas municipales\u00bb.<\/p>\n<p>\u00abPedimos no s\u00f3lo la retirada del Peuat, sino que se inicie un proceso de di\u00e1logo para encontrar un nuevo instrumento jur\u00eddico que tenga el m\u00e1ximo consenso social y pol\u00edtico\u00bb, ya que el actual no re\u00fane el consenso requerido, ha criticado Mart\u00ed en rueda de prensa, en la que ha asegurado que su grupo presentar\u00e1 alegaciones en las pr\u00f3ximas horas.<\/p>\n<p>Considera que el Peuat planteado por el Gobierno municipal cuenta con \u00abplanteamientos que est\u00e1n al borde de la ilegalidad en algunos casos\u00bb, y ha avisado que, si el plan se aprueba como est\u00e1 planteado, provocar\u00e1 el aumento de la oferta ilegal y de la econom\u00eda sumergida y ser\u00e1 contrario a los principios de competencias por obstaculizar la entrada de nuevos operadores.<\/p>\n<p>Mart\u00ed ha avisado de que el Peuat \u00abesconde una aut\u00e9ntica modificaci\u00f3n de Plan General Metropolitano\u00bb (PGM) y pretende prohibir unos usos que permite este plan, por lo que ha insistido en que un plan especial como el Peuat no es la herramienta adecuada ni v\u00e1lida para modificar criterios de ordenaci\u00f3n establecidos en una norma de rango superior.<\/p>\n<p>Sostiene que el Peuat es fruto de clich\u00e9s ideol\u00f3gicos basados en la desconfianza ante la iniciativa privada, en palabras de Mart\u00ed, que ha dicho que CiU \u00abno puede estar de acuerdo con ninguna pol\u00edtica dirigida al decrecimiento econ\u00f3mico\u00bb, tras lo que ha defendido la importancia del turismo y ha resaltado que el ejecutivo del exalcalde Xavier Trias actu\u00f3 ante sus efectos negativos.<\/p>\n<h2 class=\"ladillo\">LA SAGRERA<\/h2>\n<p>Preguntado por las presuntas irregularidades que han ralentizado las obras del \u00e1mbito de la Estaci\u00f3n de la Sagrera anunciadas este martes por el Secretario de Estado de Infraestructuras, Julio G\u00f3mez Pomar, Mart\u00ed ha lamentado la \u00abfalta de transparencia y de informaci\u00f3n\u00bb.<\/p>\n<p>Tras recordar que la sociedad Barcelona Sagrera Alta Velocitat est\u00e1 participada por el Ministerio de Fomento, el Ayuntamiento, la Generalitat y Adif, Mart\u00ed ha se\u00f1alado: \u00abTenemos que esperar a que la Fiscal\u00eda act\u00fae y se depuren eventuales responsabilidades, pero lo que queremos es que las obras sigan adelante\u00bb, algo por lo que trabajar\u00e1n con el Ayuntamiento y a la Generalitat, ha dicho.<\/p>\n","protected":false},"excerpt":{"rendered":"<p>El concejal de CiU en Barcelona Jordi Mart\u00ed ha exigido este mi\u00e9rcoles al Gobierno de Ada Colau que descarte llevar a aprobaci\u00f3n definitiva y retire el Plan Urban\u00edstico de Alojamientos Tur\u00edsticos (Peuat) porque \u00abtiene carencias y d\u00e9ficits muy importantes desde el punto de vista jur\u00eddico y pol\u00edtico, por las consecuencias econ\u00f3micas y por el impacto<\/p>\n","protected":false},"author":1,"featured_media":78337,"comment_status":"open","ping_status":"closed","sticky":false,"template":"","format":"standard","meta":{"footnotes":""},"categories":[224],"tags":[],"class_list":{"0":"post-78336","1":"post","2":"type-post","3":"status-publish","4":"format-standard","5":"has-post-thumbnail","7":"category-noticias-actualidad"},"aioseo_notices":[],"aioseo_head":"\n\t\t<!-- All in One SEO Pro 4.9.6.1 - aioseo.com -->\n\t<meta name=\"description\" content=\"El concejal de CiU en Barcelona Jordi Mart\u00ed ha exigido este mi\u00e9rcoles al Gobierno de Ada Colau que descarte llevar a aprobaci\u00f3n definitiva y retire el Plan Urban\u00edstico de Alojamientos Tur\u00edsticos (Peuat) porque &quot;tiene carencias y d\u00e9ficits muy importantes desde el punto de vista jur\u00eddico y pol\u00edtico, por las consecuencias econ\u00f3micas y por el impacto\" \/>\n\t<meta name=\"robots\" content=\"max-image-preview:large\" \/>\n\t<meta name=\"author\" content=\"admin\"\/>\n\t<meta name=\"google-site-verification\" content=\"UA-38556648-1\" \/>\n\t<meta name=\"keywords\" content=\"noticias y actualidad\" \/>\n\t<link rel=\"canonical\" href=\"https:\/\/eldigitaldeasturias.com\/magazine365\/ciu-de-barcelona-exige-retirar-el-plan-urbanistico-de-alojamientos-turisticos-por-carencias-juridicas\/\" \/>\n\t<meta name=\"generator\" content=\"All in One SEO Pro (AIOSEO) 4.9.6.1\" \/>\n\t\t<meta property=\"og:locale\" content=\"es_ES\" \/>\n\t\t<meta property=\"og:site_name\" content=\"El Digital de Asturias \u2013 Revista de ocio, turismo y estilo de vida\" \/>\n\t\t<meta property=\"og:type\" content=\"article\" \/>\n\t\t<meta property=\"og:title\" content=\"CiU de Barcelona exige retirar el plan urban\u00edstico de alojamientos tur\u00edsticos por \u00abcarencias jur\u00eddicas\u00bb | El Digital de Asturias\" \/>\n\t\t<meta property=\"og:description\" content=\"El concejal de CiU en Barcelona Jordi Mart\u00ed ha exigido este mi\u00e9rcoles al Gobierno de Ada Colau que descarte llevar a aprobaci\u00f3n definitiva y retire el Plan Urban\u00edstico de Alojamientos Tur\u00edsticos (Peuat) porque &quot;tiene carencias y d\u00e9ficits muy importantes desde el punto de vista jur\u00eddico y pol\u00edtico, por las consecuencias econ\u00f3micas y por el impacto\" \/>\n\t\t<meta property=\"og:url\" content=\"https:\/\/eldigitaldeasturias.com\/magazine365\/ciu-de-barcelona-exige-retirar-el-plan-urbanistico-de-alojamientos-turisticos-por-carencias-juridicas\/\" \/>\n\t\t<meta property=\"og:image\" content=\"https:\/\/eldigitaldeasturias.com\/magazine365\/wp-content\/uploads\/2016\/06\/fotonoticia_20160608171144_800.jpg\" \/>\n\t\t<meta property=\"og:image:secure_url\" content=\"https:\/\/eldigitaldeasturias.com\/magazine365\/wp-content\/uploads\/2016\/06\/fotonoticia_20160608171144_800.jpg\" \/>\n\t\t<meta property=\"og:image:width\" content=\"800\" \/>\n\t\t<meta property=\"og:image:height\" content=\"600\" \/>\n\t\t<meta property=\"article:published_time\" content=\"2016-06-08T16:33:28+00:00\" \/>\n\t\t<meta property=\"article:modified_time\" content=\"2016-06-08T16:33:28+00:00\" \/>\n\t\t<meta name=\"twitter:card\" content=\"summary_large_image\" \/>\n\t\t<meta name=\"twitter:title\" content=\"CiU de Barcelona exige retirar el plan urban\u00edstico de alojamientos tur\u00edsticos por \u00abcarencias jur\u00eddicas\u00bb | El Digital de Asturias\" \/>\n\t\t<meta name=\"twitter:description\" content=\"El concejal de CiU en Barcelona Jordi Mart\u00ed ha exigido este mi\u00e9rcoles al Gobierno de Ada Colau que descarte llevar a aprobaci\u00f3n definitiva y retire el Plan Urban\u00edstico de Alojamientos Tur\u00edsticos (Peuat) porque &quot;tiene carencias y d\u00e9ficits muy importantes desde el punto de vista jur\u00eddico y pol\u00edtico, por las consecuencias econ\u00f3micas y por el impacto\" \/>\n\t\t<meta name=\"twitter:image\" content=\"https:\/\/eldigitaldeasturias.com\/magazine365\/wp-content\/uploads\/2016\/06\/fotonoticia_20160608171144_800.jpg\" \/>\n\t\t<script type=\"application\/ld+json\" class=\"aioseo-schema\">\n\t\t\t{\"@context\":\"https:\\\/\\\/schema.org\",\"@graph\":[{\"@type\":\"Article\",\"@id\":\"https:\\\/\\\/eldigitaldeasturias.com\\\/magazine365\\\/ciu-de-barcelona-exige-retirar-el-plan-urbanistico-de-alojamientos-turisticos-por-carencias-juridicas\\\/#article\",\"name\":\"CiU de Barcelona exige retirar el plan urban\\u00edstico de alojamientos tur\\u00edsticos por \\u00abcarencias jur\\u00eddicas\\u00bb | El Digital de Asturias\",\"headline\":\"CiU de Barcelona exige retirar el plan urban\\u00edstico de alojamientos tur\\u00edsticos por \\u00abcarencias jur\\u00eddicas\\u00bb\",\"author\":{\"@id\":\"https:\\\/\\\/eldigitaldeasturias.com\\\/magazine365\\\/author\\\/admin\\\/#author\"},\"publisher\":{\"@id\":\"https:\\\/\\\/eldigitaldeasturias.com\\\/magazine365\\\/#organization\"},\"image\":{\"@type\":\"ImageObject\",\"url\":\"https:\\\/\\\/eldigitaldeasturias.com\\\/magazine365\\\/wp-content\\\/uploads\\\/2016\\\/06\\\/fotonoticia_20160608171144_800.jpg\",\"width\":800,\"height\":600},\"datePublished\":\"2016-06-08T18:33:28+02:00\",\"dateModified\":\"2016-06-08T18:33:28+02:00\",\"inLanguage\":\"es-ES\",\"mainEntityOfPage\":{\"@id\":\"https:\\\/\\\/eldigitaldeasturias.com\\\/magazine365\\\/ciu-de-barcelona-exige-retirar-el-plan-urbanistico-de-alojamientos-turisticos-por-carencias-juridicas\\\/#webpage\"},\"isPartOf\":{\"@id\":\"https:\\\/\\\/eldigitaldeasturias.com\\\/magazine365\\\/ciu-de-barcelona-exige-retirar-el-plan-urbanistico-de-alojamientos-turisticos-por-carencias-juridicas\\\/#webpage\"},\"articleSection\":\"Noticias y Actualidad\"},{\"@type\":\"BreadcrumbList\",\"@id\":\"https:\\\/\\\/eldigitaldeasturias.com\\\/magazine365\\\/ciu-de-barcelona-exige-retirar-el-plan-urbanistico-de-alojamientos-turisticos-por-carencias-juridicas\\\/#breadcrumblist\",\"itemListElement\":[{\"@type\":\"ListItem\",\"@id\":\"https:\\\/\\\/eldigitaldeasturias.com\\\/magazine365#listItem\",\"position\":1,\"name\":\"Home\",\"item\":\"https:\\\/\\\/eldigitaldeasturias.com\\\/magazine365\",\"nextItem\":{\"@type\":\"ListItem\",\"@id\":\"https:\\\/\\\/eldigitaldeasturias.com\\\/magazine365\\\/category\\\/noticias-actualidad\\\/#listItem\",\"name\":\"Noticias y Actualidad\"}},{\"@type\":\"ListItem\",\"@id\":\"https:\\\/\\\/eldigitaldeasturias.com\\\/magazine365\\\/category\\\/noticias-actualidad\\\/#listItem\",\"position\":2,\"name\":\"Noticias y Actualidad\",\"item\":\"https:\\\/\\\/eldigitaldeasturias.com\\\/magazine365\\\/category\\\/noticias-actualidad\\\/\",\"nextItem\":{\"@type\":\"ListItem\",\"@id\":\"https:\\\/\\\/eldigitaldeasturias.com\\\/magazine365\\\/ciu-de-barcelona-exige-retirar-el-plan-urbanistico-de-alojamientos-turisticos-por-carencias-juridicas\\\/#listItem\",\"name\":\"CiU de Barcelona exige retirar el plan urban\\u00edstico de alojamientos tur\\u00edsticos por \\u00abcarencias jur\\u00eddicas\\u00bb\"},\"previousItem\":{\"@type\":\"ListItem\",\"@id\":\"https:\\\/\\\/eldigitaldeasturias.com\\\/magazine365#listItem\",\"name\":\"Home\"}},{\"@type\":\"ListItem\",\"@id\":\"https:\\\/\\\/eldigitaldeasturias.com\\\/magazine365\\\/ciu-de-barcelona-exige-retirar-el-plan-urbanistico-de-alojamientos-turisticos-por-carencias-juridicas\\\/#listItem\",\"position\":3,\"name\":\"CiU de Barcelona exige retirar el plan urban\\u00edstico de alojamientos tur\\u00edsticos por \\u00abcarencias jur\\u00eddicas\\u00bb\",\"previousItem\":{\"@type\":\"ListItem\",\"@id\":\"https:\\\/\\\/eldigitaldeasturias.com\\\/magazine365\\\/category\\\/noticias-actualidad\\\/#listItem\",\"name\":\"Noticias y Actualidad\"}}]},{\"@type\":\"Organization\",\"@id\":\"https:\\\/\\\/eldigitaldeasturias.com\\\/magazine365\\\/#organization\",\"name\":\"El digital de Asturias\",\"description\":\"Revista de ocio, turismo y estilo de vida\",\"url\":\"https:\\\/\\\/eldigitaldeasturias.com\\\/magazine365\\\/\",\"logo\":{\"@type\":\"ImageObject\",\"url\":\"https:\\\/\\\/www.eldigitaldeasturias.com\\\/noticias\\\/wp-content\\\/uploads\\\/2020\\\/12\\\/EDA.jpg\",\"@id\":\"https:\\\/\\\/eldigitaldeasturias.com\\\/magazine365\\\/ciu-de-barcelona-exige-retirar-el-plan-urbanistico-de-alojamientos-turisticos-por-carencias-juridicas\\\/#organizationLogo\"},\"image\":{\"@id\":\"https:\\\/\\\/eldigitaldeasturias.com\\\/magazine365\\\/ciu-de-barcelona-exige-retirar-el-plan-urbanistico-de-alojamientos-turisticos-por-carencias-juridicas\\\/#organizationLogo\"}},{\"@type\":\"Person\",\"@id\":\"https:\\\/\\\/eldigitaldeasturias.com\\\/magazine365\\\/author\\\/admin\\\/#author\",\"url\":\"https:\\\/\\\/eldigitaldeasturias.com\\\/magazine365\\\/author\\\/admin\\\/\",\"name\":\"admin\",\"image\":{\"@type\":\"ImageObject\",\"@id\":\"https:\\\/\\\/eldigitaldeasturias.com\\\/magazine365\\\/ciu-de-barcelona-exige-retirar-el-plan-urbanistico-de-alojamientos-turisticos-por-carencias-juridicas\\\/#authorImage\",\"url\":\"https:\\\/\\\/eldigitaldeasturias.com\\\/magazine365\\\/wp-content\\\/litespeed\\\/avatar\\\/e571bcf59a0edd6fa6838245a470f2fe.jpg?ver=1776969259\",\"width\":96,\"height\":96,\"caption\":\"admin\"}},{\"@type\":\"WebPage\",\"@id\":\"https:\\\/\\\/eldigitaldeasturias.com\\\/magazine365\\\/ciu-de-barcelona-exige-retirar-el-plan-urbanistico-de-alojamientos-turisticos-por-carencias-juridicas\\\/#webpage\",\"url\":\"https:\\\/\\\/eldigitaldeasturias.com\\\/magazine365\\\/ciu-de-barcelona-exige-retirar-el-plan-urbanistico-de-alojamientos-turisticos-por-carencias-juridicas\\\/\",\"name\":\"CiU de Barcelona exige retirar el plan urban\\u00edstico de alojamientos tur\\u00edsticos por \\u00abcarencias jur\\u00eddicas\\u00bb | El Digital de Asturias\",\"description\":\"El concejal de CiU en Barcelona Jordi Mart\\u00ed ha exigido este mi\\u00e9rcoles al Gobierno de Ada Colau que descarte llevar a aprobaci\\u00f3n definitiva y retire el Plan Urban\\u00edstico de Alojamientos Tur\\u00edsticos (Peuat) porque \\\"tiene carencias y d\\u00e9ficits muy importantes desde el punto de vista jur\\u00eddico y pol\\u00edtico, por las consecuencias econ\\u00f3micas y por el impacto\",\"inLanguage\":\"es-ES\",\"isPartOf\":{\"@id\":\"https:\\\/\\\/eldigitaldeasturias.com\\\/magazine365\\\/#website\"},\"breadcrumb\":{\"@id\":\"https:\\\/\\\/eldigitaldeasturias.com\\\/magazine365\\\/ciu-de-barcelona-exige-retirar-el-plan-urbanistico-de-alojamientos-turisticos-por-carencias-juridicas\\\/#breadcrumblist\"},\"author\":{\"@id\":\"https:\\\/\\\/eldigitaldeasturias.com\\\/magazine365\\\/author\\\/admin\\\/#author\"},\"creator\":{\"@id\":\"https:\\\/\\\/eldigitaldeasturias.com\\\/magazine365\\\/author\\\/admin\\\/#author\"},\"image\":{\"@type\":\"ImageObject\",\"url\":\"https:\\\/\\\/eldigitaldeasturias.com\\\/magazine365\\\/wp-content\\\/uploads\\\/2016\\\/06\\\/fotonoticia_20160608171144_800.jpg\",\"@id\":\"https:\\\/\\\/eldigitaldeasturias.com\\\/magazine365\\\/ciu-de-barcelona-exige-retirar-el-plan-urbanistico-de-alojamientos-turisticos-por-carencias-juridicas\\\/#mainImage\",\"width\":800,\"height\":600},\"primaryImageOfPage\":{\"@id\":\"https:\\\/\\\/eldigitaldeasturias.com\\\/magazine365\\\/ciu-de-barcelona-exige-retirar-el-plan-urbanistico-de-alojamientos-turisticos-por-carencias-juridicas\\\/#mainImage\"},\"datePublished\":\"2016-06-08T18:33:28+02:00\",\"dateModified\":\"2016-06-08T18:33:28+02:00\"},{\"@type\":\"WebSite\",\"@id\":\"https:\\\/\\\/eldigitaldeasturias.com\\\/magazine365\\\/#website\",\"url\":\"https:\\\/\\\/eldigitaldeasturias.com\\\/magazine365\\\/\",\"name\":\"El Digital de Asturias\",\"description\":\"Revista de ocio, turismo y estilo de vida\",\"inLanguage\":\"es-ES\",\"publisher\":{\"@id\":\"https:\\\/\\\/eldigitaldeasturias.com\\\/magazine365\\\/#organization\"}}]}\n\t\t<\/script>\n\t\t<!-- All in One SEO Pro -->\r\n\t\t<title>CiU de Barcelona exige retirar el plan urban\u00edstico de alojamientos tur\u00edsticos por \u00abcarencias jur\u00eddicas\u00bb | El Digital de Asturias<\/title>\n\n","aioseo_head_json":{"title":"CiU de Barcelona exige retirar el plan urban\u00edstico de alojamientos tur\u00edsticos por \u00abcarencias jur\u00eddicas\u00bb | El Digital de Asturias","description":"El concejal de CiU en Barcelona Jordi Mart\u00ed ha exigido este mi\u00e9rcoles al Gobierno de Ada Colau que descarte llevar a aprobaci\u00f3n definitiva y retire el Plan Urban\u00edstico de Alojamientos Tur\u00edsticos (Peuat) porque \"tiene carencias y d\u00e9ficits muy importantes desde el punto de vista jur\u00eddico y pol\u00edtico, por las consecuencias econ\u00f3micas y por el impacto","canonical_url":"https:\/\/eldigitaldeasturias.com\/magazine365\/ciu-de-barcelona-exige-retirar-el-plan-urbanistico-de-alojamientos-turisticos-por-carencias-juridicas\/","robots":"max-image-preview:large","keywords":"noticias y actualidad","webmasterTools":{"google-site-verification":"UA-38556648-1","miscellaneous":""},"schema":{"@context":"https:\/\/schema.org","@graph":[{"@type":"Article","@id":"https:\/\/eldigitaldeasturias.com\/magazine365\/ciu-de-barcelona-exige-retirar-el-plan-urbanistico-de-alojamientos-turisticos-por-carencias-juridicas\/#article","name":"CiU de Barcelona exige retirar el plan urban\u00edstico de alojamientos tur\u00edsticos por \u00abcarencias jur\u00eddicas\u00bb | El Digital de Asturias","headline":"CiU de Barcelona exige retirar el plan urban\u00edstico de alojamientos tur\u00edsticos por \u00abcarencias jur\u00eddicas\u00bb","author":{"@id":"https:\/\/eldigitaldeasturias.com\/magazine365\/author\/admin\/#author"},"publisher":{"@id":"https:\/\/eldigitaldeasturias.com\/magazine365\/#organization"},"image":{"@type":"ImageObject","url":"https:\/\/eldigitaldeasturias.com\/magazine365\/wp-content\/uploads\/2016\/06\/fotonoticia_20160608171144_800.jpg","width":800,"height":600},"datePublished":"2016-06-08T18:33:28+02:00","dateModified":"2016-06-08T18:33:28+02:00","inLanguage":"es-ES","mainEntityOfPage":{"@id":"https:\/\/eldigitaldeasturias.com\/magazine365\/ciu-de-barcelona-exige-retirar-el-plan-urbanistico-de-alojamientos-turisticos-por-carencias-juridicas\/#webpage"},"isPartOf":{"@id":"https:\/\/eldigitaldeasturias.com\/magazine365\/ciu-de-barcelona-exige-retirar-el-plan-urbanistico-de-alojamientos-turisticos-por-carencias-juridicas\/#webpage"},"articleSection":"Noticias y Actualidad"},{"@type":"BreadcrumbList","@id":"https:\/\/eldigitaldeasturias.com\/magazine365\/ciu-de-barcelona-exige-retirar-el-plan-urbanistico-de-alojamientos-turisticos-por-carencias-juridicas\/#breadcrumblist","itemListElement":[{"@type":"ListItem","@id":"https:\/\/eldigitaldeasturias.com\/magazine365#listItem","position":1,"name":"Home","item":"https:\/\/eldigitaldeasturias.com\/magazine365","nextItem":{"@type":"ListItem","@id":"https:\/\/eldigitaldeasturias.com\/magazine365\/category\/noticias-actualidad\/#listItem","name":"Noticias y Actualidad"}},{"@type":"ListItem","@id":"https:\/\/eldigitaldeasturias.com\/magazine365\/category\/noticias-actualidad\/#listItem","position":2,"name":"Noticias y Actualidad","item":"https:\/\/eldigitaldeasturias.com\/magazine365\/category\/noticias-actualidad\/","nextItem":{"@type":"ListItem","@id":"https:\/\/eldigitaldeasturias.com\/magazine365\/ciu-de-barcelona-exige-retirar-el-plan-urbanistico-de-alojamientos-turisticos-por-carencias-juridicas\/#listItem","name":"CiU de Barcelona exige retirar el plan urban\u00edstico de alojamientos tur\u00edsticos por \u00abcarencias jur\u00eddicas\u00bb"},"previousItem":{"@type":"ListItem","@id":"https:\/\/eldigitaldeasturias.com\/magazine365#listItem","name":"Home"}},{"@type":"ListItem","@id":"https:\/\/eldigitaldeasturias.com\/magazine365\/ciu-de-barcelona-exige-retirar-el-plan-urbanistico-de-alojamientos-turisticos-por-carencias-juridicas\/#listItem","position":3,"name":"CiU de Barcelona exige retirar el plan urban\u00edstico de alojamientos tur\u00edsticos por \u00abcarencias jur\u00eddicas\u00bb","previousItem":{"@type":"ListItem","@id":"https:\/\/eldigitaldeasturias.com\/magazine365\/category\/noticias-actualidad\/#listItem","name":"Noticias y Actualidad"}}]},{"@type":"Organization","@id":"https:\/\/eldigitaldeasturias.com\/magazine365\/#organization","name":"El digital de Asturias","description":"Revista de ocio, turismo y estilo de vida","url":"https:\/\/eldigitaldeasturias.com\/magazine365\/","logo":{"@type":"ImageObject","url":"https:\/\/www.eldigitaldeasturias.com\/noticias\/wp-content\/uploads\/2020\/12\/EDA.jpg","@id":"https:\/\/eldigitaldeasturias.com\/magazine365\/ciu-de-barcelona-exige-retirar-el-plan-urbanistico-de-alojamientos-turisticos-por-carencias-juridicas\/#organizationLogo"},"image":{"@id":"https:\/\/eldigitaldeasturias.com\/magazine365\/ciu-de-barcelona-exige-retirar-el-plan-urbanistico-de-alojamientos-turisticos-por-carencias-juridicas\/#organizationLogo"}},{"@type":"Person","@id":"https:\/\/eldigitaldeasturias.com\/magazine365\/author\/admin\/#author","url":"https:\/\/eldigitaldeasturias.com\/magazine365\/author\/admin\/","name":"admin","image":{"@type":"ImageObject","@id":"https:\/\/eldigitaldeasturias.com\/magazine365\/ciu-de-barcelona-exige-retirar-el-plan-urbanistico-de-alojamientos-turisticos-por-carencias-juridicas\/#authorImage","url":"https:\/\/eldigitaldeasturias.com\/magazine365\/wp-content\/litespeed\/avatar\/e571bcf59a0edd6fa6838245a470f2fe.jpg?ver=1776969259","width":96,"height":96,"caption":"admin"}},{"@type":"WebPage","@id":"https:\/\/eldigitaldeasturias.com\/magazine365\/ciu-de-barcelona-exige-retirar-el-plan-urbanistico-de-alojamientos-turisticos-por-carencias-juridicas\/#webpage","url":"https:\/\/eldigitaldeasturias.com\/magazine365\/ciu-de-barcelona-exige-retirar-el-plan-urbanistico-de-alojamientos-turisticos-por-carencias-juridicas\/","name":"CiU de Barcelona exige retirar el plan urban\u00edstico de alojamientos tur\u00edsticos por \u00abcarencias jur\u00eddicas\u00bb | El Digital de Asturias","description":"El concejal de CiU en Barcelona Jordi Mart\u00ed ha exigido este mi\u00e9rcoles al Gobierno de Ada Colau que descarte llevar a aprobaci\u00f3n definitiva y retire el Plan Urban\u00edstico de Alojamientos Tur\u00edsticos (Peuat) porque \"tiene carencias y d\u00e9ficits muy importantes desde el punto de vista jur\u00eddico y pol\u00edtico, por las consecuencias econ\u00f3micas y por el impacto","inLanguage":"es-ES","isPartOf":{"@id":"https:\/\/eldigitaldeasturias.com\/magazine365\/#website"},"breadcrumb":{"@id":"https:\/\/eldigitaldeasturias.com\/magazine365\/ciu-de-barcelona-exige-retirar-el-plan-urbanistico-de-alojamientos-turisticos-por-carencias-juridicas\/#breadcrumblist"},"author":{"@id":"https:\/\/eldigitaldeasturias.com\/magazine365\/author\/admin\/#author"},"creator":{"@id":"https:\/\/eldigitaldeasturias.com\/magazine365\/author\/admin\/#author"},"image":{"@type":"ImageObject","url":"https:\/\/eldigitaldeasturias.com\/magazine365\/wp-content\/uploads\/2016\/06\/fotonoticia_20160608171144_800.jpg","@id":"https:\/\/eldigitaldeasturias.com\/magazine365\/ciu-de-barcelona-exige-retirar-el-plan-urbanistico-de-alojamientos-turisticos-por-carencias-juridicas\/#mainImage","width":800,"height":600},"primaryImageOfPage":{"@id":"https:\/\/eldigitaldeasturias.com\/magazine365\/ciu-de-barcelona-exige-retirar-el-plan-urbanistico-de-alojamientos-turisticos-por-carencias-juridicas\/#mainImage"},"datePublished":"2016-06-08T18:33:28+02:00","dateModified":"2016-06-08T18:33:28+02:00"},{"@type":"WebSite","@id":"https:\/\/eldigitaldeasturias.com\/magazine365\/#website","url":"https:\/\/eldigitaldeasturias.com\/magazine365\/","name":"El Digital de Asturias","description":"Revista de ocio, turismo y estilo de vida","inLanguage":"es-ES","publisher":{"@id":"https:\/\/eldigitaldeasturias.com\/magazine365\/#organization"}}]},"og:locale":"es_ES","og:site_name":"El Digital de Asturias \u2013 Revista de ocio, turismo y estilo de vida","og:type":"article","og:title":"CiU de Barcelona exige retirar el plan urban\u00edstico de alojamientos tur\u00edsticos por \u00abcarencias jur\u00eddicas\u00bb | El Digital de Asturias","og:description":"El concejal de CiU en Barcelona Jordi Mart\u00ed ha exigido este mi\u00e9rcoles al Gobierno de Ada Colau que descarte llevar a aprobaci\u00f3n definitiva y retire el Plan Urban\u00edstico de Alojamientos Tur\u00edsticos (Peuat) porque &quot;tiene carencias y d\u00e9ficits muy importantes desde el punto de vista jur\u00eddico y pol\u00edtico, por las consecuencias econ\u00f3micas y por el impacto","og:url":"https:\/\/eldigitaldeasturias.com\/magazine365\/ciu-de-barcelona-exige-retirar-el-plan-urbanistico-de-alojamientos-turisticos-por-carencias-juridicas\/","og:image":"https:\/\/eldigitaldeasturias.com\/magazine365\/wp-content\/uploads\/2016\/06\/fotonoticia_20160608171144_800.jpg","og:image:secure_url":"https:\/\/eldigitaldeasturias.com\/magazine365\/wp-content\/uploads\/2016\/06\/fotonoticia_20160608171144_800.jpg","og:image:width":800,"og:image:height":600,"article:published_time":"2016-06-08T16:33:28+00:00","article:modified_time":"2016-06-08T16:33:28+00:00","twitter:card":"summary_large_image","twitter:title":"CiU de Barcelona exige retirar el plan urban\u00edstico de alojamientos tur\u00edsticos por \u00abcarencias jur\u00eddicas\u00bb | El Digital de Asturias","twitter:description":"El concejal de CiU en Barcelona Jordi Mart\u00ed ha exigido este mi\u00e9rcoles al Gobierno de Ada Colau que descarte llevar a aprobaci\u00f3n definitiva y retire el Plan Urban\u00edstico de Alojamientos Tur\u00edsticos (Peuat) porque &quot;tiene carencias y d\u00e9ficits muy importantes desde el punto de vista jur\u00eddico y pol\u00edtico, por las consecuencias econ\u00f3micas y por el impacto","twitter:image":"https:\/\/eldigitaldeasturias.com\/magazine365\/wp-content\/uploads\/2016\/06\/fotonoticia_20160608171144_800.jpg"},"aioseo_meta_data":{"post_id":"78336","title":null,"description":null,"keywords":null,"keyphrases":null,"primary_term":null,"canonical_url":null,"og_title":null,"og_description":null,"og_object_type":"default","og_image_type":"default","og_image_url":null,"og_image_width":null,"og_image_height":null,"og_image_custom_url":null,"og_image_custom_fields":null,"og_video":null,"og_custom_url":null,"og_article_section":null,"og_article_tags":null,"twitter_use_og":false,"twitter_card":"default","twitter_image_type":"default","twitter_image_url":null,"twitter_image_custom_url":null,"twitter_image_custom_fields":null,"twitter_title":null,"twitter_description":null,"schema":{"blockGraphs":[],"customGraphs":[],"default":{"data":{"Article":[],"Course":[],"Dataset":[],"FAQPage":[],"Movie":[],"Person":[],"Product":[],"ProductReview":[],"Car":[],"Recipe":[],"Service":[],"SoftwareApplication":[],"WebPage":[]},"graphName":"","isEnabled":true},"graphs":[]},"schema_type":null,"schema_type_options":null,"pillar_content":false,"robots_default":true,"robots_noindex":false,"robots_noarchive":false,"robots_nosnippet":false,"robots_nofollow":false,"robots_noimageindex":false,"robots_noodp":false,"robots_notranslate":false,"robots_max_snippet":null,"robots_max_videopreview":null,"robots_max_imagepreview":"large","priority":null,"frequency":null,"location":null,"local_seo":null,"seo_analyzer_scan_date":"2025-09-27 16:46:47","breadcrumb_settings":null,"limit_modified_date":false,"open_ai":null,"ai":null,"created":"2021-03-08 18:02:11","updated":"2025-09-27 16:46:47"},"aioseo_breadcrumb":"<div class=\"aioseo-breadcrumbs\"><span class=\"aioseo-breadcrumb\">\n\t<a href=\"https:\/\/eldigitaldeasturias.com\/magazine365\" title=\"Home\">Home<\/a>\n<\/span><span class=\"aioseo-breadcrumb-separator\">\u2013<\/span><span class=\"aioseo-breadcrumb\">\n\t<a href=\"https:\/\/eldigitaldeasturias.com\/magazine365\/category\/noticias-actualidad\/\" title=\"Noticias y Actualidad\">Noticias y Actualidad<\/a>\n<\/span><span class=\"aioseo-breadcrumb-separator\">\u2013<\/span><span class=\"aioseo-breadcrumb\">\n\t<a href=\"https:\/\/eldigitaldeasturias.com\/magazine365\/ciu-de-barcelona-exige-retirar-el-plan-urbanistico-de-alojamientos-turisticos-por-carencias-juridicas\/\" title=\"CiU de Barcelona exige retirar el plan urban\u00edstico de alojamientos tur\u00edsticos por \u00abcarencias jur\u00eddicas\u00bb\">CiU de Barcelona exige retirar el plan urban\u00edstico de alojamientos tur\u00edsticos por \u00abcarencias jur\u00eddicas\u00bb<\/a>\n<\/span><\/div>","aioseo_breadcrumb_json":[{"label":"Home","link":"https:\/\/eldigitaldeasturias.com\/magazine365"},{"label":"Noticias y Actualidad","link":"https:\/\/eldigitaldeasturias.com\/magazine365\/category\/noticias-actualidad\/"},{"label":"CiU de Barcelona exige retirar el plan urban\u00edstico de alojamientos tur\u00edsticos por \u00abcarencias jur\u00eddicas\u00bb","link":"https:\/\/eldigitaldeasturias.com\/magazine365\/ciu-de-barcelona-exige-retirar-el-plan-urbanistico-de-alojamientos-turisticos-por-carencias-juridicas\/"}],"_links":{"self":[{"href":"https:\/\/eldigitaldeasturias.com\/magazine365\/wp-json\/wp\/v2\/posts\/78336","targetHints":{"allow":["GET"]}}],"collection":[{"href":"https:\/\/eldigitaldeasturias.com\/magazine365\/wp-json\/wp\/v2\/posts"}],"about":[{"href":"https:\/\/eldigitaldeasturias.com\/magazine365\/wp-json\/wp\/v2\/types\/post"}],"author":[{"embeddable":true,"href":"https:\/\/eldigitaldeasturias.com\/magazine365\/wp-json\/wp\/v2\/users\/1"}],"replies":[{"embeddable":true,"href":"https:\/\/eldigitaldeasturias.com\/magazine365\/wp-json\/wp\/v2\/comments?post=78336"}],"version-history":[{"count":0,"href":"https:\/\/eldigitaldeasturias.com\/magazine365\/wp-json\/wp\/v2\/posts\/78336\/revisions"}],"wp:featuredmedia":[{"embeddable":true,"href":"https:\/\/eldigitaldeasturias.com\/magazine365\/wp-json\/wp\/v2\/media\/78337"}],"wp:attachment":[{"href":"https:\/\/eldigitaldeasturias.com\/magazine365\/wp-json\/wp\/v2\/media?parent=78336"}],"wp:term":[{"taxonomy":"category","embeddable":true,"href":"https:\/\/eldigitaldeasturias.com\/magazine365\/wp-json\/wp\/v2\/categories?post=78336"},{"taxonomy":"post_tag","embeddable":true,"href":"https:\/\/eldigitaldeasturias.com\/magazine365\/wp-json\/wp\/v2\/tags?post=78336"}],"curies":[{"name":"wp","href":"https:\/\/api.w.org\/{rel}","templated":true}]}}