{"id":78328,"date":"2016-06-08T18:29:58","date_gmt":"2016-06-08T16:29:58","guid":{"rendered":"http:\/\/eldigitaldeasturias.com\/magazine365\/?p=78328"},"modified":"2016-06-08T18:29:58","modified_gmt":"2016-06-08T16:29:58","slug":"trabajadores-de-handling-protestaran-el-28-de-junio-en-el-aeropuerto-de-palma","status":"publish","type":"post","link":"https:\/\/eldigitaldeasturias.com\/magazine365\/trabajadores-de-handling-protestaran-el-28-de-junio-en-el-aeropuerto-de-palma\/","title":{"rendered":"Trabajadores de &#8216;handling&#8217; protestar\u00e1n el 28 de junio en el aeropuerto de Palma"},"content":{"rendered":"<p><img fetchpriority=\"high\" decoding=\"async\" class=\"alignleft size-medium wp-image-78329\" src=\"https:\/\/eldigitaldeasturias.com\/magazine365\/wp-content\/uploads\/2016\/06\/fotonoticia_20160608165649_800-360x239.jpg\" alt=\"fotonoticia_20160608165649_800\" width=\"360\" height=\"239\" srcset=\"https:\/\/eldigitaldeasturias.com\/magazine365\/wp-content\/uploads\/2016\/06\/fotonoticia_20160608165649_800-360x239.jpg 360w, https:\/\/eldigitaldeasturias.com\/magazine365\/wp-content\/uploads\/2016\/06\/fotonoticia_20160608165649_800-650x432.jpg 650w, https:\/\/eldigitaldeasturias.com\/magazine365\/wp-content\/uploads\/2016\/06\/fotonoticia_20160608165649_800-768x511.jpg 768w, https:\/\/eldigitaldeasturias.com\/magazine365\/wp-content\/uploads\/2016\/06\/fotonoticia_20160608165649_800-150x100.jpg 150w, https:\/\/eldigitaldeasturias.com\/magazine365\/wp-content\/uploads\/2016\/06\/fotonoticia_20160608165649_800-450x299.jpg 450w, https:\/\/eldigitaldeasturias.com\/magazine365\/wp-content\/uploads\/2016\/06\/fotonoticia_20160608165649_800-121x79.jpg 121w, https:\/\/eldigitaldeasturias.com\/magazine365\/wp-content\/uploads\/2016\/06\/fotonoticia_20160608165649_800-101x66.jpg 101w, https:\/\/eldigitaldeasturias.com\/magazine365\/wp-content\/uploads\/2016\/06\/fotonoticia_20160608165649_800.jpg 800w\" sizes=\"(max-width: 360px) 100vw, 360px\" \/>El sector a\u00e9reo de UGT Baleares ha convocado una concentraci\u00f3n para el pr\u00f3ximo 28 de junio en el aeropuerto de Palma para protestar por la situaci\u00f3n laboral de \u00abexplotaci\u00f3n\u00bb que padecen los trabajadores del servicio de &#8216;handling&#8217;.<\/p>\n<p>La protesta tendr\u00e1 lugar a las 11.000 horas en la zona de \u00absalidas\u00bb del aeropuerto mallorqu\u00edn, y discurrir\u00e1 hasta el edificio donde est\u00e1 la sede del director de Aena, seg\u00fan han precisado desde el sindicato.<\/p>\n<p>Por su parte, el sindicato CCOO, de momento, no ha convocado ninguna concentraci\u00f3n, porque est\u00e1 a la espera de que el conseller de Trabajo, Iago Negueruela, cumpla con su compromiso de hablar las empresas de &#8216;handling&#8217; y de actuar como mediador en el conflicto.<\/p>\n<p>\u00abNo descartamos nada, una vez hayan terminado las gestiones del conseller\u00bb, han afirmado desde CCOO.<\/p>\n<p>Cabe apuntar, Negueruela manifest\u00f3 hace unos d\u00edas su intenci\u00f3n de solicitar una reuni\u00f3n urgente con Aena para valorar las circunstancias que viven los trabajadores del aeropuerto de Palma, con la intenci\u00f3n de hacer extensiva la implantaci\u00f3n de cl\u00e1usulas sociales en los pliegos de condiciones de las empresas que gestionan los servicios de &#8216;handling&#8217;.<\/p>\n<p>De igual manera, el Conseller se ha comprometido a solicitar una reuni\u00f3n con las empresas del sector que realizan estas labores en el aeropuerto para tratar temas relacionados con la mejora en la distribuci\u00f3n de las cargas laborales, horarios, conciliaci\u00f3n, etc.<\/p>\n","protected":false},"excerpt":{"rendered":"<p>El sector a\u00e9reo de UGT Baleares ha convocado una concentraci\u00f3n para el pr\u00f3ximo 28 de junio en el aeropuerto de Palma para protestar por la situaci\u00f3n laboral de \u00abexplotaci\u00f3n\u00bb que padecen los trabajadores del servicio de &#8216;handling&#8217;. La protesta tendr\u00e1 lugar a las 11.000 horas en la zona de \u00absalidas\u00bb del aeropuerto mallorqu\u00edn, y discurrir\u00e1<\/p>\n","protected":false},"author":1,"featured_media":78329,"comment_status":"open","ping_status":"closed","sticky":false,"template":"","format":"standard","meta":{"footnotes":""},"categories":[224],"tags":[],"class_list":{"0":"post-78328","1":"post","2":"type-post","3":"status-publish","4":"format-standard","5":"has-post-thumbnail","7":"category-noticias-actualidad"},"aioseo_notices":[],"aioseo_head":"\n\t\t<!-- All in One SEO Pro 4.9.6.1 - aioseo.com -->\n\t<meta name=\"description\" content=\"El sector a\u00e9reo de UGT Baleares ha convocado una concentraci\u00f3n para el pr\u00f3ximo 28 de junio en el aeropuerto de Palma para protestar por la situaci\u00f3n laboral de &quot;explotaci\u00f3n&quot; que padecen los trabajadores del servicio de &#039;handling&#039;. La protesta tendr\u00e1 lugar a las 11.000 horas en la zona de &quot;salidas&quot; del aeropuerto mallorqu\u00edn, y discurrir\u00e1\" \/>\n\t<meta name=\"robots\" content=\"max-image-preview:large\" \/>\n\t<meta name=\"author\" content=\"admin\"\/>\n\t<meta name=\"google-site-verification\" content=\"UA-38556648-1\" \/>\n\t<meta name=\"keywords\" content=\"noticias y actualidad\" \/>\n\t<link rel=\"canonical\" href=\"https:\/\/eldigitaldeasturias.com\/magazine365\/trabajadores-de-handling-protestaran-el-28-de-junio-en-el-aeropuerto-de-palma\/\" \/>\n\t<meta name=\"generator\" content=\"All in One SEO Pro (AIOSEO) 4.9.6.1\" \/>\n\t\t<meta property=\"og:locale\" content=\"es_ES\" \/>\n\t\t<meta property=\"og:site_name\" content=\"El Digital de Asturias \u2013 Revista de ocio, turismo y estilo de vida\" \/>\n\t\t<meta property=\"og:type\" content=\"article\" \/>\n\t\t<meta property=\"og:title\" content=\"Trabajadores de \u2018handling\u2019 protestar\u00e1n el 28 de junio en el aeropuerto de Palma | El Digital de Asturias\" \/>\n\t\t<meta property=\"og:description\" content=\"El sector a\u00e9reo de UGT Baleares ha convocado una concentraci\u00f3n para el pr\u00f3ximo 28 de junio en el aeropuerto de Palma para protestar por la situaci\u00f3n laboral de &quot;explotaci\u00f3n&quot; que padecen los trabajadores del servicio de &#039;handling&#039;. La protesta tendr\u00e1 lugar a las 11.000 horas en la zona de &quot;salidas&quot; del aeropuerto mallorqu\u00edn, y discurrir\u00e1\" \/>\n\t\t<meta property=\"og:url\" content=\"https:\/\/eldigitaldeasturias.com\/magazine365\/trabajadores-de-handling-protestaran-el-28-de-junio-en-el-aeropuerto-de-palma\/\" \/>\n\t\t<meta property=\"og:image\" content=\"https:\/\/eldigitaldeasturias.com\/magazine365\/wp-content\/uploads\/2016\/06\/fotonoticia_20160608165649_800.jpg\" \/>\n\t\t<meta property=\"og:image:secure_url\" content=\"https:\/\/eldigitaldeasturias.com\/magazine365\/wp-content\/uploads\/2016\/06\/fotonoticia_20160608165649_800.jpg\" \/>\n\t\t<meta property=\"og:image:width\" content=\"800\" \/>\n\t\t<meta property=\"og:image:height\" content=\"532\" \/>\n\t\t<meta property=\"article:published_time\" content=\"2016-06-08T16:29:58+00:00\" \/>\n\t\t<meta property=\"article:modified_time\" content=\"2016-06-08T16:29:58+00:00\" \/>\n\t\t<meta name=\"twitter:card\" content=\"summary_large_image\" \/>\n\t\t<meta name=\"twitter:title\" content=\"Trabajadores de \u2018handling\u2019 protestar\u00e1n el 28 de junio en el aeropuerto de Palma | El Digital de Asturias\" \/>\n\t\t<meta name=\"twitter:description\" content=\"El sector a\u00e9reo de UGT Baleares ha convocado una concentraci\u00f3n para el pr\u00f3ximo 28 de junio en el aeropuerto de Palma para protestar por la situaci\u00f3n laboral de &quot;explotaci\u00f3n&quot; que padecen los trabajadores del servicio de &#039;handling&#039;. La protesta tendr\u00e1 lugar a las 11.000 horas en la zona de &quot;salidas&quot; del aeropuerto mallorqu\u00edn, y discurrir\u00e1\" \/>\n\t\t<meta name=\"twitter:image\" content=\"https:\/\/eldigitaldeasturias.com\/magazine365\/wp-content\/uploads\/2016\/06\/fotonoticia_20160608165649_800.jpg\" \/>\n\t\t<script type=\"application\/ld+json\" class=\"aioseo-schema\">\n\t\t\t{\"@context\":\"https:\\\/\\\/schema.org\",\"@graph\":[{\"@type\":\"Article\",\"@id\":\"https:\\\/\\\/eldigitaldeasturias.com\\\/magazine365\\\/trabajadores-de-handling-protestaran-el-28-de-junio-en-el-aeropuerto-de-palma\\\/#article\",\"name\":\"Trabajadores de \\u2018handling\\u2019 protestar\\u00e1n el 28 de junio en el aeropuerto de Palma | El Digital de Asturias\",\"headline\":\"Trabajadores de &#8216;handling&#8217; protestar\\u00e1n el 28 de junio en el aeropuerto de Palma\",\"author\":{\"@id\":\"https:\\\/\\\/eldigitaldeasturias.com\\\/magazine365\\\/author\\\/admin\\\/#author\"},\"publisher\":{\"@id\":\"https:\\\/\\\/eldigitaldeasturias.com\\\/magazine365\\\/#organization\"},\"image\":{\"@type\":\"ImageObject\",\"url\":\"https:\\\/\\\/eldigitaldeasturias.com\\\/magazine365\\\/wp-content\\\/uploads\\\/2016\\\/06\\\/fotonoticia_20160608165649_800.jpg\",\"width\":800,\"height\":532},\"datePublished\":\"2016-06-08T18:29:58+02:00\",\"dateModified\":\"2016-06-08T18:29:58+02:00\",\"inLanguage\":\"es-ES\",\"mainEntityOfPage\":{\"@id\":\"https:\\\/\\\/eldigitaldeasturias.com\\\/magazine365\\\/trabajadores-de-handling-protestaran-el-28-de-junio-en-el-aeropuerto-de-palma\\\/#webpage\"},\"isPartOf\":{\"@id\":\"https:\\\/\\\/eldigitaldeasturias.com\\\/magazine365\\\/trabajadores-de-handling-protestaran-el-28-de-junio-en-el-aeropuerto-de-palma\\\/#webpage\"},\"articleSection\":\"Noticias y Actualidad\"},{\"@type\":\"BreadcrumbList\",\"@id\":\"https:\\\/\\\/eldigitaldeasturias.com\\\/magazine365\\\/trabajadores-de-handling-protestaran-el-28-de-junio-en-el-aeropuerto-de-palma\\\/#breadcrumblist\",\"itemListElement\":[{\"@type\":\"ListItem\",\"@id\":\"https:\\\/\\\/eldigitaldeasturias.com\\\/magazine365#listItem\",\"position\":1,\"name\":\"Home\",\"item\":\"https:\\\/\\\/eldigitaldeasturias.com\\\/magazine365\",\"nextItem\":{\"@type\":\"ListItem\",\"@id\":\"https:\\\/\\\/eldigitaldeasturias.com\\\/magazine365\\\/category\\\/noticias-actualidad\\\/#listItem\",\"name\":\"Noticias y Actualidad\"}},{\"@type\":\"ListItem\",\"@id\":\"https:\\\/\\\/eldigitaldeasturias.com\\\/magazine365\\\/category\\\/noticias-actualidad\\\/#listItem\",\"position\":2,\"name\":\"Noticias y Actualidad\",\"item\":\"https:\\\/\\\/eldigitaldeasturias.com\\\/magazine365\\\/category\\\/noticias-actualidad\\\/\",\"nextItem\":{\"@type\":\"ListItem\",\"@id\":\"https:\\\/\\\/eldigitaldeasturias.com\\\/magazine365\\\/trabajadores-de-handling-protestaran-el-28-de-junio-en-el-aeropuerto-de-palma\\\/#listItem\",\"name\":\"Trabajadores de &#8216;handling&#8217; protestar\\u00e1n el 28 de junio en el aeropuerto de Palma\"},\"previousItem\":{\"@type\":\"ListItem\",\"@id\":\"https:\\\/\\\/eldigitaldeasturias.com\\\/magazine365#listItem\",\"name\":\"Home\"}},{\"@type\":\"ListItem\",\"@id\":\"https:\\\/\\\/eldigitaldeasturias.com\\\/magazine365\\\/trabajadores-de-handling-protestaran-el-28-de-junio-en-el-aeropuerto-de-palma\\\/#listItem\",\"position\":3,\"name\":\"Trabajadores de &#8216;handling&#8217; protestar\\u00e1n el 28 de junio en el aeropuerto de Palma\",\"previousItem\":{\"@type\":\"ListItem\",\"@id\":\"https:\\\/\\\/eldigitaldeasturias.com\\\/magazine365\\\/category\\\/noticias-actualidad\\\/#listItem\",\"name\":\"Noticias y Actualidad\"}}]},{\"@type\":\"Organization\",\"@id\":\"https:\\\/\\\/eldigitaldeasturias.com\\\/magazine365\\\/#organization\",\"name\":\"El digital de Asturias\",\"description\":\"Revista de ocio, turismo y estilo de vida\",\"url\":\"https:\\\/\\\/eldigitaldeasturias.com\\\/magazine365\\\/\",\"logo\":{\"@type\":\"ImageObject\",\"url\":\"https:\\\/\\\/www.eldigitaldeasturias.com\\\/noticias\\\/wp-content\\\/uploads\\\/2020\\\/12\\\/EDA.jpg\",\"@id\":\"https:\\\/\\\/eldigitaldeasturias.com\\\/magazine365\\\/trabajadores-de-handling-protestaran-el-28-de-junio-en-el-aeropuerto-de-palma\\\/#organizationLogo\"},\"image\":{\"@id\":\"https:\\\/\\\/eldigitaldeasturias.com\\\/magazine365\\\/trabajadores-de-handling-protestaran-el-28-de-junio-en-el-aeropuerto-de-palma\\\/#organizationLogo\"}},{\"@type\":\"Person\",\"@id\":\"https:\\\/\\\/eldigitaldeasturias.com\\\/magazine365\\\/author\\\/admin\\\/#author\",\"url\":\"https:\\\/\\\/eldigitaldeasturias.com\\\/magazine365\\\/author\\\/admin\\\/\",\"name\":\"admin\",\"image\":{\"@type\":\"ImageObject\",\"@id\":\"https:\\\/\\\/eldigitaldeasturias.com\\\/magazine365\\\/trabajadores-de-handling-protestaran-el-28-de-junio-en-el-aeropuerto-de-palma\\\/#authorImage\",\"url\":\"https:\\\/\\\/eldigitaldeasturias.com\\\/magazine365\\\/wp-content\\\/litespeed\\\/avatar\\\/e571bcf59a0edd6fa6838245a470f2fe.jpg?ver=1776969259\",\"width\":96,\"height\":96,\"caption\":\"admin\"}},{\"@type\":\"WebPage\",\"@id\":\"https:\\\/\\\/eldigitaldeasturias.com\\\/magazine365\\\/trabajadores-de-handling-protestaran-el-28-de-junio-en-el-aeropuerto-de-palma\\\/#webpage\",\"url\":\"https:\\\/\\\/eldigitaldeasturias.com\\\/magazine365\\\/trabajadores-de-handling-protestaran-el-28-de-junio-en-el-aeropuerto-de-palma\\\/\",\"name\":\"Trabajadores de \\u2018handling\\u2019 protestar\\u00e1n el 28 de junio en el aeropuerto de Palma | El Digital de Asturias\",\"description\":\"El sector a\\u00e9reo de UGT Baleares ha convocado una concentraci\\u00f3n para el pr\\u00f3ximo 28 de junio en el aeropuerto de Palma para protestar por la situaci\\u00f3n laboral de \\\"explotaci\\u00f3n\\\" que padecen los trabajadores del servicio de 'handling'. La protesta tendr\\u00e1 lugar a las 11.000 horas en la zona de \\\"salidas\\\" del aeropuerto mallorqu\\u00edn, y discurrir\\u00e1\",\"inLanguage\":\"es-ES\",\"isPartOf\":{\"@id\":\"https:\\\/\\\/eldigitaldeasturias.com\\\/magazine365\\\/#website\"},\"breadcrumb\":{\"@id\":\"https:\\\/\\\/eldigitaldeasturias.com\\\/magazine365\\\/trabajadores-de-handling-protestaran-el-28-de-junio-en-el-aeropuerto-de-palma\\\/#breadcrumblist\"},\"author\":{\"@id\":\"https:\\\/\\\/eldigitaldeasturias.com\\\/magazine365\\\/author\\\/admin\\\/#author\"},\"creator\":{\"@id\":\"https:\\\/\\\/eldigitaldeasturias.com\\\/magazine365\\\/author\\\/admin\\\/#author\"},\"image\":{\"@type\":\"ImageObject\",\"url\":\"https:\\\/\\\/eldigitaldeasturias.com\\\/magazine365\\\/wp-content\\\/uploads\\\/2016\\\/06\\\/fotonoticia_20160608165649_800.jpg\",\"@id\":\"https:\\\/\\\/eldigitaldeasturias.com\\\/magazine365\\\/trabajadores-de-handling-protestaran-el-28-de-junio-en-el-aeropuerto-de-palma\\\/#mainImage\",\"width\":800,\"height\":532},\"primaryImageOfPage\":{\"@id\":\"https:\\\/\\\/eldigitaldeasturias.com\\\/magazine365\\\/trabajadores-de-handling-protestaran-el-28-de-junio-en-el-aeropuerto-de-palma\\\/#mainImage\"},\"datePublished\":\"2016-06-08T18:29:58+02:00\",\"dateModified\":\"2016-06-08T18:29:58+02:00\"},{\"@type\":\"WebSite\",\"@id\":\"https:\\\/\\\/eldigitaldeasturias.com\\\/magazine365\\\/#website\",\"url\":\"https:\\\/\\\/eldigitaldeasturias.com\\\/magazine365\\\/\",\"name\":\"El Digital de Asturias\",\"description\":\"Revista de ocio, turismo y estilo de vida\",\"inLanguage\":\"es-ES\",\"publisher\":{\"@id\":\"https:\\\/\\\/eldigitaldeasturias.com\\\/magazine365\\\/#organization\"}}]}\n\t\t<\/script>\n\t\t<!-- All in One SEO Pro -->\r\n\t\t<title>Trabajadores de \u2018handling\u2019 protestar\u00e1n el 28 de junio en el aeropuerto de Palma | El Digital de Asturias<\/title>\n\n","aioseo_head_json":{"title":"Trabajadores de \u2018handling\u2019 protestar\u00e1n el 28 de junio en el aeropuerto de Palma | El Digital de Asturias","description":"El sector a\u00e9reo de UGT Baleares ha convocado una concentraci\u00f3n para el pr\u00f3ximo 28 de junio en el aeropuerto de Palma para protestar por la situaci\u00f3n laboral de \"explotaci\u00f3n\" que padecen los trabajadores del servicio de 'handling'. La protesta tendr\u00e1 lugar a las 11.000 horas en la zona de \"salidas\" del aeropuerto mallorqu\u00edn, y discurrir\u00e1","canonical_url":"https:\/\/eldigitaldeasturias.com\/magazine365\/trabajadores-de-handling-protestaran-el-28-de-junio-en-el-aeropuerto-de-palma\/","robots":"max-image-preview:large","keywords":"noticias y actualidad","webmasterTools":{"google-site-verification":"UA-38556648-1","miscellaneous":""},"schema":{"@context":"https:\/\/schema.org","@graph":[{"@type":"Article","@id":"https:\/\/eldigitaldeasturias.com\/magazine365\/trabajadores-de-handling-protestaran-el-28-de-junio-en-el-aeropuerto-de-palma\/#article","name":"Trabajadores de \u2018handling\u2019 protestar\u00e1n el 28 de junio en el aeropuerto de Palma | El Digital de Asturias","headline":"Trabajadores de &#8216;handling&#8217; protestar\u00e1n el 28 de junio en el aeropuerto de Palma","author":{"@id":"https:\/\/eldigitaldeasturias.com\/magazine365\/author\/admin\/#author"},"publisher":{"@id":"https:\/\/eldigitaldeasturias.com\/magazine365\/#organization"},"image":{"@type":"ImageObject","url":"https:\/\/eldigitaldeasturias.com\/magazine365\/wp-content\/uploads\/2016\/06\/fotonoticia_20160608165649_800.jpg","width":800,"height":532},"datePublished":"2016-06-08T18:29:58+02:00","dateModified":"2016-06-08T18:29:58+02:00","inLanguage":"es-ES","mainEntityOfPage":{"@id":"https:\/\/eldigitaldeasturias.com\/magazine365\/trabajadores-de-handling-protestaran-el-28-de-junio-en-el-aeropuerto-de-palma\/#webpage"},"isPartOf":{"@id":"https:\/\/eldigitaldeasturias.com\/magazine365\/trabajadores-de-handling-protestaran-el-28-de-junio-en-el-aeropuerto-de-palma\/#webpage"},"articleSection":"Noticias y Actualidad"},{"@type":"BreadcrumbList","@id":"https:\/\/eldigitaldeasturias.com\/magazine365\/trabajadores-de-handling-protestaran-el-28-de-junio-en-el-aeropuerto-de-palma\/#breadcrumblist","itemListElement":[{"@type":"ListItem","@id":"https:\/\/eldigitaldeasturias.com\/magazine365#listItem","position":1,"name":"Home","item":"https:\/\/eldigitaldeasturias.com\/magazine365","nextItem":{"@type":"ListItem","@id":"https:\/\/eldigitaldeasturias.com\/magazine365\/category\/noticias-actualidad\/#listItem","name":"Noticias y Actualidad"}},{"@type":"ListItem","@id":"https:\/\/eldigitaldeasturias.com\/magazine365\/category\/noticias-actualidad\/#listItem","position":2,"name":"Noticias y Actualidad","item":"https:\/\/eldigitaldeasturias.com\/magazine365\/category\/noticias-actualidad\/","nextItem":{"@type":"ListItem","@id":"https:\/\/eldigitaldeasturias.com\/magazine365\/trabajadores-de-handling-protestaran-el-28-de-junio-en-el-aeropuerto-de-palma\/#listItem","name":"Trabajadores de &#8216;handling&#8217; protestar\u00e1n el 28 de junio en el aeropuerto de Palma"},"previousItem":{"@type":"ListItem","@id":"https:\/\/eldigitaldeasturias.com\/magazine365#listItem","name":"Home"}},{"@type":"ListItem","@id":"https:\/\/eldigitaldeasturias.com\/magazine365\/trabajadores-de-handling-protestaran-el-28-de-junio-en-el-aeropuerto-de-palma\/#listItem","position":3,"name":"Trabajadores de &#8216;handling&#8217; protestar\u00e1n el 28 de junio en el aeropuerto de Palma","previousItem":{"@type":"ListItem","@id":"https:\/\/eldigitaldeasturias.com\/magazine365\/category\/noticias-actualidad\/#listItem","name":"Noticias y Actualidad"}}]},{"@type":"Organization","@id":"https:\/\/eldigitaldeasturias.com\/magazine365\/#organization","name":"El digital de Asturias","description":"Revista de ocio, turismo y estilo de vida","url":"https:\/\/eldigitaldeasturias.com\/magazine365\/","logo":{"@type":"ImageObject","url":"https:\/\/www.eldigitaldeasturias.com\/noticias\/wp-content\/uploads\/2020\/12\/EDA.jpg","@id":"https:\/\/eldigitaldeasturias.com\/magazine365\/trabajadores-de-handling-protestaran-el-28-de-junio-en-el-aeropuerto-de-palma\/#organizationLogo"},"image":{"@id":"https:\/\/eldigitaldeasturias.com\/magazine365\/trabajadores-de-handling-protestaran-el-28-de-junio-en-el-aeropuerto-de-palma\/#organizationLogo"}},{"@type":"Person","@id":"https:\/\/eldigitaldeasturias.com\/magazine365\/author\/admin\/#author","url":"https:\/\/eldigitaldeasturias.com\/magazine365\/author\/admin\/","name":"admin","image":{"@type":"ImageObject","@id":"https:\/\/eldigitaldeasturias.com\/magazine365\/trabajadores-de-handling-protestaran-el-28-de-junio-en-el-aeropuerto-de-palma\/#authorImage","url":"https:\/\/eldigitaldeasturias.com\/magazine365\/wp-content\/litespeed\/avatar\/e571bcf59a0edd6fa6838245a470f2fe.jpg?ver=1776969259","width":96,"height":96,"caption":"admin"}},{"@type":"WebPage","@id":"https:\/\/eldigitaldeasturias.com\/magazine365\/trabajadores-de-handling-protestaran-el-28-de-junio-en-el-aeropuerto-de-palma\/#webpage","url":"https:\/\/eldigitaldeasturias.com\/magazine365\/trabajadores-de-handling-protestaran-el-28-de-junio-en-el-aeropuerto-de-palma\/","name":"Trabajadores de \u2018handling\u2019 protestar\u00e1n el 28 de junio en el aeropuerto de Palma | El Digital de Asturias","description":"El sector a\u00e9reo de UGT Baleares ha convocado una concentraci\u00f3n para el pr\u00f3ximo 28 de junio en el aeropuerto de Palma para protestar por la situaci\u00f3n laboral de \"explotaci\u00f3n\" que padecen los trabajadores del servicio de 'handling'. La protesta tendr\u00e1 lugar a las 11.000 horas en la zona de \"salidas\" del aeropuerto mallorqu\u00edn, y discurrir\u00e1","inLanguage":"es-ES","isPartOf":{"@id":"https:\/\/eldigitaldeasturias.com\/magazine365\/#website"},"breadcrumb":{"@id":"https:\/\/eldigitaldeasturias.com\/magazine365\/trabajadores-de-handling-protestaran-el-28-de-junio-en-el-aeropuerto-de-palma\/#breadcrumblist"},"author":{"@id":"https:\/\/eldigitaldeasturias.com\/magazine365\/author\/admin\/#author"},"creator":{"@id":"https:\/\/eldigitaldeasturias.com\/magazine365\/author\/admin\/#author"},"image":{"@type":"ImageObject","url":"https:\/\/eldigitaldeasturias.com\/magazine365\/wp-content\/uploads\/2016\/06\/fotonoticia_20160608165649_800.jpg","@id":"https:\/\/eldigitaldeasturias.com\/magazine365\/trabajadores-de-handling-protestaran-el-28-de-junio-en-el-aeropuerto-de-palma\/#mainImage","width":800,"height":532},"primaryImageOfPage":{"@id":"https:\/\/eldigitaldeasturias.com\/magazine365\/trabajadores-de-handling-protestaran-el-28-de-junio-en-el-aeropuerto-de-palma\/#mainImage"},"datePublished":"2016-06-08T18:29:58+02:00","dateModified":"2016-06-08T18:29:58+02:00"},{"@type":"WebSite","@id":"https:\/\/eldigitaldeasturias.com\/magazine365\/#website","url":"https:\/\/eldigitaldeasturias.com\/magazine365\/","name":"El Digital de Asturias","description":"Revista de ocio, turismo y estilo de vida","inLanguage":"es-ES","publisher":{"@id":"https:\/\/eldigitaldeasturias.com\/magazine365\/#organization"}}]},"og:locale":"es_ES","og:site_name":"El Digital de Asturias \u2013 Revista de ocio, turismo y estilo de vida","og:type":"article","og:title":"Trabajadores de \u2018handling\u2019 protestar\u00e1n el 28 de junio en el aeropuerto de Palma | El Digital de Asturias","og:description":"El sector a\u00e9reo de UGT Baleares ha convocado una concentraci\u00f3n para el pr\u00f3ximo 28 de junio en el aeropuerto de Palma para protestar por la situaci\u00f3n laboral de &quot;explotaci\u00f3n&quot; que padecen los trabajadores del servicio de 'handling'. La protesta tendr\u00e1 lugar a las 11.000 horas en la zona de &quot;salidas&quot; del aeropuerto mallorqu\u00edn, y discurrir\u00e1","og:url":"https:\/\/eldigitaldeasturias.com\/magazine365\/trabajadores-de-handling-protestaran-el-28-de-junio-en-el-aeropuerto-de-palma\/","og:image":"https:\/\/eldigitaldeasturias.com\/magazine365\/wp-content\/uploads\/2016\/06\/fotonoticia_20160608165649_800.jpg","og:image:secure_url":"https:\/\/eldigitaldeasturias.com\/magazine365\/wp-content\/uploads\/2016\/06\/fotonoticia_20160608165649_800.jpg","og:image:width":800,"og:image:height":532,"article:published_time":"2016-06-08T16:29:58+00:00","article:modified_time":"2016-06-08T16:29:58+00:00","twitter:card":"summary_large_image","twitter:title":"Trabajadores de \u2018handling\u2019 protestar\u00e1n el 28 de junio en el aeropuerto de Palma | El Digital de Asturias","twitter:description":"El sector a\u00e9reo de UGT Baleares ha convocado una concentraci\u00f3n para el pr\u00f3ximo 28 de junio en el aeropuerto de Palma para protestar por la situaci\u00f3n laboral de &quot;explotaci\u00f3n&quot; que padecen los trabajadores del servicio de 'handling'. La protesta tendr\u00e1 lugar a las 11.000 horas en la zona de &quot;salidas&quot; del aeropuerto mallorqu\u00edn, y discurrir\u00e1","twitter:image":"https:\/\/eldigitaldeasturias.com\/magazine365\/wp-content\/uploads\/2016\/06\/fotonoticia_20160608165649_800.jpg"},"aioseo_meta_data":{"post_id":"78328","title":null,"description":null,"keywords":null,"keyphrases":null,"primary_term":null,"canonical_url":null,"og_title":null,"og_description":null,"og_object_type":"default","og_image_type":"default","og_image_url":null,"og_image_width":null,"og_image_height":null,"og_image_custom_url":null,"og_image_custom_fields":null,"og_video":null,"og_custom_url":null,"og_article_section":null,"og_article_tags":null,"twitter_use_og":false,"twitter_card":"default","twitter_image_type":"default","twitter_image_url":null,"twitter_image_custom_url":null,"twitter_image_custom_fields":null,"twitter_title":null,"twitter_description":null,"schema":{"blockGraphs":[],"customGraphs":[],"default":{"data":{"Article":[],"Course":[],"Dataset":[],"FAQPage":[],"Movie":[],"Person":[],"Product":[],"ProductReview":[],"Car":[],"Recipe":[],"Service":[],"SoftwareApplication":[],"WebPage":[]},"graphName":"","isEnabled":true},"graphs":[]},"schema_type":null,"schema_type_options":null,"pillar_content":false,"robots_default":true,"robots_noindex":false,"robots_noarchive":false,"robots_nosnippet":false,"robots_nofollow":false,"robots_noimageindex":false,"robots_noodp":false,"robots_notranslate":false,"robots_max_snippet":null,"robots_max_videopreview":null,"robots_max_imagepreview":"large","priority":null,"frequency":null,"location":null,"local_seo":null,"seo_analyzer_scan_date":"2025-09-27 16:43:30","breadcrumb_settings":null,"limit_modified_date":false,"open_ai":null,"ai":null,"created":"2021-03-08 18:02:11","updated":"2025-09-27 16:43:30"},"aioseo_breadcrumb":"<div class=\"aioseo-breadcrumbs\"><span class=\"aioseo-breadcrumb\">\n\t<a href=\"https:\/\/eldigitaldeasturias.com\/magazine365\" title=\"Home\">Home<\/a>\n<\/span><span class=\"aioseo-breadcrumb-separator\">\u2013<\/span><span class=\"aioseo-breadcrumb\">\n\t<a href=\"https:\/\/eldigitaldeasturias.com\/magazine365\/category\/noticias-actualidad\/\" title=\"Noticias y Actualidad\">Noticias y Actualidad<\/a>\n<\/span><span class=\"aioseo-breadcrumb-separator\">\u2013<\/span><span class=\"aioseo-breadcrumb\">\n\t<a href=\"https:\/\/eldigitaldeasturias.com\/magazine365\/trabajadores-de-handling-protestaran-el-28-de-junio-en-el-aeropuerto-de-palma\/\" title=\"Trabajadores de \u2018handling\u2019 protestar\u00e1n el 28 de junio en el aeropuerto de Palma\">Trabajadores de \u2018handling\u2019 protestar\u00e1n el 28 de junio en el aeropuerto de Palma<\/a>\n<\/span><\/div>","aioseo_breadcrumb_json":[{"label":"Home","link":"https:\/\/eldigitaldeasturias.com\/magazine365"},{"label":"Noticias y Actualidad","link":"https:\/\/eldigitaldeasturias.com\/magazine365\/category\/noticias-actualidad\/"},{"label":"Trabajadores de &#8216;handling&#8217; protestar\u00e1n el 28 de junio en el aeropuerto de Palma","link":"https:\/\/eldigitaldeasturias.com\/magazine365\/trabajadores-de-handling-protestaran-el-28-de-junio-en-el-aeropuerto-de-palma\/"}],"_links":{"self":[{"href":"https:\/\/eldigitaldeasturias.com\/magazine365\/wp-json\/wp\/v2\/posts\/78328","targetHints":{"allow":["GET"]}}],"collection":[{"href":"https:\/\/eldigitaldeasturias.com\/magazine365\/wp-json\/wp\/v2\/posts"}],"about":[{"href":"https:\/\/eldigitaldeasturias.com\/magazine365\/wp-json\/wp\/v2\/types\/post"}],"author":[{"embeddable":true,"href":"https:\/\/eldigitaldeasturias.com\/magazine365\/wp-json\/wp\/v2\/users\/1"}],"replies":[{"embeddable":true,"href":"https:\/\/eldigitaldeasturias.com\/magazine365\/wp-json\/wp\/v2\/comments?post=78328"}],"version-history":[{"count":0,"href":"https:\/\/eldigitaldeasturias.com\/magazine365\/wp-json\/wp\/v2\/posts\/78328\/revisions"}],"wp:featuredmedia":[{"embeddable":true,"href":"https:\/\/eldigitaldeasturias.com\/magazine365\/wp-json\/wp\/v2\/media\/78329"}],"wp:attachment":[{"href":"https:\/\/eldigitaldeasturias.com\/magazine365\/wp-json\/wp\/v2\/media?parent=78328"}],"wp:term":[{"taxonomy":"category","embeddable":true,"href":"https:\/\/eldigitaldeasturias.com\/magazine365\/wp-json\/wp\/v2\/categories?post=78328"},{"taxonomy":"post_tag","embeddable":true,"href":"https:\/\/eldigitaldeasturias.com\/magazine365\/wp-json\/wp\/v2\/tags?post=78328"}],"curies":[{"name":"wp","href":"https:\/\/api.w.org\/{rel}","templated":true}]}}