{"id":78306,"date":"2016-06-08T18:19:25","date_gmt":"2016-06-08T16:19:25","guid":{"rendered":"http:\/\/eldigitaldeasturias.com\/magazine365\/?p=78306"},"modified":"2016-06-08T18:19:25","modified_gmt":"2016-06-08T16:19:25","slug":"la-diputacion-y-la-junta-quieren-impulsar-la-senda-litoral-para-terminarla-en-2020","status":"publish","type":"post","link":"https:\/\/eldigitaldeasturias.com\/magazine365\/la-diputacion-y-la-junta-quieren-impulsar-la-senda-litoral-para-terminarla-en-2020\/","title":{"rendered":"La Diputaci\u00f3n y la Junta quieren impulsar la Senda Litoral para terminarla en 2020"},"content":{"rendered":"<p><img fetchpriority=\"high\" decoding=\"async\" class=\"alignleft size-medium wp-image-78307\" src=\"https:\/\/eldigitaldeasturias.com\/magazine365\/wp-content\/uploads\/2016\/06\/fotonoticia_20160608164539_800-360x241.jpg\" alt=\"fotonoticia_20160608164539_800\" width=\"360\" height=\"241\" srcset=\"https:\/\/eldigitaldeasturias.com\/magazine365\/wp-content\/uploads\/2016\/06\/fotonoticia_20160608164539_800-360x241.jpg 360w, https:\/\/eldigitaldeasturias.com\/magazine365\/wp-content\/uploads\/2016\/06\/fotonoticia_20160608164539_800-650x435.jpg 650w, https:\/\/eldigitaldeasturias.com\/magazine365\/wp-content\/uploads\/2016\/06\/fotonoticia_20160608164539_800-768x514.jpg 768w, https:\/\/eldigitaldeasturias.com\/magazine365\/wp-content\/uploads\/2016\/06\/fotonoticia_20160608164539_800-150x100.jpg 150w, https:\/\/eldigitaldeasturias.com\/magazine365\/wp-content\/uploads\/2016\/06\/fotonoticia_20160608164539_800-450x301.jpg 450w, https:\/\/eldigitaldeasturias.com\/magazine365\/wp-content\/uploads\/2016\/06\/fotonoticia_20160608164539_800.jpg 800w\" sizes=\"(max-width: 360px) 100vw, 360px\" \/>La Junta de Andaluc\u00eda y la Diputaci\u00f3n de M\u00e1laga han presumido este mi\u00e9rcoles de coordinaci\u00f3n entre administraciones para impulsar la Senda Litoral, el proyecto promovido por el ente supramunicipal para conectar los 180 kil\u00f3metros costeros de la provincia, de Manilva a Nerja.<\/p>\n<p>\u00abCon este esp\u00edritu de colaboraci\u00f3n estoy convencido de que en 2020 podremos conseguir el reto que todos nos proponemos de que toda la costa pueda estar conectada a trav\u00e9s de la Senda Litoral\u00bb, seg\u00fan el presidente de la Diputaci\u00f3n, El\u00edas Bendodo.<\/p>\n<p>Bendodo ha comparecido este mi\u00e9rcoles junto al delegado del Gobierno andaluz en M\u00e1laga, Jos\u00e9 Luis Ruiz Espejo, y al responsable territorial de Medio Ambiente, Adolfo Moreno, quien le ha entregado la resoluci\u00f3n que autoriza la construcci\u00f3n del tramo 19, el de Estepona.<\/p>\n<p>De este modo, ambos han hecho gala del \u00abesp\u00edritu del Caminito del Rey\u00bb, anunciando \u00abla agilizaci\u00f3n de todo el procedimiento administrativo\u00bb, lo que ha sido posible \u00abgracias a la colaboraci\u00f3n entre administraciones\u00bb, han asegurado ambos.<\/p>\n<p>\u00abEntendemos que es la colaboraci\u00f3n entre administraciones la que logra que los proyectos que son de inter\u00e9s mutuo puedan salir adelante\u00bb, ha apuntado Ruiz Espejo, \u00aby este caso es el de la Senda Litoral, que, adem\u00e1s, es una obligaci\u00f3n\u00bb.<\/p>\n<p>Igualmente, ha ratificado el inter\u00e9s de la Administraci\u00f3n auton\u00f3mica para seguir impulsando este proyecto, que, adem\u00e1s, es \u00abinteresante para la provincia\u00bb por su car\u00e1cter tur\u00edstico, medioambiental y de movilidad sostenible, as\u00ed como el \u00abcompromiso de la Junta de seguir agilizando todos esos tr\u00e1mites\u00bb.<\/p>\n<p>Ruiz Espejo ha puesto as\u00ed como ejemplo de esa agilidad que desde la Junta \u00abse hayan tramitado 71 expedientes que se han generado para la Senda Litoral, de los cuales 30 se han resuelto ya\u00bb.<\/p>\n<p>El delegado ha insistido en que \u00abel trabajo coordinado y colaborativo es el que anticipa y resuelve los problemas que pueden surgir\u00bb, refiri\u00e9ndose como los tramos de mayor complejidad a los que \u00abafectan a cauces fluviales\u00bb .<\/p>\n<p>Por su parte, Bendodo ha subrayado que ambas administraciones est\u00e1n haciendo \u00ablo que quiere la gente\u00bb, que es \u00abque nos pongamos de acuerdo por el inter\u00e9s com\u00fan\u00bb, al tiempo que ha hablado tambi\u00e9n de \u00abla lealtad institucional\u00bb que representa ese esp\u00edritu del Caminito del Rey.<\/p>\n<p>\u00abLa \u00fanica forma de hacer esto es desde la alianza institucional, y no s\u00f3lo entre la Junta y la Diputaci\u00f3n, sino tambi\u00e9n con el Gobierno y los ayuntamientos y las mancomunidades\u00bb, ha subrayado, incidiendo en que, \u00abrealmente, el consenso es la \u00fanica forma de avanzar\u00bb.<\/p>\n<p>Se ha referido, asimismo, a la importancia del proyecto \u00aben una provincia en la que el principal motor econ\u00f3mico es el turismo\u00bb, y a que, con la Senda Litoral, M\u00e1laga ser\u00eda \u00abla primera provincia mediterr\u00e1nea en la que podr\u00eda recorrerse toda la costa andando\u00bb.<\/p>\n<p>\u00abCon este esp\u00edritu de colaboraci\u00f3n &#8211;ha a\u00f1adido&#8211;, estoy convencido de que en 2020 podremos conseguir el reto que todos nos proponemos de que toda la costa pueda estar conectada a trav\u00e9s de la Senda Litoral\u00bb.<\/p>\n<p>Adem\u00e1s, ha recordado que varios tramos de la Senda Litoral llevan desde el mes pasado el distintivo europeo de Sendero Azul, por lo que \u00e9ste es \u00abun proyecto ampliamente valorado y elogiado\u00bb.<\/p>\n<p>Asimismo, ambos representantes han agradecido esfuerzo de los trabajadores de las dos instituciones para impulsar y agilizar el proyecto.<\/p>\n<h2 class=\"ladillo\">SENDA LITORAL<\/h2>\n<p>La Senda Litoral cuenta, actualmente, con unos 100 kil\u00f3metros, que son transitables a pie o en bicicleta. A lo largo de m\u00e1s de 300 tramos, cubrir\u00e1 casi 163 kil\u00f3metros, de los que un 60 por ciento ya est\u00e1n terminados.<\/p>\n<p>En obras se encuentran diversos tramos que suman unos tres kil\u00f3metros y pendientes de autorizaci\u00f3n final para empezar los trabajos hay proyectos que suman 12,2 kil\u00f3metros.<\/p>\n<p>En este sentido, hay nueve proyectos que est\u00e1n pendientes del visto bueno final de la Junta de Andaluc\u00eda y en los que la Diputaci\u00f3n invertir\u00e1 1,7 millones de euros.<\/p>\n<p>Adem\u00e1s, pr\u00f3ximamente se entregar\u00e1n a la Junta, para su estudio y tramitaci\u00f3n, otros tres proyectos: uno en Casares y otros dos en Torrox.<\/p>\n","protected":false},"excerpt":{"rendered":"<p>La Junta de Andaluc\u00eda y la Diputaci\u00f3n de M\u00e1laga han presumido este mi\u00e9rcoles de coordinaci\u00f3n entre administraciones para impulsar la Senda Litoral, el proyecto promovido por el ente supramunicipal para conectar los 180 kil\u00f3metros costeros de la provincia, de Manilva a Nerja. \u00abCon este esp\u00edritu de colaboraci\u00f3n estoy convencido de que en 2020 podremos conseguir<\/p>\n","protected":false},"author":1,"featured_media":78307,"comment_status":"open","ping_status":"closed","sticky":false,"template":"","format":"standard","meta":{"footnotes":""},"categories":[224],"tags":[],"class_list":{"0":"post-78306","1":"post","2":"type-post","3":"status-publish","4":"format-standard","5":"has-post-thumbnail","7":"category-noticias-actualidad"},"aioseo_notices":[],"aioseo_head":"\n\t\t<!-- All in One SEO Pro 4.9.6.1 - aioseo.com -->\n\t<meta name=\"description\" content=\"La Junta de Andaluc\u00eda y la Diputaci\u00f3n de M\u00e1laga han presumido este mi\u00e9rcoles de coordinaci\u00f3n entre administraciones para impulsar la Senda Litoral, el proyecto promovido por el ente supramunicipal para conectar los 180 kil\u00f3metros costeros de la provincia, de Manilva a Nerja. &quot;Con este esp\u00edritu de colaboraci\u00f3n estoy convencido de que en 2020 podremos conseguir\" \/>\n\t<meta name=\"robots\" content=\"max-image-preview:large\" \/>\n\t<meta name=\"author\" content=\"admin\"\/>\n\t<meta name=\"google-site-verification\" content=\"UA-38556648-1\" \/>\n\t<meta name=\"keywords\" content=\"noticias y actualidad\" \/>\n\t<link rel=\"canonical\" href=\"https:\/\/eldigitaldeasturias.com\/magazine365\/la-diputacion-y-la-junta-quieren-impulsar-la-senda-litoral-para-terminarla-en-2020\/\" \/>\n\t<meta name=\"generator\" content=\"All in One SEO Pro (AIOSEO) 4.9.6.1\" \/>\n\t\t<meta property=\"og:locale\" content=\"es_ES\" \/>\n\t\t<meta property=\"og:site_name\" content=\"El Digital de Asturias \u2013 Revista de ocio, turismo y estilo de vida\" \/>\n\t\t<meta property=\"og:type\" content=\"article\" \/>\n\t\t<meta property=\"og:title\" content=\"La Diputaci\u00f3n y la Junta quieren impulsar la Senda Litoral para terminarla en 2020 | El Digital de Asturias\" \/>\n\t\t<meta property=\"og:description\" content=\"La Junta de Andaluc\u00eda y la Diputaci\u00f3n de M\u00e1laga han presumido este mi\u00e9rcoles de coordinaci\u00f3n entre administraciones para impulsar la Senda Litoral, el proyecto promovido por el ente supramunicipal para conectar los 180 kil\u00f3metros costeros de la provincia, de Manilva a Nerja. &quot;Con este esp\u00edritu de colaboraci\u00f3n estoy convencido de que en 2020 podremos conseguir\" \/>\n\t\t<meta property=\"og:url\" content=\"https:\/\/eldigitaldeasturias.com\/magazine365\/la-diputacion-y-la-junta-quieren-impulsar-la-senda-litoral-para-terminarla-en-2020\/\" \/>\n\t\t<meta property=\"og:image\" content=\"https:\/\/eldigitaldeasturias.com\/magazine365\/wp-content\/uploads\/2016\/06\/fotonoticia_20160608164539_800.jpg\" \/>\n\t\t<meta property=\"og:image:secure_url\" content=\"https:\/\/eldigitaldeasturias.com\/magazine365\/wp-content\/uploads\/2016\/06\/fotonoticia_20160608164539_800.jpg\" \/>\n\t\t<meta property=\"og:image:width\" content=\"800\" \/>\n\t\t<meta property=\"og:image:height\" content=\"535\" \/>\n\t\t<meta property=\"article:published_time\" content=\"2016-06-08T16:19:25+00:00\" \/>\n\t\t<meta property=\"article:modified_time\" content=\"2016-06-08T16:19:25+00:00\" \/>\n\t\t<meta name=\"twitter:card\" content=\"summary_large_image\" \/>\n\t\t<meta name=\"twitter:title\" content=\"La Diputaci\u00f3n y la Junta quieren impulsar la Senda Litoral para terminarla en 2020 | El Digital de Asturias\" \/>\n\t\t<meta name=\"twitter:description\" content=\"La Junta de Andaluc\u00eda y la Diputaci\u00f3n de M\u00e1laga han presumido este mi\u00e9rcoles de coordinaci\u00f3n entre administraciones para impulsar la Senda Litoral, el proyecto promovido por el ente supramunicipal para conectar los 180 kil\u00f3metros costeros de la provincia, de Manilva a Nerja. &quot;Con este esp\u00edritu de colaboraci\u00f3n estoy convencido de que en 2020 podremos conseguir\" \/>\n\t\t<meta name=\"twitter:image\" content=\"https:\/\/eldigitaldeasturias.com\/magazine365\/wp-content\/uploads\/2016\/06\/fotonoticia_20160608164539_800.jpg\" \/>\n\t\t<script type=\"application\/ld+json\" class=\"aioseo-schema\">\n\t\t\t{\"@context\":\"https:\\\/\\\/schema.org\",\"@graph\":[{\"@type\":\"Article\",\"@id\":\"https:\\\/\\\/eldigitaldeasturias.com\\\/magazine365\\\/la-diputacion-y-la-junta-quieren-impulsar-la-senda-litoral-para-terminarla-en-2020\\\/#article\",\"name\":\"La Diputaci\\u00f3n y la Junta quieren impulsar la Senda Litoral para terminarla en 2020 | El Digital de Asturias\",\"headline\":\"La Diputaci\\u00f3n y la Junta quieren impulsar la Senda Litoral para terminarla en 2020\",\"author\":{\"@id\":\"https:\\\/\\\/eldigitaldeasturias.com\\\/magazine365\\\/author\\\/admin\\\/#author\"},\"publisher\":{\"@id\":\"https:\\\/\\\/eldigitaldeasturias.com\\\/magazine365\\\/#organization\"},\"image\":{\"@type\":\"ImageObject\",\"url\":\"https:\\\/\\\/eldigitaldeasturias.com\\\/magazine365\\\/wp-content\\\/uploads\\\/2016\\\/06\\\/fotonoticia_20160608164539_800.jpg\",\"width\":800,\"height\":535},\"datePublished\":\"2016-06-08T18:19:25+02:00\",\"dateModified\":\"2016-06-08T18:19:25+02:00\",\"inLanguage\":\"es-ES\",\"mainEntityOfPage\":{\"@id\":\"https:\\\/\\\/eldigitaldeasturias.com\\\/magazine365\\\/la-diputacion-y-la-junta-quieren-impulsar-la-senda-litoral-para-terminarla-en-2020\\\/#webpage\"},\"isPartOf\":{\"@id\":\"https:\\\/\\\/eldigitaldeasturias.com\\\/magazine365\\\/la-diputacion-y-la-junta-quieren-impulsar-la-senda-litoral-para-terminarla-en-2020\\\/#webpage\"},\"articleSection\":\"Noticias y Actualidad\"},{\"@type\":\"BreadcrumbList\",\"@id\":\"https:\\\/\\\/eldigitaldeasturias.com\\\/magazine365\\\/la-diputacion-y-la-junta-quieren-impulsar-la-senda-litoral-para-terminarla-en-2020\\\/#breadcrumblist\",\"itemListElement\":[{\"@type\":\"ListItem\",\"@id\":\"https:\\\/\\\/eldigitaldeasturias.com\\\/magazine365#listItem\",\"position\":1,\"name\":\"Home\",\"item\":\"https:\\\/\\\/eldigitaldeasturias.com\\\/magazine365\",\"nextItem\":{\"@type\":\"ListItem\",\"@id\":\"https:\\\/\\\/eldigitaldeasturias.com\\\/magazine365\\\/category\\\/noticias-actualidad\\\/#listItem\",\"name\":\"Noticias y Actualidad\"}},{\"@type\":\"ListItem\",\"@id\":\"https:\\\/\\\/eldigitaldeasturias.com\\\/magazine365\\\/category\\\/noticias-actualidad\\\/#listItem\",\"position\":2,\"name\":\"Noticias y Actualidad\",\"item\":\"https:\\\/\\\/eldigitaldeasturias.com\\\/magazine365\\\/category\\\/noticias-actualidad\\\/\",\"nextItem\":{\"@type\":\"ListItem\",\"@id\":\"https:\\\/\\\/eldigitaldeasturias.com\\\/magazine365\\\/la-diputacion-y-la-junta-quieren-impulsar-la-senda-litoral-para-terminarla-en-2020\\\/#listItem\",\"name\":\"La Diputaci\\u00f3n y la Junta quieren impulsar la Senda Litoral para terminarla en 2020\"},\"previousItem\":{\"@type\":\"ListItem\",\"@id\":\"https:\\\/\\\/eldigitaldeasturias.com\\\/magazine365#listItem\",\"name\":\"Home\"}},{\"@type\":\"ListItem\",\"@id\":\"https:\\\/\\\/eldigitaldeasturias.com\\\/magazine365\\\/la-diputacion-y-la-junta-quieren-impulsar-la-senda-litoral-para-terminarla-en-2020\\\/#listItem\",\"position\":3,\"name\":\"La Diputaci\\u00f3n y la Junta quieren impulsar la Senda Litoral para terminarla en 2020\",\"previousItem\":{\"@type\":\"ListItem\",\"@id\":\"https:\\\/\\\/eldigitaldeasturias.com\\\/magazine365\\\/category\\\/noticias-actualidad\\\/#listItem\",\"name\":\"Noticias y Actualidad\"}}]},{\"@type\":\"Organization\",\"@id\":\"https:\\\/\\\/eldigitaldeasturias.com\\\/magazine365\\\/#organization\",\"name\":\"El digital de Asturias\",\"description\":\"Revista de ocio, turismo y estilo de vida\",\"url\":\"https:\\\/\\\/eldigitaldeasturias.com\\\/magazine365\\\/\",\"logo\":{\"@type\":\"ImageObject\",\"url\":\"https:\\\/\\\/www.eldigitaldeasturias.com\\\/noticias\\\/wp-content\\\/uploads\\\/2020\\\/12\\\/EDA.jpg\",\"@id\":\"https:\\\/\\\/eldigitaldeasturias.com\\\/magazine365\\\/la-diputacion-y-la-junta-quieren-impulsar-la-senda-litoral-para-terminarla-en-2020\\\/#organizationLogo\"},\"image\":{\"@id\":\"https:\\\/\\\/eldigitaldeasturias.com\\\/magazine365\\\/la-diputacion-y-la-junta-quieren-impulsar-la-senda-litoral-para-terminarla-en-2020\\\/#organizationLogo\"}},{\"@type\":\"Person\",\"@id\":\"https:\\\/\\\/eldigitaldeasturias.com\\\/magazine365\\\/author\\\/admin\\\/#author\",\"url\":\"https:\\\/\\\/eldigitaldeasturias.com\\\/magazine365\\\/author\\\/admin\\\/\",\"name\":\"admin\",\"image\":{\"@type\":\"ImageObject\",\"@id\":\"https:\\\/\\\/eldigitaldeasturias.com\\\/magazine365\\\/la-diputacion-y-la-junta-quieren-impulsar-la-senda-litoral-para-terminarla-en-2020\\\/#authorImage\",\"url\":\"https:\\\/\\\/eldigitaldeasturias.com\\\/magazine365\\\/wp-content\\\/litespeed\\\/avatar\\\/e571bcf59a0edd6fa6838245a470f2fe.jpg?ver=1776969259\",\"width\":96,\"height\":96,\"caption\":\"admin\"}},{\"@type\":\"WebPage\",\"@id\":\"https:\\\/\\\/eldigitaldeasturias.com\\\/magazine365\\\/la-diputacion-y-la-junta-quieren-impulsar-la-senda-litoral-para-terminarla-en-2020\\\/#webpage\",\"url\":\"https:\\\/\\\/eldigitaldeasturias.com\\\/magazine365\\\/la-diputacion-y-la-junta-quieren-impulsar-la-senda-litoral-para-terminarla-en-2020\\\/\",\"name\":\"La Diputaci\\u00f3n y la Junta quieren impulsar la Senda Litoral para terminarla en 2020 | El Digital de Asturias\",\"description\":\"La Junta de Andaluc\\u00eda y la Diputaci\\u00f3n de M\\u00e1laga han presumido este mi\\u00e9rcoles de coordinaci\\u00f3n entre administraciones para impulsar la Senda Litoral, el proyecto promovido por el ente supramunicipal para conectar los 180 kil\\u00f3metros costeros de la provincia, de Manilva a Nerja. \\\"Con este esp\\u00edritu de colaboraci\\u00f3n estoy convencido de que en 2020 podremos conseguir\",\"inLanguage\":\"es-ES\",\"isPartOf\":{\"@id\":\"https:\\\/\\\/eldigitaldeasturias.com\\\/magazine365\\\/#website\"},\"breadcrumb\":{\"@id\":\"https:\\\/\\\/eldigitaldeasturias.com\\\/magazine365\\\/la-diputacion-y-la-junta-quieren-impulsar-la-senda-litoral-para-terminarla-en-2020\\\/#breadcrumblist\"},\"author\":{\"@id\":\"https:\\\/\\\/eldigitaldeasturias.com\\\/magazine365\\\/author\\\/admin\\\/#author\"},\"creator\":{\"@id\":\"https:\\\/\\\/eldigitaldeasturias.com\\\/magazine365\\\/author\\\/admin\\\/#author\"},\"image\":{\"@type\":\"ImageObject\",\"url\":\"https:\\\/\\\/eldigitaldeasturias.com\\\/magazine365\\\/wp-content\\\/uploads\\\/2016\\\/06\\\/fotonoticia_20160608164539_800.jpg\",\"@id\":\"https:\\\/\\\/eldigitaldeasturias.com\\\/magazine365\\\/la-diputacion-y-la-junta-quieren-impulsar-la-senda-litoral-para-terminarla-en-2020\\\/#mainImage\",\"width\":800,\"height\":535},\"primaryImageOfPage\":{\"@id\":\"https:\\\/\\\/eldigitaldeasturias.com\\\/magazine365\\\/la-diputacion-y-la-junta-quieren-impulsar-la-senda-litoral-para-terminarla-en-2020\\\/#mainImage\"},\"datePublished\":\"2016-06-08T18:19:25+02:00\",\"dateModified\":\"2016-06-08T18:19:25+02:00\"},{\"@type\":\"WebSite\",\"@id\":\"https:\\\/\\\/eldigitaldeasturias.com\\\/magazine365\\\/#website\",\"url\":\"https:\\\/\\\/eldigitaldeasturias.com\\\/magazine365\\\/\",\"name\":\"El Digital de Asturias\",\"description\":\"Revista de ocio, turismo y estilo de vida\",\"inLanguage\":\"es-ES\",\"publisher\":{\"@id\":\"https:\\\/\\\/eldigitaldeasturias.com\\\/magazine365\\\/#organization\"}}]}\n\t\t<\/script>\n\t\t<!-- All in One SEO Pro -->\r\n\t\t<title>La Diputaci\u00f3n y la Junta quieren impulsar la Senda Litoral para terminarla en 2020 | El Digital de Asturias<\/title>\n\n","aioseo_head_json":{"title":"La Diputaci\u00f3n y la Junta quieren impulsar la Senda Litoral para terminarla en 2020 | El Digital de Asturias","description":"La Junta de Andaluc\u00eda y la Diputaci\u00f3n de M\u00e1laga han presumido este mi\u00e9rcoles de coordinaci\u00f3n entre administraciones para impulsar la Senda Litoral, el proyecto promovido por el ente supramunicipal para conectar los 180 kil\u00f3metros costeros de la provincia, de Manilva a Nerja. \"Con este esp\u00edritu de colaboraci\u00f3n estoy convencido de que en 2020 podremos conseguir","canonical_url":"https:\/\/eldigitaldeasturias.com\/magazine365\/la-diputacion-y-la-junta-quieren-impulsar-la-senda-litoral-para-terminarla-en-2020\/","robots":"max-image-preview:large","keywords":"noticias y actualidad","webmasterTools":{"google-site-verification":"UA-38556648-1","miscellaneous":""},"schema":{"@context":"https:\/\/schema.org","@graph":[{"@type":"Article","@id":"https:\/\/eldigitaldeasturias.com\/magazine365\/la-diputacion-y-la-junta-quieren-impulsar-la-senda-litoral-para-terminarla-en-2020\/#article","name":"La Diputaci\u00f3n y la Junta quieren impulsar la Senda Litoral para terminarla en 2020 | El Digital de Asturias","headline":"La Diputaci\u00f3n y la Junta quieren impulsar la Senda Litoral para terminarla en 2020","author":{"@id":"https:\/\/eldigitaldeasturias.com\/magazine365\/author\/admin\/#author"},"publisher":{"@id":"https:\/\/eldigitaldeasturias.com\/magazine365\/#organization"},"image":{"@type":"ImageObject","url":"https:\/\/eldigitaldeasturias.com\/magazine365\/wp-content\/uploads\/2016\/06\/fotonoticia_20160608164539_800.jpg","width":800,"height":535},"datePublished":"2016-06-08T18:19:25+02:00","dateModified":"2016-06-08T18:19:25+02:00","inLanguage":"es-ES","mainEntityOfPage":{"@id":"https:\/\/eldigitaldeasturias.com\/magazine365\/la-diputacion-y-la-junta-quieren-impulsar-la-senda-litoral-para-terminarla-en-2020\/#webpage"},"isPartOf":{"@id":"https:\/\/eldigitaldeasturias.com\/magazine365\/la-diputacion-y-la-junta-quieren-impulsar-la-senda-litoral-para-terminarla-en-2020\/#webpage"},"articleSection":"Noticias y Actualidad"},{"@type":"BreadcrumbList","@id":"https:\/\/eldigitaldeasturias.com\/magazine365\/la-diputacion-y-la-junta-quieren-impulsar-la-senda-litoral-para-terminarla-en-2020\/#breadcrumblist","itemListElement":[{"@type":"ListItem","@id":"https:\/\/eldigitaldeasturias.com\/magazine365#listItem","position":1,"name":"Home","item":"https:\/\/eldigitaldeasturias.com\/magazine365","nextItem":{"@type":"ListItem","@id":"https:\/\/eldigitaldeasturias.com\/magazine365\/category\/noticias-actualidad\/#listItem","name":"Noticias y Actualidad"}},{"@type":"ListItem","@id":"https:\/\/eldigitaldeasturias.com\/magazine365\/category\/noticias-actualidad\/#listItem","position":2,"name":"Noticias y Actualidad","item":"https:\/\/eldigitaldeasturias.com\/magazine365\/category\/noticias-actualidad\/","nextItem":{"@type":"ListItem","@id":"https:\/\/eldigitaldeasturias.com\/magazine365\/la-diputacion-y-la-junta-quieren-impulsar-la-senda-litoral-para-terminarla-en-2020\/#listItem","name":"La Diputaci\u00f3n y la Junta quieren impulsar la Senda Litoral para terminarla en 2020"},"previousItem":{"@type":"ListItem","@id":"https:\/\/eldigitaldeasturias.com\/magazine365#listItem","name":"Home"}},{"@type":"ListItem","@id":"https:\/\/eldigitaldeasturias.com\/magazine365\/la-diputacion-y-la-junta-quieren-impulsar-la-senda-litoral-para-terminarla-en-2020\/#listItem","position":3,"name":"La Diputaci\u00f3n y la Junta quieren impulsar la Senda Litoral para terminarla en 2020","previousItem":{"@type":"ListItem","@id":"https:\/\/eldigitaldeasturias.com\/magazine365\/category\/noticias-actualidad\/#listItem","name":"Noticias y Actualidad"}}]},{"@type":"Organization","@id":"https:\/\/eldigitaldeasturias.com\/magazine365\/#organization","name":"El digital de Asturias","description":"Revista de ocio, turismo y estilo de vida","url":"https:\/\/eldigitaldeasturias.com\/magazine365\/","logo":{"@type":"ImageObject","url":"https:\/\/www.eldigitaldeasturias.com\/noticias\/wp-content\/uploads\/2020\/12\/EDA.jpg","@id":"https:\/\/eldigitaldeasturias.com\/magazine365\/la-diputacion-y-la-junta-quieren-impulsar-la-senda-litoral-para-terminarla-en-2020\/#organizationLogo"},"image":{"@id":"https:\/\/eldigitaldeasturias.com\/magazine365\/la-diputacion-y-la-junta-quieren-impulsar-la-senda-litoral-para-terminarla-en-2020\/#organizationLogo"}},{"@type":"Person","@id":"https:\/\/eldigitaldeasturias.com\/magazine365\/author\/admin\/#author","url":"https:\/\/eldigitaldeasturias.com\/magazine365\/author\/admin\/","name":"admin","image":{"@type":"ImageObject","@id":"https:\/\/eldigitaldeasturias.com\/magazine365\/la-diputacion-y-la-junta-quieren-impulsar-la-senda-litoral-para-terminarla-en-2020\/#authorImage","url":"https:\/\/eldigitaldeasturias.com\/magazine365\/wp-content\/litespeed\/avatar\/e571bcf59a0edd6fa6838245a470f2fe.jpg?ver=1776969259","width":96,"height":96,"caption":"admin"}},{"@type":"WebPage","@id":"https:\/\/eldigitaldeasturias.com\/magazine365\/la-diputacion-y-la-junta-quieren-impulsar-la-senda-litoral-para-terminarla-en-2020\/#webpage","url":"https:\/\/eldigitaldeasturias.com\/magazine365\/la-diputacion-y-la-junta-quieren-impulsar-la-senda-litoral-para-terminarla-en-2020\/","name":"La Diputaci\u00f3n y la Junta quieren impulsar la Senda Litoral para terminarla en 2020 | El Digital de Asturias","description":"La Junta de Andaluc\u00eda y la Diputaci\u00f3n de M\u00e1laga han presumido este mi\u00e9rcoles de coordinaci\u00f3n entre administraciones para impulsar la Senda Litoral, el proyecto promovido por el ente supramunicipal para conectar los 180 kil\u00f3metros costeros de la provincia, de Manilva a Nerja. \"Con este esp\u00edritu de colaboraci\u00f3n estoy convencido de que en 2020 podremos conseguir","inLanguage":"es-ES","isPartOf":{"@id":"https:\/\/eldigitaldeasturias.com\/magazine365\/#website"},"breadcrumb":{"@id":"https:\/\/eldigitaldeasturias.com\/magazine365\/la-diputacion-y-la-junta-quieren-impulsar-la-senda-litoral-para-terminarla-en-2020\/#breadcrumblist"},"author":{"@id":"https:\/\/eldigitaldeasturias.com\/magazine365\/author\/admin\/#author"},"creator":{"@id":"https:\/\/eldigitaldeasturias.com\/magazine365\/author\/admin\/#author"},"image":{"@type":"ImageObject","url":"https:\/\/eldigitaldeasturias.com\/magazine365\/wp-content\/uploads\/2016\/06\/fotonoticia_20160608164539_800.jpg","@id":"https:\/\/eldigitaldeasturias.com\/magazine365\/la-diputacion-y-la-junta-quieren-impulsar-la-senda-litoral-para-terminarla-en-2020\/#mainImage","width":800,"height":535},"primaryImageOfPage":{"@id":"https:\/\/eldigitaldeasturias.com\/magazine365\/la-diputacion-y-la-junta-quieren-impulsar-la-senda-litoral-para-terminarla-en-2020\/#mainImage"},"datePublished":"2016-06-08T18:19:25+02:00","dateModified":"2016-06-08T18:19:25+02:00"},{"@type":"WebSite","@id":"https:\/\/eldigitaldeasturias.com\/magazine365\/#website","url":"https:\/\/eldigitaldeasturias.com\/magazine365\/","name":"El Digital de Asturias","description":"Revista de ocio, turismo y estilo de vida","inLanguage":"es-ES","publisher":{"@id":"https:\/\/eldigitaldeasturias.com\/magazine365\/#organization"}}]},"og:locale":"es_ES","og:site_name":"El Digital de Asturias \u2013 Revista de ocio, turismo y estilo de vida","og:type":"article","og:title":"La Diputaci\u00f3n y la Junta quieren impulsar la Senda Litoral para terminarla en 2020 | El Digital de Asturias","og:description":"La Junta de Andaluc\u00eda y la Diputaci\u00f3n de M\u00e1laga han presumido este mi\u00e9rcoles de coordinaci\u00f3n entre administraciones para impulsar la Senda Litoral, el proyecto promovido por el ente supramunicipal para conectar los 180 kil\u00f3metros costeros de la provincia, de Manilva a Nerja. &quot;Con este esp\u00edritu de colaboraci\u00f3n estoy convencido de que en 2020 podremos conseguir","og:url":"https:\/\/eldigitaldeasturias.com\/magazine365\/la-diputacion-y-la-junta-quieren-impulsar-la-senda-litoral-para-terminarla-en-2020\/","og:image":"https:\/\/eldigitaldeasturias.com\/magazine365\/wp-content\/uploads\/2016\/06\/fotonoticia_20160608164539_800.jpg","og:image:secure_url":"https:\/\/eldigitaldeasturias.com\/magazine365\/wp-content\/uploads\/2016\/06\/fotonoticia_20160608164539_800.jpg","og:image:width":800,"og:image:height":535,"article:published_time":"2016-06-08T16:19:25+00:00","article:modified_time":"2016-06-08T16:19:25+00:00","twitter:card":"summary_large_image","twitter:title":"La Diputaci\u00f3n y la Junta quieren impulsar la Senda Litoral para terminarla en 2020 | El Digital de Asturias","twitter:description":"La Junta de Andaluc\u00eda y la Diputaci\u00f3n de M\u00e1laga han presumido este mi\u00e9rcoles de coordinaci\u00f3n entre administraciones para impulsar la Senda Litoral, el proyecto promovido por el ente supramunicipal para conectar los 180 kil\u00f3metros costeros de la provincia, de Manilva a Nerja. &quot;Con este esp\u00edritu de colaboraci\u00f3n estoy convencido de que en 2020 podremos conseguir","twitter:image":"https:\/\/eldigitaldeasturias.com\/magazine365\/wp-content\/uploads\/2016\/06\/fotonoticia_20160608164539_800.jpg"},"aioseo_meta_data":{"post_id":"78306","title":null,"description":null,"keywords":null,"keyphrases":null,"primary_term":null,"canonical_url":null,"og_title":null,"og_description":null,"og_object_type":"default","og_image_type":"default","og_image_url":null,"og_image_width":null,"og_image_height":null,"og_image_custom_url":null,"og_image_custom_fields":null,"og_video":null,"og_custom_url":null,"og_article_section":null,"og_article_tags":null,"twitter_use_og":false,"twitter_card":"default","twitter_image_type":"default","twitter_image_url":null,"twitter_image_custom_url":null,"twitter_image_custom_fields":null,"twitter_title":null,"twitter_description":null,"schema":{"blockGraphs":[],"customGraphs":[],"default":{"data":{"Article":[],"Course":[],"Dataset":[],"FAQPage":[],"Movie":[],"Person":[],"Product":[],"ProductReview":[],"Car":[],"Recipe":[],"Service":[],"SoftwareApplication":[],"WebPage":[]},"graphName":"","isEnabled":true},"graphs":[],"defaultGraph":"","defaultPostTypeGraph":""},"schema_type":null,"schema_type_options":null,"pillar_content":false,"robots_default":true,"robots_noindex":false,"robots_noarchive":false,"robots_nosnippet":false,"robots_nofollow":false,"robots_noimageindex":false,"robots_noodp":false,"robots_notranslate":false,"robots_max_snippet":null,"robots_max_videopreview":null,"robots_max_imagepreview":"large","priority":null,"frequency":null,"location":null,"local_seo":null,"seo_analyzer_scan_date":"2025-09-27 16:41:21","breadcrumb_settings":null,"limit_modified_date":false,"open_ai":null,"ai":null,"created":"2021-03-08 18:02:52","updated":"2025-09-27 16:41:21"},"aioseo_breadcrumb":"<div class=\"aioseo-breadcrumbs\"><span class=\"aioseo-breadcrumb\">\n\t<a href=\"https:\/\/eldigitaldeasturias.com\/magazine365\" title=\"Home\">Home<\/a>\n<\/span><span class=\"aioseo-breadcrumb-separator\">\u2013<\/span><span class=\"aioseo-breadcrumb\">\n\t<a href=\"https:\/\/eldigitaldeasturias.com\/magazine365\/category\/noticias-actualidad\/\" title=\"Noticias y Actualidad\">Noticias y Actualidad<\/a>\n<\/span><span class=\"aioseo-breadcrumb-separator\">\u2013<\/span><span class=\"aioseo-breadcrumb\">\n\t<a href=\"https:\/\/eldigitaldeasturias.com\/magazine365\/la-diputacion-y-la-junta-quieren-impulsar-la-senda-litoral-para-terminarla-en-2020\/\" title=\"La Diputaci\u00f3n y la Junta quieren impulsar la Senda Litoral para terminarla en 2020\">La Diputaci\u00f3n y la Junta quieren impulsar la Senda Litoral para terminarla en 2020<\/a>\n<\/span><\/div>","aioseo_breadcrumb_json":[{"label":"Home","link":"https:\/\/eldigitaldeasturias.com\/magazine365"},{"label":"Noticias y Actualidad","link":"https:\/\/eldigitaldeasturias.com\/magazine365\/category\/noticias-actualidad\/"},{"label":"La Diputaci\u00f3n y la Junta quieren impulsar la Senda Litoral para terminarla en 2020","link":"https:\/\/eldigitaldeasturias.com\/magazine365\/la-diputacion-y-la-junta-quieren-impulsar-la-senda-litoral-para-terminarla-en-2020\/"}],"_links":{"self":[{"href":"https:\/\/eldigitaldeasturias.com\/magazine365\/wp-json\/wp\/v2\/posts\/78306","targetHints":{"allow":["GET"]}}],"collection":[{"href":"https:\/\/eldigitaldeasturias.com\/magazine365\/wp-json\/wp\/v2\/posts"}],"about":[{"href":"https:\/\/eldigitaldeasturias.com\/magazine365\/wp-json\/wp\/v2\/types\/post"}],"author":[{"embeddable":true,"href":"https:\/\/eldigitaldeasturias.com\/magazine365\/wp-json\/wp\/v2\/users\/1"}],"replies":[{"embeddable":true,"href":"https:\/\/eldigitaldeasturias.com\/magazine365\/wp-json\/wp\/v2\/comments?post=78306"}],"version-history":[{"count":0,"href":"https:\/\/eldigitaldeasturias.com\/magazine365\/wp-json\/wp\/v2\/posts\/78306\/revisions"}],"wp:featuredmedia":[{"embeddable":true,"href":"https:\/\/eldigitaldeasturias.com\/magazine365\/wp-json\/wp\/v2\/media\/78307"}],"wp:attachment":[{"href":"https:\/\/eldigitaldeasturias.com\/magazine365\/wp-json\/wp\/v2\/media?parent=78306"}],"wp:term":[{"taxonomy":"category","embeddable":true,"href":"https:\/\/eldigitaldeasturias.com\/magazine365\/wp-json\/wp\/v2\/categories?post=78306"},{"taxonomy":"post_tag","embeddable":true,"href":"https:\/\/eldigitaldeasturias.com\/magazine365\/wp-json\/wp\/v2\/tags?post=78306"}],"curies":[{"name":"wp","href":"https:\/\/api.w.org\/{rel}","templated":true}]}}