{"id":78300,"date":"2016-06-08T18:14:57","date_gmt":"2016-06-08T16:14:57","guid":{"rendered":"http:\/\/eldigitaldeasturias.com\/magazine365\/?p=78300"},"modified":"2016-06-08T18:14:57","modified_gmt":"2016-06-08T16:14:57","slug":"valladolid-sera-la-sede-de-la-i-conferencia-espanola-sobre-turismo-cinematografico","status":"publish","type":"post","link":"https:\/\/eldigitaldeasturias.com\/magazine365\/valladolid-sera-la-sede-de-la-i-conferencia-espanola-sobre-turismo-cinematografico\/","title":{"rendered":"Valladolid ser\u00e1 la sede de la I Conferencia Espa\u00f1ola sobre Turismo Cinematogr\u00e1fico"},"content":{"rendered":"<p><img fetchpriority=\"high\" decoding=\"async\" class=\"alignleft size-medium wp-image-78301\" src=\"https:\/\/eldigitaldeasturias.com\/magazine365\/wp-content\/uploads\/2016\/06\/fotonoticia_20160608164409_800-360x249.jpg\" alt=\"fotonoticia_20160608164409_800\" width=\"360\" height=\"249\" srcset=\"https:\/\/eldigitaldeasturias.com\/magazine365\/wp-content\/uploads\/2016\/06\/fotonoticia_20160608164409_800-360x249.jpg 360w, https:\/\/eldigitaldeasturias.com\/magazine365\/wp-content\/uploads\/2016\/06\/fotonoticia_20160608164409_800-650x450.jpg 650w, https:\/\/eldigitaldeasturias.com\/magazine365\/wp-content\/uploads\/2016\/06\/fotonoticia_20160608164409_800-768x532.jpg 768w, https:\/\/eldigitaldeasturias.com\/magazine365\/wp-content\/uploads\/2016\/06\/fotonoticia_20160608164409_800-150x104.jpg 150w, https:\/\/eldigitaldeasturias.com\/magazine365\/wp-content\/uploads\/2016\/06\/fotonoticia_20160608164409_800-450x312.jpg 450w, https:\/\/eldigitaldeasturias.com\/magazine365\/wp-content\/uploads\/2016\/06\/fotonoticia_20160608164409_800.jpg 800w\" sizes=\"(max-width: 360px) 100vw, 360px\" \/>Valladolid ser\u00e1 este jueves, 9 de junio, la sede del primer encuentro interprofesional sobre el impacto tur\u00edstico del cine y la televisi\u00f3n en escenarios rodados en Espa\u00f1a, con el patrocinio del Ayuntamiento de Valladolid y la presencia de entidades e instituciones relevantes en el sector del turismo y el audiovisual.<\/p>\n<p>Se trata de una jornada que se celebrar\u00e1 en el Teatro Calder\u00f3n y que servir\u00e1 para analizar de qu\u00e9 manera se ha favorecido a Espa\u00f1a como escenario de numerosas pel\u00edculas m\u00edticas en la historia del cine y recientemente al acoger el rodaje de series de televisi\u00f3n tan conocidas como &#8216;Juego de Tronos&#8217;, &#8216;Penny Dreadful&#8217; o &#8216;The Night Manager&#8217; entre otras, as\u00ed como series espa\u00f1olas como &#8216;All\u00ed abajo&#8217;, &#8216;Mar de pl\u00e1stico&#8217;, &#8216;Isabel&#8217; o &#8216;El pr\u00edncipe&#8217;.<\/p>\n<p>El impacto medi\u00e1tico que todos estos t\u00edtulos han generado y sus muchos seguidores, son motivo de reflexi\u00f3n sobre c\u00f3mo rentabilizar esta repercusi\u00f3n, a la luz de la experiencia nacional e internacional, de modo que contribuya a hacer sostenible la industria de rodajes en Espa\u00f1a, seg\u00fan ha informado el Ayuntamiento a trav\u00e9s de un comunicado remitido a Europa Press.<\/p>\n<p>El objetivo principal de la I Conferencia Espa\u00f1ola sobre Turismo Cinematogr\u00e1fico es analizar la importancia del fen\u00f3meno del turismo inducido por el cine y la televisi\u00f3n, a fin de crear un Plan estrat\u00e9gico sobre Turismo Cinematogr\u00e1fico que contemple tres l\u00edneas b\u00e1sicas.<\/p>\n<p>Por un lado, Espa\u00f1a como plat\u00f3 para difundir no s\u00f3lo las localizaciones, sino tambi\u00e9n las infraestructuras tur\u00edsticas y audiovisuales, as\u00ed como la industria de ambas con profesionales cualificados que desarrollen pol\u00edticas de fomento de los rodajes.<\/p>\n<p>Por otro, la rentabilizaci\u00f3n tur\u00edstica del audiovisual rodado en Espa\u00f1a creando rutas de cine bajo el proyecto nacional denominado &#8216;La Gran Ruta del Cine por Espa\u00f1a&#8217; creando productos tur\u00edsticos y acuerdos entre empresarios tur\u00edsticos y audiovisuales.<\/p>\n<p>Finalmente, se persigue la puesta en marcha de un Cl\u00faster de Turismo cinematogr\u00e1fico espa\u00f1ol, que agrupe, genere sinergias, y permita contar con capacidad e infraestructura para que el Plan estrat\u00e9gico y sus medidas coloquen a Espa\u00f1a \u00aben el lugar que le corresponde en el panorama internacional de rodajes\u00bb, de acuerdo con su potencial \u00abgeogr\u00e1fico, econ\u00f3mico, t\u00e9cnico y cultural\u00bb.<\/p>\n<p>La inauguraci\u00f3n de la jornada se producir\u00e1 a las 10.00 horas y en ella participar\u00e1n el presidente de la Spain Film Commission, Carlos Rosado; la concejala de Cultura y Turismo del Ayuntamiento de Valladolid, Ana Redondo, y el director general de Turismo de Junta de Castilla Le\u00f3n, Javier Ram\u00edrez.<\/p>\n<p>Hacia las 14.30 horas, tanto Rosado como el alcalde de Valladolid, \u00d3scar Puente, ser\u00e1n los encargados de clausurar la Conferencia.<\/p>\n","protected":false},"excerpt":{"rendered":"<p>Valladolid ser\u00e1 este jueves, 9 de junio, la sede del primer encuentro interprofesional sobre el impacto tur\u00edstico del cine y la televisi\u00f3n en escenarios rodados en Espa\u00f1a, con el patrocinio del Ayuntamiento de Valladolid y la presencia de entidades e instituciones relevantes en el sector del turismo y el audiovisual. Se trata de una jornada<\/p>\n","protected":false},"author":1,"featured_media":78301,"comment_status":"open","ping_status":"closed","sticky":false,"template":"","format":"standard","meta":{"footnotes":""},"categories":[224],"tags":[],"class_list":{"0":"post-78300","1":"post","2":"type-post","3":"status-publish","4":"format-standard","5":"has-post-thumbnail","7":"category-noticias-actualidad"},"aioseo_notices":[],"aioseo_head":"\n\t\t<!-- All in One SEO Pro 4.9.6.1 - aioseo.com -->\n\t<meta name=\"description\" content=\"Valladolid ser\u00e1 este jueves, 9 de junio, la sede del primer encuentro interprofesional sobre el impacto tur\u00edstico del cine y la televisi\u00f3n en escenarios rodados en Espa\u00f1a, con el patrocinio del Ayuntamiento de Valladolid y la presencia de entidades e instituciones relevantes en el sector del turismo y el audiovisual. Se trata de una jornada\" \/>\n\t<meta name=\"robots\" content=\"max-image-preview:large\" \/>\n\t<meta name=\"author\" content=\"admin\"\/>\n\t<meta name=\"google-site-verification\" content=\"UA-38556648-1\" \/>\n\t<meta name=\"keywords\" content=\"noticias y actualidad\" \/>\n\t<link rel=\"canonical\" href=\"https:\/\/eldigitaldeasturias.com\/magazine365\/valladolid-sera-la-sede-de-la-i-conferencia-espanola-sobre-turismo-cinematografico\/\" \/>\n\t<meta name=\"generator\" content=\"All in One SEO Pro (AIOSEO) 4.9.6.1\" \/>\n\t\t<meta property=\"og:locale\" content=\"es_ES\" \/>\n\t\t<meta property=\"og:site_name\" content=\"El Digital de Asturias \u2013 Revista de ocio, turismo y estilo de vida\" \/>\n\t\t<meta property=\"og:type\" content=\"article\" \/>\n\t\t<meta property=\"og:title\" content=\"Valladolid ser\u00e1 la sede de la I Conferencia Espa\u00f1ola sobre Turismo Cinematogr\u00e1fico | El Digital de Asturias\" \/>\n\t\t<meta property=\"og:description\" content=\"Valladolid ser\u00e1 este jueves, 9 de junio, la sede del primer encuentro interprofesional sobre el impacto tur\u00edstico del cine y la televisi\u00f3n en escenarios rodados en Espa\u00f1a, con el patrocinio del Ayuntamiento de Valladolid y la presencia de entidades e instituciones relevantes en el sector del turismo y el audiovisual. Se trata de una jornada\" \/>\n\t\t<meta property=\"og:url\" content=\"https:\/\/eldigitaldeasturias.com\/magazine365\/valladolid-sera-la-sede-de-la-i-conferencia-espanola-sobre-turismo-cinematografico\/\" \/>\n\t\t<meta property=\"og:image\" content=\"https:\/\/eldigitaldeasturias.com\/magazine365\/wp-content\/uploads\/2016\/06\/fotonoticia_20160608164409_800.jpg\" \/>\n\t\t<meta property=\"og:image:secure_url\" content=\"https:\/\/eldigitaldeasturias.com\/magazine365\/wp-content\/uploads\/2016\/06\/fotonoticia_20160608164409_800.jpg\" \/>\n\t\t<meta property=\"og:image:width\" content=\"800\" \/>\n\t\t<meta property=\"og:image:height\" content=\"554\" \/>\n\t\t<meta property=\"article:published_time\" content=\"2016-06-08T16:14:57+00:00\" \/>\n\t\t<meta property=\"article:modified_time\" content=\"2016-06-08T16:14:57+00:00\" \/>\n\t\t<meta name=\"twitter:card\" content=\"summary_large_image\" \/>\n\t\t<meta name=\"twitter:title\" content=\"Valladolid ser\u00e1 la sede de la I Conferencia Espa\u00f1ola sobre Turismo Cinematogr\u00e1fico | El Digital de Asturias\" \/>\n\t\t<meta name=\"twitter:description\" content=\"Valladolid ser\u00e1 este jueves, 9 de junio, la sede del primer encuentro interprofesional sobre el impacto tur\u00edstico del cine y la televisi\u00f3n en escenarios rodados en Espa\u00f1a, con el patrocinio del Ayuntamiento de Valladolid y la presencia de entidades e instituciones relevantes en el sector del turismo y el audiovisual. Se trata de una jornada\" \/>\n\t\t<meta name=\"twitter:image\" content=\"https:\/\/eldigitaldeasturias.com\/magazine365\/wp-content\/uploads\/2016\/06\/fotonoticia_20160608164409_800.jpg\" \/>\n\t\t<script type=\"application\/ld+json\" class=\"aioseo-schema\">\n\t\t\t{\"@context\":\"https:\\\/\\\/schema.org\",\"@graph\":[{\"@type\":\"Article\",\"@id\":\"https:\\\/\\\/eldigitaldeasturias.com\\\/magazine365\\\/valladolid-sera-la-sede-de-la-i-conferencia-espanola-sobre-turismo-cinematografico\\\/#article\",\"name\":\"Valladolid ser\\u00e1 la sede de la I Conferencia Espa\\u00f1ola sobre Turismo Cinematogr\\u00e1fico | El Digital de Asturias\",\"headline\":\"Valladolid ser\\u00e1 la sede de la I Conferencia Espa\\u00f1ola sobre Turismo Cinematogr\\u00e1fico\",\"author\":{\"@id\":\"https:\\\/\\\/eldigitaldeasturias.com\\\/magazine365\\\/author\\\/admin\\\/#author\"},\"publisher\":{\"@id\":\"https:\\\/\\\/eldigitaldeasturias.com\\\/magazine365\\\/#organization\"},\"image\":{\"@type\":\"ImageObject\",\"url\":\"https:\\\/\\\/eldigitaldeasturias.com\\\/magazine365\\\/wp-content\\\/uploads\\\/2016\\\/06\\\/fotonoticia_20160608164409_800.jpg\",\"width\":800,\"height\":554},\"datePublished\":\"2016-06-08T18:14:57+02:00\",\"dateModified\":\"2016-06-08T18:14:57+02:00\",\"inLanguage\":\"es-ES\",\"mainEntityOfPage\":{\"@id\":\"https:\\\/\\\/eldigitaldeasturias.com\\\/magazine365\\\/valladolid-sera-la-sede-de-la-i-conferencia-espanola-sobre-turismo-cinematografico\\\/#webpage\"},\"isPartOf\":{\"@id\":\"https:\\\/\\\/eldigitaldeasturias.com\\\/magazine365\\\/valladolid-sera-la-sede-de-la-i-conferencia-espanola-sobre-turismo-cinematografico\\\/#webpage\"},\"articleSection\":\"Noticias y Actualidad\"},{\"@type\":\"BreadcrumbList\",\"@id\":\"https:\\\/\\\/eldigitaldeasturias.com\\\/magazine365\\\/valladolid-sera-la-sede-de-la-i-conferencia-espanola-sobre-turismo-cinematografico\\\/#breadcrumblist\",\"itemListElement\":[{\"@type\":\"ListItem\",\"@id\":\"https:\\\/\\\/eldigitaldeasturias.com\\\/magazine365#listItem\",\"position\":1,\"name\":\"Home\",\"item\":\"https:\\\/\\\/eldigitaldeasturias.com\\\/magazine365\",\"nextItem\":{\"@type\":\"ListItem\",\"@id\":\"https:\\\/\\\/eldigitaldeasturias.com\\\/magazine365\\\/category\\\/noticias-actualidad\\\/#listItem\",\"name\":\"Noticias y Actualidad\"}},{\"@type\":\"ListItem\",\"@id\":\"https:\\\/\\\/eldigitaldeasturias.com\\\/magazine365\\\/category\\\/noticias-actualidad\\\/#listItem\",\"position\":2,\"name\":\"Noticias y Actualidad\",\"item\":\"https:\\\/\\\/eldigitaldeasturias.com\\\/magazine365\\\/category\\\/noticias-actualidad\\\/\",\"nextItem\":{\"@type\":\"ListItem\",\"@id\":\"https:\\\/\\\/eldigitaldeasturias.com\\\/magazine365\\\/valladolid-sera-la-sede-de-la-i-conferencia-espanola-sobre-turismo-cinematografico\\\/#listItem\",\"name\":\"Valladolid ser\\u00e1 la sede de la I Conferencia Espa\\u00f1ola sobre Turismo Cinematogr\\u00e1fico\"},\"previousItem\":{\"@type\":\"ListItem\",\"@id\":\"https:\\\/\\\/eldigitaldeasturias.com\\\/magazine365#listItem\",\"name\":\"Home\"}},{\"@type\":\"ListItem\",\"@id\":\"https:\\\/\\\/eldigitaldeasturias.com\\\/magazine365\\\/valladolid-sera-la-sede-de-la-i-conferencia-espanola-sobre-turismo-cinematografico\\\/#listItem\",\"position\":3,\"name\":\"Valladolid ser\\u00e1 la sede de la I Conferencia Espa\\u00f1ola sobre Turismo Cinematogr\\u00e1fico\",\"previousItem\":{\"@type\":\"ListItem\",\"@id\":\"https:\\\/\\\/eldigitaldeasturias.com\\\/magazine365\\\/category\\\/noticias-actualidad\\\/#listItem\",\"name\":\"Noticias y Actualidad\"}}]},{\"@type\":\"Organization\",\"@id\":\"https:\\\/\\\/eldigitaldeasturias.com\\\/magazine365\\\/#organization\",\"name\":\"El digital de Asturias\",\"description\":\"Revista de ocio, turismo y estilo de vida\",\"url\":\"https:\\\/\\\/eldigitaldeasturias.com\\\/magazine365\\\/\",\"logo\":{\"@type\":\"ImageObject\",\"url\":\"https:\\\/\\\/www.eldigitaldeasturias.com\\\/noticias\\\/wp-content\\\/uploads\\\/2020\\\/12\\\/EDA.jpg\",\"@id\":\"https:\\\/\\\/eldigitaldeasturias.com\\\/magazine365\\\/valladolid-sera-la-sede-de-la-i-conferencia-espanola-sobre-turismo-cinematografico\\\/#organizationLogo\"},\"image\":{\"@id\":\"https:\\\/\\\/eldigitaldeasturias.com\\\/magazine365\\\/valladolid-sera-la-sede-de-la-i-conferencia-espanola-sobre-turismo-cinematografico\\\/#organizationLogo\"}},{\"@type\":\"Person\",\"@id\":\"https:\\\/\\\/eldigitaldeasturias.com\\\/magazine365\\\/author\\\/admin\\\/#author\",\"url\":\"https:\\\/\\\/eldigitaldeasturias.com\\\/magazine365\\\/author\\\/admin\\\/\",\"name\":\"admin\",\"image\":{\"@type\":\"ImageObject\",\"@id\":\"https:\\\/\\\/eldigitaldeasturias.com\\\/magazine365\\\/valladolid-sera-la-sede-de-la-i-conferencia-espanola-sobre-turismo-cinematografico\\\/#authorImage\",\"url\":\"https:\\\/\\\/eldigitaldeasturias.com\\\/magazine365\\\/wp-content\\\/litespeed\\\/avatar\\\/e571bcf59a0edd6fa6838245a470f2fe.jpg?ver=1776969259\",\"width\":96,\"height\":96,\"caption\":\"admin\"}},{\"@type\":\"WebPage\",\"@id\":\"https:\\\/\\\/eldigitaldeasturias.com\\\/magazine365\\\/valladolid-sera-la-sede-de-la-i-conferencia-espanola-sobre-turismo-cinematografico\\\/#webpage\",\"url\":\"https:\\\/\\\/eldigitaldeasturias.com\\\/magazine365\\\/valladolid-sera-la-sede-de-la-i-conferencia-espanola-sobre-turismo-cinematografico\\\/\",\"name\":\"Valladolid ser\\u00e1 la sede de la I Conferencia Espa\\u00f1ola sobre Turismo Cinematogr\\u00e1fico | El Digital de Asturias\",\"description\":\"Valladolid ser\\u00e1 este jueves, 9 de junio, la sede del primer encuentro interprofesional sobre el impacto tur\\u00edstico del cine y la televisi\\u00f3n en escenarios rodados en Espa\\u00f1a, con el patrocinio del Ayuntamiento de Valladolid y la presencia de entidades e instituciones relevantes en el sector del turismo y el audiovisual. Se trata de una jornada\",\"inLanguage\":\"es-ES\",\"isPartOf\":{\"@id\":\"https:\\\/\\\/eldigitaldeasturias.com\\\/magazine365\\\/#website\"},\"breadcrumb\":{\"@id\":\"https:\\\/\\\/eldigitaldeasturias.com\\\/magazine365\\\/valladolid-sera-la-sede-de-la-i-conferencia-espanola-sobre-turismo-cinematografico\\\/#breadcrumblist\"},\"author\":{\"@id\":\"https:\\\/\\\/eldigitaldeasturias.com\\\/magazine365\\\/author\\\/admin\\\/#author\"},\"creator\":{\"@id\":\"https:\\\/\\\/eldigitaldeasturias.com\\\/magazine365\\\/author\\\/admin\\\/#author\"},\"image\":{\"@type\":\"ImageObject\",\"url\":\"https:\\\/\\\/eldigitaldeasturias.com\\\/magazine365\\\/wp-content\\\/uploads\\\/2016\\\/06\\\/fotonoticia_20160608164409_800.jpg\",\"@id\":\"https:\\\/\\\/eldigitaldeasturias.com\\\/magazine365\\\/valladolid-sera-la-sede-de-la-i-conferencia-espanola-sobre-turismo-cinematografico\\\/#mainImage\",\"width\":800,\"height\":554},\"primaryImageOfPage\":{\"@id\":\"https:\\\/\\\/eldigitaldeasturias.com\\\/magazine365\\\/valladolid-sera-la-sede-de-la-i-conferencia-espanola-sobre-turismo-cinematografico\\\/#mainImage\"},\"datePublished\":\"2016-06-08T18:14:57+02:00\",\"dateModified\":\"2016-06-08T18:14:57+02:00\"},{\"@type\":\"WebSite\",\"@id\":\"https:\\\/\\\/eldigitaldeasturias.com\\\/magazine365\\\/#website\",\"url\":\"https:\\\/\\\/eldigitaldeasturias.com\\\/magazine365\\\/\",\"name\":\"El Digital de Asturias\",\"description\":\"Revista de ocio, turismo y estilo de vida\",\"inLanguage\":\"es-ES\",\"publisher\":{\"@id\":\"https:\\\/\\\/eldigitaldeasturias.com\\\/magazine365\\\/#organization\"}}]}\n\t\t<\/script>\n\t\t<!-- All in One SEO Pro -->\r\n\t\t<title>Valladolid ser\u00e1 la sede de la I Conferencia Espa\u00f1ola sobre Turismo Cinematogr\u00e1fico | El Digital de Asturias<\/title>\n\n","aioseo_head_json":{"title":"Valladolid ser\u00e1 la sede de la I Conferencia Espa\u00f1ola sobre Turismo Cinematogr\u00e1fico | El Digital de Asturias","description":"Valladolid ser\u00e1 este jueves, 9 de junio, la sede del primer encuentro interprofesional sobre el impacto tur\u00edstico del cine y la televisi\u00f3n en escenarios rodados en Espa\u00f1a, con el patrocinio del Ayuntamiento de Valladolid y la presencia de entidades e instituciones relevantes en el sector del turismo y el audiovisual. Se trata de una jornada","canonical_url":"https:\/\/eldigitaldeasturias.com\/magazine365\/valladolid-sera-la-sede-de-la-i-conferencia-espanola-sobre-turismo-cinematografico\/","robots":"max-image-preview:large","keywords":"noticias y actualidad","webmasterTools":{"google-site-verification":"UA-38556648-1","miscellaneous":""},"schema":{"@context":"https:\/\/schema.org","@graph":[{"@type":"Article","@id":"https:\/\/eldigitaldeasturias.com\/magazine365\/valladolid-sera-la-sede-de-la-i-conferencia-espanola-sobre-turismo-cinematografico\/#article","name":"Valladolid ser\u00e1 la sede de la I Conferencia Espa\u00f1ola sobre Turismo Cinematogr\u00e1fico | El Digital de Asturias","headline":"Valladolid ser\u00e1 la sede de la I Conferencia Espa\u00f1ola sobre Turismo Cinematogr\u00e1fico","author":{"@id":"https:\/\/eldigitaldeasturias.com\/magazine365\/author\/admin\/#author"},"publisher":{"@id":"https:\/\/eldigitaldeasturias.com\/magazine365\/#organization"},"image":{"@type":"ImageObject","url":"https:\/\/eldigitaldeasturias.com\/magazine365\/wp-content\/uploads\/2016\/06\/fotonoticia_20160608164409_800.jpg","width":800,"height":554},"datePublished":"2016-06-08T18:14:57+02:00","dateModified":"2016-06-08T18:14:57+02:00","inLanguage":"es-ES","mainEntityOfPage":{"@id":"https:\/\/eldigitaldeasturias.com\/magazine365\/valladolid-sera-la-sede-de-la-i-conferencia-espanola-sobre-turismo-cinematografico\/#webpage"},"isPartOf":{"@id":"https:\/\/eldigitaldeasturias.com\/magazine365\/valladolid-sera-la-sede-de-la-i-conferencia-espanola-sobre-turismo-cinematografico\/#webpage"},"articleSection":"Noticias y Actualidad"},{"@type":"BreadcrumbList","@id":"https:\/\/eldigitaldeasturias.com\/magazine365\/valladolid-sera-la-sede-de-la-i-conferencia-espanola-sobre-turismo-cinematografico\/#breadcrumblist","itemListElement":[{"@type":"ListItem","@id":"https:\/\/eldigitaldeasturias.com\/magazine365#listItem","position":1,"name":"Home","item":"https:\/\/eldigitaldeasturias.com\/magazine365","nextItem":{"@type":"ListItem","@id":"https:\/\/eldigitaldeasturias.com\/magazine365\/category\/noticias-actualidad\/#listItem","name":"Noticias y Actualidad"}},{"@type":"ListItem","@id":"https:\/\/eldigitaldeasturias.com\/magazine365\/category\/noticias-actualidad\/#listItem","position":2,"name":"Noticias y Actualidad","item":"https:\/\/eldigitaldeasturias.com\/magazine365\/category\/noticias-actualidad\/","nextItem":{"@type":"ListItem","@id":"https:\/\/eldigitaldeasturias.com\/magazine365\/valladolid-sera-la-sede-de-la-i-conferencia-espanola-sobre-turismo-cinematografico\/#listItem","name":"Valladolid ser\u00e1 la sede de la I Conferencia Espa\u00f1ola sobre Turismo Cinematogr\u00e1fico"},"previousItem":{"@type":"ListItem","@id":"https:\/\/eldigitaldeasturias.com\/magazine365#listItem","name":"Home"}},{"@type":"ListItem","@id":"https:\/\/eldigitaldeasturias.com\/magazine365\/valladolid-sera-la-sede-de-la-i-conferencia-espanola-sobre-turismo-cinematografico\/#listItem","position":3,"name":"Valladolid ser\u00e1 la sede de la I Conferencia Espa\u00f1ola sobre Turismo Cinematogr\u00e1fico","previousItem":{"@type":"ListItem","@id":"https:\/\/eldigitaldeasturias.com\/magazine365\/category\/noticias-actualidad\/#listItem","name":"Noticias y Actualidad"}}]},{"@type":"Organization","@id":"https:\/\/eldigitaldeasturias.com\/magazine365\/#organization","name":"El digital de Asturias","description":"Revista de ocio, turismo y estilo de vida","url":"https:\/\/eldigitaldeasturias.com\/magazine365\/","logo":{"@type":"ImageObject","url":"https:\/\/www.eldigitaldeasturias.com\/noticias\/wp-content\/uploads\/2020\/12\/EDA.jpg","@id":"https:\/\/eldigitaldeasturias.com\/magazine365\/valladolid-sera-la-sede-de-la-i-conferencia-espanola-sobre-turismo-cinematografico\/#organizationLogo"},"image":{"@id":"https:\/\/eldigitaldeasturias.com\/magazine365\/valladolid-sera-la-sede-de-la-i-conferencia-espanola-sobre-turismo-cinematografico\/#organizationLogo"}},{"@type":"Person","@id":"https:\/\/eldigitaldeasturias.com\/magazine365\/author\/admin\/#author","url":"https:\/\/eldigitaldeasturias.com\/magazine365\/author\/admin\/","name":"admin","image":{"@type":"ImageObject","@id":"https:\/\/eldigitaldeasturias.com\/magazine365\/valladolid-sera-la-sede-de-la-i-conferencia-espanola-sobre-turismo-cinematografico\/#authorImage","url":"https:\/\/eldigitaldeasturias.com\/magazine365\/wp-content\/litespeed\/avatar\/e571bcf59a0edd6fa6838245a470f2fe.jpg?ver=1776969259","width":96,"height":96,"caption":"admin"}},{"@type":"WebPage","@id":"https:\/\/eldigitaldeasturias.com\/magazine365\/valladolid-sera-la-sede-de-la-i-conferencia-espanola-sobre-turismo-cinematografico\/#webpage","url":"https:\/\/eldigitaldeasturias.com\/magazine365\/valladolid-sera-la-sede-de-la-i-conferencia-espanola-sobre-turismo-cinematografico\/","name":"Valladolid ser\u00e1 la sede de la I Conferencia Espa\u00f1ola sobre Turismo Cinematogr\u00e1fico | El Digital de Asturias","description":"Valladolid ser\u00e1 este jueves, 9 de junio, la sede del primer encuentro interprofesional sobre el impacto tur\u00edstico del cine y la televisi\u00f3n en escenarios rodados en Espa\u00f1a, con el patrocinio del Ayuntamiento de Valladolid y la presencia de entidades e instituciones relevantes en el sector del turismo y el audiovisual. Se trata de una jornada","inLanguage":"es-ES","isPartOf":{"@id":"https:\/\/eldigitaldeasturias.com\/magazine365\/#website"},"breadcrumb":{"@id":"https:\/\/eldigitaldeasturias.com\/magazine365\/valladolid-sera-la-sede-de-la-i-conferencia-espanola-sobre-turismo-cinematografico\/#breadcrumblist"},"author":{"@id":"https:\/\/eldigitaldeasturias.com\/magazine365\/author\/admin\/#author"},"creator":{"@id":"https:\/\/eldigitaldeasturias.com\/magazine365\/author\/admin\/#author"},"image":{"@type":"ImageObject","url":"https:\/\/eldigitaldeasturias.com\/magazine365\/wp-content\/uploads\/2016\/06\/fotonoticia_20160608164409_800.jpg","@id":"https:\/\/eldigitaldeasturias.com\/magazine365\/valladolid-sera-la-sede-de-la-i-conferencia-espanola-sobre-turismo-cinematografico\/#mainImage","width":800,"height":554},"primaryImageOfPage":{"@id":"https:\/\/eldigitaldeasturias.com\/magazine365\/valladolid-sera-la-sede-de-la-i-conferencia-espanola-sobre-turismo-cinematografico\/#mainImage"},"datePublished":"2016-06-08T18:14:57+02:00","dateModified":"2016-06-08T18:14:57+02:00"},{"@type":"WebSite","@id":"https:\/\/eldigitaldeasturias.com\/magazine365\/#website","url":"https:\/\/eldigitaldeasturias.com\/magazine365\/","name":"El Digital de Asturias","description":"Revista de ocio, turismo y estilo de vida","inLanguage":"es-ES","publisher":{"@id":"https:\/\/eldigitaldeasturias.com\/magazine365\/#organization"}}]},"og:locale":"es_ES","og:site_name":"El Digital de Asturias \u2013 Revista de ocio, turismo y estilo de vida","og:type":"article","og:title":"Valladolid ser\u00e1 la sede de la I Conferencia Espa\u00f1ola sobre Turismo Cinematogr\u00e1fico | El Digital de Asturias","og:description":"Valladolid ser\u00e1 este jueves, 9 de junio, la sede del primer encuentro interprofesional sobre el impacto tur\u00edstico del cine y la televisi\u00f3n en escenarios rodados en Espa\u00f1a, con el patrocinio del Ayuntamiento de Valladolid y la presencia de entidades e instituciones relevantes en el sector del turismo y el audiovisual. Se trata de una jornada","og:url":"https:\/\/eldigitaldeasturias.com\/magazine365\/valladolid-sera-la-sede-de-la-i-conferencia-espanola-sobre-turismo-cinematografico\/","og:image":"https:\/\/eldigitaldeasturias.com\/magazine365\/wp-content\/uploads\/2016\/06\/fotonoticia_20160608164409_800.jpg","og:image:secure_url":"https:\/\/eldigitaldeasturias.com\/magazine365\/wp-content\/uploads\/2016\/06\/fotonoticia_20160608164409_800.jpg","og:image:width":800,"og:image:height":554,"article:published_time":"2016-06-08T16:14:57+00:00","article:modified_time":"2016-06-08T16:14:57+00:00","twitter:card":"summary_large_image","twitter:title":"Valladolid ser\u00e1 la sede de la I Conferencia Espa\u00f1ola sobre Turismo Cinematogr\u00e1fico | El Digital de Asturias","twitter:description":"Valladolid ser\u00e1 este jueves, 9 de junio, la sede del primer encuentro interprofesional sobre el impacto tur\u00edstico del cine y la televisi\u00f3n en escenarios rodados en Espa\u00f1a, con el patrocinio del Ayuntamiento de Valladolid y la presencia de entidades e instituciones relevantes en el sector del turismo y el audiovisual. Se trata de una jornada","twitter:image":"https:\/\/eldigitaldeasturias.com\/magazine365\/wp-content\/uploads\/2016\/06\/fotonoticia_20160608164409_800.jpg"},"aioseo_meta_data":{"post_id":"78300","title":null,"description":null,"keywords":null,"keyphrases":null,"primary_term":null,"canonical_url":null,"og_title":null,"og_description":null,"og_object_type":"default","og_image_type":"default","og_image_url":null,"og_image_width":null,"og_image_height":null,"og_image_custom_url":null,"og_image_custom_fields":null,"og_video":null,"og_custom_url":null,"og_article_section":null,"og_article_tags":null,"twitter_use_og":false,"twitter_card":"default","twitter_image_type":"default","twitter_image_url":null,"twitter_image_custom_url":null,"twitter_image_custom_fields":null,"twitter_title":null,"twitter_description":null,"schema":{"blockGraphs":[],"customGraphs":[],"default":{"data":{"Article":[],"Course":[],"Dataset":[],"FAQPage":[],"Movie":[],"Person":[],"Product":[],"ProductReview":[],"Car":[],"Recipe":[],"Service":[],"SoftwareApplication":[],"WebPage":[]},"graphName":"","isEnabled":true},"graphs":[],"defaultGraph":"","defaultPostTypeGraph":""},"schema_type":null,"schema_type_options":null,"pillar_content":false,"robots_default":true,"robots_noindex":false,"robots_noarchive":false,"robots_nosnippet":false,"robots_nofollow":false,"robots_noimageindex":false,"robots_noodp":false,"robots_notranslate":false,"robots_max_snippet":null,"robots_max_videopreview":null,"robots_max_imagepreview":"large","priority":null,"frequency":null,"location":null,"local_seo":null,"seo_analyzer_scan_date":"2025-09-27 16:41:17","breadcrumb_settings":null,"limit_modified_date":false,"open_ai":null,"ai":null,"created":"2021-03-08 18:02:52","updated":"2025-09-27 16:41:17"},"aioseo_breadcrumb":"<div class=\"aioseo-breadcrumbs\"><span class=\"aioseo-breadcrumb\">\n\t<a href=\"https:\/\/eldigitaldeasturias.com\/magazine365\" title=\"Home\">Home<\/a>\n<\/span><span class=\"aioseo-breadcrumb-separator\">\u2013<\/span><span class=\"aioseo-breadcrumb\">\n\t<a href=\"https:\/\/eldigitaldeasturias.com\/magazine365\/category\/noticias-actualidad\/\" title=\"Noticias y Actualidad\">Noticias y Actualidad<\/a>\n<\/span><span class=\"aioseo-breadcrumb-separator\">\u2013<\/span><span class=\"aioseo-breadcrumb\">\n\t<a href=\"https:\/\/eldigitaldeasturias.com\/magazine365\/valladolid-sera-la-sede-de-la-i-conferencia-espanola-sobre-turismo-cinematografico\/\" title=\"Valladolid ser\u00e1 la sede de la I Conferencia Espa\u00f1ola sobre Turismo Cinematogr\u00e1fico\">Valladolid ser\u00e1 la sede de la I Conferencia Espa\u00f1ola sobre Turismo Cinematogr\u00e1fico<\/a>\n<\/span><\/div>","aioseo_breadcrumb_json":[{"label":"Home","link":"https:\/\/eldigitaldeasturias.com\/magazine365"},{"label":"Noticias y Actualidad","link":"https:\/\/eldigitaldeasturias.com\/magazine365\/category\/noticias-actualidad\/"},{"label":"Valladolid ser\u00e1 la sede de la I Conferencia Espa\u00f1ola sobre Turismo Cinematogr\u00e1fico","link":"https:\/\/eldigitaldeasturias.com\/magazine365\/valladolid-sera-la-sede-de-la-i-conferencia-espanola-sobre-turismo-cinematografico\/"}],"_links":{"self":[{"href":"https:\/\/eldigitaldeasturias.com\/magazine365\/wp-json\/wp\/v2\/posts\/78300","targetHints":{"allow":["GET"]}}],"collection":[{"href":"https:\/\/eldigitaldeasturias.com\/magazine365\/wp-json\/wp\/v2\/posts"}],"about":[{"href":"https:\/\/eldigitaldeasturias.com\/magazine365\/wp-json\/wp\/v2\/types\/post"}],"author":[{"embeddable":true,"href":"https:\/\/eldigitaldeasturias.com\/magazine365\/wp-json\/wp\/v2\/users\/1"}],"replies":[{"embeddable":true,"href":"https:\/\/eldigitaldeasturias.com\/magazine365\/wp-json\/wp\/v2\/comments?post=78300"}],"version-history":[{"count":0,"href":"https:\/\/eldigitaldeasturias.com\/magazine365\/wp-json\/wp\/v2\/posts\/78300\/revisions"}],"wp:featuredmedia":[{"embeddable":true,"href":"https:\/\/eldigitaldeasturias.com\/magazine365\/wp-json\/wp\/v2\/media\/78301"}],"wp:attachment":[{"href":"https:\/\/eldigitaldeasturias.com\/magazine365\/wp-json\/wp\/v2\/media?parent=78300"}],"wp:term":[{"taxonomy":"category","embeddable":true,"href":"https:\/\/eldigitaldeasturias.com\/magazine365\/wp-json\/wp\/v2\/categories?post=78300"},{"taxonomy":"post_tag","embeddable":true,"href":"https:\/\/eldigitaldeasturias.com\/magazine365\/wp-json\/wp\/v2\/tags?post=78300"}],"curies":[{"name":"wp","href":"https:\/\/api.w.org\/{rel}","templated":true}]}}