{"id":783,"date":"2014-01-12T19:30:44","date_gmt":"2014-01-12T20:30:44","guid":{"rendered":"http:\/\/eldigitaldeasturias.com\/magazine365\/?p=783"},"modified":"2014-01-12T19:30:44","modified_gmt":"2014-01-12T20:30:44","slug":"llega-a-su-destino-44-anos-despues-una-postal-interceptada-por-la-stasi","status":"publish","type":"post","link":"https:\/\/eldigitaldeasturias.com\/magazine365\/llega-a-su-destino-44-anos-despues-una-postal-interceptada-por-la-stasi\/","title":{"rendered":"Llega a su destino 44 a\u00f1os despu\u00e9s una postal interceptada por la Stasi"},"content":{"rendered":"<p><img fetchpriority=\"high\" decoding=\"async\" class=\"alignleft size-medium wp-image-784\" alt=\"5843436w\" src=\"https:\/\/eldigitaldeasturias.com\/magazine365\/wp-content\/uploads\/2014\/01\/5843436w-360x240.jpg\" width=\"360\" height=\"240\" srcset=\"https:\/\/eldigitaldeasturias.com\/magazine365\/wp-content\/uploads\/2014\/01\/5843436w-360x240.jpg 360w, https:\/\/eldigitaldeasturias.com\/magazine365\/wp-content\/uploads\/2014\/01\/5843436w-650x434.jpg 650w, https:\/\/eldigitaldeasturias.com\/magazine365\/wp-content\/uploads\/2014\/01\/5843436w-768x513.jpg 768w, https:\/\/eldigitaldeasturias.com\/magazine365\/wp-content\/uploads\/2014\/01\/5843436w-150x100.jpg 150w, https:\/\/eldigitaldeasturias.com\/magazine365\/wp-content\/uploads\/2014\/01\/5843436w-450x300.jpg 450w, https:\/\/eldigitaldeasturias.com\/magazine365\/wp-content\/uploads\/2014\/01\/5843436w-696x465.jpg 696w, https:\/\/eldigitaldeasturias.com\/magazine365\/wp-content\/uploads\/2014\/01\/5843436w-629x420.jpg 629w, https:\/\/eldigitaldeasturias.com\/magazine365\/wp-content\/uploads\/2014\/01\/5843436w-84x55.jpg 84w, https:\/\/eldigitaldeasturias.com\/magazine365\/wp-content\/uploads\/2014\/01\/5843436w.jpg 800w\" sizes=\"(max-width: 360px) 100vw, 360px\" \/>Berl\u00edn, 12 ene (EFE).- Casi cinco d\u00e9cadas despu\u00e9s de que un estudiante de 18 a\u00f1os de la extinta Rep\u00fablica Democr\u00e1tica de Alemania (RDA) enviara una postal a un programa de radio de Alemania Occidental, la misiva ha llegado a su destino, tras descubrirla el autor entre las actas que redact\u00f3 la Stasi sobre \u00e9l.<\/p>\n<p>La historia ha sido difundida por la emisora de radio regional del Sarre, en el oeste alem\u00e1n, donde ha llegado la postal dirigida al programa de m\u00fasica \u00abEuropawelle Saar\u00bb con la que G\u00fcnter Zettl quer\u00eda participar en un concurso adivinando el t\u00edtulo de una canci\u00f3n de \u00abThe Creation\u00bb, su grupo preferido.<\/p>\n<p>\u00abEs un peque\u00f1o documento de la historia alemana\u00bb explic\u00f3 la emisora, que entregar\u00e1 a Zettl, con 44 a\u00f1os de retraso, el premio al que nunca pudo aspirar al interceptar su postal los servicios de inteligencia de la RDA.<\/p>\n<p>Zettl tuvo constancia fehaciente de que hab\u00eda sido espiado, como miles de habitantes de Alemania Oriental, cuando en 2010 decidi\u00f3 acudir a los archivos de la Stasi.<\/p>\n<p>Con su nombre hab\u00eda hasta sesenta p\u00e1ginas y, entre ellas, la postal que envi\u00f3 al programa de radio, que decidi\u00f3 volver a poner en el buz\u00f3n.<\/p>\n<p>\u00abMala suerte\u00bb, pens\u00f3 en 1969 cuando escuch\u00f3 que su nombre no estaba entre los ganadores del disco de \u00abThe Creation\u00bb; \u00abni en sue\u00f1os habr\u00eda imaginado que el Ministerio de la Seguridad Nacional se podr\u00eda ocupar de cosas tan banales como mi postal\u00bb, apunta hoy.<\/p>\n<p>Como sus amigos, estaba enganchado a la m\u00fasica pop que escuchaba gracias a que su radio de onda media captaba los programas de Alemania Occidental, sin preocuparse de que estuviera mal visto por el r\u00e9gimen y de que su padre, comprometido comunista, le rega\u00f1ara m\u00e1s de una vez.<\/p>\n<p>Pero Zettl no quiere reinventar su biograf\u00eda; no era un opositor al r\u00e9gimen, no ten\u00eda nada que ver con la pol\u00edtica y tampoco era valiente.<\/p>\n<p>Leyendo las actas de la Stasi, ha recordado un tonto incidente juvenil que tuvo con la polic\u00eda y c\u00f3mo \u00e9sta le ofreci\u00f3, para evitar que fuera considerado opositor al r\u00e9gimen y demostrar su lealtad a la RDA, que informara sobre sus amigos y compa\u00f1eros de escuela, qu\u00e9 hac\u00edan, con qui\u00e9n se reun\u00edan o qu\u00e9 radios escuchaban.<\/p>\n<p>Quer\u00edan que engrosara las filas de los \u00abinformantes no oficiales\u00bb, compuestas por miles de ciudadanos que durante a\u00f1os espiaron a sus vecinos, amigos y compa\u00f1eros de trabajo.<\/p>\n<p>Pero hasta su padre le inst\u00f3 a no colaborar, recuerda Zettl. La Stasi no volvi\u00f3 a llamar a su puerta, pero no lo olvid\u00f3.<\/p>\n<p>En las actas guardadas en los archivos de la polic\u00eda pol\u00edtica de la Alemania Oriental est\u00e1 narrada su vida con todo lujo de detalles.<\/p>\n<p>En las elecciones de 1976 no vot\u00f3 y ese hecho complic\u00f3 su carrera: fue despedido de la escuela en la que trabajaba como profesor acusado de no ense\u00f1ar el ideario comunista a los alumnos y, con esa mancha en el curr\u00edculum, pas\u00f3 meses sin trabajo.<\/p>\n<p>En 1983, seis a\u00f1os despu\u00e9s de solicitarlo, fue autorizado a viajar a Alemania Occidental y comenz\u00f3 una nueva vida en Francia, en la Rep\u00fablica Federal de Alemania y en Espa\u00f1a.<\/p>\n<p>En 2010 decidi\u00f3 mirar sus actas en la Stasi y comprob\u00f3 el nombre de las personas que informaron sobre \u00e9l a la polic\u00eda pol\u00edtica, c\u00f3mo \u00e9sta anot\u00f3 cada uno de sus pasos y c\u00f3mo sigui\u00f3 bajo su lupa incluso tras trasladarse al otro lado de la frontera.<\/p>\n<p>Entre los papeles encontr\u00f3 la postal y decidi\u00f3 enviarla a la radio con una nota: \u00abVaya pa\u00eds la RFA, hoy a menudo embellecida\u00bb.<\/p>\n","protected":false},"excerpt":{"rendered":"<p>Berl\u00edn, 12 ene (EFE).- Casi cinco d\u00e9cadas despu\u00e9s de que un estudiante de 18 a\u00f1os de la extinta Rep\u00fablica Democr\u00e1tica de Alemania (RDA) enviara una postal a un programa de radio de Alemania Occidental, la misiva ha llegado a su destino, tras descubrirla el autor entre las actas que redact\u00f3 la Stasi sobre \u00e9l. La<\/p>\n","protected":false},"author":1,"featured_media":784,"comment_status":"open","ping_status":"open","sticky":false,"template":"","format":"standard","meta":{"footnotes":""},"categories":[224],"tags":[],"class_list":{"0":"post-783","1":"post","2":"type-post","3":"status-publish","4":"format-standard","5":"has-post-thumbnail","7":"category-noticias-actualidad"},"aioseo_notices":[],"aioseo_head":"\n\t\t<!-- All in One SEO Pro 4.9.6.1 - aioseo.com -->\n\t<meta name=\"description\" content=\"Berl\u00edn, 12 ene (EFE).- Casi cinco d\u00e9cadas despu\u00e9s de que un estudiante de 18 a\u00f1os de la extinta Rep\u00fablica Democr\u00e1tica de Alemania (RDA) enviara una postal a un programa de radio de Alemania Occidental, la misiva ha llegado a su destino, tras descubrirla el autor entre las actas que redact\u00f3 la Stasi sobre \u00e9l. La\" \/>\n\t<meta name=\"robots\" content=\"max-image-preview:large\" \/>\n\t<meta name=\"author\" content=\"admin\"\/>\n\t<meta name=\"google-site-verification\" content=\"UA-38556648-1\" \/>\n\t<meta name=\"keywords\" content=\"noticias y actualidad\" \/>\n\t<link rel=\"canonical\" href=\"https:\/\/eldigitaldeasturias.com\/magazine365\/llega-a-su-destino-44-anos-despues-una-postal-interceptada-por-la-stasi\/\" \/>\n\t<meta name=\"generator\" content=\"All in One SEO Pro (AIOSEO) 4.9.6.1\" \/>\n\t\t<meta property=\"og:locale\" content=\"es_ES\" \/>\n\t\t<meta property=\"og:site_name\" content=\"El Digital de Asturias \u2013 Revista de ocio, turismo y estilo de vida\" \/>\n\t\t<meta property=\"og:type\" content=\"article\" \/>\n\t\t<meta property=\"og:title\" content=\"Llega a su destino 44 a\u00f1os despu\u00e9s una postal interceptada por la Stasi | El Digital de Asturias\" \/>\n\t\t<meta property=\"og:description\" content=\"Berl\u00edn, 12 ene (EFE).- Casi cinco d\u00e9cadas despu\u00e9s de que un estudiante de 18 a\u00f1os de la extinta Rep\u00fablica Democr\u00e1tica de Alemania (RDA) enviara una postal a un programa de radio de Alemania Occidental, la misiva ha llegado a su destino, tras descubrirla el autor entre las actas que redact\u00f3 la Stasi sobre \u00e9l. La\" \/>\n\t\t<meta property=\"og:url\" content=\"https:\/\/eldigitaldeasturias.com\/magazine365\/llega-a-su-destino-44-anos-despues-una-postal-interceptada-por-la-stasi\/\" \/>\n\t\t<meta property=\"og:image\" content=\"https:\/\/eldigitaldeasturias.com\/magazine365\/wp-content\/uploads\/2014\/01\/5843436w.jpg\" \/>\n\t\t<meta property=\"og:image:secure_url\" content=\"https:\/\/eldigitaldeasturias.com\/magazine365\/wp-content\/uploads\/2014\/01\/5843436w.jpg\" \/>\n\t\t<meta property=\"og:image:width\" content=\"800\" \/>\n\t\t<meta property=\"og:image:height\" content=\"534\" \/>\n\t\t<meta property=\"article:published_time\" content=\"2014-01-12T20:30:44+00:00\" \/>\n\t\t<meta property=\"article:modified_time\" content=\"2014-01-12T20:30:44+00:00\" \/>\n\t\t<meta name=\"twitter:card\" content=\"summary_large_image\" \/>\n\t\t<meta name=\"twitter:title\" content=\"Llega a su destino 44 a\u00f1os despu\u00e9s una postal interceptada por la Stasi | El Digital de Asturias\" \/>\n\t\t<meta name=\"twitter:description\" content=\"Berl\u00edn, 12 ene (EFE).- Casi cinco d\u00e9cadas despu\u00e9s de que un estudiante de 18 a\u00f1os de la extinta Rep\u00fablica Democr\u00e1tica de Alemania (RDA) enviara una postal a un programa de radio de Alemania Occidental, la misiva ha llegado a su destino, tras descubrirla el autor entre las actas que redact\u00f3 la Stasi sobre \u00e9l. La\" \/>\n\t\t<meta name=\"twitter:image\" content=\"https:\/\/eldigitaldeasturias.com\/magazine365\/wp-content\/uploads\/2014\/01\/5843436w.jpg\" \/>\n\t\t<script type=\"application\/ld+json\" class=\"aioseo-schema\">\n\t\t\t{\"@context\":\"https:\\\/\\\/schema.org\",\"@graph\":[{\"@type\":\"Article\",\"@id\":\"https:\\\/\\\/eldigitaldeasturias.com\\\/magazine365\\\/llega-a-su-destino-44-anos-despues-una-postal-interceptada-por-la-stasi\\\/#article\",\"name\":\"Llega a su destino 44 a\\u00f1os despu\\u00e9s una postal interceptada por la Stasi | El Digital de Asturias\",\"headline\":\"Llega a su destino 44 a\\u00f1os despu\\u00e9s una postal interceptada por la Stasi\",\"author\":{\"@id\":\"https:\\\/\\\/eldigitaldeasturias.com\\\/magazine365\\\/author\\\/admin\\\/#author\"},\"publisher\":{\"@id\":\"https:\\\/\\\/eldigitaldeasturias.com\\\/magazine365\\\/#organization\"},\"image\":{\"@type\":\"ImageObject\",\"url\":\"https:\\\/\\\/eldigitaldeasturias.com\\\/magazine365\\\/wp-content\\\/uploads\\\/2014\\\/01\\\/5843436w.jpg\",\"width\":800,\"height\":534},\"datePublished\":\"2014-01-12T19:30:44+01:00\",\"dateModified\":\"2014-01-12T19:30:44+01:00\",\"inLanguage\":\"es-ES\",\"mainEntityOfPage\":{\"@id\":\"https:\\\/\\\/eldigitaldeasturias.com\\\/magazine365\\\/llega-a-su-destino-44-anos-despues-una-postal-interceptada-por-la-stasi\\\/#webpage\"},\"isPartOf\":{\"@id\":\"https:\\\/\\\/eldigitaldeasturias.com\\\/magazine365\\\/llega-a-su-destino-44-anos-despues-una-postal-interceptada-por-la-stasi\\\/#webpage\"},\"articleSection\":\"Noticias y Actualidad\"},{\"@type\":\"BreadcrumbList\",\"@id\":\"https:\\\/\\\/eldigitaldeasturias.com\\\/magazine365\\\/llega-a-su-destino-44-anos-despues-una-postal-interceptada-por-la-stasi\\\/#breadcrumblist\",\"itemListElement\":[{\"@type\":\"ListItem\",\"@id\":\"https:\\\/\\\/eldigitaldeasturias.com\\\/magazine365#listItem\",\"position\":1,\"name\":\"Home\",\"item\":\"https:\\\/\\\/eldigitaldeasturias.com\\\/magazine365\",\"nextItem\":{\"@type\":\"ListItem\",\"@id\":\"https:\\\/\\\/eldigitaldeasturias.com\\\/magazine365\\\/category\\\/noticias-actualidad\\\/#listItem\",\"name\":\"Noticias y Actualidad\"}},{\"@type\":\"ListItem\",\"@id\":\"https:\\\/\\\/eldigitaldeasturias.com\\\/magazine365\\\/category\\\/noticias-actualidad\\\/#listItem\",\"position\":2,\"name\":\"Noticias y Actualidad\",\"item\":\"https:\\\/\\\/eldigitaldeasturias.com\\\/magazine365\\\/category\\\/noticias-actualidad\\\/\",\"nextItem\":{\"@type\":\"ListItem\",\"@id\":\"https:\\\/\\\/eldigitaldeasturias.com\\\/magazine365\\\/llega-a-su-destino-44-anos-despues-una-postal-interceptada-por-la-stasi\\\/#listItem\",\"name\":\"Llega a su destino 44 a\\u00f1os despu\\u00e9s una postal interceptada por la Stasi\"},\"previousItem\":{\"@type\":\"ListItem\",\"@id\":\"https:\\\/\\\/eldigitaldeasturias.com\\\/magazine365#listItem\",\"name\":\"Home\"}},{\"@type\":\"ListItem\",\"@id\":\"https:\\\/\\\/eldigitaldeasturias.com\\\/magazine365\\\/llega-a-su-destino-44-anos-despues-una-postal-interceptada-por-la-stasi\\\/#listItem\",\"position\":3,\"name\":\"Llega a su destino 44 a\\u00f1os despu\\u00e9s una postal interceptada por la Stasi\",\"previousItem\":{\"@type\":\"ListItem\",\"@id\":\"https:\\\/\\\/eldigitaldeasturias.com\\\/magazine365\\\/category\\\/noticias-actualidad\\\/#listItem\",\"name\":\"Noticias y Actualidad\"}}]},{\"@type\":\"Organization\",\"@id\":\"https:\\\/\\\/eldigitaldeasturias.com\\\/magazine365\\\/#organization\",\"name\":\"El digital de Asturias\",\"description\":\"Revista de ocio, turismo y estilo de vida\",\"url\":\"https:\\\/\\\/eldigitaldeasturias.com\\\/magazine365\\\/\",\"logo\":{\"@type\":\"ImageObject\",\"url\":\"https:\\\/\\\/www.eldigitaldeasturias.com\\\/noticias\\\/wp-content\\\/uploads\\\/2020\\\/12\\\/EDA.jpg\",\"@id\":\"https:\\\/\\\/eldigitaldeasturias.com\\\/magazine365\\\/llega-a-su-destino-44-anos-despues-una-postal-interceptada-por-la-stasi\\\/#organizationLogo\"},\"image\":{\"@id\":\"https:\\\/\\\/eldigitaldeasturias.com\\\/magazine365\\\/llega-a-su-destino-44-anos-despues-una-postal-interceptada-por-la-stasi\\\/#organizationLogo\"}},{\"@type\":\"Person\",\"@id\":\"https:\\\/\\\/eldigitaldeasturias.com\\\/magazine365\\\/author\\\/admin\\\/#author\",\"url\":\"https:\\\/\\\/eldigitaldeasturias.com\\\/magazine365\\\/author\\\/admin\\\/\",\"name\":\"admin\",\"image\":{\"@type\":\"ImageObject\",\"@id\":\"https:\\\/\\\/eldigitaldeasturias.com\\\/magazine365\\\/llega-a-su-destino-44-anos-despues-una-postal-interceptada-por-la-stasi\\\/#authorImage\",\"url\":\"https:\\\/\\\/eldigitaldeasturias.com\\\/magazine365\\\/wp-content\\\/litespeed\\\/avatar\\\/e571bcf59a0edd6fa6838245a470f2fe.jpg?ver=1776969259\",\"width\":96,\"height\":96,\"caption\":\"admin\"}},{\"@type\":\"WebPage\",\"@id\":\"https:\\\/\\\/eldigitaldeasturias.com\\\/magazine365\\\/llega-a-su-destino-44-anos-despues-una-postal-interceptada-por-la-stasi\\\/#webpage\",\"url\":\"https:\\\/\\\/eldigitaldeasturias.com\\\/magazine365\\\/llega-a-su-destino-44-anos-despues-una-postal-interceptada-por-la-stasi\\\/\",\"name\":\"Llega a su destino 44 a\\u00f1os despu\\u00e9s una postal interceptada por la Stasi | El Digital de Asturias\",\"description\":\"Berl\\u00edn, 12 ene (EFE).- Casi cinco d\\u00e9cadas despu\\u00e9s de que un estudiante de 18 a\\u00f1os de la extinta Rep\\u00fablica Democr\\u00e1tica de Alemania (RDA) enviara una postal a un programa de radio de Alemania Occidental, la misiva ha llegado a su destino, tras descubrirla el autor entre las actas que redact\\u00f3 la Stasi sobre \\u00e9l. La\",\"inLanguage\":\"es-ES\",\"isPartOf\":{\"@id\":\"https:\\\/\\\/eldigitaldeasturias.com\\\/magazine365\\\/#website\"},\"breadcrumb\":{\"@id\":\"https:\\\/\\\/eldigitaldeasturias.com\\\/magazine365\\\/llega-a-su-destino-44-anos-despues-una-postal-interceptada-por-la-stasi\\\/#breadcrumblist\"},\"author\":{\"@id\":\"https:\\\/\\\/eldigitaldeasturias.com\\\/magazine365\\\/author\\\/admin\\\/#author\"},\"creator\":{\"@id\":\"https:\\\/\\\/eldigitaldeasturias.com\\\/magazine365\\\/author\\\/admin\\\/#author\"},\"image\":{\"@type\":\"ImageObject\",\"url\":\"https:\\\/\\\/eldigitaldeasturias.com\\\/magazine365\\\/wp-content\\\/uploads\\\/2014\\\/01\\\/5843436w.jpg\",\"@id\":\"https:\\\/\\\/eldigitaldeasturias.com\\\/magazine365\\\/llega-a-su-destino-44-anos-despues-una-postal-interceptada-por-la-stasi\\\/#mainImage\",\"width\":800,\"height\":534},\"primaryImageOfPage\":{\"@id\":\"https:\\\/\\\/eldigitaldeasturias.com\\\/magazine365\\\/llega-a-su-destino-44-anos-despues-una-postal-interceptada-por-la-stasi\\\/#mainImage\"},\"datePublished\":\"2014-01-12T19:30:44+01:00\",\"dateModified\":\"2014-01-12T19:30:44+01:00\"},{\"@type\":\"WebSite\",\"@id\":\"https:\\\/\\\/eldigitaldeasturias.com\\\/magazine365\\\/#website\",\"url\":\"https:\\\/\\\/eldigitaldeasturias.com\\\/magazine365\\\/\",\"name\":\"El Digital de Asturias\",\"description\":\"Revista de ocio, turismo y estilo de vida\",\"inLanguage\":\"es-ES\",\"publisher\":{\"@id\":\"https:\\\/\\\/eldigitaldeasturias.com\\\/magazine365\\\/#organization\"}}]}\n\t\t<\/script>\n\t\t<!-- All in One SEO Pro -->\r\n\t\t<title>Llega a su destino 44 a\u00f1os despu\u00e9s una postal interceptada por la Stasi | El Digital de Asturias<\/title>\n\n","aioseo_head_json":{"title":"Llega a su destino 44 a\u00f1os despu\u00e9s una postal interceptada por la Stasi | El Digital de Asturias","description":"Berl\u00edn, 12 ene (EFE).- Casi cinco d\u00e9cadas despu\u00e9s de que un estudiante de 18 a\u00f1os de la extinta Rep\u00fablica Democr\u00e1tica de Alemania (RDA) enviara una postal a un programa de radio de Alemania Occidental, la misiva ha llegado a su destino, tras descubrirla el autor entre las actas que redact\u00f3 la Stasi sobre \u00e9l. La","canonical_url":"https:\/\/eldigitaldeasturias.com\/magazine365\/llega-a-su-destino-44-anos-despues-una-postal-interceptada-por-la-stasi\/","robots":"max-image-preview:large","keywords":"noticias y actualidad","webmasterTools":{"google-site-verification":"UA-38556648-1","miscellaneous":""},"schema":{"@context":"https:\/\/schema.org","@graph":[{"@type":"Article","@id":"https:\/\/eldigitaldeasturias.com\/magazine365\/llega-a-su-destino-44-anos-despues-una-postal-interceptada-por-la-stasi\/#article","name":"Llega a su destino 44 a\u00f1os despu\u00e9s una postal interceptada por la Stasi | El Digital de Asturias","headline":"Llega a su destino 44 a\u00f1os despu\u00e9s una postal interceptada por la Stasi","author":{"@id":"https:\/\/eldigitaldeasturias.com\/magazine365\/author\/admin\/#author"},"publisher":{"@id":"https:\/\/eldigitaldeasturias.com\/magazine365\/#organization"},"image":{"@type":"ImageObject","url":"https:\/\/eldigitaldeasturias.com\/magazine365\/wp-content\/uploads\/2014\/01\/5843436w.jpg","width":800,"height":534},"datePublished":"2014-01-12T19:30:44+01:00","dateModified":"2014-01-12T19:30:44+01:00","inLanguage":"es-ES","mainEntityOfPage":{"@id":"https:\/\/eldigitaldeasturias.com\/magazine365\/llega-a-su-destino-44-anos-despues-una-postal-interceptada-por-la-stasi\/#webpage"},"isPartOf":{"@id":"https:\/\/eldigitaldeasturias.com\/magazine365\/llega-a-su-destino-44-anos-despues-una-postal-interceptada-por-la-stasi\/#webpage"},"articleSection":"Noticias y Actualidad"},{"@type":"BreadcrumbList","@id":"https:\/\/eldigitaldeasturias.com\/magazine365\/llega-a-su-destino-44-anos-despues-una-postal-interceptada-por-la-stasi\/#breadcrumblist","itemListElement":[{"@type":"ListItem","@id":"https:\/\/eldigitaldeasturias.com\/magazine365#listItem","position":1,"name":"Home","item":"https:\/\/eldigitaldeasturias.com\/magazine365","nextItem":{"@type":"ListItem","@id":"https:\/\/eldigitaldeasturias.com\/magazine365\/category\/noticias-actualidad\/#listItem","name":"Noticias y Actualidad"}},{"@type":"ListItem","@id":"https:\/\/eldigitaldeasturias.com\/magazine365\/category\/noticias-actualidad\/#listItem","position":2,"name":"Noticias y Actualidad","item":"https:\/\/eldigitaldeasturias.com\/magazine365\/category\/noticias-actualidad\/","nextItem":{"@type":"ListItem","@id":"https:\/\/eldigitaldeasturias.com\/magazine365\/llega-a-su-destino-44-anos-despues-una-postal-interceptada-por-la-stasi\/#listItem","name":"Llega a su destino 44 a\u00f1os despu\u00e9s una postal interceptada por la Stasi"},"previousItem":{"@type":"ListItem","@id":"https:\/\/eldigitaldeasturias.com\/magazine365#listItem","name":"Home"}},{"@type":"ListItem","@id":"https:\/\/eldigitaldeasturias.com\/magazine365\/llega-a-su-destino-44-anos-despues-una-postal-interceptada-por-la-stasi\/#listItem","position":3,"name":"Llega a su destino 44 a\u00f1os despu\u00e9s una postal interceptada por la Stasi","previousItem":{"@type":"ListItem","@id":"https:\/\/eldigitaldeasturias.com\/magazine365\/category\/noticias-actualidad\/#listItem","name":"Noticias y Actualidad"}}]},{"@type":"Organization","@id":"https:\/\/eldigitaldeasturias.com\/magazine365\/#organization","name":"El digital de Asturias","description":"Revista de ocio, turismo y estilo de vida","url":"https:\/\/eldigitaldeasturias.com\/magazine365\/","logo":{"@type":"ImageObject","url":"https:\/\/www.eldigitaldeasturias.com\/noticias\/wp-content\/uploads\/2020\/12\/EDA.jpg","@id":"https:\/\/eldigitaldeasturias.com\/magazine365\/llega-a-su-destino-44-anos-despues-una-postal-interceptada-por-la-stasi\/#organizationLogo"},"image":{"@id":"https:\/\/eldigitaldeasturias.com\/magazine365\/llega-a-su-destino-44-anos-despues-una-postal-interceptada-por-la-stasi\/#organizationLogo"}},{"@type":"Person","@id":"https:\/\/eldigitaldeasturias.com\/magazine365\/author\/admin\/#author","url":"https:\/\/eldigitaldeasturias.com\/magazine365\/author\/admin\/","name":"admin","image":{"@type":"ImageObject","@id":"https:\/\/eldigitaldeasturias.com\/magazine365\/llega-a-su-destino-44-anos-despues-una-postal-interceptada-por-la-stasi\/#authorImage","url":"https:\/\/eldigitaldeasturias.com\/magazine365\/wp-content\/litespeed\/avatar\/e571bcf59a0edd6fa6838245a470f2fe.jpg?ver=1776969259","width":96,"height":96,"caption":"admin"}},{"@type":"WebPage","@id":"https:\/\/eldigitaldeasturias.com\/magazine365\/llega-a-su-destino-44-anos-despues-una-postal-interceptada-por-la-stasi\/#webpage","url":"https:\/\/eldigitaldeasturias.com\/magazine365\/llega-a-su-destino-44-anos-despues-una-postal-interceptada-por-la-stasi\/","name":"Llega a su destino 44 a\u00f1os despu\u00e9s una postal interceptada por la Stasi | El Digital de Asturias","description":"Berl\u00edn, 12 ene (EFE).- Casi cinco d\u00e9cadas despu\u00e9s de que un estudiante de 18 a\u00f1os de la extinta Rep\u00fablica Democr\u00e1tica de Alemania (RDA) enviara una postal a un programa de radio de Alemania Occidental, la misiva ha llegado a su destino, tras descubrirla el autor entre las actas que redact\u00f3 la Stasi sobre \u00e9l. La","inLanguage":"es-ES","isPartOf":{"@id":"https:\/\/eldigitaldeasturias.com\/magazine365\/#website"},"breadcrumb":{"@id":"https:\/\/eldigitaldeasturias.com\/magazine365\/llega-a-su-destino-44-anos-despues-una-postal-interceptada-por-la-stasi\/#breadcrumblist"},"author":{"@id":"https:\/\/eldigitaldeasturias.com\/magazine365\/author\/admin\/#author"},"creator":{"@id":"https:\/\/eldigitaldeasturias.com\/magazine365\/author\/admin\/#author"},"image":{"@type":"ImageObject","url":"https:\/\/eldigitaldeasturias.com\/magazine365\/wp-content\/uploads\/2014\/01\/5843436w.jpg","@id":"https:\/\/eldigitaldeasturias.com\/magazine365\/llega-a-su-destino-44-anos-despues-una-postal-interceptada-por-la-stasi\/#mainImage","width":800,"height":534},"primaryImageOfPage":{"@id":"https:\/\/eldigitaldeasturias.com\/magazine365\/llega-a-su-destino-44-anos-despues-una-postal-interceptada-por-la-stasi\/#mainImage"},"datePublished":"2014-01-12T19:30:44+01:00","dateModified":"2014-01-12T19:30:44+01:00"},{"@type":"WebSite","@id":"https:\/\/eldigitaldeasturias.com\/magazine365\/#website","url":"https:\/\/eldigitaldeasturias.com\/magazine365\/","name":"El Digital de Asturias","description":"Revista de ocio, turismo y estilo de vida","inLanguage":"es-ES","publisher":{"@id":"https:\/\/eldigitaldeasturias.com\/magazine365\/#organization"}}]},"og:locale":"es_ES","og:site_name":"El Digital de Asturias \u2013 Revista de ocio, turismo y estilo de vida","og:type":"article","og:title":"Llega a su destino 44 a\u00f1os despu\u00e9s una postal interceptada por la Stasi | El Digital de Asturias","og:description":"Berl\u00edn, 12 ene (EFE).- Casi cinco d\u00e9cadas despu\u00e9s de que un estudiante de 18 a\u00f1os de la extinta Rep\u00fablica Democr\u00e1tica de Alemania (RDA) enviara una postal a un programa de radio de Alemania Occidental, la misiva ha llegado a su destino, tras descubrirla el autor entre las actas que redact\u00f3 la Stasi sobre \u00e9l. La","og:url":"https:\/\/eldigitaldeasturias.com\/magazine365\/llega-a-su-destino-44-anos-despues-una-postal-interceptada-por-la-stasi\/","og:image":"https:\/\/eldigitaldeasturias.com\/magazine365\/wp-content\/uploads\/2014\/01\/5843436w.jpg","og:image:secure_url":"https:\/\/eldigitaldeasturias.com\/magazine365\/wp-content\/uploads\/2014\/01\/5843436w.jpg","og:image:width":800,"og:image:height":534,"article:published_time":"2014-01-12T20:30:44+00:00","article:modified_time":"2014-01-12T20:30:44+00:00","twitter:card":"summary_large_image","twitter:title":"Llega a su destino 44 a\u00f1os despu\u00e9s una postal interceptada por la Stasi | El Digital de Asturias","twitter:description":"Berl\u00edn, 12 ene (EFE).- Casi cinco d\u00e9cadas despu\u00e9s de que un estudiante de 18 a\u00f1os de la extinta Rep\u00fablica Democr\u00e1tica de Alemania (RDA) enviara una postal a un programa de radio de Alemania Occidental, la misiva ha llegado a su destino, tras descubrirla el autor entre las actas que redact\u00f3 la Stasi sobre \u00e9l. La","twitter:image":"https:\/\/eldigitaldeasturias.com\/magazine365\/wp-content\/uploads\/2014\/01\/5843436w.jpg"},"aioseo_meta_data":{"post_id":"783","title":null,"description":null,"keywords":null,"keyphrases":null,"primary_term":null,"canonical_url":null,"og_title":null,"og_description":null,"og_object_type":"default","og_image_type":"default","og_image_url":null,"og_image_width":null,"og_image_height":null,"og_image_custom_url":null,"og_image_custom_fields":null,"og_video":null,"og_custom_url":null,"og_article_section":null,"og_article_tags":null,"twitter_use_og":false,"twitter_card":"default","twitter_image_type":"default","twitter_image_url":null,"twitter_image_custom_url":null,"twitter_image_custom_fields":null,"twitter_title":null,"twitter_description":null,"schema":{"blockGraphs":[],"customGraphs":[],"default":{"data":{"Article":[],"Course":[],"Dataset":[],"FAQPage":[],"Movie":[],"Person":[],"Product":[],"ProductReview":[],"Car":[],"Recipe":[],"Service":[],"SoftwareApplication":[],"WebPage":[]},"graphName":"","isEnabled":true},"graphs":[],"defaultGraph":"","defaultPostTypeGraph":""},"schema_type":null,"schema_type_options":null,"pillar_content":false,"robots_default":true,"robots_noindex":false,"robots_noarchive":false,"robots_nosnippet":false,"robots_nofollow":false,"robots_noimageindex":false,"robots_noodp":false,"robots_notranslate":false,"robots_max_snippet":null,"robots_max_videopreview":null,"robots_max_imagepreview":"large","priority":null,"frequency":null,"location":null,"local_seo":null,"seo_analyzer_scan_date":"2025-09-16 08:11:01","breadcrumb_settings":null,"limit_modified_date":false,"open_ai":null,"ai":null,"created":"2020-12-21 13:34:35","updated":"2025-09-16 08:11:01"},"aioseo_breadcrumb":"<div class=\"aioseo-breadcrumbs\"><span class=\"aioseo-breadcrumb\">\n\t<a href=\"https:\/\/eldigitaldeasturias.com\/magazine365\" title=\"Home\">Home<\/a>\n<\/span><span class=\"aioseo-breadcrumb-separator\">\u2013<\/span><span class=\"aioseo-breadcrumb\">\n\t<a href=\"https:\/\/eldigitaldeasturias.com\/magazine365\/category\/noticias-actualidad\/\" title=\"Noticias y Actualidad\">Noticias y Actualidad<\/a>\n<\/span><span class=\"aioseo-breadcrumb-separator\">\u2013<\/span><span class=\"aioseo-breadcrumb\">\n\t<a href=\"https:\/\/eldigitaldeasturias.com\/magazine365\/llega-a-su-destino-44-anos-despues-una-postal-interceptada-por-la-stasi\/\" title=\"Llega a su destino 44 a\u00f1os despu\u00e9s una postal interceptada por la Stasi\">Llega a su destino 44 a\u00f1os despu\u00e9s una postal interceptada por la Stasi<\/a>\n<\/span><\/div>","aioseo_breadcrumb_json":[{"label":"Home","link":"https:\/\/eldigitaldeasturias.com\/magazine365"},{"label":"Noticias y Actualidad","link":"https:\/\/eldigitaldeasturias.com\/magazine365\/category\/noticias-actualidad\/"},{"label":"Llega a su destino 44 a\u00f1os despu\u00e9s una postal interceptada por la Stasi","link":"https:\/\/eldigitaldeasturias.com\/magazine365\/llega-a-su-destino-44-anos-despues-una-postal-interceptada-por-la-stasi\/"}],"_links":{"self":[{"href":"https:\/\/eldigitaldeasturias.com\/magazine365\/wp-json\/wp\/v2\/posts\/783","targetHints":{"allow":["GET"]}}],"collection":[{"href":"https:\/\/eldigitaldeasturias.com\/magazine365\/wp-json\/wp\/v2\/posts"}],"about":[{"href":"https:\/\/eldigitaldeasturias.com\/magazine365\/wp-json\/wp\/v2\/types\/post"}],"author":[{"embeddable":true,"href":"https:\/\/eldigitaldeasturias.com\/magazine365\/wp-json\/wp\/v2\/users\/1"}],"replies":[{"embeddable":true,"href":"https:\/\/eldigitaldeasturias.com\/magazine365\/wp-json\/wp\/v2\/comments?post=783"}],"version-history":[{"count":0,"href":"https:\/\/eldigitaldeasturias.com\/magazine365\/wp-json\/wp\/v2\/posts\/783\/revisions"}],"wp:featuredmedia":[{"embeddable":true,"href":"https:\/\/eldigitaldeasturias.com\/magazine365\/wp-json\/wp\/v2\/media\/784"}],"wp:attachment":[{"href":"https:\/\/eldigitaldeasturias.com\/magazine365\/wp-json\/wp\/v2\/media?parent=783"}],"wp:term":[{"taxonomy":"category","embeddable":true,"href":"https:\/\/eldigitaldeasturias.com\/magazine365\/wp-json\/wp\/v2\/categories?post=783"},{"taxonomy":"post_tag","embeddable":true,"href":"https:\/\/eldigitaldeasturias.com\/magazine365\/wp-json\/wp\/v2\/tags?post=783"}],"curies":[{"name":"wp","href":"https:\/\/api.w.org\/{rel}","templated":true}]}}