{"id":78289,"date":"2016-06-08T18:10:44","date_gmt":"2016-06-08T16:10:44","guid":{"rendered":"http:\/\/eldigitaldeasturias.com\/magazine365\/?p=78289"},"modified":"2016-06-08T18:10:44","modified_gmt":"2016-06-08T16:10:44","slug":"se-celebra-en-merida-la-iii-edicion-de-la-ruta-de-la-tapa-romana","status":"publish","type":"post","link":"https:\/\/eldigitaldeasturias.com\/magazine365\/se-celebra-en-merida-la-iii-edicion-de-la-ruta-de-la-tapa-romana\/","title":{"rendered":"Se celebra en M\u00e9rida la III edici\u00f3n de la ruta de la tapa romana"},"content":{"rendered":"<p><img fetchpriority=\"high\" decoding=\"async\" class=\"alignleft size-medium wp-image-78290\" src=\"https:\/\/eldigitaldeasturias.com\/magazine365\/wp-content\/uploads\/2016\/06\/fotonoticia_20160608145941_800-360x257.jpg\" alt=\"fotonoticia_20160608145941_800\" width=\"360\" height=\"257\" srcset=\"https:\/\/eldigitaldeasturias.com\/magazine365\/wp-content\/uploads\/2016\/06\/fotonoticia_20160608145941_800-360x257.jpg 360w, https:\/\/eldigitaldeasturias.com\/magazine365\/wp-content\/uploads\/2016\/06\/fotonoticia_20160608145941_800-650x463.jpg 650w, https:\/\/eldigitaldeasturias.com\/magazine365\/wp-content\/uploads\/2016\/06\/fotonoticia_20160608145941_800-768x547.jpg 768w, https:\/\/eldigitaldeasturias.com\/magazine365\/wp-content\/uploads\/2016\/06\/fotonoticia_20160608145941_800-150x107.jpg 150w, https:\/\/eldigitaldeasturias.com\/magazine365\/wp-content\/uploads\/2016\/06\/fotonoticia_20160608145941_800-450x321.jpg 450w, https:\/\/eldigitaldeasturias.com\/magazine365\/wp-content\/uploads\/2016\/06\/fotonoticia_20160608145941_800.jpg 800w\" sizes=\"(max-width: 360px) 100vw, 360px\" \/>La tercera edici\u00f3n de la ruta de la tapa romana Sentia Amarantis de M\u00e9rida, que se celebrar\u00e1 desde este jueves, 9 de junio, al pr\u00f3ximo domingo, dentro de las actividades de Emerita Ludica, contar\u00e1 con la participaci\u00f3n de diecisiete taper\u00edas y restaurantes.<\/p>\n<p>Organizada con motivo de la Capitalidad Iberoamericana de la Cultura Gastron\u00f3mica, este a\u00f1o como novedad la ruta de la tapa romana ha contado con un concurso en la Escuela de Hosteler\u00eda de M\u00e9rida, el pasado 2 de junio, el jurado ha propuesto las tres mejores tapas ha resaltado el delegado de Turismo, Pedro Blas Vadillo.<\/p>\n<p>Este jurado contaba con miembros de la Academia Extreme\u00f1a de Gastronom\u00eda, la Cofrad\u00eda Extreme\u00f1a de Gastronom\u00eda, la propia Escuela Superior de Hosteler\u00eda de M\u00e9rida, la Direcci\u00f3n General de Turismo, el Museo Nacional de Arte Romano y el ayuntamiento emeritense.<\/p>\n<p>El resultado se conocer\u00e1 el pr\u00f3ximo domingo 12 de junio a partir de las 22,30 horas en el Templo de Diana, seg\u00fan ha informado el Ayuntamiento de M\u00e9rida en una nota de prensa.<\/p>\n<p>Adem\u00e1s, se ha editado por primera vez un d\u00edptico donde se recogen las tapas, fotograf\u00edas y direcciones de los establecimientos y planos.<br \/>\nEn esta edici\u00f3n participan 17 establecimientos ambientados en la \u00e9poca romana y con tapas de calidad a un precio m\u00e1ximo de 2,50 euros por unidad.<\/p>\n<p>Los establecimientos participantes son A de Arco, Trece Uvas, De Portugal +QBacalao, Vino &amp; Arte, Trasiego, La Carboner\u00eda, T\u00e1bula Calda, el Parador Nacional de Turismo, Mes\u00f3n el Lebrel, Serendipity, Artesanos Roco, V\u00eda de la Plata, Sagasta 9, Malacca, Fusiona Gastrobar, Dehesa del Cast\u00fao y Dehesa del Cast\u00fao Museo Abierto de M\u00e9rida (MAM).<\/p>\n<p>Asimismo, tal y como ha avanzado el concejal de Turismo, Pedro Blas Vadillo, durante la celebraci\u00f3n de Emerita Ludica se complementar\u00e1 la oferta gastron\u00f3mica con men\u00fas romanos a \u00abprecios populares\u00bb en las tabernas que se van a ubicar en el Templo de Diana.<\/p>\n<p>A la iniciativa se han sumado establecimientos hoteleros y pubs de la ciudad ambientando sus estancias, de modo que se otorgar\u00e1 un premio a la Mejor Estancia Ambientada y otro a la Mejor ambientaci\u00f3n nocturna como apoyo a esta edici\u00f3n de Emerita Ludica.<\/p>\n","protected":false},"excerpt":{"rendered":"<p>La tercera edici\u00f3n de la ruta de la tapa romana Sentia Amarantis de M\u00e9rida, que se celebrar\u00e1 desde este jueves, 9 de junio, al pr\u00f3ximo domingo, dentro de las actividades de Emerita Ludica, contar\u00e1 con la participaci\u00f3n de diecisiete taper\u00edas y restaurantes. Organizada con motivo de la Capitalidad Iberoamericana de la Cultura Gastron\u00f3mica, este a\u00f1o<\/p>\n","protected":false},"author":1,"featured_media":78290,"comment_status":"open","ping_status":"closed","sticky":false,"template":"","format":"standard","meta":{"footnotes":""},"categories":[224],"tags":[],"class_list":{"0":"post-78289","1":"post","2":"type-post","3":"status-publish","4":"format-standard","5":"has-post-thumbnail","7":"category-noticias-actualidad"},"aioseo_notices":[],"aioseo_head":"\n\t\t<!-- All in One SEO Pro 4.9.6.1 - aioseo.com -->\n\t<meta name=\"description\" content=\"La tercera edici\u00f3n de la ruta de la tapa romana Sentia Amarantis de M\u00e9rida, que se celebrar\u00e1 desde este jueves, 9 de junio, al pr\u00f3ximo domingo, dentro de las actividades de Emerita Ludica, contar\u00e1 con la participaci\u00f3n de diecisiete taper\u00edas y restaurantes. Organizada con motivo de la Capitalidad Iberoamericana de la Cultura Gastron\u00f3mica, este a\u00f1o\" \/>\n\t<meta name=\"robots\" content=\"max-image-preview:large\" \/>\n\t<meta name=\"author\" content=\"admin\"\/>\n\t<meta name=\"google-site-verification\" content=\"UA-38556648-1\" \/>\n\t<meta name=\"keywords\" content=\"noticias y actualidad\" \/>\n\t<link rel=\"canonical\" href=\"https:\/\/eldigitaldeasturias.com\/magazine365\/se-celebra-en-merida-la-iii-edicion-de-la-ruta-de-la-tapa-romana\/\" \/>\n\t<meta name=\"generator\" content=\"All in One SEO Pro (AIOSEO) 4.9.6.1\" \/>\n\t\t<meta property=\"og:locale\" content=\"es_ES\" \/>\n\t\t<meta property=\"og:site_name\" content=\"El Digital de Asturias \u2013 Revista de ocio, turismo y estilo de vida\" \/>\n\t\t<meta property=\"og:type\" content=\"article\" \/>\n\t\t<meta property=\"og:title\" content=\"Se celebra en M\u00e9rida la III edici\u00f3n de la ruta de la tapa romana | El Digital de Asturias\" \/>\n\t\t<meta property=\"og:description\" content=\"La tercera edici\u00f3n de la ruta de la tapa romana Sentia Amarantis de M\u00e9rida, que se celebrar\u00e1 desde este jueves, 9 de junio, al pr\u00f3ximo domingo, dentro de las actividades de Emerita Ludica, contar\u00e1 con la participaci\u00f3n de diecisiete taper\u00edas y restaurantes. Organizada con motivo de la Capitalidad Iberoamericana de la Cultura Gastron\u00f3mica, este a\u00f1o\" \/>\n\t\t<meta property=\"og:url\" content=\"https:\/\/eldigitaldeasturias.com\/magazine365\/se-celebra-en-merida-la-iii-edicion-de-la-ruta-de-la-tapa-romana\/\" \/>\n\t\t<meta property=\"og:image\" content=\"https:\/\/eldigitaldeasturias.com\/magazine365\/wp-content\/uploads\/2016\/06\/fotonoticia_20160608145941_800.jpg\" \/>\n\t\t<meta property=\"og:image:secure_url\" content=\"https:\/\/eldigitaldeasturias.com\/magazine365\/wp-content\/uploads\/2016\/06\/fotonoticia_20160608145941_800.jpg\" \/>\n\t\t<meta property=\"og:image:width\" content=\"800\" \/>\n\t\t<meta property=\"og:image:height\" content=\"570\" \/>\n\t\t<meta property=\"article:published_time\" content=\"2016-06-08T16:10:44+00:00\" \/>\n\t\t<meta property=\"article:modified_time\" content=\"2016-06-08T16:10:44+00:00\" \/>\n\t\t<meta name=\"twitter:card\" content=\"summary_large_image\" \/>\n\t\t<meta name=\"twitter:title\" content=\"Se celebra en M\u00e9rida la III edici\u00f3n de la ruta de la tapa romana | El Digital de Asturias\" \/>\n\t\t<meta name=\"twitter:description\" content=\"La tercera edici\u00f3n de la ruta de la tapa romana Sentia Amarantis de M\u00e9rida, que se celebrar\u00e1 desde este jueves, 9 de junio, al pr\u00f3ximo domingo, dentro de las actividades de Emerita Ludica, contar\u00e1 con la participaci\u00f3n de diecisiete taper\u00edas y restaurantes. Organizada con motivo de la Capitalidad Iberoamericana de la Cultura Gastron\u00f3mica, este a\u00f1o\" \/>\n\t\t<meta name=\"twitter:image\" content=\"https:\/\/eldigitaldeasturias.com\/magazine365\/wp-content\/uploads\/2016\/06\/fotonoticia_20160608145941_800.jpg\" \/>\n\t\t<script type=\"application\/ld+json\" class=\"aioseo-schema\">\n\t\t\t{\"@context\":\"https:\\\/\\\/schema.org\",\"@graph\":[{\"@type\":\"Article\",\"@id\":\"https:\\\/\\\/eldigitaldeasturias.com\\\/magazine365\\\/se-celebra-en-merida-la-iii-edicion-de-la-ruta-de-la-tapa-romana\\\/#article\",\"name\":\"Se celebra en M\\u00e9rida la III edici\\u00f3n de la ruta de la tapa romana | El Digital de Asturias\",\"headline\":\"Se celebra en M\\u00e9rida la III edici\\u00f3n de la ruta de la tapa romana\",\"author\":{\"@id\":\"https:\\\/\\\/eldigitaldeasturias.com\\\/magazine365\\\/author\\\/admin\\\/#author\"},\"publisher\":{\"@id\":\"https:\\\/\\\/eldigitaldeasturias.com\\\/magazine365\\\/#organization\"},\"image\":{\"@type\":\"ImageObject\",\"url\":\"https:\\\/\\\/eldigitaldeasturias.com\\\/magazine365\\\/wp-content\\\/uploads\\\/2016\\\/06\\\/fotonoticia_20160608145941_800.jpg\",\"width\":800,\"height\":570},\"datePublished\":\"2016-06-08T18:10:44+02:00\",\"dateModified\":\"2016-06-08T18:10:44+02:00\",\"inLanguage\":\"es-ES\",\"mainEntityOfPage\":{\"@id\":\"https:\\\/\\\/eldigitaldeasturias.com\\\/magazine365\\\/se-celebra-en-merida-la-iii-edicion-de-la-ruta-de-la-tapa-romana\\\/#webpage\"},\"isPartOf\":{\"@id\":\"https:\\\/\\\/eldigitaldeasturias.com\\\/magazine365\\\/se-celebra-en-merida-la-iii-edicion-de-la-ruta-de-la-tapa-romana\\\/#webpage\"},\"articleSection\":\"Noticias y Actualidad\"},{\"@type\":\"BreadcrumbList\",\"@id\":\"https:\\\/\\\/eldigitaldeasturias.com\\\/magazine365\\\/se-celebra-en-merida-la-iii-edicion-de-la-ruta-de-la-tapa-romana\\\/#breadcrumblist\",\"itemListElement\":[{\"@type\":\"ListItem\",\"@id\":\"https:\\\/\\\/eldigitaldeasturias.com\\\/magazine365#listItem\",\"position\":1,\"name\":\"Home\",\"item\":\"https:\\\/\\\/eldigitaldeasturias.com\\\/magazine365\",\"nextItem\":{\"@type\":\"ListItem\",\"@id\":\"https:\\\/\\\/eldigitaldeasturias.com\\\/magazine365\\\/category\\\/noticias-actualidad\\\/#listItem\",\"name\":\"Noticias y Actualidad\"}},{\"@type\":\"ListItem\",\"@id\":\"https:\\\/\\\/eldigitaldeasturias.com\\\/magazine365\\\/category\\\/noticias-actualidad\\\/#listItem\",\"position\":2,\"name\":\"Noticias y Actualidad\",\"item\":\"https:\\\/\\\/eldigitaldeasturias.com\\\/magazine365\\\/category\\\/noticias-actualidad\\\/\",\"nextItem\":{\"@type\":\"ListItem\",\"@id\":\"https:\\\/\\\/eldigitaldeasturias.com\\\/magazine365\\\/se-celebra-en-merida-la-iii-edicion-de-la-ruta-de-la-tapa-romana\\\/#listItem\",\"name\":\"Se celebra en M\\u00e9rida la III edici\\u00f3n de la ruta de la tapa romana\"},\"previousItem\":{\"@type\":\"ListItem\",\"@id\":\"https:\\\/\\\/eldigitaldeasturias.com\\\/magazine365#listItem\",\"name\":\"Home\"}},{\"@type\":\"ListItem\",\"@id\":\"https:\\\/\\\/eldigitaldeasturias.com\\\/magazine365\\\/se-celebra-en-merida-la-iii-edicion-de-la-ruta-de-la-tapa-romana\\\/#listItem\",\"position\":3,\"name\":\"Se celebra en M\\u00e9rida la III edici\\u00f3n de la ruta de la tapa romana\",\"previousItem\":{\"@type\":\"ListItem\",\"@id\":\"https:\\\/\\\/eldigitaldeasturias.com\\\/magazine365\\\/category\\\/noticias-actualidad\\\/#listItem\",\"name\":\"Noticias y Actualidad\"}}]},{\"@type\":\"Organization\",\"@id\":\"https:\\\/\\\/eldigitaldeasturias.com\\\/magazine365\\\/#organization\",\"name\":\"El digital de Asturias\",\"description\":\"Revista de ocio, turismo y estilo de vida\",\"url\":\"https:\\\/\\\/eldigitaldeasturias.com\\\/magazine365\\\/\",\"logo\":{\"@type\":\"ImageObject\",\"url\":\"https:\\\/\\\/www.eldigitaldeasturias.com\\\/noticias\\\/wp-content\\\/uploads\\\/2020\\\/12\\\/EDA.jpg\",\"@id\":\"https:\\\/\\\/eldigitaldeasturias.com\\\/magazine365\\\/se-celebra-en-merida-la-iii-edicion-de-la-ruta-de-la-tapa-romana\\\/#organizationLogo\"},\"image\":{\"@id\":\"https:\\\/\\\/eldigitaldeasturias.com\\\/magazine365\\\/se-celebra-en-merida-la-iii-edicion-de-la-ruta-de-la-tapa-romana\\\/#organizationLogo\"}},{\"@type\":\"Person\",\"@id\":\"https:\\\/\\\/eldigitaldeasturias.com\\\/magazine365\\\/author\\\/admin\\\/#author\",\"url\":\"https:\\\/\\\/eldigitaldeasturias.com\\\/magazine365\\\/author\\\/admin\\\/\",\"name\":\"admin\",\"image\":{\"@type\":\"ImageObject\",\"@id\":\"https:\\\/\\\/eldigitaldeasturias.com\\\/magazine365\\\/se-celebra-en-merida-la-iii-edicion-de-la-ruta-de-la-tapa-romana\\\/#authorImage\",\"url\":\"https:\\\/\\\/eldigitaldeasturias.com\\\/magazine365\\\/wp-content\\\/litespeed\\\/avatar\\\/e571bcf59a0edd6fa6838245a470f2fe.jpg?ver=1776969259\",\"width\":96,\"height\":96,\"caption\":\"admin\"}},{\"@type\":\"WebPage\",\"@id\":\"https:\\\/\\\/eldigitaldeasturias.com\\\/magazine365\\\/se-celebra-en-merida-la-iii-edicion-de-la-ruta-de-la-tapa-romana\\\/#webpage\",\"url\":\"https:\\\/\\\/eldigitaldeasturias.com\\\/magazine365\\\/se-celebra-en-merida-la-iii-edicion-de-la-ruta-de-la-tapa-romana\\\/\",\"name\":\"Se celebra en M\\u00e9rida la III edici\\u00f3n de la ruta de la tapa romana | El Digital de Asturias\",\"description\":\"La tercera edici\\u00f3n de la ruta de la tapa romana Sentia Amarantis de M\\u00e9rida, que se celebrar\\u00e1 desde este jueves, 9 de junio, al pr\\u00f3ximo domingo, dentro de las actividades de Emerita Ludica, contar\\u00e1 con la participaci\\u00f3n de diecisiete taper\\u00edas y restaurantes. Organizada con motivo de la Capitalidad Iberoamericana de la Cultura Gastron\\u00f3mica, este a\\u00f1o\",\"inLanguage\":\"es-ES\",\"isPartOf\":{\"@id\":\"https:\\\/\\\/eldigitaldeasturias.com\\\/magazine365\\\/#website\"},\"breadcrumb\":{\"@id\":\"https:\\\/\\\/eldigitaldeasturias.com\\\/magazine365\\\/se-celebra-en-merida-la-iii-edicion-de-la-ruta-de-la-tapa-romana\\\/#breadcrumblist\"},\"author\":{\"@id\":\"https:\\\/\\\/eldigitaldeasturias.com\\\/magazine365\\\/author\\\/admin\\\/#author\"},\"creator\":{\"@id\":\"https:\\\/\\\/eldigitaldeasturias.com\\\/magazine365\\\/author\\\/admin\\\/#author\"},\"image\":{\"@type\":\"ImageObject\",\"url\":\"https:\\\/\\\/eldigitaldeasturias.com\\\/magazine365\\\/wp-content\\\/uploads\\\/2016\\\/06\\\/fotonoticia_20160608145941_800.jpg\",\"@id\":\"https:\\\/\\\/eldigitaldeasturias.com\\\/magazine365\\\/se-celebra-en-merida-la-iii-edicion-de-la-ruta-de-la-tapa-romana\\\/#mainImage\",\"width\":800,\"height\":570},\"primaryImageOfPage\":{\"@id\":\"https:\\\/\\\/eldigitaldeasturias.com\\\/magazine365\\\/se-celebra-en-merida-la-iii-edicion-de-la-ruta-de-la-tapa-romana\\\/#mainImage\"},\"datePublished\":\"2016-06-08T18:10:44+02:00\",\"dateModified\":\"2016-06-08T18:10:44+02:00\"},{\"@type\":\"WebSite\",\"@id\":\"https:\\\/\\\/eldigitaldeasturias.com\\\/magazine365\\\/#website\",\"url\":\"https:\\\/\\\/eldigitaldeasturias.com\\\/magazine365\\\/\",\"name\":\"El Digital de Asturias\",\"description\":\"Revista de ocio, turismo y estilo de vida\",\"inLanguage\":\"es-ES\",\"publisher\":{\"@id\":\"https:\\\/\\\/eldigitaldeasturias.com\\\/magazine365\\\/#organization\"}}]}\n\t\t<\/script>\n\t\t<!-- All in One SEO Pro -->\r\n\t\t<title>Se celebra en M\u00e9rida la III edici\u00f3n de la ruta de la tapa romana | El Digital de Asturias<\/title>\n\n","aioseo_head_json":{"title":"Se celebra en M\u00e9rida la III edici\u00f3n de la ruta de la tapa romana | El Digital de Asturias","description":"La tercera edici\u00f3n de la ruta de la tapa romana Sentia Amarantis de M\u00e9rida, que se celebrar\u00e1 desde este jueves, 9 de junio, al pr\u00f3ximo domingo, dentro de las actividades de Emerita Ludica, contar\u00e1 con la participaci\u00f3n de diecisiete taper\u00edas y restaurantes. Organizada con motivo de la Capitalidad Iberoamericana de la Cultura Gastron\u00f3mica, este a\u00f1o","canonical_url":"https:\/\/eldigitaldeasturias.com\/magazine365\/se-celebra-en-merida-la-iii-edicion-de-la-ruta-de-la-tapa-romana\/","robots":"max-image-preview:large","keywords":"noticias y actualidad","webmasterTools":{"google-site-verification":"UA-38556648-1","miscellaneous":""},"schema":{"@context":"https:\/\/schema.org","@graph":[{"@type":"Article","@id":"https:\/\/eldigitaldeasturias.com\/magazine365\/se-celebra-en-merida-la-iii-edicion-de-la-ruta-de-la-tapa-romana\/#article","name":"Se celebra en M\u00e9rida la III edici\u00f3n de la ruta de la tapa romana | El Digital de Asturias","headline":"Se celebra en M\u00e9rida la III edici\u00f3n de la ruta de la tapa romana","author":{"@id":"https:\/\/eldigitaldeasturias.com\/magazine365\/author\/admin\/#author"},"publisher":{"@id":"https:\/\/eldigitaldeasturias.com\/magazine365\/#organization"},"image":{"@type":"ImageObject","url":"https:\/\/eldigitaldeasturias.com\/magazine365\/wp-content\/uploads\/2016\/06\/fotonoticia_20160608145941_800.jpg","width":800,"height":570},"datePublished":"2016-06-08T18:10:44+02:00","dateModified":"2016-06-08T18:10:44+02:00","inLanguage":"es-ES","mainEntityOfPage":{"@id":"https:\/\/eldigitaldeasturias.com\/magazine365\/se-celebra-en-merida-la-iii-edicion-de-la-ruta-de-la-tapa-romana\/#webpage"},"isPartOf":{"@id":"https:\/\/eldigitaldeasturias.com\/magazine365\/se-celebra-en-merida-la-iii-edicion-de-la-ruta-de-la-tapa-romana\/#webpage"},"articleSection":"Noticias y Actualidad"},{"@type":"BreadcrumbList","@id":"https:\/\/eldigitaldeasturias.com\/magazine365\/se-celebra-en-merida-la-iii-edicion-de-la-ruta-de-la-tapa-romana\/#breadcrumblist","itemListElement":[{"@type":"ListItem","@id":"https:\/\/eldigitaldeasturias.com\/magazine365#listItem","position":1,"name":"Home","item":"https:\/\/eldigitaldeasturias.com\/magazine365","nextItem":{"@type":"ListItem","@id":"https:\/\/eldigitaldeasturias.com\/magazine365\/category\/noticias-actualidad\/#listItem","name":"Noticias y Actualidad"}},{"@type":"ListItem","@id":"https:\/\/eldigitaldeasturias.com\/magazine365\/category\/noticias-actualidad\/#listItem","position":2,"name":"Noticias y Actualidad","item":"https:\/\/eldigitaldeasturias.com\/magazine365\/category\/noticias-actualidad\/","nextItem":{"@type":"ListItem","@id":"https:\/\/eldigitaldeasturias.com\/magazine365\/se-celebra-en-merida-la-iii-edicion-de-la-ruta-de-la-tapa-romana\/#listItem","name":"Se celebra en M\u00e9rida la III edici\u00f3n de la ruta de la tapa romana"},"previousItem":{"@type":"ListItem","@id":"https:\/\/eldigitaldeasturias.com\/magazine365#listItem","name":"Home"}},{"@type":"ListItem","@id":"https:\/\/eldigitaldeasturias.com\/magazine365\/se-celebra-en-merida-la-iii-edicion-de-la-ruta-de-la-tapa-romana\/#listItem","position":3,"name":"Se celebra en M\u00e9rida la III edici\u00f3n de la ruta de la tapa romana","previousItem":{"@type":"ListItem","@id":"https:\/\/eldigitaldeasturias.com\/magazine365\/category\/noticias-actualidad\/#listItem","name":"Noticias y Actualidad"}}]},{"@type":"Organization","@id":"https:\/\/eldigitaldeasturias.com\/magazine365\/#organization","name":"El digital de Asturias","description":"Revista de ocio, turismo y estilo de vida","url":"https:\/\/eldigitaldeasturias.com\/magazine365\/","logo":{"@type":"ImageObject","url":"https:\/\/www.eldigitaldeasturias.com\/noticias\/wp-content\/uploads\/2020\/12\/EDA.jpg","@id":"https:\/\/eldigitaldeasturias.com\/magazine365\/se-celebra-en-merida-la-iii-edicion-de-la-ruta-de-la-tapa-romana\/#organizationLogo"},"image":{"@id":"https:\/\/eldigitaldeasturias.com\/magazine365\/se-celebra-en-merida-la-iii-edicion-de-la-ruta-de-la-tapa-romana\/#organizationLogo"}},{"@type":"Person","@id":"https:\/\/eldigitaldeasturias.com\/magazine365\/author\/admin\/#author","url":"https:\/\/eldigitaldeasturias.com\/magazine365\/author\/admin\/","name":"admin","image":{"@type":"ImageObject","@id":"https:\/\/eldigitaldeasturias.com\/magazine365\/se-celebra-en-merida-la-iii-edicion-de-la-ruta-de-la-tapa-romana\/#authorImage","url":"https:\/\/eldigitaldeasturias.com\/magazine365\/wp-content\/litespeed\/avatar\/e571bcf59a0edd6fa6838245a470f2fe.jpg?ver=1776969259","width":96,"height":96,"caption":"admin"}},{"@type":"WebPage","@id":"https:\/\/eldigitaldeasturias.com\/magazine365\/se-celebra-en-merida-la-iii-edicion-de-la-ruta-de-la-tapa-romana\/#webpage","url":"https:\/\/eldigitaldeasturias.com\/magazine365\/se-celebra-en-merida-la-iii-edicion-de-la-ruta-de-la-tapa-romana\/","name":"Se celebra en M\u00e9rida la III edici\u00f3n de la ruta de la tapa romana | El Digital de Asturias","description":"La tercera edici\u00f3n de la ruta de la tapa romana Sentia Amarantis de M\u00e9rida, que se celebrar\u00e1 desde este jueves, 9 de junio, al pr\u00f3ximo domingo, dentro de las actividades de Emerita Ludica, contar\u00e1 con la participaci\u00f3n de diecisiete taper\u00edas y restaurantes. Organizada con motivo de la Capitalidad Iberoamericana de la Cultura Gastron\u00f3mica, este a\u00f1o","inLanguage":"es-ES","isPartOf":{"@id":"https:\/\/eldigitaldeasturias.com\/magazine365\/#website"},"breadcrumb":{"@id":"https:\/\/eldigitaldeasturias.com\/magazine365\/se-celebra-en-merida-la-iii-edicion-de-la-ruta-de-la-tapa-romana\/#breadcrumblist"},"author":{"@id":"https:\/\/eldigitaldeasturias.com\/magazine365\/author\/admin\/#author"},"creator":{"@id":"https:\/\/eldigitaldeasturias.com\/magazine365\/author\/admin\/#author"},"image":{"@type":"ImageObject","url":"https:\/\/eldigitaldeasturias.com\/magazine365\/wp-content\/uploads\/2016\/06\/fotonoticia_20160608145941_800.jpg","@id":"https:\/\/eldigitaldeasturias.com\/magazine365\/se-celebra-en-merida-la-iii-edicion-de-la-ruta-de-la-tapa-romana\/#mainImage","width":800,"height":570},"primaryImageOfPage":{"@id":"https:\/\/eldigitaldeasturias.com\/magazine365\/se-celebra-en-merida-la-iii-edicion-de-la-ruta-de-la-tapa-romana\/#mainImage"},"datePublished":"2016-06-08T18:10:44+02:00","dateModified":"2016-06-08T18:10:44+02:00"},{"@type":"WebSite","@id":"https:\/\/eldigitaldeasturias.com\/magazine365\/#website","url":"https:\/\/eldigitaldeasturias.com\/magazine365\/","name":"El Digital de Asturias","description":"Revista de ocio, turismo y estilo de vida","inLanguage":"es-ES","publisher":{"@id":"https:\/\/eldigitaldeasturias.com\/magazine365\/#organization"}}]},"og:locale":"es_ES","og:site_name":"El Digital de Asturias \u2013 Revista de ocio, turismo y estilo de vida","og:type":"article","og:title":"Se celebra en M\u00e9rida la III edici\u00f3n de la ruta de la tapa romana | El Digital de Asturias","og:description":"La tercera edici\u00f3n de la ruta de la tapa romana Sentia Amarantis de M\u00e9rida, que se celebrar\u00e1 desde este jueves, 9 de junio, al pr\u00f3ximo domingo, dentro de las actividades de Emerita Ludica, contar\u00e1 con la participaci\u00f3n de diecisiete taper\u00edas y restaurantes. Organizada con motivo de la Capitalidad Iberoamericana de la Cultura Gastron\u00f3mica, este a\u00f1o","og:url":"https:\/\/eldigitaldeasturias.com\/magazine365\/se-celebra-en-merida-la-iii-edicion-de-la-ruta-de-la-tapa-romana\/","og:image":"https:\/\/eldigitaldeasturias.com\/magazine365\/wp-content\/uploads\/2016\/06\/fotonoticia_20160608145941_800.jpg","og:image:secure_url":"https:\/\/eldigitaldeasturias.com\/magazine365\/wp-content\/uploads\/2016\/06\/fotonoticia_20160608145941_800.jpg","og:image:width":800,"og:image:height":570,"article:published_time":"2016-06-08T16:10:44+00:00","article:modified_time":"2016-06-08T16:10:44+00:00","twitter:card":"summary_large_image","twitter:title":"Se celebra en M\u00e9rida la III edici\u00f3n de la ruta de la tapa romana | El Digital de Asturias","twitter:description":"La tercera edici\u00f3n de la ruta de la tapa romana Sentia Amarantis de M\u00e9rida, que se celebrar\u00e1 desde este jueves, 9 de junio, al pr\u00f3ximo domingo, dentro de las actividades de Emerita Ludica, contar\u00e1 con la participaci\u00f3n de diecisiete taper\u00edas y restaurantes. Organizada con motivo de la Capitalidad Iberoamericana de la Cultura Gastron\u00f3mica, este a\u00f1o","twitter:image":"https:\/\/eldigitaldeasturias.com\/magazine365\/wp-content\/uploads\/2016\/06\/fotonoticia_20160608145941_800.jpg"},"aioseo_meta_data":{"post_id":"78289","title":null,"description":null,"keywords":null,"keyphrases":null,"primary_term":null,"canonical_url":null,"og_title":null,"og_description":null,"og_object_type":"default","og_image_type":"default","og_image_url":null,"og_image_width":null,"og_image_height":null,"og_image_custom_url":null,"og_image_custom_fields":null,"og_video":null,"og_custom_url":null,"og_article_section":null,"og_article_tags":null,"twitter_use_og":false,"twitter_card":"default","twitter_image_type":"default","twitter_image_url":null,"twitter_image_custom_url":null,"twitter_image_custom_fields":null,"twitter_title":null,"twitter_description":null,"schema":{"blockGraphs":[],"customGraphs":[],"default":{"data":{"Article":[],"Course":[],"Dataset":[],"FAQPage":[],"Movie":[],"Person":[],"Product":[],"ProductReview":[],"Car":[],"Recipe":[],"Service":[],"SoftwareApplication":[],"WebPage":[]},"graphName":"","isEnabled":true},"graphs":[],"defaultGraph":"","defaultPostTypeGraph":""},"schema_type":null,"schema_type_options":null,"pillar_content":false,"robots_default":true,"robots_noindex":false,"robots_noarchive":false,"robots_nosnippet":false,"robots_nofollow":false,"robots_noimageindex":false,"robots_noodp":false,"robots_notranslate":false,"robots_max_snippet":null,"robots_max_videopreview":null,"robots_max_imagepreview":"large","priority":null,"frequency":null,"location":null,"local_seo":null,"seo_analyzer_scan_date":"2025-09-27 16:39:36","breadcrumb_settings":null,"limit_modified_date":false,"open_ai":null,"ai":null,"created":"2021-03-08 18:02:52","updated":"2025-09-27 16:39:36"},"aioseo_breadcrumb":"<div class=\"aioseo-breadcrumbs\"><span class=\"aioseo-breadcrumb\">\n\t<a href=\"https:\/\/eldigitaldeasturias.com\/magazine365\" title=\"Home\">Home<\/a>\n<\/span><span class=\"aioseo-breadcrumb-separator\">\u2013<\/span><span class=\"aioseo-breadcrumb\">\n\t<a href=\"https:\/\/eldigitaldeasturias.com\/magazine365\/category\/noticias-actualidad\/\" title=\"Noticias y Actualidad\">Noticias y Actualidad<\/a>\n<\/span><span class=\"aioseo-breadcrumb-separator\">\u2013<\/span><span class=\"aioseo-breadcrumb\">\n\t<a href=\"https:\/\/eldigitaldeasturias.com\/magazine365\/se-celebra-en-merida-la-iii-edicion-de-la-ruta-de-la-tapa-romana\/\" title=\"Se celebra en M\u00e9rida la III edici\u00f3n de la ruta de la tapa romana\">Se celebra en M\u00e9rida la III edici\u00f3n de la ruta de la tapa romana<\/a>\n<\/span><\/div>","aioseo_breadcrumb_json":[{"label":"Home","link":"https:\/\/eldigitaldeasturias.com\/magazine365"},{"label":"Noticias y Actualidad","link":"https:\/\/eldigitaldeasturias.com\/magazine365\/category\/noticias-actualidad\/"},{"label":"Se celebra en M\u00e9rida la III edici\u00f3n de la ruta de la tapa romana","link":"https:\/\/eldigitaldeasturias.com\/magazine365\/se-celebra-en-merida-la-iii-edicion-de-la-ruta-de-la-tapa-romana\/"}],"_links":{"self":[{"href":"https:\/\/eldigitaldeasturias.com\/magazine365\/wp-json\/wp\/v2\/posts\/78289","targetHints":{"allow":["GET"]}}],"collection":[{"href":"https:\/\/eldigitaldeasturias.com\/magazine365\/wp-json\/wp\/v2\/posts"}],"about":[{"href":"https:\/\/eldigitaldeasturias.com\/magazine365\/wp-json\/wp\/v2\/types\/post"}],"author":[{"embeddable":true,"href":"https:\/\/eldigitaldeasturias.com\/magazine365\/wp-json\/wp\/v2\/users\/1"}],"replies":[{"embeddable":true,"href":"https:\/\/eldigitaldeasturias.com\/magazine365\/wp-json\/wp\/v2\/comments?post=78289"}],"version-history":[{"count":0,"href":"https:\/\/eldigitaldeasturias.com\/magazine365\/wp-json\/wp\/v2\/posts\/78289\/revisions"}],"wp:featuredmedia":[{"embeddable":true,"href":"https:\/\/eldigitaldeasturias.com\/magazine365\/wp-json\/wp\/v2\/media\/78290"}],"wp:attachment":[{"href":"https:\/\/eldigitaldeasturias.com\/magazine365\/wp-json\/wp\/v2\/media?parent=78289"}],"wp:term":[{"taxonomy":"category","embeddable":true,"href":"https:\/\/eldigitaldeasturias.com\/magazine365\/wp-json\/wp\/v2\/categories?post=78289"},{"taxonomy":"post_tag","embeddable":true,"href":"https:\/\/eldigitaldeasturias.com\/magazine365\/wp-json\/wp\/v2\/tags?post=78289"}],"curies":[{"name":"wp","href":"https:\/\/api.w.org\/{rel}","templated":true}]}}