{"id":78281,"date":"2016-06-08T18:06:29","date_gmt":"2016-06-08T16:06:29","guid":{"rendered":"http:\/\/eldigitaldeasturias.com\/magazine365\/?p=78281"},"modified":"2016-06-08T18:06:29","modified_gmt":"2016-06-08T16:06:29","slug":"espanoles-irlandeses-alemanes-griegos-y-suecos-los-mas-preocupados-por-el-brexit","status":"publish","type":"post","link":"https:\/\/eldigitaldeasturias.com\/magazine365\/espanoles-irlandeses-alemanes-griegos-y-suecos-los-mas-preocupados-por-el-brexit\/","title":{"rendered":"Espa\u00f1oles, irlandeses, alemanes, griegos y suecos, los m\u00e1s preocupados por el &#8216;Brexit&#8217;"},"content":{"rendered":"<p><img fetchpriority=\"high\" decoding=\"async\" class=\"alignleft size-medium wp-image-77926\" src=\"https:\/\/eldigitaldeasturias.com\/magazine365\/wp-content\/uploads\/2016\/06\/m365-360x198.jpg\" alt=\"m365\" width=\"360\" height=\"198\" srcset=\"https:\/\/eldigitaldeasturias.com\/magazine365\/wp-content\/uploads\/2016\/06\/m365-360x198.jpg 360w, https:\/\/eldigitaldeasturias.com\/magazine365\/wp-content\/uploads\/2016\/06\/m365-650x357.jpg 650w, https:\/\/eldigitaldeasturias.com\/magazine365\/wp-content\/uploads\/2016\/06\/m365-150x82.jpg 150w, https:\/\/eldigitaldeasturias.com\/magazine365\/wp-content\/uploads\/2016\/06\/m365-450x247.jpg 450w, https:\/\/eldigitaldeasturias.com\/magazine365\/wp-content\/uploads\/2016\/06\/m365.jpg 655w\" sizes=\"(max-width: 360px) 100vw, 360px\" \/>Los espa\u00f1oles se encuentran entre los europeos m\u00e1s preocupados por la posibilidad de que Reino Unido abandone la Uni\u00f3n Europea, una inquietud que comparten con los irlandeses, los alemanes, los griegos y los suecos, seg\u00fan el estudio &#8216;El Futuro de Europa 2016&#8217;, elaborado por Grant Thornton.<\/p>\n<p>Un 78% de los directivos empresariales de la zona euro considera que el &#8216;Brexit&#8217; tendr\u00eda consecuencias negativas o muy negativas para Europa, lo que supone un aumento de 14 puntos respecto a los resultados obtenidos el a\u00f1o pasado, cuando el refer\u00e9ndum del pr\u00f3ximo 23 de junio era a\u00fan una promesa electoral de los &#8216;tories&#8217;.<\/p>\n<p>El estudio, realizado en once pa\u00edses de la zona euro m\u00e1s Reino Unido, Suecia y Polonia, determina que solamente el 3% de los empresarios de la Uni\u00f3n Monetaria considerar\u00eda positivo el &#8216;Brexit&#8217;, mientras que el 13% cree que el impacto no ser\u00eda significativo.<\/p>\n<p>Los irlandeses son los empresarios m\u00e1s preocupados por esa posibilidad, ya que el 96% prev\u00e9 que tendr\u00e1 un impacto negativo. Les siguen los alemanes (89%), los griegos (86%), los espa\u00f1oles (84%) y los suecos (82%). Por el contrario, en Lituania, Francia y Holanda el porcentaje de empresas preocupadas se mantiene ligeramente por debajo del 70%, mientras que la media de la zona euro se sit\u00faa en el 78%.<\/p>\n<p>En el propio Reino Unido, un 68% de los empresarios reconoce el impacto negativo que tendr\u00eda el &#8216;Brexit&#8217; en Europa, mientras que un 8% cree que ser\u00eda positivo y un 18% no vislumbra un efecto significativo.<\/p>\n<p>\u00abSe dir\u00eda que en ninguna de las dos orillas del Canal se contempla en el fondo la posibilidad de que gane el &#8216;leave&#8217;, ha afirmado el economista jefe de Grant Thornton y asesor del fondo Alinea Global, \u00c1lvaro Sanmart\u00edn.<\/p>\n<p>Al mismo tiempo, aunque el escenario de permanencia del Reino Unido en la Uni\u00f3n Europea es \u00absin duda el m\u00e1s probable\u00bb, lo cierto es que el &#8216;Brexit&#8217; tendr\u00eda un \u00abpotencial alto de disrupci\u00f3n para la econom\u00eda europea\u00bb y, por tanto, es hasta cierto punto \u00abl\u00f3gico\u00bb que se contemple con preocupaci\u00f3n por parte del mundo empresarial, ha a\u00f1adido Sanmart\u00edn.<\/p>\n<p>Seg\u00fan el estudio, aunque la visi\u00f3n de las empresas brit\u00e1nicas sobre el impacto de un posible &#8216;Brexit&#8217; apenas se ha modificado respecto al a\u00f1o pasado, s\u00ed se ha suavizado su postura ante la integraci\u00f3n europea.<\/p>\n<p>El porcentaje de empresarios que rechazan cualquier avance en este sentido ha pasado de una mayor\u00eda del 62% en 2015 al 45% de este a\u00f1o y el apoyo a una mayor integraci\u00f3n europea se circunscribe casi exclusivamente al \u00e1mbito econ\u00f3mico (41%), con s\u00f3lo un 8% de empresarios brit\u00e1nicos a favor de una mayor integraci\u00f3n pol\u00edtica.<\/p>\n<p>El euroescepticismo de los empresarios en la zona euro, medido como el porcentaje de aquellos que no desean una mayor integraci\u00f3n europea, ha bajado tambi\u00e9n y se sit\u00faa en el 9%, dos puntos menos que en 2015.<\/p>\n<h2 class=\"ladillo\">FINLANDIA, EL PA\u00cdS M\u00c1S EUROESC\u00c9PTICO<\/h2>\n<p>Finlandia es, con diferencia, el pa\u00eds de la Uni\u00f3n Monetaria con un empresariado m\u00e1s euroesc\u00e9ptico, ya que un 56% de sus directivos se muestra en contra de cualquier tipo de integraci\u00f3n. En el otro extremo se encuentran Holanda (2%, 26 puntos menos que en 2015), Italia (4%), Alemania (4%) o Espa\u00f1a (6%), que presentan bajos porcentajes de antieurope\u00edsmo entre sus l\u00edderes empresariales.<\/p>\n<p>El panorama es m\u00e1s complicado en cuanto al tipo de integraci\u00f3n preferida, ya que el apoyo medio en la zona euro es sensiblemente mayor para la integraci\u00f3n econ\u00f3mica (71%) que para la pol\u00edtica (56%). En Espa\u00f1a ha ca\u00eddo en picado el apoyo tanto a una mayor integraci\u00f3n econ\u00f3mica (52% frente al 82% de 2015) como pol\u00edtica (34% frente a 48%).<\/p>\n<p>Alemania (81%), Italia (68%) y Grecia (66%) son los pa\u00edses que m\u00e1s abogan por una mayor integraci\u00f3n pol\u00edtica, una v\u00eda que cuenta con pocos apoyos en Finlandia (16%) y los pa\u00edses b\u00e1lticos. Los germanos lideran tambi\u00e9n el entusiasmo empresarial en cuanto a la integraci\u00f3n econ\u00f3mica, favorecida por el 84% de los encuestados. Tambi\u00e9n aqu\u00ed los directivos finlandeses muestran menos inter\u00e9s (22%).<\/p>\n<p>En lo que s\u00ed coinciden casi todos los encuestados es en el apoyo al euro. En concreto, el porcentaje de empresarios de la eurozona que preferir\u00edan abandonar la moneda \u00fanica se sit\u00faa en un 3% de media, aunque en Letonia, que adopt\u00f3 el euro en 2014, hay un porcentaje significativo (20%) que desea volver a su moneda anterior. En Espa\u00f1a, el 97% de los empresarios aboga por permanecer en el euro.<\/p>\n<h2 class=\"ladillo\">LOS RETOS MACRO, PRINCIPALES AMENAZAS PARA LA ESTABILIDAD DE LA UE<\/h2>\n<p>A pesar de la importancia concedida al &#8216;Brexit&#8217;, los empresarios europeos consideran que las principales amenazas para la estabilidad de la UE siguen siendo los grandes retos macroecon\u00f3micos. El crecimiento lento, el desempleo y los altos niveles de endeudamiento de los Estados constituyen los riesgos para la estabilidad econ\u00f3mica de la UE m\u00e1s se\u00f1alados por los encuestados.<\/p>\n<p>En menor medida, el auge de los partidos nacionalistas preocupa bastante en Alemania (20%) y en Espa\u00f1a (14%). La inmigraci\u00f3n desde fuera de la UE es considerada como una amenaza a la estabilidad econ\u00f3mica europea por un porcentaje importante de empresarios b\u00e1lticos (alrededor de un 40% en Lituania y Letonia y un 28% en Estonia), pero apenas es se\u00f1alada en los pa\u00edses del Sur. En Grecia, este porcentaje s\u00f3lo alcanza el 14%.<\/p>\n<p>En Espa\u00f1a, un 38% de los encuestados se\u00f1ala el alto desempleo como la principal amenaza, el porcentaje m\u00e1s alto de la zona euro, por delante de Italia (34%) y Grecia (26%). Al paro le sigue el bajo crecimiento (29%), el mencionado auge de los partidos nacionalistas (14%) y los altos niveles de deuda soberana que ya s\u00f3lo preocupan a un 9%.<\/p>\n","protected":false},"excerpt":{"rendered":"<p>Los espa\u00f1oles se encuentran entre los europeos m\u00e1s preocupados por la posibilidad de que Reino Unido abandone la Uni\u00f3n Europea, una inquietud que comparten con los irlandeses, los alemanes, los griegos y los suecos, seg\u00fan el estudio &#8216;El Futuro de Europa 2016&#8217;, elaborado por Grant Thornton. Un 78% de los directivos empresariales de la zona<\/p>\n","protected":false},"author":1,"featured_media":77926,"comment_status":"open","ping_status":"closed","sticky":false,"template":"","format":"standard","meta":{"footnotes":""},"categories":[224],"tags":[],"class_list":{"0":"post-78281","1":"post","2":"type-post","3":"status-publish","4":"format-standard","5":"has-post-thumbnail","7":"category-noticias-actualidad"},"aioseo_notices":[],"aioseo_head":"\n\t\t<!-- All in One SEO Pro 4.9.6.1 - aioseo.com -->\n\t<meta name=\"description\" content=\"Los espa\u00f1oles se encuentran entre los europeos m\u00e1s preocupados por la posibilidad de que Reino Unido abandone la Uni\u00f3n Europea, una inquietud que comparten con los irlandeses, los alemanes, los griegos y los suecos, seg\u00fan el estudio &#039;El Futuro de Europa 2016&#039;, elaborado por Grant Thornton. Un 78% de los directivos empresariales de la zona\" \/>\n\t<meta name=\"robots\" content=\"max-image-preview:large\" \/>\n\t<meta name=\"author\" content=\"admin\"\/>\n\t<meta name=\"google-site-verification\" content=\"UA-38556648-1\" \/>\n\t<meta name=\"keywords\" content=\"noticias y actualidad\" \/>\n\t<link rel=\"canonical\" href=\"https:\/\/eldigitaldeasturias.com\/magazine365\/espanoles-irlandeses-alemanes-griegos-y-suecos-los-mas-preocupados-por-el-brexit\/\" \/>\n\t<meta name=\"generator\" content=\"All in One SEO Pro (AIOSEO) 4.9.6.1\" \/>\n\t\t<meta property=\"og:locale\" content=\"es_ES\" \/>\n\t\t<meta property=\"og:site_name\" content=\"El Digital de Asturias \u2013 Revista de ocio, turismo y estilo de vida\" \/>\n\t\t<meta property=\"og:type\" content=\"article\" \/>\n\t\t<meta property=\"og:title\" content=\"Espa\u00f1oles, irlandeses, alemanes, griegos y suecos, los m\u00e1s preocupados por el \u2018Brexit\u2019 | El Digital de Asturias\" \/>\n\t\t<meta property=\"og:description\" content=\"Los espa\u00f1oles se encuentran entre los europeos m\u00e1s preocupados por la posibilidad de que Reino Unido abandone la Uni\u00f3n Europea, una inquietud que comparten con los irlandeses, los alemanes, los griegos y los suecos, seg\u00fan el estudio &#039;El Futuro de Europa 2016&#039;, elaborado por Grant Thornton. Un 78% de los directivos empresariales de la zona\" \/>\n\t\t<meta property=\"og:url\" content=\"https:\/\/eldigitaldeasturias.com\/magazine365\/espanoles-irlandeses-alemanes-griegos-y-suecos-los-mas-preocupados-por-el-brexit\/\" \/>\n\t\t<meta property=\"og:image\" content=\"https:\/\/eldigitaldeasturias.com\/magazine365\/wp-content\/uploads\/2016\/06\/m365.jpg\" \/>\n\t\t<meta property=\"og:image:secure_url\" content=\"https:\/\/eldigitaldeasturias.com\/magazine365\/wp-content\/uploads\/2016\/06\/m365.jpg\" \/>\n\t\t<meta property=\"og:image:width\" content=\"655\" \/>\n\t\t<meta property=\"og:image:height\" content=\"360\" \/>\n\t\t<meta property=\"article:published_time\" content=\"2016-06-08T16:06:29+00:00\" \/>\n\t\t<meta property=\"article:modified_time\" content=\"2016-06-08T16:06:29+00:00\" \/>\n\t\t<meta name=\"twitter:card\" content=\"summary_large_image\" \/>\n\t\t<meta name=\"twitter:title\" content=\"Espa\u00f1oles, irlandeses, alemanes, griegos y suecos, los m\u00e1s preocupados por el \u2018Brexit\u2019 | El Digital de Asturias\" \/>\n\t\t<meta name=\"twitter:description\" content=\"Los espa\u00f1oles se encuentran entre los europeos m\u00e1s preocupados por la posibilidad de que Reino Unido abandone la Uni\u00f3n Europea, una inquietud que comparten con los irlandeses, los alemanes, los griegos y los suecos, seg\u00fan el estudio &#039;El Futuro de Europa 2016&#039;, elaborado por Grant Thornton. Un 78% de los directivos empresariales de la zona\" \/>\n\t\t<meta name=\"twitter:image\" content=\"https:\/\/eldigitaldeasturias.com\/magazine365\/wp-content\/uploads\/2016\/06\/m365.jpg\" \/>\n\t\t<script type=\"application\/ld+json\" class=\"aioseo-schema\">\n\t\t\t{\"@context\":\"https:\\\/\\\/schema.org\",\"@graph\":[{\"@type\":\"Article\",\"@id\":\"https:\\\/\\\/eldigitaldeasturias.com\\\/magazine365\\\/espanoles-irlandeses-alemanes-griegos-y-suecos-los-mas-preocupados-por-el-brexit\\\/#article\",\"name\":\"Espa\\u00f1oles, irlandeses, alemanes, griegos y suecos, los m\\u00e1s preocupados por el \\u2018Brexit\\u2019 | El Digital de Asturias\",\"headline\":\"Espa\\u00f1oles, irlandeses, alemanes, griegos y suecos, los m\\u00e1s preocupados por el &#8216;Brexit&#8217;\",\"author\":{\"@id\":\"https:\\\/\\\/eldigitaldeasturias.com\\\/magazine365\\\/author\\\/admin\\\/#author\"},\"publisher\":{\"@id\":\"https:\\\/\\\/eldigitaldeasturias.com\\\/magazine365\\\/#organization\"},\"image\":{\"@type\":\"ImageObject\",\"url\":\"https:\\\/\\\/eldigitaldeasturias.com\\\/magazine365\\\/wp-content\\\/uploads\\\/2016\\\/06\\\/m365.jpg\",\"width\":655,\"height\":360},\"datePublished\":\"2016-06-08T18:06:29+02:00\",\"dateModified\":\"2016-06-08T18:06:29+02:00\",\"inLanguage\":\"es-ES\",\"mainEntityOfPage\":{\"@id\":\"https:\\\/\\\/eldigitaldeasturias.com\\\/magazine365\\\/espanoles-irlandeses-alemanes-griegos-y-suecos-los-mas-preocupados-por-el-brexit\\\/#webpage\"},\"isPartOf\":{\"@id\":\"https:\\\/\\\/eldigitaldeasturias.com\\\/magazine365\\\/espanoles-irlandeses-alemanes-griegos-y-suecos-los-mas-preocupados-por-el-brexit\\\/#webpage\"},\"articleSection\":\"Noticias y Actualidad\"},{\"@type\":\"BreadcrumbList\",\"@id\":\"https:\\\/\\\/eldigitaldeasturias.com\\\/magazine365\\\/espanoles-irlandeses-alemanes-griegos-y-suecos-los-mas-preocupados-por-el-brexit\\\/#breadcrumblist\",\"itemListElement\":[{\"@type\":\"ListItem\",\"@id\":\"https:\\\/\\\/eldigitaldeasturias.com\\\/magazine365#listItem\",\"position\":1,\"name\":\"Home\",\"item\":\"https:\\\/\\\/eldigitaldeasturias.com\\\/magazine365\",\"nextItem\":{\"@type\":\"ListItem\",\"@id\":\"https:\\\/\\\/eldigitaldeasturias.com\\\/magazine365\\\/category\\\/noticias-actualidad\\\/#listItem\",\"name\":\"Noticias y Actualidad\"}},{\"@type\":\"ListItem\",\"@id\":\"https:\\\/\\\/eldigitaldeasturias.com\\\/magazine365\\\/category\\\/noticias-actualidad\\\/#listItem\",\"position\":2,\"name\":\"Noticias y Actualidad\",\"item\":\"https:\\\/\\\/eldigitaldeasturias.com\\\/magazine365\\\/category\\\/noticias-actualidad\\\/\",\"nextItem\":{\"@type\":\"ListItem\",\"@id\":\"https:\\\/\\\/eldigitaldeasturias.com\\\/magazine365\\\/espanoles-irlandeses-alemanes-griegos-y-suecos-los-mas-preocupados-por-el-brexit\\\/#listItem\",\"name\":\"Espa\\u00f1oles, irlandeses, alemanes, griegos y suecos, los m\\u00e1s preocupados por el &#8216;Brexit&#8217;\"},\"previousItem\":{\"@type\":\"ListItem\",\"@id\":\"https:\\\/\\\/eldigitaldeasturias.com\\\/magazine365#listItem\",\"name\":\"Home\"}},{\"@type\":\"ListItem\",\"@id\":\"https:\\\/\\\/eldigitaldeasturias.com\\\/magazine365\\\/espanoles-irlandeses-alemanes-griegos-y-suecos-los-mas-preocupados-por-el-brexit\\\/#listItem\",\"position\":3,\"name\":\"Espa\\u00f1oles, irlandeses, alemanes, griegos y suecos, los m\\u00e1s preocupados por el &#8216;Brexit&#8217;\",\"previousItem\":{\"@type\":\"ListItem\",\"@id\":\"https:\\\/\\\/eldigitaldeasturias.com\\\/magazine365\\\/category\\\/noticias-actualidad\\\/#listItem\",\"name\":\"Noticias y Actualidad\"}}]},{\"@type\":\"Organization\",\"@id\":\"https:\\\/\\\/eldigitaldeasturias.com\\\/magazine365\\\/#organization\",\"name\":\"El digital de Asturias\",\"description\":\"Revista de ocio, turismo y estilo de vida\",\"url\":\"https:\\\/\\\/eldigitaldeasturias.com\\\/magazine365\\\/\",\"logo\":{\"@type\":\"ImageObject\",\"url\":\"https:\\\/\\\/www.eldigitaldeasturias.com\\\/noticias\\\/wp-content\\\/uploads\\\/2020\\\/12\\\/EDA.jpg\",\"@id\":\"https:\\\/\\\/eldigitaldeasturias.com\\\/magazine365\\\/espanoles-irlandeses-alemanes-griegos-y-suecos-los-mas-preocupados-por-el-brexit\\\/#organizationLogo\"},\"image\":{\"@id\":\"https:\\\/\\\/eldigitaldeasturias.com\\\/magazine365\\\/espanoles-irlandeses-alemanes-griegos-y-suecos-los-mas-preocupados-por-el-brexit\\\/#organizationLogo\"}},{\"@type\":\"Person\",\"@id\":\"https:\\\/\\\/eldigitaldeasturias.com\\\/magazine365\\\/author\\\/admin\\\/#author\",\"url\":\"https:\\\/\\\/eldigitaldeasturias.com\\\/magazine365\\\/author\\\/admin\\\/\",\"name\":\"admin\",\"image\":{\"@type\":\"ImageObject\",\"@id\":\"https:\\\/\\\/eldigitaldeasturias.com\\\/magazine365\\\/espanoles-irlandeses-alemanes-griegos-y-suecos-los-mas-preocupados-por-el-brexit\\\/#authorImage\",\"url\":\"https:\\\/\\\/eldigitaldeasturias.com\\\/magazine365\\\/wp-content\\\/litespeed\\\/avatar\\\/e571bcf59a0edd6fa6838245a470f2fe.jpg?ver=1776969259\",\"width\":96,\"height\":96,\"caption\":\"admin\"}},{\"@type\":\"WebPage\",\"@id\":\"https:\\\/\\\/eldigitaldeasturias.com\\\/magazine365\\\/espanoles-irlandeses-alemanes-griegos-y-suecos-los-mas-preocupados-por-el-brexit\\\/#webpage\",\"url\":\"https:\\\/\\\/eldigitaldeasturias.com\\\/magazine365\\\/espanoles-irlandeses-alemanes-griegos-y-suecos-los-mas-preocupados-por-el-brexit\\\/\",\"name\":\"Espa\\u00f1oles, irlandeses, alemanes, griegos y suecos, los m\\u00e1s preocupados por el \\u2018Brexit\\u2019 | El Digital de Asturias\",\"description\":\"Los espa\\u00f1oles se encuentran entre los europeos m\\u00e1s preocupados por la posibilidad de que Reino Unido abandone la Uni\\u00f3n Europea, una inquietud que comparten con los irlandeses, los alemanes, los griegos y los suecos, seg\\u00fan el estudio 'El Futuro de Europa 2016', elaborado por Grant Thornton. Un 78% de los directivos empresariales de la zona\",\"inLanguage\":\"es-ES\",\"isPartOf\":{\"@id\":\"https:\\\/\\\/eldigitaldeasturias.com\\\/magazine365\\\/#website\"},\"breadcrumb\":{\"@id\":\"https:\\\/\\\/eldigitaldeasturias.com\\\/magazine365\\\/espanoles-irlandeses-alemanes-griegos-y-suecos-los-mas-preocupados-por-el-brexit\\\/#breadcrumblist\"},\"author\":{\"@id\":\"https:\\\/\\\/eldigitaldeasturias.com\\\/magazine365\\\/author\\\/admin\\\/#author\"},\"creator\":{\"@id\":\"https:\\\/\\\/eldigitaldeasturias.com\\\/magazine365\\\/author\\\/admin\\\/#author\"},\"image\":{\"@type\":\"ImageObject\",\"url\":\"https:\\\/\\\/eldigitaldeasturias.com\\\/magazine365\\\/wp-content\\\/uploads\\\/2016\\\/06\\\/m365.jpg\",\"@id\":\"https:\\\/\\\/eldigitaldeasturias.com\\\/magazine365\\\/espanoles-irlandeses-alemanes-griegos-y-suecos-los-mas-preocupados-por-el-brexit\\\/#mainImage\",\"width\":655,\"height\":360},\"primaryImageOfPage\":{\"@id\":\"https:\\\/\\\/eldigitaldeasturias.com\\\/magazine365\\\/espanoles-irlandeses-alemanes-griegos-y-suecos-los-mas-preocupados-por-el-brexit\\\/#mainImage\"},\"datePublished\":\"2016-06-08T18:06:29+02:00\",\"dateModified\":\"2016-06-08T18:06:29+02:00\"},{\"@type\":\"WebSite\",\"@id\":\"https:\\\/\\\/eldigitaldeasturias.com\\\/magazine365\\\/#website\",\"url\":\"https:\\\/\\\/eldigitaldeasturias.com\\\/magazine365\\\/\",\"name\":\"El Digital de Asturias\",\"description\":\"Revista de ocio, turismo y estilo de vida\",\"inLanguage\":\"es-ES\",\"publisher\":{\"@id\":\"https:\\\/\\\/eldigitaldeasturias.com\\\/magazine365\\\/#organization\"}}]}\n\t\t<\/script>\n\t\t<!-- All in One SEO Pro -->\r\n\t\t<title>Espa\u00f1oles, irlandeses, alemanes, griegos y suecos, los m\u00e1s preocupados por el \u2018Brexit\u2019 | El Digital de Asturias<\/title>\n\n","aioseo_head_json":{"title":"Espa\u00f1oles, irlandeses, alemanes, griegos y suecos, los m\u00e1s preocupados por el \u2018Brexit\u2019 | El Digital de Asturias","description":"Los espa\u00f1oles se encuentran entre los europeos m\u00e1s preocupados por la posibilidad de que Reino Unido abandone la Uni\u00f3n Europea, una inquietud que comparten con los irlandeses, los alemanes, los griegos y los suecos, seg\u00fan el estudio 'El Futuro de Europa 2016', elaborado por Grant Thornton. Un 78% de los directivos empresariales de la zona","canonical_url":"https:\/\/eldigitaldeasturias.com\/magazine365\/espanoles-irlandeses-alemanes-griegos-y-suecos-los-mas-preocupados-por-el-brexit\/","robots":"max-image-preview:large","keywords":"noticias y actualidad","webmasterTools":{"google-site-verification":"UA-38556648-1","miscellaneous":""},"schema":{"@context":"https:\/\/schema.org","@graph":[{"@type":"Article","@id":"https:\/\/eldigitaldeasturias.com\/magazine365\/espanoles-irlandeses-alemanes-griegos-y-suecos-los-mas-preocupados-por-el-brexit\/#article","name":"Espa\u00f1oles, irlandeses, alemanes, griegos y suecos, los m\u00e1s preocupados por el \u2018Brexit\u2019 | El Digital de Asturias","headline":"Espa\u00f1oles, irlandeses, alemanes, griegos y suecos, los m\u00e1s preocupados por el &#8216;Brexit&#8217;","author":{"@id":"https:\/\/eldigitaldeasturias.com\/magazine365\/author\/admin\/#author"},"publisher":{"@id":"https:\/\/eldigitaldeasturias.com\/magazine365\/#organization"},"image":{"@type":"ImageObject","url":"https:\/\/eldigitaldeasturias.com\/magazine365\/wp-content\/uploads\/2016\/06\/m365.jpg","width":655,"height":360},"datePublished":"2016-06-08T18:06:29+02:00","dateModified":"2016-06-08T18:06:29+02:00","inLanguage":"es-ES","mainEntityOfPage":{"@id":"https:\/\/eldigitaldeasturias.com\/magazine365\/espanoles-irlandeses-alemanes-griegos-y-suecos-los-mas-preocupados-por-el-brexit\/#webpage"},"isPartOf":{"@id":"https:\/\/eldigitaldeasturias.com\/magazine365\/espanoles-irlandeses-alemanes-griegos-y-suecos-los-mas-preocupados-por-el-brexit\/#webpage"},"articleSection":"Noticias y Actualidad"},{"@type":"BreadcrumbList","@id":"https:\/\/eldigitaldeasturias.com\/magazine365\/espanoles-irlandeses-alemanes-griegos-y-suecos-los-mas-preocupados-por-el-brexit\/#breadcrumblist","itemListElement":[{"@type":"ListItem","@id":"https:\/\/eldigitaldeasturias.com\/magazine365#listItem","position":1,"name":"Home","item":"https:\/\/eldigitaldeasturias.com\/magazine365","nextItem":{"@type":"ListItem","@id":"https:\/\/eldigitaldeasturias.com\/magazine365\/category\/noticias-actualidad\/#listItem","name":"Noticias y Actualidad"}},{"@type":"ListItem","@id":"https:\/\/eldigitaldeasturias.com\/magazine365\/category\/noticias-actualidad\/#listItem","position":2,"name":"Noticias y Actualidad","item":"https:\/\/eldigitaldeasturias.com\/magazine365\/category\/noticias-actualidad\/","nextItem":{"@type":"ListItem","@id":"https:\/\/eldigitaldeasturias.com\/magazine365\/espanoles-irlandeses-alemanes-griegos-y-suecos-los-mas-preocupados-por-el-brexit\/#listItem","name":"Espa\u00f1oles, irlandeses, alemanes, griegos y suecos, los m\u00e1s preocupados por el &#8216;Brexit&#8217;"},"previousItem":{"@type":"ListItem","@id":"https:\/\/eldigitaldeasturias.com\/magazine365#listItem","name":"Home"}},{"@type":"ListItem","@id":"https:\/\/eldigitaldeasturias.com\/magazine365\/espanoles-irlandeses-alemanes-griegos-y-suecos-los-mas-preocupados-por-el-brexit\/#listItem","position":3,"name":"Espa\u00f1oles, irlandeses, alemanes, griegos y suecos, los m\u00e1s preocupados por el &#8216;Brexit&#8217;","previousItem":{"@type":"ListItem","@id":"https:\/\/eldigitaldeasturias.com\/magazine365\/category\/noticias-actualidad\/#listItem","name":"Noticias y Actualidad"}}]},{"@type":"Organization","@id":"https:\/\/eldigitaldeasturias.com\/magazine365\/#organization","name":"El digital de Asturias","description":"Revista de ocio, turismo y estilo de vida","url":"https:\/\/eldigitaldeasturias.com\/magazine365\/","logo":{"@type":"ImageObject","url":"https:\/\/www.eldigitaldeasturias.com\/noticias\/wp-content\/uploads\/2020\/12\/EDA.jpg","@id":"https:\/\/eldigitaldeasturias.com\/magazine365\/espanoles-irlandeses-alemanes-griegos-y-suecos-los-mas-preocupados-por-el-brexit\/#organizationLogo"},"image":{"@id":"https:\/\/eldigitaldeasturias.com\/magazine365\/espanoles-irlandeses-alemanes-griegos-y-suecos-los-mas-preocupados-por-el-brexit\/#organizationLogo"}},{"@type":"Person","@id":"https:\/\/eldigitaldeasturias.com\/magazine365\/author\/admin\/#author","url":"https:\/\/eldigitaldeasturias.com\/magazine365\/author\/admin\/","name":"admin","image":{"@type":"ImageObject","@id":"https:\/\/eldigitaldeasturias.com\/magazine365\/espanoles-irlandeses-alemanes-griegos-y-suecos-los-mas-preocupados-por-el-brexit\/#authorImage","url":"https:\/\/eldigitaldeasturias.com\/magazine365\/wp-content\/litespeed\/avatar\/e571bcf59a0edd6fa6838245a470f2fe.jpg?ver=1776969259","width":96,"height":96,"caption":"admin"}},{"@type":"WebPage","@id":"https:\/\/eldigitaldeasturias.com\/magazine365\/espanoles-irlandeses-alemanes-griegos-y-suecos-los-mas-preocupados-por-el-brexit\/#webpage","url":"https:\/\/eldigitaldeasturias.com\/magazine365\/espanoles-irlandeses-alemanes-griegos-y-suecos-los-mas-preocupados-por-el-brexit\/","name":"Espa\u00f1oles, irlandeses, alemanes, griegos y suecos, los m\u00e1s preocupados por el \u2018Brexit\u2019 | El Digital de Asturias","description":"Los espa\u00f1oles se encuentran entre los europeos m\u00e1s preocupados por la posibilidad de que Reino Unido abandone la Uni\u00f3n Europea, una inquietud que comparten con los irlandeses, los alemanes, los griegos y los suecos, seg\u00fan el estudio 'El Futuro de Europa 2016', elaborado por Grant Thornton. Un 78% de los directivos empresariales de la zona","inLanguage":"es-ES","isPartOf":{"@id":"https:\/\/eldigitaldeasturias.com\/magazine365\/#website"},"breadcrumb":{"@id":"https:\/\/eldigitaldeasturias.com\/magazine365\/espanoles-irlandeses-alemanes-griegos-y-suecos-los-mas-preocupados-por-el-brexit\/#breadcrumblist"},"author":{"@id":"https:\/\/eldigitaldeasturias.com\/magazine365\/author\/admin\/#author"},"creator":{"@id":"https:\/\/eldigitaldeasturias.com\/magazine365\/author\/admin\/#author"},"image":{"@type":"ImageObject","url":"https:\/\/eldigitaldeasturias.com\/magazine365\/wp-content\/uploads\/2016\/06\/m365.jpg","@id":"https:\/\/eldigitaldeasturias.com\/magazine365\/espanoles-irlandeses-alemanes-griegos-y-suecos-los-mas-preocupados-por-el-brexit\/#mainImage","width":655,"height":360},"primaryImageOfPage":{"@id":"https:\/\/eldigitaldeasturias.com\/magazine365\/espanoles-irlandeses-alemanes-griegos-y-suecos-los-mas-preocupados-por-el-brexit\/#mainImage"},"datePublished":"2016-06-08T18:06:29+02:00","dateModified":"2016-06-08T18:06:29+02:00"},{"@type":"WebSite","@id":"https:\/\/eldigitaldeasturias.com\/magazine365\/#website","url":"https:\/\/eldigitaldeasturias.com\/magazine365\/","name":"El Digital de Asturias","description":"Revista de ocio, turismo y estilo de vida","inLanguage":"es-ES","publisher":{"@id":"https:\/\/eldigitaldeasturias.com\/magazine365\/#organization"}}]},"og:locale":"es_ES","og:site_name":"El Digital de Asturias \u2013 Revista de ocio, turismo y estilo de vida","og:type":"article","og:title":"Espa\u00f1oles, irlandeses, alemanes, griegos y suecos, los m\u00e1s preocupados por el \u2018Brexit\u2019 | El Digital de Asturias","og:description":"Los espa\u00f1oles se encuentran entre los europeos m\u00e1s preocupados por la posibilidad de que Reino Unido abandone la Uni\u00f3n Europea, una inquietud que comparten con los irlandeses, los alemanes, los griegos y los suecos, seg\u00fan el estudio 'El Futuro de Europa 2016', elaborado por Grant Thornton. Un 78% de los directivos empresariales de la zona","og:url":"https:\/\/eldigitaldeasturias.com\/magazine365\/espanoles-irlandeses-alemanes-griegos-y-suecos-los-mas-preocupados-por-el-brexit\/","og:image":"https:\/\/eldigitaldeasturias.com\/magazine365\/wp-content\/uploads\/2016\/06\/m365.jpg","og:image:secure_url":"https:\/\/eldigitaldeasturias.com\/magazine365\/wp-content\/uploads\/2016\/06\/m365.jpg","og:image:width":655,"og:image:height":360,"article:published_time":"2016-06-08T16:06:29+00:00","article:modified_time":"2016-06-08T16:06:29+00:00","twitter:card":"summary_large_image","twitter:title":"Espa\u00f1oles, irlandeses, alemanes, griegos y suecos, los m\u00e1s preocupados por el \u2018Brexit\u2019 | El Digital de Asturias","twitter:description":"Los espa\u00f1oles se encuentran entre los europeos m\u00e1s preocupados por la posibilidad de que Reino Unido abandone la Uni\u00f3n Europea, una inquietud que comparten con los irlandeses, los alemanes, los griegos y los suecos, seg\u00fan el estudio 'El Futuro de Europa 2016', elaborado por Grant Thornton. Un 78% de los directivos empresariales de la zona","twitter:image":"https:\/\/eldigitaldeasturias.com\/magazine365\/wp-content\/uploads\/2016\/06\/m365.jpg"},"aioseo_meta_data":{"post_id":"78281","title":null,"description":null,"keywords":null,"keyphrases":null,"primary_term":null,"canonical_url":null,"og_title":null,"og_description":null,"og_object_type":"default","og_image_type":"default","og_image_url":null,"og_image_width":null,"og_image_height":null,"og_image_custom_url":null,"og_image_custom_fields":null,"og_video":null,"og_custom_url":null,"og_article_section":null,"og_article_tags":null,"twitter_use_og":false,"twitter_card":"default","twitter_image_type":"default","twitter_image_url":null,"twitter_image_custom_url":null,"twitter_image_custom_fields":null,"twitter_title":null,"twitter_description":null,"schema":{"blockGraphs":[],"customGraphs":[],"default":{"data":{"Article":[],"Course":[],"Dataset":[],"FAQPage":[],"Movie":[],"Person":[],"Product":[],"ProductReview":[],"Car":[],"Recipe":[],"Service":[],"SoftwareApplication":[],"WebPage":[]},"graphName":"","isEnabled":true},"graphs":[],"defaultGraph":"","defaultPostTypeGraph":""},"schema_type":null,"schema_type_options":null,"pillar_content":false,"robots_default":true,"robots_noindex":false,"robots_noarchive":false,"robots_nosnippet":false,"robots_nofollow":false,"robots_noimageindex":false,"robots_noodp":false,"robots_notranslate":false,"robots_max_snippet":null,"robots_max_videopreview":null,"robots_max_imagepreview":"large","priority":null,"frequency":null,"location":null,"local_seo":null,"seo_analyzer_scan_date":"2025-09-27 16:37:10","breadcrumb_settings":null,"limit_modified_date":false,"open_ai":null,"ai":null,"created":"2021-03-08 18:02:52","updated":"2025-09-27 16:37:10"},"aioseo_breadcrumb":"<div class=\"aioseo-breadcrumbs\"><span class=\"aioseo-breadcrumb\">\n\t<a href=\"https:\/\/eldigitaldeasturias.com\/magazine365\" title=\"Home\">Home<\/a>\n<\/span><span class=\"aioseo-breadcrumb-separator\">\u2013<\/span><span class=\"aioseo-breadcrumb\">\n\t<a href=\"https:\/\/eldigitaldeasturias.com\/magazine365\/category\/noticias-actualidad\/\" title=\"Noticias y Actualidad\">Noticias y Actualidad<\/a>\n<\/span><span class=\"aioseo-breadcrumb-separator\">\u2013<\/span><span class=\"aioseo-breadcrumb\">\n\t<a href=\"https:\/\/eldigitaldeasturias.com\/magazine365\/espanoles-irlandeses-alemanes-griegos-y-suecos-los-mas-preocupados-por-el-brexit\/\" title=\"Espa\u00f1oles, irlandeses, alemanes, griegos y suecos, los m\u00e1s preocupados por el \u2018Brexit\u2019\">Espa\u00f1oles, irlandeses, alemanes, griegos y suecos, los m\u00e1s preocupados por el \u2018Brexit\u2019<\/a>\n<\/span><\/div>","aioseo_breadcrumb_json":[{"label":"Home","link":"https:\/\/eldigitaldeasturias.com\/magazine365"},{"label":"Noticias y Actualidad","link":"https:\/\/eldigitaldeasturias.com\/magazine365\/category\/noticias-actualidad\/"},{"label":"Espa\u00f1oles, irlandeses, alemanes, griegos y suecos, los m\u00e1s preocupados por el &#8216;Brexit&#8217;","link":"https:\/\/eldigitaldeasturias.com\/magazine365\/espanoles-irlandeses-alemanes-griegos-y-suecos-los-mas-preocupados-por-el-brexit\/"}],"_links":{"self":[{"href":"https:\/\/eldigitaldeasturias.com\/magazine365\/wp-json\/wp\/v2\/posts\/78281","targetHints":{"allow":["GET"]}}],"collection":[{"href":"https:\/\/eldigitaldeasturias.com\/magazine365\/wp-json\/wp\/v2\/posts"}],"about":[{"href":"https:\/\/eldigitaldeasturias.com\/magazine365\/wp-json\/wp\/v2\/types\/post"}],"author":[{"embeddable":true,"href":"https:\/\/eldigitaldeasturias.com\/magazine365\/wp-json\/wp\/v2\/users\/1"}],"replies":[{"embeddable":true,"href":"https:\/\/eldigitaldeasturias.com\/magazine365\/wp-json\/wp\/v2\/comments?post=78281"}],"version-history":[{"count":0,"href":"https:\/\/eldigitaldeasturias.com\/magazine365\/wp-json\/wp\/v2\/posts\/78281\/revisions"}],"wp:featuredmedia":[{"embeddable":true,"href":"https:\/\/eldigitaldeasturias.com\/magazine365\/wp-json\/wp\/v2\/media\/77926"}],"wp:attachment":[{"href":"https:\/\/eldigitaldeasturias.com\/magazine365\/wp-json\/wp\/v2\/media?parent=78281"}],"wp:term":[{"taxonomy":"category","embeddable":true,"href":"https:\/\/eldigitaldeasturias.com\/magazine365\/wp-json\/wp\/v2\/categories?post=78281"},{"taxonomy":"post_tag","embeddable":true,"href":"https:\/\/eldigitaldeasturias.com\/magazine365\/wp-json\/wp\/v2\/tags?post=78281"}],"curies":[{"name":"wp","href":"https:\/\/api.w.org\/{rel}","templated":true}]}}