{"id":78276,"date":"2016-06-08T18:04:01","date_gmt":"2016-06-08T16:04:01","guid":{"rendered":"http:\/\/eldigitaldeasturias.com\/magazine365\/?p=78276"},"modified":"2016-06-08T18:04:01","modified_gmt":"2016-06-08T16:04:01","slug":"ces-aprueba-el-proyecto-de-decreto-que-regula-el-turismo-activo-de-la-region","status":"publish","type":"post","link":"https:\/\/eldigitaldeasturias.com\/magazine365\/ces-aprueba-el-proyecto-de-decreto-que-regula-el-turismo-activo-de-la-region\/","title":{"rendered":"CES aprueba el Proyecto de Decreto que regula el turismo activo de la regi\u00f3n"},"content":{"rendered":"<p><img fetchpriority=\"high\" decoding=\"async\" class=\"alignleft size-medium wp-image-77926\" src=\"https:\/\/eldigitaldeasturias.com\/magazine365\/wp-content\/uploads\/2016\/06\/m365-360x198.jpg\" alt=\"m365\" width=\"360\" height=\"198\" srcset=\"https:\/\/eldigitaldeasturias.com\/magazine365\/wp-content\/uploads\/2016\/06\/m365-360x198.jpg 360w, https:\/\/eldigitaldeasturias.com\/magazine365\/wp-content\/uploads\/2016\/06\/m365-650x357.jpg 650w, https:\/\/eldigitaldeasturias.com\/magazine365\/wp-content\/uploads\/2016\/06\/m365-150x82.jpg 150w, https:\/\/eldigitaldeasturias.com\/magazine365\/wp-content\/uploads\/2016\/06\/m365-450x247.jpg 450w, https:\/\/eldigitaldeasturias.com\/magazine365\/wp-content\/uploads\/2016\/06\/m365.jpg 655w\" sizes=\"(max-width: 360px) 100vw, 360px\" \/>El Consejo Econ\u00f3mico y Social (CES) ha aprobado, en el Pleno celebrado este mi\u00e9rcoles, el Dictamen sobre el Proyecto de Decreto por el que se regulan las Empresas de Turismo Activo de la Regi\u00f3n de Murcia.<\/p>\n<p>Asimismo, se ha sometido a debate y aprobaci\u00f3n el Dictamen sobre el Proyecto de Decreto por el que se regula la alimentaci\u00f3n de determinadas especies de fauna silvestre con subproductos de animales no destinados a consumo humano, procedentes de explotaciones ganaderas en zonas de protecci\u00f3n de la Comunidad Aut\u00f3noma de la Regi\u00f3n de Murcia.<\/p>\n<p>Ambos dict\u00e1menes se encuentran disponibles en la web del CESRM.<\/p>\n","protected":false},"excerpt":{"rendered":"<p>El Consejo Econ\u00f3mico y Social (CES) ha aprobado, en el Pleno celebrado este mi\u00e9rcoles, el Dictamen sobre el Proyecto de Decreto por el que se regulan las Empresas de Turismo Activo de la Regi\u00f3n de Murcia. Asimismo, se ha sometido a debate y aprobaci\u00f3n el Dictamen sobre el Proyecto de Decreto por el que se<\/p>\n","protected":false},"author":1,"featured_media":77926,"comment_status":"open","ping_status":"closed","sticky":false,"template":"","format":"standard","meta":{"footnotes":""},"categories":[224],"tags":[],"class_list":{"0":"post-78276","1":"post","2":"type-post","3":"status-publish","4":"format-standard","5":"has-post-thumbnail","7":"category-noticias-actualidad"},"aioseo_notices":[],"aioseo_head":"\n\t\t<!-- All in One SEO Pro 4.9.6.1 - aioseo.com -->\n\t<meta name=\"description\" content=\"El Consejo Econ\u00f3mico y Social (CES) ha aprobado, en el Pleno celebrado este mi\u00e9rcoles, el Dictamen sobre el Proyecto de Decreto por el que se regulan las Empresas de Turismo Activo de la Regi\u00f3n de Murcia. Asimismo, se ha sometido a debate y aprobaci\u00f3n el Dictamen sobre el Proyecto de Decreto por el que se\" \/>\n\t<meta name=\"robots\" content=\"max-image-preview:large\" \/>\n\t<meta name=\"author\" content=\"admin\"\/>\n\t<meta name=\"google-site-verification\" content=\"UA-38556648-1\" \/>\n\t<meta name=\"keywords\" content=\"noticias y actualidad\" \/>\n\t<link rel=\"canonical\" href=\"https:\/\/eldigitaldeasturias.com\/magazine365\/ces-aprueba-el-proyecto-de-decreto-que-regula-el-turismo-activo-de-la-region\/\" \/>\n\t<meta name=\"generator\" content=\"All in One SEO Pro (AIOSEO) 4.9.6.1\" \/>\n\t\t<meta property=\"og:locale\" content=\"es_ES\" \/>\n\t\t<meta property=\"og:site_name\" content=\"El Digital de Asturias \u2013 Revista de ocio, turismo y estilo de vida\" \/>\n\t\t<meta property=\"og:type\" content=\"article\" \/>\n\t\t<meta property=\"og:title\" content=\"CES aprueba el Proyecto de Decreto que regula el turismo activo de la regi\u00f3n | El Digital de Asturias\" \/>\n\t\t<meta property=\"og:description\" content=\"El Consejo Econ\u00f3mico y Social (CES) ha aprobado, en el Pleno celebrado este mi\u00e9rcoles, el Dictamen sobre el Proyecto de Decreto por el que se regulan las Empresas de Turismo Activo de la Regi\u00f3n de Murcia. Asimismo, se ha sometido a debate y aprobaci\u00f3n el Dictamen sobre el Proyecto de Decreto por el que se\" \/>\n\t\t<meta property=\"og:url\" content=\"https:\/\/eldigitaldeasturias.com\/magazine365\/ces-aprueba-el-proyecto-de-decreto-que-regula-el-turismo-activo-de-la-region\/\" \/>\n\t\t<meta property=\"og:image\" content=\"https:\/\/eldigitaldeasturias.com\/magazine365\/wp-content\/uploads\/2016\/06\/m365.jpg\" \/>\n\t\t<meta property=\"og:image:secure_url\" content=\"https:\/\/eldigitaldeasturias.com\/magazine365\/wp-content\/uploads\/2016\/06\/m365.jpg\" \/>\n\t\t<meta property=\"og:image:width\" content=\"655\" \/>\n\t\t<meta property=\"og:image:height\" content=\"360\" \/>\n\t\t<meta property=\"article:published_time\" content=\"2016-06-08T16:04:01+00:00\" \/>\n\t\t<meta property=\"article:modified_time\" content=\"2016-06-08T16:04:01+00:00\" \/>\n\t\t<meta name=\"twitter:card\" content=\"summary_large_image\" \/>\n\t\t<meta name=\"twitter:title\" content=\"CES aprueba el Proyecto de Decreto que regula el turismo activo de la regi\u00f3n | El Digital de Asturias\" \/>\n\t\t<meta name=\"twitter:description\" content=\"El Consejo Econ\u00f3mico y Social (CES) ha aprobado, en el Pleno celebrado este mi\u00e9rcoles, el Dictamen sobre el Proyecto de Decreto por el que se regulan las Empresas de Turismo Activo de la Regi\u00f3n de Murcia. Asimismo, se ha sometido a debate y aprobaci\u00f3n el Dictamen sobre el Proyecto de Decreto por el que se\" \/>\n\t\t<meta name=\"twitter:image\" content=\"https:\/\/eldigitaldeasturias.com\/magazine365\/wp-content\/uploads\/2016\/06\/m365.jpg\" \/>\n\t\t<script type=\"application\/ld+json\" class=\"aioseo-schema\">\n\t\t\t{\"@context\":\"https:\\\/\\\/schema.org\",\"@graph\":[{\"@type\":\"Article\",\"@id\":\"https:\\\/\\\/eldigitaldeasturias.com\\\/magazine365\\\/ces-aprueba-el-proyecto-de-decreto-que-regula-el-turismo-activo-de-la-region\\\/#article\",\"name\":\"CES aprueba el Proyecto de Decreto que regula el turismo activo de la regi\\u00f3n | El Digital de Asturias\",\"headline\":\"CES aprueba el Proyecto de Decreto que regula el turismo activo de la regi\\u00f3n\",\"author\":{\"@id\":\"https:\\\/\\\/eldigitaldeasturias.com\\\/magazine365\\\/author\\\/admin\\\/#author\"},\"publisher\":{\"@id\":\"https:\\\/\\\/eldigitaldeasturias.com\\\/magazine365\\\/#organization\"},\"image\":{\"@type\":\"ImageObject\",\"url\":\"https:\\\/\\\/eldigitaldeasturias.com\\\/magazine365\\\/wp-content\\\/uploads\\\/2016\\\/06\\\/m365.jpg\",\"width\":655,\"height\":360},\"datePublished\":\"2016-06-08T18:04:01+02:00\",\"dateModified\":\"2016-06-08T18:04:01+02:00\",\"inLanguage\":\"es-ES\",\"mainEntityOfPage\":{\"@id\":\"https:\\\/\\\/eldigitaldeasturias.com\\\/magazine365\\\/ces-aprueba-el-proyecto-de-decreto-que-regula-el-turismo-activo-de-la-region\\\/#webpage\"},\"isPartOf\":{\"@id\":\"https:\\\/\\\/eldigitaldeasturias.com\\\/magazine365\\\/ces-aprueba-el-proyecto-de-decreto-que-regula-el-turismo-activo-de-la-region\\\/#webpage\"},\"articleSection\":\"Noticias y Actualidad\"},{\"@type\":\"BreadcrumbList\",\"@id\":\"https:\\\/\\\/eldigitaldeasturias.com\\\/magazine365\\\/ces-aprueba-el-proyecto-de-decreto-que-regula-el-turismo-activo-de-la-region\\\/#breadcrumblist\",\"itemListElement\":[{\"@type\":\"ListItem\",\"@id\":\"https:\\\/\\\/eldigitaldeasturias.com\\\/magazine365#listItem\",\"position\":1,\"name\":\"Home\",\"item\":\"https:\\\/\\\/eldigitaldeasturias.com\\\/magazine365\",\"nextItem\":{\"@type\":\"ListItem\",\"@id\":\"https:\\\/\\\/eldigitaldeasturias.com\\\/magazine365\\\/category\\\/noticias-actualidad\\\/#listItem\",\"name\":\"Noticias y Actualidad\"}},{\"@type\":\"ListItem\",\"@id\":\"https:\\\/\\\/eldigitaldeasturias.com\\\/magazine365\\\/category\\\/noticias-actualidad\\\/#listItem\",\"position\":2,\"name\":\"Noticias y Actualidad\",\"item\":\"https:\\\/\\\/eldigitaldeasturias.com\\\/magazine365\\\/category\\\/noticias-actualidad\\\/\",\"nextItem\":{\"@type\":\"ListItem\",\"@id\":\"https:\\\/\\\/eldigitaldeasturias.com\\\/magazine365\\\/ces-aprueba-el-proyecto-de-decreto-que-regula-el-turismo-activo-de-la-region\\\/#listItem\",\"name\":\"CES aprueba el Proyecto de Decreto que regula el turismo activo de la regi\\u00f3n\"},\"previousItem\":{\"@type\":\"ListItem\",\"@id\":\"https:\\\/\\\/eldigitaldeasturias.com\\\/magazine365#listItem\",\"name\":\"Home\"}},{\"@type\":\"ListItem\",\"@id\":\"https:\\\/\\\/eldigitaldeasturias.com\\\/magazine365\\\/ces-aprueba-el-proyecto-de-decreto-que-regula-el-turismo-activo-de-la-region\\\/#listItem\",\"position\":3,\"name\":\"CES aprueba el Proyecto de Decreto que regula el turismo activo de la regi\\u00f3n\",\"previousItem\":{\"@type\":\"ListItem\",\"@id\":\"https:\\\/\\\/eldigitaldeasturias.com\\\/magazine365\\\/category\\\/noticias-actualidad\\\/#listItem\",\"name\":\"Noticias y Actualidad\"}}]},{\"@type\":\"Organization\",\"@id\":\"https:\\\/\\\/eldigitaldeasturias.com\\\/magazine365\\\/#organization\",\"name\":\"El digital de Asturias\",\"description\":\"Revista de ocio, turismo y estilo de vida\",\"url\":\"https:\\\/\\\/eldigitaldeasturias.com\\\/magazine365\\\/\",\"logo\":{\"@type\":\"ImageObject\",\"url\":\"https:\\\/\\\/www.eldigitaldeasturias.com\\\/noticias\\\/wp-content\\\/uploads\\\/2020\\\/12\\\/EDA.jpg\",\"@id\":\"https:\\\/\\\/eldigitaldeasturias.com\\\/magazine365\\\/ces-aprueba-el-proyecto-de-decreto-que-regula-el-turismo-activo-de-la-region\\\/#organizationLogo\"},\"image\":{\"@id\":\"https:\\\/\\\/eldigitaldeasturias.com\\\/magazine365\\\/ces-aprueba-el-proyecto-de-decreto-que-regula-el-turismo-activo-de-la-region\\\/#organizationLogo\"}},{\"@type\":\"Person\",\"@id\":\"https:\\\/\\\/eldigitaldeasturias.com\\\/magazine365\\\/author\\\/admin\\\/#author\",\"url\":\"https:\\\/\\\/eldigitaldeasturias.com\\\/magazine365\\\/author\\\/admin\\\/\",\"name\":\"admin\",\"image\":{\"@type\":\"ImageObject\",\"@id\":\"https:\\\/\\\/eldigitaldeasturias.com\\\/magazine365\\\/ces-aprueba-el-proyecto-de-decreto-que-regula-el-turismo-activo-de-la-region\\\/#authorImage\",\"url\":\"https:\\\/\\\/eldigitaldeasturias.com\\\/magazine365\\\/wp-content\\\/litespeed\\\/avatar\\\/e571bcf59a0edd6fa6838245a470f2fe.jpg?ver=1776969259\",\"width\":96,\"height\":96,\"caption\":\"admin\"}},{\"@type\":\"WebPage\",\"@id\":\"https:\\\/\\\/eldigitaldeasturias.com\\\/magazine365\\\/ces-aprueba-el-proyecto-de-decreto-que-regula-el-turismo-activo-de-la-region\\\/#webpage\",\"url\":\"https:\\\/\\\/eldigitaldeasturias.com\\\/magazine365\\\/ces-aprueba-el-proyecto-de-decreto-que-regula-el-turismo-activo-de-la-region\\\/\",\"name\":\"CES aprueba el Proyecto de Decreto que regula el turismo activo de la regi\\u00f3n | El Digital de Asturias\",\"description\":\"El Consejo Econ\\u00f3mico y Social (CES) ha aprobado, en el Pleno celebrado este mi\\u00e9rcoles, el Dictamen sobre el Proyecto de Decreto por el que se regulan las Empresas de Turismo Activo de la Regi\\u00f3n de Murcia. Asimismo, se ha sometido a debate y aprobaci\\u00f3n el Dictamen sobre el Proyecto de Decreto por el que se\",\"inLanguage\":\"es-ES\",\"isPartOf\":{\"@id\":\"https:\\\/\\\/eldigitaldeasturias.com\\\/magazine365\\\/#website\"},\"breadcrumb\":{\"@id\":\"https:\\\/\\\/eldigitaldeasturias.com\\\/magazine365\\\/ces-aprueba-el-proyecto-de-decreto-que-regula-el-turismo-activo-de-la-region\\\/#breadcrumblist\"},\"author\":{\"@id\":\"https:\\\/\\\/eldigitaldeasturias.com\\\/magazine365\\\/author\\\/admin\\\/#author\"},\"creator\":{\"@id\":\"https:\\\/\\\/eldigitaldeasturias.com\\\/magazine365\\\/author\\\/admin\\\/#author\"},\"image\":{\"@type\":\"ImageObject\",\"url\":\"https:\\\/\\\/eldigitaldeasturias.com\\\/magazine365\\\/wp-content\\\/uploads\\\/2016\\\/06\\\/m365.jpg\",\"@id\":\"https:\\\/\\\/eldigitaldeasturias.com\\\/magazine365\\\/ces-aprueba-el-proyecto-de-decreto-que-regula-el-turismo-activo-de-la-region\\\/#mainImage\",\"width\":655,\"height\":360},\"primaryImageOfPage\":{\"@id\":\"https:\\\/\\\/eldigitaldeasturias.com\\\/magazine365\\\/ces-aprueba-el-proyecto-de-decreto-que-regula-el-turismo-activo-de-la-region\\\/#mainImage\"},\"datePublished\":\"2016-06-08T18:04:01+02:00\",\"dateModified\":\"2016-06-08T18:04:01+02:00\"},{\"@type\":\"WebSite\",\"@id\":\"https:\\\/\\\/eldigitaldeasturias.com\\\/magazine365\\\/#website\",\"url\":\"https:\\\/\\\/eldigitaldeasturias.com\\\/magazine365\\\/\",\"name\":\"El Digital de Asturias\",\"description\":\"Revista de ocio, turismo y estilo de vida\",\"inLanguage\":\"es-ES\",\"publisher\":{\"@id\":\"https:\\\/\\\/eldigitaldeasturias.com\\\/magazine365\\\/#organization\"}}]}\n\t\t<\/script>\n\t\t<!-- All in One SEO Pro -->\r\n\t\t<title>CES aprueba el Proyecto de Decreto que regula el turismo activo de la regi\u00f3n | El Digital de Asturias<\/title>\n\n","aioseo_head_json":{"title":"CES aprueba el Proyecto de Decreto que regula el turismo activo de la regi\u00f3n | El Digital de Asturias","description":"El Consejo Econ\u00f3mico y Social (CES) ha aprobado, en el Pleno celebrado este mi\u00e9rcoles, el Dictamen sobre el Proyecto de Decreto por el que se regulan las Empresas de Turismo Activo de la Regi\u00f3n de Murcia. Asimismo, se ha sometido a debate y aprobaci\u00f3n el Dictamen sobre el Proyecto de Decreto por el que se","canonical_url":"https:\/\/eldigitaldeasturias.com\/magazine365\/ces-aprueba-el-proyecto-de-decreto-que-regula-el-turismo-activo-de-la-region\/","robots":"max-image-preview:large","keywords":"noticias y actualidad","webmasterTools":{"google-site-verification":"UA-38556648-1","miscellaneous":""},"schema":{"@context":"https:\/\/schema.org","@graph":[{"@type":"Article","@id":"https:\/\/eldigitaldeasturias.com\/magazine365\/ces-aprueba-el-proyecto-de-decreto-que-regula-el-turismo-activo-de-la-region\/#article","name":"CES aprueba el Proyecto de Decreto que regula el turismo activo de la regi\u00f3n | El Digital de Asturias","headline":"CES aprueba el Proyecto de Decreto que regula el turismo activo de la regi\u00f3n","author":{"@id":"https:\/\/eldigitaldeasturias.com\/magazine365\/author\/admin\/#author"},"publisher":{"@id":"https:\/\/eldigitaldeasturias.com\/magazine365\/#organization"},"image":{"@type":"ImageObject","url":"https:\/\/eldigitaldeasturias.com\/magazine365\/wp-content\/uploads\/2016\/06\/m365.jpg","width":655,"height":360},"datePublished":"2016-06-08T18:04:01+02:00","dateModified":"2016-06-08T18:04:01+02:00","inLanguage":"es-ES","mainEntityOfPage":{"@id":"https:\/\/eldigitaldeasturias.com\/magazine365\/ces-aprueba-el-proyecto-de-decreto-que-regula-el-turismo-activo-de-la-region\/#webpage"},"isPartOf":{"@id":"https:\/\/eldigitaldeasturias.com\/magazine365\/ces-aprueba-el-proyecto-de-decreto-que-regula-el-turismo-activo-de-la-region\/#webpage"},"articleSection":"Noticias y Actualidad"},{"@type":"BreadcrumbList","@id":"https:\/\/eldigitaldeasturias.com\/magazine365\/ces-aprueba-el-proyecto-de-decreto-que-regula-el-turismo-activo-de-la-region\/#breadcrumblist","itemListElement":[{"@type":"ListItem","@id":"https:\/\/eldigitaldeasturias.com\/magazine365#listItem","position":1,"name":"Home","item":"https:\/\/eldigitaldeasturias.com\/magazine365","nextItem":{"@type":"ListItem","@id":"https:\/\/eldigitaldeasturias.com\/magazine365\/category\/noticias-actualidad\/#listItem","name":"Noticias y Actualidad"}},{"@type":"ListItem","@id":"https:\/\/eldigitaldeasturias.com\/magazine365\/category\/noticias-actualidad\/#listItem","position":2,"name":"Noticias y Actualidad","item":"https:\/\/eldigitaldeasturias.com\/magazine365\/category\/noticias-actualidad\/","nextItem":{"@type":"ListItem","@id":"https:\/\/eldigitaldeasturias.com\/magazine365\/ces-aprueba-el-proyecto-de-decreto-que-regula-el-turismo-activo-de-la-region\/#listItem","name":"CES aprueba el Proyecto de Decreto que regula el turismo activo de la regi\u00f3n"},"previousItem":{"@type":"ListItem","@id":"https:\/\/eldigitaldeasturias.com\/magazine365#listItem","name":"Home"}},{"@type":"ListItem","@id":"https:\/\/eldigitaldeasturias.com\/magazine365\/ces-aprueba-el-proyecto-de-decreto-que-regula-el-turismo-activo-de-la-region\/#listItem","position":3,"name":"CES aprueba el Proyecto de Decreto que regula el turismo activo de la regi\u00f3n","previousItem":{"@type":"ListItem","@id":"https:\/\/eldigitaldeasturias.com\/magazine365\/category\/noticias-actualidad\/#listItem","name":"Noticias y Actualidad"}}]},{"@type":"Organization","@id":"https:\/\/eldigitaldeasturias.com\/magazine365\/#organization","name":"El digital de Asturias","description":"Revista de ocio, turismo y estilo de vida","url":"https:\/\/eldigitaldeasturias.com\/magazine365\/","logo":{"@type":"ImageObject","url":"https:\/\/www.eldigitaldeasturias.com\/noticias\/wp-content\/uploads\/2020\/12\/EDA.jpg","@id":"https:\/\/eldigitaldeasturias.com\/magazine365\/ces-aprueba-el-proyecto-de-decreto-que-regula-el-turismo-activo-de-la-region\/#organizationLogo"},"image":{"@id":"https:\/\/eldigitaldeasturias.com\/magazine365\/ces-aprueba-el-proyecto-de-decreto-que-regula-el-turismo-activo-de-la-region\/#organizationLogo"}},{"@type":"Person","@id":"https:\/\/eldigitaldeasturias.com\/magazine365\/author\/admin\/#author","url":"https:\/\/eldigitaldeasturias.com\/magazine365\/author\/admin\/","name":"admin","image":{"@type":"ImageObject","@id":"https:\/\/eldigitaldeasturias.com\/magazine365\/ces-aprueba-el-proyecto-de-decreto-que-regula-el-turismo-activo-de-la-region\/#authorImage","url":"https:\/\/eldigitaldeasturias.com\/magazine365\/wp-content\/litespeed\/avatar\/e571bcf59a0edd6fa6838245a470f2fe.jpg?ver=1776969259","width":96,"height":96,"caption":"admin"}},{"@type":"WebPage","@id":"https:\/\/eldigitaldeasturias.com\/magazine365\/ces-aprueba-el-proyecto-de-decreto-que-regula-el-turismo-activo-de-la-region\/#webpage","url":"https:\/\/eldigitaldeasturias.com\/magazine365\/ces-aprueba-el-proyecto-de-decreto-que-regula-el-turismo-activo-de-la-region\/","name":"CES aprueba el Proyecto de Decreto que regula el turismo activo de la regi\u00f3n | El Digital de Asturias","description":"El Consejo Econ\u00f3mico y Social (CES) ha aprobado, en el Pleno celebrado este mi\u00e9rcoles, el Dictamen sobre el Proyecto de Decreto por el que se regulan las Empresas de Turismo Activo de la Regi\u00f3n de Murcia. Asimismo, se ha sometido a debate y aprobaci\u00f3n el Dictamen sobre el Proyecto de Decreto por el que se","inLanguage":"es-ES","isPartOf":{"@id":"https:\/\/eldigitaldeasturias.com\/magazine365\/#website"},"breadcrumb":{"@id":"https:\/\/eldigitaldeasturias.com\/magazine365\/ces-aprueba-el-proyecto-de-decreto-que-regula-el-turismo-activo-de-la-region\/#breadcrumblist"},"author":{"@id":"https:\/\/eldigitaldeasturias.com\/magazine365\/author\/admin\/#author"},"creator":{"@id":"https:\/\/eldigitaldeasturias.com\/magazine365\/author\/admin\/#author"},"image":{"@type":"ImageObject","url":"https:\/\/eldigitaldeasturias.com\/magazine365\/wp-content\/uploads\/2016\/06\/m365.jpg","@id":"https:\/\/eldigitaldeasturias.com\/magazine365\/ces-aprueba-el-proyecto-de-decreto-que-regula-el-turismo-activo-de-la-region\/#mainImage","width":655,"height":360},"primaryImageOfPage":{"@id":"https:\/\/eldigitaldeasturias.com\/magazine365\/ces-aprueba-el-proyecto-de-decreto-que-regula-el-turismo-activo-de-la-region\/#mainImage"},"datePublished":"2016-06-08T18:04:01+02:00","dateModified":"2016-06-08T18:04:01+02:00"},{"@type":"WebSite","@id":"https:\/\/eldigitaldeasturias.com\/magazine365\/#website","url":"https:\/\/eldigitaldeasturias.com\/magazine365\/","name":"El Digital de Asturias","description":"Revista de ocio, turismo y estilo de vida","inLanguage":"es-ES","publisher":{"@id":"https:\/\/eldigitaldeasturias.com\/magazine365\/#organization"}}]},"og:locale":"es_ES","og:site_name":"El Digital de Asturias \u2013 Revista de ocio, turismo y estilo de vida","og:type":"article","og:title":"CES aprueba el Proyecto de Decreto que regula el turismo activo de la regi\u00f3n | El Digital de Asturias","og:description":"El Consejo Econ\u00f3mico y Social (CES) ha aprobado, en el Pleno celebrado este mi\u00e9rcoles, el Dictamen sobre el Proyecto de Decreto por el que se regulan las Empresas de Turismo Activo de la Regi\u00f3n de Murcia. Asimismo, se ha sometido a debate y aprobaci\u00f3n el Dictamen sobre el Proyecto de Decreto por el que se","og:url":"https:\/\/eldigitaldeasturias.com\/magazine365\/ces-aprueba-el-proyecto-de-decreto-que-regula-el-turismo-activo-de-la-region\/","og:image":"https:\/\/eldigitaldeasturias.com\/magazine365\/wp-content\/uploads\/2016\/06\/m365.jpg","og:image:secure_url":"https:\/\/eldigitaldeasturias.com\/magazine365\/wp-content\/uploads\/2016\/06\/m365.jpg","og:image:width":655,"og:image:height":360,"article:published_time":"2016-06-08T16:04:01+00:00","article:modified_time":"2016-06-08T16:04:01+00:00","twitter:card":"summary_large_image","twitter:title":"CES aprueba el Proyecto de Decreto que regula el turismo activo de la regi\u00f3n | El Digital de Asturias","twitter:description":"El Consejo Econ\u00f3mico y Social (CES) ha aprobado, en el Pleno celebrado este mi\u00e9rcoles, el Dictamen sobre el Proyecto de Decreto por el que se regulan las Empresas de Turismo Activo de la Regi\u00f3n de Murcia. Asimismo, se ha sometido a debate y aprobaci\u00f3n el Dictamen sobre el Proyecto de Decreto por el que se","twitter:image":"https:\/\/eldigitaldeasturias.com\/magazine365\/wp-content\/uploads\/2016\/06\/m365.jpg"},"aioseo_meta_data":{"post_id":"78276","title":null,"description":null,"keywords":null,"keyphrases":null,"primary_term":null,"canonical_url":null,"og_title":null,"og_description":null,"og_object_type":"default","og_image_type":"default","og_image_url":null,"og_image_width":null,"og_image_height":null,"og_image_custom_url":null,"og_image_custom_fields":null,"og_video":null,"og_custom_url":null,"og_article_section":null,"og_article_tags":null,"twitter_use_og":false,"twitter_card":"default","twitter_image_type":"default","twitter_image_url":null,"twitter_image_custom_url":null,"twitter_image_custom_fields":null,"twitter_title":null,"twitter_description":null,"schema":{"blockGraphs":[],"customGraphs":[],"default":{"data":{"Article":[],"Course":[],"Dataset":[],"FAQPage":[],"Movie":[],"Person":[],"Product":[],"ProductReview":[],"Car":[],"Recipe":[],"Service":[],"SoftwareApplication":[],"WebPage":[]},"graphName":"","isEnabled":true},"graphs":[],"defaultGraph":"","defaultPostTypeGraph":""},"schema_type":null,"schema_type_options":null,"pillar_content":false,"robots_default":true,"robots_noindex":false,"robots_noarchive":false,"robots_nosnippet":false,"robots_nofollow":false,"robots_noimageindex":false,"robots_noodp":false,"robots_notranslate":false,"robots_max_snippet":null,"robots_max_videopreview":null,"robots_max_imagepreview":"large","priority":null,"frequency":null,"location":null,"local_seo":null,"seo_analyzer_scan_date":"2025-09-27 16:37:07","breadcrumb_settings":null,"limit_modified_date":false,"open_ai":null,"ai":null,"created":"2021-03-08 18:02:52","updated":"2025-09-27 16:37:07"},"aioseo_breadcrumb":"<div class=\"aioseo-breadcrumbs\"><span class=\"aioseo-breadcrumb\">\n\t<a href=\"https:\/\/eldigitaldeasturias.com\/magazine365\" title=\"Home\">Home<\/a>\n<\/span><span class=\"aioseo-breadcrumb-separator\">\u2013<\/span><span class=\"aioseo-breadcrumb\">\n\t<a href=\"https:\/\/eldigitaldeasturias.com\/magazine365\/category\/noticias-actualidad\/\" title=\"Noticias y Actualidad\">Noticias y Actualidad<\/a>\n<\/span><span class=\"aioseo-breadcrumb-separator\">\u2013<\/span><span class=\"aioseo-breadcrumb\">\n\t<a href=\"https:\/\/eldigitaldeasturias.com\/magazine365\/ces-aprueba-el-proyecto-de-decreto-que-regula-el-turismo-activo-de-la-region\/\" title=\"CES aprueba el Proyecto de Decreto que regula el turismo activo de la regi\u00f3n\">CES aprueba el Proyecto de Decreto que regula el turismo activo de la regi\u00f3n<\/a>\n<\/span><\/div>","aioseo_breadcrumb_json":[{"label":"Home","link":"https:\/\/eldigitaldeasturias.com\/magazine365"},{"label":"Noticias y Actualidad","link":"https:\/\/eldigitaldeasturias.com\/magazine365\/category\/noticias-actualidad\/"},{"label":"CES aprueba el Proyecto de Decreto que regula el turismo activo de la regi\u00f3n","link":"https:\/\/eldigitaldeasturias.com\/magazine365\/ces-aprueba-el-proyecto-de-decreto-que-regula-el-turismo-activo-de-la-region\/"}],"_links":{"self":[{"href":"https:\/\/eldigitaldeasturias.com\/magazine365\/wp-json\/wp\/v2\/posts\/78276","targetHints":{"allow":["GET"]}}],"collection":[{"href":"https:\/\/eldigitaldeasturias.com\/magazine365\/wp-json\/wp\/v2\/posts"}],"about":[{"href":"https:\/\/eldigitaldeasturias.com\/magazine365\/wp-json\/wp\/v2\/types\/post"}],"author":[{"embeddable":true,"href":"https:\/\/eldigitaldeasturias.com\/magazine365\/wp-json\/wp\/v2\/users\/1"}],"replies":[{"embeddable":true,"href":"https:\/\/eldigitaldeasturias.com\/magazine365\/wp-json\/wp\/v2\/comments?post=78276"}],"version-history":[{"count":0,"href":"https:\/\/eldigitaldeasturias.com\/magazine365\/wp-json\/wp\/v2\/posts\/78276\/revisions"}],"wp:featuredmedia":[{"embeddable":true,"href":"https:\/\/eldigitaldeasturias.com\/magazine365\/wp-json\/wp\/v2\/media\/77926"}],"wp:attachment":[{"href":"https:\/\/eldigitaldeasturias.com\/magazine365\/wp-json\/wp\/v2\/media?parent=78276"}],"wp:term":[{"taxonomy":"category","embeddable":true,"href":"https:\/\/eldigitaldeasturias.com\/magazine365\/wp-json\/wp\/v2\/categories?post=78276"},{"taxonomy":"post_tag","embeddable":true,"href":"https:\/\/eldigitaldeasturias.com\/magazine365\/wp-json\/wp\/v2\/tags?post=78276"}],"curies":[{"name":"wp","href":"https:\/\/api.w.org\/{rel}","templated":true}]}}