{"id":78266,"date":"2016-06-08T16:23:37","date_gmt":"2016-06-08T14:23:37","guid":{"rendered":"http:\/\/eldigitaldeasturias.com\/magazine365\/?p=78266"},"modified":"2016-06-08T16:23:37","modified_gmt":"2016-06-08T14:23:37","slug":"para-rivera-el-turismo-debe-de-ser-politica-de-estado","status":"publish","type":"post","link":"https:\/\/eldigitaldeasturias.com\/magazine365\/para-rivera-el-turismo-debe-de-ser-politica-de-estado\/","title":{"rendered":"Para Rivera el turismo debe de ser \u00abpol\u00edtica de Estado\u00bb"},"content":{"rendered":"<p><img fetchpriority=\"high\" decoding=\"async\" class=\"alignleft size-medium wp-image-78267\" src=\"https:\/\/eldigitaldeasturias.com\/magazine365\/wp-content\/uploads\/2016\/06\/fotonoticia_20160608143548_800-360x203.jpg\" alt=\"fotonoticia_20160608143548_800\" width=\"360\" height=\"203\" srcset=\"https:\/\/eldigitaldeasturias.com\/magazine365\/wp-content\/uploads\/2016\/06\/fotonoticia_20160608143548_800-360x203.jpg 360w, https:\/\/eldigitaldeasturias.com\/magazine365\/wp-content\/uploads\/2016\/06\/fotonoticia_20160608143548_800-650x366.jpg 650w, https:\/\/eldigitaldeasturias.com\/magazine365\/wp-content\/uploads\/2016\/06\/fotonoticia_20160608143548_800-768x432.jpg 768w, https:\/\/eldigitaldeasturias.com\/magazine365\/wp-content\/uploads\/2016\/06\/fotonoticia_20160608143548_800-150x84.jpg 150w, https:\/\/eldigitaldeasturias.com\/magazine365\/wp-content\/uploads\/2016\/06\/fotonoticia_20160608143548_800-450x253.jpg 450w, https:\/\/eldigitaldeasturias.com\/magazine365\/wp-content\/uploads\/2016\/06\/fotonoticia_20160608143548_800-499x280.jpg 499w, https:\/\/eldigitaldeasturias.com\/magazine365\/wp-content\/uploads\/2016\/06\/fotonoticia_20160608143548_800-510x289.jpg 510w, https:\/\/eldigitaldeasturias.com\/magazine365\/wp-content\/uploads\/2016\/06\/fotonoticia_20160608143548_800.jpg 800w\" sizes=\"(max-width: 360px) 100vw, 360px\" \/>El candidato a la presidencia del Gobierno de Ciudadanos (C&#8217;s), Albert Rivera, ha apostado este mi\u00e9rcoles en Palma porque el turismo \u00absea pol\u00edtica de estado\u00bb y que, adem\u00e1s, \u00abel ingl\u00e9s se implante como lengua vehicular en toda Espa\u00f1a\u00bb.<\/p>\n<p>Ante los medios de comunicaci\u00f3n, ha dicho que su proyecto econ\u00f3mico \u00abpermitir\u00e1 que en dos a\u00f1os se saneen las cuentas p\u00fablicas\u00bb. Para esto, ha dicho \u00abhay que pinchar la burbuja pol\u00edtica y luchar contra el fraude fiscal y la corrupci\u00f3n\u00bb.<\/p>\n","protected":false},"excerpt":{"rendered":"<p>El candidato a la presidencia del Gobierno de Ciudadanos (C&#8217;s), Albert Rivera, ha apostado este mi\u00e9rcoles en Palma porque el turismo \u00absea pol\u00edtica de estado\u00bb y que, adem\u00e1s, \u00abel ingl\u00e9s se implante como lengua vehicular en toda Espa\u00f1a\u00bb. Ante los medios de comunicaci\u00f3n, ha dicho que su proyecto econ\u00f3mico \u00abpermitir\u00e1 que en dos a\u00f1os se<\/p>\n","protected":false},"author":1,"featured_media":78267,"comment_status":"open","ping_status":"closed","sticky":false,"template":"","format":"standard","meta":{"footnotes":""},"categories":[224],"tags":[],"class_list":{"0":"post-78266","1":"post","2":"type-post","3":"status-publish","4":"format-standard","5":"has-post-thumbnail","7":"category-noticias-actualidad"},"aioseo_notices":[],"aioseo_head":"\n\t\t<!-- All in One SEO Pro 4.9.6.1 - aioseo.com -->\n\t<meta name=\"description\" content=\"El candidato a la presidencia del Gobierno de Ciudadanos (C&#039;s), Albert Rivera, ha apostado este mi\u00e9rcoles en Palma porque el turismo &quot;sea pol\u00edtica de estado&quot; y que, adem\u00e1s, &quot;el ingl\u00e9s se implante como lengua vehicular en toda Espa\u00f1a&quot;. Ante los medios de comunicaci\u00f3n, ha dicho que su proyecto econ\u00f3mico &quot;permitir\u00e1 que en dos a\u00f1os se\" \/>\n\t<meta name=\"robots\" content=\"max-image-preview:large\" \/>\n\t<meta name=\"author\" content=\"admin\"\/>\n\t<meta name=\"google-site-verification\" content=\"UA-38556648-1\" \/>\n\t<meta name=\"keywords\" content=\"noticias y actualidad\" \/>\n\t<link rel=\"canonical\" href=\"https:\/\/eldigitaldeasturias.com\/magazine365\/para-rivera-el-turismo-debe-de-ser-politica-de-estado\/\" \/>\n\t<meta name=\"generator\" content=\"All in One SEO Pro (AIOSEO) 4.9.6.1\" \/>\n\t\t<meta property=\"og:locale\" content=\"es_ES\" \/>\n\t\t<meta property=\"og:site_name\" content=\"El Digital de Asturias \u2013 Revista de ocio, turismo y estilo de vida\" \/>\n\t\t<meta property=\"og:type\" content=\"article\" \/>\n\t\t<meta property=\"og:title\" content=\"Para Rivera el turismo debe de ser \u00abpol\u00edtica de Estado\u00bb | El Digital de Asturias\" \/>\n\t\t<meta property=\"og:description\" content=\"El candidato a la presidencia del Gobierno de Ciudadanos (C&#039;s), Albert Rivera, ha apostado este mi\u00e9rcoles en Palma porque el turismo &quot;sea pol\u00edtica de estado&quot; y que, adem\u00e1s, &quot;el ingl\u00e9s se implante como lengua vehicular en toda Espa\u00f1a&quot;. Ante los medios de comunicaci\u00f3n, ha dicho que su proyecto econ\u00f3mico &quot;permitir\u00e1 que en dos a\u00f1os se\" \/>\n\t\t<meta property=\"og:url\" content=\"https:\/\/eldigitaldeasturias.com\/magazine365\/para-rivera-el-turismo-debe-de-ser-politica-de-estado\/\" \/>\n\t\t<meta property=\"og:image\" content=\"https:\/\/eldigitaldeasturias.com\/magazine365\/wp-content\/uploads\/2016\/06\/fotonoticia_20160608143548_800.jpg\" \/>\n\t\t<meta property=\"og:image:secure_url\" content=\"https:\/\/eldigitaldeasturias.com\/magazine365\/wp-content\/uploads\/2016\/06\/fotonoticia_20160608143548_800.jpg\" \/>\n\t\t<meta property=\"og:image:width\" content=\"800\" \/>\n\t\t<meta property=\"og:image:height\" content=\"450\" \/>\n\t\t<meta property=\"article:published_time\" content=\"2016-06-08T14:23:37+00:00\" \/>\n\t\t<meta property=\"article:modified_time\" content=\"2016-06-08T14:23:37+00:00\" \/>\n\t\t<meta name=\"twitter:card\" content=\"summary_large_image\" \/>\n\t\t<meta name=\"twitter:title\" content=\"Para Rivera el turismo debe de ser \u00abpol\u00edtica de Estado\u00bb | El Digital de Asturias\" \/>\n\t\t<meta name=\"twitter:description\" content=\"El candidato a la presidencia del Gobierno de Ciudadanos (C&#039;s), Albert Rivera, ha apostado este mi\u00e9rcoles en Palma porque el turismo &quot;sea pol\u00edtica de estado&quot; y que, adem\u00e1s, &quot;el ingl\u00e9s se implante como lengua vehicular en toda Espa\u00f1a&quot;. Ante los medios de comunicaci\u00f3n, ha dicho que su proyecto econ\u00f3mico &quot;permitir\u00e1 que en dos a\u00f1os se\" \/>\n\t\t<meta name=\"twitter:image\" content=\"https:\/\/eldigitaldeasturias.com\/magazine365\/wp-content\/uploads\/2016\/06\/fotonoticia_20160608143548_800.jpg\" \/>\n\t\t<script type=\"application\/ld+json\" class=\"aioseo-schema\">\n\t\t\t{\"@context\":\"https:\\\/\\\/schema.org\",\"@graph\":[{\"@type\":\"Article\",\"@id\":\"https:\\\/\\\/eldigitaldeasturias.com\\\/magazine365\\\/para-rivera-el-turismo-debe-de-ser-politica-de-estado\\\/#article\",\"name\":\"Para Rivera el turismo debe de ser \\u00abpol\\u00edtica de Estado\\u00bb | El Digital de Asturias\",\"headline\":\"Para Rivera el turismo debe de ser \\u00abpol\\u00edtica de Estado\\u00bb\",\"author\":{\"@id\":\"https:\\\/\\\/eldigitaldeasturias.com\\\/magazine365\\\/author\\\/admin\\\/#author\"},\"publisher\":{\"@id\":\"https:\\\/\\\/eldigitaldeasturias.com\\\/magazine365\\\/#organization\"},\"image\":{\"@type\":\"ImageObject\",\"url\":\"https:\\\/\\\/eldigitaldeasturias.com\\\/magazine365\\\/wp-content\\\/uploads\\\/2016\\\/06\\\/fotonoticia_20160608143548_800.jpg\",\"width\":800,\"height\":450},\"datePublished\":\"2016-06-08T16:23:37+02:00\",\"dateModified\":\"2016-06-08T16:23:37+02:00\",\"inLanguage\":\"es-ES\",\"mainEntityOfPage\":{\"@id\":\"https:\\\/\\\/eldigitaldeasturias.com\\\/magazine365\\\/para-rivera-el-turismo-debe-de-ser-politica-de-estado\\\/#webpage\"},\"isPartOf\":{\"@id\":\"https:\\\/\\\/eldigitaldeasturias.com\\\/magazine365\\\/para-rivera-el-turismo-debe-de-ser-politica-de-estado\\\/#webpage\"},\"articleSection\":\"Noticias y Actualidad\"},{\"@type\":\"BreadcrumbList\",\"@id\":\"https:\\\/\\\/eldigitaldeasturias.com\\\/magazine365\\\/para-rivera-el-turismo-debe-de-ser-politica-de-estado\\\/#breadcrumblist\",\"itemListElement\":[{\"@type\":\"ListItem\",\"@id\":\"https:\\\/\\\/eldigitaldeasturias.com\\\/magazine365#listItem\",\"position\":1,\"name\":\"Home\",\"item\":\"https:\\\/\\\/eldigitaldeasturias.com\\\/magazine365\",\"nextItem\":{\"@type\":\"ListItem\",\"@id\":\"https:\\\/\\\/eldigitaldeasturias.com\\\/magazine365\\\/category\\\/noticias-actualidad\\\/#listItem\",\"name\":\"Noticias y Actualidad\"}},{\"@type\":\"ListItem\",\"@id\":\"https:\\\/\\\/eldigitaldeasturias.com\\\/magazine365\\\/category\\\/noticias-actualidad\\\/#listItem\",\"position\":2,\"name\":\"Noticias y Actualidad\",\"item\":\"https:\\\/\\\/eldigitaldeasturias.com\\\/magazine365\\\/category\\\/noticias-actualidad\\\/\",\"nextItem\":{\"@type\":\"ListItem\",\"@id\":\"https:\\\/\\\/eldigitaldeasturias.com\\\/magazine365\\\/para-rivera-el-turismo-debe-de-ser-politica-de-estado\\\/#listItem\",\"name\":\"Para Rivera el turismo debe de ser \\u00abpol\\u00edtica de Estado\\u00bb\"},\"previousItem\":{\"@type\":\"ListItem\",\"@id\":\"https:\\\/\\\/eldigitaldeasturias.com\\\/magazine365#listItem\",\"name\":\"Home\"}},{\"@type\":\"ListItem\",\"@id\":\"https:\\\/\\\/eldigitaldeasturias.com\\\/magazine365\\\/para-rivera-el-turismo-debe-de-ser-politica-de-estado\\\/#listItem\",\"position\":3,\"name\":\"Para Rivera el turismo debe de ser \\u00abpol\\u00edtica de Estado\\u00bb\",\"previousItem\":{\"@type\":\"ListItem\",\"@id\":\"https:\\\/\\\/eldigitaldeasturias.com\\\/magazine365\\\/category\\\/noticias-actualidad\\\/#listItem\",\"name\":\"Noticias y Actualidad\"}}]},{\"@type\":\"Organization\",\"@id\":\"https:\\\/\\\/eldigitaldeasturias.com\\\/magazine365\\\/#organization\",\"name\":\"El digital de Asturias\",\"description\":\"Revista de ocio, turismo y estilo de vida\",\"url\":\"https:\\\/\\\/eldigitaldeasturias.com\\\/magazine365\\\/\",\"logo\":{\"@type\":\"ImageObject\",\"url\":\"https:\\\/\\\/www.eldigitaldeasturias.com\\\/noticias\\\/wp-content\\\/uploads\\\/2020\\\/12\\\/EDA.jpg\",\"@id\":\"https:\\\/\\\/eldigitaldeasturias.com\\\/magazine365\\\/para-rivera-el-turismo-debe-de-ser-politica-de-estado\\\/#organizationLogo\"},\"image\":{\"@id\":\"https:\\\/\\\/eldigitaldeasturias.com\\\/magazine365\\\/para-rivera-el-turismo-debe-de-ser-politica-de-estado\\\/#organizationLogo\"}},{\"@type\":\"Person\",\"@id\":\"https:\\\/\\\/eldigitaldeasturias.com\\\/magazine365\\\/author\\\/admin\\\/#author\",\"url\":\"https:\\\/\\\/eldigitaldeasturias.com\\\/magazine365\\\/author\\\/admin\\\/\",\"name\":\"admin\",\"image\":{\"@type\":\"ImageObject\",\"@id\":\"https:\\\/\\\/eldigitaldeasturias.com\\\/magazine365\\\/para-rivera-el-turismo-debe-de-ser-politica-de-estado\\\/#authorImage\",\"url\":\"https:\\\/\\\/eldigitaldeasturias.com\\\/magazine365\\\/wp-content\\\/litespeed\\\/avatar\\\/e571bcf59a0edd6fa6838245a470f2fe.jpg?ver=1776969259\",\"width\":96,\"height\":96,\"caption\":\"admin\"}},{\"@type\":\"WebPage\",\"@id\":\"https:\\\/\\\/eldigitaldeasturias.com\\\/magazine365\\\/para-rivera-el-turismo-debe-de-ser-politica-de-estado\\\/#webpage\",\"url\":\"https:\\\/\\\/eldigitaldeasturias.com\\\/magazine365\\\/para-rivera-el-turismo-debe-de-ser-politica-de-estado\\\/\",\"name\":\"Para Rivera el turismo debe de ser \\u00abpol\\u00edtica de Estado\\u00bb | El Digital de Asturias\",\"description\":\"El candidato a la presidencia del Gobierno de Ciudadanos (C's), Albert Rivera, ha apostado este mi\\u00e9rcoles en Palma porque el turismo \\\"sea pol\\u00edtica de estado\\\" y que, adem\\u00e1s, \\\"el ingl\\u00e9s se implante como lengua vehicular en toda Espa\\u00f1a\\\". Ante los medios de comunicaci\\u00f3n, ha dicho que su proyecto econ\\u00f3mico \\\"permitir\\u00e1 que en dos a\\u00f1os se\",\"inLanguage\":\"es-ES\",\"isPartOf\":{\"@id\":\"https:\\\/\\\/eldigitaldeasturias.com\\\/magazine365\\\/#website\"},\"breadcrumb\":{\"@id\":\"https:\\\/\\\/eldigitaldeasturias.com\\\/magazine365\\\/para-rivera-el-turismo-debe-de-ser-politica-de-estado\\\/#breadcrumblist\"},\"author\":{\"@id\":\"https:\\\/\\\/eldigitaldeasturias.com\\\/magazine365\\\/author\\\/admin\\\/#author\"},\"creator\":{\"@id\":\"https:\\\/\\\/eldigitaldeasturias.com\\\/magazine365\\\/author\\\/admin\\\/#author\"},\"image\":{\"@type\":\"ImageObject\",\"url\":\"https:\\\/\\\/eldigitaldeasturias.com\\\/magazine365\\\/wp-content\\\/uploads\\\/2016\\\/06\\\/fotonoticia_20160608143548_800.jpg\",\"@id\":\"https:\\\/\\\/eldigitaldeasturias.com\\\/magazine365\\\/para-rivera-el-turismo-debe-de-ser-politica-de-estado\\\/#mainImage\",\"width\":800,\"height\":450},\"primaryImageOfPage\":{\"@id\":\"https:\\\/\\\/eldigitaldeasturias.com\\\/magazine365\\\/para-rivera-el-turismo-debe-de-ser-politica-de-estado\\\/#mainImage\"},\"datePublished\":\"2016-06-08T16:23:37+02:00\",\"dateModified\":\"2016-06-08T16:23:37+02:00\"},{\"@type\":\"WebSite\",\"@id\":\"https:\\\/\\\/eldigitaldeasturias.com\\\/magazine365\\\/#website\",\"url\":\"https:\\\/\\\/eldigitaldeasturias.com\\\/magazine365\\\/\",\"name\":\"El Digital de Asturias\",\"description\":\"Revista de ocio, turismo y estilo de vida\",\"inLanguage\":\"es-ES\",\"publisher\":{\"@id\":\"https:\\\/\\\/eldigitaldeasturias.com\\\/magazine365\\\/#organization\"}}]}\n\t\t<\/script>\n\t\t<!-- All in One SEO Pro -->\r\n\t\t<title>Para Rivera el turismo debe de ser \u00abpol\u00edtica de Estado\u00bb | El Digital de Asturias<\/title>\n\n","aioseo_head_json":{"title":"Para Rivera el turismo debe de ser \u00abpol\u00edtica de Estado\u00bb | El Digital de Asturias","description":"El candidato a la presidencia del Gobierno de Ciudadanos (C's), Albert Rivera, ha apostado este mi\u00e9rcoles en Palma porque el turismo \"sea pol\u00edtica de estado\" y que, adem\u00e1s, \"el ingl\u00e9s se implante como lengua vehicular en toda Espa\u00f1a\". Ante los medios de comunicaci\u00f3n, ha dicho que su proyecto econ\u00f3mico \"permitir\u00e1 que en dos a\u00f1os se","canonical_url":"https:\/\/eldigitaldeasturias.com\/magazine365\/para-rivera-el-turismo-debe-de-ser-politica-de-estado\/","robots":"max-image-preview:large","keywords":"noticias y actualidad","webmasterTools":{"google-site-verification":"UA-38556648-1","miscellaneous":""},"schema":{"@context":"https:\/\/schema.org","@graph":[{"@type":"Article","@id":"https:\/\/eldigitaldeasturias.com\/magazine365\/para-rivera-el-turismo-debe-de-ser-politica-de-estado\/#article","name":"Para Rivera el turismo debe de ser \u00abpol\u00edtica de Estado\u00bb | El Digital de Asturias","headline":"Para Rivera el turismo debe de ser \u00abpol\u00edtica de Estado\u00bb","author":{"@id":"https:\/\/eldigitaldeasturias.com\/magazine365\/author\/admin\/#author"},"publisher":{"@id":"https:\/\/eldigitaldeasturias.com\/magazine365\/#organization"},"image":{"@type":"ImageObject","url":"https:\/\/eldigitaldeasturias.com\/magazine365\/wp-content\/uploads\/2016\/06\/fotonoticia_20160608143548_800.jpg","width":800,"height":450},"datePublished":"2016-06-08T16:23:37+02:00","dateModified":"2016-06-08T16:23:37+02:00","inLanguage":"es-ES","mainEntityOfPage":{"@id":"https:\/\/eldigitaldeasturias.com\/magazine365\/para-rivera-el-turismo-debe-de-ser-politica-de-estado\/#webpage"},"isPartOf":{"@id":"https:\/\/eldigitaldeasturias.com\/magazine365\/para-rivera-el-turismo-debe-de-ser-politica-de-estado\/#webpage"},"articleSection":"Noticias y Actualidad"},{"@type":"BreadcrumbList","@id":"https:\/\/eldigitaldeasturias.com\/magazine365\/para-rivera-el-turismo-debe-de-ser-politica-de-estado\/#breadcrumblist","itemListElement":[{"@type":"ListItem","@id":"https:\/\/eldigitaldeasturias.com\/magazine365#listItem","position":1,"name":"Home","item":"https:\/\/eldigitaldeasturias.com\/magazine365","nextItem":{"@type":"ListItem","@id":"https:\/\/eldigitaldeasturias.com\/magazine365\/category\/noticias-actualidad\/#listItem","name":"Noticias y Actualidad"}},{"@type":"ListItem","@id":"https:\/\/eldigitaldeasturias.com\/magazine365\/category\/noticias-actualidad\/#listItem","position":2,"name":"Noticias y Actualidad","item":"https:\/\/eldigitaldeasturias.com\/magazine365\/category\/noticias-actualidad\/","nextItem":{"@type":"ListItem","@id":"https:\/\/eldigitaldeasturias.com\/magazine365\/para-rivera-el-turismo-debe-de-ser-politica-de-estado\/#listItem","name":"Para Rivera el turismo debe de ser \u00abpol\u00edtica de Estado\u00bb"},"previousItem":{"@type":"ListItem","@id":"https:\/\/eldigitaldeasturias.com\/magazine365#listItem","name":"Home"}},{"@type":"ListItem","@id":"https:\/\/eldigitaldeasturias.com\/magazine365\/para-rivera-el-turismo-debe-de-ser-politica-de-estado\/#listItem","position":3,"name":"Para Rivera el turismo debe de ser \u00abpol\u00edtica de Estado\u00bb","previousItem":{"@type":"ListItem","@id":"https:\/\/eldigitaldeasturias.com\/magazine365\/category\/noticias-actualidad\/#listItem","name":"Noticias y Actualidad"}}]},{"@type":"Organization","@id":"https:\/\/eldigitaldeasturias.com\/magazine365\/#organization","name":"El digital de Asturias","description":"Revista de ocio, turismo y estilo de vida","url":"https:\/\/eldigitaldeasturias.com\/magazine365\/","logo":{"@type":"ImageObject","url":"https:\/\/www.eldigitaldeasturias.com\/noticias\/wp-content\/uploads\/2020\/12\/EDA.jpg","@id":"https:\/\/eldigitaldeasturias.com\/magazine365\/para-rivera-el-turismo-debe-de-ser-politica-de-estado\/#organizationLogo"},"image":{"@id":"https:\/\/eldigitaldeasturias.com\/magazine365\/para-rivera-el-turismo-debe-de-ser-politica-de-estado\/#organizationLogo"}},{"@type":"Person","@id":"https:\/\/eldigitaldeasturias.com\/magazine365\/author\/admin\/#author","url":"https:\/\/eldigitaldeasturias.com\/magazine365\/author\/admin\/","name":"admin","image":{"@type":"ImageObject","@id":"https:\/\/eldigitaldeasturias.com\/magazine365\/para-rivera-el-turismo-debe-de-ser-politica-de-estado\/#authorImage","url":"https:\/\/eldigitaldeasturias.com\/magazine365\/wp-content\/litespeed\/avatar\/e571bcf59a0edd6fa6838245a470f2fe.jpg?ver=1776969259","width":96,"height":96,"caption":"admin"}},{"@type":"WebPage","@id":"https:\/\/eldigitaldeasturias.com\/magazine365\/para-rivera-el-turismo-debe-de-ser-politica-de-estado\/#webpage","url":"https:\/\/eldigitaldeasturias.com\/magazine365\/para-rivera-el-turismo-debe-de-ser-politica-de-estado\/","name":"Para Rivera el turismo debe de ser \u00abpol\u00edtica de Estado\u00bb | El Digital de Asturias","description":"El candidato a la presidencia del Gobierno de Ciudadanos (C's), Albert Rivera, ha apostado este mi\u00e9rcoles en Palma porque el turismo \"sea pol\u00edtica de estado\" y que, adem\u00e1s, \"el ingl\u00e9s se implante como lengua vehicular en toda Espa\u00f1a\". Ante los medios de comunicaci\u00f3n, ha dicho que su proyecto econ\u00f3mico \"permitir\u00e1 que en dos a\u00f1os se","inLanguage":"es-ES","isPartOf":{"@id":"https:\/\/eldigitaldeasturias.com\/magazine365\/#website"},"breadcrumb":{"@id":"https:\/\/eldigitaldeasturias.com\/magazine365\/para-rivera-el-turismo-debe-de-ser-politica-de-estado\/#breadcrumblist"},"author":{"@id":"https:\/\/eldigitaldeasturias.com\/magazine365\/author\/admin\/#author"},"creator":{"@id":"https:\/\/eldigitaldeasturias.com\/magazine365\/author\/admin\/#author"},"image":{"@type":"ImageObject","url":"https:\/\/eldigitaldeasturias.com\/magazine365\/wp-content\/uploads\/2016\/06\/fotonoticia_20160608143548_800.jpg","@id":"https:\/\/eldigitaldeasturias.com\/magazine365\/para-rivera-el-turismo-debe-de-ser-politica-de-estado\/#mainImage","width":800,"height":450},"primaryImageOfPage":{"@id":"https:\/\/eldigitaldeasturias.com\/magazine365\/para-rivera-el-turismo-debe-de-ser-politica-de-estado\/#mainImage"},"datePublished":"2016-06-08T16:23:37+02:00","dateModified":"2016-06-08T16:23:37+02:00"},{"@type":"WebSite","@id":"https:\/\/eldigitaldeasturias.com\/magazine365\/#website","url":"https:\/\/eldigitaldeasturias.com\/magazine365\/","name":"El Digital de Asturias","description":"Revista de ocio, turismo y estilo de vida","inLanguage":"es-ES","publisher":{"@id":"https:\/\/eldigitaldeasturias.com\/magazine365\/#organization"}}]},"og:locale":"es_ES","og:site_name":"El Digital de Asturias \u2013 Revista de ocio, turismo y estilo de vida","og:type":"article","og:title":"Para Rivera el turismo debe de ser \u00abpol\u00edtica de Estado\u00bb | El Digital de Asturias","og:description":"El candidato a la presidencia del Gobierno de Ciudadanos (C's), Albert Rivera, ha apostado este mi\u00e9rcoles en Palma porque el turismo &quot;sea pol\u00edtica de estado&quot; y que, adem\u00e1s, &quot;el ingl\u00e9s se implante como lengua vehicular en toda Espa\u00f1a&quot;. Ante los medios de comunicaci\u00f3n, ha dicho que su proyecto econ\u00f3mico &quot;permitir\u00e1 que en dos a\u00f1os se","og:url":"https:\/\/eldigitaldeasturias.com\/magazine365\/para-rivera-el-turismo-debe-de-ser-politica-de-estado\/","og:image":"https:\/\/eldigitaldeasturias.com\/magazine365\/wp-content\/uploads\/2016\/06\/fotonoticia_20160608143548_800.jpg","og:image:secure_url":"https:\/\/eldigitaldeasturias.com\/magazine365\/wp-content\/uploads\/2016\/06\/fotonoticia_20160608143548_800.jpg","og:image:width":800,"og:image:height":450,"article:published_time":"2016-06-08T14:23:37+00:00","article:modified_time":"2016-06-08T14:23:37+00:00","twitter:card":"summary_large_image","twitter:title":"Para Rivera el turismo debe de ser \u00abpol\u00edtica de Estado\u00bb | El Digital de Asturias","twitter:description":"El candidato a la presidencia del Gobierno de Ciudadanos (C's), Albert Rivera, ha apostado este mi\u00e9rcoles en Palma porque el turismo &quot;sea pol\u00edtica de estado&quot; y que, adem\u00e1s, &quot;el ingl\u00e9s se implante como lengua vehicular en toda Espa\u00f1a&quot;. Ante los medios de comunicaci\u00f3n, ha dicho que su proyecto econ\u00f3mico &quot;permitir\u00e1 que en dos a\u00f1os se","twitter:image":"https:\/\/eldigitaldeasturias.com\/magazine365\/wp-content\/uploads\/2016\/06\/fotonoticia_20160608143548_800.jpg"},"aioseo_meta_data":{"post_id":"78266","title":null,"description":null,"keywords":null,"keyphrases":null,"primary_term":null,"canonical_url":null,"og_title":null,"og_description":null,"og_object_type":"default","og_image_type":"default","og_image_url":null,"og_image_width":null,"og_image_height":null,"og_image_custom_url":null,"og_image_custom_fields":null,"og_video":null,"og_custom_url":null,"og_article_section":null,"og_article_tags":null,"twitter_use_og":false,"twitter_card":"default","twitter_image_type":"default","twitter_image_url":null,"twitter_image_custom_url":null,"twitter_image_custom_fields":null,"twitter_title":null,"twitter_description":null,"schema":{"blockGraphs":[],"customGraphs":[],"default":{"data":{"Article":[],"Course":[],"Dataset":[],"FAQPage":[],"Movie":[],"Person":[],"Product":[],"ProductReview":[],"Car":[],"Recipe":[],"Service":[],"SoftwareApplication":[],"WebPage":[]},"graphName":"","isEnabled":true},"graphs":[],"defaultGraph":"","defaultPostTypeGraph":""},"schema_type":null,"schema_type_options":null,"pillar_content":false,"robots_default":true,"robots_noindex":false,"robots_noarchive":false,"robots_nosnippet":false,"robots_nofollow":false,"robots_noimageindex":false,"robots_noodp":false,"robots_notranslate":false,"robots_max_snippet":null,"robots_max_videopreview":null,"robots_max_imagepreview":"large","priority":null,"frequency":null,"location":null,"local_seo":null,"seo_analyzer_scan_date":"2025-09-27 16:35:34","breadcrumb_settings":null,"limit_modified_date":false,"open_ai":null,"ai":null,"created":"2021-03-08 18:02:52","updated":"2025-09-27 16:35:34"},"aioseo_breadcrumb":"<div class=\"aioseo-breadcrumbs\"><span class=\"aioseo-breadcrumb\">\n\t<a href=\"https:\/\/eldigitaldeasturias.com\/magazine365\" title=\"Home\">Home<\/a>\n<\/span><span class=\"aioseo-breadcrumb-separator\">\u2013<\/span><span class=\"aioseo-breadcrumb\">\n\t<a href=\"https:\/\/eldigitaldeasturias.com\/magazine365\/category\/noticias-actualidad\/\" title=\"Noticias y Actualidad\">Noticias y Actualidad<\/a>\n<\/span><span class=\"aioseo-breadcrumb-separator\">\u2013<\/span><span class=\"aioseo-breadcrumb\">\n\t<a href=\"https:\/\/eldigitaldeasturias.com\/magazine365\/para-rivera-el-turismo-debe-de-ser-politica-de-estado\/\" title=\"Para Rivera el turismo debe de ser \u00abpol\u00edtica de Estado\u00bb\">Para Rivera el turismo debe de ser \u00abpol\u00edtica de Estado\u00bb<\/a>\n<\/span><\/div>","aioseo_breadcrumb_json":[{"label":"Home","link":"https:\/\/eldigitaldeasturias.com\/magazine365"},{"label":"Noticias y Actualidad","link":"https:\/\/eldigitaldeasturias.com\/magazine365\/category\/noticias-actualidad\/"},{"label":"Para Rivera el turismo debe de ser \u00abpol\u00edtica de Estado\u00bb","link":"https:\/\/eldigitaldeasturias.com\/magazine365\/para-rivera-el-turismo-debe-de-ser-politica-de-estado\/"}],"_links":{"self":[{"href":"https:\/\/eldigitaldeasturias.com\/magazine365\/wp-json\/wp\/v2\/posts\/78266","targetHints":{"allow":["GET"]}}],"collection":[{"href":"https:\/\/eldigitaldeasturias.com\/magazine365\/wp-json\/wp\/v2\/posts"}],"about":[{"href":"https:\/\/eldigitaldeasturias.com\/magazine365\/wp-json\/wp\/v2\/types\/post"}],"author":[{"embeddable":true,"href":"https:\/\/eldigitaldeasturias.com\/magazine365\/wp-json\/wp\/v2\/users\/1"}],"replies":[{"embeddable":true,"href":"https:\/\/eldigitaldeasturias.com\/magazine365\/wp-json\/wp\/v2\/comments?post=78266"}],"version-history":[{"count":0,"href":"https:\/\/eldigitaldeasturias.com\/magazine365\/wp-json\/wp\/v2\/posts\/78266\/revisions"}],"wp:featuredmedia":[{"embeddable":true,"href":"https:\/\/eldigitaldeasturias.com\/magazine365\/wp-json\/wp\/v2\/media\/78267"}],"wp:attachment":[{"href":"https:\/\/eldigitaldeasturias.com\/magazine365\/wp-json\/wp\/v2\/media?parent=78266"}],"wp:term":[{"taxonomy":"category","embeddable":true,"href":"https:\/\/eldigitaldeasturias.com\/magazine365\/wp-json\/wp\/v2\/categories?post=78266"},{"taxonomy":"post_tag","embeddable":true,"href":"https:\/\/eldigitaldeasturias.com\/magazine365\/wp-json\/wp\/v2\/tags?post=78266"}],"curies":[{"name":"wp","href":"https:\/\/api.w.org\/{rel}","templated":true}]}}