{"id":78259,"date":"2016-06-08T16:21:00","date_gmt":"2016-06-08T14:21:00","guid":{"rendered":"http:\/\/eldigitaldeasturias.com\/magazine365\/?p=78259"},"modified":"2016-06-08T16:21:00","modified_gmt":"2016-06-08T14:21:00","slug":"dos-de-cada-tres-espanoles-eligen-cadiz-como-destino-vacacional","status":"publish","type":"post","link":"https:\/\/eldigitaldeasturias.com\/magazine365\/dos-de-cada-tres-espanoles-eligen-cadiz-como-destino-vacacional\/","title":{"rendered":"Dos de cada tres espa\u00f1oles eligen C\u00e1diz como destino vacacional"},"content":{"rendered":"<p><img fetchpriority=\"high\" decoding=\"async\" class=\"alignleft size-medium wp-image-78261\" src=\"https:\/\/eldigitaldeasturias.com\/magazine365\/wp-content\/uploads\/2016\/06\/fotonoticia_20160608143520_800-360x240.jpg\" alt=\"fotonoticia_20160608143520_800\" width=\"360\" height=\"240\" srcset=\"https:\/\/eldigitaldeasturias.com\/magazine365\/wp-content\/uploads\/2016\/06\/fotonoticia_20160608143520_800-360x240.jpg 360w, https:\/\/eldigitaldeasturias.com\/magazine365\/wp-content\/uploads\/2016\/06\/fotonoticia_20160608143520_800-650x433.jpg 650w, https:\/\/eldigitaldeasturias.com\/magazine365\/wp-content\/uploads\/2016\/06\/fotonoticia_20160608143520_800-768x512.jpg 768w, https:\/\/eldigitaldeasturias.com\/magazine365\/wp-content\/uploads\/2016\/06\/fotonoticia_20160608143520_800-150x100.jpg 150w, https:\/\/eldigitaldeasturias.com\/magazine365\/wp-content\/uploads\/2016\/06\/fotonoticia_20160608143520_800-450x300.jpg 450w, https:\/\/eldigitaldeasturias.com\/magazine365\/wp-content\/uploads\/2016\/06\/fotonoticia_20160608143520_800-101x66.jpg 101w, https:\/\/eldigitaldeasturias.com\/magazine365\/wp-content\/uploads\/2016\/06\/fotonoticia_20160608143520_800.jpg 800w\" sizes=\"(max-width: 360px) 100vw, 360px\" \/>Las vacaciones de Albert Rivera, las favoritas de los espa\u00f1oles por delante del resto de candidatos, seg\u00fan la tienda de viajes PANGEA The Travel Store, que asegura que este destino ha sido elegido por dos de cada tres espa\u00f1oles por delante de Pontevedra (Rajoy), Almer\u00eda (Pedro S\u00e1nchez) y \u00c1vila (Pablo Iglesias).<\/p>\n<p>Casi dos de cada tres espa\u00f1oles eligen C\u00e1diz, destino al que suele viajar de vacaciones el secretario general de Ciudadanos, Albert Rivera como destino ideal de vacaciones.<\/p>\n<p>En segundo y tercer lugar se encuentran Pontevedra (16%), donde generalmente veranea el actual presidente en funciones Mariano Rajoy, y Almer\u00eda (14%) donde suele descansar el socialista Pedro S\u00e1nchez.<\/p>\n<p>En \u00faltima posici\u00f3n se encuentra el lugar de veraneo de Pablo Iglesias, \u00c1vila, y m\u00e1s concretamente el peque\u00f1o pueblo de Casavieja (ubicado junto a la Sierra de Gredos), que ha sido elegido por el 6% de los espa\u00f1oles como el mejor destino para pasar el verano.<\/p>\n<h2 class=\"ladillo\">DISFRUTAR UNA VACACIONES PRESIDENCIALES<\/h2>\n<p>El destino elegido por Albert Rivera destaca por sus playas kil\u00f3metricas y pueblos como Tarifa que permiten practicar una gran variedad de deportes acu\u00e1ticos como el surf, el bodyboard o el kitesurf.<\/p>\n<p>La gastronom\u00eda tambi\u00e9n es un punto fuerte de la zona donde destacan las tortillitas de camarones, las ortiguillas, el caz\u00f3n, las ca\u00f1aillas o los chocos.<\/p>\n<p>La opci\u00f3n del norte tampoco es descartable para los viajeros espa\u00f1oles. En Pontevedra se puede encontrar la famosa playa de la Lanzada, una plaza de arena blanca con la silueta de las Islas C\u00edes en el horizonte.<\/p>\n<p>En Sanxenxo se combinan naturalza y mar con actividades para todos los gustos desde deportes na\u00faticos, cruceros, o parques naturales. Indispensable visitar pazos hist\u00f3ricos como el de Rubianes, m\u00edticos balnearios como el de la Toja.<\/p>\n<p>En Almer\u00eda el candidato socialista seguro que ha disfrutado m\u00e1s de una vez del parque natural Cabo de Gata, un lugar con una naturaleza \u00fanica. La provincia cuenta adem\u00e1s con infinidad de calas siendo una de las m\u00e1s conocidas la Playa de los Muertos, o el Arrecife de las Sirenas. Tambi\u00e9n es posible hacer una ruta en kayak con snorkel por el Cabo.<\/p>\n<p>Y para finalizar al candidato morado le gusta adentrarse en la tierra de Santa Teresa de Jes\u00fas, pasear por el adarve de la muralla y por sus calles adoquinadas durante sus vacaciones.<\/p>\n<p>Para los viajeros m\u00e1s golosos no pueden marcharse de la ciudad sin probar las yemas de Santa Teresa y para los amantes de la naturaleza es recomendable acercarse a Casavieja &#8211;municipio donde veranea Pablo Iglesias&#8211; y conocer la Sierra de Gredos, lugar lleno de vida y de color en verano.<\/p>\n","protected":false},"excerpt":{"rendered":"<p>Las vacaciones de Albert Rivera, las favoritas de los espa\u00f1oles por delante del resto de candidatos, seg\u00fan la tienda de viajes PANGEA The Travel Store, que asegura que este destino ha sido elegido por dos de cada tres espa\u00f1oles por delante de Pontevedra (Rajoy), Almer\u00eda (Pedro S\u00e1nchez) y \u00c1vila (Pablo Iglesias). Casi dos de cada<\/p>\n","protected":false},"author":1,"featured_media":78261,"comment_status":"open","ping_status":"closed","sticky":false,"template":"","format":"standard","meta":{"footnotes":""},"categories":[224],"tags":[],"class_list":{"0":"post-78259","1":"post","2":"type-post","3":"status-publish","4":"format-standard","5":"has-post-thumbnail","7":"category-noticias-actualidad"},"aioseo_notices":[],"aioseo_head":"\n\t\t<!-- All in One SEO Pro 4.9.6.1 - aioseo.com -->\n\t<meta name=\"description\" content=\"Las vacaciones de Albert Rivera, las favoritas de los espa\u00f1oles por delante del resto de candidatos, seg\u00fan la tienda de viajes PANGEA The Travel Store, que asegura que este destino ha sido elegido por dos de cada tres espa\u00f1oles por delante de Pontevedra (Rajoy), Almer\u00eda (Pedro S\u00e1nchez) y \u00c1vila (Pablo Iglesias). Casi dos de cada\" \/>\n\t<meta name=\"robots\" content=\"max-image-preview:large\" \/>\n\t<meta name=\"author\" content=\"admin\"\/>\n\t<meta name=\"google-site-verification\" content=\"UA-38556648-1\" \/>\n\t<meta name=\"keywords\" content=\"noticias y actualidad\" \/>\n\t<link rel=\"canonical\" href=\"https:\/\/eldigitaldeasturias.com\/magazine365\/dos-de-cada-tres-espanoles-eligen-cadiz-como-destino-vacacional\/\" \/>\n\t<meta name=\"generator\" content=\"All in One SEO Pro (AIOSEO) 4.9.6.1\" \/>\n\t\t<meta property=\"og:locale\" content=\"es_ES\" \/>\n\t\t<meta property=\"og:site_name\" content=\"El Digital de Asturias \u2013 Revista de ocio, turismo y estilo de vida\" \/>\n\t\t<meta property=\"og:type\" content=\"article\" \/>\n\t\t<meta property=\"og:title\" content=\"Dos de cada tres espa\u00f1oles eligen C\u00e1diz como destino vacacional | El Digital de Asturias\" \/>\n\t\t<meta property=\"og:description\" content=\"Las vacaciones de Albert Rivera, las favoritas de los espa\u00f1oles por delante del resto de candidatos, seg\u00fan la tienda de viajes PANGEA The Travel Store, que asegura que este destino ha sido elegido por dos de cada tres espa\u00f1oles por delante de Pontevedra (Rajoy), Almer\u00eda (Pedro S\u00e1nchez) y \u00c1vila (Pablo Iglesias). Casi dos de cada\" \/>\n\t\t<meta property=\"og:url\" content=\"https:\/\/eldigitaldeasturias.com\/magazine365\/dos-de-cada-tres-espanoles-eligen-cadiz-como-destino-vacacional\/\" \/>\n\t\t<meta property=\"og:image\" content=\"https:\/\/eldigitaldeasturias.com\/magazine365\/wp-content\/uploads\/2016\/06\/fotonoticia_20160608143520_800.jpg\" \/>\n\t\t<meta property=\"og:image:secure_url\" content=\"https:\/\/eldigitaldeasturias.com\/magazine365\/wp-content\/uploads\/2016\/06\/fotonoticia_20160608143520_800.jpg\" \/>\n\t\t<meta property=\"og:image:width\" content=\"800\" \/>\n\t\t<meta property=\"og:image:height\" content=\"533\" \/>\n\t\t<meta property=\"article:published_time\" content=\"2016-06-08T14:21:00+00:00\" \/>\n\t\t<meta property=\"article:modified_time\" content=\"2016-06-08T14:21:00+00:00\" \/>\n\t\t<meta name=\"twitter:card\" content=\"summary_large_image\" \/>\n\t\t<meta name=\"twitter:title\" content=\"Dos de cada tres espa\u00f1oles eligen C\u00e1diz como destino vacacional | El Digital de Asturias\" \/>\n\t\t<meta name=\"twitter:description\" content=\"Las vacaciones de Albert Rivera, las favoritas de los espa\u00f1oles por delante del resto de candidatos, seg\u00fan la tienda de viajes PANGEA The Travel Store, que asegura que este destino ha sido elegido por dos de cada tres espa\u00f1oles por delante de Pontevedra (Rajoy), Almer\u00eda (Pedro S\u00e1nchez) y \u00c1vila (Pablo Iglesias). Casi dos de cada\" \/>\n\t\t<meta name=\"twitter:image\" content=\"https:\/\/eldigitaldeasturias.com\/magazine365\/wp-content\/uploads\/2016\/06\/fotonoticia_20160608143520_800.jpg\" \/>\n\t\t<script type=\"application\/ld+json\" class=\"aioseo-schema\">\n\t\t\t{\"@context\":\"https:\\\/\\\/schema.org\",\"@graph\":[{\"@type\":\"Article\",\"@id\":\"https:\\\/\\\/eldigitaldeasturias.com\\\/magazine365\\\/dos-de-cada-tres-espanoles-eligen-cadiz-como-destino-vacacional\\\/#article\",\"name\":\"Dos de cada tres espa\\u00f1oles eligen C\\u00e1diz como destino vacacional | El Digital de Asturias\",\"headline\":\"Dos de cada tres espa\\u00f1oles eligen C\\u00e1diz como destino vacacional\",\"author\":{\"@id\":\"https:\\\/\\\/eldigitaldeasturias.com\\\/magazine365\\\/author\\\/admin\\\/#author\"},\"publisher\":{\"@id\":\"https:\\\/\\\/eldigitaldeasturias.com\\\/magazine365\\\/#organization\"},\"image\":{\"@type\":\"ImageObject\",\"url\":\"https:\\\/\\\/eldigitaldeasturias.com\\\/magazine365\\\/wp-content\\\/uploads\\\/2016\\\/06\\\/fotonoticia_20160608143520_800.jpg\",\"width\":800,\"height\":533},\"datePublished\":\"2016-06-08T16:21:00+02:00\",\"dateModified\":\"2016-06-08T16:21:00+02:00\",\"inLanguage\":\"es-ES\",\"mainEntityOfPage\":{\"@id\":\"https:\\\/\\\/eldigitaldeasturias.com\\\/magazine365\\\/dos-de-cada-tres-espanoles-eligen-cadiz-como-destino-vacacional\\\/#webpage\"},\"isPartOf\":{\"@id\":\"https:\\\/\\\/eldigitaldeasturias.com\\\/magazine365\\\/dos-de-cada-tres-espanoles-eligen-cadiz-como-destino-vacacional\\\/#webpage\"},\"articleSection\":\"Noticias y Actualidad\"},{\"@type\":\"BreadcrumbList\",\"@id\":\"https:\\\/\\\/eldigitaldeasturias.com\\\/magazine365\\\/dos-de-cada-tres-espanoles-eligen-cadiz-como-destino-vacacional\\\/#breadcrumblist\",\"itemListElement\":[{\"@type\":\"ListItem\",\"@id\":\"https:\\\/\\\/eldigitaldeasturias.com\\\/magazine365#listItem\",\"position\":1,\"name\":\"Home\",\"item\":\"https:\\\/\\\/eldigitaldeasturias.com\\\/magazine365\",\"nextItem\":{\"@type\":\"ListItem\",\"@id\":\"https:\\\/\\\/eldigitaldeasturias.com\\\/magazine365\\\/category\\\/noticias-actualidad\\\/#listItem\",\"name\":\"Noticias y Actualidad\"}},{\"@type\":\"ListItem\",\"@id\":\"https:\\\/\\\/eldigitaldeasturias.com\\\/magazine365\\\/category\\\/noticias-actualidad\\\/#listItem\",\"position\":2,\"name\":\"Noticias y Actualidad\",\"item\":\"https:\\\/\\\/eldigitaldeasturias.com\\\/magazine365\\\/category\\\/noticias-actualidad\\\/\",\"nextItem\":{\"@type\":\"ListItem\",\"@id\":\"https:\\\/\\\/eldigitaldeasturias.com\\\/magazine365\\\/dos-de-cada-tres-espanoles-eligen-cadiz-como-destino-vacacional\\\/#listItem\",\"name\":\"Dos de cada tres espa\\u00f1oles eligen C\\u00e1diz como destino vacacional\"},\"previousItem\":{\"@type\":\"ListItem\",\"@id\":\"https:\\\/\\\/eldigitaldeasturias.com\\\/magazine365#listItem\",\"name\":\"Home\"}},{\"@type\":\"ListItem\",\"@id\":\"https:\\\/\\\/eldigitaldeasturias.com\\\/magazine365\\\/dos-de-cada-tres-espanoles-eligen-cadiz-como-destino-vacacional\\\/#listItem\",\"position\":3,\"name\":\"Dos de cada tres espa\\u00f1oles eligen C\\u00e1diz como destino vacacional\",\"previousItem\":{\"@type\":\"ListItem\",\"@id\":\"https:\\\/\\\/eldigitaldeasturias.com\\\/magazine365\\\/category\\\/noticias-actualidad\\\/#listItem\",\"name\":\"Noticias y Actualidad\"}}]},{\"@type\":\"Organization\",\"@id\":\"https:\\\/\\\/eldigitaldeasturias.com\\\/magazine365\\\/#organization\",\"name\":\"El digital de Asturias\",\"description\":\"Revista de ocio, turismo y estilo de vida\",\"url\":\"https:\\\/\\\/eldigitaldeasturias.com\\\/magazine365\\\/\",\"logo\":{\"@type\":\"ImageObject\",\"url\":\"https:\\\/\\\/www.eldigitaldeasturias.com\\\/noticias\\\/wp-content\\\/uploads\\\/2020\\\/12\\\/EDA.jpg\",\"@id\":\"https:\\\/\\\/eldigitaldeasturias.com\\\/magazine365\\\/dos-de-cada-tres-espanoles-eligen-cadiz-como-destino-vacacional\\\/#organizationLogo\"},\"image\":{\"@id\":\"https:\\\/\\\/eldigitaldeasturias.com\\\/magazine365\\\/dos-de-cada-tres-espanoles-eligen-cadiz-como-destino-vacacional\\\/#organizationLogo\"}},{\"@type\":\"Person\",\"@id\":\"https:\\\/\\\/eldigitaldeasturias.com\\\/magazine365\\\/author\\\/admin\\\/#author\",\"url\":\"https:\\\/\\\/eldigitaldeasturias.com\\\/magazine365\\\/author\\\/admin\\\/\",\"name\":\"admin\",\"image\":{\"@type\":\"ImageObject\",\"@id\":\"https:\\\/\\\/eldigitaldeasturias.com\\\/magazine365\\\/dos-de-cada-tres-espanoles-eligen-cadiz-como-destino-vacacional\\\/#authorImage\",\"url\":\"https:\\\/\\\/eldigitaldeasturias.com\\\/magazine365\\\/wp-content\\\/litespeed\\\/avatar\\\/e571bcf59a0edd6fa6838245a470f2fe.jpg?ver=1776969259\",\"width\":96,\"height\":96,\"caption\":\"admin\"}},{\"@type\":\"WebPage\",\"@id\":\"https:\\\/\\\/eldigitaldeasturias.com\\\/magazine365\\\/dos-de-cada-tres-espanoles-eligen-cadiz-como-destino-vacacional\\\/#webpage\",\"url\":\"https:\\\/\\\/eldigitaldeasturias.com\\\/magazine365\\\/dos-de-cada-tres-espanoles-eligen-cadiz-como-destino-vacacional\\\/\",\"name\":\"Dos de cada tres espa\\u00f1oles eligen C\\u00e1diz como destino vacacional | El Digital de Asturias\",\"description\":\"Las vacaciones de Albert Rivera, las favoritas de los espa\\u00f1oles por delante del resto de candidatos, seg\\u00fan la tienda de viajes PANGEA The Travel Store, que asegura que este destino ha sido elegido por dos de cada tres espa\\u00f1oles por delante de Pontevedra (Rajoy), Almer\\u00eda (Pedro S\\u00e1nchez) y \\u00c1vila (Pablo Iglesias). Casi dos de cada\",\"inLanguage\":\"es-ES\",\"isPartOf\":{\"@id\":\"https:\\\/\\\/eldigitaldeasturias.com\\\/magazine365\\\/#website\"},\"breadcrumb\":{\"@id\":\"https:\\\/\\\/eldigitaldeasturias.com\\\/magazine365\\\/dos-de-cada-tres-espanoles-eligen-cadiz-como-destino-vacacional\\\/#breadcrumblist\"},\"author\":{\"@id\":\"https:\\\/\\\/eldigitaldeasturias.com\\\/magazine365\\\/author\\\/admin\\\/#author\"},\"creator\":{\"@id\":\"https:\\\/\\\/eldigitaldeasturias.com\\\/magazine365\\\/author\\\/admin\\\/#author\"},\"image\":{\"@type\":\"ImageObject\",\"url\":\"https:\\\/\\\/eldigitaldeasturias.com\\\/magazine365\\\/wp-content\\\/uploads\\\/2016\\\/06\\\/fotonoticia_20160608143520_800.jpg\",\"@id\":\"https:\\\/\\\/eldigitaldeasturias.com\\\/magazine365\\\/dos-de-cada-tres-espanoles-eligen-cadiz-como-destino-vacacional\\\/#mainImage\",\"width\":800,\"height\":533},\"primaryImageOfPage\":{\"@id\":\"https:\\\/\\\/eldigitaldeasturias.com\\\/magazine365\\\/dos-de-cada-tres-espanoles-eligen-cadiz-como-destino-vacacional\\\/#mainImage\"},\"datePublished\":\"2016-06-08T16:21:00+02:00\",\"dateModified\":\"2016-06-08T16:21:00+02:00\"},{\"@type\":\"WebSite\",\"@id\":\"https:\\\/\\\/eldigitaldeasturias.com\\\/magazine365\\\/#website\",\"url\":\"https:\\\/\\\/eldigitaldeasturias.com\\\/magazine365\\\/\",\"name\":\"El Digital de Asturias\",\"description\":\"Revista de ocio, turismo y estilo de vida\",\"inLanguage\":\"es-ES\",\"publisher\":{\"@id\":\"https:\\\/\\\/eldigitaldeasturias.com\\\/magazine365\\\/#organization\"}}]}\n\t\t<\/script>\n\t\t<!-- All in One SEO Pro -->\r\n\t\t<title>Dos de cada tres espa\u00f1oles eligen C\u00e1diz como destino vacacional | El Digital de Asturias<\/title>\n\n","aioseo_head_json":{"title":"Dos de cada tres espa\u00f1oles eligen C\u00e1diz como destino vacacional | El Digital de Asturias","description":"Las vacaciones de Albert Rivera, las favoritas de los espa\u00f1oles por delante del resto de candidatos, seg\u00fan la tienda de viajes PANGEA The Travel Store, que asegura que este destino ha sido elegido por dos de cada tres espa\u00f1oles por delante de Pontevedra (Rajoy), Almer\u00eda (Pedro S\u00e1nchez) y \u00c1vila (Pablo Iglesias). Casi dos de cada","canonical_url":"https:\/\/eldigitaldeasturias.com\/magazine365\/dos-de-cada-tres-espanoles-eligen-cadiz-como-destino-vacacional\/","robots":"max-image-preview:large","keywords":"noticias y actualidad","webmasterTools":{"google-site-verification":"UA-38556648-1","miscellaneous":""},"schema":{"@context":"https:\/\/schema.org","@graph":[{"@type":"Article","@id":"https:\/\/eldigitaldeasturias.com\/magazine365\/dos-de-cada-tres-espanoles-eligen-cadiz-como-destino-vacacional\/#article","name":"Dos de cada tres espa\u00f1oles eligen C\u00e1diz como destino vacacional | El Digital de Asturias","headline":"Dos de cada tres espa\u00f1oles eligen C\u00e1diz como destino vacacional","author":{"@id":"https:\/\/eldigitaldeasturias.com\/magazine365\/author\/admin\/#author"},"publisher":{"@id":"https:\/\/eldigitaldeasturias.com\/magazine365\/#organization"},"image":{"@type":"ImageObject","url":"https:\/\/eldigitaldeasturias.com\/magazine365\/wp-content\/uploads\/2016\/06\/fotonoticia_20160608143520_800.jpg","width":800,"height":533},"datePublished":"2016-06-08T16:21:00+02:00","dateModified":"2016-06-08T16:21:00+02:00","inLanguage":"es-ES","mainEntityOfPage":{"@id":"https:\/\/eldigitaldeasturias.com\/magazine365\/dos-de-cada-tres-espanoles-eligen-cadiz-como-destino-vacacional\/#webpage"},"isPartOf":{"@id":"https:\/\/eldigitaldeasturias.com\/magazine365\/dos-de-cada-tres-espanoles-eligen-cadiz-como-destino-vacacional\/#webpage"},"articleSection":"Noticias y Actualidad"},{"@type":"BreadcrumbList","@id":"https:\/\/eldigitaldeasturias.com\/magazine365\/dos-de-cada-tres-espanoles-eligen-cadiz-como-destino-vacacional\/#breadcrumblist","itemListElement":[{"@type":"ListItem","@id":"https:\/\/eldigitaldeasturias.com\/magazine365#listItem","position":1,"name":"Home","item":"https:\/\/eldigitaldeasturias.com\/magazine365","nextItem":{"@type":"ListItem","@id":"https:\/\/eldigitaldeasturias.com\/magazine365\/category\/noticias-actualidad\/#listItem","name":"Noticias y Actualidad"}},{"@type":"ListItem","@id":"https:\/\/eldigitaldeasturias.com\/magazine365\/category\/noticias-actualidad\/#listItem","position":2,"name":"Noticias y Actualidad","item":"https:\/\/eldigitaldeasturias.com\/magazine365\/category\/noticias-actualidad\/","nextItem":{"@type":"ListItem","@id":"https:\/\/eldigitaldeasturias.com\/magazine365\/dos-de-cada-tres-espanoles-eligen-cadiz-como-destino-vacacional\/#listItem","name":"Dos de cada tres espa\u00f1oles eligen C\u00e1diz como destino vacacional"},"previousItem":{"@type":"ListItem","@id":"https:\/\/eldigitaldeasturias.com\/magazine365#listItem","name":"Home"}},{"@type":"ListItem","@id":"https:\/\/eldigitaldeasturias.com\/magazine365\/dos-de-cada-tres-espanoles-eligen-cadiz-como-destino-vacacional\/#listItem","position":3,"name":"Dos de cada tres espa\u00f1oles eligen C\u00e1diz como destino vacacional","previousItem":{"@type":"ListItem","@id":"https:\/\/eldigitaldeasturias.com\/magazine365\/category\/noticias-actualidad\/#listItem","name":"Noticias y Actualidad"}}]},{"@type":"Organization","@id":"https:\/\/eldigitaldeasturias.com\/magazine365\/#organization","name":"El digital de Asturias","description":"Revista de ocio, turismo y estilo de vida","url":"https:\/\/eldigitaldeasturias.com\/magazine365\/","logo":{"@type":"ImageObject","url":"https:\/\/www.eldigitaldeasturias.com\/noticias\/wp-content\/uploads\/2020\/12\/EDA.jpg","@id":"https:\/\/eldigitaldeasturias.com\/magazine365\/dos-de-cada-tres-espanoles-eligen-cadiz-como-destino-vacacional\/#organizationLogo"},"image":{"@id":"https:\/\/eldigitaldeasturias.com\/magazine365\/dos-de-cada-tres-espanoles-eligen-cadiz-como-destino-vacacional\/#organizationLogo"}},{"@type":"Person","@id":"https:\/\/eldigitaldeasturias.com\/magazine365\/author\/admin\/#author","url":"https:\/\/eldigitaldeasturias.com\/magazine365\/author\/admin\/","name":"admin","image":{"@type":"ImageObject","@id":"https:\/\/eldigitaldeasturias.com\/magazine365\/dos-de-cada-tres-espanoles-eligen-cadiz-como-destino-vacacional\/#authorImage","url":"https:\/\/eldigitaldeasturias.com\/magazine365\/wp-content\/litespeed\/avatar\/e571bcf59a0edd6fa6838245a470f2fe.jpg?ver=1776969259","width":96,"height":96,"caption":"admin"}},{"@type":"WebPage","@id":"https:\/\/eldigitaldeasturias.com\/magazine365\/dos-de-cada-tres-espanoles-eligen-cadiz-como-destino-vacacional\/#webpage","url":"https:\/\/eldigitaldeasturias.com\/magazine365\/dos-de-cada-tres-espanoles-eligen-cadiz-como-destino-vacacional\/","name":"Dos de cada tres espa\u00f1oles eligen C\u00e1diz como destino vacacional | El Digital de Asturias","description":"Las vacaciones de Albert Rivera, las favoritas de los espa\u00f1oles por delante del resto de candidatos, seg\u00fan la tienda de viajes PANGEA The Travel Store, que asegura que este destino ha sido elegido por dos de cada tres espa\u00f1oles por delante de Pontevedra (Rajoy), Almer\u00eda (Pedro S\u00e1nchez) y \u00c1vila (Pablo Iglesias). Casi dos de cada","inLanguage":"es-ES","isPartOf":{"@id":"https:\/\/eldigitaldeasturias.com\/magazine365\/#website"},"breadcrumb":{"@id":"https:\/\/eldigitaldeasturias.com\/magazine365\/dos-de-cada-tres-espanoles-eligen-cadiz-como-destino-vacacional\/#breadcrumblist"},"author":{"@id":"https:\/\/eldigitaldeasturias.com\/magazine365\/author\/admin\/#author"},"creator":{"@id":"https:\/\/eldigitaldeasturias.com\/magazine365\/author\/admin\/#author"},"image":{"@type":"ImageObject","url":"https:\/\/eldigitaldeasturias.com\/magazine365\/wp-content\/uploads\/2016\/06\/fotonoticia_20160608143520_800.jpg","@id":"https:\/\/eldigitaldeasturias.com\/magazine365\/dos-de-cada-tres-espanoles-eligen-cadiz-como-destino-vacacional\/#mainImage","width":800,"height":533},"primaryImageOfPage":{"@id":"https:\/\/eldigitaldeasturias.com\/magazine365\/dos-de-cada-tres-espanoles-eligen-cadiz-como-destino-vacacional\/#mainImage"},"datePublished":"2016-06-08T16:21:00+02:00","dateModified":"2016-06-08T16:21:00+02:00"},{"@type":"WebSite","@id":"https:\/\/eldigitaldeasturias.com\/magazine365\/#website","url":"https:\/\/eldigitaldeasturias.com\/magazine365\/","name":"El Digital de Asturias","description":"Revista de ocio, turismo y estilo de vida","inLanguage":"es-ES","publisher":{"@id":"https:\/\/eldigitaldeasturias.com\/magazine365\/#organization"}}]},"og:locale":"es_ES","og:site_name":"El Digital de Asturias \u2013 Revista de ocio, turismo y estilo de vida","og:type":"article","og:title":"Dos de cada tres espa\u00f1oles eligen C\u00e1diz como destino vacacional | El Digital de Asturias","og:description":"Las vacaciones de Albert Rivera, las favoritas de los espa\u00f1oles por delante del resto de candidatos, seg\u00fan la tienda de viajes PANGEA The Travel Store, que asegura que este destino ha sido elegido por dos de cada tres espa\u00f1oles por delante de Pontevedra (Rajoy), Almer\u00eda (Pedro S\u00e1nchez) y \u00c1vila (Pablo Iglesias). Casi dos de cada","og:url":"https:\/\/eldigitaldeasturias.com\/magazine365\/dos-de-cada-tres-espanoles-eligen-cadiz-como-destino-vacacional\/","og:image":"https:\/\/eldigitaldeasturias.com\/magazine365\/wp-content\/uploads\/2016\/06\/fotonoticia_20160608143520_800.jpg","og:image:secure_url":"https:\/\/eldigitaldeasturias.com\/magazine365\/wp-content\/uploads\/2016\/06\/fotonoticia_20160608143520_800.jpg","og:image:width":800,"og:image:height":533,"article:published_time":"2016-06-08T14:21:00+00:00","article:modified_time":"2016-06-08T14:21:00+00:00","twitter:card":"summary_large_image","twitter:title":"Dos de cada tres espa\u00f1oles eligen C\u00e1diz como destino vacacional | El Digital de Asturias","twitter:description":"Las vacaciones de Albert Rivera, las favoritas de los espa\u00f1oles por delante del resto de candidatos, seg\u00fan la tienda de viajes PANGEA The Travel Store, que asegura que este destino ha sido elegido por dos de cada tres espa\u00f1oles por delante de Pontevedra (Rajoy), Almer\u00eda (Pedro S\u00e1nchez) y \u00c1vila (Pablo Iglesias). Casi dos de cada","twitter:image":"https:\/\/eldigitaldeasturias.com\/magazine365\/wp-content\/uploads\/2016\/06\/fotonoticia_20160608143520_800.jpg"},"aioseo_meta_data":{"post_id":"78259","title":null,"description":null,"keywords":null,"keyphrases":null,"primary_term":null,"canonical_url":null,"og_title":null,"og_description":null,"og_object_type":"default","og_image_type":"default","og_image_url":null,"og_image_width":null,"og_image_height":null,"og_image_custom_url":null,"og_image_custom_fields":null,"og_video":null,"og_custom_url":null,"og_article_section":null,"og_article_tags":null,"twitter_use_og":false,"twitter_card":"default","twitter_image_type":"default","twitter_image_url":null,"twitter_image_custom_url":null,"twitter_image_custom_fields":null,"twitter_title":null,"twitter_description":null,"schema":{"blockGraphs":[],"customGraphs":[],"default":{"data":{"Article":[],"Course":[],"Dataset":[],"FAQPage":[],"Movie":[],"Person":[],"Product":[],"ProductReview":[],"Car":[],"Recipe":[],"Service":[],"SoftwareApplication":[],"WebPage":[]},"graphName":"","isEnabled":true},"graphs":[],"defaultGraph":"","defaultPostTypeGraph":""},"schema_type":null,"schema_type_options":null,"pillar_content":false,"robots_default":true,"robots_noindex":false,"robots_noarchive":false,"robots_nosnippet":false,"robots_nofollow":false,"robots_noimageindex":false,"robots_noodp":false,"robots_notranslate":false,"robots_max_snippet":null,"robots_max_videopreview":null,"robots_max_imagepreview":"large","priority":null,"frequency":null,"location":null,"local_seo":null,"seo_analyzer_scan_date":"2025-09-27 16:35:32","breadcrumb_settings":null,"limit_modified_date":false,"open_ai":null,"ai":null,"created":"2021-03-08 18:02:52","updated":"2025-09-27 16:35:32"},"aioseo_breadcrumb":"<div class=\"aioseo-breadcrumbs\"><span class=\"aioseo-breadcrumb\">\n\t<a href=\"https:\/\/eldigitaldeasturias.com\/magazine365\" title=\"Home\">Home<\/a>\n<\/span><span class=\"aioseo-breadcrumb-separator\">\u2013<\/span><span class=\"aioseo-breadcrumb\">\n\t<a href=\"https:\/\/eldigitaldeasturias.com\/magazine365\/category\/noticias-actualidad\/\" title=\"Noticias y Actualidad\">Noticias y Actualidad<\/a>\n<\/span><span class=\"aioseo-breadcrumb-separator\">\u2013<\/span><span class=\"aioseo-breadcrumb\">\n\t<a href=\"https:\/\/eldigitaldeasturias.com\/magazine365\/dos-de-cada-tres-espanoles-eligen-cadiz-como-destino-vacacional\/\" title=\"Dos de cada tres espa\u00f1oles eligen C\u00e1diz como destino vacacional\">Dos de cada tres espa\u00f1oles eligen C\u00e1diz como destino vacacional<\/a>\n<\/span><\/div>","aioseo_breadcrumb_json":[{"label":"Home","link":"https:\/\/eldigitaldeasturias.com\/magazine365"},{"label":"Noticias y Actualidad","link":"https:\/\/eldigitaldeasturias.com\/magazine365\/category\/noticias-actualidad\/"},{"label":"Dos de cada tres espa\u00f1oles eligen C\u00e1diz como destino vacacional","link":"https:\/\/eldigitaldeasturias.com\/magazine365\/dos-de-cada-tres-espanoles-eligen-cadiz-como-destino-vacacional\/"}],"_links":{"self":[{"href":"https:\/\/eldigitaldeasturias.com\/magazine365\/wp-json\/wp\/v2\/posts\/78259","targetHints":{"allow":["GET"]}}],"collection":[{"href":"https:\/\/eldigitaldeasturias.com\/magazine365\/wp-json\/wp\/v2\/posts"}],"about":[{"href":"https:\/\/eldigitaldeasturias.com\/magazine365\/wp-json\/wp\/v2\/types\/post"}],"author":[{"embeddable":true,"href":"https:\/\/eldigitaldeasturias.com\/magazine365\/wp-json\/wp\/v2\/users\/1"}],"replies":[{"embeddable":true,"href":"https:\/\/eldigitaldeasturias.com\/magazine365\/wp-json\/wp\/v2\/comments?post=78259"}],"version-history":[{"count":0,"href":"https:\/\/eldigitaldeasturias.com\/magazine365\/wp-json\/wp\/v2\/posts\/78259\/revisions"}],"wp:featuredmedia":[{"embeddable":true,"href":"https:\/\/eldigitaldeasturias.com\/magazine365\/wp-json\/wp\/v2\/media\/78261"}],"wp:attachment":[{"href":"https:\/\/eldigitaldeasturias.com\/magazine365\/wp-json\/wp\/v2\/media?parent=78259"}],"wp:term":[{"taxonomy":"category","embeddable":true,"href":"https:\/\/eldigitaldeasturias.com\/magazine365\/wp-json\/wp\/v2\/categories?post=78259"},{"taxonomy":"post_tag","embeddable":true,"href":"https:\/\/eldigitaldeasturias.com\/magazine365\/wp-json\/wp\/v2\/tags?post=78259"}],"curies":[{"name":"wp","href":"https:\/\/api.w.org\/{rel}","templated":true}]}}