{"id":78253,"date":"2016-06-08T16:16:24","date_gmt":"2016-06-08T14:16:24","guid":{"rendered":"http:\/\/eldigitaldeasturias.com\/magazine365\/?p=78253"},"modified":"2016-06-08T16:16:24","modified_gmt":"2016-06-08T14:16:24","slug":"la-tenista-maria-dolores-lopez-embajadora-de-la-marca-costa-de-almeria","status":"publish","type":"post","link":"https:\/\/eldigitaldeasturias.com\/magazine365\/la-tenista-maria-dolores-lopez-embajadora-de-la-marca-costa-de-almeria\/","title":{"rendered":"La tenista Mar\u00eda Dolores L\u00f3pez, embajadora de la marca &#8216;Costa de Almer\u00eda&#8217;"},"content":{"rendered":"<p><img fetchpriority=\"high\" decoding=\"async\" class=\"alignleft size-medium wp-image-78254\" src=\"https:\/\/eldigitaldeasturias.com\/magazine365\/wp-content\/uploads\/2016\/06\/fotonoticia_20160608143336_800-360x240.jpg\" alt=\"fotonoticia_20160608143336_800\" width=\"360\" height=\"240\" srcset=\"https:\/\/eldigitaldeasturias.com\/magazine365\/wp-content\/uploads\/2016\/06\/fotonoticia_20160608143336_800-360x240.jpg 360w, https:\/\/eldigitaldeasturias.com\/magazine365\/wp-content\/uploads\/2016\/06\/fotonoticia_20160608143336_800-650x434.jpg 650w, https:\/\/eldigitaldeasturias.com\/magazine365\/wp-content\/uploads\/2016\/06\/fotonoticia_20160608143336_800-768x513.jpg 768w, https:\/\/eldigitaldeasturias.com\/magazine365\/wp-content\/uploads\/2016\/06\/fotonoticia_20160608143336_800-150x100.jpg 150w, https:\/\/eldigitaldeasturias.com\/magazine365\/wp-content\/uploads\/2016\/06\/fotonoticia_20160608143336_800-450x300.jpg 450w, https:\/\/eldigitaldeasturias.com\/magazine365\/wp-content\/uploads\/2016\/06\/fotonoticia_20160608143336_800-101x66.jpg 101w, https:\/\/eldigitaldeasturias.com\/magazine365\/wp-content\/uploads\/2016\/06\/fotonoticia_20160608143336_800.jpg 800w\" sizes=\"(max-width: 360px) 100vw, 360px\" \/>La joven tenista Mar\u00eda Dolores L\u00f3pez, que se ha convertido hace unos d\u00edas en la primera espa\u00f1ola en ganar el torneo de Roland Garros Sub 13 en categor\u00eda femenina, ser\u00e1 la nueva embajadora de la marca &#8216;Costa de Almer\u00eda&#8217;.<\/p>\n<p>As\u00ed lo ha anunciado el vicepresidente de la Diputaci\u00f3n de Almer\u00eda, Javier Aureliano Garc\u00eda, durante la recepci\u00f3n oficial a la tenista realizada este martes en el Palacio Provincial, en la que Mar\u00eda Dolores L\u00f3pez ha entregado su trofeo de Roland Garros Sub 13 a la provincia, arropada por el presidente de la instituci\u00f3n provincial, Gabriel Amat.<\/p>\n<p>El presidente de la Diputaci\u00f3n de Almer\u00eda, Gabriel Amat, ha afirmado que \u00abes un orgullo recibir a una gran persona y mejor deportista porque en su categor\u00eda es la mejor del mundo. Queremos agradecer el esfuerzo de una persona tan joven que ha conseguido un gran logro, y su responsabilidad, porque no es f\u00e1cil ser campeona en su categor\u00eda\u00bb.<\/p>\n<p>Amat ha declarado que \u00abnos sentimos muy orgullosos con este trofeo que se le ofrece a la provincia de Almer\u00eda\u00bb, y ha recordado que \u00abtan solo dos personas son imagen de &#8216;Costa de Almer\u00eda&#8217;, David Bisbal y Mar\u00eda Dolores, ambos de Almer\u00eda\u00bb.<\/p>\n<p>Javier Aureliano Garc\u00eda ha explicado que Mar\u00eda Dolores L\u00f3pez \u00abencarna los valores que queremos promocionar en Almer\u00eda y, como no, casarlos con &#8216;Costa de Almer\u00eda'\u00bb. Garc\u00eda ha reconocido la \u00abgenerosidad\u00bb de la tenista por ofrecer su trofeo de Roland Garros a la provincia y ha destacado el hecho de que ha sido \u00abla primera espa\u00f1ola que gana este torneo con doce a\u00f1os, ya que cumpli\u00f3 los 13 el 4 de junio\u00bb.<\/p>\n<p>El vicepresidente de la Diputaci\u00f3n de Almer\u00eda ha declarado que, de cara a los torneos a los que Mar\u00eda Dolores L\u00f3pez se enfrentar\u00e1 de ahora en adelante, \u00abel Servicio Provincial de Turismo ha pensado que estar\u00eda bien que Mar\u00eda Dolores lleve all\u00e1 donde vaya el logo de &#8216;Costa de Almer\u00eda'\u00bb.<\/p>\n<p>Con esta medida, la tenista \u00abva a llevar el nombre de Almer\u00eda por toda Espa\u00f1a y toda Europa porque nosotros queremos fomentar el esfuerzo, el sacrificio y los valores que encarna el deporte, y casarlos con el turismo activo, en una franja de edad muy importante para promocionar la marca &#8216;Costa de Almer\u00eda'\u00bb, ha afirmado Javier Aureliano Garc\u00eda.<\/p>\n<p>Mar\u00eda Dolores L\u00f3pez se ha proclamado campeona del torneo Longiness Future Tennis Aces, en categor\u00eda Sub 13, enmarcado dentro de la celebraci\u00f3n de Roland Garros en Par\u00eds, tras vencer a la tenista rusa Kristina Volgapkina por 4-1 y 4-2 en la final del campeonato.<\/p>\n<p>L\u00f3pez ha declarado que la participaci\u00f3n en este torneo, el m\u00e1s importante en el mundo del tenis en tierra batida, ha sido una experiencia \u00fanica, en la que ha tenido que superar, como principal objetivo, a sus propios nervios.<\/p>\n<p>La tenista almeriense ha recordado que empez\u00f3 a practicar este deporte hace unos a\u00f1os, \u00abcuando mi abuela me regal\u00f3 por mi cumplea\u00f1os una raqueta y una pelota y empec\u00e9 a jugar en una pared, hasta que abrieron unas pistas de tenis al lado de mi casa y comenc\u00e9 a pelotear all\u00ed\u00bb.<\/p>\n<p>Su pr\u00f3ximo reto es el Torneo de Espa\u00f1a Infantil &#8216;Babolat Cup&#8217;, para el que ha asegurado que tendr\u00e1 que \u00abtrabajar el doble, porque mis compa\u00f1eras ahora tienen el doble de ganas de ganarme\u00bb.<\/p>\n<p>Para acompa\u00f1arla en sus pr\u00f3ximos campeonatos, la Diputaci\u00f3n de Almer\u00eda le ha entregado a Mar\u00eda Dolores L\u00f3pez una raqueta de tenis con el logotipo de &#8216;Costa de Almer\u00eda&#8217; impreso.<\/p>\n<p>El torneo de Roland Garros de este a\u00f1o ha tenido un claro dominio espa\u00f1ol, ya que, adem\u00e1s, de Mar\u00eda Dolores L\u00f3pez, otra mujer, la segunda en la historia de Espa\u00f1a, Garbi\u00f1e Muguruza, se ha proclamado campeona absoluta de la tierra batida de Par\u00eds. Adem\u00e1s, en dobles, tambi\u00e9n han levantado la copa de Roland Garros Marc L\u00f3pez y Feliciano L\u00f3pez.<\/p>\n<p>Mar\u00eda Dolores L\u00f3pez se ha convertido, en tan s\u00f3lo unos d\u00edas, en una de las j\u00f3venes promesas del deporte para Almer\u00eda y para Espa\u00f1a.<\/p>\n","protected":false},"excerpt":{"rendered":"<p>La joven tenista Mar\u00eda Dolores L\u00f3pez, que se ha convertido hace unos d\u00edas en la primera espa\u00f1ola en ganar el torneo de Roland Garros Sub 13 en categor\u00eda femenina, ser\u00e1 la nueva embajadora de la marca &#8216;Costa de Almer\u00eda&#8217;. As\u00ed lo ha anunciado el vicepresidente de la Diputaci\u00f3n de Almer\u00eda, Javier Aureliano Garc\u00eda, durante la<\/p>\n","protected":false},"author":1,"featured_media":78254,"comment_status":"open","ping_status":"closed","sticky":false,"template":"","format":"standard","meta":{"footnotes":""},"categories":[224],"tags":[],"class_list":{"0":"post-78253","1":"post","2":"type-post","3":"status-publish","4":"format-standard","5":"has-post-thumbnail","7":"category-noticias-actualidad"},"aioseo_notices":[],"aioseo_head":"\n\t\t<!-- All in One SEO Pro 4.9.6.1 - aioseo.com -->\n\t<meta name=\"description\" content=\"La joven tenista Mar\u00eda Dolores L\u00f3pez, que se ha convertido hace unos d\u00edas en la primera espa\u00f1ola en ganar el torneo de Roland Garros Sub 13 en categor\u00eda femenina, ser\u00e1 la nueva embajadora de la marca &#039;Costa de Almer\u00eda&#039;. As\u00ed lo ha anunciado el vicepresidente de la Diputaci\u00f3n de Almer\u00eda, Javier Aureliano Garc\u00eda, durante la\" \/>\n\t<meta name=\"robots\" content=\"max-image-preview:large\" \/>\n\t<meta name=\"author\" content=\"admin\"\/>\n\t<meta name=\"google-site-verification\" content=\"UA-38556648-1\" \/>\n\t<meta name=\"keywords\" content=\"noticias y actualidad\" \/>\n\t<link rel=\"canonical\" href=\"https:\/\/eldigitaldeasturias.com\/magazine365\/la-tenista-maria-dolores-lopez-embajadora-de-la-marca-costa-de-almeria\/\" \/>\n\t<meta name=\"generator\" content=\"All in One SEO Pro (AIOSEO) 4.9.6.1\" \/>\n\t\t<meta property=\"og:locale\" content=\"es_ES\" \/>\n\t\t<meta property=\"og:site_name\" content=\"El Digital de Asturias \u2013 Revista de ocio, turismo y estilo de vida\" \/>\n\t\t<meta property=\"og:type\" content=\"article\" \/>\n\t\t<meta property=\"og:title\" content=\"La tenista Mar\u00eda Dolores L\u00f3pez, embajadora de la marca \u2018Costa de Almer\u00eda\u2019 | El Digital de Asturias\" \/>\n\t\t<meta property=\"og:description\" content=\"La joven tenista Mar\u00eda Dolores L\u00f3pez, que se ha convertido hace unos d\u00edas en la primera espa\u00f1ola en ganar el torneo de Roland Garros Sub 13 en categor\u00eda femenina, ser\u00e1 la nueva embajadora de la marca &#039;Costa de Almer\u00eda&#039;. As\u00ed lo ha anunciado el vicepresidente de la Diputaci\u00f3n de Almer\u00eda, Javier Aureliano Garc\u00eda, durante la\" \/>\n\t\t<meta property=\"og:url\" content=\"https:\/\/eldigitaldeasturias.com\/magazine365\/la-tenista-maria-dolores-lopez-embajadora-de-la-marca-costa-de-almeria\/\" \/>\n\t\t<meta property=\"og:image\" content=\"https:\/\/eldigitaldeasturias.com\/magazine365\/wp-content\/uploads\/2016\/06\/fotonoticia_20160608143336_800.jpg\" \/>\n\t\t<meta property=\"og:image:secure_url\" content=\"https:\/\/eldigitaldeasturias.com\/magazine365\/wp-content\/uploads\/2016\/06\/fotonoticia_20160608143336_800.jpg\" \/>\n\t\t<meta property=\"og:image:width\" content=\"800\" \/>\n\t\t<meta property=\"og:image:height\" content=\"534\" \/>\n\t\t<meta property=\"article:published_time\" content=\"2016-06-08T14:16:24+00:00\" \/>\n\t\t<meta property=\"article:modified_time\" content=\"2016-06-08T14:16:24+00:00\" \/>\n\t\t<meta name=\"twitter:card\" content=\"summary_large_image\" \/>\n\t\t<meta name=\"twitter:title\" content=\"La tenista Mar\u00eda Dolores L\u00f3pez, embajadora de la marca \u2018Costa de Almer\u00eda\u2019 | El Digital de Asturias\" \/>\n\t\t<meta name=\"twitter:description\" content=\"La joven tenista Mar\u00eda Dolores L\u00f3pez, que se ha convertido hace unos d\u00edas en la primera espa\u00f1ola en ganar el torneo de Roland Garros Sub 13 en categor\u00eda femenina, ser\u00e1 la nueva embajadora de la marca &#039;Costa de Almer\u00eda&#039;. As\u00ed lo ha anunciado el vicepresidente de la Diputaci\u00f3n de Almer\u00eda, Javier Aureliano Garc\u00eda, durante la\" \/>\n\t\t<meta name=\"twitter:image\" content=\"https:\/\/eldigitaldeasturias.com\/magazine365\/wp-content\/uploads\/2016\/06\/fotonoticia_20160608143336_800.jpg\" \/>\n\t\t<script type=\"application\/ld+json\" class=\"aioseo-schema\">\n\t\t\t{\"@context\":\"https:\\\/\\\/schema.org\",\"@graph\":[{\"@type\":\"Article\",\"@id\":\"https:\\\/\\\/eldigitaldeasturias.com\\\/magazine365\\\/la-tenista-maria-dolores-lopez-embajadora-de-la-marca-costa-de-almeria\\\/#article\",\"name\":\"La tenista Mar\\u00eda Dolores L\\u00f3pez, embajadora de la marca \\u2018Costa de Almer\\u00eda\\u2019 | El Digital de Asturias\",\"headline\":\"La tenista Mar\\u00eda Dolores L\\u00f3pez, embajadora de la marca &#8216;Costa de Almer\\u00eda&#8217;\",\"author\":{\"@id\":\"https:\\\/\\\/eldigitaldeasturias.com\\\/magazine365\\\/author\\\/admin\\\/#author\"},\"publisher\":{\"@id\":\"https:\\\/\\\/eldigitaldeasturias.com\\\/magazine365\\\/#organization\"},\"image\":{\"@type\":\"ImageObject\",\"url\":\"https:\\\/\\\/eldigitaldeasturias.com\\\/magazine365\\\/wp-content\\\/uploads\\\/2016\\\/06\\\/fotonoticia_20160608143336_800.jpg\",\"width\":800,\"height\":534},\"datePublished\":\"2016-06-08T16:16:24+02:00\",\"dateModified\":\"2016-06-08T16:16:24+02:00\",\"inLanguage\":\"es-ES\",\"mainEntityOfPage\":{\"@id\":\"https:\\\/\\\/eldigitaldeasturias.com\\\/magazine365\\\/la-tenista-maria-dolores-lopez-embajadora-de-la-marca-costa-de-almeria\\\/#webpage\"},\"isPartOf\":{\"@id\":\"https:\\\/\\\/eldigitaldeasturias.com\\\/magazine365\\\/la-tenista-maria-dolores-lopez-embajadora-de-la-marca-costa-de-almeria\\\/#webpage\"},\"articleSection\":\"Noticias y Actualidad\"},{\"@type\":\"BreadcrumbList\",\"@id\":\"https:\\\/\\\/eldigitaldeasturias.com\\\/magazine365\\\/la-tenista-maria-dolores-lopez-embajadora-de-la-marca-costa-de-almeria\\\/#breadcrumblist\",\"itemListElement\":[{\"@type\":\"ListItem\",\"@id\":\"https:\\\/\\\/eldigitaldeasturias.com\\\/magazine365#listItem\",\"position\":1,\"name\":\"Home\",\"item\":\"https:\\\/\\\/eldigitaldeasturias.com\\\/magazine365\",\"nextItem\":{\"@type\":\"ListItem\",\"@id\":\"https:\\\/\\\/eldigitaldeasturias.com\\\/magazine365\\\/category\\\/noticias-actualidad\\\/#listItem\",\"name\":\"Noticias y Actualidad\"}},{\"@type\":\"ListItem\",\"@id\":\"https:\\\/\\\/eldigitaldeasturias.com\\\/magazine365\\\/category\\\/noticias-actualidad\\\/#listItem\",\"position\":2,\"name\":\"Noticias y Actualidad\",\"item\":\"https:\\\/\\\/eldigitaldeasturias.com\\\/magazine365\\\/category\\\/noticias-actualidad\\\/\",\"nextItem\":{\"@type\":\"ListItem\",\"@id\":\"https:\\\/\\\/eldigitaldeasturias.com\\\/magazine365\\\/la-tenista-maria-dolores-lopez-embajadora-de-la-marca-costa-de-almeria\\\/#listItem\",\"name\":\"La tenista Mar\\u00eda Dolores L\\u00f3pez, embajadora de la marca &#8216;Costa de Almer\\u00eda&#8217;\"},\"previousItem\":{\"@type\":\"ListItem\",\"@id\":\"https:\\\/\\\/eldigitaldeasturias.com\\\/magazine365#listItem\",\"name\":\"Home\"}},{\"@type\":\"ListItem\",\"@id\":\"https:\\\/\\\/eldigitaldeasturias.com\\\/magazine365\\\/la-tenista-maria-dolores-lopez-embajadora-de-la-marca-costa-de-almeria\\\/#listItem\",\"position\":3,\"name\":\"La tenista Mar\\u00eda Dolores L\\u00f3pez, embajadora de la marca &#8216;Costa de Almer\\u00eda&#8217;\",\"previousItem\":{\"@type\":\"ListItem\",\"@id\":\"https:\\\/\\\/eldigitaldeasturias.com\\\/magazine365\\\/category\\\/noticias-actualidad\\\/#listItem\",\"name\":\"Noticias y Actualidad\"}}]},{\"@type\":\"Organization\",\"@id\":\"https:\\\/\\\/eldigitaldeasturias.com\\\/magazine365\\\/#organization\",\"name\":\"El digital de Asturias\",\"description\":\"Revista de ocio, turismo y estilo de vida\",\"url\":\"https:\\\/\\\/eldigitaldeasturias.com\\\/magazine365\\\/\",\"logo\":{\"@type\":\"ImageObject\",\"url\":\"https:\\\/\\\/www.eldigitaldeasturias.com\\\/noticias\\\/wp-content\\\/uploads\\\/2020\\\/12\\\/EDA.jpg\",\"@id\":\"https:\\\/\\\/eldigitaldeasturias.com\\\/magazine365\\\/la-tenista-maria-dolores-lopez-embajadora-de-la-marca-costa-de-almeria\\\/#organizationLogo\"},\"image\":{\"@id\":\"https:\\\/\\\/eldigitaldeasturias.com\\\/magazine365\\\/la-tenista-maria-dolores-lopez-embajadora-de-la-marca-costa-de-almeria\\\/#organizationLogo\"}},{\"@type\":\"Person\",\"@id\":\"https:\\\/\\\/eldigitaldeasturias.com\\\/magazine365\\\/author\\\/admin\\\/#author\",\"url\":\"https:\\\/\\\/eldigitaldeasturias.com\\\/magazine365\\\/author\\\/admin\\\/\",\"name\":\"admin\",\"image\":{\"@type\":\"ImageObject\",\"@id\":\"https:\\\/\\\/eldigitaldeasturias.com\\\/magazine365\\\/la-tenista-maria-dolores-lopez-embajadora-de-la-marca-costa-de-almeria\\\/#authorImage\",\"url\":\"https:\\\/\\\/eldigitaldeasturias.com\\\/magazine365\\\/wp-content\\\/litespeed\\\/avatar\\\/e571bcf59a0edd6fa6838245a470f2fe.jpg?ver=1776969259\",\"width\":96,\"height\":96,\"caption\":\"admin\"}},{\"@type\":\"WebPage\",\"@id\":\"https:\\\/\\\/eldigitaldeasturias.com\\\/magazine365\\\/la-tenista-maria-dolores-lopez-embajadora-de-la-marca-costa-de-almeria\\\/#webpage\",\"url\":\"https:\\\/\\\/eldigitaldeasturias.com\\\/magazine365\\\/la-tenista-maria-dolores-lopez-embajadora-de-la-marca-costa-de-almeria\\\/\",\"name\":\"La tenista Mar\\u00eda Dolores L\\u00f3pez, embajadora de la marca \\u2018Costa de Almer\\u00eda\\u2019 | El Digital de Asturias\",\"description\":\"La joven tenista Mar\\u00eda Dolores L\\u00f3pez, que se ha convertido hace unos d\\u00edas en la primera espa\\u00f1ola en ganar el torneo de Roland Garros Sub 13 en categor\\u00eda femenina, ser\\u00e1 la nueva embajadora de la marca 'Costa de Almer\\u00eda'. As\\u00ed lo ha anunciado el vicepresidente de la Diputaci\\u00f3n de Almer\\u00eda, Javier Aureliano Garc\\u00eda, durante la\",\"inLanguage\":\"es-ES\",\"isPartOf\":{\"@id\":\"https:\\\/\\\/eldigitaldeasturias.com\\\/magazine365\\\/#website\"},\"breadcrumb\":{\"@id\":\"https:\\\/\\\/eldigitaldeasturias.com\\\/magazine365\\\/la-tenista-maria-dolores-lopez-embajadora-de-la-marca-costa-de-almeria\\\/#breadcrumblist\"},\"author\":{\"@id\":\"https:\\\/\\\/eldigitaldeasturias.com\\\/magazine365\\\/author\\\/admin\\\/#author\"},\"creator\":{\"@id\":\"https:\\\/\\\/eldigitaldeasturias.com\\\/magazine365\\\/author\\\/admin\\\/#author\"},\"image\":{\"@type\":\"ImageObject\",\"url\":\"https:\\\/\\\/eldigitaldeasturias.com\\\/magazine365\\\/wp-content\\\/uploads\\\/2016\\\/06\\\/fotonoticia_20160608143336_800.jpg\",\"@id\":\"https:\\\/\\\/eldigitaldeasturias.com\\\/magazine365\\\/la-tenista-maria-dolores-lopez-embajadora-de-la-marca-costa-de-almeria\\\/#mainImage\",\"width\":800,\"height\":534},\"primaryImageOfPage\":{\"@id\":\"https:\\\/\\\/eldigitaldeasturias.com\\\/magazine365\\\/la-tenista-maria-dolores-lopez-embajadora-de-la-marca-costa-de-almeria\\\/#mainImage\"},\"datePublished\":\"2016-06-08T16:16:24+02:00\",\"dateModified\":\"2016-06-08T16:16:24+02:00\"},{\"@type\":\"WebSite\",\"@id\":\"https:\\\/\\\/eldigitaldeasturias.com\\\/magazine365\\\/#website\",\"url\":\"https:\\\/\\\/eldigitaldeasturias.com\\\/magazine365\\\/\",\"name\":\"El Digital de Asturias\",\"description\":\"Revista de ocio, turismo y estilo de vida\",\"inLanguage\":\"es-ES\",\"publisher\":{\"@id\":\"https:\\\/\\\/eldigitaldeasturias.com\\\/magazine365\\\/#organization\"}}]}\n\t\t<\/script>\n\t\t<!-- All in One SEO Pro -->\r\n\t\t<title>La tenista Mar\u00eda Dolores L\u00f3pez, embajadora de la marca \u2018Costa de Almer\u00eda\u2019 | El Digital de Asturias<\/title>\n\n","aioseo_head_json":{"title":"La tenista Mar\u00eda Dolores L\u00f3pez, embajadora de la marca \u2018Costa de Almer\u00eda\u2019 | El Digital de Asturias","description":"La joven tenista Mar\u00eda Dolores L\u00f3pez, que se ha convertido hace unos d\u00edas en la primera espa\u00f1ola en ganar el torneo de Roland Garros Sub 13 en categor\u00eda femenina, ser\u00e1 la nueva embajadora de la marca 'Costa de Almer\u00eda'. As\u00ed lo ha anunciado el vicepresidente de la Diputaci\u00f3n de Almer\u00eda, Javier Aureliano Garc\u00eda, durante la","canonical_url":"https:\/\/eldigitaldeasturias.com\/magazine365\/la-tenista-maria-dolores-lopez-embajadora-de-la-marca-costa-de-almeria\/","robots":"max-image-preview:large","keywords":"noticias y actualidad","webmasterTools":{"google-site-verification":"UA-38556648-1","miscellaneous":""},"schema":{"@context":"https:\/\/schema.org","@graph":[{"@type":"Article","@id":"https:\/\/eldigitaldeasturias.com\/magazine365\/la-tenista-maria-dolores-lopez-embajadora-de-la-marca-costa-de-almeria\/#article","name":"La tenista Mar\u00eda Dolores L\u00f3pez, embajadora de la marca \u2018Costa de Almer\u00eda\u2019 | El Digital de Asturias","headline":"La tenista Mar\u00eda Dolores L\u00f3pez, embajadora de la marca &#8216;Costa de Almer\u00eda&#8217;","author":{"@id":"https:\/\/eldigitaldeasturias.com\/magazine365\/author\/admin\/#author"},"publisher":{"@id":"https:\/\/eldigitaldeasturias.com\/magazine365\/#organization"},"image":{"@type":"ImageObject","url":"https:\/\/eldigitaldeasturias.com\/magazine365\/wp-content\/uploads\/2016\/06\/fotonoticia_20160608143336_800.jpg","width":800,"height":534},"datePublished":"2016-06-08T16:16:24+02:00","dateModified":"2016-06-08T16:16:24+02:00","inLanguage":"es-ES","mainEntityOfPage":{"@id":"https:\/\/eldigitaldeasturias.com\/magazine365\/la-tenista-maria-dolores-lopez-embajadora-de-la-marca-costa-de-almeria\/#webpage"},"isPartOf":{"@id":"https:\/\/eldigitaldeasturias.com\/magazine365\/la-tenista-maria-dolores-lopez-embajadora-de-la-marca-costa-de-almeria\/#webpage"},"articleSection":"Noticias y Actualidad"},{"@type":"BreadcrumbList","@id":"https:\/\/eldigitaldeasturias.com\/magazine365\/la-tenista-maria-dolores-lopez-embajadora-de-la-marca-costa-de-almeria\/#breadcrumblist","itemListElement":[{"@type":"ListItem","@id":"https:\/\/eldigitaldeasturias.com\/magazine365#listItem","position":1,"name":"Home","item":"https:\/\/eldigitaldeasturias.com\/magazine365","nextItem":{"@type":"ListItem","@id":"https:\/\/eldigitaldeasturias.com\/magazine365\/category\/noticias-actualidad\/#listItem","name":"Noticias y Actualidad"}},{"@type":"ListItem","@id":"https:\/\/eldigitaldeasturias.com\/magazine365\/category\/noticias-actualidad\/#listItem","position":2,"name":"Noticias y Actualidad","item":"https:\/\/eldigitaldeasturias.com\/magazine365\/category\/noticias-actualidad\/","nextItem":{"@type":"ListItem","@id":"https:\/\/eldigitaldeasturias.com\/magazine365\/la-tenista-maria-dolores-lopez-embajadora-de-la-marca-costa-de-almeria\/#listItem","name":"La tenista Mar\u00eda Dolores L\u00f3pez, embajadora de la marca &#8216;Costa de Almer\u00eda&#8217;"},"previousItem":{"@type":"ListItem","@id":"https:\/\/eldigitaldeasturias.com\/magazine365#listItem","name":"Home"}},{"@type":"ListItem","@id":"https:\/\/eldigitaldeasturias.com\/magazine365\/la-tenista-maria-dolores-lopez-embajadora-de-la-marca-costa-de-almeria\/#listItem","position":3,"name":"La tenista Mar\u00eda Dolores L\u00f3pez, embajadora de la marca &#8216;Costa de Almer\u00eda&#8217;","previousItem":{"@type":"ListItem","@id":"https:\/\/eldigitaldeasturias.com\/magazine365\/category\/noticias-actualidad\/#listItem","name":"Noticias y Actualidad"}}]},{"@type":"Organization","@id":"https:\/\/eldigitaldeasturias.com\/magazine365\/#organization","name":"El digital de Asturias","description":"Revista de ocio, turismo y estilo de vida","url":"https:\/\/eldigitaldeasturias.com\/magazine365\/","logo":{"@type":"ImageObject","url":"https:\/\/www.eldigitaldeasturias.com\/noticias\/wp-content\/uploads\/2020\/12\/EDA.jpg","@id":"https:\/\/eldigitaldeasturias.com\/magazine365\/la-tenista-maria-dolores-lopez-embajadora-de-la-marca-costa-de-almeria\/#organizationLogo"},"image":{"@id":"https:\/\/eldigitaldeasturias.com\/magazine365\/la-tenista-maria-dolores-lopez-embajadora-de-la-marca-costa-de-almeria\/#organizationLogo"}},{"@type":"Person","@id":"https:\/\/eldigitaldeasturias.com\/magazine365\/author\/admin\/#author","url":"https:\/\/eldigitaldeasturias.com\/magazine365\/author\/admin\/","name":"admin","image":{"@type":"ImageObject","@id":"https:\/\/eldigitaldeasturias.com\/magazine365\/la-tenista-maria-dolores-lopez-embajadora-de-la-marca-costa-de-almeria\/#authorImage","url":"https:\/\/eldigitaldeasturias.com\/magazine365\/wp-content\/litespeed\/avatar\/e571bcf59a0edd6fa6838245a470f2fe.jpg?ver=1776969259","width":96,"height":96,"caption":"admin"}},{"@type":"WebPage","@id":"https:\/\/eldigitaldeasturias.com\/magazine365\/la-tenista-maria-dolores-lopez-embajadora-de-la-marca-costa-de-almeria\/#webpage","url":"https:\/\/eldigitaldeasturias.com\/magazine365\/la-tenista-maria-dolores-lopez-embajadora-de-la-marca-costa-de-almeria\/","name":"La tenista Mar\u00eda Dolores L\u00f3pez, embajadora de la marca \u2018Costa de Almer\u00eda\u2019 | El Digital de Asturias","description":"La joven tenista Mar\u00eda Dolores L\u00f3pez, que se ha convertido hace unos d\u00edas en la primera espa\u00f1ola en ganar el torneo de Roland Garros Sub 13 en categor\u00eda femenina, ser\u00e1 la nueva embajadora de la marca 'Costa de Almer\u00eda'. As\u00ed lo ha anunciado el vicepresidente de la Diputaci\u00f3n de Almer\u00eda, Javier Aureliano Garc\u00eda, durante la","inLanguage":"es-ES","isPartOf":{"@id":"https:\/\/eldigitaldeasturias.com\/magazine365\/#website"},"breadcrumb":{"@id":"https:\/\/eldigitaldeasturias.com\/magazine365\/la-tenista-maria-dolores-lopez-embajadora-de-la-marca-costa-de-almeria\/#breadcrumblist"},"author":{"@id":"https:\/\/eldigitaldeasturias.com\/magazine365\/author\/admin\/#author"},"creator":{"@id":"https:\/\/eldigitaldeasturias.com\/magazine365\/author\/admin\/#author"},"image":{"@type":"ImageObject","url":"https:\/\/eldigitaldeasturias.com\/magazine365\/wp-content\/uploads\/2016\/06\/fotonoticia_20160608143336_800.jpg","@id":"https:\/\/eldigitaldeasturias.com\/magazine365\/la-tenista-maria-dolores-lopez-embajadora-de-la-marca-costa-de-almeria\/#mainImage","width":800,"height":534},"primaryImageOfPage":{"@id":"https:\/\/eldigitaldeasturias.com\/magazine365\/la-tenista-maria-dolores-lopez-embajadora-de-la-marca-costa-de-almeria\/#mainImage"},"datePublished":"2016-06-08T16:16:24+02:00","dateModified":"2016-06-08T16:16:24+02:00"},{"@type":"WebSite","@id":"https:\/\/eldigitaldeasturias.com\/magazine365\/#website","url":"https:\/\/eldigitaldeasturias.com\/magazine365\/","name":"El Digital de Asturias","description":"Revista de ocio, turismo y estilo de vida","inLanguage":"es-ES","publisher":{"@id":"https:\/\/eldigitaldeasturias.com\/magazine365\/#organization"}}]},"og:locale":"es_ES","og:site_name":"El Digital de Asturias \u2013 Revista de ocio, turismo y estilo de vida","og:type":"article","og:title":"La tenista Mar\u00eda Dolores L\u00f3pez, embajadora de la marca \u2018Costa de Almer\u00eda\u2019 | El Digital de Asturias","og:description":"La joven tenista Mar\u00eda Dolores L\u00f3pez, que se ha convertido hace unos d\u00edas en la primera espa\u00f1ola en ganar el torneo de Roland Garros Sub 13 en categor\u00eda femenina, ser\u00e1 la nueva embajadora de la marca 'Costa de Almer\u00eda'. As\u00ed lo ha anunciado el vicepresidente de la Diputaci\u00f3n de Almer\u00eda, Javier Aureliano Garc\u00eda, durante la","og:url":"https:\/\/eldigitaldeasturias.com\/magazine365\/la-tenista-maria-dolores-lopez-embajadora-de-la-marca-costa-de-almeria\/","og:image":"https:\/\/eldigitaldeasturias.com\/magazine365\/wp-content\/uploads\/2016\/06\/fotonoticia_20160608143336_800.jpg","og:image:secure_url":"https:\/\/eldigitaldeasturias.com\/magazine365\/wp-content\/uploads\/2016\/06\/fotonoticia_20160608143336_800.jpg","og:image:width":800,"og:image:height":534,"article:published_time":"2016-06-08T14:16:24+00:00","article:modified_time":"2016-06-08T14:16:24+00:00","twitter:card":"summary_large_image","twitter:title":"La tenista Mar\u00eda Dolores L\u00f3pez, embajadora de la marca \u2018Costa de Almer\u00eda\u2019 | El Digital de Asturias","twitter:description":"La joven tenista Mar\u00eda Dolores L\u00f3pez, que se ha convertido hace unos d\u00edas en la primera espa\u00f1ola en ganar el torneo de Roland Garros Sub 13 en categor\u00eda femenina, ser\u00e1 la nueva embajadora de la marca 'Costa de Almer\u00eda'. As\u00ed lo ha anunciado el vicepresidente de la Diputaci\u00f3n de Almer\u00eda, Javier Aureliano Garc\u00eda, durante la","twitter:image":"https:\/\/eldigitaldeasturias.com\/magazine365\/wp-content\/uploads\/2016\/06\/fotonoticia_20160608143336_800.jpg"},"aioseo_meta_data":{"post_id":"78253","title":null,"description":null,"keywords":null,"keyphrases":null,"primary_term":null,"canonical_url":null,"og_title":null,"og_description":null,"og_object_type":"default","og_image_type":"default","og_image_url":null,"og_image_width":null,"og_image_height":null,"og_image_custom_url":null,"og_image_custom_fields":null,"og_video":null,"og_custom_url":null,"og_article_section":null,"og_article_tags":null,"twitter_use_og":false,"twitter_card":"default","twitter_image_type":"default","twitter_image_url":null,"twitter_image_custom_url":null,"twitter_image_custom_fields":null,"twitter_title":null,"twitter_description":null,"schema":{"blockGraphs":[],"customGraphs":[],"default":{"data":{"Article":[],"Course":[],"Dataset":[],"FAQPage":[],"Movie":[],"Person":[],"Product":[],"ProductReview":[],"Car":[],"Recipe":[],"Service":[],"SoftwareApplication":[],"WebPage":[]},"graphName":"","isEnabled":true},"graphs":[],"defaultGraph":"","defaultPostTypeGraph":""},"schema_type":null,"schema_type_options":null,"pillar_content":false,"robots_default":true,"robots_noindex":false,"robots_noarchive":false,"robots_nosnippet":false,"robots_nofollow":false,"robots_noimageindex":false,"robots_noodp":false,"robots_notranslate":false,"robots_max_snippet":null,"robots_max_videopreview":null,"robots_max_imagepreview":"large","priority":null,"frequency":null,"location":null,"local_seo":null,"seo_analyzer_scan_date":"2025-09-27 16:35:30","breadcrumb_settings":null,"limit_modified_date":false,"open_ai":null,"ai":null,"created":"2021-03-08 18:02:52","updated":"2025-09-27 16:35:30"},"aioseo_breadcrumb":"<div class=\"aioseo-breadcrumbs\"><span class=\"aioseo-breadcrumb\">\n\t<a href=\"https:\/\/eldigitaldeasturias.com\/magazine365\" title=\"Home\">Home<\/a>\n<\/span><span class=\"aioseo-breadcrumb-separator\">\u2013<\/span><span class=\"aioseo-breadcrumb\">\n\t<a href=\"https:\/\/eldigitaldeasturias.com\/magazine365\/category\/noticias-actualidad\/\" title=\"Noticias y Actualidad\">Noticias y Actualidad<\/a>\n<\/span><span class=\"aioseo-breadcrumb-separator\">\u2013<\/span><span class=\"aioseo-breadcrumb\">\n\t<a href=\"https:\/\/eldigitaldeasturias.com\/magazine365\/la-tenista-maria-dolores-lopez-embajadora-de-la-marca-costa-de-almeria\/\" title=\"La tenista Mar\u00eda Dolores L\u00f3pez, embajadora de la marca \u2018Costa de Almer\u00eda\u2019\">La tenista Mar\u00eda Dolores L\u00f3pez, embajadora de la marca \u2018Costa de Almer\u00eda\u2019<\/a>\n<\/span><\/div>","aioseo_breadcrumb_json":[{"label":"Home","link":"https:\/\/eldigitaldeasturias.com\/magazine365"},{"label":"Noticias y Actualidad","link":"https:\/\/eldigitaldeasturias.com\/magazine365\/category\/noticias-actualidad\/"},{"label":"La tenista Mar\u00eda Dolores L\u00f3pez, embajadora de la marca &#8216;Costa de Almer\u00eda&#8217;","link":"https:\/\/eldigitaldeasturias.com\/magazine365\/la-tenista-maria-dolores-lopez-embajadora-de-la-marca-costa-de-almeria\/"}],"_links":{"self":[{"href":"https:\/\/eldigitaldeasturias.com\/magazine365\/wp-json\/wp\/v2\/posts\/78253","targetHints":{"allow":["GET"]}}],"collection":[{"href":"https:\/\/eldigitaldeasturias.com\/magazine365\/wp-json\/wp\/v2\/posts"}],"about":[{"href":"https:\/\/eldigitaldeasturias.com\/magazine365\/wp-json\/wp\/v2\/types\/post"}],"author":[{"embeddable":true,"href":"https:\/\/eldigitaldeasturias.com\/magazine365\/wp-json\/wp\/v2\/users\/1"}],"replies":[{"embeddable":true,"href":"https:\/\/eldigitaldeasturias.com\/magazine365\/wp-json\/wp\/v2\/comments?post=78253"}],"version-history":[{"count":0,"href":"https:\/\/eldigitaldeasturias.com\/magazine365\/wp-json\/wp\/v2\/posts\/78253\/revisions"}],"wp:featuredmedia":[{"embeddable":true,"href":"https:\/\/eldigitaldeasturias.com\/magazine365\/wp-json\/wp\/v2\/media\/78254"}],"wp:attachment":[{"href":"https:\/\/eldigitaldeasturias.com\/magazine365\/wp-json\/wp\/v2\/media?parent=78253"}],"wp:term":[{"taxonomy":"category","embeddable":true,"href":"https:\/\/eldigitaldeasturias.com\/magazine365\/wp-json\/wp\/v2\/categories?post=78253"},{"taxonomy":"post_tag","embeddable":true,"href":"https:\/\/eldigitaldeasturias.com\/magazine365\/wp-json\/wp\/v2\/tags?post=78253"}],"curies":[{"name":"wp","href":"https:\/\/api.w.org\/{rel}","templated":true}]}}