{"id":78250,"date":"2016-06-08T16:15:08","date_gmt":"2016-06-08T14:15:08","guid":{"rendered":"http:\/\/eldigitaldeasturias.com\/magazine365\/?p=78250"},"modified":"2016-06-08T16:15:08","modified_gmt":"2016-06-08T14:15:08","slug":"comienza-este-fin-de-semana-en-caceres-la-feria-extregusta-2016","status":"publish","type":"post","link":"https:\/\/eldigitaldeasturias.com\/magazine365\/comienza-este-fin-de-semana-en-caceres-la-feria-extregusta-2016\/","title":{"rendered":"Comienza este fin de semana en C\u00e1ceres la Feria \u00abExtregusta 2016\u00bb"},"content":{"rendered":"<p><img fetchpriority=\"high\" decoding=\"async\" class=\"alignleft size-medium wp-image-78251\" src=\"https:\/\/eldigitaldeasturias.com\/magazine365\/wp-content\/uploads\/2016\/06\/fotonoticia_20160608143248_800-360x270.jpg\" alt=\"fotonoticia_20160608143248_800\" width=\"360\" height=\"270\" srcset=\"https:\/\/eldigitaldeasturias.com\/magazine365\/wp-content\/uploads\/2016\/06\/fotonoticia_20160608143248_800-360x270.jpg 360w, https:\/\/eldigitaldeasturias.com\/magazine365\/wp-content\/uploads\/2016\/06\/fotonoticia_20160608143248_800-650x488.jpg 650w, https:\/\/eldigitaldeasturias.com\/magazine365\/wp-content\/uploads\/2016\/06\/fotonoticia_20160608143248_800-768x576.jpg 768w, https:\/\/eldigitaldeasturias.com\/magazine365\/wp-content\/uploads\/2016\/06\/fotonoticia_20160608143248_800-150x113.jpg 150w, https:\/\/eldigitaldeasturias.com\/magazine365\/wp-content\/uploads\/2016\/06\/fotonoticia_20160608143248_800-450x338.jpg 450w, https:\/\/eldigitaldeasturias.com\/magazine365\/wp-content\/uploads\/2016\/06\/fotonoticia_20160608143248_800-90x67.jpg 90w, https:\/\/eldigitaldeasturias.com\/magazine365\/wp-content\/uploads\/2016\/06\/fotonoticia_20160608143248_800-164x124.jpg 164w, https:\/\/eldigitaldeasturias.com\/magazine365\/wp-content\/uploads\/2016\/06\/fotonoticia_20160608143248_800-100x75.jpg 100w, https:\/\/eldigitaldeasturias.com\/magazine365\/wp-content\/uploads\/2016\/06\/fotonoticia_20160608143248_800.jpg 800w\" sizes=\"(max-width: 360px) 100vw, 360px\" \/>M\u00e1s de 100 tapas elaboradas por una veintena de restaurantes y cuatro empresas productoras se podr\u00e1n degustar en la und\u00e9cima edici\u00f3n de la feria &#8216;Extregusta 2016&#8217;, que estar\u00e1 abierta el p\u00fablico a partir de este viernes d\u00eda 10 en el Paseo de C\u00e1novas de C\u00e1ceres hasta el domingo y que, en esta ocasi\u00f3n, pretende potenciar la Indicaci\u00f3n Geogr\u00e1fica Protegida (IGP) Ternera de Extremadura, que contar\u00e1 con un stand.<\/p>\n<p>Salmorejo de frambuesa, pastel de verduras con gambas, solomillo ib\u00e9rico en salsa de higo, torrija de vino con morcilla patatera o un churro relleno de chocolate, son algunas de las tapas que se podr\u00e1n adquirir en las casetas que ya se est\u00e1n montando en el c\u00e9ntrico paseo para celebrar una de las citas que m\u00e1s gente congrega en la capital cacere\u00f1a, en la que el a\u00f1o pasado se vendieron unos 150.000 tickets de degustaci\u00f3n y se consumieron 25.000 litros de cerveza Mahou, que es uno de los patrocinadores del certamen.<\/p>\n<p>La feria, que ha sido aplazada hasta en cinco ocasiones por la climatolog\u00eda y por intereses de los hosteleros de la ciudad, tiene como objetivo dinamizar el sector de la restauraci\u00f3n y facilitar la colaboraci\u00f3n entre empresas gastron\u00f3micas, seg\u00fan ha explicado en la presentaci\u00f3n el concejal de Turismo del Ayuntamiento de C\u00e1ceres, Ra\u00fal Rodr\u00edguez.<\/p>\n<p>Rodr\u00edguez ha se\u00f1alado que se mantiene el concurso popular en el que el p\u00fablico en general elegir\u00e1 la mejor tapa de la feria a trav\u00e9s de una votaci\u00f3n y despu\u00e9s podr\u00e1n entrar en un concurso para degustar un men\u00fa en un restaurante de la ciudad.<\/p>\n<p>Este a\u00f1o, como novedad, el s\u00e1bado se celebrar\u00e1 una muestra de cocina en vivo y el domingo tendr\u00e1 lugar una actividad infantil denominada &#8216;Extrechef&#8217; para que los m\u00e1s peque\u00f1os demuestren sus habilidades culinarias. Ser\u00e1 a partir de las 12,30 horas en el bombo de la m\u00fasica y las plazas est\u00e1n limitadas a 60 participantes.<\/p>\n<p>Durante los tres d\u00edas, en horario de 12,30 a 18,00 horas, el p\u00fablico asistente podr\u00e1 degustar cada tapa por 0,80 euros \u00f3 1,60 euros dependiendo del nivel de elaboraci\u00f3n, a trav\u00e9s de la compra de tickets en las cuatro casetas que estar\u00e1n habilitadas para la ocasi\u00f3n con un horario ininterrumpido.<\/p>\n<p>Respecto a la posibilidad de fijar una fecha inamovible para la feria, con el objetivo de que no ocurra como este a\u00f1o que se han barajado hasta cinco fines de semana diferentes, el concejal ha recordado que el objetivo del certamen es promover la actividad hostelera en la ciudad por lo que el buen tiempo es imprescindible para que se pueda celebrar al aire libre.<\/p>\n<p>Desde la organizaci\u00f3n tampoco se baraja cambiarla de ubicaci\u00f3n y trasladarla a la Plaza Mayor, donde se celebr\u00f3 en alguna ocasi\u00f3n, ya que el Paseo de C\u00e1novas es, seg\u00fan ha dicho el edil, \u00abes ideal\u00bb porque est\u00e1 situado en el centro de la ciudad y se llega a m\u00e1s gente.<\/p>\n<h2 class=\"ladillo\">OTROS PREMIOS<\/h2>\n<p>Como es habitual se otorgar\u00e1 el premio &#8216;Caldero Artesano&#8217; que est\u00e1 dirigido a las tres mejores tapas y tambi\u00e9n se entregar\u00e1 el premio al &#8216;Caldero de Honor 2016&#8217;, que este a\u00f1o ha reca\u00eddo en el chef C\u00e9sar Raez, que actualmente es el presidente de la Asociaci\u00f3n de Cocineros y Reposteros de Extremadura (Acocyrex).<\/p>\n<p>Cabe recordar que Extregusta, que cuenta con un presupuesto de 30.000 euros, est\u00e1 organizada por la Instituci\u00f3n Ferial de C\u00e1ceres (Ifeca)en colaboraci\u00f3n con la Federaci\u00f3n Empresarial Cacere\u00f1a, la Junta de Extremadura, el Patronato de Turismo de la Diputaci\u00f3n de C\u00e1ceres y el Ayuntamiento de C\u00e1ceres, y cuenta con varios patrocinadores privados como Mahou o Cajalmendralejo.<\/p>\n","protected":false},"excerpt":{"rendered":"<p>M\u00e1s de 100 tapas elaboradas por una veintena de restaurantes y cuatro empresas productoras se podr\u00e1n degustar en la und\u00e9cima edici\u00f3n de la feria &#8216;Extregusta 2016&#8217;, que estar\u00e1 abierta el p\u00fablico a partir de este viernes d\u00eda 10 en el Paseo de C\u00e1novas de C\u00e1ceres hasta el domingo y que, en esta ocasi\u00f3n, pretende potenciar<\/p>\n","protected":false},"author":1,"featured_media":78251,"comment_status":"open","ping_status":"closed","sticky":false,"template":"","format":"standard","meta":{"footnotes":""},"categories":[224],"tags":[],"class_list":{"0":"post-78250","1":"post","2":"type-post","3":"status-publish","4":"format-standard","5":"has-post-thumbnail","7":"category-noticias-actualidad"},"aioseo_notices":[],"aioseo_head":"\n\t\t<!-- All in One SEO Pro 4.9.6.1 - aioseo.com -->\n\t<meta name=\"description\" content=\"M\u00e1s de 100 tapas elaboradas por una veintena de restaurantes y cuatro empresas productoras se podr\u00e1n degustar en la und\u00e9cima edici\u00f3n de la feria &#039;Extregusta 2016&#039;, que estar\u00e1 abierta el p\u00fablico a partir de este viernes d\u00eda 10 en el Paseo de C\u00e1novas de C\u00e1ceres hasta el domingo y que, en esta ocasi\u00f3n, pretende potenciar\" \/>\n\t<meta name=\"robots\" content=\"max-image-preview:large\" \/>\n\t<meta name=\"author\" content=\"admin\"\/>\n\t<meta name=\"google-site-verification\" content=\"UA-38556648-1\" \/>\n\t<meta name=\"keywords\" content=\"noticias y actualidad\" \/>\n\t<link rel=\"canonical\" href=\"https:\/\/eldigitaldeasturias.com\/magazine365\/comienza-este-fin-de-semana-en-caceres-la-feria-extregusta-2016\/\" \/>\n\t<meta name=\"generator\" content=\"All in One SEO Pro (AIOSEO) 4.9.6.1\" \/>\n\t\t<meta property=\"og:locale\" content=\"es_ES\" \/>\n\t\t<meta property=\"og:site_name\" content=\"El Digital de Asturias \u2013 Revista de ocio, turismo y estilo de vida\" \/>\n\t\t<meta property=\"og:type\" content=\"article\" \/>\n\t\t<meta property=\"og:title\" content=\"Comienza este fin de semana en C\u00e1ceres la Feria \u00abExtregusta 2016\u00bb | El Digital de Asturias\" \/>\n\t\t<meta property=\"og:description\" content=\"M\u00e1s de 100 tapas elaboradas por una veintena de restaurantes y cuatro empresas productoras se podr\u00e1n degustar en la und\u00e9cima edici\u00f3n de la feria &#039;Extregusta 2016&#039;, que estar\u00e1 abierta el p\u00fablico a partir de este viernes d\u00eda 10 en el Paseo de C\u00e1novas de C\u00e1ceres hasta el domingo y que, en esta ocasi\u00f3n, pretende potenciar\" \/>\n\t\t<meta property=\"og:url\" content=\"https:\/\/eldigitaldeasturias.com\/magazine365\/comienza-este-fin-de-semana-en-caceres-la-feria-extregusta-2016\/\" \/>\n\t\t<meta property=\"og:image\" content=\"https:\/\/eldigitaldeasturias.com\/magazine365\/wp-content\/uploads\/2016\/06\/fotonoticia_20160608143248_800.jpg\" \/>\n\t\t<meta property=\"og:image:secure_url\" content=\"https:\/\/eldigitaldeasturias.com\/magazine365\/wp-content\/uploads\/2016\/06\/fotonoticia_20160608143248_800.jpg\" \/>\n\t\t<meta property=\"og:image:width\" content=\"800\" \/>\n\t\t<meta property=\"og:image:height\" content=\"600\" \/>\n\t\t<meta property=\"article:published_time\" content=\"2016-06-08T14:15:08+00:00\" \/>\n\t\t<meta property=\"article:modified_time\" content=\"2016-06-08T14:15:08+00:00\" \/>\n\t\t<meta name=\"twitter:card\" content=\"summary_large_image\" \/>\n\t\t<meta name=\"twitter:title\" content=\"Comienza este fin de semana en C\u00e1ceres la Feria \u00abExtregusta 2016\u00bb | El Digital de Asturias\" \/>\n\t\t<meta name=\"twitter:description\" content=\"M\u00e1s de 100 tapas elaboradas por una veintena de restaurantes y cuatro empresas productoras se podr\u00e1n degustar en la und\u00e9cima edici\u00f3n de la feria &#039;Extregusta 2016&#039;, que estar\u00e1 abierta el p\u00fablico a partir de este viernes d\u00eda 10 en el Paseo de C\u00e1novas de C\u00e1ceres hasta el domingo y que, en esta ocasi\u00f3n, pretende potenciar\" \/>\n\t\t<meta name=\"twitter:image\" content=\"https:\/\/eldigitaldeasturias.com\/magazine365\/wp-content\/uploads\/2016\/06\/fotonoticia_20160608143248_800.jpg\" \/>\n\t\t<script type=\"application\/ld+json\" class=\"aioseo-schema\">\n\t\t\t{\"@context\":\"https:\\\/\\\/schema.org\",\"@graph\":[{\"@type\":\"Article\",\"@id\":\"https:\\\/\\\/eldigitaldeasturias.com\\\/magazine365\\\/comienza-este-fin-de-semana-en-caceres-la-feria-extregusta-2016\\\/#article\",\"name\":\"Comienza este fin de semana en C\\u00e1ceres la Feria \\u00abExtregusta 2016\\u00bb | El Digital de Asturias\",\"headline\":\"Comienza este fin de semana en C\\u00e1ceres la Feria \\u00abExtregusta 2016\\u00bb\",\"author\":{\"@id\":\"https:\\\/\\\/eldigitaldeasturias.com\\\/magazine365\\\/author\\\/admin\\\/#author\"},\"publisher\":{\"@id\":\"https:\\\/\\\/eldigitaldeasturias.com\\\/magazine365\\\/#organization\"},\"image\":{\"@type\":\"ImageObject\",\"url\":\"https:\\\/\\\/eldigitaldeasturias.com\\\/magazine365\\\/wp-content\\\/uploads\\\/2016\\\/06\\\/fotonoticia_20160608143248_800.jpg\",\"width\":800,\"height\":600},\"datePublished\":\"2016-06-08T16:15:08+02:00\",\"dateModified\":\"2016-06-08T16:15:08+02:00\",\"inLanguage\":\"es-ES\",\"mainEntityOfPage\":{\"@id\":\"https:\\\/\\\/eldigitaldeasturias.com\\\/magazine365\\\/comienza-este-fin-de-semana-en-caceres-la-feria-extregusta-2016\\\/#webpage\"},\"isPartOf\":{\"@id\":\"https:\\\/\\\/eldigitaldeasturias.com\\\/magazine365\\\/comienza-este-fin-de-semana-en-caceres-la-feria-extregusta-2016\\\/#webpage\"},\"articleSection\":\"Noticias y Actualidad\"},{\"@type\":\"BreadcrumbList\",\"@id\":\"https:\\\/\\\/eldigitaldeasturias.com\\\/magazine365\\\/comienza-este-fin-de-semana-en-caceres-la-feria-extregusta-2016\\\/#breadcrumblist\",\"itemListElement\":[{\"@type\":\"ListItem\",\"@id\":\"https:\\\/\\\/eldigitaldeasturias.com\\\/magazine365#listItem\",\"position\":1,\"name\":\"Home\",\"item\":\"https:\\\/\\\/eldigitaldeasturias.com\\\/magazine365\",\"nextItem\":{\"@type\":\"ListItem\",\"@id\":\"https:\\\/\\\/eldigitaldeasturias.com\\\/magazine365\\\/category\\\/noticias-actualidad\\\/#listItem\",\"name\":\"Noticias y Actualidad\"}},{\"@type\":\"ListItem\",\"@id\":\"https:\\\/\\\/eldigitaldeasturias.com\\\/magazine365\\\/category\\\/noticias-actualidad\\\/#listItem\",\"position\":2,\"name\":\"Noticias y Actualidad\",\"item\":\"https:\\\/\\\/eldigitaldeasturias.com\\\/magazine365\\\/category\\\/noticias-actualidad\\\/\",\"nextItem\":{\"@type\":\"ListItem\",\"@id\":\"https:\\\/\\\/eldigitaldeasturias.com\\\/magazine365\\\/comienza-este-fin-de-semana-en-caceres-la-feria-extregusta-2016\\\/#listItem\",\"name\":\"Comienza este fin de semana en C\\u00e1ceres la Feria \\u00abExtregusta 2016\\u00bb\"},\"previousItem\":{\"@type\":\"ListItem\",\"@id\":\"https:\\\/\\\/eldigitaldeasturias.com\\\/magazine365#listItem\",\"name\":\"Home\"}},{\"@type\":\"ListItem\",\"@id\":\"https:\\\/\\\/eldigitaldeasturias.com\\\/magazine365\\\/comienza-este-fin-de-semana-en-caceres-la-feria-extregusta-2016\\\/#listItem\",\"position\":3,\"name\":\"Comienza este fin de semana en C\\u00e1ceres la Feria \\u00abExtregusta 2016\\u00bb\",\"previousItem\":{\"@type\":\"ListItem\",\"@id\":\"https:\\\/\\\/eldigitaldeasturias.com\\\/magazine365\\\/category\\\/noticias-actualidad\\\/#listItem\",\"name\":\"Noticias y Actualidad\"}}]},{\"@type\":\"Organization\",\"@id\":\"https:\\\/\\\/eldigitaldeasturias.com\\\/magazine365\\\/#organization\",\"name\":\"El digital de Asturias\",\"description\":\"Revista de ocio, turismo y estilo de vida\",\"url\":\"https:\\\/\\\/eldigitaldeasturias.com\\\/magazine365\\\/\",\"logo\":{\"@type\":\"ImageObject\",\"url\":\"https:\\\/\\\/www.eldigitaldeasturias.com\\\/noticias\\\/wp-content\\\/uploads\\\/2020\\\/12\\\/EDA.jpg\",\"@id\":\"https:\\\/\\\/eldigitaldeasturias.com\\\/magazine365\\\/comienza-este-fin-de-semana-en-caceres-la-feria-extregusta-2016\\\/#organizationLogo\"},\"image\":{\"@id\":\"https:\\\/\\\/eldigitaldeasturias.com\\\/magazine365\\\/comienza-este-fin-de-semana-en-caceres-la-feria-extregusta-2016\\\/#organizationLogo\"}},{\"@type\":\"Person\",\"@id\":\"https:\\\/\\\/eldigitaldeasturias.com\\\/magazine365\\\/author\\\/admin\\\/#author\",\"url\":\"https:\\\/\\\/eldigitaldeasturias.com\\\/magazine365\\\/author\\\/admin\\\/\",\"name\":\"admin\",\"image\":{\"@type\":\"ImageObject\",\"@id\":\"https:\\\/\\\/eldigitaldeasturias.com\\\/magazine365\\\/comienza-este-fin-de-semana-en-caceres-la-feria-extregusta-2016\\\/#authorImage\",\"url\":\"https:\\\/\\\/eldigitaldeasturias.com\\\/magazine365\\\/wp-content\\\/litespeed\\\/avatar\\\/e571bcf59a0edd6fa6838245a470f2fe.jpg?ver=1776969259\",\"width\":96,\"height\":96,\"caption\":\"admin\"}},{\"@type\":\"WebPage\",\"@id\":\"https:\\\/\\\/eldigitaldeasturias.com\\\/magazine365\\\/comienza-este-fin-de-semana-en-caceres-la-feria-extregusta-2016\\\/#webpage\",\"url\":\"https:\\\/\\\/eldigitaldeasturias.com\\\/magazine365\\\/comienza-este-fin-de-semana-en-caceres-la-feria-extregusta-2016\\\/\",\"name\":\"Comienza este fin de semana en C\\u00e1ceres la Feria \\u00abExtregusta 2016\\u00bb | El Digital de Asturias\",\"description\":\"M\\u00e1s de 100 tapas elaboradas por una veintena de restaurantes y cuatro empresas productoras se podr\\u00e1n degustar en la und\\u00e9cima edici\\u00f3n de la feria 'Extregusta 2016', que estar\\u00e1 abierta el p\\u00fablico a partir de este viernes d\\u00eda 10 en el Paseo de C\\u00e1novas de C\\u00e1ceres hasta el domingo y que, en esta ocasi\\u00f3n, pretende potenciar\",\"inLanguage\":\"es-ES\",\"isPartOf\":{\"@id\":\"https:\\\/\\\/eldigitaldeasturias.com\\\/magazine365\\\/#website\"},\"breadcrumb\":{\"@id\":\"https:\\\/\\\/eldigitaldeasturias.com\\\/magazine365\\\/comienza-este-fin-de-semana-en-caceres-la-feria-extregusta-2016\\\/#breadcrumblist\"},\"author\":{\"@id\":\"https:\\\/\\\/eldigitaldeasturias.com\\\/magazine365\\\/author\\\/admin\\\/#author\"},\"creator\":{\"@id\":\"https:\\\/\\\/eldigitaldeasturias.com\\\/magazine365\\\/author\\\/admin\\\/#author\"},\"image\":{\"@type\":\"ImageObject\",\"url\":\"https:\\\/\\\/eldigitaldeasturias.com\\\/magazine365\\\/wp-content\\\/uploads\\\/2016\\\/06\\\/fotonoticia_20160608143248_800.jpg\",\"@id\":\"https:\\\/\\\/eldigitaldeasturias.com\\\/magazine365\\\/comienza-este-fin-de-semana-en-caceres-la-feria-extregusta-2016\\\/#mainImage\",\"width\":800,\"height\":600},\"primaryImageOfPage\":{\"@id\":\"https:\\\/\\\/eldigitaldeasturias.com\\\/magazine365\\\/comienza-este-fin-de-semana-en-caceres-la-feria-extregusta-2016\\\/#mainImage\"},\"datePublished\":\"2016-06-08T16:15:08+02:00\",\"dateModified\":\"2016-06-08T16:15:08+02:00\"},{\"@type\":\"WebSite\",\"@id\":\"https:\\\/\\\/eldigitaldeasturias.com\\\/magazine365\\\/#website\",\"url\":\"https:\\\/\\\/eldigitaldeasturias.com\\\/magazine365\\\/\",\"name\":\"El Digital de Asturias\",\"description\":\"Revista de ocio, turismo y estilo de vida\",\"inLanguage\":\"es-ES\",\"publisher\":{\"@id\":\"https:\\\/\\\/eldigitaldeasturias.com\\\/magazine365\\\/#organization\"}}]}\n\t\t<\/script>\n\t\t<!-- All in One SEO Pro -->\r\n\t\t<title>Comienza este fin de semana en C\u00e1ceres la Feria \u00abExtregusta 2016\u00bb | El Digital de Asturias<\/title>\n\n","aioseo_head_json":{"title":"Comienza este fin de semana en C\u00e1ceres la Feria \u00abExtregusta 2016\u00bb | El Digital de Asturias","description":"M\u00e1s de 100 tapas elaboradas por una veintena de restaurantes y cuatro empresas productoras se podr\u00e1n degustar en la und\u00e9cima edici\u00f3n de la feria 'Extregusta 2016', que estar\u00e1 abierta el p\u00fablico a partir de este viernes d\u00eda 10 en el Paseo de C\u00e1novas de C\u00e1ceres hasta el domingo y que, en esta ocasi\u00f3n, pretende potenciar","canonical_url":"https:\/\/eldigitaldeasturias.com\/magazine365\/comienza-este-fin-de-semana-en-caceres-la-feria-extregusta-2016\/","robots":"max-image-preview:large","keywords":"noticias y actualidad","webmasterTools":{"google-site-verification":"UA-38556648-1","miscellaneous":""},"schema":{"@context":"https:\/\/schema.org","@graph":[{"@type":"Article","@id":"https:\/\/eldigitaldeasturias.com\/magazine365\/comienza-este-fin-de-semana-en-caceres-la-feria-extregusta-2016\/#article","name":"Comienza este fin de semana en C\u00e1ceres la Feria \u00abExtregusta 2016\u00bb | El Digital de Asturias","headline":"Comienza este fin de semana en C\u00e1ceres la Feria \u00abExtregusta 2016\u00bb","author":{"@id":"https:\/\/eldigitaldeasturias.com\/magazine365\/author\/admin\/#author"},"publisher":{"@id":"https:\/\/eldigitaldeasturias.com\/magazine365\/#organization"},"image":{"@type":"ImageObject","url":"https:\/\/eldigitaldeasturias.com\/magazine365\/wp-content\/uploads\/2016\/06\/fotonoticia_20160608143248_800.jpg","width":800,"height":600},"datePublished":"2016-06-08T16:15:08+02:00","dateModified":"2016-06-08T16:15:08+02:00","inLanguage":"es-ES","mainEntityOfPage":{"@id":"https:\/\/eldigitaldeasturias.com\/magazine365\/comienza-este-fin-de-semana-en-caceres-la-feria-extregusta-2016\/#webpage"},"isPartOf":{"@id":"https:\/\/eldigitaldeasturias.com\/magazine365\/comienza-este-fin-de-semana-en-caceres-la-feria-extregusta-2016\/#webpage"},"articleSection":"Noticias y Actualidad"},{"@type":"BreadcrumbList","@id":"https:\/\/eldigitaldeasturias.com\/magazine365\/comienza-este-fin-de-semana-en-caceres-la-feria-extregusta-2016\/#breadcrumblist","itemListElement":[{"@type":"ListItem","@id":"https:\/\/eldigitaldeasturias.com\/magazine365#listItem","position":1,"name":"Home","item":"https:\/\/eldigitaldeasturias.com\/magazine365","nextItem":{"@type":"ListItem","@id":"https:\/\/eldigitaldeasturias.com\/magazine365\/category\/noticias-actualidad\/#listItem","name":"Noticias y Actualidad"}},{"@type":"ListItem","@id":"https:\/\/eldigitaldeasturias.com\/magazine365\/category\/noticias-actualidad\/#listItem","position":2,"name":"Noticias y Actualidad","item":"https:\/\/eldigitaldeasturias.com\/magazine365\/category\/noticias-actualidad\/","nextItem":{"@type":"ListItem","@id":"https:\/\/eldigitaldeasturias.com\/magazine365\/comienza-este-fin-de-semana-en-caceres-la-feria-extregusta-2016\/#listItem","name":"Comienza este fin de semana en C\u00e1ceres la Feria \u00abExtregusta 2016\u00bb"},"previousItem":{"@type":"ListItem","@id":"https:\/\/eldigitaldeasturias.com\/magazine365#listItem","name":"Home"}},{"@type":"ListItem","@id":"https:\/\/eldigitaldeasturias.com\/magazine365\/comienza-este-fin-de-semana-en-caceres-la-feria-extregusta-2016\/#listItem","position":3,"name":"Comienza este fin de semana en C\u00e1ceres la Feria \u00abExtregusta 2016\u00bb","previousItem":{"@type":"ListItem","@id":"https:\/\/eldigitaldeasturias.com\/magazine365\/category\/noticias-actualidad\/#listItem","name":"Noticias y Actualidad"}}]},{"@type":"Organization","@id":"https:\/\/eldigitaldeasturias.com\/magazine365\/#organization","name":"El digital de Asturias","description":"Revista de ocio, turismo y estilo de vida","url":"https:\/\/eldigitaldeasturias.com\/magazine365\/","logo":{"@type":"ImageObject","url":"https:\/\/www.eldigitaldeasturias.com\/noticias\/wp-content\/uploads\/2020\/12\/EDA.jpg","@id":"https:\/\/eldigitaldeasturias.com\/magazine365\/comienza-este-fin-de-semana-en-caceres-la-feria-extregusta-2016\/#organizationLogo"},"image":{"@id":"https:\/\/eldigitaldeasturias.com\/magazine365\/comienza-este-fin-de-semana-en-caceres-la-feria-extregusta-2016\/#organizationLogo"}},{"@type":"Person","@id":"https:\/\/eldigitaldeasturias.com\/magazine365\/author\/admin\/#author","url":"https:\/\/eldigitaldeasturias.com\/magazine365\/author\/admin\/","name":"admin","image":{"@type":"ImageObject","@id":"https:\/\/eldigitaldeasturias.com\/magazine365\/comienza-este-fin-de-semana-en-caceres-la-feria-extregusta-2016\/#authorImage","url":"https:\/\/eldigitaldeasturias.com\/magazine365\/wp-content\/litespeed\/avatar\/e571bcf59a0edd6fa6838245a470f2fe.jpg?ver=1776969259","width":96,"height":96,"caption":"admin"}},{"@type":"WebPage","@id":"https:\/\/eldigitaldeasturias.com\/magazine365\/comienza-este-fin-de-semana-en-caceres-la-feria-extregusta-2016\/#webpage","url":"https:\/\/eldigitaldeasturias.com\/magazine365\/comienza-este-fin-de-semana-en-caceres-la-feria-extregusta-2016\/","name":"Comienza este fin de semana en C\u00e1ceres la Feria \u00abExtregusta 2016\u00bb | El Digital de Asturias","description":"M\u00e1s de 100 tapas elaboradas por una veintena de restaurantes y cuatro empresas productoras se podr\u00e1n degustar en la und\u00e9cima edici\u00f3n de la feria 'Extregusta 2016', que estar\u00e1 abierta el p\u00fablico a partir de este viernes d\u00eda 10 en el Paseo de C\u00e1novas de C\u00e1ceres hasta el domingo y que, en esta ocasi\u00f3n, pretende potenciar","inLanguage":"es-ES","isPartOf":{"@id":"https:\/\/eldigitaldeasturias.com\/magazine365\/#website"},"breadcrumb":{"@id":"https:\/\/eldigitaldeasturias.com\/magazine365\/comienza-este-fin-de-semana-en-caceres-la-feria-extregusta-2016\/#breadcrumblist"},"author":{"@id":"https:\/\/eldigitaldeasturias.com\/magazine365\/author\/admin\/#author"},"creator":{"@id":"https:\/\/eldigitaldeasturias.com\/magazine365\/author\/admin\/#author"},"image":{"@type":"ImageObject","url":"https:\/\/eldigitaldeasturias.com\/magazine365\/wp-content\/uploads\/2016\/06\/fotonoticia_20160608143248_800.jpg","@id":"https:\/\/eldigitaldeasturias.com\/magazine365\/comienza-este-fin-de-semana-en-caceres-la-feria-extregusta-2016\/#mainImage","width":800,"height":600},"primaryImageOfPage":{"@id":"https:\/\/eldigitaldeasturias.com\/magazine365\/comienza-este-fin-de-semana-en-caceres-la-feria-extregusta-2016\/#mainImage"},"datePublished":"2016-06-08T16:15:08+02:00","dateModified":"2016-06-08T16:15:08+02:00"},{"@type":"WebSite","@id":"https:\/\/eldigitaldeasturias.com\/magazine365\/#website","url":"https:\/\/eldigitaldeasturias.com\/magazine365\/","name":"El Digital de Asturias","description":"Revista de ocio, turismo y estilo de vida","inLanguage":"es-ES","publisher":{"@id":"https:\/\/eldigitaldeasturias.com\/magazine365\/#organization"}}]},"og:locale":"es_ES","og:site_name":"El Digital de Asturias \u2013 Revista de ocio, turismo y estilo de vida","og:type":"article","og:title":"Comienza este fin de semana en C\u00e1ceres la Feria \u00abExtregusta 2016\u00bb | El Digital de Asturias","og:description":"M\u00e1s de 100 tapas elaboradas por una veintena de restaurantes y cuatro empresas productoras se podr\u00e1n degustar en la und\u00e9cima edici\u00f3n de la feria 'Extregusta 2016', que estar\u00e1 abierta el p\u00fablico a partir de este viernes d\u00eda 10 en el Paseo de C\u00e1novas de C\u00e1ceres hasta el domingo y que, en esta ocasi\u00f3n, pretende potenciar","og:url":"https:\/\/eldigitaldeasturias.com\/magazine365\/comienza-este-fin-de-semana-en-caceres-la-feria-extregusta-2016\/","og:image":"https:\/\/eldigitaldeasturias.com\/magazine365\/wp-content\/uploads\/2016\/06\/fotonoticia_20160608143248_800.jpg","og:image:secure_url":"https:\/\/eldigitaldeasturias.com\/magazine365\/wp-content\/uploads\/2016\/06\/fotonoticia_20160608143248_800.jpg","og:image:width":800,"og:image:height":600,"article:published_time":"2016-06-08T14:15:08+00:00","article:modified_time":"2016-06-08T14:15:08+00:00","twitter:card":"summary_large_image","twitter:title":"Comienza este fin de semana en C\u00e1ceres la Feria \u00abExtregusta 2016\u00bb | El Digital de Asturias","twitter:description":"M\u00e1s de 100 tapas elaboradas por una veintena de restaurantes y cuatro empresas productoras se podr\u00e1n degustar en la und\u00e9cima edici\u00f3n de la feria 'Extregusta 2016', que estar\u00e1 abierta el p\u00fablico a partir de este viernes d\u00eda 10 en el Paseo de C\u00e1novas de C\u00e1ceres hasta el domingo y que, en esta ocasi\u00f3n, pretende potenciar","twitter:image":"https:\/\/eldigitaldeasturias.com\/magazine365\/wp-content\/uploads\/2016\/06\/fotonoticia_20160608143248_800.jpg"},"aioseo_meta_data":{"post_id":"78250","title":null,"description":null,"keywords":null,"keyphrases":null,"primary_term":null,"canonical_url":null,"og_title":null,"og_description":null,"og_object_type":"default","og_image_type":"default","og_image_url":null,"og_image_width":null,"og_image_height":null,"og_image_custom_url":null,"og_image_custom_fields":null,"og_video":null,"og_custom_url":null,"og_article_section":null,"og_article_tags":null,"twitter_use_og":false,"twitter_card":"default","twitter_image_type":"default","twitter_image_url":null,"twitter_image_custom_url":null,"twitter_image_custom_fields":null,"twitter_title":null,"twitter_description":null,"schema":{"blockGraphs":[],"customGraphs":[],"default":{"data":{"Article":[],"Course":[],"Dataset":[],"FAQPage":[],"Movie":[],"Person":[],"Product":[],"ProductReview":[],"Car":[],"Recipe":[],"Service":[],"SoftwareApplication":[],"WebPage":[]},"graphName":"","isEnabled":true},"graphs":[],"defaultGraph":"","defaultPostTypeGraph":""},"schema_type":null,"schema_type_options":null,"pillar_content":false,"robots_default":true,"robots_noindex":false,"robots_noarchive":false,"robots_nosnippet":false,"robots_nofollow":false,"robots_noimageindex":false,"robots_noodp":false,"robots_notranslate":false,"robots_max_snippet":null,"robots_max_videopreview":null,"robots_max_imagepreview":"large","priority":null,"frequency":null,"location":null,"local_seo":null,"seo_analyzer_scan_date":"2025-09-27 16:34:23","breadcrumb_settings":null,"limit_modified_date":false,"open_ai":null,"ai":null,"created":"2021-03-08 18:02:52","updated":"2025-09-27 16:34:23"},"aioseo_breadcrumb":"<div class=\"aioseo-breadcrumbs\"><span class=\"aioseo-breadcrumb\">\n\t<a href=\"https:\/\/eldigitaldeasturias.com\/magazine365\" title=\"Home\">Home<\/a>\n<\/span><span class=\"aioseo-breadcrumb-separator\">\u2013<\/span><span class=\"aioseo-breadcrumb\">\n\t<a href=\"https:\/\/eldigitaldeasturias.com\/magazine365\/category\/noticias-actualidad\/\" title=\"Noticias y Actualidad\">Noticias y Actualidad<\/a>\n<\/span><span class=\"aioseo-breadcrumb-separator\">\u2013<\/span><span class=\"aioseo-breadcrumb\">\n\t<a href=\"https:\/\/eldigitaldeasturias.com\/magazine365\/comienza-este-fin-de-semana-en-caceres-la-feria-extregusta-2016\/\" title=\"Comienza este fin de semana en C\u00e1ceres la Feria \u00abExtregusta 2016\u00bb\">Comienza este fin de semana en C\u00e1ceres la Feria \u00abExtregusta 2016\u00bb<\/a>\n<\/span><\/div>","aioseo_breadcrumb_json":[{"label":"Home","link":"https:\/\/eldigitaldeasturias.com\/magazine365"},{"label":"Noticias y Actualidad","link":"https:\/\/eldigitaldeasturias.com\/magazine365\/category\/noticias-actualidad\/"},{"label":"Comienza este fin de semana en C\u00e1ceres la Feria \u00abExtregusta 2016\u00bb","link":"https:\/\/eldigitaldeasturias.com\/magazine365\/comienza-este-fin-de-semana-en-caceres-la-feria-extregusta-2016\/"}],"_links":{"self":[{"href":"https:\/\/eldigitaldeasturias.com\/magazine365\/wp-json\/wp\/v2\/posts\/78250","targetHints":{"allow":["GET"]}}],"collection":[{"href":"https:\/\/eldigitaldeasturias.com\/magazine365\/wp-json\/wp\/v2\/posts"}],"about":[{"href":"https:\/\/eldigitaldeasturias.com\/magazine365\/wp-json\/wp\/v2\/types\/post"}],"author":[{"embeddable":true,"href":"https:\/\/eldigitaldeasturias.com\/magazine365\/wp-json\/wp\/v2\/users\/1"}],"replies":[{"embeddable":true,"href":"https:\/\/eldigitaldeasturias.com\/magazine365\/wp-json\/wp\/v2\/comments?post=78250"}],"version-history":[{"count":0,"href":"https:\/\/eldigitaldeasturias.com\/magazine365\/wp-json\/wp\/v2\/posts\/78250\/revisions"}],"wp:featuredmedia":[{"embeddable":true,"href":"https:\/\/eldigitaldeasturias.com\/magazine365\/wp-json\/wp\/v2\/media\/78251"}],"wp:attachment":[{"href":"https:\/\/eldigitaldeasturias.com\/magazine365\/wp-json\/wp\/v2\/media?parent=78250"}],"wp:term":[{"taxonomy":"category","embeddable":true,"href":"https:\/\/eldigitaldeasturias.com\/magazine365\/wp-json\/wp\/v2\/categories?post=78250"},{"taxonomy":"post_tag","embeddable":true,"href":"https:\/\/eldigitaldeasturias.com\/magazine365\/wp-json\/wp\/v2\/tags?post=78250"}],"curies":[{"name":"wp","href":"https:\/\/api.w.org\/{rel}","templated":true}]}}