{"id":78197,"date":"2016-06-08T14:17:46","date_gmt":"2016-06-08T12:17:46","guid":{"rendered":"http:\/\/eldigitaldeasturias.com\/magazine365\/?p=78197"},"modified":"2016-06-08T14:17:46","modified_gmt":"2016-06-08T12:17:46","slug":"santander-lucira-la-bandera-q-en-sus-playas-urbanas","status":"publish","type":"post","link":"https:\/\/eldigitaldeasturias.com\/magazine365\/santander-lucira-la-bandera-q-en-sus-playas-urbanas\/","title":{"rendered":"Santander lucir\u00e1 la bandera &#8216;Q&#8217; en sus playas urbanas"},"content":{"rendered":"<p><img fetchpriority=\"high\" decoding=\"async\" class=\"alignleft size-medium wp-image-78198\" src=\"https:\/\/eldigitaldeasturias.com\/magazine365\/wp-content\/uploads\/2016\/06\/fotonoticia_20160608120727_800-360x230.jpg\" alt=\"fotonoticia_20160608120727_800\" width=\"360\" height=\"230\" srcset=\"https:\/\/eldigitaldeasturias.com\/magazine365\/wp-content\/uploads\/2016\/06\/fotonoticia_20160608120727_800-360x230.jpg 360w, https:\/\/eldigitaldeasturias.com\/magazine365\/wp-content\/uploads\/2016\/06\/fotonoticia_20160608120727_800-650x415.jpg 650w, https:\/\/eldigitaldeasturias.com\/magazine365\/wp-content\/uploads\/2016\/06\/fotonoticia_20160608120727_800-768x491.jpg 768w, https:\/\/eldigitaldeasturias.com\/magazine365\/wp-content\/uploads\/2016\/06\/fotonoticia_20160608120727_800-150x96.jpg 150w, https:\/\/eldigitaldeasturias.com\/magazine365\/wp-content\/uploads\/2016\/06\/fotonoticia_20160608120727_800-450x287.jpg 450w, https:\/\/eldigitaldeasturias.com\/magazine365\/wp-content\/uploads\/2016\/06\/fotonoticia_20160608120727_800-225x145.jpg 225w, https:\/\/eldigitaldeasturias.com\/magazine365\/wp-content\/uploads\/2016\/06\/fotonoticia_20160608120727_800-355x226.jpg 355w, https:\/\/eldigitaldeasturias.com\/magazine365\/wp-content\/uploads\/2016\/06\/fotonoticia_20160608120727_800-101x66.jpg 101w, https:\/\/eldigitaldeasturias.com\/magazine365\/wp-content\/uploads\/2016\/06\/fotonoticia_20160608120727_800.jpg 800w\" sizes=\"(max-width: 360px) 100vw, 360px\" \/>Las playas urbanas de Santander volver\u00e1n a lucir este verano las banderas &#8216;Q&#8217; de Calidad Tur\u00edstica que acreditan que los arenales de la ciudad cumplen con exigentes est\u00e1ndares de calidad tanto en sus equipamientos como en aspectos como la limpieza, la seguridad, el salvamento o la informaci\u00f3n.<\/p>\n<p>El concejal de Medio Ambiente, Jos\u00e9 Ignacio Quir\u00f3s, ha recogido el martes en Madrid el distintivo en un acto presidido por la secretaria de Estado de Turismo, Isabel Borrego, y por el presidente del Instituto para la Calidad Tur\u00edstica Espa\u00f1ola (ICTE), Miguel Mirones.<\/p>\n<p>A trav\u00e9s de este sello, el ICTE reconoce a establecimientos o espacios tur\u00edsticos que han pasado unas estrictas auditor\u00edas que aseguran que prestan sus servicios con calidad, seguridad y profesionalidad, garantizando a los clientes la mejor experiencia tur\u00edstica posible.<\/p>\n<p>El Ayuntamiento de Santander obtuvo por primera vez este certificado de calidad en el a\u00f1o 2013 para las siete playas urbanas: La Magdalena, Los Peligros, Bikinis, la Primera y la Segunda del Sardinero, La Concha y El Camello.<\/p>\n<p>Desde entonces, estos arenales han venido superando auditor\u00edas anuales de seguimiento a las que se sumar\u00e1, este verano, una nueva auditor\u00eda para renovar la acreditaci\u00f3n para los pr\u00f3ximos tres a\u00f1os.<\/p>\n<p>Seg\u00fan ha se\u00f1alado Quir\u00f3s, contar con este distintivo es \u00absin\u00f3nimo de prestigio, diferenciaci\u00f3n, fiabilidad y rigurosidad\u00bb y supone \u00abun aliciente para mantener los est\u00e1ndares de calidad y seguir trabajando en la mejora constante de las playas y de los servicios que se ofrecen a los usuarios\u00bb.<\/p>\n<p>Adem\u00e1s, ha destacado que la &#8216;Q&#8217; se suma a otros sellos de calidad implantados en la gesti\u00f3n de las playas de la ciudad. As\u00ed, ha recordado que todas las playas de Santander, incluidas las tres calas naturales, cuentan con el certificado EMAS desde el a\u00f1o 2008. Santander es, de hecho, el \u00fanico municipio c\u00e1ntabro que tiene este exigente sello ambiental.<\/p>\n<p>Y los arenales de la ciudad tienen tambi\u00e9n el galard\u00f3n Ecoplayas 2015, concedido por la Fundaci\u00f3n ATEGRUS (Asociaci\u00f3n T\u00e9cnica para la Gesti\u00f3n de Residuos, Aseo Urbano y Medio Ambiente).<\/p>\n<p>La bandera &#8216;Q&#8217; es un reconocimiento p\u00fablico al esfuerzo realizado por los ayuntamientos, trabajadores p\u00fablicos y t\u00e9cnicos para adaptarse al sistema de calidad tur\u00edstica espa\u00f1ol. En el caso de las playas, la obtenci\u00f3n significa que el ayuntamiento que gestiona el arenal est\u00e1 completamente comprometido con la preservaci\u00f3n medioambiental.<\/p>\n","protected":false},"excerpt":{"rendered":"<p>Las playas urbanas de Santander volver\u00e1n a lucir este verano las banderas &#8216;Q&#8217; de Calidad Tur\u00edstica que acreditan que los arenales de la ciudad cumplen con exigentes est\u00e1ndares de calidad tanto en sus equipamientos como en aspectos como la limpieza, la seguridad, el salvamento o la informaci\u00f3n. El concejal de Medio Ambiente, Jos\u00e9 Ignacio Quir\u00f3s,<\/p>\n","protected":false},"author":1,"featured_media":78198,"comment_status":"open","ping_status":"closed","sticky":false,"template":"","format":"standard","meta":{"footnotes":""},"categories":[224],"tags":[],"class_list":{"0":"post-78197","1":"post","2":"type-post","3":"status-publish","4":"format-standard","5":"has-post-thumbnail","7":"category-noticias-actualidad"},"aioseo_notices":[],"aioseo_head":"\n\t\t<!-- All in One SEO Pro 4.9.6.1 - aioseo.com -->\n\t<meta name=\"description\" content=\"Las playas urbanas de Santander volver\u00e1n a lucir este verano las banderas &#039;Q&#039; de Calidad Tur\u00edstica que acreditan que los arenales de la ciudad cumplen con exigentes est\u00e1ndares de calidad tanto en sus equipamientos como en aspectos como la limpieza, la seguridad, el salvamento o la informaci\u00f3n. El concejal de Medio Ambiente, Jos\u00e9 Ignacio Quir\u00f3s,\" \/>\n\t<meta name=\"robots\" content=\"max-image-preview:large\" \/>\n\t<meta name=\"author\" content=\"admin\"\/>\n\t<meta name=\"google-site-verification\" content=\"UA-38556648-1\" \/>\n\t<meta name=\"keywords\" content=\"noticias y actualidad\" \/>\n\t<link rel=\"canonical\" href=\"https:\/\/eldigitaldeasturias.com\/magazine365\/santander-lucira-la-bandera-q-en-sus-playas-urbanas\/\" \/>\n\t<meta name=\"generator\" content=\"All in One SEO Pro (AIOSEO) 4.9.6.1\" \/>\n\t\t<meta property=\"og:locale\" content=\"es_ES\" \/>\n\t\t<meta property=\"og:site_name\" content=\"El Digital de Asturias \u2013 Revista de ocio, turismo y estilo de vida\" \/>\n\t\t<meta property=\"og:type\" content=\"article\" \/>\n\t\t<meta property=\"og:title\" content=\"Santander lucir\u00e1 la bandera \u2018Q\u2019 en sus playas urbanas | El Digital de Asturias\" \/>\n\t\t<meta property=\"og:description\" content=\"Las playas urbanas de Santander volver\u00e1n a lucir este verano las banderas &#039;Q&#039; de Calidad Tur\u00edstica que acreditan que los arenales de la ciudad cumplen con exigentes est\u00e1ndares de calidad tanto en sus equipamientos como en aspectos como la limpieza, la seguridad, el salvamento o la informaci\u00f3n. El concejal de Medio Ambiente, Jos\u00e9 Ignacio Quir\u00f3s,\" \/>\n\t\t<meta property=\"og:url\" content=\"https:\/\/eldigitaldeasturias.com\/magazine365\/santander-lucira-la-bandera-q-en-sus-playas-urbanas\/\" \/>\n\t\t<meta property=\"og:image\" content=\"https:\/\/eldigitaldeasturias.com\/magazine365\/wp-content\/uploads\/2016\/06\/fotonoticia_20160608120727_800.jpg\" \/>\n\t\t<meta property=\"og:image:secure_url\" content=\"https:\/\/eldigitaldeasturias.com\/magazine365\/wp-content\/uploads\/2016\/06\/fotonoticia_20160608120727_800.jpg\" \/>\n\t\t<meta property=\"og:image:width\" content=\"800\" \/>\n\t\t<meta property=\"og:image:height\" content=\"511\" \/>\n\t\t<meta property=\"article:published_time\" content=\"2016-06-08T12:17:46+00:00\" \/>\n\t\t<meta property=\"article:modified_time\" content=\"2016-06-08T12:17:46+00:00\" \/>\n\t\t<meta name=\"twitter:card\" content=\"summary_large_image\" \/>\n\t\t<meta name=\"twitter:title\" content=\"Santander lucir\u00e1 la bandera \u2018Q\u2019 en sus playas urbanas | El Digital de Asturias\" \/>\n\t\t<meta name=\"twitter:description\" content=\"Las playas urbanas de Santander volver\u00e1n a lucir este verano las banderas &#039;Q&#039; de Calidad Tur\u00edstica que acreditan que los arenales de la ciudad cumplen con exigentes est\u00e1ndares de calidad tanto en sus equipamientos como en aspectos como la limpieza, la seguridad, el salvamento o la informaci\u00f3n. El concejal de Medio Ambiente, Jos\u00e9 Ignacio Quir\u00f3s,\" \/>\n\t\t<meta name=\"twitter:image\" content=\"https:\/\/eldigitaldeasturias.com\/magazine365\/wp-content\/uploads\/2016\/06\/fotonoticia_20160608120727_800.jpg\" \/>\n\t\t<script type=\"application\/ld+json\" class=\"aioseo-schema\">\n\t\t\t{\"@context\":\"https:\\\/\\\/schema.org\",\"@graph\":[{\"@type\":\"Article\",\"@id\":\"https:\\\/\\\/eldigitaldeasturias.com\\\/magazine365\\\/santander-lucira-la-bandera-q-en-sus-playas-urbanas\\\/#article\",\"name\":\"Santander lucir\\u00e1 la bandera \\u2018Q\\u2019 en sus playas urbanas | El Digital de Asturias\",\"headline\":\"Santander lucir\\u00e1 la bandera &#8216;Q&#8217; en sus playas urbanas\",\"author\":{\"@id\":\"https:\\\/\\\/eldigitaldeasturias.com\\\/magazine365\\\/author\\\/admin\\\/#author\"},\"publisher\":{\"@id\":\"https:\\\/\\\/eldigitaldeasturias.com\\\/magazine365\\\/#organization\"},\"image\":{\"@type\":\"ImageObject\",\"url\":\"https:\\\/\\\/eldigitaldeasturias.com\\\/magazine365\\\/wp-content\\\/uploads\\\/2016\\\/06\\\/fotonoticia_20160608120727_800.jpg\",\"width\":800,\"height\":511},\"datePublished\":\"2016-06-08T14:17:46+02:00\",\"dateModified\":\"2016-06-08T14:17:46+02:00\",\"inLanguage\":\"es-ES\",\"mainEntityOfPage\":{\"@id\":\"https:\\\/\\\/eldigitaldeasturias.com\\\/magazine365\\\/santander-lucira-la-bandera-q-en-sus-playas-urbanas\\\/#webpage\"},\"isPartOf\":{\"@id\":\"https:\\\/\\\/eldigitaldeasturias.com\\\/magazine365\\\/santander-lucira-la-bandera-q-en-sus-playas-urbanas\\\/#webpage\"},\"articleSection\":\"Noticias y Actualidad\"},{\"@type\":\"BreadcrumbList\",\"@id\":\"https:\\\/\\\/eldigitaldeasturias.com\\\/magazine365\\\/santander-lucira-la-bandera-q-en-sus-playas-urbanas\\\/#breadcrumblist\",\"itemListElement\":[{\"@type\":\"ListItem\",\"@id\":\"https:\\\/\\\/eldigitaldeasturias.com\\\/magazine365#listItem\",\"position\":1,\"name\":\"Home\",\"item\":\"https:\\\/\\\/eldigitaldeasturias.com\\\/magazine365\",\"nextItem\":{\"@type\":\"ListItem\",\"@id\":\"https:\\\/\\\/eldigitaldeasturias.com\\\/magazine365\\\/category\\\/noticias-actualidad\\\/#listItem\",\"name\":\"Noticias y Actualidad\"}},{\"@type\":\"ListItem\",\"@id\":\"https:\\\/\\\/eldigitaldeasturias.com\\\/magazine365\\\/category\\\/noticias-actualidad\\\/#listItem\",\"position\":2,\"name\":\"Noticias y Actualidad\",\"item\":\"https:\\\/\\\/eldigitaldeasturias.com\\\/magazine365\\\/category\\\/noticias-actualidad\\\/\",\"nextItem\":{\"@type\":\"ListItem\",\"@id\":\"https:\\\/\\\/eldigitaldeasturias.com\\\/magazine365\\\/santander-lucira-la-bandera-q-en-sus-playas-urbanas\\\/#listItem\",\"name\":\"Santander lucir\\u00e1 la bandera &#8216;Q&#8217; en sus playas urbanas\"},\"previousItem\":{\"@type\":\"ListItem\",\"@id\":\"https:\\\/\\\/eldigitaldeasturias.com\\\/magazine365#listItem\",\"name\":\"Home\"}},{\"@type\":\"ListItem\",\"@id\":\"https:\\\/\\\/eldigitaldeasturias.com\\\/magazine365\\\/santander-lucira-la-bandera-q-en-sus-playas-urbanas\\\/#listItem\",\"position\":3,\"name\":\"Santander lucir\\u00e1 la bandera &#8216;Q&#8217; en sus playas urbanas\",\"previousItem\":{\"@type\":\"ListItem\",\"@id\":\"https:\\\/\\\/eldigitaldeasturias.com\\\/magazine365\\\/category\\\/noticias-actualidad\\\/#listItem\",\"name\":\"Noticias y Actualidad\"}}]},{\"@type\":\"Organization\",\"@id\":\"https:\\\/\\\/eldigitaldeasturias.com\\\/magazine365\\\/#organization\",\"name\":\"El digital de Asturias\",\"description\":\"Revista de ocio, turismo y estilo de vida\",\"url\":\"https:\\\/\\\/eldigitaldeasturias.com\\\/magazine365\\\/\",\"logo\":{\"@type\":\"ImageObject\",\"url\":\"https:\\\/\\\/www.eldigitaldeasturias.com\\\/noticias\\\/wp-content\\\/uploads\\\/2020\\\/12\\\/EDA.jpg\",\"@id\":\"https:\\\/\\\/eldigitaldeasturias.com\\\/magazine365\\\/santander-lucira-la-bandera-q-en-sus-playas-urbanas\\\/#organizationLogo\"},\"image\":{\"@id\":\"https:\\\/\\\/eldigitaldeasturias.com\\\/magazine365\\\/santander-lucira-la-bandera-q-en-sus-playas-urbanas\\\/#organizationLogo\"}},{\"@type\":\"Person\",\"@id\":\"https:\\\/\\\/eldigitaldeasturias.com\\\/magazine365\\\/author\\\/admin\\\/#author\",\"url\":\"https:\\\/\\\/eldigitaldeasturias.com\\\/magazine365\\\/author\\\/admin\\\/\",\"name\":\"admin\",\"image\":{\"@type\":\"ImageObject\",\"@id\":\"https:\\\/\\\/eldigitaldeasturias.com\\\/magazine365\\\/santander-lucira-la-bandera-q-en-sus-playas-urbanas\\\/#authorImage\",\"url\":\"https:\\\/\\\/eldigitaldeasturias.com\\\/magazine365\\\/wp-content\\\/litespeed\\\/avatar\\\/e571bcf59a0edd6fa6838245a470f2fe.jpg?ver=1776969259\",\"width\":96,\"height\":96,\"caption\":\"admin\"}},{\"@type\":\"WebPage\",\"@id\":\"https:\\\/\\\/eldigitaldeasturias.com\\\/magazine365\\\/santander-lucira-la-bandera-q-en-sus-playas-urbanas\\\/#webpage\",\"url\":\"https:\\\/\\\/eldigitaldeasturias.com\\\/magazine365\\\/santander-lucira-la-bandera-q-en-sus-playas-urbanas\\\/\",\"name\":\"Santander lucir\\u00e1 la bandera \\u2018Q\\u2019 en sus playas urbanas | El Digital de Asturias\",\"description\":\"Las playas urbanas de Santander volver\\u00e1n a lucir este verano las banderas 'Q' de Calidad Tur\\u00edstica que acreditan que los arenales de la ciudad cumplen con exigentes est\\u00e1ndares de calidad tanto en sus equipamientos como en aspectos como la limpieza, la seguridad, el salvamento o la informaci\\u00f3n. El concejal de Medio Ambiente, Jos\\u00e9 Ignacio Quir\\u00f3s,\",\"inLanguage\":\"es-ES\",\"isPartOf\":{\"@id\":\"https:\\\/\\\/eldigitaldeasturias.com\\\/magazine365\\\/#website\"},\"breadcrumb\":{\"@id\":\"https:\\\/\\\/eldigitaldeasturias.com\\\/magazine365\\\/santander-lucira-la-bandera-q-en-sus-playas-urbanas\\\/#breadcrumblist\"},\"author\":{\"@id\":\"https:\\\/\\\/eldigitaldeasturias.com\\\/magazine365\\\/author\\\/admin\\\/#author\"},\"creator\":{\"@id\":\"https:\\\/\\\/eldigitaldeasturias.com\\\/magazine365\\\/author\\\/admin\\\/#author\"},\"image\":{\"@type\":\"ImageObject\",\"url\":\"https:\\\/\\\/eldigitaldeasturias.com\\\/magazine365\\\/wp-content\\\/uploads\\\/2016\\\/06\\\/fotonoticia_20160608120727_800.jpg\",\"@id\":\"https:\\\/\\\/eldigitaldeasturias.com\\\/magazine365\\\/santander-lucira-la-bandera-q-en-sus-playas-urbanas\\\/#mainImage\",\"width\":800,\"height\":511},\"primaryImageOfPage\":{\"@id\":\"https:\\\/\\\/eldigitaldeasturias.com\\\/magazine365\\\/santander-lucira-la-bandera-q-en-sus-playas-urbanas\\\/#mainImage\"},\"datePublished\":\"2016-06-08T14:17:46+02:00\",\"dateModified\":\"2016-06-08T14:17:46+02:00\"},{\"@type\":\"WebSite\",\"@id\":\"https:\\\/\\\/eldigitaldeasturias.com\\\/magazine365\\\/#website\",\"url\":\"https:\\\/\\\/eldigitaldeasturias.com\\\/magazine365\\\/\",\"name\":\"El Digital de Asturias\",\"description\":\"Revista de ocio, turismo y estilo de vida\",\"inLanguage\":\"es-ES\",\"publisher\":{\"@id\":\"https:\\\/\\\/eldigitaldeasturias.com\\\/magazine365\\\/#organization\"}}]}\n\t\t<\/script>\n\t\t<!-- All in One SEO Pro -->\r\n\t\t<title>Santander lucir\u00e1 la bandera \u2018Q\u2019 en sus playas urbanas | El Digital de Asturias<\/title>\n\n","aioseo_head_json":{"title":"Santander lucir\u00e1 la bandera \u2018Q\u2019 en sus playas urbanas | El Digital de Asturias","description":"Las playas urbanas de Santander volver\u00e1n a lucir este verano las banderas 'Q' de Calidad Tur\u00edstica que acreditan que los arenales de la ciudad cumplen con exigentes est\u00e1ndares de calidad tanto en sus equipamientos como en aspectos como la limpieza, la seguridad, el salvamento o la informaci\u00f3n. El concejal de Medio Ambiente, Jos\u00e9 Ignacio Quir\u00f3s,","canonical_url":"https:\/\/eldigitaldeasturias.com\/magazine365\/santander-lucira-la-bandera-q-en-sus-playas-urbanas\/","robots":"max-image-preview:large","keywords":"noticias y actualidad","webmasterTools":{"google-site-verification":"UA-38556648-1","miscellaneous":""},"schema":{"@context":"https:\/\/schema.org","@graph":[{"@type":"Article","@id":"https:\/\/eldigitaldeasturias.com\/magazine365\/santander-lucira-la-bandera-q-en-sus-playas-urbanas\/#article","name":"Santander lucir\u00e1 la bandera \u2018Q\u2019 en sus playas urbanas | El Digital de Asturias","headline":"Santander lucir\u00e1 la bandera &#8216;Q&#8217; en sus playas urbanas","author":{"@id":"https:\/\/eldigitaldeasturias.com\/magazine365\/author\/admin\/#author"},"publisher":{"@id":"https:\/\/eldigitaldeasturias.com\/magazine365\/#organization"},"image":{"@type":"ImageObject","url":"https:\/\/eldigitaldeasturias.com\/magazine365\/wp-content\/uploads\/2016\/06\/fotonoticia_20160608120727_800.jpg","width":800,"height":511},"datePublished":"2016-06-08T14:17:46+02:00","dateModified":"2016-06-08T14:17:46+02:00","inLanguage":"es-ES","mainEntityOfPage":{"@id":"https:\/\/eldigitaldeasturias.com\/magazine365\/santander-lucira-la-bandera-q-en-sus-playas-urbanas\/#webpage"},"isPartOf":{"@id":"https:\/\/eldigitaldeasturias.com\/magazine365\/santander-lucira-la-bandera-q-en-sus-playas-urbanas\/#webpage"},"articleSection":"Noticias y Actualidad"},{"@type":"BreadcrumbList","@id":"https:\/\/eldigitaldeasturias.com\/magazine365\/santander-lucira-la-bandera-q-en-sus-playas-urbanas\/#breadcrumblist","itemListElement":[{"@type":"ListItem","@id":"https:\/\/eldigitaldeasturias.com\/magazine365#listItem","position":1,"name":"Home","item":"https:\/\/eldigitaldeasturias.com\/magazine365","nextItem":{"@type":"ListItem","@id":"https:\/\/eldigitaldeasturias.com\/magazine365\/category\/noticias-actualidad\/#listItem","name":"Noticias y Actualidad"}},{"@type":"ListItem","@id":"https:\/\/eldigitaldeasturias.com\/magazine365\/category\/noticias-actualidad\/#listItem","position":2,"name":"Noticias y Actualidad","item":"https:\/\/eldigitaldeasturias.com\/magazine365\/category\/noticias-actualidad\/","nextItem":{"@type":"ListItem","@id":"https:\/\/eldigitaldeasturias.com\/magazine365\/santander-lucira-la-bandera-q-en-sus-playas-urbanas\/#listItem","name":"Santander lucir\u00e1 la bandera &#8216;Q&#8217; en sus playas urbanas"},"previousItem":{"@type":"ListItem","@id":"https:\/\/eldigitaldeasturias.com\/magazine365#listItem","name":"Home"}},{"@type":"ListItem","@id":"https:\/\/eldigitaldeasturias.com\/magazine365\/santander-lucira-la-bandera-q-en-sus-playas-urbanas\/#listItem","position":3,"name":"Santander lucir\u00e1 la bandera &#8216;Q&#8217; en sus playas urbanas","previousItem":{"@type":"ListItem","@id":"https:\/\/eldigitaldeasturias.com\/magazine365\/category\/noticias-actualidad\/#listItem","name":"Noticias y Actualidad"}}]},{"@type":"Organization","@id":"https:\/\/eldigitaldeasturias.com\/magazine365\/#organization","name":"El digital de Asturias","description":"Revista de ocio, turismo y estilo de vida","url":"https:\/\/eldigitaldeasturias.com\/magazine365\/","logo":{"@type":"ImageObject","url":"https:\/\/www.eldigitaldeasturias.com\/noticias\/wp-content\/uploads\/2020\/12\/EDA.jpg","@id":"https:\/\/eldigitaldeasturias.com\/magazine365\/santander-lucira-la-bandera-q-en-sus-playas-urbanas\/#organizationLogo"},"image":{"@id":"https:\/\/eldigitaldeasturias.com\/magazine365\/santander-lucira-la-bandera-q-en-sus-playas-urbanas\/#organizationLogo"}},{"@type":"Person","@id":"https:\/\/eldigitaldeasturias.com\/magazine365\/author\/admin\/#author","url":"https:\/\/eldigitaldeasturias.com\/magazine365\/author\/admin\/","name":"admin","image":{"@type":"ImageObject","@id":"https:\/\/eldigitaldeasturias.com\/magazine365\/santander-lucira-la-bandera-q-en-sus-playas-urbanas\/#authorImage","url":"https:\/\/eldigitaldeasturias.com\/magazine365\/wp-content\/litespeed\/avatar\/e571bcf59a0edd6fa6838245a470f2fe.jpg?ver=1776969259","width":96,"height":96,"caption":"admin"}},{"@type":"WebPage","@id":"https:\/\/eldigitaldeasturias.com\/magazine365\/santander-lucira-la-bandera-q-en-sus-playas-urbanas\/#webpage","url":"https:\/\/eldigitaldeasturias.com\/magazine365\/santander-lucira-la-bandera-q-en-sus-playas-urbanas\/","name":"Santander lucir\u00e1 la bandera \u2018Q\u2019 en sus playas urbanas | El Digital de Asturias","description":"Las playas urbanas de Santander volver\u00e1n a lucir este verano las banderas 'Q' de Calidad Tur\u00edstica que acreditan que los arenales de la ciudad cumplen con exigentes est\u00e1ndares de calidad tanto en sus equipamientos como en aspectos como la limpieza, la seguridad, el salvamento o la informaci\u00f3n. El concejal de Medio Ambiente, Jos\u00e9 Ignacio Quir\u00f3s,","inLanguage":"es-ES","isPartOf":{"@id":"https:\/\/eldigitaldeasturias.com\/magazine365\/#website"},"breadcrumb":{"@id":"https:\/\/eldigitaldeasturias.com\/magazine365\/santander-lucira-la-bandera-q-en-sus-playas-urbanas\/#breadcrumblist"},"author":{"@id":"https:\/\/eldigitaldeasturias.com\/magazine365\/author\/admin\/#author"},"creator":{"@id":"https:\/\/eldigitaldeasturias.com\/magazine365\/author\/admin\/#author"},"image":{"@type":"ImageObject","url":"https:\/\/eldigitaldeasturias.com\/magazine365\/wp-content\/uploads\/2016\/06\/fotonoticia_20160608120727_800.jpg","@id":"https:\/\/eldigitaldeasturias.com\/magazine365\/santander-lucira-la-bandera-q-en-sus-playas-urbanas\/#mainImage","width":800,"height":511},"primaryImageOfPage":{"@id":"https:\/\/eldigitaldeasturias.com\/magazine365\/santander-lucira-la-bandera-q-en-sus-playas-urbanas\/#mainImage"},"datePublished":"2016-06-08T14:17:46+02:00","dateModified":"2016-06-08T14:17:46+02:00"},{"@type":"WebSite","@id":"https:\/\/eldigitaldeasturias.com\/magazine365\/#website","url":"https:\/\/eldigitaldeasturias.com\/magazine365\/","name":"El Digital de Asturias","description":"Revista de ocio, turismo y estilo de vida","inLanguage":"es-ES","publisher":{"@id":"https:\/\/eldigitaldeasturias.com\/magazine365\/#organization"}}]},"og:locale":"es_ES","og:site_name":"El Digital de Asturias \u2013 Revista de ocio, turismo y estilo de vida","og:type":"article","og:title":"Santander lucir\u00e1 la bandera \u2018Q\u2019 en sus playas urbanas | El Digital de Asturias","og:description":"Las playas urbanas de Santander volver\u00e1n a lucir este verano las banderas 'Q' de Calidad Tur\u00edstica que acreditan que los arenales de la ciudad cumplen con exigentes est\u00e1ndares de calidad tanto en sus equipamientos como en aspectos como la limpieza, la seguridad, el salvamento o la informaci\u00f3n. El concejal de Medio Ambiente, Jos\u00e9 Ignacio Quir\u00f3s,","og:url":"https:\/\/eldigitaldeasturias.com\/magazine365\/santander-lucira-la-bandera-q-en-sus-playas-urbanas\/","og:image":"https:\/\/eldigitaldeasturias.com\/magazine365\/wp-content\/uploads\/2016\/06\/fotonoticia_20160608120727_800.jpg","og:image:secure_url":"https:\/\/eldigitaldeasturias.com\/magazine365\/wp-content\/uploads\/2016\/06\/fotonoticia_20160608120727_800.jpg","og:image:width":800,"og:image:height":511,"article:published_time":"2016-06-08T12:17:46+00:00","article:modified_time":"2016-06-08T12:17:46+00:00","twitter:card":"summary_large_image","twitter:title":"Santander lucir\u00e1 la bandera \u2018Q\u2019 en sus playas urbanas | El Digital de Asturias","twitter:description":"Las playas urbanas de Santander volver\u00e1n a lucir este verano las banderas 'Q' de Calidad Tur\u00edstica que acreditan que los arenales de la ciudad cumplen con exigentes est\u00e1ndares de calidad tanto en sus equipamientos como en aspectos como la limpieza, la seguridad, el salvamento o la informaci\u00f3n. El concejal de Medio Ambiente, Jos\u00e9 Ignacio Quir\u00f3s,","twitter:image":"https:\/\/eldigitaldeasturias.com\/magazine365\/wp-content\/uploads\/2016\/06\/fotonoticia_20160608120727_800.jpg"},"aioseo_meta_data":{"post_id":"78197","title":null,"description":null,"keywords":null,"keyphrases":null,"primary_term":null,"canonical_url":null,"og_title":null,"og_description":null,"og_object_type":"default","og_image_type":"default","og_image_url":null,"og_image_width":null,"og_image_height":null,"og_image_custom_url":null,"og_image_custom_fields":null,"og_video":null,"og_custom_url":null,"og_article_section":null,"og_article_tags":null,"twitter_use_og":false,"twitter_card":"default","twitter_image_type":"default","twitter_image_url":null,"twitter_image_custom_url":null,"twitter_image_custom_fields":null,"twitter_title":null,"twitter_description":null,"schema":{"blockGraphs":[],"customGraphs":[],"default":{"data":{"Article":[],"Course":[],"Dataset":[],"FAQPage":[],"Movie":[],"Person":[],"Product":[],"ProductReview":[],"Car":[],"Recipe":[],"Service":[],"SoftwareApplication":[],"WebPage":[]},"graphName":"","isEnabled":true},"graphs":[],"defaultGraph":"","defaultPostTypeGraph":""},"schema_type":null,"schema_type_options":null,"pillar_content":false,"robots_default":true,"robots_noindex":false,"robots_noarchive":false,"robots_nosnippet":false,"robots_nofollow":false,"robots_noimageindex":false,"robots_noodp":false,"robots_notranslate":false,"robots_max_snippet":null,"robots_max_videopreview":null,"robots_max_imagepreview":"large","priority":null,"frequency":null,"location":null,"local_seo":null,"seo_analyzer_scan_date":"2025-09-27 16:28:05","breadcrumb_settings":null,"limit_modified_date":false,"open_ai":null,"ai":null,"created":"2021-03-08 18:03:41","updated":"2025-09-27 16:28:05"},"aioseo_breadcrumb":"<div class=\"aioseo-breadcrumbs\"><span class=\"aioseo-breadcrumb\">\n\t<a href=\"https:\/\/eldigitaldeasturias.com\/magazine365\" title=\"Home\">Home<\/a>\n<\/span><span class=\"aioseo-breadcrumb-separator\">\u2013<\/span><span class=\"aioseo-breadcrumb\">\n\t<a href=\"https:\/\/eldigitaldeasturias.com\/magazine365\/category\/noticias-actualidad\/\" title=\"Noticias y Actualidad\">Noticias y Actualidad<\/a>\n<\/span><span class=\"aioseo-breadcrumb-separator\">\u2013<\/span><span class=\"aioseo-breadcrumb\">\n\t<a href=\"https:\/\/eldigitaldeasturias.com\/magazine365\/santander-lucira-la-bandera-q-en-sus-playas-urbanas\/\" title=\"Santander lucir\u00e1 la bandera \u2018Q\u2019 en sus playas urbanas\">Santander lucir\u00e1 la bandera \u2018Q\u2019 en sus playas urbanas<\/a>\n<\/span><\/div>","aioseo_breadcrumb_json":[{"label":"Home","link":"https:\/\/eldigitaldeasturias.com\/magazine365"},{"label":"Noticias y Actualidad","link":"https:\/\/eldigitaldeasturias.com\/magazine365\/category\/noticias-actualidad\/"},{"label":"Santander lucir\u00e1 la bandera &#8216;Q&#8217; en sus playas urbanas","link":"https:\/\/eldigitaldeasturias.com\/magazine365\/santander-lucira-la-bandera-q-en-sus-playas-urbanas\/"}],"_links":{"self":[{"href":"https:\/\/eldigitaldeasturias.com\/magazine365\/wp-json\/wp\/v2\/posts\/78197","targetHints":{"allow":["GET"]}}],"collection":[{"href":"https:\/\/eldigitaldeasturias.com\/magazine365\/wp-json\/wp\/v2\/posts"}],"about":[{"href":"https:\/\/eldigitaldeasturias.com\/magazine365\/wp-json\/wp\/v2\/types\/post"}],"author":[{"embeddable":true,"href":"https:\/\/eldigitaldeasturias.com\/magazine365\/wp-json\/wp\/v2\/users\/1"}],"replies":[{"embeddable":true,"href":"https:\/\/eldigitaldeasturias.com\/magazine365\/wp-json\/wp\/v2\/comments?post=78197"}],"version-history":[{"count":0,"href":"https:\/\/eldigitaldeasturias.com\/magazine365\/wp-json\/wp\/v2\/posts\/78197\/revisions"}],"wp:featuredmedia":[{"embeddable":true,"href":"https:\/\/eldigitaldeasturias.com\/magazine365\/wp-json\/wp\/v2\/media\/78198"}],"wp:attachment":[{"href":"https:\/\/eldigitaldeasturias.com\/magazine365\/wp-json\/wp\/v2\/media?parent=78197"}],"wp:term":[{"taxonomy":"category","embeddable":true,"href":"https:\/\/eldigitaldeasturias.com\/magazine365\/wp-json\/wp\/v2\/categories?post=78197"},{"taxonomy":"post_tag","embeddable":true,"href":"https:\/\/eldigitaldeasturias.com\/magazine365\/wp-json\/wp\/v2\/tags?post=78197"}],"curies":[{"name":"wp","href":"https:\/\/api.w.org\/{rel}","templated":true}]}}