{"id":78194,"date":"2016-06-08T14:15:51","date_gmt":"2016-06-08T12:15:51","guid":{"rendered":"http:\/\/eldigitaldeasturias.com\/magazine365\/?p=78194"},"modified":"2016-06-08T14:15:51","modified_gmt":"2016-06-08T12:15:51","slug":"el-puerto-de-castellon-apoya-al-aeropuerto-en-la-apertura-del-transporte-aereo-de-carga","status":"publish","type":"post","link":"https:\/\/eldigitaldeasturias.com\/magazine365\/el-puerto-de-castellon-apoya-al-aeropuerto-en-la-apertura-del-transporte-aereo-de-carga\/","title":{"rendered":"El Puerto de Castell\u00f3n apoya al aeropuerto en la apertura del transporte a\u00e9reo de carga"},"content":{"rendered":"<p><img fetchpriority=\"high\" decoding=\"async\" class=\"alignleft size-medium wp-image-78195\" src=\"https:\/\/eldigitaldeasturias.com\/magazine365\/wp-content\/uploads\/2016\/06\/fotonoticia_20160608120611_800-360x270.jpg\" alt=\"fotonoticia_20160608120611_800\" width=\"360\" height=\"270\" srcset=\"https:\/\/eldigitaldeasturias.com\/magazine365\/wp-content\/uploads\/2016\/06\/fotonoticia_20160608120611_800-360x270.jpg 360w, https:\/\/eldigitaldeasturias.com\/magazine365\/wp-content\/uploads\/2016\/06\/fotonoticia_20160608120611_800-650x488.jpg 650w, https:\/\/eldigitaldeasturias.com\/magazine365\/wp-content\/uploads\/2016\/06\/fotonoticia_20160608120611_800-768x576.jpg 768w, https:\/\/eldigitaldeasturias.com\/magazine365\/wp-content\/uploads\/2016\/06\/fotonoticia_20160608120611_800-150x113.jpg 150w, https:\/\/eldigitaldeasturias.com\/magazine365\/wp-content\/uploads\/2016\/06\/fotonoticia_20160608120611_800-450x338.jpg 450w, https:\/\/eldigitaldeasturias.com\/magazine365\/wp-content\/uploads\/2016\/06\/fotonoticia_20160608120611_800-90x67.jpg 90w, https:\/\/eldigitaldeasturias.com\/magazine365\/wp-content\/uploads\/2016\/06\/fotonoticia_20160608120611_800-164x124.jpg 164w, https:\/\/eldigitaldeasturias.com\/magazine365\/wp-content\/uploads\/2016\/06\/fotonoticia_20160608120611_800-100x75.jpg 100w, https:\/\/eldigitaldeasturias.com\/magazine365\/wp-content\/uploads\/2016\/06\/fotonoticia_20160608120611_800.jpg 800w\" sizes=\"(max-width: 360px) 100vw, 360px\" \/>El presidente de la Autoridad Portuaria de Castell\u00f3n, Francisco Toledo, ha trasladado al aeropuerto de Castell\u00f3n su apoyo para colaborar conjuntamente en la apertura del transporte a\u00e9reo de carga como una nueva l\u00ednea de negocio que \u00abpermitir\u00eda avanzar en la senda de sostenibilidad del aeropuerto mientras se consolida el crecimiento de pasajeros en la infraestructura aeroportuaria\u00bb.<\/p>\n<p>As\u00ed lo ha manifestado en el transcurso de una visita organizada por Propeller Club de Castell\u00f3n para conocer de primera mano los planes de futuro del recinto. Esta asociaci\u00f3n agrupa a las principales empresas y profesionales de la comunidad portuaria, entre consignatarios, transitarios, agentes de aduanas, transportistas y dem\u00e1s eslabones necesarios de la cadena log\u00edstica del transporte de mercanc\u00edas.<\/p>\n<p>Seg\u00fan el presidente del Propeller Club Castell\u00f3n, Carlos Vicedo, con esta visita se pretende tambi\u00e9n conocer los planes de desarrollo del aeropuerto \u00aben l\u00edneas regulares para pasajeros y charters para la carga, con el fin de apoyar su desarrollo y, al mismo tiempo, favorecer a los sectores de importaci\u00f3n y exportaci\u00f3n tanto para sus viajes empresariales como para las mercancias con urgencias\u00bb.<\/p>\n<p>El director general de la promotora p\u00fablica Aerocas, Joan Seraf\u00ed Bernat, junto con el responsable en Castell\u00f3n de la empresa concesionaria -Lavalin-, Alexander Schroll, han explicado los planes de futuro del aeropuerto de Castell\u00f3n, que pasan por \u00abaumentar el tr\u00e1fico de pasajeros, incrementar sus usos con un crecimiento s\u00f3lido y fidelizar empresas\u00bb.<\/p>\n<p>El presidente de la Autoridad Portuaria de Castell\u00f3n, Francisco Toledo, ha manifestado el \u00abinter\u00e9s de PortCastell\u00f3 en colaborar en la definici\u00f3n del \u00e1rea log\u00edstica e industrial del aeropuerto, as\u00ed como en estudiar la viabilidad del recinto para el tr\u00e1fico a\u00e9reo de mercanc\u00edas, lo que supondr\u00eda una fuente adicional de ingresos para conseguir la sostenibilidad\u00bb.<\/p>\n<p>PortCastell\u00f3 participa en el grupo de trabajo impulsado por la Generalitat Valenciana para definir e impulsar el suelo industrial situado junto al aeropuerto. El objetivo es abrir el camino a la instalaci\u00f3n de empresas del sector aeron\u00e1utico y tambi\u00e9n log\u00edsticas e industriales como las del puerto de Castell\u00f3n.<\/p>\n","protected":false},"excerpt":{"rendered":"<p>El presidente de la Autoridad Portuaria de Castell\u00f3n, Francisco Toledo, ha trasladado al aeropuerto de Castell\u00f3n su apoyo para colaborar conjuntamente en la apertura del transporte a\u00e9reo de carga como una nueva l\u00ednea de negocio que \u00abpermitir\u00eda avanzar en la senda de sostenibilidad del aeropuerto mientras se consolida el crecimiento de pasajeros en la infraestructura<\/p>\n","protected":false},"author":1,"featured_media":78195,"comment_status":"open","ping_status":"closed","sticky":false,"template":"","format":"standard","meta":{"footnotes":""},"categories":[224],"tags":[],"class_list":{"0":"post-78194","1":"post","2":"type-post","3":"status-publish","4":"format-standard","5":"has-post-thumbnail","7":"category-noticias-actualidad"},"aioseo_notices":[],"aioseo_head":"\n\t\t<!-- All in One SEO Pro 4.9.6.1 - aioseo.com -->\n\t<meta name=\"description\" content=\"El presidente de la Autoridad Portuaria de Castell\u00f3n, Francisco Toledo, ha trasladado al aeropuerto de Castell\u00f3n su apoyo para colaborar conjuntamente en la apertura del transporte a\u00e9reo de carga como una nueva l\u00ednea de negocio que &quot;permitir\u00eda avanzar en la senda de sostenibilidad del aeropuerto mientras se consolida el crecimiento de pasajeros en la infraestructura\" \/>\n\t<meta name=\"robots\" content=\"max-image-preview:large\" \/>\n\t<meta name=\"author\" content=\"admin\"\/>\n\t<meta name=\"google-site-verification\" content=\"UA-38556648-1\" \/>\n\t<meta name=\"keywords\" content=\"noticias y actualidad\" \/>\n\t<link rel=\"canonical\" href=\"https:\/\/eldigitaldeasturias.com\/magazine365\/el-puerto-de-castellon-apoya-al-aeropuerto-en-la-apertura-del-transporte-aereo-de-carga\/\" \/>\n\t<meta name=\"generator\" content=\"All in One SEO Pro (AIOSEO) 4.9.6.1\" \/>\n\t\t<meta property=\"og:locale\" content=\"es_ES\" \/>\n\t\t<meta property=\"og:site_name\" content=\"El Digital de Asturias \u2013 Revista de ocio, turismo y estilo de vida\" \/>\n\t\t<meta property=\"og:type\" content=\"article\" \/>\n\t\t<meta property=\"og:title\" content=\"El Puerto de Castell\u00f3n apoya al aeropuerto en la apertura del transporte a\u00e9reo de carga | El Digital de Asturias\" \/>\n\t\t<meta property=\"og:description\" content=\"El presidente de la Autoridad Portuaria de Castell\u00f3n, Francisco Toledo, ha trasladado al aeropuerto de Castell\u00f3n su apoyo para colaborar conjuntamente en la apertura del transporte a\u00e9reo de carga como una nueva l\u00ednea de negocio que &quot;permitir\u00eda avanzar en la senda de sostenibilidad del aeropuerto mientras se consolida el crecimiento de pasajeros en la infraestructura\" \/>\n\t\t<meta property=\"og:url\" content=\"https:\/\/eldigitaldeasturias.com\/magazine365\/el-puerto-de-castellon-apoya-al-aeropuerto-en-la-apertura-del-transporte-aereo-de-carga\/\" \/>\n\t\t<meta property=\"og:image\" content=\"https:\/\/eldigitaldeasturias.com\/magazine365\/wp-content\/uploads\/2016\/06\/fotonoticia_20160608120611_800.jpg\" \/>\n\t\t<meta property=\"og:image:secure_url\" content=\"https:\/\/eldigitaldeasturias.com\/magazine365\/wp-content\/uploads\/2016\/06\/fotonoticia_20160608120611_800.jpg\" \/>\n\t\t<meta property=\"og:image:width\" content=\"800\" \/>\n\t\t<meta property=\"og:image:height\" content=\"600\" \/>\n\t\t<meta property=\"article:published_time\" content=\"2016-06-08T12:15:51+00:00\" \/>\n\t\t<meta property=\"article:modified_time\" content=\"2016-06-08T12:15:51+00:00\" \/>\n\t\t<meta name=\"twitter:card\" content=\"summary_large_image\" \/>\n\t\t<meta name=\"twitter:title\" content=\"El Puerto de Castell\u00f3n apoya al aeropuerto en la apertura del transporte a\u00e9reo de carga | El Digital de Asturias\" \/>\n\t\t<meta name=\"twitter:description\" content=\"El presidente de la Autoridad Portuaria de Castell\u00f3n, Francisco Toledo, ha trasladado al aeropuerto de Castell\u00f3n su apoyo para colaborar conjuntamente en la apertura del transporte a\u00e9reo de carga como una nueva l\u00ednea de negocio que &quot;permitir\u00eda avanzar en la senda de sostenibilidad del aeropuerto mientras se consolida el crecimiento de pasajeros en la infraestructura\" \/>\n\t\t<meta name=\"twitter:image\" content=\"https:\/\/eldigitaldeasturias.com\/magazine365\/wp-content\/uploads\/2016\/06\/fotonoticia_20160608120611_800.jpg\" \/>\n\t\t<script type=\"application\/ld+json\" class=\"aioseo-schema\">\n\t\t\t{\"@context\":\"https:\\\/\\\/schema.org\",\"@graph\":[{\"@type\":\"Article\",\"@id\":\"https:\\\/\\\/eldigitaldeasturias.com\\\/magazine365\\\/el-puerto-de-castellon-apoya-al-aeropuerto-en-la-apertura-del-transporte-aereo-de-carga\\\/#article\",\"name\":\"El Puerto de Castell\\u00f3n apoya al aeropuerto en la apertura del transporte a\\u00e9reo de carga | El Digital de Asturias\",\"headline\":\"El Puerto de Castell\\u00f3n apoya al aeropuerto en la apertura del transporte a\\u00e9reo de carga\",\"author\":{\"@id\":\"https:\\\/\\\/eldigitaldeasturias.com\\\/magazine365\\\/author\\\/admin\\\/#author\"},\"publisher\":{\"@id\":\"https:\\\/\\\/eldigitaldeasturias.com\\\/magazine365\\\/#organization\"},\"image\":{\"@type\":\"ImageObject\",\"url\":\"https:\\\/\\\/eldigitaldeasturias.com\\\/magazine365\\\/wp-content\\\/uploads\\\/2016\\\/06\\\/fotonoticia_20160608120611_800.jpg\",\"width\":800,\"height\":600},\"datePublished\":\"2016-06-08T14:15:51+02:00\",\"dateModified\":\"2016-06-08T14:15:51+02:00\",\"inLanguage\":\"es-ES\",\"mainEntityOfPage\":{\"@id\":\"https:\\\/\\\/eldigitaldeasturias.com\\\/magazine365\\\/el-puerto-de-castellon-apoya-al-aeropuerto-en-la-apertura-del-transporte-aereo-de-carga\\\/#webpage\"},\"isPartOf\":{\"@id\":\"https:\\\/\\\/eldigitaldeasturias.com\\\/magazine365\\\/el-puerto-de-castellon-apoya-al-aeropuerto-en-la-apertura-del-transporte-aereo-de-carga\\\/#webpage\"},\"articleSection\":\"Noticias y Actualidad\"},{\"@type\":\"BreadcrumbList\",\"@id\":\"https:\\\/\\\/eldigitaldeasturias.com\\\/magazine365\\\/el-puerto-de-castellon-apoya-al-aeropuerto-en-la-apertura-del-transporte-aereo-de-carga\\\/#breadcrumblist\",\"itemListElement\":[{\"@type\":\"ListItem\",\"@id\":\"https:\\\/\\\/eldigitaldeasturias.com\\\/magazine365#listItem\",\"position\":1,\"name\":\"Home\",\"item\":\"https:\\\/\\\/eldigitaldeasturias.com\\\/magazine365\",\"nextItem\":{\"@type\":\"ListItem\",\"@id\":\"https:\\\/\\\/eldigitaldeasturias.com\\\/magazine365\\\/category\\\/noticias-actualidad\\\/#listItem\",\"name\":\"Noticias y Actualidad\"}},{\"@type\":\"ListItem\",\"@id\":\"https:\\\/\\\/eldigitaldeasturias.com\\\/magazine365\\\/category\\\/noticias-actualidad\\\/#listItem\",\"position\":2,\"name\":\"Noticias y Actualidad\",\"item\":\"https:\\\/\\\/eldigitaldeasturias.com\\\/magazine365\\\/category\\\/noticias-actualidad\\\/\",\"nextItem\":{\"@type\":\"ListItem\",\"@id\":\"https:\\\/\\\/eldigitaldeasturias.com\\\/magazine365\\\/el-puerto-de-castellon-apoya-al-aeropuerto-en-la-apertura-del-transporte-aereo-de-carga\\\/#listItem\",\"name\":\"El Puerto de Castell\\u00f3n apoya al aeropuerto en la apertura del transporte a\\u00e9reo de carga\"},\"previousItem\":{\"@type\":\"ListItem\",\"@id\":\"https:\\\/\\\/eldigitaldeasturias.com\\\/magazine365#listItem\",\"name\":\"Home\"}},{\"@type\":\"ListItem\",\"@id\":\"https:\\\/\\\/eldigitaldeasturias.com\\\/magazine365\\\/el-puerto-de-castellon-apoya-al-aeropuerto-en-la-apertura-del-transporte-aereo-de-carga\\\/#listItem\",\"position\":3,\"name\":\"El Puerto de Castell\\u00f3n apoya al aeropuerto en la apertura del transporte a\\u00e9reo de carga\",\"previousItem\":{\"@type\":\"ListItem\",\"@id\":\"https:\\\/\\\/eldigitaldeasturias.com\\\/magazine365\\\/category\\\/noticias-actualidad\\\/#listItem\",\"name\":\"Noticias y Actualidad\"}}]},{\"@type\":\"Organization\",\"@id\":\"https:\\\/\\\/eldigitaldeasturias.com\\\/magazine365\\\/#organization\",\"name\":\"El digital de Asturias\",\"description\":\"Revista de ocio, turismo y estilo de vida\",\"url\":\"https:\\\/\\\/eldigitaldeasturias.com\\\/magazine365\\\/\",\"logo\":{\"@type\":\"ImageObject\",\"url\":\"https:\\\/\\\/www.eldigitaldeasturias.com\\\/noticias\\\/wp-content\\\/uploads\\\/2020\\\/12\\\/EDA.jpg\",\"@id\":\"https:\\\/\\\/eldigitaldeasturias.com\\\/magazine365\\\/el-puerto-de-castellon-apoya-al-aeropuerto-en-la-apertura-del-transporte-aereo-de-carga\\\/#organizationLogo\"},\"image\":{\"@id\":\"https:\\\/\\\/eldigitaldeasturias.com\\\/magazine365\\\/el-puerto-de-castellon-apoya-al-aeropuerto-en-la-apertura-del-transporte-aereo-de-carga\\\/#organizationLogo\"}},{\"@type\":\"Person\",\"@id\":\"https:\\\/\\\/eldigitaldeasturias.com\\\/magazine365\\\/author\\\/admin\\\/#author\",\"url\":\"https:\\\/\\\/eldigitaldeasturias.com\\\/magazine365\\\/author\\\/admin\\\/\",\"name\":\"admin\",\"image\":{\"@type\":\"ImageObject\",\"@id\":\"https:\\\/\\\/eldigitaldeasturias.com\\\/magazine365\\\/el-puerto-de-castellon-apoya-al-aeropuerto-en-la-apertura-del-transporte-aereo-de-carga\\\/#authorImage\",\"url\":\"https:\\\/\\\/eldigitaldeasturias.com\\\/magazine365\\\/wp-content\\\/litespeed\\\/avatar\\\/e571bcf59a0edd6fa6838245a470f2fe.jpg?ver=1776969259\",\"width\":96,\"height\":96,\"caption\":\"admin\"}},{\"@type\":\"WebPage\",\"@id\":\"https:\\\/\\\/eldigitaldeasturias.com\\\/magazine365\\\/el-puerto-de-castellon-apoya-al-aeropuerto-en-la-apertura-del-transporte-aereo-de-carga\\\/#webpage\",\"url\":\"https:\\\/\\\/eldigitaldeasturias.com\\\/magazine365\\\/el-puerto-de-castellon-apoya-al-aeropuerto-en-la-apertura-del-transporte-aereo-de-carga\\\/\",\"name\":\"El Puerto de Castell\\u00f3n apoya al aeropuerto en la apertura del transporte a\\u00e9reo de carga | El Digital de Asturias\",\"description\":\"El presidente de la Autoridad Portuaria de Castell\\u00f3n, Francisco Toledo, ha trasladado al aeropuerto de Castell\\u00f3n su apoyo para colaborar conjuntamente en la apertura del transporte a\\u00e9reo de carga como una nueva l\\u00ednea de negocio que \\\"permitir\\u00eda avanzar en la senda de sostenibilidad del aeropuerto mientras se consolida el crecimiento de pasajeros en la infraestructura\",\"inLanguage\":\"es-ES\",\"isPartOf\":{\"@id\":\"https:\\\/\\\/eldigitaldeasturias.com\\\/magazine365\\\/#website\"},\"breadcrumb\":{\"@id\":\"https:\\\/\\\/eldigitaldeasturias.com\\\/magazine365\\\/el-puerto-de-castellon-apoya-al-aeropuerto-en-la-apertura-del-transporte-aereo-de-carga\\\/#breadcrumblist\"},\"author\":{\"@id\":\"https:\\\/\\\/eldigitaldeasturias.com\\\/magazine365\\\/author\\\/admin\\\/#author\"},\"creator\":{\"@id\":\"https:\\\/\\\/eldigitaldeasturias.com\\\/magazine365\\\/author\\\/admin\\\/#author\"},\"image\":{\"@type\":\"ImageObject\",\"url\":\"https:\\\/\\\/eldigitaldeasturias.com\\\/magazine365\\\/wp-content\\\/uploads\\\/2016\\\/06\\\/fotonoticia_20160608120611_800.jpg\",\"@id\":\"https:\\\/\\\/eldigitaldeasturias.com\\\/magazine365\\\/el-puerto-de-castellon-apoya-al-aeropuerto-en-la-apertura-del-transporte-aereo-de-carga\\\/#mainImage\",\"width\":800,\"height\":600},\"primaryImageOfPage\":{\"@id\":\"https:\\\/\\\/eldigitaldeasturias.com\\\/magazine365\\\/el-puerto-de-castellon-apoya-al-aeropuerto-en-la-apertura-del-transporte-aereo-de-carga\\\/#mainImage\"},\"datePublished\":\"2016-06-08T14:15:51+02:00\",\"dateModified\":\"2016-06-08T14:15:51+02:00\"},{\"@type\":\"WebSite\",\"@id\":\"https:\\\/\\\/eldigitaldeasturias.com\\\/magazine365\\\/#website\",\"url\":\"https:\\\/\\\/eldigitaldeasturias.com\\\/magazine365\\\/\",\"name\":\"El Digital de Asturias\",\"description\":\"Revista de ocio, turismo y estilo de vida\",\"inLanguage\":\"es-ES\",\"publisher\":{\"@id\":\"https:\\\/\\\/eldigitaldeasturias.com\\\/magazine365\\\/#organization\"}}]}\n\t\t<\/script>\n\t\t<!-- All in One SEO Pro -->\r\n\t\t<title>El Puerto de Castell\u00f3n apoya al aeropuerto en la apertura del transporte a\u00e9reo de carga | El Digital de Asturias<\/title>\n\n","aioseo_head_json":{"title":"El Puerto de Castell\u00f3n apoya al aeropuerto en la apertura del transporte a\u00e9reo de carga | El Digital de Asturias","description":"El presidente de la Autoridad Portuaria de Castell\u00f3n, Francisco Toledo, ha trasladado al aeropuerto de Castell\u00f3n su apoyo para colaborar conjuntamente en la apertura del transporte a\u00e9reo de carga como una nueva l\u00ednea de negocio que \"permitir\u00eda avanzar en la senda de sostenibilidad del aeropuerto mientras se consolida el crecimiento de pasajeros en la infraestructura","canonical_url":"https:\/\/eldigitaldeasturias.com\/magazine365\/el-puerto-de-castellon-apoya-al-aeropuerto-en-la-apertura-del-transporte-aereo-de-carga\/","robots":"max-image-preview:large","keywords":"noticias y actualidad","webmasterTools":{"google-site-verification":"UA-38556648-1","miscellaneous":""},"schema":{"@context":"https:\/\/schema.org","@graph":[{"@type":"Article","@id":"https:\/\/eldigitaldeasturias.com\/magazine365\/el-puerto-de-castellon-apoya-al-aeropuerto-en-la-apertura-del-transporte-aereo-de-carga\/#article","name":"El Puerto de Castell\u00f3n apoya al aeropuerto en la apertura del transporte a\u00e9reo de carga | El Digital de Asturias","headline":"El Puerto de Castell\u00f3n apoya al aeropuerto en la apertura del transporte a\u00e9reo de carga","author":{"@id":"https:\/\/eldigitaldeasturias.com\/magazine365\/author\/admin\/#author"},"publisher":{"@id":"https:\/\/eldigitaldeasturias.com\/magazine365\/#organization"},"image":{"@type":"ImageObject","url":"https:\/\/eldigitaldeasturias.com\/magazine365\/wp-content\/uploads\/2016\/06\/fotonoticia_20160608120611_800.jpg","width":800,"height":600},"datePublished":"2016-06-08T14:15:51+02:00","dateModified":"2016-06-08T14:15:51+02:00","inLanguage":"es-ES","mainEntityOfPage":{"@id":"https:\/\/eldigitaldeasturias.com\/magazine365\/el-puerto-de-castellon-apoya-al-aeropuerto-en-la-apertura-del-transporte-aereo-de-carga\/#webpage"},"isPartOf":{"@id":"https:\/\/eldigitaldeasturias.com\/magazine365\/el-puerto-de-castellon-apoya-al-aeropuerto-en-la-apertura-del-transporte-aereo-de-carga\/#webpage"},"articleSection":"Noticias y Actualidad"},{"@type":"BreadcrumbList","@id":"https:\/\/eldigitaldeasturias.com\/magazine365\/el-puerto-de-castellon-apoya-al-aeropuerto-en-la-apertura-del-transporte-aereo-de-carga\/#breadcrumblist","itemListElement":[{"@type":"ListItem","@id":"https:\/\/eldigitaldeasturias.com\/magazine365#listItem","position":1,"name":"Home","item":"https:\/\/eldigitaldeasturias.com\/magazine365","nextItem":{"@type":"ListItem","@id":"https:\/\/eldigitaldeasturias.com\/magazine365\/category\/noticias-actualidad\/#listItem","name":"Noticias y Actualidad"}},{"@type":"ListItem","@id":"https:\/\/eldigitaldeasturias.com\/magazine365\/category\/noticias-actualidad\/#listItem","position":2,"name":"Noticias y Actualidad","item":"https:\/\/eldigitaldeasturias.com\/magazine365\/category\/noticias-actualidad\/","nextItem":{"@type":"ListItem","@id":"https:\/\/eldigitaldeasturias.com\/magazine365\/el-puerto-de-castellon-apoya-al-aeropuerto-en-la-apertura-del-transporte-aereo-de-carga\/#listItem","name":"El Puerto de Castell\u00f3n apoya al aeropuerto en la apertura del transporte a\u00e9reo de carga"},"previousItem":{"@type":"ListItem","@id":"https:\/\/eldigitaldeasturias.com\/magazine365#listItem","name":"Home"}},{"@type":"ListItem","@id":"https:\/\/eldigitaldeasturias.com\/magazine365\/el-puerto-de-castellon-apoya-al-aeropuerto-en-la-apertura-del-transporte-aereo-de-carga\/#listItem","position":3,"name":"El Puerto de Castell\u00f3n apoya al aeropuerto en la apertura del transporte a\u00e9reo de carga","previousItem":{"@type":"ListItem","@id":"https:\/\/eldigitaldeasturias.com\/magazine365\/category\/noticias-actualidad\/#listItem","name":"Noticias y Actualidad"}}]},{"@type":"Organization","@id":"https:\/\/eldigitaldeasturias.com\/magazine365\/#organization","name":"El digital de Asturias","description":"Revista de ocio, turismo y estilo de vida","url":"https:\/\/eldigitaldeasturias.com\/magazine365\/","logo":{"@type":"ImageObject","url":"https:\/\/www.eldigitaldeasturias.com\/noticias\/wp-content\/uploads\/2020\/12\/EDA.jpg","@id":"https:\/\/eldigitaldeasturias.com\/magazine365\/el-puerto-de-castellon-apoya-al-aeropuerto-en-la-apertura-del-transporte-aereo-de-carga\/#organizationLogo"},"image":{"@id":"https:\/\/eldigitaldeasturias.com\/magazine365\/el-puerto-de-castellon-apoya-al-aeropuerto-en-la-apertura-del-transporte-aereo-de-carga\/#organizationLogo"}},{"@type":"Person","@id":"https:\/\/eldigitaldeasturias.com\/magazine365\/author\/admin\/#author","url":"https:\/\/eldigitaldeasturias.com\/magazine365\/author\/admin\/","name":"admin","image":{"@type":"ImageObject","@id":"https:\/\/eldigitaldeasturias.com\/magazine365\/el-puerto-de-castellon-apoya-al-aeropuerto-en-la-apertura-del-transporte-aereo-de-carga\/#authorImage","url":"https:\/\/eldigitaldeasturias.com\/magazine365\/wp-content\/litespeed\/avatar\/e571bcf59a0edd6fa6838245a470f2fe.jpg?ver=1776969259","width":96,"height":96,"caption":"admin"}},{"@type":"WebPage","@id":"https:\/\/eldigitaldeasturias.com\/magazine365\/el-puerto-de-castellon-apoya-al-aeropuerto-en-la-apertura-del-transporte-aereo-de-carga\/#webpage","url":"https:\/\/eldigitaldeasturias.com\/magazine365\/el-puerto-de-castellon-apoya-al-aeropuerto-en-la-apertura-del-transporte-aereo-de-carga\/","name":"El Puerto de Castell\u00f3n apoya al aeropuerto en la apertura del transporte a\u00e9reo de carga | El Digital de Asturias","description":"El presidente de la Autoridad Portuaria de Castell\u00f3n, Francisco Toledo, ha trasladado al aeropuerto de Castell\u00f3n su apoyo para colaborar conjuntamente en la apertura del transporte a\u00e9reo de carga como una nueva l\u00ednea de negocio que \"permitir\u00eda avanzar en la senda de sostenibilidad del aeropuerto mientras se consolida el crecimiento de pasajeros en la infraestructura","inLanguage":"es-ES","isPartOf":{"@id":"https:\/\/eldigitaldeasturias.com\/magazine365\/#website"},"breadcrumb":{"@id":"https:\/\/eldigitaldeasturias.com\/magazine365\/el-puerto-de-castellon-apoya-al-aeropuerto-en-la-apertura-del-transporte-aereo-de-carga\/#breadcrumblist"},"author":{"@id":"https:\/\/eldigitaldeasturias.com\/magazine365\/author\/admin\/#author"},"creator":{"@id":"https:\/\/eldigitaldeasturias.com\/magazine365\/author\/admin\/#author"},"image":{"@type":"ImageObject","url":"https:\/\/eldigitaldeasturias.com\/magazine365\/wp-content\/uploads\/2016\/06\/fotonoticia_20160608120611_800.jpg","@id":"https:\/\/eldigitaldeasturias.com\/magazine365\/el-puerto-de-castellon-apoya-al-aeropuerto-en-la-apertura-del-transporte-aereo-de-carga\/#mainImage","width":800,"height":600},"primaryImageOfPage":{"@id":"https:\/\/eldigitaldeasturias.com\/magazine365\/el-puerto-de-castellon-apoya-al-aeropuerto-en-la-apertura-del-transporte-aereo-de-carga\/#mainImage"},"datePublished":"2016-06-08T14:15:51+02:00","dateModified":"2016-06-08T14:15:51+02:00"},{"@type":"WebSite","@id":"https:\/\/eldigitaldeasturias.com\/magazine365\/#website","url":"https:\/\/eldigitaldeasturias.com\/magazine365\/","name":"El Digital de Asturias","description":"Revista de ocio, turismo y estilo de vida","inLanguage":"es-ES","publisher":{"@id":"https:\/\/eldigitaldeasturias.com\/magazine365\/#organization"}}]},"og:locale":"es_ES","og:site_name":"El Digital de Asturias \u2013 Revista de ocio, turismo y estilo de vida","og:type":"article","og:title":"El Puerto de Castell\u00f3n apoya al aeropuerto en la apertura del transporte a\u00e9reo de carga | El Digital de Asturias","og:description":"El presidente de la Autoridad Portuaria de Castell\u00f3n, Francisco Toledo, ha trasladado al aeropuerto de Castell\u00f3n su apoyo para colaborar conjuntamente en la apertura del transporte a\u00e9reo de carga como una nueva l\u00ednea de negocio que &quot;permitir\u00eda avanzar en la senda de sostenibilidad del aeropuerto mientras se consolida el crecimiento de pasajeros en la infraestructura","og:url":"https:\/\/eldigitaldeasturias.com\/magazine365\/el-puerto-de-castellon-apoya-al-aeropuerto-en-la-apertura-del-transporte-aereo-de-carga\/","og:image":"https:\/\/eldigitaldeasturias.com\/magazine365\/wp-content\/uploads\/2016\/06\/fotonoticia_20160608120611_800.jpg","og:image:secure_url":"https:\/\/eldigitaldeasturias.com\/magazine365\/wp-content\/uploads\/2016\/06\/fotonoticia_20160608120611_800.jpg","og:image:width":800,"og:image:height":600,"article:published_time":"2016-06-08T12:15:51+00:00","article:modified_time":"2016-06-08T12:15:51+00:00","twitter:card":"summary_large_image","twitter:title":"El Puerto de Castell\u00f3n apoya al aeropuerto en la apertura del transporte a\u00e9reo de carga | El Digital de Asturias","twitter:description":"El presidente de la Autoridad Portuaria de Castell\u00f3n, Francisco Toledo, ha trasladado al aeropuerto de Castell\u00f3n su apoyo para colaborar conjuntamente en la apertura del transporte a\u00e9reo de carga como una nueva l\u00ednea de negocio que &quot;permitir\u00eda avanzar en la senda de sostenibilidad del aeropuerto mientras se consolida el crecimiento de pasajeros en la infraestructura","twitter:image":"https:\/\/eldigitaldeasturias.com\/magazine365\/wp-content\/uploads\/2016\/06\/fotonoticia_20160608120611_800.jpg"},"aioseo_meta_data":{"post_id":"78194","title":null,"description":null,"keywords":null,"keyphrases":null,"primary_term":null,"canonical_url":null,"og_title":null,"og_description":null,"og_object_type":"default","og_image_type":"default","og_image_url":null,"og_image_width":null,"og_image_height":null,"og_image_custom_url":null,"og_image_custom_fields":null,"og_video":null,"og_custom_url":null,"og_article_section":null,"og_article_tags":null,"twitter_use_og":false,"twitter_card":"default","twitter_image_type":"default","twitter_image_url":null,"twitter_image_custom_url":null,"twitter_image_custom_fields":null,"twitter_title":null,"twitter_description":null,"schema":{"blockGraphs":[],"customGraphs":[],"default":{"data":{"Article":[],"Course":[],"Dataset":[],"FAQPage":[],"Movie":[],"Person":[],"Product":[],"ProductReview":[],"Car":[],"Recipe":[],"Service":[],"SoftwareApplication":[],"WebPage":[]},"graphName":"","isEnabled":true},"graphs":[]},"schema_type":null,"schema_type_options":null,"pillar_content":false,"robots_default":true,"robots_noindex":false,"robots_noarchive":false,"robots_nosnippet":false,"robots_nofollow":false,"robots_noimageindex":false,"robots_noodp":false,"robots_notranslate":false,"robots_max_snippet":null,"robots_max_videopreview":null,"robots_max_imagepreview":"large","priority":null,"frequency":null,"location":null,"local_seo":null,"seo_analyzer_scan_date":"2025-09-27 16:28:04","breadcrumb_settings":null,"limit_modified_date":false,"open_ai":null,"ai":null,"created":"2021-03-08 18:03:41","updated":"2025-09-27 16:28:04"},"aioseo_breadcrumb":"<div class=\"aioseo-breadcrumbs\"><span class=\"aioseo-breadcrumb\">\n\t<a href=\"https:\/\/eldigitaldeasturias.com\/magazine365\" title=\"Home\">Home<\/a>\n<\/span><span class=\"aioseo-breadcrumb-separator\">\u2013<\/span><span class=\"aioseo-breadcrumb\">\n\t<a href=\"https:\/\/eldigitaldeasturias.com\/magazine365\/category\/noticias-actualidad\/\" title=\"Noticias y Actualidad\">Noticias y Actualidad<\/a>\n<\/span><span class=\"aioseo-breadcrumb-separator\">\u2013<\/span><span class=\"aioseo-breadcrumb\">\n\t<a href=\"https:\/\/eldigitaldeasturias.com\/magazine365\/el-puerto-de-castellon-apoya-al-aeropuerto-en-la-apertura-del-transporte-aereo-de-carga\/\" title=\"El Puerto de Castell\u00f3n apoya al aeropuerto en la apertura del transporte a\u00e9reo de carga\">El Puerto de Castell\u00f3n apoya al aeropuerto en la apertura del transporte a\u00e9reo de carga<\/a>\n<\/span><\/div>","aioseo_breadcrumb_json":[{"label":"Home","link":"https:\/\/eldigitaldeasturias.com\/magazine365"},{"label":"Noticias y Actualidad","link":"https:\/\/eldigitaldeasturias.com\/magazine365\/category\/noticias-actualidad\/"},{"label":"El Puerto de Castell\u00f3n apoya al aeropuerto en la apertura del transporte a\u00e9reo de carga","link":"https:\/\/eldigitaldeasturias.com\/magazine365\/el-puerto-de-castellon-apoya-al-aeropuerto-en-la-apertura-del-transporte-aereo-de-carga\/"}],"_links":{"self":[{"href":"https:\/\/eldigitaldeasturias.com\/magazine365\/wp-json\/wp\/v2\/posts\/78194","targetHints":{"allow":["GET"]}}],"collection":[{"href":"https:\/\/eldigitaldeasturias.com\/magazine365\/wp-json\/wp\/v2\/posts"}],"about":[{"href":"https:\/\/eldigitaldeasturias.com\/magazine365\/wp-json\/wp\/v2\/types\/post"}],"author":[{"embeddable":true,"href":"https:\/\/eldigitaldeasturias.com\/magazine365\/wp-json\/wp\/v2\/users\/1"}],"replies":[{"embeddable":true,"href":"https:\/\/eldigitaldeasturias.com\/magazine365\/wp-json\/wp\/v2\/comments?post=78194"}],"version-history":[{"count":0,"href":"https:\/\/eldigitaldeasturias.com\/magazine365\/wp-json\/wp\/v2\/posts\/78194\/revisions"}],"wp:featuredmedia":[{"embeddable":true,"href":"https:\/\/eldigitaldeasturias.com\/magazine365\/wp-json\/wp\/v2\/media\/78195"}],"wp:attachment":[{"href":"https:\/\/eldigitaldeasturias.com\/magazine365\/wp-json\/wp\/v2\/media?parent=78194"}],"wp:term":[{"taxonomy":"category","embeddable":true,"href":"https:\/\/eldigitaldeasturias.com\/magazine365\/wp-json\/wp\/v2\/categories?post=78194"},{"taxonomy":"post_tag","embeddable":true,"href":"https:\/\/eldigitaldeasturias.com\/magazine365\/wp-json\/wp\/v2\/tags?post=78194"}],"curies":[{"name":"wp","href":"https:\/\/api.w.org\/{rel}","templated":true}]}}