{"id":78186,"date":"2016-06-08T13:25:45","date_gmt":"2016-06-08T11:25:45","guid":{"rendered":"http:\/\/eldigitaldeasturias.com\/magazine365\/?p=78186"},"modified":"2016-06-08T13:25:45","modified_gmt":"2016-06-08T11:25:45","slug":"revilla-partidario-de-hacer-una-excepcion-para-invitar-a-obama-a-visitar-altamira","status":"publish","type":"post","link":"https:\/\/eldigitaldeasturias.com\/magazine365\/revilla-partidario-de-hacer-una-excepcion-para-invitar-a-obama-a-visitar-altamira\/","title":{"rendered":"Revilla, partidario de hacer una \u00abexcepci\u00f3n\u00bb para invitar a Obama a visitar Altamira"},"content":{"rendered":"<p><img fetchpriority=\"high\" decoding=\"async\" class=\"alignleft size-medium wp-image-78187\" src=\"https:\/\/eldigitaldeasturias.com\/magazine365\/wp-content\/uploads\/2016\/06\/fotonoticia_20160608120226_800-300x300.jpg\" alt=\"fotonoticia_20160608120226_800\" width=\"300\" height=\"300\" srcset=\"https:\/\/eldigitaldeasturias.com\/magazine365\/wp-content\/uploads\/2016\/06\/fotonoticia_20160608120226_800-300x300.jpg 300w, https:\/\/eldigitaldeasturias.com\/magazine365\/wp-content\/uploads\/2016\/06\/fotonoticia_20160608120226_800-640x640.jpg 640w, https:\/\/eldigitaldeasturias.com\/magazine365\/wp-content\/uploads\/2016\/06\/fotonoticia_20160608120226_800-768x768.jpg 768w, https:\/\/eldigitaldeasturias.com\/magazine365\/wp-content\/uploads\/2016\/06\/fotonoticia_20160608120226_800-150x150.jpg 150w, https:\/\/eldigitaldeasturias.com\/magazine365\/wp-content\/uploads\/2016\/06\/fotonoticia_20160608120226_800-450x450.jpg 450w, https:\/\/eldigitaldeasturias.com\/magazine365\/wp-content\/uploads\/2016\/06\/fotonoticia_20160608120226_800-50x50.jpg 50w, https:\/\/eldigitaldeasturias.com\/magazine365\/wp-content\/uploads\/2016\/06\/fotonoticia_20160608120226_800-301x300.jpg 301w, https:\/\/eldigitaldeasturias.com\/magazine365\/wp-content\/uploads\/2016\/06\/fotonoticia_20160608120226_800-135x135.jpg 135w, https:\/\/eldigitaldeasturias.com\/magazine365\/wp-content\/uploads\/2016\/06\/fotonoticia_20160608120226_800-100x100.jpg 100w, https:\/\/eldigitaldeasturias.com\/magazine365\/wp-content\/uploads\/2016\/06\/fotonoticia_20160608120226_800.jpg 800w\" sizes=\"(max-width: 300px) 100vw, 300px\" \/>El presidente de Cantabria, Miguel \u00c1ngel Revilla, ha reiterado que ser\u00eda partidario de hacer una \u00abexcepci\u00f3n\u00bb en las normas que regulan el acceso a la cueva de Altamira, \u00abcon el consenso de todos los grupos pol\u00edticos\u00bb, para poder invitar al presidente de Estados Unidos, Barack Obama, a visitar las pinturas originales aprovechando su estancia en Espa\u00f1a el pr\u00f3ximo mes de julio.<\/p>\n<p>En alusi\u00f3n al sorteo que se realiza todos los viernes para que cinco personas visiten cada semana la cueva original, Revilla ha dicho que es un procedimiento \u00abmuy justo y democr\u00e1tico\u00bb, pero ha destacado el rendimiento que tendr\u00eda la visita de Obama y \u00abel bien para Cantabria\u00bb.<\/p>\n<p>\u00abYa no necesitar\u00edamos hablar con Ryanair ni con el Banco Santander, lo mismo que si apareciera el Papa por aqu\u00ed el a\u00f1o que viene (por el A\u00f1o Jubilar Lebaniego). Yo por eso, vamos, entrego el cargo y lo que haga falta\u00bb, ha dicho Revilla.<\/p>\n<p>El presidente de Cantabria ha hecho estas declaraciones en el Foro Ser Cantabria, donde previamente ha explicado que el Gobierno regional est\u00e1 \u00aben negociaciones\u00bb con Ryanair para incrementar el n\u00famero de vuelos y pasajeros en el aeropuerto Seve Ballesteros; y va a iniciar con el Banco Santander una campa\u00f1a de promoci\u00f3n tur\u00edstica \u00abmasiva\u00bb en Inglaterra con la \u00abesperanza de consolidar el mercado ingl\u00e9s\u00bb.<\/p>\n","protected":false},"excerpt":{"rendered":"<p>El presidente de Cantabria, Miguel \u00c1ngel Revilla, ha reiterado que ser\u00eda partidario de hacer una \u00abexcepci\u00f3n\u00bb en las normas que regulan el acceso a la cueva de Altamira, \u00abcon el consenso de todos los grupos pol\u00edticos\u00bb, para poder invitar al presidente de Estados Unidos, Barack Obama, a visitar las pinturas originales aprovechando su estancia en<\/p>\n","protected":false},"author":1,"featured_media":78187,"comment_status":"open","ping_status":"closed","sticky":false,"template":"","format":"standard","meta":{"footnotes":""},"categories":[224],"tags":[],"class_list":{"0":"post-78186","1":"post","2":"type-post","3":"status-publish","4":"format-standard","5":"has-post-thumbnail","7":"category-noticias-actualidad"},"aioseo_notices":[],"aioseo_head":"\n\t\t<!-- All in One SEO Pro 4.9.6.1 - aioseo.com -->\n\t<meta name=\"description\" content=\"El presidente de Cantabria, Miguel \u00c1ngel Revilla, ha reiterado que ser\u00eda partidario de hacer una &quot;excepci\u00f3n&quot; en las normas que regulan el acceso a la cueva de Altamira, &quot;con el consenso de todos los grupos pol\u00edticos&quot;, para poder invitar al presidente de Estados Unidos, Barack Obama, a visitar las pinturas originales aprovechando su estancia en\" \/>\n\t<meta name=\"robots\" content=\"max-image-preview:large\" \/>\n\t<meta name=\"author\" content=\"admin\"\/>\n\t<meta name=\"google-site-verification\" content=\"UA-38556648-1\" \/>\n\t<meta name=\"keywords\" content=\"noticias y actualidad\" \/>\n\t<link rel=\"canonical\" href=\"https:\/\/eldigitaldeasturias.com\/magazine365\/revilla-partidario-de-hacer-una-excepcion-para-invitar-a-obama-a-visitar-altamira\/\" \/>\n\t<meta name=\"generator\" content=\"All in One SEO Pro (AIOSEO) 4.9.6.1\" \/>\n\t\t<meta property=\"og:locale\" content=\"es_ES\" \/>\n\t\t<meta property=\"og:site_name\" content=\"El Digital de Asturias \u2013 Revista de ocio, turismo y estilo de vida\" \/>\n\t\t<meta property=\"og:type\" content=\"article\" \/>\n\t\t<meta property=\"og:title\" content=\"Revilla, partidario de hacer una \u00abexcepci\u00f3n\u00bb para invitar a Obama a visitar Altamira | El Digital de Asturias\" \/>\n\t\t<meta property=\"og:description\" content=\"El presidente de Cantabria, Miguel \u00c1ngel Revilla, ha reiterado que ser\u00eda partidario de hacer una &quot;excepci\u00f3n&quot; en las normas que regulan el acceso a la cueva de Altamira, &quot;con el consenso de todos los grupos pol\u00edticos&quot;, para poder invitar al presidente de Estados Unidos, Barack Obama, a visitar las pinturas originales aprovechando su estancia en\" \/>\n\t\t<meta property=\"og:url\" content=\"https:\/\/eldigitaldeasturias.com\/magazine365\/revilla-partidario-de-hacer-una-excepcion-para-invitar-a-obama-a-visitar-altamira\/\" \/>\n\t\t<meta property=\"og:image\" content=\"https:\/\/eldigitaldeasturias.com\/magazine365\/wp-content\/uploads\/2016\/06\/fotonoticia_20160608120226_800.jpg\" \/>\n\t\t<meta property=\"og:image:secure_url\" content=\"https:\/\/eldigitaldeasturias.com\/magazine365\/wp-content\/uploads\/2016\/06\/fotonoticia_20160608120226_800.jpg\" \/>\n\t\t<meta property=\"og:image:width\" content=\"800\" \/>\n\t\t<meta property=\"og:image:height\" content=\"800\" \/>\n\t\t<meta property=\"article:published_time\" content=\"2016-06-08T11:25:45+00:00\" \/>\n\t\t<meta property=\"article:modified_time\" content=\"2016-06-08T11:25:45+00:00\" \/>\n\t\t<meta name=\"twitter:card\" content=\"summary_large_image\" \/>\n\t\t<meta name=\"twitter:title\" content=\"Revilla, partidario de hacer una \u00abexcepci\u00f3n\u00bb para invitar a Obama a visitar Altamira | El Digital de Asturias\" \/>\n\t\t<meta name=\"twitter:description\" content=\"El presidente de Cantabria, Miguel \u00c1ngel Revilla, ha reiterado que ser\u00eda partidario de hacer una &quot;excepci\u00f3n&quot; en las normas que regulan el acceso a la cueva de Altamira, &quot;con el consenso de todos los grupos pol\u00edticos&quot;, para poder invitar al presidente de Estados Unidos, Barack Obama, a visitar las pinturas originales aprovechando su estancia en\" \/>\n\t\t<meta name=\"twitter:image\" content=\"https:\/\/eldigitaldeasturias.com\/magazine365\/wp-content\/uploads\/2016\/06\/fotonoticia_20160608120226_800.jpg\" \/>\n\t\t<script type=\"application\/ld+json\" class=\"aioseo-schema\">\n\t\t\t{\"@context\":\"https:\\\/\\\/schema.org\",\"@graph\":[{\"@type\":\"Article\",\"@id\":\"https:\\\/\\\/eldigitaldeasturias.com\\\/magazine365\\\/revilla-partidario-de-hacer-una-excepcion-para-invitar-a-obama-a-visitar-altamira\\\/#article\",\"name\":\"Revilla, partidario de hacer una \\u00abexcepci\\u00f3n\\u00bb para invitar a Obama a visitar Altamira | El Digital de Asturias\",\"headline\":\"Revilla, partidario de hacer una \\u00abexcepci\\u00f3n\\u00bb para invitar a Obama a visitar Altamira\",\"author\":{\"@id\":\"https:\\\/\\\/eldigitaldeasturias.com\\\/magazine365\\\/author\\\/admin\\\/#author\"},\"publisher\":{\"@id\":\"https:\\\/\\\/eldigitaldeasturias.com\\\/magazine365\\\/#organization\"},\"image\":{\"@type\":\"ImageObject\",\"url\":\"https:\\\/\\\/eldigitaldeasturias.com\\\/magazine365\\\/wp-content\\\/uploads\\\/2016\\\/06\\\/fotonoticia_20160608120226_800.jpg\",\"width\":800,\"height\":800},\"datePublished\":\"2016-06-08T13:25:45+02:00\",\"dateModified\":\"2016-06-08T13:25:45+02:00\",\"inLanguage\":\"es-ES\",\"mainEntityOfPage\":{\"@id\":\"https:\\\/\\\/eldigitaldeasturias.com\\\/magazine365\\\/revilla-partidario-de-hacer-una-excepcion-para-invitar-a-obama-a-visitar-altamira\\\/#webpage\"},\"isPartOf\":{\"@id\":\"https:\\\/\\\/eldigitaldeasturias.com\\\/magazine365\\\/revilla-partidario-de-hacer-una-excepcion-para-invitar-a-obama-a-visitar-altamira\\\/#webpage\"},\"articleSection\":\"Noticias y Actualidad\"},{\"@type\":\"BreadcrumbList\",\"@id\":\"https:\\\/\\\/eldigitaldeasturias.com\\\/magazine365\\\/revilla-partidario-de-hacer-una-excepcion-para-invitar-a-obama-a-visitar-altamira\\\/#breadcrumblist\",\"itemListElement\":[{\"@type\":\"ListItem\",\"@id\":\"https:\\\/\\\/eldigitaldeasturias.com\\\/magazine365#listItem\",\"position\":1,\"name\":\"Home\",\"item\":\"https:\\\/\\\/eldigitaldeasturias.com\\\/magazine365\",\"nextItem\":{\"@type\":\"ListItem\",\"@id\":\"https:\\\/\\\/eldigitaldeasturias.com\\\/magazine365\\\/category\\\/noticias-actualidad\\\/#listItem\",\"name\":\"Noticias y Actualidad\"}},{\"@type\":\"ListItem\",\"@id\":\"https:\\\/\\\/eldigitaldeasturias.com\\\/magazine365\\\/category\\\/noticias-actualidad\\\/#listItem\",\"position\":2,\"name\":\"Noticias y Actualidad\",\"item\":\"https:\\\/\\\/eldigitaldeasturias.com\\\/magazine365\\\/category\\\/noticias-actualidad\\\/\",\"nextItem\":{\"@type\":\"ListItem\",\"@id\":\"https:\\\/\\\/eldigitaldeasturias.com\\\/magazine365\\\/revilla-partidario-de-hacer-una-excepcion-para-invitar-a-obama-a-visitar-altamira\\\/#listItem\",\"name\":\"Revilla, partidario de hacer una \\u00abexcepci\\u00f3n\\u00bb para invitar a Obama a visitar Altamira\"},\"previousItem\":{\"@type\":\"ListItem\",\"@id\":\"https:\\\/\\\/eldigitaldeasturias.com\\\/magazine365#listItem\",\"name\":\"Home\"}},{\"@type\":\"ListItem\",\"@id\":\"https:\\\/\\\/eldigitaldeasturias.com\\\/magazine365\\\/revilla-partidario-de-hacer-una-excepcion-para-invitar-a-obama-a-visitar-altamira\\\/#listItem\",\"position\":3,\"name\":\"Revilla, partidario de hacer una \\u00abexcepci\\u00f3n\\u00bb para invitar a Obama a visitar Altamira\",\"previousItem\":{\"@type\":\"ListItem\",\"@id\":\"https:\\\/\\\/eldigitaldeasturias.com\\\/magazine365\\\/category\\\/noticias-actualidad\\\/#listItem\",\"name\":\"Noticias y Actualidad\"}}]},{\"@type\":\"Organization\",\"@id\":\"https:\\\/\\\/eldigitaldeasturias.com\\\/magazine365\\\/#organization\",\"name\":\"El digital de Asturias\",\"description\":\"Revista de ocio, turismo y estilo de vida\",\"url\":\"https:\\\/\\\/eldigitaldeasturias.com\\\/magazine365\\\/\",\"logo\":{\"@type\":\"ImageObject\",\"url\":\"https:\\\/\\\/www.eldigitaldeasturias.com\\\/noticias\\\/wp-content\\\/uploads\\\/2020\\\/12\\\/EDA.jpg\",\"@id\":\"https:\\\/\\\/eldigitaldeasturias.com\\\/magazine365\\\/revilla-partidario-de-hacer-una-excepcion-para-invitar-a-obama-a-visitar-altamira\\\/#organizationLogo\"},\"image\":{\"@id\":\"https:\\\/\\\/eldigitaldeasturias.com\\\/magazine365\\\/revilla-partidario-de-hacer-una-excepcion-para-invitar-a-obama-a-visitar-altamira\\\/#organizationLogo\"}},{\"@type\":\"Person\",\"@id\":\"https:\\\/\\\/eldigitaldeasturias.com\\\/magazine365\\\/author\\\/admin\\\/#author\",\"url\":\"https:\\\/\\\/eldigitaldeasturias.com\\\/magazine365\\\/author\\\/admin\\\/\",\"name\":\"admin\",\"image\":{\"@type\":\"ImageObject\",\"@id\":\"https:\\\/\\\/eldigitaldeasturias.com\\\/magazine365\\\/revilla-partidario-de-hacer-una-excepcion-para-invitar-a-obama-a-visitar-altamira\\\/#authorImage\",\"url\":\"https:\\\/\\\/eldigitaldeasturias.com\\\/magazine365\\\/wp-content\\\/litespeed\\\/avatar\\\/e571bcf59a0edd6fa6838245a470f2fe.jpg?ver=1776969259\",\"width\":96,\"height\":96,\"caption\":\"admin\"}},{\"@type\":\"WebPage\",\"@id\":\"https:\\\/\\\/eldigitaldeasturias.com\\\/magazine365\\\/revilla-partidario-de-hacer-una-excepcion-para-invitar-a-obama-a-visitar-altamira\\\/#webpage\",\"url\":\"https:\\\/\\\/eldigitaldeasturias.com\\\/magazine365\\\/revilla-partidario-de-hacer-una-excepcion-para-invitar-a-obama-a-visitar-altamira\\\/\",\"name\":\"Revilla, partidario de hacer una \\u00abexcepci\\u00f3n\\u00bb para invitar a Obama a visitar Altamira | El Digital de Asturias\",\"description\":\"El presidente de Cantabria, Miguel \\u00c1ngel Revilla, ha reiterado que ser\\u00eda partidario de hacer una \\\"excepci\\u00f3n\\\" en las normas que regulan el acceso a la cueva de Altamira, \\\"con el consenso de todos los grupos pol\\u00edticos\\\", para poder invitar al presidente de Estados Unidos, Barack Obama, a visitar las pinturas originales aprovechando su estancia en\",\"inLanguage\":\"es-ES\",\"isPartOf\":{\"@id\":\"https:\\\/\\\/eldigitaldeasturias.com\\\/magazine365\\\/#website\"},\"breadcrumb\":{\"@id\":\"https:\\\/\\\/eldigitaldeasturias.com\\\/magazine365\\\/revilla-partidario-de-hacer-una-excepcion-para-invitar-a-obama-a-visitar-altamira\\\/#breadcrumblist\"},\"author\":{\"@id\":\"https:\\\/\\\/eldigitaldeasturias.com\\\/magazine365\\\/author\\\/admin\\\/#author\"},\"creator\":{\"@id\":\"https:\\\/\\\/eldigitaldeasturias.com\\\/magazine365\\\/author\\\/admin\\\/#author\"},\"image\":{\"@type\":\"ImageObject\",\"url\":\"https:\\\/\\\/eldigitaldeasturias.com\\\/magazine365\\\/wp-content\\\/uploads\\\/2016\\\/06\\\/fotonoticia_20160608120226_800.jpg\",\"@id\":\"https:\\\/\\\/eldigitaldeasturias.com\\\/magazine365\\\/revilla-partidario-de-hacer-una-excepcion-para-invitar-a-obama-a-visitar-altamira\\\/#mainImage\",\"width\":800,\"height\":800},\"primaryImageOfPage\":{\"@id\":\"https:\\\/\\\/eldigitaldeasturias.com\\\/magazine365\\\/revilla-partidario-de-hacer-una-excepcion-para-invitar-a-obama-a-visitar-altamira\\\/#mainImage\"},\"datePublished\":\"2016-06-08T13:25:45+02:00\",\"dateModified\":\"2016-06-08T13:25:45+02:00\"},{\"@type\":\"WebSite\",\"@id\":\"https:\\\/\\\/eldigitaldeasturias.com\\\/magazine365\\\/#website\",\"url\":\"https:\\\/\\\/eldigitaldeasturias.com\\\/magazine365\\\/\",\"name\":\"El Digital de Asturias\",\"description\":\"Revista de ocio, turismo y estilo de vida\",\"inLanguage\":\"es-ES\",\"publisher\":{\"@id\":\"https:\\\/\\\/eldigitaldeasturias.com\\\/magazine365\\\/#organization\"}}]}\n\t\t<\/script>\n\t\t<!-- All in One SEO Pro -->\r\n\t\t<title>Revilla, partidario de hacer una \u00abexcepci\u00f3n\u00bb para invitar a Obama a visitar Altamira | El Digital de Asturias<\/title>\n\n","aioseo_head_json":{"title":"Revilla, partidario de hacer una \u00abexcepci\u00f3n\u00bb para invitar a Obama a visitar Altamira | El Digital de Asturias","description":"El presidente de Cantabria, Miguel \u00c1ngel Revilla, ha reiterado que ser\u00eda partidario de hacer una \"excepci\u00f3n\" en las normas que regulan el acceso a la cueva de Altamira, \"con el consenso de todos los grupos pol\u00edticos\", para poder invitar al presidente de Estados Unidos, Barack Obama, a visitar las pinturas originales aprovechando su estancia en","canonical_url":"https:\/\/eldigitaldeasturias.com\/magazine365\/revilla-partidario-de-hacer-una-excepcion-para-invitar-a-obama-a-visitar-altamira\/","robots":"max-image-preview:large","keywords":"noticias y actualidad","webmasterTools":{"google-site-verification":"UA-38556648-1","miscellaneous":""},"schema":{"@context":"https:\/\/schema.org","@graph":[{"@type":"Article","@id":"https:\/\/eldigitaldeasturias.com\/magazine365\/revilla-partidario-de-hacer-una-excepcion-para-invitar-a-obama-a-visitar-altamira\/#article","name":"Revilla, partidario de hacer una \u00abexcepci\u00f3n\u00bb para invitar a Obama a visitar Altamira | El Digital de Asturias","headline":"Revilla, partidario de hacer una \u00abexcepci\u00f3n\u00bb para invitar a Obama a visitar Altamira","author":{"@id":"https:\/\/eldigitaldeasturias.com\/magazine365\/author\/admin\/#author"},"publisher":{"@id":"https:\/\/eldigitaldeasturias.com\/magazine365\/#organization"},"image":{"@type":"ImageObject","url":"https:\/\/eldigitaldeasturias.com\/magazine365\/wp-content\/uploads\/2016\/06\/fotonoticia_20160608120226_800.jpg","width":800,"height":800},"datePublished":"2016-06-08T13:25:45+02:00","dateModified":"2016-06-08T13:25:45+02:00","inLanguage":"es-ES","mainEntityOfPage":{"@id":"https:\/\/eldigitaldeasturias.com\/magazine365\/revilla-partidario-de-hacer-una-excepcion-para-invitar-a-obama-a-visitar-altamira\/#webpage"},"isPartOf":{"@id":"https:\/\/eldigitaldeasturias.com\/magazine365\/revilla-partidario-de-hacer-una-excepcion-para-invitar-a-obama-a-visitar-altamira\/#webpage"},"articleSection":"Noticias y Actualidad"},{"@type":"BreadcrumbList","@id":"https:\/\/eldigitaldeasturias.com\/magazine365\/revilla-partidario-de-hacer-una-excepcion-para-invitar-a-obama-a-visitar-altamira\/#breadcrumblist","itemListElement":[{"@type":"ListItem","@id":"https:\/\/eldigitaldeasturias.com\/magazine365#listItem","position":1,"name":"Home","item":"https:\/\/eldigitaldeasturias.com\/magazine365","nextItem":{"@type":"ListItem","@id":"https:\/\/eldigitaldeasturias.com\/magazine365\/category\/noticias-actualidad\/#listItem","name":"Noticias y Actualidad"}},{"@type":"ListItem","@id":"https:\/\/eldigitaldeasturias.com\/magazine365\/category\/noticias-actualidad\/#listItem","position":2,"name":"Noticias y Actualidad","item":"https:\/\/eldigitaldeasturias.com\/magazine365\/category\/noticias-actualidad\/","nextItem":{"@type":"ListItem","@id":"https:\/\/eldigitaldeasturias.com\/magazine365\/revilla-partidario-de-hacer-una-excepcion-para-invitar-a-obama-a-visitar-altamira\/#listItem","name":"Revilla, partidario de hacer una \u00abexcepci\u00f3n\u00bb para invitar a Obama a visitar Altamira"},"previousItem":{"@type":"ListItem","@id":"https:\/\/eldigitaldeasturias.com\/magazine365#listItem","name":"Home"}},{"@type":"ListItem","@id":"https:\/\/eldigitaldeasturias.com\/magazine365\/revilla-partidario-de-hacer-una-excepcion-para-invitar-a-obama-a-visitar-altamira\/#listItem","position":3,"name":"Revilla, partidario de hacer una \u00abexcepci\u00f3n\u00bb para invitar a Obama a visitar Altamira","previousItem":{"@type":"ListItem","@id":"https:\/\/eldigitaldeasturias.com\/magazine365\/category\/noticias-actualidad\/#listItem","name":"Noticias y Actualidad"}}]},{"@type":"Organization","@id":"https:\/\/eldigitaldeasturias.com\/magazine365\/#organization","name":"El digital de Asturias","description":"Revista de ocio, turismo y estilo de vida","url":"https:\/\/eldigitaldeasturias.com\/magazine365\/","logo":{"@type":"ImageObject","url":"https:\/\/www.eldigitaldeasturias.com\/noticias\/wp-content\/uploads\/2020\/12\/EDA.jpg","@id":"https:\/\/eldigitaldeasturias.com\/magazine365\/revilla-partidario-de-hacer-una-excepcion-para-invitar-a-obama-a-visitar-altamira\/#organizationLogo"},"image":{"@id":"https:\/\/eldigitaldeasturias.com\/magazine365\/revilla-partidario-de-hacer-una-excepcion-para-invitar-a-obama-a-visitar-altamira\/#organizationLogo"}},{"@type":"Person","@id":"https:\/\/eldigitaldeasturias.com\/magazine365\/author\/admin\/#author","url":"https:\/\/eldigitaldeasturias.com\/magazine365\/author\/admin\/","name":"admin","image":{"@type":"ImageObject","@id":"https:\/\/eldigitaldeasturias.com\/magazine365\/revilla-partidario-de-hacer-una-excepcion-para-invitar-a-obama-a-visitar-altamira\/#authorImage","url":"https:\/\/eldigitaldeasturias.com\/magazine365\/wp-content\/litespeed\/avatar\/e571bcf59a0edd6fa6838245a470f2fe.jpg?ver=1776969259","width":96,"height":96,"caption":"admin"}},{"@type":"WebPage","@id":"https:\/\/eldigitaldeasturias.com\/magazine365\/revilla-partidario-de-hacer-una-excepcion-para-invitar-a-obama-a-visitar-altamira\/#webpage","url":"https:\/\/eldigitaldeasturias.com\/magazine365\/revilla-partidario-de-hacer-una-excepcion-para-invitar-a-obama-a-visitar-altamira\/","name":"Revilla, partidario de hacer una \u00abexcepci\u00f3n\u00bb para invitar a Obama a visitar Altamira | El Digital de Asturias","description":"El presidente de Cantabria, Miguel \u00c1ngel Revilla, ha reiterado que ser\u00eda partidario de hacer una \"excepci\u00f3n\" en las normas que regulan el acceso a la cueva de Altamira, \"con el consenso de todos los grupos pol\u00edticos\", para poder invitar al presidente de Estados Unidos, Barack Obama, a visitar las pinturas originales aprovechando su estancia en","inLanguage":"es-ES","isPartOf":{"@id":"https:\/\/eldigitaldeasturias.com\/magazine365\/#website"},"breadcrumb":{"@id":"https:\/\/eldigitaldeasturias.com\/magazine365\/revilla-partidario-de-hacer-una-excepcion-para-invitar-a-obama-a-visitar-altamira\/#breadcrumblist"},"author":{"@id":"https:\/\/eldigitaldeasturias.com\/magazine365\/author\/admin\/#author"},"creator":{"@id":"https:\/\/eldigitaldeasturias.com\/magazine365\/author\/admin\/#author"},"image":{"@type":"ImageObject","url":"https:\/\/eldigitaldeasturias.com\/magazine365\/wp-content\/uploads\/2016\/06\/fotonoticia_20160608120226_800.jpg","@id":"https:\/\/eldigitaldeasturias.com\/magazine365\/revilla-partidario-de-hacer-una-excepcion-para-invitar-a-obama-a-visitar-altamira\/#mainImage","width":800,"height":800},"primaryImageOfPage":{"@id":"https:\/\/eldigitaldeasturias.com\/magazine365\/revilla-partidario-de-hacer-una-excepcion-para-invitar-a-obama-a-visitar-altamira\/#mainImage"},"datePublished":"2016-06-08T13:25:45+02:00","dateModified":"2016-06-08T13:25:45+02:00"},{"@type":"WebSite","@id":"https:\/\/eldigitaldeasturias.com\/magazine365\/#website","url":"https:\/\/eldigitaldeasturias.com\/magazine365\/","name":"El Digital de Asturias","description":"Revista de ocio, turismo y estilo de vida","inLanguage":"es-ES","publisher":{"@id":"https:\/\/eldigitaldeasturias.com\/magazine365\/#organization"}}]},"og:locale":"es_ES","og:site_name":"El Digital de Asturias \u2013 Revista de ocio, turismo y estilo de vida","og:type":"article","og:title":"Revilla, partidario de hacer una \u00abexcepci\u00f3n\u00bb para invitar a Obama a visitar Altamira | El Digital de Asturias","og:description":"El presidente de Cantabria, Miguel \u00c1ngel Revilla, ha reiterado que ser\u00eda partidario de hacer una &quot;excepci\u00f3n&quot; en las normas que regulan el acceso a la cueva de Altamira, &quot;con el consenso de todos los grupos pol\u00edticos&quot;, para poder invitar al presidente de Estados Unidos, Barack Obama, a visitar las pinturas originales aprovechando su estancia en","og:url":"https:\/\/eldigitaldeasturias.com\/magazine365\/revilla-partidario-de-hacer-una-excepcion-para-invitar-a-obama-a-visitar-altamira\/","og:image":"https:\/\/eldigitaldeasturias.com\/magazine365\/wp-content\/uploads\/2016\/06\/fotonoticia_20160608120226_800.jpg","og:image:secure_url":"https:\/\/eldigitaldeasturias.com\/magazine365\/wp-content\/uploads\/2016\/06\/fotonoticia_20160608120226_800.jpg","og:image:width":800,"og:image:height":800,"article:published_time":"2016-06-08T11:25:45+00:00","article:modified_time":"2016-06-08T11:25:45+00:00","twitter:card":"summary_large_image","twitter:title":"Revilla, partidario de hacer una \u00abexcepci\u00f3n\u00bb para invitar a Obama a visitar Altamira | El Digital de Asturias","twitter:description":"El presidente de Cantabria, Miguel \u00c1ngel Revilla, ha reiterado que ser\u00eda partidario de hacer una &quot;excepci\u00f3n&quot; en las normas que regulan el acceso a la cueva de Altamira, &quot;con el consenso de todos los grupos pol\u00edticos&quot;, para poder invitar al presidente de Estados Unidos, Barack Obama, a visitar las pinturas originales aprovechando su estancia en","twitter:image":"https:\/\/eldigitaldeasturias.com\/magazine365\/wp-content\/uploads\/2016\/06\/fotonoticia_20160608120226_800.jpg"},"aioseo_meta_data":{"post_id":"78186","title":null,"description":null,"keywords":null,"keyphrases":null,"primary_term":null,"canonical_url":null,"og_title":null,"og_description":null,"og_object_type":"default","og_image_type":"default","og_image_url":null,"og_image_width":null,"og_image_height":null,"og_image_custom_url":null,"og_image_custom_fields":null,"og_video":null,"og_custom_url":null,"og_article_section":null,"og_article_tags":null,"twitter_use_og":false,"twitter_card":"default","twitter_image_type":"default","twitter_image_url":null,"twitter_image_custom_url":null,"twitter_image_custom_fields":null,"twitter_title":null,"twitter_description":null,"schema":{"blockGraphs":[],"customGraphs":[],"default":{"data":{"Article":[],"Course":[],"Dataset":[],"FAQPage":[],"Movie":[],"Person":[],"Product":[],"ProductReview":[],"Car":[],"Recipe":[],"Service":[],"SoftwareApplication":[],"WebPage":[]},"graphName":"","isEnabled":true},"graphs":[],"defaultGraph":"","defaultPostTypeGraph":""},"schema_type":null,"schema_type_options":null,"pillar_content":false,"robots_default":true,"robots_noindex":false,"robots_noarchive":false,"robots_nosnippet":false,"robots_nofollow":false,"robots_noimageindex":false,"robots_noodp":false,"robots_notranslate":false,"robots_max_snippet":null,"robots_max_videopreview":null,"robots_max_imagepreview":"large","priority":null,"frequency":null,"location":null,"local_seo":null,"seo_analyzer_scan_date":"2025-09-27 16:28:02","breadcrumb_settings":null,"limit_modified_date":false,"open_ai":null,"ai":null,"created":"2021-03-08 18:03:41","updated":"2025-09-27 16:28:02"},"aioseo_breadcrumb":"<div class=\"aioseo-breadcrumbs\"><span class=\"aioseo-breadcrumb\">\n\t<a href=\"https:\/\/eldigitaldeasturias.com\/magazine365\" title=\"Home\">Home<\/a>\n<\/span><span class=\"aioseo-breadcrumb-separator\">\u2013<\/span><span class=\"aioseo-breadcrumb\">\n\t<a href=\"https:\/\/eldigitaldeasturias.com\/magazine365\/category\/noticias-actualidad\/\" title=\"Noticias y Actualidad\">Noticias y Actualidad<\/a>\n<\/span><span class=\"aioseo-breadcrumb-separator\">\u2013<\/span><span class=\"aioseo-breadcrumb\">\n\t<a href=\"https:\/\/eldigitaldeasturias.com\/magazine365\/revilla-partidario-de-hacer-una-excepcion-para-invitar-a-obama-a-visitar-altamira\/\" title=\"Revilla, partidario de hacer una \u00abexcepci\u00f3n\u00bb para invitar a Obama a visitar Altamira\">Revilla, partidario de hacer una \u00abexcepci\u00f3n\u00bb para invitar a Obama a visitar Altamira<\/a>\n<\/span><\/div>","aioseo_breadcrumb_json":[{"label":"Home","link":"https:\/\/eldigitaldeasturias.com\/magazine365"},{"label":"Noticias y Actualidad","link":"https:\/\/eldigitaldeasturias.com\/magazine365\/category\/noticias-actualidad\/"},{"label":"Revilla, partidario de hacer una \u00abexcepci\u00f3n\u00bb para invitar a Obama a visitar Altamira","link":"https:\/\/eldigitaldeasturias.com\/magazine365\/revilla-partidario-de-hacer-una-excepcion-para-invitar-a-obama-a-visitar-altamira\/"}],"_links":{"self":[{"href":"https:\/\/eldigitaldeasturias.com\/magazine365\/wp-json\/wp\/v2\/posts\/78186","targetHints":{"allow":["GET"]}}],"collection":[{"href":"https:\/\/eldigitaldeasturias.com\/magazine365\/wp-json\/wp\/v2\/posts"}],"about":[{"href":"https:\/\/eldigitaldeasturias.com\/magazine365\/wp-json\/wp\/v2\/types\/post"}],"author":[{"embeddable":true,"href":"https:\/\/eldigitaldeasturias.com\/magazine365\/wp-json\/wp\/v2\/users\/1"}],"replies":[{"embeddable":true,"href":"https:\/\/eldigitaldeasturias.com\/magazine365\/wp-json\/wp\/v2\/comments?post=78186"}],"version-history":[{"count":0,"href":"https:\/\/eldigitaldeasturias.com\/magazine365\/wp-json\/wp\/v2\/posts\/78186\/revisions"}],"wp:featuredmedia":[{"embeddable":true,"href":"https:\/\/eldigitaldeasturias.com\/magazine365\/wp-json\/wp\/v2\/media\/78187"}],"wp:attachment":[{"href":"https:\/\/eldigitaldeasturias.com\/magazine365\/wp-json\/wp\/v2\/media?parent=78186"}],"wp:term":[{"taxonomy":"category","embeddable":true,"href":"https:\/\/eldigitaldeasturias.com\/magazine365\/wp-json\/wp\/v2\/categories?post=78186"},{"taxonomy":"post_tag","embeddable":true,"href":"https:\/\/eldigitaldeasturias.com\/magazine365\/wp-json\/wp\/v2\/tags?post=78186"}],"curies":[{"name":"wp","href":"https:\/\/api.w.org\/{rel}","templated":true}]}}