{"id":78172,"date":"2016-06-08T13:13:43","date_gmt":"2016-06-08T11:13:43","guid":{"rendered":"http:\/\/eldigitaldeasturias.com\/magazine365\/?p=78172"},"modified":"2016-06-08T13:13:43","modified_gmt":"2016-06-08T11:13:43","slug":"la-uji-y-la-agencia-valenciana-del-turisme-se-unen-para-fomentar-investigacion-e-innovacion-en-el-sector-turistico","status":"publish","type":"post","link":"https:\/\/eldigitaldeasturias.com\/magazine365\/la-uji-y-la-agencia-valenciana-del-turisme-se-unen-para-fomentar-investigacion-e-innovacion-en-el-sector-turistico\/","title":{"rendered":"La UJI y la Ag\u00e8ncia Valenciana del Turisme se unen para fomentar investigaci\u00f3n e innovaci\u00f3n en el sector tur\u00edstico"},"content":{"rendered":"<p><img fetchpriority=\"high\" decoding=\"async\" class=\"alignleft size-medium wp-image-78173\" src=\"https:\/\/eldigitaldeasturias.com\/magazine365\/wp-content\/uploads\/2016\/06\/fotonoticia_20160607191935_800-360x240.jpg\" alt=\"fotonoticia_20160607191935_800\" width=\"360\" height=\"240\" srcset=\"https:\/\/eldigitaldeasturias.com\/magazine365\/wp-content\/uploads\/2016\/06\/fotonoticia_20160607191935_800-360x240.jpg 360w, https:\/\/eldigitaldeasturias.com\/magazine365\/wp-content\/uploads\/2016\/06\/fotonoticia_20160607191935_800-650x433.jpg 650w, https:\/\/eldigitaldeasturias.com\/magazine365\/wp-content\/uploads\/2016\/06\/fotonoticia_20160607191935_800-768x512.jpg 768w, https:\/\/eldigitaldeasturias.com\/magazine365\/wp-content\/uploads\/2016\/06\/fotonoticia_20160607191935_800-150x100.jpg 150w, https:\/\/eldigitaldeasturias.com\/magazine365\/wp-content\/uploads\/2016\/06\/fotonoticia_20160607191935_800-450x300.jpg 450w, https:\/\/eldigitaldeasturias.com\/magazine365\/wp-content\/uploads\/2016\/06\/fotonoticia_20160607191935_800-101x66.jpg 101w, https:\/\/eldigitaldeasturias.com\/magazine365\/wp-content\/uploads\/2016\/06\/fotonoticia_20160607191935_800.jpg 800w\" sizes=\"(max-width: 360px) 100vw, 360px\" \/>El presidente de la Ag\u00e8ncia Valenciana del Turisme, Francesc Colomer, y el rector de la Universitat Jaume I de Castell\u00f3n, Vicent Climent, han suscrito este martes un convenio de colaboraci\u00f3n para el fomento de la investigaci\u00f3n e innovaci\u00f3n en el sector tur\u00edstico valenciano.<\/p>\n<p>Tras la firma del acuerdo, Francesc Colomer ha se\u00f1alado que, con este convenio, se pone de manifiesto la importancia que tienen las instituciones acad\u00e9micas para la Generalitat, porque el objetivo es \u00abtrabajar juntos y aprovechar el conocimiento compartido para impulsar un turismo m\u00e1s productivo, responsable y sostenible\u00bb.<\/p>\n<p>Asimismo, Colomer ha resaltado que, a trav\u00e9s de este convenio, elaborar\u00e1n un an\u00e1lisis, diagn\u00f3stico y prognosis del turismo en los municipios del entorno del aeropuerto de Castell\u00f3n \u00abpara conocer el impacto de la infraestructura\u00bb.<\/p>\n<p>El responsable de la pol\u00edtica tur\u00edstica de la Generalitat ha hecho hincapi\u00e9 en la importancia de establecer \u00abuna verdadera gobernanza colaborativa\u00bb con las instituciones y los agentes m\u00e1s implicados en el impulso del turismo, \u00abcomo lo son nuestras universidades\u00bb.<\/p>\n<p>Por ello, ha se\u00f1alado que, desde la Ag\u00e8ncia Valenciana del Turisme, \u00abcomenzamos una etapa de colaboraci\u00f3n con nuestras universidades p\u00fablicas para fomentar la investigaci\u00f3n y la innovaci\u00f3n con el objetivo de mejorar nuestro turismo a medio y largo plazo\u00bb.<\/p>\n<p>En esta l\u00ednea, Colomer ha destacado que la Ag\u00e8ncia Valenciana del Turisme destina 500.000 euros en 2016 al fomento de investigaci\u00f3n en innovaci\u00f3n, acci\u00f3n que entra dentro del plan de actuaci\u00f3n estrat\u00e9gica confeccionado desde la Universitat de Val\u00e8ncia como eje central, aunque con la colaboraci\u00f3n del resto de universidades p\u00fablicas valencianas.<\/p>\n<p>MISI\u00d3N<\/p>\n<p>Adem\u00e1s, Francesc Colomer ha se\u00f1alado que la misi\u00f3n de esta colaboraci\u00f3n con las universidades es \u00abvertebrar\u00bb toda la Comunitat Valenciana con el fin de crear nuevos productos tur\u00edsticos, crear sinergias con el Invat.tur, la red de CdT, las c\u00e1maras de comercio o los ayuntamientos, al tiempo que ha a\u00f1adido que se trata de identificar \u00ablos recursos que se tienen como el medio ambiente o la enolog\u00eda y transformarlos en producto tur\u00edstico para comercializarlos alrededor del mundo\u00bb.<\/p>\n<p>El secretario auton\u00f3mico de Turismo ha resaltado que es \u00abimportante\u00bb aliarse con las universidades para impulsar la investigaci\u00f3n y la innovaci\u00f3n en el sector tur\u00edstico \u00abporque esta alianza supone la suma y la apuesta de la Generalitat por el conocimiento\u00bb.<\/p>\n<p>El convenio rubricado entre el responsable de Turismo de la Generalitat, Francesc Colomer, y el rector de la UJI, Vicent Climent, pretende fomentar la investigaci\u00f3n e innovaci\u00f3n en el sector tur\u00edstico valenciano.<\/p>\n<p>Mediante este convenio, la Ag\u00e8ncia Valenciana del Turisme colaborar\u00e1 econ\u00f3micamente con 100.000 euros para diferentes actuaciones durante 2016 relacionadas con proyectos de investigaci\u00f3n e innovaci\u00f3n en beneficio del sector tur\u00edstico valenciano.<\/p>\n<p>Dentro de las actuaciones del convenio, se van a llevar a cabo distintas actuaciones como el impulso al turismo \u00e9tico y responsable entre los agentes tur\u00edsticos valencianos, el estudio sobre la \u00e9tica en la realidad de la pr\u00e1ctica tur\u00edstica, la adaptaci\u00f3n del c\u00f3digo \u00e9tico mundial al sector tur\u00edstico valenciano, la elaboraci\u00f3n del programa Ethos, as\u00ed como la realizaci\u00f3n de unas jornadas de turismo responsable y sostenible.<\/p>\n<p>CUERPO DE INVESTIGACI\u00d3N<\/p>\n<p>La Universitat Jaume I de Castell\u00f3n se compromete a contribuir a la generaci\u00f3n de un cuerpo de investigaci\u00f3n ligado a la Red de Investigaci\u00f3n en Turismo que, junto al resto de universidades p\u00fablicas valencianas, promueve la Ag\u00e8ncia Valenciana del Turisme.<\/p>\n<p>Asimismo, la UJI participar\u00e1, a solicitud de la Ag\u00e8ncia Valenciana del Turisme, en jornadas t\u00e9cnicas, mesas de trabajo, seminarios o congresos cient\u00edficos relacionados con el objeto del convenio.<\/p>\n<p>&nbsp;<\/p>\n","protected":false},"excerpt":{"rendered":"<p>El presidente de la Ag\u00e8ncia Valenciana del Turisme, Francesc Colomer, y el rector de la Universitat Jaume I de Castell\u00f3n, Vicent Climent, han suscrito este martes un convenio de colaboraci\u00f3n para el fomento de la investigaci\u00f3n e innovaci\u00f3n en el sector tur\u00edstico valenciano. Tras la firma del acuerdo, Francesc Colomer ha se\u00f1alado que, con este<\/p>\n","protected":false},"author":1,"featured_media":78173,"comment_status":"open","ping_status":"closed","sticky":false,"template":"","format":"standard","meta":{"footnotes":""},"categories":[224],"tags":[],"class_list":{"0":"post-78172","1":"post","2":"type-post","3":"status-publish","4":"format-standard","5":"has-post-thumbnail","7":"category-noticias-actualidad"},"aioseo_notices":[],"aioseo_head":"\n\t\t<!-- All in One SEO Pro 4.9.6.1 - aioseo.com -->\n\t<meta name=\"description\" content=\"El presidente de la Ag\u00e8ncia Valenciana del Turisme, Francesc Colomer, y el rector de la Universitat Jaume I de Castell\u00f3n, Vicent Climent, han suscrito este martes un convenio de colaboraci\u00f3n para el fomento de la investigaci\u00f3n e innovaci\u00f3n en el sector tur\u00edstico valenciano. Tras la firma del acuerdo, Francesc Colomer ha se\u00f1alado que, con este\" \/>\n\t<meta name=\"robots\" content=\"max-image-preview:large\" \/>\n\t<meta name=\"author\" content=\"admin\"\/>\n\t<meta name=\"google-site-verification\" content=\"UA-38556648-1\" \/>\n\t<meta name=\"keywords\" content=\"noticias y actualidad\" \/>\n\t<link rel=\"canonical\" href=\"https:\/\/eldigitaldeasturias.com\/magazine365\/la-uji-y-la-agencia-valenciana-del-turisme-se-unen-para-fomentar-investigacion-e-innovacion-en-el-sector-turistico\/\" \/>\n\t<meta name=\"generator\" content=\"All in One SEO Pro (AIOSEO) 4.9.6.1\" \/>\n\t\t<meta property=\"og:locale\" content=\"es_ES\" \/>\n\t\t<meta property=\"og:site_name\" content=\"El Digital de Asturias \u2013 Revista de ocio, turismo y estilo de vida\" \/>\n\t\t<meta property=\"og:type\" content=\"article\" \/>\n\t\t<meta property=\"og:title\" content=\"La UJI y la Ag\u00e8ncia Valenciana del Turisme se unen para fomentar investigaci\u00f3n e innovaci\u00f3n en el sector tur\u00edstico | El Digital de Asturias\" \/>\n\t\t<meta property=\"og:description\" content=\"El presidente de la Ag\u00e8ncia Valenciana del Turisme, Francesc Colomer, y el rector de la Universitat Jaume I de Castell\u00f3n, Vicent Climent, han suscrito este martes un convenio de colaboraci\u00f3n para el fomento de la investigaci\u00f3n e innovaci\u00f3n en el sector tur\u00edstico valenciano. Tras la firma del acuerdo, Francesc Colomer ha se\u00f1alado que, con este\" \/>\n\t\t<meta property=\"og:url\" content=\"https:\/\/eldigitaldeasturias.com\/magazine365\/la-uji-y-la-agencia-valenciana-del-turisme-se-unen-para-fomentar-investigacion-e-innovacion-en-el-sector-turistico\/\" \/>\n\t\t<meta property=\"og:image\" content=\"https:\/\/eldigitaldeasturias.com\/magazine365\/wp-content\/uploads\/2016\/06\/fotonoticia_20160607191935_800.jpg\" \/>\n\t\t<meta property=\"og:image:secure_url\" content=\"https:\/\/eldigitaldeasturias.com\/magazine365\/wp-content\/uploads\/2016\/06\/fotonoticia_20160607191935_800.jpg\" \/>\n\t\t<meta property=\"og:image:width\" content=\"800\" \/>\n\t\t<meta property=\"og:image:height\" content=\"533\" \/>\n\t\t<meta property=\"article:published_time\" content=\"2016-06-08T11:13:43+00:00\" \/>\n\t\t<meta property=\"article:modified_time\" content=\"2016-06-08T11:13:43+00:00\" \/>\n\t\t<meta name=\"twitter:card\" content=\"summary_large_image\" \/>\n\t\t<meta name=\"twitter:title\" content=\"La UJI y la Ag\u00e8ncia Valenciana del Turisme se unen para fomentar investigaci\u00f3n e innovaci\u00f3n en el sector tur\u00edstico | El Digital de Asturias\" \/>\n\t\t<meta name=\"twitter:description\" content=\"El presidente de la Ag\u00e8ncia Valenciana del Turisme, Francesc Colomer, y el rector de la Universitat Jaume I de Castell\u00f3n, Vicent Climent, han suscrito este martes un convenio de colaboraci\u00f3n para el fomento de la investigaci\u00f3n e innovaci\u00f3n en el sector tur\u00edstico valenciano. Tras la firma del acuerdo, Francesc Colomer ha se\u00f1alado que, con este\" \/>\n\t\t<meta name=\"twitter:image\" content=\"https:\/\/eldigitaldeasturias.com\/magazine365\/wp-content\/uploads\/2016\/06\/fotonoticia_20160607191935_800.jpg\" \/>\n\t\t<script type=\"application\/ld+json\" class=\"aioseo-schema\">\n\t\t\t{\"@context\":\"https:\\\/\\\/schema.org\",\"@graph\":[{\"@type\":\"Article\",\"@id\":\"https:\\\/\\\/eldigitaldeasturias.com\\\/magazine365\\\/la-uji-y-la-agencia-valenciana-del-turisme-se-unen-para-fomentar-investigacion-e-innovacion-en-el-sector-turistico\\\/#article\",\"name\":\"La UJI y la Ag\\u00e8ncia Valenciana del Turisme se unen para fomentar investigaci\\u00f3n e innovaci\\u00f3n en el sector tur\\u00edstico | El Digital de Asturias\",\"headline\":\"La UJI y la Ag\\u00e8ncia Valenciana del Turisme se unen para fomentar investigaci\\u00f3n e innovaci\\u00f3n en el sector tur\\u00edstico\",\"author\":{\"@id\":\"https:\\\/\\\/eldigitaldeasturias.com\\\/magazine365\\\/author\\\/admin\\\/#author\"},\"publisher\":{\"@id\":\"https:\\\/\\\/eldigitaldeasturias.com\\\/magazine365\\\/#organization\"},\"image\":{\"@type\":\"ImageObject\",\"url\":\"https:\\\/\\\/eldigitaldeasturias.com\\\/magazine365\\\/wp-content\\\/uploads\\\/2016\\\/06\\\/fotonoticia_20160607191935_800.jpg\",\"width\":800,\"height\":533},\"datePublished\":\"2016-06-08T13:13:43+02:00\",\"dateModified\":\"2016-06-08T13:13:43+02:00\",\"inLanguage\":\"es-ES\",\"mainEntityOfPage\":{\"@id\":\"https:\\\/\\\/eldigitaldeasturias.com\\\/magazine365\\\/la-uji-y-la-agencia-valenciana-del-turisme-se-unen-para-fomentar-investigacion-e-innovacion-en-el-sector-turistico\\\/#webpage\"},\"isPartOf\":{\"@id\":\"https:\\\/\\\/eldigitaldeasturias.com\\\/magazine365\\\/la-uji-y-la-agencia-valenciana-del-turisme-se-unen-para-fomentar-investigacion-e-innovacion-en-el-sector-turistico\\\/#webpage\"},\"articleSection\":\"Noticias y Actualidad\"},{\"@type\":\"BreadcrumbList\",\"@id\":\"https:\\\/\\\/eldigitaldeasturias.com\\\/magazine365\\\/la-uji-y-la-agencia-valenciana-del-turisme-se-unen-para-fomentar-investigacion-e-innovacion-en-el-sector-turistico\\\/#breadcrumblist\",\"itemListElement\":[{\"@type\":\"ListItem\",\"@id\":\"https:\\\/\\\/eldigitaldeasturias.com\\\/magazine365#listItem\",\"position\":1,\"name\":\"Home\",\"item\":\"https:\\\/\\\/eldigitaldeasturias.com\\\/magazine365\",\"nextItem\":{\"@type\":\"ListItem\",\"@id\":\"https:\\\/\\\/eldigitaldeasturias.com\\\/magazine365\\\/category\\\/noticias-actualidad\\\/#listItem\",\"name\":\"Noticias y Actualidad\"}},{\"@type\":\"ListItem\",\"@id\":\"https:\\\/\\\/eldigitaldeasturias.com\\\/magazine365\\\/category\\\/noticias-actualidad\\\/#listItem\",\"position\":2,\"name\":\"Noticias y Actualidad\",\"item\":\"https:\\\/\\\/eldigitaldeasturias.com\\\/magazine365\\\/category\\\/noticias-actualidad\\\/\",\"nextItem\":{\"@type\":\"ListItem\",\"@id\":\"https:\\\/\\\/eldigitaldeasturias.com\\\/magazine365\\\/la-uji-y-la-agencia-valenciana-del-turisme-se-unen-para-fomentar-investigacion-e-innovacion-en-el-sector-turistico\\\/#listItem\",\"name\":\"La UJI y la Ag\\u00e8ncia Valenciana del Turisme se unen para fomentar investigaci\\u00f3n e innovaci\\u00f3n en el sector tur\\u00edstico\"},\"previousItem\":{\"@type\":\"ListItem\",\"@id\":\"https:\\\/\\\/eldigitaldeasturias.com\\\/magazine365#listItem\",\"name\":\"Home\"}},{\"@type\":\"ListItem\",\"@id\":\"https:\\\/\\\/eldigitaldeasturias.com\\\/magazine365\\\/la-uji-y-la-agencia-valenciana-del-turisme-se-unen-para-fomentar-investigacion-e-innovacion-en-el-sector-turistico\\\/#listItem\",\"position\":3,\"name\":\"La UJI y la Ag\\u00e8ncia Valenciana del Turisme se unen para fomentar investigaci\\u00f3n e innovaci\\u00f3n en el sector tur\\u00edstico\",\"previousItem\":{\"@type\":\"ListItem\",\"@id\":\"https:\\\/\\\/eldigitaldeasturias.com\\\/magazine365\\\/category\\\/noticias-actualidad\\\/#listItem\",\"name\":\"Noticias y Actualidad\"}}]},{\"@type\":\"Organization\",\"@id\":\"https:\\\/\\\/eldigitaldeasturias.com\\\/magazine365\\\/#organization\",\"name\":\"El digital de Asturias\",\"description\":\"Revista de ocio, turismo y estilo de vida\",\"url\":\"https:\\\/\\\/eldigitaldeasturias.com\\\/magazine365\\\/\",\"logo\":{\"@type\":\"ImageObject\",\"url\":\"https:\\\/\\\/www.eldigitaldeasturias.com\\\/noticias\\\/wp-content\\\/uploads\\\/2020\\\/12\\\/EDA.jpg\",\"@id\":\"https:\\\/\\\/eldigitaldeasturias.com\\\/magazine365\\\/la-uji-y-la-agencia-valenciana-del-turisme-se-unen-para-fomentar-investigacion-e-innovacion-en-el-sector-turistico\\\/#organizationLogo\"},\"image\":{\"@id\":\"https:\\\/\\\/eldigitaldeasturias.com\\\/magazine365\\\/la-uji-y-la-agencia-valenciana-del-turisme-se-unen-para-fomentar-investigacion-e-innovacion-en-el-sector-turistico\\\/#organizationLogo\"}},{\"@type\":\"Person\",\"@id\":\"https:\\\/\\\/eldigitaldeasturias.com\\\/magazine365\\\/author\\\/admin\\\/#author\",\"url\":\"https:\\\/\\\/eldigitaldeasturias.com\\\/magazine365\\\/author\\\/admin\\\/\",\"name\":\"admin\",\"image\":{\"@type\":\"ImageObject\",\"@id\":\"https:\\\/\\\/eldigitaldeasturias.com\\\/magazine365\\\/la-uji-y-la-agencia-valenciana-del-turisme-se-unen-para-fomentar-investigacion-e-innovacion-en-el-sector-turistico\\\/#authorImage\",\"url\":\"https:\\\/\\\/eldigitaldeasturias.com\\\/magazine365\\\/wp-content\\\/litespeed\\\/avatar\\\/e571bcf59a0edd6fa6838245a470f2fe.jpg?ver=1776969259\",\"width\":96,\"height\":96,\"caption\":\"admin\"}},{\"@type\":\"WebPage\",\"@id\":\"https:\\\/\\\/eldigitaldeasturias.com\\\/magazine365\\\/la-uji-y-la-agencia-valenciana-del-turisme-se-unen-para-fomentar-investigacion-e-innovacion-en-el-sector-turistico\\\/#webpage\",\"url\":\"https:\\\/\\\/eldigitaldeasturias.com\\\/magazine365\\\/la-uji-y-la-agencia-valenciana-del-turisme-se-unen-para-fomentar-investigacion-e-innovacion-en-el-sector-turistico\\\/\",\"name\":\"La UJI y la Ag\\u00e8ncia Valenciana del Turisme se unen para fomentar investigaci\\u00f3n e innovaci\\u00f3n en el sector tur\\u00edstico | El Digital de Asturias\",\"description\":\"El presidente de la Ag\\u00e8ncia Valenciana del Turisme, Francesc Colomer, y el rector de la Universitat Jaume I de Castell\\u00f3n, Vicent Climent, han suscrito este martes un convenio de colaboraci\\u00f3n para el fomento de la investigaci\\u00f3n e innovaci\\u00f3n en el sector tur\\u00edstico valenciano. Tras la firma del acuerdo, Francesc Colomer ha se\\u00f1alado que, con este\",\"inLanguage\":\"es-ES\",\"isPartOf\":{\"@id\":\"https:\\\/\\\/eldigitaldeasturias.com\\\/magazine365\\\/#website\"},\"breadcrumb\":{\"@id\":\"https:\\\/\\\/eldigitaldeasturias.com\\\/magazine365\\\/la-uji-y-la-agencia-valenciana-del-turisme-se-unen-para-fomentar-investigacion-e-innovacion-en-el-sector-turistico\\\/#breadcrumblist\"},\"author\":{\"@id\":\"https:\\\/\\\/eldigitaldeasturias.com\\\/magazine365\\\/author\\\/admin\\\/#author\"},\"creator\":{\"@id\":\"https:\\\/\\\/eldigitaldeasturias.com\\\/magazine365\\\/author\\\/admin\\\/#author\"},\"image\":{\"@type\":\"ImageObject\",\"url\":\"https:\\\/\\\/eldigitaldeasturias.com\\\/magazine365\\\/wp-content\\\/uploads\\\/2016\\\/06\\\/fotonoticia_20160607191935_800.jpg\",\"@id\":\"https:\\\/\\\/eldigitaldeasturias.com\\\/magazine365\\\/la-uji-y-la-agencia-valenciana-del-turisme-se-unen-para-fomentar-investigacion-e-innovacion-en-el-sector-turistico\\\/#mainImage\",\"width\":800,\"height\":533},\"primaryImageOfPage\":{\"@id\":\"https:\\\/\\\/eldigitaldeasturias.com\\\/magazine365\\\/la-uji-y-la-agencia-valenciana-del-turisme-se-unen-para-fomentar-investigacion-e-innovacion-en-el-sector-turistico\\\/#mainImage\"},\"datePublished\":\"2016-06-08T13:13:43+02:00\",\"dateModified\":\"2016-06-08T13:13:43+02:00\"},{\"@type\":\"WebSite\",\"@id\":\"https:\\\/\\\/eldigitaldeasturias.com\\\/magazine365\\\/#website\",\"url\":\"https:\\\/\\\/eldigitaldeasturias.com\\\/magazine365\\\/\",\"name\":\"El Digital de Asturias\",\"description\":\"Revista de ocio, turismo y estilo de vida\",\"inLanguage\":\"es-ES\",\"publisher\":{\"@id\":\"https:\\\/\\\/eldigitaldeasturias.com\\\/magazine365\\\/#organization\"}}]}\n\t\t<\/script>\n\t\t<!-- All in One SEO Pro -->\r\n\t\t<title>La UJI y la Ag\u00e8ncia Valenciana del Turisme se unen para fomentar investigaci\u00f3n e innovaci\u00f3n en el sector tur\u00edstico | El Digital de Asturias<\/title>\n\n","aioseo_head_json":{"title":"La UJI y la Ag\u00e8ncia Valenciana del Turisme se unen para fomentar investigaci\u00f3n e innovaci\u00f3n en el sector tur\u00edstico | El Digital de Asturias","description":"El presidente de la Ag\u00e8ncia Valenciana del Turisme, Francesc Colomer, y el rector de la Universitat Jaume I de Castell\u00f3n, Vicent Climent, han suscrito este martes un convenio de colaboraci\u00f3n para el fomento de la investigaci\u00f3n e innovaci\u00f3n en el sector tur\u00edstico valenciano. Tras la firma del acuerdo, Francesc Colomer ha se\u00f1alado que, con este","canonical_url":"https:\/\/eldigitaldeasturias.com\/magazine365\/la-uji-y-la-agencia-valenciana-del-turisme-se-unen-para-fomentar-investigacion-e-innovacion-en-el-sector-turistico\/","robots":"max-image-preview:large","keywords":"noticias y actualidad","webmasterTools":{"google-site-verification":"UA-38556648-1","miscellaneous":""},"schema":{"@context":"https:\/\/schema.org","@graph":[{"@type":"Article","@id":"https:\/\/eldigitaldeasturias.com\/magazine365\/la-uji-y-la-agencia-valenciana-del-turisme-se-unen-para-fomentar-investigacion-e-innovacion-en-el-sector-turistico\/#article","name":"La UJI y la Ag\u00e8ncia Valenciana del Turisme se unen para fomentar investigaci\u00f3n e innovaci\u00f3n en el sector tur\u00edstico | El Digital de Asturias","headline":"La UJI y la Ag\u00e8ncia Valenciana del Turisme se unen para fomentar investigaci\u00f3n e innovaci\u00f3n en el sector tur\u00edstico","author":{"@id":"https:\/\/eldigitaldeasturias.com\/magazine365\/author\/admin\/#author"},"publisher":{"@id":"https:\/\/eldigitaldeasturias.com\/magazine365\/#organization"},"image":{"@type":"ImageObject","url":"https:\/\/eldigitaldeasturias.com\/magazine365\/wp-content\/uploads\/2016\/06\/fotonoticia_20160607191935_800.jpg","width":800,"height":533},"datePublished":"2016-06-08T13:13:43+02:00","dateModified":"2016-06-08T13:13:43+02:00","inLanguage":"es-ES","mainEntityOfPage":{"@id":"https:\/\/eldigitaldeasturias.com\/magazine365\/la-uji-y-la-agencia-valenciana-del-turisme-se-unen-para-fomentar-investigacion-e-innovacion-en-el-sector-turistico\/#webpage"},"isPartOf":{"@id":"https:\/\/eldigitaldeasturias.com\/magazine365\/la-uji-y-la-agencia-valenciana-del-turisme-se-unen-para-fomentar-investigacion-e-innovacion-en-el-sector-turistico\/#webpage"},"articleSection":"Noticias y Actualidad"},{"@type":"BreadcrumbList","@id":"https:\/\/eldigitaldeasturias.com\/magazine365\/la-uji-y-la-agencia-valenciana-del-turisme-se-unen-para-fomentar-investigacion-e-innovacion-en-el-sector-turistico\/#breadcrumblist","itemListElement":[{"@type":"ListItem","@id":"https:\/\/eldigitaldeasturias.com\/magazine365#listItem","position":1,"name":"Home","item":"https:\/\/eldigitaldeasturias.com\/magazine365","nextItem":{"@type":"ListItem","@id":"https:\/\/eldigitaldeasturias.com\/magazine365\/category\/noticias-actualidad\/#listItem","name":"Noticias y Actualidad"}},{"@type":"ListItem","@id":"https:\/\/eldigitaldeasturias.com\/magazine365\/category\/noticias-actualidad\/#listItem","position":2,"name":"Noticias y Actualidad","item":"https:\/\/eldigitaldeasturias.com\/magazine365\/category\/noticias-actualidad\/","nextItem":{"@type":"ListItem","@id":"https:\/\/eldigitaldeasturias.com\/magazine365\/la-uji-y-la-agencia-valenciana-del-turisme-se-unen-para-fomentar-investigacion-e-innovacion-en-el-sector-turistico\/#listItem","name":"La UJI y la Ag\u00e8ncia Valenciana del Turisme se unen para fomentar investigaci\u00f3n e innovaci\u00f3n en el sector tur\u00edstico"},"previousItem":{"@type":"ListItem","@id":"https:\/\/eldigitaldeasturias.com\/magazine365#listItem","name":"Home"}},{"@type":"ListItem","@id":"https:\/\/eldigitaldeasturias.com\/magazine365\/la-uji-y-la-agencia-valenciana-del-turisme-se-unen-para-fomentar-investigacion-e-innovacion-en-el-sector-turistico\/#listItem","position":3,"name":"La UJI y la Ag\u00e8ncia Valenciana del Turisme se unen para fomentar investigaci\u00f3n e innovaci\u00f3n en el sector tur\u00edstico","previousItem":{"@type":"ListItem","@id":"https:\/\/eldigitaldeasturias.com\/magazine365\/category\/noticias-actualidad\/#listItem","name":"Noticias y Actualidad"}}]},{"@type":"Organization","@id":"https:\/\/eldigitaldeasturias.com\/magazine365\/#organization","name":"El digital de Asturias","description":"Revista de ocio, turismo y estilo de vida","url":"https:\/\/eldigitaldeasturias.com\/magazine365\/","logo":{"@type":"ImageObject","url":"https:\/\/www.eldigitaldeasturias.com\/noticias\/wp-content\/uploads\/2020\/12\/EDA.jpg","@id":"https:\/\/eldigitaldeasturias.com\/magazine365\/la-uji-y-la-agencia-valenciana-del-turisme-se-unen-para-fomentar-investigacion-e-innovacion-en-el-sector-turistico\/#organizationLogo"},"image":{"@id":"https:\/\/eldigitaldeasturias.com\/magazine365\/la-uji-y-la-agencia-valenciana-del-turisme-se-unen-para-fomentar-investigacion-e-innovacion-en-el-sector-turistico\/#organizationLogo"}},{"@type":"Person","@id":"https:\/\/eldigitaldeasturias.com\/magazine365\/author\/admin\/#author","url":"https:\/\/eldigitaldeasturias.com\/magazine365\/author\/admin\/","name":"admin","image":{"@type":"ImageObject","@id":"https:\/\/eldigitaldeasturias.com\/magazine365\/la-uji-y-la-agencia-valenciana-del-turisme-se-unen-para-fomentar-investigacion-e-innovacion-en-el-sector-turistico\/#authorImage","url":"https:\/\/eldigitaldeasturias.com\/magazine365\/wp-content\/litespeed\/avatar\/e571bcf59a0edd6fa6838245a470f2fe.jpg?ver=1776969259","width":96,"height":96,"caption":"admin"}},{"@type":"WebPage","@id":"https:\/\/eldigitaldeasturias.com\/magazine365\/la-uji-y-la-agencia-valenciana-del-turisme-se-unen-para-fomentar-investigacion-e-innovacion-en-el-sector-turistico\/#webpage","url":"https:\/\/eldigitaldeasturias.com\/magazine365\/la-uji-y-la-agencia-valenciana-del-turisme-se-unen-para-fomentar-investigacion-e-innovacion-en-el-sector-turistico\/","name":"La UJI y la Ag\u00e8ncia Valenciana del Turisme se unen para fomentar investigaci\u00f3n e innovaci\u00f3n en el sector tur\u00edstico | El Digital de Asturias","description":"El presidente de la Ag\u00e8ncia Valenciana del Turisme, Francesc Colomer, y el rector de la Universitat Jaume I de Castell\u00f3n, Vicent Climent, han suscrito este martes un convenio de colaboraci\u00f3n para el fomento de la investigaci\u00f3n e innovaci\u00f3n en el sector tur\u00edstico valenciano. Tras la firma del acuerdo, Francesc Colomer ha se\u00f1alado que, con este","inLanguage":"es-ES","isPartOf":{"@id":"https:\/\/eldigitaldeasturias.com\/magazine365\/#website"},"breadcrumb":{"@id":"https:\/\/eldigitaldeasturias.com\/magazine365\/la-uji-y-la-agencia-valenciana-del-turisme-se-unen-para-fomentar-investigacion-e-innovacion-en-el-sector-turistico\/#breadcrumblist"},"author":{"@id":"https:\/\/eldigitaldeasturias.com\/magazine365\/author\/admin\/#author"},"creator":{"@id":"https:\/\/eldigitaldeasturias.com\/magazine365\/author\/admin\/#author"},"image":{"@type":"ImageObject","url":"https:\/\/eldigitaldeasturias.com\/magazine365\/wp-content\/uploads\/2016\/06\/fotonoticia_20160607191935_800.jpg","@id":"https:\/\/eldigitaldeasturias.com\/magazine365\/la-uji-y-la-agencia-valenciana-del-turisme-se-unen-para-fomentar-investigacion-e-innovacion-en-el-sector-turistico\/#mainImage","width":800,"height":533},"primaryImageOfPage":{"@id":"https:\/\/eldigitaldeasturias.com\/magazine365\/la-uji-y-la-agencia-valenciana-del-turisme-se-unen-para-fomentar-investigacion-e-innovacion-en-el-sector-turistico\/#mainImage"},"datePublished":"2016-06-08T13:13:43+02:00","dateModified":"2016-06-08T13:13:43+02:00"},{"@type":"WebSite","@id":"https:\/\/eldigitaldeasturias.com\/magazine365\/#website","url":"https:\/\/eldigitaldeasturias.com\/magazine365\/","name":"El Digital de Asturias","description":"Revista de ocio, turismo y estilo de vida","inLanguage":"es-ES","publisher":{"@id":"https:\/\/eldigitaldeasturias.com\/magazine365\/#organization"}}]},"og:locale":"es_ES","og:site_name":"El Digital de Asturias \u2013 Revista de ocio, turismo y estilo de vida","og:type":"article","og:title":"La UJI y la Ag\u00e8ncia Valenciana del Turisme se unen para fomentar investigaci\u00f3n e innovaci\u00f3n en el sector tur\u00edstico | El Digital de Asturias","og:description":"El presidente de la Ag\u00e8ncia Valenciana del Turisme, Francesc Colomer, y el rector de la Universitat Jaume I de Castell\u00f3n, Vicent Climent, han suscrito este martes un convenio de colaboraci\u00f3n para el fomento de la investigaci\u00f3n e innovaci\u00f3n en el sector tur\u00edstico valenciano. Tras la firma del acuerdo, Francesc Colomer ha se\u00f1alado que, con este","og:url":"https:\/\/eldigitaldeasturias.com\/magazine365\/la-uji-y-la-agencia-valenciana-del-turisme-se-unen-para-fomentar-investigacion-e-innovacion-en-el-sector-turistico\/","og:image":"https:\/\/eldigitaldeasturias.com\/magazine365\/wp-content\/uploads\/2016\/06\/fotonoticia_20160607191935_800.jpg","og:image:secure_url":"https:\/\/eldigitaldeasturias.com\/magazine365\/wp-content\/uploads\/2016\/06\/fotonoticia_20160607191935_800.jpg","og:image:width":800,"og:image:height":533,"article:published_time":"2016-06-08T11:13:43+00:00","article:modified_time":"2016-06-08T11:13:43+00:00","twitter:card":"summary_large_image","twitter:title":"La UJI y la Ag\u00e8ncia Valenciana del Turisme se unen para fomentar investigaci\u00f3n e innovaci\u00f3n en el sector tur\u00edstico | El Digital de Asturias","twitter:description":"El presidente de la Ag\u00e8ncia Valenciana del Turisme, Francesc Colomer, y el rector de la Universitat Jaume I de Castell\u00f3n, Vicent Climent, han suscrito este martes un convenio de colaboraci\u00f3n para el fomento de la investigaci\u00f3n e innovaci\u00f3n en el sector tur\u00edstico valenciano. Tras la firma del acuerdo, Francesc Colomer ha se\u00f1alado que, con este","twitter:image":"https:\/\/eldigitaldeasturias.com\/magazine365\/wp-content\/uploads\/2016\/06\/fotonoticia_20160607191935_800.jpg"},"aioseo_meta_data":{"post_id":"78172","title":null,"description":null,"keywords":null,"keyphrases":null,"primary_term":null,"canonical_url":null,"og_title":null,"og_description":null,"og_object_type":"default","og_image_type":"default","og_image_url":null,"og_image_width":null,"og_image_height":null,"og_image_custom_url":null,"og_image_custom_fields":null,"og_video":null,"og_custom_url":null,"og_article_section":null,"og_article_tags":null,"twitter_use_og":false,"twitter_card":"default","twitter_image_type":"default","twitter_image_url":null,"twitter_image_custom_url":null,"twitter_image_custom_fields":null,"twitter_title":null,"twitter_description":null,"schema":{"blockGraphs":[],"customGraphs":[],"default":{"data":{"Article":[],"Course":[],"Dataset":[],"FAQPage":[],"Movie":[],"Person":[],"Product":[],"ProductReview":[],"Car":[],"Recipe":[],"Service":[],"SoftwareApplication":[],"WebPage":[]},"graphName":"","isEnabled":true},"graphs":[],"defaultGraph":"","defaultPostTypeGraph":""},"schema_type":null,"schema_type_options":null,"pillar_content":false,"robots_default":true,"robots_noindex":false,"robots_noarchive":false,"robots_nosnippet":false,"robots_nofollow":false,"robots_noimageindex":false,"robots_noodp":false,"robots_notranslate":false,"robots_max_snippet":null,"robots_max_videopreview":null,"robots_max_imagepreview":"large","priority":null,"frequency":null,"location":null,"local_seo":null,"seo_analyzer_scan_date":"2025-09-27 16:25:43","breadcrumb_settings":null,"limit_modified_date":false,"open_ai":null,"ai":null,"created":"2021-03-08 18:03:42","updated":"2025-09-27 16:25:43"},"aioseo_breadcrumb":"<div class=\"aioseo-breadcrumbs\"><span class=\"aioseo-breadcrumb\">\n\t<a href=\"https:\/\/eldigitaldeasturias.com\/magazine365\" title=\"Home\">Home<\/a>\n<\/span><span class=\"aioseo-breadcrumb-separator\">\u2013<\/span><span class=\"aioseo-breadcrumb\">\n\t<a href=\"https:\/\/eldigitaldeasturias.com\/magazine365\/category\/noticias-actualidad\/\" title=\"Noticias y Actualidad\">Noticias y Actualidad<\/a>\n<\/span><span class=\"aioseo-breadcrumb-separator\">\u2013<\/span><span class=\"aioseo-breadcrumb\">\n\t<a href=\"https:\/\/eldigitaldeasturias.com\/magazine365\/la-uji-y-la-agencia-valenciana-del-turisme-se-unen-para-fomentar-investigacion-e-innovacion-en-el-sector-turistico\/\" title=\"La UJI y la Ag\u00e8ncia Valenciana del Turisme se unen para fomentar investigaci\u00f3n e innovaci\u00f3n en el sector tur\u00edstico\">La UJI y la Ag\u00e8ncia Valenciana del Turisme se unen para fomentar investigaci\u00f3n e innovaci\u00f3n en el sector tur\u00edstico<\/a>\n<\/span><\/div>","aioseo_breadcrumb_json":[{"label":"Home","link":"https:\/\/eldigitaldeasturias.com\/magazine365"},{"label":"Noticias y Actualidad","link":"https:\/\/eldigitaldeasturias.com\/magazine365\/category\/noticias-actualidad\/"},{"label":"La UJI y la Ag\u00e8ncia Valenciana del Turisme se unen para fomentar investigaci\u00f3n e innovaci\u00f3n en el sector tur\u00edstico","link":"https:\/\/eldigitaldeasturias.com\/magazine365\/la-uji-y-la-agencia-valenciana-del-turisme-se-unen-para-fomentar-investigacion-e-innovacion-en-el-sector-turistico\/"}],"_links":{"self":[{"href":"https:\/\/eldigitaldeasturias.com\/magazine365\/wp-json\/wp\/v2\/posts\/78172","targetHints":{"allow":["GET"]}}],"collection":[{"href":"https:\/\/eldigitaldeasturias.com\/magazine365\/wp-json\/wp\/v2\/posts"}],"about":[{"href":"https:\/\/eldigitaldeasturias.com\/magazine365\/wp-json\/wp\/v2\/types\/post"}],"author":[{"embeddable":true,"href":"https:\/\/eldigitaldeasturias.com\/magazine365\/wp-json\/wp\/v2\/users\/1"}],"replies":[{"embeddable":true,"href":"https:\/\/eldigitaldeasturias.com\/magazine365\/wp-json\/wp\/v2\/comments?post=78172"}],"version-history":[{"count":0,"href":"https:\/\/eldigitaldeasturias.com\/magazine365\/wp-json\/wp\/v2\/posts\/78172\/revisions"}],"wp:featuredmedia":[{"embeddable":true,"href":"https:\/\/eldigitaldeasturias.com\/magazine365\/wp-json\/wp\/v2\/media\/78173"}],"wp:attachment":[{"href":"https:\/\/eldigitaldeasturias.com\/magazine365\/wp-json\/wp\/v2\/media?parent=78172"}],"wp:term":[{"taxonomy":"category","embeddable":true,"href":"https:\/\/eldigitaldeasturias.com\/magazine365\/wp-json\/wp\/v2\/categories?post=78172"},{"taxonomy":"post_tag","embeddable":true,"href":"https:\/\/eldigitaldeasturias.com\/magazine365\/wp-json\/wp\/v2\/tags?post=78172"}],"curies":[{"name":"wp","href":"https:\/\/api.w.org\/{rel}","templated":true}]}}