{"id":78169,"date":"2016-06-08T13:12:28","date_gmt":"2016-06-08T11:12:28","guid":{"rendered":"http:\/\/eldigitaldeasturias.com\/magazine365\/?p=78169"},"modified":"2016-06-08T13:12:28","modified_gmt":"2016-06-08T11:12:28","slug":"el-pp-asegura-que-las-playas-de-malaga-seguiran-recibiendo-inversiones","status":"publish","type":"post","link":"https:\/\/eldigitaldeasturias.com\/magazine365\/el-pp-asegura-que-las-playas-de-malaga-seguiran-recibiendo-inversiones\/","title":{"rendered":"El PP asegura que las playas de M\u00e1laga \u00abseguir\u00e1n recibiendo inversiones\u00bb"},"content":{"rendered":"<p><img fetchpriority=\"high\" decoding=\"async\" class=\"alignleft size-medium wp-image-78170\" src=\"https:\/\/eldigitaldeasturias.com\/magazine365\/wp-content\/uploads\/2016\/06\/fotonoticia_20160607191434_800-360x270.jpg\" alt=\"fotonoticia_20160607191434_800\" width=\"360\" height=\"270\" srcset=\"https:\/\/eldigitaldeasturias.com\/magazine365\/wp-content\/uploads\/2016\/06\/fotonoticia_20160607191434_800-360x270.jpg 360w, https:\/\/eldigitaldeasturias.com\/magazine365\/wp-content\/uploads\/2016\/06\/fotonoticia_20160607191434_800-650x488.jpg 650w, https:\/\/eldigitaldeasturias.com\/magazine365\/wp-content\/uploads\/2016\/06\/fotonoticia_20160607191434_800-768x576.jpg 768w, https:\/\/eldigitaldeasturias.com\/magazine365\/wp-content\/uploads\/2016\/06\/fotonoticia_20160607191434_800-150x113.jpg 150w, https:\/\/eldigitaldeasturias.com\/magazine365\/wp-content\/uploads\/2016\/06\/fotonoticia_20160607191434_800-450x338.jpg 450w, https:\/\/eldigitaldeasturias.com\/magazine365\/wp-content\/uploads\/2016\/06\/fotonoticia_20160607191434_800-90x67.jpg 90w, https:\/\/eldigitaldeasturias.com\/magazine365\/wp-content\/uploads\/2016\/06\/fotonoticia_20160607191434_800-164x124.jpg 164w, https:\/\/eldigitaldeasturias.com\/magazine365\/wp-content\/uploads\/2016\/06\/fotonoticia_20160607191434_800-100x75.jpg 100w, https:\/\/eldigitaldeasturias.com\/magazine365\/wp-content\/uploads\/2016\/06\/fotonoticia_20160607191434_800.jpg 800w\" sizes=\"(max-width: 360px) 100vw, 360px\" \/>La candidata n\u00famero uno por el PP de M\u00e1laga al Senado, \u00c1ngeles Mu\u00f1oz, ha garantizado que, si los &#8216;populares&#8217; vuelven a estar al frente del Gobierno tras las elecciones generales del 26 de junio, \u00ablas playas de la provincia seguir\u00e1n recibiendo inversiones, ya que \u00abhay sensibilidad hacia los intereses de una M\u00e1laga l\u00edder en recuperaci\u00f3n econ\u00f3mica y en creaci\u00f3n de empleo ligadas al turismo\u00bb.<\/p>\n<p>As\u00ed, ha destacado que en esta legislatura \u00abha habido una atenci\u00f3n especial hacia el litoral malague\u00f1o\u00bb, aludiendo a la estabilizaci\u00f3n de la playa de Ferrara, en Torrox, que culminar\u00e1 estos d\u00edas, y a la puesta a punto de las playas malague\u00f1as, que contar\u00e1 con una inversi\u00f3n de 1,5 millones de euros por parte del Gobierno, seg\u00fan ha detallado.<\/p>\n<p>La &#8216;popular&#8217; ha visitado este martes la localidad malague\u00f1a de Mijas, junto al presidente del PP local, \u00c1ngel Nozal, quien le ha trasladado la necesidad de llevar a cabo los proyectos de estabilizaci\u00f3n de playas en la zona del Alamar y de la Butibamba.<\/p>\n<p>En referencia a los mismos, Mu\u00f1oz ha asegurado que \u00abser\u00e1 una de las primeras iniciativas que cursaremos si sigue habiendo un gobierno sensible a los intereses de M\u00e1laga, como es el del PP\u00bb.<\/p>\n<p>LA CAMPA\u00d1A<\/p>\n<p>La candidata a la C\u00e1mara Alta ha recalcado que su formaci\u00f3n va a llevar a cabo una campa\u00f1a en positivo, \u00aba favor de la ciudadan\u00eda, del crecimiento de Espa\u00f1a y del empleo\u00bb, ante un escenario electoral en el que, seg\u00fan ha valorado, ve \u00abuna polarizaci\u00f3n\u00bb.<\/p>\n<p>As\u00ed, ha explicado que \u00abhay dos claras alternativas de gobierno\u00bb, la que ha llevado a cabo el PP, \u00abque encontr\u00f3 hace m\u00e1s de cuatro a\u00f1os el pa\u00eds al borde de la quiebra y con seis millones de desempleados para despu\u00e9s darle la vuelta a la situaci\u00f3n y ser los que m\u00e1s crecemos y los que m\u00e1s empleo creamos\u00bb, y, por otra parte, la de Unidos Podemos, \u00abque optan por un modelo de pa\u00eds marcado por la ruptura, por un modelo econ\u00f3mico sin la iniciativa privada y de espaldas a los emprendedores y aut\u00f3nomos, y por un sistema de libertades diferente al que hemos tenido hasta ahora\u00bb, ha aseverado.<\/p>\n<p>Ante esta situaci\u00f3n, Mu\u00f1oz ha hecho un llamamiento \u00aba la movilizaci\u00f3n y a la participaci\u00f3n de la ciudadan\u00eda\u00bb de cara a una campa\u00f1a en la que, en el caso del PP, seg\u00fan ha destacado, \u00abla falta de carteler\u00eda y publicidad exterior va a ser suplida por mucha presencia en la calle, para contarle directamente los vecinos nuestro compromiso con M\u00e1laga y con los proyectos que, como el de la estabilizaci\u00f3n de las playas de Mijas, vamos a impulsar\u00bb.<\/p>\n","protected":false},"excerpt":{"rendered":"<p>La candidata n\u00famero uno por el PP de M\u00e1laga al Senado, \u00c1ngeles Mu\u00f1oz, ha garantizado que, si los &#8216;populares&#8217; vuelven a estar al frente del Gobierno tras las elecciones generales del 26 de junio, \u00ablas playas de la provincia seguir\u00e1n recibiendo inversiones, ya que \u00abhay sensibilidad hacia los intereses de una M\u00e1laga l\u00edder en recuperaci\u00f3n<\/p>\n","protected":false},"author":1,"featured_media":78170,"comment_status":"open","ping_status":"closed","sticky":false,"template":"","format":"standard","meta":{"footnotes":""},"categories":[224],"tags":[],"class_list":{"0":"post-78169","1":"post","2":"type-post","3":"status-publish","4":"format-standard","5":"has-post-thumbnail","7":"category-noticias-actualidad"},"aioseo_notices":[],"aioseo_head":"\n\t\t<!-- All in One SEO Pro 4.9.6.1 - aioseo.com -->\n\t<meta name=\"description\" content=\"La candidata n\u00famero uno por el PP de M\u00e1laga al Senado, \u00c1ngeles Mu\u00f1oz, ha garantizado que, si los &#039;populares&#039; vuelven a estar al frente del Gobierno tras las elecciones generales del 26 de junio, &quot;las playas de la provincia seguir\u00e1n recibiendo inversiones, ya que &quot;hay sensibilidad hacia los intereses de una M\u00e1laga l\u00edder en recuperaci\u00f3n\" \/>\n\t<meta name=\"robots\" content=\"max-image-preview:large\" \/>\n\t<meta name=\"author\" content=\"admin\"\/>\n\t<meta name=\"google-site-verification\" content=\"UA-38556648-1\" \/>\n\t<meta name=\"keywords\" content=\"noticias y actualidad\" \/>\n\t<link rel=\"canonical\" href=\"https:\/\/eldigitaldeasturias.com\/magazine365\/el-pp-asegura-que-las-playas-de-malaga-seguiran-recibiendo-inversiones\/\" \/>\n\t<meta name=\"generator\" content=\"All in One SEO Pro (AIOSEO) 4.9.6.1\" \/>\n\t\t<meta property=\"og:locale\" content=\"es_ES\" \/>\n\t\t<meta property=\"og:site_name\" content=\"El Digital de Asturias \u2013 Revista de ocio, turismo y estilo de vida\" \/>\n\t\t<meta property=\"og:type\" content=\"article\" \/>\n\t\t<meta property=\"og:title\" content=\"El PP asegura que las playas de M\u00e1laga \u00abseguir\u00e1n recibiendo inversiones\u00bb | El Digital de Asturias\" \/>\n\t\t<meta property=\"og:description\" content=\"La candidata n\u00famero uno por el PP de M\u00e1laga al Senado, \u00c1ngeles Mu\u00f1oz, ha garantizado que, si los &#039;populares&#039; vuelven a estar al frente del Gobierno tras las elecciones generales del 26 de junio, &quot;las playas de la provincia seguir\u00e1n recibiendo inversiones, ya que &quot;hay sensibilidad hacia los intereses de una M\u00e1laga l\u00edder en recuperaci\u00f3n\" \/>\n\t\t<meta property=\"og:url\" content=\"https:\/\/eldigitaldeasturias.com\/magazine365\/el-pp-asegura-que-las-playas-de-malaga-seguiran-recibiendo-inversiones\/\" \/>\n\t\t<meta property=\"og:image\" content=\"https:\/\/eldigitaldeasturias.com\/magazine365\/wp-content\/uploads\/2016\/06\/fotonoticia_20160607191434_800.jpg\" \/>\n\t\t<meta property=\"og:image:secure_url\" content=\"https:\/\/eldigitaldeasturias.com\/magazine365\/wp-content\/uploads\/2016\/06\/fotonoticia_20160607191434_800.jpg\" \/>\n\t\t<meta property=\"og:image:width\" content=\"800\" \/>\n\t\t<meta property=\"og:image:height\" content=\"600\" \/>\n\t\t<meta property=\"article:published_time\" content=\"2016-06-08T11:12:28+00:00\" \/>\n\t\t<meta property=\"article:modified_time\" content=\"2016-06-08T11:12:28+00:00\" \/>\n\t\t<meta name=\"twitter:card\" content=\"summary_large_image\" \/>\n\t\t<meta name=\"twitter:title\" content=\"El PP asegura que las playas de M\u00e1laga \u00abseguir\u00e1n recibiendo inversiones\u00bb | El Digital de Asturias\" \/>\n\t\t<meta name=\"twitter:description\" content=\"La candidata n\u00famero uno por el PP de M\u00e1laga al Senado, \u00c1ngeles Mu\u00f1oz, ha garantizado que, si los &#039;populares&#039; vuelven a estar al frente del Gobierno tras las elecciones generales del 26 de junio, &quot;las playas de la provincia seguir\u00e1n recibiendo inversiones, ya que &quot;hay sensibilidad hacia los intereses de una M\u00e1laga l\u00edder en recuperaci\u00f3n\" \/>\n\t\t<meta name=\"twitter:image\" content=\"https:\/\/eldigitaldeasturias.com\/magazine365\/wp-content\/uploads\/2016\/06\/fotonoticia_20160607191434_800.jpg\" \/>\n\t\t<script type=\"application\/ld+json\" class=\"aioseo-schema\">\n\t\t\t{\"@context\":\"https:\\\/\\\/schema.org\",\"@graph\":[{\"@type\":\"Article\",\"@id\":\"https:\\\/\\\/eldigitaldeasturias.com\\\/magazine365\\\/el-pp-asegura-que-las-playas-de-malaga-seguiran-recibiendo-inversiones\\\/#article\",\"name\":\"El PP asegura que las playas de M\\u00e1laga \\u00abseguir\\u00e1n recibiendo inversiones\\u00bb | El Digital de Asturias\",\"headline\":\"El PP asegura que las playas de M\\u00e1laga \\u00abseguir\\u00e1n recibiendo inversiones\\u00bb\",\"author\":{\"@id\":\"https:\\\/\\\/eldigitaldeasturias.com\\\/magazine365\\\/author\\\/admin\\\/#author\"},\"publisher\":{\"@id\":\"https:\\\/\\\/eldigitaldeasturias.com\\\/magazine365\\\/#organization\"},\"image\":{\"@type\":\"ImageObject\",\"url\":\"https:\\\/\\\/eldigitaldeasturias.com\\\/magazine365\\\/wp-content\\\/uploads\\\/2016\\\/06\\\/fotonoticia_20160607191434_800.jpg\",\"width\":800,\"height\":600},\"datePublished\":\"2016-06-08T13:12:28+02:00\",\"dateModified\":\"2016-06-08T13:12:28+02:00\",\"inLanguage\":\"es-ES\",\"mainEntityOfPage\":{\"@id\":\"https:\\\/\\\/eldigitaldeasturias.com\\\/magazine365\\\/el-pp-asegura-que-las-playas-de-malaga-seguiran-recibiendo-inversiones\\\/#webpage\"},\"isPartOf\":{\"@id\":\"https:\\\/\\\/eldigitaldeasturias.com\\\/magazine365\\\/el-pp-asegura-que-las-playas-de-malaga-seguiran-recibiendo-inversiones\\\/#webpage\"},\"articleSection\":\"Noticias y Actualidad\"},{\"@type\":\"BreadcrumbList\",\"@id\":\"https:\\\/\\\/eldigitaldeasturias.com\\\/magazine365\\\/el-pp-asegura-que-las-playas-de-malaga-seguiran-recibiendo-inversiones\\\/#breadcrumblist\",\"itemListElement\":[{\"@type\":\"ListItem\",\"@id\":\"https:\\\/\\\/eldigitaldeasturias.com\\\/magazine365#listItem\",\"position\":1,\"name\":\"Home\",\"item\":\"https:\\\/\\\/eldigitaldeasturias.com\\\/magazine365\",\"nextItem\":{\"@type\":\"ListItem\",\"@id\":\"https:\\\/\\\/eldigitaldeasturias.com\\\/magazine365\\\/category\\\/noticias-actualidad\\\/#listItem\",\"name\":\"Noticias y Actualidad\"}},{\"@type\":\"ListItem\",\"@id\":\"https:\\\/\\\/eldigitaldeasturias.com\\\/magazine365\\\/category\\\/noticias-actualidad\\\/#listItem\",\"position\":2,\"name\":\"Noticias y Actualidad\",\"item\":\"https:\\\/\\\/eldigitaldeasturias.com\\\/magazine365\\\/category\\\/noticias-actualidad\\\/\",\"nextItem\":{\"@type\":\"ListItem\",\"@id\":\"https:\\\/\\\/eldigitaldeasturias.com\\\/magazine365\\\/el-pp-asegura-que-las-playas-de-malaga-seguiran-recibiendo-inversiones\\\/#listItem\",\"name\":\"El PP asegura que las playas de M\\u00e1laga \\u00abseguir\\u00e1n recibiendo inversiones\\u00bb\"},\"previousItem\":{\"@type\":\"ListItem\",\"@id\":\"https:\\\/\\\/eldigitaldeasturias.com\\\/magazine365#listItem\",\"name\":\"Home\"}},{\"@type\":\"ListItem\",\"@id\":\"https:\\\/\\\/eldigitaldeasturias.com\\\/magazine365\\\/el-pp-asegura-que-las-playas-de-malaga-seguiran-recibiendo-inversiones\\\/#listItem\",\"position\":3,\"name\":\"El PP asegura que las playas de M\\u00e1laga \\u00abseguir\\u00e1n recibiendo inversiones\\u00bb\",\"previousItem\":{\"@type\":\"ListItem\",\"@id\":\"https:\\\/\\\/eldigitaldeasturias.com\\\/magazine365\\\/category\\\/noticias-actualidad\\\/#listItem\",\"name\":\"Noticias y Actualidad\"}}]},{\"@type\":\"Organization\",\"@id\":\"https:\\\/\\\/eldigitaldeasturias.com\\\/magazine365\\\/#organization\",\"name\":\"El digital de Asturias\",\"description\":\"Revista de ocio, turismo y estilo de vida\",\"url\":\"https:\\\/\\\/eldigitaldeasturias.com\\\/magazine365\\\/\",\"logo\":{\"@type\":\"ImageObject\",\"url\":\"https:\\\/\\\/www.eldigitaldeasturias.com\\\/noticias\\\/wp-content\\\/uploads\\\/2020\\\/12\\\/EDA.jpg\",\"@id\":\"https:\\\/\\\/eldigitaldeasturias.com\\\/magazine365\\\/el-pp-asegura-que-las-playas-de-malaga-seguiran-recibiendo-inversiones\\\/#organizationLogo\"},\"image\":{\"@id\":\"https:\\\/\\\/eldigitaldeasturias.com\\\/magazine365\\\/el-pp-asegura-que-las-playas-de-malaga-seguiran-recibiendo-inversiones\\\/#organizationLogo\"}},{\"@type\":\"Person\",\"@id\":\"https:\\\/\\\/eldigitaldeasturias.com\\\/magazine365\\\/author\\\/admin\\\/#author\",\"url\":\"https:\\\/\\\/eldigitaldeasturias.com\\\/magazine365\\\/author\\\/admin\\\/\",\"name\":\"admin\",\"image\":{\"@type\":\"ImageObject\",\"@id\":\"https:\\\/\\\/eldigitaldeasturias.com\\\/magazine365\\\/el-pp-asegura-que-las-playas-de-malaga-seguiran-recibiendo-inversiones\\\/#authorImage\",\"url\":\"https:\\\/\\\/eldigitaldeasturias.com\\\/magazine365\\\/wp-content\\\/litespeed\\\/avatar\\\/e571bcf59a0edd6fa6838245a470f2fe.jpg?ver=1776969259\",\"width\":96,\"height\":96,\"caption\":\"admin\"}},{\"@type\":\"WebPage\",\"@id\":\"https:\\\/\\\/eldigitaldeasturias.com\\\/magazine365\\\/el-pp-asegura-que-las-playas-de-malaga-seguiran-recibiendo-inversiones\\\/#webpage\",\"url\":\"https:\\\/\\\/eldigitaldeasturias.com\\\/magazine365\\\/el-pp-asegura-que-las-playas-de-malaga-seguiran-recibiendo-inversiones\\\/\",\"name\":\"El PP asegura que las playas de M\\u00e1laga \\u00abseguir\\u00e1n recibiendo inversiones\\u00bb | El Digital de Asturias\",\"description\":\"La candidata n\\u00famero uno por el PP de M\\u00e1laga al Senado, \\u00c1ngeles Mu\\u00f1oz, ha garantizado que, si los 'populares' vuelven a estar al frente del Gobierno tras las elecciones generales del 26 de junio, \\\"las playas de la provincia seguir\\u00e1n recibiendo inversiones, ya que \\\"hay sensibilidad hacia los intereses de una M\\u00e1laga l\\u00edder en recuperaci\\u00f3n\",\"inLanguage\":\"es-ES\",\"isPartOf\":{\"@id\":\"https:\\\/\\\/eldigitaldeasturias.com\\\/magazine365\\\/#website\"},\"breadcrumb\":{\"@id\":\"https:\\\/\\\/eldigitaldeasturias.com\\\/magazine365\\\/el-pp-asegura-que-las-playas-de-malaga-seguiran-recibiendo-inversiones\\\/#breadcrumblist\"},\"author\":{\"@id\":\"https:\\\/\\\/eldigitaldeasturias.com\\\/magazine365\\\/author\\\/admin\\\/#author\"},\"creator\":{\"@id\":\"https:\\\/\\\/eldigitaldeasturias.com\\\/magazine365\\\/author\\\/admin\\\/#author\"},\"image\":{\"@type\":\"ImageObject\",\"url\":\"https:\\\/\\\/eldigitaldeasturias.com\\\/magazine365\\\/wp-content\\\/uploads\\\/2016\\\/06\\\/fotonoticia_20160607191434_800.jpg\",\"@id\":\"https:\\\/\\\/eldigitaldeasturias.com\\\/magazine365\\\/el-pp-asegura-que-las-playas-de-malaga-seguiran-recibiendo-inversiones\\\/#mainImage\",\"width\":800,\"height\":600},\"primaryImageOfPage\":{\"@id\":\"https:\\\/\\\/eldigitaldeasturias.com\\\/magazine365\\\/el-pp-asegura-que-las-playas-de-malaga-seguiran-recibiendo-inversiones\\\/#mainImage\"},\"datePublished\":\"2016-06-08T13:12:28+02:00\",\"dateModified\":\"2016-06-08T13:12:28+02:00\"},{\"@type\":\"WebSite\",\"@id\":\"https:\\\/\\\/eldigitaldeasturias.com\\\/magazine365\\\/#website\",\"url\":\"https:\\\/\\\/eldigitaldeasturias.com\\\/magazine365\\\/\",\"name\":\"El Digital de Asturias\",\"description\":\"Revista de ocio, turismo y estilo de vida\",\"inLanguage\":\"es-ES\",\"publisher\":{\"@id\":\"https:\\\/\\\/eldigitaldeasturias.com\\\/magazine365\\\/#organization\"}}]}\n\t\t<\/script>\n\t\t<!-- All in One SEO Pro -->\r\n\t\t<title>El PP asegura que las playas de M\u00e1laga \u00abseguir\u00e1n recibiendo inversiones\u00bb | El Digital de Asturias<\/title>\n\n","aioseo_head_json":{"title":"El PP asegura que las playas de M\u00e1laga \u00abseguir\u00e1n recibiendo inversiones\u00bb | El Digital de Asturias","description":"La candidata n\u00famero uno por el PP de M\u00e1laga al Senado, \u00c1ngeles Mu\u00f1oz, ha garantizado que, si los 'populares' vuelven a estar al frente del Gobierno tras las elecciones generales del 26 de junio, \"las playas de la provincia seguir\u00e1n recibiendo inversiones, ya que \"hay sensibilidad hacia los intereses de una M\u00e1laga l\u00edder en recuperaci\u00f3n","canonical_url":"https:\/\/eldigitaldeasturias.com\/magazine365\/el-pp-asegura-que-las-playas-de-malaga-seguiran-recibiendo-inversiones\/","robots":"max-image-preview:large","keywords":"noticias y actualidad","webmasterTools":{"google-site-verification":"UA-38556648-1","miscellaneous":""},"schema":{"@context":"https:\/\/schema.org","@graph":[{"@type":"Article","@id":"https:\/\/eldigitaldeasturias.com\/magazine365\/el-pp-asegura-que-las-playas-de-malaga-seguiran-recibiendo-inversiones\/#article","name":"El PP asegura que las playas de M\u00e1laga \u00abseguir\u00e1n recibiendo inversiones\u00bb | El Digital de Asturias","headline":"El PP asegura que las playas de M\u00e1laga \u00abseguir\u00e1n recibiendo inversiones\u00bb","author":{"@id":"https:\/\/eldigitaldeasturias.com\/magazine365\/author\/admin\/#author"},"publisher":{"@id":"https:\/\/eldigitaldeasturias.com\/magazine365\/#organization"},"image":{"@type":"ImageObject","url":"https:\/\/eldigitaldeasturias.com\/magazine365\/wp-content\/uploads\/2016\/06\/fotonoticia_20160607191434_800.jpg","width":800,"height":600},"datePublished":"2016-06-08T13:12:28+02:00","dateModified":"2016-06-08T13:12:28+02:00","inLanguage":"es-ES","mainEntityOfPage":{"@id":"https:\/\/eldigitaldeasturias.com\/magazine365\/el-pp-asegura-que-las-playas-de-malaga-seguiran-recibiendo-inversiones\/#webpage"},"isPartOf":{"@id":"https:\/\/eldigitaldeasturias.com\/magazine365\/el-pp-asegura-que-las-playas-de-malaga-seguiran-recibiendo-inversiones\/#webpage"},"articleSection":"Noticias y Actualidad"},{"@type":"BreadcrumbList","@id":"https:\/\/eldigitaldeasturias.com\/magazine365\/el-pp-asegura-que-las-playas-de-malaga-seguiran-recibiendo-inversiones\/#breadcrumblist","itemListElement":[{"@type":"ListItem","@id":"https:\/\/eldigitaldeasturias.com\/magazine365#listItem","position":1,"name":"Home","item":"https:\/\/eldigitaldeasturias.com\/magazine365","nextItem":{"@type":"ListItem","@id":"https:\/\/eldigitaldeasturias.com\/magazine365\/category\/noticias-actualidad\/#listItem","name":"Noticias y Actualidad"}},{"@type":"ListItem","@id":"https:\/\/eldigitaldeasturias.com\/magazine365\/category\/noticias-actualidad\/#listItem","position":2,"name":"Noticias y Actualidad","item":"https:\/\/eldigitaldeasturias.com\/magazine365\/category\/noticias-actualidad\/","nextItem":{"@type":"ListItem","@id":"https:\/\/eldigitaldeasturias.com\/magazine365\/el-pp-asegura-que-las-playas-de-malaga-seguiran-recibiendo-inversiones\/#listItem","name":"El PP asegura que las playas de M\u00e1laga \u00abseguir\u00e1n recibiendo inversiones\u00bb"},"previousItem":{"@type":"ListItem","@id":"https:\/\/eldigitaldeasturias.com\/magazine365#listItem","name":"Home"}},{"@type":"ListItem","@id":"https:\/\/eldigitaldeasturias.com\/magazine365\/el-pp-asegura-que-las-playas-de-malaga-seguiran-recibiendo-inversiones\/#listItem","position":3,"name":"El PP asegura que las playas de M\u00e1laga \u00abseguir\u00e1n recibiendo inversiones\u00bb","previousItem":{"@type":"ListItem","@id":"https:\/\/eldigitaldeasturias.com\/magazine365\/category\/noticias-actualidad\/#listItem","name":"Noticias y Actualidad"}}]},{"@type":"Organization","@id":"https:\/\/eldigitaldeasturias.com\/magazine365\/#organization","name":"El digital de Asturias","description":"Revista de ocio, turismo y estilo de vida","url":"https:\/\/eldigitaldeasturias.com\/magazine365\/","logo":{"@type":"ImageObject","url":"https:\/\/www.eldigitaldeasturias.com\/noticias\/wp-content\/uploads\/2020\/12\/EDA.jpg","@id":"https:\/\/eldigitaldeasturias.com\/magazine365\/el-pp-asegura-que-las-playas-de-malaga-seguiran-recibiendo-inversiones\/#organizationLogo"},"image":{"@id":"https:\/\/eldigitaldeasturias.com\/magazine365\/el-pp-asegura-que-las-playas-de-malaga-seguiran-recibiendo-inversiones\/#organizationLogo"}},{"@type":"Person","@id":"https:\/\/eldigitaldeasturias.com\/magazine365\/author\/admin\/#author","url":"https:\/\/eldigitaldeasturias.com\/magazine365\/author\/admin\/","name":"admin","image":{"@type":"ImageObject","@id":"https:\/\/eldigitaldeasturias.com\/magazine365\/el-pp-asegura-que-las-playas-de-malaga-seguiran-recibiendo-inversiones\/#authorImage","url":"https:\/\/eldigitaldeasturias.com\/magazine365\/wp-content\/litespeed\/avatar\/e571bcf59a0edd6fa6838245a470f2fe.jpg?ver=1776969259","width":96,"height":96,"caption":"admin"}},{"@type":"WebPage","@id":"https:\/\/eldigitaldeasturias.com\/magazine365\/el-pp-asegura-que-las-playas-de-malaga-seguiran-recibiendo-inversiones\/#webpage","url":"https:\/\/eldigitaldeasturias.com\/magazine365\/el-pp-asegura-que-las-playas-de-malaga-seguiran-recibiendo-inversiones\/","name":"El PP asegura que las playas de M\u00e1laga \u00abseguir\u00e1n recibiendo inversiones\u00bb | El Digital de Asturias","description":"La candidata n\u00famero uno por el PP de M\u00e1laga al Senado, \u00c1ngeles Mu\u00f1oz, ha garantizado que, si los 'populares' vuelven a estar al frente del Gobierno tras las elecciones generales del 26 de junio, \"las playas de la provincia seguir\u00e1n recibiendo inversiones, ya que \"hay sensibilidad hacia los intereses de una M\u00e1laga l\u00edder en recuperaci\u00f3n","inLanguage":"es-ES","isPartOf":{"@id":"https:\/\/eldigitaldeasturias.com\/magazine365\/#website"},"breadcrumb":{"@id":"https:\/\/eldigitaldeasturias.com\/magazine365\/el-pp-asegura-que-las-playas-de-malaga-seguiran-recibiendo-inversiones\/#breadcrumblist"},"author":{"@id":"https:\/\/eldigitaldeasturias.com\/magazine365\/author\/admin\/#author"},"creator":{"@id":"https:\/\/eldigitaldeasturias.com\/magazine365\/author\/admin\/#author"},"image":{"@type":"ImageObject","url":"https:\/\/eldigitaldeasturias.com\/magazine365\/wp-content\/uploads\/2016\/06\/fotonoticia_20160607191434_800.jpg","@id":"https:\/\/eldigitaldeasturias.com\/magazine365\/el-pp-asegura-que-las-playas-de-malaga-seguiran-recibiendo-inversiones\/#mainImage","width":800,"height":600},"primaryImageOfPage":{"@id":"https:\/\/eldigitaldeasturias.com\/magazine365\/el-pp-asegura-que-las-playas-de-malaga-seguiran-recibiendo-inversiones\/#mainImage"},"datePublished":"2016-06-08T13:12:28+02:00","dateModified":"2016-06-08T13:12:28+02:00"},{"@type":"WebSite","@id":"https:\/\/eldigitaldeasturias.com\/magazine365\/#website","url":"https:\/\/eldigitaldeasturias.com\/magazine365\/","name":"El Digital de Asturias","description":"Revista de ocio, turismo y estilo de vida","inLanguage":"es-ES","publisher":{"@id":"https:\/\/eldigitaldeasturias.com\/magazine365\/#organization"}}]},"og:locale":"es_ES","og:site_name":"El Digital de Asturias \u2013 Revista de ocio, turismo y estilo de vida","og:type":"article","og:title":"El PP asegura que las playas de M\u00e1laga \u00abseguir\u00e1n recibiendo inversiones\u00bb | El Digital de Asturias","og:description":"La candidata n\u00famero uno por el PP de M\u00e1laga al Senado, \u00c1ngeles Mu\u00f1oz, ha garantizado que, si los 'populares' vuelven a estar al frente del Gobierno tras las elecciones generales del 26 de junio, &quot;las playas de la provincia seguir\u00e1n recibiendo inversiones, ya que &quot;hay sensibilidad hacia los intereses de una M\u00e1laga l\u00edder en recuperaci\u00f3n","og:url":"https:\/\/eldigitaldeasturias.com\/magazine365\/el-pp-asegura-que-las-playas-de-malaga-seguiran-recibiendo-inversiones\/","og:image":"https:\/\/eldigitaldeasturias.com\/magazine365\/wp-content\/uploads\/2016\/06\/fotonoticia_20160607191434_800.jpg","og:image:secure_url":"https:\/\/eldigitaldeasturias.com\/magazine365\/wp-content\/uploads\/2016\/06\/fotonoticia_20160607191434_800.jpg","og:image:width":800,"og:image:height":600,"article:published_time":"2016-06-08T11:12:28+00:00","article:modified_time":"2016-06-08T11:12:28+00:00","twitter:card":"summary_large_image","twitter:title":"El PP asegura que las playas de M\u00e1laga \u00abseguir\u00e1n recibiendo inversiones\u00bb | El Digital de Asturias","twitter:description":"La candidata n\u00famero uno por el PP de M\u00e1laga al Senado, \u00c1ngeles Mu\u00f1oz, ha garantizado que, si los 'populares' vuelven a estar al frente del Gobierno tras las elecciones generales del 26 de junio, &quot;las playas de la provincia seguir\u00e1n recibiendo inversiones, ya que &quot;hay sensibilidad hacia los intereses de una M\u00e1laga l\u00edder en recuperaci\u00f3n","twitter:image":"https:\/\/eldigitaldeasturias.com\/magazine365\/wp-content\/uploads\/2016\/06\/fotonoticia_20160607191434_800.jpg"},"aioseo_meta_data":{"post_id":"78169","title":null,"description":null,"keywords":null,"keyphrases":null,"primary_term":null,"canonical_url":null,"og_title":null,"og_description":null,"og_object_type":"default","og_image_type":"default","og_image_url":null,"og_image_width":null,"og_image_height":null,"og_image_custom_url":null,"og_image_custom_fields":null,"og_video":null,"og_custom_url":null,"og_article_section":null,"og_article_tags":null,"twitter_use_og":false,"twitter_card":"default","twitter_image_type":"default","twitter_image_url":null,"twitter_image_custom_url":null,"twitter_image_custom_fields":null,"twitter_title":null,"twitter_description":null,"schema":{"blockGraphs":[],"customGraphs":[],"default":{"data":{"Article":[],"Course":[],"Dataset":[],"FAQPage":[],"Movie":[],"Person":[],"Product":[],"ProductReview":[],"Car":[],"Recipe":[],"Service":[],"SoftwareApplication":[],"WebPage":[]},"graphName":"","isEnabled":true},"graphs":[],"defaultGraph":"","defaultPostTypeGraph":""},"schema_type":null,"schema_type_options":null,"pillar_content":false,"robots_default":true,"robots_noindex":false,"robots_noarchive":false,"robots_nosnippet":false,"robots_nofollow":false,"robots_noimageindex":false,"robots_noodp":false,"robots_notranslate":false,"robots_max_snippet":null,"robots_max_videopreview":null,"robots_max_imagepreview":"large","priority":null,"frequency":null,"location":null,"local_seo":null,"seo_analyzer_scan_date":"2025-09-27 16:25:42","breadcrumb_settings":null,"limit_modified_date":false,"open_ai":null,"ai":null,"created":"2021-03-08 18:03:42","updated":"2025-09-27 16:25:42"},"aioseo_breadcrumb":"<div class=\"aioseo-breadcrumbs\"><span class=\"aioseo-breadcrumb\">\n\t<a href=\"https:\/\/eldigitaldeasturias.com\/magazine365\" title=\"Home\">Home<\/a>\n<\/span><span class=\"aioseo-breadcrumb-separator\">\u2013<\/span><span class=\"aioseo-breadcrumb\">\n\t<a href=\"https:\/\/eldigitaldeasturias.com\/magazine365\/category\/noticias-actualidad\/\" title=\"Noticias y Actualidad\">Noticias y Actualidad<\/a>\n<\/span><span class=\"aioseo-breadcrumb-separator\">\u2013<\/span><span class=\"aioseo-breadcrumb\">\n\t<a href=\"https:\/\/eldigitaldeasturias.com\/magazine365\/el-pp-asegura-que-las-playas-de-malaga-seguiran-recibiendo-inversiones\/\" title=\"El PP asegura que las playas de M\u00e1laga \u00abseguir\u00e1n recibiendo inversiones\u00bb\">El PP asegura que las playas de M\u00e1laga \u00abseguir\u00e1n recibiendo inversiones\u00bb<\/a>\n<\/span><\/div>","aioseo_breadcrumb_json":[{"label":"Home","link":"https:\/\/eldigitaldeasturias.com\/magazine365"},{"label":"Noticias y Actualidad","link":"https:\/\/eldigitaldeasturias.com\/magazine365\/category\/noticias-actualidad\/"},{"label":"El PP asegura que las playas de M\u00e1laga \u00abseguir\u00e1n recibiendo inversiones\u00bb","link":"https:\/\/eldigitaldeasturias.com\/magazine365\/el-pp-asegura-que-las-playas-de-malaga-seguiran-recibiendo-inversiones\/"}],"_links":{"self":[{"href":"https:\/\/eldigitaldeasturias.com\/magazine365\/wp-json\/wp\/v2\/posts\/78169","targetHints":{"allow":["GET"]}}],"collection":[{"href":"https:\/\/eldigitaldeasturias.com\/magazine365\/wp-json\/wp\/v2\/posts"}],"about":[{"href":"https:\/\/eldigitaldeasturias.com\/magazine365\/wp-json\/wp\/v2\/types\/post"}],"author":[{"embeddable":true,"href":"https:\/\/eldigitaldeasturias.com\/magazine365\/wp-json\/wp\/v2\/users\/1"}],"replies":[{"embeddable":true,"href":"https:\/\/eldigitaldeasturias.com\/magazine365\/wp-json\/wp\/v2\/comments?post=78169"}],"version-history":[{"count":0,"href":"https:\/\/eldigitaldeasturias.com\/magazine365\/wp-json\/wp\/v2\/posts\/78169\/revisions"}],"wp:featuredmedia":[{"embeddable":true,"href":"https:\/\/eldigitaldeasturias.com\/magazine365\/wp-json\/wp\/v2\/media\/78170"}],"wp:attachment":[{"href":"https:\/\/eldigitaldeasturias.com\/magazine365\/wp-json\/wp\/v2\/media?parent=78169"}],"wp:term":[{"taxonomy":"category","embeddable":true,"href":"https:\/\/eldigitaldeasturias.com\/magazine365\/wp-json\/wp\/v2\/categories?post=78169"},{"taxonomy":"post_tag","embeddable":true,"href":"https:\/\/eldigitaldeasturias.com\/magazine365\/wp-json\/wp\/v2\/tags?post=78169"}],"curies":[{"name":"wp","href":"https:\/\/api.w.org\/{rel}","templated":true}]}}