{"id":78154,"date":"2016-06-08T13:00:41","date_gmt":"2016-06-08T11:00:41","guid":{"rendered":"http:\/\/eldigitaldeasturias.com\/magazine365\/?p=78154"},"modified":"2016-06-08T13:00:41","modified_gmt":"2016-06-08T11:00:41","slug":"puertos-andaluces-de-gestion-privada-acercan-la-nautica-al-ciudadano-a-traves-del-marina-day","status":"publish","type":"post","link":"https:\/\/eldigitaldeasturias.com\/magazine365\/puertos-andaluces-de-gestion-privada-acercan-la-nautica-al-ciudadano-a-traves-del-marina-day\/","title":{"rendered":"Puertos andaluces de gesti\u00f3n privada acercan la n\u00e1utica al ciudadano a trav\u00e9s del &#8216;Marina Day&#8217;"},"content":{"rendered":"<p><img fetchpriority=\"high\" decoding=\"async\" class=\"alignleft size-medium wp-image-78155\" src=\"https:\/\/eldigitaldeasturias.com\/magazine365\/wp-content\/uploads\/2016\/06\/fotonoticia_20160607185533_800-360x202.jpg\" alt=\"fotonoticia_20160607185533_800\" width=\"360\" height=\"202\" srcset=\"https:\/\/eldigitaldeasturias.com\/magazine365\/wp-content\/uploads\/2016\/06\/fotonoticia_20160607185533_800-360x202.jpg 360w, https:\/\/eldigitaldeasturias.com\/magazine365\/wp-content\/uploads\/2016\/06\/fotonoticia_20160607185533_800-650x365.jpg 650w, https:\/\/eldigitaldeasturias.com\/magazine365\/wp-content\/uploads\/2016\/06\/fotonoticia_20160607185533_800-768x431.jpg 768w, https:\/\/eldigitaldeasturias.com\/magazine365\/wp-content\/uploads\/2016\/06\/fotonoticia_20160607185533_800-150x84.jpg 150w, https:\/\/eldigitaldeasturias.com\/magazine365\/wp-content\/uploads\/2016\/06\/fotonoticia_20160607185533_800-450x253.jpg 450w, https:\/\/eldigitaldeasturias.com\/magazine365\/wp-content\/uploads\/2016\/06\/fotonoticia_20160607185533_800-499x280.jpg 499w, https:\/\/eldigitaldeasturias.com\/magazine365\/wp-content\/uploads\/2016\/06\/fotonoticia_20160607185533_800.jpg 800w\" sizes=\"(max-width: 360px) 100vw, 360px\" \/>Los 17 puertos deportivos pertenecientes a Marinas de Andaluc\u00eda se suman por primera vez a la celebraci\u00f3n internacional de las marinas este s\u00e1bado 11 de junio, en la jornada llamada &#8216;Marina Day&#8217;, en la que 120 instalaciones n\u00e1uticas de toda Espa\u00f1a realizar\u00e1n actividades n\u00e1uticas y de ocio durante la jornada.<\/p>\n<p>En una nota, Marinas de Andaluc\u00eda ha precisado que se suma por primera vez a la celebraci\u00f3n internacional de la industria n\u00e1utica.<\/p>\n<p>As\u00ed, siguiendo la iniciativa que promueve la Federaci\u00f3n Espa\u00f1ola de Asociaciones de Puertos Deportivos y Tur\u00edsticos (Feadpt), a la que pertenece la patronal andaluza, el pr\u00f3ximo 11 de junio tendr\u00e1 lugar el &#8216;Marina Day&#8217;, el d\u00eda de los puertos deportivos. Una jornada n\u00e1utica que tambi\u00e9n llevar\u00e1n a cabo las asociaciones de Catalu\u00f1a, Baleares, Valencia, Murcia, Canarias, Galicia, Asturias y Pa\u00eds Vasco.<\/p>\n<p>\u00abSiguiendo con el enfoque que ya iniciamos con nuestra participaci\u00f3n en ferias internacionales, en la que promov\u00edamos m\u00e1s que una instalaci\u00f3n, un destino. Ahora, nos seguimos acercando a\u00fan m\u00e1s al ciudadano, abri\u00e9ndole las puertas de nuestras instalaciones, ofreci\u00e9ndole un completo programa de ocio familiar asequible. Porque esto es lo que queremos reflejar, que vivir la experiencia junto al mar es posible para las familias\u00bb, manifiesta Jos\u00e9 Carlos Mart\u00edn, presidente de Marinas de Andaluc\u00eda.<\/p>\n<p>As\u00ed, las 17 marinas que conforman la asociaci\u00f3n desde Huelva hasta Almer\u00eda, cubriendo todo la oferta de servicios n\u00e1uticos en el litoral andaluz, preparan un completo programa de propuestas entre las que destacan las actividades n\u00e1uticas pero tambi\u00e9n las de ocio y restauraci\u00f3n.<\/p>\n<p>La jornada acoger\u00e1 desde salidas en barco, concursos de pesca, visitas a las instalaciones, bautizos de submarinismo, m\u00fasica y otras muchas actividades. Los usuarios encontrar\u00e1n la informaci\u00f3n disponible en la torre de control de cada instalaci\u00f3n portuaria.<\/p>\n<p>De esta forma, 120 puertos deportivos de toda Espa\u00f1a participar\u00e1n en esta iniciativa cuyo prop\u00f3sito es \u00abacercar la n\u00e1utica al ciudadano\u00bb. La celebraci\u00f3n conjunta del &#8216;Marina Day&#8217; que naci\u00f3 en 2011 en Estados Unidos, responde a un objetivo, que es el de \u00abromper con la imagen que a\u00fan persiste de los recintos portuarios como lugares cerrados y elitistas\u00bb. En oposici\u00f3n, esta celebraci\u00f3n internacional \u00abpotencia el concepto de que un puerto deportivo es un recinto abierto donde poder disfrutar de su amplia oferta n\u00e1utica, cultural, de ocio y gastron\u00f3mica\u00bb.<\/p>\n<p>La Asociaci\u00f3n de Puertos Deportivos y Tur\u00edsticos de Andaluc\u00eda &#8216;Marinas de Andaluc\u00eda&#8217; representa al 90 por ciento de los puertos privados andaluces y casi del 80 por ciento de todos los atraques de los puertos de gesti\u00f3n indirecta.<\/p>\n<p>Es miembro de pleno de la Federaci\u00f3n Espa\u00f1ola de Asociaciones de Puertos Deportivos y Tur\u00edsticos y de la Confederaci\u00f3n de Empresarios de Andaluc\u00eda. El impacto econ\u00f3mico que generan estas marinas en su entorno pr\u00f3ximo es de 357 puestos de trabajo directos y 7275 indirectos; siendo la cifra de negocio estimada de alrededor de 400 millones de euros.<\/p>\n","protected":false},"excerpt":{"rendered":"<p>Los 17 puertos deportivos pertenecientes a Marinas de Andaluc\u00eda se suman por primera vez a la celebraci\u00f3n internacional de las marinas este s\u00e1bado 11 de junio, en la jornada llamada &#8216;Marina Day&#8217;, en la que 120 instalaciones n\u00e1uticas de toda Espa\u00f1a realizar\u00e1n actividades n\u00e1uticas y de ocio durante la jornada. En una nota, Marinas de<\/p>\n","protected":false},"author":1,"featured_media":78155,"comment_status":"open","ping_status":"closed","sticky":false,"template":"","format":"standard","meta":{"footnotes":""},"categories":[224],"tags":[],"class_list":{"0":"post-78154","1":"post","2":"type-post","3":"status-publish","4":"format-standard","5":"has-post-thumbnail","7":"category-noticias-actualidad"},"aioseo_notices":[],"aioseo_head":"\n\t\t<!-- All in One SEO Pro 4.9.6.1 - aioseo.com -->\n\t<meta name=\"description\" content=\"Los 17 puertos deportivos pertenecientes a Marinas de Andaluc\u00eda se suman por primera vez a la celebraci\u00f3n internacional de las marinas este s\u00e1bado 11 de junio, en la jornada llamada &#039;Marina Day&#039;, en la que 120 instalaciones n\u00e1uticas de toda Espa\u00f1a realizar\u00e1n actividades n\u00e1uticas y de ocio durante la jornada. En una nota, Marinas de\" \/>\n\t<meta name=\"robots\" content=\"max-image-preview:large\" \/>\n\t<meta name=\"author\" content=\"admin\"\/>\n\t<meta name=\"google-site-verification\" content=\"UA-38556648-1\" \/>\n\t<meta name=\"keywords\" content=\"noticias y actualidad\" \/>\n\t<link rel=\"canonical\" href=\"https:\/\/eldigitaldeasturias.com\/magazine365\/puertos-andaluces-de-gestion-privada-acercan-la-nautica-al-ciudadano-a-traves-del-marina-day\/\" \/>\n\t<meta name=\"generator\" content=\"All in One SEO Pro (AIOSEO) 4.9.6.1\" \/>\n\t\t<meta property=\"og:locale\" content=\"es_ES\" \/>\n\t\t<meta property=\"og:site_name\" content=\"El Digital de Asturias \u2013 Revista de ocio, turismo y estilo de vida\" \/>\n\t\t<meta property=\"og:type\" content=\"article\" \/>\n\t\t<meta property=\"og:title\" content=\"Puertos andaluces de gesti\u00f3n privada acercan la n\u00e1utica al ciudadano a trav\u00e9s del \u2018Marina Day\u2019 | El Digital de Asturias\" \/>\n\t\t<meta property=\"og:description\" content=\"Los 17 puertos deportivos pertenecientes a Marinas de Andaluc\u00eda se suman por primera vez a la celebraci\u00f3n internacional de las marinas este s\u00e1bado 11 de junio, en la jornada llamada &#039;Marina Day&#039;, en la que 120 instalaciones n\u00e1uticas de toda Espa\u00f1a realizar\u00e1n actividades n\u00e1uticas y de ocio durante la jornada. En una nota, Marinas de\" \/>\n\t\t<meta property=\"og:url\" content=\"https:\/\/eldigitaldeasturias.com\/magazine365\/puertos-andaluces-de-gestion-privada-acercan-la-nautica-al-ciudadano-a-traves-del-marina-day\/\" \/>\n\t\t<meta property=\"og:image\" content=\"https:\/\/eldigitaldeasturias.com\/magazine365\/wp-content\/uploads\/2016\/06\/fotonoticia_20160607185533_800.jpg\" \/>\n\t\t<meta property=\"og:image:secure_url\" content=\"https:\/\/eldigitaldeasturias.com\/magazine365\/wp-content\/uploads\/2016\/06\/fotonoticia_20160607185533_800.jpg\" \/>\n\t\t<meta property=\"og:image:width\" content=\"800\" \/>\n\t\t<meta property=\"og:image:height\" content=\"449\" \/>\n\t\t<meta property=\"article:published_time\" content=\"2016-06-08T11:00:41+00:00\" \/>\n\t\t<meta property=\"article:modified_time\" content=\"2016-06-08T11:00:41+00:00\" \/>\n\t\t<meta name=\"twitter:card\" content=\"summary_large_image\" \/>\n\t\t<meta name=\"twitter:title\" content=\"Puertos andaluces de gesti\u00f3n privada acercan la n\u00e1utica al ciudadano a trav\u00e9s del \u2018Marina Day\u2019 | El Digital de Asturias\" \/>\n\t\t<meta name=\"twitter:description\" content=\"Los 17 puertos deportivos pertenecientes a Marinas de Andaluc\u00eda se suman por primera vez a la celebraci\u00f3n internacional de las marinas este s\u00e1bado 11 de junio, en la jornada llamada &#039;Marina Day&#039;, en la que 120 instalaciones n\u00e1uticas de toda Espa\u00f1a realizar\u00e1n actividades n\u00e1uticas y de ocio durante la jornada. En una nota, Marinas de\" \/>\n\t\t<meta name=\"twitter:image\" content=\"https:\/\/eldigitaldeasturias.com\/magazine365\/wp-content\/uploads\/2016\/06\/fotonoticia_20160607185533_800.jpg\" \/>\n\t\t<script type=\"application\/ld+json\" class=\"aioseo-schema\">\n\t\t\t{\"@context\":\"https:\\\/\\\/schema.org\",\"@graph\":[{\"@type\":\"Article\",\"@id\":\"https:\\\/\\\/eldigitaldeasturias.com\\\/magazine365\\\/puertos-andaluces-de-gestion-privada-acercan-la-nautica-al-ciudadano-a-traves-del-marina-day\\\/#article\",\"name\":\"Puertos andaluces de gesti\\u00f3n privada acercan la n\\u00e1utica al ciudadano a trav\\u00e9s del \\u2018Marina Day\\u2019 | El Digital de Asturias\",\"headline\":\"Puertos andaluces de gesti\\u00f3n privada acercan la n\\u00e1utica al ciudadano a trav\\u00e9s del &#8216;Marina Day&#8217;\",\"author\":{\"@id\":\"https:\\\/\\\/eldigitaldeasturias.com\\\/magazine365\\\/author\\\/admin\\\/#author\"},\"publisher\":{\"@id\":\"https:\\\/\\\/eldigitaldeasturias.com\\\/magazine365\\\/#organization\"},\"image\":{\"@type\":\"ImageObject\",\"url\":\"https:\\\/\\\/eldigitaldeasturias.com\\\/magazine365\\\/wp-content\\\/uploads\\\/2016\\\/06\\\/fotonoticia_20160607185533_800.jpg\",\"width\":800,\"height\":449},\"datePublished\":\"2016-06-08T13:00:41+02:00\",\"dateModified\":\"2016-06-08T13:00:41+02:00\",\"inLanguage\":\"es-ES\",\"mainEntityOfPage\":{\"@id\":\"https:\\\/\\\/eldigitaldeasturias.com\\\/magazine365\\\/puertos-andaluces-de-gestion-privada-acercan-la-nautica-al-ciudadano-a-traves-del-marina-day\\\/#webpage\"},\"isPartOf\":{\"@id\":\"https:\\\/\\\/eldigitaldeasturias.com\\\/magazine365\\\/puertos-andaluces-de-gestion-privada-acercan-la-nautica-al-ciudadano-a-traves-del-marina-day\\\/#webpage\"},\"articleSection\":\"Noticias y Actualidad\"},{\"@type\":\"BreadcrumbList\",\"@id\":\"https:\\\/\\\/eldigitaldeasturias.com\\\/magazine365\\\/puertos-andaluces-de-gestion-privada-acercan-la-nautica-al-ciudadano-a-traves-del-marina-day\\\/#breadcrumblist\",\"itemListElement\":[{\"@type\":\"ListItem\",\"@id\":\"https:\\\/\\\/eldigitaldeasturias.com\\\/magazine365#listItem\",\"position\":1,\"name\":\"Home\",\"item\":\"https:\\\/\\\/eldigitaldeasturias.com\\\/magazine365\",\"nextItem\":{\"@type\":\"ListItem\",\"@id\":\"https:\\\/\\\/eldigitaldeasturias.com\\\/magazine365\\\/category\\\/noticias-actualidad\\\/#listItem\",\"name\":\"Noticias y Actualidad\"}},{\"@type\":\"ListItem\",\"@id\":\"https:\\\/\\\/eldigitaldeasturias.com\\\/magazine365\\\/category\\\/noticias-actualidad\\\/#listItem\",\"position\":2,\"name\":\"Noticias y Actualidad\",\"item\":\"https:\\\/\\\/eldigitaldeasturias.com\\\/magazine365\\\/category\\\/noticias-actualidad\\\/\",\"nextItem\":{\"@type\":\"ListItem\",\"@id\":\"https:\\\/\\\/eldigitaldeasturias.com\\\/magazine365\\\/puertos-andaluces-de-gestion-privada-acercan-la-nautica-al-ciudadano-a-traves-del-marina-day\\\/#listItem\",\"name\":\"Puertos andaluces de gesti\\u00f3n privada acercan la n\\u00e1utica al ciudadano a trav\\u00e9s del &#8216;Marina Day&#8217;\"},\"previousItem\":{\"@type\":\"ListItem\",\"@id\":\"https:\\\/\\\/eldigitaldeasturias.com\\\/magazine365#listItem\",\"name\":\"Home\"}},{\"@type\":\"ListItem\",\"@id\":\"https:\\\/\\\/eldigitaldeasturias.com\\\/magazine365\\\/puertos-andaluces-de-gestion-privada-acercan-la-nautica-al-ciudadano-a-traves-del-marina-day\\\/#listItem\",\"position\":3,\"name\":\"Puertos andaluces de gesti\\u00f3n privada acercan la n\\u00e1utica al ciudadano a trav\\u00e9s del &#8216;Marina Day&#8217;\",\"previousItem\":{\"@type\":\"ListItem\",\"@id\":\"https:\\\/\\\/eldigitaldeasturias.com\\\/magazine365\\\/category\\\/noticias-actualidad\\\/#listItem\",\"name\":\"Noticias y Actualidad\"}}]},{\"@type\":\"Organization\",\"@id\":\"https:\\\/\\\/eldigitaldeasturias.com\\\/magazine365\\\/#organization\",\"name\":\"El digital de Asturias\",\"description\":\"Revista de ocio, turismo y estilo de vida\",\"url\":\"https:\\\/\\\/eldigitaldeasturias.com\\\/magazine365\\\/\",\"logo\":{\"@type\":\"ImageObject\",\"url\":\"https:\\\/\\\/www.eldigitaldeasturias.com\\\/noticias\\\/wp-content\\\/uploads\\\/2020\\\/12\\\/EDA.jpg\",\"@id\":\"https:\\\/\\\/eldigitaldeasturias.com\\\/magazine365\\\/puertos-andaluces-de-gestion-privada-acercan-la-nautica-al-ciudadano-a-traves-del-marina-day\\\/#organizationLogo\"},\"image\":{\"@id\":\"https:\\\/\\\/eldigitaldeasturias.com\\\/magazine365\\\/puertos-andaluces-de-gestion-privada-acercan-la-nautica-al-ciudadano-a-traves-del-marina-day\\\/#organizationLogo\"}},{\"@type\":\"Person\",\"@id\":\"https:\\\/\\\/eldigitaldeasturias.com\\\/magazine365\\\/author\\\/admin\\\/#author\",\"url\":\"https:\\\/\\\/eldigitaldeasturias.com\\\/magazine365\\\/author\\\/admin\\\/\",\"name\":\"admin\",\"image\":{\"@type\":\"ImageObject\",\"@id\":\"https:\\\/\\\/eldigitaldeasturias.com\\\/magazine365\\\/puertos-andaluces-de-gestion-privada-acercan-la-nautica-al-ciudadano-a-traves-del-marina-day\\\/#authorImage\",\"url\":\"https:\\\/\\\/eldigitaldeasturias.com\\\/magazine365\\\/wp-content\\\/litespeed\\\/avatar\\\/e571bcf59a0edd6fa6838245a470f2fe.jpg?ver=1776969259\",\"width\":96,\"height\":96,\"caption\":\"admin\"}},{\"@type\":\"WebPage\",\"@id\":\"https:\\\/\\\/eldigitaldeasturias.com\\\/magazine365\\\/puertos-andaluces-de-gestion-privada-acercan-la-nautica-al-ciudadano-a-traves-del-marina-day\\\/#webpage\",\"url\":\"https:\\\/\\\/eldigitaldeasturias.com\\\/magazine365\\\/puertos-andaluces-de-gestion-privada-acercan-la-nautica-al-ciudadano-a-traves-del-marina-day\\\/\",\"name\":\"Puertos andaluces de gesti\\u00f3n privada acercan la n\\u00e1utica al ciudadano a trav\\u00e9s del \\u2018Marina Day\\u2019 | El Digital de Asturias\",\"description\":\"Los 17 puertos deportivos pertenecientes a Marinas de Andaluc\\u00eda se suman por primera vez a la celebraci\\u00f3n internacional de las marinas este s\\u00e1bado 11 de junio, en la jornada llamada 'Marina Day', en la que 120 instalaciones n\\u00e1uticas de toda Espa\\u00f1a realizar\\u00e1n actividades n\\u00e1uticas y de ocio durante la jornada. En una nota, Marinas de\",\"inLanguage\":\"es-ES\",\"isPartOf\":{\"@id\":\"https:\\\/\\\/eldigitaldeasturias.com\\\/magazine365\\\/#website\"},\"breadcrumb\":{\"@id\":\"https:\\\/\\\/eldigitaldeasturias.com\\\/magazine365\\\/puertos-andaluces-de-gestion-privada-acercan-la-nautica-al-ciudadano-a-traves-del-marina-day\\\/#breadcrumblist\"},\"author\":{\"@id\":\"https:\\\/\\\/eldigitaldeasturias.com\\\/magazine365\\\/author\\\/admin\\\/#author\"},\"creator\":{\"@id\":\"https:\\\/\\\/eldigitaldeasturias.com\\\/magazine365\\\/author\\\/admin\\\/#author\"},\"image\":{\"@type\":\"ImageObject\",\"url\":\"https:\\\/\\\/eldigitaldeasturias.com\\\/magazine365\\\/wp-content\\\/uploads\\\/2016\\\/06\\\/fotonoticia_20160607185533_800.jpg\",\"@id\":\"https:\\\/\\\/eldigitaldeasturias.com\\\/magazine365\\\/puertos-andaluces-de-gestion-privada-acercan-la-nautica-al-ciudadano-a-traves-del-marina-day\\\/#mainImage\",\"width\":800,\"height\":449},\"primaryImageOfPage\":{\"@id\":\"https:\\\/\\\/eldigitaldeasturias.com\\\/magazine365\\\/puertos-andaluces-de-gestion-privada-acercan-la-nautica-al-ciudadano-a-traves-del-marina-day\\\/#mainImage\"},\"datePublished\":\"2016-06-08T13:00:41+02:00\",\"dateModified\":\"2016-06-08T13:00:41+02:00\"},{\"@type\":\"WebSite\",\"@id\":\"https:\\\/\\\/eldigitaldeasturias.com\\\/magazine365\\\/#website\",\"url\":\"https:\\\/\\\/eldigitaldeasturias.com\\\/magazine365\\\/\",\"name\":\"El Digital de Asturias\",\"description\":\"Revista de ocio, turismo y estilo de vida\",\"inLanguage\":\"es-ES\",\"publisher\":{\"@id\":\"https:\\\/\\\/eldigitaldeasturias.com\\\/magazine365\\\/#organization\"}}]}\n\t\t<\/script>\n\t\t<!-- All in One SEO Pro -->\r\n\t\t<title>Puertos andaluces de gesti\u00f3n privada acercan la n\u00e1utica al ciudadano a trav\u00e9s del \u2018Marina Day\u2019 | El Digital de Asturias<\/title>\n\n","aioseo_head_json":{"title":"Puertos andaluces de gesti\u00f3n privada acercan la n\u00e1utica al ciudadano a trav\u00e9s del \u2018Marina Day\u2019 | El Digital de Asturias","description":"Los 17 puertos deportivos pertenecientes a Marinas de Andaluc\u00eda se suman por primera vez a la celebraci\u00f3n internacional de las marinas este s\u00e1bado 11 de junio, en la jornada llamada 'Marina Day', en la que 120 instalaciones n\u00e1uticas de toda Espa\u00f1a realizar\u00e1n actividades n\u00e1uticas y de ocio durante la jornada. En una nota, Marinas de","canonical_url":"https:\/\/eldigitaldeasturias.com\/magazine365\/puertos-andaluces-de-gestion-privada-acercan-la-nautica-al-ciudadano-a-traves-del-marina-day\/","robots":"max-image-preview:large","keywords":"noticias y actualidad","webmasterTools":{"google-site-verification":"UA-38556648-1","miscellaneous":""},"schema":{"@context":"https:\/\/schema.org","@graph":[{"@type":"Article","@id":"https:\/\/eldigitaldeasturias.com\/magazine365\/puertos-andaluces-de-gestion-privada-acercan-la-nautica-al-ciudadano-a-traves-del-marina-day\/#article","name":"Puertos andaluces de gesti\u00f3n privada acercan la n\u00e1utica al ciudadano a trav\u00e9s del \u2018Marina Day\u2019 | El Digital de Asturias","headline":"Puertos andaluces de gesti\u00f3n privada acercan la n\u00e1utica al ciudadano a trav\u00e9s del &#8216;Marina Day&#8217;","author":{"@id":"https:\/\/eldigitaldeasturias.com\/magazine365\/author\/admin\/#author"},"publisher":{"@id":"https:\/\/eldigitaldeasturias.com\/magazine365\/#organization"},"image":{"@type":"ImageObject","url":"https:\/\/eldigitaldeasturias.com\/magazine365\/wp-content\/uploads\/2016\/06\/fotonoticia_20160607185533_800.jpg","width":800,"height":449},"datePublished":"2016-06-08T13:00:41+02:00","dateModified":"2016-06-08T13:00:41+02:00","inLanguage":"es-ES","mainEntityOfPage":{"@id":"https:\/\/eldigitaldeasturias.com\/magazine365\/puertos-andaluces-de-gestion-privada-acercan-la-nautica-al-ciudadano-a-traves-del-marina-day\/#webpage"},"isPartOf":{"@id":"https:\/\/eldigitaldeasturias.com\/magazine365\/puertos-andaluces-de-gestion-privada-acercan-la-nautica-al-ciudadano-a-traves-del-marina-day\/#webpage"},"articleSection":"Noticias y Actualidad"},{"@type":"BreadcrumbList","@id":"https:\/\/eldigitaldeasturias.com\/magazine365\/puertos-andaluces-de-gestion-privada-acercan-la-nautica-al-ciudadano-a-traves-del-marina-day\/#breadcrumblist","itemListElement":[{"@type":"ListItem","@id":"https:\/\/eldigitaldeasturias.com\/magazine365#listItem","position":1,"name":"Home","item":"https:\/\/eldigitaldeasturias.com\/magazine365","nextItem":{"@type":"ListItem","@id":"https:\/\/eldigitaldeasturias.com\/magazine365\/category\/noticias-actualidad\/#listItem","name":"Noticias y Actualidad"}},{"@type":"ListItem","@id":"https:\/\/eldigitaldeasturias.com\/magazine365\/category\/noticias-actualidad\/#listItem","position":2,"name":"Noticias y Actualidad","item":"https:\/\/eldigitaldeasturias.com\/magazine365\/category\/noticias-actualidad\/","nextItem":{"@type":"ListItem","@id":"https:\/\/eldigitaldeasturias.com\/magazine365\/puertos-andaluces-de-gestion-privada-acercan-la-nautica-al-ciudadano-a-traves-del-marina-day\/#listItem","name":"Puertos andaluces de gesti\u00f3n privada acercan la n\u00e1utica al ciudadano a trav\u00e9s del &#8216;Marina Day&#8217;"},"previousItem":{"@type":"ListItem","@id":"https:\/\/eldigitaldeasturias.com\/magazine365#listItem","name":"Home"}},{"@type":"ListItem","@id":"https:\/\/eldigitaldeasturias.com\/magazine365\/puertos-andaluces-de-gestion-privada-acercan-la-nautica-al-ciudadano-a-traves-del-marina-day\/#listItem","position":3,"name":"Puertos andaluces de gesti\u00f3n privada acercan la n\u00e1utica al ciudadano a trav\u00e9s del &#8216;Marina Day&#8217;","previousItem":{"@type":"ListItem","@id":"https:\/\/eldigitaldeasturias.com\/magazine365\/category\/noticias-actualidad\/#listItem","name":"Noticias y Actualidad"}}]},{"@type":"Organization","@id":"https:\/\/eldigitaldeasturias.com\/magazine365\/#organization","name":"El digital de Asturias","description":"Revista de ocio, turismo y estilo de vida","url":"https:\/\/eldigitaldeasturias.com\/magazine365\/","logo":{"@type":"ImageObject","url":"https:\/\/www.eldigitaldeasturias.com\/noticias\/wp-content\/uploads\/2020\/12\/EDA.jpg","@id":"https:\/\/eldigitaldeasturias.com\/magazine365\/puertos-andaluces-de-gestion-privada-acercan-la-nautica-al-ciudadano-a-traves-del-marina-day\/#organizationLogo"},"image":{"@id":"https:\/\/eldigitaldeasturias.com\/magazine365\/puertos-andaluces-de-gestion-privada-acercan-la-nautica-al-ciudadano-a-traves-del-marina-day\/#organizationLogo"}},{"@type":"Person","@id":"https:\/\/eldigitaldeasturias.com\/magazine365\/author\/admin\/#author","url":"https:\/\/eldigitaldeasturias.com\/magazine365\/author\/admin\/","name":"admin","image":{"@type":"ImageObject","@id":"https:\/\/eldigitaldeasturias.com\/magazine365\/puertos-andaluces-de-gestion-privada-acercan-la-nautica-al-ciudadano-a-traves-del-marina-day\/#authorImage","url":"https:\/\/eldigitaldeasturias.com\/magazine365\/wp-content\/litespeed\/avatar\/e571bcf59a0edd6fa6838245a470f2fe.jpg?ver=1776969259","width":96,"height":96,"caption":"admin"}},{"@type":"WebPage","@id":"https:\/\/eldigitaldeasturias.com\/magazine365\/puertos-andaluces-de-gestion-privada-acercan-la-nautica-al-ciudadano-a-traves-del-marina-day\/#webpage","url":"https:\/\/eldigitaldeasturias.com\/magazine365\/puertos-andaluces-de-gestion-privada-acercan-la-nautica-al-ciudadano-a-traves-del-marina-day\/","name":"Puertos andaluces de gesti\u00f3n privada acercan la n\u00e1utica al ciudadano a trav\u00e9s del \u2018Marina Day\u2019 | El Digital de Asturias","description":"Los 17 puertos deportivos pertenecientes a Marinas de Andaluc\u00eda se suman por primera vez a la celebraci\u00f3n internacional de las marinas este s\u00e1bado 11 de junio, en la jornada llamada 'Marina Day', en la que 120 instalaciones n\u00e1uticas de toda Espa\u00f1a realizar\u00e1n actividades n\u00e1uticas y de ocio durante la jornada. En una nota, Marinas de","inLanguage":"es-ES","isPartOf":{"@id":"https:\/\/eldigitaldeasturias.com\/magazine365\/#website"},"breadcrumb":{"@id":"https:\/\/eldigitaldeasturias.com\/magazine365\/puertos-andaluces-de-gestion-privada-acercan-la-nautica-al-ciudadano-a-traves-del-marina-day\/#breadcrumblist"},"author":{"@id":"https:\/\/eldigitaldeasturias.com\/magazine365\/author\/admin\/#author"},"creator":{"@id":"https:\/\/eldigitaldeasturias.com\/magazine365\/author\/admin\/#author"},"image":{"@type":"ImageObject","url":"https:\/\/eldigitaldeasturias.com\/magazine365\/wp-content\/uploads\/2016\/06\/fotonoticia_20160607185533_800.jpg","@id":"https:\/\/eldigitaldeasturias.com\/magazine365\/puertos-andaluces-de-gestion-privada-acercan-la-nautica-al-ciudadano-a-traves-del-marina-day\/#mainImage","width":800,"height":449},"primaryImageOfPage":{"@id":"https:\/\/eldigitaldeasturias.com\/magazine365\/puertos-andaluces-de-gestion-privada-acercan-la-nautica-al-ciudadano-a-traves-del-marina-day\/#mainImage"},"datePublished":"2016-06-08T13:00:41+02:00","dateModified":"2016-06-08T13:00:41+02:00"},{"@type":"WebSite","@id":"https:\/\/eldigitaldeasturias.com\/magazine365\/#website","url":"https:\/\/eldigitaldeasturias.com\/magazine365\/","name":"El Digital de Asturias","description":"Revista de ocio, turismo y estilo de vida","inLanguage":"es-ES","publisher":{"@id":"https:\/\/eldigitaldeasturias.com\/magazine365\/#organization"}}]},"og:locale":"es_ES","og:site_name":"El Digital de Asturias \u2013 Revista de ocio, turismo y estilo de vida","og:type":"article","og:title":"Puertos andaluces de gesti\u00f3n privada acercan la n\u00e1utica al ciudadano a trav\u00e9s del \u2018Marina Day\u2019 | El Digital de Asturias","og:description":"Los 17 puertos deportivos pertenecientes a Marinas de Andaluc\u00eda se suman por primera vez a la celebraci\u00f3n internacional de las marinas este s\u00e1bado 11 de junio, en la jornada llamada 'Marina Day', en la que 120 instalaciones n\u00e1uticas de toda Espa\u00f1a realizar\u00e1n actividades n\u00e1uticas y de ocio durante la jornada. En una nota, Marinas de","og:url":"https:\/\/eldigitaldeasturias.com\/magazine365\/puertos-andaluces-de-gestion-privada-acercan-la-nautica-al-ciudadano-a-traves-del-marina-day\/","og:image":"https:\/\/eldigitaldeasturias.com\/magazine365\/wp-content\/uploads\/2016\/06\/fotonoticia_20160607185533_800.jpg","og:image:secure_url":"https:\/\/eldigitaldeasturias.com\/magazine365\/wp-content\/uploads\/2016\/06\/fotonoticia_20160607185533_800.jpg","og:image:width":800,"og:image:height":449,"article:published_time":"2016-06-08T11:00:41+00:00","article:modified_time":"2016-06-08T11:00:41+00:00","twitter:card":"summary_large_image","twitter:title":"Puertos andaluces de gesti\u00f3n privada acercan la n\u00e1utica al ciudadano a trav\u00e9s del \u2018Marina Day\u2019 | El Digital de Asturias","twitter:description":"Los 17 puertos deportivos pertenecientes a Marinas de Andaluc\u00eda se suman por primera vez a la celebraci\u00f3n internacional de las marinas este s\u00e1bado 11 de junio, en la jornada llamada 'Marina Day', en la que 120 instalaciones n\u00e1uticas de toda Espa\u00f1a realizar\u00e1n actividades n\u00e1uticas y de ocio durante la jornada. En una nota, Marinas de","twitter:image":"https:\/\/eldigitaldeasturias.com\/magazine365\/wp-content\/uploads\/2016\/06\/fotonoticia_20160607185533_800.jpg"},"aioseo_meta_data":{"post_id":"78154","title":null,"description":null,"keywords":null,"keyphrases":null,"primary_term":null,"canonical_url":null,"og_title":null,"og_description":null,"og_object_type":"default","og_image_type":"default","og_image_url":null,"og_image_width":null,"og_image_height":null,"og_image_custom_url":null,"og_image_custom_fields":null,"og_video":null,"og_custom_url":null,"og_article_section":null,"og_article_tags":null,"twitter_use_og":false,"twitter_card":"default","twitter_image_type":"default","twitter_image_url":null,"twitter_image_custom_url":null,"twitter_image_custom_fields":null,"twitter_title":null,"twitter_description":null,"schema":{"blockGraphs":[],"customGraphs":[],"default":{"data":{"Article":[],"Course":[],"Dataset":[],"FAQPage":[],"Movie":[],"Person":[],"Product":[],"ProductReview":[],"Car":[],"Recipe":[],"Service":[],"SoftwareApplication":[],"WebPage":[]},"graphName":"","isEnabled":true},"graphs":[],"defaultGraph":"","defaultPostTypeGraph":""},"schema_type":null,"schema_type_options":null,"pillar_content":false,"robots_default":true,"robots_noindex":false,"robots_noarchive":false,"robots_nosnippet":false,"robots_nofollow":false,"robots_noimageindex":false,"robots_noodp":false,"robots_notranslate":false,"robots_max_snippet":null,"robots_max_videopreview":null,"robots_max_imagepreview":"large","priority":null,"frequency":null,"location":null,"local_seo":null,"seo_analyzer_scan_date":"2025-09-27 16:23:11","breadcrumb_settings":null,"limit_modified_date":false,"open_ai":null,"ai":null,"created":"2021-03-08 18:04:41","updated":"2025-09-27 16:23:11"},"aioseo_breadcrumb":"<div class=\"aioseo-breadcrumbs\"><span class=\"aioseo-breadcrumb\">\n\t<a href=\"https:\/\/eldigitaldeasturias.com\/magazine365\" title=\"Home\">Home<\/a>\n<\/span><span class=\"aioseo-breadcrumb-separator\">\u2013<\/span><span class=\"aioseo-breadcrumb\">\n\t<a href=\"https:\/\/eldigitaldeasturias.com\/magazine365\/category\/noticias-actualidad\/\" title=\"Noticias y Actualidad\">Noticias y Actualidad<\/a>\n<\/span><span class=\"aioseo-breadcrumb-separator\">\u2013<\/span><span class=\"aioseo-breadcrumb\">\n\t<a href=\"https:\/\/eldigitaldeasturias.com\/magazine365\/puertos-andaluces-de-gestion-privada-acercan-la-nautica-al-ciudadano-a-traves-del-marina-day\/\" title=\"Puertos andaluces de gesti\u00f3n privada acercan la n\u00e1utica al ciudadano a trav\u00e9s del \u2018Marina Day\u2019\">Puertos andaluces de gesti\u00f3n privada acercan la n\u00e1utica al ciudadano a trav\u00e9s del \u2018Marina Day\u2019<\/a>\n<\/span><\/div>","aioseo_breadcrumb_json":[{"label":"Home","link":"https:\/\/eldigitaldeasturias.com\/magazine365"},{"label":"Noticias y Actualidad","link":"https:\/\/eldigitaldeasturias.com\/magazine365\/category\/noticias-actualidad\/"},{"label":"Puertos andaluces de gesti\u00f3n privada acercan la n\u00e1utica al ciudadano a trav\u00e9s del &#8216;Marina Day&#8217;","link":"https:\/\/eldigitaldeasturias.com\/magazine365\/puertos-andaluces-de-gestion-privada-acercan-la-nautica-al-ciudadano-a-traves-del-marina-day\/"}],"_links":{"self":[{"href":"https:\/\/eldigitaldeasturias.com\/magazine365\/wp-json\/wp\/v2\/posts\/78154","targetHints":{"allow":["GET"]}}],"collection":[{"href":"https:\/\/eldigitaldeasturias.com\/magazine365\/wp-json\/wp\/v2\/posts"}],"about":[{"href":"https:\/\/eldigitaldeasturias.com\/magazine365\/wp-json\/wp\/v2\/types\/post"}],"author":[{"embeddable":true,"href":"https:\/\/eldigitaldeasturias.com\/magazine365\/wp-json\/wp\/v2\/users\/1"}],"replies":[{"embeddable":true,"href":"https:\/\/eldigitaldeasturias.com\/magazine365\/wp-json\/wp\/v2\/comments?post=78154"}],"version-history":[{"count":0,"href":"https:\/\/eldigitaldeasturias.com\/magazine365\/wp-json\/wp\/v2\/posts\/78154\/revisions"}],"wp:featuredmedia":[{"embeddable":true,"href":"https:\/\/eldigitaldeasturias.com\/magazine365\/wp-json\/wp\/v2\/media\/78155"}],"wp:attachment":[{"href":"https:\/\/eldigitaldeasturias.com\/magazine365\/wp-json\/wp\/v2\/media?parent=78154"}],"wp:term":[{"taxonomy":"category","embeddable":true,"href":"https:\/\/eldigitaldeasturias.com\/magazine365\/wp-json\/wp\/v2\/categories?post=78154"},{"taxonomy":"post_tag","embeddable":true,"href":"https:\/\/eldigitaldeasturias.com\/magazine365\/wp-json\/wp\/v2\/tags?post=78154"}],"curies":[{"name":"wp","href":"https:\/\/api.w.org\/{rel}","templated":true}]}}