{"id":78151,"date":"2016-06-08T12:59:29","date_gmt":"2016-06-08T10:59:29","guid":{"rendered":"http:\/\/eldigitaldeasturias.com\/magazine365\/?p=78151"},"modified":"2016-06-08T12:59:29","modified_gmt":"2016-06-08T10:59:29","slug":"malaga-acogera-este-miercoles-el-primer-simulacro-de-accidente-aereo-y-atencion-a-victimas-de-europa","status":"publish","type":"post","link":"https:\/\/eldigitaldeasturias.com\/magazine365\/malaga-acogera-este-miercoles-el-primer-simulacro-de-accidente-aereo-y-atencion-a-victimas-de-europa\/","title":{"rendered":"M\u00e1laga acoger\u00e1 este mi\u00e9rcoles el primer simulacro de accidente a\u00e9reo y atenci\u00f3n a v\u00edctimas de Europa"},"content":{"rendered":"<p><img fetchpriority=\"high\" decoding=\"async\" class=\"alignleft size-medium wp-image-78152\" src=\"https:\/\/eldigitaldeasturias.com\/magazine365\/wp-content\/uploads\/2016\/06\/fotonoticia_20160607185217_800-360x240.jpg\" alt=\"fotonoticia_20160607185217_800\" width=\"360\" height=\"240\" srcset=\"https:\/\/eldigitaldeasturias.com\/magazine365\/wp-content\/uploads\/2016\/06\/fotonoticia_20160607185217_800-360x240.jpg 360w, https:\/\/eldigitaldeasturias.com\/magazine365\/wp-content\/uploads\/2016\/06\/fotonoticia_20160607185217_800-650x434.jpg 650w, https:\/\/eldigitaldeasturias.com\/magazine365\/wp-content\/uploads\/2016\/06\/fotonoticia_20160607185217_800-768x513.jpg 768w, https:\/\/eldigitaldeasturias.com\/magazine365\/wp-content\/uploads\/2016\/06\/fotonoticia_20160607185217_800-150x100.jpg 150w, https:\/\/eldigitaldeasturias.com\/magazine365\/wp-content\/uploads\/2016\/06\/fotonoticia_20160607185217_800-450x300.jpg 450w, https:\/\/eldigitaldeasturias.com\/magazine365\/wp-content\/uploads\/2016\/06\/fotonoticia_20160607185217_800-101x66.jpg 101w, https:\/\/eldigitaldeasturias.com\/magazine365\/wp-content\/uploads\/2016\/06\/fotonoticia_20160607185217_800.jpg 800w\" sizes=\"(max-width: 360px) 100vw, 360px\" \/>La ciudad de M\u00e1laga acoger\u00e1 este mi\u00e9rcoles el primer simulacro de accidente a\u00e9reo y atenci\u00f3n a v\u00edctimas de Europa, que contar\u00e1 con m\u00e1s de 300 personas en los trabajos de gesti\u00f3n y coordinaci\u00f3n y con 44 observadores internacionales.<\/p>\n<p>El ejercicio, organizado por la Junta de Andaluc\u00eda y el Gobierno, cuenta con la colaboraci\u00f3n de la Conferencia Europea de Aviaci\u00f3n Civil (CEAC) y la participaci\u00f3n del aeropuerto de M\u00e1laga-Costa del Sol, el puerto, Salvamento Mar\u00edtimo y el Consistorio de la capital.<\/p>\n<p>En concreto, se trata de un ejercicio pionero que servir\u00e1 para poner a prueba los mecanismos de atenci\u00f3n, gesti\u00f3n y coordinaci\u00f3n entre operativos ante una emergencia real o cat\u00e1strofe de este tipo, han informado desde la organizaci\u00f3n a trav\u00e9s de un comunicado.<\/p>\n<p>SIMULACRO<\/p>\n<p>Para ello, se simular\u00e1 un supuesto amerizaje de un avi\u00f3n de pasajeros a unos cuatro kil\u00f3metros al sureste del aeropuerto. El aer\u00f3dromo y el puerto de la capital ser\u00e1n los escenarios principales del ejercicio.<\/p>\n<p>En total, se activar\u00e1n hasta cinco planes de emergencia distintos: los de autoprotecci\u00f3n de puerto y el aeropuerto, el Plan de Emergencias Municipal (PEM) del Ayuntamiento, as\u00ed como el Plan Territorial de Emergencias de Andaluc\u00eda y, de forma parcial, el Plan Nacional de Salvamento Mar\u00edtimo.<\/p>\n<p>El simulacro comenzar\u00e1 a las 10.30 horas, en el momento en el que el comandante de la supuesta aeronave afectada comunicar\u00e1 a Aena una incidencia en vuelo por p\u00e9rdida de altura.<\/p>\n<p>El ejercicio contar\u00e1 con la presencia de observadores internacionales de hasta 44 pa\u00edses que, junto a los de la Junta y el Estado, verificar\u00e1n la puesta en operaci\u00f3n de los mecanismos de actuaci\u00f3n y coordinaci\u00f3n entre operativos, el establecimiento de la estructura organizativa, los procedimientos de actuaci\u00f3n para estar preparados ante una eventual emergencia de este tipo de accidente en la Comunidad, as\u00ed como los protocolos de atenci\u00f3n a v\u00edctimas y sus familiares.<\/p>\n<p>EFECTIVOS PARTICIPANTES<\/p>\n<p>Para ello, m\u00e1s de 300 personas se sumar\u00e1n a la ejecuci\u00f3n del ejercicio. La Junta aportar\u00e1 los medios y recursos t\u00e9cnicos y humanos de la Delegaci\u00f3n del Gobierno andaluz, a trav\u00e9s de Emergencias Andaluc\u00eda &#8211;112, Grupo de Emergencias de Andaluc\u00eda y servicios provinciales de Protecci\u00f3n Civil&#8211; y el Instituto de Medicina Legal. Entre ellos, habr\u00e1 personal t\u00e9cnico, asesores, forenses, agentes y personal adscrito a los \u00f3rganos de direcci\u00f3n, adem\u00e1s de, por primera vez, un juez de guardia.<\/p>\n<p>Por su parte, entre los recursos materiales de la Consejer\u00eda de Justicia e Interior destacan dos puestos de mando avanzado e infraestructura tecnol\u00f3gica de \u00faltima generaci\u00f3n como la plataforma de Gesti\u00f3n de Emergencias de Andaluc\u00eda, cuyos m\u00f3dulos de gesti\u00f3n ordinaria, emergencias mayores y sistemas de informaci\u00f3n cartogr\u00e1fica se pondr\u00e1n al servicio de la direcci\u00f3n y coordinaci\u00f3n de la emergencia.<\/p>\n<p>La Consejer\u00eda de Salud y Bienestar Social, a trav\u00e9s de la Empresa P\u00fablica de Emergencias Sanitarias (EPES), sumar\u00e1 25 profesionales, tres UVI m\u00f3viles, un veh\u00edculo de apoyo log\u00edstico y otro de coordinaci\u00f3n, adem\u00e1s de personal del Distrito Sanitario M\u00e1laga y efectivos de Cruz Roja espa\u00f1ola y ambulancias ASM.<\/p>\n<p>Por parte de los cuerpos y fuerzas de seguridad del Estado, se contar\u00e1 con la participaci\u00f3n de casi 200 efectivos de Guardia Civil y Polic\u00eda Nacional que pondr\u00e1n en servicio una patrullera y un helic\u00f3ptero, respectivamente, as\u00ed como con los medios y personal de Capitan\u00eda Mar\u00edtima de M\u00e1laga y Salvamento Mar\u00edtimo.<\/p>\n<p>Tambi\u00e9n se sumar\u00e1n los servicios del Ayuntamiento de M\u00e1laga &#8211;Polic\u00eda Local y Protecci\u00f3n Civil&#8211;, el personal de Aena, la Autoridad Portuaria, la Unidad de Protecci\u00f3n Civil de la Subdelegaci\u00f3n del Gobierno y el Grupo de Investigaci\u00f3n en Psicolog\u00eda Educativa, con la participaci\u00f3n de una treintena de psic\u00f3logos y voluntarios de Cruz Roja.<\/p>\n<p>Adem\u00e1s de las actuaciones que ser\u00e1n visibles al ciudadano en el puerto, se han habilitado espacios espec\u00edficos en el aeropuerto para atender a v\u00edctimas y familiares, y se activar\u00e1 una nueva figura surgida de la reforma en la legislaci\u00f3n aeron\u00e1utica, centrada en el trato a los afectados, el PECO o Persona de Contacto.<\/p>\n<p>El simulacro coincide con la celebraci\u00f3n del &#8216;Workshop on Assistance to Victims and Families of Victims of Air Accidents&#8217;, las Jornadas Europeas de Aviaci\u00f3n Civil, que tendr\u00e1n lugar entre este mi\u00e9rcoles y el viernes en la capital.<\/p>\n<p>Es el primer ejercicio de este tipo que se realiza en Europa y responde al mandato legal establecido por el Real Decreto 393\/2007, de 23 de marzo sobre la norma b\u00e1sica de autoprotecci\u00f3n, as\u00ed como de la aplicaci\u00f3n de la norma estatal de Protecci\u00f3n Civil.<\/p>\n<p>El desarrollo de la legislaci\u00f3n prev\u00e9 que, en caso de accidente a\u00e9reo, fuera del recinto aeroportuario y sin que medie hecho delictivo, debe activarse el Plan Territorial de Emergencias de Andaluc\u00eda, al que se supeditar\u00e1n todos los dem\u00e1s.<\/p>\n<p>Ante este ejercicio, Emergencias Andaluc\u00eda ha avisado a la poblaci\u00f3n con el fin de evitar alguna situaci\u00f3n de alarma injustificada ante la presencia de veh\u00edculos y efectivos de emergencia.<\/p>\n<p>&nbsp;<\/p>\n","protected":false},"excerpt":{"rendered":"<p>La ciudad de M\u00e1laga acoger\u00e1 este mi\u00e9rcoles el primer simulacro de accidente a\u00e9reo y atenci\u00f3n a v\u00edctimas de Europa, que contar\u00e1 con m\u00e1s de 300 personas en los trabajos de gesti\u00f3n y coordinaci\u00f3n y con 44 observadores internacionales. El ejercicio, organizado por la Junta de Andaluc\u00eda y el Gobierno, cuenta con la colaboraci\u00f3n de la<\/p>\n","protected":false},"author":1,"featured_media":78152,"comment_status":"open","ping_status":"closed","sticky":false,"template":"","format":"standard","meta":{"footnotes":""},"categories":[224],"tags":[],"class_list":{"0":"post-78151","1":"post","2":"type-post","3":"status-publish","4":"format-standard","5":"has-post-thumbnail","7":"category-noticias-actualidad"},"aioseo_notices":[],"aioseo_head":"\n\t\t<!-- All in One SEO Pro 4.9.6.1 - aioseo.com -->\n\t<meta name=\"description\" content=\"La ciudad de M\u00e1laga acoger\u00e1 este mi\u00e9rcoles el primer simulacro de accidente a\u00e9reo y atenci\u00f3n a v\u00edctimas de Europa, que contar\u00e1 con m\u00e1s de 300 personas en los trabajos de gesti\u00f3n y coordinaci\u00f3n y con 44 observadores internacionales. El ejercicio, organizado por la Junta de Andaluc\u00eda y el Gobierno, cuenta con la colaboraci\u00f3n de la\" \/>\n\t<meta name=\"robots\" content=\"max-image-preview:large\" \/>\n\t<meta name=\"author\" content=\"admin\"\/>\n\t<meta name=\"google-site-verification\" content=\"UA-38556648-1\" \/>\n\t<meta name=\"keywords\" content=\"noticias y actualidad\" \/>\n\t<link rel=\"canonical\" href=\"https:\/\/eldigitaldeasturias.com\/magazine365\/malaga-acogera-este-miercoles-el-primer-simulacro-de-accidente-aereo-y-atencion-a-victimas-de-europa\/\" \/>\n\t<meta name=\"generator\" content=\"All in One SEO Pro (AIOSEO) 4.9.6.1\" \/>\n\t\t<meta property=\"og:locale\" content=\"es_ES\" \/>\n\t\t<meta property=\"og:site_name\" content=\"El Digital de Asturias \u2013 Revista de ocio, turismo y estilo de vida\" \/>\n\t\t<meta property=\"og:type\" content=\"article\" \/>\n\t\t<meta property=\"og:title\" content=\"M\u00e1laga acoger\u00e1 este mi\u00e9rcoles el primer simulacro de accidente a\u00e9reo y atenci\u00f3n a v\u00edctimas de Europa | El Digital de Asturias\" \/>\n\t\t<meta property=\"og:description\" content=\"La ciudad de M\u00e1laga acoger\u00e1 este mi\u00e9rcoles el primer simulacro de accidente a\u00e9reo y atenci\u00f3n a v\u00edctimas de Europa, que contar\u00e1 con m\u00e1s de 300 personas en los trabajos de gesti\u00f3n y coordinaci\u00f3n y con 44 observadores internacionales. El ejercicio, organizado por la Junta de Andaluc\u00eda y el Gobierno, cuenta con la colaboraci\u00f3n de la\" \/>\n\t\t<meta property=\"og:url\" content=\"https:\/\/eldigitaldeasturias.com\/magazine365\/malaga-acogera-este-miercoles-el-primer-simulacro-de-accidente-aereo-y-atencion-a-victimas-de-europa\/\" \/>\n\t\t<meta property=\"og:image\" content=\"https:\/\/eldigitaldeasturias.com\/magazine365\/wp-content\/uploads\/2016\/06\/fotonoticia_20160607185217_800.jpg\" \/>\n\t\t<meta property=\"og:image:secure_url\" content=\"https:\/\/eldigitaldeasturias.com\/magazine365\/wp-content\/uploads\/2016\/06\/fotonoticia_20160607185217_800.jpg\" \/>\n\t\t<meta property=\"og:image:width\" content=\"800\" \/>\n\t\t<meta property=\"og:image:height\" content=\"534\" \/>\n\t\t<meta property=\"article:published_time\" content=\"2016-06-08T10:59:29+00:00\" \/>\n\t\t<meta property=\"article:modified_time\" content=\"2016-06-08T10:59:29+00:00\" \/>\n\t\t<meta name=\"twitter:card\" content=\"summary_large_image\" \/>\n\t\t<meta name=\"twitter:title\" content=\"M\u00e1laga acoger\u00e1 este mi\u00e9rcoles el primer simulacro de accidente a\u00e9reo y atenci\u00f3n a v\u00edctimas de Europa | El Digital de Asturias\" \/>\n\t\t<meta name=\"twitter:description\" content=\"La ciudad de M\u00e1laga acoger\u00e1 este mi\u00e9rcoles el primer simulacro de accidente a\u00e9reo y atenci\u00f3n a v\u00edctimas de Europa, que contar\u00e1 con m\u00e1s de 300 personas en los trabajos de gesti\u00f3n y coordinaci\u00f3n y con 44 observadores internacionales. El ejercicio, organizado por la Junta de Andaluc\u00eda y el Gobierno, cuenta con la colaboraci\u00f3n de la\" \/>\n\t\t<meta name=\"twitter:image\" content=\"https:\/\/eldigitaldeasturias.com\/magazine365\/wp-content\/uploads\/2016\/06\/fotonoticia_20160607185217_800.jpg\" \/>\n\t\t<script type=\"application\/ld+json\" class=\"aioseo-schema\">\n\t\t\t{\"@context\":\"https:\\\/\\\/schema.org\",\"@graph\":[{\"@type\":\"Article\",\"@id\":\"https:\\\/\\\/eldigitaldeasturias.com\\\/magazine365\\\/malaga-acogera-este-miercoles-el-primer-simulacro-de-accidente-aereo-y-atencion-a-victimas-de-europa\\\/#article\",\"name\":\"M\\u00e1laga acoger\\u00e1 este mi\\u00e9rcoles el primer simulacro de accidente a\\u00e9reo y atenci\\u00f3n a v\\u00edctimas de Europa | El Digital de Asturias\",\"headline\":\"M\\u00e1laga acoger\\u00e1 este mi\\u00e9rcoles el primer simulacro de accidente a\\u00e9reo y atenci\\u00f3n a v\\u00edctimas de Europa\",\"author\":{\"@id\":\"https:\\\/\\\/eldigitaldeasturias.com\\\/magazine365\\\/author\\\/admin\\\/#author\"},\"publisher\":{\"@id\":\"https:\\\/\\\/eldigitaldeasturias.com\\\/magazine365\\\/#organization\"},\"image\":{\"@type\":\"ImageObject\",\"url\":\"https:\\\/\\\/eldigitaldeasturias.com\\\/magazine365\\\/wp-content\\\/uploads\\\/2016\\\/06\\\/fotonoticia_20160607185217_800.jpg\",\"width\":800,\"height\":534},\"datePublished\":\"2016-06-08T12:59:29+02:00\",\"dateModified\":\"2016-06-08T12:59:29+02:00\",\"inLanguage\":\"es-ES\",\"mainEntityOfPage\":{\"@id\":\"https:\\\/\\\/eldigitaldeasturias.com\\\/magazine365\\\/malaga-acogera-este-miercoles-el-primer-simulacro-de-accidente-aereo-y-atencion-a-victimas-de-europa\\\/#webpage\"},\"isPartOf\":{\"@id\":\"https:\\\/\\\/eldigitaldeasturias.com\\\/magazine365\\\/malaga-acogera-este-miercoles-el-primer-simulacro-de-accidente-aereo-y-atencion-a-victimas-de-europa\\\/#webpage\"},\"articleSection\":\"Noticias y Actualidad\"},{\"@type\":\"BreadcrumbList\",\"@id\":\"https:\\\/\\\/eldigitaldeasturias.com\\\/magazine365\\\/malaga-acogera-este-miercoles-el-primer-simulacro-de-accidente-aereo-y-atencion-a-victimas-de-europa\\\/#breadcrumblist\",\"itemListElement\":[{\"@type\":\"ListItem\",\"@id\":\"https:\\\/\\\/eldigitaldeasturias.com\\\/magazine365#listItem\",\"position\":1,\"name\":\"Home\",\"item\":\"https:\\\/\\\/eldigitaldeasturias.com\\\/magazine365\",\"nextItem\":{\"@type\":\"ListItem\",\"@id\":\"https:\\\/\\\/eldigitaldeasturias.com\\\/magazine365\\\/category\\\/noticias-actualidad\\\/#listItem\",\"name\":\"Noticias y Actualidad\"}},{\"@type\":\"ListItem\",\"@id\":\"https:\\\/\\\/eldigitaldeasturias.com\\\/magazine365\\\/category\\\/noticias-actualidad\\\/#listItem\",\"position\":2,\"name\":\"Noticias y Actualidad\",\"item\":\"https:\\\/\\\/eldigitaldeasturias.com\\\/magazine365\\\/category\\\/noticias-actualidad\\\/\",\"nextItem\":{\"@type\":\"ListItem\",\"@id\":\"https:\\\/\\\/eldigitaldeasturias.com\\\/magazine365\\\/malaga-acogera-este-miercoles-el-primer-simulacro-de-accidente-aereo-y-atencion-a-victimas-de-europa\\\/#listItem\",\"name\":\"M\\u00e1laga acoger\\u00e1 este mi\\u00e9rcoles el primer simulacro de accidente a\\u00e9reo y atenci\\u00f3n a v\\u00edctimas de Europa\"},\"previousItem\":{\"@type\":\"ListItem\",\"@id\":\"https:\\\/\\\/eldigitaldeasturias.com\\\/magazine365#listItem\",\"name\":\"Home\"}},{\"@type\":\"ListItem\",\"@id\":\"https:\\\/\\\/eldigitaldeasturias.com\\\/magazine365\\\/malaga-acogera-este-miercoles-el-primer-simulacro-de-accidente-aereo-y-atencion-a-victimas-de-europa\\\/#listItem\",\"position\":3,\"name\":\"M\\u00e1laga acoger\\u00e1 este mi\\u00e9rcoles el primer simulacro de accidente a\\u00e9reo y atenci\\u00f3n a v\\u00edctimas de Europa\",\"previousItem\":{\"@type\":\"ListItem\",\"@id\":\"https:\\\/\\\/eldigitaldeasturias.com\\\/magazine365\\\/category\\\/noticias-actualidad\\\/#listItem\",\"name\":\"Noticias y Actualidad\"}}]},{\"@type\":\"Organization\",\"@id\":\"https:\\\/\\\/eldigitaldeasturias.com\\\/magazine365\\\/#organization\",\"name\":\"El digital de Asturias\",\"description\":\"Revista de ocio, turismo y estilo de vida\",\"url\":\"https:\\\/\\\/eldigitaldeasturias.com\\\/magazine365\\\/\",\"logo\":{\"@type\":\"ImageObject\",\"url\":\"https:\\\/\\\/www.eldigitaldeasturias.com\\\/noticias\\\/wp-content\\\/uploads\\\/2020\\\/12\\\/EDA.jpg\",\"@id\":\"https:\\\/\\\/eldigitaldeasturias.com\\\/magazine365\\\/malaga-acogera-este-miercoles-el-primer-simulacro-de-accidente-aereo-y-atencion-a-victimas-de-europa\\\/#organizationLogo\"},\"image\":{\"@id\":\"https:\\\/\\\/eldigitaldeasturias.com\\\/magazine365\\\/malaga-acogera-este-miercoles-el-primer-simulacro-de-accidente-aereo-y-atencion-a-victimas-de-europa\\\/#organizationLogo\"}},{\"@type\":\"Person\",\"@id\":\"https:\\\/\\\/eldigitaldeasturias.com\\\/magazine365\\\/author\\\/admin\\\/#author\",\"url\":\"https:\\\/\\\/eldigitaldeasturias.com\\\/magazine365\\\/author\\\/admin\\\/\",\"name\":\"admin\",\"image\":{\"@type\":\"ImageObject\",\"@id\":\"https:\\\/\\\/eldigitaldeasturias.com\\\/magazine365\\\/malaga-acogera-este-miercoles-el-primer-simulacro-de-accidente-aereo-y-atencion-a-victimas-de-europa\\\/#authorImage\",\"url\":\"https:\\\/\\\/eldigitaldeasturias.com\\\/magazine365\\\/wp-content\\\/litespeed\\\/avatar\\\/e571bcf59a0edd6fa6838245a470f2fe.jpg?ver=1776969259\",\"width\":96,\"height\":96,\"caption\":\"admin\"}},{\"@type\":\"WebPage\",\"@id\":\"https:\\\/\\\/eldigitaldeasturias.com\\\/magazine365\\\/malaga-acogera-este-miercoles-el-primer-simulacro-de-accidente-aereo-y-atencion-a-victimas-de-europa\\\/#webpage\",\"url\":\"https:\\\/\\\/eldigitaldeasturias.com\\\/magazine365\\\/malaga-acogera-este-miercoles-el-primer-simulacro-de-accidente-aereo-y-atencion-a-victimas-de-europa\\\/\",\"name\":\"M\\u00e1laga acoger\\u00e1 este mi\\u00e9rcoles el primer simulacro de accidente a\\u00e9reo y atenci\\u00f3n a v\\u00edctimas de Europa | El Digital de Asturias\",\"description\":\"La ciudad de M\\u00e1laga acoger\\u00e1 este mi\\u00e9rcoles el primer simulacro de accidente a\\u00e9reo y atenci\\u00f3n a v\\u00edctimas de Europa, que contar\\u00e1 con m\\u00e1s de 300 personas en los trabajos de gesti\\u00f3n y coordinaci\\u00f3n y con 44 observadores internacionales. El ejercicio, organizado por la Junta de Andaluc\\u00eda y el Gobierno, cuenta con la colaboraci\\u00f3n de la\",\"inLanguage\":\"es-ES\",\"isPartOf\":{\"@id\":\"https:\\\/\\\/eldigitaldeasturias.com\\\/magazine365\\\/#website\"},\"breadcrumb\":{\"@id\":\"https:\\\/\\\/eldigitaldeasturias.com\\\/magazine365\\\/malaga-acogera-este-miercoles-el-primer-simulacro-de-accidente-aereo-y-atencion-a-victimas-de-europa\\\/#breadcrumblist\"},\"author\":{\"@id\":\"https:\\\/\\\/eldigitaldeasturias.com\\\/magazine365\\\/author\\\/admin\\\/#author\"},\"creator\":{\"@id\":\"https:\\\/\\\/eldigitaldeasturias.com\\\/magazine365\\\/author\\\/admin\\\/#author\"},\"image\":{\"@type\":\"ImageObject\",\"url\":\"https:\\\/\\\/eldigitaldeasturias.com\\\/magazine365\\\/wp-content\\\/uploads\\\/2016\\\/06\\\/fotonoticia_20160607185217_800.jpg\",\"@id\":\"https:\\\/\\\/eldigitaldeasturias.com\\\/magazine365\\\/malaga-acogera-este-miercoles-el-primer-simulacro-de-accidente-aereo-y-atencion-a-victimas-de-europa\\\/#mainImage\",\"width\":800,\"height\":534},\"primaryImageOfPage\":{\"@id\":\"https:\\\/\\\/eldigitaldeasturias.com\\\/magazine365\\\/malaga-acogera-este-miercoles-el-primer-simulacro-de-accidente-aereo-y-atencion-a-victimas-de-europa\\\/#mainImage\"},\"datePublished\":\"2016-06-08T12:59:29+02:00\",\"dateModified\":\"2016-06-08T12:59:29+02:00\"},{\"@type\":\"WebSite\",\"@id\":\"https:\\\/\\\/eldigitaldeasturias.com\\\/magazine365\\\/#website\",\"url\":\"https:\\\/\\\/eldigitaldeasturias.com\\\/magazine365\\\/\",\"name\":\"El Digital de Asturias\",\"description\":\"Revista de ocio, turismo y estilo de vida\",\"inLanguage\":\"es-ES\",\"publisher\":{\"@id\":\"https:\\\/\\\/eldigitaldeasturias.com\\\/magazine365\\\/#organization\"}}]}\n\t\t<\/script>\n\t\t<!-- All in One SEO Pro -->\r\n\t\t<title>M\u00e1laga acoger\u00e1 este mi\u00e9rcoles el primer simulacro de accidente a\u00e9reo y atenci\u00f3n a v\u00edctimas de Europa | El Digital de Asturias<\/title>\n\n","aioseo_head_json":{"title":"M\u00e1laga acoger\u00e1 este mi\u00e9rcoles el primer simulacro de accidente a\u00e9reo y atenci\u00f3n a v\u00edctimas de Europa | El Digital de Asturias","description":"La ciudad de M\u00e1laga acoger\u00e1 este mi\u00e9rcoles el primer simulacro de accidente a\u00e9reo y atenci\u00f3n a v\u00edctimas de Europa, que contar\u00e1 con m\u00e1s de 300 personas en los trabajos de gesti\u00f3n y coordinaci\u00f3n y con 44 observadores internacionales. El ejercicio, organizado por la Junta de Andaluc\u00eda y el Gobierno, cuenta con la colaboraci\u00f3n de la","canonical_url":"https:\/\/eldigitaldeasturias.com\/magazine365\/malaga-acogera-este-miercoles-el-primer-simulacro-de-accidente-aereo-y-atencion-a-victimas-de-europa\/","robots":"max-image-preview:large","keywords":"noticias y actualidad","webmasterTools":{"google-site-verification":"UA-38556648-1","miscellaneous":""},"schema":{"@context":"https:\/\/schema.org","@graph":[{"@type":"Article","@id":"https:\/\/eldigitaldeasturias.com\/magazine365\/malaga-acogera-este-miercoles-el-primer-simulacro-de-accidente-aereo-y-atencion-a-victimas-de-europa\/#article","name":"M\u00e1laga acoger\u00e1 este mi\u00e9rcoles el primer simulacro de accidente a\u00e9reo y atenci\u00f3n a v\u00edctimas de Europa | El Digital de Asturias","headline":"M\u00e1laga acoger\u00e1 este mi\u00e9rcoles el primer simulacro de accidente a\u00e9reo y atenci\u00f3n a v\u00edctimas de Europa","author":{"@id":"https:\/\/eldigitaldeasturias.com\/magazine365\/author\/admin\/#author"},"publisher":{"@id":"https:\/\/eldigitaldeasturias.com\/magazine365\/#organization"},"image":{"@type":"ImageObject","url":"https:\/\/eldigitaldeasturias.com\/magazine365\/wp-content\/uploads\/2016\/06\/fotonoticia_20160607185217_800.jpg","width":800,"height":534},"datePublished":"2016-06-08T12:59:29+02:00","dateModified":"2016-06-08T12:59:29+02:00","inLanguage":"es-ES","mainEntityOfPage":{"@id":"https:\/\/eldigitaldeasturias.com\/magazine365\/malaga-acogera-este-miercoles-el-primer-simulacro-de-accidente-aereo-y-atencion-a-victimas-de-europa\/#webpage"},"isPartOf":{"@id":"https:\/\/eldigitaldeasturias.com\/magazine365\/malaga-acogera-este-miercoles-el-primer-simulacro-de-accidente-aereo-y-atencion-a-victimas-de-europa\/#webpage"},"articleSection":"Noticias y Actualidad"},{"@type":"BreadcrumbList","@id":"https:\/\/eldigitaldeasturias.com\/magazine365\/malaga-acogera-este-miercoles-el-primer-simulacro-de-accidente-aereo-y-atencion-a-victimas-de-europa\/#breadcrumblist","itemListElement":[{"@type":"ListItem","@id":"https:\/\/eldigitaldeasturias.com\/magazine365#listItem","position":1,"name":"Home","item":"https:\/\/eldigitaldeasturias.com\/magazine365","nextItem":{"@type":"ListItem","@id":"https:\/\/eldigitaldeasturias.com\/magazine365\/category\/noticias-actualidad\/#listItem","name":"Noticias y Actualidad"}},{"@type":"ListItem","@id":"https:\/\/eldigitaldeasturias.com\/magazine365\/category\/noticias-actualidad\/#listItem","position":2,"name":"Noticias y Actualidad","item":"https:\/\/eldigitaldeasturias.com\/magazine365\/category\/noticias-actualidad\/","nextItem":{"@type":"ListItem","@id":"https:\/\/eldigitaldeasturias.com\/magazine365\/malaga-acogera-este-miercoles-el-primer-simulacro-de-accidente-aereo-y-atencion-a-victimas-de-europa\/#listItem","name":"M\u00e1laga acoger\u00e1 este mi\u00e9rcoles el primer simulacro de accidente a\u00e9reo y atenci\u00f3n a v\u00edctimas de Europa"},"previousItem":{"@type":"ListItem","@id":"https:\/\/eldigitaldeasturias.com\/magazine365#listItem","name":"Home"}},{"@type":"ListItem","@id":"https:\/\/eldigitaldeasturias.com\/magazine365\/malaga-acogera-este-miercoles-el-primer-simulacro-de-accidente-aereo-y-atencion-a-victimas-de-europa\/#listItem","position":3,"name":"M\u00e1laga acoger\u00e1 este mi\u00e9rcoles el primer simulacro de accidente a\u00e9reo y atenci\u00f3n a v\u00edctimas de Europa","previousItem":{"@type":"ListItem","@id":"https:\/\/eldigitaldeasturias.com\/magazine365\/category\/noticias-actualidad\/#listItem","name":"Noticias y Actualidad"}}]},{"@type":"Organization","@id":"https:\/\/eldigitaldeasturias.com\/magazine365\/#organization","name":"El digital de Asturias","description":"Revista de ocio, turismo y estilo de vida","url":"https:\/\/eldigitaldeasturias.com\/magazine365\/","logo":{"@type":"ImageObject","url":"https:\/\/www.eldigitaldeasturias.com\/noticias\/wp-content\/uploads\/2020\/12\/EDA.jpg","@id":"https:\/\/eldigitaldeasturias.com\/magazine365\/malaga-acogera-este-miercoles-el-primer-simulacro-de-accidente-aereo-y-atencion-a-victimas-de-europa\/#organizationLogo"},"image":{"@id":"https:\/\/eldigitaldeasturias.com\/magazine365\/malaga-acogera-este-miercoles-el-primer-simulacro-de-accidente-aereo-y-atencion-a-victimas-de-europa\/#organizationLogo"}},{"@type":"Person","@id":"https:\/\/eldigitaldeasturias.com\/magazine365\/author\/admin\/#author","url":"https:\/\/eldigitaldeasturias.com\/magazine365\/author\/admin\/","name":"admin","image":{"@type":"ImageObject","@id":"https:\/\/eldigitaldeasturias.com\/magazine365\/malaga-acogera-este-miercoles-el-primer-simulacro-de-accidente-aereo-y-atencion-a-victimas-de-europa\/#authorImage","url":"https:\/\/eldigitaldeasturias.com\/magazine365\/wp-content\/litespeed\/avatar\/e571bcf59a0edd6fa6838245a470f2fe.jpg?ver=1776969259","width":96,"height":96,"caption":"admin"}},{"@type":"WebPage","@id":"https:\/\/eldigitaldeasturias.com\/magazine365\/malaga-acogera-este-miercoles-el-primer-simulacro-de-accidente-aereo-y-atencion-a-victimas-de-europa\/#webpage","url":"https:\/\/eldigitaldeasturias.com\/magazine365\/malaga-acogera-este-miercoles-el-primer-simulacro-de-accidente-aereo-y-atencion-a-victimas-de-europa\/","name":"M\u00e1laga acoger\u00e1 este mi\u00e9rcoles el primer simulacro de accidente a\u00e9reo y atenci\u00f3n a v\u00edctimas de Europa | El Digital de Asturias","description":"La ciudad de M\u00e1laga acoger\u00e1 este mi\u00e9rcoles el primer simulacro de accidente a\u00e9reo y atenci\u00f3n a v\u00edctimas de Europa, que contar\u00e1 con m\u00e1s de 300 personas en los trabajos de gesti\u00f3n y coordinaci\u00f3n y con 44 observadores internacionales. El ejercicio, organizado por la Junta de Andaluc\u00eda y el Gobierno, cuenta con la colaboraci\u00f3n de la","inLanguage":"es-ES","isPartOf":{"@id":"https:\/\/eldigitaldeasturias.com\/magazine365\/#website"},"breadcrumb":{"@id":"https:\/\/eldigitaldeasturias.com\/magazine365\/malaga-acogera-este-miercoles-el-primer-simulacro-de-accidente-aereo-y-atencion-a-victimas-de-europa\/#breadcrumblist"},"author":{"@id":"https:\/\/eldigitaldeasturias.com\/magazine365\/author\/admin\/#author"},"creator":{"@id":"https:\/\/eldigitaldeasturias.com\/magazine365\/author\/admin\/#author"},"image":{"@type":"ImageObject","url":"https:\/\/eldigitaldeasturias.com\/magazine365\/wp-content\/uploads\/2016\/06\/fotonoticia_20160607185217_800.jpg","@id":"https:\/\/eldigitaldeasturias.com\/magazine365\/malaga-acogera-este-miercoles-el-primer-simulacro-de-accidente-aereo-y-atencion-a-victimas-de-europa\/#mainImage","width":800,"height":534},"primaryImageOfPage":{"@id":"https:\/\/eldigitaldeasturias.com\/magazine365\/malaga-acogera-este-miercoles-el-primer-simulacro-de-accidente-aereo-y-atencion-a-victimas-de-europa\/#mainImage"},"datePublished":"2016-06-08T12:59:29+02:00","dateModified":"2016-06-08T12:59:29+02:00"},{"@type":"WebSite","@id":"https:\/\/eldigitaldeasturias.com\/magazine365\/#website","url":"https:\/\/eldigitaldeasturias.com\/magazine365\/","name":"El Digital de Asturias","description":"Revista de ocio, turismo y estilo de vida","inLanguage":"es-ES","publisher":{"@id":"https:\/\/eldigitaldeasturias.com\/magazine365\/#organization"}}]},"og:locale":"es_ES","og:site_name":"El Digital de Asturias \u2013 Revista de ocio, turismo y estilo de vida","og:type":"article","og:title":"M\u00e1laga acoger\u00e1 este mi\u00e9rcoles el primer simulacro de accidente a\u00e9reo y atenci\u00f3n a v\u00edctimas de Europa | El Digital de Asturias","og:description":"La ciudad de M\u00e1laga acoger\u00e1 este mi\u00e9rcoles el primer simulacro de accidente a\u00e9reo y atenci\u00f3n a v\u00edctimas de Europa, que contar\u00e1 con m\u00e1s de 300 personas en los trabajos de gesti\u00f3n y coordinaci\u00f3n y con 44 observadores internacionales. El ejercicio, organizado por la Junta de Andaluc\u00eda y el Gobierno, cuenta con la colaboraci\u00f3n de la","og:url":"https:\/\/eldigitaldeasturias.com\/magazine365\/malaga-acogera-este-miercoles-el-primer-simulacro-de-accidente-aereo-y-atencion-a-victimas-de-europa\/","og:image":"https:\/\/eldigitaldeasturias.com\/magazine365\/wp-content\/uploads\/2016\/06\/fotonoticia_20160607185217_800.jpg","og:image:secure_url":"https:\/\/eldigitaldeasturias.com\/magazine365\/wp-content\/uploads\/2016\/06\/fotonoticia_20160607185217_800.jpg","og:image:width":800,"og:image:height":534,"article:published_time":"2016-06-08T10:59:29+00:00","article:modified_time":"2016-06-08T10:59:29+00:00","twitter:card":"summary_large_image","twitter:title":"M\u00e1laga acoger\u00e1 este mi\u00e9rcoles el primer simulacro de accidente a\u00e9reo y atenci\u00f3n a v\u00edctimas de Europa | El Digital de Asturias","twitter:description":"La ciudad de M\u00e1laga acoger\u00e1 este mi\u00e9rcoles el primer simulacro de accidente a\u00e9reo y atenci\u00f3n a v\u00edctimas de Europa, que contar\u00e1 con m\u00e1s de 300 personas en los trabajos de gesti\u00f3n y coordinaci\u00f3n y con 44 observadores internacionales. El ejercicio, organizado por la Junta de Andaluc\u00eda y el Gobierno, cuenta con la colaboraci\u00f3n de la","twitter:image":"https:\/\/eldigitaldeasturias.com\/magazine365\/wp-content\/uploads\/2016\/06\/fotonoticia_20160607185217_800.jpg"},"aioseo_meta_data":{"post_id":"78151","title":null,"description":null,"keywords":null,"keyphrases":null,"primary_term":null,"canonical_url":null,"og_title":null,"og_description":null,"og_object_type":"default","og_image_type":"default","og_image_url":null,"og_image_width":null,"og_image_height":null,"og_image_custom_url":null,"og_image_custom_fields":null,"og_video":null,"og_custom_url":null,"og_article_section":null,"og_article_tags":null,"twitter_use_og":false,"twitter_card":"default","twitter_image_type":"default","twitter_image_url":null,"twitter_image_custom_url":null,"twitter_image_custom_fields":null,"twitter_title":null,"twitter_description":null,"schema":{"blockGraphs":[],"customGraphs":[],"default":{"data":{"Article":[],"Course":[],"Dataset":[],"FAQPage":[],"Movie":[],"Person":[],"Product":[],"ProductReview":[],"Car":[],"Recipe":[],"Service":[],"SoftwareApplication":[],"WebPage":[]},"graphName":"","isEnabled":true},"graphs":[],"defaultGraph":"","defaultPostTypeGraph":""},"schema_type":null,"schema_type_options":null,"pillar_content":false,"robots_default":true,"robots_noindex":false,"robots_noarchive":false,"robots_nosnippet":false,"robots_nofollow":false,"robots_noimageindex":false,"robots_noodp":false,"robots_notranslate":false,"robots_max_snippet":null,"robots_max_videopreview":null,"robots_max_imagepreview":"large","priority":null,"frequency":null,"location":null,"local_seo":null,"seo_analyzer_scan_date":"2025-09-27 16:21:54","breadcrumb_settings":null,"limit_modified_date":false,"open_ai":null,"ai":null,"created":"2021-03-08 18:04:41","updated":"2025-09-27 16:21:54"},"aioseo_breadcrumb":"<div class=\"aioseo-breadcrumbs\"><span class=\"aioseo-breadcrumb\">\n\t<a href=\"https:\/\/eldigitaldeasturias.com\/magazine365\" title=\"Home\">Home<\/a>\n<\/span><span class=\"aioseo-breadcrumb-separator\">\u2013<\/span><span class=\"aioseo-breadcrumb\">\n\t<a href=\"https:\/\/eldigitaldeasturias.com\/magazine365\/category\/noticias-actualidad\/\" title=\"Noticias y Actualidad\">Noticias y Actualidad<\/a>\n<\/span><span class=\"aioseo-breadcrumb-separator\">\u2013<\/span><span class=\"aioseo-breadcrumb\">\n\t<a href=\"https:\/\/eldigitaldeasturias.com\/magazine365\/malaga-acogera-este-miercoles-el-primer-simulacro-de-accidente-aereo-y-atencion-a-victimas-de-europa\/\" title=\"M\u00e1laga acoger\u00e1 este mi\u00e9rcoles el primer simulacro de accidente a\u00e9reo y atenci\u00f3n a v\u00edctimas de Europa\">M\u00e1laga acoger\u00e1 este mi\u00e9rcoles el primer simulacro de accidente a\u00e9reo y atenci\u00f3n a v\u00edctimas de Europa<\/a>\n<\/span><\/div>","aioseo_breadcrumb_json":[{"label":"Home","link":"https:\/\/eldigitaldeasturias.com\/magazine365"},{"label":"Noticias y Actualidad","link":"https:\/\/eldigitaldeasturias.com\/magazine365\/category\/noticias-actualidad\/"},{"label":"M\u00e1laga acoger\u00e1 este mi\u00e9rcoles el primer simulacro de accidente a\u00e9reo y atenci\u00f3n a v\u00edctimas de Europa","link":"https:\/\/eldigitaldeasturias.com\/magazine365\/malaga-acogera-este-miercoles-el-primer-simulacro-de-accidente-aereo-y-atencion-a-victimas-de-europa\/"}],"_links":{"self":[{"href":"https:\/\/eldigitaldeasturias.com\/magazine365\/wp-json\/wp\/v2\/posts\/78151","targetHints":{"allow":["GET"]}}],"collection":[{"href":"https:\/\/eldigitaldeasturias.com\/magazine365\/wp-json\/wp\/v2\/posts"}],"about":[{"href":"https:\/\/eldigitaldeasturias.com\/magazine365\/wp-json\/wp\/v2\/types\/post"}],"author":[{"embeddable":true,"href":"https:\/\/eldigitaldeasturias.com\/magazine365\/wp-json\/wp\/v2\/users\/1"}],"replies":[{"embeddable":true,"href":"https:\/\/eldigitaldeasturias.com\/magazine365\/wp-json\/wp\/v2\/comments?post=78151"}],"version-history":[{"count":0,"href":"https:\/\/eldigitaldeasturias.com\/magazine365\/wp-json\/wp\/v2\/posts\/78151\/revisions"}],"wp:featuredmedia":[{"embeddable":true,"href":"https:\/\/eldigitaldeasturias.com\/magazine365\/wp-json\/wp\/v2\/media\/78152"}],"wp:attachment":[{"href":"https:\/\/eldigitaldeasturias.com\/magazine365\/wp-json\/wp\/v2\/media?parent=78151"}],"wp:term":[{"taxonomy":"category","embeddable":true,"href":"https:\/\/eldigitaldeasturias.com\/magazine365\/wp-json\/wp\/v2\/categories?post=78151"},{"taxonomy":"post_tag","embeddable":true,"href":"https:\/\/eldigitaldeasturias.com\/magazine365\/wp-json\/wp\/v2\/tags?post=78151"}],"curies":[{"name":"wp","href":"https:\/\/api.w.org\/{rel}","templated":true}]}}