{"id":78135,"date":"2016-06-08T12:46:44","date_gmt":"2016-06-08T10:46:44","guid":{"rendered":"http:\/\/eldigitaldeasturias.com\/magazine365\/?p=78135"},"modified":"2016-06-08T12:46:44","modified_gmt":"2016-06-08T10:46:44","slug":"croem-afirma-que-la-llegada-del-ave-a-murcia-en-2017-empieza-a-tomar-peso","status":"publish","type":"post","link":"https:\/\/eldigitaldeasturias.com\/magazine365\/croem-afirma-que-la-llegada-del-ave-a-murcia-en-2017-empieza-a-tomar-peso\/","title":{"rendered":"CROEM afirma que la llegada del AVE a Murcia en 2017 \u00abempieza a tomar peso\u00bb"},"content":{"rendered":"<p><img fetchpriority=\"high\" decoding=\"async\" class=\"alignleft size-medium wp-image-78138\" src=\"https:\/\/eldigitaldeasturias.com\/magazine365\/wp-content\/uploads\/2016\/06\/fotonoticia_20160607180933_800-360x270.jpg\" alt=\"fotonoticia_20160607180933_800\" width=\"360\" height=\"270\" srcset=\"https:\/\/eldigitaldeasturias.com\/magazine365\/wp-content\/uploads\/2016\/06\/fotonoticia_20160607180933_800-360x270.jpg 360w, https:\/\/eldigitaldeasturias.com\/magazine365\/wp-content\/uploads\/2016\/06\/fotonoticia_20160607180933_800-650x488.jpg 650w, https:\/\/eldigitaldeasturias.com\/magazine365\/wp-content\/uploads\/2016\/06\/fotonoticia_20160607180933_800-768x576.jpg 768w, https:\/\/eldigitaldeasturias.com\/magazine365\/wp-content\/uploads\/2016\/06\/fotonoticia_20160607180933_800-150x113.jpg 150w, https:\/\/eldigitaldeasturias.com\/magazine365\/wp-content\/uploads\/2016\/06\/fotonoticia_20160607180933_800-450x338.jpg 450w, https:\/\/eldigitaldeasturias.com\/magazine365\/wp-content\/uploads\/2016\/06\/fotonoticia_20160607180933_800-90x67.jpg 90w, https:\/\/eldigitaldeasturias.com\/magazine365\/wp-content\/uploads\/2016\/06\/fotonoticia_20160607180933_800-164x124.jpg 164w, https:\/\/eldigitaldeasturias.com\/magazine365\/wp-content\/uploads\/2016\/06\/fotonoticia_20160607180933_800-100x75.jpg 100w, https:\/\/eldigitaldeasturias.com\/magazine365\/wp-content\/uploads\/2016\/06\/fotonoticia_20160607180933_800.jpg 800w\" sizes=\"(max-width: 360px) 100vw, 360px\" \/>El presidente de la Confederaci\u00f3n Regional de Organizaciones Empresariales de Murcia (CROEM), Jos\u00e9 Mar\u00eda Albarrac\u00edn, ha mostrado su esperanza en que la Alta Velocidad llegue a Murcia \u00ablo antes posible\u00bb, pero ha reconocido que el 2017 \u00abempieza a tomar peso\u00bb como fecha de llegada \u00abdefinitiva\u00bb.<\/p>\n<p>\u00abY tenemos que tener confianza en que sea as\u00ed\u00bb, ha se\u00f1alado Albarrac\u00edn, quien ha recordado que los boletines de coyuntura econ\u00f3mica que la CROEM ha publicado en los \u00faltimos a\u00f1os recog\u00edan datos suficientes para cuantificar que la llegada no se producir\u00eda ni en 2015 ni en 2016.<\/p>\n<p>Albarrac\u00edn ha hecho estas declaraciones en un contacto con los medios de comunicaci\u00f3n acompa\u00f1ado por el nuevo consejero de Fomento e Infraestructuras, Pedro Rivera, poco antes de mantener su primera reuni\u00f3n, en la que los empresarios han transmitido sus inquietudes en materia de obras p\u00fablicas.<\/p>\n<p>El presidente de CROEM ha mostrado su agradecimiento al nuevo consejero de Fomento por visitar la sede de la patronal y por ser, adem\u00e1s, la primera instituci\u00f3n de estas caracter\u00edsticas a la que acude para escuchar de primera mano todo lo que los empresarios quieren decirle en las materias que le competen.<\/p>\n<p>Albarrac\u00edn le ha deseado \u00abtoda clase de \u00e9xitos\u00bb a Rivera, porque \u00abser\u00e1n el \u00e9xito de todos los murcianos y de los empresarios de la Regi\u00f3n\u00bb.<\/p>\n<p>En este sentido, Albarrac\u00edn ha lamentado que, a pesar de la incertidumbre pol\u00edtica que \u00abseguimos viviendo\u00bb, hay cuestiones de \u00abcalado y de importancia que llevamos colgando de la mochila much\u00edsimo tiempo\u00bb, como la llegada del AVE, la apertura del aeropuerto de Corvera, la Variante de Camarillas, el Corredor Mediterr\u00e1neo o la d\u00e1rsena del Gorguel.<\/p>\n<p>Las demandas de los empresarios se han centrado en estas infraestructuras, y ha dicho que la patronal va a ser \u00abun poquit\u00edn m\u00e1s contundente\u00bb para que, de la mano del Gobierno regional y del nuevo consejero, \u00abpodamos intentar que la consecuci\u00f3n de esos objetivos sea definitiva\u00bb.<\/p>\n<p>El objetivo, ha se\u00f1alado, es hacer una \u00abfortaleza com\u00fan no solo desde la Regi\u00f3n de Murcia sino ante el Gobierno de la naci\u00f3n para que todas estas cuestiones que han quedado pendientes, algunas de ellas durante mucho tiempo, puedan ver la luz y que podamos empezar a decir que Murcia est\u00e1 en el mapa de todas ellas\u00bb.<\/p>\n<p>Rivera, por su parte, ha dicho ser un \u00abfirme defensor\u00bb de la sociedad civil, y cree que los empresarios \u00abson opinadores cualificados y aliados imprescindibles en el progreso de la Regi\u00f3n de Murcia\u00bb, motivo por el que se ha puesto a disposici\u00f3n del presidente de la patronal, con quien ha abordado los problemas que \u00abpreocupan a todos los murcianos\u00bb.<\/p>\n<p>\u00abSe sigue trabajando muy intensamente para que lleguen finalmente a la Regi\u00f3n las infraestructuras que la Regi\u00f3n se merece y que, tradicionalmente ha sido una reivindicaci\u00f3n hist\u00f3rica que no ha llegado, pero que esperemos que en breve se consigan\u00bb, ha concluido.<\/p>\n<p>Rivera se ha puesto a disposici\u00f3n de la patronal, ha escuchado sus inquietudes y ha tratado con precisi\u00f3n cada uno de los temas que les preocupan, tal y como ha se\u00f1alado.<\/p>\n","protected":false},"excerpt":{"rendered":"<p>El presidente de la Confederaci\u00f3n Regional de Organizaciones Empresariales de Murcia (CROEM), Jos\u00e9 Mar\u00eda Albarrac\u00edn, ha mostrado su esperanza en que la Alta Velocidad llegue a Murcia \u00ablo antes posible\u00bb, pero ha reconocido que el 2017 \u00abempieza a tomar peso\u00bb como fecha de llegada \u00abdefinitiva\u00bb. \u00abY tenemos que tener confianza en que sea as\u00ed\u00bb, ha<\/p>\n","protected":false},"author":1,"featured_media":78138,"comment_status":"open","ping_status":"closed","sticky":false,"template":"","format":"standard","meta":{"footnotes":""},"categories":[224],"tags":[],"class_list":{"0":"post-78135","1":"post","2":"type-post","3":"status-publish","4":"format-standard","5":"has-post-thumbnail","7":"category-noticias-actualidad"},"aioseo_notices":[],"aioseo_head":"\n\t\t<!-- All in One SEO Pro 4.9.6.1 - aioseo.com -->\n\t<meta name=\"description\" content=\"El presidente de la Confederaci\u00f3n Regional de Organizaciones Empresariales de Murcia (CROEM), Jos\u00e9 Mar\u00eda Albarrac\u00edn, ha mostrado su esperanza en que la Alta Velocidad llegue a Murcia &quot;lo antes posible&quot;, pero ha reconocido que el 2017 &quot;empieza a tomar peso&quot; como fecha de llegada &quot;definitiva&quot;. &quot;Y tenemos que tener confianza en que sea as\u00ed&quot;, ha\" \/>\n\t<meta name=\"robots\" content=\"max-image-preview:large\" \/>\n\t<meta name=\"author\" content=\"admin\"\/>\n\t<meta name=\"google-site-verification\" content=\"UA-38556648-1\" \/>\n\t<meta name=\"keywords\" content=\"noticias y actualidad\" \/>\n\t<link rel=\"canonical\" href=\"https:\/\/eldigitaldeasturias.com\/magazine365\/croem-afirma-que-la-llegada-del-ave-a-murcia-en-2017-empieza-a-tomar-peso\/\" \/>\n\t<meta name=\"generator\" content=\"All in One SEO Pro (AIOSEO) 4.9.6.1\" \/>\n\t\t<meta property=\"og:locale\" content=\"es_ES\" \/>\n\t\t<meta property=\"og:site_name\" content=\"El Digital de Asturias \u2013 Revista de ocio, turismo y estilo de vida\" \/>\n\t\t<meta property=\"og:type\" content=\"article\" \/>\n\t\t<meta property=\"og:title\" content=\"CROEM afirma que la llegada del AVE a Murcia en 2017 \u00abempieza a tomar peso\u00bb | El Digital de Asturias\" \/>\n\t\t<meta property=\"og:description\" content=\"El presidente de la Confederaci\u00f3n Regional de Organizaciones Empresariales de Murcia (CROEM), Jos\u00e9 Mar\u00eda Albarrac\u00edn, ha mostrado su esperanza en que la Alta Velocidad llegue a Murcia &quot;lo antes posible&quot;, pero ha reconocido que el 2017 &quot;empieza a tomar peso&quot; como fecha de llegada &quot;definitiva&quot;. &quot;Y tenemos que tener confianza en que sea as\u00ed&quot;, ha\" \/>\n\t\t<meta property=\"og:url\" content=\"https:\/\/eldigitaldeasturias.com\/magazine365\/croem-afirma-que-la-llegada-del-ave-a-murcia-en-2017-empieza-a-tomar-peso\/\" \/>\n\t\t<meta property=\"og:image\" content=\"https:\/\/eldigitaldeasturias.com\/magazine365\/wp-content\/uploads\/2016\/06\/fotonoticia_20160607180933_800.jpg\" \/>\n\t\t<meta property=\"og:image:secure_url\" content=\"https:\/\/eldigitaldeasturias.com\/magazine365\/wp-content\/uploads\/2016\/06\/fotonoticia_20160607180933_800.jpg\" \/>\n\t\t<meta property=\"og:image:width\" content=\"800\" \/>\n\t\t<meta property=\"og:image:height\" content=\"600\" \/>\n\t\t<meta property=\"article:published_time\" content=\"2016-06-08T10:46:44+00:00\" \/>\n\t\t<meta property=\"article:modified_time\" content=\"2016-06-08T10:46:44+00:00\" \/>\n\t\t<meta name=\"twitter:card\" content=\"summary_large_image\" \/>\n\t\t<meta name=\"twitter:title\" content=\"CROEM afirma que la llegada del AVE a Murcia en 2017 \u00abempieza a tomar peso\u00bb | El Digital de Asturias\" \/>\n\t\t<meta name=\"twitter:description\" content=\"El presidente de la Confederaci\u00f3n Regional de Organizaciones Empresariales de Murcia (CROEM), Jos\u00e9 Mar\u00eda Albarrac\u00edn, ha mostrado su esperanza en que la Alta Velocidad llegue a Murcia &quot;lo antes posible&quot;, pero ha reconocido que el 2017 &quot;empieza a tomar peso&quot; como fecha de llegada &quot;definitiva&quot;. &quot;Y tenemos que tener confianza en que sea as\u00ed&quot;, ha\" \/>\n\t\t<meta name=\"twitter:image\" content=\"https:\/\/eldigitaldeasturias.com\/magazine365\/wp-content\/uploads\/2016\/06\/fotonoticia_20160607180933_800.jpg\" \/>\n\t\t<script type=\"application\/ld+json\" class=\"aioseo-schema\">\n\t\t\t{\"@context\":\"https:\\\/\\\/schema.org\",\"@graph\":[{\"@type\":\"Article\",\"@id\":\"https:\\\/\\\/eldigitaldeasturias.com\\\/magazine365\\\/croem-afirma-que-la-llegada-del-ave-a-murcia-en-2017-empieza-a-tomar-peso\\\/#article\",\"name\":\"CROEM afirma que la llegada del AVE a Murcia en 2017 \\u00abempieza a tomar peso\\u00bb | El Digital de Asturias\",\"headline\":\"CROEM afirma que la llegada del AVE a Murcia en 2017 \\u00abempieza a tomar peso\\u00bb\",\"author\":{\"@id\":\"https:\\\/\\\/eldigitaldeasturias.com\\\/magazine365\\\/author\\\/admin\\\/#author\"},\"publisher\":{\"@id\":\"https:\\\/\\\/eldigitaldeasturias.com\\\/magazine365\\\/#organization\"},\"image\":{\"@type\":\"ImageObject\",\"url\":\"https:\\\/\\\/eldigitaldeasturias.com\\\/magazine365\\\/wp-content\\\/uploads\\\/2016\\\/06\\\/fotonoticia_20160607180933_800.jpg\",\"width\":800,\"height\":600},\"datePublished\":\"2016-06-08T12:46:44+02:00\",\"dateModified\":\"2016-06-08T12:46:44+02:00\",\"inLanguage\":\"es-ES\",\"mainEntityOfPage\":{\"@id\":\"https:\\\/\\\/eldigitaldeasturias.com\\\/magazine365\\\/croem-afirma-que-la-llegada-del-ave-a-murcia-en-2017-empieza-a-tomar-peso\\\/#webpage\"},\"isPartOf\":{\"@id\":\"https:\\\/\\\/eldigitaldeasturias.com\\\/magazine365\\\/croem-afirma-que-la-llegada-del-ave-a-murcia-en-2017-empieza-a-tomar-peso\\\/#webpage\"},\"articleSection\":\"Noticias y Actualidad\"},{\"@type\":\"BreadcrumbList\",\"@id\":\"https:\\\/\\\/eldigitaldeasturias.com\\\/magazine365\\\/croem-afirma-que-la-llegada-del-ave-a-murcia-en-2017-empieza-a-tomar-peso\\\/#breadcrumblist\",\"itemListElement\":[{\"@type\":\"ListItem\",\"@id\":\"https:\\\/\\\/eldigitaldeasturias.com\\\/magazine365#listItem\",\"position\":1,\"name\":\"Home\",\"item\":\"https:\\\/\\\/eldigitaldeasturias.com\\\/magazine365\",\"nextItem\":{\"@type\":\"ListItem\",\"@id\":\"https:\\\/\\\/eldigitaldeasturias.com\\\/magazine365\\\/category\\\/noticias-actualidad\\\/#listItem\",\"name\":\"Noticias y Actualidad\"}},{\"@type\":\"ListItem\",\"@id\":\"https:\\\/\\\/eldigitaldeasturias.com\\\/magazine365\\\/category\\\/noticias-actualidad\\\/#listItem\",\"position\":2,\"name\":\"Noticias y Actualidad\",\"item\":\"https:\\\/\\\/eldigitaldeasturias.com\\\/magazine365\\\/category\\\/noticias-actualidad\\\/\",\"nextItem\":{\"@type\":\"ListItem\",\"@id\":\"https:\\\/\\\/eldigitaldeasturias.com\\\/magazine365\\\/croem-afirma-que-la-llegada-del-ave-a-murcia-en-2017-empieza-a-tomar-peso\\\/#listItem\",\"name\":\"CROEM afirma que la llegada del AVE a Murcia en 2017 \\u00abempieza a tomar peso\\u00bb\"},\"previousItem\":{\"@type\":\"ListItem\",\"@id\":\"https:\\\/\\\/eldigitaldeasturias.com\\\/magazine365#listItem\",\"name\":\"Home\"}},{\"@type\":\"ListItem\",\"@id\":\"https:\\\/\\\/eldigitaldeasturias.com\\\/magazine365\\\/croem-afirma-que-la-llegada-del-ave-a-murcia-en-2017-empieza-a-tomar-peso\\\/#listItem\",\"position\":3,\"name\":\"CROEM afirma que la llegada del AVE a Murcia en 2017 \\u00abempieza a tomar peso\\u00bb\",\"previousItem\":{\"@type\":\"ListItem\",\"@id\":\"https:\\\/\\\/eldigitaldeasturias.com\\\/magazine365\\\/category\\\/noticias-actualidad\\\/#listItem\",\"name\":\"Noticias y Actualidad\"}}]},{\"@type\":\"Organization\",\"@id\":\"https:\\\/\\\/eldigitaldeasturias.com\\\/magazine365\\\/#organization\",\"name\":\"El digital de Asturias\",\"description\":\"Revista de ocio, turismo y estilo de vida\",\"url\":\"https:\\\/\\\/eldigitaldeasturias.com\\\/magazine365\\\/\",\"logo\":{\"@type\":\"ImageObject\",\"url\":\"https:\\\/\\\/www.eldigitaldeasturias.com\\\/noticias\\\/wp-content\\\/uploads\\\/2020\\\/12\\\/EDA.jpg\",\"@id\":\"https:\\\/\\\/eldigitaldeasturias.com\\\/magazine365\\\/croem-afirma-que-la-llegada-del-ave-a-murcia-en-2017-empieza-a-tomar-peso\\\/#organizationLogo\"},\"image\":{\"@id\":\"https:\\\/\\\/eldigitaldeasturias.com\\\/magazine365\\\/croem-afirma-que-la-llegada-del-ave-a-murcia-en-2017-empieza-a-tomar-peso\\\/#organizationLogo\"}},{\"@type\":\"Person\",\"@id\":\"https:\\\/\\\/eldigitaldeasturias.com\\\/magazine365\\\/author\\\/admin\\\/#author\",\"url\":\"https:\\\/\\\/eldigitaldeasturias.com\\\/magazine365\\\/author\\\/admin\\\/\",\"name\":\"admin\",\"image\":{\"@type\":\"ImageObject\",\"@id\":\"https:\\\/\\\/eldigitaldeasturias.com\\\/magazine365\\\/croem-afirma-que-la-llegada-del-ave-a-murcia-en-2017-empieza-a-tomar-peso\\\/#authorImage\",\"url\":\"https:\\\/\\\/eldigitaldeasturias.com\\\/magazine365\\\/wp-content\\\/litespeed\\\/avatar\\\/e571bcf59a0edd6fa6838245a470f2fe.jpg?ver=1776969259\",\"width\":96,\"height\":96,\"caption\":\"admin\"}},{\"@type\":\"WebPage\",\"@id\":\"https:\\\/\\\/eldigitaldeasturias.com\\\/magazine365\\\/croem-afirma-que-la-llegada-del-ave-a-murcia-en-2017-empieza-a-tomar-peso\\\/#webpage\",\"url\":\"https:\\\/\\\/eldigitaldeasturias.com\\\/magazine365\\\/croem-afirma-que-la-llegada-del-ave-a-murcia-en-2017-empieza-a-tomar-peso\\\/\",\"name\":\"CROEM afirma que la llegada del AVE a Murcia en 2017 \\u00abempieza a tomar peso\\u00bb | El Digital de Asturias\",\"description\":\"El presidente de la Confederaci\\u00f3n Regional de Organizaciones Empresariales de Murcia (CROEM), Jos\\u00e9 Mar\\u00eda Albarrac\\u00edn, ha mostrado su esperanza en que la Alta Velocidad llegue a Murcia \\\"lo antes posible\\\", pero ha reconocido que el 2017 \\\"empieza a tomar peso\\\" como fecha de llegada \\\"definitiva\\\". \\\"Y tenemos que tener confianza en que sea as\\u00ed\\\", ha\",\"inLanguage\":\"es-ES\",\"isPartOf\":{\"@id\":\"https:\\\/\\\/eldigitaldeasturias.com\\\/magazine365\\\/#website\"},\"breadcrumb\":{\"@id\":\"https:\\\/\\\/eldigitaldeasturias.com\\\/magazine365\\\/croem-afirma-que-la-llegada-del-ave-a-murcia-en-2017-empieza-a-tomar-peso\\\/#breadcrumblist\"},\"author\":{\"@id\":\"https:\\\/\\\/eldigitaldeasturias.com\\\/magazine365\\\/author\\\/admin\\\/#author\"},\"creator\":{\"@id\":\"https:\\\/\\\/eldigitaldeasturias.com\\\/magazine365\\\/author\\\/admin\\\/#author\"},\"image\":{\"@type\":\"ImageObject\",\"url\":\"https:\\\/\\\/eldigitaldeasturias.com\\\/magazine365\\\/wp-content\\\/uploads\\\/2016\\\/06\\\/fotonoticia_20160607180933_800.jpg\",\"@id\":\"https:\\\/\\\/eldigitaldeasturias.com\\\/magazine365\\\/croem-afirma-que-la-llegada-del-ave-a-murcia-en-2017-empieza-a-tomar-peso\\\/#mainImage\",\"width\":800,\"height\":600},\"primaryImageOfPage\":{\"@id\":\"https:\\\/\\\/eldigitaldeasturias.com\\\/magazine365\\\/croem-afirma-que-la-llegada-del-ave-a-murcia-en-2017-empieza-a-tomar-peso\\\/#mainImage\"},\"datePublished\":\"2016-06-08T12:46:44+02:00\",\"dateModified\":\"2016-06-08T12:46:44+02:00\"},{\"@type\":\"WebSite\",\"@id\":\"https:\\\/\\\/eldigitaldeasturias.com\\\/magazine365\\\/#website\",\"url\":\"https:\\\/\\\/eldigitaldeasturias.com\\\/magazine365\\\/\",\"name\":\"El Digital de Asturias\",\"description\":\"Revista de ocio, turismo y estilo de vida\",\"inLanguage\":\"es-ES\",\"publisher\":{\"@id\":\"https:\\\/\\\/eldigitaldeasturias.com\\\/magazine365\\\/#organization\"}}]}\n\t\t<\/script>\n\t\t<!-- All in One SEO Pro -->\r\n\t\t<title>CROEM afirma que la llegada del AVE a Murcia en 2017 \u00abempieza a tomar peso\u00bb | El Digital de Asturias<\/title>\n\n","aioseo_head_json":{"title":"CROEM afirma que la llegada del AVE a Murcia en 2017 \u00abempieza a tomar peso\u00bb | El Digital de Asturias","description":"El presidente de la Confederaci\u00f3n Regional de Organizaciones Empresariales de Murcia (CROEM), Jos\u00e9 Mar\u00eda Albarrac\u00edn, ha mostrado su esperanza en que la Alta Velocidad llegue a Murcia \"lo antes posible\", pero ha reconocido que el 2017 \"empieza a tomar peso\" como fecha de llegada \"definitiva\". \"Y tenemos que tener confianza en que sea as\u00ed\", ha","canonical_url":"https:\/\/eldigitaldeasturias.com\/magazine365\/croem-afirma-que-la-llegada-del-ave-a-murcia-en-2017-empieza-a-tomar-peso\/","robots":"max-image-preview:large","keywords":"noticias y actualidad","webmasterTools":{"google-site-verification":"UA-38556648-1","miscellaneous":""},"schema":{"@context":"https:\/\/schema.org","@graph":[{"@type":"Article","@id":"https:\/\/eldigitaldeasturias.com\/magazine365\/croem-afirma-que-la-llegada-del-ave-a-murcia-en-2017-empieza-a-tomar-peso\/#article","name":"CROEM afirma que la llegada del AVE a Murcia en 2017 \u00abempieza a tomar peso\u00bb | El Digital de Asturias","headline":"CROEM afirma que la llegada del AVE a Murcia en 2017 \u00abempieza a tomar peso\u00bb","author":{"@id":"https:\/\/eldigitaldeasturias.com\/magazine365\/author\/admin\/#author"},"publisher":{"@id":"https:\/\/eldigitaldeasturias.com\/magazine365\/#organization"},"image":{"@type":"ImageObject","url":"https:\/\/eldigitaldeasturias.com\/magazine365\/wp-content\/uploads\/2016\/06\/fotonoticia_20160607180933_800.jpg","width":800,"height":600},"datePublished":"2016-06-08T12:46:44+02:00","dateModified":"2016-06-08T12:46:44+02:00","inLanguage":"es-ES","mainEntityOfPage":{"@id":"https:\/\/eldigitaldeasturias.com\/magazine365\/croem-afirma-que-la-llegada-del-ave-a-murcia-en-2017-empieza-a-tomar-peso\/#webpage"},"isPartOf":{"@id":"https:\/\/eldigitaldeasturias.com\/magazine365\/croem-afirma-que-la-llegada-del-ave-a-murcia-en-2017-empieza-a-tomar-peso\/#webpage"},"articleSection":"Noticias y Actualidad"},{"@type":"BreadcrumbList","@id":"https:\/\/eldigitaldeasturias.com\/magazine365\/croem-afirma-que-la-llegada-del-ave-a-murcia-en-2017-empieza-a-tomar-peso\/#breadcrumblist","itemListElement":[{"@type":"ListItem","@id":"https:\/\/eldigitaldeasturias.com\/magazine365#listItem","position":1,"name":"Home","item":"https:\/\/eldigitaldeasturias.com\/magazine365","nextItem":{"@type":"ListItem","@id":"https:\/\/eldigitaldeasturias.com\/magazine365\/category\/noticias-actualidad\/#listItem","name":"Noticias y Actualidad"}},{"@type":"ListItem","@id":"https:\/\/eldigitaldeasturias.com\/magazine365\/category\/noticias-actualidad\/#listItem","position":2,"name":"Noticias y Actualidad","item":"https:\/\/eldigitaldeasturias.com\/magazine365\/category\/noticias-actualidad\/","nextItem":{"@type":"ListItem","@id":"https:\/\/eldigitaldeasturias.com\/magazine365\/croem-afirma-que-la-llegada-del-ave-a-murcia-en-2017-empieza-a-tomar-peso\/#listItem","name":"CROEM afirma que la llegada del AVE a Murcia en 2017 \u00abempieza a tomar peso\u00bb"},"previousItem":{"@type":"ListItem","@id":"https:\/\/eldigitaldeasturias.com\/magazine365#listItem","name":"Home"}},{"@type":"ListItem","@id":"https:\/\/eldigitaldeasturias.com\/magazine365\/croem-afirma-que-la-llegada-del-ave-a-murcia-en-2017-empieza-a-tomar-peso\/#listItem","position":3,"name":"CROEM afirma que la llegada del AVE a Murcia en 2017 \u00abempieza a tomar peso\u00bb","previousItem":{"@type":"ListItem","@id":"https:\/\/eldigitaldeasturias.com\/magazine365\/category\/noticias-actualidad\/#listItem","name":"Noticias y Actualidad"}}]},{"@type":"Organization","@id":"https:\/\/eldigitaldeasturias.com\/magazine365\/#organization","name":"El digital de Asturias","description":"Revista de ocio, turismo y estilo de vida","url":"https:\/\/eldigitaldeasturias.com\/magazine365\/","logo":{"@type":"ImageObject","url":"https:\/\/www.eldigitaldeasturias.com\/noticias\/wp-content\/uploads\/2020\/12\/EDA.jpg","@id":"https:\/\/eldigitaldeasturias.com\/magazine365\/croem-afirma-que-la-llegada-del-ave-a-murcia-en-2017-empieza-a-tomar-peso\/#organizationLogo"},"image":{"@id":"https:\/\/eldigitaldeasturias.com\/magazine365\/croem-afirma-que-la-llegada-del-ave-a-murcia-en-2017-empieza-a-tomar-peso\/#organizationLogo"}},{"@type":"Person","@id":"https:\/\/eldigitaldeasturias.com\/magazine365\/author\/admin\/#author","url":"https:\/\/eldigitaldeasturias.com\/magazine365\/author\/admin\/","name":"admin","image":{"@type":"ImageObject","@id":"https:\/\/eldigitaldeasturias.com\/magazine365\/croem-afirma-que-la-llegada-del-ave-a-murcia-en-2017-empieza-a-tomar-peso\/#authorImage","url":"https:\/\/eldigitaldeasturias.com\/magazine365\/wp-content\/litespeed\/avatar\/e571bcf59a0edd6fa6838245a470f2fe.jpg?ver=1776969259","width":96,"height":96,"caption":"admin"}},{"@type":"WebPage","@id":"https:\/\/eldigitaldeasturias.com\/magazine365\/croem-afirma-que-la-llegada-del-ave-a-murcia-en-2017-empieza-a-tomar-peso\/#webpage","url":"https:\/\/eldigitaldeasturias.com\/magazine365\/croem-afirma-que-la-llegada-del-ave-a-murcia-en-2017-empieza-a-tomar-peso\/","name":"CROEM afirma que la llegada del AVE a Murcia en 2017 \u00abempieza a tomar peso\u00bb | El Digital de Asturias","description":"El presidente de la Confederaci\u00f3n Regional de Organizaciones Empresariales de Murcia (CROEM), Jos\u00e9 Mar\u00eda Albarrac\u00edn, ha mostrado su esperanza en que la Alta Velocidad llegue a Murcia \"lo antes posible\", pero ha reconocido que el 2017 \"empieza a tomar peso\" como fecha de llegada \"definitiva\". \"Y tenemos que tener confianza en que sea as\u00ed\", ha","inLanguage":"es-ES","isPartOf":{"@id":"https:\/\/eldigitaldeasturias.com\/magazine365\/#website"},"breadcrumb":{"@id":"https:\/\/eldigitaldeasturias.com\/magazine365\/croem-afirma-que-la-llegada-del-ave-a-murcia-en-2017-empieza-a-tomar-peso\/#breadcrumblist"},"author":{"@id":"https:\/\/eldigitaldeasturias.com\/magazine365\/author\/admin\/#author"},"creator":{"@id":"https:\/\/eldigitaldeasturias.com\/magazine365\/author\/admin\/#author"},"image":{"@type":"ImageObject","url":"https:\/\/eldigitaldeasturias.com\/magazine365\/wp-content\/uploads\/2016\/06\/fotonoticia_20160607180933_800.jpg","@id":"https:\/\/eldigitaldeasturias.com\/magazine365\/croem-afirma-que-la-llegada-del-ave-a-murcia-en-2017-empieza-a-tomar-peso\/#mainImage","width":800,"height":600},"primaryImageOfPage":{"@id":"https:\/\/eldigitaldeasturias.com\/magazine365\/croem-afirma-que-la-llegada-del-ave-a-murcia-en-2017-empieza-a-tomar-peso\/#mainImage"},"datePublished":"2016-06-08T12:46:44+02:00","dateModified":"2016-06-08T12:46:44+02:00"},{"@type":"WebSite","@id":"https:\/\/eldigitaldeasturias.com\/magazine365\/#website","url":"https:\/\/eldigitaldeasturias.com\/magazine365\/","name":"El Digital de Asturias","description":"Revista de ocio, turismo y estilo de vida","inLanguage":"es-ES","publisher":{"@id":"https:\/\/eldigitaldeasturias.com\/magazine365\/#organization"}}]},"og:locale":"es_ES","og:site_name":"El Digital de Asturias \u2013 Revista de ocio, turismo y estilo de vida","og:type":"article","og:title":"CROEM afirma que la llegada del AVE a Murcia en 2017 \u00abempieza a tomar peso\u00bb | El Digital de Asturias","og:description":"El presidente de la Confederaci\u00f3n Regional de Organizaciones Empresariales de Murcia (CROEM), Jos\u00e9 Mar\u00eda Albarrac\u00edn, ha mostrado su esperanza en que la Alta Velocidad llegue a Murcia &quot;lo antes posible&quot;, pero ha reconocido que el 2017 &quot;empieza a tomar peso&quot; como fecha de llegada &quot;definitiva&quot;. &quot;Y tenemos que tener confianza en que sea as\u00ed&quot;, ha","og:url":"https:\/\/eldigitaldeasturias.com\/magazine365\/croem-afirma-que-la-llegada-del-ave-a-murcia-en-2017-empieza-a-tomar-peso\/","og:image":"https:\/\/eldigitaldeasturias.com\/magazine365\/wp-content\/uploads\/2016\/06\/fotonoticia_20160607180933_800.jpg","og:image:secure_url":"https:\/\/eldigitaldeasturias.com\/magazine365\/wp-content\/uploads\/2016\/06\/fotonoticia_20160607180933_800.jpg","og:image:width":800,"og:image:height":600,"article:published_time":"2016-06-08T10:46:44+00:00","article:modified_time":"2016-06-08T10:46:44+00:00","twitter:card":"summary_large_image","twitter:title":"CROEM afirma que la llegada del AVE a Murcia en 2017 \u00abempieza a tomar peso\u00bb | El Digital de Asturias","twitter:description":"El presidente de la Confederaci\u00f3n Regional de Organizaciones Empresariales de Murcia (CROEM), Jos\u00e9 Mar\u00eda Albarrac\u00edn, ha mostrado su esperanza en que la Alta Velocidad llegue a Murcia &quot;lo antes posible&quot;, pero ha reconocido que el 2017 &quot;empieza a tomar peso&quot; como fecha de llegada &quot;definitiva&quot;. &quot;Y tenemos que tener confianza en que sea as\u00ed&quot;, ha","twitter:image":"https:\/\/eldigitaldeasturias.com\/magazine365\/wp-content\/uploads\/2016\/06\/fotonoticia_20160607180933_800.jpg"},"aioseo_meta_data":{"post_id":"78135","title":null,"description":null,"keywords":null,"keyphrases":null,"primary_term":null,"canonical_url":null,"og_title":null,"og_description":null,"og_object_type":"default","og_image_type":"default","og_image_url":null,"og_image_width":null,"og_image_height":null,"og_image_custom_url":null,"og_image_custom_fields":null,"og_video":null,"og_custom_url":null,"og_article_section":null,"og_article_tags":null,"twitter_use_og":false,"twitter_card":"default","twitter_image_type":"default","twitter_image_url":null,"twitter_image_custom_url":null,"twitter_image_custom_fields":null,"twitter_title":null,"twitter_description":null,"schema":{"blockGraphs":[],"customGraphs":[],"default":{"data":{"Article":[],"Course":[],"Dataset":[],"FAQPage":[],"Movie":[],"Person":[],"Product":[],"ProductReview":[],"Car":[],"Recipe":[],"Service":[],"SoftwareApplication":[],"WebPage":[]},"graphName":"","isEnabled":true},"graphs":[],"defaultGraph":"","defaultPostTypeGraph":""},"schema_type":null,"schema_type_options":null,"pillar_content":false,"robots_default":true,"robots_noindex":false,"robots_noarchive":false,"robots_nosnippet":false,"robots_nofollow":false,"robots_noimageindex":false,"robots_noodp":false,"robots_notranslate":false,"robots_max_snippet":null,"robots_max_videopreview":null,"robots_max_imagepreview":"large","priority":null,"frequency":null,"location":null,"local_seo":null,"seo_analyzer_scan_date":"2025-09-27 16:21:48","breadcrumb_settings":null,"limit_modified_date":false,"open_ai":null,"ai":null,"created":"2021-03-08 18:04:41","updated":"2025-09-27 16:21:48"},"aioseo_breadcrumb":"<div class=\"aioseo-breadcrumbs\"><span class=\"aioseo-breadcrumb\">\n\t<a href=\"https:\/\/eldigitaldeasturias.com\/magazine365\" title=\"Home\">Home<\/a>\n<\/span><span class=\"aioseo-breadcrumb-separator\">\u2013<\/span><span class=\"aioseo-breadcrumb\">\n\t<a href=\"https:\/\/eldigitaldeasturias.com\/magazine365\/category\/noticias-actualidad\/\" title=\"Noticias y Actualidad\">Noticias y Actualidad<\/a>\n<\/span><span class=\"aioseo-breadcrumb-separator\">\u2013<\/span><span class=\"aioseo-breadcrumb\">\n\t<a href=\"https:\/\/eldigitaldeasturias.com\/magazine365\/croem-afirma-que-la-llegada-del-ave-a-murcia-en-2017-empieza-a-tomar-peso\/\" title=\"CROEM afirma que la llegada del AVE a Murcia en 2017 \u00abempieza a tomar peso\u00bb\">CROEM afirma que la llegada del AVE a Murcia en 2017 \u00abempieza a tomar peso\u00bb<\/a>\n<\/span><\/div>","aioseo_breadcrumb_json":[{"label":"Home","link":"https:\/\/eldigitaldeasturias.com\/magazine365"},{"label":"Noticias y Actualidad","link":"https:\/\/eldigitaldeasturias.com\/magazine365\/category\/noticias-actualidad\/"},{"label":"CROEM afirma que la llegada del AVE a Murcia en 2017 \u00abempieza a tomar peso\u00bb","link":"https:\/\/eldigitaldeasturias.com\/magazine365\/croem-afirma-que-la-llegada-del-ave-a-murcia-en-2017-empieza-a-tomar-peso\/"}],"_links":{"self":[{"href":"https:\/\/eldigitaldeasturias.com\/magazine365\/wp-json\/wp\/v2\/posts\/78135","targetHints":{"allow":["GET"]}}],"collection":[{"href":"https:\/\/eldigitaldeasturias.com\/magazine365\/wp-json\/wp\/v2\/posts"}],"about":[{"href":"https:\/\/eldigitaldeasturias.com\/magazine365\/wp-json\/wp\/v2\/types\/post"}],"author":[{"embeddable":true,"href":"https:\/\/eldigitaldeasturias.com\/magazine365\/wp-json\/wp\/v2\/users\/1"}],"replies":[{"embeddable":true,"href":"https:\/\/eldigitaldeasturias.com\/magazine365\/wp-json\/wp\/v2\/comments?post=78135"}],"version-history":[{"count":0,"href":"https:\/\/eldigitaldeasturias.com\/magazine365\/wp-json\/wp\/v2\/posts\/78135\/revisions"}],"wp:featuredmedia":[{"embeddable":true,"href":"https:\/\/eldigitaldeasturias.com\/magazine365\/wp-json\/wp\/v2\/media\/78138"}],"wp:attachment":[{"href":"https:\/\/eldigitaldeasturias.com\/magazine365\/wp-json\/wp\/v2\/media?parent=78135"}],"wp:term":[{"taxonomy":"category","embeddable":true,"href":"https:\/\/eldigitaldeasturias.com\/magazine365\/wp-json\/wp\/v2\/categories?post=78135"},{"taxonomy":"post_tag","embeddable":true,"href":"https:\/\/eldigitaldeasturias.com\/magazine365\/wp-json\/wp\/v2\/tags?post=78135"}],"curies":[{"name":"wp","href":"https:\/\/api.w.org\/{rel}","templated":true}]}}