{"id":78131,"date":"2016-06-08T12:45:28","date_gmt":"2016-06-08T10:45:28","guid":{"rendered":"http:\/\/eldigitaldeasturias.com\/magazine365\/?p=78131"},"modified":"2016-06-08T12:45:28","modified_gmt":"2016-06-08T10:45:28","slug":"cartagena-recibe-doce-banderas-q-de-calidad","status":"publish","type":"post","link":"https:\/\/eldigitaldeasturias.com\/magazine365\/cartagena-recibe-doce-banderas-q-de-calidad\/","title":{"rendered":"Cartagena recibe doce banderas &#8216;Q&#8217; de Calidad"},"content":{"rendered":"<p><img fetchpriority=\"high\" decoding=\"async\" class=\"alignleft size-medium wp-image-78132\" src=\"https:\/\/eldigitaldeasturias.com\/magazine365\/wp-content\/uploads\/2016\/06\/fotonoticia_20160607175937_800-360x203.jpg\" alt=\"fotonoticia_20160607175937_800\" width=\"360\" height=\"203\" srcset=\"https:\/\/eldigitaldeasturias.com\/magazine365\/wp-content\/uploads\/2016\/06\/fotonoticia_20160607175937_800-360x203.jpg 360w, https:\/\/eldigitaldeasturias.com\/magazine365\/wp-content\/uploads\/2016\/06\/fotonoticia_20160607175937_800-650x366.jpg 650w, https:\/\/eldigitaldeasturias.com\/magazine365\/wp-content\/uploads\/2016\/06\/fotonoticia_20160607175937_800-768x432.jpg 768w, https:\/\/eldigitaldeasturias.com\/magazine365\/wp-content\/uploads\/2016\/06\/fotonoticia_20160607175937_800-150x84.jpg 150w, https:\/\/eldigitaldeasturias.com\/magazine365\/wp-content\/uploads\/2016\/06\/fotonoticia_20160607175937_800-450x253.jpg 450w, https:\/\/eldigitaldeasturias.com\/magazine365\/wp-content\/uploads\/2016\/06\/fotonoticia_20160607175937_800-499x280.jpg 499w, https:\/\/eldigitaldeasturias.com\/magazine365\/wp-content\/uploads\/2016\/06\/fotonoticia_20160607175937_800-510x289.jpg 510w, https:\/\/eldigitaldeasturias.com\/magazine365\/wp-content\/uploads\/2016\/06\/fotonoticia_20160607175937_800.jpg 800w\" sizes=\"(max-width: 360px) 100vw, 360px\" \/>Cartagena es el municipio espa\u00f1ol que m\u00e1s distintivos ha recibido por parte del Instituto para la Calidad Tur\u00edstica Espa\u00f1ola, seguido de Sanxenxo, en Pontevedra. La concejala de Industria, Turismo, Agricultura, Pesca, Desarrollo Rural y Litoral, Obdulia G\u00f3mez, ha recogido este martes en Madrid las doce banderas de &#8216;Q&#8217; de Calidad con las que se ha reconocido la calidad de las playas del municipio.<\/p>\n<p>Las playas en las que ondear\u00e1 esta bandera son Cala del Pino, Mar de Cristal, Levante (Cabo de Palos), Cala Cortina, San Gin\u00e9s de la Azoh\u00eda, Islas Menores, Gal\u00faa, Cavanna, La Gola, Playa Honda, Playa Para\u00edso, Barco Perdido (Entremares), Barco Perdido (Sirenas) y Barco Perdido (Zeus).<\/p>\n<p>La concejala de Turismo, Obdulia G\u00f3mez, ha mostrado su satisfacci\u00f3n por este reconomiento. \u00abNo podemos olvidar que tambi\u00e9n hemos recibido once banderas azules; somos el municipio que m\u00e1s distintivos ha recibido\u00bb, ha destacado.<\/p>\n<p>La entrega de las banderas con la &#8216;Q&#8217; de Calidad se ha celebrado en el Ministerio de Industria, Energ\u00eda y Turismo, y ha estado presidida por la secretaria de Estado de Turismo, Isabel Borrego, y el presidente del ICTE, Miguel Mirones, seg\u00fan informaron fuentes municipales en un comunicado.<\/p>\n<p>La &#8216;Q&#8217; de Calidad se centra fundamentalmente en la calidad de los servicios que ofrecen en la playa entidades p\u00fablicas o privadas. Las normas Q de Calidad Tur\u00edstica incluyen dos tipos de requisitos, unos relativos al resultado de los diferentes servicios y otros relacionados con los sistemas y m\u00e9tidos necesarios para asegurar el nivel de calidad de los servicios.<\/p>\n","protected":false},"excerpt":{"rendered":"<p>Cartagena es el municipio espa\u00f1ol que m\u00e1s distintivos ha recibido por parte del Instituto para la Calidad Tur\u00edstica Espa\u00f1ola, seguido de Sanxenxo, en Pontevedra. La concejala de Industria, Turismo, Agricultura, Pesca, Desarrollo Rural y Litoral, Obdulia G\u00f3mez, ha recogido este martes en Madrid las doce banderas de &#8216;Q&#8217; de Calidad con las que se ha<\/p>\n","protected":false},"author":1,"featured_media":78132,"comment_status":"open","ping_status":"closed","sticky":false,"template":"","format":"standard","meta":{"footnotes":""},"categories":[224],"tags":[],"class_list":{"0":"post-78131","1":"post","2":"type-post","3":"status-publish","4":"format-standard","5":"has-post-thumbnail","7":"category-noticias-actualidad"},"aioseo_notices":[],"aioseo_head":"\n\t\t<!-- All in One SEO Pro 4.9.6.1 - aioseo.com -->\n\t<meta name=\"description\" content=\"Cartagena es el municipio espa\u00f1ol que m\u00e1s distintivos ha recibido por parte del Instituto para la Calidad Tur\u00edstica Espa\u00f1ola, seguido de Sanxenxo, en Pontevedra. La concejala de Industria, Turismo, Agricultura, Pesca, Desarrollo Rural y Litoral, Obdulia G\u00f3mez, ha recogido este martes en Madrid las doce banderas de &#039;Q&#039; de Calidad con las que se ha\" \/>\n\t<meta name=\"robots\" content=\"max-image-preview:large\" \/>\n\t<meta name=\"author\" content=\"admin\"\/>\n\t<meta name=\"google-site-verification\" content=\"UA-38556648-1\" \/>\n\t<meta name=\"keywords\" content=\"noticias y actualidad\" \/>\n\t<link rel=\"canonical\" href=\"https:\/\/eldigitaldeasturias.com\/magazine365\/cartagena-recibe-doce-banderas-q-de-calidad\/\" \/>\n\t<meta name=\"generator\" content=\"All in One SEO Pro (AIOSEO) 4.9.6.1\" \/>\n\t\t<meta property=\"og:locale\" content=\"es_ES\" \/>\n\t\t<meta property=\"og:site_name\" content=\"El Digital de Asturias \u2013 Revista de ocio, turismo y estilo de vida\" \/>\n\t\t<meta property=\"og:type\" content=\"article\" \/>\n\t\t<meta property=\"og:title\" content=\"Cartagena recibe doce banderas \u2018Q\u2019 de Calidad | El Digital de Asturias\" \/>\n\t\t<meta property=\"og:description\" content=\"Cartagena es el municipio espa\u00f1ol que m\u00e1s distintivos ha recibido por parte del Instituto para la Calidad Tur\u00edstica Espa\u00f1ola, seguido de Sanxenxo, en Pontevedra. La concejala de Industria, Turismo, Agricultura, Pesca, Desarrollo Rural y Litoral, Obdulia G\u00f3mez, ha recogido este martes en Madrid las doce banderas de &#039;Q&#039; de Calidad con las que se ha\" \/>\n\t\t<meta property=\"og:url\" content=\"https:\/\/eldigitaldeasturias.com\/magazine365\/cartagena-recibe-doce-banderas-q-de-calidad\/\" \/>\n\t\t<meta property=\"og:image\" content=\"https:\/\/eldigitaldeasturias.com\/magazine365\/wp-content\/uploads\/2016\/06\/fotonoticia_20160607175937_800.jpg\" \/>\n\t\t<meta property=\"og:image:secure_url\" content=\"https:\/\/eldigitaldeasturias.com\/magazine365\/wp-content\/uploads\/2016\/06\/fotonoticia_20160607175937_800.jpg\" \/>\n\t\t<meta property=\"og:image:width\" content=\"800\" \/>\n\t\t<meta property=\"og:image:height\" content=\"450\" \/>\n\t\t<meta property=\"article:published_time\" content=\"2016-06-08T10:45:28+00:00\" \/>\n\t\t<meta property=\"article:modified_time\" content=\"2016-06-08T10:45:28+00:00\" \/>\n\t\t<meta name=\"twitter:card\" content=\"summary_large_image\" \/>\n\t\t<meta name=\"twitter:title\" content=\"Cartagena recibe doce banderas \u2018Q\u2019 de Calidad | El Digital de Asturias\" \/>\n\t\t<meta name=\"twitter:description\" content=\"Cartagena es el municipio espa\u00f1ol que m\u00e1s distintivos ha recibido por parte del Instituto para la Calidad Tur\u00edstica Espa\u00f1ola, seguido de Sanxenxo, en Pontevedra. La concejala de Industria, Turismo, Agricultura, Pesca, Desarrollo Rural y Litoral, Obdulia G\u00f3mez, ha recogido este martes en Madrid las doce banderas de &#039;Q&#039; de Calidad con las que se ha\" \/>\n\t\t<meta name=\"twitter:image\" content=\"https:\/\/eldigitaldeasturias.com\/magazine365\/wp-content\/uploads\/2016\/06\/fotonoticia_20160607175937_800.jpg\" \/>\n\t\t<script type=\"application\/ld+json\" class=\"aioseo-schema\">\n\t\t\t{\"@context\":\"https:\\\/\\\/schema.org\",\"@graph\":[{\"@type\":\"Article\",\"@id\":\"https:\\\/\\\/eldigitaldeasturias.com\\\/magazine365\\\/cartagena-recibe-doce-banderas-q-de-calidad\\\/#article\",\"name\":\"Cartagena recibe doce banderas \\u2018Q\\u2019 de Calidad | El Digital de Asturias\",\"headline\":\"Cartagena recibe doce banderas &#8216;Q&#8217; de Calidad\",\"author\":{\"@id\":\"https:\\\/\\\/eldigitaldeasturias.com\\\/magazine365\\\/author\\\/admin\\\/#author\"},\"publisher\":{\"@id\":\"https:\\\/\\\/eldigitaldeasturias.com\\\/magazine365\\\/#organization\"},\"image\":{\"@type\":\"ImageObject\",\"url\":\"https:\\\/\\\/eldigitaldeasturias.com\\\/magazine365\\\/wp-content\\\/uploads\\\/2016\\\/06\\\/fotonoticia_20160607175937_800.jpg\",\"width\":800,\"height\":450},\"datePublished\":\"2016-06-08T12:45:28+02:00\",\"dateModified\":\"2016-06-08T12:45:28+02:00\",\"inLanguage\":\"es-ES\",\"mainEntityOfPage\":{\"@id\":\"https:\\\/\\\/eldigitaldeasturias.com\\\/magazine365\\\/cartagena-recibe-doce-banderas-q-de-calidad\\\/#webpage\"},\"isPartOf\":{\"@id\":\"https:\\\/\\\/eldigitaldeasturias.com\\\/magazine365\\\/cartagena-recibe-doce-banderas-q-de-calidad\\\/#webpage\"},\"articleSection\":\"Noticias y Actualidad\"},{\"@type\":\"BreadcrumbList\",\"@id\":\"https:\\\/\\\/eldigitaldeasturias.com\\\/magazine365\\\/cartagena-recibe-doce-banderas-q-de-calidad\\\/#breadcrumblist\",\"itemListElement\":[{\"@type\":\"ListItem\",\"@id\":\"https:\\\/\\\/eldigitaldeasturias.com\\\/magazine365#listItem\",\"position\":1,\"name\":\"Home\",\"item\":\"https:\\\/\\\/eldigitaldeasturias.com\\\/magazine365\",\"nextItem\":{\"@type\":\"ListItem\",\"@id\":\"https:\\\/\\\/eldigitaldeasturias.com\\\/magazine365\\\/category\\\/noticias-actualidad\\\/#listItem\",\"name\":\"Noticias y Actualidad\"}},{\"@type\":\"ListItem\",\"@id\":\"https:\\\/\\\/eldigitaldeasturias.com\\\/magazine365\\\/category\\\/noticias-actualidad\\\/#listItem\",\"position\":2,\"name\":\"Noticias y Actualidad\",\"item\":\"https:\\\/\\\/eldigitaldeasturias.com\\\/magazine365\\\/category\\\/noticias-actualidad\\\/\",\"nextItem\":{\"@type\":\"ListItem\",\"@id\":\"https:\\\/\\\/eldigitaldeasturias.com\\\/magazine365\\\/cartagena-recibe-doce-banderas-q-de-calidad\\\/#listItem\",\"name\":\"Cartagena recibe doce banderas &#8216;Q&#8217; de Calidad\"},\"previousItem\":{\"@type\":\"ListItem\",\"@id\":\"https:\\\/\\\/eldigitaldeasturias.com\\\/magazine365#listItem\",\"name\":\"Home\"}},{\"@type\":\"ListItem\",\"@id\":\"https:\\\/\\\/eldigitaldeasturias.com\\\/magazine365\\\/cartagena-recibe-doce-banderas-q-de-calidad\\\/#listItem\",\"position\":3,\"name\":\"Cartagena recibe doce banderas &#8216;Q&#8217; de Calidad\",\"previousItem\":{\"@type\":\"ListItem\",\"@id\":\"https:\\\/\\\/eldigitaldeasturias.com\\\/magazine365\\\/category\\\/noticias-actualidad\\\/#listItem\",\"name\":\"Noticias y Actualidad\"}}]},{\"@type\":\"Organization\",\"@id\":\"https:\\\/\\\/eldigitaldeasturias.com\\\/magazine365\\\/#organization\",\"name\":\"El digital de Asturias\",\"description\":\"Revista de ocio, turismo y estilo de vida\",\"url\":\"https:\\\/\\\/eldigitaldeasturias.com\\\/magazine365\\\/\",\"logo\":{\"@type\":\"ImageObject\",\"url\":\"https:\\\/\\\/www.eldigitaldeasturias.com\\\/noticias\\\/wp-content\\\/uploads\\\/2020\\\/12\\\/EDA.jpg\",\"@id\":\"https:\\\/\\\/eldigitaldeasturias.com\\\/magazine365\\\/cartagena-recibe-doce-banderas-q-de-calidad\\\/#organizationLogo\"},\"image\":{\"@id\":\"https:\\\/\\\/eldigitaldeasturias.com\\\/magazine365\\\/cartagena-recibe-doce-banderas-q-de-calidad\\\/#organizationLogo\"}},{\"@type\":\"Person\",\"@id\":\"https:\\\/\\\/eldigitaldeasturias.com\\\/magazine365\\\/author\\\/admin\\\/#author\",\"url\":\"https:\\\/\\\/eldigitaldeasturias.com\\\/magazine365\\\/author\\\/admin\\\/\",\"name\":\"admin\",\"image\":{\"@type\":\"ImageObject\",\"@id\":\"https:\\\/\\\/eldigitaldeasturias.com\\\/magazine365\\\/cartagena-recibe-doce-banderas-q-de-calidad\\\/#authorImage\",\"url\":\"https:\\\/\\\/eldigitaldeasturias.com\\\/magazine365\\\/wp-content\\\/litespeed\\\/avatar\\\/e571bcf59a0edd6fa6838245a470f2fe.jpg?ver=1776969259\",\"width\":96,\"height\":96,\"caption\":\"admin\"}},{\"@type\":\"WebPage\",\"@id\":\"https:\\\/\\\/eldigitaldeasturias.com\\\/magazine365\\\/cartagena-recibe-doce-banderas-q-de-calidad\\\/#webpage\",\"url\":\"https:\\\/\\\/eldigitaldeasturias.com\\\/magazine365\\\/cartagena-recibe-doce-banderas-q-de-calidad\\\/\",\"name\":\"Cartagena recibe doce banderas \\u2018Q\\u2019 de Calidad | El Digital de Asturias\",\"description\":\"Cartagena es el municipio espa\\u00f1ol que m\\u00e1s distintivos ha recibido por parte del Instituto para la Calidad Tur\\u00edstica Espa\\u00f1ola, seguido de Sanxenxo, en Pontevedra. La concejala de Industria, Turismo, Agricultura, Pesca, Desarrollo Rural y Litoral, Obdulia G\\u00f3mez, ha recogido este martes en Madrid las doce banderas de 'Q' de Calidad con las que se ha\",\"inLanguage\":\"es-ES\",\"isPartOf\":{\"@id\":\"https:\\\/\\\/eldigitaldeasturias.com\\\/magazine365\\\/#website\"},\"breadcrumb\":{\"@id\":\"https:\\\/\\\/eldigitaldeasturias.com\\\/magazine365\\\/cartagena-recibe-doce-banderas-q-de-calidad\\\/#breadcrumblist\"},\"author\":{\"@id\":\"https:\\\/\\\/eldigitaldeasturias.com\\\/magazine365\\\/author\\\/admin\\\/#author\"},\"creator\":{\"@id\":\"https:\\\/\\\/eldigitaldeasturias.com\\\/magazine365\\\/author\\\/admin\\\/#author\"},\"image\":{\"@type\":\"ImageObject\",\"url\":\"https:\\\/\\\/eldigitaldeasturias.com\\\/magazine365\\\/wp-content\\\/uploads\\\/2016\\\/06\\\/fotonoticia_20160607175937_800.jpg\",\"@id\":\"https:\\\/\\\/eldigitaldeasturias.com\\\/magazine365\\\/cartagena-recibe-doce-banderas-q-de-calidad\\\/#mainImage\",\"width\":800,\"height\":450},\"primaryImageOfPage\":{\"@id\":\"https:\\\/\\\/eldigitaldeasturias.com\\\/magazine365\\\/cartagena-recibe-doce-banderas-q-de-calidad\\\/#mainImage\"},\"datePublished\":\"2016-06-08T12:45:28+02:00\",\"dateModified\":\"2016-06-08T12:45:28+02:00\"},{\"@type\":\"WebSite\",\"@id\":\"https:\\\/\\\/eldigitaldeasturias.com\\\/magazine365\\\/#website\",\"url\":\"https:\\\/\\\/eldigitaldeasturias.com\\\/magazine365\\\/\",\"name\":\"El Digital de Asturias\",\"description\":\"Revista de ocio, turismo y estilo de vida\",\"inLanguage\":\"es-ES\",\"publisher\":{\"@id\":\"https:\\\/\\\/eldigitaldeasturias.com\\\/magazine365\\\/#organization\"}}]}\n\t\t<\/script>\n\t\t<!-- All in One SEO Pro -->\r\n\t\t<title>Cartagena recibe doce banderas \u2018Q\u2019 de Calidad | El Digital de Asturias<\/title>\n\n","aioseo_head_json":{"title":"Cartagena recibe doce banderas \u2018Q\u2019 de Calidad | El Digital de Asturias","description":"Cartagena es el municipio espa\u00f1ol que m\u00e1s distintivos ha recibido por parte del Instituto para la Calidad Tur\u00edstica Espa\u00f1ola, seguido de Sanxenxo, en Pontevedra. La concejala de Industria, Turismo, Agricultura, Pesca, Desarrollo Rural y Litoral, Obdulia G\u00f3mez, ha recogido este martes en Madrid las doce banderas de 'Q' de Calidad con las que se ha","canonical_url":"https:\/\/eldigitaldeasturias.com\/magazine365\/cartagena-recibe-doce-banderas-q-de-calidad\/","robots":"max-image-preview:large","keywords":"noticias y actualidad","webmasterTools":{"google-site-verification":"UA-38556648-1","miscellaneous":""},"schema":{"@context":"https:\/\/schema.org","@graph":[{"@type":"Article","@id":"https:\/\/eldigitaldeasturias.com\/magazine365\/cartagena-recibe-doce-banderas-q-de-calidad\/#article","name":"Cartagena recibe doce banderas \u2018Q\u2019 de Calidad | El Digital de Asturias","headline":"Cartagena recibe doce banderas &#8216;Q&#8217; de Calidad","author":{"@id":"https:\/\/eldigitaldeasturias.com\/magazine365\/author\/admin\/#author"},"publisher":{"@id":"https:\/\/eldigitaldeasturias.com\/magazine365\/#organization"},"image":{"@type":"ImageObject","url":"https:\/\/eldigitaldeasturias.com\/magazine365\/wp-content\/uploads\/2016\/06\/fotonoticia_20160607175937_800.jpg","width":800,"height":450},"datePublished":"2016-06-08T12:45:28+02:00","dateModified":"2016-06-08T12:45:28+02:00","inLanguage":"es-ES","mainEntityOfPage":{"@id":"https:\/\/eldigitaldeasturias.com\/magazine365\/cartagena-recibe-doce-banderas-q-de-calidad\/#webpage"},"isPartOf":{"@id":"https:\/\/eldigitaldeasturias.com\/magazine365\/cartagena-recibe-doce-banderas-q-de-calidad\/#webpage"},"articleSection":"Noticias y Actualidad"},{"@type":"BreadcrumbList","@id":"https:\/\/eldigitaldeasturias.com\/magazine365\/cartagena-recibe-doce-banderas-q-de-calidad\/#breadcrumblist","itemListElement":[{"@type":"ListItem","@id":"https:\/\/eldigitaldeasturias.com\/magazine365#listItem","position":1,"name":"Home","item":"https:\/\/eldigitaldeasturias.com\/magazine365","nextItem":{"@type":"ListItem","@id":"https:\/\/eldigitaldeasturias.com\/magazine365\/category\/noticias-actualidad\/#listItem","name":"Noticias y Actualidad"}},{"@type":"ListItem","@id":"https:\/\/eldigitaldeasturias.com\/magazine365\/category\/noticias-actualidad\/#listItem","position":2,"name":"Noticias y Actualidad","item":"https:\/\/eldigitaldeasturias.com\/magazine365\/category\/noticias-actualidad\/","nextItem":{"@type":"ListItem","@id":"https:\/\/eldigitaldeasturias.com\/magazine365\/cartagena-recibe-doce-banderas-q-de-calidad\/#listItem","name":"Cartagena recibe doce banderas &#8216;Q&#8217; de Calidad"},"previousItem":{"@type":"ListItem","@id":"https:\/\/eldigitaldeasturias.com\/magazine365#listItem","name":"Home"}},{"@type":"ListItem","@id":"https:\/\/eldigitaldeasturias.com\/magazine365\/cartagena-recibe-doce-banderas-q-de-calidad\/#listItem","position":3,"name":"Cartagena recibe doce banderas &#8216;Q&#8217; de Calidad","previousItem":{"@type":"ListItem","@id":"https:\/\/eldigitaldeasturias.com\/magazine365\/category\/noticias-actualidad\/#listItem","name":"Noticias y Actualidad"}}]},{"@type":"Organization","@id":"https:\/\/eldigitaldeasturias.com\/magazine365\/#organization","name":"El digital de Asturias","description":"Revista de ocio, turismo y estilo de vida","url":"https:\/\/eldigitaldeasturias.com\/magazine365\/","logo":{"@type":"ImageObject","url":"https:\/\/www.eldigitaldeasturias.com\/noticias\/wp-content\/uploads\/2020\/12\/EDA.jpg","@id":"https:\/\/eldigitaldeasturias.com\/magazine365\/cartagena-recibe-doce-banderas-q-de-calidad\/#organizationLogo"},"image":{"@id":"https:\/\/eldigitaldeasturias.com\/magazine365\/cartagena-recibe-doce-banderas-q-de-calidad\/#organizationLogo"}},{"@type":"Person","@id":"https:\/\/eldigitaldeasturias.com\/magazine365\/author\/admin\/#author","url":"https:\/\/eldigitaldeasturias.com\/magazine365\/author\/admin\/","name":"admin","image":{"@type":"ImageObject","@id":"https:\/\/eldigitaldeasturias.com\/magazine365\/cartagena-recibe-doce-banderas-q-de-calidad\/#authorImage","url":"https:\/\/eldigitaldeasturias.com\/magazine365\/wp-content\/litespeed\/avatar\/e571bcf59a0edd6fa6838245a470f2fe.jpg?ver=1776969259","width":96,"height":96,"caption":"admin"}},{"@type":"WebPage","@id":"https:\/\/eldigitaldeasturias.com\/magazine365\/cartagena-recibe-doce-banderas-q-de-calidad\/#webpage","url":"https:\/\/eldigitaldeasturias.com\/magazine365\/cartagena-recibe-doce-banderas-q-de-calidad\/","name":"Cartagena recibe doce banderas \u2018Q\u2019 de Calidad | El Digital de Asturias","description":"Cartagena es el municipio espa\u00f1ol que m\u00e1s distintivos ha recibido por parte del Instituto para la Calidad Tur\u00edstica Espa\u00f1ola, seguido de Sanxenxo, en Pontevedra. La concejala de Industria, Turismo, Agricultura, Pesca, Desarrollo Rural y Litoral, Obdulia G\u00f3mez, ha recogido este martes en Madrid las doce banderas de 'Q' de Calidad con las que se ha","inLanguage":"es-ES","isPartOf":{"@id":"https:\/\/eldigitaldeasturias.com\/magazine365\/#website"},"breadcrumb":{"@id":"https:\/\/eldigitaldeasturias.com\/magazine365\/cartagena-recibe-doce-banderas-q-de-calidad\/#breadcrumblist"},"author":{"@id":"https:\/\/eldigitaldeasturias.com\/magazine365\/author\/admin\/#author"},"creator":{"@id":"https:\/\/eldigitaldeasturias.com\/magazine365\/author\/admin\/#author"},"image":{"@type":"ImageObject","url":"https:\/\/eldigitaldeasturias.com\/magazine365\/wp-content\/uploads\/2016\/06\/fotonoticia_20160607175937_800.jpg","@id":"https:\/\/eldigitaldeasturias.com\/magazine365\/cartagena-recibe-doce-banderas-q-de-calidad\/#mainImage","width":800,"height":450},"primaryImageOfPage":{"@id":"https:\/\/eldigitaldeasturias.com\/magazine365\/cartagena-recibe-doce-banderas-q-de-calidad\/#mainImage"},"datePublished":"2016-06-08T12:45:28+02:00","dateModified":"2016-06-08T12:45:28+02:00"},{"@type":"WebSite","@id":"https:\/\/eldigitaldeasturias.com\/magazine365\/#website","url":"https:\/\/eldigitaldeasturias.com\/magazine365\/","name":"El Digital de Asturias","description":"Revista de ocio, turismo y estilo de vida","inLanguage":"es-ES","publisher":{"@id":"https:\/\/eldigitaldeasturias.com\/magazine365\/#organization"}}]},"og:locale":"es_ES","og:site_name":"El Digital de Asturias \u2013 Revista de ocio, turismo y estilo de vida","og:type":"article","og:title":"Cartagena recibe doce banderas \u2018Q\u2019 de Calidad | El Digital de Asturias","og:description":"Cartagena es el municipio espa\u00f1ol que m\u00e1s distintivos ha recibido por parte del Instituto para la Calidad Tur\u00edstica Espa\u00f1ola, seguido de Sanxenxo, en Pontevedra. La concejala de Industria, Turismo, Agricultura, Pesca, Desarrollo Rural y Litoral, Obdulia G\u00f3mez, ha recogido este martes en Madrid las doce banderas de 'Q' de Calidad con las que se ha","og:url":"https:\/\/eldigitaldeasturias.com\/magazine365\/cartagena-recibe-doce-banderas-q-de-calidad\/","og:image":"https:\/\/eldigitaldeasturias.com\/magazine365\/wp-content\/uploads\/2016\/06\/fotonoticia_20160607175937_800.jpg","og:image:secure_url":"https:\/\/eldigitaldeasturias.com\/magazine365\/wp-content\/uploads\/2016\/06\/fotonoticia_20160607175937_800.jpg","og:image:width":800,"og:image:height":450,"article:published_time":"2016-06-08T10:45:28+00:00","article:modified_time":"2016-06-08T10:45:28+00:00","twitter:card":"summary_large_image","twitter:title":"Cartagena recibe doce banderas \u2018Q\u2019 de Calidad | El Digital de Asturias","twitter:description":"Cartagena es el municipio espa\u00f1ol que m\u00e1s distintivos ha recibido por parte del Instituto para la Calidad Tur\u00edstica Espa\u00f1ola, seguido de Sanxenxo, en Pontevedra. La concejala de Industria, Turismo, Agricultura, Pesca, Desarrollo Rural y Litoral, Obdulia G\u00f3mez, ha recogido este martes en Madrid las doce banderas de 'Q' de Calidad con las que se ha","twitter:image":"https:\/\/eldigitaldeasturias.com\/magazine365\/wp-content\/uploads\/2016\/06\/fotonoticia_20160607175937_800.jpg"},"aioseo_meta_data":{"post_id":"78131","title":null,"description":null,"keywords":null,"keyphrases":null,"primary_term":null,"canonical_url":null,"og_title":null,"og_description":null,"og_object_type":"default","og_image_type":"default","og_image_url":null,"og_image_width":null,"og_image_height":null,"og_image_custom_url":null,"og_image_custom_fields":null,"og_video":null,"og_custom_url":null,"og_article_section":null,"og_article_tags":null,"twitter_use_og":false,"twitter_card":"default","twitter_image_type":"default","twitter_image_url":null,"twitter_image_custom_url":null,"twitter_image_custom_fields":null,"twitter_title":null,"twitter_description":null,"schema":{"blockGraphs":[],"customGraphs":[],"default":{"data":{"Article":[],"Course":[],"Dataset":[],"FAQPage":[],"Movie":[],"Person":[],"Product":[],"ProductReview":[],"Car":[],"Recipe":[],"Service":[],"SoftwareApplication":[],"WebPage":[]},"graphName":"","isEnabled":true},"graphs":[],"defaultGraph":"","defaultPostTypeGraph":""},"schema_type":null,"schema_type_options":null,"pillar_content":false,"robots_default":true,"robots_noindex":false,"robots_noarchive":false,"robots_nosnippet":false,"robots_nofollow":false,"robots_noimageindex":false,"robots_noodp":false,"robots_notranslate":false,"robots_max_snippet":null,"robots_max_videopreview":null,"robots_max_imagepreview":"large","priority":null,"frequency":null,"location":null,"local_seo":null,"seo_analyzer_scan_date":"2025-09-27 16:19:58","breadcrumb_settings":null,"limit_modified_date":false,"open_ai":null,"ai":null,"created":"2021-03-08 18:04:41","updated":"2025-09-27 16:19:58"},"aioseo_breadcrumb":"<div class=\"aioseo-breadcrumbs\"><span class=\"aioseo-breadcrumb\">\n\t<a href=\"https:\/\/eldigitaldeasturias.com\/magazine365\" title=\"Home\">Home<\/a>\n<\/span><span class=\"aioseo-breadcrumb-separator\">\u2013<\/span><span class=\"aioseo-breadcrumb\">\n\t<a href=\"https:\/\/eldigitaldeasturias.com\/magazine365\/category\/noticias-actualidad\/\" title=\"Noticias y Actualidad\">Noticias y Actualidad<\/a>\n<\/span><span class=\"aioseo-breadcrumb-separator\">\u2013<\/span><span class=\"aioseo-breadcrumb\">\n\t<a href=\"https:\/\/eldigitaldeasturias.com\/magazine365\/cartagena-recibe-doce-banderas-q-de-calidad\/\" title=\"Cartagena recibe doce banderas \u2018Q\u2019 de Calidad\">Cartagena recibe doce banderas \u2018Q\u2019 de Calidad<\/a>\n<\/span><\/div>","aioseo_breadcrumb_json":[{"label":"Home","link":"https:\/\/eldigitaldeasturias.com\/magazine365"},{"label":"Noticias y Actualidad","link":"https:\/\/eldigitaldeasturias.com\/magazine365\/category\/noticias-actualidad\/"},{"label":"Cartagena recibe doce banderas &#8216;Q&#8217; de Calidad","link":"https:\/\/eldigitaldeasturias.com\/magazine365\/cartagena-recibe-doce-banderas-q-de-calidad\/"}],"_links":{"self":[{"href":"https:\/\/eldigitaldeasturias.com\/magazine365\/wp-json\/wp\/v2\/posts\/78131","targetHints":{"allow":["GET"]}}],"collection":[{"href":"https:\/\/eldigitaldeasturias.com\/magazine365\/wp-json\/wp\/v2\/posts"}],"about":[{"href":"https:\/\/eldigitaldeasturias.com\/magazine365\/wp-json\/wp\/v2\/types\/post"}],"author":[{"embeddable":true,"href":"https:\/\/eldigitaldeasturias.com\/magazine365\/wp-json\/wp\/v2\/users\/1"}],"replies":[{"embeddable":true,"href":"https:\/\/eldigitaldeasturias.com\/magazine365\/wp-json\/wp\/v2\/comments?post=78131"}],"version-history":[{"count":0,"href":"https:\/\/eldigitaldeasturias.com\/magazine365\/wp-json\/wp\/v2\/posts\/78131\/revisions"}],"wp:featuredmedia":[{"embeddable":true,"href":"https:\/\/eldigitaldeasturias.com\/magazine365\/wp-json\/wp\/v2\/media\/78132"}],"wp:attachment":[{"href":"https:\/\/eldigitaldeasturias.com\/magazine365\/wp-json\/wp\/v2\/media?parent=78131"}],"wp:term":[{"taxonomy":"category","embeddable":true,"href":"https:\/\/eldigitaldeasturias.com\/magazine365\/wp-json\/wp\/v2\/categories?post=78131"},{"taxonomy":"post_tag","embeddable":true,"href":"https:\/\/eldigitaldeasturias.com\/magazine365\/wp-json\/wp\/v2\/tags?post=78131"}],"curies":[{"name":"wp","href":"https:\/\/api.w.org\/{rel}","templated":true}]}}