{"id":78115,"date":"2016-06-08T12:41:50","date_gmt":"2016-06-08T10:41:50","guid":{"rendered":"http:\/\/eldigitaldeasturias.com\/magazine365\/?p=78115"},"modified":"2016-06-08T12:41:50","modified_gmt":"2016-06-08T10:41:50","slug":"brasil-rechaza-la-alarma-sobre-el-zika-de-cara-a-los-jjoo-de-rio-de-janeiro","status":"publish","type":"post","link":"https:\/\/eldigitaldeasturias.com\/magazine365\/brasil-rechaza-la-alarma-sobre-el-zika-de-cara-a-los-jjoo-de-rio-de-janeiro\/","title":{"rendered":"Brasil rechaza la alarma sobre el zika de cara a los JJOO de R\u00edo de Janeiro"},"content":{"rendered":"<p><img fetchpriority=\"high\" decoding=\"async\" class=\"alignleft size-medium wp-image-77926\" src=\"https:\/\/eldigitaldeasturias.com\/magazine365\/wp-content\/uploads\/2016\/06\/m365-360x198.jpg\" alt=\"m365\" width=\"360\" height=\"198\" srcset=\"https:\/\/eldigitaldeasturias.com\/magazine365\/wp-content\/uploads\/2016\/06\/m365-360x198.jpg 360w, https:\/\/eldigitaldeasturias.com\/magazine365\/wp-content\/uploads\/2016\/06\/m365-650x357.jpg 650w, https:\/\/eldigitaldeasturias.com\/magazine365\/wp-content\/uploads\/2016\/06\/m365-150x82.jpg 150w, https:\/\/eldigitaldeasturias.com\/magazine365\/wp-content\/uploads\/2016\/06\/m365-450x247.jpg 450w, https:\/\/eldigitaldeasturias.com\/magazine365\/wp-content\/uploads\/2016\/06\/m365.jpg 655w\" sizes=\"(max-width: 360px) 100vw, 360px\" \/>El ministro de Deportes de Brasil, Leonardo Picciani, ha asegurado este martes que R\u00edo de Janeiro est\u00e1 preparado para acoger los Juegos Ol\u00edmpicos, rechazando las preocupaciones sobre el brote de zika en el pa\u00eds.<\/p>\n<p>En este sentido, ha resaltado en declaraciones a la cadena de televisi\u00f3n brit\u00e1nica BBC que \u00abse han tomado todas las precauciones\u00bb para evitar la propagaci\u00f3n del virus, agregando que todo el mundo que acuda \u00abtendr\u00e1 una gran experiencia\u00bb.<\/p>\n<p>As\u00ed, Picciani ha detallado que m\u00e1s de 2.000 trabajadores sanitarios realizan tareas para informar a la poblaci\u00f3n de la ciudad sobre c\u00f3mo combatir contra el mosquito que transmite el virus.<\/p>\n<p>El ministro ha se\u00f1alado adem\u00e1s que \u00abtodos los mecanismos de prevenci\u00f3n y protecci\u00f3n est\u00e1n garantizados\u00bb, al tiempo que ha destacado que ninguno de los cerca de 7.000 atletas que han participado en 43 pruebas deportivas entre julio de 2015 y abril de este a\u00f1o ha contra\u00eddo la enfermedad.<\/p>\n<p>\u00abDir\u00eda a todos los atletas, a todos los visitantes que planean venir a R\u00edo, que no tienen que preocuparse. R\u00edo y Brasil est\u00e1n preparados para este momento\u00bb, ha remachado Picciani.<\/p>\n<p>El Comit\u00e9 de Emergencia de la Organizaci\u00f3n Mundial de la Salud (OMS) sobre el riesgo del zika se reunir\u00e1 de manera ordinaria la pr\u00f3xima semana para revisar sus recomendaciones, incluidas las relativas a los Juegos Ol\u00edmpicos de R\u00edo de Janeiro, tal y como ha anunciado este martes un portavoz del organismo.<\/p>\n<p>Por el momento, los expertos independientes que asesoran a la OMS han informado de que el riesgo de propagaci\u00f3n mundial del virus transmitido por mosquitos \u00abno es significativamente mayor\u00bb en los Juegos, que comienzan el 5 de agosto.<\/p>\n<p>Los cient\u00edficos, que se reunieron por \u00faltima vez el 8 de marzo, \u00abmirar\u00e1n la evidencia en torno a los Juegos Ol\u00edmpicos y lo m\u00e1s probable es revisar la gu\u00eda de viajes\u00bb, ha explicado el portavoz de la OMS Cristiano Lindmeier en una rueda de prensa. La fecha del encuentro ser\u00e1 anunciada en breve.<\/p>\n","protected":false},"excerpt":{"rendered":"<p>El ministro de Deportes de Brasil, Leonardo Picciani, ha asegurado este martes que R\u00edo de Janeiro est\u00e1 preparado para acoger los Juegos Ol\u00edmpicos, rechazando las preocupaciones sobre el brote de zika en el pa\u00eds. En este sentido, ha resaltado en declaraciones a la cadena de televisi\u00f3n brit\u00e1nica BBC que \u00abse han tomado todas las precauciones\u00bb<\/p>\n","protected":false},"author":1,"featured_media":77926,"comment_status":"open","ping_status":"closed","sticky":false,"template":"","format":"standard","meta":{"footnotes":""},"categories":[224],"tags":[],"class_list":{"0":"post-78115","1":"post","2":"type-post","3":"status-publish","4":"format-standard","5":"has-post-thumbnail","7":"category-noticias-actualidad"},"aioseo_notices":[],"aioseo_head":"\n\t\t<!-- All in One SEO Pro 4.9.6.1 - aioseo.com -->\n\t<meta name=\"description\" content=\"El ministro de Deportes de Brasil, Leonardo Picciani, ha asegurado este martes que R\u00edo de Janeiro est\u00e1 preparado para acoger los Juegos Ol\u00edmpicos, rechazando las preocupaciones sobre el brote de zika en el pa\u00eds. En este sentido, ha resaltado en declaraciones a la cadena de televisi\u00f3n brit\u00e1nica BBC que &quot;se han tomado todas las precauciones&quot;\" \/>\n\t<meta name=\"robots\" content=\"max-image-preview:large\" \/>\n\t<meta name=\"author\" content=\"admin\"\/>\n\t<meta name=\"google-site-verification\" content=\"UA-38556648-1\" \/>\n\t<meta name=\"keywords\" content=\"noticias y actualidad\" \/>\n\t<link rel=\"canonical\" href=\"https:\/\/eldigitaldeasturias.com\/magazine365\/brasil-rechaza-la-alarma-sobre-el-zika-de-cara-a-los-jjoo-de-rio-de-janeiro\/\" \/>\n\t<meta name=\"generator\" content=\"All in One SEO Pro (AIOSEO) 4.9.6.1\" \/>\n\t\t<meta property=\"og:locale\" content=\"es_ES\" \/>\n\t\t<meta property=\"og:site_name\" content=\"El Digital de Asturias \u2013 Revista de ocio, turismo y estilo de vida\" \/>\n\t\t<meta property=\"og:type\" content=\"article\" \/>\n\t\t<meta property=\"og:title\" content=\"Brasil rechaza la alarma sobre el zika de cara a los JJOO de R\u00edo de Janeiro | El Digital de Asturias\" \/>\n\t\t<meta property=\"og:description\" content=\"El ministro de Deportes de Brasil, Leonardo Picciani, ha asegurado este martes que R\u00edo de Janeiro est\u00e1 preparado para acoger los Juegos Ol\u00edmpicos, rechazando las preocupaciones sobre el brote de zika en el pa\u00eds. En este sentido, ha resaltado en declaraciones a la cadena de televisi\u00f3n brit\u00e1nica BBC que &quot;se han tomado todas las precauciones&quot;\" \/>\n\t\t<meta property=\"og:url\" content=\"https:\/\/eldigitaldeasturias.com\/magazine365\/brasil-rechaza-la-alarma-sobre-el-zika-de-cara-a-los-jjoo-de-rio-de-janeiro\/\" \/>\n\t\t<meta property=\"og:image\" content=\"https:\/\/eldigitaldeasturias.com\/magazine365\/wp-content\/uploads\/2016\/06\/m365.jpg\" \/>\n\t\t<meta property=\"og:image:secure_url\" content=\"https:\/\/eldigitaldeasturias.com\/magazine365\/wp-content\/uploads\/2016\/06\/m365.jpg\" \/>\n\t\t<meta property=\"og:image:width\" content=\"655\" \/>\n\t\t<meta property=\"og:image:height\" content=\"360\" \/>\n\t\t<meta property=\"article:published_time\" content=\"2016-06-08T10:41:50+00:00\" \/>\n\t\t<meta property=\"article:modified_time\" content=\"2016-06-08T10:41:50+00:00\" \/>\n\t\t<meta name=\"twitter:card\" content=\"summary_large_image\" \/>\n\t\t<meta name=\"twitter:title\" content=\"Brasil rechaza la alarma sobre el zika de cara a los JJOO de R\u00edo de Janeiro | El Digital de Asturias\" \/>\n\t\t<meta name=\"twitter:description\" content=\"El ministro de Deportes de Brasil, Leonardo Picciani, ha asegurado este martes que R\u00edo de Janeiro est\u00e1 preparado para acoger los Juegos Ol\u00edmpicos, rechazando las preocupaciones sobre el brote de zika en el pa\u00eds. En este sentido, ha resaltado en declaraciones a la cadena de televisi\u00f3n brit\u00e1nica BBC que &quot;se han tomado todas las precauciones&quot;\" \/>\n\t\t<meta name=\"twitter:image\" content=\"https:\/\/eldigitaldeasturias.com\/magazine365\/wp-content\/uploads\/2016\/06\/m365.jpg\" \/>\n\t\t<script type=\"application\/ld+json\" class=\"aioseo-schema\">\n\t\t\t{\"@context\":\"https:\\\/\\\/schema.org\",\"@graph\":[{\"@type\":\"Article\",\"@id\":\"https:\\\/\\\/eldigitaldeasturias.com\\\/magazine365\\\/brasil-rechaza-la-alarma-sobre-el-zika-de-cara-a-los-jjoo-de-rio-de-janeiro\\\/#article\",\"name\":\"Brasil rechaza la alarma sobre el zika de cara a los JJOO de R\\u00edo de Janeiro | El Digital de Asturias\",\"headline\":\"Brasil rechaza la alarma sobre el zika de cara a los JJOO de R\\u00edo de Janeiro\",\"author\":{\"@id\":\"https:\\\/\\\/eldigitaldeasturias.com\\\/magazine365\\\/author\\\/admin\\\/#author\"},\"publisher\":{\"@id\":\"https:\\\/\\\/eldigitaldeasturias.com\\\/magazine365\\\/#organization\"},\"image\":{\"@type\":\"ImageObject\",\"url\":\"https:\\\/\\\/eldigitaldeasturias.com\\\/magazine365\\\/wp-content\\\/uploads\\\/2016\\\/06\\\/m365.jpg\",\"width\":655,\"height\":360},\"datePublished\":\"2016-06-08T12:41:50+02:00\",\"dateModified\":\"2016-06-08T12:41:50+02:00\",\"inLanguage\":\"es-ES\",\"mainEntityOfPage\":{\"@id\":\"https:\\\/\\\/eldigitaldeasturias.com\\\/magazine365\\\/brasil-rechaza-la-alarma-sobre-el-zika-de-cara-a-los-jjoo-de-rio-de-janeiro\\\/#webpage\"},\"isPartOf\":{\"@id\":\"https:\\\/\\\/eldigitaldeasturias.com\\\/magazine365\\\/brasil-rechaza-la-alarma-sobre-el-zika-de-cara-a-los-jjoo-de-rio-de-janeiro\\\/#webpage\"},\"articleSection\":\"Noticias y Actualidad\"},{\"@type\":\"BreadcrumbList\",\"@id\":\"https:\\\/\\\/eldigitaldeasturias.com\\\/magazine365\\\/brasil-rechaza-la-alarma-sobre-el-zika-de-cara-a-los-jjoo-de-rio-de-janeiro\\\/#breadcrumblist\",\"itemListElement\":[{\"@type\":\"ListItem\",\"@id\":\"https:\\\/\\\/eldigitaldeasturias.com\\\/magazine365#listItem\",\"position\":1,\"name\":\"Home\",\"item\":\"https:\\\/\\\/eldigitaldeasturias.com\\\/magazine365\",\"nextItem\":{\"@type\":\"ListItem\",\"@id\":\"https:\\\/\\\/eldigitaldeasturias.com\\\/magazine365\\\/category\\\/noticias-actualidad\\\/#listItem\",\"name\":\"Noticias y Actualidad\"}},{\"@type\":\"ListItem\",\"@id\":\"https:\\\/\\\/eldigitaldeasturias.com\\\/magazine365\\\/category\\\/noticias-actualidad\\\/#listItem\",\"position\":2,\"name\":\"Noticias y Actualidad\",\"item\":\"https:\\\/\\\/eldigitaldeasturias.com\\\/magazine365\\\/category\\\/noticias-actualidad\\\/\",\"nextItem\":{\"@type\":\"ListItem\",\"@id\":\"https:\\\/\\\/eldigitaldeasturias.com\\\/magazine365\\\/brasil-rechaza-la-alarma-sobre-el-zika-de-cara-a-los-jjoo-de-rio-de-janeiro\\\/#listItem\",\"name\":\"Brasil rechaza la alarma sobre el zika de cara a los JJOO de R\\u00edo de Janeiro\"},\"previousItem\":{\"@type\":\"ListItem\",\"@id\":\"https:\\\/\\\/eldigitaldeasturias.com\\\/magazine365#listItem\",\"name\":\"Home\"}},{\"@type\":\"ListItem\",\"@id\":\"https:\\\/\\\/eldigitaldeasturias.com\\\/magazine365\\\/brasil-rechaza-la-alarma-sobre-el-zika-de-cara-a-los-jjoo-de-rio-de-janeiro\\\/#listItem\",\"position\":3,\"name\":\"Brasil rechaza la alarma sobre el zika de cara a los JJOO de R\\u00edo de Janeiro\",\"previousItem\":{\"@type\":\"ListItem\",\"@id\":\"https:\\\/\\\/eldigitaldeasturias.com\\\/magazine365\\\/category\\\/noticias-actualidad\\\/#listItem\",\"name\":\"Noticias y Actualidad\"}}]},{\"@type\":\"Organization\",\"@id\":\"https:\\\/\\\/eldigitaldeasturias.com\\\/magazine365\\\/#organization\",\"name\":\"El digital de Asturias\",\"description\":\"Revista de ocio, turismo y estilo de vida\",\"url\":\"https:\\\/\\\/eldigitaldeasturias.com\\\/magazine365\\\/\",\"logo\":{\"@type\":\"ImageObject\",\"url\":\"https:\\\/\\\/www.eldigitaldeasturias.com\\\/noticias\\\/wp-content\\\/uploads\\\/2020\\\/12\\\/EDA.jpg\",\"@id\":\"https:\\\/\\\/eldigitaldeasturias.com\\\/magazine365\\\/brasil-rechaza-la-alarma-sobre-el-zika-de-cara-a-los-jjoo-de-rio-de-janeiro\\\/#organizationLogo\"},\"image\":{\"@id\":\"https:\\\/\\\/eldigitaldeasturias.com\\\/magazine365\\\/brasil-rechaza-la-alarma-sobre-el-zika-de-cara-a-los-jjoo-de-rio-de-janeiro\\\/#organizationLogo\"}},{\"@type\":\"Person\",\"@id\":\"https:\\\/\\\/eldigitaldeasturias.com\\\/magazine365\\\/author\\\/admin\\\/#author\",\"url\":\"https:\\\/\\\/eldigitaldeasturias.com\\\/magazine365\\\/author\\\/admin\\\/\",\"name\":\"admin\",\"image\":{\"@type\":\"ImageObject\",\"@id\":\"https:\\\/\\\/eldigitaldeasturias.com\\\/magazine365\\\/brasil-rechaza-la-alarma-sobre-el-zika-de-cara-a-los-jjoo-de-rio-de-janeiro\\\/#authorImage\",\"url\":\"https:\\\/\\\/eldigitaldeasturias.com\\\/magazine365\\\/wp-content\\\/litespeed\\\/avatar\\\/e571bcf59a0edd6fa6838245a470f2fe.jpg?ver=1776969259\",\"width\":96,\"height\":96,\"caption\":\"admin\"}},{\"@type\":\"WebPage\",\"@id\":\"https:\\\/\\\/eldigitaldeasturias.com\\\/magazine365\\\/brasil-rechaza-la-alarma-sobre-el-zika-de-cara-a-los-jjoo-de-rio-de-janeiro\\\/#webpage\",\"url\":\"https:\\\/\\\/eldigitaldeasturias.com\\\/magazine365\\\/brasil-rechaza-la-alarma-sobre-el-zika-de-cara-a-los-jjoo-de-rio-de-janeiro\\\/\",\"name\":\"Brasil rechaza la alarma sobre el zika de cara a los JJOO de R\\u00edo de Janeiro | El Digital de Asturias\",\"description\":\"El ministro de Deportes de Brasil, Leonardo Picciani, ha asegurado este martes que R\\u00edo de Janeiro est\\u00e1 preparado para acoger los Juegos Ol\\u00edmpicos, rechazando las preocupaciones sobre el brote de zika en el pa\\u00eds. En este sentido, ha resaltado en declaraciones a la cadena de televisi\\u00f3n brit\\u00e1nica BBC que \\\"se han tomado todas las precauciones\\\"\",\"inLanguage\":\"es-ES\",\"isPartOf\":{\"@id\":\"https:\\\/\\\/eldigitaldeasturias.com\\\/magazine365\\\/#website\"},\"breadcrumb\":{\"@id\":\"https:\\\/\\\/eldigitaldeasturias.com\\\/magazine365\\\/brasil-rechaza-la-alarma-sobre-el-zika-de-cara-a-los-jjoo-de-rio-de-janeiro\\\/#breadcrumblist\"},\"author\":{\"@id\":\"https:\\\/\\\/eldigitaldeasturias.com\\\/magazine365\\\/author\\\/admin\\\/#author\"},\"creator\":{\"@id\":\"https:\\\/\\\/eldigitaldeasturias.com\\\/magazine365\\\/author\\\/admin\\\/#author\"},\"image\":{\"@type\":\"ImageObject\",\"url\":\"https:\\\/\\\/eldigitaldeasturias.com\\\/magazine365\\\/wp-content\\\/uploads\\\/2016\\\/06\\\/m365.jpg\",\"@id\":\"https:\\\/\\\/eldigitaldeasturias.com\\\/magazine365\\\/brasil-rechaza-la-alarma-sobre-el-zika-de-cara-a-los-jjoo-de-rio-de-janeiro\\\/#mainImage\",\"width\":655,\"height\":360},\"primaryImageOfPage\":{\"@id\":\"https:\\\/\\\/eldigitaldeasturias.com\\\/magazine365\\\/brasil-rechaza-la-alarma-sobre-el-zika-de-cara-a-los-jjoo-de-rio-de-janeiro\\\/#mainImage\"},\"datePublished\":\"2016-06-08T12:41:50+02:00\",\"dateModified\":\"2016-06-08T12:41:50+02:00\"},{\"@type\":\"WebSite\",\"@id\":\"https:\\\/\\\/eldigitaldeasturias.com\\\/magazine365\\\/#website\",\"url\":\"https:\\\/\\\/eldigitaldeasturias.com\\\/magazine365\\\/\",\"name\":\"El Digital de Asturias\",\"description\":\"Revista de ocio, turismo y estilo de vida\",\"inLanguage\":\"es-ES\",\"publisher\":{\"@id\":\"https:\\\/\\\/eldigitaldeasturias.com\\\/magazine365\\\/#organization\"}}]}\n\t\t<\/script>\n\t\t<!-- All in One SEO Pro -->\r\n\t\t<title>Brasil rechaza la alarma sobre el zika de cara a los JJOO de R\u00edo de Janeiro | El Digital de Asturias<\/title>\n\n","aioseo_head_json":{"title":"Brasil rechaza la alarma sobre el zika de cara a los JJOO de R\u00edo de Janeiro | El Digital de Asturias","description":"El ministro de Deportes de Brasil, Leonardo Picciani, ha asegurado este martes que R\u00edo de Janeiro est\u00e1 preparado para acoger los Juegos Ol\u00edmpicos, rechazando las preocupaciones sobre el brote de zika en el pa\u00eds. En este sentido, ha resaltado en declaraciones a la cadena de televisi\u00f3n brit\u00e1nica BBC que \"se han tomado todas las precauciones\"","canonical_url":"https:\/\/eldigitaldeasturias.com\/magazine365\/brasil-rechaza-la-alarma-sobre-el-zika-de-cara-a-los-jjoo-de-rio-de-janeiro\/","robots":"max-image-preview:large","keywords":"noticias y actualidad","webmasterTools":{"google-site-verification":"UA-38556648-1","miscellaneous":""},"schema":{"@context":"https:\/\/schema.org","@graph":[{"@type":"Article","@id":"https:\/\/eldigitaldeasturias.com\/magazine365\/brasil-rechaza-la-alarma-sobre-el-zika-de-cara-a-los-jjoo-de-rio-de-janeiro\/#article","name":"Brasil rechaza la alarma sobre el zika de cara a los JJOO de R\u00edo de Janeiro | El Digital de Asturias","headline":"Brasil rechaza la alarma sobre el zika de cara a los JJOO de R\u00edo de Janeiro","author":{"@id":"https:\/\/eldigitaldeasturias.com\/magazine365\/author\/admin\/#author"},"publisher":{"@id":"https:\/\/eldigitaldeasturias.com\/magazine365\/#organization"},"image":{"@type":"ImageObject","url":"https:\/\/eldigitaldeasturias.com\/magazine365\/wp-content\/uploads\/2016\/06\/m365.jpg","width":655,"height":360},"datePublished":"2016-06-08T12:41:50+02:00","dateModified":"2016-06-08T12:41:50+02:00","inLanguage":"es-ES","mainEntityOfPage":{"@id":"https:\/\/eldigitaldeasturias.com\/magazine365\/brasil-rechaza-la-alarma-sobre-el-zika-de-cara-a-los-jjoo-de-rio-de-janeiro\/#webpage"},"isPartOf":{"@id":"https:\/\/eldigitaldeasturias.com\/magazine365\/brasil-rechaza-la-alarma-sobre-el-zika-de-cara-a-los-jjoo-de-rio-de-janeiro\/#webpage"},"articleSection":"Noticias y Actualidad"},{"@type":"BreadcrumbList","@id":"https:\/\/eldigitaldeasturias.com\/magazine365\/brasil-rechaza-la-alarma-sobre-el-zika-de-cara-a-los-jjoo-de-rio-de-janeiro\/#breadcrumblist","itemListElement":[{"@type":"ListItem","@id":"https:\/\/eldigitaldeasturias.com\/magazine365#listItem","position":1,"name":"Home","item":"https:\/\/eldigitaldeasturias.com\/magazine365","nextItem":{"@type":"ListItem","@id":"https:\/\/eldigitaldeasturias.com\/magazine365\/category\/noticias-actualidad\/#listItem","name":"Noticias y Actualidad"}},{"@type":"ListItem","@id":"https:\/\/eldigitaldeasturias.com\/magazine365\/category\/noticias-actualidad\/#listItem","position":2,"name":"Noticias y Actualidad","item":"https:\/\/eldigitaldeasturias.com\/magazine365\/category\/noticias-actualidad\/","nextItem":{"@type":"ListItem","@id":"https:\/\/eldigitaldeasturias.com\/magazine365\/brasil-rechaza-la-alarma-sobre-el-zika-de-cara-a-los-jjoo-de-rio-de-janeiro\/#listItem","name":"Brasil rechaza la alarma sobre el zika de cara a los JJOO de R\u00edo de Janeiro"},"previousItem":{"@type":"ListItem","@id":"https:\/\/eldigitaldeasturias.com\/magazine365#listItem","name":"Home"}},{"@type":"ListItem","@id":"https:\/\/eldigitaldeasturias.com\/magazine365\/brasil-rechaza-la-alarma-sobre-el-zika-de-cara-a-los-jjoo-de-rio-de-janeiro\/#listItem","position":3,"name":"Brasil rechaza la alarma sobre el zika de cara a los JJOO de R\u00edo de Janeiro","previousItem":{"@type":"ListItem","@id":"https:\/\/eldigitaldeasturias.com\/magazine365\/category\/noticias-actualidad\/#listItem","name":"Noticias y Actualidad"}}]},{"@type":"Organization","@id":"https:\/\/eldigitaldeasturias.com\/magazine365\/#organization","name":"El digital de Asturias","description":"Revista de ocio, turismo y estilo de vida","url":"https:\/\/eldigitaldeasturias.com\/magazine365\/","logo":{"@type":"ImageObject","url":"https:\/\/www.eldigitaldeasturias.com\/noticias\/wp-content\/uploads\/2020\/12\/EDA.jpg","@id":"https:\/\/eldigitaldeasturias.com\/magazine365\/brasil-rechaza-la-alarma-sobre-el-zika-de-cara-a-los-jjoo-de-rio-de-janeiro\/#organizationLogo"},"image":{"@id":"https:\/\/eldigitaldeasturias.com\/magazine365\/brasil-rechaza-la-alarma-sobre-el-zika-de-cara-a-los-jjoo-de-rio-de-janeiro\/#organizationLogo"}},{"@type":"Person","@id":"https:\/\/eldigitaldeasturias.com\/magazine365\/author\/admin\/#author","url":"https:\/\/eldigitaldeasturias.com\/magazine365\/author\/admin\/","name":"admin","image":{"@type":"ImageObject","@id":"https:\/\/eldigitaldeasturias.com\/magazine365\/brasil-rechaza-la-alarma-sobre-el-zika-de-cara-a-los-jjoo-de-rio-de-janeiro\/#authorImage","url":"https:\/\/eldigitaldeasturias.com\/magazine365\/wp-content\/litespeed\/avatar\/e571bcf59a0edd6fa6838245a470f2fe.jpg?ver=1776969259","width":96,"height":96,"caption":"admin"}},{"@type":"WebPage","@id":"https:\/\/eldigitaldeasturias.com\/magazine365\/brasil-rechaza-la-alarma-sobre-el-zika-de-cara-a-los-jjoo-de-rio-de-janeiro\/#webpage","url":"https:\/\/eldigitaldeasturias.com\/magazine365\/brasil-rechaza-la-alarma-sobre-el-zika-de-cara-a-los-jjoo-de-rio-de-janeiro\/","name":"Brasil rechaza la alarma sobre el zika de cara a los JJOO de R\u00edo de Janeiro | El Digital de Asturias","description":"El ministro de Deportes de Brasil, Leonardo Picciani, ha asegurado este martes que R\u00edo de Janeiro est\u00e1 preparado para acoger los Juegos Ol\u00edmpicos, rechazando las preocupaciones sobre el brote de zika en el pa\u00eds. En este sentido, ha resaltado en declaraciones a la cadena de televisi\u00f3n brit\u00e1nica BBC que \"se han tomado todas las precauciones\"","inLanguage":"es-ES","isPartOf":{"@id":"https:\/\/eldigitaldeasturias.com\/magazine365\/#website"},"breadcrumb":{"@id":"https:\/\/eldigitaldeasturias.com\/magazine365\/brasil-rechaza-la-alarma-sobre-el-zika-de-cara-a-los-jjoo-de-rio-de-janeiro\/#breadcrumblist"},"author":{"@id":"https:\/\/eldigitaldeasturias.com\/magazine365\/author\/admin\/#author"},"creator":{"@id":"https:\/\/eldigitaldeasturias.com\/magazine365\/author\/admin\/#author"},"image":{"@type":"ImageObject","url":"https:\/\/eldigitaldeasturias.com\/magazine365\/wp-content\/uploads\/2016\/06\/m365.jpg","@id":"https:\/\/eldigitaldeasturias.com\/magazine365\/brasil-rechaza-la-alarma-sobre-el-zika-de-cara-a-los-jjoo-de-rio-de-janeiro\/#mainImage","width":655,"height":360},"primaryImageOfPage":{"@id":"https:\/\/eldigitaldeasturias.com\/magazine365\/brasil-rechaza-la-alarma-sobre-el-zika-de-cara-a-los-jjoo-de-rio-de-janeiro\/#mainImage"},"datePublished":"2016-06-08T12:41:50+02:00","dateModified":"2016-06-08T12:41:50+02:00"},{"@type":"WebSite","@id":"https:\/\/eldigitaldeasturias.com\/magazine365\/#website","url":"https:\/\/eldigitaldeasturias.com\/magazine365\/","name":"El Digital de Asturias","description":"Revista de ocio, turismo y estilo de vida","inLanguage":"es-ES","publisher":{"@id":"https:\/\/eldigitaldeasturias.com\/magazine365\/#organization"}}]},"og:locale":"es_ES","og:site_name":"El Digital de Asturias \u2013 Revista de ocio, turismo y estilo de vida","og:type":"article","og:title":"Brasil rechaza la alarma sobre el zika de cara a los JJOO de R\u00edo de Janeiro | El Digital de Asturias","og:description":"El ministro de Deportes de Brasil, Leonardo Picciani, ha asegurado este martes que R\u00edo de Janeiro est\u00e1 preparado para acoger los Juegos Ol\u00edmpicos, rechazando las preocupaciones sobre el brote de zika en el pa\u00eds. En este sentido, ha resaltado en declaraciones a la cadena de televisi\u00f3n brit\u00e1nica BBC que &quot;se han tomado todas las precauciones&quot;","og:url":"https:\/\/eldigitaldeasturias.com\/magazine365\/brasil-rechaza-la-alarma-sobre-el-zika-de-cara-a-los-jjoo-de-rio-de-janeiro\/","og:image":"https:\/\/eldigitaldeasturias.com\/magazine365\/wp-content\/uploads\/2016\/06\/m365.jpg","og:image:secure_url":"https:\/\/eldigitaldeasturias.com\/magazine365\/wp-content\/uploads\/2016\/06\/m365.jpg","og:image:width":655,"og:image:height":360,"article:published_time":"2016-06-08T10:41:50+00:00","article:modified_time":"2016-06-08T10:41:50+00:00","twitter:card":"summary_large_image","twitter:title":"Brasil rechaza la alarma sobre el zika de cara a los JJOO de R\u00edo de Janeiro | El Digital de Asturias","twitter:description":"El ministro de Deportes de Brasil, Leonardo Picciani, ha asegurado este martes que R\u00edo de Janeiro est\u00e1 preparado para acoger los Juegos Ol\u00edmpicos, rechazando las preocupaciones sobre el brote de zika en el pa\u00eds. En este sentido, ha resaltado en declaraciones a la cadena de televisi\u00f3n brit\u00e1nica BBC que &quot;se han tomado todas las precauciones&quot;","twitter:image":"https:\/\/eldigitaldeasturias.com\/magazine365\/wp-content\/uploads\/2016\/06\/m365.jpg"},"aioseo_meta_data":{"post_id":"78115","title":null,"description":null,"keywords":null,"keyphrases":null,"primary_term":null,"canonical_url":null,"og_title":null,"og_description":null,"og_object_type":"default","og_image_type":"default","og_image_url":null,"og_image_width":null,"og_image_height":null,"og_image_custom_url":null,"og_image_custom_fields":null,"og_video":null,"og_custom_url":null,"og_article_section":null,"og_article_tags":null,"twitter_use_og":false,"twitter_card":"default","twitter_image_type":"default","twitter_image_url":null,"twitter_image_custom_url":null,"twitter_image_custom_fields":null,"twitter_title":null,"twitter_description":null,"schema":{"blockGraphs":[],"customGraphs":[],"default":{"data":{"Article":[],"Course":[],"Dataset":[],"FAQPage":[],"Movie":[],"Person":[],"Product":[],"ProductReview":[],"Car":[],"Recipe":[],"Service":[],"SoftwareApplication":[],"WebPage":[]},"graphName":"","isEnabled":true},"graphs":[],"defaultGraph":"","defaultPostTypeGraph":""},"schema_type":null,"schema_type_options":null,"pillar_content":false,"robots_default":true,"robots_noindex":false,"robots_noarchive":false,"robots_nosnippet":false,"robots_nofollow":false,"robots_noimageindex":false,"robots_noodp":false,"robots_notranslate":false,"robots_max_snippet":null,"robots_max_videopreview":null,"robots_max_imagepreview":"large","priority":null,"frequency":null,"location":null,"local_seo":null,"seo_analyzer_scan_date":"2025-09-27 16:18:32","breadcrumb_settings":null,"limit_modified_date":false,"open_ai":null,"ai":null,"created":"2021-03-08 18:04:41","updated":"2025-09-27 16:18:32"},"aioseo_breadcrumb":"<div class=\"aioseo-breadcrumbs\"><span class=\"aioseo-breadcrumb\">\n\t<a href=\"https:\/\/eldigitaldeasturias.com\/magazine365\" title=\"Home\">Home<\/a>\n<\/span><span class=\"aioseo-breadcrumb-separator\">\u2013<\/span><span class=\"aioseo-breadcrumb\">\n\t<a href=\"https:\/\/eldigitaldeasturias.com\/magazine365\/category\/noticias-actualidad\/\" title=\"Noticias y Actualidad\">Noticias y Actualidad<\/a>\n<\/span><span class=\"aioseo-breadcrumb-separator\">\u2013<\/span><span class=\"aioseo-breadcrumb\">\n\t<a href=\"https:\/\/eldigitaldeasturias.com\/magazine365\/brasil-rechaza-la-alarma-sobre-el-zika-de-cara-a-los-jjoo-de-rio-de-janeiro\/\" title=\"Brasil rechaza la alarma sobre el zika de cara a los JJOO de R\u00edo de Janeiro\">Brasil rechaza la alarma sobre el zika de cara a los JJOO de R\u00edo de Janeiro<\/a>\n<\/span><\/div>","aioseo_breadcrumb_json":[{"label":"Home","link":"https:\/\/eldigitaldeasturias.com\/magazine365"},{"label":"Noticias y Actualidad","link":"https:\/\/eldigitaldeasturias.com\/magazine365\/category\/noticias-actualidad\/"},{"label":"Brasil rechaza la alarma sobre el zika de cara a los JJOO de R\u00edo de Janeiro","link":"https:\/\/eldigitaldeasturias.com\/magazine365\/brasil-rechaza-la-alarma-sobre-el-zika-de-cara-a-los-jjoo-de-rio-de-janeiro\/"}],"_links":{"self":[{"href":"https:\/\/eldigitaldeasturias.com\/magazine365\/wp-json\/wp\/v2\/posts\/78115","targetHints":{"allow":["GET"]}}],"collection":[{"href":"https:\/\/eldigitaldeasturias.com\/magazine365\/wp-json\/wp\/v2\/posts"}],"about":[{"href":"https:\/\/eldigitaldeasturias.com\/magazine365\/wp-json\/wp\/v2\/types\/post"}],"author":[{"embeddable":true,"href":"https:\/\/eldigitaldeasturias.com\/magazine365\/wp-json\/wp\/v2\/users\/1"}],"replies":[{"embeddable":true,"href":"https:\/\/eldigitaldeasturias.com\/magazine365\/wp-json\/wp\/v2\/comments?post=78115"}],"version-history":[{"count":0,"href":"https:\/\/eldigitaldeasturias.com\/magazine365\/wp-json\/wp\/v2\/posts\/78115\/revisions"}],"wp:featuredmedia":[{"embeddable":true,"href":"https:\/\/eldigitaldeasturias.com\/magazine365\/wp-json\/wp\/v2\/media\/77926"}],"wp:attachment":[{"href":"https:\/\/eldigitaldeasturias.com\/magazine365\/wp-json\/wp\/v2\/media?parent=78115"}],"wp:term":[{"taxonomy":"category","embeddable":true,"href":"https:\/\/eldigitaldeasturias.com\/magazine365\/wp-json\/wp\/v2\/categories?post=78115"},{"taxonomy":"post_tag","embeddable":true,"href":"https:\/\/eldigitaldeasturias.com\/magazine365\/wp-json\/wp\/v2\/tags?post=78115"}],"curies":[{"name":"wp","href":"https:\/\/api.w.org\/{rel}","templated":true}]}}