{"id":78113,"date":"2016-06-08T12:36:52","date_gmt":"2016-06-08T10:36:52","guid":{"rendered":"http:\/\/eldigitaldeasturias.com\/magazine365\/?p=78113"},"modified":"2016-06-08T12:36:52","modified_gmt":"2016-06-08T10:36:52","slug":"aida-cruises-celebra-en-malaga-su-vigesimo-aniversario","status":"publish","type":"post","link":"https:\/\/eldigitaldeasturias.com\/magazine365\/aida-cruises-celebra-en-malaga-su-vigesimo-aniversario\/","title":{"rendered":"AIDA Cruises celebra en M\u00e1laga su vig\u00e9simo aniversario"},"content":{"rendered":"<p><img fetchpriority=\"high\" decoding=\"async\" class=\"alignleft size-medium wp-image-78116\" src=\"https:\/\/eldigitaldeasturias.com\/magazine365\/wp-content\/uploads\/2016\/06\/fotonoticia_20160607172936_800-360x240.jpg\" alt=\"fotonoticia_20160607172936_800\" width=\"360\" height=\"240\" srcset=\"https:\/\/eldigitaldeasturias.com\/magazine365\/wp-content\/uploads\/2016\/06\/fotonoticia_20160607172936_800-360x240.jpg 360w, https:\/\/eldigitaldeasturias.com\/magazine365\/wp-content\/uploads\/2016\/06\/fotonoticia_20160607172936_800-650x433.jpg 650w, https:\/\/eldigitaldeasturias.com\/magazine365\/wp-content\/uploads\/2016\/06\/fotonoticia_20160607172936_800-768x512.jpg 768w, https:\/\/eldigitaldeasturias.com\/magazine365\/wp-content\/uploads\/2016\/06\/fotonoticia_20160607172936_800-150x100.jpg 150w, https:\/\/eldigitaldeasturias.com\/magazine365\/wp-content\/uploads\/2016\/06\/fotonoticia_20160607172936_800-450x300.jpg 450w, https:\/\/eldigitaldeasturias.com\/magazine365\/wp-content\/uploads\/2016\/06\/fotonoticia_20160607172936_800-101x66.jpg 101w, https:\/\/eldigitaldeasturias.com\/magazine365\/wp-content\/uploads\/2016\/06\/fotonoticia_20160607172936_800.jpg 800w\" sizes=\"(max-width: 360px) 100vw, 360px\" \/>El puerto de M\u00e1laga ha recibido este martes una visita muy especial. La naviera alemana AIDA Cruises, perteneciente al Grupo Carnival, celebra su vig\u00e9simo aniversario coincidiendo con la llegada al recinto malague\u00f1o del primero de los 11 buques de crucero adquiridos por la compa\u00f1\u00eda, el &#8216;AIDAcara&#8217;, bautizado el 7 de junio de 1996.<\/p>\n<p>El itinerario para conmemorar esta fecha consiste en un trayecto de ocho d\u00edas entre Mallorca y Gran Canaria, durante el cual se festejar\u00e1 el cumplea\u00f1os de la naviera con eventos a bordo dedicados a los pasajeros y la tripulaci\u00f3n.<\/p>\n<p>La compa\u00f1\u00eda destaca por las im\u00e1genes representadas en el casco de sus buques. Gracias a su gran colorido, que aporta frescura y jovialidad a la marca, la naviera es reconocible a su llegada a puerto.<\/p>\n<p>El primer buque de crucero de la naviera cuenta con 193,35 metros de eslora y una capacidad m\u00e1xima para acoger a 1.230 pasajeros, seg\u00fan han se\u00f1alado en un comunicado desde M\u00e1lagaport.<\/p>\n<p>La compa\u00f1\u00eda AIDA Cruises tiene previsto visitar el puerto durante el presente ejercicio en cuatro ocasiones a bordo de sus buques &#8216;AIDAcara&#8217; y &#8216;AIDAblu&#8217;. La pr\u00f3xima escala ser\u00e1 en noviembre.<\/p>\n","protected":false},"excerpt":{"rendered":"<p>El puerto de M\u00e1laga ha recibido este martes una visita muy especial. La naviera alemana AIDA Cruises, perteneciente al Grupo Carnival, celebra su vig\u00e9simo aniversario coincidiendo con la llegada al recinto malague\u00f1o del primero de los 11 buques de crucero adquiridos por la compa\u00f1\u00eda, el &#8216;AIDAcara&#8217;, bautizado el 7 de junio de 1996. El itinerario<\/p>\n","protected":false},"author":1,"featured_media":78116,"comment_status":"open","ping_status":"closed","sticky":false,"template":"","format":"standard","meta":{"footnotes":""},"categories":[224],"tags":[],"class_list":{"0":"post-78113","1":"post","2":"type-post","3":"status-publish","4":"format-standard","5":"has-post-thumbnail","7":"category-noticias-actualidad"},"aioseo_notices":[],"aioseo_head":"\n\t\t<!-- All in One SEO Pro 4.9.6.1 - aioseo.com -->\n\t<meta name=\"description\" content=\"El puerto de M\u00e1laga ha recibido este martes una visita muy especial. La naviera alemana AIDA Cruises, perteneciente al Grupo Carnival, celebra su vig\u00e9simo aniversario coincidiendo con la llegada al recinto malague\u00f1o del primero de los 11 buques de crucero adquiridos por la compa\u00f1\u00eda, el &#039;AIDAcara&#039;, bautizado el 7 de junio de 1996. El itinerario\" \/>\n\t<meta name=\"robots\" content=\"max-image-preview:large\" \/>\n\t<meta name=\"author\" content=\"admin\"\/>\n\t<meta name=\"google-site-verification\" content=\"UA-38556648-1\" \/>\n\t<meta name=\"keywords\" content=\"noticias y actualidad\" \/>\n\t<link rel=\"canonical\" href=\"https:\/\/eldigitaldeasturias.com\/magazine365\/aida-cruises-celebra-en-malaga-su-vigesimo-aniversario\/\" \/>\n\t<meta name=\"generator\" content=\"All in One SEO Pro (AIOSEO) 4.9.6.1\" \/>\n\t\t<meta property=\"og:locale\" content=\"es_ES\" \/>\n\t\t<meta property=\"og:site_name\" content=\"El Digital de Asturias \u2013 Revista de ocio, turismo y estilo de vida\" \/>\n\t\t<meta property=\"og:type\" content=\"article\" \/>\n\t\t<meta property=\"og:title\" content=\"AIDA Cruises celebra en M\u00e1laga su vig\u00e9simo aniversario | El Digital de Asturias\" \/>\n\t\t<meta property=\"og:description\" content=\"El puerto de M\u00e1laga ha recibido este martes una visita muy especial. La naviera alemana AIDA Cruises, perteneciente al Grupo Carnival, celebra su vig\u00e9simo aniversario coincidiendo con la llegada al recinto malague\u00f1o del primero de los 11 buques de crucero adquiridos por la compa\u00f1\u00eda, el &#039;AIDAcara&#039;, bautizado el 7 de junio de 1996. El itinerario\" \/>\n\t\t<meta property=\"og:url\" content=\"https:\/\/eldigitaldeasturias.com\/magazine365\/aida-cruises-celebra-en-malaga-su-vigesimo-aniversario\/\" \/>\n\t\t<meta property=\"og:image\" content=\"https:\/\/eldigitaldeasturias.com\/magazine365\/wp-content\/uploads\/2016\/06\/fotonoticia_20160607172936_800.jpg\" \/>\n\t\t<meta property=\"og:image:secure_url\" content=\"https:\/\/eldigitaldeasturias.com\/magazine365\/wp-content\/uploads\/2016\/06\/fotonoticia_20160607172936_800.jpg\" \/>\n\t\t<meta property=\"og:image:width\" content=\"800\" \/>\n\t\t<meta property=\"og:image:height\" content=\"533\" \/>\n\t\t<meta property=\"article:published_time\" content=\"2016-06-08T10:36:52+00:00\" \/>\n\t\t<meta property=\"article:modified_time\" content=\"2016-06-08T10:36:52+00:00\" \/>\n\t\t<meta name=\"twitter:card\" content=\"summary_large_image\" \/>\n\t\t<meta name=\"twitter:title\" content=\"AIDA Cruises celebra en M\u00e1laga su vig\u00e9simo aniversario | El Digital de Asturias\" \/>\n\t\t<meta name=\"twitter:description\" content=\"El puerto de M\u00e1laga ha recibido este martes una visita muy especial. La naviera alemana AIDA Cruises, perteneciente al Grupo Carnival, celebra su vig\u00e9simo aniversario coincidiendo con la llegada al recinto malague\u00f1o del primero de los 11 buques de crucero adquiridos por la compa\u00f1\u00eda, el &#039;AIDAcara&#039;, bautizado el 7 de junio de 1996. El itinerario\" \/>\n\t\t<meta name=\"twitter:image\" content=\"https:\/\/eldigitaldeasturias.com\/magazine365\/wp-content\/uploads\/2016\/06\/fotonoticia_20160607172936_800.jpg\" \/>\n\t\t<script type=\"application\/ld+json\" class=\"aioseo-schema\">\n\t\t\t{\"@context\":\"https:\\\/\\\/schema.org\",\"@graph\":[{\"@type\":\"Article\",\"@id\":\"https:\\\/\\\/eldigitaldeasturias.com\\\/magazine365\\\/aida-cruises-celebra-en-malaga-su-vigesimo-aniversario\\\/#article\",\"name\":\"AIDA Cruises celebra en M\\u00e1laga su vig\\u00e9simo aniversario | El Digital de Asturias\",\"headline\":\"AIDA Cruises celebra en M\\u00e1laga su vig\\u00e9simo aniversario\",\"author\":{\"@id\":\"https:\\\/\\\/eldigitaldeasturias.com\\\/magazine365\\\/author\\\/admin\\\/#author\"},\"publisher\":{\"@id\":\"https:\\\/\\\/eldigitaldeasturias.com\\\/magazine365\\\/#organization\"},\"image\":{\"@type\":\"ImageObject\",\"url\":\"https:\\\/\\\/eldigitaldeasturias.com\\\/magazine365\\\/wp-content\\\/uploads\\\/2016\\\/06\\\/fotonoticia_20160607172936_800.jpg\",\"width\":800,\"height\":533},\"datePublished\":\"2016-06-08T12:36:52+02:00\",\"dateModified\":\"2016-06-08T12:36:52+02:00\",\"inLanguage\":\"es-ES\",\"mainEntityOfPage\":{\"@id\":\"https:\\\/\\\/eldigitaldeasturias.com\\\/magazine365\\\/aida-cruises-celebra-en-malaga-su-vigesimo-aniversario\\\/#webpage\"},\"isPartOf\":{\"@id\":\"https:\\\/\\\/eldigitaldeasturias.com\\\/magazine365\\\/aida-cruises-celebra-en-malaga-su-vigesimo-aniversario\\\/#webpage\"},\"articleSection\":\"Noticias y Actualidad\"},{\"@type\":\"BreadcrumbList\",\"@id\":\"https:\\\/\\\/eldigitaldeasturias.com\\\/magazine365\\\/aida-cruises-celebra-en-malaga-su-vigesimo-aniversario\\\/#breadcrumblist\",\"itemListElement\":[{\"@type\":\"ListItem\",\"@id\":\"https:\\\/\\\/eldigitaldeasturias.com\\\/magazine365#listItem\",\"position\":1,\"name\":\"Home\",\"item\":\"https:\\\/\\\/eldigitaldeasturias.com\\\/magazine365\",\"nextItem\":{\"@type\":\"ListItem\",\"@id\":\"https:\\\/\\\/eldigitaldeasturias.com\\\/magazine365\\\/category\\\/noticias-actualidad\\\/#listItem\",\"name\":\"Noticias y Actualidad\"}},{\"@type\":\"ListItem\",\"@id\":\"https:\\\/\\\/eldigitaldeasturias.com\\\/magazine365\\\/category\\\/noticias-actualidad\\\/#listItem\",\"position\":2,\"name\":\"Noticias y Actualidad\",\"item\":\"https:\\\/\\\/eldigitaldeasturias.com\\\/magazine365\\\/category\\\/noticias-actualidad\\\/\",\"nextItem\":{\"@type\":\"ListItem\",\"@id\":\"https:\\\/\\\/eldigitaldeasturias.com\\\/magazine365\\\/aida-cruises-celebra-en-malaga-su-vigesimo-aniversario\\\/#listItem\",\"name\":\"AIDA Cruises celebra en M\\u00e1laga su vig\\u00e9simo aniversario\"},\"previousItem\":{\"@type\":\"ListItem\",\"@id\":\"https:\\\/\\\/eldigitaldeasturias.com\\\/magazine365#listItem\",\"name\":\"Home\"}},{\"@type\":\"ListItem\",\"@id\":\"https:\\\/\\\/eldigitaldeasturias.com\\\/magazine365\\\/aida-cruises-celebra-en-malaga-su-vigesimo-aniversario\\\/#listItem\",\"position\":3,\"name\":\"AIDA Cruises celebra en M\\u00e1laga su vig\\u00e9simo aniversario\",\"previousItem\":{\"@type\":\"ListItem\",\"@id\":\"https:\\\/\\\/eldigitaldeasturias.com\\\/magazine365\\\/category\\\/noticias-actualidad\\\/#listItem\",\"name\":\"Noticias y Actualidad\"}}]},{\"@type\":\"Organization\",\"@id\":\"https:\\\/\\\/eldigitaldeasturias.com\\\/magazine365\\\/#organization\",\"name\":\"El digital de Asturias\",\"description\":\"Revista de ocio, turismo y estilo de vida\",\"url\":\"https:\\\/\\\/eldigitaldeasturias.com\\\/magazine365\\\/\",\"logo\":{\"@type\":\"ImageObject\",\"url\":\"https:\\\/\\\/www.eldigitaldeasturias.com\\\/noticias\\\/wp-content\\\/uploads\\\/2020\\\/12\\\/EDA.jpg\",\"@id\":\"https:\\\/\\\/eldigitaldeasturias.com\\\/magazine365\\\/aida-cruises-celebra-en-malaga-su-vigesimo-aniversario\\\/#organizationLogo\"},\"image\":{\"@id\":\"https:\\\/\\\/eldigitaldeasturias.com\\\/magazine365\\\/aida-cruises-celebra-en-malaga-su-vigesimo-aniversario\\\/#organizationLogo\"}},{\"@type\":\"Person\",\"@id\":\"https:\\\/\\\/eldigitaldeasturias.com\\\/magazine365\\\/author\\\/admin\\\/#author\",\"url\":\"https:\\\/\\\/eldigitaldeasturias.com\\\/magazine365\\\/author\\\/admin\\\/\",\"name\":\"admin\",\"image\":{\"@type\":\"ImageObject\",\"@id\":\"https:\\\/\\\/eldigitaldeasturias.com\\\/magazine365\\\/aida-cruises-celebra-en-malaga-su-vigesimo-aniversario\\\/#authorImage\",\"url\":\"https:\\\/\\\/eldigitaldeasturias.com\\\/magazine365\\\/wp-content\\\/litespeed\\\/avatar\\\/e571bcf59a0edd6fa6838245a470f2fe.jpg?ver=1776969259\",\"width\":96,\"height\":96,\"caption\":\"admin\"}},{\"@type\":\"WebPage\",\"@id\":\"https:\\\/\\\/eldigitaldeasturias.com\\\/magazine365\\\/aida-cruises-celebra-en-malaga-su-vigesimo-aniversario\\\/#webpage\",\"url\":\"https:\\\/\\\/eldigitaldeasturias.com\\\/magazine365\\\/aida-cruises-celebra-en-malaga-su-vigesimo-aniversario\\\/\",\"name\":\"AIDA Cruises celebra en M\\u00e1laga su vig\\u00e9simo aniversario | El Digital de Asturias\",\"description\":\"El puerto de M\\u00e1laga ha recibido este martes una visita muy especial. La naviera alemana AIDA Cruises, perteneciente al Grupo Carnival, celebra su vig\\u00e9simo aniversario coincidiendo con la llegada al recinto malague\\u00f1o del primero de los 11 buques de crucero adquiridos por la compa\\u00f1\\u00eda, el 'AIDAcara', bautizado el 7 de junio de 1996. El itinerario\",\"inLanguage\":\"es-ES\",\"isPartOf\":{\"@id\":\"https:\\\/\\\/eldigitaldeasturias.com\\\/magazine365\\\/#website\"},\"breadcrumb\":{\"@id\":\"https:\\\/\\\/eldigitaldeasturias.com\\\/magazine365\\\/aida-cruises-celebra-en-malaga-su-vigesimo-aniversario\\\/#breadcrumblist\"},\"author\":{\"@id\":\"https:\\\/\\\/eldigitaldeasturias.com\\\/magazine365\\\/author\\\/admin\\\/#author\"},\"creator\":{\"@id\":\"https:\\\/\\\/eldigitaldeasturias.com\\\/magazine365\\\/author\\\/admin\\\/#author\"},\"image\":{\"@type\":\"ImageObject\",\"url\":\"https:\\\/\\\/eldigitaldeasturias.com\\\/magazine365\\\/wp-content\\\/uploads\\\/2016\\\/06\\\/fotonoticia_20160607172936_800.jpg\",\"@id\":\"https:\\\/\\\/eldigitaldeasturias.com\\\/magazine365\\\/aida-cruises-celebra-en-malaga-su-vigesimo-aniversario\\\/#mainImage\",\"width\":800,\"height\":533},\"primaryImageOfPage\":{\"@id\":\"https:\\\/\\\/eldigitaldeasturias.com\\\/magazine365\\\/aida-cruises-celebra-en-malaga-su-vigesimo-aniversario\\\/#mainImage\"},\"datePublished\":\"2016-06-08T12:36:52+02:00\",\"dateModified\":\"2016-06-08T12:36:52+02:00\"},{\"@type\":\"WebSite\",\"@id\":\"https:\\\/\\\/eldigitaldeasturias.com\\\/magazine365\\\/#website\",\"url\":\"https:\\\/\\\/eldigitaldeasturias.com\\\/magazine365\\\/\",\"name\":\"El Digital de Asturias\",\"description\":\"Revista de ocio, turismo y estilo de vida\",\"inLanguage\":\"es-ES\",\"publisher\":{\"@id\":\"https:\\\/\\\/eldigitaldeasturias.com\\\/magazine365\\\/#organization\"}}]}\n\t\t<\/script>\n\t\t<!-- All in One SEO Pro -->\r\n\t\t<title>AIDA Cruises celebra en M\u00e1laga su vig\u00e9simo aniversario | El Digital de Asturias<\/title>\n\n","aioseo_head_json":{"title":"AIDA Cruises celebra en M\u00e1laga su vig\u00e9simo aniversario | El Digital de Asturias","description":"El puerto de M\u00e1laga ha recibido este martes una visita muy especial. La naviera alemana AIDA Cruises, perteneciente al Grupo Carnival, celebra su vig\u00e9simo aniversario coincidiendo con la llegada al recinto malague\u00f1o del primero de los 11 buques de crucero adquiridos por la compa\u00f1\u00eda, el 'AIDAcara', bautizado el 7 de junio de 1996. El itinerario","canonical_url":"https:\/\/eldigitaldeasturias.com\/magazine365\/aida-cruises-celebra-en-malaga-su-vigesimo-aniversario\/","robots":"max-image-preview:large","keywords":"noticias y actualidad","webmasterTools":{"google-site-verification":"UA-38556648-1","miscellaneous":""},"schema":{"@context":"https:\/\/schema.org","@graph":[{"@type":"Article","@id":"https:\/\/eldigitaldeasturias.com\/magazine365\/aida-cruises-celebra-en-malaga-su-vigesimo-aniversario\/#article","name":"AIDA Cruises celebra en M\u00e1laga su vig\u00e9simo aniversario | El Digital de Asturias","headline":"AIDA Cruises celebra en M\u00e1laga su vig\u00e9simo aniversario","author":{"@id":"https:\/\/eldigitaldeasturias.com\/magazine365\/author\/admin\/#author"},"publisher":{"@id":"https:\/\/eldigitaldeasturias.com\/magazine365\/#organization"},"image":{"@type":"ImageObject","url":"https:\/\/eldigitaldeasturias.com\/magazine365\/wp-content\/uploads\/2016\/06\/fotonoticia_20160607172936_800.jpg","width":800,"height":533},"datePublished":"2016-06-08T12:36:52+02:00","dateModified":"2016-06-08T12:36:52+02:00","inLanguage":"es-ES","mainEntityOfPage":{"@id":"https:\/\/eldigitaldeasturias.com\/magazine365\/aida-cruises-celebra-en-malaga-su-vigesimo-aniversario\/#webpage"},"isPartOf":{"@id":"https:\/\/eldigitaldeasturias.com\/magazine365\/aida-cruises-celebra-en-malaga-su-vigesimo-aniversario\/#webpage"},"articleSection":"Noticias y Actualidad"},{"@type":"BreadcrumbList","@id":"https:\/\/eldigitaldeasturias.com\/magazine365\/aida-cruises-celebra-en-malaga-su-vigesimo-aniversario\/#breadcrumblist","itemListElement":[{"@type":"ListItem","@id":"https:\/\/eldigitaldeasturias.com\/magazine365#listItem","position":1,"name":"Home","item":"https:\/\/eldigitaldeasturias.com\/magazine365","nextItem":{"@type":"ListItem","@id":"https:\/\/eldigitaldeasturias.com\/magazine365\/category\/noticias-actualidad\/#listItem","name":"Noticias y Actualidad"}},{"@type":"ListItem","@id":"https:\/\/eldigitaldeasturias.com\/magazine365\/category\/noticias-actualidad\/#listItem","position":2,"name":"Noticias y Actualidad","item":"https:\/\/eldigitaldeasturias.com\/magazine365\/category\/noticias-actualidad\/","nextItem":{"@type":"ListItem","@id":"https:\/\/eldigitaldeasturias.com\/magazine365\/aida-cruises-celebra-en-malaga-su-vigesimo-aniversario\/#listItem","name":"AIDA Cruises celebra en M\u00e1laga su vig\u00e9simo aniversario"},"previousItem":{"@type":"ListItem","@id":"https:\/\/eldigitaldeasturias.com\/magazine365#listItem","name":"Home"}},{"@type":"ListItem","@id":"https:\/\/eldigitaldeasturias.com\/magazine365\/aida-cruises-celebra-en-malaga-su-vigesimo-aniversario\/#listItem","position":3,"name":"AIDA Cruises celebra en M\u00e1laga su vig\u00e9simo aniversario","previousItem":{"@type":"ListItem","@id":"https:\/\/eldigitaldeasturias.com\/magazine365\/category\/noticias-actualidad\/#listItem","name":"Noticias y Actualidad"}}]},{"@type":"Organization","@id":"https:\/\/eldigitaldeasturias.com\/magazine365\/#organization","name":"El digital de Asturias","description":"Revista de ocio, turismo y estilo de vida","url":"https:\/\/eldigitaldeasturias.com\/magazine365\/","logo":{"@type":"ImageObject","url":"https:\/\/www.eldigitaldeasturias.com\/noticias\/wp-content\/uploads\/2020\/12\/EDA.jpg","@id":"https:\/\/eldigitaldeasturias.com\/magazine365\/aida-cruises-celebra-en-malaga-su-vigesimo-aniversario\/#organizationLogo"},"image":{"@id":"https:\/\/eldigitaldeasturias.com\/magazine365\/aida-cruises-celebra-en-malaga-su-vigesimo-aniversario\/#organizationLogo"}},{"@type":"Person","@id":"https:\/\/eldigitaldeasturias.com\/magazine365\/author\/admin\/#author","url":"https:\/\/eldigitaldeasturias.com\/magazine365\/author\/admin\/","name":"admin","image":{"@type":"ImageObject","@id":"https:\/\/eldigitaldeasturias.com\/magazine365\/aida-cruises-celebra-en-malaga-su-vigesimo-aniversario\/#authorImage","url":"https:\/\/eldigitaldeasturias.com\/magazine365\/wp-content\/litespeed\/avatar\/e571bcf59a0edd6fa6838245a470f2fe.jpg?ver=1776969259","width":96,"height":96,"caption":"admin"}},{"@type":"WebPage","@id":"https:\/\/eldigitaldeasturias.com\/magazine365\/aida-cruises-celebra-en-malaga-su-vigesimo-aniversario\/#webpage","url":"https:\/\/eldigitaldeasturias.com\/magazine365\/aida-cruises-celebra-en-malaga-su-vigesimo-aniversario\/","name":"AIDA Cruises celebra en M\u00e1laga su vig\u00e9simo aniversario | El Digital de Asturias","description":"El puerto de M\u00e1laga ha recibido este martes una visita muy especial. La naviera alemana AIDA Cruises, perteneciente al Grupo Carnival, celebra su vig\u00e9simo aniversario coincidiendo con la llegada al recinto malague\u00f1o del primero de los 11 buques de crucero adquiridos por la compa\u00f1\u00eda, el 'AIDAcara', bautizado el 7 de junio de 1996. El itinerario","inLanguage":"es-ES","isPartOf":{"@id":"https:\/\/eldigitaldeasturias.com\/magazine365\/#website"},"breadcrumb":{"@id":"https:\/\/eldigitaldeasturias.com\/magazine365\/aida-cruises-celebra-en-malaga-su-vigesimo-aniversario\/#breadcrumblist"},"author":{"@id":"https:\/\/eldigitaldeasturias.com\/magazine365\/author\/admin\/#author"},"creator":{"@id":"https:\/\/eldigitaldeasturias.com\/magazine365\/author\/admin\/#author"},"image":{"@type":"ImageObject","url":"https:\/\/eldigitaldeasturias.com\/magazine365\/wp-content\/uploads\/2016\/06\/fotonoticia_20160607172936_800.jpg","@id":"https:\/\/eldigitaldeasturias.com\/magazine365\/aida-cruises-celebra-en-malaga-su-vigesimo-aniversario\/#mainImage","width":800,"height":533},"primaryImageOfPage":{"@id":"https:\/\/eldigitaldeasturias.com\/magazine365\/aida-cruises-celebra-en-malaga-su-vigesimo-aniversario\/#mainImage"},"datePublished":"2016-06-08T12:36:52+02:00","dateModified":"2016-06-08T12:36:52+02:00"},{"@type":"WebSite","@id":"https:\/\/eldigitaldeasturias.com\/magazine365\/#website","url":"https:\/\/eldigitaldeasturias.com\/magazine365\/","name":"El Digital de Asturias","description":"Revista de ocio, turismo y estilo de vida","inLanguage":"es-ES","publisher":{"@id":"https:\/\/eldigitaldeasturias.com\/magazine365\/#organization"}}]},"og:locale":"es_ES","og:site_name":"El Digital de Asturias \u2013 Revista de ocio, turismo y estilo de vida","og:type":"article","og:title":"AIDA Cruises celebra en M\u00e1laga su vig\u00e9simo aniversario | El Digital de Asturias","og:description":"El puerto de M\u00e1laga ha recibido este martes una visita muy especial. La naviera alemana AIDA Cruises, perteneciente al Grupo Carnival, celebra su vig\u00e9simo aniversario coincidiendo con la llegada al recinto malague\u00f1o del primero de los 11 buques de crucero adquiridos por la compa\u00f1\u00eda, el 'AIDAcara', bautizado el 7 de junio de 1996. El itinerario","og:url":"https:\/\/eldigitaldeasturias.com\/magazine365\/aida-cruises-celebra-en-malaga-su-vigesimo-aniversario\/","og:image":"https:\/\/eldigitaldeasturias.com\/magazine365\/wp-content\/uploads\/2016\/06\/fotonoticia_20160607172936_800.jpg","og:image:secure_url":"https:\/\/eldigitaldeasturias.com\/magazine365\/wp-content\/uploads\/2016\/06\/fotonoticia_20160607172936_800.jpg","og:image:width":800,"og:image:height":533,"article:published_time":"2016-06-08T10:36:52+00:00","article:modified_time":"2016-06-08T10:36:52+00:00","twitter:card":"summary_large_image","twitter:title":"AIDA Cruises celebra en M\u00e1laga su vig\u00e9simo aniversario | El Digital de Asturias","twitter:description":"El puerto de M\u00e1laga ha recibido este martes una visita muy especial. La naviera alemana AIDA Cruises, perteneciente al Grupo Carnival, celebra su vig\u00e9simo aniversario coincidiendo con la llegada al recinto malague\u00f1o del primero de los 11 buques de crucero adquiridos por la compa\u00f1\u00eda, el 'AIDAcara', bautizado el 7 de junio de 1996. El itinerario","twitter:image":"https:\/\/eldigitaldeasturias.com\/magazine365\/wp-content\/uploads\/2016\/06\/fotonoticia_20160607172936_800.jpg"},"aioseo_meta_data":{"post_id":"78113","title":null,"description":null,"keywords":null,"keyphrases":null,"primary_term":null,"canonical_url":null,"og_title":null,"og_description":null,"og_object_type":"default","og_image_type":"default","og_image_url":null,"og_image_width":null,"og_image_height":null,"og_image_custom_url":null,"og_image_custom_fields":null,"og_video":null,"og_custom_url":null,"og_article_section":null,"og_article_tags":null,"twitter_use_og":false,"twitter_card":"default","twitter_image_type":"default","twitter_image_url":null,"twitter_image_custom_url":null,"twitter_image_custom_fields":null,"twitter_title":null,"twitter_description":null,"schema":{"blockGraphs":[],"customGraphs":[],"default":{"data":{"Article":[],"Course":[],"Dataset":[],"FAQPage":[],"Movie":[],"Person":[],"Product":[],"ProductReview":[],"Car":[],"Recipe":[],"Service":[],"SoftwareApplication":[],"WebPage":[]},"graphName":"","isEnabled":true},"graphs":[],"defaultGraph":"","defaultPostTypeGraph":""},"schema_type":null,"schema_type_options":null,"pillar_content":false,"robots_default":true,"robots_noindex":false,"robots_noarchive":false,"robots_nosnippet":false,"robots_nofollow":false,"robots_noimageindex":false,"robots_noodp":false,"robots_notranslate":false,"robots_max_snippet":null,"robots_max_videopreview":null,"robots_max_imagepreview":"large","priority":null,"frequency":null,"location":null,"local_seo":null,"seo_analyzer_scan_date":"2025-09-27 16:18:31","breadcrumb_settings":null,"limit_modified_date":false,"open_ai":null,"ai":null,"created":"2021-03-08 18:04:41","updated":"2025-09-27 16:18:31"},"aioseo_breadcrumb":"<div class=\"aioseo-breadcrumbs\"><span class=\"aioseo-breadcrumb\">\n\t<a href=\"https:\/\/eldigitaldeasturias.com\/magazine365\" title=\"Home\">Home<\/a>\n<\/span><span class=\"aioseo-breadcrumb-separator\">\u2013<\/span><span class=\"aioseo-breadcrumb\">\n\t<a href=\"https:\/\/eldigitaldeasturias.com\/magazine365\/category\/noticias-actualidad\/\" title=\"Noticias y Actualidad\">Noticias y Actualidad<\/a>\n<\/span><span class=\"aioseo-breadcrumb-separator\">\u2013<\/span><span class=\"aioseo-breadcrumb\">\n\t<a href=\"https:\/\/eldigitaldeasturias.com\/magazine365\/aida-cruises-celebra-en-malaga-su-vigesimo-aniversario\/\" title=\"AIDA Cruises celebra en M\u00e1laga su vig\u00e9simo aniversario\">AIDA Cruises celebra en M\u00e1laga su vig\u00e9simo aniversario<\/a>\n<\/span><\/div>","aioseo_breadcrumb_json":[{"label":"Home","link":"https:\/\/eldigitaldeasturias.com\/magazine365"},{"label":"Noticias y Actualidad","link":"https:\/\/eldigitaldeasturias.com\/magazine365\/category\/noticias-actualidad\/"},{"label":"AIDA Cruises celebra en M\u00e1laga su vig\u00e9simo aniversario","link":"https:\/\/eldigitaldeasturias.com\/magazine365\/aida-cruises-celebra-en-malaga-su-vigesimo-aniversario\/"}],"_links":{"self":[{"href":"https:\/\/eldigitaldeasturias.com\/magazine365\/wp-json\/wp\/v2\/posts\/78113","targetHints":{"allow":["GET"]}}],"collection":[{"href":"https:\/\/eldigitaldeasturias.com\/magazine365\/wp-json\/wp\/v2\/posts"}],"about":[{"href":"https:\/\/eldigitaldeasturias.com\/magazine365\/wp-json\/wp\/v2\/types\/post"}],"author":[{"embeddable":true,"href":"https:\/\/eldigitaldeasturias.com\/magazine365\/wp-json\/wp\/v2\/users\/1"}],"replies":[{"embeddable":true,"href":"https:\/\/eldigitaldeasturias.com\/magazine365\/wp-json\/wp\/v2\/comments?post=78113"}],"version-history":[{"count":0,"href":"https:\/\/eldigitaldeasturias.com\/magazine365\/wp-json\/wp\/v2\/posts\/78113\/revisions"}],"wp:featuredmedia":[{"embeddable":true,"href":"https:\/\/eldigitaldeasturias.com\/magazine365\/wp-json\/wp\/v2\/media\/78116"}],"wp:attachment":[{"href":"https:\/\/eldigitaldeasturias.com\/magazine365\/wp-json\/wp\/v2\/media?parent=78113"}],"wp:term":[{"taxonomy":"category","embeddable":true,"href":"https:\/\/eldigitaldeasturias.com\/magazine365\/wp-json\/wp\/v2\/categories?post=78113"},{"taxonomy":"post_tag","embeddable":true,"href":"https:\/\/eldigitaldeasturias.com\/magazine365\/wp-json\/wp\/v2\/tags?post=78113"}],"curies":[{"name":"wp","href":"https:\/\/api.w.org\/{rel}","templated":true}]}}