{"id":78093,"date":"2016-06-08T12:30:14","date_gmt":"2016-06-08T10:30:14","guid":{"rendered":"http:\/\/eldigitaldeasturias.com\/magazine365\/?p=78093"},"modified":"2016-06-08T12:30:14","modified_gmt":"2016-06-08T10:30:14","slug":"reunion-a-tres-bandas-para-tratar-el-futuro-de-la-operacion-chamartin","status":"publish","type":"post","link":"https:\/\/eldigitaldeasturias.com\/magazine365\/reunion-a-tres-bandas-para-tratar-el-futuro-de-la-operacion-chamartin\/","title":{"rendered":"Reuni\u00f3n a tres bandas para tratar el futuro de la operaci\u00f3n Chamart\u00edn"},"content":{"rendered":"<p><img fetchpriority=\"high\" decoding=\"async\" class=\"alignleft size-medium wp-image-78097\" src=\"https:\/\/eldigitaldeasturias.com\/magazine365\/wp-content\/uploads\/2016\/06\/fotonoticia_20160608105248_800-360x240.jpg\" alt=\"fotonoticia_20160608105248_800\" width=\"360\" height=\"240\" srcset=\"https:\/\/eldigitaldeasturias.com\/magazine365\/wp-content\/uploads\/2016\/06\/fotonoticia_20160608105248_800-360x240.jpg 360w, https:\/\/eldigitaldeasturias.com\/magazine365\/wp-content\/uploads\/2016\/06\/fotonoticia_20160608105248_800-650x433.jpg 650w, https:\/\/eldigitaldeasturias.com\/magazine365\/wp-content\/uploads\/2016\/06\/fotonoticia_20160608105248_800-768x512.jpg 768w, https:\/\/eldigitaldeasturias.com\/magazine365\/wp-content\/uploads\/2016\/06\/fotonoticia_20160608105248_800-150x100.jpg 150w, https:\/\/eldigitaldeasturias.com\/magazine365\/wp-content\/uploads\/2016\/06\/fotonoticia_20160608105248_800-450x300.jpg 450w, https:\/\/eldigitaldeasturias.com\/magazine365\/wp-content\/uploads\/2016\/06\/fotonoticia_20160608105248_800-101x66.jpg 101w, https:\/\/eldigitaldeasturias.com\/magazine365\/wp-content\/uploads\/2016\/06\/fotonoticia_20160608105248_800.jpg 800w\" sizes=\"(max-width: 360px) 100vw, 360px\" \/>La ministra de Fomento, Ana Pastor, la presidenta de la Comunidad de Madrid, Cristina Cifuentes, y la alcaldesa de Madrid, Manuela Carmena, vuelven a reunirse este mi\u00e9rcoles para analizar el futuro del desarrollo conocido como operaci\u00f3n Chamart\u00edn.<\/p>\n<p>El encuentro se produce con posturas enfrentadas a priori, dado que la Comunidad de Madrid y Fomento son partidarias del proyecto Distrito Castellana Norte mientras que el Ayuntamiento apuesta por la propuesta alternativa que ha impulsado denominada Madrid Puerta Norte.<\/p>\n<p>En la anterior reuni\u00f3n que se celebr\u00f3 en el Ministerio, tanto Cifuentes como Ana Pastor consideraron \u00abinviable\u00bb la propuesta Madrid Puerta Norte. En el caso de la presidenta regional, ha asegurado que supone p\u00e9rdida de generaci\u00f3n de puestos de trabajo y que no da respuestas a la necesidad de movilidad del nudo norte, reprochando a su vez la actuaci\u00f3n \u00abunilateral\u00bb del Consistorio.<\/p>\n<p>Adem\u00e1s, ha pedido a Carmena \u00abque no se deje llevar por las presiones\u00bb de Podemos dentro de su Grupo y espera que los miembros de este partido \u00absean capaces de superar sus prejuicios ideol\u00f3gicos\u00bb.<\/p>\n<p>Por otra parte, el encuentro tambi\u00e9n se produce despu\u00e9s de conocerse que el Ministerio de Fomento remiti\u00f3 una carta al Consistorio reclamando 700 millones de euros por inversiones realizadas en la operaci\u00f3n Chamart\u00edn a ra\u00edz del rechazo del Pleno a la propuesta de Plan parcial para desarrollar el proyecto Distrito Castellana Norte.<\/p>\n<p>Ante este reclamaci\u00f3n, la alcaldesa de Madrid asegur\u00f3 que no hab\u00eda ninguna justificaci\u00f3n para la reclamaci\u00f3n de estas cantidades y record\u00f3 que el Pleno decidi\u00f3 no autorizar el plan en el que se basa DCN.<\/p>\n<p>De hecho, manifest\u00f3 que no tiene sentido hablar del proyecto Distrito Castellana Norte porque \u00abya no existe\u00bb, tras rechazarlo el Pleno, e instaba a los inversores a centrarse en el nuevo proyecto Madrid Puerta Norte.<\/p>\n<p>Carmena manifest\u00f3 que ella era m\u00e1s partidaria de una reuni\u00f3n \u00abt\u00e9cnica\u00bb que de un encuentro \u00abpol\u00edtico\u00bb, aunque \u00aben todo lo que sea sentarse y hablar siempre est\u00e1 dispuesta\u00bb.<\/p>\n","protected":false},"excerpt":{"rendered":"<p>La ministra de Fomento, Ana Pastor, la presidenta de la Comunidad de Madrid, Cristina Cifuentes, y la alcaldesa de Madrid, Manuela Carmena, vuelven a reunirse este mi\u00e9rcoles para analizar el futuro del desarrollo conocido como operaci\u00f3n Chamart\u00edn. El encuentro se produce con posturas enfrentadas a priori, dado que la Comunidad de Madrid y Fomento son<\/p>\n","protected":false},"author":1,"featured_media":78097,"comment_status":"open","ping_status":"closed","sticky":false,"template":"","format":"standard","meta":{"footnotes":""},"categories":[224],"tags":[],"class_list":{"0":"post-78093","1":"post","2":"type-post","3":"status-publish","4":"format-standard","5":"has-post-thumbnail","7":"category-noticias-actualidad"},"aioseo_notices":[],"aioseo_head":"\n\t\t<!-- All in One SEO Pro 4.9.6.1 - aioseo.com -->\n\t<meta name=\"description\" content=\"La ministra de Fomento, Ana Pastor, la presidenta de la Comunidad de Madrid, Cristina Cifuentes, y la alcaldesa de Madrid, Manuela Carmena, vuelven a reunirse este mi\u00e9rcoles para analizar el futuro del desarrollo conocido como operaci\u00f3n Chamart\u00edn. El encuentro se produce con posturas enfrentadas a priori, dado que la Comunidad de Madrid y Fomento son\" \/>\n\t<meta name=\"robots\" content=\"max-image-preview:large\" \/>\n\t<meta name=\"author\" content=\"admin\"\/>\n\t<meta name=\"google-site-verification\" content=\"UA-38556648-1\" \/>\n\t<meta name=\"keywords\" content=\"noticias y actualidad\" \/>\n\t<link rel=\"canonical\" href=\"https:\/\/eldigitaldeasturias.com\/magazine365\/reunion-a-tres-bandas-para-tratar-el-futuro-de-la-operacion-chamartin\/\" \/>\n\t<meta name=\"generator\" content=\"All in One SEO Pro (AIOSEO) 4.9.6.1\" \/>\n\t\t<meta property=\"og:locale\" content=\"es_ES\" \/>\n\t\t<meta property=\"og:site_name\" content=\"El Digital de Asturias \u2013 Revista de ocio, turismo y estilo de vida\" \/>\n\t\t<meta property=\"og:type\" content=\"article\" \/>\n\t\t<meta property=\"og:title\" content=\"Reuni\u00f3n a tres bandas para tratar el futuro de la operaci\u00f3n Chamart\u00edn | El Digital de Asturias\" \/>\n\t\t<meta property=\"og:description\" content=\"La ministra de Fomento, Ana Pastor, la presidenta de la Comunidad de Madrid, Cristina Cifuentes, y la alcaldesa de Madrid, Manuela Carmena, vuelven a reunirse este mi\u00e9rcoles para analizar el futuro del desarrollo conocido como operaci\u00f3n Chamart\u00edn. El encuentro se produce con posturas enfrentadas a priori, dado que la Comunidad de Madrid y Fomento son\" \/>\n\t\t<meta property=\"og:url\" content=\"https:\/\/eldigitaldeasturias.com\/magazine365\/reunion-a-tres-bandas-para-tratar-el-futuro-de-la-operacion-chamartin\/\" \/>\n\t\t<meta property=\"og:image\" content=\"https:\/\/eldigitaldeasturias.com\/magazine365\/wp-content\/uploads\/2016\/06\/fotonoticia_20160608105248_800.jpg\" \/>\n\t\t<meta property=\"og:image:secure_url\" content=\"https:\/\/eldigitaldeasturias.com\/magazine365\/wp-content\/uploads\/2016\/06\/fotonoticia_20160608105248_800.jpg\" \/>\n\t\t<meta property=\"og:image:width\" content=\"800\" \/>\n\t\t<meta property=\"og:image:height\" content=\"533\" \/>\n\t\t<meta property=\"article:published_time\" content=\"2016-06-08T10:30:14+00:00\" \/>\n\t\t<meta property=\"article:modified_time\" content=\"2016-06-08T10:30:14+00:00\" \/>\n\t\t<meta name=\"twitter:card\" content=\"summary_large_image\" \/>\n\t\t<meta name=\"twitter:title\" content=\"Reuni\u00f3n a tres bandas para tratar el futuro de la operaci\u00f3n Chamart\u00edn | El Digital de Asturias\" \/>\n\t\t<meta name=\"twitter:description\" content=\"La ministra de Fomento, Ana Pastor, la presidenta de la Comunidad de Madrid, Cristina Cifuentes, y la alcaldesa de Madrid, Manuela Carmena, vuelven a reunirse este mi\u00e9rcoles para analizar el futuro del desarrollo conocido como operaci\u00f3n Chamart\u00edn. El encuentro se produce con posturas enfrentadas a priori, dado que la Comunidad de Madrid y Fomento son\" \/>\n\t\t<meta name=\"twitter:image\" content=\"https:\/\/eldigitaldeasturias.com\/magazine365\/wp-content\/uploads\/2016\/06\/fotonoticia_20160608105248_800.jpg\" \/>\n\t\t<script type=\"application\/ld+json\" class=\"aioseo-schema\">\n\t\t\t{\"@context\":\"https:\\\/\\\/schema.org\",\"@graph\":[{\"@type\":\"Article\",\"@id\":\"https:\\\/\\\/eldigitaldeasturias.com\\\/magazine365\\\/reunion-a-tres-bandas-para-tratar-el-futuro-de-la-operacion-chamartin\\\/#article\",\"name\":\"Reuni\\u00f3n a tres bandas para tratar el futuro de la operaci\\u00f3n Chamart\\u00edn | El Digital de Asturias\",\"headline\":\"Reuni\\u00f3n a tres bandas para tratar el futuro de la operaci\\u00f3n Chamart\\u00edn\",\"author\":{\"@id\":\"https:\\\/\\\/eldigitaldeasturias.com\\\/magazine365\\\/author\\\/admin\\\/#author\"},\"publisher\":{\"@id\":\"https:\\\/\\\/eldigitaldeasturias.com\\\/magazine365\\\/#organization\"},\"image\":{\"@type\":\"ImageObject\",\"url\":\"https:\\\/\\\/eldigitaldeasturias.com\\\/magazine365\\\/wp-content\\\/uploads\\\/2016\\\/06\\\/fotonoticia_20160608105248_800.jpg\",\"width\":800,\"height\":533},\"datePublished\":\"2016-06-08T12:30:14+02:00\",\"dateModified\":\"2016-06-08T12:30:14+02:00\",\"inLanguage\":\"es-ES\",\"mainEntityOfPage\":{\"@id\":\"https:\\\/\\\/eldigitaldeasturias.com\\\/magazine365\\\/reunion-a-tres-bandas-para-tratar-el-futuro-de-la-operacion-chamartin\\\/#webpage\"},\"isPartOf\":{\"@id\":\"https:\\\/\\\/eldigitaldeasturias.com\\\/magazine365\\\/reunion-a-tres-bandas-para-tratar-el-futuro-de-la-operacion-chamartin\\\/#webpage\"},\"articleSection\":\"Noticias y Actualidad\"},{\"@type\":\"BreadcrumbList\",\"@id\":\"https:\\\/\\\/eldigitaldeasturias.com\\\/magazine365\\\/reunion-a-tres-bandas-para-tratar-el-futuro-de-la-operacion-chamartin\\\/#breadcrumblist\",\"itemListElement\":[{\"@type\":\"ListItem\",\"@id\":\"https:\\\/\\\/eldigitaldeasturias.com\\\/magazine365#listItem\",\"position\":1,\"name\":\"Home\",\"item\":\"https:\\\/\\\/eldigitaldeasturias.com\\\/magazine365\",\"nextItem\":{\"@type\":\"ListItem\",\"@id\":\"https:\\\/\\\/eldigitaldeasturias.com\\\/magazine365\\\/category\\\/noticias-actualidad\\\/#listItem\",\"name\":\"Noticias y Actualidad\"}},{\"@type\":\"ListItem\",\"@id\":\"https:\\\/\\\/eldigitaldeasturias.com\\\/magazine365\\\/category\\\/noticias-actualidad\\\/#listItem\",\"position\":2,\"name\":\"Noticias y Actualidad\",\"item\":\"https:\\\/\\\/eldigitaldeasturias.com\\\/magazine365\\\/category\\\/noticias-actualidad\\\/\",\"nextItem\":{\"@type\":\"ListItem\",\"@id\":\"https:\\\/\\\/eldigitaldeasturias.com\\\/magazine365\\\/reunion-a-tres-bandas-para-tratar-el-futuro-de-la-operacion-chamartin\\\/#listItem\",\"name\":\"Reuni\\u00f3n a tres bandas para tratar el futuro de la operaci\\u00f3n Chamart\\u00edn\"},\"previousItem\":{\"@type\":\"ListItem\",\"@id\":\"https:\\\/\\\/eldigitaldeasturias.com\\\/magazine365#listItem\",\"name\":\"Home\"}},{\"@type\":\"ListItem\",\"@id\":\"https:\\\/\\\/eldigitaldeasturias.com\\\/magazine365\\\/reunion-a-tres-bandas-para-tratar-el-futuro-de-la-operacion-chamartin\\\/#listItem\",\"position\":3,\"name\":\"Reuni\\u00f3n a tres bandas para tratar el futuro de la operaci\\u00f3n Chamart\\u00edn\",\"previousItem\":{\"@type\":\"ListItem\",\"@id\":\"https:\\\/\\\/eldigitaldeasturias.com\\\/magazine365\\\/category\\\/noticias-actualidad\\\/#listItem\",\"name\":\"Noticias y Actualidad\"}}]},{\"@type\":\"Organization\",\"@id\":\"https:\\\/\\\/eldigitaldeasturias.com\\\/magazine365\\\/#organization\",\"name\":\"El digital de Asturias\",\"description\":\"Revista de ocio, turismo y estilo de vida\",\"url\":\"https:\\\/\\\/eldigitaldeasturias.com\\\/magazine365\\\/\",\"logo\":{\"@type\":\"ImageObject\",\"url\":\"https:\\\/\\\/www.eldigitaldeasturias.com\\\/noticias\\\/wp-content\\\/uploads\\\/2020\\\/12\\\/EDA.jpg\",\"@id\":\"https:\\\/\\\/eldigitaldeasturias.com\\\/magazine365\\\/reunion-a-tres-bandas-para-tratar-el-futuro-de-la-operacion-chamartin\\\/#organizationLogo\"},\"image\":{\"@id\":\"https:\\\/\\\/eldigitaldeasturias.com\\\/magazine365\\\/reunion-a-tres-bandas-para-tratar-el-futuro-de-la-operacion-chamartin\\\/#organizationLogo\"}},{\"@type\":\"Person\",\"@id\":\"https:\\\/\\\/eldigitaldeasturias.com\\\/magazine365\\\/author\\\/admin\\\/#author\",\"url\":\"https:\\\/\\\/eldigitaldeasturias.com\\\/magazine365\\\/author\\\/admin\\\/\",\"name\":\"admin\",\"image\":{\"@type\":\"ImageObject\",\"@id\":\"https:\\\/\\\/eldigitaldeasturias.com\\\/magazine365\\\/reunion-a-tres-bandas-para-tratar-el-futuro-de-la-operacion-chamartin\\\/#authorImage\",\"url\":\"https:\\\/\\\/eldigitaldeasturias.com\\\/magazine365\\\/wp-content\\\/litespeed\\\/avatar\\\/e571bcf59a0edd6fa6838245a470f2fe.jpg?ver=1776969259\",\"width\":96,\"height\":96,\"caption\":\"admin\"}},{\"@type\":\"WebPage\",\"@id\":\"https:\\\/\\\/eldigitaldeasturias.com\\\/magazine365\\\/reunion-a-tres-bandas-para-tratar-el-futuro-de-la-operacion-chamartin\\\/#webpage\",\"url\":\"https:\\\/\\\/eldigitaldeasturias.com\\\/magazine365\\\/reunion-a-tres-bandas-para-tratar-el-futuro-de-la-operacion-chamartin\\\/\",\"name\":\"Reuni\\u00f3n a tres bandas para tratar el futuro de la operaci\\u00f3n Chamart\\u00edn | El Digital de Asturias\",\"description\":\"La ministra de Fomento, Ana Pastor, la presidenta de la Comunidad de Madrid, Cristina Cifuentes, y la alcaldesa de Madrid, Manuela Carmena, vuelven a reunirse este mi\\u00e9rcoles para analizar el futuro del desarrollo conocido como operaci\\u00f3n Chamart\\u00edn. El encuentro se produce con posturas enfrentadas a priori, dado que la Comunidad de Madrid y Fomento son\",\"inLanguage\":\"es-ES\",\"isPartOf\":{\"@id\":\"https:\\\/\\\/eldigitaldeasturias.com\\\/magazine365\\\/#website\"},\"breadcrumb\":{\"@id\":\"https:\\\/\\\/eldigitaldeasturias.com\\\/magazine365\\\/reunion-a-tres-bandas-para-tratar-el-futuro-de-la-operacion-chamartin\\\/#breadcrumblist\"},\"author\":{\"@id\":\"https:\\\/\\\/eldigitaldeasturias.com\\\/magazine365\\\/author\\\/admin\\\/#author\"},\"creator\":{\"@id\":\"https:\\\/\\\/eldigitaldeasturias.com\\\/magazine365\\\/author\\\/admin\\\/#author\"},\"image\":{\"@type\":\"ImageObject\",\"url\":\"https:\\\/\\\/eldigitaldeasturias.com\\\/magazine365\\\/wp-content\\\/uploads\\\/2016\\\/06\\\/fotonoticia_20160608105248_800.jpg\",\"@id\":\"https:\\\/\\\/eldigitaldeasturias.com\\\/magazine365\\\/reunion-a-tres-bandas-para-tratar-el-futuro-de-la-operacion-chamartin\\\/#mainImage\",\"width\":800,\"height\":533},\"primaryImageOfPage\":{\"@id\":\"https:\\\/\\\/eldigitaldeasturias.com\\\/magazine365\\\/reunion-a-tres-bandas-para-tratar-el-futuro-de-la-operacion-chamartin\\\/#mainImage\"},\"datePublished\":\"2016-06-08T12:30:14+02:00\",\"dateModified\":\"2016-06-08T12:30:14+02:00\"},{\"@type\":\"WebSite\",\"@id\":\"https:\\\/\\\/eldigitaldeasturias.com\\\/magazine365\\\/#website\",\"url\":\"https:\\\/\\\/eldigitaldeasturias.com\\\/magazine365\\\/\",\"name\":\"El Digital de Asturias\",\"description\":\"Revista de ocio, turismo y estilo de vida\",\"inLanguage\":\"es-ES\",\"publisher\":{\"@id\":\"https:\\\/\\\/eldigitaldeasturias.com\\\/magazine365\\\/#organization\"}}]}\n\t\t<\/script>\n\t\t<!-- All in One SEO Pro -->\r\n\t\t<title>Reuni\u00f3n a tres bandas para tratar el futuro de la operaci\u00f3n Chamart\u00edn | El Digital de Asturias<\/title>\n\n","aioseo_head_json":{"title":"Reuni\u00f3n a tres bandas para tratar el futuro de la operaci\u00f3n Chamart\u00edn | El Digital de Asturias","description":"La ministra de Fomento, Ana Pastor, la presidenta de la Comunidad de Madrid, Cristina Cifuentes, y la alcaldesa de Madrid, Manuela Carmena, vuelven a reunirse este mi\u00e9rcoles para analizar el futuro del desarrollo conocido como operaci\u00f3n Chamart\u00edn. El encuentro se produce con posturas enfrentadas a priori, dado que la Comunidad de Madrid y Fomento son","canonical_url":"https:\/\/eldigitaldeasturias.com\/magazine365\/reunion-a-tres-bandas-para-tratar-el-futuro-de-la-operacion-chamartin\/","robots":"max-image-preview:large","keywords":"noticias y actualidad","webmasterTools":{"google-site-verification":"UA-38556648-1","miscellaneous":""},"schema":{"@context":"https:\/\/schema.org","@graph":[{"@type":"Article","@id":"https:\/\/eldigitaldeasturias.com\/magazine365\/reunion-a-tres-bandas-para-tratar-el-futuro-de-la-operacion-chamartin\/#article","name":"Reuni\u00f3n a tres bandas para tratar el futuro de la operaci\u00f3n Chamart\u00edn | El Digital de Asturias","headline":"Reuni\u00f3n a tres bandas para tratar el futuro de la operaci\u00f3n Chamart\u00edn","author":{"@id":"https:\/\/eldigitaldeasturias.com\/magazine365\/author\/admin\/#author"},"publisher":{"@id":"https:\/\/eldigitaldeasturias.com\/magazine365\/#organization"},"image":{"@type":"ImageObject","url":"https:\/\/eldigitaldeasturias.com\/magazine365\/wp-content\/uploads\/2016\/06\/fotonoticia_20160608105248_800.jpg","width":800,"height":533},"datePublished":"2016-06-08T12:30:14+02:00","dateModified":"2016-06-08T12:30:14+02:00","inLanguage":"es-ES","mainEntityOfPage":{"@id":"https:\/\/eldigitaldeasturias.com\/magazine365\/reunion-a-tres-bandas-para-tratar-el-futuro-de-la-operacion-chamartin\/#webpage"},"isPartOf":{"@id":"https:\/\/eldigitaldeasturias.com\/magazine365\/reunion-a-tres-bandas-para-tratar-el-futuro-de-la-operacion-chamartin\/#webpage"},"articleSection":"Noticias y Actualidad"},{"@type":"BreadcrumbList","@id":"https:\/\/eldigitaldeasturias.com\/magazine365\/reunion-a-tres-bandas-para-tratar-el-futuro-de-la-operacion-chamartin\/#breadcrumblist","itemListElement":[{"@type":"ListItem","@id":"https:\/\/eldigitaldeasturias.com\/magazine365#listItem","position":1,"name":"Home","item":"https:\/\/eldigitaldeasturias.com\/magazine365","nextItem":{"@type":"ListItem","@id":"https:\/\/eldigitaldeasturias.com\/magazine365\/category\/noticias-actualidad\/#listItem","name":"Noticias y Actualidad"}},{"@type":"ListItem","@id":"https:\/\/eldigitaldeasturias.com\/magazine365\/category\/noticias-actualidad\/#listItem","position":2,"name":"Noticias y Actualidad","item":"https:\/\/eldigitaldeasturias.com\/magazine365\/category\/noticias-actualidad\/","nextItem":{"@type":"ListItem","@id":"https:\/\/eldigitaldeasturias.com\/magazine365\/reunion-a-tres-bandas-para-tratar-el-futuro-de-la-operacion-chamartin\/#listItem","name":"Reuni\u00f3n a tres bandas para tratar el futuro de la operaci\u00f3n Chamart\u00edn"},"previousItem":{"@type":"ListItem","@id":"https:\/\/eldigitaldeasturias.com\/magazine365#listItem","name":"Home"}},{"@type":"ListItem","@id":"https:\/\/eldigitaldeasturias.com\/magazine365\/reunion-a-tres-bandas-para-tratar-el-futuro-de-la-operacion-chamartin\/#listItem","position":3,"name":"Reuni\u00f3n a tres bandas para tratar el futuro de la operaci\u00f3n Chamart\u00edn","previousItem":{"@type":"ListItem","@id":"https:\/\/eldigitaldeasturias.com\/magazine365\/category\/noticias-actualidad\/#listItem","name":"Noticias y Actualidad"}}]},{"@type":"Organization","@id":"https:\/\/eldigitaldeasturias.com\/magazine365\/#organization","name":"El digital de Asturias","description":"Revista de ocio, turismo y estilo de vida","url":"https:\/\/eldigitaldeasturias.com\/magazine365\/","logo":{"@type":"ImageObject","url":"https:\/\/www.eldigitaldeasturias.com\/noticias\/wp-content\/uploads\/2020\/12\/EDA.jpg","@id":"https:\/\/eldigitaldeasturias.com\/magazine365\/reunion-a-tres-bandas-para-tratar-el-futuro-de-la-operacion-chamartin\/#organizationLogo"},"image":{"@id":"https:\/\/eldigitaldeasturias.com\/magazine365\/reunion-a-tres-bandas-para-tratar-el-futuro-de-la-operacion-chamartin\/#organizationLogo"}},{"@type":"Person","@id":"https:\/\/eldigitaldeasturias.com\/magazine365\/author\/admin\/#author","url":"https:\/\/eldigitaldeasturias.com\/magazine365\/author\/admin\/","name":"admin","image":{"@type":"ImageObject","@id":"https:\/\/eldigitaldeasturias.com\/magazine365\/reunion-a-tres-bandas-para-tratar-el-futuro-de-la-operacion-chamartin\/#authorImage","url":"https:\/\/eldigitaldeasturias.com\/magazine365\/wp-content\/litespeed\/avatar\/e571bcf59a0edd6fa6838245a470f2fe.jpg?ver=1776969259","width":96,"height":96,"caption":"admin"}},{"@type":"WebPage","@id":"https:\/\/eldigitaldeasturias.com\/magazine365\/reunion-a-tres-bandas-para-tratar-el-futuro-de-la-operacion-chamartin\/#webpage","url":"https:\/\/eldigitaldeasturias.com\/magazine365\/reunion-a-tres-bandas-para-tratar-el-futuro-de-la-operacion-chamartin\/","name":"Reuni\u00f3n a tres bandas para tratar el futuro de la operaci\u00f3n Chamart\u00edn | El Digital de Asturias","description":"La ministra de Fomento, Ana Pastor, la presidenta de la Comunidad de Madrid, Cristina Cifuentes, y la alcaldesa de Madrid, Manuela Carmena, vuelven a reunirse este mi\u00e9rcoles para analizar el futuro del desarrollo conocido como operaci\u00f3n Chamart\u00edn. El encuentro se produce con posturas enfrentadas a priori, dado que la Comunidad de Madrid y Fomento son","inLanguage":"es-ES","isPartOf":{"@id":"https:\/\/eldigitaldeasturias.com\/magazine365\/#website"},"breadcrumb":{"@id":"https:\/\/eldigitaldeasturias.com\/magazine365\/reunion-a-tres-bandas-para-tratar-el-futuro-de-la-operacion-chamartin\/#breadcrumblist"},"author":{"@id":"https:\/\/eldigitaldeasturias.com\/magazine365\/author\/admin\/#author"},"creator":{"@id":"https:\/\/eldigitaldeasturias.com\/magazine365\/author\/admin\/#author"},"image":{"@type":"ImageObject","url":"https:\/\/eldigitaldeasturias.com\/magazine365\/wp-content\/uploads\/2016\/06\/fotonoticia_20160608105248_800.jpg","@id":"https:\/\/eldigitaldeasturias.com\/magazine365\/reunion-a-tres-bandas-para-tratar-el-futuro-de-la-operacion-chamartin\/#mainImage","width":800,"height":533},"primaryImageOfPage":{"@id":"https:\/\/eldigitaldeasturias.com\/magazine365\/reunion-a-tres-bandas-para-tratar-el-futuro-de-la-operacion-chamartin\/#mainImage"},"datePublished":"2016-06-08T12:30:14+02:00","dateModified":"2016-06-08T12:30:14+02:00"},{"@type":"WebSite","@id":"https:\/\/eldigitaldeasturias.com\/magazine365\/#website","url":"https:\/\/eldigitaldeasturias.com\/magazine365\/","name":"El Digital de Asturias","description":"Revista de ocio, turismo y estilo de vida","inLanguage":"es-ES","publisher":{"@id":"https:\/\/eldigitaldeasturias.com\/magazine365\/#organization"}}]},"og:locale":"es_ES","og:site_name":"El Digital de Asturias \u2013 Revista de ocio, turismo y estilo de vida","og:type":"article","og:title":"Reuni\u00f3n a tres bandas para tratar el futuro de la operaci\u00f3n Chamart\u00edn | El Digital de Asturias","og:description":"La ministra de Fomento, Ana Pastor, la presidenta de la Comunidad de Madrid, Cristina Cifuentes, y la alcaldesa de Madrid, Manuela Carmena, vuelven a reunirse este mi\u00e9rcoles para analizar el futuro del desarrollo conocido como operaci\u00f3n Chamart\u00edn. El encuentro se produce con posturas enfrentadas a priori, dado que la Comunidad de Madrid y Fomento son","og:url":"https:\/\/eldigitaldeasturias.com\/magazine365\/reunion-a-tres-bandas-para-tratar-el-futuro-de-la-operacion-chamartin\/","og:image":"https:\/\/eldigitaldeasturias.com\/magazine365\/wp-content\/uploads\/2016\/06\/fotonoticia_20160608105248_800.jpg","og:image:secure_url":"https:\/\/eldigitaldeasturias.com\/magazine365\/wp-content\/uploads\/2016\/06\/fotonoticia_20160608105248_800.jpg","og:image:width":800,"og:image:height":533,"article:published_time":"2016-06-08T10:30:14+00:00","article:modified_time":"2016-06-08T10:30:14+00:00","twitter:card":"summary_large_image","twitter:title":"Reuni\u00f3n a tres bandas para tratar el futuro de la operaci\u00f3n Chamart\u00edn | El Digital de Asturias","twitter:description":"La ministra de Fomento, Ana Pastor, la presidenta de la Comunidad de Madrid, Cristina Cifuentes, y la alcaldesa de Madrid, Manuela Carmena, vuelven a reunirse este mi\u00e9rcoles para analizar el futuro del desarrollo conocido como operaci\u00f3n Chamart\u00edn. El encuentro se produce con posturas enfrentadas a priori, dado que la Comunidad de Madrid y Fomento son","twitter:image":"https:\/\/eldigitaldeasturias.com\/magazine365\/wp-content\/uploads\/2016\/06\/fotonoticia_20160608105248_800.jpg"},"aioseo_meta_data":{"post_id":"78093","title":null,"description":null,"keywords":null,"keyphrases":null,"primary_term":null,"canonical_url":null,"og_title":null,"og_description":null,"og_object_type":"default","og_image_type":"default","og_image_url":null,"og_image_width":null,"og_image_height":null,"og_image_custom_url":null,"og_image_custom_fields":null,"og_video":null,"og_custom_url":null,"og_article_section":null,"og_article_tags":null,"twitter_use_og":false,"twitter_card":"default","twitter_image_type":"default","twitter_image_url":null,"twitter_image_custom_url":null,"twitter_image_custom_fields":null,"twitter_title":null,"twitter_description":null,"schema":{"blockGraphs":[],"customGraphs":[],"default":{"data":{"Article":[],"Course":[],"Dataset":[],"FAQPage":[],"Movie":[],"Person":[],"Product":[],"ProductReview":[],"Car":[],"Recipe":[],"Service":[],"SoftwareApplication":[],"WebPage":[]},"graphName":"","isEnabled":true},"graphs":[],"defaultGraph":"","defaultPostTypeGraph":""},"schema_type":null,"schema_type_options":null,"pillar_content":false,"robots_default":true,"robots_noindex":false,"robots_noarchive":false,"robots_nosnippet":false,"robots_nofollow":false,"robots_noimageindex":false,"robots_noodp":false,"robots_notranslate":false,"robots_max_snippet":null,"robots_max_videopreview":null,"robots_max_imagepreview":"large","priority":null,"frequency":null,"location":null,"local_seo":null,"seo_analyzer_scan_date":"2025-09-27 16:15:26","breadcrumb_settings":null,"limit_modified_date":false,"open_ai":null,"ai":null,"created":"2021-03-08 18:04:41","updated":"2025-09-27 16:15:26"},"aioseo_breadcrumb":"<div class=\"aioseo-breadcrumbs\"><span class=\"aioseo-breadcrumb\">\n\t<a href=\"https:\/\/eldigitaldeasturias.com\/magazine365\" title=\"Home\">Home<\/a>\n<\/span><span class=\"aioseo-breadcrumb-separator\">\u2013<\/span><span class=\"aioseo-breadcrumb\">\n\t<a href=\"https:\/\/eldigitaldeasturias.com\/magazine365\/category\/noticias-actualidad\/\" title=\"Noticias y Actualidad\">Noticias y Actualidad<\/a>\n<\/span><span class=\"aioseo-breadcrumb-separator\">\u2013<\/span><span class=\"aioseo-breadcrumb\">\n\t<a href=\"https:\/\/eldigitaldeasturias.com\/magazine365\/reunion-a-tres-bandas-para-tratar-el-futuro-de-la-operacion-chamartin\/\" title=\"Reuni\u00f3n a tres bandas para tratar el futuro de la operaci\u00f3n Chamart\u00edn\">Reuni\u00f3n a tres bandas para tratar el futuro de la operaci\u00f3n Chamart\u00edn<\/a>\n<\/span><\/div>","aioseo_breadcrumb_json":[{"label":"Home","link":"https:\/\/eldigitaldeasturias.com\/magazine365"},{"label":"Noticias y Actualidad","link":"https:\/\/eldigitaldeasturias.com\/magazine365\/category\/noticias-actualidad\/"},{"label":"Reuni\u00f3n a tres bandas para tratar el futuro de la operaci\u00f3n Chamart\u00edn","link":"https:\/\/eldigitaldeasturias.com\/magazine365\/reunion-a-tres-bandas-para-tratar-el-futuro-de-la-operacion-chamartin\/"}],"_links":{"self":[{"href":"https:\/\/eldigitaldeasturias.com\/magazine365\/wp-json\/wp\/v2\/posts\/78093","targetHints":{"allow":["GET"]}}],"collection":[{"href":"https:\/\/eldigitaldeasturias.com\/magazine365\/wp-json\/wp\/v2\/posts"}],"about":[{"href":"https:\/\/eldigitaldeasturias.com\/magazine365\/wp-json\/wp\/v2\/types\/post"}],"author":[{"embeddable":true,"href":"https:\/\/eldigitaldeasturias.com\/magazine365\/wp-json\/wp\/v2\/users\/1"}],"replies":[{"embeddable":true,"href":"https:\/\/eldigitaldeasturias.com\/magazine365\/wp-json\/wp\/v2\/comments?post=78093"}],"version-history":[{"count":0,"href":"https:\/\/eldigitaldeasturias.com\/magazine365\/wp-json\/wp\/v2\/posts\/78093\/revisions"}],"wp:featuredmedia":[{"embeddable":true,"href":"https:\/\/eldigitaldeasturias.com\/magazine365\/wp-json\/wp\/v2\/media\/78097"}],"wp:attachment":[{"href":"https:\/\/eldigitaldeasturias.com\/magazine365\/wp-json\/wp\/v2\/media?parent=78093"}],"wp:term":[{"taxonomy":"category","embeddable":true,"href":"https:\/\/eldigitaldeasturias.com\/magazine365\/wp-json\/wp\/v2\/categories?post=78093"},{"taxonomy":"post_tag","embeddable":true,"href":"https:\/\/eldigitaldeasturias.com\/magazine365\/wp-json\/wp\/v2\/tags?post=78093"}],"curies":[{"name":"wp","href":"https:\/\/api.w.org\/{rel}","templated":true}]}}