{"id":78091,"date":"2016-06-08T12:28:36","date_gmt":"2016-06-08T10:28:36","guid":{"rendered":"http:\/\/eldigitaldeasturias.com\/magazine365\/?p=78091"},"modified":"2016-06-08T12:28:36","modified_gmt":"2016-06-08T10:28:36","slug":"una-decena-de-periodistas-internacionales-descubren-la-provincia-atendidos-por-turismo-costa-del-sol","status":"publish","type":"post","link":"https:\/\/eldigitaldeasturias.com\/magazine365\/una-decena-de-periodistas-internacionales-descubren-la-provincia-atendidos-por-turismo-costa-del-sol\/","title":{"rendered":"Una decena de periodistas internacionales descubren la provincia atendidos por Turismo Costa del Sol"},"content":{"rendered":"<p><img fetchpriority=\"high\" decoding=\"async\" class=\"alignleft size-medium wp-image-78094\" src=\"https:\/\/eldigitaldeasturias.com\/magazine365\/wp-content\/uploads\/2016\/06\/fotonoticia_20160607165935_800-360x240.jpg\" alt=\"fotonoticia_20160607165935_800\" width=\"360\" height=\"240\" srcset=\"https:\/\/eldigitaldeasturias.com\/magazine365\/wp-content\/uploads\/2016\/06\/fotonoticia_20160607165935_800-360x240.jpg 360w, https:\/\/eldigitaldeasturias.com\/magazine365\/wp-content\/uploads\/2016\/06\/fotonoticia_20160607165935_800-650x433.jpg 650w, https:\/\/eldigitaldeasturias.com\/magazine365\/wp-content\/uploads\/2016\/06\/fotonoticia_20160607165935_800-768x512.jpg 768w, https:\/\/eldigitaldeasturias.com\/magazine365\/wp-content\/uploads\/2016\/06\/fotonoticia_20160607165935_800-150x100.jpg 150w, https:\/\/eldigitaldeasturias.com\/magazine365\/wp-content\/uploads\/2016\/06\/fotonoticia_20160607165935_800-450x300.jpg 450w, https:\/\/eldigitaldeasturias.com\/magazine365\/wp-content\/uploads\/2016\/06\/fotonoticia_20160607165935_800-101x66.jpg 101w, https:\/\/eldigitaldeasturias.com\/magazine365\/wp-content\/uploads\/2016\/06\/fotonoticia_20160607165935_800.jpg 800w\" sizes=\"(max-width: 360px) 100vw, 360px\" \/>Turismo Costa del Sol ha aprovechado la reciente celebraci\u00f3n del Sal\u00f3n Internacional de Turismo Euroal 2016 para promover un press trip entre diversos periodistas internacionales, de cara a conocer las excelencias de la provincia de M\u00e1laga.<\/p>\n<p>Para esta iniciativa, Turismo Costa del Sol ha contado con la colaboraci\u00f3n del Palacio de Congresos de Torremolinos (M\u00e1laga), as\u00ed como de los ayuntamientos de las localidades que han sido visitadas por el press trip desde el pasado s\u00e1bado hasta este martes.<\/p>\n<p>Adem\u00e1s de profesionales nacionales, una decena de periodistas procedentes de pa\u00edses iberoamericanos como Argentina, Uruguay, Chile, Venezuela y Rep\u00fablica Dominicana, han realizado una completa programaci\u00f3n en donde ha puesto en valor la provincia de M\u00e1laga a trav\u00e9s de la gastronom\u00eda, la cultura y de atractivas experiencias personalizadas.<\/p>\n<p>El presidente de Turismo Costa del Sol, El\u00edas Bendodo, ha asegurado que \u00abes fundamental mostrar a los profesionales de la informaci\u00f3n las distintas posibilidades que ofrece la provincia de M\u00e1laga; no cabe duda de que desde la experiencia personal se adquiere un fuerte v\u00ednculo con el destino que se traduce en una informaci\u00f3n m\u00e1s precisa y ajustada a la realidad de la amplia oferta tur\u00edstica de la Costa del Sol\u00bb.<\/p>\n<p>As\u00ed, en su estancia en la provincia, los periodistas han podido ver los cascos hist\u00f3ricos de Ronda, M\u00e1laga y Antequera, en donde percibieron el poso cultural e hist\u00f3rico de estas tres localidades, incluyendo una visita al Centre Pompidou M\u00e1laga. Tambi\u00e9n han conocido los municipios de Torremolinos y Benalm\u00e1dena.<\/p>\n<p>De igual modo, estos profesionales han podido vivir singulares experiencias, como la visita al Caminito del Rey o a la Cueva de Nerja, aut\u00e9nticas referencias del atractivo natural de la provincia de M\u00e1laga.<\/p>\n<p>\u00abEstas experiencias proponen un viaje a singulares parajes de nuestra tierra. Mediante su mantenimiento, la provincia potencia la imagen de sostenibilidad tur\u00edstica del destino y ofrece una nueva forma de vivir la Costa del Sol a trav\u00e9s del medio ambiente y de descubrir impresionantes rincones heredados por la naturaleza\u00bb, ha se\u00f1alado a trav\u00e9s de un comunicado Bendodo.<\/p>\n<p>Durante el press trip los profesionales tambi\u00e9n han tenido la oportunidad de conocer otro de los aspectos en alza del destino Costa del Sol: su oferta gastron\u00f3mica, ya que, a trav\u00e9s de distintos almuerzos y cenas en diversos restaurantes y merenderos de la provincia, se han presentado las distintas ramas de la gastronom\u00eda local, desde los vinos hasta los variados platos elaborados con productos del campo y el mar que ofrece el propio destino.<\/p>\n<p>El press trip fue promovido con posterioridad a la celebraci\u00f3n del Sal\u00f3n Internacional de Turismo Euroal 2016, celebrado en Torremolinos entre los d\u00edas 2 al 4 de junio, en donde Turismo Costa del Sol tambi\u00e9n ha estado presente.<\/p>\n<p>El sal\u00f3n ha cerrado sus puertas con m\u00e1s de 2.700 contactos profesionales, lo que supone casi el 14 por ciento de incremento con respecto a las cifras de 2015. La Costa del Sol se revel\u00f3 como el destino m\u00e1s demandado por los operadores tur\u00edsticos.<\/p>\n<p>La organizaci\u00f3n profesional de dirigentes de turismo Skal Club ha entregado a Euroal 2016 el llamado Premio Importante del Turismo, como reconocimiento a la solera de esta ya habitual cita en la Costa del Sol.<\/p>\n","protected":false},"excerpt":{"rendered":"<p>Turismo Costa del Sol ha aprovechado la reciente celebraci\u00f3n del Sal\u00f3n Internacional de Turismo Euroal 2016 para promover un press trip entre diversos periodistas internacionales, de cara a conocer las excelencias de la provincia de M\u00e1laga. Para esta iniciativa, Turismo Costa del Sol ha contado con la colaboraci\u00f3n del Palacio de Congresos de Torremolinos (M\u00e1laga),<\/p>\n","protected":false},"author":1,"featured_media":78094,"comment_status":"open","ping_status":"closed","sticky":false,"template":"","format":"standard","meta":{"footnotes":""},"categories":[224],"tags":[],"class_list":{"0":"post-78091","1":"post","2":"type-post","3":"status-publish","4":"format-standard","5":"has-post-thumbnail","7":"category-noticias-actualidad"},"aioseo_notices":[],"aioseo_head":"\n\t\t<!-- All in One SEO Pro 4.9.6.1 - aioseo.com -->\n\t<meta name=\"description\" content=\"Turismo Costa del Sol ha aprovechado la reciente celebraci\u00f3n del Sal\u00f3n Internacional de Turismo Euroal 2016 para promover un press trip entre diversos periodistas internacionales, de cara a conocer las excelencias de la provincia de M\u00e1laga. Para esta iniciativa, Turismo Costa del Sol ha contado con la colaboraci\u00f3n del Palacio de Congresos de Torremolinos (M\u00e1laga),\" \/>\n\t<meta name=\"robots\" content=\"max-image-preview:large\" \/>\n\t<meta name=\"author\" content=\"admin\"\/>\n\t<meta name=\"google-site-verification\" content=\"UA-38556648-1\" \/>\n\t<meta name=\"keywords\" content=\"noticias y actualidad\" \/>\n\t<link rel=\"canonical\" href=\"https:\/\/eldigitaldeasturias.com\/magazine365\/una-decena-de-periodistas-internacionales-descubren-la-provincia-atendidos-por-turismo-costa-del-sol\/\" \/>\n\t<meta name=\"generator\" content=\"All in One SEO Pro (AIOSEO) 4.9.6.1\" \/>\n\t\t<meta property=\"og:locale\" content=\"es_ES\" \/>\n\t\t<meta property=\"og:site_name\" content=\"El Digital de Asturias \u2013 Revista de ocio, turismo y estilo de vida\" \/>\n\t\t<meta property=\"og:type\" content=\"article\" \/>\n\t\t<meta property=\"og:title\" content=\"Una decena de periodistas internacionales descubren la provincia atendidos por Turismo Costa del Sol | El Digital de Asturias\" \/>\n\t\t<meta property=\"og:description\" content=\"Turismo Costa del Sol ha aprovechado la reciente celebraci\u00f3n del Sal\u00f3n Internacional de Turismo Euroal 2016 para promover un press trip entre diversos periodistas internacionales, de cara a conocer las excelencias de la provincia de M\u00e1laga. Para esta iniciativa, Turismo Costa del Sol ha contado con la colaboraci\u00f3n del Palacio de Congresos de Torremolinos (M\u00e1laga),\" \/>\n\t\t<meta property=\"og:url\" content=\"https:\/\/eldigitaldeasturias.com\/magazine365\/una-decena-de-periodistas-internacionales-descubren-la-provincia-atendidos-por-turismo-costa-del-sol\/\" \/>\n\t\t<meta property=\"og:image\" content=\"https:\/\/eldigitaldeasturias.com\/magazine365\/wp-content\/uploads\/2016\/06\/fotonoticia_20160607165935_800.jpg\" \/>\n\t\t<meta property=\"og:image:secure_url\" content=\"https:\/\/eldigitaldeasturias.com\/magazine365\/wp-content\/uploads\/2016\/06\/fotonoticia_20160607165935_800.jpg\" \/>\n\t\t<meta property=\"og:image:width\" content=\"800\" \/>\n\t\t<meta property=\"og:image:height\" content=\"533\" \/>\n\t\t<meta property=\"article:published_time\" content=\"2016-06-08T10:28:36+00:00\" \/>\n\t\t<meta property=\"article:modified_time\" content=\"2016-06-08T10:28:36+00:00\" \/>\n\t\t<meta name=\"twitter:card\" content=\"summary_large_image\" \/>\n\t\t<meta name=\"twitter:title\" content=\"Una decena de periodistas internacionales descubren la provincia atendidos por Turismo Costa del Sol | El Digital de Asturias\" \/>\n\t\t<meta name=\"twitter:description\" content=\"Turismo Costa del Sol ha aprovechado la reciente celebraci\u00f3n del Sal\u00f3n Internacional de Turismo Euroal 2016 para promover un press trip entre diversos periodistas internacionales, de cara a conocer las excelencias de la provincia de M\u00e1laga. Para esta iniciativa, Turismo Costa del Sol ha contado con la colaboraci\u00f3n del Palacio de Congresos de Torremolinos (M\u00e1laga),\" \/>\n\t\t<meta name=\"twitter:image\" content=\"https:\/\/eldigitaldeasturias.com\/magazine365\/wp-content\/uploads\/2016\/06\/fotonoticia_20160607165935_800.jpg\" \/>\n\t\t<script type=\"application\/ld+json\" class=\"aioseo-schema\">\n\t\t\t{\"@context\":\"https:\\\/\\\/schema.org\",\"@graph\":[{\"@type\":\"Article\",\"@id\":\"https:\\\/\\\/eldigitaldeasturias.com\\\/magazine365\\\/una-decena-de-periodistas-internacionales-descubren-la-provincia-atendidos-por-turismo-costa-del-sol\\\/#article\",\"name\":\"Una decena de periodistas internacionales descubren la provincia atendidos por Turismo Costa del Sol | El Digital de Asturias\",\"headline\":\"Una decena de periodistas internacionales descubren la provincia atendidos por Turismo Costa del Sol\",\"author\":{\"@id\":\"https:\\\/\\\/eldigitaldeasturias.com\\\/magazine365\\\/author\\\/admin\\\/#author\"},\"publisher\":{\"@id\":\"https:\\\/\\\/eldigitaldeasturias.com\\\/magazine365\\\/#organization\"},\"image\":{\"@type\":\"ImageObject\",\"url\":\"https:\\\/\\\/eldigitaldeasturias.com\\\/magazine365\\\/wp-content\\\/uploads\\\/2016\\\/06\\\/fotonoticia_20160607165935_800.jpg\",\"width\":800,\"height\":533},\"datePublished\":\"2016-06-08T12:28:36+02:00\",\"dateModified\":\"2016-06-08T12:28:36+02:00\",\"inLanguage\":\"es-ES\",\"mainEntityOfPage\":{\"@id\":\"https:\\\/\\\/eldigitaldeasturias.com\\\/magazine365\\\/una-decena-de-periodistas-internacionales-descubren-la-provincia-atendidos-por-turismo-costa-del-sol\\\/#webpage\"},\"isPartOf\":{\"@id\":\"https:\\\/\\\/eldigitaldeasturias.com\\\/magazine365\\\/una-decena-de-periodistas-internacionales-descubren-la-provincia-atendidos-por-turismo-costa-del-sol\\\/#webpage\"},\"articleSection\":\"Noticias y Actualidad\"},{\"@type\":\"BreadcrumbList\",\"@id\":\"https:\\\/\\\/eldigitaldeasturias.com\\\/magazine365\\\/una-decena-de-periodistas-internacionales-descubren-la-provincia-atendidos-por-turismo-costa-del-sol\\\/#breadcrumblist\",\"itemListElement\":[{\"@type\":\"ListItem\",\"@id\":\"https:\\\/\\\/eldigitaldeasturias.com\\\/magazine365#listItem\",\"position\":1,\"name\":\"Home\",\"item\":\"https:\\\/\\\/eldigitaldeasturias.com\\\/magazine365\",\"nextItem\":{\"@type\":\"ListItem\",\"@id\":\"https:\\\/\\\/eldigitaldeasturias.com\\\/magazine365\\\/category\\\/noticias-actualidad\\\/#listItem\",\"name\":\"Noticias y Actualidad\"}},{\"@type\":\"ListItem\",\"@id\":\"https:\\\/\\\/eldigitaldeasturias.com\\\/magazine365\\\/category\\\/noticias-actualidad\\\/#listItem\",\"position\":2,\"name\":\"Noticias y Actualidad\",\"item\":\"https:\\\/\\\/eldigitaldeasturias.com\\\/magazine365\\\/category\\\/noticias-actualidad\\\/\",\"nextItem\":{\"@type\":\"ListItem\",\"@id\":\"https:\\\/\\\/eldigitaldeasturias.com\\\/magazine365\\\/una-decena-de-periodistas-internacionales-descubren-la-provincia-atendidos-por-turismo-costa-del-sol\\\/#listItem\",\"name\":\"Una decena de periodistas internacionales descubren la provincia atendidos por Turismo Costa del Sol\"},\"previousItem\":{\"@type\":\"ListItem\",\"@id\":\"https:\\\/\\\/eldigitaldeasturias.com\\\/magazine365#listItem\",\"name\":\"Home\"}},{\"@type\":\"ListItem\",\"@id\":\"https:\\\/\\\/eldigitaldeasturias.com\\\/magazine365\\\/una-decena-de-periodistas-internacionales-descubren-la-provincia-atendidos-por-turismo-costa-del-sol\\\/#listItem\",\"position\":3,\"name\":\"Una decena de periodistas internacionales descubren la provincia atendidos por Turismo Costa del Sol\",\"previousItem\":{\"@type\":\"ListItem\",\"@id\":\"https:\\\/\\\/eldigitaldeasturias.com\\\/magazine365\\\/category\\\/noticias-actualidad\\\/#listItem\",\"name\":\"Noticias y Actualidad\"}}]},{\"@type\":\"Organization\",\"@id\":\"https:\\\/\\\/eldigitaldeasturias.com\\\/magazine365\\\/#organization\",\"name\":\"El digital de Asturias\",\"description\":\"Revista de ocio, turismo y estilo de vida\",\"url\":\"https:\\\/\\\/eldigitaldeasturias.com\\\/magazine365\\\/\",\"logo\":{\"@type\":\"ImageObject\",\"url\":\"https:\\\/\\\/www.eldigitaldeasturias.com\\\/noticias\\\/wp-content\\\/uploads\\\/2020\\\/12\\\/EDA.jpg\",\"@id\":\"https:\\\/\\\/eldigitaldeasturias.com\\\/magazine365\\\/una-decena-de-periodistas-internacionales-descubren-la-provincia-atendidos-por-turismo-costa-del-sol\\\/#organizationLogo\"},\"image\":{\"@id\":\"https:\\\/\\\/eldigitaldeasturias.com\\\/magazine365\\\/una-decena-de-periodistas-internacionales-descubren-la-provincia-atendidos-por-turismo-costa-del-sol\\\/#organizationLogo\"}},{\"@type\":\"Person\",\"@id\":\"https:\\\/\\\/eldigitaldeasturias.com\\\/magazine365\\\/author\\\/admin\\\/#author\",\"url\":\"https:\\\/\\\/eldigitaldeasturias.com\\\/magazine365\\\/author\\\/admin\\\/\",\"name\":\"admin\",\"image\":{\"@type\":\"ImageObject\",\"@id\":\"https:\\\/\\\/eldigitaldeasturias.com\\\/magazine365\\\/una-decena-de-periodistas-internacionales-descubren-la-provincia-atendidos-por-turismo-costa-del-sol\\\/#authorImage\",\"url\":\"https:\\\/\\\/eldigitaldeasturias.com\\\/magazine365\\\/wp-content\\\/litespeed\\\/avatar\\\/e571bcf59a0edd6fa6838245a470f2fe.jpg?ver=1776969259\",\"width\":96,\"height\":96,\"caption\":\"admin\"}},{\"@type\":\"WebPage\",\"@id\":\"https:\\\/\\\/eldigitaldeasturias.com\\\/magazine365\\\/una-decena-de-periodistas-internacionales-descubren-la-provincia-atendidos-por-turismo-costa-del-sol\\\/#webpage\",\"url\":\"https:\\\/\\\/eldigitaldeasturias.com\\\/magazine365\\\/una-decena-de-periodistas-internacionales-descubren-la-provincia-atendidos-por-turismo-costa-del-sol\\\/\",\"name\":\"Una decena de periodistas internacionales descubren la provincia atendidos por Turismo Costa del Sol | El Digital de Asturias\",\"description\":\"Turismo Costa del Sol ha aprovechado la reciente celebraci\\u00f3n del Sal\\u00f3n Internacional de Turismo Euroal 2016 para promover un press trip entre diversos periodistas internacionales, de cara a conocer las excelencias de la provincia de M\\u00e1laga. Para esta iniciativa, Turismo Costa del Sol ha contado con la colaboraci\\u00f3n del Palacio de Congresos de Torremolinos (M\\u00e1laga),\",\"inLanguage\":\"es-ES\",\"isPartOf\":{\"@id\":\"https:\\\/\\\/eldigitaldeasturias.com\\\/magazine365\\\/#website\"},\"breadcrumb\":{\"@id\":\"https:\\\/\\\/eldigitaldeasturias.com\\\/magazine365\\\/una-decena-de-periodistas-internacionales-descubren-la-provincia-atendidos-por-turismo-costa-del-sol\\\/#breadcrumblist\"},\"author\":{\"@id\":\"https:\\\/\\\/eldigitaldeasturias.com\\\/magazine365\\\/author\\\/admin\\\/#author\"},\"creator\":{\"@id\":\"https:\\\/\\\/eldigitaldeasturias.com\\\/magazine365\\\/author\\\/admin\\\/#author\"},\"image\":{\"@type\":\"ImageObject\",\"url\":\"https:\\\/\\\/eldigitaldeasturias.com\\\/magazine365\\\/wp-content\\\/uploads\\\/2016\\\/06\\\/fotonoticia_20160607165935_800.jpg\",\"@id\":\"https:\\\/\\\/eldigitaldeasturias.com\\\/magazine365\\\/una-decena-de-periodistas-internacionales-descubren-la-provincia-atendidos-por-turismo-costa-del-sol\\\/#mainImage\",\"width\":800,\"height\":533},\"primaryImageOfPage\":{\"@id\":\"https:\\\/\\\/eldigitaldeasturias.com\\\/magazine365\\\/una-decena-de-periodistas-internacionales-descubren-la-provincia-atendidos-por-turismo-costa-del-sol\\\/#mainImage\"},\"datePublished\":\"2016-06-08T12:28:36+02:00\",\"dateModified\":\"2016-06-08T12:28:36+02:00\"},{\"@type\":\"WebSite\",\"@id\":\"https:\\\/\\\/eldigitaldeasturias.com\\\/magazine365\\\/#website\",\"url\":\"https:\\\/\\\/eldigitaldeasturias.com\\\/magazine365\\\/\",\"name\":\"El Digital de Asturias\",\"description\":\"Revista de ocio, turismo y estilo de vida\",\"inLanguage\":\"es-ES\",\"publisher\":{\"@id\":\"https:\\\/\\\/eldigitaldeasturias.com\\\/magazine365\\\/#organization\"}}]}\n\t\t<\/script>\n\t\t<!-- All in One SEO Pro -->\r\n\t\t<title>Una decena de periodistas internacionales descubren la provincia atendidos por Turismo Costa del Sol | El Digital de Asturias<\/title>\n\n","aioseo_head_json":{"title":"Una decena de periodistas internacionales descubren la provincia atendidos por Turismo Costa del Sol | El Digital de Asturias","description":"Turismo Costa del Sol ha aprovechado la reciente celebraci\u00f3n del Sal\u00f3n Internacional de Turismo Euroal 2016 para promover un press trip entre diversos periodistas internacionales, de cara a conocer las excelencias de la provincia de M\u00e1laga. Para esta iniciativa, Turismo Costa del Sol ha contado con la colaboraci\u00f3n del Palacio de Congresos de Torremolinos (M\u00e1laga),","canonical_url":"https:\/\/eldigitaldeasturias.com\/magazine365\/una-decena-de-periodistas-internacionales-descubren-la-provincia-atendidos-por-turismo-costa-del-sol\/","robots":"max-image-preview:large","keywords":"noticias y actualidad","webmasterTools":{"google-site-verification":"UA-38556648-1","miscellaneous":""},"schema":{"@context":"https:\/\/schema.org","@graph":[{"@type":"Article","@id":"https:\/\/eldigitaldeasturias.com\/magazine365\/una-decena-de-periodistas-internacionales-descubren-la-provincia-atendidos-por-turismo-costa-del-sol\/#article","name":"Una decena de periodistas internacionales descubren la provincia atendidos por Turismo Costa del Sol | El Digital de Asturias","headline":"Una decena de periodistas internacionales descubren la provincia atendidos por Turismo Costa del Sol","author":{"@id":"https:\/\/eldigitaldeasturias.com\/magazine365\/author\/admin\/#author"},"publisher":{"@id":"https:\/\/eldigitaldeasturias.com\/magazine365\/#organization"},"image":{"@type":"ImageObject","url":"https:\/\/eldigitaldeasturias.com\/magazine365\/wp-content\/uploads\/2016\/06\/fotonoticia_20160607165935_800.jpg","width":800,"height":533},"datePublished":"2016-06-08T12:28:36+02:00","dateModified":"2016-06-08T12:28:36+02:00","inLanguage":"es-ES","mainEntityOfPage":{"@id":"https:\/\/eldigitaldeasturias.com\/magazine365\/una-decena-de-periodistas-internacionales-descubren-la-provincia-atendidos-por-turismo-costa-del-sol\/#webpage"},"isPartOf":{"@id":"https:\/\/eldigitaldeasturias.com\/magazine365\/una-decena-de-periodistas-internacionales-descubren-la-provincia-atendidos-por-turismo-costa-del-sol\/#webpage"},"articleSection":"Noticias y Actualidad"},{"@type":"BreadcrumbList","@id":"https:\/\/eldigitaldeasturias.com\/magazine365\/una-decena-de-periodistas-internacionales-descubren-la-provincia-atendidos-por-turismo-costa-del-sol\/#breadcrumblist","itemListElement":[{"@type":"ListItem","@id":"https:\/\/eldigitaldeasturias.com\/magazine365#listItem","position":1,"name":"Home","item":"https:\/\/eldigitaldeasturias.com\/magazine365","nextItem":{"@type":"ListItem","@id":"https:\/\/eldigitaldeasturias.com\/magazine365\/category\/noticias-actualidad\/#listItem","name":"Noticias y Actualidad"}},{"@type":"ListItem","@id":"https:\/\/eldigitaldeasturias.com\/magazine365\/category\/noticias-actualidad\/#listItem","position":2,"name":"Noticias y Actualidad","item":"https:\/\/eldigitaldeasturias.com\/magazine365\/category\/noticias-actualidad\/","nextItem":{"@type":"ListItem","@id":"https:\/\/eldigitaldeasturias.com\/magazine365\/una-decena-de-periodistas-internacionales-descubren-la-provincia-atendidos-por-turismo-costa-del-sol\/#listItem","name":"Una decena de periodistas internacionales descubren la provincia atendidos por Turismo Costa del Sol"},"previousItem":{"@type":"ListItem","@id":"https:\/\/eldigitaldeasturias.com\/magazine365#listItem","name":"Home"}},{"@type":"ListItem","@id":"https:\/\/eldigitaldeasturias.com\/magazine365\/una-decena-de-periodistas-internacionales-descubren-la-provincia-atendidos-por-turismo-costa-del-sol\/#listItem","position":3,"name":"Una decena de periodistas internacionales descubren la provincia atendidos por Turismo Costa del Sol","previousItem":{"@type":"ListItem","@id":"https:\/\/eldigitaldeasturias.com\/magazine365\/category\/noticias-actualidad\/#listItem","name":"Noticias y Actualidad"}}]},{"@type":"Organization","@id":"https:\/\/eldigitaldeasturias.com\/magazine365\/#organization","name":"El digital de Asturias","description":"Revista de ocio, turismo y estilo de vida","url":"https:\/\/eldigitaldeasturias.com\/magazine365\/","logo":{"@type":"ImageObject","url":"https:\/\/www.eldigitaldeasturias.com\/noticias\/wp-content\/uploads\/2020\/12\/EDA.jpg","@id":"https:\/\/eldigitaldeasturias.com\/magazine365\/una-decena-de-periodistas-internacionales-descubren-la-provincia-atendidos-por-turismo-costa-del-sol\/#organizationLogo"},"image":{"@id":"https:\/\/eldigitaldeasturias.com\/magazine365\/una-decena-de-periodistas-internacionales-descubren-la-provincia-atendidos-por-turismo-costa-del-sol\/#organizationLogo"}},{"@type":"Person","@id":"https:\/\/eldigitaldeasturias.com\/magazine365\/author\/admin\/#author","url":"https:\/\/eldigitaldeasturias.com\/magazine365\/author\/admin\/","name":"admin","image":{"@type":"ImageObject","@id":"https:\/\/eldigitaldeasturias.com\/magazine365\/una-decena-de-periodistas-internacionales-descubren-la-provincia-atendidos-por-turismo-costa-del-sol\/#authorImage","url":"https:\/\/eldigitaldeasturias.com\/magazine365\/wp-content\/litespeed\/avatar\/e571bcf59a0edd6fa6838245a470f2fe.jpg?ver=1776969259","width":96,"height":96,"caption":"admin"}},{"@type":"WebPage","@id":"https:\/\/eldigitaldeasturias.com\/magazine365\/una-decena-de-periodistas-internacionales-descubren-la-provincia-atendidos-por-turismo-costa-del-sol\/#webpage","url":"https:\/\/eldigitaldeasturias.com\/magazine365\/una-decena-de-periodistas-internacionales-descubren-la-provincia-atendidos-por-turismo-costa-del-sol\/","name":"Una decena de periodistas internacionales descubren la provincia atendidos por Turismo Costa del Sol | El Digital de Asturias","description":"Turismo Costa del Sol ha aprovechado la reciente celebraci\u00f3n del Sal\u00f3n Internacional de Turismo Euroal 2016 para promover un press trip entre diversos periodistas internacionales, de cara a conocer las excelencias de la provincia de M\u00e1laga. Para esta iniciativa, Turismo Costa del Sol ha contado con la colaboraci\u00f3n del Palacio de Congresos de Torremolinos (M\u00e1laga),","inLanguage":"es-ES","isPartOf":{"@id":"https:\/\/eldigitaldeasturias.com\/magazine365\/#website"},"breadcrumb":{"@id":"https:\/\/eldigitaldeasturias.com\/magazine365\/una-decena-de-periodistas-internacionales-descubren-la-provincia-atendidos-por-turismo-costa-del-sol\/#breadcrumblist"},"author":{"@id":"https:\/\/eldigitaldeasturias.com\/magazine365\/author\/admin\/#author"},"creator":{"@id":"https:\/\/eldigitaldeasturias.com\/magazine365\/author\/admin\/#author"},"image":{"@type":"ImageObject","url":"https:\/\/eldigitaldeasturias.com\/magazine365\/wp-content\/uploads\/2016\/06\/fotonoticia_20160607165935_800.jpg","@id":"https:\/\/eldigitaldeasturias.com\/magazine365\/una-decena-de-periodistas-internacionales-descubren-la-provincia-atendidos-por-turismo-costa-del-sol\/#mainImage","width":800,"height":533},"primaryImageOfPage":{"@id":"https:\/\/eldigitaldeasturias.com\/magazine365\/una-decena-de-periodistas-internacionales-descubren-la-provincia-atendidos-por-turismo-costa-del-sol\/#mainImage"},"datePublished":"2016-06-08T12:28:36+02:00","dateModified":"2016-06-08T12:28:36+02:00"},{"@type":"WebSite","@id":"https:\/\/eldigitaldeasturias.com\/magazine365\/#website","url":"https:\/\/eldigitaldeasturias.com\/magazine365\/","name":"El Digital de Asturias","description":"Revista de ocio, turismo y estilo de vida","inLanguage":"es-ES","publisher":{"@id":"https:\/\/eldigitaldeasturias.com\/magazine365\/#organization"}}]},"og:locale":"es_ES","og:site_name":"El Digital de Asturias \u2013 Revista de ocio, turismo y estilo de vida","og:type":"article","og:title":"Una decena de periodistas internacionales descubren la provincia atendidos por Turismo Costa del Sol | El Digital de Asturias","og:description":"Turismo Costa del Sol ha aprovechado la reciente celebraci\u00f3n del Sal\u00f3n Internacional de Turismo Euroal 2016 para promover un press trip entre diversos periodistas internacionales, de cara a conocer las excelencias de la provincia de M\u00e1laga. Para esta iniciativa, Turismo Costa del Sol ha contado con la colaboraci\u00f3n del Palacio de Congresos de Torremolinos (M\u00e1laga),","og:url":"https:\/\/eldigitaldeasturias.com\/magazine365\/una-decena-de-periodistas-internacionales-descubren-la-provincia-atendidos-por-turismo-costa-del-sol\/","og:image":"https:\/\/eldigitaldeasturias.com\/magazine365\/wp-content\/uploads\/2016\/06\/fotonoticia_20160607165935_800.jpg","og:image:secure_url":"https:\/\/eldigitaldeasturias.com\/magazine365\/wp-content\/uploads\/2016\/06\/fotonoticia_20160607165935_800.jpg","og:image:width":800,"og:image:height":533,"article:published_time":"2016-06-08T10:28:36+00:00","article:modified_time":"2016-06-08T10:28:36+00:00","twitter:card":"summary_large_image","twitter:title":"Una decena de periodistas internacionales descubren la provincia atendidos por Turismo Costa del Sol | El Digital de Asturias","twitter:description":"Turismo Costa del Sol ha aprovechado la reciente celebraci\u00f3n del Sal\u00f3n Internacional de Turismo Euroal 2016 para promover un press trip entre diversos periodistas internacionales, de cara a conocer las excelencias de la provincia de M\u00e1laga. Para esta iniciativa, Turismo Costa del Sol ha contado con la colaboraci\u00f3n del Palacio de Congresos de Torremolinos (M\u00e1laga),","twitter:image":"https:\/\/eldigitaldeasturias.com\/magazine365\/wp-content\/uploads\/2016\/06\/fotonoticia_20160607165935_800.jpg"},"aioseo_meta_data":{"post_id":"78091","title":null,"description":null,"keywords":null,"keyphrases":null,"primary_term":null,"canonical_url":null,"og_title":null,"og_description":null,"og_object_type":"default","og_image_type":"default","og_image_url":null,"og_image_width":null,"og_image_height":null,"og_image_custom_url":null,"og_image_custom_fields":null,"og_video":null,"og_custom_url":null,"og_article_section":null,"og_article_tags":null,"twitter_use_og":false,"twitter_card":"default","twitter_image_type":"default","twitter_image_url":null,"twitter_image_custom_url":null,"twitter_image_custom_fields":null,"twitter_title":null,"twitter_description":null,"schema":{"blockGraphs":[],"customGraphs":[],"default":{"data":{"Article":[],"Course":[],"Dataset":[],"FAQPage":[],"Movie":[],"Person":[],"Product":[],"ProductReview":[],"Car":[],"Recipe":[],"Service":[],"SoftwareApplication":[],"WebPage":[]},"graphName":"","isEnabled":true},"graphs":[],"defaultGraph":"","defaultPostTypeGraph":""},"schema_type":null,"schema_type_options":null,"pillar_content":false,"robots_default":true,"robots_noindex":false,"robots_noarchive":false,"robots_nosnippet":false,"robots_nofollow":false,"robots_noimageindex":false,"robots_noodp":false,"robots_notranslate":false,"robots_max_snippet":null,"robots_max_videopreview":null,"robots_max_imagepreview":"large","priority":null,"frequency":null,"location":null,"local_seo":null,"seo_analyzer_scan_date":"2025-09-27 16:15:24","breadcrumb_settings":null,"limit_modified_date":false,"open_ai":null,"ai":null,"created":"2021-03-08 18:04:41","updated":"2025-09-27 16:15:24"},"aioseo_breadcrumb":"<div class=\"aioseo-breadcrumbs\"><span class=\"aioseo-breadcrumb\">\n\t<a href=\"https:\/\/eldigitaldeasturias.com\/magazine365\" title=\"Home\">Home<\/a>\n<\/span><span class=\"aioseo-breadcrumb-separator\">\u2013<\/span><span class=\"aioseo-breadcrumb\">\n\t<a href=\"https:\/\/eldigitaldeasturias.com\/magazine365\/category\/noticias-actualidad\/\" title=\"Noticias y Actualidad\">Noticias y Actualidad<\/a>\n<\/span><span class=\"aioseo-breadcrumb-separator\">\u2013<\/span><span class=\"aioseo-breadcrumb\">\n\t<a href=\"https:\/\/eldigitaldeasturias.com\/magazine365\/una-decena-de-periodistas-internacionales-descubren-la-provincia-atendidos-por-turismo-costa-del-sol\/\" title=\"Una decena de periodistas internacionales descubren la provincia atendidos por Turismo Costa del Sol\">Una decena de periodistas internacionales descubren la provincia atendidos por Turismo Costa del Sol<\/a>\n<\/span><\/div>","aioseo_breadcrumb_json":[{"label":"Home","link":"https:\/\/eldigitaldeasturias.com\/magazine365"},{"label":"Noticias y Actualidad","link":"https:\/\/eldigitaldeasturias.com\/magazine365\/category\/noticias-actualidad\/"},{"label":"Una decena de periodistas internacionales descubren la provincia atendidos por Turismo Costa del Sol","link":"https:\/\/eldigitaldeasturias.com\/magazine365\/una-decena-de-periodistas-internacionales-descubren-la-provincia-atendidos-por-turismo-costa-del-sol\/"}],"_links":{"self":[{"href":"https:\/\/eldigitaldeasturias.com\/magazine365\/wp-json\/wp\/v2\/posts\/78091","targetHints":{"allow":["GET"]}}],"collection":[{"href":"https:\/\/eldigitaldeasturias.com\/magazine365\/wp-json\/wp\/v2\/posts"}],"about":[{"href":"https:\/\/eldigitaldeasturias.com\/magazine365\/wp-json\/wp\/v2\/types\/post"}],"author":[{"embeddable":true,"href":"https:\/\/eldigitaldeasturias.com\/magazine365\/wp-json\/wp\/v2\/users\/1"}],"replies":[{"embeddable":true,"href":"https:\/\/eldigitaldeasturias.com\/magazine365\/wp-json\/wp\/v2\/comments?post=78091"}],"version-history":[{"count":0,"href":"https:\/\/eldigitaldeasturias.com\/magazine365\/wp-json\/wp\/v2\/posts\/78091\/revisions"}],"wp:featuredmedia":[{"embeddable":true,"href":"https:\/\/eldigitaldeasturias.com\/magazine365\/wp-json\/wp\/v2\/media\/78094"}],"wp:attachment":[{"href":"https:\/\/eldigitaldeasturias.com\/magazine365\/wp-json\/wp\/v2\/media?parent=78091"}],"wp:term":[{"taxonomy":"category","embeddable":true,"href":"https:\/\/eldigitaldeasturias.com\/magazine365\/wp-json\/wp\/v2\/categories?post=78091"},{"taxonomy":"post_tag","embeddable":true,"href":"https:\/\/eldigitaldeasturias.com\/magazine365\/wp-json\/wp\/v2\/tags?post=78091"}],"curies":[{"name":"wp","href":"https:\/\/api.w.org\/{rel}","templated":true}]}}