{"id":78086,"date":"2016-06-08T12:27:36","date_gmt":"2016-06-08T10:27:36","guid":{"rendered":"http:\/\/eldigitaldeasturias.com\/magazine365\/?p=78086"},"modified":"2016-06-08T12:27:36","modified_gmt":"2016-06-08T10:27:36","slug":"festival-de-los-jardines-imperiales-de-san-petersburgo","status":"publish","type":"post","link":"https:\/\/eldigitaldeasturias.com\/magazine365\/festival-de-los-jardines-imperiales-de-san-petersburgo\/","title":{"rendered":"Festival de los Jardines Imperiales de San Petersburgo"},"content":{"rendered":"<p><img fetchpriority=\"high\" decoding=\"async\" class=\"alignleft size-medium wp-image-78089\" src=\"https:\/\/eldigitaldeasturias.com\/magazine365\/wp-content\/uploads\/2016\/06\/fotonoticia_20160607163940_800-360x240.jpg\" alt=\"fotonoticia_20160607163940_800\" width=\"360\" height=\"240\" srcset=\"https:\/\/eldigitaldeasturias.com\/magazine365\/wp-content\/uploads\/2016\/06\/fotonoticia_20160607163940_800-360x240.jpg 360w, https:\/\/eldigitaldeasturias.com\/magazine365\/wp-content\/uploads\/2016\/06\/fotonoticia_20160607163940_800-650x433.jpg 650w, https:\/\/eldigitaldeasturias.com\/magazine365\/wp-content\/uploads\/2016\/06\/fotonoticia_20160607163940_800-768x512.jpg 768w, https:\/\/eldigitaldeasturias.com\/magazine365\/wp-content\/uploads\/2016\/06\/fotonoticia_20160607163940_800-150x100.jpg 150w, https:\/\/eldigitaldeasturias.com\/magazine365\/wp-content\/uploads\/2016\/06\/fotonoticia_20160607163940_800-450x300.jpg 450w, https:\/\/eldigitaldeasturias.com\/magazine365\/wp-content\/uploads\/2016\/06\/fotonoticia_20160607163940_800-101x66.jpg 101w, https:\/\/eldigitaldeasturias.com\/magazine365\/wp-content\/uploads\/2016\/06\/fotonoticia_20160607163940_800.jpg 800w\" sizes=\"(max-width: 360px) 100vw, 360px\" \/>Los atractivos tur\u00edsticos de M\u00e1laga estar\u00e1n presentes este viernes, 10 de junio, en la novena edici\u00f3n del Festival de los Jardines Imperiales, en San Petersburgo, al que M\u00e1laga acude como \u00fanica representaci\u00f3n espa\u00f1ola.<\/p>\n<p>La ciudad rusa acoger\u00e1 una acci\u00f3n extraordinaria de promoci\u00f3n de la ciudad dirigida al p\u00fablico final. Para ello, el \u00c1rea de Turismo ha editado un folleto en el idioma local con toda la oferta de M\u00e1laga.<\/p>\n<p>En este nuevo impreso destacan dos grandes atractivos: la Colecci\u00f3n del Museo Ruso de San Petersburgo &#8211;que concursa con el proyecto &#8216;Jard\u00edn de los cinco sentidos&#8217; junto a otros 50 proyectos&#8211; y el Jard\u00edn Bot\u00e1nico-Hist\u00f3rico de La Concepci\u00f3n.<\/p>\n<p>As\u00ed, M\u00e1laga ser\u00e1 la protagonista este viernes, jornada en la que el Festival de Los Jardines Imperiales de Rusia celebrar\u00e1 el D\u00eda de Espa\u00f1a, seg\u00fan han informado desde el Consistorio a trav\u00e9s de un comunicado.<\/p>\n<p>Durante esta celebraci\u00f3n, se llevar\u00e1n a cabo las conferencias de Manuel Sampedro, del Centro de Lenguaje y Cultura Espa\u00f1ola Hispanista; Tatiana Pigariova, jefe del Departamento Cultural del Instituto Cervantes de Mosc\u00fa, y de Jos\u00e9 Mar\u00eda Luna, director de la Agencia P\u00fablica para la gesti\u00f3n de la Casa Natal de Pablo Picasso y otros equipamientos muse\u00edsticos y culturales.<\/p>\n<p>De la misma forma, en los d\u00edas previos al festival, Blanca Lasso de la Vega, jefa del departamento de investigaci\u00f3n y divulgaci\u00f3n bot\u00e1nica del Jard\u00edn Bot\u00e1nico-Hist\u00f3rico de la Concepci\u00f3n, impartir\u00e1 una conferencia sobre los jardines de M\u00e1laga, que servir\u00e1 de presentaci\u00f3n de la propuesta del Museo Ruso.<\/p>\n<p>La infancia es el tema central del evento, con la intenci\u00f3n de crear en el Jard\u00edn Mijailovsky un espacio arm\u00f3nico de disfrute para los ni\u00f1os. Por ello, y junto a la participaci\u00f3n en el concurso, el departamento de Educaci\u00f3n de la pinacoteca malague\u00f1a de arte ruso organizar\u00e1 varios talleres infantiles ideados para la ocasi\u00f3n.<\/p>\n<p>&nbsp;<\/p>\n","protected":false},"excerpt":{"rendered":"<p>Los atractivos tur\u00edsticos de M\u00e1laga estar\u00e1n presentes este viernes, 10 de junio, en la novena edici\u00f3n del Festival de los Jardines Imperiales, en San Petersburgo, al que M\u00e1laga acude como \u00fanica representaci\u00f3n espa\u00f1ola. La ciudad rusa acoger\u00e1 una acci\u00f3n extraordinaria de promoci\u00f3n de la ciudad dirigida al p\u00fablico final. Para ello, el \u00c1rea de Turismo<\/p>\n","protected":false},"author":1,"featured_media":78089,"comment_status":"open","ping_status":"closed","sticky":false,"template":"","format":"standard","meta":{"footnotes":""},"categories":[224],"tags":[],"class_list":{"0":"post-78086","1":"post","2":"type-post","3":"status-publish","4":"format-standard","5":"has-post-thumbnail","7":"category-noticias-actualidad"},"aioseo_notices":[],"aioseo_head":"\n\t\t<!-- All in One SEO Pro 4.9.6.1 - aioseo.com -->\n\t<meta name=\"description\" content=\"Los atractivos tur\u00edsticos de M\u00e1laga estar\u00e1n presentes este viernes, 10 de junio, en la novena edici\u00f3n del Festival de los Jardines Imperiales, en San Petersburgo, al que M\u00e1laga acude como \u00fanica representaci\u00f3n espa\u00f1ola. La ciudad rusa acoger\u00e1 una acci\u00f3n extraordinaria de promoci\u00f3n de la ciudad dirigida al p\u00fablico final. Para ello, el \u00c1rea de Turismo\" \/>\n\t<meta name=\"robots\" content=\"max-image-preview:large\" \/>\n\t<meta name=\"author\" content=\"admin\"\/>\n\t<meta name=\"google-site-verification\" content=\"UA-38556648-1\" \/>\n\t<meta name=\"keywords\" content=\"noticias y actualidad\" \/>\n\t<link rel=\"canonical\" href=\"https:\/\/eldigitaldeasturias.com\/magazine365\/festival-de-los-jardines-imperiales-de-san-petersburgo\/\" \/>\n\t<meta name=\"generator\" content=\"All in One SEO Pro (AIOSEO) 4.9.6.1\" \/>\n\t\t<meta property=\"og:locale\" content=\"es_ES\" \/>\n\t\t<meta property=\"og:site_name\" content=\"El Digital de Asturias \u2013 Revista de ocio, turismo y estilo de vida\" \/>\n\t\t<meta property=\"og:type\" content=\"article\" \/>\n\t\t<meta property=\"og:title\" content=\"Festival de los Jardines Imperiales de San Petersburgo | El Digital de Asturias\" \/>\n\t\t<meta property=\"og:description\" content=\"Los atractivos tur\u00edsticos de M\u00e1laga estar\u00e1n presentes este viernes, 10 de junio, en la novena edici\u00f3n del Festival de los Jardines Imperiales, en San Petersburgo, al que M\u00e1laga acude como \u00fanica representaci\u00f3n espa\u00f1ola. La ciudad rusa acoger\u00e1 una acci\u00f3n extraordinaria de promoci\u00f3n de la ciudad dirigida al p\u00fablico final. Para ello, el \u00c1rea de Turismo\" \/>\n\t\t<meta property=\"og:url\" content=\"https:\/\/eldigitaldeasturias.com\/magazine365\/festival-de-los-jardines-imperiales-de-san-petersburgo\/\" \/>\n\t\t<meta property=\"og:image\" content=\"https:\/\/eldigitaldeasturias.com\/magazine365\/wp-content\/uploads\/2016\/06\/fotonoticia_20160607163940_800.jpg\" \/>\n\t\t<meta property=\"og:image:secure_url\" content=\"https:\/\/eldigitaldeasturias.com\/magazine365\/wp-content\/uploads\/2016\/06\/fotonoticia_20160607163940_800.jpg\" \/>\n\t\t<meta property=\"og:image:width\" content=\"800\" \/>\n\t\t<meta property=\"og:image:height\" content=\"533\" \/>\n\t\t<meta property=\"article:published_time\" content=\"2016-06-08T10:27:36+00:00\" \/>\n\t\t<meta property=\"article:modified_time\" content=\"2016-06-08T10:27:36+00:00\" \/>\n\t\t<meta name=\"twitter:card\" content=\"summary_large_image\" \/>\n\t\t<meta name=\"twitter:title\" content=\"Festival de los Jardines Imperiales de San Petersburgo | El Digital de Asturias\" \/>\n\t\t<meta name=\"twitter:description\" content=\"Los atractivos tur\u00edsticos de M\u00e1laga estar\u00e1n presentes este viernes, 10 de junio, en la novena edici\u00f3n del Festival de los Jardines Imperiales, en San Petersburgo, al que M\u00e1laga acude como \u00fanica representaci\u00f3n espa\u00f1ola. La ciudad rusa acoger\u00e1 una acci\u00f3n extraordinaria de promoci\u00f3n de la ciudad dirigida al p\u00fablico final. Para ello, el \u00c1rea de Turismo\" \/>\n\t\t<meta name=\"twitter:image\" content=\"https:\/\/eldigitaldeasturias.com\/magazine365\/wp-content\/uploads\/2016\/06\/fotonoticia_20160607163940_800.jpg\" \/>\n\t\t<script type=\"application\/ld+json\" class=\"aioseo-schema\">\n\t\t\t{\"@context\":\"https:\\\/\\\/schema.org\",\"@graph\":[{\"@type\":\"Article\",\"@id\":\"https:\\\/\\\/eldigitaldeasturias.com\\\/magazine365\\\/festival-de-los-jardines-imperiales-de-san-petersburgo\\\/#article\",\"name\":\"Festival de los Jardines Imperiales de San Petersburgo | El Digital de Asturias\",\"headline\":\"Festival de los Jardines Imperiales de San Petersburgo\",\"author\":{\"@id\":\"https:\\\/\\\/eldigitaldeasturias.com\\\/magazine365\\\/author\\\/admin\\\/#author\"},\"publisher\":{\"@id\":\"https:\\\/\\\/eldigitaldeasturias.com\\\/magazine365\\\/#organization\"},\"image\":{\"@type\":\"ImageObject\",\"url\":\"https:\\\/\\\/eldigitaldeasturias.com\\\/magazine365\\\/wp-content\\\/uploads\\\/2016\\\/06\\\/fotonoticia_20160607163940_800.jpg\",\"width\":800,\"height\":533},\"datePublished\":\"2016-06-08T12:27:36+02:00\",\"dateModified\":\"2016-06-08T12:27:36+02:00\",\"inLanguage\":\"es-ES\",\"mainEntityOfPage\":{\"@id\":\"https:\\\/\\\/eldigitaldeasturias.com\\\/magazine365\\\/festival-de-los-jardines-imperiales-de-san-petersburgo\\\/#webpage\"},\"isPartOf\":{\"@id\":\"https:\\\/\\\/eldigitaldeasturias.com\\\/magazine365\\\/festival-de-los-jardines-imperiales-de-san-petersburgo\\\/#webpage\"},\"articleSection\":\"Noticias y Actualidad\"},{\"@type\":\"BreadcrumbList\",\"@id\":\"https:\\\/\\\/eldigitaldeasturias.com\\\/magazine365\\\/festival-de-los-jardines-imperiales-de-san-petersburgo\\\/#breadcrumblist\",\"itemListElement\":[{\"@type\":\"ListItem\",\"@id\":\"https:\\\/\\\/eldigitaldeasturias.com\\\/magazine365#listItem\",\"position\":1,\"name\":\"Home\",\"item\":\"https:\\\/\\\/eldigitaldeasturias.com\\\/magazine365\",\"nextItem\":{\"@type\":\"ListItem\",\"@id\":\"https:\\\/\\\/eldigitaldeasturias.com\\\/magazine365\\\/category\\\/noticias-actualidad\\\/#listItem\",\"name\":\"Noticias y Actualidad\"}},{\"@type\":\"ListItem\",\"@id\":\"https:\\\/\\\/eldigitaldeasturias.com\\\/magazine365\\\/category\\\/noticias-actualidad\\\/#listItem\",\"position\":2,\"name\":\"Noticias y Actualidad\",\"item\":\"https:\\\/\\\/eldigitaldeasturias.com\\\/magazine365\\\/category\\\/noticias-actualidad\\\/\",\"nextItem\":{\"@type\":\"ListItem\",\"@id\":\"https:\\\/\\\/eldigitaldeasturias.com\\\/magazine365\\\/festival-de-los-jardines-imperiales-de-san-petersburgo\\\/#listItem\",\"name\":\"Festival de los Jardines Imperiales de San Petersburgo\"},\"previousItem\":{\"@type\":\"ListItem\",\"@id\":\"https:\\\/\\\/eldigitaldeasturias.com\\\/magazine365#listItem\",\"name\":\"Home\"}},{\"@type\":\"ListItem\",\"@id\":\"https:\\\/\\\/eldigitaldeasturias.com\\\/magazine365\\\/festival-de-los-jardines-imperiales-de-san-petersburgo\\\/#listItem\",\"position\":3,\"name\":\"Festival de los Jardines Imperiales de San Petersburgo\",\"previousItem\":{\"@type\":\"ListItem\",\"@id\":\"https:\\\/\\\/eldigitaldeasturias.com\\\/magazine365\\\/category\\\/noticias-actualidad\\\/#listItem\",\"name\":\"Noticias y Actualidad\"}}]},{\"@type\":\"Organization\",\"@id\":\"https:\\\/\\\/eldigitaldeasturias.com\\\/magazine365\\\/#organization\",\"name\":\"El digital de Asturias\",\"description\":\"Revista de ocio, turismo y estilo de vida\",\"url\":\"https:\\\/\\\/eldigitaldeasturias.com\\\/magazine365\\\/\",\"logo\":{\"@type\":\"ImageObject\",\"url\":\"https:\\\/\\\/www.eldigitaldeasturias.com\\\/noticias\\\/wp-content\\\/uploads\\\/2020\\\/12\\\/EDA.jpg\",\"@id\":\"https:\\\/\\\/eldigitaldeasturias.com\\\/magazine365\\\/festival-de-los-jardines-imperiales-de-san-petersburgo\\\/#organizationLogo\"},\"image\":{\"@id\":\"https:\\\/\\\/eldigitaldeasturias.com\\\/magazine365\\\/festival-de-los-jardines-imperiales-de-san-petersburgo\\\/#organizationLogo\"}},{\"@type\":\"Person\",\"@id\":\"https:\\\/\\\/eldigitaldeasturias.com\\\/magazine365\\\/author\\\/admin\\\/#author\",\"url\":\"https:\\\/\\\/eldigitaldeasturias.com\\\/magazine365\\\/author\\\/admin\\\/\",\"name\":\"admin\",\"image\":{\"@type\":\"ImageObject\",\"@id\":\"https:\\\/\\\/eldigitaldeasturias.com\\\/magazine365\\\/festival-de-los-jardines-imperiales-de-san-petersburgo\\\/#authorImage\",\"url\":\"https:\\\/\\\/eldigitaldeasturias.com\\\/magazine365\\\/wp-content\\\/litespeed\\\/avatar\\\/e571bcf59a0edd6fa6838245a470f2fe.jpg?ver=1776969259\",\"width\":96,\"height\":96,\"caption\":\"admin\"}},{\"@type\":\"WebPage\",\"@id\":\"https:\\\/\\\/eldigitaldeasturias.com\\\/magazine365\\\/festival-de-los-jardines-imperiales-de-san-petersburgo\\\/#webpage\",\"url\":\"https:\\\/\\\/eldigitaldeasturias.com\\\/magazine365\\\/festival-de-los-jardines-imperiales-de-san-petersburgo\\\/\",\"name\":\"Festival de los Jardines Imperiales de San Petersburgo | El Digital de Asturias\",\"description\":\"Los atractivos tur\\u00edsticos de M\\u00e1laga estar\\u00e1n presentes este viernes, 10 de junio, en la novena edici\\u00f3n del Festival de los Jardines Imperiales, en San Petersburgo, al que M\\u00e1laga acude como \\u00fanica representaci\\u00f3n espa\\u00f1ola. La ciudad rusa acoger\\u00e1 una acci\\u00f3n extraordinaria de promoci\\u00f3n de la ciudad dirigida al p\\u00fablico final. Para ello, el \\u00c1rea de Turismo\",\"inLanguage\":\"es-ES\",\"isPartOf\":{\"@id\":\"https:\\\/\\\/eldigitaldeasturias.com\\\/magazine365\\\/#website\"},\"breadcrumb\":{\"@id\":\"https:\\\/\\\/eldigitaldeasturias.com\\\/magazine365\\\/festival-de-los-jardines-imperiales-de-san-petersburgo\\\/#breadcrumblist\"},\"author\":{\"@id\":\"https:\\\/\\\/eldigitaldeasturias.com\\\/magazine365\\\/author\\\/admin\\\/#author\"},\"creator\":{\"@id\":\"https:\\\/\\\/eldigitaldeasturias.com\\\/magazine365\\\/author\\\/admin\\\/#author\"},\"image\":{\"@type\":\"ImageObject\",\"url\":\"https:\\\/\\\/eldigitaldeasturias.com\\\/magazine365\\\/wp-content\\\/uploads\\\/2016\\\/06\\\/fotonoticia_20160607163940_800.jpg\",\"@id\":\"https:\\\/\\\/eldigitaldeasturias.com\\\/magazine365\\\/festival-de-los-jardines-imperiales-de-san-petersburgo\\\/#mainImage\",\"width\":800,\"height\":533},\"primaryImageOfPage\":{\"@id\":\"https:\\\/\\\/eldigitaldeasturias.com\\\/magazine365\\\/festival-de-los-jardines-imperiales-de-san-petersburgo\\\/#mainImage\"},\"datePublished\":\"2016-06-08T12:27:36+02:00\",\"dateModified\":\"2016-06-08T12:27:36+02:00\"},{\"@type\":\"WebSite\",\"@id\":\"https:\\\/\\\/eldigitaldeasturias.com\\\/magazine365\\\/#website\",\"url\":\"https:\\\/\\\/eldigitaldeasturias.com\\\/magazine365\\\/\",\"name\":\"El Digital de Asturias\",\"description\":\"Revista de ocio, turismo y estilo de vida\",\"inLanguage\":\"es-ES\",\"publisher\":{\"@id\":\"https:\\\/\\\/eldigitaldeasturias.com\\\/magazine365\\\/#organization\"}}]}\n\t\t<\/script>\n\t\t<!-- All in One SEO Pro -->\r\n\t\t<title>Festival de los Jardines Imperiales de San Petersburgo | El Digital de Asturias<\/title>\n\n","aioseo_head_json":{"title":"Festival de los Jardines Imperiales de San Petersburgo | El Digital de Asturias","description":"Los atractivos tur\u00edsticos de M\u00e1laga estar\u00e1n presentes este viernes, 10 de junio, en la novena edici\u00f3n del Festival de los Jardines Imperiales, en San Petersburgo, al que M\u00e1laga acude como \u00fanica representaci\u00f3n espa\u00f1ola. La ciudad rusa acoger\u00e1 una acci\u00f3n extraordinaria de promoci\u00f3n de la ciudad dirigida al p\u00fablico final. Para ello, el \u00c1rea de Turismo","canonical_url":"https:\/\/eldigitaldeasturias.com\/magazine365\/festival-de-los-jardines-imperiales-de-san-petersburgo\/","robots":"max-image-preview:large","keywords":"noticias y actualidad","webmasterTools":{"google-site-verification":"UA-38556648-1","miscellaneous":""},"schema":{"@context":"https:\/\/schema.org","@graph":[{"@type":"Article","@id":"https:\/\/eldigitaldeasturias.com\/magazine365\/festival-de-los-jardines-imperiales-de-san-petersburgo\/#article","name":"Festival de los Jardines Imperiales de San Petersburgo | El Digital de Asturias","headline":"Festival de los Jardines Imperiales de San Petersburgo","author":{"@id":"https:\/\/eldigitaldeasturias.com\/magazine365\/author\/admin\/#author"},"publisher":{"@id":"https:\/\/eldigitaldeasturias.com\/magazine365\/#organization"},"image":{"@type":"ImageObject","url":"https:\/\/eldigitaldeasturias.com\/magazine365\/wp-content\/uploads\/2016\/06\/fotonoticia_20160607163940_800.jpg","width":800,"height":533},"datePublished":"2016-06-08T12:27:36+02:00","dateModified":"2016-06-08T12:27:36+02:00","inLanguage":"es-ES","mainEntityOfPage":{"@id":"https:\/\/eldigitaldeasturias.com\/magazine365\/festival-de-los-jardines-imperiales-de-san-petersburgo\/#webpage"},"isPartOf":{"@id":"https:\/\/eldigitaldeasturias.com\/magazine365\/festival-de-los-jardines-imperiales-de-san-petersburgo\/#webpage"},"articleSection":"Noticias y Actualidad"},{"@type":"BreadcrumbList","@id":"https:\/\/eldigitaldeasturias.com\/magazine365\/festival-de-los-jardines-imperiales-de-san-petersburgo\/#breadcrumblist","itemListElement":[{"@type":"ListItem","@id":"https:\/\/eldigitaldeasturias.com\/magazine365#listItem","position":1,"name":"Home","item":"https:\/\/eldigitaldeasturias.com\/magazine365","nextItem":{"@type":"ListItem","@id":"https:\/\/eldigitaldeasturias.com\/magazine365\/category\/noticias-actualidad\/#listItem","name":"Noticias y Actualidad"}},{"@type":"ListItem","@id":"https:\/\/eldigitaldeasturias.com\/magazine365\/category\/noticias-actualidad\/#listItem","position":2,"name":"Noticias y Actualidad","item":"https:\/\/eldigitaldeasturias.com\/magazine365\/category\/noticias-actualidad\/","nextItem":{"@type":"ListItem","@id":"https:\/\/eldigitaldeasturias.com\/magazine365\/festival-de-los-jardines-imperiales-de-san-petersburgo\/#listItem","name":"Festival de los Jardines Imperiales de San Petersburgo"},"previousItem":{"@type":"ListItem","@id":"https:\/\/eldigitaldeasturias.com\/magazine365#listItem","name":"Home"}},{"@type":"ListItem","@id":"https:\/\/eldigitaldeasturias.com\/magazine365\/festival-de-los-jardines-imperiales-de-san-petersburgo\/#listItem","position":3,"name":"Festival de los Jardines Imperiales de San Petersburgo","previousItem":{"@type":"ListItem","@id":"https:\/\/eldigitaldeasturias.com\/magazine365\/category\/noticias-actualidad\/#listItem","name":"Noticias y Actualidad"}}]},{"@type":"Organization","@id":"https:\/\/eldigitaldeasturias.com\/magazine365\/#organization","name":"El digital de Asturias","description":"Revista de ocio, turismo y estilo de vida","url":"https:\/\/eldigitaldeasturias.com\/magazine365\/","logo":{"@type":"ImageObject","url":"https:\/\/www.eldigitaldeasturias.com\/noticias\/wp-content\/uploads\/2020\/12\/EDA.jpg","@id":"https:\/\/eldigitaldeasturias.com\/magazine365\/festival-de-los-jardines-imperiales-de-san-petersburgo\/#organizationLogo"},"image":{"@id":"https:\/\/eldigitaldeasturias.com\/magazine365\/festival-de-los-jardines-imperiales-de-san-petersburgo\/#organizationLogo"}},{"@type":"Person","@id":"https:\/\/eldigitaldeasturias.com\/magazine365\/author\/admin\/#author","url":"https:\/\/eldigitaldeasturias.com\/magazine365\/author\/admin\/","name":"admin","image":{"@type":"ImageObject","@id":"https:\/\/eldigitaldeasturias.com\/magazine365\/festival-de-los-jardines-imperiales-de-san-petersburgo\/#authorImage","url":"https:\/\/eldigitaldeasturias.com\/magazine365\/wp-content\/litespeed\/avatar\/e571bcf59a0edd6fa6838245a470f2fe.jpg?ver=1776969259","width":96,"height":96,"caption":"admin"}},{"@type":"WebPage","@id":"https:\/\/eldigitaldeasturias.com\/magazine365\/festival-de-los-jardines-imperiales-de-san-petersburgo\/#webpage","url":"https:\/\/eldigitaldeasturias.com\/magazine365\/festival-de-los-jardines-imperiales-de-san-petersburgo\/","name":"Festival de los Jardines Imperiales de San Petersburgo | El Digital de Asturias","description":"Los atractivos tur\u00edsticos de M\u00e1laga estar\u00e1n presentes este viernes, 10 de junio, en la novena edici\u00f3n del Festival de los Jardines Imperiales, en San Petersburgo, al que M\u00e1laga acude como \u00fanica representaci\u00f3n espa\u00f1ola. La ciudad rusa acoger\u00e1 una acci\u00f3n extraordinaria de promoci\u00f3n de la ciudad dirigida al p\u00fablico final. Para ello, el \u00c1rea de Turismo","inLanguage":"es-ES","isPartOf":{"@id":"https:\/\/eldigitaldeasturias.com\/magazine365\/#website"},"breadcrumb":{"@id":"https:\/\/eldigitaldeasturias.com\/magazine365\/festival-de-los-jardines-imperiales-de-san-petersburgo\/#breadcrumblist"},"author":{"@id":"https:\/\/eldigitaldeasturias.com\/magazine365\/author\/admin\/#author"},"creator":{"@id":"https:\/\/eldigitaldeasturias.com\/magazine365\/author\/admin\/#author"},"image":{"@type":"ImageObject","url":"https:\/\/eldigitaldeasturias.com\/magazine365\/wp-content\/uploads\/2016\/06\/fotonoticia_20160607163940_800.jpg","@id":"https:\/\/eldigitaldeasturias.com\/magazine365\/festival-de-los-jardines-imperiales-de-san-petersburgo\/#mainImage","width":800,"height":533},"primaryImageOfPage":{"@id":"https:\/\/eldigitaldeasturias.com\/magazine365\/festival-de-los-jardines-imperiales-de-san-petersburgo\/#mainImage"},"datePublished":"2016-06-08T12:27:36+02:00","dateModified":"2016-06-08T12:27:36+02:00"},{"@type":"WebSite","@id":"https:\/\/eldigitaldeasturias.com\/magazine365\/#website","url":"https:\/\/eldigitaldeasturias.com\/magazine365\/","name":"El Digital de Asturias","description":"Revista de ocio, turismo y estilo de vida","inLanguage":"es-ES","publisher":{"@id":"https:\/\/eldigitaldeasturias.com\/magazine365\/#organization"}}]},"og:locale":"es_ES","og:site_name":"El Digital de Asturias \u2013 Revista de ocio, turismo y estilo de vida","og:type":"article","og:title":"Festival de los Jardines Imperiales de San Petersburgo | El Digital de Asturias","og:description":"Los atractivos tur\u00edsticos de M\u00e1laga estar\u00e1n presentes este viernes, 10 de junio, en la novena edici\u00f3n del Festival de los Jardines Imperiales, en San Petersburgo, al que M\u00e1laga acude como \u00fanica representaci\u00f3n espa\u00f1ola. La ciudad rusa acoger\u00e1 una acci\u00f3n extraordinaria de promoci\u00f3n de la ciudad dirigida al p\u00fablico final. Para ello, el \u00c1rea de Turismo","og:url":"https:\/\/eldigitaldeasturias.com\/magazine365\/festival-de-los-jardines-imperiales-de-san-petersburgo\/","og:image":"https:\/\/eldigitaldeasturias.com\/magazine365\/wp-content\/uploads\/2016\/06\/fotonoticia_20160607163940_800.jpg","og:image:secure_url":"https:\/\/eldigitaldeasturias.com\/magazine365\/wp-content\/uploads\/2016\/06\/fotonoticia_20160607163940_800.jpg","og:image:width":800,"og:image:height":533,"article:published_time":"2016-06-08T10:27:36+00:00","article:modified_time":"2016-06-08T10:27:36+00:00","twitter:card":"summary_large_image","twitter:title":"Festival de los Jardines Imperiales de San Petersburgo | El Digital de Asturias","twitter:description":"Los atractivos tur\u00edsticos de M\u00e1laga estar\u00e1n presentes este viernes, 10 de junio, en la novena edici\u00f3n del Festival de los Jardines Imperiales, en San Petersburgo, al que M\u00e1laga acude como \u00fanica representaci\u00f3n espa\u00f1ola. La ciudad rusa acoger\u00e1 una acci\u00f3n extraordinaria de promoci\u00f3n de la ciudad dirigida al p\u00fablico final. Para ello, el \u00c1rea de Turismo","twitter:image":"https:\/\/eldigitaldeasturias.com\/magazine365\/wp-content\/uploads\/2016\/06\/fotonoticia_20160607163940_800.jpg"},"aioseo_meta_data":{"post_id":"78086","title":null,"description":null,"keywords":null,"keyphrases":null,"primary_term":null,"canonical_url":null,"og_title":null,"og_description":null,"og_object_type":"default","og_image_type":"default","og_image_url":null,"og_image_width":null,"og_image_height":null,"og_image_custom_url":null,"og_image_custom_fields":null,"og_video":null,"og_custom_url":null,"og_article_section":null,"og_article_tags":null,"twitter_use_og":false,"twitter_card":"default","twitter_image_type":"default","twitter_image_url":null,"twitter_image_custom_url":null,"twitter_image_custom_fields":null,"twitter_title":null,"twitter_description":null,"schema":{"blockGraphs":[],"customGraphs":[],"default":{"data":{"Article":[],"Course":[],"Dataset":[],"FAQPage":[],"Movie":[],"Person":[],"Product":[],"ProductReview":[],"Car":[],"Recipe":[],"Service":[],"SoftwareApplication":[],"WebPage":[]},"graphName":"","isEnabled":true},"graphs":[],"defaultGraph":"","defaultPostTypeGraph":""},"schema_type":null,"schema_type_options":null,"pillar_content":false,"robots_default":true,"robots_noindex":false,"robots_noarchive":false,"robots_nosnippet":false,"robots_nofollow":false,"robots_noimageindex":false,"robots_noodp":false,"robots_notranslate":false,"robots_max_snippet":null,"robots_max_videopreview":null,"robots_max_imagepreview":"large","priority":null,"frequency":null,"location":null,"local_seo":null,"seo_analyzer_scan_date":"2025-09-27 16:14:12","breadcrumb_settings":null,"limit_modified_date":false,"open_ai":null,"ai":null,"created":"2021-03-08 18:04:41","updated":"2025-09-27 16:14:12"},"aioseo_breadcrumb":"<div class=\"aioseo-breadcrumbs\"><span class=\"aioseo-breadcrumb\">\n\t<a href=\"https:\/\/eldigitaldeasturias.com\/magazine365\" title=\"Home\">Home<\/a>\n<\/span><span class=\"aioseo-breadcrumb-separator\">\u2013<\/span><span class=\"aioseo-breadcrumb\">\n\t<a href=\"https:\/\/eldigitaldeasturias.com\/magazine365\/category\/noticias-actualidad\/\" title=\"Noticias y Actualidad\">Noticias y Actualidad<\/a>\n<\/span><span class=\"aioseo-breadcrumb-separator\">\u2013<\/span><span class=\"aioseo-breadcrumb\">\n\t<a href=\"https:\/\/eldigitaldeasturias.com\/magazine365\/festival-de-los-jardines-imperiales-de-san-petersburgo\/\" title=\"Festival de los Jardines Imperiales de San Petersburgo\">Festival de los Jardines Imperiales de San Petersburgo<\/a>\n<\/span><\/div>","aioseo_breadcrumb_json":[{"label":"Home","link":"https:\/\/eldigitaldeasturias.com\/magazine365"},{"label":"Noticias y Actualidad","link":"https:\/\/eldigitaldeasturias.com\/magazine365\/category\/noticias-actualidad\/"},{"label":"Festival de los Jardines Imperiales de San Petersburgo","link":"https:\/\/eldigitaldeasturias.com\/magazine365\/festival-de-los-jardines-imperiales-de-san-petersburgo\/"}],"_links":{"self":[{"href":"https:\/\/eldigitaldeasturias.com\/magazine365\/wp-json\/wp\/v2\/posts\/78086","targetHints":{"allow":["GET"]}}],"collection":[{"href":"https:\/\/eldigitaldeasturias.com\/magazine365\/wp-json\/wp\/v2\/posts"}],"about":[{"href":"https:\/\/eldigitaldeasturias.com\/magazine365\/wp-json\/wp\/v2\/types\/post"}],"author":[{"embeddable":true,"href":"https:\/\/eldigitaldeasturias.com\/magazine365\/wp-json\/wp\/v2\/users\/1"}],"replies":[{"embeddable":true,"href":"https:\/\/eldigitaldeasturias.com\/magazine365\/wp-json\/wp\/v2\/comments?post=78086"}],"version-history":[{"count":0,"href":"https:\/\/eldigitaldeasturias.com\/magazine365\/wp-json\/wp\/v2\/posts\/78086\/revisions"}],"wp:featuredmedia":[{"embeddable":true,"href":"https:\/\/eldigitaldeasturias.com\/magazine365\/wp-json\/wp\/v2\/media\/78089"}],"wp:attachment":[{"href":"https:\/\/eldigitaldeasturias.com\/magazine365\/wp-json\/wp\/v2\/media?parent=78086"}],"wp:term":[{"taxonomy":"category","embeddable":true,"href":"https:\/\/eldigitaldeasturias.com\/magazine365\/wp-json\/wp\/v2\/categories?post=78086"},{"taxonomy":"post_tag","embeddable":true,"href":"https:\/\/eldigitaldeasturias.com\/magazine365\/wp-json\/wp\/v2\/tags?post=78086"}],"curies":[{"name":"wp","href":"https:\/\/api.w.org\/{rel}","templated":true}]}}