{"id":78081,"date":"2016-06-08T12:26:00","date_gmt":"2016-06-08T10:26:00","guid":{"rendered":"http:\/\/eldigitaldeasturias.com\/magazine365\/?p=78081"},"modified":"2016-06-08T12:26:00","modified_gmt":"2016-06-08T10:26:00","slug":"el-concejal-de-turismo-dice-que-le-gustaria-que-obama-visitara-cordoba-en-julio","status":"publish","type":"post","link":"https:\/\/eldigitaldeasturias.com\/magazine365\/el-concejal-de-turismo-dice-que-le-gustaria-que-obama-visitara-cordoba-en-julio\/","title":{"rendered":"El concejal de Turismo dice que le \u00abgustar\u00eda\u00bb que Obama visitara C\u00f3rdoba en julio"},"content":{"rendered":"<p><img fetchpriority=\"high\" decoding=\"async\" class=\"alignleft size-medium wp-image-78083\" src=\"https:\/\/eldigitaldeasturias.com\/magazine365\/wp-content\/uploads\/2016\/06\/fotonoticia_20160607162940_800-360x203.jpg\" alt=\"fotonoticia_20160607162940_800\" width=\"360\" height=\"203\" srcset=\"https:\/\/eldigitaldeasturias.com\/magazine365\/wp-content\/uploads\/2016\/06\/fotonoticia_20160607162940_800-360x203.jpg 360w, https:\/\/eldigitaldeasturias.com\/magazine365\/wp-content\/uploads\/2016\/06\/fotonoticia_20160607162940_800-650x366.jpg 650w, https:\/\/eldigitaldeasturias.com\/magazine365\/wp-content\/uploads\/2016\/06\/fotonoticia_20160607162940_800-768x432.jpg 768w, https:\/\/eldigitaldeasturias.com\/magazine365\/wp-content\/uploads\/2016\/06\/fotonoticia_20160607162940_800-150x84.jpg 150w, https:\/\/eldigitaldeasturias.com\/magazine365\/wp-content\/uploads\/2016\/06\/fotonoticia_20160607162940_800-450x253.jpg 450w, https:\/\/eldigitaldeasturias.com\/magazine365\/wp-content\/uploads\/2016\/06\/fotonoticia_20160607162940_800-499x280.jpg 499w, https:\/\/eldigitaldeasturias.com\/magazine365\/wp-content\/uploads\/2016\/06\/fotonoticia_20160607162940_800-510x289.jpg 510w, https:\/\/eldigitaldeasturias.com\/magazine365\/wp-content\/uploads\/2016\/06\/fotonoticia_20160607162940_800.jpg 800w\" sizes=\"(max-width: 360px) 100vw, 360px\" \/>El delegado de Turismo del Ayuntamiento de C\u00f3rdoba, Pedro Garc\u00eda (IU), ha manifestado este martes que le \u00abgustar\u00eda\u00bb que visitara C\u00f3rdoba el presidente de los Estados Unidos, Barack Obama, quien s\u00ed estar\u00e1 en Sevilla dentro de la que ser\u00e1 su primera visita oficial a Espa\u00f1a, entre los d\u00edas 9 y 11 de julio.<\/p>\n<p>En declaraciones a los periodistas, el tambi\u00e9n primer teniente de alcalde ha apuntado que \u00abdesde el punto de vista material es importante donde va Obama, porque sit\u00faa en el centro del debate pol\u00edtico y comunicativo\u00bb, aunque ha apostillado que \u00abotra cosa es que coincida o no en muchas cosas con Obama\u00bb.<\/p>\n<p>Entretanto, el edil de Turismo ha recordado que el expresidente americano Bill Clinton dijo en Granada que \u00abera uno de los atardeceres m\u00e1s bonitos que hab\u00eda visto nunca y triplic\u00f3 los visitantes a Granada\u00bb.<\/p>\n","protected":false},"excerpt":{"rendered":"<p>El delegado de Turismo del Ayuntamiento de C\u00f3rdoba, Pedro Garc\u00eda (IU), ha manifestado este martes que le \u00abgustar\u00eda\u00bb que visitara C\u00f3rdoba el presidente de los Estados Unidos, Barack Obama, quien s\u00ed estar\u00e1 en Sevilla dentro de la que ser\u00e1 su primera visita oficial a Espa\u00f1a, entre los d\u00edas 9 y 11 de julio. En declaraciones<\/p>\n","protected":false},"author":1,"featured_media":78083,"comment_status":"open","ping_status":"closed","sticky":false,"template":"","format":"standard","meta":{"footnotes":""},"categories":[224],"tags":[],"class_list":{"0":"post-78081","1":"post","2":"type-post","3":"status-publish","4":"format-standard","5":"has-post-thumbnail","7":"category-noticias-actualidad"},"aioseo_notices":[],"aioseo_head":"\n\t\t<!-- All in One SEO Pro 4.9.6.1 - aioseo.com -->\n\t<meta name=\"description\" content=\"El delegado de Turismo del Ayuntamiento de C\u00f3rdoba, Pedro Garc\u00eda (IU), ha manifestado este martes que le &quot;gustar\u00eda&quot; que visitara C\u00f3rdoba el presidente de los Estados Unidos, Barack Obama, quien s\u00ed estar\u00e1 en Sevilla dentro de la que ser\u00e1 su primera visita oficial a Espa\u00f1a, entre los d\u00edas 9 y 11 de julio. En declaraciones\" \/>\n\t<meta name=\"robots\" content=\"max-image-preview:large\" \/>\n\t<meta name=\"author\" content=\"admin\"\/>\n\t<meta name=\"google-site-verification\" content=\"UA-38556648-1\" \/>\n\t<meta name=\"keywords\" content=\"noticias y actualidad\" \/>\n\t<link rel=\"canonical\" href=\"https:\/\/eldigitaldeasturias.com\/magazine365\/el-concejal-de-turismo-dice-que-le-gustaria-que-obama-visitara-cordoba-en-julio\/\" \/>\n\t<meta name=\"generator\" content=\"All in One SEO Pro (AIOSEO) 4.9.6.1\" \/>\n\t\t<meta property=\"og:locale\" content=\"es_ES\" \/>\n\t\t<meta property=\"og:site_name\" content=\"El Digital de Asturias \u2013 Revista de ocio, turismo y estilo de vida\" \/>\n\t\t<meta property=\"og:type\" content=\"article\" \/>\n\t\t<meta property=\"og:title\" content=\"El concejal de Turismo dice que le \u00abgustar\u00eda\u00bb que Obama visitara C\u00f3rdoba en julio | El Digital de Asturias\" \/>\n\t\t<meta property=\"og:description\" content=\"El delegado de Turismo del Ayuntamiento de C\u00f3rdoba, Pedro Garc\u00eda (IU), ha manifestado este martes que le &quot;gustar\u00eda&quot; que visitara C\u00f3rdoba el presidente de los Estados Unidos, Barack Obama, quien s\u00ed estar\u00e1 en Sevilla dentro de la que ser\u00e1 su primera visita oficial a Espa\u00f1a, entre los d\u00edas 9 y 11 de julio. En declaraciones\" \/>\n\t\t<meta property=\"og:url\" content=\"https:\/\/eldigitaldeasturias.com\/magazine365\/el-concejal-de-turismo-dice-que-le-gustaria-que-obama-visitara-cordoba-en-julio\/\" \/>\n\t\t<meta property=\"og:image\" content=\"https:\/\/eldigitaldeasturias.com\/magazine365\/wp-content\/uploads\/2016\/06\/fotonoticia_20160607162940_800.jpg\" \/>\n\t\t<meta property=\"og:image:secure_url\" content=\"https:\/\/eldigitaldeasturias.com\/magazine365\/wp-content\/uploads\/2016\/06\/fotonoticia_20160607162940_800.jpg\" \/>\n\t\t<meta property=\"og:image:width\" content=\"800\" \/>\n\t\t<meta property=\"og:image:height\" content=\"450\" \/>\n\t\t<meta property=\"article:published_time\" content=\"2016-06-08T10:26:00+00:00\" \/>\n\t\t<meta property=\"article:modified_time\" content=\"2016-06-08T10:26:00+00:00\" \/>\n\t\t<meta name=\"twitter:card\" content=\"summary_large_image\" \/>\n\t\t<meta name=\"twitter:title\" content=\"El concejal de Turismo dice que le \u00abgustar\u00eda\u00bb que Obama visitara C\u00f3rdoba en julio | El Digital de Asturias\" \/>\n\t\t<meta name=\"twitter:description\" content=\"El delegado de Turismo del Ayuntamiento de C\u00f3rdoba, Pedro Garc\u00eda (IU), ha manifestado este martes que le &quot;gustar\u00eda&quot; que visitara C\u00f3rdoba el presidente de los Estados Unidos, Barack Obama, quien s\u00ed estar\u00e1 en Sevilla dentro de la que ser\u00e1 su primera visita oficial a Espa\u00f1a, entre los d\u00edas 9 y 11 de julio. En declaraciones\" \/>\n\t\t<meta name=\"twitter:image\" content=\"https:\/\/eldigitaldeasturias.com\/magazine365\/wp-content\/uploads\/2016\/06\/fotonoticia_20160607162940_800.jpg\" \/>\n\t\t<script type=\"application\/ld+json\" class=\"aioseo-schema\">\n\t\t\t{\"@context\":\"https:\\\/\\\/schema.org\",\"@graph\":[{\"@type\":\"Article\",\"@id\":\"https:\\\/\\\/eldigitaldeasturias.com\\\/magazine365\\\/el-concejal-de-turismo-dice-que-le-gustaria-que-obama-visitara-cordoba-en-julio\\\/#article\",\"name\":\"El concejal de Turismo dice que le \\u00abgustar\\u00eda\\u00bb que Obama visitara C\\u00f3rdoba en julio | El Digital de Asturias\",\"headline\":\"El concejal de Turismo dice que le \\u00abgustar\\u00eda\\u00bb que Obama visitara C\\u00f3rdoba en julio\",\"author\":{\"@id\":\"https:\\\/\\\/eldigitaldeasturias.com\\\/magazine365\\\/author\\\/admin\\\/#author\"},\"publisher\":{\"@id\":\"https:\\\/\\\/eldigitaldeasturias.com\\\/magazine365\\\/#organization\"},\"image\":{\"@type\":\"ImageObject\",\"url\":\"https:\\\/\\\/eldigitaldeasturias.com\\\/magazine365\\\/wp-content\\\/uploads\\\/2016\\\/06\\\/fotonoticia_20160607162940_800.jpg\",\"width\":800,\"height\":450},\"datePublished\":\"2016-06-08T12:26:00+02:00\",\"dateModified\":\"2016-06-08T12:26:00+02:00\",\"inLanguage\":\"es-ES\",\"mainEntityOfPage\":{\"@id\":\"https:\\\/\\\/eldigitaldeasturias.com\\\/magazine365\\\/el-concejal-de-turismo-dice-que-le-gustaria-que-obama-visitara-cordoba-en-julio\\\/#webpage\"},\"isPartOf\":{\"@id\":\"https:\\\/\\\/eldigitaldeasturias.com\\\/magazine365\\\/el-concejal-de-turismo-dice-que-le-gustaria-que-obama-visitara-cordoba-en-julio\\\/#webpage\"},\"articleSection\":\"Noticias y Actualidad\"},{\"@type\":\"BreadcrumbList\",\"@id\":\"https:\\\/\\\/eldigitaldeasturias.com\\\/magazine365\\\/el-concejal-de-turismo-dice-que-le-gustaria-que-obama-visitara-cordoba-en-julio\\\/#breadcrumblist\",\"itemListElement\":[{\"@type\":\"ListItem\",\"@id\":\"https:\\\/\\\/eldigitaldeasturias.com\\\/magazine365#listItem\",\"position\":1,\"name\":\"Home\",\"item\":\"https:\\\/\\\/eldigitaldeasturias.com\\\/magazine365\",\"nextItem\":{\"@type\":\"ListItem\",\"@id\":\"https:\\\/\\\/eldigitaldeasturias.com\\\/magazine365\\\/category\\\/noticias-actualidad\\\/#listItem\",\"name\":\"Noticias y Actualidad\"}},{\"@type\":\"ListItem\",\"@id\":\"https:\\\/\\\/eldigitaldeasturias.com\\\/magazine365\\\/category\\\/noticias-actualidad\\\/#listItem\",\"position\":2,\"name\":\"Noticias y Actualidad\",\"item\":\"https:\\\/\\\/eldigitaldeasturias.com\\\/magazine365\\\/category\\\/noticias-actualidad\\\/\",\"nextItem\":{\"@type\":\"ListItem\",\"@id\":\"https:\\\/\\\/eldigitaldeasturias.com\\\/magazine365\\\/el-concejal-de-turismo-dice-que-le-gustaria-que-obama-visitara-cordoba-en-julio\\\/#listItem\",\"name\":\"El concejal de Turismo dice que le \\u00abgustar\\u00eda\\u00bb que Obama visitara C\\u00f3rdoba en julio\"},\"previousItem\":{\"@type\":\"ListItem\",\"@id\":\"https:\\\/\\\/eldigitaldeasturias.com\\\/magazine365#listItem\",\"name\":\"Home\"}},{\"@type\":\"ListItem\",\"@id\":\"https:\\\/\\\/eldigitaldeasturias.com\\\/magazine365\\\/el-concejal-de-turismo-dice-que-le-gustaria-que-obama-visitara-cordoba-en-julio\\\/#listItem\",\"position\":3,\"name\":\"El concejal de Turismo dice que le \\u00abgustar\\u00eda\\u00bb que Obama visitara C\\u00f3rdoba en julio\",\"previousItem\":{\"@type\":\"ListItem\",\"@id\":\"https:\\\/\\\/eldigitaldeasturias.com\\\/magazine365\\\/category\\\/noticias-actualidad\\\/#listItem\",\"name\":\"Noticias y Actualidad\"}}]},{\"@type\":\"Organization\",\"@id\":\"https:\\\/\\\/eldigitaldeasturias.com\\\/magazine365\\\/#organization\",\"name\":\"El digital de Asturias\",\"description\":\"Revista de ocio, turismo y estilo de vida\",\"url\":\"https:\\\/\\\/eldigitaldeasturias.com\\\/magazine365\\\/\",\"logo\":{\"@type\":\"ImageObject\",\"url\":\"https:\\\/\\\/www.eldigitaldeasturias.com\\\/noticias\\\/wp-content\\\/uploads\\\/2020\\\/12\\\/EDA.jpg\",\"@id\":\"https:\\\/\\\/eldigitaldeasturias.com\\\/magazine365\\\/el-concejal-de-turismo-dice-que-le-gustaria-que-obama-visitara-cordoba-en-julio\\\/#organizationLogo\"},\"image\":{\"@id\":\"https:\\\/\\\/eldigitaldeasturias.com\\\/magazine365\\\/el-concejal-de-turismo-dice-que-le-gustaria-que-obama-visitara-cordoba-en-julio\\\/#organizationLogo\"}},{\"@type\":\"Person\",\"@id\":\"https:\\\/\\\/eldigitaldeasturias.com\\\/magazine365\\\/author\\\/admin\\\/#author\",\"url\":\"https:\\\/\\\/eldigitaldeasturias.com\\\/magazine365\\\/author\\\/admin\\\/\",\"name\":\"admin\",\"image\":{\"@type\":\"ImageObject\",\"@id\":\"https:\\\/\\\/eldigitaldeasturias.com\\\/magazine365\\\/el-concejal-de-turismo-dice-que-le-gustaria-que-obama-visitara-cordoba-en-julio\\\/#authorImage\",\"url\":\"https:\\\/\\\/eldigitaldeasturias.com\\\/magazine365\\\/wp-content\\\/litespeed\\\/avatar\\\/e571bcf59a0edd6fa6838245a470f2fe.jpg?ver=1776969259\",\"width\":96,\"height\":96,\"caption\":\"admin\"}},{\"@type\":\"WebPage\",\"@id\":\"https:\\\/\\\/eldigitaldeasturias.com\\\/magazine365\\\/el-concejal-de-turismo-dice-que-le-gustaria-que-obama-visitara-cordoba-en-julio\\\/#webpage\",\"url\":\"https:\\\/\\\/eldigitaldeasturias.com\\\/magazine365\\\/el-concejal-de-turismo-dice-que-le-gustaria-que-obama-visitara-cordoba-en-julio\\\/\",\"name\":\"El concejal de Turismo dice que le \\u00abgustar\\u00eda\\u00bb que Obama visitara C\\u00f3rdoba en julio | El Digital de Asturias\",\"description\":\"El delegado de Turismo del Ayuntamiento de C\\u00f3rdoba, Pedro Garc\\u00eda (IU), ha manifestado este martes que le \\\"gustar\\u00eda\\\" que visitara C\\u00f3rdoba el presidente de los Estados Unidos, Barack Obama, quien s\\u00ed estar\\u00e1 en Sevilla dentro de la que ser\\u00e1 su primera visita oficial a Espa\\u00f1a, entre los d\\u00edas 9 y 11 de julio. En declaraciones\",\"inLanguage\":\"es-ES\",\"isPartOf\":{\"@id\":\"https:\\\/\\\/eldigitaldeasturias.com\\\/magazine365\\\/#website\"},\"breadcrumb\":{\"@id\":\"https:\\\/\\\/eldigitaldeasturias.com\\\/magazine365\\\/el-concejal-de-turismo-dice-que-le-gustaria-que-obama-visitara-cordoba-en-julio\\\/#breadcrumblist\"},\"author\":{\"@id\":\"https:\\\/\\\/eldigitaldeasturias.com\\\/magazine365\\\/author\\\/admin\\\/#author\"},\"creator\":{\"@id\":\"https:\\\/\\\/eldigitaldeasturias.com\\\/magazine365\\\/author\\\/admin\\\/#author\"},\"image\":{\"@type\":\"ImageObject\",\"url\":\"https:\\\/\\\/eldigitaldeasturias.com\\\/magazine365\\\/wp-content\\\/uploads\\\/2016\\\/06\\\/fotonoticia_20160607162940_800.jpg\",\"@id\":\"https:\\\/\\\/eldigitaldeasturias.com\\\/magazine365\\\/el-concejal-de-turismo-dice-que-le-gustaria-que-obama-visitara-cordoba-en-julio\\\/#mainImage\",\"width\":800,\"height\":450},\"primaryImageOfPage\":{\"@id\":\"https:\\\/\\\/eldigitaldeasturias.com\\\/magazine365\\\/el-concejal-de-turismo-dice-que-le-gustaria-que-obama-visitara-cordoba-en-julio\\\/#mainImage\"},\"datePublished\":\"2016-06-08T12:26:00+02:00\",\"dateModified\":\"2016-06-08T12:26:00+02:00\"},{\"@type\":\"WebSite\",\"@id\":\"https:\\\/\\\/eldigitaldeasturias.com\\\/magazine365\\\/#website\",\"url\":\"https:\\\/\\\/eldigitaldeasturias.com\\\/magazine365\\\/\",\"name\":\"El Digital de Asturias\",\"description\":\"Revista de ocio, turismo y estilo de vida\",\"inLanguage\":\"es-ES\",\"publisher\":{\"@id\":\"https:\\\/\\\/eldigitaldeasturias.com\\\/magazine365\\\/#organization\"}}]}\n\t\t<\/script>\n\t\t<!-- All in One SEO Pro -->\r\n\t\t<title>El concejal de Turismo dice que le \u00abgustar\u00eda\u00bb que Obama visitara C\u00f3rdoba en julio | El Digital de Asturias<\/title>\n\n","aioseo_head_json":{"title":"El concejal de Turismo dice que le \u00abgustar\u00eda\u00bb que Obama visitara C\u00f3rdoba en julio | El Digital de Asturias","description":"El delegado de Turismo del Ayuntamiento de C\u00f3rdoba, Pedro Garc\u00eda (IU), ha manifestado este martes que le \"gustar\u00eda\" que visitara C\u00f3rdoba el presidente de los Estados Unidos, Barack Obama, quien s\u00ed estar\u00e1 en Sevilla dentro de la que ser\u00e1 su primera visita oficial a Espa\u00f1a, entre los d\u00edas 9 y 11 de julio. En declaraciones","canonical_url":"https:\/\/eldigitaldeasturias.com\/magazine365\/el-concejal-de-turismo-dice-que-le-gustaria-que-obama-visitara-cordoba-en-julio\/","robots":"max-image-preview:large","keywords":"noticias y actualidad","webmasterTools":{"google-site-verification":"UA-38556648-1","miscellaneous":""},"schema":{"@context":"https:\/\/schema.org","@graph":[{"@type":"Article","@id":"https:\/\/eldigitaldeasturias.com\/magazine365\/el-concejal-de-turismo-dice-que-le-gustaria-que-obama-visitara-cordoba-en-julio\/#article","name":"El concejal de Turismo dice que le \u00abgustar\u00eda\u00bb que Obama visitara C\u00f3rdoba en julio | El Digital de Asturias","headline":"El concejal de Turismo dice que le \u00abgustar\u00eda\u00bb que Obama visitara C\u00f3rdoba en julio","author":{"@id":"https:\/\/eldigitaldeasturias.com\/magazine365\/author\/admin\/#author"},"publisher":{"@id":"https:\/\/eldigitaldeasturias.com\/magazine365\/#organization"},"image":{"@type":"ImageObject","url":"https:\/\/eldigitaldeasturias.com\/magazine365\/wp-content\/uploads\/2016\/06\/fotonoticia_20160607162940_800.jpg","width":800,"height":450},"datePublished":"2016-06-08T12:26:00+02:00","dateModified":"2016-06-08T12:26:00+02:00","inLanguage":"es-ES","mainEntityOfPage":{"@id":"https:\/\/eldigitaldeasturias.com\/magazine365\/el-concejal-de-turismo-dice-que-le-gustaria-que-obama-visitara-cordoba-en-julio\/#webpage"},"isPartOf":{"@id":"https:\/\/eldigitaldeasturias.com\/magazine365\/el-concejal-de-turismo-dice-que-le-gustaria-que-obama-visitara-cordoba-en-julio\/#webpage"},"articleSection":"Noticias y Actualidad"},{"@type":"BreadcrumbList","@id":"https:\/\/eldigitaldeasturias.com\/magazine365\/el-concejal-de-turismo-dice-que-le-gustaria-que-obama-visitara-cordoba-en-julio\/#breadcrumblist","itemListElement":[{"@type":"ListItem","@id":"https:\/\/eldigitaldeasturias.com\/magazine365#listItem","position":1,"name":"Home","item":"https:\/\/eldigitaldeasturias.com\/magazine365","nextItem":{"@type":"ListItem","@id":"https:\/\/eldigitaldeasturias.com\/magazine365\/category\/noticias-actualidad\/#listItem","name":"Noticias y Actualidad"}},{"@type":"ListItem","@id":"https:\/\/eldigitaldeasturias.com\/magazine365\/category\/noticias-actualidad\/#listItem","position":2,"name":"Noticias y Actualidad","item":"https:\/\/eldigitaldeasturias.com\/magazine365\/category\/noticias-actualidad\/","nextItem":{"@type":"ListItem","@id":"https:\/\/eldigitaldeasturias.com\/magazine365\/el-concejal-de-turismo-dice-que-le-gustaria-que-obama-visitara-cordoba-en-julio\/#listItem","name":"El concejal de Turismo dice que le \u00abgustar\u00eda\u00bb que Obama visitara C\u00f3rdoba en julio"},"previousItem":{"@type":"ListItem","@id":"https:\/\/eldigitaldeasturias.com\/magazine365#listItem","name":"Home"}},{"@type":"ListItem","@id":"https:\/\/eldigitaldeasturias.com\/magazine365\/el-concejal-de-turismo-dice-que-le-gustaria-que-obama-visitara-cordoba-en-julio\/#listItem","position":3,"name":"El concejal de Turismo dice que le \u00abgustar\u00eda\u00bb que Obama visitara C\u00f3rdoba en julio","previousItem":{"@type":"ListItem","@id":"https:\/\/eldigitaldeasturias.com\/magazine365\/category\/noticias-actualidad\/#listItem","name":"Noticias y Actualidad"}}]},{"@type":"Organization","@id":"https:\/\/eldigitaldeasturias.com\/magazine365\/#organization","name":"El digital de Asturias","description":"Revista de ocio, turismo y estilo de vida","url":"https:\/\/eldigitaldeasturias.com\/magazine365\/","logo":{"@type":"ImageObject","url":"https:\/\/www.eldigitaldeasturias.com\/noticias\/wp-content\/uploads\/2020\/12\/EDA.jpg","@id":"https:\/\/eldigitaldeasturias.com\/magazine365\/el-concejal-de-turismo-dice-que-le-gustaria-que-obama-visitara-cordoba-en-julio\/#organizationLogo"},"image":{"@id":"https:\/\/eldigitaldeasturias.com\/magazine365\/el-concejal-de-turismo-dice-que-le-gustaria-que-obama-visitara-cordoba-en-julio\/#organizationLogo"}},{"@type":"Person","@id":"https:\/\/eldigitaldeasturias.com\/magazine365\/author\/admin\/#author","url":"https:\/\/eldigitaldeasturias.com\/magazine365\/author\/admin\/","name":"admin","image":{"@type":"ImageObject","@id":"https:\/\/eldigitaldeasturias.com\/magazine365\/el-concejal-de-turismo-dice-que-le-gustaria-que-obama-visitara-cordoba-en-julio\/#authorImage","url":"https:\/\/eldigitaldeasturias.com\/magazine365\/wp-content\/litespeed\/avatar\/e571bcf59a0edd6fa6838245a470f2fe.jpg?ver=1776969259","width":96,"height":96,"caption":"admin"}},{"@type":"WebPage","@id":"https:\/\/eldigitaldeasturias.com\/magazine365\/el-concejal-de-turismo-dice-que-le-gustaria-que-obama-visitara-cordoba-en-julio\/#webpage","url":"https:\/\/eldigitaldeasturias.com\/magazine365\/el-concejal-de-turismo-dice-que-le-gustaria-que-obama-visitara-cordoba-en-julio\/","name":"El concejal de Turismo dice que le \u00abgustar\u00eda\u00bb que Obama visitara C\u00f3rdoba en julio | El Digital de Asturias","description":"El delegado de Turismo del Ayuntamiento de C\u00f3rdoba, Pedro Garc\u00eda (IU), ha manifestado este martes que le \"gustar\u00eda\" que visitara C\u00f3rdoba el presidente de los Estados Unidos, Barack Obama, quien s\u00ed estar\u00e1 en Sevilla dentro de la que ser\u00e1 su primera visita oficial a Espa\u00f1a, entre los d\u00edas 9 y 11 de julio. En declaraciones","inLanguage":"es-ES","isPartOf":{"@id":"https:\/\/eldigitaldeasturias.com\/magazine365\/#website"},"breadcrumb":{"@id":"https:\/\/eldigitaldeasturias.com\/magazine365\/el-concejal-de-turismo-dice-que-le-gustaria-que-obama-visitara-cordoba-en-julio\/#breadcrumblist"},"author":{"@id":"https:\/\/eldigitaldeasturias.com\/magazine365\/author\/admin\/#author"},"creator":{"@id":"https:\/\/eldigitaldeasturias.com\/magazine365\/author\/admin\/#author"},"image":{"@type":"ImageObject","url":"https:\/\/eldigitaldeasturias.com\/magazine365\/wp-content\/uploads\/2016\/06\/fotonoticia_20160607162940_800.jpg","@id":"https:\/\/eldigitaldeasturias.com\/magazine365\/el-concejal-de-turismo-dice-que-le-gustaria-que-obama-visitara-cordoba-en-julio\/#mainImage","width":800,"height":450},"primaryImageOfPage":{"@id":"https:\/\/eldigitaldeasturias.com\/magazine365\/el-concejal-de-turismo-dice-que-le-gustaria-que-obama-visitara-cordoba-en-julio\/#mainImage"},"datePublished":"2016-06-08T12:26:00+02:00","dateModified":"2016-06-08T12:26:00+02:00"},{"@type":"WebSite","@id":"https:\/\/eldigitaldeasturias.com\/magazine365\/#website","url":"https:\/\/eldigitaldeasturias.com\/magazine365\/","name":"El Digital de Asturias","description":"Revista de ocio, turismo y estilo de vida","inLanguage":"es-ES","publisher":{"@id":"https:\/\/eldigitaldeasturias.com\/magazine365\/#organization"}}]},"og:locale":"es_ES","og:site_name":"El Digital de Asturias \u2013 Revista de ocio, turismo y estilo de vida","og:type":"article","og:title":"El concejal de Turismo dice que le \u00abgustar\u00eda\u00bb que Obama visitara C\u00f3rdoba en julio | El Digital de Asturias","og:description":"El delegado de Turismo del Ayuntamiento de C\u00f3rdoba, Pedro Garc\u00eda (IU), ha manifestado este martes que le &quot;gustar\u00eda&quot; que visitara C\u00f3rdoba el presidente de los Estados Unidos, Barack Obama, quien s\u00ed estar\u00e1 en Sevilla dentro de la que ser\u00e1 su primera visita oficial a Espa\u00f1a, entre los d\u00edas 9 y 11 de julio. En declaraciones","og:url":"https:\/\/eldigitaldeasturias.com\/magazine365\/el-concejal-de-turismo-dice-que-le-gustaria-que-obama-visitara-cordoba-en-julio\/","og:image":"https:\/\/eldigitaldeasturias.com\/magazine365\/wp-content\/uploads\/2016\/06\/fotonoticia_20160607162940_800.jpg","og:image:secure_url":"https:\/\/eldigitaldeasturias.com\/magazine365\/wp-content\/uploads\/2016\/06\/fotonoticia_20160607162940_800.jpg","og:image:width":800,"og:image:height":450,"article:published_time":"2016-06-08T10:26:00+00:00","article:modified_time":"2016-06-08T10:26:00+00:00","twitter:card":"summary_large_image","twitter:title":"El concejal de Turismo dice que le \u00abgustar\u00eda\u00bb que Obama visitara C\u00f3rdoba en julio | El Digital de Asturias","twitter:description":"El delegado de Turismo del Ayuntamiento de C\u00f3rdoba, Pedro Garc\u00eda (IU), ha manifestado este martes que le &quot;gustar\u00eda&quot; que visitara C\u00f3rdoba el presidente de los Estados Unidos, Barack Obama, quien s\u00ed estar\u00e1 en Sevilla dentro de la que ser\u00e1 su primera visita oficial a Espa\u00f1a, entre los d\u00edas 9 y 11 de julio. En declaraciones","twitter:image":"https:\/\/eldigitaldeasturias.com\/magazine365\/wp-content\/uploads\/2016\/06\/fotonoticia_20160607162940_800.jpg"},"aioseo_meta_data":{"post_id":"78081","title":null,"description":null,"keywords":null,"keyphrases":null,"primary_term":null,"canonical_url":null,"og_title":null,"og_description":null,"og_object_type":"default","og_image_type":"default","og_image_url":null,"og_image_width":null,"og_image_height":null,"og_image_custom_url":null,"og_image_custom_fields":null,"og_video":null,"og_custom_url":null,"og_article_section":null,"og_article_tags":null,"twitter_use_og":false,"twitter_card":"default","twitter_image_type":"default","twitter_image_url":null,"twitter_image_custom_url":null,"twitter_image_custom_fields":null,"twitter_title":null,"twitter_description":null,"schema":{"blockGraphs":[],"customGraphs":[],"default":{"data":{"Article":[],"Course":[],"Dataset":[],"FAQPage":[],"Movie":[],"Person":[],"Product":[],"ProductReview":[],"Car":[],"Recipe":[],"Service":[],"SoftwareApplication":[],"WebPage":[]},"graphName":"","isEnabled":true},"graphs":[]},"schema_type":null,"schema_type_options":null,"pillar_content":false,"robots_default":true,"robots_noindex":false,"robots_noarchive":false,"robots_nosnippet":false,"robots_nofollow":false,"robots_noimageindex":false,"robots_noodp":false,"robots_notranslate":false,"robots_max_snippet":null,"robots_max_videopreview":null,"robots_max_imagepreview":"large","priority":null,"frequency":null,"location":null,"local_seo":null,"seo_analyzer_scan_date":"2025-09-27 16:14:09","breadcrumb_settings":null,"limit_modified_date":false,"open_ai":null,"ai":null,"created":"2021-03-08 18:04:41","updated":"2025-09-27 16:14:09"},"aioseo_breadcrumb":"<div class=\"aioseo-breadcrumbs\"><span class=\"aioseo-breadcrumb\">\n\t<a href=\"https:\/\/eldigitaldeasturias.com\/magazine365\" title=\"Home\">Home<\/a>\n<\/span><span class=\"aioseo-breadcrumb-separator\">\u2013<\/span><span class=\"aioseo-breadcrumb\">\n\t<a href=\"https:\/\/eldigitaldeasturias.com\/magazine365\/category\/noticias-actualidad\/\" title=\"Noticias y Actualidad\">Noticias y Actualidad<\/a>\n<\/span><span class=\"aioseo-breadcrumb-separator\">\u2013<\/span><span class=\"aioseo-breadcrumb\">\n\t<a href=\"https:\/\/eldigitaldeasturias.com\/magazine365\/el-concejal-de-turismo-dice-que-le-gustaria-que-obama-visitara-cordoba-en-julio\/\" title=\"El concejal de Turismo dice que le \u00abgustar\u00eda\u00bb que Obama visitara C\u00f3rdoba en julio\">El concejal de Turismo dice que le \u00abgustar\u00eda\u00bb que Obama visitara C\u00f3rdoba en julio<\/a>\n<\/span><\/div>","aioseo_breadcrumb_json":[{"label":"Home","link":"https:\/\/eldigitaldeasturias.com\/magazine365"},{"label":"Noticias y Actualidad","link":"https:\/\/eldigitaldeasturias.com\/magazine365\/category\/noticias-actualidad\/"},{"label":"El concejal de Turismo dice que le \u00abgustar\u00eda\u00bb que Obama visitara C\u00f3rdoba en julio","link":"https:\/\/eldigitaldeasturias.com\/magazine365\/el-concejal-de-turismo-dice-que-le-gustaria-que-obama-visitara-cordoba-en-julio\/"}],"_links":{"self":[{"href":"https:\/\/eldigitaldeasturias.com\/magazine365\/wp-json\/wp\/v2\/posts\/78081","targetHints":{"allow":["GET"]}}],"collection":[{"href":"https:\/\/eldigitaldeasturias.com\/magazine365\/wp-json\/wp\/v2\/posts"}],"about":[{"href":"https:\/\/eldigitaldeasturias.com\/magazine365\/wp-json\/wp\/v2\/types\/post"}],"author":[{"embeddable":true,"href":"https:\/\/eldigitaldeasturias.com\/magazine365\/wp-json\/wp\/v2\/users\/1"}],"replies":[{"embeddable":true,"href":"https:\/\/eldigitaldeasturias.com\/magazine365\/wp-json\/wp\/v2\/comments?post=78081"}],"version-history":[{"count":0,"href":"https:\/\/eldigitaldeasturias.com\/magazine365\/wp-json\/wp\/v2\/posts\/78081\/revisions"}],"wp:featuredmedia":[{"embeddable":true,"href":"https:\/\/eldigitaldeasturias.com\/magazine365\/wp-json\/wp\/v2\/media\/78083"}],"wp:attachment":[{"href":"https:\/\/eldigitaldeasturias.com\/magazine365\/wp-json\/wp\/v2\/media?parent=78081"}],"wp:term":[{"taxonomy":"category","embeddable":true,"href":"https:\/\/eldigitaldeasturias.com\/magazine365\/wp-json\/wp\/v2\/categories?post=78081"},{"taxonomy":"post_tag","embeddable":true,"href":"https:\/\/eldigitaldeasturias.com\/magazine365\/wp-json\/wp\/v2\/tags?post=78081"}],"curies":[{"name":"wp","href":"https:\/\/api.w.org\/{rel}","templated":true}]}}