{"id":78062,"date":"2016-06-08T12:18:46","date_gmt":"2016-06-08T10:18:46","guid":{"rendered":"http:\/\/eldigitaldeasturias.com\/magazine365\/?p=78062"},"modified":"2016-06-08T12:20:32","modified_gmt":"2016-06-08T10:20:32","slug":"ifema-se-une-a-la-celebracion-del-primer-dia-mundial-de-las-ferias","status":"publish","type":"post","link":"https:\/\/eldigitaldeasturias.com\/magazine365\/ifema-se-une-a-la-celebracion-del-primer-dia-mundial-de-las-ferias\/","title":{"rendered":"Ifema se une a la celebraci\u00f3n del primer D\u00eda Mundial de las Ferias"},"content":{"rendered":"<p><img fetchpriority=\"high\" decoding=\"async\" class=\"alignleft size-medium wp-image-78066\" src=\"https:\/\/eldigitaldeasturias.com\/magazine365\/wp-content\/uploads\/2016\/06\/fotonoticia_20160608092935_800-360x270.jpg\" alt=\"fotonoticia_20160608092935_800\" width=\"360\" height=\"270\" srcset=\"https:\/\/eldigitaldeasturias.com\/magazine365\/wp-content\/uploads\/2016\/06\/fotonoticia_20160608092935_800-360x270.jpg 360w, https:\/\/eldigitaldeasturias.com\/magazine365\/wp-content\/uploads\/2016\/06\/fotonoticia_20160608092935_800-650x488.jpg 650w, https:\/\/eldigitaldeasturias.com\/magazine365\/wp-content\/uploads\/2016\/06\/fotonoticia_20160608092935_800-768x576.jpg 768w, https:\/\/eldigitaldeasturias.com\/magazine365\/wp-content\/uploads\/2016\/06\/fotonoticia_20160608092935_800-150x113.jpg 150w, https:\/\/eldigitaldeasturias.com\/magazine365\/wp-content\/uploads\/2016\/06\/fotonoticia_20160608092935_800-450x338.jpg 450w, https:\/\/eldigitaldeasturias.com\/magazine365\/wp-content\/uploads\/2016\/06\/fotonoticia_20160608092935_800-90x67.jpg 90w, https:\/\/eldigitaldeasturias.com\/magazine365\/wp-content\/uploads\/2016\/06\/fotonoticia_20160608092935_800-164x124.jpg 164w, https:\/\/eldigitaldeasturias.com\/magazine365\/wp-content\/uploads\/2016\/06\/fotonoticia_20160608092935_800-100x75.jpg 100w, https:\/\/eldigitaldeasturias.com\/magazine365\/wp-content\/uploads\/2016\/06\/fotonoticia_20160608092935_800.jpg 800w\" sizes=\"(max-width: 360px) 100vw, 360px\" \/>Ifema se unir\u00e1 este mi\u00e9rcoles a la celebraci\u00f3n del D\u00eda Mundial de las Ferias, #GED16, con el objetivo de \u00abpromover los valores y beneficios que genera la actividad ferial, as\u00ed como el impacto econ\u00f3mico a nivel mundial\u00bb.<\/p>\n<p>Seg\u00fan ha informado Ifema, \u00e9sta aporta a la econom\u00eda nacional una repercusi\u00f3n de 2.400 millones de euros y contribuye a los objetivos de innovaci\u00f3n e internacionalizaci\u00f3n de las empresas<\/p>\n<p>A nivel mundial, las ferias generan 700 mil empleos directos y unos gastos por la participaci\u00f3n de visitantes y expositores de 100.000 millones de euros. M\u00e1s de 260 millones de visitantes reciben las ferias cada a\u00f1o, alcanzando una superficie expositiva de 124 millones de m2.<\/p>\n<p>Impulsado por la Asociaci\u00f3n Mundial de la Industria de Exposiciones (UFI), con sede en Par\u00eds, la Asociaci\u00f3n Europea de grandes Recintos Feriales, (EMECA), con sede en Bruselas y la Asociaci\u00f3n Internacional de Exposiciones y Eventos (IAEE) con sede en Dallas, se celebrar\u00e1 el 8 de junio, por primera vez, el D\u00eda Mundial de Ferias #GED16 , al que se han unido los principales actores de esta industria, organizadores y operadores feriales de todo el mundo.<\/p>\n<p>La campa\u00f1a que respalda esta conmemoraci\u00f3n se centra en el papel crucial de las ferias para el desarrollo comercial de las empresas, para \u00abimpulsar su internacionalizaci\u00f3n y para fomentar la innovaci\u00f3n y la competitividad, adem\u00e1s de en su poder como dinamizador de la econom\u00eda\u00bb.<\/p>\n<p>A nivel mundial, las Ferias generan una cantidad sustancial de negocio y m\u00e1s de 700.000 empleos directos. Anualmente el gasto de visitantes y expositores asciende a cerca de 100.000 millones de euros. 260 millones de personas visitan las principales ferias cada a\u00f1o para impulsar sus negocio. Cada d\u00eda una media de 85 grandes ferias tiene lugar en los centros econ\u00f3micos del mundo.<\/p>\n","protected":false},"excerpt":{"rendered":"<p>Ifema se unir\u00e1 este mi\u00e9rcoles a la celebraci\u00f3n del D\u00eda Mundial de las Ferias, #GED16, con el objetivo de \u00abpromover los valores y beneficios que genera la actividad ferial, as\u00ed como el impacto econ\u00f3mico a nivel mundial\u00bb. Seg\u00fan ha informado Ifema, \u00e9sta aporta a la econom\u00eda nacional una repercusi\u00f3n de 2.400 millones de euros y<\/p>\n","protected":false},"author":1,"featured_media":78066,"comment_status":"open","ping_status":"closed","sticky":false,"template":"","format":"standard","meta":{"footnotes":""},"categories":[224],"tags":[],"class_list":{"0":"post-78062","1":"post","2":"type-post","3":"status-publish","4":"format-standard","5":"has-post-thumbnail","7":"category-noticias-actualidad"},"aioseo_notices":[],"aioseo_head":"\n\t\t<!-- All in One SEO Pro 4.9.6.1 - aioseo.com -->\n\t<meta name=\"description\" content=\"Ifema se unir\u00e1 este mi\u00e9rcoles a la celebraci\u00f3n del D\u00eda Mundial de las Ferias, #GED16, con el objetivo de &quot;promover los valores y beneficios que genera la actividad ferial, as\u00ed como el impacto econ\u00f3mico a nivel mundial&quot;. Seg\u00fan ha informado Ifema, \u00e9sta aporta a la econom\u00eda nacional una repercusi\u00f3n de 2.400 millones de euros y\" \/>\n\t<meta name=\"robots\" content=\"max-image-preview:large\" \/>\n\t<meta name=\"author\" content=\"admin\"\/>\n\t<meta name=\"google-site-verification\" content=\"UA-38556648-1\" \/>\n\t<meta name=\"keywords\" content=\"noticias y actualidad\" \/>\n\t<link rel=\"canonical\" href=\"https:\/\/eldigitaldeasturias.com\/magazine365\/ifema-se-une-a-la-celebracion-del-primer-dia-mundial-de-las-ferias\/\" \/>\n\t<meta name=\"generator\" content=\"All in One SEO Pro (AIOSEO) 4.9.6.1\" \/>\n\t\t<meta property=\"og:locale\" content=\"es_ES\" \/>\n\t\t<meta property=\"og:site_name\" content=\"El Digital de Asturias \u2013 Revista de ocio, turismo y estilo de vida\" \/>\n\t\t<meta property=\"og:type\" content=\"article\" \/>\n\t\t<meta property=\"og:title\" content=\"Ifema se une a la celebraci\u00f3n del primer D\u00eda Mundial de las Ferias | El Digital de Asturias\" \/>\n\t\t<meta property=\"og:description\" content=\"Ifema se unir\u00e1 este mi\u00e9rcoles a la celebraci\u00f3n del D\u00eda Mundial de las Ferias, #GED16, con el objetivo de &quot;promover los valores y beneficios que genera la actividad ferial, as\u00ed como el impacto econ\u00f3mico a nivel mundial&quot;. Seg\u00fan ha informado Ifema, \u00e9sta aporta a la econom\u00eda nacional una repercusi\u00f3n de 2.400 millones de euros y\" \/>\n\t\t<meta property=\"og:url\" content=\"https:\/\/eldigitaldeasturias.com\/magazine365\/ifema-se-une-a-la-celebracion-del-primer-dia-mundial-de-las-ferias\/\" \/>\n\t\t<meta property=\"og:image\" content=\"https:\/\/eldigitaldeasturias.com\/magazine365\/wp-content\/uploads\/2016\/06\/fotonoticia_20160608092935_800.jpg\" \/>\n\t\t<meta property=\"og:image:secure_url\" content=\"https:\/\/eldigitaldeasturias.com\/magazine365\/wp-content\/uploads\/2016\/06\/fotonoticia_20160608092935_800.jpg\" \/>\n\t\t<meta property=\"og:image:width\" content=\"800\" \/>\n\t\t<meta property=\"og:image:height\" content=\"600\" \/>\n\t\t<meta property=\"article:published_time\" content=\"2016-06-08T10:18:46+00:00\" \/>\n\t\t<meta property=\"article:modified_time\" content=\"2016-06-08T10:20:32+00:00\" \/>\n\t\t<meta name=\"twitter:card\" content=\"summary_large_image\" \/>\n\t\t<meta name=\"twitter:title\" content=\"Ifema se une a la celebraci\u00f3n del primer D\u00eda Mundial de las Ferias | El Digital de Asturias\" \/>\n\t\t<meta name=\"twitter:description\" content=\"Ifema se unir\u00e1 este mi\u00e9rcoles a la celebraci\u00f3n del D\u00eda Mundial de las Ferias, #GED16, con el objetivo de &quot;promover los valores y beneficios que genera la actividad ferial, as\u00ed como el impacto econ\u00f3mico a nivel mundial&quot;. Seg\u00fan ha informado Ifema, \u00e9sta aporta a la econom\u00eda nacional una repercusi\u00f3n de 2.400 millones de euros y\" \/>\n\t\t<meta name=\"twitter:image\" content=\"https:\/\/eldigitaldeasturias.com\/magazine365\/wp-content\/uploads\/2016\/06\/fotonoticia_20160608092935_800.jpg\" \/>\n\t\t<script type=\"application\/ld+json\" class=\"aioseo-schema\">\n\t\t\t{\"@context\":\"https:\\\/\\\/schema.org\",\"@graph\":[{\"@type\":\"Article\",\"@id\":\"https:\\\/\\\/eldigitaldeasturias.com\\\/magazine365\\\/ifema-se-une-a-la-celebracion-del-primer-dia-mundial-de-las-ferias\\\/#article\",\"name\":\"Ifema se une a la celebraci\\u00f3n del primer D\\u00eda Mundial de las Ferias | El Digital de Asturias\",\"headline\":\"Ifema se une a la celebraci\\u00f3n del primer D\\u00eda Mundial de las Ferias\",\"author\":{\"@id\":\"https:\\\/\\\/eldigitaldeasturias.com\\\/magazine365\\\/author\\\/admin\\\/#author\"},\"publisher\":{\"@id\":\"https:\\\/\\\/eldigitaldeasturias.com\\\/magazine365\\\/#organization\"},\"image\":{\"@type\":\"ImageObject\",\"url\":\"https:\\\/\\\/eldigitaldeasturias.com\\\/magazine365\\\/wp-content\\\/uploads\\\/2016\\\/06\\\/fotonoticia_20160608092935_800.jpg\",\"width\":800,\"height\":600},\"datePublished\":\"2016-06-08T12:18:46+02:00\",\"dateModified\":\"2016-06-08T12:20:32+02:00\",\"inLanguage\":\"es-ES\",\"mainEntityOfPage\":{\"@id\":\"https:\\\/\\\/eldigitaldeasturias.com\\\/magazine365\\\/ifema-se-une-a-la-celebracion-del-primer-dia-mundial-de-las-ferias\\\/#webpage\"},\"isPartOf\":{\"@id\":\"https:\\\/\\\/eldigitaldeasturias.com\\\/magazine365\\\/ifema-se-une-a-la-celebracion-del-primer-dia-mundial-de-las-ferias\\\/#webpage\"},\"articleSection\":\"Noticias y Actualidad\"},{\"@type\":\"BreadcrumbList\",\"@id\":\"https:\\\/\\\/eldigitaldeasturias.com\\\/magazine365\\\/ifema-se-une-a-la-celebracion-del-primer-dia-mundial-de-las-ferias\\\/#breadcrumblist\",\"itemListElement\":[{\"@type\":\"ListItem\",\"@id\":\"https:\\\/\\\/eldigitaldeasturias.com\\\/magazine365#listItem\",\"position\":1,\"name\":\"Home\",\"item\":\"https:\\\/\\\/eldigitaldeasturias.com\\\/magazine365\",\"nextItem\":{\"@type\":\"ListItem\",\"@id\":\"https:\\\/\\\/eldigitaldeasturias.com\\\/magazine365\\\/category\\\/noticias-actualidad\\\/#listItem\",\"name\":\"Noticias y Actualidad\"}},{\"@type\":\"ListItem\",\"@id\":\"https:\\\/\\\/eldigitaldeasturias.com\\\/magazine365\\\/category\\\/noticias-actualidad\\\/#listItem\",\"position\":2,\"name\":\"Noticias y Actualidad\",\"item\":\"https:\\\/\\\/eldigitaldeasturias.com\\\/magazine365\\\/category\\\/noticias-actualidad\\\/\",\"nextItem\":{\"@type\":\"ListItem\",\"@id\":\"https:\\\/\\\/eldigitaldeasturias.com\\\/magazine365\\\/ifema-se-une-a-la-celebracion-del-primer-dia-mundial-de-las-ferias\\\/#listItem\",\"name\":\"Ifema se une a la celebraci\\u00f3n del primer D\\u00eda Mundial de las Ferias\"},\"previousItem\":{\"@type\":\"ListItem\",\"@id\":\"https:\\\/\\\/eldigitaldeasturias.com\\\/magazine365#listItem\",\"name\":\"Home\"}},{\"@type\":\"ListItem\",\"@id\":\"https:\\\/\\\/eldigitaldeasturias.com\\\/magazine365\\\/ifema-se-une-a-la-celebracion-del-primer-dia-mundial-de-las-ferias\\\/#listItem\",\"position\":3,\"name\":\"Ifema se une a la celebraci\\u00f3n del primer D\\u00eda Mundial de las Ferias\",\"previousItem\":{\"@type\":\"ListItem\",\"@id\":\"https:\\\/\\\/eldigitaldeasturias.com\\\/magazine365\\\/category\\\/noticias-actualidad\\\/#listItem\",\"name\":\"Noticias y Actualidad\"}}]},{\"@type\":\"Organization\",\"@id\":\"https:\\\/\\\/eldigitaldeasturias.com\\\/magazine365\\\/#organization\",\"name\":\"El digital de Asturias\",\"description\":\"Revista de ocio, turismo y estilo de vida\",\"url\":\"https:\\\/\\\/eldigitaldeasturias.com\\\/magazine365\\\/\",\"logo\":{\"@type\":\"ImageObject\",\"url\":\"https:\\\/\\\/www.eldigitaldeasturias.com\\\/noticias\\\/wp-content\\\/uploads\\\/2020\\\/12\\\/EDA.jpg\",\"@id\":\"https:\\\/\\\/eldigitaldeasturias.com\\\/magazine365\\\/ifema-se-une-a-la-celebracion-del-primer-dia-mundial-de-las-ferias\\\/#organizationLogo\"},\"image\":{\"@id\":\"https:\\\/\\\/eldigitaldeasturias.com\\\/magazine365\\\/ifema-se-une-a-la-celebracion-del-primer-dia-mundial-de-las-ferias\\\/#organizationLogo\"}},{\"@type\":\"Person\",\"@id\":\"https:\\\/\\\/eldigitaldeasturias.com\\\/magazine365\\\/author\\\/admin\\\/#author\",\"url\":\"https:\\\/\\\/eldigitaldeasturias.com\\\/magazine365\\\/author\\\/admin\\\/\",\"name\":\"admin\",\"image\":{\"@type\":\"ImageObject\",\"@id\":\"https:\\\/\\\/eldigitaldeasturias.com\\\/magazine365\\\/ifema-se-une-a-la-celebracion-del-primer-dia-mundial-de-las-ferias\\\/#authorImage\",\"url\":\"https:\\\/\\\/eldigitaldeasturias.com\\\/magazine365\\\/wp-content\\\/litespeed\\\/avatar\\\/e571bcf59a0edd6fa6838245a470f2fe.jpg?ver=1776969259\",\"width\":96,\"height\":96,\"caption\":\"admin\"}},{\"@type\":\"WebPage\",\"@id\":\"https:\\\/\\\/eldigitaldeasturias.com\\\/magazine365\\\/ifema-se-une-a-la-celebracion-del-primer-dia-mundial-de-las-ferias\\\/#webpage\",\"url\":\"https:\\\/\\\/eldigitaldeasturias.com\\\/magazine365\\\/ifema-se-une-a-la-celebracion-del-primer-dia-mundial-de-las-ferias\\\/\",\"name\":\"Ifema se une a la celebraci\\u00f3n del primer D\\u00eda Mundial de las Ferias | El Digital de Asturias\",\"description\":\"Ifema se unir\\u00e1 este mi\\u00e9rcoles a la celebraci\\u00f3n del D\\u00eda Mundial de las Ferias, #GED16, con el objetivo de \\\"promover los valores y beneficios que genera la actividad ferial, as\\u00ed como el impacto econ\\u00f3mico a nivel mundial\\\". Seg\\u00fan ha informado Ifema, \\u00e9sta aporta a la econom\\u00eda nacional una repercusi\\u00f3n de 2.400 millones de euros y\",\"inLanguage\":\"es-ES\",\"isPartOf\":{\"@id\":\"https:\\\/\\\/eldigitaldeasturias.com\\\/magazine365\\\/#website\"},\"breadcrumb\":{\"@id\":\"https:\\\/\\\/eldigitaldeasturias.com\\\/magazine365\\\/ifema-se-une-a-la-celebracion-del-primer-dia-mundial-de-las-ferias\\\/#breadcrumblist\"},\"author\":{\"@id\":\"https:\\\/\\\/eldigitaldeasturias.com\\\/magazine365\\\/author\\\/admin\\\/#author\"},\"creator\":{\"@id\":\"https:\\\/\\\/eldigitaldeasturias.com\\\/magazine365\\\/author\\\/admin\\\/#author\"},\"image\":{\"@type\":\"ImageObject\",\"url\":\"https:\\\/\\\/eldigitaldeasturias.com\\\/magazine365\\\/wp-content\\\/uploads\\\/2016\\\/06\\\/fotonoticia_20160608092935_800.jpg\",\"@id\":\"https:\\\/\\\/eldigitaldeasturias.com\\\/magazine365\\\/ifema-se-une-a-la-celebracion-del-primer-dia-mundial-de-las-ferias\\\/#mainImage\",\"width\":800,\"height\":600},\"primaryImageOfPage\":{\"@id\":\"https:\\\/\\\/eldigitaldeasturias.com\\\/magazine365\\\/ifema-se-une-a-la-celebracion-del-primer-dia-mundial-de-las-ferias\\\/#mainImage\"},\"datePublished\":\"2016-06-08T12:18:46+02:00\",\"dateModified\":\"2016-06-08T12:20:32+02:00\"},{\"@type\":\"WebSite\",\"@id\":\"https:\\\/\\\/eldigitaldeasturias.com\\\/magazine365\\\/#website\",\"url\":\"https:\\\/\\\/eldigitaldeasturias.com\\\/magazine365\\\/\",\"name\":\"El Digital de Asturias\",\"description\":\"Revista de ocio, turismo y estilo de vida\",\"inLanguage\":\"es-ES\",\"publisher\":{\"@id\":\"https:\\\/\\\/eldigitaldeasturias.com\\\/magazine365\\\/#organization\"}}]}\n\t\t<\/script>\n\t\t<!-- All in One SEO Pro -->\r\n\t\t<title>Ifema se une a la celebraci\u00f3n del primer D\u00eda Mundial de las Ferias | El Digital de Asturias<\/title>\n\n","aioseo_head_json":{"title":"Ifema se une a la celebraci\u00f3n del primer D\u00eda Mundial de las Ferias | El Digital de Asturias","description":"Ifema se unir\u00e1 este mi\u00e9rcoles a la celebraci\u00f3n del D\u00eda Mundial de las Ferias, #GED16, con el objetivo de \"promover los valores y beneficios que genera la actividad ferial, as\u00ed como el impacto econ\u00f3mico a nivel mundial\". Seg\u00fan ha informado Ifema, \u00e9sta aporta a la econom\u00eda nacional una repercusi\u00f3n de 2.400 millones de euros y","canonical_url":"https:\/\/eldigitaldeasturias.com\/magazine365\/ifema-se-une-a-la-celebracion-del-primer-dia-mundial-de-las-ferias\/","robots":"max-image-preview:large","keywords":"noticias y actualidad","webmasterTools":{"google-site-verification":"UA-38556648-1","miscellaneous":""},"schema":{"@context":"https:\/\/schema.org","@graph":[{"@type":"Article","@id":"https:\/\/eldigitaldeasturias.com\/magazine365\/ifema-se-une-a-la-celebracion-del-primer-dia-mundial-de-las-ferias\/#article","name":"Ifema se une a la celebraci\u00f3n del primer D\u00eda Mundial de las Ferias | El Digital de Asturias","headline":"Ifema se une a la celebraci\u00f3n del primer D\u00eda Mundial de las Ferias","author":{"@id":"https:\/\/eldigitaldeasturias.com\/magazine365\/author\/admin\/#author"},"publisher":{"@id":"https:\/\/eldigitaldeasturias.com\/magazine365\/#organization"},"image":{"@type":"ImageObject","url":"https:\/\/eldigitaldeasturias.com\/magazine365\/wp-content\/uploads\/2016\/06\/fotonoticia_20160608092935_800.jpg","width":800,"height":600},"datePublished":"2016-06-08T12:18:46+02:00","dateModified":"2016-06-08T12:20:32+02:00","inLanguage":"es-ES","mainEntityOfPage":{"@id":"https:\/\/eldigitaldeasturias.com\/magazine365\/ifema-se-une-a-la-celebracion-del-primer-dia-mundial-de-las-ferias\/#webpage"},"isPartOf":{"@id":"https:\/\/eldigitaldeasturias.com\/magazine365\/ifema-se-une-a-la-celebracion-del-primer-dia-mundial-de-las-ferias\/#webpage"},"articleSection":"Noticias y Actualidad"},{"@type":"BreadcrumbList","@id":"https:\/\/eldigitaldeasturias.com\/magazine365\/ifema-se-une-a-la-celebracion-del-primer-dia-mundial-de-las-ferias\/#breadcrumblist","itemListElement":[{"@type":"ListItem","@id":"https:\/\/eldigitaldeasturias.com\/magazine365#listItem","position":1,"name":"Home","item":"https:\/\/eldigitaldeasturias.com\/magazine365","nextItem":{"@type":"ListItem","@id":"https:\/\/eldigitaldeasturias.com\/magazine365\/category\/noticias-actualidad\/#listItem","name":"Noticias y Actualidad"}},{"@type":"ListItem","@id":"https:\/\/eldigitaldeasturias.com\/magazine365\/category\/noticias-actualidad\/#listItem","position":2,"name":"Noticias y Actualidad","item":"https:\/\/eldigitaldeasturias.com\/magazine365\/category\/noticias-actualidad\/","nextItem":{"@type":"ListItem","@id":"https:\/\/eldigitaldeasturias.com\/magazine365\/ifema-se-une-a-la-celebracion-del-primer-dia-mundial-de-las-ferias\/#listItem","name":"Ifema se une a la celebraci\u00f3n del primer D\u00eda Mundial de las Ferias"},"previousItem":{"@type":"ListItem","@id":"https:\/\/eldigitaldeasturias.com\/magazine365#listItem","name":"Home"}},{"@type":"ListItem","@id":"https:\/\/eldigitaldeasturias.com\/magazine365\/ifema-se-une-a-la-celebracion-del-primer-dia-mundial-de-las-ferias\/#listItem","position":3,"name":"Ifema se une a la celebraci\u00f3n del primer D\u00eda Mundial de las Ferias","previousItem":{"@type":"ListItem","@id":"https:\/\/eldigitaldeasturias.com\/magazine365\/category\/noticias-actualidad\/#listItem","name":"Noticias y Actualidad"}}]},{"@type":"Organization","@id":"https:\/\/eldigitaldeasturias.com\/magazine365\/#organization","name":"El digital de Asturias","description":"Revista de ocio, turismo y estilo de vida","url":"https:\/\/eldigitaldeasturias.com\/magazine365\/","logo":{"@type":"ImageObject","url":"https:\/\/www.eldigitaldeasturias.com\/noticias\/wp-content\/uploads\/2020\/12\/EDA.jpg","@id":"https:\/\/eldigitaldeasturias.com\/magazine365\/ifema-se-une-a-la-celebracion-del-primer-dia-mundial-de-las-ferias\/#organizationLogo"},"image":{"@id":"https:\/\/eldigitaldeasturias.com\/magazine365\/ifema-se-une-a-la-celebracion-del-primer-dia-mundial-de-las-ferias\/#organizationLogo"}},{"@type":"Person","@id":"https:\/\/eldigitaldeasturias.com\/magazine365\/author\/admin\/#author","url":"https:\/\/eldigitaldeasturias.com\/magazine365\/author\/admin\/","name":"admin","image":{"@type":"ImageObject","@id":"https:\/\/eldigitaldeasturias.com\/magazine365\/ifema-se-une-a-la-celebracion-del-primer-dia-mundial-de-las-ferias\/#authorImage","url":"https:\/\/eldigitaldeasturias.com\/magazine365\/wp-content\/litespeed\/avatar\/e571bcf59a0edd6fa6838245a470f2fe.jpg?ver=1776969259","width":96,"height":96,"caption":"admin"}},{"@type":"WebPage","@id":"https:\/\/eldigitaldeasturias.com\/magazine365\/ifema-se-une-a-la-celebracion-del-primer-dia-mundial-de-las-ferias\/#webpage","url":"https:\/\/eldigitaldeasturias.com\/magazine365\/ifema-se-une-a-la-celebracion-del-primer-dia-mundial-de-las-ferias\/","name":"Ifema se une a la celebraci\u00f3n del primer D\u00eda Mundial de las Ferias | El Digital de Asturias","description":"Ifema se unir\u00e1 este mi\u00e9rcoles a la celebraci\u00f3n del D\u00eda Mundial de las Ferias, #GED16, con el objetivo de \"promover los valores y beneficios que genera la actividad ferial, as\u00ed como el impacto econ\u00f3mico a nivel mundial\". Seg\u00fan ha informado Ifema, \u00e9sta aporta a la econom\u00eda nacional una repercusi\u00f3n de 2.400 millones de euros y","inLanguage":"es-ES","isPartOf":{"@id":"https:\/\/eldigitaldeasturias.com\/magazine365\/#website"},"breadcrumb":{"@id":"https:\/\/eldigitaldeasturias.com\/magazine365\/ifema-se-une-a-la-celebracion-del-primer-dia-mundial-de-las-ferias\/#breadcrumblist"},"author":{"@id":"https:\/\/eldigitaldeasturias.com\/magazine365\/author\/admin\/#author"},"creator":{"@id":"https:\/\/eldigitaldeasturias.com\/magazine365\/author\/admin\/#author"},"image":{"@type":"ImageObject","url":"https:\/\/eldigitaldeasturias.com\/magazine365\/wp-content\/uploads\/2016\/06\/fotonoticia_20160608092935_800.jpg","@id":"https:\/\/eldigitaldeasturias.com\/magazine365\/ifema-se-une-a-la-celebracion-del-primer-dia-mundial-de-las-ferias\/#mainImage","width":800,"height":600},"primaryImageOfPage":{"@id":"https:\/\/eldigitaldeasturias.com\/magazine365\/ifema-se-une-a-la-celebracion-del-primer-dia-mundial-de-las-ferias\/#mainImage"},"datePublished":"2016-06-08T12:18:46+02:00","dateModified":"2016-06-08T12:20:32+02:00"},{"@type":"WebSite","@id":"https:\/\/eldigitaldeasturias.com\/magazine365\/#website","url":"https:\/\/eldigitaldeasturias.com\/magazine365\/","name":"El Digital de Asturias","description":"Revista de ocio, turismo y estilo de vida","inLanguage":"es-ES","publisher":{"@id":"https:\/\/eldigitaldeasturias.com\/magazine365\/#organization"}}]},"og:locale":"es_ES","og:site_name":"El Digital de Asturias \u2013 Revista de ocio, turismo y estilo de vida","og:type":"article","og:title":"Ifema se une a la celebraci\u00f3n del primer D\u00eda Mundial de las Ferias | El Digital de Asturias","og:description":"Ifema se unir\u00e1 este mi\u00e9rcoles a la celebraci\u00f3n del D\u00eda Mundial de las Ferias, #GED16, con el objetivo de &quot;promover los valores y beneficios que genera la actividad ferial, as\u00ed como el impacto econ\u00f3mico a nivel mundial&quot;. Seg\u00fan ha informado Ifema, \u00e9sta aporta a la econom\u00eda nacional una repercusi\u00f3n de 2.400 millones de euros y","og:url":"https:\/\/eldigitaldeasturias.com\/magazine365\/ifema-se-une-a-la-celebracion-del-primer-dia-mundial-de-las-ferias\/","og:image":"https:\/\/eldigitaldeasturias.com\/magazine365\/wp-content\/uploads\/2016\/06\/fotonoticia_20160608092935_800.jpg","og:image:secure_url":"https:\/\/eldigitaldeasturias.com\/magazine365\/wp-content\/uploads\/2016\/06\/fotonoticia_20160608092935_800.jpg","og:image:width":800,"og:image:height":600,"article:published_time":"2016-06-08T10:18:46+00:00","article:modified_time":"2016-06-08T10:20:32+00:00","twitter:card":"summary_large_image","twitter:title":"Ifema se une a la celebraci\u00f3n del primer D\u00eda Mundial de las Ferias | El Digital de Asturias","twitter:description":"Ifema se unir\u00e1 este mi\u00e9rcoles a la celebraci\u00f3n del D\u00eda Mundial de las Ferias, #GED16, con el objetivo de &quot;promover los valores y beneficios que genera la actividad ferial, as\u00ed como el impacto econ\u00f3mico a nivel mundial&quot;. Seg\u00fan ha informado Ifema, \u00e9sta aporta a la econom\u00eda nacional una repercusi\u00f3n de 2.400 millones de euros y","twitter:image":"https:\/\/eldigitaldeasturias.com\/magazine365\/wp-content\/uploads\/2016\/06\/fotonoticia_20160608092935_800.jpg"},"aioseo_meta_data":{"post_id":"78062","title":null,"description":null,"keywords":null,"keyphrases":null,"primary_term":null,"canonical_url":null,"og_title":null,"og_description":null,"og_object_type":"default","og_image_type":"default","og_image_url":null,"og_image_width":null,"og_image_height":null,"og_image_custom_url":null,"og_image_custom_fields":null,"og_video":null,"og_custom_url":null,"og_article_section":null,"og_article_tags":null,"twitter_use_og":false,"twitter_card":"default","twitter_image_type":"default","twitter_image_url":null,"twitter_image_custom_url":null,"twitter_image_custom_fields":null,"twitter_title":null,"twitter_description":null,"schema":{"blockGraphs":[],"customGraphs":[],"default":{"data":{"Article":[],"Course":[],"Dataset":[],"FAQPage":[],"Movie":[],"Person":[],"Product":[],"ProductReview":[],"Car":[],"Recipe":[],"Service":[],"SoftwareApplication":[],"WebPage":[]},"graphName":"","isEnabled":true},"graphs":[]},"schema_type":null,"schema_type_options":null,"pillar_content":false,"robots_default":true,"robots_noindex":false,"robots_noarchive":false,"robots_nosnippet":false,"robots_nofollow":false,"robots_noimageindex":false,"robots_noodp":false,"robots_notranslate":false,"robots_max_snippet":null,"robots_max_videopreview":null,"robots_max_imagepreview":"large","priority":null,"frequency":null,"location":null,"local_seo":null,"seo_analyzer_scan_date":"2025-09-27 16:12:35","breadcrumb_settings":null,"limit_modified_date":false,"open_ai":null,"ai":null,"created":"2021-03-08 18:05:46","updated":"2025-09-27 16:12:35"},"aioseo_breadcrumb":"<div class=\"aioseo-breadcrumbs\"><span class=\"aioseo-breadcrumb\">\n\t<a href=\"https:\/\/eldigitaldeasturias.com\/magazine365\" title=\"Home\">Home<\/a>\n<\/span><span class=\"aioseo-breadcrumb-separator\">\u2013<\/span><span class=\"aioseo-breadcrumb\">\n\t<a href=\"https:\/\/eldigitaldeasturias.com\/magazine365\/category\/noticias-actualidad\/\" title=\"Noticias y Actualidad\">Noticias y Actualidad<\/a>\n<\/span><span class=\"aioseo-breadcrumb-separator\">\u2013<\/span><span class=\"aioseo-breadcrumb\">\n\t<a href=\"https:\/\/eldigitaldeasturias.com\/magazine365\/ifema-se-une-a-la-celebracion-del-primer-dia-mundial-de-las-ferias\/\" title=\"Ifema se une a la celebraci\u00f3n del primer D\u00eda Mundial de las Ferias\">Ifema se une a la celebraci\u00f3n del primer D\u00eda Mundial de las Ferias<\/a>\n<\/span><\/div>","aioseo_breadcrumb_json":[{"label":"Home","link":"https:\/\/eldigitaldeasturias.com\/magazine365"},{"label":"Noticias y Actualidad","link":"https:\/\/eldigitaldeasturias.com\/magazine365\/category\/noticias-actualidad\/"},{"label":"Ifema se une a la celebraci\u00f3n del primer D\u00eda Mundial de las Ferias","link":"https:\/\/eldigitaldeasturias.com\/magazine365\/ifema-se-une-a-la-celebracion-del-primer-dia-mundial-de-las-ferias\/"}],"_links":{"self":[{"href":"https:\/\/eldigitaldeasturias.com\/magazine365\/wp-json\/wp\/v2\/posts\/78062","targetHints":{"allow":["GET"]}}],"collection":[{"href":"https:\/\/eldigitaldeasturias.com\/magazine365\/wp-json\/wp\/v2\/posts"}],"about":[{"href":"https:\/\/eldigitaldeasturias.com\/magazine365\/wp-json\/wp\/v2\/types\/post"}],"author":[{"embeddable":true,"href":"https:\/\/eldigitaldeasturias.com\/magazine365\/wp-json\/wp\/v2\/users\/1"}],"replies":[{"embeddable":true,"href":"https:\/\/eldigitaldeasturias.com\/magazine365\/wp-json\/wp\/v2\/comments?post=78062"}],"version-history":[{"count":0,"href":"https:\/\/eldigitaldeasturias.com\/magazine365\/wp-json\/wp\/v2\/posts\/78062\/revisions"}],"wp:featuredmedia":[{"embeddable":true,"href":"https:\/\/eldigitaldeasturias.com\/magazine365\/wp-json\/wp\/v2\/media\/78066"}],"wp:attachment":[{"href":"https:\/\/eldigitaldeasturias.com\/magazine365\/wp-json\/wp\/v2\/media?parent=78062"}],"wp:term":[{"taxonomy":"category","embeddable":true,"href":"https:\/\/eldigitaldeasturias.com\/magazine365\/wp-json\/wp\/v2\/categories?post=78062"},{"taxonomy":"post_tag","embeddable":true,"href":"https:\/\/eldigitaldeasturias.com\/magazine365\/wp-json\/wp\/v2\/tags?post=78062"}],"curies":[{"name":"wp","href":"https:\/\/api.w.org\/{rel}","templated":true}]}}