{"id":78060,"date":"2016-06-08T12:17:29","date_gmt":"2016-06-08T10:17:29","guid":{"rendered":"http:\/\/eldigitaldeasturias.com\/magazine365\/?p=78060"},"modified":"2016-06-08T12:17:29","modified_gmt":"2016-06-08T10:17:29","slug":"la-junta-andaluza-anuncia-que-los-proximos-planes-de-accion-de-promocion-incorporaran-el-eje-de-las-grandes-capitales","status":"publish","type":"post","link":"https:\/\/eldigitaldeasturias.com\/magazine365\/la-junta-andaluza-anuncia-que-los-proximos-planes-de-accion-de-promocion-incorporaran-el-eje-de-las-grandes-capitales\/","title":{"rendered":"La Junta andaluza anuncia que los pr\u00f3ximos planes de acci\u00f3n de promoci\u00f3n incorporar\u00e1n el eje de las grandes capitales"},"content":{"rendered":"<p><img fetchpriority=\"high\" decoding=\"async\" class=\"alignleft size-medium wp-image-78063\" src=\"https:\/\/eldigitaldeasturias.com\/magazine365\/wp-content\/uploads\/2016\/06\/fotonoticia_20160607154154_800-360x239.jpg\" alt=\"fotonoticia_20160607154154_800\" width=\"360\" height=\"239\" srcset=\"https:\/\/eldigitaldeasturias.com\/magazine365\/wp-content\/uploads\/2016\/06\/fotonoticia_20160607154154_800-360x239.jpg 360w, https:\/\/eldigitaldeasturias.com\/magazine365\/wp-content\/uploads\/2016\/06\/fotonoticia_20160607154154_800-650x432.jpg 650w, https:\/\/eldigitaldeasturias.com\/magazine365\/wp-content\/uploads\/2016\/06\/fotonoticia_20160607154154_800-768x511.jpg 768w, https:\/\/eldigitaldeasturias.com\/magazine365\/wp-content\/uploads\/2016\/06\/fotonoticia_20160607154154_800-150x100.jpg 150w, https:\/\/eldigitaldeasturias.com\/magazine365\/wp-content\/uploads\/2016\/06\/fotonoticia_20160607154154_800-450x299.jpg 450w, https:\/\/eldigitaldeasturias.com\/magazine365\/wp-content\/uploads\/2016\/06\/fotonoticia_20160607154154_800-121x79.jpg 121w, https:\/\/eldigitaldeasturias.com\/magazine365\/wp-content\/uploads\/2016\/06\/fotonoticia_20160607154154_800-101x66.jpg 101w, https:\/\/eldigitaldeasturias.com\/magazine365\/wp-content\/uploads\/2016\/06\/fotonoticia_20160607154154_800.jpg 800w\" sizes=\"(max-width: 360px) 100vw, 360px\" \/>El consejero de Turismo y Deporte, Francisco Javier Fern\u00e1ndez, asisti\u00f3 en Sevilla a la inauguraci\u00f3n de la &#8216;I Jornada sobre el Eje Tur\u00edstico Sevilla-M\u00e1laga-C\u00f3rdoba-Granada. \u00c1reas de colaboraci\u00f3n P\u00fablico-Privada&#8217; y anunci\u00f3 que los pr\u00f3ximos planes anuales de promoci\u00f3n del destino Andaluc\u00eda que ejecuta su departamento incorporar\u00e1n actuaciones para difundir los productos y servicios que surjan de esta iniciativa.<\/p>\n<p>Fern\u00e1ndez ha subrayado que esta alianza es un proyecto de envergadura que surge de la uni\u00f3n de cuatro grandes capitales alrededor de un eje que, sin duda, es \u00abinsuperable\u00bb y ha valorado que \u00abno se vean a s\u00ed mismas como una competencia, sino como un apoyo viable para el crecimiento\u00bb. Igualmente, ha destacado que la fortaleza de cada una de ellas \u00abes tambi\u00e9n la fortaleza de Andaluc\u00eda, donde sus activos suman en lugar de restar\u00bb.<\/p>\n<p>\u00abNuestra competencia no es al pueblo de al lado sino la Toscana o Cannes, y con esta iniciativa sumamos esfuerzos y productos para crear el gran producto Andaluc\u00eda; somos colaboradores, no competencia, para crear una oferta de calidad y excelencia\u00bb, ha a\u00f1adido el consejero, quien recuerda que el turismo en Andaluc\u00eda supone un 13 por ciento del PIB y ha hecho un llamamiento a los empresarios para que se impliquen en este proyecto.<\/p>\n<p>Por ello, ha incidido en la implicaci\u00f3n de la sociedad civil en este proyecto y anim\u00f3 a los alcaldes, concejales y empresarios implicados a que aprovechen al m\u00e1ximo las enormes posibilidades que ofrece, al tiempo que ha ofrecido la colaboraci\u00f3n de la Consejer\u00eda para que esta iniciativa pueda sumar sus activos a la oferta global de Andaluc\u00eda y aproveche la cobertura que le aporta este paraguas promocional.<\/p>\n<p>Adem\u00e1s, ha resaltado una veintena de estrategias de colaboraci\u00f3n entre territorios que se vienen ejecutando para comercializar productos conjuntos y que constituyen actualmente marcas consolidadas, como &#8216;Para\u00edso Interior&#8217;, &#8216;Costa de la Luz&#8217;, &#8216;Costa del Sol&#8217; y &#8216;Costa del Golf&#8217;. \u00abDe forma individual, la oferta de cada uno de nuestros municipios es muy dif\u00edcil de igualar, pero de forma agrupada es imposible de superar\u00bb, asegur\u00f3.<\/p>\n<p>La inauguraci\u00f3n de la jornada, organizada por la Confederaci\u00f3n de Empresarios de Andaluc\u00eda (CEA) y que re\u00fane a profesionales, administraciones y expertos para analizar estrategias de colaboraci\u00f3n en la materia, cont\u00f3 con la participaci\u00f3n del alcalde de M\u00e1laga, Francisco de la Torre, el alcalde de Sevilla, Juan Espadas, y los presidentes de la Uni\u00f3n C\u00edvica del Sur de Espa\u00f1a (Civisur), Luis Merino y Manuel del Valle, entre otros.<\/p>\n<p>Todos los presentes han destacado la importancia que la pr\u00f3xima, visita del presidente de Estados Unidos, Barack Obama, a Espa\u00f1a que incluye un paso por Sevilla, puede tener para potenciar este eje de grandes ciudades.<\/p>\n<p>El alcalde de M\u00e1laga, Francisco de la Torre, ha recordado que estas jornadas incluyen la presentaci\u00f3n de un estudio, a cargo de PwC para conocer las posibilidades de este eje, habr\u00e1 una mesa sobre la promoci\u00f3n y la labor institucional de las diversas administraciones y otra mesa con el sector privado.<\/p>\n<p>A su juicio, \u00abel turismo es donde m\u00e1s se nota la necesidad de una buena colaboraci\u00f3n entre lo p\u00fablico y lo privado\u00bb, tras lo que resalta que en Andaluc\u00eda y en las diversas ciudades \u00abtenemos una materia prima extraordinaria y juntas son mas potentes para llegar a mercados m\u00e1s lejanos, cuyos viajeros vienen para ver no una sola ciudad sino tres o cuatro\u00bb.<\/p>\n<p>Considera que esta alianza \u00abnos hace competitivos dentro de Espa\u00f1a o fuera, y si prospera esta alianza nos hace imbatibles\u00bb.<\/p>\n<p>De la Torre espera que haya posibilidad de que esta iniciativa se pueda acoger a fondos europeos Feder de promoci\u00f3n tur\u00edstica, de forma que, a su juicio, \u00abser\u00eda magn\u00edfico que estos fondos, que son muy auton\u00f3micos y poco municipales, pudieran por esta v\u00eda sumarse al esfuerzo municipal; ser\u00eda extraordinario\u00bb.<\/p>\n<p>Asimismo, valora la posibilidad de aumentar las conexiones directas con los pa\u00edses, aprovechando que ahora Madrid se abre a China y Jap\u00f3n, de forma que, por ejemplo se puedan mejorar las conexiones entre M\u00e1laga y Estados Unidos, y ampliar las conexiones, ya que \u00abhay oferta que justifique que puedan visitarnos durante siete u ocho d\u00edas; estas ciudades lo merecen\u00bb.<\/p>\n<p>De la Torre valora que esta iniciativa no es excluyente y tambi\u00e9n se abre a otra ciudades como C\u00f3rdoba o Granada. Ha resaltado que esperan acudir tras el verano de forma conjunta a la feria de turismo de Jap\u00f3n.<\/p>\n<p>Por su parte, el alcalde de Sevilla, Juan Espadas, considera que esta iniciativa \u00abintenta generar un eje en el sur de Europa en Andaluc\u00eda entre M\u00e1laga y Sevilla, C\u00f3rdoba y Granada, que trasciende de lo pol\u00edtico\u00bb.<\/p>\n<p>Por ello, seg\u00fan ha explicado, han suscrito un acuerdo de colaboraci\u00f3n entre las dos ciudades \u00abporque entendemos que esto depende de una voluntad pol\u00edtica, que ya se manifest\u00f3 desde el primer d\u00eda y busca el inter\u00e9s general y el mejor proyecto para nuestras ciudades en el marco de un proyecto para Andaluc\u00eda\u00bb.<\/p>\n<p>Cree que \u00abas\u00ed lo entienden los empresarios\u00bb, toda vez que considera que se abre \u00abun espacio de oportunidad estrat\u00e9gico para contemplar cuales son las infraestructuras que nos permitir\u00edan acelerar el desarrollo econ\u00f3mico y generar empleo en la Comunidad; ver cu\u00e1les serian las mejores estrategias desde la promoci\u00f3n tur\u00edstica y la oferta cultural\u00bb.<\/p>\n<p>Por tanto, se trabaja para \u00abver como identificar esos productos tur\u00edsticos y culturales\u00bb y ha recordado que ya Sevilla trabaja con la Costa del Sol, que es \u00abun destino perfectamente consolidado y con una estancia media alta\u00bb, para que \u00abtenga posibilidad de complementarse con ciudades como Sevilla, C\u00f3rdoba o Granada de manera natural, con alta velocidad\u00bb.<\/p>\n<p>Espadas ha dejado claro que \u00abesto no era hacerse una foto ni una idea sugerente sino un proyecto a muchos a\u00f1os y del m\u00e1ximo inter\u00e9s para todas las ciudades, independientemente del partido pol\u00edtico que gobierne\u00bb.<\/p>\n<p>El alcalde de Sevilla, al igual que el alcalde de M\u00e1laga y el resto de participantes, valora que esta iniciativa \u00abdimane de la sociedad civil de ambas ciudades\u00bb, que suman el 40 por ciento del PIB andaluz.<\/p>\n<p>El hecho de que esta iniciativa parta de la sociedad civil, en concreto de la organizaci\u00f3n CiviSur-Es, ha sido destacado por los propios miembros de esta organizaci\u00f3n, tanto Luis Merino como Manuel del Valle, y por el secretario general de la CEA, Antonio Carrillo.<\/p>\n<p>CiviSur-Es es una organizaci\u00f3n formada por agentes empresariales y profesionales, de instituciones acad\u00e9micas y educativas, tanto malague\u00f1os como sevillanos, que aboga por la colaboraci\u00f3n p\u00fablico-privada y p\u00fablico-p\u00fablico para potenciar estas ciudades y la suma de todas ellas, en este caso concreto desde la perspectiva tur\u00edstica, pero tambi\u00e9n abordando otras \u00e1reas como cultural o social.<\/p>\n<p>Esta iniciativa, nacida inicialmente entre M\u00e1laga y Sevilla, se ha ampliado a Granada y M\u00e1laga, y pretende que pueda ser ampliada a todas las ciudades andaluzas.<\/p>\n","protected":false},"excerpt":{"rendered":"<p>El consejero de Turismo y Deporte, Francisco Javier Fern\u00e1ndez, asisti\u00f3 en Sevilla a la inauguraci\u00f3n de la &#8216;I Jornada sobre el Eje Tur\u00edstico Sevilla-M\u00e1laga-C\u00f3rdoba-Granada. \u00c1reas de colaboraci\u00f3n P\u00fablico-Privada&#8217; y anunci\u00f3 que los pr\u00f3ximos planes anuales de promoci\u00f3n del destino Andaluc\u00eda que ejecuta su departamento incorporar\u00e1n actuaciones para difundir los productos y servicios que surjan de<\/p>\n","protected":false},"author":1,"featured_media":78063,"comment_status":"open","ping_status":"closed","sticky":false,"template":"","format":"standard","meta":{"footnotes":""},"categories":[224],"tags":[],"class_list":{"0":"post-78060","1":"post","2":"type-post","3":"status-publish","4":"format-standard","5":"has-post-thumbnail","7":"category-noticias-actualidad"},"aioseo_notices":[],"aioseo_head":"\n\t\t<!-- All in One SEO Pro 4.9.6.1 - aioseo.com -->\n\t<meta name=\"description\" content=\"El consejero de Turismo y Deporte, Francisco Javier Fern\u00e1ndez, asisti\u00f3 en Sevilla a la inauguraci\u00f3n de la &#039;I Jornada sobre el Eje Tur\u00edstico Sevilla-M\u00e1laga-C\u00f3rdoba-Granada. \u00c1reas de colaboraci\u00f3n P\u00fablico-Privada&#039; y anunci\u00f3 que los pr\u00f3ximos planes anuales de promoci\u00f3n del destino Andaluc\u00eda que ejecuta su departamento incorporar\u00e1n actuaciones para difundir los productos y servicios que surjan de\" \/>\n\t<meta name=\"robots\" content=\"max-image-preview:large\" \/>\n\t<meta name=\"author\" content=\"admin\"\/>\n\t<meta name=\"google-site-verification\" content=\"UA-38556648-1\" \/>\n\t<meta name=\"keywords\" content=\"noticias y actualidad\" \/>\n\t<link rel=\"canonical\" href=\"https:\/\/eldigitaldeasturias.com\/magazine365\/la-junta-andaluza-anuncia-que-los-proximos-planes-de-accion-de-promocion-incorporaran-el-eje-de-las-grandes-capitales\/\" \/>\n\t<meta name=\"generator\" content=\"All in One SEO Pro (AIOSEO) 4.9.6.1\" \/>\n\t\t<meta property=\"og:locale\" content=\"es_ES\" \/>\n\t\t<meta property=\"og:site_name\" content=\"El Digital de Asturias \u2013 Revista de ocio, turismo y estilo de vida\" \/>\n\t\t<meta property=\"og:type\" content=\"article\" \/>\n\t\t<meta property=\"og:title\" content=\"La Junta andaluza anuncia que los pr\u00f3ximos planes de acci\u00f3n de promoci\u00f3n incorporar\u00e1n el eje de las grandes capitales | El Digital de Asturias\" \/>\n\t\t<meta property=\"og:description\" content=\"El consejero de Turismo y Deporte, Francisco Javier Fern\u00e1ndez, asisti\u00f3 en Sevilla a la inauguraci\u00f3n de la &#039;I Jornada sobre el Eje Tur\u00edstico Sevilla-M\u00e1laga-C\u00f3rdoba-Granada. \u00c1reas de colaboraci\u00f3n P\u00fablico-Privada&#039; y anunci\u00f3 que los pr\u00f3ximos planes anuales de promoci\u00f3n del destino Andaluc\u00eda que ejecuta su departamento incorporar\u00e1n actuaciones para difundir los productos y servicios que surjan de\" \/>\n\t\t<meta property=\"og:url\" content=\"https:\/\/eldigitaldeasturias.com\/magazine365\/la-junta-andaluza-anuncia-que-los-proximos-planes-de-accion-de-promocion-incorporaran-el-eje-de-las-grandes-capitales\/\" \/>\n\t\t<meta property=\"og:image\" content=\"https:\/\/eldigitaldeasturias.com\/magazine365\/wp-content\/uploads\/2016\/06\/fotonoticia_20160607154154_800.jpg\" \/>\n\t\t<meta property=\"og:image:secure_url\" content=\"https:\/\/eldigitaldeasturias.com\/magazine365\/wp-content\/uploads\/2016\/06\/fotonoticia_20160607154154_800.jpg\" \/>\n\t\t<meta property=\"og:image:width\" content=\"800\" \/>\n\t\t<meta property=\"og:image:height\" content=\"532\" \/>\n\t\t<meta property=\"article:published_time\" content=\"2016-06-08T10:17:29+00:00\" \/>\n\t\t<meta property=\"article:modified_time\" content=\"2016-06-08T10:17:29+00:00\" \/>\n\t\t<meta name=\"twitter:card\" content=\"summary_large_image\" \/>\n\t\t<meta name=\"twitter:title\" content=\"La Junta andaluza anuncia que los pr\u00f3ximos planes de acci\u00f3n de promoci\u00f3n incorporar\u00e1n el eje de las grandes capitales | El Digital de Asturias\" \/>\n\t\t<meta name=\"twitter:description\" content=\"El consejero de Turismo y Deporte, Francisco Javier Fern\u00e1ndez, asisti\u00f3 en Sevilla a la inauguraci\u00f3n de la &#039;I Jornada sobre el Eje Tur\u00edstico Sevilla-M\u00e1laga-C\u00f3rdoba-Granada. \u00c1reas de colaboraci\u00f3n P\u00fablico-Privada&#039; y anunci\u00f3 que los pr\u00f3ximos planes anuales de promoci\u00f3n del destino Andaluc\u00eda que ejecuta su departamento incorporar\u00e1n actuaciones para difundir los productos y servicios que surjan de\" \/>\n\t\t<meta name=\"twitter:image\" content=\"https:\/\/eldigitaldeasturias.com\/magazine365\/wp-content\/uploads\/2016\/06\/fotonoticia_20160607154154_800.jpg\" \/>\n\t\t<script type=\"application\/ld+json\" class=\"aioseo-schema\">\n\t\t\t{\"@context\":\"https:\\\/\\\/schema.org\",\"@graph\":[{\"@type\":\"Article\",\"@id\":\"https:\\\/\\\/eldigitaldeasturias.com\\\/magazine365\\\/la-junta-andaluza-anuncia-que-los-proximos-planes-de-accion-de-promocion-incorporaran-el-eje-de-las-grandes-capitales\\\/#article\",\"name\":\"La Junta andaluza anuncia que los pr\\u00f3ximos planes de acci\\u00f3n de promoci\\u00f3n incorporar\\u00e1n el eje de las grandes capitales | El Digital de Asturias\",\"headline\":\"La Junta andaluza anuncia que los pr\\u00f3ximos planes de acci\\u00f3n de promoci\\u00f3n incorporar\\u00e1n el eje de las grandes capitales\",\"author\":{\"@id\":\"https:\\\/\\\/eldigitaldeasturias.com\\\/magazine365\\\/author\\\/admin\\\/#author\"},\"publisher\":{\"@id\":\"https:\\\/\\\/eldigitaldeasturias.com\\\/magazine365\\\/#organization\"},\"image\":{\"@type\":\"ImageObject\",\"url\":\"https:\\\/\\\/eldigitaldeasturias.com\\\/magazine365\\\/wp-content\\\/uploads\\\/2016\\\/06\\\/fotonoticia_20160607154154_800.jpg\",\"width\":800,\"height\":532},\"datePublished\":\"2016-06-08T12:17:29+02:00\",\"dateModified\":\"2016-06-08T12:17:29+02:00\",\"inLanguage\":\"es-ES\",\"mainEntityOfPage\":{\"@id\":\"https:\\\/\\\/eldigitaldeasturias.com\\\/magazine365\\\/la-junta-andaluza-anuncia-que-los-proximos-planes-de-accion-de-promocion-incorporaran-el-eje-de-las-grandes-capitales\\\/#webpage\"},\"isPartOf\":{\"@id\":\"https:\\\/\\\/eldigitaldeasturias.com\\\/magazine365\\\/la-junta-andaluza-anuncia-que-los-proximos-planes-de-accion-de-promocion-incorporaran-el-eje-de-las-grandes-capitales\\\/#webpage\"},\"articleSection\":\"Noticias y Actualidad\"},{\"@type\":\"BreadcrumbList\",\"@id\":\"https:\\\/\\\/eldigitaldeasturias.com\\\/magazine365\\\/la-junta-andaluza-anuncia-que-los-proximos-planes-de-accion-de-promocion-incorporaran-el-eje-de-las-grandes-capitales\\\/#breadcrumblist\",\"itemListElement\":[{\"@type\":\"ListItem\",\"@id\":\"https:\\\/\\\/eldigitaldeasturias.com\\\/magazine365#listItem\",\"position\":1,\"name\":\"Home\",\"item\":\"https:\\\/\\\/eldigitaldeasturias.com\\\/magazine365\",\"nextItem\":{\"@type\":\"ListItem\",\"@id\":\"https:\\\/\\\/eldigitaldeasturias.com\\\/magazine365\\\/category\\\/noticias-actualidad\\\/#listItem\",\"name\":\"Noticias y Actualidad\"}},{\"@type\":\"ListItem\",\"@id\":\"https:\\\/\\\/eldigitaldeasturias.com\\\/magazine365\\\/category\\\/noticias-actualidad\\\/#listItem\",\"position\":2,\"name\":\"Noticias y Actualidad\",\"item\":\"https:\\\/\\\/eldigitaldeasturias.com\\\/magazine365\\\/category\\\/noticias-actualidad\\\/\",\"nextItem\":{\"@type\":\"ListItem\",\"@id\":\"https:\\\/\\\/eldigitaldeasturias.com\\\/magazine365\\\/la-junta-andaluza-anuncia-que-los-proximos-planes-de-accion-de-promocion-incorporaran-el-eje-de-las-grandes-capitales\\\/#listItem\",\"name\":\"La Junta andaluza anuncia que los pr\\u00f3ximos planes de acci\\u00f3n de promoci\\u00f3n incorporar\\u00e1n el eje de las grandes capitales\"},\"previousItem\":{\"@type\":\"ListItem\",\"@id\":\"https:\\\/\\\/eldigitaldeasturias.com\\\/magazine365#listItem\",\"name\":\"Home\"}},{\"@type\":\"ListItem\",\"@id\":\"https:\\\/\\\/eldigitaldeasturias.com\\\/magazine365\\\/la-junta-andaluza-anuncia-que-los-proximos-planes-de-accion-de-promocion-incorporaran-el-eje-de-las-grandes-capitales\\\/#listItem\",\"position\":3,\"name\":\"La Junta andaluza anuncia que los pr\\u00f3ximos planes de acci\\u00f3n de promoci\\u00f3n incorporar\\u00e1n el eje de las grandes capitales\",\"previousItem\":{\"@type\":\"ListItem\",\"@id\":\"https:\\\/\\\/eldigitaldeasturias.com\\\/magazine365\\\/category\\\/noticias-actualidad\\\/#listItem\",\"name\":\"Noticias y Actualidad\"}}]},{\"@type\":\"Organization\",\"@id\":\"https:\\\/\\\/eldigitaldeasturias.com\\\/magazine365\\\/#organization\",\"name\":\"El digital de Asturias\",\"description\":\"Revista de ocio, turismo y estilo de vida\",\"url\":\"https:\\\/\\\/eldigitaldeasturias.com\\\/magazine365\\\/\",\"logo\":{\"@type\":\"ImageObject\",\"url\":\"https:\\\/\\\/www.eldigitaldeasturias.com\\\/noticias\\\/wp-content\\\/uploads\\\/2020\\\/12\\\/EDA.jpg\",\"@id\":\"https:\\\/\\\/eldigitaldeasturias.com\\\/magazine365\\\/la-junta-andaluza-anuncia-que-los-proximos-planes-de-accion-de-promocion-incorporaran-el-eje-de-las-grandes-capitales\\\/#organizationLogo\"},\"image\":{\"@id\":\"https:\\\/\\\/eldigitaldeasturias.com\\\/magazine365\\\/la-junta-andaluza-anuncia-que-los-proximos-planes-de-accion-de-promocion-incorporaran-el-eje-de-las-grandes-capitales\\\/#organizationLogo\"}},{\"@type\":\"Person\",\"@id\":\"https:\\\/\\\/eldigitaldeasturias.com\\\/magazine365\\\/author\\\/admin\\\/#author\",\"url\":\"https:\\\/\\\/eldigitaldeasturias.com\\\/magazine365\\\/author\\\/admin\\\/\",\"name\":\"admin\",\"image\":{\"@type\":\"ImageObject\",\"@id\":\"https:\\\/\\\/eldigitaldeasturias.com\\\/magazine365\\\/la-junta-andaluza-anuncia-que-los-proximos-planes-de-accion-de-promocion-incorporaran-el-eje-de-las-grandes-capitales\\\/#authorImage\",\"url\":\"https:\\\/\\\/eldigitaldeasturias.com\\\/magazine365\\\/wp-content\\\/litespeed\\\/avatar\\\/e571bcf59a0edd6fa6838245a470f2fe.jpg?ver=1776969259\",\"width\":96,\"height\":96,\"caption\":\"admin\"}},{\"@type\":\"WebPage\",\"@id\":\"https:\\\/\\\/eldigitaldeasturias.com\\\/magazine365\\\/la-junta-andaluza-anuncia-que-los-proximos-planes-de-accion-de-promocion-incorporaran-el-eje-de-las-grandes-capitales\\\/#webpage\",\"url\":\"https:\\\/\\\/eldigitaldeasturias.com\\\/magazine365\\\/la-junta-andaluza-anuncia-que-los-proximos-planes-de-accion-de-promocion-incorporaran-el-eje-de-las-grandes-capitales\\\/\",\"name\":\"La Junta andaluza anuncia que los pr\\u00f3ximos planes de acci\\u00f3n de promoci\\u00f3n incorporar\\u00e1n el eje de las grandes capitales | El Digital de Asturias\",\"description\":\"El consejero de Turismo y Deporte, Francisco Javier Fern\\u00e1ndez, asisti\\u00f3 en Sevilla a la inauguraci\\u00f3n de la 'I Jornada sobre el Eje Tur\\u00edstico Sevilla-M\\u00e1laga-C\\u00f3rdoba-Granada. \\u00c1reas de colaboraci\\u00f3n P\\u00fablico-Privada' y anunci\\u00f3 que los pr\\u00f3ximos planes anuales de promoci\\u00f3n del destino Andaluc\\u00eda que ejecuta su departamento incorporar\\u00e1n actuaciones para difundir los productos y servicios que surjan de\",\"inLanguage\":\"es-ES\",\"isPartOf\":{\"@id\":\"https:\\\/\\\/eldigitaldeasturias.com\\\/magazine365\\\/#website\"},\"breadcrumb\":{\"@id\":\"https:\\\/\\\/eldigitaldeasturias.com\\\/magazine365\\\/la-junta-andaluza-anuncia-que-los-proximos-planes-de-accion-de-promocion-incorporaran-el-eje-de-las-grandes-capitales\\\/#breadcrumblist\"},\"author\":{\"@id\":\"https:\\\/\\\/eldigitaldeasturias.com\\\/magazine365\\\/author\\\/admin\\\/#author\"},\"creator\":{\"@id\":\"https:\\\/\\\/eldigitaldeasturias.com\\\/magazine365\\\/author\\\/admin\\\/#author\"},\"image\":{\"@type\":\"ImageObject\",\"url\":\"https:\\\/\\\/eldigitaldeasturias.com\\\/magazine365\\\/wp-content\\\/uploads\\\/2016\\\/06\\\/fotonoticia_20160607154154_800.jpg\",\"@id\":\"https:\\\/\\\/eldigitaldeasturias.com\\\/magazine365\\\/la-junta-andaluza-anuncia-que-los-proximos-planes-de-accion-de-promocion-incorporaran-el-eje-de-las-grandes-capitales\\\/#mainImage\",\"width\":800,\"height\":532},\"primaryImageOfPage\":{\"@id\":\"https:\\\/\\\/eldigitaldeasturias.com\\\/magazine365\\\/la-junta-andaluza-anuncia-que-los-proximos-planes-de-accion-de-promocion-incorporaran-el-eje-de-las-grandes-capitales\\\/#mainImage\"},\"datePublished\":\"2016-06-08T12:17:29+02:00\",\"dateModified\":\"2016-06-08T12:17:29+02:00\"},{\"@type\":\"WebSite\",\"@id\":\"https:\\\/\\\/eldigitaldeasturias.com\\\/magazine365\\\/#website\",\"url\":\"https:\\\/\\\/eldigitaldeasturias.com\\\/magazine365\\\/\",\"name\":\"El Digital de Asturias\",\"description\":\"Revista de ocio, turismo y estilo de vida\",\"inLanguage\":\"es-ES\",\"publisher\":{\"@id\":\"https:\\\/\\\/eldigitaldeasturias.com\\\/magazine365\\\/#organization\"}}]}\n\t\t<\/script>\n\t\t<!-- All in One SEO Pro -->\r\n\t\t<title>La Junta andaluza anuncia que los pr\u00f3ximos planes de acci\u00f3n de promoci\u00f3n incorporar\u00e1n el eje de las grandes capitales | El Digital de Asturias<\/title>\n\n","aioseo_head_json":{"title":"La Junta andaluza anuncia que los pr\u00f3ximos planes de acci\u00f3n de promoci\u00f3n incorporar\u00e1n el eje de las grandes capitales | El Digital de Asturias","description":"El consejero de Turismo y Deporte, Francisco Javier Fern\u00e1ndez, asisti\u00f3 en Sevilla a la inauguraci\u00f3n de la 'I Jornada sobre el Eje Tur\u00edstico Sevilla-M\u00e1laga-C\u00f3rdoba-Granada. \u00c1reas de colaboraci\u00f3n P\u00fablico-Privada' y anunci\u00f3 que los pr\u00f3ximos planes anuales de promoci\u00f3n del destino Andaluc\u00eda que ejecuta su departamento incorporar\u00e1n actuaciones para difundir los productos y servicios que surjan de","canonical_url":"https:\/\/eldigitaldeasturias.com\/magazine365\/la-junta-andaluza-anuncia-que-los-proximos-planes-de-accion-de-promocion-incorporaran-el-eje-de-las-grandes-capitales\/","robots":"max-image-preview:large","keywords":"noticias y actualidad","webmasterTools":{"google-site-verification":"UA-38556648-1","miscellaneous":""},"schema":{"@context":"https:\/\/schema.org","@graph":[{"@type":"Article","@id":"https:\/\/eldigitaldeasturias.com\/magazine365\/la-junta-andaluza-anuncia-que-los-proximos-planes-de-accion-de-promocion-incorporaran-el-eje-de-las-grandes-capitales\/#article","name":"La Junta andaluza anuncia que los pr\u00f3ximos planes de acci\u00f3n de promoci\u00f3n incorporar\u00e1n el eje de las grandes capitales | El Digital de Asturias","headline":"La Junta andaluza anuncia que los pr\u00f3ximos planes de acci\u00f3n de promoci\u00f3n incorporar\u00e1n el eje de las grandes capitales","author":{"@id":"https:\/\/eldigitaldeasturias.com\/magazine365\/author\/admin\/#author"},"publisher":{"@id":"https:\/\/eldigitaldeasturias.com\/magazine365\/#organization"},"image":{"@type":"ImageObject","url":"https:\/\/eldigitaldeasturias.com\/magazine365\/wp-content\/uploads\/2016\/06\/fotonoticia_20160607154154_800.jpg","width":800,"height":532},"datePublished":"2016-06-08T12:17:29+02:00","dateModified":"2016-06-08T12:17:29+02:00","inLanguage":"es-ES","mainEntityOfPage":{"@id":"https:\/\/eldigitaldeasturias.com\/magazine365\/la-junta-andaluza-anuncia-que-los-proximos-planes-de-accion-de-promocion-incorporaran-el-eje-de-las-grandes-capitales\/#webpage"},"isPartOf":{"@id":"https:\/\/eldigitaldeasturias.com\/magazine365\/la-junta-andaluza-anuncia-que-los-proximos-planes-de-accion-de-promocion-incorporaran-el-eje-de-las-grandes-capitales\/#webpage"},"articleSection":"Noticias y Actualidad"},{"@type":"BreadcrumbList","@id":"https:\/\/eldigitaldeasturias.com\/magazine365\/la-junta-andaluza-anuncia-que-los-proximos-planes-de-accion-de-promocion-incorporaran-el-eje-de-las-grandes-capitales\/#breadcrumblist","itemListElement":[{"@type":"ListItem","@id":"https:\/\/eldigitaldeasturias.com\/magazine365#listItem","position":1,"name":"Home","item":"https:\/\/eldigitaldeasturias.com\/magazine365","nextItem":{"@type":"ListItem","@id":"https:\/\/eldigitaldeasturias.com\/magazine365\/category\/noticias-actualidad\/#listItem","name":"Noticias y Actualidad"}},{"@type":"ListItem","@id":"https:\/\/eldigitaldeasturias.com\/magazine365\/category\/noticias-actualidad\/#listItem","position":2,"name":"Noticias y Actualidad","item":"https:\/\/eldigitaldeasturias.com\/magazine365\/category\/noticias-actualidad\/","nextItem":{"@type":"ListItem","@id":"https:\/\/eldigitaldeasturias.com\/magazine365\/la-junta-andaluza-anuncia-que-los-proximos-planes-de-accion-de-promocion-incorporaran-el-eje-de-las-grandes-capitales\/#listItem","name":"La Junta andaluza anuncia que los pr\u00f3ximos planes de acci\u00f3n de promoci\u00f3n incorporar\u00e1n el eje de las grandes capitales"},"previousItem":{"@type":"ListItem","@id":"https:\/\/eldigitaldeasturias.com\/magazine365#listItem","name":"Home"}},{"@type":"ListItem","@id":"https:\/\/eldigitaldeasturias.com\/magazine365\/la-junta-andaluza-anuncia-que-los-proximos-planes-de-accion-de-promocion-incorporaran-el-eje-de-las-grandes-capitales\/#listItem","position":3,"name":"La Junta andaluza anuncia que los pr\u00f3ximos planes de acci\u00f3n de promoci\u00f3n incorporar\u00e1n el eje de las grandes capitales","previousItem":{"@type":"ListItem","@id":"https:\/\/eldigitaldeasturias.com\/magazine365\/category\/noticias-actualidad\/#listItem","name":"Noticias y Actualidad"}}]},{"@type":"Organization","@id":"https:\/\/eldigitaldeasturias.com\/magazine365\/#organization","name":"El digital de Asturias","description":"Revista de ocio, turismo y estilo de vida","url":"https:\/\/eldigitaldeasturias.com\/magazine365\/","logo":{"@type":"ImageObject","url":"https:\/\/www.eldigitaldeasturias.com\/noticias\/wp-content\/uploads\/2020\/12\/EDA.jpg","@id":"https:\/\/eldigitaldeasturias.com\/magazine365\/la-junta-andaluza-anuncia-que-los-proximos-planes-de-accion-de-promocion-incorporaran-el-eje-de-las-grandes-capitales\/#organizationLogo"},"image":{"@id":"https:\/\/eldigitaldeasturias.com\/magazine365\/la-junta-andaluza-anuncia-que-los-proximos-planes-de-accion-de-promocion-incorporaran-el-eje-de-las-grandes-capitales\/#organizationLogo"}},{"@type":"Person","@id":"https:\/\/eldigitaldeasturias.com\/magazine365\/author\/admin\/#author","url":"https:\/\/eldigitaldeasturias.com\/magazine365\/author\/admin\/","name":"admin","image":{"@type":"ImageObject","@id":"https:\/\/eldigitaldeasturias.com\/magazine365\/la-junta-andaluza-anuncia-que-los-proximos-planes-de-accion-de-promocion-incorporaran-el-eje-de-las-grandes-capitales\/#authorImage","url":"https:\/\/eldigitaldeasturias.com\/magazine365\/wp-content\/litespeed\/avatar\/e571bcf59a0edd6fa6838245a470f2fe.jpg?ver=1776969259","width":96,"height":96,"caption":"admin"}},{"@type":"WebPage","@id":"https:\/\/eldigitaldeasturias.com\/magazine365\/la-junta-andaluza-anuncia-que-los-proximos-planes-de-accion-de-promocion-incorporaran-el-eje-de-las-grandes-capitales\/#webpage","url":"https:\/\/eldigitaldeasturias.com\/magazine365\/la-junta-andaluza-anuncia-que-los-proximos-planes-de-accion-de-promocion-incorporaran-el-eje-de-las-grandes-capitales\/","name":"La Junta andaluza anuncia que los pr\u00f3ximos planes de acci\u00f3n de promoci\u00f3n incorporar\u00e1n el eje de las grandes capitales | El Digital de Asturias","description":"El consejero de Turismo y Deporte, Francisco Javier Fern\u00e1ndez, asisti\u00f3 en Sevilla a la inauguraci\u00f3n de la 'I Jornada sobre el Eje Tur\u00edstico Sevilla-M\u00e1laga-C\u00f3rdoba-Granada. \u00c1reas de colaboraci\u00f3n P\u00fablico-Privada' y anunci\u00f3 que los pr\u00f3ximos planes anuales de promoci\u00f3n del destino Andaluc\u00eda que ejecuta su departamento incorporar\u00e1n actuaciones para difundir los productos y servicios que surjan de","inLanguage":"es-ES","isPartOf":{"@id":"https:\/\/eldigitaldeasturias.com\/magazine365\/#website"},"breadcrumb":{"@id":"https:\/\/eldigitaldeasturias.com\/magazine365\/la-junta-andaluza-anuncia-que-los-proximos-planes-de-accion-de-promocion-incorporaran-el-eje-de-las-grandes-capitales\/#breadcrumblist"},"author":{"@id":"https:\/\/eldigitaldeasturias.com\/magazine365\/author\/admin\/#author"},"creator":{"@id":"https:\/\/eldigitaldeasturias.com\/magazine365\/author\/admin\/#author"},"image":{"@type":"ImageObject","url":"https:\/\/eldigitaldeasturias.com\/magazine365\/wp-content\/uploads\/2016\/06\/fotonoticia_20160607154154_800.jpg","@id":"https:\/\/eldigitaldeasturias.com\/magazine365\/la-junta-andaluza-anuncia-que-los-proximos-planes-de-accion-de-promocion-incorporaran-el-eje-de-las-grandes-capitales\/#mainImage","width":800,"height":532},"primaryImageOfPage":{"@id":"https:\/\/eldigitaldeasturias.com\/magazine365\/la-junta-andaluza-anuncia-que-los-proximos-planes-de-accion-de-promocion-incorporaran-el-eje-de-las-grandes-capitales\/#mainImage"},"datePublished":"2016-06-08T12:17:29+02:00","dateModified":"2016-06-08T12:17:29+02:00"},{"@type":"WebSite","@id":"https:\/\/eldigitaldeasturias.com\/magazine365\/#website","url":"https:\/\/eldigitaldeasturias.com\/magazine365\/","name":"El Digital de Asturias","description":"Revista de ocio, turismo y estilo de vida","inLanguage":"es-ES","publisher":{"@id":"https:\/\/eldigitaldeasturias.com\/magazine365\/#organization"}}]},"og:locale":"es_ES","og:site_name":"El Digital de Asturias \u2013 Revista de ocio, turismo y estilo de vida","og:type":"article","og:title":"La Junta andaluza anuncia que los pr\u00f3ximos planes de acci\u00f3n de promoci\u00f3n incorporar\u00e1n el eje de las grandes capitales | El Digital de Asturias","og:description":"El consejero de Turismo y Deporte, Francisco Javier Fern\u00e1ndez, asisti\u00f3 en Sevilla a la inauguraci\u00f3n de la 'I Jornada sobre el Eje Tur\u00edstico Sevilla-M\u00e1laga-C\u00f3rdoba-Granada. \u00c1reas de colaboraci\u00f3n P\u00fablico-Privada' y anunci\u00f3 que los pr\u00f3ximos planes anuales de promoci\u00f3n del destino Andaluc\u00eda que ejecuta su departamento incorporar\u00e1n actuaciones para difundir los productos y servicios que surjan de","og:url":"https:\/\/eldigitaldeasturias.com\/magazine365\/la-junta-andaluza-anuncia-que-los-proximos-planes-de-accion-de-promocion-incorporaran-el-eje-de-las-grandes-capitales\/","og:image":"https:\/\/eldigitaldeasturias.com\/magazine365\/wp-content\/uploads\/2016\/06\/fotonoticia_20160607154154_800.jpg","og:image:secure_url":"https:\/\/eldigitaldeasturias.com\/magazine365\/wp-content\/uploads\/2016\/06\/fotonoticia_20160607154154_800.jpg","og:image:width":800,"og:image:height":532,"article:published_time":"2016-06-08T10:17:29+00:00","article:modified_time":"2016-06-08T10:17:29+00:00","twitter:card":"summary_large_image","twitter:title":"La Junta andaluza anuncia que los pr\u00f3ximos planes de acci\u00f3n de promoci\u00f3n incorporar\u00e1n el eje de las grandes capitales | El Digital de Asturias","twitter:description":"El consejero de Turismo y Deporte, Francisco Javier Fern\u00e1ndez, asisti\u00f3 en Sevilla a la inauguraci\u00f3n de la 'I Jornada sobre el Eje Tur\u00edstico Sevilla-M\u00e1laga-C\u00f3rdoba-Granada. \u00c1reas de colaboraci\u00f3n P\u00fablico-Privada' y anunci\u00f3 que los pr\u00f3ximos planes anuales de promoci\u00f3n del destino Andaluc\u00eda que ejecuta su departamento incorporar\u00e1n actuaciones para difundir los productos y servicios que surjan de","twitter:image":"https:\/\/eldigitaldeasturias.com\/magazine365\/wp-content\/uploads\/2016\/06\/fotonoticia_20160607154154_800.jpg"},"aioseo_meta_data":{"post_id":"78060","title":null,"description":null,"keywords":null,"keyphrases":null,"primary_term":null,"canonical_url":null,"og_title":null,"og_description":null,"og_object_type":"default","og_image_type":"default","og_image_url":null,"og_image_width":null,"og_image_height":null,"og_image_custom_url":null,"og_image_custom_fields":null,"og_video":null,"og_custom_url":null,"og_article_section":null,"og_article_tags":null,"twitter_use_og":false,"twitter_card":"default","twitter_image_type":"default","twitter_image_url":null,"twitter_image_custom_url":null,"twitter_image_custom_fields":null,"twitter_title":null,"twitter_description":null,"schema":{"blockGraphs":[],"customGraphs":[],"default":{"data":{"Article":[],"Course":[],"Dataset":[],"FAQPage":[],"Movie":[],"Person":[],"Product":[],"ProductReview":[],"Car":[],"Recipe":[],"Service":[],"SoftwareApplication":[],"WebPage":[]},"graphName":"","isEnabled":true},"graphs":[],"defaultGraph":"","defaultPostTypeGraph":""},"schema_type":null,"schema_type_options":null,"pillar_content":false,"robots_default":true,"robots_noindex":false,"robots_noarchive":false,"robots_nosnippet":false,"robots_nofollow":false,"robots_noimageindex":false,"robots_noodp":false,"robots_notranslate":false,"robots_max_snippet":null,"robots_max_videopreview":null,"robots_max_imagepreview":"large","priority":null,"frequency":null,"location":null,"local_seo":null,"seo_analyzer_scan_date":"2025-09-27 16:12:34","breadcrumb_settings":null,"limit_modified_date":false,"open_ai":null,"ai":null,"created":"2021-03-08 18:05:46","updated":"2025-09-27 16:12:34"},"aioseo_breadcrumb":"<div class=\"aioseo-breadcrumbs\"><span class=\"aioseo-breadcrumb\">\n\t<a href=\"https:\/\/eldigitaldeasturias.com\/magazine365\" title=\"Home\">Home<\/a>\n<\/span><span class=\"aioseo-breadcrumb-separator\">\u2013<\/span><span class=\"aioseo-breadcrumb\">\n\t<a href=\"https:\/\/eldigitaldeasturias.com\/magazine365\/category\/noticias-actualidad\/\" title=\"Noticias y Actualidad\">Noticias y Actualidad<\/a>\n<\/span><span class=\"aioseo-breadcrumb-separator\">\u2013<\/span><span class=\"aioseo-breadcrumb\">\n\t<a href=\"https:\/\/eldigitaldeasturias.com\/magazine365\/la-junta-andaluza-anuncia-que-los-proximos-planes-de-accion-de-promocion-incorporaran-el-eje-de-las-grandes-capitales\/\" title=\"La Junta andaluza anuncia que los pr\u00f3ximos planes de acci\u00f3n de promoci\u00f3n incorporar\u00e1n el eje de las grandes capitales\">La Junta andaluza anuncia que los pr\u00f3ximos planes de acci\u00f3n de promoci\u00f3n incorporar\u00e1n el eje de las grandes capitales<\/a>\n<\/span><\/div>","aioseo_breadcrumb_json":[{"label":"Home","link":"https:\/\/eldigitaldeasturias.com\/magazine365"},{"label":"Noticias y Actualidad","link":"https:\/\/eldigitaldeasturias.com\/magazine365\/category\/noticias-actualidad\/"},{"label":"La Junta andaluza anuncia que los pr\u00f3ximos planes de acci\u00f3n de promoci\u00f3n incorporar\u00e1n el eje de las grandes capitales","link":"https:\/\/eldigitaldeasturias.com\/magazine365\/la-junta-andaluza-anuncia-que-los-proximos-planes-de-accion-de-promocion-incorporaran-el-eje-de-las-grandes-capitales\/"}],"_links":{"self":[{"href":"https:\/\/eldigitaldeasturias.com\/magazine365\/wp-json\/wp\/v2\/posts\/78060","targetHints":{"allow":["GET"]}}],"collection":[{"href":"https:\/\/eldigitaldeasturias.com\/magazine365\/wp-json\/wp\/v2\/posts"}],"about":[{"href":"https:\/\/eldigitaldeasturias.com\/magazine365\/wp-json\/wp\/v2\/types\/post"}],"author":[{"embeddable":true,"href":"https:\/\/eldigitaldeasturias.com\/magazine365\/wp-json\/wp\/v2\/users\/1"}],"replies":[{"embeddable":true,"href":"https:\/\/eldigitaldeasturias.com\/magazine365\/wp-json\/wp\/v2\/comments?post=78060"}],"version-history":[{"count":0,"href":"https:\/\/eldigitaldeasturias.com\/magazine365\/wp-json\/wp\/v2\/posts\/78060\/revisions"}],"wp:featuredmedia":[{"embeddable":true,"href":"https:\/\/eldigitaldeasturias.com\/magazine365\/wp-json\/wp\/v2\/media\/78063"}],"wp:attachment":[{"href":"https:\/\/eldigitaldeasturias.com\/magazine365\/wp-json\/wp\/v2\/media?parent=78060"}],"wp:term":[{"taxonomy":"category","embeddable":true,"href":"https:\/\/eldigitaldeasturias.com\/magazine365\/wp-json\/wp\/v2\/categories?post=78060"},{"taxonomy":"post_tag","embeddable":true,"href":"https:\/\/eldigitaldeasturias.com\/magazine365\/wp-json\/wp\/v2\/tags?post=78060"}],"curies":[{"name":"wp","href":"https:\/\/api.w.org\/{rel}","templated":true}]}}