{"id":78056,"date":"2016-06-08T12:16:20","date_gmt":"2016-06-08T10:16:20","guid":{"rendered":"http:\/\/eldigitaldeasturias.com\/magazine365\/?p=78056"},"modified":"2016-06-08T12:16:20","modified_gmt":"2016-06-08T10:16:20","slug":"renfe-garantiza-el-72-de-los-trenes-ave-larga-distancia-en-los-cuatro-dias-de-huelga-de-maquinistas","status":"publish","type":"post","link":"https:\/\/eldigitaldeasturias.com\/magazine365\/renfe-garantiza-el-72-de-los-trenes-ave-larga-distancia-en-los-cuatro-dias-de-huelga-de-maquinistas\/","title":{"rendered":"Renfe garantiza el 72% de los trenes AVE Larga Distancia en los cuatro d\u00edas de huelga de maquinistas"},"content":{"rendered":"<p><img fetchpriority=\"high\" decoding=\"async\" class=\"alignleft size-medium wp-image-78057\" src=\"https:\/\/eldigitaldeasturias.com\/magazine365\/wp-content\/uploads\/2016\/06\/fotonoticia_20160607150346_800-360x243.jpg\" alt=\"fotonoticia_20160607150346_800\" width=\"360\" height=\"243\" srcset=\"https:\/\/eldigitaldeasturias.com\/magazine365\/wp-content\/uploads\/2016\/06\/fotonoticia_20160607150346_800-360x243.jpg 360w, https:\/\/eldigitaldeasturias.com\/magazine365\/wp-content\/uploads\/2016\/06\/fotonoticia_20160607150346_800-650x438.jpg 650w, https:\/\/eldigitaldeasturias.com\/magazine365\/wp-content\/uploads\/2016\/06\/fotonoticia_20160607150346_800-768x517.jpg 768w, https:\/\/eldigitaldeasturias.com\/magazine365\/wp-content\/uploads\/2016\/06\/fotonoticia_20160607150346_800-150x101.jpg 150w, https:\/\/eldigitaldeasturias.com\/magazine365\/wp-content\/uploads\/2016\/06\/fotonoticia_20160607150346_800-450x303.jpg 450w, https:\/\/eldigitaldeasturias.com\/magazine365\/wp-content\/uploads\/2016\/06\/fotonoticia_20160607150346_800.jpg 800w\" sizes=\"(max-width: 360px) 100vw, 360px\" \/>Renfe garantiza la circulaci\u00f3n del 72% de los trenes habituales de AVE y Larga Distancia durante los cuatro d\u00edas de huelga convocados en la compa\u00f1\u00eda ferroviaria por el sindicato de maquinistas Semaf, que arrancan este vienes 10 de junio, y contin\u00faan los d\u00edas 12, 14 y 16 de este mes.<\/p>\n<p>As\u00ed consta en la resoluci\u00f3n de servicios m\u00ednimos dictada por el Ministerio de Fomento ante los paros, con el fin de compatibilizar el derecho a la huelga con el derecho a la movilidad de los ciudadanos.<\/p>\n<p>En concreto, de la oferta total de 1.415 trenes AVE y Larga Distancia programados para las cuatro jornadas afectadas por la convocatoria de huelga, finalmente circular\u00e1n 1.020, lo que supondr\u00e1 la suspensi\u00f3n de 395 trenes.<\/p>\n<p>En el caso de los trenes de Media Distancia (regionales) prestar\u00e1n servicios el 65% del total de los habituales ofertados para estos d\u00edas. De los 2.172 trenes programados, se pondr\u00e1n en servicio 1.410, lo que supone la paralizaci\u00f3n de 762 trenes.<\/p>\n<p>Respecto al servicio de Cercan\u00edas que Renfe presta en varias ciudades, los servicios esenciales contemplan la circulaci\u00f3n del 50% de los programados, porcentaje que se eleva hasta el 75% durante los periodos de &#8216;hora punta&#8217; (entre 6.00 y 9.00 horas, entre las 13.30 y las 15.30 horas y entre las 18.30 y las 20.30 horas).<\/p>\n<p>Mercanc\u00edas ser\u00e1 el \u00e1rea m\u00e1s afectado por las cuatro jornadas de huelga, dado que de los 1.112 trenes programados para esos d\u00edas, s\u00f3lo realizan sus trayectos 209, el 19% del total, lo que implica la suspensi\u00f3n de 903 conexiones de carga.<\/p>\n<p>TANTO LABORABLES COMO FESTIVOS.<\/p>\n<p>En su resoluci\u00f3n de servicios m\u00ednimos, el Ministerio de Fomento destaca el hecho de que los paros afecten tanto a d\u00edas laborables como a fin de semana.<\/p>\n<p>As\u00ed, indica que los paros en d\u00edas laborables hace \u00abimprescindible\u00bb garantizar el transporte de Cercan\u00edas \u00abdurante las franjas horarias de m\u00e1xima intensidad\u00bb. \u00abSi se paralizase o restringiese este servicio, se ralentizar\u00e1n las carreteras de acceso a las ciudades y el transporte en autob\u00fas ser\u00eda incapaz de absorber todos los viajeros que acuden a su centro de trabajo en ferrocarril\u00bb, advierte el Ministerio.<\/p>\n<p>Para el caso de los paros durante los fines de semana, Fomento justifica la necesidad de servicios m\u00ednimos en el hecho que, aunque existen otros modos de transporte, \u00abno cubren todos los trayectos\u00bb, resultando \u00abafectados de forma especial las personas que no dispongan de veh\u00edculo propio\u00bb.<\/p>\n<p>El sindicato de maquinistas de Renfe, Semaf, tiene convocados estas cuatro jornadas de huelga en protesta por la demora de Renfe en poner en marcha distintas medidas acordadas con los sindicatos.<\/p>\n<p>Entre ellas figura el plan de empleo, por el que se pretende habilitar un sistema de salidas voluntarias de trabajadores de la empresa ligadas a nuevas incorporaciones. Los maquinistas tambi\u00e9n protestan por la situaci\u00f3n del negocio de transporte de mercanc\u00edas en tren y por la disminuci\u00f3n de servicios de v\u00eda estrecha heredados de la extinta Feve.<\/p>\n","protected":false},"excerpt":{"rendered":"<p>Renfe garantiza la circulaci\u00f3n del 72% de los trenes habituales de AVE y Larga Distancia durante los cuatro d\u00edas de huelga convocados en la compa\u00f1\u00eda ferroviaria por el sindicato de maquinistas Semaf, que arrancan este vienes 10 de junio, y contin\u00faan los d\u00edas 12, 14 y 16 de este mes. As\u00ed consta en la resoluci\u00f3n<\/p>\n","protected":false},"author":1,"featured_media":78057,"comment_status":"open","ping_status":"closed","sticky":false,"template":"","format":"standard","meta":{"footnotes":""},"categories":[224],"tags":[],"class_list":{"0":"post-78056","1":"post","2":"type-post","3":"status-publish","4":"format-standard","5":"has-post-thumbnail","7":"category-noticias-actualidad"},"aioseo_notices":[],"aioseo_head":"\n\t\t<!-- All in One SEO Pro 4.9.6.1 - aioseo.com -->\n\t<meta name=\"description\" content=\"Renfe garantiza la circulaci\u00f3n del 72% de los trenes habituales de AVE y Larga Distancia durante los cuatro d\u00edas de huelga convocados en la compa\u00f1\u00eda ferroviaria por el sindicato de maquinistas Semaf, que arrancan este vienes 10 de junio, y contin\u00faan los d\u00edas 12, 14 y 16 de este mes. As\u00ed consta en la resoluci\u00f3n\" \/>\n\t<meta name=\"robots\" content=\"max-image-preview:large\" \/>\n\t<meta name=\"author\" content=\"admin\"\/>\n\t<meta name=\"google-site-verification\" content=\"UA-38556648-1\" \/>\n\t<meta name=\"keywords\" content=\"noticias y actualidad\" \/>\n\t<link rel=\"canonical\" href=\"https:\/\/eldigitaldeasturias.com\/magazine365\/renfe-garantiza-el-72-de-los-trenes-ave-larga-distancia-en-los-cuatro-dias-de-huelga-de-maquinistas\/\" \/>\n\t<meta name=\"generator\" content=\"All in One SEO Pro (AIOSEO) 4.9.6.1\" \/>\n\t\t<meta property=\"og:locale\" content=\"es_ES\" \/>\n\t\t<meta property=\"og:site_name\" content=\"El Digital de Asturias \u2013 Revista de ocio, turismo y estilo de vida\" \/>\n\t\t<meta property=\"og:type\" content=\"article\" \/>\n\t\t<meta property=\"og:title\" content=\"Renfe garantiza el 72% de los trenes AVE Larga Distancia en los cuatro d\u00edas de huelga de maquinistas | El Digital de Asturias\" \/>\n\t\t<meta property=\"og:description\" content=\"Renfe garantiza la circulaci\u00f3n del 72% de los trenes habituales de AVE y Larga Distancia durante los cuatro d\u00edas de huelga convocados en la compa\u00f1\u00eda ferroviaria por el sindicato de maquinistas Semaf, que arrancan este vienes 10 de junio, y contin\u00faan los d\u00edas 12, 14 y 16 de este mes. As\u00ed consta en la resoluci\u00f3n\" \/>\n\t\t<meta property=\"og:url\" content=\"https:\/\/eldigitaldeasturias.com\/magazine365\/renfe-garantiza-el-72-de-los-trenes-ave-larga-distancia-en-los-cuatro-dias-de-huelga-de-maquinistas\/\" \/>\n\t\t<meta property=\"og:image\" content=\"https:\/\/eldigitaldeasturias.com\/magazine365\/wp-content\/uploads\/2016\/06\/fotonoticia_20160607150346_800.jpg\" \/>\n\t\t<meta property=\"og:image:secure_url\" content=\"https:\/\/eldigitaldeasturias.com\/magazine365\/wp-content\/uploads\/2016\/06\/fotonoticia_20160607150346_800.jpg\" \/>\n\t\t<meta property=\"og:image:width\" content=\"800\" \/>\n\t\t<meta property=\"og:image:height\" content=\"539\" \/>\n\t\t<meta property=\"article:published_time\" content=\"2016-06-08T10:16:20+00:00\" \/>\n\t\t<meta property=\"article:modified_time\" content=\"2016-06-08T10:16:20+00:00\" \/>\n\t\t<meta name=\"twitter:card\" content=\"summary_large_image\" \/>\n\t\t<meta name=\"twitter:title\" content=\"Renfe garantiza el 72% de los trenes AVE Larga Distancia en los cuatro d\u00edas de huelga de maquinistas | El Digital de Asturias\" \/>\n\t\t<meta name=\"twitter:description\" content=\"Renfe garantiza la circulaci\u00f3n del 72% de los trenes habituales de AVE y Larga Distancia durante los cuatro d\u00edas de huelga convocados en la compa\u00f1\u00eda ferroviaria por el sindicato de maquinistas Semaf, que arrancan este vienes 10 de junio, y contin\u00faan los d\u00edas 12, 14 y 16 de este mes. As\u00ed consta en la resoluci\u00f3n\" \/>\n\t\t<meta name=\"twitter:image\" content=\"https:\/\/eldigitaldeasturias.com\/magazine365\/wp-content\/uploads\/2016\/06\/fotonoticia_20160607150346_800.jpg\" \/>\n\t\t<script type=\"application\/ld+json\" class=\"aioseo-schema\">\n\t\t\t{\"@context\":\"https:\\\/\\\/schema.org\",\"@graph\":[{\"@type\":\"Article\",\"@id\":\"https:\\\/\\\/eldigitaldeasturias.com\\\/magazine365\\\/renfe-garantiza-el-72-de-los-trenes-ave-larga-distancia-en-los-cuatro-dias-de-huelga-de-maquinistas\\\/#article\",\"name\":\"Renfe garantiza el 72% de los trenes AVE Larga Distancia en los cuatro d\\u00edas de huelga de maquinistas | El Digital de Asturias\",\"headline\":\"Renfe garantiza el 72% de los trenes AVE Larga Distancia en los cuatro d\\u00edas de huelga de maquinistas\",\"author\":{\"@id\":\"https:\\\/\\\/eldigitaldeasturias.com\\\/magazine365\\\/author\\\/admin\\\/#author\"},\"publisher\":{\"@id\":\"https:\\\/\\\/eldigitaldeasturias.com\\\/magazine365\\\/#organization\"},\"image\":{\"@type\":\"ImageObject\",\"url\":\"https:\\\/\\\/eldigitaldeasturias.com\\\/magazine365\\\/wp-content\\\/uploads\\\/2016\\\/06\\\/fotonoticia_20160607150346_800.jpg\",\"width\":800,\"height\":539},\"datePublished\":\"2016-06-08T12:16:20+02:00\",\"dateModified\":\"2016-06-08T12:16:20+02:00\",\"inLanguage\":\"es-ES\",\"mainEntityOfPage\":{\"@id\":\"https:\\\/\\\/eldigitaldeasturias.com\\\/magazine365\\\/renfe-garantiza-el-72-de-los-trenes-ave-larga-distancia-en-los-cuatro-dias-de-huelga-de-maquinistas\\\/#webpage\"},\"isPartOf\":{\"@id\":\"https:\\\/\\\/eldigitaldeasturias.com\\\/magazine365\\\/renfe-garantiza-el-72-de-los-trenes-ave-larga-distancia-en-los-cuatro-dias-de-huelga-de-maquinistas\\\/#webpage\"},\"articleSection\":\"Noticias y Actualidad\"},{\"@type\":\"BreadcrumbList\",\"@id\":\"https:\\\/\\\/eldigitaldeasturias.com\\\/magazine365\\\/renfe-garantiza-el-72-de-los-trenes-ave-larga-distancia-en-los-cuatro-dias-de-huelga-de-maquinistas\\\/#breadcrumblist\",\"itemListElement\":[{\"@type\":\"ListItem\",\"@id\":\"https:\\\/\\\/eldigitaldeasturias.com\\\/magazine365#listItem\",\"position\":1,\"name\":\"Home\",\"item\":\"https:\\\/\\\/eldigitaldeasturias.com\\\/magazine365\",\"nextItem\":{\"@type\":\"ListItem\",\"@id\":\"https:\\\/\\\/eldigitaldeasturias.com\\\/magazine365\\\/category\\\/noticias-actualidad\\\/#listItem\",\"name\":\"Noticias y Actualidad\"}},{\"@type\":\"ListItem\",\"@id\":\"https:\\\/\\\/eldigitaldeasturias.com\\\/magazine365\\\/category\\\/noticias-actualidad\\\/#listItem\",\"position\":2,\"name\":\"Noticias y Actualidad\",\"item\":\"https:\\\/\\\/eldigitaldeasturias.com\\\/magazine365\\\/category\\\/noticias-actualidad\\\/\",\"nextItem\":{\"@type\":\"ListItem\",\"@id\":\"https:\\\/\\\/eldigitaldeasturias.com\\\/magazine365\\\/renfe-garantiza-el-72-de-los-trenes-ave-larga-distancia-en-los-cuatro-dias-de-huelga-de-maquinistas\\\/#listItem\",\"name\":\"Renfe garantiza el 72% de los trenes AVE Larga Distancia en los cuatro d\\u00edas de huelga de maquinistas\"},\"previousItem\":{\"@type\":\"ListItem\",\"@id\":\"https:\\\/\\\/eldigitaldeasturias.com\\\/magazine365#listItem\",\"name\":\"Home\"}},{\"@type\":\"ListItem\",\"@id\":\"https:\\\/\\\/eldigitaldeasturias.com\\\/magazine365\\\/renfe-garantiza-el-72-de-los-trenes-ave-larga-distancia-en-los-cuatro-dias-de-huelga-de-maquinistas\\\/#listItem\",\"position\":3,\"name\":\"Renfe garantiza el 72% de los trenes AVE Larga Distancia en los cuatro d\\u00edas de huelga de maquinistas\",\"previousItem\":{\"@type\":\"ListItem\",\"@id\":\"https:\\\/\\\/eldigitaldeasturias.com\\\/magazine365\\\/category\\\/noticias-actualidad\\\/#listItem\",\"name\":\"Noticias y Actualidad\"}}]},{\"@type\":\"Organization\",\"@id\":\"https:\\\/\\\/eldigitaldeasturias.com\\\/magazine365\\\/#organization\",\"name\":\"El digital de Asturias\",\"description\":\"Revista de ocio, turismo y estilo de vida\",\"url\":\"https:\\\/\\\/eldigitaldeasturias.com\\\/magazine365\\\/\",\"logo\":{\"@type\":\"ImageObject\",\"url\":\"https:\\\/\\\/www.eldigitaldeasturias.com\\\/noticias\\\/wp-content\\\/uploads\\\/2020\\\/12\\\/EDA.jpg\",\"@id\":\"https:\\\/\\\/eldigitaldeasturias.com\\\/magazine365\\\/renfe-garantiza-el-72-de-los-trenes-ave-larga-distancia-en-los-cuatro-dias-de-huelga-de-maquinistas\\\/#organizationLogo\"},\"image\":{\"@id\":\"https:\\\/\\\/eldigitaldeasturias.com\\\/magazine365\\\/renfe-garantiza-el-72-de-los-trenes-ave-larga-distancia-en-los-cuatro-dias-de-huelga-de-maquinistas\\\/#organizationLogo\"}},{\"@type\":\"Person\",\"@id\":\"https:\\\/\\\/eldigitaldeasturias.com\\\/magazine365\\\/author\\\/admin\\\/#author\",\"url\":\"https:\\\/\\\/eldigitaldeasturias.com\\\/magazine365\\\/author\\\/admin\\\/\",\"name\":\"admin\",\"image\":{\"@type\":\"ImageObject\",\"@id\":\"https:\\\/\\\/eldigitaldeasturias.com\\\/magazine365\\\/renfe-garantiza-el-72-de-los-trenes-ave-larga-distancia-en-los-cuatro-dias-de-huelga-de-maquinistas\\\/#authorImage\",\"url\":\"https:\\\/\\\/eldigitaldeasturias.com\\\/magazine365\\\/wp-content\\\/litespeed\\\/avatar\\\/e571bcf59a0edd6fa6838245a470f2fe.jpg?ver=1776969259\",\"width\":96,\"height\":96,\"caption\":\"admin\"}},{\"@type\":\"WebPage\",\"@id\":\"https:\\\/\\\/eldigitaldeasturias.com\\\/magazine365\\\/renfe-garantiza-el-72-de-los-trenes-ave-larga-distancia-en-los-cuatro-dias-de-huelga-de-maquinistas\\\/#webpage\",\"url\":\"https:\\\/\\\/eldigitaldeasturias.com\\\/magazine365\\\/renfe-garantiza-el-72-de-los-trenes-ave-larga-distancia-en-los-cuatro-dias-de-huelga-de-maquinistas\\\/\",\"name\":\"Renfe garantiza el 72% de los trenes AVE Larga Distancia en los cuatro d\\u00edas de huelga de maquinistas | El Digital de Asturias\",\"description\":\"Renfe garantiza la circulaci\\u00f3n del 72% de los trenes habituales de AVE y Larga Distancia durante los cuatro d\\u00edas de huelga convocados en la compa\\u00f1\\u00eda ferroviaria por el sindicato de maquinistas Semaf, que arrancan este vienes 10 de junio, y contin\\u00faan los d\\u00edas 12, 14 y 16 de este mes. As\\u00ed consta en la resoluci\\u00f3n\",\"inLanguage\":\"es-ES\",\"isPartOf\":{\"@id\":\"https:\\\/\\\/eldigitaldeasturias.com\\\/magazine365\\\/#website\"},\"breadcrumb\":{\"@id\":\"https:\\\/\\\/eldigitaldeasturias.com\\\/magazine365\\\/renfe-garantiza-el-72-de-los-trenes-ave-larga-distancia-en-los-cuatro-dias-de-huelga-de-maquinistas\\\/#breadcrumblist\"},\"author\":{\"@id\":\"https:\\\/\\\/eldigitaldeasturias.com\\\/magazine365\\\/author\\\/admin\\\/#author\"},\"creator\":{\"@id\":\"https:\\\/\\\/eldigitaldeasturias.com\\\/magazine365\\\/author\\\/admin\\\/#author\"},\"image\":{\"@type\":\"ImageObject\",\"url\":\"https:\\\/\\\/eldigitaldeasturias.com\\\/magazine365\\\/wp-content\\\/uploads\\\/2016\\\/06\\\/fotonoticia_20160607150346_800.jpg\",\"@id\":\"https:\\\/\\\/eldigitaldeasturias.com\\\/magazine365\\\/renfe-garantiza-el-72-de-los-trenes-ave-larga-distancia-en-los-cuatro-dias-de-huelga-de-maquinistas\\\/#mainImage\",\"width\":800,\"height\":539},\"primaryImageOfPage\":{\"@id\":\"https:\\\/\\\/eldigitaldeasturias.com\\\/magazine365\\\/renfe-garantiza-el-72-de-los-trenes-ave-larga-distancia-en-los-cuatro-dias-de-huelga-de-maquinistas\\\/#mainImage\"},\"datePublished\":\"2016-06-08T12:16:20+02:00\",\"dateModified\":\"2016-06-08T12:16:20+02:00\"},{\"@type\":\"WebSite\",\"@id\":\"https:\\\/\\\/eldigitaldeasturias.com\\\/magazine365\\\/#website\",\"url\":\"https:\\\/\\\/eldigitaldeasturias.com\\\/magazine365\\\/\",\"name\":\"El Digital de Asturias\",\"description\":\"Revista de ocio, turismo y estilo de vida\",\"inLanguage\":\"es-ES\",\"publisher\":{\"@id\":\"https:\\\/\\\/eldigitaldeasturias.com\\\/magazine365\\\/#organization\"}}]}\n\t\t<\/script>\n\t\t<!-- All in One SEO Pro -->\r\n\t\t<title>Renfe garantiza el 72% de los trenes AVE Larga Distancia en los cuatro d\u00edas de huelga de maquinistas | El Digital de Asturias<\/title>\n\n","aioseo_head_json":{"title":"Renfe garantiza el 72% de los trenes AVE Larga Distancia en los cuatro d\u00edas de huelga de maquinistas | El Digital de Asturias","description":"Renfe garantiza la circulaci\u00f3n del 72% de los trenes habituales de AVE y Larga Distancia durante los cuatro d\u00edas de huelga convocados en la compa\u00f1\u00eda ferroviaria por el sindicato de maquinistas Semaf, que arrancan este vienes 10 de junio, y contin\u00faan los d\u00edas 12, 14 y 16 de este mes. As\u00ed consta en la resoluci\u00f3n","canonical_url":"https:\/\/eldigitaldeasturias.com\/magazine365\/renfe-garantiza-el-72-de-los-trenes-ave-larga-distancia-en-los-cuatro-dias-de-huelga-de-maquinistas\/","robots":"max-image-preview:large","keywords":"noticias y actualidad","webmasterTools":{"google-site-verification":"UA-38556648-1","miscellaneous":""},"schema":{"@context":"https:\/\/schema.org","@graph":[{"@type":"Article","@id":"https:\/\/eldigitaldeasturias.com\/magazine365\/renfe-garantiza-el-72-de-los-trenes-ave-larga-distancia-en-los-cuatro-dias-de-huelga-de-maquinistas\/#article","name":"Renfe garantiza el 72% de los trenes AVE Larga Distancia en los cuatro d\u00edas de huelga de maquinistas | El Digital de Asturias","headline":"Renfe garantiza el 72% de los trenes AVE Larga Distancia en los cuatro d\u00edas de huelga de maquinistas","author":{"@id":"https:\/\/eldigitaldeasturias.com\/magazine365\/author\/admin\/#author"},"publisher":{"@id":"https:\/\/eldigitaldeasturias.com\/magazine365\/#organization"},"image":{"@type":"ImageObject","url":"https:\/\/eldigitaldeasturias.com\/magazine365\/wp-content\/uploads\/2016\/06\/fotonoticia_20160607150346_800.jpg","width":800,"height":539},"datePublished":"2016-06-08T12:16:20+02:00","dateModified":"2016-06-08T12:16:20+02:00","inLanguage":"es-ES","mainEntityOfPage":{"@id":"https:\/\/eldigitaldeasturias.com\/magazine365\/renfe-garantiza-el-72-de-los-trenes-ave-larga-distancia-en-los-cuatro-dias-de-huelga-de-maquinistas\/#webpage"},"isPartOf":{"@id":"https:\/\/eldigitaldeasturias.com\/magazine365\/renfe-garantiza-el-72-de-los-trenes-ave-larga-distancia-en-los-cuatro-dias-de-huelga-de-maquinistas\/#webpage"},"articleSection":"Noticias y Actualidad"},{"@type":"BreadcrumbList","@id":"https:\/\/eldigitaldeasturias.com\/magazine365\/renfe-garantiza-el-72-de-los-trenes-ave-larga-distancia-en-los-cuatro-dias-de-huelga-de-maquinistas\/#breadcrumblist","itemListElement":[{"@type":"ListItem","@id":"https:\/\/eldigitaldeasturias.com\/magazine365#listItem","position":1,"name":"Home","item":"https:\/\/eldigitaldeasturias.com\/magazine365","nextItem":{"@type":"ListItem","@id":"https:\/\/eldigitaldeasturias.com\/magazine365\/category\/noticias-actualidad\/#listItem","name":"Noticias y Actualidad"}},{"@type":"ListItem","@id":"https:\/\/eldigitaldeasturias.com\/magazine365\/category\/noticias-actualidad\/#listItem","position":2,"name":"Noticias y Actualidad","item":"https:\/\/eldigitaldeasturias.com\/magazine365\/category\/noticias-actualidad\/","nextItem":{"@type":"ListItem","@id":"https:\/\/eldigitaldeasturias.com\/magazine365\/renfe-garantiza-el-72-de-los-trenes-ave-larga-distancia-en-los-cuatro-dias-de-huelga-de-maquinistas\/#listItem","name":"Renfe garantiza el 72% de los trenes AVE Larga Distancia en los cuatro d\u00edas de huelga de maquinistas"},"previousItem":{"@type":"ListItem","@id":"https:\/\/eldigitaldeasturias.com\/magazine365#listItem","name":"Home"}},{"@type":"ListItem","@id":"https:\/\/eldigitaldeasturias.com\/magazine365\/renfe-garantiza-el-72-de-los-trenes-ave-larga-distancia-en-los-cuatro-dias-de-huelga-de-maquinistas\/#listItem","position":3,"name":"Renfe garantiza el 72% de los trenes AVE Larga Distancia en los cuatro d\u00edas de huelga de maquinistas","previousItem":{"@type":"ListItem","@id":"https:\/\/eldigitaldeasturias.com\/magazine365\/category\/noticias-actualidad\/#listItem","name":"Noticias y Actualidad"}}]},{"@type":"Organization","@id":"https:\/\/eldigitaldeasturias.com\/magazine365\/#organization","name":"El digital de Asturias","description":"Revista de ocio, turismo y estilo de vida","url":"https:\/\/eldigitaldeasturias.com\/magazine365\/","logo":{"@type":"ImageObject","url":"https:\/\/www.eldigitaldeasturias.com\/noticias\/wp-content\/uploads\/2020\/12\/EDA.jpg","@id":"https:\/\/eldigitaldeasturias.com\/magazine365\/renfe-garantiza-el-72-de-los-trenes-ave-larga-distancia-en-los-cuatro-dias-de-huelga-de-maquinistas\/#organizationLogo"},"image":{"@id":"https:\/\/eldigitaldeasturias.com\/magazine365\/renfe-garantiza-el-72-de-los-trenes-ave-larga-distancia-en-los-cuatro-dias-de-huelga-de-maquinistas\/#organizationLogo"}},{"@type":"Person","@id":"https:\/\/eldigitaldeasturias.com\/magazine365\/author\/admin\/#author","url":"https:\/\/eldigitaldeasturias.com\/magazine365\/author\/admin\/","name":"admin","image":{"@type":"ImageObject","@id":"https:\/\/eldigitaldeasturias.com\/magazine365\/renfe-garantiza-el-72-de-los-trenes-ave-larga-distancia-en-los-cuatro-dias-de-huelga-de-maquinistas\/#authorImage","url":"https:\/\/eldigitaldeasturias.com\/magazine365\/wp-content\/litespeed\/avatar\/e571bcf59a0edd6fa6838245a470f2fe.jpg?ver=1776969259","width":96,"height":96,"caption":"admin"}},{"@type":"WebPage","@id":"https:\/\/eldigitaldeasturias.com\/magazine365\/renfe-garantiza-el-72-de-los-trenes-ave-larga-distancia-en-los-cuatro-dias-de-huelga-de-maquinistas\/#webpage","url":"https:\/\/eldigitaldeasturias.com\/magazine365\/renfe-garantiza-el-72-de-los-trenes-ave-larga-distancia-en-los-cuatro-dias-de-huelga-de-maquinistas\/","name":"Renfe garantiza el 72% de los trenes AVE Larga Distancia en los cuatro d\u00edas de huelga de maquinistas | El Digital de Asturias","description":"Renfe garantiza la circulaci\u00f3n del 72% de los trenes habituales de AVE y Larga Distancia durante los cuatro d\u00edas de huelga convocados en la compa\u00f1\u00eda ferroviaria por el sindicato de maquinistas Semaf, que arrancan este vienes 10 de junio, y contin\u00faan los d\u00edas 12, 14 y 16 de este mes. As\u00ed consta en la resoluci\u00f3n","inLanguage":"es-ES","isPartOf":{"@id":"https:\/\/eldigitaldeasturias.com\/magazine365\/#website"},"breadcrumb":{"@id":"https:\/\/eldigitaldeasturias.com\/magazine365\/renfe-garantiza-el-72-de-los-trenes-ave-larga-distancia-en-los-cuatro-dias-de-huelga-de-maquinistas\/#breadcrumblist"},"author":{"@id":"https:\/\/eldigitaldeasturias.com\/magazine365\/author\/admin\/#author"},"creator":{"@id":"https:\/\/eldigitaldeasturias.com\/magazine365\/author\/admin\/#author"},"image":{"@type":"ImageObject","url":"https:\/\/eldigitaldeasturias.com\/magazine365\/wp-content\/uploads\/2016\/06\/fotonoticia_20160607150346_800.jpg","@id":"https:\/\/eldigitaldeasturias.com\/magazine365\/renfe-garantiza-el-72-de-los-trenes-ave-larga-distancia-en-los-cuatro-dias-de-huelga-de-maquinistas\/#mainImage","width":800,"height":539},"primaryImageOfPage":{"@id":"https:\/\/eldigitaldeasturias.com\/magazine365\/renfe-garantiza-el-72-de-los-trenes-ave-larga-distancia-en-los-cuatro-dias-de-huelga-de-maquinistas\/#mainImage"},"datePublished":"2016-06-08T12:16:20+02:00","dateModified":"2016-06-08T12:16:20+02:00"},{"@type":"WebSite","@id":"https:\/\/eldigitaldeasturias.com\/magazine365\/#website","url":"https:\/\/eldigitaldeasturias.com\/magazine365\/","name":"El Digital de Asturias","description":"Revista de ocio, turismo y estilo de vida","inLanguage":"es-ES","publisher":{"@id":"https:\/\/eldigitaldeasturias.com\/magazine365\/#organization"}}]},"og:locale":"es_ES","og:site_name":"El Digital de Asturias \u2013 Revista de ocio, turismo y estilo de vida","og:type":"article","og:title":"Renfe garantiza el 72% de los trenes AVE Larga Distancia en los cuatro d\u00edas de huelga de maquinistas | El Digital de Asturias","og:description":"Renfe garantiza la circulaci\u00f3n del 72% de los trenes habituales de AVE y Larga Distancia durante los cuatro d\u00edas de huelga convocados en la compa\u00f1\u00eda ferroviaria por el sindicato de maquinistas Semaf, que arrancan este vienes 10 de junio, y contin\u00faan los d\u00edas 12, 14 y 16 de este mes. As\u00ed consta en la resoluci\u00f3n","og:url":"https:\/\/eldigitaldeasturias.com\/magazine365\/renfe-garantiza-el-72-de-los-trenes-ave-larga-distancia-en-los-cuatro-dias-de-huelga-de-maquinistas\/","og:image":"https:\/\/eldigitaldeasturias.com\/magazine365\/wp-content\/uploads\/2016\/06\/fotonoticia_20160607150346_800.jpg","og:image:secure_url":"https:\/\/eldigitaldeasturias.com\/magazine365\/wp-content\/uploads\/2016\/06\/fotonoticia_20160607150346_800.jpg","og:image:width":800,"og:image:height":539,"article:published_time":"2016-06-08T10:16:20+00:00","article:modified_time":"2016-06-08T10:16:20+00:00","twitter:card":"summary_large_image","twitter:title":"Renfe garantiza el 72% de los trenes AVE Larga Distancia en los cuatro d\u00edas de huelga de maquinistas | El Digital de Asturias","twitter:description":"Renfe garantiza la circulaci\u00f3n del 72% de los trenes habituales de AVE y Larga Distancia durante los cuatro d\u00edas de huelga convocados en la compa\u00f1\u00eda ferroviaria por el sindicato de maquinistas Semaf, que arrancan este vienes 10 de junio, y contin\u00faan los d\u00edas 12, 14 y 16 de este mes. As\u00ed consta en la resoluci\u00f3n","twitter:image":"https:\/\/eldigitaldeasturias.com\/magazine365\/wp-content\/uploads\/2016\/06\/fotonoticia_20160607150346_800.jpg"},"aioseo_meta_data":{"post_id":"78056","title":null,"description":null,"keywords":null,"keyphrases":null,"primary_term":null,"canonical_url":null,"og_title":null,"og_description":null,"og_object_type":"default","og_image_type":"default","og_image_url":null,"og_image_width":null,"og_image_height":null,"og_image_custom_url":null,"og_image_custom_fields":null,"og_video":null,"og_custom_url":null,"og_article_section":null,"og_article_tags":null,"twitter_use_og":false,"twitter_card":"default","twitter_image_type":"default","twitter_image_url":null,"twitter_image_custom_url":null,"twitter_image_custom_fields":null,"twitter_title":null,"twitter_description":null,"schema":{"blockGraphs":[],"customGraphs":[],"default":{"data":{"Article":[],"Course":[],"Dataset":[],"FAQPage":[],"Movie":[],"Person":[],"Product":[],"ProductReview":[],"Car":[],"Recipe":[],"Service":[],"SoftwareApplication":[],"WebPage":[]},"graphName":"","isEnabled":true},"graphs":[],"defaultGraph":"","defaultPostTypeGraph":""},"schema_type":null,"schema_type_options":null,"pillar_content":false,"robots_default":true,"robots_noindex":false,"robots_noarchive":false,"robots_nosnippet":false,"robots_nofollow":false,"robots_noimageindex":false,"robots_noodp":false,"robots_notranslate":false,"robots_max_snippet":null,"robots_max_videopreview":null,"robots_max_imagepreview":"large","priority":null,"frequency":null,"location":null,"local_seo":null,"seo_analyzer_scan_date":"2025-09-27 16:10:15","breadcrumb_settings":null,"limit_modified_date":false,"open_ai":null,"ai":null,"created":"2021-03-08 18:05:46","updated":"2025-09-27 16:10:15"},"aioseo_breadcrumb":"<div class=\"aioseo-breadcrumbs\"><span class=\"aioseo-breadcrumb\">\n\t<a href=\"https:\/\/eldigitaldeasturias.com\/magazine365\" title=\"Home\">Home<\/a>\n<\/span><span class=\"aioseo-breadcrumb-separator\">\u2013<\/span><span class=\"aioseo-breadcrumb\">\n\t<a href=\"https:\/\/eldigitaldeasturias.com\/magazine365\/category\/noticias-actualidad\/\" title=\"Noticias y Actualidad\">Noticias y Actualidad<\/a>\n<\/span><span class=\"aioseo-breadcrumb-separator\">\u2013<\/span><span class=\"aioseo-breadcrumb\">\n\t<a href=\"https:\/\/eldigitaldeasturias.com\/magazine365\/renfe-garantiza-el-72-de-los-trenes-ave-larga-distancia-en-los-cuatro-dias-de-huelga-de-maquinistas\/\" title=\"Renfe garantiza el 72% de los trenes AVE Larga Distancia en los cuatro d\u00edas de huelga de maquinistas\">Renfe garantiza el 72% de los trenes AVE Larga Distancia en los cuatro d\u00edas de huelga de maquinistas<\/a>\n<\/span><\/div>","aioseo_breadcrumb_json":[{"label":"Home","link":"https:\/\/eldigitaldeasturias.com\/magazine365"},{"label":"Noticias y Actualidad","link":"https:\/\/eldigitaldeasturias.com\/magazine365\/category\/noticias-actualidad\/"},{"label":"Renfe garantiza el 72% de los trenes AVE Larga Distancia en los cuatro d\u00edas de huelga de maquinistas","link":"https:\/\/eldigitaldeasturias.com\/magazine365\/renfe-garantiza-el-72-de-los-trenes-ave-larga-distancia-en-los-cuatro-dias-de-huelga-de-maquinistas\/"}],"_links":{"self":[{"href":"https:\/\/eldigitaldeasturias.com\/magazine365\/wp-json\/wp\/v2\/posts\/78056","targetHints":{"allow":["GET"]}}],"collection":[{"href":"https:\/\/eldigitaldeasturias.com\/magazine365\/wp-json\/wp\/v2\/posts"}],"about":[{"href":"https:\/\/eldigitaldeasturias.com\/magazine365\/wp-json\/wp\/v2\/types\/post"}],"author":[{"embeddable":true,"href":"https:\/\/eldigitaldeasturias.com\/magazine365\/wp-json\/wp\/v2\/users\/1"}],"replies":[{"embeddable":true,"href":"https:\/\/eldigitaldeasturias.com\/magazine365\/wp-json\/wp\/v2\/comments?post=78056"}],"version-history":[{"count":0,"href":"https:\/\/eldigitaldeasturias.com\/magazine365\/wp-json\/wp\/v2\/posts\/78056\/revisions"}],"wp:featuredmedia":[{"embeddable":true,"href":"https:\/\/eldigitaldeasturias.com\/magazine365\/wp-json\/wp\/v2\/media\/78057"}],"wp:attachment":[{"href":"https:\/\/eldigitaldeasturias.com\/magazine365\/wp-json\/wp\/v2\/media?parent=78056"}],"wp:term":[{"taxonomy":"category","embeddable":true,"href":"https:\/\/eldigitaldeasturias.com\/magazine365\/wp-json\/wp\/v2\/categories?post=78056"},{"taxonomy":"post_tag","embeddable":true,"href":"https:\/\/eldigitaldeasturias.com\/magazine365\/wp-json\/wp\/v2\/tags?post=78056"}],"curies":[{"name":"wp","href":"https:\/\/api.w.org\/{rel}","templated":true}]}}