{"id":78053,"date":"2016-06-08T12:14:54","date_gmt":"2016-06-08T10:14:54","guid":{"rendered":"http:\/\/eldigitaldeasturias.com\/magazine365\/?p=78053"},"modified":"2016-06-08T12:14:54","modified_gmt":"2016-06-08T10:14:54","slug":"el-alcalde-de-sevilla-valora-el-impacto-en-imagen-de-la-visita-de-obama","status":"publish","type":"post","link":"https:\/\/eldigitaldeasturias.com\/magazine365\/el-alcalde-de-sevilla-valora-el-impacto-en-imagen-de-la-visita-de-obama\/","title":{"rendered":"El alcalde de Sevilla valora el \u00abimpacto en imagen\u00bb de la visita de Obama"},"content":{"rendered":"<p><img fetchpriority=\"high\" decoding=\"async\" class=\"alignleft size-medium wp-image-78054\" src=\"https:\/\/eldigitaldeasturias.com\/magazine365\/wp-content\/uploads\/2016\/06\/fotonoticia_20160607150340_800-360x240.jpg\" alt=\"fotonoticia_20160607150340_800\" width=\"360\" height=\"240\" srcset=\"https:\/\/eldigitaldeasturias.com\/magazine365\/wp-content\/uploads\/2016\/06\/fotonoticia_20160607150340_800-360x240.jpg 360w, https:\/\/eldigitaldeasturias.com\/magazine365\/wp-content\/uploads\/2016\/06\/fotonoticia_20160607150340_800-650x433.jpg 650w, https:\/\/eldigitaldeasturias.com\/magazine365\/wp-content\/uploads\/2016\/06\/fotonoticia_20160607150340_800-768x512.jpg 768w, https:\/\/eldigitaldeasturias.com\/magazine365\/wp-content\/uploads\/2016\/06\/fotonoticia_20160607150340_800-150x100.jpg 150w, https:\/\/eldigitaldeasturias.com\/magazine365\/wp-content\/uploads\/2016\/06\/fotonoticia_20160607150340_800-450x300.jpg 450w, https:\/\/eldigitaldeasturias.com\/magazine365\/wp-content\/uploads\/2016\/06\/fotonoticia_20160607150340_800-101x66.jpg 101w, https:\/\/eldigitaldeasturias.com\/magazine365\/wp-content\/uploads\/2016\/06\/fotonoticia_20160607150340_800.jpg 800w\" sizes=\"(max-width: 360px) 100vw, 360px\" \/>El alcalde de Sevilla, Juan Espadas, ha valorado el \u00abimpacto en t\u00e9rminos de imagen\u00bb que supondr\u00e1 para la ciudad de Sevilla la visita del presidente de Estados Unidos, Barack Obama, en el mes de julio a Espa\u00f1a, donde conocer\u00e1, entre otros sitios, la ciudad de Sevilla, para lo cual un departamento del Gobierno norteamericano ya ha encargado al Consistorio 600 gu\u00edas de la ciudad, seg\u00fan ha confirmado Espadas.<\/p>\n<p>Espadas ha indicado a los periodistas que esta visita es una \u00abmagn\u00edfica noticia\u00bb para la ciudad de Sevilla, lo cual \u00abes una alegr\u00eda para el Ayuntamiento y para todos los sevillanos, porque tiene un impacto en t\u00e9rminos de imagen muy importante\u00bb.<\/p>\n<p>\u00abEstaremos preparados para recibirle como corresponde\u00bb, ha aseverado el alcalde, quien considera que la visita de Obama en este viaje de fin de mandato \u00abes una oportunidad de proyectar la imagen de Sevilla que queremos, internacional, tur\u00edsticamente y en otros aspectos\u00bb.<\/p>\n<p>tras recordar que es el Gobierno central el que informe sobre la visita, ha insistido en que el Ayuntamiento \u00abatender\u00e1 en lo que nos requieran\u00bb y ha precisado que un departamento del Gobierno estadounidense ya ha encargado 600 gu\u00edas tur\u00edsticas de Sevilla.<\/p>\n<p>Espadas ha apuntado que durante todo el mandato del presidente Obama \u00e9sta no hab\u00eda tenido oportunidad de una visita a Sevilla, por lo que esta visita \u00abtiene una repercusi\u00f3n internacional como pa\u00eds y como ciudad\u00bb, puesto que \u00abel desarrollo que este tipo de visitas genera en los medios a nivel internacional significa poner a Sevilla en el mercado internacional y potenciar nuestra imagen, que es el objetivo y la prioridad como alcalde\u00bb.<\/p>\n<p>\u00abPara nosotros es una noticia enormemente importante, pues la visita de Obama reforzar\u00e1 el mercado estadounidense, por lo que es prioritario que \u00e9ste pueda consolidarse como el principal mercado en los pr\u00f3ximos a\u00f1os\u00bb.<\/p>\n<p>\u00abVIENE MUY BIEN A TODAS LAS CIUDADES ANDALUZAS\u00bb, DICE DE LA TORRE<\/p>\n<p>El alcalde de M\u00e1laga, Francisco de la Torre, valora que la visita de Obama a Sevilla servir\u00e1 para \u00abpotenciar el eje de las grandes ciudades\u00bb, toda vez que dicha visita \u00abviene muy bien a esta oferta conjunta de las cuatro ciudades que estamos conformando\u00bb.<\/p>\n<p>Ha recordado que al comienzo del mandato la mujer de Obama estuvo en Marbella, Ronda y Granada, de manera que, seg\u00fan destaca, \u00abel comienzo y el final del mandato de Obama ha estado acompa\u00f1ado en imagen con esta oferta, que representa un inter\u00e9s personal y tur\u00edstico de \u00e9ste hacia espacios de esta oferta conjunta que desde Andaluc\u00eda estamos conformando\u00bb.<\/p>\n<p>&nbsp;<\/p>\n","protected":false},"excerpt":{"rendered":"<p>El alcalde de Sevilla, Juan Espadas, ha valorado el \u00abimpacto en t\u00e9rminos de imagen\u00bb que supondr\u00e1 para la ciudad de Sevilla la visita del presidente de Estados Unidos, Barack Obama, en el mes de julio a Espa\u00f1a, donde conocer\u00e1, entre otros sitios, la ciudad de Sevilla, para lo cual un departamento del Gobierno norteamericano ya<\/p>\n","protected":false},"author":1,"featured_media":78054,"comment_status":"open","ping_status":"closed","sticky":false,"template":"","format":"standard","meta":{"footnotes":""},"categories":[224],"tags":[],"class_list":{"0":"post-78053","1":"post","2":"type-post","3":"status-publish","4":"format-standard","5":"has-post-thumbnail","7":"category-noticias-actualidad"},"aioseo_notices":[],"aioseo_head":"\n\t\t<!-- All in One SEO Pro 4.9.6.1 - aioseo.com -->\n\t<meta name=\"description\" content=\"El alcalde de Sevilla, Juan Espadas, ha valorado el &quot;impacto en t\u00e9rminos de imagen&quot; que supondr\u00e1 para la ciudad de Sevilla la visita del presidente de Estados Unidos, Barack Obama, en el mes de julio a Espa\u00f1a, donde conocer\u00e1, entre otros sitios, la ciudad de Sevilla, para lo cual un departamento del Gobierno norteamericano ya\" \/>\n\t<meta name=\"robots\" content=\"max-image-preview:large\" \/>\n\t<meta name=\"author\" content=\"admin\"\/>\n\t<meta name=\"google-site-verification\" content=\"UA-38556648-1\" \/>\n\t<meta name=\"keywords\" content=\"noticias y actualidad\" \/>\n\t<link rel=\"canonical\" href=\"https:\/\/eldigitaldeasturias.com\/magazine365\/el-alcalde-de-sevilla-valora-el-impacto-en-imagen-de-la-visita-de-obama\/\" \/>\n\t<meta name=\"generator\" content=\"All in One SEO Pro (AIOSEO) 4.9.6.1\" \/>\n\t\t<meta property=\"og:locale\" content=\"es_ES\" \/>\n\t\t<meta property=\"og:site_name\" content=\"El Digital de Asturias \u2013 Revista de ocio, turismo y estilo de vida\" \/>\n\t\t<meta property=\"og:type\" content=\"article\" \/>\n\t\t<meta property=\"og:title\" content=\"El alcalde de Sevilla valora el \u00abimpacto en imagen\u00bb de la visita de Obama | El Digital de Asturias\" \/>\n\t\t<meta property=\"og:description\" content=\"El alcalde de Sevilla, Juan Espadas, ha valorado el &quot;impacto en t\u00e9rminos de imagen&quot; que supondr\u00e1 para la ciudad de Sevilla la visita del presidente de Estados Unidos, Barack Obama, en el mes de julio a Espa\u00f1a, donde conocer\u00e1, entre otros sitios, la ciudad de Sevilla, para lo cual un departamento del Gobierno norteamericano ya\" \/>\n\t\t<meta property=\"og:url\" content=\"https:\/\/eldigitaldeasturias.com\/magazine365\/el-alcalde-de-sevilla-valora-el-impacto-en-imagen-de-la-visita-de-obama\/\" \/>\n\t\t<meta property=\"og:image\" content=\"https:\/\/eldigitaldeasturias.com\/magazine365\/wp-content\/uploads\/2016\/06\/fotonoticia_20160607150340_800.jpg\" \/>\n\t\t<meta property=\"og:image:secure_url\" content=\"https:\/\/eldigitaldeasturias.com\/magazine365\/wp-content\/uploads\/2016\/06\/fotonoticia_20160607150340_800.jpg\" \/>\n\t\t<meta property=\"og:image:width\" content=\"800\" \/>\n\t\t<meta property=\"og:image:height\" content=\"533\" \/>\n\t\t<meta property=\"article:published_time\" content=\"2016-06-08T10:14:54+00:00\" \/>\n\t\t<meta property=\"article:modified_time\" content=\"2016-06-08T10:14:54+00:00\" \/>\n\t\t<meta name=\"twitter:card\" content=\"summary_large_image\" \/>\n\t\t<meta name=\"twitter:title\" content=\"El alcalde de Sevilla valora el \u00abimpacto en imagen\u00bb de la visita de Obama | El Digital de Asturias\" \/>\n\t\t<meta name=\"twitter:description\" content=\"El alcalde de Sevilla, Juan Espadas, ha valorado el &quot;impacto en t\u00e9rminos de imagen&quot; que supondr\u00e1 para la ciudad de Sevilla la visita del presidente de Estados Unidos, Barack Obama, en el mes de julio a Espa\u00f1a, donde conocer\u00e1, entre otros sitios, la ciudad de Sevilla, para lo cual un departamento del Gobierno norteamericano ya\" \/>\n\t\t<meta name=\"twitter:image\" content=\"https:\/\/eldigitaldeasturias.com\/magazine365\/wp-content\/uploads\/2016\/06\/fotonoticia_20160607150340_800.jpg\" \/>\n\t\t<script type=\"application\/ld+json\" class=\"aioseo-schema\">\n\t\t\t{\"@context\":\"https:\\\/\\\/schema.org\",\"@graph\":[{\"@type\":\"Article\",\"@id\":\"https:\\\/\\\/eldigitaldeasturias.com\\\/magazine365\\\/el-alcalde-de-sevilla-valora-el-impacto-en-imagen-de-la-visita-de-obama\\\/#article\",\"name\":\"El alcalde de Sevilla valora el \\u00abimpacto en imagen\\u00bb de la visita de Obama | El Digital de Asturias\",\"headline\":\"El alcalde de Sevilla valora el \\u00abimpacto en imagen\\u00bb de la visita de Obama\",\"author\":{\"@id\":\"https:\\\/\\\/eldigitaldeasturias.com\\\/magazine365\\\/author\\\/admin\\\/#author\"},\"publisher\":{\"@id\":\"https:\\\/\\\/eldigitaldeasturias.com\\\/magazine365\\\/#organization\"},\"image\":{\"@type\":\"ImageObject\",\"url\":\"https:\\\/\\\/eldigitaldeasturias.com\\\/magazine365\\\/wp-content\\\/uploads\\\/2016\\\/06\\\/fotonoticia_20160607150340_800.jpg\",\"width\":800,\"height\":533},\"datePublished\":\"2016-06-08T12:14:54+02:00\",\"dateModified\":\"2016-06-08T12:14:54+02:00\",\"inLanguage\":\"es-ES\",\"mainEntityOfPage\":{\"@id\":\"https:\\\/\\\/eldigitaldeasturias.com\\\/magazine365\\\/el-alcalde-de-sevilla-valora-el-impacto-en-imagen-de-la-visita-de-obama\\\/#webpage\"},\"isPartOf\":{\"@id\":\"https:\\\/\\\/eldigitaldeasturias.com\\\/magazine365\\\/el-alcalde-de-sevilla-valora-el-impacto-en-imagen-de-la-visita-de-obama\\\/#webpage\"},\"articleSection\":\"Noticias y Actualidad\"},{\"@type\":\"BreadcrumbList\",\"@id\":\"https:\\\/\\\/eldigitaldeasturias.com\\\/magazine365\\\/el-alcalde-de-sevilla-valora-el-impacto-en-imagen-de-la-visita-de-obama\\\/#breadcrumblist\",\"itemListElement\":[{\"@type\":\"ListItem\",\"@id\":\"https:\\\/\\\/eldigitaldeasturias.com\\\/magazine365#listItem\",\"position\":1,\"name\":\"Home\",\"item\":\"https:\\\/\\\/eldigitaldeasturias.com\\\/magazine365\",\"nextItem\":{\"@type\":\"ListItem\",\"@id\":\"https:\\\/\\\/eldigitaldeasturias.com\\\/magazine365\\\/category\\\/noticias-actualidad\\\/#listItem\",\"name\":\"Noticias y Actualidad\"}},{\"@type\":\"ListItem\",\"@id\":\"https:\\\/\\\/eldigitaldeasturias.com\\\/magazine365\\\/category\\\/noticias-actualidad\\\/#listItem\",\"position\":2,\"name\":\"Noticias y Actualidad\",\"item\":\"https:\\\/\\\/eldigitaldeasturias.com\\\/magazine365\\\/category\\\/noticias-actualidad\\\/\",\"nextItem\":{\"@type\":\"ListItem\",\"@id\":\"https:\\\/\\\/eldigitaldeasturias.com\\\/magazine365\\\/el-alcalde-de-sevilla-valora-el-impacto-en-imagen-de-la-visita-de-obama\\\/#listItem\",\"name\":\"El alcalde de Sevilla valora el \\u00abimpacto en imagen\\u00bb de la visita de Obama\"},\"previousItem\":{\"@type\":\"ListItem\",\"@id\":\"https:\\\/\\\/eldigitaldeasturias.com\\\/magazine365#listItem\",\"name\":\"Home\"}},{\"@type\":\"ListItem\",\"@id\":\"https:\\\/\\\/eldigitaldeasturias.com\\\/magazine365\\\/el-alcalde-de-sevilla-valora-el-impacto-en-imagen-de-la-visita-de-obama\\\/#listItem\",\"position\":3,\"name\":\"El alcalde de Sevilla valora el \\u00abimpacto en imagen\\u00bb de la visita de Obama\",\"previousItem\":{\"@type\":\"ListItem\",\"@id\":\"https:\\\/\\\/eldigitaldeasturias.com\\\/magazine365\\\/category\\\/noticias-actualidad\\\/#listItem\",\"name\":\"Noticias y Actualidad\"}}]},{\"@type\":\"Organization\",\"@id\":\"https:\\\/\\\/eldigitaldeasturias.com\\\/magazine365\\\/#organization\",\"name\":\"El digital de Asturias\",\"description\":\"Revista de ocio, turismo y estilo de vida\",\"url\":\"https:\\\/\\\/eldigitaldeasturias.com\\\/magazine365\\\/\",\"logo\":{\"@type\":\"ImageObject\",\"url\":\"https:\\\/\\\/www.eldigitaldeasturias.com\\\/noticias\\\/wp-content\\\/uploads\\\/2020\\\/12\\\/EDA.jpg\",\"@id\":\"https:\\\/\\\/eldigitaldeasturias.com\\\/magazine365\\\/el-alcalde-de-sevilla-valora-el-impacto-en-imagen-de-la-visita-de-obama\\\/#organizationLogo\"},\"image\":{\"@id\":\"https:\\\/\\\/eldigitaldeasturias.com\\\/magazine365\\\/el-alcalde-de-sevilla-valora-el-impacto-en-imagen-de-la-visita-de-obama\\\/#organizationLogo\"}},{\"@type\":\"Person\",\"@id\":\"https:\\\/\\\/eldigitaldeasturias.com\\\/magazine365\\\/author\\\/admin\\\/#author\",\"url\":\"https:\\\/\\\/eldigitaldeasturias.com\\\/magazine365\\\/author\\\/admin\\\/\",\"name\":\"admin\",\"image\":{\"@type\":\"ImageObject\",\"@id\":\"https:\\\/\\\/eldigitaldeasturias.com\\\/magazine365\\\/el-alcalde-de-sevilla-valora-el-impacto-en-imagen-de-la-visita-de-obama\\\/#authorImage\",\"url\":\"https:\\\/\\\/eldigitaldeasturias.com\\\/magazine365\\\/wp-content\\\/litespeed\\\/avatar\\\/e571bcf59a0edd6fa6838245a470f2fe.jpg?ver=1776969259\",\"width\":96,\"height\":96,\"caption\":\"admin\"}},{\"@type\":\"WebPage\",\"@id\":\"https:\\\/\\\/eldigitaldeasturias.com\\\/magazine365\\\/el-alcalde-de-sevilla-valora-el-impacto-en-imagen-de-la-visita-de-obama\\\/#webpage\",\"url\":\"https:\\\/\\\/eldigitaldeasturias.com\\\/magazine365\\\/el-alcalde-de-sevilla-valora-el-impacto-en-imagen-de-la-visita-de-obama\\\/\",\"name\":\"El alcalde de Sevilla valora el \\u00abimpacto en imagen\\u00bb de la visita de Obama | El Digital de Asturias\",\"description\":\"El alcalde de Sevilla, Juan Espadas, ha valorado el \\\"impacto en t\\u00e9rminos de imagen\\\" que supondr\\u00e1 para la ciudad de Sevilla la visita del presidente de Estados Unidos, Barack Obama, en el mes de julio a Espa\\u00f1a, donde conocer\\u00e1, entre otros sitios, la ciudad de Sevilla, para lo cual un departamento del Gobierno norteamericano ya\",\"inLanguage\":\"es-ES\",\"isPartOf\":{\"@id\":\"https:\\\/\\\/eldigitaldeasturias.com\\\/magazine365\\\/#website\"},\"breadcrumb\":{\"@id\":\"https:\\\/\\\/eldigitaldeasturias.com\\\/magazine365\\\/el-alcalde-de-sevilla-valora-el-impacto-en-imagen-de-la-visita-de-obama\\\/#breadcrumblist\"},\"author\":{\"@id\":\"https:\\\/\\\/eldigitaldeasturias.com\\\/magazine365\\\/author\\\/admin\\\/#author\"},\"creator\":{\"@id\":\"https:\\\/\\\/eldigitaldeasturias.com\\\/magazine365\\\/author\\\/admin\\\/#author\"},\"image\":{\"@type\":\"ImageObject\",\"url\":\"https:\\\/\\\/eldigitaldeasturias.com\\\/magazine365\\\/wp-content\\\/uploads\\\/2016\\\/06\\\/fotonoticia_20160607150340_800.jpg\",\"@id\":\"https:\\\/\\\/eldigitaldeasturias.com\\\/magazine365\\\/el-alcalde-de-sevilla-valora-el-impacto-en-imagen-de-la-visita-de-obama\\\/#mainImage\",\"width\":800,\"height\":533},\"primaryImageOfPage\":{\"@id\":\"https:\\\/\\\/eldigitaldeasturias.com\\\/magazine365\\\/el-alcalde-de-sevilla-valora-el-impacto-en-imagen-de-la-visita-de-obama\\\/#mainImage\"},\"datePublished\":\"2016-06-08T12:14:54+02:00\",\"dateModified\":\"2016-06-08T12:14:54+02:00\"},{\"@type\":\"WebSite\",\"@id\":\"https:\\\/\\\/eldigitaldeasturias.com\\\/magazine365\\\/#website\",\"url\":\"https:\\\/\\\/eldigitaldeasturias.com\\\/magazine365\\\/\",\"name\":\"El Digital de Asturias\",\"description\":\"Revista de ocio, turismo y estilo de vida\",\"inLanguage\":\"es-ES\",\"publisher\":{\"@id\":\"https:\\\/\\\/eldigitaldeasturias.com\\\/magazine365\\\/#organization\"}}]}\n\t\t<\/script>\n\t\t<!-- All in One SEO Pro -->\r\n\t\t<title>El alcalde de Sevilla valora el \u00abimpacto en imagen\u00bb de la visita de Obama | El Digital de Asturias<\/title>\n\n","aioseo_head_json":{"title":"El alcalde de Sevilla valora el \u00abimpacto en imagen\u00bb de la visita de Obama | El Digital de Asturias","description":"El alcalde de Sevilla, Juan Espadas, ha valorado el \"impacto en t\u00e9rminos de imagen\" que supondr\u00e1 para la ciudad de Sevilla la visita del presidente de Estados Unidos, Barack Obama, en el mes de julio a Espa\u00f1a, donde conocer\u00e1, entre otros sitios, la ciudad de Sevilla, para lo cual un departamento del Gobierno norteamericano ya","canonical_url":"https:\/\/eldigitaldeasturias.com\/magazine365\/el-alcalde-de-sevilla-valora-el-impacto-en-imagen-de-la-visita-de-obama\/","robots":"max-image-preview:large","keywords":"noticias y actualidad","webmasterTools":{"google-site-verification":"UA-38556648-1","miscellaneous":""},"schema":{"@context":"https:\/\/schema.org","@graph":[{"@type":"Article","@id":"https:\/\/eldigitaldeasturias.com\/magazine365\/el-alcalde-de-sevilla-valora-el-impacto-en-imagen-de-la-visita-de-obama\/#article","name":"El alcalde de Sevilla valora el \u00abimpacto en imagen\u00bb de la visita de Obama | El Digital de Asturias","headline":"El alcalde de Sevilla valora el \u00abimpacto en imagen\u00bb de la visita de Obama","author":{"@id":"https:\/\/eldigitaldeasturias.com\/magazine365\/author\/admin\/#author"},"publisher":{"@id":"https:\/\/eldigitaldeasturias.com\/magazine365\/#organization"},"image":{"@type":"ImageObject","url":"https:\/\/eldigitaldeasturias.com\/magazine365\/wp-content\/uploads\/2016\/06\/fotonoticia_20160607150340_800.jpg","width":800,"height":533},"datePublished":"2016-06-08T12:14:54+02:00","dateModified":"2016-06-08T12:14:54+02:00","inLanguage":"es-ES","mainEntityOfPage":{"@id":"https:\/\/eldigitaldeasturias.com\/magazine365\/el-alcalde-de-sevilla-valora-el-impacto-en-imagen-de-la-visita-de-obama\/#webpage"},"isPartOf":{"@id":"https:\/\/eldigitaldeasturias.com\/magazine365\/el-alcalde-de-sevilla-valora-el-impacto-en-imagen-de-la-visita-de-obama\/#webpage"},"articleSection":"Noticias y Actualidad"},{"@type":"BreadcrumbList","@id":"https:\/\/eldigitaldeasturias.com\/magazine365\/el-alcalde-de-sevilla-valora-el-impacto-en-imagen-de-la-visita-de-obama\/#breadcrumblist","itemListElement":[{"@type":"ListItem","@id":"https:\/\/eldigitaldeasturias.com\/magazine365#listItem","position":1,"name":"Home","item":"https:\/\/eldigitaldeasturias.com\/magazine365","nextItem":{"@type":"ListItem","@id":"https:\/\/eldigitaldeasturias.com\/magazine365\/category\/noticias-actualidad\/#listItem","name":"Noticias y Actualidad"}},{"@type":"ListItem","@id":"https:\/\/eldigitaldeasturias.com\/magazine365\/category\/noticias-actualidad\/#listItem","position":2,"name":"Noticias y Actualidad","item":"https:\/\/eldigitaldeasturias.com\/magazine365\/category\/noticias-actualidad\/","nextItem":{"@type":"ListItem","@id":"https:\/\/eldigitaldeasturias.com\/magazine365\/el-alcalde-de-sevilla-valora-el-impacto-en-imagen-de-la-visita-de-obama\/#listItem","name":"El alcalde de Sevilla valora el \u00abimpacto en imagen\u00bb de la visita de Obama"},"previousItem":{"@type":"ListItem","@id":"https:\/\/eldigitaldeasturias.com\/magazine365#listItem","name":"Home"}},{"@type":"ListItem","@id":"https:\/\/eldigitaldeasturias.com\/magazine365\/el-alcalde-de-sevilla-valora-el-impacto-en-imagen-de-la-visita-de-obama\/#listItem","position":3,"name":"El alcalde de Sevilla valora el \u00abimpacto en imagen\u00bb de la visita de Obama","previousItem":{"@type":"ListItem","@id":"https:\/\/eldigitaldeasturias.com\/magazine365\/category\/noticias-actualidad\/#listItem","name":"Noticias y Actualidad"}}]},{"@type":"Organization","@id":"https:\/\/eldigitaldeasturias.com\/magazine365\/#organization","name":"El digital de Asturias","description":"Revista de ocio, turismo y estilo de vida","url":"https:\/\/eldigitaldeasturias.com\/magazine365\/","logo":{"@type":"ImageObject","url":"https:\/\/www.eldigitaldeasturias.com\/noticias\/wp-content\/uploads\/2020\/12\/EDA.jpg","@id":"https:\/\/eldigitaldeasturias.com\/magazine365\/el-alcalde-de-sevilla-valora-el-impacto-en-imagen-de-la-visita-de-obama\/#organizationLogo"},"image":{"@id":"https:\/\/eldigitaldeasturias.com\/magazine365\/el-alcalde-de-sevilla-valora-el-impacto-en-imagen-de-la-visita-de-obama\/#organizationLogo"}},{"@type":"Person","@id":"https:\/\/eldigitaldeasturias.com\/magazine365\/author\/admin\/#author","url":"https:\/\/eldigitaldeasturias.com\/magazine365\/author\/admin\/","name":"admin","image":{"@type":"ImageObject","@id":"https:\/\/eldigitaldeasturias.com\/magazine365\/el-alcalde-de-sevilla-valora-el-impacto-en-imagen-de-la-visita-de-obama\/#authorImage","url":"https:\/\/eldigitaldeasturias.com\/magazine365\/wp-content\/litespeed\/avatar\/e571bcf59a0edd6fa6838245a470f2fe.jpg?ver=1776969259","width":96,"height":96,"caption":"admin"}},{"@type":"WebPage","@id":"https:\/\/eldigitaldeasturias.com\/magazine365\/el-alcalde-de-sevilla-valora-el-impacto-en-imagen-de-la-visita-de-obama\/#webpage","url":"https:\/\/eldigitaldeasturias.com\/magazine365\/el-alcalde-de-sevilla-valora-el-impacto-en-imagen-de-la-visita-de-obama\/","name":"El alcalde de Sevilla valora el \u00abimpacto en imagen\u00bb de la visita de Obama | El Digital de Asturias","description":"El alcalde de Sevilla, Juan Espadas, ha valorado el \"impacto en t\u00e9rminos de imagen\" que supondr\u00e1 para la ciudad de Sevilla la visita del presidente de Estados Unidos, Barack Obama, en el mes de julio a Espa\u00f1a, donde conocer\u00e1, entre otros sitios, la ciudad de Sevilla, para lo cual un departamento del Gobierno norteamericano ya","inLanguage":"es-ES","isPartOf":{"@id":"https:\/\/eldigitaldeasturias.com\/magazine365\/#website"},"breadcrumb":{"@id":"https:\/\/eldigitaldeasturias.com\/magazine365\/el-alcalde-de-sevilla-valora-el-impacto-en-imagen-de-la-visita-de-obama\/#breadcrumblist"},"author":{"@id":"https:\/\/eldigitaldeasturias.com\/magazine365\/author\/admin\/#author"},"creator":{"@id":"https:\/\/eldigitaldeasturias.com\/magazine365\/author\/admin\/#author"},"image":{"@type":"ImageObject","url":"https:\/\/eldigitaldeasturias.com\/magazine365\/wp-content\/uploads\/2016\/06\/fotonoticia_20160607150340_800.jpg","@id":"https:\/\/eldigitaldeasturias.com\/magazine365\/el-alcalde-de-sevilla-valora-el-impacto-en-imagen-de-la-visita-de-obama\/#mainImage","width":800,"height":533},"primaryImageOfPage":{"@id":"https:\/\/eldigitaldeasturias.com\/magazine365\/el-alcalde-de-sevilla-valora-el-impacto-en-imagen-de-la-visita-de-obama\/#mainImage"},"datePublished":"2016-06-08T12:14:54+02:00","dateModified":"2016-06-08T12:14:54+02:00"},{"@type":"WebSite","@id":"https:\/\/eldigitaldeasturias.com\/magazine365\/#website","url":"https:\/\/eldigitaldeasturias.com\/magazine365\/","name":"El Digital de Asturias","description":"Revista de ocio, turismo y estilo de vida","inLanguage":"es-ES","publisher":{"@id":"https:\/\/eldigitaldeasturias.com\/magazine365\/#organization"}}]},"og:locale":"es_ES","og:site_name":"El Digital de Asturias \u2013 Revista de ocio, turismo y estilo de vida","og:type":"article","og:title":"El alcalde de Sevilla valora el \u00abimpacto en imagen\u00bb de la visita de Obama | El Digital de Asturias","og:description":"El alcalde de Sevilla, Juan Espadas, ha valorado el &quot;impacto en t\u00e9rminos de imagen&quot; que supondr\u00e1 para la ciudad de Sevilla la visita del presidente de Estados Unidos, Barack Obama, en el mes de julio a Espa\u00f1a, donde conocer\u00e1, entre otros sitios, la ciudad de Sevilla, para lo cual un departamento del Gobierno norteamericano ya","og:url":"https:\/\/eldigitaldeasturias.com\/magazine365\/el-alcalde-de-sevilla-valora-el-impacto-en-imagen-de-la-visita-de-obama\/","og:image":"https:\/\/eldigitaldeasturias.com\/magazine365\/wp-content\/uploads\/2016\/06\/fotonoticia_20160607150340_800.jpg","og:image:secure_url":"https:\/\/eldigitaldeasturias.com\/magazine365\/wp-content\/uploads\/2016\/06\/fotonoticia_20160607150340_800.jpg","og:image:width":800,"og:image:height":533,"article:published_time":"2016-06-08T10:14:54+00:00","article:modified_time":"2016-06-08T10:14:54+00:00","twitter:card":"summary_large_image","twitter:title":"El alcalde de Sevilla valora el \u00abimpacto en imagen\u00bb de la visita de Obama | El Digital de Asturias","twitter:description":"El alcalde de Sevilla, Juan Espadas, ha valorado el &quot;impacto en t\u00e9rminos de imagen&quot; que supondr\u00e1 para la ciudad de Sevilla la visita del presidente de Estados Unidos, Barack Obama, en el mes de julio a Espa\u00f1a, donde conocer\u00e1, entre otros sitios, la ciudad de Sevilla, para lo cual un departamento del Gobierno norteamericano ya","twitter:image":"https:\/\/eldigitaldeasturias.com\/magazine365\/wp-content\/uploads\/2016\/06\/fotonoticia_20160607150340_800.jpg"},"aioseo_meta_data":{"post_id":"78053","title":null,"description":null,"keywords":null,"keyphrases":null,"primary_term":null,"canonical_url":null,"og_title":null,"og_description":null,"og_object_type":"default","og_image_type":"default","og_image_url":null,"og_image_width":null,"og_image_height":null,"og_image_custom_url":null,"og_image_custom_fields":null,"og_video":null,"og_custom_url":null,"og_article_section":null,"og_article_tags":null,"twitter_use_og":false,"twitter_card":"default","twitter_image_type":"default","twitter_image_url":null,"twitter_image_custom_url":null,"twitter_image_custom_fields":null,"twitter_title":null,"twitter_description":null,"schema":{"blockGraphs":[],"customGraphs":[],"default":{"data":{"Article":[],"Course":[],"Dataset":[],"FAQPage":[],"Movie":[],"Person":[],"Product":[],"ProductReview":[],"Car":[],"Recipe":[],"Service":[],"SoftwareApplication":[],"WebPage":[]},"graphName":"","isEnabled":true},"graphs":[],"defaultGraph":"","defaultPostTypeGraph":""},"schema_type":null,"schema_type_options":null,"pillar_content":false,"robots_default":true,"robots_noindex":false,"robots_noarchive":false,"robots_nosnippet":false,"robots_nofollow":false,"robots_noimageindex":false,"robots_noodp":false,"robots_notranslate":false,"robots_max_snippet":null,"robots_max_videopreview":null,"robots_max_imagepreview":"large","priority":null,"frequency":null,"location":null,"local_seo":null,"seo_analyzer_scan_date":"2025-09-27 16:10:13","breadcrumb_settings":null,"limit_modified_date":false,"open_ai":null,"ai":null,"created":"2021-03-08 18:05:46","updated":"2025-09-27 16:10:13"},"aioseo_breadcrumb":"<div class=\"aioseo-breadcrumbs\"><span class=\"aioseo-breadcrumb\">\n\t<a href=\"https:\/\/eldigitaldeasturias.com\/magazine365\" title=\"Home\">Home<\/a>\n<\/span><span class=\"aioseo-breadcrumb-separator\">\u2013<\/span><span class=\"aioseo-breadcrumb\">\n\t<a href=\"https:\/\/eldigitaldeasturias.com\/magazine365\/category\/noticias-actualidad\/\" title=\"Noticias y Actualidad\">Noticias y Actualidad<\/a>\n<\/span><span class=\"aioseo-breadcrumb-separator\">\u2013<\/span><span class=\"aioseo-breadcrumb\">\n\t<a href=\"https:\/\/eldigitaldeasturias.com\/magazine365\/el-alcalde-de-sevilla-valora-el-impacto-en-imagen-de-la-visita-de-obama\/\" title=\"El alcalde de Sevilla valora el \u00abimpacto en imagen\u00bb de la visita de Obama\">El alcalde de Sevilla valora el \u00abimpacto en imagen\u00bb de la visita de Obama<\/a>\n<\/span><\/div>","aioseo_breadcrumb_json":[{"label":"Home","link":"https:\/\/eldigitaldeasturias.com\/magazine365"},{"label":"Noticias y Actualidad","link":"https:\/\/eldigitaldeasturias.com\/magazine365\/category\/noticias-actualidad\/"},{"label":"El alcalde de Sevilla valora el \u00abimpacto en imagen\u00bb de la visita de Obama","link":"https:\/\/eldigitaldeasturias.com\/magazine365\/el-alcalde-de-sevilla-valora-el-impacto-en-imagen-de-la-visita-de-obama\/"}],"_links":{"self":[{"href":"https:\/\/eldigitaldeasturias.com\/magazine365\/wp-json\/wp\/v2\/posts\/78053","targetHints":{"allow":["GET"]}}],"collection":[{"href":"https:\/\/eldigitaldeasturias.com\/magazine365\/wp-json\/wp\/v2\/posts"}],"about":[{"href":"https:\/\/eldigitaldeasturias.com\/magazine365\/wp-json\/wp\/v2\/types\/post"}],"author":[{"embeddable":true,"href":"https:\/\/eldigitaldeasturias.com\/magazine365\/wp-json\/wp\/v2\/users\/1"}],"replies":[{"embeddable":true,"href":"https:\/\/eldigitaldeasturias.com\/magazine365\/wp-json\/wp\/v2\/comments?post=78053"}],"version-history":[{"count":0,"href":"https:\/\/eldigitaldeasturias.com\/magazine365\/wp-json\/wp\/v2\/posts\/78053\/revisions"}],"wp:featuredmedia":[{"embeddable":true,"href":"https:\/\/eldigitaldeasturias.com\/magazine365\/wp-json\/wp\/v2\/media\/78054"}],"wp:attachment":[{"href":"https:\/\/eldigitaldeasturias.com\/magazine365\/wp-json\/wp\/v2\/media?parent=78053"}],"wp:term":[{"taxonomy":"category","embeddable":true,"href":"https:\/\/eldigitaldeasturias.com\/magazine365\/wp-json\/wp\/v2\/categories?post=78053"},{"taxonomy":"post_tag","embeddable":true,"href":"https:\/\/eldigitaldeasturias.com\/magazine365\/wp-json\/wp\/v2\/tags?post=78053"}],"curies":[{"name":"wp","href":"https:\/\/api.w.org\/{rel}","templated":true}]}}