{"id":78034,"date":"2016-06-08T12:05:46","date_gmt":"2016-06-08T10:05:46","guid":{"rendered":"http:\/\/eldigitaldeasturias.com\/magazine365\/?p=78034"},"modified":"2016-06-08T12:05:46","modified_gmt":"2016-06-08T10:05:46","slug":"los-hoteleros-valoran-el-escaparate-mundial-que-supone-la-visita-de-obama-para-sevilla","status":"publish","type":"post","link":"https:\/\/eldigitaldeasturias.com\/magazine365\/los-hoteleros-valoran-el-escaparate-mundial-que-supone-la-visita-de-obama-para-sevilla\/","title":{"rendered":"Los hoteleros valoran el \u00abescaparate mundial\u00bb que supone la visita de Obama para Sevilla"},"content":{"rendered":"<p><img fetchpriority=\"high\" decoding=\"async\" class=\"alignleft size-medium wp-image-78035\" src=\"https:\/\/eldigitaldeasturias.com\/magazine365\/wp-content\/uploads\/2016\/06\/fotonoticia_20160607142825_800-360x270.jpg\" alt=\"fotonoticia_20160607142825_800\" width=\"360\" height=\"270\" srcset=\"https:\/\/eldigitaldeasturias.com\/magazine365\/wp-content\/uploads\/2016\/06\/fotonoticia_20160607142825_800-360x270.jpg 360w, https:\/\/eldigitaldeasturias.com\/magazine365\/wp-content\/uploads\/2016\/06\/fotonoticia_20160607142825_800-650x488.jpg 650w, https:\/\/eldigitaldeasturias.com\/magazine365\/wp-content\/uploads\/2016\/06\/fotonoticia_20160607142825_800-768x576.jpg 768w, https:\/\/eldigitaldeasturias.com\/magazine365\/wp-content\/uploads\/2016\/06\/fotonoticia_20160607142825_800-150x113.jpg 150w, https:\/\/eldigitaldeasturias.com\/magazine365\/wp-content\/uploads\/2016\/06\/fotonoticia_20160607142825_800-450x338.jpg 450w, https:\/\/eldigitaldeasturias.com\/magazine365\/wp-content\/uploads\/2016\/06\/fotonoticia_20160607142825_800-90x67.jpg 90w, https:\/\/eldigitaldeasturias.com\/magazine365\/wp-content\/uploads\/2016\/06\/fotonoticia_20160607142825_800-164x124.jpg 164w, https:\/\/eldigitaldeasturias.com\/magazine365\/wp-content\/uploads\/2016\/06\/fotonoticia_20160607142825_800-100x75.jpg 100w, https:\/\/eldigitaldeasturias.com\/magazine365\/wp-content\/uploads\/2016\/06\/fotonoticia_20160607142825_800.jpg 800w\" sizes=\"(max-width: 360px) 100vw, 360px\" \/>El presidente de los hoteleros de Sevilla, Manuel Otero, ha valorado el \u00abescaparate mundial\u00bb que supone la visita del presidente de Estados Unidos, Barack Obama, en el mes de julio a Espa\u00f1a, donde conocer\u00e1, entre otros sitios, la ciudad de Sevilla, tendr\u00e1 una \u00abrepercusi\u00f3n mundial\u00bb y es un \u00abescaparate\u00bb que pone a Sevilla en \u00abtodas las televisiones del mundo\u00bb, tras lo que Otero cree que Obama deber\u00eda alojarse \u00abo en el Real Alc\u00e1zar o en el hotel Alfonso XIII\u00bb, aunque desconoce donde lo har\u00e1.<\/p>\n<p>En declaraciones a los periodistas, Otero ha resaltado que esta visita \u00abtendr\u00e1 una gran repercusi\u00f3n, no s\u00f3lo por los dos d\u00edas que pueda estar y porque haya m\u00e1s o menos habitaciones ocupadas en Sevilla, eso ser\u00e1 lo de menos, sino que, como ocurri\u00f3 cuando Clinton visit\u00f3 la Alhambra de granada u otras visitas de este tipo, estas cuestiones tienen una repercusi\u00f3n mundial y son un escaparte que pone a Sevilla en todas las televisiones del mundo\u00bb.<\/p>\n<p>Otero cree que Obama \u00abdebe conocer lo mismo que otro turista, llevarlo a un buen hotel y que conozca el Alc\u00e1zar o la Catedral\u00bb, tras lo que ha descartado que el calor pueda ser un problema para el presidente americano. \u00abEn Estados Unidos hay sitios donde hace bastante m\u00e1s calor que en Sevilla en cualquier \u00e9poca del a\u00f1o, por lo que estoy seguro de que no habr\u00e1 problema con eso\u00bb, ha aseverado.<\/p>\n<p>Asimismo, preguntado por d\u00f3nde se podr\u00eda alojar el mandatario estadounidense, Otero, que desconoce donde se alojar\u00e1 Obama, cree que \u00abdeber\u00eda ser el hotel Alfonso XIII o el Alc\u00e1zar\u00bb, aunque ha recordado que \u00abdepende del protocolo y de las medidas de seguridad\u00bb.<\/p>\n<p>&nbsp;<\/p>\n","protected":false},"excerpt":{"rendered":"<p>El presidente de los hoteleros de Sevilla, Manuel Otero, ha valorado el \u00abescaparate mundial\u00bb que supone la visita del presidente de Estados Unidos, Barack Obama, en el mes de julio a Espa\u00f1a, donde conocer\u00e1, entre otros sitios, la ciudad de Sevilla, tendr\u00e1 una \u00abrepercusi\u00f3n mundial\u00bb y es un \u00abescaparate\u00bb que pone a Sevilla en \u00abtodas<\/p>\n","protected":false},"author":1,"featured_media":78035,"comment_status":"open","ping_status":"closed","sticky":false,"template":"","format":"standard","meta":{"footnotes":""},"categories":[224],"tags":[],"class_list":{"0":"post-78034","1":"post","2":"type-post","3":"status-publish","4":"format-standard","5":"has-post-thumbnail","7":"category-noticias-actualidad"},"aioseo_notices":[],"aioseo_head":"\n\t\t<!-- All in One SEO Pro 4.9.6.1 - aioseo.com -->\n\t<meta name=\"description\" content=\"El presidente de los hoteleros de Sevilla, Manuel Otero, ha valorado el &quot;escaparate mundial&quot; que supone la visita del presidente de Estados Unidos, Barack Obama, en el mes de julio a Espa\u00f1a, donde conocer\u00e1, entre otros sitios, la ciudad de Sevilla, tendr\u00e1 una &quot;repercusi\u00f3n mundial&quot; y es un &quot;escaparate&quot; que pone a Sevilla en &quot;todas\" \/>\n\t<meta name=\"robots\" content=\"max-image-preview:large\" \/>\n\t<meta name=\"author\" content=\"admin\"\/>\n\t<meta name=\"google-site-verification\" content=\"UA-38556648-1\" \/>\n\t<meta name=\"keywords\" content=\"noticias y actualidad\" \/>\n\t<link rel=\"canonical\" href=\"https:\/\/eldigitaldeasturias.com\/magazine365\/los-hoteleros-valoran-el-escaparate-mundial-que-supone-la-visita-de-obama-para-sevilla\/\" \/>\n\t<meta name=\"generator\" content=\"All in One SEO Pro (AIOSEO) 4.9.6.1\" \/>\n\t\t<meta property=\"og:locale\" content=\"es_ES\" \/>\n\t\t<meta property=\"og:site_name\" content=\"El Digital de Asturias \u2013 Revista de ocio, turismo y estilo de vida\" \/>\n\t\t<meta property=\"og:type\" content=\"article\" \/>\n\t\t<meta property=\"og:title\" content=\"Los hoteleros valoran el \u00abescaparate mundial\u00bb que supone la visita de Obama para Sevilla | El Digital de Asturias\" \/>\n\t\t<meta property=\"og:description\" content=\"El presidente de los hoteleros de Sevilla, Manuel Otero, ha valorado el &quot;escaparate mundial&quot; que supone la visita del presidente de Estados Unidos, Barack Obama, en el mes de julio a Espa\u00f1a, donde conocer\u00e1, entre otros sitios, la ciudad de Sevilla, tendr\u00e1 una &quot;repercusi\u00f3n mundial&quot; y es un &quot;escaparate&quot; que pone a Sevilla en &quot;todas\" \/>\n\t\t<meta property=\"og:url\" content=\"https:\/\/eldigitaldeasturias.com\/magazine365\/los-hoteleros-valoran-el-escaparate-mundial-que-supone-la-visita-de-obama-para-sevilla\/\" \/>\n\t\t<meta property=\"og:image\" content=\"https:\/\/eldigitaldeasturias.com\/magazine365\/wp-content\/uploads\/2016\/06\/fotonoticia_20160607142825_800.jpg\" \/>\n\t\t<meta property=\"og:image:secure_url\" content=\"https:\/\/eldigitaldeasturias.com\/magazine365\/wp-content\/uploads\/2016\/06\/fotonoticia_20160607142825_800.jpg\" \/>\n\t\t<meta property=\"og:image:width\" content=\"800\" \/>\n\t\t<meta property=\"og:image:height\" content=\"600\" \/>\n\t\t<meta property=\"article:published_time\" content=\"2016-06-08T10:05:46+00:00\" \/>\n\t\t<meta property=\"article:modified_time\" content=\"2016-06-08T10:05:46+00:00\" \/>\n\t\t<meta name=\"twitter:card\" content=\"summary_large_image\" \/>\n\t\t<meta name=\"twitter:title\" content=\"Los hoteleros valoran el \u00abescaparate mundial\u00bb que supone la visita de Obama para Sevilla | El Digital de Asturias\" \/>\n\t\t<meta name=\"twitter:description\" content=\"El presidente de los hoteleros de Sevilla, Manuel Otero, ha valorado el &quot;escaparate mundial&quot; que supone la visita del presidente de Estados Unidos, Barack Obama, en el mes de julio a Espa\u00f1a, donde conocer\u00e1, entre otros sitios, la ciudad de Sevilla, tendr\u00e1 una &quot;repercusi\u00f3n mundial&quot; y es un &quot;escaparate&quot; que pone a Sevilla en &quot;todas\" \/>\n\t\t<meta name=\"twitter:image\" content=\"https:\/\/eldigitaldeasturias.com\/magazine365\/wp-content\/uploads\/2016\/06\/fotonoticia_20160607142825_800.jpg\" \/>\n\t\t<script type=\"application\/ld+json\" class=\"aioseo-schema\">\n\t\t\t{\"@context\":\"https:\\\/\\\/schema.org\",\"@graph\":[{\"@type\":\"Article\",\"@id\":\"https:\\\/\\\/eldigitaldeasturias.com\\\/magazine365\\\/los-hoteleros-valoran-el-escaparate-mundial-que-supone-la-visita-de-obama-para-sevilla\\\/#article\",\"name\":\"Los hoteleros valoran el \\u00abescaparate mundial\\u00bb que supone la visita de Obama para Sevilla | El Digital de Asturias\",\"headline\":\"Los hoteleros valoran el \\u00abescaparate mundial\\u00bb que supone la visita de Obama para Sevilla\",\"author\":{\"@id\":\"https:\\\/\\\/eldigitaldeasturias.com\\\/magazine365\\\/author\\\/admin\\\/#author\"},\"publisher\":{\"@id\":\"https:\\\/\\\/eldigitaldeasturias.com\\\/magazine365\\\/#organization\"},\"image\":{\"@type\":\"ImageObject\",\"url\":\"https:\\\/\\\/eldigitaldeasturias.com\\\/magazine365\\\/wp-content\\\/uploads\\\/2016\\\/06\\\/fotonoticia_20160607142825_800.jpg\",\"width\":800,\"height\":600},\"datePublished\":\"2016-06-08T12:05:46+02:00\",\"dateModified\":\"2016-06-08T12:05:46+02:00\",\"inLanguage\":\"es-ES\",\"mainEntityOfPage\":{\"@id\":\"https:\\\/\\\/eldigitaldeasturias.com\\\/magazine365\\\/los-hoteleros-valoran-el-escaparate-mundial-que-supone-la-visita-de-obama-para-sevilla\\\/#webpage\"},\"isPartOf\":{\"@id\":\"https:\\\/\\\/eldigitaldeasturias.com\\\/magazine365\\\/los-hoteleros-valoran-el-escaparate-mundial-que-supone-la-visita-de-obama-para-sevilla\\\/#webpage\"},\"articleSection\":\"Noticias y Actualidad\"},{\"@type\":\"BreadcrumbList\",\"@id\":\"https:\\\/\\\/eldigitaldeasturias.com\\\/magazine365\\\/los-hoteleros-valoran-el-escaparate-mundial-que-supone-la-visita-de-obama-para-sevilla\\\/#breadcrumblist\",\"itemListElement\":[{\"@type\":\"ListItem\",\"@id\":\"https:\\\/\\\/eldigitaldeasturias.com\\\/magazine365#listItem\",\"position\":1,\"name\":\"Home\",\"item\":\"https:\\\/\\\/eldigitaldeasturias.com\\\/magazine365\",\"nextItem\":{\"@type\":\"ListItem\",\"@id\":\"https:\\\/\\\/eldigitaldeasturias.com\\\/magazine365\\\/category\\\/noticias-actualidad\\\/#listItem\",\"name\":\"Noticias y Actualidad\"}},{\"@type\":\"ListItem\",\"@id\":\"https:\\\/\\\/eldigitaldeasturias.com\\\/magazine365\\\/category\\\/noticias-actualidad\\\/#listItem\",\"position\":2,\"name\":\"Noticias y Actualidad\",\"item\":\"https:\\\/\\\/eldigitaldeasturias.com\\\/magazine365\\\/category\\\/noticias-actualidad\\\/\",\"nextItem\":{\"@type\":\"ListItem\",\"@id\":\"https:\\\/\\\/eldigitaldeasturias.com\\\/magazine365\\\/los-hoteleros-valoran-el-escaparate-mundial-que-supone-la-visita-de-obama-para-sevilla\\\/#listItem\",\"name\":\"Los hoteleros valoran el \\u00abescaparate mundial\\u00bb que supone la visita de Obama para Sevilla\"},\"previousItem\":{\"@type\":\"ListItem\",\"@id\":\"https:\\\/\\\/eldigitaldeasturias.com\\\/magazine365#listItem\",\"name\":\"Home\"}},{\"@type\":\"ListItem\",\"@id\":\"https:\\\/\\\/eldigitaldeasturias.com\\\/magazine365\\\/los-hoteleros-valoran-el-escaparate-mundial-que-supone-la-visita-de-obama-para-sevilla\\\/#listItem\",\"position\":3,\"name\":\"Los hoteleros valoran el \\u00abescaparate mundial\\u00bb que supone la visita de Obama para Sevilla\",\"previousItem\":{\"@type\":\"ListItem\",\"@id\":\"https:\\\/\\\/eldigitaldeasturias.com\\\/magazine365\\\/category\\\/noticias-actualidad\\\/#listItem\",\"name\":\"Noticias y Actualidad\"}}]},{\"@type\":\"Organization\",\"@id\":\"https:\\\/\\\/eldigitaldeasturias.com\\\/magazine365\\\/#organization\",\"name\":\"El digital de Asturias\",\"description\":\"Revista de ocio, turismo y estilo de vida\",\"url\":\"https:\\\/\\\/eldigitaldeasturias.com\\\/magazine365\\\/\",\"logo\":{\"@type\":\"ImageObject\",\"url\":\"https:\\\/\\\/www.eldigitaldeasturias.com\\\/noticias\\\/wp-content\\\/uploads\\\/2020\\\/12\\\/EDA.jpg\",\"@id\":\"https:\\\/\\\/eldigitaldeasturias.com\\\/magazine365\\\/los-hoteleros-valoran-el-escaparate-mundial-que-supone-la-visita-de-obama-para-sevilla\\\/#organizationLogo\"},\"image\":{\"@id\":\"https:\\\/\\\/eldigitaldeasturias.com\\\/magazine365\\\/los-hoteleros-valoran-el-escaparate-mundial-que-supone-la-visita-de-obama-para-sevilla\\\/#organizationLogo\"}},{\"@type\":\"Person\",\"@id\":\"https:\\\/\\\/eldigitaldeasturias.com\\\/magazine365\\\/author\\\/admin\\\/#author\",\"url\":\"https:\\\/\\\/eldigitaldeasturias.com\\\/magazine365\\\/author\\\/admin\\\/\",\"name\":\"admin\",\"image\":{\"@type\":\"ImageObject\",\"@id\":\"https:\\\/\\\/eldigitaldeasturias.com\\\/magazine365\\\/los-hoteleros-valoran-el-escaparate-mundial-que-supone-la-visita-de-obama-para-sevilla\\\/#authorImage\",\"url\":\"https:\\\/\\\/eldigitaldeasturias.com\\\/magazine365\\\/wp-content\\\/litespeed\\\/avatar\\\/e571bcf59a0edd6fa6838245a470f2fe.jpg?ver=1776969259\",\"width\":96,\"height\":96,\"caption\":\"admin\"}},{\"@type\":\"WebPage\",\"@id\":\"https:\\\/\\\/eldigitaldeasturias.com\\\/magazine365\\\/los-hoteleros-valoran-el-escaparate-mundial-que-supone-la-visita-de-obama-para-sevilla\\\/#webpage\",\"url\":\"https:\\\/\\\/eldigitaldeasturias.com\\\/magazine365\\\/los-hoteleros-valoran-el-escaparate-mundial-que-supone-la-visita-de-obama-para-sevilla\\\/\",\"name\":\"Los hoteleros valoran el \\u00abescaparate mundial\\u00bb que supone la visita de Obama para Sevilla | El Digital de Asturias\",\"description\":\"El presidente de los hoteleros de Sevilla, Manuel Otero, ha valorado el \\\"escaparate mundial\\\" que supone la visita del presidente de Estados Unidos, Barack Obama, en el mes de julio a Espa\\u00f1a, donde conocer\\u00e1, entre otros sitios, la ciudad de Sevilla, tendr\\u00e1 una \\\"repercusi\\u00f3n mundial\\\" y es un \\\"escaparate\\\" que pone a Sevilla en \\\"todas\",\"inLanguage\":\"es-ES\",\"isPartOf\":{\"@id\":\"https:\\\/\\\/eldigitaldeasturias.com\\\/magazine365\\\/#website\"},\"breadcrumb\":{\"@id\":\"https:\\\/\\\/eldigitaldeasturias.com\\\/magazine365\\\/los-hoteleros-valoran-el-escaparate-mundial-que-supone-la-visita-de-obama-para-sevilla\\\/#breadcrumblist\"},\"author\":{\"@id\":\"https:\\\/\\\/eldigitaldeasturias.com\\\/magazine365\\\/author\\\/admin\\\/#author\"},\"creator\":{\"@id\":\"https:\\\/\\\/eldigitaldeasturias.com\\\/magazine365\\\/author\\\/admin\\\/#author\"},\"image\":{\"@type\":\"ImageObject\",\"url\":\"https:\\\/\\\/eldigitaldeasturias.com\\\/magazine365\\\/wp-content\\\/uploads\\\/2016\\\/06\\\/fotonoticia_20160607142825_800.jpg\",\"@id\":\"https:\\\/\\\/eldigitaldeasturias.com\\\/magazine365\\\/los-hoteleros-valoran-el-escaparate-mundial-que-supone-la-visita-de-obama-para-sevilla\\\/#mainImage\",\"width\":800,\"height\":600},\"primaryImageOfPage\":{\"@id\":\"https:\\\/\\\/eldigitaldeasturias.com\\\/magazine365\\\/los-hoteleros-valoran-el-escaparate-mundial-que-supone-la-visita-de-obama-para-sevilla\\\/#mainImage\"},\"datePublished\":\"2016-06-08T12:05:46+02:00\",\"dateModified\":\"2016-06-08T12:05:46+02:00\"},{\"@type\":\"WebSite\",\"@id\":\"https:\\\/\\\/eldigitaldeasturias.com\\\/magazine365\\\/#website\",\"url\":\"https:\\\/\\\/eldigitaldeasturias.com\\\/magazine365\\\/\",\"name\":\"El Digital de Asturias\",\"description\":\"Revista de ocio, turismo y estilo de vida\",\"inLanguage\":\"es-ES\",\"publisher\":{\"@id\":\"https:\\\/\\\/eldigitaldeasturias.com\\\/magazine365\\\/#organization\"}}]}\n\t\t<\/script>\n\t\t<!-- All in One SEO Pro -->\r\n\t\t<title>Los hoteleros valoran el \u00abescaparate mundial\u00bb que supone la visita de Obama para Sevilla | El Digital de Asturias<\/title>\n\n","aioseo_head_json":{"title":"Los hoteleros valoran el \u00abescaparate mundial\u00bb que supone la visita de Obama para Sevilla | El Digital de Asturias","description":"El presidente de los hoteleros de Sevilla, Manuel Otero, ha valorado el \"escaparate mundial\" que supone la visita del presidente de Estados Unidos, Barack Obama, en el mes de julio a Espa\u00f1a, donde conocer\u00e1, entre otros sitios, la ciudad de Sevilla, tendr\u00e1 una \"repercusi\u00f3n mundial\" y es un \"escaparate\" que pone a Sevilla en \"todas","canonical_url":"https:\/\/eldigitaldeasturias.com\/magazine365\/los-hoteleros-valoran-el-escaparate-mundial-que-supone-la-visita-de-obama-para-sevilla\/","robots":"max-image-preview:large","keywords":"noticias y actualidad","webmasterTools":{"google-site-verification":"UA-38556648-1","miscellaneous":""},"schema":{"@context":"https:\/\/schema.org","@graph":[{"@type":"Article","@id":"https:\/\/eldigitaldeasturias.com\/magazine365\/los-hoteleros-valoran-el-escaparate-mundial-que-supone-la-visita-de-obama-para-sevilla\/#article","name":"Los hoteleros valoran el \u00abescaparate mundial\u00bb que supone la visita de Obama para Sevilla | El Digital de Asturias","headline":"Los hoteleros valoran el \u00abescaparate mundial\u00bb que supone la visita de Obama para Sevilla","author":{"@id":"https:\/\/eldigitaldeasturias.com\/magazine365\/author\/admin\/#author"},"publisher":{"@id":"https:\/\/eldigitaldeasturias.com\/magazine365\/#organization"},"image":{"@type":"ImageObject","url":"https:\/\/eldigitaldeasturias.com\/magazine365\/wp-content\/uploads\/2016\/06\/fotonoticia_20160607142825_800.jpg","width":800,"height":600},"datePublished":"2016-06-08T12:05:46+02:00","dateModified":"2016-06-08T12:05:46+02:00","inLanguage":"es-ES","mainEntityOfPage":{"@id":"https:\/\/eldigitaldeasturias.com\/magazine365\/los-hoteleros-valoran-el-escaparate-mundial-que-supone-la-visita-de-obama-para-sevilla\/#webpage"},"isPartOf":{"@id":"https:\/\/eldigitaldeasturias.com\/magazine365\/los-hoteleros-valoran-el-escaparate-mundial-que-supone-la-visita-de-obama-para-sevilla\/#webpage"},"articleSection":"Noticias y Actualidad"},{"@type":"BreadcrumbList","@id":"https:\/\/eldigitaldeasturias.com\/magazine365\/los-hoteleros-valoran-el-escaparate-mundial-que-supone-la-visita-de-obama-para-sevilla\/#breadcrumblist","itemListElement":[{"@type":"ListItem","@id":"https:\/\/eldigitaldeasturias.com\/magazine365#listItem","position":1,"name":"Home","item":"https:\/\/eldigitaldeasturias.com\/magazine365","nextItem":{"@type":"ListItem","@id":"https:\/\/eldigitaldeasturias.com\/magazine365\/category\/noticias-actualidad\/#listItem","name":"Noticias y Actualidad"}},{"@type":"ListItem","@id":"https:\/\/eldigitaldeasturias.com\/magazine365\/category\/noticias-actualidad\/#listItem","position":2,"name":"Noticias y Actualidad","item":"https:\/\/eldigitaldeasturias.com\/magazine365\/category\/noticias-actualidad\/","nextItem":{"@type":"ListItem","@id":"https:\/\/eldigitaldeasturias.com\/magazine365\/los-hoteleros-valoran-el-escaparate-mundial-que-supone-la-visita-de-obama-para-sevilla\/#listItem","name":"Los hoteleros valoran el \u00abescaparate mundial\u00bb que supone la visita de Obama para Sevilla"},"previousItem":{"@type":"ListItem","@id":"https:\/\/eldigitaldeasturias.com\/magazine365#listItem","name":"Home"}},{"@type":"ListItem","@id":"https:\/\/eldigitaldeasturias.com\/magazine365\/los-hoteleros-valoran-el-escaparate-mundial-que-supone-la-visita-de-obama-para-sevilla\/#listItem","position":3,"name":"Los hoteleros valoran el \u00abescaparate mundial\u00bb que supone la visita de Obama para Sevilla","previousItem":{"@type":"ListItem","@id":"https:\/\/eldigitaldeasturias.com\/magazine365\/category\/noticias-actualidad\/#listItem","name":"Noticias y Actualidad"}}]},{"@type":"Organization","@id":"https:\/\/eldigitaldeasturias.com\/magazine365\/#organization","name":"El digital de Asturias","description":"Revista de ocio, turismo y estilo de vida","url":"https:\/\/eldigitaldeasturias.com\/magazine365\/","logo":{"@type":"ImageObject","url":"https:\/\/www.eldigitaldeasturias.com\/noticias\/wp-content\/uploads\/2020\/12\/EDA.jpg","@id":"https:\/\/eldigitaldeasturias.com\/magazine365\/los-hoteleros-valoran-el-escaparate-mundial-que-supone-la-visita-de-obama-para-sevilla\/#organizationLogo"},"image":{"@id":"https:\/\/eldigitaldeasturias.com\/magazine365\/los-hoteleros-valoran-el-escaparate-mundial-que-supone-la-visita-de-obama-para-sevilla\/#organizationLogo"}},{"@type":"Person","@id":"https:\/\/eldigitaldeasturias.com\/magazine365\/author\/admin\/#author","url":"https:\/\/eldigitaldeasturias.com\/magazine365\/author\/admin\/","name":"admin","image":{"@type":"ImageObject","@id":"https:\/\/eldigitaldeasturias.com\/magazine365\/los-hoteleros-valoran-el-escaparate-mundial-que-supone-la-visita-de-obama-para-sevilla\/#authorImage","url":"https:\/\/eldigitaldeasturias.com\/magazine365\/wp-content\/litespeed\/avatar\/e571bcf59a0edd6fa6838245a470f2fe.jpg?ver=1776969259","width":96,"height":96,"caption":"admin"}},{"@type":"WebPage","@id":"https:\/\/eldigitaldeasturias.com\/magazine365\/los-hoteleros-valoran-el-escaparate-mundial-que-supone-la-visita-de-obama-para-sevilla\/#webpage","url":"https:\/\/eldigitaldeasturias.com\/magazine365\/los-hoteleros-valoran-el-escaparate-mundial-que-supone-la-visita-de-obama-para-sevilla\/","name":"Los hoteleros valoran el \u00abescaparate mundial\u00bb que supone la visita de Obama para Sevilla | El Digital de Asturias","description":"El presidente de los hoteleros de Sevilla, Manuel Otero, ha valorado el \"escaparate mundial\" que supone la visita del presidente de Estados Unidos, Barack Obama, en el mes de julio a Espa\u00f1a, donde conocer\u00e1, entre otros sitios, la ciudad de Sevilla, tendr\u00e1 una \"repercusi\u00f3n mundial\" y es un \"escaparate\" que pone a Sevilla en \"todas","inLanguage":"es-ES","isPartOf":{"@id":"https:\/\/eldigitaldeasturias.com\/magazine365\/#website"},"breadcrumb":{"@id":"https:\/\/eldigitaldeasturias.com\/magazine365\/los-hoteleros-valoran-el-escaparate-mundial-que-supone-la-visita-de-obama-para-sevilla\/#breadcrumblist"},"author":{"@id":"https:\/\/eldigitaldeasturias.com\/magazine365\/author\/admin\/#author"},"creator":{"@id":"https:\/\/eldigitaldeasturias.com\/magazine365\/author\/admin\/#author"},"image":{"@type":"ImageObject","url":"https:\/\/eldigitaldeasturias.com\/magazine365\/wp-content\/uploads\/2016\/06\/fotonoticia_20160607142825_800.jpg","@id":"https:\/\/eldigitaldeasturias.com\/magazine365\/los-hoteleros-valoran-el-escaparate-mundial-que-supone-la-visita-de-obama-para-sevilla\/#mainImage","width":800,"height":600},"primaryImageOfPage":{"@id":"https:\/\/eldigitaldeasturias.com\/magazine365\/los-hoteleros-valoran-el-escaparate-mundial-que-supone-la-visita-de-obama-para-sevilla\/#mainImage"},"datePublished":"2016-06-08T12:05:46+02:00","dateModified":"2016-06-08T12:05:46+02:00"},{"@type":"WebSite","@id":"https:\/\/eldigitaldeasturias.com\/magazine365\/#website","url":"https:\/\/eldigitaldeasturias.com\/magazine365\/","name":"El Digital de Asturias","description":"Revista de ocio, turismo y estilo de vida","inLanguage":"es-ES","publisher":{"@id":"https:\/\/eldigitaldeasturias.com\/magazine365\/#organization"}}]},"og:locale":"es_ES","og:site_name":"El Digital de Asturias \u2013 Revista de ocio, turismo y estilo de vida","og:type":"article","og:title":"Los hoteleros valoran el \u00abescaparate mundial\u00bb que supone la visita de Obama para Sevilla | El Digital de Asturias","og:description":"El presidente de los hoteleros de Sevilla, Manuel Otero, ha valorado el &quot;escaparate mundial&quot; que supone la visita del presidente de Estados Unidos, Barack Obama, en el mes de julio a Espa\u00f1a, donde conocer\u00e1, entre otros sitios, la ciudad de Sevilla, tendr\u00e1 una &quot;repercusi\u00f3n mundial&quot; y es un &quot;escaparate&quot; que pone a Sevilla en &quot;todas","og:url":"https:\/\/eldigitaldeasturias.com\/magazine365\/los-hoteleros-valoran-el-escaparate-mundial-que-supone-la-visita-de-obama-para-sevilla\/","og:image":"https:\/\/eldigitaldeasturias.com\/magazine365\/wp-content\/uploads\/2016\/06\/fotonoticia_20160607142825_800.jpg","og:image:secure_url":"https:\/\/eldigitaldeasturias.com\/magazine365\/wp-content\/uploads\/2016\/06\/fotonoticia_20160607142825_800.jpg","og:image:width":800,"og:image:height":600,"article:published_time":"2016-06-08T10:05:46+00:00","article:modified_time":"2016-06-08T10:05:46+00:00","twitter:card":"summary_large_image","twitter:title":"Los hoteleros valoran el \u00abescaparate mundial\u00bb que supone la visita de Obama para Sevilla | El Digital de Asturias","twitter:description":"El presidente de los hoteleros de Sevilla, Manuel Otero, ha valorado el &quot;escaparate mundial&quot; que supone la visita del presidente de Estados Unidos, Barack Obama, en el mes de julio a Espa\u00f1a, donde conocer\u00e1, entre otros sitios, la ciudad de Sevilla, tendr\u00e1 una &quot;repercusi\u00f3n mundial&quot; y es un &quot;escaparate&quot; que pone a Sevilla en &quot;todas","twitter:image":"https:\/\/eldigitaldeasturias.com\/magazine365\/wp-content\/uploads\/2016\/06\/fotonoticia_20160607142825_800.jpg"},"aioseo_meta_data":{"post_id":"78034","title":null,"description":null,"keywords":null,"keyphrases":null,"primary_term":null,"canonical_url":null,"og_title":null,"og_description":null,"og_object_type":"default","og_image_type":"default","og_image_url":null,"og_image_width":null,"og_image_height":null,"og_image_custom_url":null,"og_image_custom_fields":null,"og_video":null,"og_custom_url":null,"og_article_section":null,"og_article_tags":null,"twitter_use_og":false,"twitter_card":"default","twitter_image_type":"default","twitter_image_url":null,"twitter_image_custom_url":null,"twitter_image_custom_fields":null,"twitter_title":null,"twitter_description":null,"schema":{"blockGraphs":[],"customGraphs":[],"default":{"data":{"Article":[],"Course":[],"Dataset":[],"FAQPage":[],"Movie":[],"Person":[],"Product":[],"ProductReview":[],"Car":[],"Recipe":[],"Service":[],"SoftwareApplication":[],"WebPage":[]},"graphName":"","isEnabled":true},"graphs":[],"defaultGraph":"","defaultPostTypeGraph":""},"schema_type":null,"schema_type_options":null,"pillar_content":false,"robots_default":true,"robots_noindex":false,"robots_noarchive":false,"robots_nosnippet":false,"robots_nofollow":false,"robots_noimageindex":false,"robots_noodp":false,"robots_notranslate":false,"robots_max_snippet":null,"robots_max_videopreview":null,"robots_max_imagepreview":"large","priority":null,"frequency":null,"location":null,"local_seo":null,"seo_analyzer_scan_date":"2025-09-27 16:08:17","breadcrumb_settings":null,"limit_modified_date":false,"open_ai":null,"ai":null,"created":"2021-03-08 18:05:46","updated":"2025-09-27 16:08:17"},"aioseo_breadcrumb":"<div class=\"aioseo-breadcrumbs\"><span class=\"aioseo-breadcrumb\">\n\t<a href=\"https:\/\/eldigitaldeasturias.com\/magazine365\" title=\"Home\">Home<\/a>\n<\/span><span class=\"aioseo-breadcrumb-separator\">\u2013<\/span><span class=\"aioseo-breadcrumb\">\n\t<a href=\"https:\/\/eldigitaldeasturias.com\/magazine365\/category\/noticias-actualidad\/\" title=\"Noticias y Actualidad\">Noticias y Actualidad<\/a>\n<\/span><span class=\"aioseo-breadcrumb-separator\">\u2013<\/span><span class=\"aioseo-breadcrumb\">\n\t<a href=\"https:\/\/eldigitaldeasturias.com\/magazine365\/los-hoteleros-valoran-el-escaparate-mundial-que-supone-la-visita-de-obama-para-sevilla\/\" title=\"Los hoteleros valoran el \u00abescaparate mundial\u00bb que supone la visita de Obama para Sevilla\">Los hoteleros valoran el \u00abescaparate mundial\u00bb que supone la visita de Obama para Sevilla<\/a>\n<\/span><\/div>","aioseo_breadcrumb_json":[{"label":"Home","link":"https:\/\/eldigitaldeasturias.com\/magazine365"},{"label":"Noticias y Actualidad","link":"https:\/\/eldigitaldeasturias.com\/magazine365\/category\/noticias-actualidad\/"},{"label":"Los hoteleros valoran el \u00abescaparate mundial\u00bb que supone la visita de Obama para Sevilla","link":"https:\/\/eldigitaldeasturias.com\/magazine365\/los-hoteleros-valoran-el-escaparate-mundial-que-supone-la-visita-de-obama-para-sevilla\/"}],"_links":{"self":[{"href":"https:\/\/eldigitaldeasturias.com\/magazine365\/wp-json\/wp\/v2\/posts\/78034","targetHints":{"allow":["GET"]}}],"collection":[{"href":"https:\/\/eldigitaldeasturias.com\/magazine365\/wp-json\/wp\/v2\/posts"}],"about":[{"href":"https:\/\/eldigitaldeasturias.com\/magazine365\/wp-json\/wp\/v2\/types\/post"}],"author":[{"embeddable":true,"href":"https:\/\/eldigitaldeasturias.com\/magazine365\/wp-json\/wp\/v2\/users\/1"}],"replies":[{"embeddable":true,"href":"https:\/\/eldigitaldeasturias.com\/magazine365\/wp-json\/wp\/v2\/comments?post=78034"}],"version-history":[{"count":0,"href":"https:\/\/eldigitaldeasturias.com\/magazine365\/wp-json\/wp\/v2\/posts\/78034\/revisions"}],"wp:featuredmedia":[{"embeddable":true,"href":"https:\/\/eldigitaldeasturias.com\/magazine365\/wp-json\/wp\/v2\/media\/78035"}],"wp:attachment":[{"href":"https:\/\/eldigitaldeasturias.com\/magazine365\/wp-json\/wp\/v2\/media?parent=78034"}],"wp:term":[{"taxonomy":"category","embeddable":true,"href":"https:\/\/eldigitaldeasturias.com\/magazine365\/wp-json\/wp\/v2\/categories?post=78034"},{"taxonomy":"post_tag","embeddable":true,"href":"https:\/\/eldigitaldeasturias.com\/magazine365\/wp-json\/wp\/v2\/tags?post=78034"}],"curies":[{"name":"wp","href":"https:\/\/api.w.org\/{rel}","templated":true}]}}