{"id":78031,"date":"2016-06-08T12:04:09","date_gmt":"2016-06-08T10:04:09","guid":{"rendered":"http:\/\/eldigitaldeasturias.com\/magazine365\/?p=78031"},"modified":"2016-06-08T12:04:09","modified_gmt":"2016-06-08T10:04:09","slug":"aena-sacara-a-concurso-28-espacios-comerciales-en-madrid-barajas","status":"publish","type":"post","link":"https:\/\/eldigitaldeasturias.com\/magazine365\/aena-sacara-a-concurso-28-espacios-comerciales-en-madrid-barajas\/","title":{"rendered":"Aena sacar\u00e1 a concurso 28 espacios comerciales en Madrid-Barajas"},"content":{"rendered":"<p><img fetchpriority=\"high\" decoding=\"async\" class=\"alignleft size-medium wp-image-78032\" src=\"https:\/\/eldigitaldeasturias.com\/magazine365\/wp-content\/uploads\/2016\/06\/fotonoticia_20160607142642_800-360x270.jpg\" alt=\"fotonoticia_20160607142642_800\" width=\"360\" height=\"270\" srcset=\"https:\/\/eldigitaldeasturias.com\/magazine365\/wp-content\/uploads\/2016\/06\/fotonoticia_20160607142642_800-360x270.jpg 360w, https:\/\/eldigitaldeasturias.com\/magazine365\/wp-content\/uploads\/2016\/06\/fotonoticia_20160607142642_800-650x488.jpg 650w, https:\/\/eldigitaldeasturias.com\/magazine365\/wp-content\/uploads\/2016\/06\/fotonoticia_20160607142642_800-768x577.jpg 768w, https:\/\/eldigitaldeasturias.com\/magazine365\/wp-content\/uploads\/2016\/06\/fotonoticia_20160607142642_800-150x113.jpg 150w, https:\/\/eldigitaldeasturias.com\/magazine365\/wp-content\/uploads\/2016\/06\/fotonoticia_20160607142642_800-450x338.jpg 450w, https:\/\/eldigitaldeasturias.com\/magazine365\/wp-content\/uploads\/2016\/06\/fotonoticia_20160607142642_800-90x67.jpg 90w, https:\/\/eldigitaldeasturias.com\/magazine365\/wp-content\/uploads\/2016\/06\/fotonoticia_20160607142642_800-164x124.jpg 164w, https:\/\/eldigitaldeasturias.com\/magazine365\/wp-content\/uploads\/2016\/06\/fotonoticia_20160607142642_800-100x75.jpg 100w, https:\/\/eldigitaldeasturias.com\/magazine365\/wp-content\/uploads\/2016\/06\/fotonoticia_20160607142642_800.jpg 800w\" sizes=\"(max-width: 360px) 100vw, 360px\" \/>Aena sacar\u00e1 a concurso a lo largo de este a\u00f1o un total de 28 espacios comerciales repartidos entre las Terminales 1, 2 y 3 del aeropuerto Adolfo Su\u00e1rez Madrid-Barajas, con una superficie total de 3.300 metros cuadrados, con los que el gestor aeroportuario conf\u00eda en revitalizar una de las zonas comerciales m\u00e1s importantes del aeropuerto.<\/p>\n<p>La licitaci\u00f3n mediante concurso p\u00fablico se realizar\u00e1 en dos fases. Una que comenzar\u00e1 a finales de este mes de junio, con entrega de locales a finales de noviembre, y una segunda fase que tiene como previsi\u00f3n iniciar su licitaci\u00f3n despu\u00e9s del verano para entregar los locales a mediados de febrero del pr\u00f3ximo a\u00f1o.<\/p>\n<p>Durante la presentaci\u00f3n realizar\u00e1 hoy a los operadores, el director de servicios comerciales de Aena, Jos\u00e9 Manuel Fern\u00e1ndez Bosch, indic\u00f3 que se trata de un proyecto que tiene como objetivo \u00abatraer a las principales marcas mundiales, mejorar la experiencia de los pasajeros, y hacer un entorno comercial m\u00e1s atractivo para los viajeros\u00bb.<\/p>\n<p>Esta licitaci\u00f3n de la que no se han cifrado los ingresos previstos con ella, ni la facturaci\u00f3n estimada ofrecer\u00e1 3.300 metros cuadrados para los 22 millones de pasajeros que cada a\u00f1o pasa por las terminales T1-T2-T3 del aeropuerto madrile\u00f1o, el principal de la red de Aena.<\/p>\n<p>La duraci\u00f3n de los contratos ser\u00e1 hasta el 31 de octubre de 2020, con una renta m\u00ednima asegurada anual y una renta variable sobre las ventas, seg\u00fan las condiciones anunciadas.<\/p>\n<p>Las principales marcas ya han solicitado informaci\u00f3n sobre estos locales que van desde los m\u00e1s peque\u00f1os, de unos 20 metros cuadrados, hasta el m\u00e1s grande que es de 259 metros cuadrados. En la T1 hay disponibles un total de 1.693 metros cuadrados, 811 m2 en la T2 y otros 291 m2 en la T3 (restauraci\u00f3n no incluida).<\/p>\n<p>Esta nuevas licitaciones se enmarcan dentro del plan global de transformaci\u00f3n de la oferta comercial del aeropuerto Adolfo Su\u00e1rez Madrid-Barajas, que pretende mejorar el servicio al pasajero con una mayor variedad y calidad de la oferta comercial.<\/p>\n<p>CALENDARIO DE LA LICITACI\u00d3N.<\/p>\n<p>Seg\u00fan la informaci\u00f3n ofrecida por Aena, la publicaci\u00f3n de los pliegos de la primera fase se realizar\u00e1 a finales de junio para que las presentaci\u00f3n de ofertas por parte de las empresas se realicen a finales de julio.<\/p>\n<p>La valoraci\u00f3n t\u00e9cnica y la apertura econ\u00f3mica se realizar\u00e1 a primeros de septiembre con el objetivo de que la adjudicaci\u00f3n se realice a finales de ese mismo mes. La firma de contratos se realizar\u00e1 a finales de octubre y la entrega de locales a finales de noviembre.<\/p>\n<p>En el caso de la segunda fase, la publicaci\u00f3n de pliegos se realizar\u00e1 a mediados de septiembre, la presentaci\u00f3n de ofertas a mediados de octubre y la valoraci\u00f3n t\u00e9cnica a mediados de noviembre para finalizar con la apertura econ\u00f3mica a finales de noviembre. La adjudicaci\u00f3n est\u00e1 prevista para mediados de diciembre, la firma de contratos a mediados de enero y la entrega de locales a mediados de febrero.<\/p>\n<p>\u00abNosotros realizamos una valoraci\u00f3n t\u00e9cnica estricta en cuanto a calidad de oferta, el producto, la marca, el concepto de tienda. Y despu\u00e9s elegimos la mejor oferta econ\u00f3mica en cada uno de los locales dentro de esa oferta t\u00e9cnica que ha pasado la primera criba\u00bb, explic\u00f3 el directivo en declaraciones a la prensa.<\/p>\n<p>SE MULTIPLICAR\u00c1N POR CINCO LOS PASAJEROS ASI\u00c1TICOS.<\/p>\n<p>En su exposici\u00f3n a las empresas interesadas, procedentes de todas partes del mundo, Fern\u00e1ndez Bosch realiz\u00f3 una exposici\u00f3n del perfil de pasajero de estas terminales, as\u00ed como de los \u00faltimos datos de tr\u00e1ficos registrados en el aeropuerto madrile\u00f1o.<\/p>\n<p>Actualmente, estas terminales cuentan con un 57% de pasajero nacional frente a un 43% de extranjero, que en la mayor\u00eda de los casos (52%) visita Espa\u00f1a por turismo, con un perfil medio de 35 a\u00f1os de edad. Se quedan en Espa\u00f1a entre 2 y 7 d\u00edas de media.<\/p>\n<p>Fern\u00e1ndez Bosch destac\u00f3 la importancia del &#8216;hub&#8217; que supone el aeropuerto de Madrid, l\u00edder europeo de conectividad con Latinoam\u00e9rica, destacando que se encuentra en el Top 10 de destinos europeos (46,8 millones de pasajeros en 2015), con una media de 1.000 operaciones diarias ofrecidas por 75 aerol\u00edneas que vuelan a m\u00e1s de 187 destinos.<\/p>\n<p>Adem\u00e1s, destac\u00f3 el crecimiento registrado en los \u00faltimos a\u00f1os de compa\u00f1\u00edas como Iberia o Air Europa \u00abque est\u00e1n creciendo de forma sana e importante\u00bb, as\u00ed como de otras compa\u00f1\u00edas como Norwegian o Ryanair.<\/p>\n<p>ADAPTACI\u00d3N AL TURISTA ASI\u00c1TICO PARA CRECER EN CANTIDAD Y CALIDAD.<\/p>\n<p>\u00abLa apertura de rutas a pa\u00edses asi\u00e1ticos permitir\u00e1 que este tr\u00e1fico crezca, tanto en calidad como en cantidad\u00bb, explic\u00f3 el directivo, quien asegur\u00f3 que se multiplicar\u00e1 por cinco el n\u00famero de pasajeros asi\u00e1ticos con las nuevas rutas previstas para este a\u00f1o.<\/p>\n<p>En este punto confirm\u00f3 que se est\u00e1n trabajando en \u00abpeque\u00f1as adaptaciones\u00bb para este nuevo turista asi\u00e1tico que llega a Madrid, tanto en restauraci\u00f3n como en las tiendas de moda para ofrecerles un mejor servicio m\u00e1s adaptado a sus gustos.<\/p>\n<p>Desde Aena se espera que estas nuevas licitaciones supongan una gran renovaci\u00f3n en las marcas con la entrada de nuevos operadores que revitalizar\u00e1n la oferta y que se sumar\u00e1n a las marcas \u00abpotentes ya existentes\u00bb.<\/p>\n","protected":false},"excerpt":{"rendered":"<p>Aena sacar\u00e1 a concurso a lo largo de este a\u00f1o un total de 28 espacios comerciales repartidos entre las Terminales 1, 2 y 3 del aeropuerto Adolfo Su\u00e1rez Madrid-Barajas, con una superficie total de 3.300 metros cuadrados, con los que el gestor aeroportuario conf\u00eda en revitalizar una de las zonas comerciales m\u00e1s importantes del aeropuerto.<\/p>\n","protected":false},"author":1,"featured_media":78032,"comment_status":"open","ping_status":"closed","sticky":false,"template":"","format":"standard","meta":{"footnotes":""},"categories":[224],"tags":[],"class_list":{"0":"post-78031","1":"post","2":"type-post","3":"status-publish","4":"format-standard","5":"has-post-thumbnail","7":"category-noticias-actualidad"},"aioseo_notices":[],"aioseo_head":"\n\t\t<!-- All in One SEO Pro 4.9.6.1 - aioseo.com -->\n\t<meta name=\"description\" content=\"Aena sacar\u00e1 a concurso a lo largo de este a\u00f1o un total de 28 espacios comerciales repartidos entre las Terminales 1, 2 y 3 del aeropuerto Adolfo Su\u00e1rez Madrid-Barajas, con una superficie total de 3.300 metros cuadrados, con los que el gestor aeroportuario conf\u00eda en revitalizar una de las zonas comerciales m\u00e1s importantes del aeropuerto.\" \/>\n\t<meta name=\"robots\" content=\"max-image-preview:large\" \/>\n\t<meta name=\"author\" content=\"admin\"\/>\n\t<meta name=\"google-site-verification\" content=\"UA-38556648-1\" \/>\n\t<meta name=\"keywords\" content=\"noticias y actualidad\" \/>\n\t<link rel=\"canonical\" href=\"https:\/\/eldigitaldeasturias.com\/magazine365\/aena-sacara-a-concurso-28-espacios-comerciales-en-madrid-barajas\/\" \/>\n\t<meta name=\"generator\" content=\"All in One SEO Pro (AIOSEO) 4.9.6.1\" \/>\n\t\t<meta property=\"og:locale\" content=\"es_ES\" \/>\n\t\t<meta property=\"og:site_name\" content=\"El Digital de Asturias \u2013 Revista de ocio, turismo y estilo de vida\" \/>\n\t\t<meta property=\"og:type\" content=\"article\" \/>\n\t\t<meta property=\"og:title\" content=\"Aena sacar\u00e1 a concurso 28 espacios comerciales en Madrid-Barajas | El Digital de Asturias\" \/>\n\t\t<meta property=\"og:description\" content=\"Aena sacar\u00e1 a concurso a lo largo de este a\u00f1o un total de 28 espacios comerciales repartidos entre las Terminales 1, 2 y 3 del aeropuerto Adolfo Su\u00e1rez Madrid-Barajas, con una superficie total de 3.300 metros cuadrados, con los que el gestor aeroportuario conf\u00eda en revitalizar una de las zonas comerciales m\u00e1s importantes del aeropuerto.\" \/>\n\t\t<meta property=\"og:url\" content=\"https:\/\/eldigitaldeasturias.com\/magazine365\/aena-sacara-a-concurso-28-espacios-comerciales-en-madrid-barajas\/\" \/>\n\t\t<meta property=\"og:image\" content=\"https:\/\/eldigitaldeasturias.com\/magazine365\/wp-content\/uploads\/2016\/06\/fotonoticia_20160607142642_800.jpg\" \/>\n\t\t<meta property=\"og:image:secure_url\" content=\"https:\/\/eldigitaldeasturias.com\/magazine365\/wp-content\/uploads\/2016\/06\/fotonoticia_20160607142642_800.jpg\" \/>\n\t\t<meta property=\"og:image:width\" content=\"800\" \/>\n\t\t<meta property=\"og:image:height\" content=\"601\" \/>\n\t\t<meta property=\"article:published_time\" content=\"2016-06-08T10:04:09+00:00\" \/>\n\t\t<meta property=\"article:modified_time\" content=\"2016-06-08T10:04:09+00:00\" \/>\n\t\t<meta name=\"twitter:card\" content=\"summary_large_image\" \/>\n\t\t<meta name=\"twitter:title\" content=\"Aena sacar\u00e1 a concurso 28 espacios comerciales en Madrid-Barajas | El Digital de Asturias\" \/>\n\t\t<meta name=\"twitter:description\" content=\"Aena sacar\u00e1 a concurso a lo largo de este a\u00f1o un total de 28 espacios comerciales repartidos entre las Terminales 1, 2 y 3 del aeropuerto Adolfo Su\u00e1rez Madrid-Barajas, con una superficie total de 3.300 metros cuadrados, con los que el gestor aeroportuario conf\u00eda en revitalizar una de las zonas comerciales m\u00e1s importantes del aeropuerto.\" \/>\n\t\t<meta name=\"twitter:image\" content=\"https:\/\/eldigitaldeasturias.com\/magazine365\/wp-content\/uploads\/2016\/06\/fotonoticia_20160607142642_800.jpg\" \/>\n\t\t<script type=\"application\/ld+json\" class=\"aioseo-schema\">\n\t\t\t{\"@context\":\"https:\\\/\\\/schema.org\",\"@graph\":[{\"@type\":\"Article\",\"@id\":\"https:\\\/\\\/eldigitaldeasturias.com\\\/magazine365\\\/aena-sacara-a-concurso-28-espacios-comerciales-en-madrid-barajas\\\/#article\",\"name\":\"Aena sacar\\u00e1 a concurso 28 espacios comerciales en Madrid-Barajas | El Digital de Asturias\",\"headline\":\"Aena sacar\\u00e1 a concurso 28 espacios comerciales en Madrid-Barajas\",\"author\":{\"@id\":\"https:\\\/\\\/eldigitaldeasturias.com\\\/magazine365\\\/author\\\/admin\\\/#author\"},\"publisher\":{\"@id\":\"https:\\\/\\\/eldigitaldeasturias.com\\\/magazine365\\\/#organization\"},\"image\":{\"@type\":\"ImageObject\",\"url\":\"https:\\\/\\\/eldigitaldeasturias.com\\\/magazine365\\\/wp-content\\\/uploads\\\/2016\\\/06\\\/fotonoticia_20160607142642_800.jpg\",\"width\":800,\"height\":601},\"datePublished\":\"2016-06-08T12:04:09+02:00\",\"dateModified\":\"2016-06-08T12:04:09+02:00\",\"inLanguage\":\"es-ES\",\"mainEntityOfPage\":{\"@id\":\"https:\\\/\\\/eldigitaldeasturias.com\\\/magazine365\\\/aena-sacara-a-concurso-28-espacios-comerciales-en-madrid-barajas\\\/#webpage\"},\"isPartOf\":{\"@id\":\"https:\\\/\\\/eldigitaldeasturias.com\\\/magazine365\\\/aena-sacara-a-concurso-28-espacios-comerciales-en-madrid-barajas\\\/#webpage\"},\"articleSection\":\"Noticias y Actualidad\"},{\"@type\":\"BreadcrumbList\",\"@id\":\"https:\\\/\\\/eldigitaldeasturias.com\\\/magazine365\\\/aena-sacara-a-concurso-28-espacios-comerciales-en-madrid-barajas\\\/#breadcrumblist\",\"itemListElement\":[{\"@type\":\"ListItem\",\"@id\":\"https:\\\/\\\/eldigitaldeasturias.com\\\/magazine365#listItem\",\"position\":1,\"name\":\"Home\",\"item\":\"https:\\\/\\\/eldigitaldeasturias.com\\\/magazine365\",\"nextItem\":{\"@type\":\"ListItem\",\"@id\":\"https:\\\/\\\/eldigitaldeasturias.com\\\/magazine365\\\/category\\\/noticias-actualidad\\\/#listItem\",\"name\":\"Noticias y Actualidad\"}},{\"@type\":\"ListItem\",\"@id\":\"https:\\\/\\\/eldigitaldeasturias.com\\\/magazine365\\\/category\\\/noticias-actualidad\\\/#listItem\",\"position\":2,\"name\":\"Noticias y Actualidad\",\"item\":\"https:\\\/\\\/eldigitaldeasturias.com\\\/magazine365\\\/category\\\/noticias-actualidad\\\/\",\"nextItem\":{\"@type\":\"ListItem\",\"@id\":\"https:\\\/\\\/eldigitaldeasturias.com\\\/magazine365\\\/aena-sacara-a-concurso-28-espacios-comerciales-en-madrid-barajas\\\/#listItem\",\"name\":\"Aena sacar\\u00e1 a concurso 28 espacios comerciales en Madrid-Barajas\"},\"previousItem\":{\"@type\":\"ListItem\",\"@id\":\"https:\\\/\\\/eldigitaldeasturias.com\\\/magazine365#listItem\",\"name\":\"Home\"}},{\"@type\":\"ListItem\",\"@id\":\"https:\\\/\\\/eldigitaldeasturias.com\\\/magazine365\\\/aena-sacara-a-concurso-28-espacios-comerciales-en-madrid-barajas\\\/#listItem\",\"position\":3,\"name\":\"Aena sacar\\u00e1 a concurso 28 espacios comerciales en Madrid-Barajas\",\"previousItem\":{\"@type\":\"ListItem\",\"@id\":\"https:\\\/\\\/eldigitaldeasturias.com\\\/magazine365\\\/category\\\/noticias-actualidad\\\/#listItem\",\"name\":\"Noticias y Actualidad\"}}]},{\"@type\":\"Organization\",\"@id\":\"https:\\\/\\\/eldigitaldeasturias.com\\\/magazine365\\\/#organization\",\"name\":\"El digital de Asturias\",\"description\":\"Revista de ocio, turismo y estilo de vida\",\"url\":\"https:\\\/\\\/eldigitaldeasturias.com\\\/magazine365\\\/\",\"logo\":{\"@type\":\"ImageObject\",\"url\":\"https:\\\/\\\/www.eldigitaldeasturias.com\\\/noticias\\\/wp-content\\\/uploads\\\/2020\\\/12\\\/EDA.jpg\",\"@id\":\"https:\\\/\\\/eldigitaldeasturias.com\\\/magazine365\\\/aena-sacara-a-concurso-28-espacios-comerciales-en-madrid-barajas\\\/#organizationLogo\"},\"image\":{\"@id\":\"https:\\\/\\\/eldigitaldeasturias.com\\\/magazine365\\\/aena-sacara-a-concurso-28-espacios-comerciales-en-madrid-barajas\\\/#organizationLogo\"}},{\"@type\":\"Person\",\"@id\":\"https:\\\/\\\/eldigitaldeasturias.com\\\/magazine365\\\/author\\\/admin\\\/#author\",\"url\":\"https:\\\/\\\/eldigitaldeasturias.com\\\/magazine365\\\/author\\\/admin\\\/\",\"name\":\"admin\",\"image\":{\"@type\":\"ImageObject\",\"@id\":\"https:\\\/\\\/eldigitaldeasturias.com\\\/magazine365\\\/aena-sacara-a-concurso-28-espacios-comerciales-en-madrid-barajas\\\/#authorImage\",\"url\":\"https:\\\/\\\/eldigitaldeasturias.com\\\/magazine365\\\/wp-content\\\/litespeed\\\/avatar\\\/e571bcf59a0edd6fa6838245a470f2fe.jpg?ver=1776969259\",\"width\":96,\"height\":96,\"caption\":\"admin\"}},{\"@type\":\"WebPage\",\"@id\":\"https:\\\/\\\/eldigitaldeasturias.com\\\/magazine365\\\/aena-sacara-a-concurso-28-espacios-comerciales-en-madrid-barajas\\\/#webpage\",\"url\":\"https:\\\/\\\/eldigitaldeasturias.com\\\/magazine365\\\/aena-sacara-a-concurso-28-espacios-comerciales-en-madrid-barajas\\\/\",\"name\":\"Aena sacar\\u00e1 a concurso 28 espacios comerciales en Madrid-Barajas | El Digital de Asturias\",\"description\":\"Aena sacar\\u00e1 a concurso a lo largo de este a\\u00f1o un total de 28 espacios comerciales repartidos entre las Terminales 1, 2 y 3 del aeropuerto Adolfo Su\\u00e1rez Madrid-Barajas, con una superficie total de 3.300 metros cuadrados, con los que el gestor aeroportuario conf\\u00eda en revitalizar una de las zonas comerciales m\\u00e1s importantes del aeropuerto.\",\"inLanguage\":\"es-ES\",\"isPartOf\":{\"@id\":\"https:\\\/\\\/eldigitaldeasturias.com\\\/magazine365\\\/#website\"},\"breadcrumb\":{\"@id\":\"https:\\\/\\\/eldigitaldeasturias.com\\\/magazine365\\\/aena-sacara-a-concurso-28-espacios-comerciales-en-madrid-barajas\\\/#breadcrumblist\"},\"author\":{\"@id\":\"https:\\\/\\\/eldigitaldeasturias.com\\\/magazine365\\\/author\\\/admin\\\/#author\"},\"creator\":{\"@id\":\"https:\\\/\\\/eldigitaldeasturias.com\\\/magazine365\\\/author\\\/admin\\\/#author\"},\"image\":{\"@type\":\"ImageObject\",\"url\":\"https:\\\/\\\/eldigitaldeasturias.com\\\/magazine365\\\/wp-content\\\/uploads\\\/2016\\\/06\\\/fotonoticia_20160607142642_800.jpg\",\"@id\":\"https:\\\/\\\/eldigitaldeasturias.com\\\/magazine365\\\/aena-sacara-a-concurso-28-espacios-comerciales-en-madrid-barajas\\\/#mainImage\",\"width\":800,\"height\":601},\"primaryImageOfPage\":{\"@id\":\"https:\\\/\\\/eldigitaldeasturias.com\\\/magazine365\\\/aena-sacara-a-concurso-28-espacios-comerciales-en-madrid-barajas\\\/#mainImage\"},\"datePublished\":\"2016-06-08T12:04:09+02:00\",\"dateModified\":\"2016-06-08T12:04:09+02:00\"},{\"@type\":\"WebSite\",\"@id\":\"https:\\\/\\\/eldigitaldeasturias.com\\\/magazine365\\\/#website\",\"url\":\"https:\\\/\\\/eldigitaldeasturias.com\\\/magazine365\\\/\",\"name\":\"El Digital de Asturias\",\"description\":\"Revista de ocio, turismo y estilo de vida\",\"inLanguage\":\"es-ES\",\"publisher\":{\"@id\":\"https:\\\/\\\/eldigitaldeasturias.com\\\/magazine365\\\/#organization\"}}]}\n\t\t<\/script>\n\t\t<!-- All in One SEO Pro -->\r\n\t\t<title>Aena sacar\u00e1 a concurso 28 espacios comerciales en Madrid-Barajas | El Digital de Asturias<\/title>\n\n","aioseo_head_json":{"title":"Aena sacar\u00e1 a concurso 28 espacios comerciales en Madrid-Barajas | El Digital de Asturias","description":"Aena sacar\u00e1 a concurso a lo largo de este a\u00f1o un total de 28 espacios comerciales repartidos entre las Terminales 1, 2 y 3 del aeropuerto Adolfo Su\u00e1rez Madrid-Barajas, con una superficie total de 3.300 metros cuadrados, con los que el gestor aeroportuario conf\u00eda en revitalizar una de las zonas comerciales m\u00e1s importantes del aeropuerto.","canonical_url":"https:\/\/eldigitaldeasturias.com\/magazine365\/aena-sacara-a-concurso-28-espacios-comerciales-en-madrid-barajas\/","robots":"max-image-preview:large","keywords":"noticias y actualidad","webmasterTools":{"google-site-verification":"UA-38556648-1","miscellaneous":""},"schema":{"@context":"https:\/\/schema.org","@graph":[{"@type":"Article","@id":"https:\/\/eldigitaldeasturias.com\/magazine365\/aena-sacara-a-concurso-28-espacios-comerciales-en-madrid-barajas\/#article","name":"Aena sacar\u00e1 a concurso 28 espacios comerciales en Madrid-Barajas | El Digital de Asturias","headline":"Aena sacar\u00e1 a concurso 28 espacios comerciales en Madrid-Barajas","author":{"@id":"https:\/\/eldigitaldeasturias.com\/magazine365\/author\/admin\/#author"},"publisher":{"@id":"https:\/\/eldigitaldeasturias.com\/magazine365\/#organization"},"image":{"@type":"ImageObject","url":"https:\/\/eldigitaldeasturias.com\/magazine365\/wp-content\/uploads\/2016\/06\/fotonoticia_20160607142642_800.jpg","width":800,"height":601},"datePublished":"2016-06-08T12:04:09+02:00","dateModified":"2016-06-08T12:04:09+02:00","inLanguage":"es-ES","mainEntityOfPage":{"@id":"https:\/\/eldigitaldeasturias.com\/magazine365\/aena-sacara-a-concurso-28-espacios-comerciales-en-madrid-barajas\/#webpage"},"isPartOf":{"@id":"https:\/\/eldigitaldeasturias.com\/magazine365\/aena-sacara-a-concurso-28-espacios-comerciales-en-madrid-barajas\/#webpage"},"articleSection":"Noticias y Actualidad"},{"@type":"BreadcrumbList","@id":"https:\/\/eldigitaldeasturias.com\/magazine365\/aena-sacara-a-concurso-28-espacios-comerciales-en-madrid-barajas\/#breadcrumblist","itemListElement":[{"@type":"ListItem","@id":"https:\/\/eldigitaldeasturias.com\/magazine365#listItem","position":1,"name":"Home","item":"https:\/\/eldigitaldeasturias.com\/magazine365","nextItem":{"@type":"ListItem","@id":"https:\/\/eldigitaldeasturias.com\/magazine365\/category\/noticias-actualidad\/#listItem","name":"Noticias y Actualidad"}},{"@type":"ListItem","@id":"https:\/\/eldigitaldeasturias.com\/magazine365\/category\/noticias-actualidad\/#listItem","position":2,"name":"Noticias y Actualidad","item":"https:\/\/eldigitaldeasturias.com\/magazine365\/category\/noticias-actualidad\/","nextItem":{"@type":"ListItem","@id":"https:\/\/eldigitaldeasturias.com\/magazine365\/aena-sacara-a-concurso-28-espacios-comerciales-en-madrid-barajas\/#listItem","name":"Aena sacar\u00e1 a concurso 28 espacios comerciales en Madrid-Barajas"},"previousItem":{"@type":"ListItem","@id":"https:\/\/eldigitaldeasturias.com\/magazine365#listItem","name":"Home"}},{"@type":"ListItem","@id":"https:\/\/eldigitaldeasturias.com\/magazine365\/aena-sacara-a-concurso-28-espacios-comerciales-en-madrid-barajas\/#listItem","position":3,"name":"Aena sacar\u00e1 a concurso 28 espacios comerciales en Madrid-Barajas","previousItem":{"@type":"ListItem","@id":"https:\/\/eldigitaldeasturias.com\/magazine365\/category\/noticias-actualidad\/#listItem","name":"Noticias y Actualidad"}}]},{"@type":"Organization","@id":"https:\/\/eldigitaldeasturias.com\/magazine365\/#organization","name":"El digital de Asturias","description":"Revista de ocio, turismo y estilo de vida","url":"https:\/\/eldigitaldeasturias.com\/magazine365\/","logo":{"@type":"ImageObject","url":"https:\/\/www.eldigitaldeasturias.com\/noticias\/wp-content\/uploads\/2020\/12\/EDA.jpg","@id":"https:\/\/eldigitaldeasturias.com\/magazine365\/aena-sacara-a-concurso-28-espacios-comerciales-en-madrid-barajas\/#organizationLogo"},"image":{"@id":"https:\/\/eldigitaldeasturias.com\/magazine365\/aena-sacara-a-concurso-28-espacios-comerciales-en-madrid-barajas\/#organizationLogo"}},{"@type":"Person","@id":"https:\/\/eldigitaldeasturias.com\/magazine365\/author\/admin\/#author","url":"https:\/\/eldigitaldeasturias.com\/magazine365\/author\/admin\/","name":"admin","image":{"@type":"ImageObject","@id":"https:\/\/eldigitaldeasturias.com\/magazine365\/aena-sacara-a-concurso-28-espacios-comerciales-en-madrid-barajas\/#authorImage","url":"https:\/\/eldigitaldeasturias.com\/magazine365\/wp-content\/litespeed\/avatar\/e571bcf59a0edd6fa6838245a470f2fe.jpg?ver=1776969259","width":96,"height":96,"caption":"admin"}},{"@type":"WebPage","@id":"https:\/\/eldigitaldeasturias.com\/magazine365\/aena-sacara-a-concurso-28-espacios-comerciales-en-madrid-barajas\/#webpage","url":"https:\/\/eldigitaldeasturias.com\/magazine365\/aena-sacara-a-concurso-28-espacios-comerciales-en-madrid-barajas\/","name":"Aena sacar\u00e1 a concurso 28 espacios comerciales en Madrid-Barajas | El Digital de Asturias","description":"Aena sacar\u00e1 a concurso a lo largo de este a\u00f1o un total de 28 espacios comerciales repartidos entre las Terminales 1, 2 y 3 del aeropuerto Adolfo Su\u00e1rez Madrid-Barajas, con una superficie total de 3.300 metros cuadrados, con los que el gestor aeroportuario conf\u00eda en revitalizar una de las zonas comerciales m\u00e1s importantes del aeropuerto.","inLanguage":"es-ES","isPartOf":{"@id":"https:\/\/eldigitaldeasturias.com\/magazine365\/#website"},"breadcrumb":{"@id":"https:\/\/eldigitaldeasturias.com\/magazine365\/aena-sacara-a-concurso-28-espacios-comerciales-en-madrid-barajas\/#breadcrumblist"},"author":{"@id":"https:\/\/eldigitaldeasturias.com\/magazine365\/author\/admin\/#author"},"creator":{"@id":"https:\/\/eldigitaldeasturias.com\/magazine365\/author\/admin\/#author"},"image":{"@type":"ImageObject","url":"https:\/\/eldigitaldeasturias.com\/magazine365\/wp-content\/uploads\/2016\/06\/fotonoticia_20160607142642_800.jpg","@id":"https:\/\/eldigitaldeasturias.com\/magazine365\/aena-sacara-a-concurso-28-espacios-comerciales-en-madrid-barajas\/#mainImage","width":800,"height":601},"primaryImageOfPage":{"@id":"https:\/\/eldigitaldeasturias.com\/magazine365\/aena-sacara-a-concurso-28-espacios-comerciales-en-madrid-barajas\/#mainImage"},"datePublished":"2016-06-08T12:04:09+02:00","dateModified":"2016-06-08T12:04:09+02:00"},{"@type":"WebSite","@id":"https:\/\/eldigitaldeasturias.com\/magazine365\/#website","url":"https:\/\/eldigitaldeasturias.com\/magazine365\/","name":"El Digital de Asturias","description":"Revista de ocio, turismo y estilo de vida","inLanguage":"es-ES","publisher":{"@id":"https:\/\/eldigitaldeasturias.com\/magazine365\/#organization"}}]},"og:locale":"es_ES","og:site_name":"El Digital de Asturias \u2013 Revista de ocio, turismo y estilo de vida","og:type":"article","og:title":"Aena sacar\u00e1 a concurso 28 espacios comerciales en Madrid-Barajas | El Digital de Asturias","og:description":"Aena sacar\u00e1 a concurso a lo largo de este a\u00f1o un total de 28 espacios comerciales repartidos entre las Terminales 1, 2 y 3 del aeropuerto Adolfo Su\u00e1rez Madrid-Barajas, con una superficie total de 3.300 metros cuadrados, con los que el gestor aeroportuario conf\u00eda en revitalizar una de las zonas comerciales m\u00e1s importantes del aeropuerto.","og:url":"https:\/\/eldigitaldeasturias.com\/magazine365\/aena-sacara-a-concurso-28-espacios-comerciales-en-madrid-barajas\/","og:image":"https:\/\/eldigitaldeasturias.com\/magazine365\/wp-content\/uploads\/2016\/06\/fotonoticia_20160607142642_800.jpg","og:image:secure_url":"https:\/\/eldigitaldeasturias.com\/magazine365\/wp-content\/uploads\/2016\/06\/fotonoticia_20160607142642_800.jpg","og:image:width":800,"og:image:height":601,"article:published_time":"2016-06-08T10:04:09+00:00","article:modified_time":"2016-06-08T10:04:09+00:00","twitter:card":"summary_large_image","twitter:title":"Aena sacar\u00e1 a concurso 28 espacios comerciales en Madrid-Barajas | El Digital de Asturias","twitter:description":"Aena sacar\u00e1 a concurso a lo largo de este a\u00f1o un total de 28 espacios comerciales repartidos entre las Terminales 1, 2 y 3 del aeropuerto Adolfo Su\u00e1rez Madrid-Barajas, con una superficie total de 3.300 metros cuadrados, con los que el gestor aeroportuario conf\u00eda en revitalizar una de las zonas comerciales m\u00e1s importantes del aeropuerto.","twitter:image":"https:\/\/eldigitaldeasturias.com\/magazine365\/wp-content\/uploads\/2016\/06\/fotonoticia_20160607142642_800.jpg"},"aioseo_meta_data":{"post_id":"78031","title":null,"description":null,"keywords":null,"keyphrases":null,"primary_term":null,"canonical_url":null,"og_title":null,"og_description":null,"og_object_type":"default","og_image_type":"default","og_image_url":null,"og_image_width":null,"og_image_height":null,"og_image_custom_url":null,"og_image_custom_fields":null,"og_video":null,"og_custom_url":null,"og_article_section":null,"og_article_tags":null,"twitter_use_og":false,"twitter_card":"default","twitter_image_type":"default","twitter_image_url":null,"twitter_image_custom_url":null,"twitter_image_custom_fields":null,"twitter_title":null,"twitter_description":null,"schema":{"blockGraphs":[],"customGraphs":[],"default":{"data":{"Article":[],"Course":[],"Dataset":[],"FAQPage":[],"Movie":[],"Person":[],"Product":[],"ProductReview":[],"Car":[],"Recipe":[],"Service":[],"SoftwareApplication":[],"WebPage":[]},"graphName":"","isEnabled":true},"graphs":[],"defaultGraph":"","defaultPostTypeGraph":""},"schema_type":null,"schema_type_options":null,"pillar_content":false,"robots_default":true,"robots_noindex":false,"robots_noarchive":false,"robots_nosnippet":false,"robots_nofollow":false,"robots_noimageindex":false,"robots_noodp":false,"robots_notranslate":false,"robots_max_snippet":null,"robots_max_videopreview":null,"robots_max_imagepreview":"large","priority":null,"frequency":null,"location":null,"local_seo":null,"seo_analyzer_scan_date":"2025-09-27 16:08:16","breadcrumb_settings":null,"limit_modified_date":false,"open_ai":null,"ai":null,"created":"2021-03-08 18:05:46","updated":"2025-09-27 16:08:16"},"aioseo_breadcrumb":"<div class=\"aioseo-breadcrumbs\"><span class=\"aioseo-breadcrumb\">\n\t<a href=\"https:\/\/eldigitaldeasturias.com\/magazine365\" title=\"Home\">Home<\/a>\n<\/span><span class=\"aioseo-breadcrumb-separator\">\u2013<\/span><span class=\"aioseo-breadcrumb\">\n\t<a href=\"https:\/\/eldigitaldeasturias.com\/magazine365\/category\/noticias-actualidad\/\" title=\"Noticias y Actualidad\">Noticias y Actualidad<\/a>\n<\/span><span class=\"aioseo-breadcrumb-separator\">\u2013<\/span><span class=\"aioseo-breadcrumb\">\n\t<a href=\"https:\/\/eldigitaldeasturias.com\/magazine365\/aena-sacara-a-concurso-28-espacios-comerciales-en-madrid-barajas\/\" title=\"Aena sacar\u00e1 a concurso 28 espacios comerciales en Madrid-Barajas\">Aena sacar\u00e1 a concurso 28 espacios comerciales en Madrid-Barajas<\/a>\n<\/span><\/div>","aioseo_breadcrumb_json":[{"label":"Home","link":"https:\/\/eldigitaldeasturias.com\/magazine365"},{"label":"Noticias y Actualidad","link":"https:\/\/eldigitaldeasturias.com\/magazine365\/category\/noticias-actualidad\/"},{"label":"Aena sacar\u00e1 a concurso 28 espacios comerciales en Madrid-Barajas","link":"https:\/\/eldigitaldeasturias.com\/magazine365\/aena-sacara-a-concurso-28-espacios-comerciales-en-madrid-barajas\/"}],"_links":{"self":[{"href":"https:\/\/eldigitaldeasturias.com\/magazine365\/wp-json\/wp\/v2\/posts\/78031","targetHints":{"allow":["GET"]}}],"collection":[{"href":"https:\/\/eldigitaldeasturias.com\/magazine365\/wp-json\/wp\/v2\/posts"}],"about":[{"href":"https:\/\/eldigitaldeasturias.com\/magazine365\/wp-json\/wp\/v2\/types\/post"}],"author":[{"embeddable":true,"href":"https:\/\/eldigitaldeasturias.com\/magazine365\/wp-json\/wp\/v2\/users\/1"}],"replies":[{"embeddable":true,"href":"https:\/\/eldigitaldeasturias.com\/magazine365\/wp-json\/wp\/v2\/comments?post=78031"}],"version-history":[{"count":0,"href":"https:\/\/eldigitaldeasturias.com\/magazine365\/wp-json\/wp\/v2\/posts\/78031\/revisions"}],"wp:featuredmedia":[{"embeddable":true,"href":"https:\/\/eldigitaldeasturias.com\/magazine365\/wp-json\/wp\/v2\/media\/78032"}],"wp:attachment":[{"href":"https:\/\/eldigitaldeasturias.com\/magazine365\/wp-json\/wp\/v2\/media?parent=78031"}],"wp:term":[{"taxonomy":"category","embeddable":true,"href":"https:\/\/eldigitaldeasturias.com\/magazine365\/wp-json\/wp\/v2\/categories?post=78031"},{"taxonomy":"post_tag","embeddable":true,"href":"https:\/\/eldigitaldeasturias.com\/magazine365\/wp-json\/wp\/v2\/tags?post=78031"}],"curies":[{"name":"wp","href":"https:\/\/api.w.org\/{rel}","templated":true}]}}