{"id":78026,"date":"2016-06-08T11:56:34","date_gmt":"2016-06-08T09:56:34","guid":{"rendered":"http:\/\/eldigitaldeasturias.com\/magazine365\/?p=78026"},"modified":"2016-06-08T11:56:34","modified_gmt":"2016-06-08T09:56:34","slug":"la-visita-de-obama-pone-a-sevilla-en-el-escaparate-mundial","status":"publish","type":"post","link":"https:\/\/eldigitaldeasturias.com\/magazine365\/la-visita-de-obama-pone-a-sevilla-en-el-escaparate-mundial\/","title":{"rendered":"La visita de Obama \u00abpone a Sevilla en el escaparate mundial\u00bb"},"content":{"rendered":"<p>El consejero de Turismo y Deporte, Francisco Javier Fern\u00e1ndez, cree que la visita del presidente de Estados Unidos, Barack Obama, en el mes de julio a Espa\u00f1a, donde conocer\u00e1, entre otros sitios, la ciudad de Sevilla, pone a la capital hispalense, \u00aben el sitio y en el escaparate mundial que se merece\u00bb, y espera que este evento \u00abayude a convencer m\u00e1s a las l\u00edneas a\u00e9reas para que haya enlaces directos entre Estados Unidos y Andaluc\u00eda, algo que es fundamental\u00bb.<\/p>\n<p>En declaraciones a los periodistas, el consejero ha resaltado el \u00abesfuerzo por conquistar el mercado estadounidense\u00bb y cree que esta visita \u00abrefuerza la figura de Sevilla y Andaluc\u00eda, especialmente el hecho de que Obama venga a decir que Sevilla es un destino cultural en verano, cuando uno de los grandes d\u00e9ficits que tenemos es la estacionalidad en el interior\u00bb.<\/p>\n<p>Considera que esta visita ayudar\u00e1 a reforzar la relaci\u00f3n con el mercado tur\u00edstico estadounidense, que es un mercado potente y de mucho futuro\u00bb, que se ver\u00e1 reforzado por esa visita junto a los dos congresos de profesionales estadounidenses, Ensemble y ASTA, que se celebraron en Sevilla.<\/p>\n<p>El consejero espera que esta visita \u00abayude a convencer m\u00e1s a las aerol\u00edneas para que haya enlaces directos entre Estados Unidos y Andaluc\u00eda, que es algo fundamental\u00bb.<\/p>\n<p>Fern\u00e1ndez, quien recuerda que la agenda de Obama la lleva el Estado y la Embajada, por lo que no puede dar informaci\u00f3n ni detalle de la visita por seguridad, ha apuntado que la Junta \u00abha mostrado su m\u00e1xima disponibilidad para cualquier recurso que necesiten\u00bb y recuerda que el Ayuntamiento sevillano \u00abest\u00e1 trabajando de forma muy eficaz con la Embajada para conseguir poner en valor y poder ense\u00f1ar el m\u00e1ximo posible lo esencial, el patrimonio cultural de Sevilla, que nos representa a toda Andaluc\u00eda\u00bb.<\/p>\n<p>Ha recordado que en la anterior visita de la familia Obama, en 2010, cuando Michelle Obama y sus hijas estuvieron en Ronda, Marbella y Granada \u00absupone una posibilidad de promoci\u00f3n tur\u00edstica de Andaluc\u00eda y de mostrar su valor en Estados Unidos\u00bb, precisando que esta visita tendr\u00e1 una influencia \u00abno s\u00f3lo para aumentar la visita de estadounidenses a Andaluc\u00eda, sino que damos un mensaje al resto de mercados internacionales de lo que significa Sevilla y Andaluc\u00eda\u00bb.<\/p>\n","protected":false},"excerpt":{"rendered":"<p>El consejero de Turismo y Deporte, Francisco Javier Fern\u00e1ndez, cree que la visita del presidente de Estados Unidos, Barack Obama, en el mes de julio a Espa\u00f1a, donde conocer\u00e1, entre otros sitios, la ciudad de Sevilla, pone a la capital hispalense, \u00aben el sitio y en el escaparate mundial que se merece\u00bb, y espera que<\/p>\n","protected":false},"author":1,"featured_media":49463,"comment_status":"open","ping_status":"closed","sticky":false,"template":"","format":"standard","meta":{"footnotes":""},"categories":[224],"tags":[],"class_list":{"0":"post-78026","1":"post","2":"type-post","3":"status-publish","4":"format-standard","5":"has-post-thumbnail","7":"category-noticias-actualidad"},"aioseo_notices":[],"aioseo_head":"\n\t\t<!-- All in One SEO Pro 4.9.6.1 - aioseo.com -->\n\t<meta name=\"description\" content=\"El consejero de Turismo y Deporte, Francisco Javier Fern\u00e1ndez, cree que la visita del presidente de Estados Unidos, Barack Obama, en el mes de julio a Espa\u00f1a, donde conocer\u00e1, entre otros sitios, la ciudad de Sevilla, pone a la capital hispalense, &quot;en el sitio y en el escaparate mundial que se merece&quot;, y espera que\" \/>\n\t<meta name=\"robots\" content=\"max-image-preview:large\" \/>\n\t<meta name=\"author\" content=\"admin\"\/>\n\t<meta name=\"google-site-verification\" content=\"UA-38556648-1\" \/>\n\t<meta name=\"keywords\" content=\"noticias y actualidad\" \/>\n\t<link rel=\"canonical\" href=\"https:\/\/eldigitaldeasturias.com\/magazine365\/la-visita-de-obama-pone-a-sevilla-en-el-escaparate-mundial\/\" \/>\n\t<meta name=\"generator\" content=\"All in One SEO Pro (AIOSEO) 4.9.6.1\" \/>\n\t\t<meta property=\"og:locale\" content=\"es_ES\" \/>\n\t\t<meta property=\"og:site_name\" content=\"El Digital de Asturias \u2013 Revista de ocio, turismo y estilo de vida\" \/>\n\t\t<meta property=\"og:type\" content=\"article\" \/>\n\t\t<meta property=\"og:title\" content=\"La visita de Obama \u00abpone a Sevilla en el escaparate mundial\u00bb | El Digital de Asturias\" \/>\n\t\t<meta property=\"og:description\" content=\"El consejero de Turismo y Deporte, Francisco Javier Fern\u00e1ndez, cree que la visita del presidente de Estados Unidos, Barack Obama, en el mes de julio a Espa\u00f1a, donde conocer\u00e1, entre otros sitios, la ciudad de Sevilla, pone a la capital hispalense, &quot;en el sitio y en el escaparate mundial que se merece&quot;, y espera que\" \/>\n\t\t<meta property=\"og:url\" content=\"https:\/\/eldigitaldeasturias.com\/magazine365\/la-visita-de-obama-pone-a-sevilla-en-el-escaparate-mundial\/\" \/>\n\t\t<meta property=\"og:image\" content=\"https:\/\/eldigitaldeasturias.com\/magazine365\/wp-content\/uploads\/2015\/09\/bar-sevilla.jpg\" \/>\n\t\t<meta property=\"og:image:secure_url\" content=\"https:\/\/eldigitaldeasturias.com\/magazine365\/wp-content\/uploads\/2015\/09\/bar-sevilla.jpg\" \/>\n\t\t<meta property=\"og:image:width\" content=\"800\" \/>\n\t\t<meta property=\"og:image:height\" content=\"1200\" \/>\n\t\t<meta property=\"article:published_time\" content=\"2016-06-08T09:56:34+00:00\" \/>\n\t\t<meta property=\"article:modified_time\" content=\"2016-06-08T09:56:34+00:00\" \/>\n\t\t<meta name=\"twitter:card\" content=\"summary_large_image\" \/>\n\t\t<meta name=\"twitter:title\" content=\"La visita de Obama \u00abpone a Sevilla en el escaparate mundial\u00bb | El Digital de Asturias\" \/>\n\t\t<meta name=\"twitter:description\" content=\"El consejero de Turismo y Deporte, Francisco Javier Fern\u00e1ndez, cree que la visita del presidente de Estados Unidos, Barack Obama, en el mes de julio a Espa\u00f1a, donde conocer\u00e1, entre otros sitios, la ciudad de Sevilla, pone a la capital hispalense, &quot;en el sitio y en el escaparate mundial que se merece&quot;, y espera que\" \/>\n\t\t<meta name=\"twitter:image\" content=\"https:\/\/eldigitaldeasturias.com\/magazine365\/wp-content\/uploads\/2015\/09\/bar-sevilla.jpg\" \/>\n\t\t<script type=\"application\/ld+json\" class=\"aioseo-schema\">\n\t\t\t{\"@context\":\"https:\\\/\\\/schema.org\",\"@graph\":[{\"@type\":\"Article\",\"@id\":\"https:\\\/\\\/eldigitaldeasturias.com\\\/magazine365\\\/la-visita-de-obama-pone-a-sevilla-en-el-escaparate-mundial\\\/#article\",\"name\":\"La visita de Obama \\u00abpone a Sevilla en el escaparate mundial\\u00bb | El Digital de Asturias\",\"headline\":\"La visita de Obama \\u00abpone a Sevilla en el escaparate mundial\\u00bb\",\"author\":{\"@id\":\"https:\\\/\\\/eldigitaldeasturias.com\\\/magazine365\\\/author\\\/admin\\\/#author\"},\"publisher\":{\"@id\":\"https:\\\/\\\/eldigitaldeasturias.com\\\/magazine365\\\/#organization\"},\"image\":{\"@type\":\"ImageObject\",\"url\":\"https:\\\/\\\/eldigitaldeasturias.com\\\/magazine365\\\/wp-content\\\/uploads\\\/2015\\\/09\\\/bar-sevilla.jpg\",\"width\":800,\"height\":1200},\"datePublished\":\"2016-06-08T11:56:34+02:00\",\"dateModified\":\"2016-06-08T11:56:34+02:00\",\"inLanguage\":\"es-ES\",\"mainEntityOfPage\":{\"@id\":\"https:\\\/\\\/eldigitaldeasturias.com\\\/magazine365\\\/la-visita-de-obama-pone-a-sevilla-en-el-escaparate-mundial\\\/#webpage\"},\"isPartOf\":{\"@id\":\"https:\\\/\\\/eldigitaldeasturias.com\\\/magazine365\\\/la-visita-de-obama-pone-a-sevilla-en-el-escaparate-mundial\\\/#webpage\"},\"articleSection\":\"Noticias y Actualidad\"},{\"@type\":\"BreadcrumbList\",\"@id\":\"https:\\\/\\\/eldigitaldeasturias.com\\\/magazine365\\\/la-visita-de-obama-pone-a-sevilla-en-el-escaparate-mundial\\\/#breadcrumblist\",\"itemListElement\":[{\"@type\":\"ListItem\",\"@id\":\"https:\\\/\\\/eldigitaldeasturias.com\\\/magazine365#listItem\",\"position\":1,\"name\":\"Home\",\"item\":\"https:\\\/\\\/eldigitaldeasturias.com\\\/magazine365\",\"nextItem\":{\"@type\":\"ListItem\",\"@id\":\"https:\\\/\\\/eldigitaldeasturias.com\\\/magazine365\\\/category\\\/noticias-actualidad\\\/#listItem\",\"name\":\"Noticias y Actualidad\"}},{\"@type\":\"ListItem\",\"@id\":\"https:\\\/\\\/eldigitaldeasturias.com\\\/magazine365\\\/category\\\/noticias-actualidad\\\/#listItem\",\"position\":2,\"name\":\"Noticias y Actualidad\",\"item\":\"https:\\\/\\\/eldigitaldeasturias.com\\\/magazine365\\\/category\\\/noticias-actualidad\\\/\",\"nextItem\":{\"@type\":\"ListItem\",\"@id\":\"https:\\\/\\\/eldigitaldeasturias.com\\\/magazine365\\\/la-visita-de-obama-pone-a-sevilla-en-el-escaparate-mundial\\\/#listItem\",\"name\":\"La visita de Obama \\u00abpone a Sevilla en el escaparate mundial\\u00bb\"},\"previousItem\":{\"@type\":\"ListItem\",\"@id\":\"https:\\\/\\\/eldigitaldeasturias.com\\\/magazine365#listItem\",\"name\":\"Home\"}},{\"@type\":\"ListItem\",\"@id\":\"https:\\\/\\\/eldigitaldeasturias.com\\\/magazine365\\\/la-visita-de-obama-pone-a-sevilla-en-el-escaparate-mundial\\\/#listItem\",\"position\":3,\"name\":\"La visita de Obama \\u00abpone a Sevilla en el escaparate mundial\\u00bb\",\"previousItem\":{\"@type\":\"ListItem\",\"@id\":\"https:\\\/\\\/eldigitaldeasturias.com\\\/magazine365\\\/category\\\/noticias-actualidad\\\/#listItem\",\"name\":\"Noticias y Actualidad\"}}]},{\"@type\":\"Organization\",\"@id\":\"https:\\\/\\\/eldigitaldeasturias.com\\\/magazine365\\\/#organization\",\"name\":\"El digital de Asturias\",\"description\":\"Revista de ocio, turismo y estilo de vida\",\"url\":\"https:\\\/\\\/eldigitaldeasturias.com\\\/magazine365\\\/\",\"logo\":{\"@type\":\"ImageObject\",\"url\":\"https:\\\/\\\/www.eldigitaldeasturias.com\\\/noticias\\\/wp-content\\\/uploads\\\/2020\\\/12\\\/EDA.jpg\",\"@id\":\"https:\\\/\\\/eldigitaldeasturias.com\\\/magazine365\\\/la-visita-de-obama-pone-a-sevilla-en-el-escaparate-mundial\\\/#organizationLogo\"},\"image\":{\"@id\":\"https:\\\/\\\/eldigitaldeasturias.com\\\/magazine365\\\/la-visita-de-obama-pone-a-sevilla-en-el-escaparate-mundial\\\/#organizationLogo\"}},{\"@type\":\"Person\",\"@id\":\"https:\\\/\\\/eldigitaldeasturias.com\\\/magazine365\\\/author\\\/admin\\\/#author\",\"url\":\"https:\\\/\\\/eldigitaldeasturias.com\\\/magazine365\\\/author\\\/admin\\\/\",\"name\":\"admin\",\"image\":{\"@type\":\"ImageObject\",\"@id\":\"https:\\\/\\\/eldigitaldeasturias.com\\\/magazine365\\\/la-visita-de-obama-pone-a-sevilla-en-el-escaparate-mundial\\\/#authorImage\",\"url\":\"https:\\\/\\\/eldigitaldeasturias.com\\\/magazine365\\\/wp-content\\\/litespeed\\\/avatar\\\/e571bcf59a0edd6fa6838245a470f2fe.jpg?ver=1776969259\",\"width\":96,\"height\":96,\"caption\":\"admin\"}},{\"@type\":\"WebPage\",\"@id\":\"https:\\\/\\\/eldigitaldeasturias.com\\\/magazine365\\\/la-visita-de-obama-pone-a-sevilla-en-el-escaparate-mundial\\\/#webpage\",\"url\":\"https:\\\/\\\/eldigitaldeasturias.com\\\/magazine365\\\/la-visita-de-obama-pone-a-sevilla-en-el-escaparate-mundial\\\/\",\"name\":\"La visita de Obama \\u00abpone a Sevilla en el escaparate mundial\\u00bb | El Digital de Asturias\",\"description\":\"El consejero de Turismo y Deporte, Francisco Javier Fern\\u00e1ndez, cree que la visita del presidente de Estados Unidos, Barack Obama, en el mes de julio a Espa\\u00f1a, donde conocer\\u00e1, entre otros sitios, la ciudad de Sevilla, pone a la capital hispalense, \\\"en el sitio y en el escaparate mundial que se merece\\\", y espera que\",\"inLanguage\":\"es-ES\",\"isPartOf\":{\"@id\":\"https:\\\/\\\/eldigitaldeasturias.com\\\/magazine365\\\/#website\"},\"breadcrumb\":{\"@id\":\"https:\\\/\\\/eldigitaldeasturias.com\\\/magazine365\\\/la-visita-de-obama-pone-a-sevilla-en-el-escaparate-mundial\\\/#breadcrumblist\"},\"author\":{\"@id\":\"https:\\\/\\\/eldigitaldeasturias.com\\\/magazine365\\\/author\\\/admin\\\/#author\"},\"creator\":{\"@id\":\"https:\\\/\\\/eldigitaldeasturias.com\\\/magazine365\\\/author\\\/admin\\\/#author\"},\"image\":{\"@type\":\"ImageObject\",\"url\":\"https:\\\/\\\/eldigitaldeasturias.com\\\/magazine365\\\/wp-content\\\/uploads\\\/2015\\\/09\\\/bar-sevilla.jpg\",\"@id\":\"https:\\\/\\\/eldigitaldeasturias.com\\\/magazine365\\\/la-visita-de-obama-pone-a-sevilla-en-el-escaparate-mundial\\\/#mainImage\",\"width\":800,\"height\":1200},\"primaryImageOfPage\":{\"@id\":\"https:\\\/\\\/eldigitaldeasturias.com\\\/magazine365\\\/la-visita-de-obama-pone-a-sevilla-en-el-escaparate-mundial\\\/#mainImage\"},\"datePublished\":\"2016-06-08T11:56:34+02:00\",\"dateModified\":\"2016-06-08T11:56:34+02:00\"},{\"@type\":\"WebSite\",\"@id\":\"https:\\\/\\\/eldigitaldeasturias.com\\\/magazine365\\\/#website\",\"url\":\"https:\\\/\\\/eldigitaldeasturias.com\\\/magazine365\\\/\",\"name\":\"El Digital de Asturias\",\"description\":\"Revista de ocio, turismo y estilo de vida\",\"inLanguage\":\"es-ES\",\"publisher\":{\"@id\":\"https:\\\/\\\/eldigitaldeasturias.com\\\/magazine365\\\/#organization\"}}]}\n\t\t<\/script>\n\t\t<!-- All in One SEO Pro -->\r\n\t\t<title>La visita de Obama \u00abpone a Sevilla en el escaparate mundial\u00bb | El Digital de Asturias<\/title>\n\n","aioseo_head_json":{"title":"La visita de Obama \u00abpone a Sevilla en el escaparate mundial\u00bb | El Digital de Asturias","description":"El consejero de Turismo y Deporte, Francisco Javier Fern\u00e1ndez, cree que la visita del presidente de Estados Unidos, Barack Obama, en el mes de julio a Espa\u00f1a, donde conocer\u00e1, entre otros sitios, la ciudad de Sevilla, pone a la capital hispalense, \"en el sitio y en el escaparate mundial que se merece\", y espera que","canonical_url":"https:\/\/eldigitaldeasturias.com\/magazine365\/la-visita-de-obama-pone-a-sevilla-en-el-escaparate-mundial\/","robots":"max-image-preview:large","keywords":"noticias y actualidad","webmasterTools":{"google-site-verification":"UA-38556648-1","miscellaneous":""},"schema":{"@context":"https:\/\/schema.org","@graph":[{"@type":"Article","@id":"https:\/\/eldigitaldeasturias.com\/magazine365\/la-visita-de-obama-pone-a-sevilla-en-el-escaparate-mundial\/#article","name":"La visita de Obama \u00abpone a Sevilla en el escaparate mundial\u00bb | El Digital de Asturias","headline":"La visita de Obama \u00abpone a Sevilla en el escaparate mundial\u00bb","author":{"@id":"https:\/\/eldigitaldeasturias.com\/magazine365\/author\/admin\/#author"},"publisher":{"@id":"https:\/\/eldigitaldeasturias.com\/magazine365\/#organization"},"image":{"@type":"ImageObject","url":"https:\/\/eldigitaldeasturias.com\/magazine365\/wp-content\/uploads\/2015\/09\/bar-sevilla.jpg","width":800,"height":1200},"datePublished":"2016-06-08T11:56:34+02:00","dateModified":"2016-06-08T11:56:34+02:00","inLanguage":"es-ES","mainEntityOfPage":{"@id":"https:\/\/eldigitaldeasturias.com\/magazine365\/la-visita-de-obama-pone-a-sevilla-en-el-escaparate-mundial\/#webpage"},"isPartOf":{"@id":"https:\/\/eldigitaldeasturias.com\/magazine365\/la-visita-de-obama-pone-a-sevilla-en-el-escaparate-mundial\/#webpage"},"articleSection":"Noticias y Actualidad"},{"@type":"BreadcrumbList","@id":"https:\/\/eldigitaldeasturias.com\/magazine365\/la-visita-de-obama-pone-a-sevilla-en-el-escaparate-mundial\/#breadcrumblist","itemListElement":[{"@type":"ListItem","@id":"https:\/\/eldigitaldeasturias.com\/magazine365#listItem","position":1,"name":"Home","item":"https:\/\/eldigitaldeasturias.com\/magazine365","nextItem":{"@type":"ListItem","@id":"https:\/\/eldigitaldeasturias.com\/magazine365\/category\/noticias-actualidad\/#listItem","name":"Noticias y Actualidad"}},{"@type":"ListItem","@id":"https:\/\/eldigitaldeasturias.com\/magazine365\/category\/noticias-actualidad\/#listItem","position":2,"name":"Noticias y Actualidad","item":"https:\/\/eldigitaldeasturias.com\/magazine365\/category\/noticias-actualidad\/","nextItem":{"@type":"ListItem","@id":"https:\/\/eldigitaldeasturias.com\/magazine365\/la-visita-de-obama-pone-a-sevilla-en-el-escaparate-mundial\/#listItem","name":"La visita de Obama \u00abpone a Sevilla en el escaparate mundial\u00bb"},"previousItem":{"@type":"ListItem","@id":"https:\/\/eldigitaldeasturias.com\/magazine365#listItem","name":"Home"}},{"@type":"ListItem","@id":"https:\/\/eldigitaldeasturias.com\/magazine365\/la-visita-de-obama-pone-a-sevilla-en-el-escaparate-mundial\/#listItem","position":3,"name":"La visita de Obama \u00abpone a Sevilla en el escaparate mundial\u00bb","previousItem":{"@type":"ListItem","@id":"https:\/\/eldigitaldeasturias.com\/magazine365\/category\/noticias-actualidad\/#listItem","name":"Noticias y Actualidad"}}]},{"@type":"Organization","@id":"https:\/\/eldigitaldeasturias.com\/magazine365\/#organization","name":"El digital de Asturias","description":"Revista de ocio, turismo y estilo de vida","url":"https:\/\/eldigitaldeasturias.com\/magazine365\/","logo":{"@type":"ImageObject","url":"https:\/\/www.eldigitaldeasturias.com\/noticias\/wp-content\/uploads\/2020\/12\/EDA.jpg","@id":"https:\/\/eldigitaldeasturias.com\/magazine365\/la-visita-de-obama-pone-a-sevilla-en-el-escaparate-mundial\/#organizationLogo"},"image":{"@id":"https:\/\/eldigitaldeasturias.com\/magazine365\/la-visita-de-obama-pone-a-sevilla-en-el-escaparate-mundial\/#organizationLogo"}},{"@type":"Person","@id":"https:\/\/eldigitaldeasturias.com\/magazine365\/author\/admin\/#author","url":"https:\/\/eldigitaldeasturias.com\/magazine365\/author\/admin\/","name":"admin","image":{"@type":"ImageObject","@id":"https:\/\/eldigitaldeasturias.com\/magazine365\/la-visita-de-obama-pone-a-sevilla-en-el-escaparate-mundial\/#authorImage","url":"https:\/\/eldigitaldeasturias.com\/magazine365\/wp-content\/litespeed\/avatar\/e571bcf59a0edd6fa6838245a470f2fe.jpg?ver=1776969259","width":96,"height":96,"caption":"admin"}},{"@type":"WebPage","@id":"https:\/\/eldigitaldeasturias.com\/magazine365\/la-visita-de-obama-pone-a-sevilla-en-el-escaparate-mundial\/#webpage","url":"https:\/\/eldigitaldeasturias.com\/magazine365\/la-visita-de-obama-pone-a-sevilla-en-el-escaparate-mundial\/","name":"La visita de Obama \u00abpone a Sevilla en el escaparate mundial\u00bb | El Digital de Asturias","description":"El consejero de Turismo y Deporte, Francisco Javier Fern\u00e1ndez, cree que la visita del presidente de Estados Unidos, Barack Obama, en el mes de julio a Espa\u00f1a, donde conocer\u00e1, entre otros sitios, la ciudad de Sevilla, pone a la capital hispalense, \"en el sitio y en el escaparate mundial que se merece\", y espera que","inLanguage":"es-ES","isPartOf":{"@id":"https:\/\/eldigitaldeasturias.com\/magazine365\/#website"},"breadcrumb":{"@id":"https:\/\/eldigitaldeasturias.com\/magazine365\/la-visita-de-obama-pone-a-sevilla-en-el-escaparate-mundial\/#breadcrumblist"},"author":{"@id":"https:\/\/eldigitaldeasturias.com\/magazine365\/author\/admin\/#author"},"creator":{"@id":"https:\/\/eldigitaldeasturias.com\/magazine365\/author\/admin\/#author"},"image":{"@type":"ImageObject","url":"https:\/\/eldigitaldeasturias.com\/magazine365\/wp-content\/uploads\/2015\/09\/bar-sevilla.jpg","@id":"https:\/\/eldigitaldeasturias.com\/magazine365\/la-visita-de-obama-pone-a-sevilla-en-el-escaparate-mundial\/#mainImage","width":800,"height":1200},"primaryImageOfPage":{"@id":"https:\/\/eldigitaldeasturias.com\/magazine365\/la-visita-de-obama-pone-a-sevilla-en-el-escaparate-mundial\/#mainImage"},"datePublished":"2016-06-08T11:56:34+02:00","dateModified":"2016-06-08T11:56:34+02:00"},{"@type":"WebSite","@id":"https:\/\/eldigitaldeasturias.com\/magazine365\/#website","url":"https:\/\/eldigitaldeasturias.com\/magazine365\/","name":"El Digital de Asturias","description":"Revista de ocio, turismo y estilo de vida","inLanguage":"es-ES","publisher":{"@id":"https:\/\/eldigitaldeasturias.com\/magazine365\/#organization"}}]},"og:locale":"es_ES","og:site_name":"El Digital de Asturias \u2013 Revista de ocio, turismo y estilo de vida","og:type":"article","og:title":"La visita de Obama \u00abpone a Sevilla en el escaparate mundial\u00bb | El Digital de Asturias","og:description":"El consejero de Turismo y Deporte, Francisco Javier Fern\u00e1ndez, cree que la visita del presidente de Estados Unidos, Barack Obama, en el mes de julio a Espa\u00f1a, donde conocer\u00e1, entre otros sitios, la ciudad de Sevilla, pone a la capital hispalense, &quot;en el sitio y en el escaparate mundial que se merece&quot;, y espera que","og:url":"https:\/\/eldigitaldeasturias.com\/magazine365\/la-visita-de-obama-pone-a-sevilla-en-el-escaparate-mundial\/","og:image":"https:\/\/eldigitaldeasturias.com\/magazine365\/wp-content\/uploads\/2015\/09\/bar-sevilla.jpg","og:image:secure_url":"https:\/\/eldigitaldeasturias.com\/magazine365\/wp-content\/uploads\/2015\/09\/bar-sevilla.jpg","og:image:width":800,"og:image:height":1200,"article:published_time":"2016-06-08T09:56:34+00:00","article:modified_time":"2016-06-08T09:56:34+00:00","twitter:card":"summary_large_image","twitter:title":"La visita de Obama \u00abpone a Sevilla en el escaparate mundial\u00bb | El Digital de Asturias","twitter:description":"El consejero de Turismo y Deporte, Francisco Javier Fern\u00e1ndez, cree que la visita del presidente de Estados Unidos, Barack Obama, en el mes de julio a Espa\u00f1a, donde conocer\u00e1, entre otros sitios, la ciudad de Sevilla, pone a la capital hispalense, &quot;en el sitio y en el escaparate mundial que se merece&quot;, y espera que","twitter:image":"https:\/\/eldigitaldeasturias.com\/magazine365\/wp-content\/uploads\/2015\/09\/bar-sevilla.jpg"},"aioseo_meta_data":{"post_id":"78026","title":null,"description":null,"keywords":null,"keyphrases":null,"primary_term":null,"canonical_url":null,"og_title":null,"og_description":null,"og_object_type":"default","og_image_type":"default","og_image_url":null,"og_image_width":null,"og_image_height":null,"og_image_custom_url":null,"og_image_custom_fields":null,"og_video":null,"og_custom_url":null,"og_article_section":null,"og_article_tags":null,"twitter_use_og":false,"twitter_card":"default","twitter_image_type":"default","twitter_image_url":null,"twitter_image_custom_url":null,"twitter_image_custom_fields":null,"twitter_title":null,"twitter_description":null,"schema":{"blockGraphs":[],"customGraphs":[],"default":{"data":{"Article":[],"Course":[],"Dataset":[],"FAQPage":[],"Movie":[],"Person":[],"Product":[],"ProductReview":[],"Car":[],"Recipe":[],"Service":[],"SoftwareApplication":[],"WebPage":[]},"graphName":"","isEnabled":true},"graphs":[]},"schema_type":null,"schema_type_options":null,"pillar_content":false,"robots_default":true,"robots_noindex":false,"robots_noarchive":false,"robots_nosnippet":false,"robots_nofollow":false,"robots_noimageindex":false,"robots_noodp":false,"robots_notranslate":false,"robots_max_snippet":null,"robots_max_videopreview":null,"robots_max_imagepreview":"large","priority":null,"frequency":null,"location":null,"local_seo":null,"seo_analyzer_scan_date":"2025-09-27 16:06:23","breadcrumb_settings":null,"limit_modified_date":false,"open_ai":null,"ai":null,"created":"2021-03-08 18:05:46","updated":"2025-09-27 16:06:23"},"aioseo_breadcrumb":"<div class=\"aioseo-breadcrumbs\"><span class=\"aioseo-breadcrumb\">\n\t<a href=\"https:\/\/eldigitaldeasturias.com\/magazine365\" title=\"Home\">Home<\/a>\n<\/span><span class=\"aioseo-breadcrumb-separator\">\u2013<\/span><span class=\"aioseo-breadcrumb\">\n\t<a href=\"https:\/\/eldigitaldeasturias.com\/magazine365\/category\/noticias-actualidad\/\" title=\"Noticias y Actualidad\">Noticias y Actualidad<\/a>\n<\/span><span class=\"aioseo-breadcrumb-separator\">\u2013<\/span><span class=\"aioseo-breadcrumb\">\n\t<a href=\"https:\/\/eldigitaldeasturias.com\/magazine365\/la-visita-de-obama-pone-a-sevilla-en-el-escaparate-mundial\/\" title=\"La visita de Obama \u00abpone a Sevilla en el escaparate mundial\u00bb\">La visita de Obama \u00abpone a Sevilla en el escaparate mundial\u00bb<\/a>\n<\/span><\/div>","aioseo_breadcrumb_json":[{"label":"Home","link":"https:\/\/eldigitaldeasturias.com\/magazine365"},{"label":"Noticias y Actualidad","link":"https:\/\/eldigitaldeasturias.com\/magazine365\/category\/noticias-actualidad\/"},{"label":"La visita de Obama \u00abpone a Sevilla en el escaparate mundial\u00bb","link":"https:\/\/eldigitaldeasturias.com\/magazine365\/la-visita-de-obama-pone-a-sevilla-en-el-escaparate-mundial\/"}],"_links":{"self":[{"href":"https:\/\/eldigitaldeasturias.com\/magazine365\/wp-json\/wp\/v2\/posts\/78026","targetHints":{"allow":["GET"]}}],"collection":[{"href":"https:\/\/eldigitaldeasturias.com\/magazine365\/wp-json\/wp\/v2\/posts"}],"about":[{"href":"https:\/\/eldigitaldeasturias.com\/magazine365\/wp-json\/wp\/v2\/types\/post"}],"author":[{"embeddable":true,"href":"https:\/\/eldigitaldeasturias.com\/magazine365\/wp-json\/wp\/v2\/users\/1"}],"replies":[{"embeddable":true,"href":"https:\/\/eldigitaldeasturias.com\/magazine365\/wp-json\/wp\/v2\/comments?post=78026"}],"version-history":[{"count":0,"href":"https:\/\/eldigitaldeasturias.com\/magazine365\/wp-json\/wp\/v2\/posts\/78026\/revisions"}],"wp:featuredmedia":[{"embeddable":true,"href":"https:\/\/eldigitaldeasturias.com\/magazine365\/wp-json\/wp\/v2\/media\/49463"}],"wp:attachment":[{"href":"https:\/\/eldigitaldeasturias.com\/magazine365\/wp-json\/wp\/v2\/media?parent=78026"}],"wp:term":[{"taxonomy":"category","embeddable":true,"href":"https:\/\/eldigitaldeasturias.com\/magazine365\/wp-json\/wp\/v2\/categories?post=78026"},{"taxonomy":"post_tag","embeddable":true,"href":"https:\/\/eldigitaldeasturias.com\/magazine365\/wp-json\/wp\/v2\/tags?post=78026"}],"curies":[{"name":"wp","href":"https:\/\/api.w.org\/{rel}","templated":true}]}}