{"id":78020,"date":"2016-06-08T11:54:14","date_gmt":"2016-06-08T09:54:14","guid":{"rendered":"http:\/\/eldigitaldeasturias.com\/magazine365\/?p=78020"},"modified":"2016-06-08T11:54:14","modified_gmt":"2016-06-08T09:54:14","slug":"la-uclm-se-suma-al-iv-centenario-de-la-muerte-de-cervantes","status":"publish","type":"post","link":"https:\/\/eldigitaldeasturias.com\/magazine365\/la-uclm-se-suma-al-iv-centenario-de-la-muerte-de-cervantes\/","title":{"rendered":"La UCLM se suma al IV Centenario de la muerte de Cervantes"},"content":{"rendered":"<p><img fetchpriority=\"high\" decoding=\"async\" class=\"alignleft size-medium wp-image-78021\" src=\"https:\/\/eldigitaldeasturias.com\/magazine365\/wp-content\/uploads\/2016\/06\/fotonoticia_20160607134534_800-360x240.jpg\" alt=\"fotonoticia_20160607134534_800\" width=\"360\" height=\"240\" srcset=\"https:\/\/eldigitaldeasturias.com\/magazine365\/wp-content\/uploads\/2016\/06\/fotonoticia_20160607134534_800-360x240.jpg 360w, https:\/\/eldigitaldeasturias.com\/magazine365\/wp-content\/uploads\/2016\/06\/fotonoticia_20160607134534_800-650x434.jpg 650w, https:\/\/eldigitaldeasturias.com\/magazine365\/wp-content\/uploads\/2016\/06\/fotonoticia_20160607134534_800-768x513.jpg 768w, https:\/\/eldigitaldeasturias.com\/magazine365\/wp-content\/uploads\/2016\/06\/fotonoticia_20160607134534_800-150x100.jpg 150w, https:\/\/eldigitaldeasturias.com\/magazine365\/wp-content\/uploads\/2016\/06\/fotonoticia_20160607134534_800-450x300.jpg 450w, https:\/\/eldigitaldeasturias.com\/magazine365\/wp-content\/uploads\/2016\/06\/fotonoticia_20160607134534_800-101x66.jpg 101w, https:\/\/eldigitaldeasturias.com\/magazine365\/wp-content\/uploads\/2016\/06\/fotonoticia_20160607134534_800.jpg 800w\" sizes=\"(max-width: 360px) 100vw, 360px\" \/>La Universidad de Castilla-La Mancha (UCLM) ha programado una agenda cultural \u00abviva y din\u00e1mica\u00bb dirigida a toda la comunidad universitaria, con motivo de la conmemoraci\u00f3n del IV centenario de la muerte de Cervantes, con una hoja de ruta que incluye concursos, rutas, conferencias, cine, cursos, exposiciones, obras de teatro o seminarios.<\/p>\n<p>Entre esas actuaciones que se llevar\u00e1n a cabo durante el presente a\u00f1o est\u00e1n previstas las exposiciones &#8216;Uno y mil quijotes&#8217; y &#8216;El Quijote en el c\u00f3mic&#8217;; los talleres &#8216;Jornadas gastron\u00f3micas cervantinas&#8217;, &#8216;Entremeses&#8217;, &#8216;Catas de vino&#8217;, &#8216;Laboratorio de escritura&#8217; y &#8216;Cuentaquijotes&#8217;; o la presentaci\u00f3n en Ciudad Real de las publicaciones &#8216;Uno y mil quijotes: la visi\u00f3n de los ilustradores? y &#8216;Don Quijote en los cinco continentes. Acerca de la recepci\u00f3n internacional de la novela cervantina&#8217;.<\/p>\n<p>Asimismo, 3 de los 38 cursos de verano programados en la 29\u00aa edici\u00f3n desde el Vicerrectorado de Cultura, Deporte y Extensi\u00f3n Universitaria versar\u00e1n sobre la figura del escritor espa\u00f1ol. La localidad conquense de San Clemente acoger\u00e1 &#8216;Turismo en tierras de Cervantes&#8217;, &#8216;Nutrici\u00f3n y gastronom\u00eda: el yantar en el Quijote&#8217; se celebrar\u00e1 en Toledo; mientras que el campus ciudadreale\u00f1o ser\u00e1 sede de &#8216;Miguel de Cervantes en sus personajes hist\u00f3ricos&#8217;.<\/p>\n<p>As\u00ed lo ha avanzado el rector de la instituci\u00f3n, Miguel \u00c1ngel Collado, que ha estado acompa\u00f1ado en rueda de prensa por la vicerrectora de Cultura, Deporte y Extensi\u00f3n Universitaria, Mar\u00eda \u00c1ngeles Zurilla.<\/p>\n<p>Collado ha indicado tambi\u00e9n la celebraci\u00f3n en Toledo del Congreso &#8216;El teatro de Cervantes y el nacimiento de la comedia espa\u00f1ola&#8217;; del VII Seminario \u00c1ureo Internacional &#8216;Calder\u00f3n en nuestros d\u00edas&#8217;, en Ciudad Real y Argamasilla de Alba; el ciclo de conferencias cervantinas, o las &#8216;Jornadas cervantinas en homenaje a Luis Astrana Mar\u00edn&#8217;, en Villaescusa de Haro.<\/p>\n<p>En este sentido, ha apostillado que a estas actividades hay que sumar los conciertos de la Agrupaci\u00f3n Musical Universitaria de Albacete y los de la Camerata Cervantina en Albacete, Almad\u00e9n, Ciudad Real, Cuenca, Talavera y Toledo; la puesta en escena de la obra &#8216;El cautiverio de Argel&#8217;, a cargo de Malaestripe, y la proyecci\u00f3n del corto de animaci\u00f3n &#8216;Cervantes&#8217;.<\/p>\n<p>Desde el Servicio de Deportes de la UCLM se ha organizado una jornada de senderismo en Ciudad Real, as\u00ed como la &#8216;Copa Cervantes de F\u00fatbol 7&#8217; y el &#8216;Intercampus Cervantes. Dos competiciones que se celebrar\u00e1n en las sedes de Albacete, Ciudad Real, Cuenca y Toledo. Adem\u00e1s, el Centro de Estudios de Castilla-La Mancha pondr\u00e1 en marcha la ruta &#8216;Por tierras de Cevantes&#8217;, que recorrer\u00e1 Quintanar de la Orden, El Bonillo, Almod\u00f3var del Campo, Oca\u00f1a y Belmonte.<\/p>\n<p>Por \u00faltimo, ha resaltado la labor del Centro de Iniciativas Culturales, precursora de esta iniciativa, por su af\u00e1n de promover, incentivar, programar y canalizar esta serie de actividades que se desarrollar\u00e1n en las diferentes sedes de la Universidad regional.<\/p>\n","protected":false},"excerpt":{"rendered":"<p>La Universidad de Castilla-La Mancha (UCLM) ha programado una agenda cultural \u00abviva y din\u00e1mica\u00bb dirigida a toda la comunidad universitaria, con motivo de la conmemoraci\u00f3n del IV centenario de la muerte de Cervantes, con una hoja de ruta que incluye concursos, rutas, conferencias, cine, cursos, exposiciones, obras de teatro o seminarios. Entre esas actuaciones que<\/p>\n","protected":false},"author":1,"featured_media":78021,"comment_status":"open","ping_status":"closed","sticky":false,"template":"","format":"standard","meta":{"footnotes":""},"categories":[224],"tags":[],"class_list":{"0":"post-78020","1":"post","2":"type-post","3":"status-publish","4":"format-standard","5":"has-post-thumbnail","7":"category-noticias-actualidad"},"aioseo_notices":[],"aioseo_head":"\n\t\t<!-- All in One SEO Pro 4.9.6.1 - aioseo.com -->\n\t<meta name=\"description\" content=\"La Universidad de Castilla-La Mancha (UCLM) ha programado una agenda cultural &quot;viva y din\u00e1mica&quot; dirigida a toda la comunidad universitaria, con motivo de la conmemoraci\u00f3n del IV centenario de la muerte de Cervantes, con una hoja de ruta que incluye concursos, rutas, conferencias, cine, cursos, exposiciones, obras de teatro o seminarios. Entre esas actuaciones que\" \/>\n\t<meta name=\"robots\" content=\"max-image-preview:large\" \/>\n\t<meta name=\"author\" content=\"admin\"\/>\n\t<meta name=\"google-site-verification\" content=\"UA-38556648-1\" \/>\n\t<meta name=\"keywords\" content=\"noticias y actualidad\" \/>\n\t<link rel=\"canonical\" href=\"https:\/\/eldigitaldeasturias.com\/magazine365\/la-uclm-se-suma-al-iv-centenario-de-la-muerte-de-cervantes\/\" \/>\n\t<meta name=\"generator\" content=\"All in One SEO Pro (AIOSEO) 4.9.6.1\" \/>\n\t\t<meta property=\"og:locale\" content=\"es_ES\" \/>\n\t\t<meta property=\"og:site_name\" content=\"El Digital de Asturias \u2013 Revista de ocio, turismo y estilo de vida\" \/>\n\t\t<meta property=\"og:type\" content=\"article\" \/>\n\t\t<meta property=\"og:title\" content=\"La UCLM se suma al IV Centenario de la muerte de Cervantes | El Digital de Asturias\" \/>\n\t\t<meta property=\"og:description\" content=\"La Universidad de Castilla-La Mancha (UCLM) ha programado una agenda cultural &quot;viva y din\u00e1mica&quot; dirigida a toda la comunidad universitaria, con motivo de la conmemoraci\u00f3n del IV centenario de la muerte de Cervantes, con una hoja de ruta que incluye concursos, rutas, conferencias, cine, cursos, exposiciones, obras de teatro o seminarios. Entre esas actuaciones que\" \/>\n\t\t<meta property=\"og:url\" content=\"https:\/\/eldigitaldeasturias.com\/magazine365\/la-uclm-se-suma-al-iv-centenario-de-la-muerte-de-cervantes\/\" \/>\n\t\t<meta property=\"og:image\" content=\"https:\/\/eldigitaldeasturias.com\/magazine365\/wp-content\/uploads\/2016\/06\/fotonoticia_20160607134534_800.jpg\" \/>\n\t\t<meta property=\"og:image:secure_url\" content=\"https:\/\/eldigitaldeasturias.com\/magazine365\/wp-content\/uploads\/2016\/06\/fotonoticia_20160607134534_800.jpg\" \/>\n\t\t<meta property=\"og:image:width\" content=\"800\" \/>\n\t\t<meta property=\"og:image:height\" content=\"534\" \/>\n\t\t<meta property=\"article:published_time\" content=\"2016-06-08T09:54:14+00:00\" \/>\n\t\t<meta property=\"article:modified_time\" content=\"2016-06-08T09:54:14+00:00\" \/>\n\t\t<meta name=\"twitter:card\" content=\"summary_large_image\" \/>\n\t\t<meta name=\"twitter:title\" content=\"La UCLM se suma al IV Centenario de la muerte de Cervantes | El Digital de Asturias\" \/>\n\t\t<meta name=\"twitter:description\" content=\"La Universidad de Castilla-La Mancha (UCLM) ha programado una agenda cultural &quot;viva y din\u00e1mica&quot; dirigida a toda la comunidad universitaria, con motivo de la conmemoraci\u00f3n del IV centenario de la muerte de Cervantes, con una hoja de ruta que incluye concursos, rutas, conferencias, cine, cursos, exposiciones, obras de teatro o seminarios. Entre esas actuaciones que\" \/>\n\t\t<meta name=\"twitter:image\" content=\"https:\/\/eldigitaldeasturias.com\/magazine365\/wp-content\/uploads\/2016\/06\/fotonoticia_20160607134534_800.jpg\" \/>\n\t\t<script type=\"application\/ld+json\" class=\"aioseo-schema\">\n\t\t\t{\"@context\":\"https:\\\/\\\/schema.org\",\"@graph\":[{\"@type\":\"Article\",\"@id\":\"https:\\\/\\\/eldigitaldeasturias.com\\\/magazine365\\\/la-uclm-se-suma-al-iv-centenario-de-la-muerte-de-cervantes\\\/#article\",\"name\":\"La UCLM se suma al IV Centenario de la muerte de Cervantes | El Digital de Asturias\",\"headline\":\"La UCLM se suma al IV Centenario de la muerte de Cervantes\",\"author\":{\"@id\":\"https:\\\/\\\/eldigitaldeasturias.com\\\/magazine365\\\/author\\\/admin\\\/#author\"},\"publisher\":{\"@id\":\"https:\\\/\\\/eldigitaldeasturias.com\\\/magazine365\\\/#organization\"},\"image\":{\"@type\":\"ImageObject\",\"url\":\"https:\\\/\\\/eldigitaldeasturias.com\\\/magazine365\\\/wp-content\\\/uploads\\\/2016\\\/06\\\/fotonoticia_20160607134534_800.jpg\",\"width\":800,\"height\":534},\"datePublished\":\"2016-06-08T11:54:14+02:00\",\"dateModified\":\"2016-06-08T11:54:14+02:00\",\"inLanguage\":\"es-ES\",\"mainEntityOfPage\":{\"@id\":\"https:\\\/\\\/eldigitaldeasturias.com\\\/magazine365\\\/la-uclm-se-suma-al-iv-centenario-de-la-muerte-de-cervantes\\\/#webpage\"},\"isPartOf\":{\"@id\":\"https:\\\/\\\/eldigitaldeasturias.com\\\/magazine365\\\/la-uclm-se-suma-al-iv-centenario-de-la-muerte-de-cervantes\\\/#webpage\"},\"articleSection\":\"Noticias y Actualidad\"},{\"@type\":\"BreadcrumbList\",\"@id\":\"https:\\\/\\\/eldigitaldeasturias.com\\\/magazine365\\\/la-uclm-se-suma-al-iv-centenario-de-la-muerte-de-cervantes\\\/#breadcrumblist\",\"itemListElement\":[{\"@type\":\"ListItem\",\"@id\":\"https:\\\/\\\/eldigitaldeasturias.com\\\/magazine365#listItem\",\"position\":1,\"name\":\"Home\",\"item\":\"https:\\\/\\\/eldigitaldeasturias.com\\\/magazine365\",\"nextItem\":{\"@type\":\"ListItem\",\"@id\":\"https:\\\/\\\/eldigitaldeasturias.com\\\/magazine365\\\/category\\\/noticias-actualidad\\\/#listItem\",\"name\":\"Noticias y Actualidad\"}},{\"@type\":\"ListItem\",\"@id\":\"https:\\\/\\\/eldigitaldeasturias.com\\\/magazine365\\\/category\\\/noticias-actualidad\\\/#listItem\",\"position\":2,\"name\":\"Noticias y Actualidad\",\"item\":\"https:\\\/\\\/eldigitaldeasturias.com\\\/magazine365\\\/category\\\/noticias-actualidad\\\/\",\"nextItem\":{\"@type\":\"ListItem\",\"@id\":\"https:\\\/\\\/eldigitaldeasturias.com\\\/magazine365\\\/la-uclm-se-suma-al-iv-centenario-de-la-muerte-de-cervantes\\\/#listItem\",\"name\":\"La UCLM se suma al IV Centenario de la muerte de Cervantes\"},\"previousItem\":{\"@type\":\"ListItem\",\"@id\":\"https:\\\/\\\/eldigitaldeasturias.com\\\/magazine365#listItem\",\"name\":\"Home\"}},{\"@type\":\"ListItem\",\"@id\":\"https:\\\/\\\/eldigitaldeasturias.com\\\/magazine365\\\/la-uclm-se-suma-al-iv-centenario-de-la-muerte-de-cervantes\\\/#listItem\",\"position\":3,\"name\":\"La UCLM se suma al IV Centenario de la muerte de Cervantes\",\"previousItem\":{\"@type\":\"ListItem\",\"@id\":\"https:\\\/\\\/eldigitaldeasturias.com\\\/magazine365\\\/category\\\/noticias-actualidad\\\/#listItem\",\"name\":\"Noticias y Actualidad\"}}]},{\"@type\":\"Organization\",\"@id\":\"https:\\\/\\\/eldigitaldeasturias.com\\\/magazine365\\\/#organization\",\"name\":\"El digital de Asturias\",\"description\":\"Revista de ocio, turismo y estilo de vida\",\"url\":\"https:\\\/\\\/eldigitaldeasturias.com\\\/magazine365\\\/\",\"logo\":{\"@type\":\"ImageObject\",\"url\":\"https:\\\/\\\/www.eldigitaldeasturias.com\\\/noticias\\\/wp-content\\\/uploads\\\/2020\\\/12\\\/EDA.jpg\",\"@id\":\"https:\\\/\\\/eldigitaldeasturias.com\\\/magazine365\\\/la-uclm-se-suma-al-iv-centenario-de-la-muerte-de-cervantes\\\/#organizationLogo\"},\"image\":{\"@id\":\"https:\\\/\\\/eldigitaldeasturias.com\\\/magazine365\\\/la-uclm-se-suma-al-iv-centenario-de-la-muerte-de-cervantes\\\/#organizationLogo\"}},{\"@type\":\"Person\",\"@id\":\"https:\\\/\\\/eldigitaldeasturias.com\\\/magazine365\\\/author\\\/admin\\\/#author\",\"url\":\"https:\\\/\\\/eldigitaldeasturias.com\\\/magazine365\\\/author\\\/admin\\\/\",\"name\":\"admin\",\"image\":{\"@type\":\"ImageObject\",\"@id\":\"https:\\\/\\\/eldigitaldeasturias.com\\\/magazine365\\\/la-uclm-se-suma-al-iv-centenario-de-la-muerte-de-cervantes\\\/#authorImage\",\"url\":\"https:\\\/\\\/eldigitaldeasturias.com\\\/magazine365\\\/wp-content\\\/litespeed\\\/avatar\\\/e571bcf59a0edd6fa6838245a470f2fe.jpg?ver=1776969259\",\"width\":96,\"height\":96,\"caption\":\"admin\"}},{\"@type\":\"WebPage\",\"@id\":\"https:\\\/\\\/eldigitaldeasturias.com\\\/magazine365\\\/la-uclm-se-suma-al-iv-centenario-de-la-muerte-de-cervantes\\\/#webpage\",\"url\":\"https:\\\/\\\/eldigitaldeasturias.com\\\/magazine365\\\/la-uclm-se-suma-al-iv-centenario-de-la-muerte-de-cervantes\\\/\",\"name\":\"La UCLM se suma al IV Centenario de la muerte de Cervantes | El Digital de Asturias\",\"description\":\"La Universidad de Castilla-La Mancha (UCLM) ha programado una agenda cultural \\\"viva y din\\u00e1mica\\\" dirigida a toda la comunidad universitaria, con motivo de la conmemoraci\\u00f3n del IV centenario de la muerte de Cervantes, con una hoja de ruta que incluye concursos, rutas, conferencias, cine, cursos, exposiciones, obras de teatro o seminarios. Entre esas actuaciones que\",\"inLanguage\":\"es-ES\",\"isPartOf\":{\"@id\":\"https:\\\/\\\/eldigitaldeasturias.com\\\/magazine365\\\/#website\"},\"breadcrumb\":{\"@id\":\"https:\\\/\\\/eldigitaldeasturias.com\\\/magazine365\\\/la-uclm-se-suma-al-iv-centenario-de-la-muerte-de-cervantes\\\/#breadcrumblist\"},\"author\":{\"@id\":\"https:\\\/\\\/eldigitaldeasturias.com\\\/magazine365\\\/author\\\/admin\\\/#author\"},\"creator\":{\"@id\":\"https:\\\/\\\/eldigitaldeasturias.com\\\/magazine365\\\/author\\\/admin\\\/#author\"},\"image\":{\"@type\":\"ImageObject\",\"url\":\"https:\\\/\\\/eldigitaldeasturias.com\\\/magazine365\\\/wp-content\\\/uploads\\\/2016\\\/06\\\/fotonoticia_20160607134534_800.jpg\",\"@id\":\"https:\\\/\\\/eldigitaldeasturias.com\\\/magazine365\\\/la-uclm-se-suma-al-iv-centenario-de-la-muerte-de-cervantes\\\/#mainImage\",\"width\":800,\"height\":534},\"primaryImageOfPage\":{\"@id\":\"https:\\\/\\\/eldigitaldeasturias.com\\\/magazine365\\\/la-uclm-se-suma-al-iv-centenario-de-la-muerte-de-cervantes\\\/#mainImage\"},\"datePublished\":\"2016-06-08T11:54:14+02:00\",\"dateModified\":\"2016-06-08T11:54:14+02:00\"},{\"@type\":\"WebSite\",\"@id\":\"https:\\\/\\\/eldigitaldeasturias.com\\\/magazine365\\\/#website\",\"url\":\"https:\\\/\\\/eldigitaldeasturias.com\\\/magazine365\\\/\",\"name\":\"El Digital de Asturias\",\"description\":\"Revista de ocio, turismo y estilo de vida\",\"inLanguage\":\"es-ES\",\"publisher\":{\"@id\":\"https:\\\/\\\/eldigitaldeasturias.com\\\/magazine365\\\/#organization\"}}]}\n\t\t<\/script>\n\t\t<!-- All in One SEO Pro -->\r\n\t\t<title>La UCLM se suma al IV Centenario de la muerte de Cervantes | El Digital de Asturias<\/title>\n\n","aioseo_head_json":{"title":"La UCLM se suma al IV Centenario de la muerte de Cervantes | El Digital de Asturias","description":"La Universidad de Castilla-La Mancha (UCLM) ha programado una agenda cultural \"viva y din\u00e1mica\" dirigida a toda la comunidad universitaria, con motivo de la conmemoraci\u00f3n del IV centenario de la muerte de Cervantes, con una hoja de ruta que incluye concursos, rutas, conferencias, cine, cursos, exposiciones, obras de teatro o seminarios. Entre esas actuaciones que","canonical_url":"https:\/\/eldigitaldeasturias.com\/magazine365\/la-uclm-se-suma-al-iv-centenario-de-la-muerte-de-cervantes\/","robots":"max-image-preview:large","keywords":"noticias y actualidad","webmasterTools":{"google-site-verification":"UA-38556648-1","miscellaneous":""},"schema":{"@context":"https:\/\/schema.org","@graph":[{"@type":"Article","@id":"https:\/\/eldigitaldeasturias.com\/magazine365\/la-uclm-se-suma-al-iv-centenario-de-la-muerte-de-cervantes\/#article","name":"La UCLM se suma al IV Centenario de la muerte de Cervantes | El Digital de Asturias","headline":"La UCLM se suma al IV Centenario de la muerte de Cervantes","author":{"@id":"https:\/\/eldigitaldeasturias.com\/magazine365\/author\/admin\/#author"},"publisher":{"@id":"https:\/\/eldigitaldeasturias.com\/magazine365\/#organization"},"image":{"@type":"ImageObject","url":"https:\/\/eldigitaldeasturias.com\/magazine365\/wp-content\/uploads\/2016\/06\/fotonoticia_20160607134534_800.jpg","width":800,"height":534},"datePublished":"2016-06-08T11:54:14+02:00","dateModified":"2016-06-08T11:54:14+02:00","inLanguage":"es-ES","mainEntityOfPage":{"@id":"https:\/\/eldigitaldeasturias.com\/magazine365\/la-uclm-se-suma-al-iv-centenario-de-la-muerte-de-cervantes\/#webpage"},"isPartOf":{"@id":"https:\/\/eldigitaldeasturias.com\/magazine365\/la-uclm-se-suma-al-iv-centenario-de-la-muerte-de-cervantes\/#webpage"},"articleSection":"Noticias y Actualidad"},{"@type":"BreadcrumbList","@id":"https:\/\/eldigitaldeasturias.com\/magazine365\/la-uclm-se-suma-al-iv-centenario-de-la-muerte-de-cervantes\/#breadcrumblist","itemListElement":[{"@type":"ListItem","@id":"https:\/\/eldigitaldeasturias.com\/magazine365#listItem","position":1,"name":"Home","item":"https:\/\/eldigitaldeasturias.com\/magazine365","nextItem":{"@type":"ListItem","@id":"https:\/\/eldigitaldeasturias.com\/magazine365\/category\/noticias-actualidad\/#listItem","name":"Noticias y Actualidad"}},{"@type":"ListItem","@id":"https:\/\/eldigitaldeasturias.com\/magazine365\/category\/noticias-actualidad\/#listItem","position":2,"name":"Noticias y Actualidad","item":"https:\/\/eldigitaldeasturias.com\/magazine365\/category\/noticias-actualidad\/","nextItem":{"@type":"ListItem","@id":"https:\/\/eldigitaldeasturias.com\/magazine365\/la-uclm-se-suma-al-iv-centenario-de-la-muerte-de-cervantes\/#listItem","name":"La UCLM se suma al IV Centenario de la muerte de Cervantes"},"previousItem":{"@type":"ListItem","@id":"https:\/\/eldigitaldeasturias.com\/magazine365#listItem","name":"Home"}},{"@type":"ListItem","@id":"https:\/\/eldigitaldeasturias.com\/magazine365\/la-uclm-se-suma-al-iv-centenario-de-la-muerte-de-cervantes\/#listItem","position":3,"name":"La UCLM se suma al IV Centenario de la muerte de Cervantes","previousItem":{"@type":"ListItem","@id":"https:\/\/eldigitaldeasturias.com\/magazine365\/category\/noticias-actualidad\/#listItem","name":"Noticias y Actualidad"}}]},{"@type":"Organization","@id":"https:\/\/eldigitaldeasturias.com\/magazine365\/#organization","name":"El digital de Asturias","description":"Revista de ocio, turismo y estilo de vida","url":"https:\/\/eldigitaldeasturias.com\/magazine365\/","logo":{"@type":"ImageObject","url":"https:\/\/www.eldigitaldeasturias.com\/noticias\/wp-content\/uploads\/2020\/12\/EDA.jpg","@id":"https:\/\/eldigitaldeasturias.com\/magazine365\/la-uclm-se-suma-al-iv-centenario-de-la-muerte-de-cervantes\/#organizationLogo"},"image":{"@id":"https:\/\/eldigitaldeasturias.com\/magazine365\/la-uclm-se-suma-al-iv-centenario-de-la-muerte-de-cervantes\/#organizationLogo"}},{"@type":"Person","@id":"https:\/\/eldigitaldeasturias.com\/magazine365\/author\/admin\/#author","url":"https:\/\/eldigitaldeasturias.com\/magazine365\/author\/admin\/","name":"admin","image":{"@type":"ImageObject","@id":"https:\/\/eldigitaldeasturias.com\/magazine365\/la-uclm-se-suma-al-iv-centenario-de-la-muerte-de-cervantes\/#authorImage","url":"https:\/\/eldigitaldeasturias.com\/magazine365\/wp-content\/litespeed\/avatar\/e571bcf59a0edd6fa6838245a470f2fe.jpg?ver=1776969259","width":96,"height":96,"caption":"admin"}},{"@type":"WebPage","@id":"https:\/\/eldigitaldeasturias.com\/magazine365\/la-uclm-se-suma-al-iv-centenario-de-la-muerte-de-cervantes\/#webpage","url":"https:\/\/eldigitaldeasturias.com\/magazine365\/la-uclm-se-suma-al-iv-centenario-de-la-muerte-de-cervantes\/","name":"La UCLM se suma al IV Centenario de la muerte de Cervantes | El Digital de Asturias","description":"La Universidad de Castilla-La Mancha (UCLM) ha programado una agenda cultural \"viva y din\u00e1mica\" dirigida a toda la comunidad universitaria, con motivo de la conmemoraci\u00f3n del IV centenario de la muerte de Cervantes, con una hoja de ruta que incluye concursos, rutas, conferencias, cine, cursos, exposiciones, obras de teatro o seminarios. Entre esas actuaciones que","inLanguage":"es-ES","isPartOf":{"@id":"https:\/\/eldigitaldeasturias.com\/magazine365\/#website"},"breadcrumb":{"@id":"https:\/\/eldigitaldeasturias.com\/magazine365\/la-uclm-se-suma-al-iv-centenario-de-la-muerte-de-cervantes\/#breadcrumblist"},"author":{"@id":"https:\/\/eldigitaldeasturias.com\/magazine365\/author\/admin\/#author"},"creator":{"@id":"https:\/\/eldigitaldeasturias.com\/magazine365\/author\/admin\/#author"},"image":{"@type":"ImageObject","url":"https:\/\/eldigitaldeasturias.com\/magazine365\/wp-content\/uploads\/2016\/06\/fotonoticia_20160607134534_800.jpg","@id":"https:\/\/eldigitaldeasturias.com\/magazine365\/la-uclm-se-suma-al-iv-centenario-de-la-muerte-de-cervantes\/#mainImage","width":800,"height":534},"primaryImageOfPage":{"@id":"https:\/\/eldigitaldeasturias.com\/magazine365\/la-uclm-se-suma-al-iv-centenario-de-la-muerte-de-cervantes\/#mainImage"},"datePublished":"2016-06-08T11:54:14+02:00","dateModified":"2016-06-08T11:54:14+02:00"},{"@type":"WebSite","@id":"https:\/\/eldigitaldeasturias.com\/magazine365\/#website","url":"https:\/\/eldigitaldeasturias.com\/magazine365\/","name":"El Digital de Asturias","description":"Revista de ocio, turismo y estilo de vida","inLanguage":"es-ES","publisher":{"@id":"https:\/\/eldigitaldeasturias.com\/magazine365\/#organization"}}]},"og:locale":"es_ES","og:site_name":"El Digital de Asturias \u2013 Revista de ocio, turismo y estilo de vida","og:type":"article","og:title":"La UCLM se suma al IV Centenario de la muerte de Cervantes | El Digital de Asturias","og:description":"La Universidad de Castilla-La Mancha (UCLM) ha programado una agenda cultural &quot;viva y din\u00e1mica&quot; dirigida a toda la comunidad universitaria, con motivo de la conmemoraci\u00f3n del IV centenario de la muerte de Cervantes, con una hoja de ruta que incluye concursos, rutas, conferencias, cine, cursos, exposiciones, obras de teatro o seminarios. Entre esas actuaciones que","og:url":"https:\/\/eldigitaldeasturias.com\/magazine365\/la-uclm-se-suma-al-iv-centenario-de-la-muerte-de-cervantes\/","og:image":"https:\/\/eldigitaldeasturias.com\/magazine365\/wp-content\/uploads\/2016\/06\/fotonoticia_20160607134534_800.jpg","og:image:secure_url":"https:\/\/eldigitaldeasturias.com\/magazine365\/wp-content\/uploads\/2016\/06\/fotonoticia_20160607134534_800.jpg","og:image:width":800,"og:image:height":534,"article:published_time":"2016-06-08T09:54:14+00:00","article:modified_time":"2016-06-08T09:54:14+00:00","twitter:card":"summary_large_image","twitter:title":"La UCLM se suma al IV Centenario de la muerte de Cervantes | El Digital de Asturias","twitter:description":"La Universidad de Castilla-La Mancha (UCLM) ha programado una agenda cultural &quot;viva y din\u00e1mica&quot; dirigida a toda la comunidad universitaria, con motivo de la conmemoraci\u00f3n del IV centenario de la muerte de Cervantes, con una hoja de ruta que incluye concursos, rutas, conferencias, cine, cursos, exposiciones, obras de teatro o seminarios. Entre esas actuaciones que","twitter:image":"https:\/\/eldigitaldeasturias.com\/magazine365\/wp-content\/uploads\/2016\/06\/fotonoticia_20160607134534_800.jpg"},"aioseo_meta_data":{"post_id":"78020","title":null,"description":null,"keywords":null,"keyphrases":null,"primary_term":null,"canonical_url":null,"og_title":null,"og_description":null,"og_object_type":"default","og_image_type":"default","og_image_url":null,"og_image_width":null,"og_image_height":null,"og_image_custom_url":null,"og_image_custom_fields":null,"og_video":null,"og_custom_url":null,"og_article_section":null,"og_article_tags":null,"twitter_use_og":false,"twitter_card":"default","twitter_image_type":"default","twitter_image_url":null,"twitter_image_custom_url":null,"twitter_image_custom_fields":null,"twitter_title":null,"twitter_description":null,"schema":{"blockGraphs":[],"customGraphs":[],"default":{"data":{"Article":[],"Course":[],"Dataset":[],"FAQPage":[],"Movie":[],"Person":[],"Product":[],"ProductReview":[],"Car":[],"Recipe":[],"Service":[],"SoftwareApplication":[],"WebPage":[]},"graphName":"","isEnabled":true},"graphs":[],"defaultGraph":"","defaultPostTypeGraph":""},"schema_type":null,"schema_type_options":null,"pillar_content":false,"robots_default":true,"robots_noindex":false,"robots_noarchive":false,"robots_nosnippet":false,"robots_nofollow":false,"robots_noimageindex":false,"robots_noodp":false,"robots_notranslate":false,"robots_max_snippet":null,"robots_max_videopreview":null,"robots_max_imagepreview":"large","priority":null,"frequency":null,"location":null,"local_seo":null,"seo_analyzer_scan_date":"2025-09-27 16:06:21","breadcrumb_settings":null,"limit_modified_date":false,"open_ai":null,"ai":null,"created":"2021-03-08 18:05:46","updated":"2025-09-27 16:06:21"},"aioseo_breadcrumb":"<div class=\"aioseo-breadcrumbs\"><span class=\"aioseo-breadcrumb\">\n\t<a href=\"https:\/\/eldigitaldeasturias.com\/magazine365\" title=\"Home\">Home<\/a>\n<\/span><span class=\"aioseo-breadcrumb-separator\">\u2013<\/span><span class=\"aioseo-breadcrumb\">\n\t<a href=\"https:\/\/eldigitaldeasturias.com\/magazine365\/category\/noticias-actualidad\/\" title=\"Noticias y Actualidad\">Noticias y Actualidad<\/a>\n<\/span><span class=\"aioseo-breadcrumb-separator\">\u2013<\/span><span class=\"aioseo-breadcrumb\">\n\t<a href=\"https:\/\/eldigitaldeasturias.com\/magazine365\/la-uclm-se-suma-al-iv-centenario-de-la-muerte-de-cervantes\/\" title=\"La UCLM se suma al IV Centenario de la muerte de Cervantes\">La UCLM se suma al IV Centenario de la muerte de Cervantes<\/a>\n<\/span><\/div>","aioseo_breadcrumb_json":[{"label":"Home","link":"https:\/\/eldigitaldeasturias.com\/magazine365"},{"label":"Noticias y Actualidad","link":"https:\/\/eldigitaldeasturias.com\/magazine365\/category\/noticias-actualidad\/"},{"label":"La UCLM se suma al IV Centenario de la muerte de Cervantes","link":"https:\/\/eldigitaldeasturias.com\/magazine365\/la-uclm-se-suma-al-iv-centenario-de-la-muerte-de-cervantes\/"}],"_links":{"self":[{"href":"https:\/\/eldigitaldeasturias.com\/magazine365\/wp-json\/wp\/v2\/posts\/78020","targetHints":{"allow":["GET"]}}],"collection":[{"href":"https:\/\/eldigitaldeasturias.com\/magazine365\/wp-json\/wp\/v2\/posts"}],"about":[{"href":"https:\/\/eldigitaldeasturias.com\/magazine365\/wp-json\/wp\/v2\/types\/post"}],"author":[{"embeddable":true,"href":"https:\/\/eldigitaldeasturias.com\/magazine365\/wp-json\/wp\/v2\/users\/1"}],"replies":[{"embeddable":true,"href":"https:\/\/eldigitaldeasturias.com\/magazine365\/wp-json\/wp\/v2\/comments?post=78020"}],"version-history":[{"count":0,"href":"https:\/\/eldigitaldeasturias.com\/magazine365\/wp-json\/wp\/v2\/posts\/78020\/revisions"}],"wp:featuredmedia":[{"embeddable":true,"href":"https:\/\/eldigitaldeasturias.com\/magazine365\/wp-json\/wp\/v2\/media\/78021"}],"wp:attachment":[{"href":"https:\/\/eldigitaldeasturias.com\/magazine365\/wp-json\/wp\/v2\/media?parent=78020"}],"wp:term":[{"taxonomy":"category","embeddable":true,"href":"https:\/\/eldigitaldeasturias.com\/magazine365\/wp-json\/wp\/v2\/categories?post=78020"},{"taxonomy":"post_tag","embeddable":true,"href":"https:\/\/eldigitaldeasturias.com\/magazine365\/wp-json\/wp\/v2\/tags?post=78020"}],"curies":[{"name":"wp","href":"https:\/\/api.w.org\/{rel}","templated":true}]}}