{"id":78009,"date":"2016-06-08T11:49:53","date_gmt":"2016-06-08T09:49:53","guid":{"rendered":"http:\/\/eldigitaldeasturias.com\/magazine365\/?p=78009"},"modified":"2016-06-08T11:49:53","modified_gmt":"2016-06-08T09:49:53","slug":"el-gobierno-se-compromete-a-solventar-el-deficit-en-conexiones-ferroportuarias","status":"publish","type":"post","link":"https:\/\/eldigitaldeasturias.com\/magazine365\/el-gobierno-se-compromete-a-solventar-el-deficit-en-conexiones-ferroportuarias\/","title":{"rendered":"El Gobierno se compromete a solventar el \u00abd\u00e9ficit\u00bb en conexiones ferroportuarias"},"content":{"rendered":"<p><img fetchpriority=\"high\" decoding=\"async\" class=\"alignleft size-medium wp-image-78010\" src=\"https:\/\/eldigitaldeasturias.com\/magazine365\/wp-content\/uploads\/2016\/06\/fotonoticia_20160607124459_800-360x203.jpg\" alt=\"fotonoticia_20160607124459_800\" width=\"360\" height=\"203\" srcset=\"https:\/\/eldigitaldeasturias.com\/magazine365\/wp-content\/uploads\/2016\/06\/fotonoticia_20160607124459_800-360x203.jpg 360w, https:\/\/eldigitaldeasturias.com\/magazine365\/wp-content\/uploads\/2016\/06\/fotonoticia_20160607124459_800-650x366.jpg 650w, https:\/\/eldigitaldeasturias.com\/magazine365\/wp-content\/uploads\/2016\/06\/fotonoticia_20160607124459_800-768x432.jpg 768w, https:\/\/eldigitaldeasturias.com\/magazine365\/wp-content\/uploads\/2016\/06\/fotonoticia_20160607124459_800-150x84.jpg 150w, https:\/\/eldigitaldeasturias.com\/magazine365\/wp-content\/uploads\/2016\/06\/fotonoticia_20160607124459_800-450x253.jpg 450w, https:\/\/eldigitaldeasturias.com\/magazine365\/wp-content\/uploads\/2016\/06\/fotonoticia_20160607124459_800-499x280.jpg 499w, https:\/\/eldigitaldeasturias.com\/magazine365\/wp-content\/uploads\/2016\/06\/fotonoticia_20160607124459_800-510x289.jpg 510w, https:\/\/eldigitaldeasturias.com\/magazine365\/wp-content\/uploads\/2016\/06\/fotonoticia_20160607124459_800.jpg 800w\" sizes=\"(max-width: 360px) 100vw, 360px\" \/>El secretario de Estado de Infraestructuras, Transporte y Vivienda del Ministerio de Fomento, Julio G\u00f3mez Pomar, se ha comprometido este martes a solventar el \u00abd\u00e9ficit\u00bb existente en conexiones ferroportuarias en Espa\u00f1a.<\/p>\n<p>Lo ha hecho en la inauguraci\u00f3n del Sal\u00f3n Internacional de la Log\u00edstica y la Manutenci\u00f3n (SIL) 2016, que ha arrancado este martes en el recinto Montju\u00efc de Fira de Barcelona, donde prev\u00e9 atraer a 30.000 visitantes profesionales.<\/p>\n<p>En este sentido, ha recordado la creaci\u00f3n por parte del Ministerio de Fomento del Fondo de Accesibilidad Terrestre, que est\u00e1 dotado con 460 millones de euros hasta 2019 para acometer proyectos de mejora de la accesibilidad.<\/p>\n<p>Tambi\u00e9n ha asistido a la inauguraci\u00f3n el conseller de Territorio y Sostenibilidad de la Generalitat, Josep Rull, que ha indicado que el sector de la log\u00edstica es \u00abuno de los mejores term\u00f3metros\u00bb para medir la salida de la crisis, y ha destacado la capacidad de atracci\u00f3n de Catalu\u00f1a para captar inversiones en el sector log\u00edstico.<\/p>\n<p>As\u00ed, ha apuntado que el canal de Suez y el Mediterr\u00e1neo son \u00abla gran puerta de entrada\u00bb para las mercanc\u00edas que llegan de Asia, si bien para aprovechar este potencial es necesario que el Corredor Mediterr\u00e1neo sea una realidad lo antes posible.<\/p>\n<p>UNA LOG\u00cdSTICA M\u00c1S FUERTE<\/p>\n<p>El delegado especial del Estado en el Consorcio de la Zona Franca de Barcelona (CZFB), Jordi Cornet, ha destacado que \u00abla crisis se comi\u00f3 el 17% de las empresas del sector de la log\u00edstica\u00bb, pero tambi\u00e9n se crearon empresas m\u00e1s fuertes capaces de invertir y generar proyectos fuertes que emplean en Espa\u00f1a a m\u00e1s de 850.000 personas actualmente.<\/p>\n<p>Ha a\u00f1adido que cuando entr\u00f3 en el CZFB hace cuatro a\u00f1os, al inicio de la legislatura del PP, el Pol\u00edgono Industrial de la Zona Franca contaba con una ocupaci\u00f3n del 65%, mientras que ahora se sit\u00faa en el 92%, lo que es un claro signo de la recuperaci\u00f3n del sector.<\/p>\n<p>MARCA &#8216;BARCELONA&#8217;<\/p>\n<p>El segundo teniente de alcalde del Ayuntamiento de Barcelona, Jaume Collboni (PSC), ha sostenido que el SIL se ha convertido en el principal congreso de la log\u00edstica en Espa\u00f1a y uno de los principales en el \u00e1mbito europeo gracias a su actuaci\u00f3n como plataforma internacional.<\/p>\n<p>\u00abLa ciudad quiere abrirse al mundo como uno de los principales polos log\u00edsticos globales\u00bb, ha dicho Collboni, que ha destacado la posici\u00f3n geoestrat\u00e9gica de la capital catalana, situada en las principales rutas comerciales, y el poder de la marca &#8216;Barcelona&#8217; en la alimentaci\u00f3n, la automoci\u00f3n y la petroqu\u00edmica.<\/p>\n<p>Tambi\u00e9n ha puesto el acento en la necesidad de finalizar infraestructuras pendientes, entre las que ha citado el Corredor Mediterr\u00e1neo, y ha urgido a la cooperaci\u00f3n entre las distintas administraciones.<\/p>\n<p>ASISTENTES<\/p>\n<p>La inauguraci\u00f3n del sal\u00f3n ha contado tambi\u00e9n con la participaci\u00f3n de la delegada del Gobierno en Catalunya, Llanos de Luna; el presidente de Fomento del Trabajo, Joaquim Gay de Montell\u00e0; el presidente de la Diputaci\u00f3n de Lleida, Joan Re\u00f1\u00e9; el presidente de Ferrocarrils de la Generalitat de Catalunya (FGC), Enric Tic\u00f3, y el coordinador general del PP en Catalu\u00f1a, Xavier Garcia Albiol.<\/p>\n<p>Tambi\u00e9n han estado presentes el ministro de Equipamiento, Transporte y Log\u00edstica de Marruecos, Aziz Rabbah; el secretario general adjunto de la Organizaci\u00f3n Mundial de Aduanas, Sergio M\u00fajica; el presidente de Alacat, Galo Molina; el presidente del Comit\u00e9 de Yiwu en la Conferencia Consultiva Pol\u00edtica del Pueblo Chino, Song Yinghao, y la directora general del SIL, Blanca Sorigu\u00e9.<\/p>\n","protected":false},"excerpt":{"rendered":"<p>El secretario de Estado de Infraestructuras, Transporte y Vivienda del Ministerio de Fomento, Julio G\u00f3mez Pomar, se ha comprometido este martes a solventar el \u00abd\u00e9ficit\u00bb existente en conexiones ferroportuarias en Espa\u00f1a. Lo ha hecho en la inauguraci\u00f3n del Sal\u00f3n Internacional de la Log\u00edstica y la Manutenci\u00f3n (SIL) 2016, que ha arrancado este martes en el<\/p>\n","protected":false},"author":1,"featured_media":78010,"comment_status":"open","ping_status":"closed","sticky":false,"template":"","format":"standard","meta":{"footnotes":""},"categories":[224],"tags":[],"class_list":{"0":"post-78009","1":"post","2":"type-post","3":"status-publish","4":"format-standard","5":"has-post-thumbnail","7":"category-noticias-actualidad"},"aioseo_notices":[],"aioseo_head":"\n\t\t<!-- All in One SEO Pro 4.9.6.1 - aioseo.com -->\n\t<meta name=\"description\" content=\"El secretario de Estado de Infraestructuras, Transporte y Vivienda del Ministerio de Fomento, Julio G\u00f3mez Pomar, se ha comprometido este martes a solventar el &quot;d\u00e9ficit&quot; existente en conexiones ferroportuarias en Espa\u00f1a. Lo ha hecho en la inauguraci\u00f3n del Sal\u00f3n Internacional de la Log\u00edstica y la Manutenci\u00f3n (SIL) 2016, que ha arrancado este martes en el\" \/>\n\t<meta name=\"robots\" content=\"max-image-preview:large\" \/>\n\t<meta name=\"author\" content=\"admin\"\/>\n\t<meta name=\"google-site-verification\" content=\"UA-38556648-1\" \/>\n\t<meta name=\"keywords\" content=\"noticias y actualidad\" \/>\n\t<link rel=\"canonical\" href=\"https:\/\/eldigitaldeasturias.com\/magazine365\/el-gobierno-se-compromete-a-solventar-el-deficit-en-conexiones-ferroportuarias\/\" \/>\n\t<meta name=\"generator\" content=\"All in One SEO Pro (AIOSEO) 4.9.6.1\" \/>\n\t\t<meta property=\"og:locale\" content=\"es_ES\" \/>\n\t\t<meta property=\"og:site_name\" content=\"El Digital de Asturias \u2013 Revista de ocio, turismo y estilo de vida\" \/>\n\t\t<meta property=\"og:type\" content=\"article\" \/>\n\t\t<meta property=\"og:title\" content=\"El Gobierno se compromete a solventar el \u00abd\u00e9ficit\u00bb en conexiones ferroportuarias | El Digital de Asturias\" \/>\n\t\t<meta property=\"og:description\" content=\"El secretario de Estado de Infraestructuras, Transporte y Vivienda del Ministerio de Fomento, Julio G\u00f3mez Pomar, se ha comprometido este martes a solventar el &quot;d\u00e9ficit&quot; existente en conexiones ferroportuarias en Espa\u00f1a. Lo ha hecho en la inauguraci\u00f3n del Sal\u00f3n Internacional de la Log\u00edstica y la Manutenci\u00f3n (SIL) 2016, que ha arrancado este martes en el\" \/>\n\t\t<meta property=\"og:url\" content=\"https:\/\/eldigitaldeasturias.com\/magazine365\/el-gobierno-se-compromete-a-solventar-el-deficit-en-conexiones-ferroportuarias\/\" \/>\n\t\t<meta property=\"og:image\" content=\"https:\/\/eldigitaldeasturias.com\/magazine365\/wp-content\/uploads\/2016\/06\/fotonoticia_20160607124459_800.jpg\" \/>\n\t\t<meta property=\"og:image:secure_url\" content=\"https:\/\/eldigitaldeasturias.com\/magazine365\/wp-content\/uploads\/2016\/06\/fotonoticia_20160607124459_800.jpg\" \/>\n\t\t<meta property=\"og:image:width\" content=\"800\" \/>\n\t\t<meta property=\"og:image:height\" content=\"450\" \/>\n\t\t<meta property=\"article:published_time\" content=\"2016-06-08T09:49:53+00:00\" \/>\n\t\t<meta property=\"article:modified_time\" content=\"2016-06-08T09:49:53+00:00\" \/>\n\t\t<meta name=\"twitter:card\" content=\"summary_large_image\" \/>\n\t\t<meta name=\"twitter:title\" content=\"El Gobierno se compromete a solventar el \u00abd\u00e9ficit\u00bb en conexiones ferroportuarias | El Digital de Asturias\" \/>\n\t\t<meta name=\"twitter:description\" content=\"El secretario de Estado de Infraestructuras, Transporte y Vivienda del Ministerio de Fomento, Julio G\u00f3mez Pomar, se ha comprometido este martes a solventar el &quot;d\u00e9ficit&quot; existente en conexiones ferroportuarias en Espa\u00f1a. Lo ha hecho en la inauguraci\u00f3n del Sal\u00f3n Internacional de la Log\u00edstica y la Manutenci\u00f3n (SIL) 2016, que ha arrancado este martes en el\" \/>\n\t\t<meta name=\"twitter:image\" content=\"https:\/\/eldigitaldeasturias.com\/magazine365\/wp-content\/uploads\/2016\/06\/fotonoticia_20160607124459_800.jpg\" \/>\n\t\t<script type=\"application\/ld+json\" class=\"aioseo-schema\">\n\t\t\t{\"@context\":\"https:\\\/\\\/schema.org\",\"@graph\":[{\"@type\":\"Article\",\"@id\":\"https:\\\/\\\/eldigitaldeasturias.com\\\/magazine365\\\/el-gobierno-se-compromete-a-solventar-el-deficit-en-conexiones-ferroportuarias\\\/#article\",\"name\":\"El Gobierno se compromete a solventar el \\u00abd\\u00e9ficit\\u00bb en conexiones ferroportuarias | El Digital de Asturias\",\"headline\":\"El Gobierno se compromete a solventar el \\u00abd\\u00e9ficit\\u00bb en conexiones ferroportuarias\",\"author\":{\"@id\":\"https:\\\/\\\/eldigitaldeasturias.com\\\/magazine365\\\/author\\\/admin\\\/#author\"},\"publisher\":{\"@id\":\"https:\\\/\\\/eldigitaldeasturias.com\\\/magazine365\\\/#organization\"},\"image\":{\"@type\":\"ImageObject\",\"url\":\"https:\\\/\\\/eldigitaldeasturias.com\\\/magazine365\\\/wp-content\\\/uploads\\\/2016\\\/06\\\/fotonoticia_20160607124459_800.jpg\",\"width\":800,\"height\":450},\"datePublished\":\"2016-06-08T11:49:53+02:00\",\"dateModified\":\"2016-06-08T11:49:53+02:00\",\"inLanguage\":\"es-ES\",\"mainEntityOfPage\":{\"@id\":\"https:\\\/\\\/eldigitaldeasturias.com\\\/magazine365\\\/el-gobierno-se-compromete-a-solventar-el-deficit-en-conexiones-ferroportuarias\\\/#webpage\"},\"isPartOf\":{\"@id\":\"https:\\\/\\\/eldigitaldeasturias.com\\\/magazine365\\\/el-gobierno-se-compromete-a-solventar-el-deficit-en-conexiones-ferroportuarias\\\/#webpage\"},\"articleSection\":\"Noticias y Actualidad\"},{\"@type\":\"BreadcrumbList\",\"@id\":\"https:\\\/\\\/eldigitaldeasturias.com\\\/magazine365\\\/el-gobierno-se-compromete-a-solventar-el-deficit-en-conexiones-ferroportuarias\\\/#breadcrumblist\",\"itemListElement\":[{\"@type\":\"ListItem\",\"@id\":\"https:\\\/\\\/eldigitaldeasturias.com\\\/magazine365#listItem\",\"position\":1,\"name\":\"Home\",\"item\":\"https:\\\/\\\/eldigitaldeasturias.com\\\/magazine365\",\"nextItem\":{\"@type\":\"ListItem\",\"@id\":\"https:\\\/\\\/eldigitaldeasturias.com\\\/magazine365\\\/category\\\/noticias-actualidad\\\/#listItem\",\"name\":\"Noticias y Actualidad\"}},{\"@type\":\"ListItem\",\"@id\":\"https:\\\/\\\/eldigitaldeasturias.com\\\/magazine365\\\/category\\\/noticias-actualidad\\\/#listItem\",\"position\":2,\"name\":\"Noticias y Actualidad\",\"item\":\"https:\\\/\\\/eldigitaldeasturias.com\\\/magazine365\\\/category\\\/noticias-actualidad\\\/\",\"nextItem\":{\"@type\":\"ListItem\",\"@id\":\"https:\\\/\\\/eldigitaldeasturias.com\\\/magazine365\\\/el-gobierno-se-compromete-a-solventar-el-deficit-en-conexiones-ferroportuarias\\\/#listItem\",\"name\":\"El Gobierno se compromete a solventar el \\u00abd\\u00e9ficit\\u00bb en conexiones ferroportuarias\"},\"previousItem\":{\"@type\":\"ListItem\",\"@id\":\"https:\\\/\\\/eldigitaldeasturias.com\\\/magazine365#listItem\",\"name\":\"Home\"}},{\"@type\":\"ListItem\",\"@id\":\"https:\\\/\\\/eldigitaldeasturias.com\\\/magazine365\\\/el-gobierno-se-compromete-a-solventar-el-deficit-en-conexiones-ferroportuarias\\\/#listItem\",\"position\":3,\"name\":\"El Gobierno se compromete a solventar el \\u00abd\\u00e9ficit\\u00bb en conexiones ferroportuarias\",\"previousItem\":{\"@type\":\"ListItem\",\"@id\":\"https:\\\/\\\/eldigitaldeasturias.com\\\/magazine365\\\/category\\\/noticias-actualidad\\\/#listItem\",\"name\":\"Noticias y Actualidad\"}}]},{\"@type\":\"Organization\",\"@id\":\"https:\\\/\\\/eldigitaldeasturias.com\\\/magazine365\\\/#organization\",\"name\":\"El digital de Asturias\",\"description\":\"Revista de ocio, turismo y estilo de vida\",\"url\":\"https:\\\/\\\/eldigitaldeasturias.com\\\/magazine365\\\/\",\"logo\":{\"@type\":\"ImageObject\",\"url\":\"https:\\\/\\\/www.eldigitaldeasturias.com\\\/noticias\\\/wp-content\\\/uploads\\\/2020\\\/12\\\/EDA.jpg\",\"@id\":\"https:\\\/\\\/eldigitaldeasturias.com\\\/magazine365\\\/el-gobierno-se-compromete-a-solventar-el-deficit-en-conexiones-ferroportuarias\\\/#organizationLogo\"},\"image\":{\"@id\":\"https:\\\/\\\/eldigitaldeasturias.com\\\/magazine365\\\/el-gobierno-se-compromete-a-solventar-el-deficit-en-conexiones-ferroportuarias\\\/#organizationLogo\"}},{\"@type\":\"Person\",\"@id\":\"https:\\\/\\\/eldigitaldeasturias.com\\\/magazine365\\\/author\\\/admin\\\/#author\",\"url\":\"https:\\\/\\\/eldigitaldeasturias.com\\\/magazine365\\\/author\\\/admin\\\/\",\"name\":\"admin\",\"image\":{\"@type\":\"ImageObject\",\"@id\":\"https:\\\/\\\/eldigitaldeasturias.com\\\/magazine365\\\/el-gobierno-se-compromete-a-solventar-el-deficit-en-conexiones-ferroportuarias\\\/#authorImage\",\"url\":\"https:\\\/\\\/eldigitaldeasturias.com\\\/magazine365\\\/wp-content\\\/litespeed\\\/avatar\\\/e571bcf59a0edd6fa6838245a470f2fe.jpg?ver=1776969259\",\"width\":96,\"height\":96,\"caption\":\"admin\"}},{\"@type\":\"WebPage\",\"@id\":\"https:\\\/\\\/eldigitaldeasturias.com\\\/magazine365\\\/el-gobierno-se-compromete-a-solventar-el-deficit-en-conexiones-ferroportuarias\\\/#webpage\",\"url\":\"https:\\\/\\\/eldigitaldeasturias.com\\\/magazine365\\\/el-gobierno-se-compromete-a-solventar-el-deficit-en-conexiones-ferroportuarias\\\/\",\"name\":\"El Gobierno se compromete a solventar el \\u00abd\\u00e9ficit\\u00bb en conexiones ferroportuarias | El Digital de Asturias\",\"description\":\"El secretario de Estado de Infraestructuras, Transporte y Vivienda del Ministerio de Fomento, Julio G\\u00f3mez Pomar, se ha comprometido este martes a solventar el \\\"d\\u00e9ficit\\\" existente en conexiones ferroportuarias en Espa\\u00f1a. Lo ha hecho en la inauguraci\\u00f3n del Sal\\u00f3n Internacional de la Log\\u00edstica y la Manutenci\\u00f3n (SIL) 2016, que ha arrancado este martes en el\",\"inLanguage\":\"es-ES\",\"isPartOf\":{\"@id\":\"https:\\\/\\\/eldigitaldeasturias.com\\\/magazine365\\\/#website\"},\"breadcrumb\":{\"@id\":\"https:\\\/\\\/eldigitaldeasturias.com\\\/magazine365\\\/el-gobierno-se-compromete-a-solventar-el-deficit-en-conexiones-ferroportuarias\\\/#breadcrumblist\"},\"author\":{\"@id\":\"https:\\\/\\\/eldigitaldeasturias.com\\\/magazine365\\\/author\\\/admin\\\/#author\"},\"creator\":{\"@id\":\"https:\\\/\\\/eldigitaldeasturias.com\\\/magazine365\\\/author\\\/admin\\\/#author\"},\"image\":{\"@type\":\"ImageObject\",\"url\":\"https:\\\/\\\/eldigitaldeasturias.com\\\/magazine365\\\/wp-content\\\/uploads\\\/2016\\\/06\\\/fotonoticia_20160607124459_800.jpg\",\"@id\":\"https:\\\/\\\/eldigitaldeasturias.com\\\/magazine365\\\/el-gobierno-se-compromete-a-solventar-el-deficit-en-conexiones-ferroportuarias\\\/#mainImage\",\"width\":800,\"height\":450},\"primaryImageOfPage\":{\"@id\":\"https:\\\/\\\/eldigitaldeasturias.com\\\/magazine365\\\/el-gobierno-se-compromete-a-solventar-el-deficit-en-conexiones-ferroportuarias\\\/#mainImage\"},\"datePublished\":\"2016-06-08T11:49:53+02:00\",\"dateModified\":\"2016-06-08T11:49:53+02:00\"},{\"@type\":\"WebSite\",\"@id\":\"https:\\\/\\\/eldigitaldeasturias.com\\\/magazine365\\\/#website\",\"url\":\"https:\\\/\\\/eldigitaldeasturias.com\\\/magazine365\\\/\",\"name\":\"El Digital de Asturias\",\"description\":\"Revista de ocio, turismo y estilo de vida\",\"inLanguage\":\"es-ES\",\"publisher\":{\"@id\":\"https:\\\/\\\/eldigitaldeasturias.com\\\/magazine365\\\/#organization\"}}]}\n\t\t<\/script>\n\t\t<!-- All in One SEO Pro -->\r\n\t\t<title>El Gobierno se compromete a solventar el \u00abd\u00e9ficit\u00bb en conexiones ferroportuarias | El Digital de Asturias<\/title>\n\n","aioseo_head_json":{"title":"El Gobierno se compromete a solventar el \u00abd\u00e9ficit\u00bb en conexiones ferroportuarias | El Digital de Asturias","description":"El secretario de Estado de Infraestructuras, Transporte y Vivienda del Ministerio de Fomento, Julio G\u00f3mez Pomar, se ha comprometido este martes a solventar el \"d\u00e9ficit\" existente en conexiones ferroportuarias en Espa\u00f1a. Lo ha hecho en la inauguraci\u00f3n del Sal\u00f3n Internacional de la Log\u00edstica y la Manutenci\u00f3n (SIL) 2016, que ha arrancado este martes en el","canonical_url":"https:\/\/eldigitaldeasturias.com\/magazine365\/el-gobierno-se-compromete-a-solventar-el-deficit-en-conexiones-ferroportuarias\/","robots":"max-image-preview:large","keywords":"noticias y actualidad","webmasterTools":{"google-site-verification":"UA-38556648-1","miscellaneous":""},"schema":{"@context":"https:\/\/schema.org","@graph":[{"@type":"Article","@id":"https:\/\/eldigitaldeasturias.com\/magazine365\/el-gobierno-se-compromete-a-solventar-el-deficit-en-conexiones-ferroportuarias\/#article","name":"El Gobierno se compromete a solventar el \u00abd\u00e9ficit\u00bb en conexiones ferroportuarias | El Digital de Asturias","headline":"El Gobierno se compromete a solventar el \u00abd\u00e9ficit\u00bb en conexiones ferroportuarias","author":{"@id":"https:\/\/eldigitaldeasturias.com\/magazine365\/author\/admin\/#author"},"publisher":{"@id":"https:\/\/eldigitaldeasturias.com\/magazine365\/#organization"},"image":{"@type":"ImageObject","url":"https:\/\/eldigitaldeasturias.com\/magazine365\/wp-content\/uploads\/2016\/06\/fotonoticia_20160607124459_800.jpg","width":800,"height":450},"datePublished":"2016-06-08T11:49:53+02:00","dateModified":"2016-06-08T11:49:53+02:00","inLanguage":"es-ES","mainEntityOfPage":{"@id":"https:\/\/eldigitaldeasturias.com\/magazine365\/el-gobierno-se-compromete-a-solventar-el-deficit-en-conexiones-ferroportuarias\/#webpage"},"isPartOf":{"@id":"https:\/\/eldigitaldeasturias.com\/magazine365\/el-gobierno-se-compromete-a-solventar-el-deficit-en-conexiones-ferroportuarias\/#webpage"},"articleSection":"Noticias y Actualidad"},{"@type":"BreadcrumbList","@id":"https:\/\/eldigitaldeasturias.com\/magazine365\/el-gobierno-se-compromete-a-solventar-el-deficit-en-conexiones-ferroportuarias\/#breadcrumblist","itemListElement":[{"@type":"ListItem","@id":"https:\/\/eldigitaldeasturias.com\/magazine365#listItem","position":1,"name":"Home","item":"https:\/\/eldigitaldeasturias.com\/magazine365","nextItem":{"@type":"ListItem","@id":"https:\/\/eldigitaldeasturias.com\/magazine365\/category\/noticias-actualidad\/#listItem","name":"Noticias y Actualidad"}},{"@type":"ListItem","@id":"https:\/\/eldigitaldeasturias.com\/magazine365\/category\/noticias-actualidad\/#listItem","position":2,"name":"Noticias y Actualidad","item":"https:\/\/eldigitaldeasturias.com\/magazine365\/category\/noticias-actualidad\/","nextItem":{"@type":"ListItem","@id":"https:\/\/eldigitaldeasturias.com\/magazine365\/el-gobierno-se-compromete-a-solventar-el-deficit-en-conexiones-ferroportuarias\/#listItem","name":"El Gobierno se compromete a solventar el \u00abd\u00e9ficit\u00bb en conexiones ferroportuarias"},"previousItem":{"@type":"ListItem","@id":"https:\/\/eldigitaldeasturias.com\/magazine365#listItem","name":"Home"}},{"@type":"ListItem","@id":"https:\/\/eldigitaldeasturias.com\/magazine365\/el-gobierno-se-compromete-a-solventar-el-deficit-en-conexiones-ferroportuarias\/#listItem","position":3,"name":"El Gobierno se compromete a solventar el \u00abd\u00e9ficit\u00bb en conexiones ferroportuarias","previousItem":{"@type":"ListItem","@id":"https:\/\/eldigitaldeasturias.com\/magazine365\/category\/noticias-actualidad\/#listItem","name":"Noticias y Actualidad"}}]},{"@type":"Organization","@id":"https:\/\/eldigitaldeasturias.com\/magazine365\/#organization","name":"El digital de Asturias","description":"Revista de ocio, turismo y estilo de vida","url":"https:\/\/eldigitaldeasturias.com\/magazine365\/","logo":{"@type":"ImageObject","url":"https:\/\/www.eldigitaldeasturias.com\/noticias\/wp-content\/uploads\/2020\/12\/EDA.jpg","@id":"https:\/\/eldigitaldeasturias.com\/magazine365\/el-gobierno-se-compromete-a-solventar-el-deficit-en-conexiones-ferroportuarias\/#organizationLogo"},"image":{"@id":"https:\/\/eldigitaldeasturias.com\/magazine365\/el-gobierno-se-compromete-a-solventar-el-deficit-en-conexiones-ferroportuarias\/#organizationLogo"}},{"@type":"Person","@id":"https:\/\/eldigitaldeasturias.com\/magazine365\/author\/admin\/#author","url":"https:\/\/eldigitaldeasturias.com\/magazine365\/author\/admin\/","name":"admin","image":{"@type":"ImageObject","@id":"https:\/\/eldigitaldeasturias.com\/magazine365\/el-gobierno-se-compromete-a-solventar-el-deficit-en-conexiones-ferroportuarias\/#authorImage","url":"https:\/\/eldigitaldeasturias.com\/magazine365\/wp-content\/litespeed\/avatar\/e571bcf59a0edd6fa6838245a470f2fe.jpg?ver=1776969259","width":96,"height":96,"caption":"admin"}},{"@type":"WebPage","@id":"https:\/\/eldigitaldeasturias.com\/magazine365\/el-gobierno-se-compromete-a-solventar-el-deficit-en-conexiones-ferroportuarias\/#webpage","url":"https:\/\/eldigitaldeasturias.com\/magazine365\/el-gobierno-se-compromete-a-solventar-el-deficit-en-conexiones-ferroportuarias\/","name":"El Gobierno se compromete a solventar el \u00abd\u00e9ficit\u00bb en conexiones ferroportuarias | El Digital de Asturias","description":"El secretario de Estado de Infraestructuras, Transporte y Vivienda del Ministerio de Fomento, Julio G\u00f3mez Pomar, se ha comprometido este martes a solventar el \"d\u00e9ficit\" existente en conexiones ferroportuarias en Espa\u00f1a. Lo ha hecho en la inauguraci\u00f3n del Sal\u00f3n Internacional de la Log\u00edstica y la Manutenci\u00f3n (SIL) 2016, que ha arrancado este martes en el","inLanguage":"es-ES","isPartOf":{"@id":"https:\/\/eldigitaldeasturias.com\/magazine365\/#website"},"breadcrumb":{"@id":"https:\/\/eldigitaldeasturias.com\/magazine365\/el-gobierno-se-compromete-a-solventar-el-deficit-en-conexiones-ferroportuarias\/#breadcrumblist"},"author":{"@id":"https:\/\/eldigitaldeasturias.com\/magazine365\/author\/admin\/#author"},"creator":{"@id":"https:\/\/eldigitaldeasturias.com\/magazine365\/author\/admin\/#author"},"image":{"@type":"ImageObject","url":"https:\/\/eldigitaldeasturias.com\/magazine365\/wp-content\/uploads\/2016\/06\/fotonoticia_20160607124459_800.jpg","@id":"https:\/\/eldigitaldeasturias.com\/magazine365\/el-gobierno-se-compromete-a-solventar-el-deficit-en-conexiones-ferroportuarias\/#mainImage","width":800,"height":450},"primaryImageOfPage":{"@id":"https:\/\/eldigitaldeasturias.com\/magazine365\/el-gobierno-se-compromete-a-solventar-el-deficit-en-conexiones-ferroportuarias\/#mainImage"},"datePublished":"2016-06-08T11:49:53+02:00","dateModified":"2016-06-08T11:49:53+02:00"},{"@type":"WebSite","@id":"https:\/\/eldigitaldeasturias.com\/magazine365\/#website","url":"https:\/\/eldigitaldeasturias.com\/magazine365\/","name":"El Digital de Asturias","description":"Revista de ocio, turismo y estilo de vida","inLanguage":"es-ES","publisher":{"@id":"https:\/\/eldigitaldeasturias.com\/magazine365\/#organization"}}]},"og:locale":"es_ES","og:site_name":"El Digital de Asturias \u2013 Revista de ocio, turismo y estilo de vida","og:type":"article","og:title":"El Gobierno se compromete a solventar el \u00abd\u00e9ficit\u00bb en conexiones ferroportuarias | El Digital de Asturias","og:description":"El secretario de Estado de Infraestructuras, Transporte y Vivienda del Ministerio de Fomento, Julio G\u00f3mez Pomar, se ha comprometido este martes a solventar el &quot;d\u00e9ficit&quot; existente en conexiones ferroportuarias en Espa\u00f1a. Lo ha hecho en la inauguraci\u00f3n del Sal\u00f3n Internacional de la Log\u00edstica y la Manutenci\u00f3n (SIL) 2016, que ha arrancado este martes en el","og:url":"https:\/\/eldigitaldeasturias.com\/magazine365\/el-gobierno-se-compromete-a-solventar-el-deficit-en-conexiones-ferroportuarias\/","og:image":"https:\/\/eldigitaldeasturias.com\/magazine365\/wp-content\/uploads\/2016\/06\/fotonoticia_20160607124459_800.jpg","og:image:secure_url":"https:\/\/eldigitaldeasturias.com\/magazine365\/wp-content\/uploads\/2016\/06\/fotonoticia_20160607124459_800.jpg","og:image:width":800,"og:image:height":450,"article:published_time":"2016-06-08T09:49:53+00:00","article:modified_time":"2016-06-08T09:49:53+00:00","twitter:card":"summary_large_image","twitter:title":"El Gobierno se compromete a solventar el \u00abd\u00e9ficit\u00bb en conexiones ferroportuarias | El Digital de Asturias","twitter:description":"El secretario de Estado de Infraestructuras, Transporte y Vivienda del Ministerio de Fomento, Julio G\u00f3mez Pomar, se ha comprometido este martes a solventar el &quot;d\u00e9ficit&quot; existente en conexiones ferroportuarias en Espa\u00f1a. Lo ha hecho en la inauguraci\u00f3n del Sal\u00f3n Internacional de la Log\u00edstica y la Manutenci\u00f3n (SIL) 2016, que ha arrancado este martes en el","twitter:image":"https:\/\/eldigitaldeasturias.com\/magazine365\/wp-content\/uploads\/2016\/06\/fotonoticia_20160607124459_800.jpg"},"aioseo_meta_data":{"post_id":"78009","title":null,"description":null,"keywords":null,"keyphrases":null,"primary_term":null,"canonical_url":null,"og_title":null,"og_description":null,"og_object_type":"default","og_image_type":"default","og_image_url":null,"og_image_width":null,"og_image_height":null,"og_image_custom_url":null,"og_image_custom_fields":null,"og_video":null,"og_custom_url":null,"og_article_section":null,"og_article_tags":null,"twitter_use_og":false,"twitter_card":"default","twitter_image_type":"default","twitter_image_url":null,"twitter_image_custom_url":null,"twitter_image_custom_fields":null,"twitter_title":null,"twitter_description":null,"schema":{"blockGraphs":[],"customGraphs":[],"default":{"data":{"Article":[],"Course":[],"Dataset":[],"FAQPage":[],"Movie":[],"Person":[],"Product":[],"ProductReview":[],"Car":[],"Recipe":[],"Service":[],"SoftwareApplication":[],"WebPage":[]},"graphName":"","isEnabled":true},"graphs":[],"defaultGraph":"","defaultPostTypeGraph":""},"schema_type":null,"schema_type_options":null,"pillar_content":false,"robots_default":true,"robots_noindex":false,"robots_noarchive":false,"robots_nosnippet":false,"robots_nofollow":false,"robots_noimageindex":false,"robots_noodp":false,"robots_notranslate":false,"robots_max_snippet":null,"robots_max_videopreview":null,"robots_max_imagepreview":"large","priority":null,"frequency":null,"location":null,"local_seo":null,"seo_analyzer_scan_date":"2025-09-27 16:05:06","breadcrumb_settings":null,"limit_modified_date":false,"open_ai":null,"ai":null,"created":"2021-03-08 18:05:46","updated":"2025-09-27 16:05:06"},"aioseo_breadcrumb":"<div class=\"aioseo-breadcrumbs\"><span class=\"aioseo-breadcrumb\">\n\t<a href=\"https:\/\/eldigitaldeasturias.com\/magazine365\" title=\"Home\">Home<\/a>\n<\/span><span class=\"aioseo-breadcrumb-separator\">\u2013<\/span><span class=\"aioseo-breadcrumb\">\n\t<a href=\"https:\/\/eldigitaldeasturias.com\/magazine365\/category\/noticias-actualidad\/\" title=\"Noticias y Actualidad\">Noticias y Actualidad<\/a>\n<\/span><span class=\"aioseo-breadcrumb-separator\">\u2013<\/span><span class=\"aioseo-breadcrumb\">\n\t<a href=\"https:\/\/eldigitaldeasturias.com\/magazine365\/el-gobierno-se-compromete-a-solventar-el-deficit-en-conexiones-ferroportuarias\/\" title=\"El Gobierno se compromete a solventar el \u00abd\u00e9ficit\u00bb en conexiones ferroportuarias\">El Gobierno se compromete a solventar el \u00abd\u00e9ficit\u00bb en conexiones ferroportuarias<\/a>\n<\/span><\/div>","aioseo_breadcrumb_json":[{"label":"Home","link":"https:\/\/eldigitaldeasturias.com\/magazine365"},{"label":"Noticias y Actualidad","link":"https:\/\/eldigitaldeasturias.com\/magazine365\/category\/noticias-actualidad\/"},{"label":"El Gobierno se compromete a solventar el \u00abd\u00e9ficit\u00bb en conexiones ferroportuarias","link":"https:\/\/eldigitaldeasturias.com\/magazine365\/el-gobierno-se-compromete-a-solventar-el-deficit-en-conexiones-ferroportuarias\/"}],"_links":{"self":[{"href":"https:\/\/eldigitaldeasturias.com\/magazine365\/wp-json\/wp\/v2\/posts\/78009","targetHints":{"allow":["GET"]}}],"collection":[{"href":"https:\/\/eldigitaldeasturias.com\/magazine365\/wp-json\/wp\/v2\/posts"}],"about":[{"href":"https:\/\/eldigitaldeasturias.com\/magazine365\/wp-json\/wp\/v2\/types\/post"}],"author":[{"embeddable":true,"href":"https:\/\/eldigitaldeasturias.com\/magazine365\/wp-json\/wp\/v2\/users\/1"}],"replies":[{"embeddable":true,"href":"https:\/\/eldigitaldeasturias.com\/magazine365\/wp-json\/wp\/v2\/comments?post=78009"}],"version-history":[{"count":0,"href":"https:\/\/eldigitaldeasturias.com\/magazine365\/wp-json\/wp\/v2\/posts\/78009\/revisions"}],"wp:featuredmedia":[{"embeddable":true,"href":"https:\/\/eldigitaldeasturias.com\/magazine365\/wp-json\/wp\/v2\/media\/78010"}],"wp:attachment":[{"href":"https:\/\/eldigitaldeasturias.com\/magazine365\/wp-json\/wp\/v2\/media?parent=78009"}],"wp:term":[{"taxonomy":"category","embeddable":true,"href":"https:\/\/eldigitaldeasturias.com\/magazine365\/wp-json\/wp\/v2\/categories?post=78009"},{"taxonomy":"post_tag","embeddable":true,"href":"https:\/\/eldigitaldeasturias.com\/magazine365\/wp-json\/wp\/v2\/tags?post=78009"}],"curies":[{"name":"wp","href":"https:\/\/api.w.org\/{rel}","templated":true}]}}