{"id":78000,"date":"2016-06-08T11:46:45","date_gmt":"2016-06-08T09:46:45","guid":{"rendered":"http:\/\/eldigitaldeasturias.com\/magazine365\/?p=78000"},"modified":"2016-06-08T11:46:45","modified_gmt":"2016-06-08T09:46:45","slug":"la-fiebre-del-futbol-eleva-un-21-los-precios-de-los-hoteles-en-francia-en-las-sedes-de-la-eurocopa","status":"publish","type":"post","link":"https:\/\/eldigitaldeasturias.com\/magazine365\/la-fiebre-del-futbol-eleva-un-21-los-precios-de-los-hoteles-en-francia-en-las-sedes-de-la-eurocopa\/","title":{"rendered":"La fiebre del f\u00fatbol eleva un 21% los precios de los hoteles en Francia en las sedes de la Eurocopa"},"content":{"rendered":"<p><img fetchpriority=\"high\" decoding=\"async\" class=\"alignleft size-medium wp-image-78001\" src=\"https:\/\/eldigitaldeasturias.com\/magazine365\/wp-content\/uploads\/2016\/06\/fotonoticia_20160607123755_800-360x215.jpg\" alt=\"fotonoticia_20160607123755_800\" width=\"360\" height=\"215\" srcset=\"https:\/\/eldigitaldeasturias.com\/magazine365\/wp-content\/uploads\/2016\/06\/fotonoticia_20160607123755_800-360x215.jpg 360w, https:\/\/eldigitaldeasturias.com\/magazine365\/wp-content\/uploads\/2016\/06\/fotonoticia_20160607123755_800-650x388.jpg 650w, https:\/\/eldigitaldeasturias.com\/magazine365\/wp-content\/uploads\/2016\/06\/fotonoticia_20160607123755_800-768x459.jpg 768w, https:\/\/eldigitaldeasturias.com\/magazine365\/wp-content\/uploads\/2016\/06\/fotonoticia_20160607123755_800-150x90.jpg 150w, https:\/\/eldigitaldeasturias.com\/magazine365\/wp-content\/uploads\/2016\/06\/fotonoticia_20160607123755_800-450x269.jpg 450w, https:\/\/eldigitaldeasturias.com\/magazine365\/wp-content\/uploads\/2016\/06\/fotonoticia_20160607123755_800.jpg 800w\" sizes=\"(max-width: 360px) 100vw, 360px\" \/>Los hoteles de las ciudades sede de la Eurocopa de Francia, que arrancar\u00e1 este viernes 10 de junio, ofertan para este verano precios un 21% m\u00e1s elevados que el a\u00f1o anterior, con un coste medio por noche de 131 euros, seg\u00fan un estudio reciente realizado por el portal hotelero HRS.<\/p>\n<p>La presencia de las selecciones favoritas del torneo en determinadas ciudades ha provocado los mayores aumentos, como en Marsella, donde jugar\u00e1 la anfitriona de forma que una noche de alojamiento durante el campeonato tendr\u00e1 un coste de 165 euros, un 76% m\u00e1s que hace un a\u00f1o. En Lille la subida media es del 56%, y en Burdeos, donde jugar\u00e1 unos de sus partidos Espa\u00f1a, el aumento es del 31%.<\/p>\n<p>Por el contrario, el torneo est\u00e1 teniendo poco impacto en Lens donde la tarifa media durante el periodo de la Eurocopa es de 61 euros, inferior incluso a los 83 euros de un a\u00f1o atr\u00e1s.<\/p>\n<p>El campo de f\u00fatbol de Lens es uno de los estadios m\u00e1s peque\u00f1os del torneo y s\u00f3lo ser\u00e1 la sede de cuatro partidos. El precio medio m\u00e1s alto entre las ciudades sede se encuentra en Par\u00eds, con 168 euros, si bien los precios en la capital francesa tienden a ser caros de todos modos (frente a los 155 euros en 2015).<\/p>\n<p>REPUNTAN LOS PRECIOS EN PAR\u00cdS.<\/p>\n<p>Por el momento, seg\u00fan el an\u00e1lisis realizado por este portal, la fecha de entrada m\u00e1s cara es la del 3 de julio en Par\u00eds, ya que tendr\u00e1 que pagarse una media de 254 euros por una habitaci\u00f3n de hotel para la noche del domingo al lunes.<\/p>\n<p>Ese d\u00eda, se jugar\u00e1 en Saint-Denis uno de los partidos de cuartos de final, probablemente con Francia en liza, si lidera su grupo y supera los octavos de final en Lyon el 26 de junio.<\/p>\n<p>Tambi\u00e9n destaca la noche del 11 de junio en Marsella, cuando una habitaci\u00f3n de hotel costar\u00e1 una media de 249 euros en lugar de 94 euros de hace un a\u00f1o. Ese d\u00eda, el &#8216;V\u00e9lodrome&#8217; acoger\u00e1 un Inglaterra-Rusia.<\/p>\n<p>Los precios para la final de Par\u00eds, el 10 de julio, son relativamente razonables. Una noche en un hotel de Par\u00eds el domingo de la final va a costar un promedio de 134 euros, pero si la llegada es en los d\u00edas previos, alcanza los 172 euros.<\/p>\n","protected":false},"excerpt":{"rendered":"<p>Los hoteles de las ciudades sede de la Eurocopa de Francia, que arrancar\u00e1 este viernes 10 de junio, ofertan para este verano precios un 21% m\u00e1s elevados que el a\u00f1o anterior, con un coste medio por noche de 131 euros, seg\u00fan un estudio reciente realizado por el portal hotelero HRS. La presencia de las selecciones<\/p>\n","protected":false},"author":1,"featured_media":78001,"comment_status":"open","ping_status":"closed","sticky":false,"template":"","format":"standard","meta":{"footnotes":""},"categories":[224],"tags":[],"class_list":{"0":"post-78000","1":"post","2":"type-post","3":"status-publish","4":"format-standard","5":"has-post-thumbnail","7":"category-noticias-actualidad"},"aioseo_notices":[],"aioseo_head":"\n\t\t<!-- All in One SEO Pro 4.9.6.1 - aioseo.com -->\n\t<meta name=\"description\" content=\"Los hoteles de las ciudades sede de la Eurocopa de Francia, que arrancar\u00e1 este viernes 10 de junio, ofertan para este verano precios un 21% m\u00e1s elevados que el a\u00f1o anterior, con un coste medio por noche de 131 euros, seg\u00fan un estudio reciente realizado por el portal hotelero HRS. La presencia de las selecciones\" \/>\n\t<meta name=\"robots\" content=\"max-image-preview:large\" \/>\n\t<meta name=\"author\" content=\"admin\"\/>\n\t<meta name=\"google-site-verification\" content=\"UA-38556648-1\" \/>\n\t<meta name=\"keywords\" content=\"noticias y actualidad\" \/>\n\t<link rel=\"canonical\" href=\"https:\/\/eldigitaldeasturias.com\/magazine365\/la-fiebre-del-futbol-eleva-un-21-los-precios-de-los-hoteles-en-francia-en-las-sedes-de-la-eurocopa\/\" \/>\n\t<meta name=\"generator\" content=\"All in One SEO Pro (AIOSEO) 4.9.6.1\" \/>\n\t\t<meta property=\"og:locale\" content=\"es_ES\" \/>\n\t\t<meta property=\"og:site_name\" content=\"El Digital de Asturias \u2013 Revista de ocio, turismo y estilo de vida\" \/>\n\t\t<meta property=\"og:type\" content=\"article\" \/>\n\t\t<meta property=\"og:title\" content=\"La fiebre del f\u00fatbol eleva un 21% los precios de los hoteles en Francia en las sedes de la Eurocopa | El Digital de Asturias\" \/>\n\t\t<meta property=\"og:description\" content=\"Los hoteles de las ciudades sede de la Eurocopa de Francia, que arrancar\u00e1 este viernes 10 de junio, ofertan para este verano precios un 21% m\u00e1s elevados que el a\u00f1o anterior, con un coste medio por noche de 131 euros, seg\u00fan un estudio reciente realizado por el portal hotelero HRS. La presencia de las selecciones\" \/>\n\t\t<meta property=\"og:url\" content=\"https:\/\/eldigitaldeasturias.com\/magazine365\/la-fiebre-del-futbol-eleva-un-21-los-precios-de-los-hoteles-en-francia-en-las-sedes-de-la-eurocopa\/\" \/>\n\t\t<meta property=\"og:image\" content=\"https:\/\/eldigitaldeasturias.com\/magazine365\/wp-content\/uploads\/2016\/06\/fotonoticia_20160607123755_800.jpg\" \/>\n\t\t<meta property=\"og:image:secure_url\" content=\"https:\/\/eldigitaldeasturias.com\/magazine365\/wp-content\/uploads\/2016\/06\/fotonoticia_20160607123755_800.jpg\" \/>\n\t\t<meta property=\"og:image:width\" content=\"800\" \/>\n\t\t<meta property=\"og:image:height\" content=\"478\" \/>\n\t\t<meta property=\"article:published_time\" content=\"2016-06-08T09:46:45+00:00\" \/>\n\t\t<meta property=\"article:modified_time\" content=\"2016-06-08T09:46:45+00:00\" \/>\n\t\t<meta name=\"twitter:card\" content=\"summary_large_image\" \/>\n\t\t<meta name=\"twitter:title\" content=\"La fiebre del f\u00fatbol eleva un 21% los precios de los hoteles en Francia en las sedes de la Eurocopa | El Digital de Asturias\" \/>\n\t\t<meta name=\"twitter:description\" content=\"Los hoteles de las ciudades sede de la Eurocopa de Francia, que arrancar\u00e1 este viernes 10 de junio, ofertan para este verano precios un 21% m\u00e1s elevados que el a\u00f1o anterior, con un coste medio por noche de 131 euros, seg\u00fan un estudio reciente realizado por el portal hotelero HRS. La presencia de las selecciones\" \/>\n\t\t<meta name=\"twitter:image\" content=\"https:\/\/eldigitaldeasturias.com\/magazine365\/wp-content\/uploads\/2016\/06\/fotonoticia_20160607123755_800.jpg\" \/>\n\t\t<script type=\"application\/ld+json\" class=\"aioseo-schema\">\n\t\t\t{\"@context\":\"https:\\\/\\\/schema.org\",\"@graph\":[{\"@type\":\"Article\",\"@id\":\"https:\\\/\\\/eldigitaldeasturias.com\\\/magazine365\\\/la-fiebre-del-futbol-eleva-un-21-los-precios-de-los-hoteles-en-francia-en-las-sedes-de-la-eurocopa\\\/#article\",\"name\":\"La fiebre del f\\u00fatbol eleva un 21% los precios de los hoteles en Francia en las sedes de la Eurocopa | El Digital de Asturias\",\"headline\":\"La fiebre del f\\u00fatbol eleva un 21% los precios de los hoteles en Francia en las sedes de la Eurocopa\",\"author\":{\"@id\":\"https:\\\/\\\/eldigitaldeasturias.com\\\/magazine365\\\/author\\\/admin\\\/#author\"},\"publisher\":{\"@id\":\"https:\\\/\\\/eldigitaldeasturias.com\\\/magazine365\\\/#organization\"},\"image\":{\"@type\":\"ImageObject\",\"url\":\"https:\\\/\\\/eldigitaldeasturias.com\\\/magazine365\\\/wp-content\\\/uploads\\\/2016\\\/06\\\/fotonoticia_20160607123755_800.jpg\",\"width\":800,\"height\":478},\"datePublished\":\"2016-06-08T11:46:45+02:00\",\"dateModified\":\"2016-06-08T11:46:45+02:00\",\"inLanguage\":\"es-ES\",\"mainEntityOfPage\":{\"@id\":\"https:\\\/\\\/eldigitaldeasturias.com\\\/magazine365\\\/la-fiebre-del-futbol-eleva-un-21-los-precios-de-los-hoteles-en-francia-en-las-sedes-de-la-eurocopa\\\/#webpage\"},\"isPartOf\":{\"@id\":\"https:\\\/\\\/eldigitaldeasturias.com\\\/magazine365\\\/la-fiebre-del-futbol-eleva-un-21-los-precios-de-los-hoteles-en-francia-en-las-sedes-de-la-eurocopa\\\/#webpage\"},\"articleSection\":\"Noticias y Actualidad\"},{\"@type\":\"BreadcrumbList\",\"@id\":\"https:\\\/\\\/eldigitaldeasturias.com\\\/magazine365\\\/la-fiebre-del-futbol-eleva-un-21-los-precios-de-los-hoteles-en-francia-en-las-sedes-de-la-eurocopa\\\/#breadcrumblist\",\"itemListElement\":[{\"@type\":\"ListItem\",\"@id\":\"https:\\\/\\\/eldigitaldeasturias.com\\\/magazine365#listItem\",\"position\":1,\"name\":\"Home\",\"item\":\"https:\\\/\\\/eldigitaldeasturias.com\\\/magazine365\",\"nextItem\":{\"@type\":\"ListItem\",\"@id\":\"https:\\\/\\\/eldigitaldeasturias.com\\\/magazine365\\\/category\\\/noticias-actualidad\\\/#listItem\",\"name\":\"Noticias y Actualidad\"}},{\"@type\":\"ListItem\",\"@id\":\"https:\\\/\\\/eldigitaldeasturias.com\\\/magazine365\\\/category\\\/noticias-actualidad\\\/#listItem\",\"position\":2,\"name\":\"Noticias y Actualidad\",\"item\":\"https:\\\/\\\/eldigitaldeasturias.com\\\/magazine365\\\/category\\\/noticias-actualidad\\\/\",\"nextItem\":{\"@type\":\"ListItem\",\"@id\":\"https:\\\/\\\/eldigitaldeasturias.com\\\/magazine365\\\/la-fiebre-del-futbol-eleva-un-21-los-precios-de-los-hoteles-en-francia-en-las-sedes-de-la-eurocopa\\\/#listItem\",\"name\":\"La fiebre del f\\u00fatbol eleva un 21% los precios de los hoteles en Francia en las sedes de la Eurocopa\"},\"previousItem\":{\"@type\":\"ListItem\",\"@id\":\"https:\\\/\\\/eldigitaldeasturias.com\\\/magazine365#listItem\",\"name\":\"Home\"}},{\"@type\":\"ListItem\",\"@id\":\"https:\\\/\\\/eldigitaldeasturias.com\\\/magazine365\\\/la-fiebre-del-futbol-eleva-un-21-los-precios-de-los-hoteles-en-francia-en-las-sedes-de-la-eurocopa\\\/#listItem\",\"position\":3,\"name\":\"La fiebre del f\\u00fatbol eleva un 21% los precios de los hoteles en Francia en las sedes de la Eurocopa\",\"previousItem\":{\"@type\":\"ListItem\",\"@id\":\"https:\\\/\\\/eldigitaldeasturias.com\\\/magazine365\\\/category\\\/noticias-actualidad\\\/#listItem\",\"name\":\"Noticias y Actualidad\"}}]},{\"@type\":\"Organization\",\"@id\":\"https:\\\/\\\/eldigitaldeasturias.com\\\/magazine365\\\/#organization\",\"name\":\"El digital de Asturias\",\"description\":\"Revista de ocio, turismo y estilo de vida\",\"url\":\"https:\\\/\\\/eldigitaldeasturias.com\\\/magazine365\\\/\",\"logo\":{\"@type\":\"ImageObject\",\"url\":\"https:\\\/\\\/www.eldigitaldeasturias.com\\\/noticias\\\/wp-content\\\/uploads\\\/2020\\\/12\\\/EDA.jpg\",\"@id\":\"https:\\\/\\\/eldigitaldeasturias.com\\\/magazine365\\\/la-fiebre-del-futbol-eleva-un-21-los-precios-de-los-hoteles-en-francia-en-las-sedes-de-la-eurocopa\\\/#organizationLogo\"},\"image\":{\"@id\":\"https:\\\/\\\/eldigitaldeasturias.com\\\/magazine365\\\/la-fiebre-del-futbol-eleva-un-21-los-precios-de-los-hoteles-en-francia-en-las-sedes-de-la-eurocopa\\\/#organizationLogo\"}},{\"@type\":\"Person\",\"@id\":\"https:\\\/\\\/eldigitaldeasturias.com\\\/magazine365\\\/author\\\/admin\\\/#author\",\"url\":\"https:\\\/\\\/eldigitaldeasturias.com\\\/magazine365\\\/author\\\/admin\\\/\",\"name\":\"admin\",\"image\":{\"@type\":\"ImageObject\",\"@id\":\"https:\\\/\\\/eldigitaldeasturias.com\\\/magazine365\\\/la-fiebre-del-futbol-eleva-un-21-los-precios-de-los-hoteles-en-francia-en-las-sedes-de-la-eurocopa\\\/#authorImage\",\"url\":\"https:\\\/\\\/eldigitaldeasturias.com\\\/magazine365\\\/wp-content\\\/litespeed\\\/avatar\\\/e571bcf59a0edd6fa6838245a470f2fe.jpg?ver=1776969259\",\"width\":96,\"height\":96,\"caption\":\"admin\"}},{\"@type\":\"WebPage\",\"@id\":\"https:\\\/\\\/eldigitaldeasturias.com\\\/magazine365\\\/la-fiebre-del-futbol-eleva-un-21-los-precios-de-los-hoteles-en-francia-en-las-sedes-de-la-eurocopa\\\/#webpage\",\"url\":\"https:\\\/\\\/eldigitaldeasturias.com\\\/magazine365\\\/la-fiebre-del-futbol-eleva-un-21-los-precios-de-los-hoteles-en-francia-en-las-sedes-de-la-eurocopa\\\/\",\"name\":\"La fiebre del f\\u00fatbol eleva un 21% los precios de los hoteles en Francia en las sedes de la Eurocopa | El Digital de Asturias\",\"description\":\"Los hoteles de las ciudades sede de la Eurocopa de Francia, que arrancar\\u00e1 este viernes 10 de junio, ofertan para este verano precios un 21% m\\u00e1s elevados que el a\\u00f1o anterior, con un coste medio por noche de 131 euros, seg\\u00fan un estudio reciente realizado por el portal hotelero HRS. La presencia de las selecciones\",\"inLanguage\":\"es-ES\",\"isPartOf\":{\"@id\":\"https:\\\/\\\/eldigitaldeasturias.com\\\/magazine365\\\/#website\"},\"breadcrumb\":{\"@id\":\"https:\\\/\\\/eldigitaldeasturias.com\\\/magazine365\\\/la-fiebre-del-futbol-eleva-un-21-los-precios-de-los-hoteles-en-francia-en-las-sedes-de-la-eurocopa\\\/#breadcrumblist\"},\"author\":{\"@id\":\"https:\\\/\\\/eldigitaldeasturias.com\\\/magazine365\\\/author\\\/admin\\\/#author\"},\"creator\":{\"@id\":\"https:\\\/\\\/eldigitaldeasturias.com\\\/magazine365\\\/author\\\/admin\\\/#author\"},\"image\":{\"@type\":\"ImageObject\",\"url\":\"https:\\\/\\\/eldigitaldeasturias.com\\\/magazine365\\\/wp-content\\\/uploads\\\/2016\\\/06\\\/fotonoticia_20160607123755_800.jpg\",\"@id\":\"https:\\\/\\\/eldigitaldeasturias.com\\\/magazine365\\\/la-fiebre-del-futbol-eleva-un-21-los-precios-de-los-hoteles-en-francia-en-las-sedes-de-la-eurocopa\\\/#mainImage\",\"width\":800,\"height\":478},\"primaryImageOfPage\":{\"@id\":\"https:\\\/\\\/eldigitaldeasturias.com\\\/magazine365\\\/la-fiebre-del-futbol-eleva-un-21-los-precios-de-los-hoteles-en-francia-en-las-sedes-de-la-eurocopa\\\/#mainImage\"},\"datePublished\":\"2016-06-08T11:46:45+02:00\",\"dateModified\":\"2016-06-08T11:46:45+02:00\"},{\"@type\":\"WebSite\",\"@id\":\"https:\\\/\\\/eldigitaldeasturias.com\\\/magazine365\\\/#website\",\"url\":\"https:\\\/\\\/eldigitaldeasturias.com\\\/magazine365\\\/\",\"name\":\"El Digital de Asturias\",\"description\":\"Revista de ocio, turismo y estilo de vida\",\"inLanguage\":\"es-ES\",\"publisher\":{\"@id\":\"https:\\\/\\\/eldigitaldeasturias.com\\\/magazine365\\\/#organization\"}}]}\n\t\t<\/script>\n\t\t<!-- All in One SEO Pro -->\r\n\t\t<title>La fiebre del f\u00fatbol eleva un 21% los precios de los hoteles en Francia en las sedes de la Eurocopa | El Digital de Asturias<\/title>\n\n","aioseo_head_json":{"title":"La fiebre del f\u00fatbol eleva un 21% los precios de los hoteles en Francia en las sedes de la Eurocopa | El Digital de Asturias","description":"Los hoteles de las ciudades sede de la Eurocopa de Francia, que arrancar\u00e1 este viernes 10 de junio, ofertan para este verano precios un 21% m\u00e1s elevados que el a\u00f1o anterior, con un coste medio por noche de 131 euros, seg\u00fan un estudio reciente realizado por el portal hotelero HRS. La presencia de las selecciones","canonical_url":"https:\/\/eldigitaldeasturias.com\/magazine365\/la-fiebre-del-futbol-eleva-un-21-los-precios-de-los-hoteles-en-francia-en-las-sedes-de-la-eurocopa\/","robots":"max-image-preview:large","keywords":"noticias y actualidad","webmasterTools":{"google-site-verification":"UA-38556648-1","miscellaneous":""},"schema":{"@context":"https:\/\/schema.org","@graph":[{"@type":"Article","@id":"https:\/\/eldigitaldeasturias.com\/magazine365\/la-fiebre-del-futbol-eleva-un-21-los-precios-de-los-hoteles-en-francia-en-las-sedes-de-la-eurocopa\/#article","name":"La fiebre del f\u00fatbol eleva un 21% los precios de los hoteles en Francia en las sedes de la Eurocopa | El Digital de Asturias","headline":"La fiebre del f\u00fatbol eleva un 21% los precios de los hoteles en Francia en las sedes de la Eurocopa","author":{"@id":"https:\/\/eldigitaldeasturias.com\/magazine365\/author\/admin\/#author"},"publisher":{"@id":"https:\/\/eldigitaldeasturias.com\/magazine365\/#organization"},"image":{"@type":"ImageObject","url":"https:\/\/eldigitaldeasturias.com\/magazine365\/wp-content\/uploads\/2016\/06\/fotonoticia_20160607123755_800.jpg","width":800,"height":478},"datePublished":"2016-06-08T11:46:45+02:00","dateModified":"2016-06-08T11:46:45+02:00","inLanguage":"es-ES","mainEntityOfPage":{"@id":"https:\/\/eldigitaldeasturias.com\/magazine365\/la-fiebre-del-futbol-eleva-un-21-los-precios-de-los-hoteles-en-francia-en-las-sedes-de-la-eurocopa\/#webpage"},"isPartOf":{"@id":"https:\/\/eldigitaldeasturias.com\/magazine365\/la-fiebre-del-futbol-eleva-un-21-los-precios-de-los-hoteles-en-francia-en-las-sedes-de-la-eurocopa\/#webpage"},"articleSection":"Noticias y Actualidad"},{"@type":"BreadcrumbList","@id":"https:\/\/eldigitaldeasturias.com\/magazine365\/la-fiebre-del-futbol-eleva-un-21-los-precios-de-los-hoteles-en-francia-en-las-sedes-de-la-eurocopa\/#breadcrumblist","itemListElement":[{"@type":"ListItem","@id":"https:\/\/eldigitaldeasturias.com\/magazine365#listItem","position":1,"name":"Home","item":"https:\/\/eldigitaldeasturias.com\/magazine365","nextItem":{"@type":"ListItem","@id":"https:\/\/eldigitaldeasturias.com\/magazine365\/category\/noticias-actualidad\/#listItem","name":"Noticias y Actualidad"}},{"@type":"ListItem","@id":"https:\/\/eldigitaldeasturias.com\/magazine365\/category\/noticias-actualidad\/#listItem","position":2,"name":"Noticias y Actualidad","item":"https:\/\/eldigitaldeasturias.com\/magazine365\/category\/noticias-actualidad\/","nextItem":{"@type":"ListItem","@id":"https:\/\/eldigitaldeasturias.com\/magazine365\/la-fiebre-del-futbol-eleva-un-21-los-precios-de-los-hoteles-en-francia-en-las-sedes-de-la-eurocopa\/#listItem","name":"La fiebre del f\u00fatbol eleva un 21% los precios de los hoteles en Francia en las sedes de la Eurocopa"},"previousItem":{"@type":"ListItem","@id":"https:\/\/eldigitaldeasturias.com\/magazine365#listItem","name":"Home"}},{"@type":"ListItem","@id":"https:\/\/eldigitaldeasturias.com\/magazine365\/la-fiebre-del-futbol-eleva-un-21-los-precios-de-los-hoteles-en-francia-en-las-sedes-de-la-eurocopa\/#listItem","position":3,"name":"La fiebre del f\u00fatbol eleva un 21% los precios de los hoteles en Francia en las sedes de la Eurocopa","previousItem":{"@type":"ListItem","@id":"https:\/\/eldigitaldeasturias.com\/magazine365\/category\/noticias-actualidad\/#listItem","name":"Noticias y Actualidad"}}]},{"@type":"Organization","@id":"https:\/\/eldigitaldeasturias.com\/magazine365\/#organization","name":"El digital de Asturias","description":"Revista de ocio, turismo y estilo de vida","url":"https:\/\/eldigitaldeasturias.com\/magazine365\/","logo":{"@type":"ImageObject","url":"https:\/\/www.eldigitaldeasturias.com\/noticias\/wp-content\/uploads\/2020\/12\/EDA.jpg","@id":"https:\/\/eldigitaldeasturias.com\/magazine365\/la-fiebre-del-futbol-eleva-un-21-los-precios-de-los-hoteles-en-francia-en-las-sedes-de-la-eurocopa\/#organizationLogo"},"image":{"@id":"https:\/\/eldigitaldeasturias.com\/magazine365\/la-fiebre-del-futbol-eleva-un-21-los-precios-de-los-hoteles-en-francia-en-las-sedes-de-la-eurocopa\/#organizationLogo"}},{"@type":"Person","@id":"https:\/\/eldigitaldeasturias.com\/magazine365\/author\/admin\/#author","url":"https:\/\/eldigitaldeasturias.com\/magazine365\/author\/admin\/","name":"admin","image":{"@type":"ImageObject","@id":"https:\/\/eldigitaldeasturias.com\/magazine365\/la-fiebre-del-futbol-eleva-un-21-los-precios-de-los-hoteles-en-francia-en-las-sedes-de-la-eurocopa\/#authorImage","url":"https:\/\/eldigitaldeasturias.com\/magazine365\/wp-content\/litespeed\/avatar\/e571bcf59a0edd6fa6838245a470f2fe.jpg?ver=1776969259","width":96,"height":96,"caption":"admin"}},{"@type":"WebPage","@id":"https:\/\/eldigitaldeasturias.com\/magazine365\/la-fiebre-del-futbol-eleva-un-21-los-precios-de-los-hoteles-en-francia-en-las-sedes-de-la-eurocopa\/#webpage","url":"https:\/\/eldigitaldeasturias.com\/magazine365\/la-fiebre-del-futbol-eleva-un-21-los-precios-de-los-hoteles-en-francia-en-las-sedes-de-la-eurocopa\/","name":"La fiebre del f\u00fatbol eleva un 21% los precios de los hoteles en Francia en las sedes de la Eurocopa | El Digital de Asturias","description":"Los hoteles de las ciudades sede de la Eurocopa de Francia, que arrancar\u00e1 este viernes 10 de junio, ofertan para este verano precios un 21% m\u00e1s elevados que el a\u00f1o anterior, con un coste medio por noche de 131 euros, seg\u00fan un estudio reciente realizado por el portal hotelero HRS. La presencia de las selecciones","inLanguage":"es-ES","isPartOf":{"@id":"https:\/\/eldigitaldeasturias.com\/magazine365\/#website"},"breadcrumb":{"@id":"https:\/\/eldigitaldeasturias.com\/magazine365\/la-fiebre-del-futbol-eleva-un-21-los-precios-de-los-hoteles-en-francia-en-las-sedes-de-la-eurocopa\/#breadcrumblist"},"author":{"@id":"https:\/\/eldigitaldeasturias.com\/magazine365\/author\/admin\/#author"},"creator":{"@id":"https:\/\/eldigitaldeasturias.com\/magazine365\/author\/admin\/#author"},"image":{"@type":"ImageObject","url":"https:\/\/eldigitaldeasturias.com\/magazine365\/wp-content\/uploads\/2016\/06\/fotonoticia_20160607123755_800.jpg","@id":"https:\/\/eldigitaldeasturias.com\/magazine365\/la-fiebre-del-futbol-eleva-un-21-los-precios-de-los-hoteles-en-francia-en-las-sedes-de-la-eurocopa\/#mainImage","width":800,"height":478},"primaryImageOfPage":{"@id":"https:\/\/eldigitaldeasturias.com\/magazine365\/la-fiebre-del-futbol-eleva-un-21-los-precios-de-los-hoteles-en-francia-en-las-sedes-de-la-eurocopa\/#mainImage"},"datePublished":"2016-06-08T11:46:45+02:00","dateModified":"2016-06-08T11:46:45+02:00"},{"@type":"WebSite","@id":"https:\/\/eldigitaldeasturias.com\/magazine365\/#website","url":"https:\/\/eldigitaldeasturias.com\/magazine365\/","name":"El Digital de Asturias","description":"Revista de ocio, turismo y estilo de vida","inLanguage":"es-ES","publisher":{"@id":"https:\/\/eldigitaldeasturias.com\/magazine365\/#organization"}}]},"og:locale":"es_ES","og:site_name":"El Digital de Asturias \u2013 Revista de ocio, turismo y estilo de vida","og:type":"article","og:title":"La fiebre del f\u00fatbol eleva un 21% los precios de los hoteles en Francia en las sedes de la Eurocopa | El Digital de Asturias","og:description":"Los hoteles de las ciudades sede de la Eurocopa de Francia, que arrancar\u00e1 este viernes 10 de junio, ofertan para este verano precios un 21% m\u00e1s elevados que el a\u00f1o anterior, con un coste medio por noche de 131 euros, seg\u00fan un estudio reciente realizado por el portal hotelero HRS. La presencia de las selecciones","og:url":"https:\/\/eldigitaldeasturias.com\/magazine365\/la-fiebre-del-futbol-eleva-un-21-los-precios-de-los-hoteles-en-francia-en-las-sedes-de-la-eurocopa\/","og:image":"https:\/\/eldigitaldeasturias.com\/magazine365\/wp-content\/uploads\/2016\/06\/fotonoticia_20160607123755_800.jpg","og:image:secure_url":"https:\/\/eldigitaldeasturias.com\/magazine365\/wp-content\/uploads\/2016\/06\/fotonoticia_20160607123755_800.jpg","og:image:width":800,"og:image:height":478,"article:published_time":"2016-06-08T09:46:45+00:00","article:modified_time":"2016-06-08T09:46:45+00:00","twitter:card":"summary_large_image","twitter:title":"La fiebre del f\u00fatbol eleva un 21% los precios de los hoteles en Francia en las sedes de la Eurocopa | El Digital de Asturias","twitter:description":"Los hoteles de las ciudades sede de la Eurocopa de Francia, que arrancar\u00e1 este viernes 10 de junio, ofertan para este verano precios un 21% m\u00e1s elevados que el a\u00f1o anterior, con un coste medio por noche de 131 euros, seg\u00fan un estudio reciente realizado por el portal hotelero HRS. La presencia de las selecciones","twitter:image":"https:\/\/eldigitaldeasturias.com\/magazine365\/wp-content\/uploads\/2016\/06\/fotonoticia_20160607123755_800.jpg"},"aioseo_meta_data":{"post_id":"78000","title":null,"description":null,"keywords":null,"keyphrases":null,"primary_term":null,"canonical_url":null,"og_title":null,"og_description":null,"og_object_type":"default","og_image_type":"default","og_image_url":null,"og_image_width":null,"og_image_height":null,"og_image_custom_url":null,"og_image_custom_fields":null,"og_video":null,"og_custom_url":null,"og_article_section":null,"og_article_tags":null,"twitter_use_og":false,"twitter_card":"default","twitter_image_type":"default","twitter_image_url":null,"twitter_image_custom_url":null,"twitter_image_custom_fields":null,"twitter_title":null,"twitter_description":null,"schema":{"blockGraphs":[],"customGraphs":[],"default":{"data":{"Article":[],"Course":[],"Dataset":[],"FAQPage":[],"Movie":[],"Person":[],"Product":[],"ProductReview":[],"Car":[],"Recipe":[],"Service":[],"SoftwareApplication":[],"WebPage":[]},"graphName":"","isEnabled":true},"graphs":[]},"schema_type":null,"schema_type_options":null,"pillar_content":false,"robots_default":true,"robots_noindex":false,"robots_noarchive":false,"robots_nosnippet":false,"robots_nofollow":false,"robots_noimageindex":false,"robots_noodp":false,"robots_notranslate":false,"robots_max_snippet":null,"robots_max_videopreview":null,"robots_max_imagepreview":"large","priority":null,"frequency":null,"location":null,"local_seo":null,"seo_analyzer_scan_date":"2025-09-27 16:05:03","breadcrumb_settings":null,"limit_modified_date":false,"open_ai":null,"ai":null,"created":"2021-03-08 18:05:46","updated":"2025-09-27 16:05:03"},"aioseo_breadcrumb":"<div class=\"aioseo-breadcrumbs\"><span class=\"aioseo-breadcrumb\">\n\t<a href=\"https:\/\/eldigitaldeasturias.com\/magazine365\" title=\"Home\">Home<\/a>\n<\/span><span class=\"aioseo-breadcrumb-separator\">\u2013<\/span><span class=\"aioseo-breadcrumb\">\n\t<a href=\"https:\/\/eldigitaldeasturias.com\/magazine365\/category\/noticias-actualidad\/\" title=\"Noticias y Actualidad\">Noticias y Actualidad<\/a>\n<\/span><span class=\"aioseo-breadcrumb-separator\">\u2013<\/span><span class=\"aioseo-breadcrumb\">\n\t<a href=\"https:\/\/eldigitaldeasturias.com\/magazine365\/la-fiebre-del-futbol-eleva-un-21-los-precios-de-los-hoteles-en-francia-en-las-sedes-de-la-eurocopa\/\" title=\"La fiebre del f\u00fatbol eleva un 21% los precios de los hoteles en Francia en las sedes de la Eurocopa\">La fiebre del f\u00fatbol eleva un 21% los precios de los hoteles en Francia en las sedes de la Eurocopa<\/a>\n<\/span><\/div>","aioseo_breadcrumb_json":[{"label":"Home","link":"https:\/\/eldigitaldeasturias.com\/magazine365"},{"label":"Noticias y Actualidad","link":"https:\/\/eldigitaldeasturias.com\/magazine365\/category\/noticias-actualidad\/"},{"label":"La fiebre del f\u00fatbol eleva un 21% los precios de los hoteles en Francia en las sedes de la Eurocopa","link":"https:\/\/eldigitaldeasturias.com\/magazine365\/la-fiebre-del-futbol-eleva-un-21-los-precios-de-los-hoteles-en-francia-en-las-sedes-de-la-eurocopa\/"}],"_links":{"self":[{"href":"https:\/\/eldigitaldeasturias.com\/magazine365\/wp-json\/wp\/v2\/posts\/78000","targetHints":{"allow":["GET"]}}],"collection":[{"href":"https:\/\/eldigitaldeasturias.com\/magazine365\/wp-json\/wp\/v2\/posts"}],"about":[{"href":"https:\/\/eldigitaldeasturias.com\/magazine365\/wp-json\/wp\/v2\/types\/post"}],"author":[{"embeddable":true,"href":"https:\/\/eldigitaldeasturias.com\/magazine365\/wp-json\/wp\/v2\/users\/1"}],"replies":[{"embeddable":true,"href":"https:\/\/eldigitaldeasturias.com\/magazine365\/wp-json\/wp\/v2\/comments?post=78000"}],"version-history":[{"count":0,"href":"https:\/\/eldigitaldeasturias.com\/magazine365\/wp-json\/wp\/v2\/posts\/78000\/revisions"}],"wp:featuredmedia":[{"embeddable":true,"href":"https:\/\/eldigitaldeasturias.com\/magazine365\/wp-json\/wp\/v2\/media\/78001"}],"wp:attachment":[{"href":"https:\/\/eldigitaldeasturias.com\/magazine365\/wp-json\/wp\/v2\/media?parent=78000"}],"wp:term":[{"taxonomy":"category","embeddable":true,"href":"https:\/\/eldigitaldeasturias.com\/magazine365\/wp-json\/wp\/v2\/categories?post=78000"},{"taxonomy":"post_tag","embeddable":true,"href":"https:\/\/eldigitaldeasturias.com\/magazine365\/wp-json\/wp\/v2\/tags?post=78000"}],"curies":[{"name":"wp","href":"https:\/\/api.w.org\/{rel}","templated":true}]}}