{"id":77985,"date":"2016-06-08T11:35:02","date_gmt":"2016-06-08T09:35:02","guid":{"rendered":"http:\/\/eldigitaldeasturias.com\/magazine365\/?p=77985"},"modified":"2016-06-08T11:35:02","modified_gmt":"2016-06-08T09:35:02","slug":"el-turismo-y-la-restauracion-acaparan-el-11-de-las-vacantes-de-empleo-para-el-verano","status":"publish","type":"post","link":"https:\/\/eldigitaldeasturias.com\/magazine365\/el-turismo-y-la-restauracion-acaparan-el-11-de-las-vacantes-de-empleo-para-el-verano\/","title":{"rendered":"El turismo y la restauraci\u00f3n acaparan el 11% de las vacantes de empleo para el verano"},"content":{"rendered":"<p>InfoJobs ha detectado un aumento del 22% en las ofertas de empleo para la campa\u00f1a de verano, seg\u00fan ha informado este martes el portal de empleo, que se\u00f1ala que el turismo y la restauraci\u00f3n acaparan el 11% de las vacantes, con un aumento del 61% en relaci\u00f3n al a\u00f1o anterior.<\/p>\n<p>Entre los meses de abril y septiembre, los empleos vinculados a cubrir las necesidades de la temporada estival multiplican sus vacantes. En el sector tur\u00edstico, camareros, cocineros, gu\u00edas y animadores son algunos de los puestos m\u00e1s demandados en verano.<\/p>\n<p>La categor\u00eda que presenta para este verano un mayor n\u00famero de ofertas es la de atenci\u00f3n al cliente (recepcionistas, cajeros o personal de ventas), con el 18% de todas las ofertas.<\/p>\n<p>El sector de venta al detalle concentra el 15% de las ofertas, con un aumento del 65% respecto a la campa\u00f1a estival de 2015.<\/p>\n<p>M\u00c1S OFERTA EN ZONAS TUR\u00cdSTICAS.<\/p>\n<p>Por provincias, la mitad de las vacantes para este verano corresponden a Madrid y Barcelona. Tambi\u00e9n se incrementan las ofertas de empleo en zonas t\u00edpicamente tur\u00edsticas como Baleares, Valencia o Alicante.<\/p>\n<p>InfoJobs ha subrayado que el verano es una \u00e9poca excepcional para buscar un primer trabajo y adquirir experiencia, pues el 18% de las ofertas no requieren experiencia previa y el 66% s\u00f3lo piden un a\u00f1o de experiencia.<\/p>\n<p>Aunque la mayor parte de estos puestos de trabajo son para cubrir empleos de temporada, muchas empresas buscan sustitutos para los periodos vacacionales de sus empleados, por lo que es un buen momento para adquirir experiencia en todo tipo de sectores, insisten desde el portal.<\/p>\n","protected":false},"excerpt":{"rendered":"<p>InfoJobs ha detectado un aumento del 22% en las ofertas de empleo para la campa\u00f1a de verano, seg\u00fan ha informado este martes el portal de empleo, que se\u00f1ala que el turismo y la restauraci\u00f3n acaparan el 11% de las vacantes, con un aumento del 61% en relaci\u00f3n al a\u00f1o anterior. Entre los meses de abril<\/p>\n","protected":false},"author":1,"featured_media":0,"comment_status":"open","ping_status":"closed","sticky":false,"template":"","format":"standard","meta":{"footnotes":""},"categories":[224],"tags":[],"class_list":{"0":"post-77985","1":"post","2":"type-post","3":"status-publish","4":"format-standard","6":"category-noticias-actualidad"},"aioseo_notices":[],"aioseo_head":"\n\t\t<!-- All in One SEO Pro 4.9.6.1 - aioseo.com -->\n\t<meta name=\"description\" content=\"InfoJobs ha detectado un aumento del 22% en las ofertas de empleo para la campa\u00f1a de verano, seg\u00fan ha informado este martes el portal de empleo, que se\u00f1ala que el turismo y la restauraci\u00f3n acaparan el 11% de las vacantes, con un aumento del 61% en relaci\u00f3n al a\u00f1o anterior. Entre los meses de abril\" \/>\n\t<meta name=\"robots\" content=\"max-image-preview:large\" \/>\n\t<meta name=\"author\" content=\"admin\"\/>\n\t<meta name=\"google-site-verification\" content=\"UA-38556648-1\" \/>\n\t<meta name=\"keywords\" content=\"noticias y actualidad\" \/>\n\t<link rel=\"canonical\" href=\"https:\/\/eldigitaldeasturias.com\/magazine365\/el-turismo-y-la-restauracion-acaparan-el-11-de-las-vacantes-de-empleo-para-el-verano\/\" \/>\n\t<meta name=\"generator\" content=\"All in One SEO Pro (AIOSEO) 4.9.6.1\" \/>\n\t\t<meta property=\"og:locale\" content=\"es_ES\" \/>\n\t\t<meta property=\"og:site_name\" content=\"El Digital de Asturias \u2013 Revista de ocio, turismo y estilo de vida\" \/>\n\t\t<meta property=\"og:type\" content=\"article\" \/>\n\t\t<meta property=\"og:title\" content=\"El turismo y la restauraci\u00f3n acaparan el 11% de las vacantes de empleo para el verano | El Digital de Asturias\" \/>\n\t\t<meta property=\"og:description\" content=\"InfoJobs ha detectado un aumento del 22% en las ofertas de empleo para la campa\u00f1a de verano, seg\u00fan ha informado este martes el portal de empleo, que se\u00f1ala que el turismo y la restauraci\u00f3n acaparan el 11% de las vacantes, con un aumento del 61% en relaci\u00f3n al a\u00f1o anterior. Entre los meses de abril\" \/>\n\t\t<meta property=\"og:url\" content=\"https:\/\/eldigitaldeasturias.com\/magazine365\/el-turismo-y-la-restauracion-acaparan-el-11-de-las-vacantes-de-empleo-para-el-verano\/\" \/>\n\t\t<meta property=\"og:image\" content=\"https:\/\/www.eldigitaldeasturias.com\/noticias\/wp-content\/uploads\/2020\/12\/EDA.jpg\" \/>\n\t\t<meta property=\"og:image:secure_url\" content=\"https:\/\/www.eldigitaldeasturias.com\/noticias\/wp-content\/uploads\/2020\/12\/EDA.jpg\" \/>\n\t\t<meta property=\"article:published_time\" content=\"2016-06-08T09:35:02+00:00\" \/>\n\t\t<meta property=\"article:modified_time\" content=\"2016-06-08T09:35:02+00:00\" \/>\n\t\t<meta name=\"twitter:card\" content=\"summary_large_image\" \/>\n\t\t<meta name=\"twitter:title\" content=\"El turismo y la restauraci\u00f3n acaparan el 11% de las vacantes de empleo para el verano | El Digital de Asturias\" \/>\n\t\t<meta name=\"twitter:description\" content=\"InfoJobs ha detectado un aumento del 22% en las ofertas de empleo para la campa\u00f1a de verano, seg\u00fan ha informado este martes el portal de empleo, que se\u00f1ala que el turismo y la restauraci\u00f3n acaparan el 11% de las vacantes, con un aumento del 61% en relaci\u00f3n al a\u00f1o anterior. Entre los meses de abril\" \/>\n\t\t<meta name=\"twitter:image\" content=\"https:\/\/www.eldigitaldeasturias.com\/noticias\/wp-content\/uploads\/2020\/12\/EDA.jpg\" \/>\n\t\t<script type=\"application\/ld+json\" class=\"aioseo-schema\">\n\t\t\t{\"@context\":\"https:\\\/\\\/schema.org\",\"@graph\":[{\"@type\":\"Article\",\"@id\":\"https:\\\/\\\/eldigitaldeasturias.com\\\/magazine365\\\/el-turismo-y-la-restauracion-acaparan-el-11-de-las-vacantes-de-empleo-para-el-verano\\\/#article\",\"name\":\"El turismo y la restauraci\\u00f3n acaparan el 11% de las vacantes de empleo para el verano | El Digital de Asturias\",\"headline\":\"El turismo y la restauraci\\u00f3n acaparan el 11% de las vacantes de empleo para el verano\",\"author\":{\"@id\":\"https:\\\/\\\/eldigitaldeasturias.com\\\/magazine365\\\/author\\\/admin\\\/#author\"},\"publisher\":{\"@id\":\"https:\\\/\\\/eldigitaldeasturias.com\\\/magazine365\\\/#organization\"},\"image\":{\"@type\":\"ImageObject\",\"url\":\"https:\\\/\\\/www.eldigitaldeasturias.com\\\/noticias\\\/wp-content\\\/uploads\\\/2020\\\/12\\\/EDA.jpg\",\"@id\":\"https:\\\/\\\/eldigitaldeasturias.com\\\/magazine365\\\/#articleImage\"},\"datePublished\":\"2016-06-08T11:35:02+02:00\",\"dateModified\":\"2016-06-08T11:35:02+02:00\",\"inLanguage\":\"es-ES\",\"mainEntityOfPage\":{\"@id\":\"https:\\\/\\\/eldigitaldeasturias.com\\\/magazine365\\\/el-turismo-y-la-restauracion-acaparan-el-11-de-las-vacantes-de-empleo-para-el-verano\\\/#webpage\"},\"isPartOf\":{\"@id\":\"https:\\\/\\\/eldigitaldeasturias.com\\\/magazine365\\\/el-turismo-y-la-restauracion-acaparan-el-11-de-las-vacantes-de-empleo-para-el-verano\\\/#webpage\"},\"articleSection\":\"Noticias y Actualidad\"},{\"@type\":\"BreadcrumbList\",\"@id\":\"https:\\\/\\\/eldigitaldeasturias.com\\\/magazine365\\\/el-turismo-y-la-restauracion-acaparan-el-11-de-las-vacantes-de-empleo-para-el-verano\\\/#breadcrumblist\",\"itemListElement\":[{\"@type\":\"ListItem\",\"@id\":\"https:\\\/\\\/eldigitaldeasturias.com\\\/magazine365#listItem\",\"position\":1,\"name\":\"Home\",\"item\":\"https:\\\/\\\/eldigitaldeasturias.com\\\/magazine365\",\"nextItem\":{\"@type\":\"ListItem\",\"@id\":\"https:\\\/\\\/eldigitaldeasturias.com\\\/magazine365\\\/category\\\/noticias-actualidad\\\/#listItem\",\"name\":\"Noticias y Actualidad\"}},{\"@type\":\"ListItem\",\"@id\":\"https:\\\/\\\/eldigitaldeasturias.com\\\/magazine365\\\/category\\\/noticias-actualidad\\\/#listItem\",\"position\":2,\"name\":\"Noticias y Actualidad\",\"item\":\"https:\\\/\\\/eldigitaldeasturias.com\\\/magazine365\\\/category\\\/noticias-actualidad\\\/\",\"nextItem\":{\"@type\":\"ListItem\",\"@id\":\"https:\\\/\\\/eldigitaldeasturias.com\\\/magazine365\\\/el-turismo-y-la-restauracion-acaparan-el-11-de-las-vacantes-de-empleo-para-el-verano\\\/#listItem\",\"name\":\"El turismo y la restauraci\\u00f3n acaparan el 11% de las vacantes de empleo para el verano\"},\"previousItem\":{\"@type\":\"ListItem\",\"@id\":\"https:\\\/\\\/eldigitaldeasturias.com\\\/magazine365#listItem\",\"name\":\"Home\"}},{\"@type\":\"ListItem\",\"@id\":\"https:\\\/\\\/eldigitaldeasturias.com\\\/magazine365\\\/el-turismo-y-la-restauracion-acaparan-el-11-de-las-vacantes-de-empleo-para-el-verano\\\/#listItem\",\"position\":3,\"name\":\"El turismo y la restauraci\\u00f3n acaparan el 11% de las vacantes de empleo para el verano\",\"previousItem\":{\"@type\":\"ListItem\",\"@id\":\"https:\\\/\\\/eldigitaldeasturias.com\\\/magazine365\\\/category\\\/noticias-actualidad\\\/#listItem\",\"name\":\"Noticias y Actualidad\"}}]},{\"@type\":\"Organization\",\"@id\":\"https:\\\/\\\/eldigitaldeasturias.com\\\/magazine365\\\/#organization\",\"name\":\"El digital de Asturias\",\"description\":\"Revista de ocio, turismo y estilo de vida\",\"url\":\"https:\\\/\\\/eldigitaldeasturias.com\\\/magazine365\\\/\",\"logo\":{\"@type\":\"ImageObject\",\"url\":\"https:\\\/\\\/www.eldigitaldeasturias.com\\\/noticias\\\/wp-content\\\/uploads\\\/2020\\\/12\\\/EDA.jpg\",\"@id\":\"https:\\\/\\\/eldigitaldeasturias.com\\\/magazine365\\\/el-turismo-y-la-restauracion-acaparan-el-11-de-las-vacantes-de-empleo-para-el-verano\\\/#organizationLogo\"},\"image\":{\"@id\":\"https:\\\/\\\/eldigitaldeasturias.com\\\/magazine365\\\/el-turismo-y-la-restauracion-acaparan-el-11-de-las-vacantes-de-empleo-para-el-verano\\\/#organizationLogo\"}},{\"@type\":\"Person\",\"@id\":\"https:\\\/\\\/eldigitaldeasturias.com\\\/magazine365\\\/author\\\/admin\\\/#author\",\"url\":\"https:\\\/\\\/eldigitaldeasturias.com\\\/magazine365\\\/author\\\/admin\\\/\",\"name\":\"admin\",\"image\":{\"@type\":\"ImageObject\",\"@id\":\"https:\\\/\\\/eldigitaldeasturias.com\\\/magazine365\\\/el-turismo-y-la-restauracion-acaparan-el-11-de-las-vacantes-de-empleo-para-el-verano\\\/#authorImage\",\"url\":\"https:\\\/\\\/eldigitaldeasturias.com\\\/magazine365\\\/wp-content\\\/litespeed\\\/avatar\\\/e571bcf59a0edd6fa6838245a470f2fe.jpg?ver=1776969259\",\"width\":96,\"height\":96,\"caption\":\"admin\"}},{\"@type\":\"WebPage\",\"@id\":\"https:\\\/\\\/eldigitaldeasturias.com\\\/magazine365\\\/el-turismo-y-la-restauracion-acaparan-el-11-de-las-vacantes-de-empleo-para-el-verano\\\/#webpage\",\"url\":\"https:\\\/\\\/eldigitaldeasturias.com\\\/magazine365\\\/el-turismo-y-la-restauracion-acaparan-el-11-de-las-vacantes-de-empleo-para-el-verano\\\/\",\"name\":\"El turismo y la restauraci\\u00f3n acaparan el 11% de las vacantes de empleo para el verano | El Digital de Asturias\",\"description\":\"InfoJobs ha detectado un aumento del 22% en las ofertas de empleo para la campa\\u00f1a de verano, seg\\u00fan ha informado este martes el portal de empleo, que se\\u00f1ala que el turismo y la restauraci\\u00f3n acaparan el 11% de las vacantes, con un aumento del 61% en relaci\\u00f3n al a\\u00f1o anterior. Entre los meses de abril\",\"inLanguage\":\"es-ES\",\"isPartOf\":{\"@id\":\"https:\\\/\\\/eldigitaldeasturias.com\\\/magazine365\\\/#website\"},\"breadcrumb\":{\"@id\":\"https:\\\/\\\/eldigitaldeasturias.com\\\/magazine365\\\/el-turismo-y-la-restauracion-acaparan-el-11-de-las-vacantes-de-empleo-para-el-verano\\\/#breadcrumblist\"},\"author\":{\"@id\":\"https:\\\/\\\/eldigitaldeasturias.com\\\/magazine365\\\/author\\\/admin\\\/#author\"},\"creator\":{\"@id\":\"https:\\\/\\\/eldigitaldeasturias.com\\\/magazine365\\\/author\\\/admin\\\/#author\"},\"datePublished\":\"2016-06-08T11:35:02+02:00\",\"dateModified\":\"2016-06-08T11:35:02+02:00\"},{\"@type\":\"WebSite\",\"@id\":\"https:\\\/\\\/eldigitaldeasturias.com\\\/magazine365\\\/#website\",\"url\":\"https:\\\/\\\/eldigitaldeasturias.com\\\/magazine365\\\/\",\"name\":\"El Digital de Asturias\",\"description\":\"Revista de ocio, turismo y estilo de vida\",\"inLanguage\":\"es-ES\",\"publisher\":{\"@id\":\"https:\\\/\\\/eldigitaldeasturias.com\\\/magazine365\\\/#organization\"}}]}\n\t\t<\/script>\n\t\t<!-- All in One SEO Pro -->\r\n\t\t<title>El turismo y la restauraci\u00f3n acaparan el 11% de las vacantes de empleo para el verano | El Digital de Asturias<\/title>\n\n","aioseo_head_json":{"title":"El turismo y la restauraci\u00f3n acaparan el 11% de las vacantes de empleo para el verano | El Digital de Asturias","description":"InfoJobs ha detectado un aumento del 22% en las ofertas de empleo para la campa\u00f1a de verano, seg\u00fan ha informado este martes el portal de empleo, que se\u00f1ala que el turismo y la restauraci\u00f3n acaparan el 11% de las vacantes, con un aumento del 61% en relaci\u00f3n al a\u00f1o anterior. Entre los meses de abril","canonical_url":"https:\/\/eldigitaldeasturias.com\/magazine365\/el-turismo-y-la-restauracion-acaparan-el-11-de-las-vacantes-de-empleo-para-el-verano\/","robots":"max-image-preview:large","keywords":"noticias y actualidad","webmasterTools":{"google-site-verification":"UA-38556648-1","miscellaneous":""},"schema":{"@context":"https:\/\/schema.org","@graph":[{"@type":"Article","@id":"https:\/\/eldigitaldeasturias.com\/magazine365\/el-turismo-y-la-restauracion-acaparan-el-11-de-las-vacantes-de-empleo-para-el-verano\/#article","name":"El turismo y la restauraci\u00f3n acaparan el 11% de las vacantes de empleo para el verano | El Digital de Asturias","headline":"El turismo y la restauraci\u00f3n acaparan el 11% de las vacantes de empleo para el verano","author":{"@id":"https:\/\/eldigitaldeasturias.com\/magazine365\/author\/admin\/#author"},"publisher":{"@id":"https:\/\/eldigitaldeasturias.com\/magazine365\/#organization"},"image":{"@type":"ImageObject","url":"https:\/\/www.eldigitaldeasturias.com\/noticias\/wp-content\/uploads\/2020\/12\/EDA.jpg","@id":"https:\/\/eldigitaldeasturias.com\/magazine365\/#articleImage"},"datePublished":"2016-06-08T11:35:02+02:00","dateModified":"2016-06-08T11:35:02+02:00","inLanguage":"es-ES","mainEntityOfPage":{"@id":"https:\/\/eldigitaldeasturias.com\/magazine365\/el-turismo-y-la-restauracion-acaparan-el-11-de-las-vacantes-de-empleo-para-el-verano\/#webpage"},"isPartOf":{"@id":"https:\/\/eldigitaldeasturias.com\/magazine365\/el-turismo-y-la-restauracion-acaparan-el-11-de-las-vacantes-de-empleo-para-el-verano\/#webpage"},"articleSection":"Noticias y Actualidad"},{"@type":"BreadcrumbList","@id":"https:\/\/eldigitaldeasturias.com\/magazine365\/el-turismo-y-la-restauracion-acaparan-el-11-de-las-vacantes-de-empleo-para-el-verano\/#breadcrumblist","itemListElement":[{"@type":"ListItem","@id":"https:\/\/eldigitaldeasturias.com\/magazine365#listItem","position":1,"name":"Home","item":"https:\/\/eldigitaldeasturias.com\/magazine365","nextItem":{"@type":"ListItem","@id":"https:\/\/eldigitaldeasturias.com\/magazine365\/category\/noticias-actualidad\/#listItem","name":"Noticias y Actualidad"}},{"@type":"ListItem","@id":"https:\/\/eldigitaldeasturias.com\/magazine365\/category\/noticias-actualidad\/#listItem","position":2,"name":"Noticias y Actualidad","item":"https:\/\/eldigitaldeasturias.com\/magazine365\/category\/noticias-actualidad\/","nextItem":{"@type":"ListItem","@id":"https:\/\/eldigitaldeasturias.com\/magazine365\/el-turismo-y-la-restauracion-acaparan-el-11-de-las-vacantes-de-empleo-para-el-verano\/#listItem","name":"El turismo y la restauraci\u00f3n acaparan el 11% de las vacantes de empleo para el verano"},"previousItem":{"@type":"ListItem","@id":"https:\/\/eldigitaldeasturias.com\/magazine365#listItem","name":"Home"}},{"@type":"ListItem","@id":"https:\/\/eldigitaldeasturias.com\/magazine365\/el-turismo-y-la-restauracion-acaparan-el-11-de-las-vacantes-de-empleo-para-el-verano\/#listItem","position":3,"name":"El turismo y la restauraci\u00f3n acaparan el 11% de las vacantes de empleo para el verano","previousItem":{"@type":"ListItem","@id":"https:\/\/eldigitaldeasturias.com\/magazine365\/category\/noticias-actualidad\/#listItem","name":"Noticias y Actualidad"}}]},{"@type":"Organization","@id":"https:\/\/eldigitaldeasturias.com\/magazine365\/#organization","name":"El digital de Asturias","description":"Revista de ocio, turismo y estilo de vida","url":"https:\/\/eldigitaldeasturias.com\/magazine365\/","logo":{"@type":"ImageObject","url":"https:\/\/www.eldigitaldeasturias.com\/noticias\/wp-content\/uploads\/2020\/12\/EDA.jpg","@id":"https:\/\/eldigitaldeasturias.com\/magazine365\/el-turismo-y-la-restauracion-acaparan-el-11-de-las-vacantes-de-empleo-para-el-verano\/#organizationLogo"},"image":{"@id":"https:\/\/eldigitaldeasturias.com\/magazine365\/el-turismo-y-la-restauracion-acaparan-el-11-de-las-vacantes-de-empleo-para-el-verano\/#organizationLogo"}},{"@type":"Person","@id":"https:\/\/eldigitaldeasturias.com\/magazine365\/author\/admin\/#author","url":"https:\/\/eldigitaldeasturias.com\/magazine365\/author\/admin\/","name":"admin","image":{"@type":"ImageObject","@id":"https:\/\/eldigitaldeasturias.com\/magazine365\/el-turismo-y-la-restauracion-acaparan-el-11-de-las-vacantes-de-empleo-para-el-verano\/#authorImage","url":"https:\/\/eldigitaldeasturias.com\/magazine365\/wp-content\/litespeed\/avatar\/e571bcf59a0edd6fa6838245a470f2fe.jpg?ver=1776969259","width":96,"height":96,"caption":"admin"}},{"@type":"WebPage","@id":"https:\/\/eldigitaldeasturias.com\/magazine365\/el-turismo-y-la-restauracion-acaparan-el-11-de-las-vacantes-de-empleo-para-el-verano\/#webpage","url":"https:\/\/eldigitaldeasturias.com\/magazine365\/el-turismo-y-la-restauracion-acaparan-el-11-de-las-vacantes-de-empleo-para-el-verano\/","name":"El turismo y la restauraci\u00f3n acaparan el 11% de las vacantes de empleo para el verano | El Digital de Asturias","description":"InfoJobs ha detectado un aumento del 22% en las ofertas de empleo para la campa\u00f1a de verano, seg\u00fan ha informado este martes el portal de empleo, que se\u00f1ala que el turismo y la restauraci\u00f3n acaparan el 11% de las vacantes, con un aumento del 61% en relaci\u00f3n al a\u00f1o anterior. Entre los meses de abril","inLanguage":"es-ES","isPartOf":{"@id":"https:\/\/eldigitaldeasturias.com\/magazine365\/#website"},"breadcrumb":{"@id":"https:\/\/eldigitaldeasturias.com\/magazine365\/el-turismo-y-la-restauracion-acaparan-el-11-de-las-vacantes-de-empleo-para-el-verano\/#breadcrumblist"},"author":{"@id":"https:\/\/eldigitaldeasturias.com\/magazine365\/author\/admin\/#author"},"creator":{"@id":"https:\/\/eldigitaldeasturias.com\/magazine365\/author\/admin\/#author"},"datePublished":"2016-06-08T11:35:02+02:00","dateModified":"2016-06-08T11:35:02+02:00"},{"@type":"WebSite","@id":"https:\/\/eldigitaldeasturias.com\/magazine365\/#website","url":"https:\/\/eldigitaldeasturias.com\/magazine365\/","name":"El Digital de Asturias","description":"Revista de ocio, turismo y estilo de vida","inLanguage":"es-ES","publisher":{"@id":"https:\/\/eldigitaldeasturias.com\/magazine365\/#organization"}}]},"og:locale":"es_ES","og:site_name":"El Digital de Asturias \u2013 Revista de ocio, turismo y estilo de vida","og:type":"article","og:title":"El turismo y la restauraci\u00f3n acaparan el 11% de las vacantes de empleo para el verano | El Digital de Asturias","og:description":"InfoJobs ha detectado un aumento del 22% en las ofertas de empleo para la campa\u00f1a de verano, seg\u00fan ha informado este martes el portal de empleo, que se\u00f1ala que el turismo y la restauraci\u00f3n acaparan el 11% de las vacantes, con un aumento del 61% en relaci\u00f3n al a\u00f1o anterior. Entre los meses de abril","og:url":"https:\/\/eldigitaldeasturias.com\/magazine365\/el-turismo-y-la-restauracion-acaparan-el-11-de-las-vacantes-de-empleo-para-el-verano\/","og:image":"https:\/\/www.eldigitaldeasturias.com\/noticias\/wp-content\/uploads\/2020\/12\/EDA.jpg","og:image:secure_url":"https:\/\/www.eldigitaldeasturias.com\/noticias\/wp-content\/uploads\/2020\/12\/EDA.jpg","article:published_time":"2016-06-08T09:35:02+00:00","article:modified_time":"2016-06-08T09:35:02+00:00","twitter:card":"summary_large_image","twitter:title":"El turismo y la restauraci\u00f3n acaparan el 11% de las vacantes de empleo para el verano | El Digital de Asturias","twitter:description":"InfoJobs ha detectado un aumento del 22% en las ofertas de empleo para la campa\u00f1a de verano, seg\u00fan ha informado este martes el portal de empleo, que se\u00f1ala que el turismo y la restauraci\u00f3n acaparan el 11% de las vacantes, con un aumento del 61% en relaci\u00f3n al a\u00f1o anterior. Entre los meses de abril","twitter:image":"https:\/\/www.eldigitaldeasturias.com\/noticias\/wp-content\/uploads\/2020\/12\/EDA.jpg"},"aioseo_meta_data":{"post_id":"77985","title":null,"description":null,"keywords":null,"keyphrases":null,"primary_term":null,"canonical_url":null,"og_title":null,"og_description":null,"og_object_type":"default","og_image_type":"default","og_image_url":null,"og_image_width":null,"og_image_height":null,"og_image_custom_url":null,"og_image_custom_fields":null,"og_video":null,"og_custom_url":null,"og_article_section":null,"og_article_tags":null,"twitter_use_og":false,"twitter_card":"default","twitter_image_type":"default","twitter_image_url":null,"twitter_image_custom_url":null,"twitter_image_custom_fields":null,"twitter_title":null,"twitter_description":null,"schema":{"blockGraphs":[],"customGraphs":[],"default":{"data":{"Article":[],"Course":[],"Dataset":[],"FAQPage":[],"Movie":[],"Person":[],"Product":[],"ProductReview":[],"Car":[],"Recipe":[],"Service":[],"SoftwareApplication":[],"WebPage":[]},"graphName":"","isEnabled":true},"graphs":[],"defaultGraph":"","defaultPostTypeGraph":""},"schema_type":null,"schema_type_options":null,"pillar_content":false,"robots_default":true,"robots_noindex":false,"robots_noarchive":false,"robots_nosnippet":false,"robots_nofollow":false,"robots_noimageindex":false,"robots_noodp":false,"robots_notranslate":false,"robots_max_snippet":null,"robots_max_videopreview":null,"robots_max_imagepreview":"large","priority":null,"frequency":null,"location":null,"local_seo":null,"seo_analyzer_scan_date":"2025-09-27 16:01:22","breadcrumb_settings":null,"limit_modified_date":false,"open_ai":null,"ai":null,"created":"2021-03-08 18:06:57","updated":"2025-09-27 16:01:22"},"aioseo_breadcrumb":"<div class=\"aioseo-breadcrumbs\"><span class=\"aioseo-breadcrumb\">\n\t<a href=\"https:\/\/eldigitaldeasturias.com\/magazine365\" title=\"Home\">Home<\/a>\n<\/span><span class=\"aioseo-breadcrumb-separator\">\u2013<\/span><span class=\"aioseo-breadcrumb\">\n\t<a href=\"https:\/\/eldigitaldeasturias.com\/magazine365\/category\/noticias-actualidad\/\" title=\"Noticias y Actualidad\">Noticias y Actualidad<\/a>\n<\/span><span class=\"aioseo-breadcrumb-separator\">\u2013<\/span><span class=\"aioseo-breadcrumb\">\n\t<a href=\"https:\/\/eldigitaldeasturias.com\/magazine365\/el-turismo-y-la-restauracion-acaparan-el-11-de-las-vacantes-de-empleo-para-el-verano\/\" title=\"El turismo y la restauraci\u00f3n acaparan el 11% de las vacantes de empleo para el verano\">El turismo y la restauraci\u00f3n acaparan el 11% de las vacantes de empleo para el verano<\/a>\n<\/span><\/div>","aioseo_breadcrumb_json":[{"label":"Home","link":"https:\/\/eldigitaldeasturias.com\/magazine365"},{"label":"Noticias y Actualidad","link":"https:\/\/eldigitaldeasturias.com\/magazine365\/category\/noticias-actualidad\/"},{"label":"El turismo y la restauraci\u00f3n acaparan el 11% de las vacantes de empleo para el verano","link":"https:\/\/eldigitaldeasturias.com\/magazine365\/el-turismo-y-la-restauracion-acaparan-el-11-de-las-vacantes-de-empleo-para-el-verano\/"}],"_links":{"self":[{"href":"https:\/\/eldigitaldeasturias.com\/magazine365\/wp-json\/wp\/v2\/posts\/77985","targetHints":{"allow":["GET"]}}],"collection":[{"href":"https:\/\/eldigitaldeasturias.com\/magazine365\/wp-json\/wp\/v2\/posts"}],"about":[{"href":"https:\/\/eldigitaldeasturias.com\/magazine365\/wp-json\/wp\/v2\/types\/post"}],"author":[{"embeddable":true,"href":"https:\/\/eldigitaldeasturias.com\/magazine365\/wp-json\/wp\/v2\/users\/1"}],"replies":[{"embeddable":true,"href":"https:\/\/eldigitaldeasturias.com\/magazine365\/wp-json\/wp\/v2\/comments?post=77985"}],"version-history":[{"count":0,"href":"https:\/\/eldigitaldeasturias.com\/magazine365\/wp-json\/wp\/v2\/posts\/77985\/revisions"}],"wp:attachment":[{"href":"https:\/\/eldigitaldeasturias.com\/magazine365\/wp-json\/wp\/v2\/media?parent=77985"}],"wp:term":[{"taxonomy":"category","embeddable":true,"href":"https:\/\/eldigitaldeasturias.com\/magazine365\/wp-json\/wp\/v2\/categories?post=77985"},{"taxonomy":"post_tag","embeddable":true,"href":"https:\/\/eldigitaldeasturias.com\/magazine365\/wp-json\/wp\/v2\/tags?post=77985"}],"curies":[{"name":"wp","href":"https:\/\/api.w.org\/{rel}","templated":true}]}}