{"id":77974,"date":"2016-06-08T11:31:05","date_gmt":"2016-06-08T09:31:05","guid":{"rendered":"http:\/\/eldigitaldeasturias.com\/magazine365\/?p=77974"},"modified":"2016-06-08T11:31:05","modified_gmt":"2016-06-08T09:31:05","slug":"la-junta-apuesta-por-potenciar-el-producto-tu-historia","status":"publish","type":"post","link":"https:\/\/eldigitaldeasturias.com\/magazine365\/la-junta-apuesta-por-potenciar-el-producto-tu-historia\/","title":{"rendered":"La Junta apuesta por potenciar el producto &#8216;Tu historia&#8217;"},"content":{"rendered":"<p><img fetchpriority=\"high\" decoding=\"async\" class=\"alignleft size-medium wp-image-77975\" src=\"https:\/\/eldigitaldeasturias.com\/magazine365\/wp-content\/uploads\/2016\/06\/fotonoticia_20160607103910_800-360x227.jpg\" alt=\"fotonoticia_20160607103910_800\" width=\"360\" height=\"227\" srcset=\"https:\/\/eldigitaldeasturias.com\/magazine365\/wp-content\/uploads\/2016\/06\/fotonoticia_20160607103910_800-360x227.jpg 360w, https:\/\/eldigitaldeasturias.com\/magazine365\/wp-content\/uploads\/2016\/06\/fotonoticia_20160607103910_800-650x410.jpg 650w, https:\/\/eldigitaldeasturias.com\/magazine365\/wp-content\/uploads\/2016\/06\/fotonoticia_20160607103910_800-768x484.jpg 768w, https:\/\/eldigitaldeasturias.com\/magazine365\/wp-content\/uploads\/2016\/06\/fotonoticia_20160607103910_800-150x95.jpg 150w, https:\/\/eldigitaldeasturias.com\/magazine365\/wp-content\/uploads\/2016\/06\/fotonoticia_20160607103910_800-450x284.jpg 450w, https:\/\/eldigitaldeasturias.com\/magazine365\/wp-content\/uploads\/2016\/06\/fotonoticia_20160607103910_800-269x170.jpg 269w, https:\/\/eldigitaldeasturias.com\/magazine365\/wp-content\/uploads\/2016\/06\/fotonoticia_20160607103910_800-365x230.jpg 365w, https:\/\/eldigitaldeasturias.com\/magazine365\/wp-content\/uploads\/2016\/06\/fotonoticia_20160607103910_800-160x100.jpg 160w, https:\/\/eldigitaldeasturias.com\/magazine365\/wp-content\/uploads\/2016\/06\/fotonoticia_20160607103910_800.jpg 800w\" sizes=\"(max-width: 360px) 100vw, 360px\" \/>El consejero de Turismo y Deporte, Francisco Javier Fern\u00e1ndez, ha presentado este lunes en M\u00e1laga la nueva identidad gr\u00e1fica &#8216;Tu historia&#8217;, impulsada por la Fundaci\u00f3n de Ciudades Medias de Andaluc\u00eda, y ha apostado por potenciar su promoci\u00f3n para diversificar la oferta tur\u00edstica y ser m\u00e1s competitivos en los mercados.<\/p>\n<p>Seg\u00fan ha destacado, se trata de un tipo de experiencia que se adapta a las nuevas exigencias de los clientes y es \u00abuna de las demandas que nos est\u00e1n planteando los diferentes operadores\u00bb.<\/p>\n<p>En este sentido, ha recordado que, en los encuentros mantenidos en las grandes ferias tur\u00edsticas, los touroperadores han trasladado que Andaluc\u00eda \u00abes un destino completo y que puede satisfacer la demanda de cualquier turista\u00bb, por lo que ha abogado por ofrecer mucho m\u00e1s que sol y playa.<\/p>\n<p>As\u00ed, ha hecho hincapi\u00e9 en la necesidad de incidir en la complementariedad de la oferta y profundizar en productos ligados a las ciudades medias o a los recursos patrimoniales, ya que el segmento del turismo cultural atrae a la Comunidad anualmente a cerca de siete millones de viajeros.<\/p>\n<p>Precisamente, Fern\u00e1ndez ha subrayado que &#8216;Tu historia&#8217; ofrece un recorrido por siete ciudades andaluzas &#8211;Alcal\u00e1 la Real (Ja\u00e9n), Antequera (M\u00e1laga), \u00c9cija y Estepa (Sevilla), Loja (Granada) y Puente Genil y Lucena (C\u00f3rdoba)&#8211; con una oferta hist\u00f3rico-art\u00edstica y patrimonial muy destacada, de modo que se trata de un producto tur\u00edstico de car\u00e1cter cultural que est\u00e1 elaborado para el viajero coleccionista de experiencias.<\/p>\n<p>El titular andaluz de Turismo ha incidido en el respaldo de la Junta a esta iniciativa y ha dicho que representa \u00abun ejemplo de cooperaci\u00f3n\u00bb entre administraciones locales para \u00abponer en valor el patrimonio hist\u00f3rico-cultural de Andaluc\u00eda\u00bb, haciendo el destino m\u00e1s atractivo para el visitante, aumentando el consumo y generando as\u00ed riqueza y empleo.<\/p>\n<p>TURISMO CULTURAL<\/p>\n<p>La Fundaci\u00f3n de Ciudades Medias del Centro de Andaluc\u00eda, fundada en el a\u00f1o 2011, ha puesto en el mercado diversos productos vinculados con el turismo cultural con fuerte car\u00e1cter experiencial, bajo la marca propia &#8216;Tu historia&#8217; que agrupa a todos los municipios miembros.<\/p>\n<p>Con esta presentaci\u00f3n, la fundaci\u00f3n inicia un recorrido por las capitales de provincia de las ciudades que la conforman, es decir, en C\u00f3rdoba, Granada, Ja\u00e9n, M\u00e1laga y Sevilla.<\/p>\n<p>El objetivo es proyectar la marca &#8216;Tu historia&#8217; y aprovechar estos enclaves para dar a conocer el producto a las agencias de viaje, operadores e intermediarios, tanto nacionales como internacionales, con sede en la regi\u00f3n.<\/p>\n<p>&nbsp;<\/p>\n","protected":false},"excerpt":{"rendered":"<p>El consejero de Turismo y Deporte, Francisco Javier Fern\u00e1ndez, ha presentado este lunes en M\u00e1laga la nueva identidad gr\u00e1fica &#8216;Tu historia&#8217;, impulsada por la Fundaci\u00f3n de Ciudades Medias de Andaluc\u00eda, y ha apostado por potenciar su promoci\u00f3n para diversificar la oferta tur\u00edstica y ser m\u00e1s competitivos en los mercados. Seg\u00fan ha destacado, se trata de<\/p>\n","protected":false},"author":1,"featured_media":77975,"comment_status":"open","ping_status":"closed","sticky":false,"template":"","format":"standard","meta":{"footnotes":""},"categories":[224],"tags":[],"class_list":{"0":"post-77974","1":"post","2":"type-post","3":"status-publish","4":"format-standard","5":"has-post-thumbnail","7":"category-noticias-actualidad"},"aioseo_notices":[],"aioseo_head":"\n\t\t<!-- All in One SEO Pro 4.9.6.1 - aioseo.com -->\n\t<meta name=\"description\" content=\"El consejero de Turismo y Deporte, Francisco Javier Fern\u00e1ndez, ha presentado este lunes en M\u00e1laga la nueva identidad gr\u00e1fica &#039;Tu historia&#039;, impulsada por la Fundaci\u00f3n de Ciudades Medias de Andaluc\u00eda, y ha apostado por potenciar su promoci\u00f3n para diversificar la oferta tur\u00edstica y ser m\u00e1s competitivos en los mercados. Seg\u00fan ha destacado, se trata de\" \/>\n\t<meta name=\"robots\" content=\"max-image-preview:large\" \/>\n\t<meta name=\"author\" content=\"admin\"\/>\n\t<meta name=\"google-site-verification\" content=\"UA-38556648-1\" \/>\n\t<meta name=\"keywords\" content=\"noticias y actualidad\" \/>\n\t<link rel=\"canonical\" href=\"https:\/\/eldigitaldeasturias.com\/magazine365\/la-junta-apuesta-por-potenciar-el-producto-tu-historia\/\" \/>\n\t<meta name=\"generator\" content=\"All in One SEO Pro (AIOSEO) 4.9.6.1\" \/>\n\t\t<meta property=\"og:locale\" content=\"es_ES\" \/>\n\t\t<meta property=\"og:site_name\" content=\"El Digital de Asturias \u2013 Revista de ocio, turismo y estilo de vida\" \/>\n\t\t<meta property=\"og:type\" content=\"article\" \/>\n\t\t<meta property=\"og:title\" content=\"La Junta apuesta por potenciar el producto \u2018Tu historia\u2019 | El Digital de Asturias\" \/>\n\t\t<meta property=\"og:description\" content=\"El consejero de Turismo y Deporte, Francisco Javier Fern\u00e1ndez, ha presentado este lunes en M\u00e1laga la nueva identidad gr\u00e1fica &#039;Tu historia&#039;, impulsada por la Fundaci\u00f3n de Ciudades Medias de Andaluc\u00eda, y ha apostado por potenciar su promoci\u00f3n para diversificar la oferta tur\u00edstica y ser m\u00e1s competitivos en los mercados. Seg\u00fan ha destacado, se trata de\" \/>\n\t\t<meta property=\"og:url\" content=\"https:\/\/eldigitaldeasturias.com\/magazine365\/la-junta-apuesta-por-potenciar-el-producto-tu-historia\/\" \/>\n\t\t<meta property=\"og:image\" content=\"https:\/\/eldigitaldeasturias.com\/magazine365\/wp-content\/uploads\/2016\/06\/fotonoticia_20160607103910_800.jpg\" \/>\n\t\t<meta property=\"og:image:secure_url\" content=\"https:\/\/eldigitaldeasturias.com\/magazine365\/wp-content\/uploads\/2016\/06\/fotonoticia_20160607103910_800.jpg\" \/>\n\t\t<meta property=\"og:image:width\" content=\"800\" \/>\n\t\t<meta property=\"og:image:height\" content=\"504\" \/>\n\t\t<meta property=\"article:published_time\" content=\"2016-06-08T09:31:05+00:00\" \/>\n\t\t<meta property=\"article:modified_time\" content=\"2016-06-08T09:31:05+00:00\" \/>\n\t\t<meta name=\"twitter:card\" content=\"summary_large_image\" \/>\n\t\t<meta name=\"twitter:title\" content=\"La Junta apuesta por potenciar el producto \u2018Tu historia\u2019 | El Digital de Asturias\" \/>\n\t\t<meta name=\"twitter:description\" content=\"El consejero de Turismo y Deporte, Francisco Javier Fern\u00e1ndez, ha presentado este lunes en M\u00e1laga la nueva identidad gr\u00e1fica &#039;Tu historia&#039;, impulsada por la Fundaci\u00f3n de Ciudades Medias de Andaluc\u00eda, y ha apostado por potenciar su promoci\u00f3n para diversificar la oferta tur\u00edstica y ser m\u00e1s competitivos en los mercados. Seg\u00fan ha destacado, se trata de\" \/>\n\t\t<meta name=\"twitter:image\" content=\"https:\/\/eldigitaldeasturias.com\/magazine365\/wp-content\/uploads\/2016\/06\/fotonoticia_20160607103910_800.jpg\" \/>\n\t\t<script type=\"application\/ld+json\" class=\"aioseo-schema\">\n\t\t\t{\"@context\":\"https:\\\/\\\/schema.org\",\"@graph\":[{\"@type\":\"Article\",\"@id\":\"https:\\\/\\\/eldigitaldeasturias.com\\\/magazine365\\\/la-junta-apuesta-por-potenciar-el-producto-tu-historia\\\/#article\",\"name\":\"La Junta apuesta por potenciar el producto \\u2018Tu historia\\u2019 | El Digital de Asturias\",\"headline\":\"La Junta apuesta por potenciar el producto &#8216;Tu historia&#8217;\",\"author\":{\"@id\":\"https:\\\/\\\/eldigitaldeasturias.com\\\/magazine365\\\/author\\\/admin\\\/#author\"},\"publisher\":{\"@id\":\"https:\\\/\\\/eldigitaldeasturias.com\\\/magazine365\\\/#organization\"},\"image\":{\"@type\":\"ImageObject\",\"url\":\"https:\\\/\\\/eldigitaldeasturias.com\\\/magazine365\\\/wp-content\\\/uploads\\\/2016\\\/06\\\/fotonoticia_20160607103910_800.jpg\",\"width\":800,\"height\":504},\"datePublished\":\"2016-06-08T11:31:05+02:00\",\"dateModified\":\"2016-06-08T11:31:05+02:00\",\"inLanguage\":\"es-ES\",\"mainEntityOfPage\":{\"@id\":\"https:\\\/\\\/eldigitaldeasturias.com\\\/magazine365\\\/la-junta-apuesta-por-potenciar-el-producto-tu-historia\\\/#webpage\"},\"isPartOf\":{\"@id\":\"https:\\\/\\\/eldigitaldeasturias.com\\\/magazine365\\\/la-junta-apuesta-por-potenciar-el-producto-tu-historia\\\/#webpage\"},\"articleSection\":\"Noticias y Actualidad\"},{\"@type\":\"BreadcrumbList\",\"@id\":\"https:\\\/\\\/eldigitaldeasturias.com\\\/magazine365\\\/la-junta-apuesta-por-potenciar-el-producto-tu-historia\\\/#breadcrumblist\",\"itemListElement\":[{\"@type\":\"ListItem\",\"@id\":\"https:\\\/\\\/eldigitaldeasturias.com\\\/magazine365#listItem\",\"position\":1,\"name\":\"Home\",\"item\":\"https:\\\/\\\/eldigitaldeasturias.com\\\/magazine365\",\"nextItem\":{\"@type\":\"ListItem\",\"@id\":\"https:\\\/\\\/eldigitaldeasturias.com\\\/magazine365\\\/category\\\/noticias-actualidad\\\/#listItem\",\"name\":\"Noticias y Actualidad\"}},{\"@type\":\"ListItem\",\"@id\":\"https:\\\/\\\/eldigitaldeasturias.com\\\/magazine365\\\/category\\\/noticias-actualidad\\\/#listItem\",\"position\":2,\"name\":\"Noticias y Actualidad\",\"item\":\"https:\\\/\\\/eldigitaldeasturias.com\\\/magazine365\\\/category\\\/noticias-actualidad\\\/\",\"nextItem\":{\"@type\":\"ListItem\",\"@id\":\"https:\\\/\\\/eldigitaldeasturias.com\\\/magazine365\\\/la-junta-apuesta-por-potenciar-el-producto-tu-historia\\\/#listItem\",\"name\":\"La Junta apuesta por potenciar el producto &#8216;Tu historia&#8217;\"},\"previousItem\":{\"@type\":\"ListItem\",\"@id\":\"https:\\\/\\\/eldigitaldeasturias.com\\\/magazine365#listItem\",\"name\":\"Home\"}},{\"@type\":\"ListItem\",\"@id\":\"https:\\\/\\\/eldigitaldeasturias.com\\\/magazine365\\\/la-junta-apuesta-por-potenciar-el-producto-tu-historia\\\/#listItem\",\"position\":3,\"name\":\"La Junta apuesta por potenciar el producto &#8216;Tu historia&#8217;\",\"previousItem\":{\"@type\":\"ListItem\",\"@id\":\"https:\\\/\\\/eldigitaldeasturias.com\\\/magazine365\\\/category\\\/noticias-actualidad\\\/#listItem\",\"name\":\"Noticias y Actualidad\"}}]},{\"@type\":\"Organization\",\"@id\":\"https:\\\/\\\/eldigitaldeasturias.com\\\/magazine365\\\/#organization\",\"name\":\"El digital de Asturias\",\"description\":\"Revista de ocio, turismo y estilo de vida\",\"url\":\"https:\\\/\\\/eldigitaldeasturias.com\\\/magazine365\\\/\",\"logo\":{\"@type\":\"ImageObject\",\"url\":\"https:\\\/\\\/www.eldigitaldeasturias.com\\\/noticias\\\/wp-content\\\/uploads\\\/2020\\\/12\\\/EDA.jpg\",\"@id\":\"https:\\\/\\\/eldigitaldeasturias.com\\\/magazine365\\\/la-junta-apuesta-por-potenciar-el-producto-tu-historia\\\/#organizationLogo\"},\"image\":{\"@id\":\"https:\\\/\\\/eldigitaldeasturias.com\\\/magazine365\\\/la-junta-apuesta-por-potenciar-el-producto-tu-historia\\\/#organizationLogo\"}},{\"@type\":\"Person\",\"@id\":\"https:\\\/\\\/eldigitaldeasturias.com\\\/magazine365\\\/author\\\/admin\\\/#author\",\"url\":\"https:\\\/\\\/eldigitaldeasturias.com\\\/magazine365\\\/author\\\/admin\\\/\",\"name\":\"admin\",\"image\":{\"@type\":\"ImageObject\",\"@id\":\"https:\\\/\\\/eldigitaldeasturias.com\\\/magazine365\\\/la-junta-apuesta-por-potenciar-el-producto-tu-historia\\\/#authorImage\",\"url\":\"https:\\\/\\\/eldigitaldeasturias.com\\\/magazine365\\\/wp-content\\\/litespeed\\\/avatar\\\/e571bcf59a0edd6fa6838245a470f2fe.jpg?ver=1776969259\",\"width\":96,\"height\":96,\"caption\":\"admin\"}},{\"@type\":\"WebPage\",\"@id\":\"https:\\\/\\\/eldigitaldeasturias.com\\\/magazine365\\\/la-junta-apuesta-por-potenciar-el-producto-tu-historia\\\/#webpage\",\"url\":\"https:\\\/\\\/eldigitaldeasturias.com\\\/magazine365\\\/la-junta-apuesta-por-potenciar-el-producto-tu-historia\\\/\",\"name\":\"La Junta apuesta por potenciar el producto \\u2018Tu historia\\u2019 | El Digital de Asturias\",\"description\":\"El consejero de Turismo y Deporte, Francisco Javier Fern\\u00e1ndez, ha presentado este lunes en M\\u00e1laga la nueva identidad gr\\u00e1fica 'Tu historia', impulsada por la Fundaci\\u00f3n de Ciudades Medias de Andaluc\\u00eda, y ha apostado por potenciar su promoci\\u00f3n para diversificar la oferta tur\\u00edstica y ser m\\u00e1s competitivos en los mercados. Seg\\u00fan ha destacado, se trata de\",\"inLanguage\":\"es-ES\",\"isPartOf\":{\"@id\":\"https:\\\/\\\/eldigitaldeasturias.com\\\/magazine365\\\/#website\"},\"breadcrumb\":{\"@id\":\"https:\\\/\\\/eldigitaldeasturias.com\\\/magazine365\\\/la-junta-apuesta-por-potenciar-el-producto-tu-historia\\\/#breadcrumblist\"},\"author\":{\"@id\":\"https:\\\/\\\/eldigitaldeasturias.com\\\/magazine365\\\/author\\\/admin\\\/#author\"},\"creator\":{\"@id\":\"https:\\\/\\\/eldigitaldeasturias.com\\\/magazine365\\\/author\\\/admin\\\/#author\"},\"image\":{\"@type\":\"ImageObject\",\"url\":\"https:\\\/\\\/eldigitaldeasturias.com\\\/magazine365\\\/wp-content\\\/uploads\\\/2016\\\/06\\\/fotonoticia_20160607103910_800.jpg\",\"@id\":\"https:\\\/\\\/eldigitaldeasturias.com\\\/magazine365\\\/la-junta-apuesta-por-potenciar-el-producto-tu-historia\\\/#mainImage\",\"width\":800,\"height\":504},\"primaryImageOfPage\":{\"@id\":\"https:\\\/\\\/eldigitaldeasturias.com\\\/magazine365\\\/la-junta-apuesta-por-potenciar-el-producto-tu-historia\\\/#mainImage\"},\"datePublished\":\"2016-06-08T11:31:05+02:00\",\"dateModified\":\"2016-06-08T11:31:05+02:00\"},{\"@type\":\"WebSite\",\"@id\":\"https:\\\/\\\/eldigitaldeasturias.com\\\/magazine365\\\/#website\",\"url\":\"https:\\\/\\\/eldigitaldeasturias.com\\\/magazine365\\\/\",\"name\":\"El Digital de Asturias\",\"description\":\"Revista de ocio, turismo y estilo de vida\",\"inLanguage\":\"es-ES\",\"publisher\":{\"@id\":\"https:\\\/\\\/eldigitaldeasturias.com\\\/magazine365\\\/#organization\"}}]}\n\t\t<\/script>\n\t\t<!-- All in One SEO Pro -->\r\n\t\t<title>La Junta apuesta por potenciar el producto \u2018Tu historia\u2019 | El Digital de Asturias<\/title>\n\n","aioseo_head_json":{"title":"La Junta apuesta por potenciar el producto \u2018Tu historia\u2019 | El Digital de Asturias","description":"El consejero de Turismo y Deporte, Francisco Javier Fern\u00e1ndez, ha presentado este lunes en M\u00e1laga la nueva identidad gr\u00e1fica 'Tu historia', impulsada por la Fundaci\u00f3n de Ciudades Medias de Andaluc\u00eda, y ha apostado por potenciar su promoci\u00f3n para diversificar la oferta tur\u00edstica y ser m\u00e1s competitivos en los mercados. Seg\u00fan ha destacado, se trata de","canonical_url":"https:\/\/eldigitaldeasturias.com\/magazine365\/la-junta-apuesta-por-potenciar-el-producto-tu-historia\/","robots":"max-image-preview:large","keywords":"noticias y actualidad","webmasterTools":{"google-site-verification":"UA-38556648-1","miscellaneous":""},"schema":{"@context":"https:\/\/schema.org","@graph":[{"@type":"Article","@id":"https:\/\/eldigitaldeasturias.com\/magazine365\/la-junta-apuesta-por-potenciar-el-producto-tu-historia\/#article","name":"La Junta apuesta por potenciar el producto \u2018Tu historia\u2019 | El Digital de Asturias","headline":"La Junta apuesta por potenciar el producto &#8216;Tu historia&#8217;","author":{"@id":"https:\/\/eldigitaldeasturias.com\/magazine365\/author\/admin\/#author"},"publisher":{"@id":"https:\/\/eldigitaldeasturias.com\/magazine365\/#organization"},"image":{"@type":"ImageObject","url":"https:\/\/eldigitaldeasturias.com\/magazine365\/wp-content\/uploads\/2016\/06\/fotonoticia_20160607103910_800.jpg","width":800,"height":504},"datePublished":"2016-06-08T11:31:05+02:00","dateModified":"2016-06-08T11:31:05+02:00","inLanguage":"es-ES","mainEntityOfPage":{"@id":"https:\/\/eldigitaldeasturias.com\/magazine365\/la-junta-apuesta-por-potenciar-el-producto-tu-historia\/#webpage"},"isPartOf":{"@id":"https:\/\/eldigitaldeasturias.com\/magazine365\/la-junta-apuesta-por-potenciar-el-producto-tu-historia\/#webpage"},"articleSection":"Noticias y Actualidad"},{"@type":"BreadcrumbList","@id":"https:\/\/eldigitaldeasturias.com\/magazine365\/la-junta-apuesta-por-potenciar-el-producto-tu-historia\/#breadcrumblist","itemListElement":[{"@type":"ListItem","@id":"https:\/\/eldigitaldeasturias.com\/magazine365#listItem","position":1,"name":"Home","item":"https:\/\/eldigitaldeasturias.com\/magazine365","nextItem":{"@type":"ListItem","@id":"https:\/\/eldigitaldeasturias.com\/magazine365\/category\/noticias-actualidad\/#listItem","name":"Noticias y Actualidad"}},{"@type":"ListItem","@id":"https:\/\/eldigitaldeasturias.com\/magazine365\/category\/noticias-actualidad\/#listItem","position":2,"name":"Noticias y Actualidad","item":"https:\/\/eldigitaldeasturias.com\/magazine365\/category\/noticias-actualidad\/","nextItem":{"@type":"ListItem","@id":"https:\/\/eldigitaldeasturias.com\/magazine365\/la-junta-apuesta-por-potenciar-el-producto-tu-historia\/#listItem","name":"La Junta apuesta por potenciar el producto &#8216;Tu historia&#8217;"},"previousItem":{"@type":"ListItem","@id":"https:\/\/eldigitaldeasturias.com\/magazine365#listItem","name":"Home"}},{"@type":"ListItem","@id":"https:\/\/eldigitaldeasturias.com\/magazine365\/la-junta-apuesta-por-potenciar-el-producto-tu-historia\/#listItem","position":3,"name":"La Junta apuesta por potenciar el producto &#8216;Tu historia&#8217;","previousItem":{"@type":"ListItem","@id":"https:\/\/eldigitaldeasturias.com\/magazine365\/category\/noticias-actualidad\/#listItem","name":"Noticias y Actualidad"}}]},{"@type":"Organization","@id":"https:\/\/eldigitaldeasturias.com\/magazine365\/#organization","name":"El digital de Asturias","description":"Revista de ocio, turismo y estilo de vida","url":"https:\/\/eldigitaldeasturias.com\/magazine365\/","logo":{"@type":"ImageObject","url":"https:\/\/www.eldigitaldeasturias.com\/noticias\/wp-content\/uploads\/2020\/12\/EDA.jpg","@id":"https:\/\/eldigitaldeasturias.com\/magazine365\/la-junta-apuesta-por-potenciar-el-producto-tu-historia\/#organizationLogo"},"image":{"@id":"https:\/\/eldigitaldeasturias.com\/magazine365\/la-junta-apuesta-por-potenciar-el-producto-tu-historia\/#organizationLogo"}},{"@type":"Person","@id":"https:\/\/eldigitaldeasturias.com\/magazine365\/author\/admin\/#author","url":"https:\/\/eldigitaldeasturias.com\/magazine365\/author\/admin\/","name":"admin","image":{"@type":"ImageObject","@id":"https:\/\/eldigitaldeasturias.com\/magazine365\/la-junta-apuesta-por-potenciar-el-producto-tu-historia\/#authorImage","url":"https:\/\/eldigitaldeasturias.com\/magazine365\/wp-content\/litespeed\/avatar\/e571bcf59a0edd6fa6838245a470f2fe.jpg?ver=1776969259","width":96,"height":96,"caption":"admin"}},{"@type":"WebPage","@id":"https:\/\/eldigitaldeasturias.com\/magazine365\/la-junta-apuesta-por-potenciar-el-producto-tu-historia\/#webpage","url":"https:\/\/eldigitaldeasturias.com\/magazine365\/la-junta-apuesta-por-potenciar-el-producto-tu-historia\/","name":"La Junta apuesta por potenciar el producto \u2018Tu historia\u2019 | El Digital de Asturias","description":"El consejero de Turismo y Deporte, Francisco Javier Fern\u00e1ndez, ha presentado este lunes en M\u00e1laga la nueva identidad gr\u00e1fica 'Tu historia', impulsada por la Fundaci\u00f3n de Ciudades Medias de Andaluc\u00eda, y ha apostado por potenciar su promoci\u00f3n para diversificar la oferta tur\u00edstica y ser m\u00e1s competitivos en los mercados. Seg\u00fan ha destacado, se trata de","inLanguage":"es-ES","isPartOf":{"@id":"https:\/\/eldigitaldeasturias.com\/magazine365\/#website"},"breadcrumb":{"@id":"https:\/\/eldigitaldeasturias.com\/magazine365\/la-junta-apuesta-por-potenciar-el-producto-tu-historia\/#breadcrumblist"},"author":{"@id":"https:\/\/eldigitaldeasturias.com\/magazine365\/author\/admin\/#author"},"creator":{"@id":"https:\/\/eldigitaldeasturias.com\/magazine365\/author\/admin\/#author"},"image":{"@type":"ImageObject","url":"https:\/\/eldigitaldeasturias.com\/magazine365\/wp-content\/uploads\/2016\/06\/fotonoticia_20160607103910_800.jpg","@id":"https:\/\/eldigitaldeasturias.com\/magazine365\/la-junta-apuesta-por-potenciar-el-producto-tu-historia\/#mainImage","width":800,"height":504},"primaryImageOfPage":{"@id":"https:\/\/eldigitaldeasturias.com\/magazine365\/la-junta-apuesta-por-potenciar-el-producto-tu-historia\/#mainImage"},"datePublished":"2016-06-08T11:31:05+02:00","dateModified":"2016-06-08T11:31:05+02:00"},{"@type":"WebSite","@id":"https:\/\/eldigitaldeasturias.com\/magazine365\/#website","url":"https:\/\/eldigitaldeasturias.com\/magazine365\/","name":"El Digital de Asturias","description":"Revista de ocio, turismo y estilo de vida","inLanguage":"es-ES","publisher":{"@id":"https:\/\/eldigitaldeasturias.com\/magazine365\/#organization"}}]},"og:locale":"es_ES","og:site_name":"El Digital de Asturias \u2013 Revista de ocio, turismo y estilo de vida","og:type":"article","og:title":"La Junta apuesta por potenciar el producto \u2018Tu historia\u2019 | El Digital de Asturias","og:description":"El consejero de Turismo y Deporte, Francisco Javier Fern\u00e1ndez, ha presentado este lunes en M\u00e1laga la nueva identidad gr\u00e1fica 'Tu historia', impulsada por la Fundaci\u00f3n de Ciudades Medias de Andaluc\u00eda, y ha apostado por potenciar su promoci\u00f3n para diversificar la oferta tur\u00edstica y ser m\u00e1s competitivos en los mercados. Seg\u00fan ha destacado, se trata de","og:url":"https:\/\/eldigitaldeasturias.com\/magazine365\/la-junta-apuesta-por-potenciar-el-producto-tu-historia\/","og:image":"https:\/\/eldigitaldeasturias.com\/magazine365\/wp-content\/uploads\/2016\/06\/fotonoticia_20160607103910_800.jpg","og:image:secure_url":"https:\/\/eldigitaldeasturias.com\/magazine365\/wp-content\/uploads\/2016\/06\/fotonoticia_20160607103910_800.jpg","og:image:width":800,"og:image:height":504,"article:published_time":"2016-06-08T09:31:05+00:00","article:modified_time":"2016-06-08T09:31:05+00:00","twitter:card":"summary_large_image","twitter:title":"La Junta apuesta por potenciar el producto \u2018Tu historia\u2019 | El Digital de Asturias","twitter:description":"El consejero de Turismo y Deporte, Francisco Javier Fern\u00e1ndez, ha presentado este lunes en M\u00e1laga la nueva identidad gr\u00e1fica 'Tu historia', impulsada por la Fundaci\u00f3n de Ciudades Medias de Andaluc\u00eda, y ha apostado por potenciar su promoci\u00f3n para diversificar la oferta tur\u00edstica y ser m\u00e1s competitivos en los mercados. Seg\u00fan ha destacado, se trata de","twitter:image":"https:\/\/eldigitaldeasturias.com\/magazine365\/wp-content\/uploads\/2016\/06\/fotonoticia_20160607103910_800.jpg"},"aioseo_meta_data":{"post_id":"77974","title":null,"description":null,"keywords":null,"keyphrases":null,"primary_term":null,"canonical_url":null,"og_title":null,"og_description":null,"og_object_type":"default","og_image_type":"default","og_image_url":null,"og_image_width":null,"og_image_height":null,"og_image_custom_url":null,"og_image_custom_fields":null,"og_video":null,"og_custom_url":null,"og_article_section":null,"og_article_tags":null,"twitter_use_og":false,"twitter_card":"default","twitter_image_type":"default","twitter_image_url":null,"twitter_image_custom_url":null,"twitter_image_custom_fields":null,"twitter_title":null,"twitter_description":null,"schema":{"blockGraphs":[],"customGraphs":[],"default":{"data":{"Article":[],"Course":[],"Dataset":[],"FAQPage":[],"Movie":[],"Person":[],"Product":[],"ProductReview":[],"Car":[],"Recipe":[],"Service":[],"SoftwareApplication":[],"WebPage":[]},"graphName":"","isEnabled":true},"graphs":[],"defaultGraph":"","defaultPostTypeGraph":""},"schema_type":null,"schema_type_options":null,"pillar_content":false,"robots_default":true,"robots_noindex":false,"robots_noarchive":false,"robots_nosnippet":false,"robots_nofollow":false,"robots_noimageindex":false,"robots_noodp":false,"robots_notranslate":false,"robots_max_snippet":null,"robots_max_videopreview":null,"robots_max_imagepreview":"large","priority":null,"frequency":null,"location":null,"local_seo":null,"seo_analyzer_scan_date":"2025-09-27 16:01:18","breadcrumb_settings":null,"limit_modified_date":false,"open_ai":null,"ai":null,"created":"2021-03-08 18:06:57","updated":"2025-09-27 16:01:18"},"aioseo_breadcrumb":"<div class=\"aioseo-breadcrumbs\"><span class=\"aioseo-breadcrumb\">\n\t<a href=\"https:\/\/eldigitaldeasturias.com\/magazine365\" title=\"Home\">Home<\/a>\n<\/span><span class=\"aioseo-breadcrumb-separator\">\u2013<\/span><span class=\"aioseo-breadcrumb\">\n\t<a href=\"https:\/\/eldigitaldeasturias.com\/magazine365\/category\/noticias-actualidad\/\" title=\"Noticias y Actualidad\">Noticias y Actualidad<\/a>\n<\/span><span class=\"aioseo-breadcrumb-separator\">\u2013<\/span><span class=\"aioseo-breadcrumb\">\n\t<a href=\"https:\/\/eldigitaldeasturias.com\/magazine365\/la-junta-apuesta-por-potenciar-el-producto-tu-historia\/\" title=\"La Junta apuesta por potenciar el producto \u2018Tu historia\u2019\">La Junta apuesta por potenciar el producto \u2018Tu historia\u2019<\/a>\n<\/span><\/div>","aioseo_breadcrumb_json":[{"label":"Home","link":"https:\/\/eldigitaldeasturias.com\/magazine365"},{"label":"Noticias y Actualidad","link":"https:\/\/eldigitaldeasturias.com\/magazine365\/category\/noticias-actualidad\/"},{"label":"La Junta apuesta por potenciar el producto &#8216;Tu historia&#8217;","link":"https:\/\/eldigitaldeasturias.com\/magazine365\/la-junta-apuesta-por-potenciar-el-producto-tu-historia\/"}],"_links":{"self":[{"href":"https:\/\/eldigitaldeasturias.com\/magazine365\/wp-json\/wp\/v2\/posts\/77974","targetHints":{"allow":["GET"]}}],"collection":[{"href":"https:\/\/eldigitaldeasturias.com\/magazine365\/wp-json\/wp\/v2\/posts"}],"about":[{"href":"https:\/\/eldigitaldeasturias.com\/magazine365\/wp-json\/wp\/v2\/types\/post"}],"author":[{"embeddable":true,"href":"https:\/\/eldigitaldeasturias.com\/magazine365\/wp-json\/wp\/v2\/users\/1"}],"replies":[{"embeddable":true,"href":"https:\/\/eldigitaldeasturias.com\/magazine365\/wp-json\/wp\/v2\/comments?post=77974"}],"version-history":[{"count":0,"href":"https:\/\/eldigitaldeasturias.com\/magazine365\/wp-json\/wp\/v2\/posts\/77974\/revisions"}],"wp:featuredmedia":[{"embeddable":true,"href":"https:\/\/eldigitaldeasturias.com\/magazine365\/wp-json\/wp\/v2\/media\/77975"}],"wp:attachment":[{"href":"https:\/\/eldigitaldeasturias.com\/magazine365\/wp-json\/wp\/v2\/media?parent=77974"}],"wp:term":[{"taxonomy":"category","embeddable":true,"href":"https:\/\/eldigitaldeasturias.com\/magazine365\/wp-json\/wp\/v2\/categories?post=77974"},{"taxonomy":"post_tag","embeddable":true,"href":"https:\/\/eldigitaldeasturias.com\/magazine365\/wp-json\/wp\/v2\/tags?post=77974"}],"curies":[{"name":"wp","href":"https:\/\/api.w.org\/{rel}","templated":true}]}}