{"id":77947,"date":"2016-06-08T11:13:28","date_gmt":"2016-06-08T09:13:28","guid":{"rendered":"http:\/\/eldigitaldeasturias.com\/magazine365\/?p=77947"},"modified":"2016-06-08T11:13:28","modified_gmt":"2016-06-08T09:13:28","slug":"volkswagen-iniciara-en-breve-la-reparacion-en-espana-de-los-eos-passat-y-cc","status":"publish","type":"post","link":"https:\/\/eldigitaldeasturias.com\/magazine365\/volkswagen-iniciara-en-breve-la-reparacion-en-espana-de-los-eos-passat-y-cc\/","title":{"rendered":"Volkswagen iniciar\u00e1 \u00aben breve\u00bb la reparaci\u00f3n en Espa\u00f1a de los Eos, Passat y CC"},"content":{"rendered":"<p>El consorcio automovil\u00edstico alem\u00e1n Volkswagen tiene previsto iniciar \u00aben breve\u00bb en Espa\u00f1a la reparaci\u00f3n de los modelos Eos, Passat y CC que montan el motor di\u00e9sel TDI de 2.0 litros EA 189 y que est\u00e1n afectados por el software que modificaba las emisiones de \u00f3xidos de nitr\u00f3geno (NOx) cuando el veh\u00edculo estaba siendo objeto de pruebas en laboratorio.<\/p>\n<p>Seg\u00fan informaron fuentes del grupo Volkswagen a Europa Press, el inicio de las tareas de actualizaci\u00f3n de este software se producir\u00e1 pr\u00f3ximamente en Espa\u00f1a, despu\u00e9s de que las soluciones t\u00e9cnicas hayan sido aprobadas por la Autoridad Federal del Transporte a Motor de Alemania (KBA, por sus siglas en alem\u00e1n).<\/p>\n<p>El volumen de estos tres modelos afectados se sit\u00faa en 800.000 unidades en todos los pa\u00edses europeos y su reparaci\u00f3n en Espa\u00f1a se producir\u00e1 una vez que se env\u00eden los datos a la Direcci\u00f3n General de Tr\u00e1fico (DGT) y de que se manden las cartas a los usuarios afectados.<\/p>\n<p>Desde la compa\u00f1\u00eda explicaron que los Volkswagen Eos, CC y Passat que se empezar\u00e1n a revisar pr\u00f3ximamente se suman a los que ya est\u00e1n siendo objeto de reparaciones, como son el Volkswagen Amarok, el Seat Exeo y los Audi A4, Q5 y A5, todos ellos con el propulsor de 2.0 litros.<\/p>\n<p>Asimismo, subrayaron que todas las operaciones de actualizaci\u00f3n del software que se llevar\u00e1n a cabo en los veh\u00edculos son gratuitas para los clientes y tendr\u00e1n una duraci\u00f3n aproximada de unos 30 minutos. Adem\u00e1s, la marca ofrecer\u00e1 a los usuarios soluciones de movilidad mientras su coche permanezca en el taller.<\/p>\n<p>En esta l\u00ednea, resaltaron que, una vez que los veh\u00edculos hayan pasado por dicha operaci\u00f3n, contar\u00e1n con unos valores de emisiones conformes con los de la homologaci\u00f3n, sin experimentar cambios en los consumos de combustible o en las prestaciones.<\/p>\n<p>Desde el grupo Volkswagen explicaron a Europa Press que tras la revisi\u00f3n por el caso del software que alteraba las emisiones, se pondr\u00e1 una pegatina en el motor para certificar que el modelo ha sido objeto de la actualizaci\u00f3n, al tiempo que se dar\u00e1 una factura a coste cero al due\u00f1o del veh\u00edculo y se incluir\u00e1n los trabajos realizados en el libro de mantenimiento.<\/p>\n","protected":false},"excerpt":{"rendered":"<p>El consorcio automovil\u00edstico alem\u00e1n Volkswagen tiene previsto iniciar \u00aben breve\u00bb en Espa\u00f1a la reparaci\u00f3n de los modelos Eos, Passat y CC que montan el motor di\u00e9sel TDI de 2.0 litros EA 189 y que est\u00e1n afectados por el software que modificaba las emisiones de \u00f3xidos de nitr\u00f3geno (NOx) cuando el veh\u00edculo estaba siendo objeto de<\/p>\n","protected":false},"author":1,"featured_media":77926,"comment_status":"open","ping_status":"closed","sticky":false,"template":"","format":"standard","meta":{"footnotes":""},"categories":[224],"tags":[],"class_list":{"0":"post-77947","1":"post","2":"type-post","3":"status-publish","4":"format-standard","5":"has-post-thumbnail","7":"category-noticias-actualidad"},"aioseo_notices":[],"aioseo_head":"\n\t\t<!-- All in One SEO Pro 4.9.6.1 - aioseo.com -->\n\t<meta name=\"description\" content=\"El consorcio automovil\u00edstico alem\u00e1n Volkswagen tiene previsto iniciar &quot;en breve&quot; en Espa\u00f1a la reparaci\u00f3n de los modelos Eos, Passat y CC que montan el motor di\u00e9sel TDI de 2.0 litros EA 189 y que est\u00e1n afectados por el software que modificaba las emisiones de \u00f3xidos de nitr\u00f3geno (NOx) cuando el veh\u00edculo estaba siendo objeto de\" \/>\n\t<meta name=\"robots\" content=\"max-image-preview:large\" \/>\n\t<meta name=\"author\" content=\"admin\"\/>\n\t<meta name=\"google-site-verification\" content=\"UA-38556648-1\" \/>\n\t<meta name=\"keywords\" content=\"noticias y actualidad\" \/>\n\t<link rel=\"canonical\" href=\"https:\/\/eldigitaldeasturias.com\/magazine365\/volkswagen-iniciara-en-breve-la-reparacion-en-espana-de-los-eos-passat-y-cc\/\" \/>\n\t<meta name=\"generator\" content=\"All in One SEO Pro (AIOSEO) 4.9.6.1\" \/>\n\t\t<meta property=\"og:locale\" content=\"es_ES\" \/>\n\t\t<meta property=\"og:site_name\" content=\"El Digital de Asturias \u2013 Revista de ocio, turismo y estilo de vida\" \/>\n\t\t<meta property=\"og:type\" content=\"article\" \/>\n\t\t<meta property=\"og:title\" content=\"Volkswagen iniciar\u00e1 \u00aben breve\u00bb la reparaci\u00f3n en Espa\u00f1a de los Eos, Passat y CC | El Digital de Asturias\" \/>\n\t\t<meta property=\"og:description\" content=\"El consorcio automovil\u00edstico alem\u00e1n Volkswagen tiene previsto iniciar &quot;en breve&quot; en Espa\u00f1a la reparaci\u00f3n de los modelos Eos, Passat y CC que montan el motor di\u00e9sel TDI de 2.0 litros EA 189 y que est\u00e1n afectados por el software que modificaba las emisiones de \u00f3xidos de nitr\u00f3geno (NOx) cuando el veh\u00edculo estaba siendo objeto de\" \/>\n\t\t<meta property=\"og:url\" content=\"https:\/\/eldigitaldeasturias.com\/magazine365\/volkswagen-iniciara-en-breve-la-reparacion-en-espana-de-los-eos-passat-y-cc\/\" \/>\n\t\t<meta property=\"og:image\" content=\"https:\/\/eldigitaldeasturias.com\/magazine365\/wp-content\/uploads\/2016\/06\/m365.jpg\" \/>\n\t\t<meta property=\"og:image:secure_url\" content=\"https:\/\/eldigitaldeasturias.com\/magazine365\/wp-content\/uploads\/2016\/06\/m365.jpg\" \/>\n\t\t<meta property=\"og:image:width\" content=\"655\" \/>\n\t\t<meta property=\"og:image:height\" content=\"360\" \/>\n\t\t<meta property=\"article:published_time\" content=\"2016-06-08T09:13:28+00:00\" \/>\n\t\t<meta property=\"article:modified_time\" content=\"2016-06-08T09:13:28+00:00\" \/>\n\t\t<meta name=\"twitter:card\" content=\"summary_large_image\" \/>\n\t\t<meta name=\"twitter:title\" content=\"Volkswagen iniciar\u00e1 \u00aben breve\u00bb la reparaci\u00f3n en Espa\u00f1a de los Eos, Passat y CC | El Digital de Asturias\" \/>\n\t\t<meta name=\"twitter:description\" content=\"El consorcio automovil\u00edstico alem\u00e1n Volkswagen tiene previsto iniciar &quot;en breve&quot; en Espa\u00f1a la reparaci\u00f3n de los modelos Eos, Passat y CC que montan el motor di\u00e9sel TDI de 2.0 litros EA 189 y que est\u00e1n afectados por el software que modificaba las emisiones de \u00f3xidos de nitr\u00f3geno (NOx) cuando el veh\u00edculo estaba siendo objeto de\" \/>\n\t\t<meta name=\"twitter:image\" content=\"https:\/\/eldigitaldeasturias.com\/magazine365\/wp-content\/uploads\/2016\/06\/m365.jpg\" \/>\n\t\t<script type=\"application\/ld+json\" class=\"aioseo-schema\">\n\t\t\t{\"@context\":\"https:\\\/\\\/schema.org\",\"@graph\":[{\"@type\":\"Article\",\"@id\":\"https:\\\/\\\/eldigitaldeasturias.com\\\/magazine365\\\/volkswagen-iniciara-en-breve-la-reparacion-en-espana-de-los-eos-passat-y-cc\\\/#article\",\"name\":\"Volkswagen iniciar\\u00e1 \\u00aben breve\\u00bb la reparaci\\u00f3n en Espa\\u00f1a de los Eos, Passat y CC | El Digital de Asturias\",\"headline\":\"Volkswagen iniciar\\u00e1 \\u00aben breve\\u00bb la reparaci\\u00f3n en Espa\\u00f1a de los Eos, Passat y CC\",\"author\":{\"@id\":\"https:\\\/\\\/eldigitaldeasturias.com\\\/magazine365\\\/author\\\/admin\\\/#author\"},\"publisher\":{\"@id\":\"https:\\\/\\\/eldigitaldeasturias.com\\\/magazine365\\\/#organization\"},\"image\":{\"@type\":\"ImageObject\",\"url\":\"https:\\\/\\\/eldigitaldeasturias.com\\\/magazine365\\\/wp-content\\\/uploads\\\/2016\\\/06\\\/m365.jpg\",\"width\":655,\"height\":360},\"datePublished\":\"2016-06-08T11:13:28+02:00\",\"dateModified\":\"2016-06-08T11:13:28+02:00\",\"inLanguage\":\"es-ES\",\"mainEntityOfPage\":{\"@id\":\"https:\\\/\\\/eldigitaldeasturias.com\\\/magazine365\\\/volkswagen-iniciara-en-breve-la-reparacion-en-espana-de-los-eos-passat-y-cc\\\/#webpage\"},\"isPartOf\":{\"@id\":\"https:\\\/\\\/eldigitaldeasturias.com\\\/magazine365\\\/volkswagen-iniciara-en-breve-la-reparacion-en-espana-de-los-eos-passat-y-cc\\\/#webpage\"},\"articleSection\":\"Noticias y Actualidad\"},{\"@type\":\"BreadcrumbList\",\"@id\":\"https:\\\/\\\/eldigitaldeasturias.com\\\/magazine365\\\/volkswagen-iniciara-en-breve-la-reparacion-en-espana-de-los-eos-passat-y-cc\\\/#breadcrumblist\",\"itemListElement\":[{\"@type\":\"ListItem\",\"@id\":\"https:\\\/\\\/eldigitaldeasturias.com\\\/magazine365#listItem\",\"position\":1,\"name\":\"Home\",\"item\":\"https:\\\/\\\/eldigitaldeasturias.com\\\/magazine365\",\"nextItem\":{\"@type\":\"ListItem\",\"@id\":\"https:\\\/\\\/eldigitaldeasturias.com\\\/magazine365\\\/category\\\/noticias-actualidad\\\/#listItem\",\"name\":\"Noticias y Actualidad\"}},{\"@type\":\"ListItem\",\"@id\":\"https:\\\/\\\/eldigitaldeasturias.com\\\/magazine365\\\/category\\\/noticias-actualidad\\\/#listItem\",\"position\":2,\"name\":\"Noticias y Actualidad\",\"item\":\"https:\\\/\\\/eldigitaldeasturias.com\\\/magazine365\\\/category\\\/noticias-actualidad\\\/\",\"nextItem\":{\"@type\":\"ListItem\",\"@id\":\"https:\\\/\\\/eldigitaldeasturias.com\\\/magazine365\\\/volkswagen-iniciara-en-breve-la-reparacion-en-espana-de-los-eos-passat-y-cc\\\/#listItem\",\"name\":\"Volkswagen iniciar\\u00e1 \\u00aben breve\\u00bb la reparaci\\u00f3n en Espa\\u00f1a de los Eos, Passat y CC\"},\"previousItem\":{\"@type\":\"ListItem\",\"@id\":\"https:\\\/\\\/eldigitaldeasturias.com\\\/magazine365#listItem\",\"name\":\"Home\"}},{\"@type\":\"ListItem\",\"@id\":\"https:\\\/\\\/eldigitaldeasturias.com\\\/magazine365\\\/volkswagen-iniciara-en-breve-la-reparacion-en-espana-de-los-eos-passat-y-cc\\\/#listItem\",\"position\":3,\"name\":\"Volkswagen iniciar\\u00e1 \\u00aben breve\\u00bb la reparaci\\u00f3n en Espa\\u00f1a de los Eos, Passat y CC\",\"previousItem\":{\"@type\":\"ListItem\",\"@id\":\"https:\\\/\\\/eldigitaldeasturias.com\\\/magazine365\\\/category\\\/noticias-actualidad\\\/#listItem\",\"name\":\"Noticias y Actualidad\"}}]},{\"@type\":\"Organization\",\"@id\":\"https:\\\/\\\/eldigitaldeasturias.com\\\/magazine365\\\/#organization\",\"name\":\"El digital de Asturias\",\"description\":\"Revista de ocio, turismo y estilo de vida\",\"url\":\"https:\\\/\\\/eldigitaldeasturias.com\\\/magazine365\\\/\",\"logo\":{\"@type\":\"ImageObject\",\"url\":\"https:\\\/\\\/www.eldigitaldeasturias.com\\\/noticias\\\/wp-content\\\/uploads\\\/2020\\\/12\\\/EDA.jpg\",\"@id\":\"https:\\\/\\\/eldigitaldeasturias.com\\\/magazine365\\\/volkswagen-iniciara-en-breve-la-reparacion-en-espana-de-los-eos-passat-y-cc\\\/#organizationLogo\"},\"image\":{\"@id\":\"https:\\\/\\\/eldigitaldeasturias.com\\\/magazine365\\\/volkswagen-iniciara-en-breve-la-reparacion-en-espana-de-los-eos-passat-y-cc\\\/#organizationLogo\"}},{\"@type\":\"Person\",\"@id\":\"https:\\\/\\\/eldigitaldeasturias.com\\\/magazine365\\\/author\\\/admin\\\/#author\",\"url\":\"https:\\\/\\\/eldigitaldeasturias.com\\\/magazine365\\\/author\\\/admin\\\/\",\"name\":\"admin\",\"image\":{\"@type\":\"ImageObject\",\"@id\":\"https:\\\/\\\/eldigitaldeasturias.com\\\/magazine365\\\/volkswagen-iniciara-en-breve-la-reparacion-en-espana-de-los-eos-passat-y-cc\\\/#authorImage\",\"url\":\"https:\\\/\\\/eldigitaldeasturias.com\\\/magazine365\\\/wp-content\\\/litespeed\\\/avatar\\\/e571bcf59a0edd6fa6838245a470f2fe.jpg?ver=1776969259\",\"width\":96,\"height\":96,\"caption\":\"admin\"}},{\"@type\":\"WebPage\",\"@id\":\"https:\\\/\\\/eldigitaldeasturias.com\\\/magazine365\\\/volkswagen-iniciara-en-breve-la-reparacion-en-espana-de-los-eos-passat-y-cc\\\/#webpage\",\"url\":\"https:\\\/\\\/eldigitaldeasturias.com\\\/magazine365\\\/volkswagen-iniciara-en-breve-la-reparacion-en-espana-de-los-eos-passat-y-cc\\\/\",\"name\":\"Volkswagen iniciar\\u00e1 \\u00aben breve\\u00bb la reparaci\\u00f3n en Espa\\u00f1a de los Eos, Passat y CC | El Digital de Asturias\",\"description\":\"El consorcio automovil\\u00edstico alem\\u00e1n Volkswagen tiene previsto iniciar \\\"en breve\\\" en Espa\\u00f1a la reparaci\\u00f3n de los modelos Eos, Passat y CC que montan el motor di\\u00e9sel TDI de 2.0 litros EA 189 y que est\\u00e1n afectados por el software que modificaba las emisiones de \\u00f3xidos de nitr\\u00f3geno (NOx) cuando el veh\\u00edculo estaba siendo objeto de\",\"inLanguage\":\"es-ES\",\"isPartOf\":{\"@id\":\"https:\\\/\\\/eldigitaldeasturias.com\\\/magazine365\\\/#website\"},\"breadcrumb\":{\"@id\":\"https:\\\/\\\/eldigitaldeasturias.com\\\/magazine365\\\/volkswagen-iniciara-en-breve-la-reparacion-en-espana-de-los-eos-passat-y-cc\\\/#breadcrumblist\"},\"author\":{\"@id\":\"https:\\\/\\\/eldigitaldeasturias.com\\\/magazine365\\\/author\\\/admin\\\/#author\"},\"creator\":{\"@id\":\"https:\\\/\\\/eldigitaldeasturias.com\\\/magazine365\\\/author\\\/admin\\\/#author\"},\"image\":{\"@type\":\"ImageObject\",\"url\":\"https:\\\/\\\/eldigitaldeasturias.com\\\/magazine365\\\/wp-content\\\/uploads\\\/2016\\\/06\\\/m365.jpg\",\"@id\":\"https:\\\/\\\/eldigitaldeasturias.com\\\/magazine365\\\/volkswagen-iniciara-en-breve-la-reparacion-en-espana-de-los-eos-passat-y-cc\\\/#mainImage\",\"width\":655,\"height\":360},\"primaryImageOfPage\":{\"@id\":\"https:\\\/\\\/eldigitaldeasturias.com\\\/magazine365\\\/volkswagen-iniciara-en-breve-la-reparacion-en-espana-de-los-eos-passat-y-cc\\\/#mainImage\"},\"datePublished\":\"2016-06-08T11:13:28+02:00\",\"dateModified\":\"2016-06-08T11:13:28+02:00\"},{\"@type\":\"WebSite\",\"@id\":\"https:\\\/\\\/eldigitaldeasturias.com\\\/magazine365\\\/#website\",\"url\":\"https:\\\/\\\/eldigitaldeasturias.com\\\/magazine365\\\/\",\"name\":\"El Digital de Asturias\",\"description\":\"Revista de ocio, turismo y estilo de vida\",\"inLanguage\":\"es-ES\",\"publisher\":{\"@id\":\"https:\\\/\\\/eldigitaldeasturias.com\\\/magazine365\\\/#organization\"}}]}\n\t\t<\/script>\n\t\t<!-- All in One SEO Pro -->\r\n\t\t<title>Volkswagen iniciar\u00e1 \u00aben breve\u00bb la reparaci\u00f3n en Espa\u00f1a de los Eos, Passat y CC | El Digital de Asturias<\/title>\n\n","aioseo_head_json":{"title":"Volkswagen iniciar\u00e1 \u00aben breve\u00bb la reparaci\u00f3n en Espa\u00f1a de los Eos, Passat y CC | El Digital de Asturias","description":"El consorcio automovil\u00edstico alem\u00e1n Volkswagen tiene previsto iniciar \"en breve\" en Espa\u00f1a la reparaci\u00f3n de los modelos Eos, Passat y CC que montan el motor di\u00e9sel TDI de 2.0 litros EA 189 y que est\u00e1n afectados por el software que modificaba las emisiones de \u00f3xidos de nitr\u00f3geno (NOx) cuando el veh\u00edculo estaba siendo objeto de","canonical_url":"https:\/\/eldigitaldeasturias.com\/magazine365\/volkswagen-iniciara-en-breve-la-reparacion-en-espana-de-los-eos-passat-y-cc\/","robots":"max-image-preview:large","keywords":"noticias y actualidad","webmasterTools":{"google-site-verification":"UA-38556648-1","miscellaneous":""},"schema":{"@context":"https:\/\/schema.org","@graph":[{"@type":"Article","@id":"https:\/\/eldigitaldeasturias.com\/magazine365\/volkswagen-iniciara-en-breve-la-reparacion-en-espana-de-los-eos-passat-y-cc\/#article","name":"Volkswagen iniciar\u00e1 \u00aben breve\u00bb la reparaci\u00f3n en Espa\u00f1a de los Eos, Passat y CC | El Digital de Asturias","headline":"Volkswagen iniciar\u00e1 \u00aben breve\u00bb la reparaci\u00f3n en Espa\u00f1a de los Eos, Passat y CC","author":{"@id":"https:\/\/eldigitaldeasturias.com\/magazine365\/author\/admin\/#author"},"publisher":{"@id":"https:\/\/eldigitaldeasturias.com\/magazine365\/#organization"},"image":{"@type":"ImageObject","url":"https:\/\/eldigitaldeasturias.com\/magazine365\/wp-content\/uploads\/2016\/06\/m365.jpg","width":655,"height":360},"datePublished":"2016-06-08T11:13:28+02:00","dateModified":"2016-06-08T11:13:28+02:00","inLanguage":"es-ES","mainEntityOfPage":{"@id":"https:\/\/eldigitaldeasturias.com\/magazine365\/volkswagen-iniciara-en-breve-la-reparacion-en-espana-de-los-eos-passat-y-cc\/#webpage"},"isPartOf":{"@id":"https:\/\/eldigitaldeasturias.com\/magazine365\/volkswagen-iniciara-en-breve-la-reparacion-en-espana-de-los-eos-passat-y-cc\/#webpage"},"articleSection":"Noticias y Actualidad"},{"@type":"BreadcrumbList","@id":"https:\/\/eldigitaldeasturias.com\/magazine365\/volkswagen-iniciara-en-breve-la-reparacion-en-espana-de-los-eos-passat-y-cc\/#breadcrumblist","itemListElement":[{"@type":"ListItem","@id":"https:\/\/eldigitaldeasturias.com\/magazine365#listItem","position":1,"name":"Home","item":"https:\/\/eldigitaldeasturias.com\/magazine365","nextItem":{"@type":"ListItem","@id":"https:\/\/eldigitaldeasturias.com\/magazine365\/category\/noticias-actualidad\/#listItem","name":"Noticias y Actualidad"}},{"@type":"ListItem","@id":"https:\/\/eldigitaldeasturias.com\/magazine365\/category\/noticias-actualidad\/#listItem","position":2,"name":"Noticias y Actualidad","item":"https:\/\/eldigitaldeasturias.com\/magazine365\/category\/noticias-actualidad\/","nextItem":{"@type":"ListItem","@id":"https:\/\/eldigitaldeasturias.com\/magazine365\/volkswagen-iniciara-en-breve-la-reparacion-en-espana-de-los-eos-passat-y-cc\/#listItem","name":"Volkswagen iniciar\u00e1 \u00aben breve\u00bb la reparaci\u00f3n en Espa\u00f1a de los Eos, Passat y CC"},"previousItem":{"@type":"ListItem","@id":"https:\/\/eldigitaldeasturias.com\/magazine365#listItem","name":"Home"}},{"@type":"ListItem","@id":"https:\/\/eldigitaldeasturias.com\/magazine365\/volkswagen-iniciara-en-breve-la-reparacion-en-espana-de-los-eos-passat-y-cc\/#listItem","position":3,"name":"Volkswagen iniciar\u00e1 \u00aben breve\u00bb la reparaci\u00f3n en Espa\u00f1a de los Eos, Passat y CC","previousItem":{"@type":"ListItem","@id":"https:\/\/eldigitaldeasturias.com\/magazine365\/category\/noticias-actualidad\/#listItem","name":"Noticias y Actualidad"}}]},{"@type":"Organization","@id":"https:\/\/eldigitaldeasturias.com\/magazine365\/#organization","name":"El digital de Asturias","description":"Revista de ocio, turismo y estilo de vida","url":"https:\/\/eldigitaldeasturias.com\/magazine365\/","logo":{"@type":"ImageObject","url":"https:\/\/www.eldigitaldeasturias.com\/noticias\/wp-content\/uploads\/2020\/12\/EDA.jpg","@id":"https:\/\/eldigitaldeasturias.com\/magazine365\/volkswagen-iniciara-en-breve-la-reparacion-en-espana-de-los-eos-passat-y-cc\/#organizationLogo"},"image":{"@id":"https:\/\/eldigitaldeasturias.com\/magazine365\/volkswagen-iniciara-en-breve-la-reparacion-en-espana-de-los-eos-passat-y-cc\/#organizationLogo"}},{"@type":"Person","@id":"https:\/\/eldigitaldeasturias.com\/magazine365\/author\/admin\/#author","url":"https:\/\/eldigitaldeasturias.com\/magazine365\/author\/admin\/","name":"admin","image":{"@type":"ImageObject","@id":"https:\/\/eldigitaldeasturias.com\/magazine365\/volkswagen-iniciara-en-breve-la-reparacion-en-espana-de-los-eos-passat-y-cc\/#authorImage","url":"https:\/\/eldigitaldeasturias.com\/magazine365\/wp-content\/litespeed\/avatar\/e571bcf59a0edd6fa6838245a470f2fe.jpg?ver=1776969259","width":96,"height":96,"caption":"admin"}},{"@type":"WebPage","@id":"https:\/\/eldigitaldeasturias.com\/magazine365\/volkswagen-iniciara-en-breve-la-reparacion-en-espana-de-los-eos-passat-y-cc\/#webpage","url":"https:\/\/eldigitaldeasturias.com\/magazine365\/volkswagen-iniciara-en-breve-la-reparacion-en-espana-de-los-eos-passat-y-cc\/","name":"Volkswagen iniciar\u00e1 \u00aben breve\u00bb la reparaci\u00f3n en Espa\u00f1a de los Eos, Passat y CC | El Digital de Asturias","description":"El consorcio automovil\u00edstico alem\u00e1n Volkswagen tiene previsto iniciar \"en breve\" en Espa\u00f1a la reparaci\u00f3n de los modelos Eos, Passat y CC que montan el motor di\u00e9sel TDI de 2.0 litros EA 189 y que est\u00e1n afectados por el software que modificaba las emisiones de \u00f3xidos de nitr\u00f3geno (NOx) cuando el veh\u00edculo estaba siendo objeto de","inLanguage":"es-ES","isPartOf":{"@id":"https:\/\/eldigitaldeasturias.com\/magazine365\/#website"},"breadcrumb":{"@id":"https:\/\/eldigitaldeasturias.com\/magazine365\/volkswagen-iniciara-en-breve-la-reparacion-en-espana-de-los-eos-passat-y-cc\/#breadcrumblist"},"author":{"@id":"https:\/\/eldigitaldeasturias.com\/magazine365\/author\/admin\/#author"},"creator":{"@id":"https:\/\/eldigitaldeasturias.com\/magazine365\/author\/admin\/#author"},"image":{"@type":"ImageObject","url":"https:\/\/eldigitaldeasturias.com\/magazine365\/wp-content\/uploads\/2016\/06\/m365.jpg","@id":"https:\/\/eldigitaldeasturias.com\/magazine365\/volkswagen-iniciara-en-breve-la-reparacion-en-espana-de-los-eos-passat-y-cc\/#mainImage","width":655,"height":360},"primaryImageOfPage":{"@id":"https:\/\/eldigitaldeasturias.com\/magazine365\/volkswagen-iniciara-en-breve-la-reparacion-en-espana-de-los-eos-passat-y-cc\/#mainImage"},"datePublished":"2016-06-08T11:13:28+02:00","dateModified":"2016-06-08T11:13:28+02:00"},{"@type":"WebSite","@id":"https:\/\/eldigitaldeasturias.com\/magazine365\/#website","url":"https:\/\/eldigitaldeasturias.com\/magazine365\/","name":"El Digital de Asturias","description":"Revista de ocio, turismo y estilo de vida","inLanguage":"es-ES","publisher":{"@id":"https:\/\/eldigitaldeasturias.com\/magazine365\/#organization"}}]},"og:locale":"es_ES","og:site_name":"El Digital de Asturias \u2013 Revista de ocio, turismo y estilo de vida","og:type":"article","og:title":"Volkswagen iniciar\u00e1 \u00aben breve\u00bb la reparaci\u00f3n en Espa\u00f1a de los Eos, Passat y CC | El Digital de Asturias","og:description":"El consorcio automovil\u00edstico alem\u00e1n Volkswagen tiene previsto iniciar &quot;en breve&quot; en Espa\u00f1a la reparaci\u00f3n de los modelos Eos, Passat y CC que montan el motor di\u00e9sel TDI de 2.0 litros EA 189 y que est\u00e1n afectados por el software que modificaba las emisiones de \u00f3xidos de nitr\u00f3geno (NOx) cuando el veh\u00edculo estaba siendo objeto de","og:url":"https:\/\/eldigitaldeasturias.com\/magazine365\/volkswagen-iniciara-en-breve-la-reparacion-en-espana-de-los-eos-passat-y-cc\/","og:image":"https:\/\/eldigitaldeasturias.com\/magazine365\/wp-content\/uploads\/2016\/06\/m365.jpg","og:image:secure_url":"https:\/\/eldigitaldeasturias.com\/magazine365\/wp-content\/uploads\/2016\/06\/m365.jpg","og:image:width":655,"og:image:height":360,"article:published_time":"2016-06-08T09:13:28+00:00","article:modified_time":"2016-06-08T09:13:28+00:00","twitter:card":"summary_large_image","twitter:title":"Volkswagen iniciar\u00e1 \u00aben breve\u00bb la reparaci\u00f3n en Espa\u00f1a de los Eos, Passat y CC | El Digital de Asturias","twitter:description":"El consorcio automovil\u00edstico alem\u00e1n Volkswagen tiene previsto iniciar &quot;en breve&quot; en Espa\u00f1a la reparaci\u00f3n de los modelos Eos, Passat y CC que montan el motor di\u00e9sel TDI de 2.0 litros EA 189 y que est\u00e1n afectados por el software que modificaba las emisiones de \u00f3xidos de nitr\u00f3geno (NOx) cuando el veh\u00edculo estaba siendo objeto de","twitter:image":"https:\/\/eldigitaldeasturias.com\/magazine365\/wp-content\/uploads\/2016\/06\/m365.jpg"},"aioseo_meta_data":{"post_id":"77947","title":null,"description":null,"keywords":null,"keyphrases":null,"primary_term":null,"canonical_url":null,"og_title":null,"og_description":null,"og_object_type":"default","og_image_type":"default","og_image_url":null,"og_image_width":null,"og_image_height":null,"og_image_custom_url":null,"og_image_custom_fields":null,"og_video":null,"og_custom_url":null,"og_article_section":null,"og_article_tags":null,"twitter_use_og":false,"twitter_card":"default","twitter_image_type":"default","twitter_image_url":null,"twitter_image_custom_url":null,"twitter_image_custom_fields":null,"twitter_title":null,"twitter_description":null,"schema":{"blockGraphs":[],"customGraphs":[],"default":{"data":{"Article":[],"Course":[],"Dataset":[],"FAQPage":[],"Movie":[],"Person":[],"Product":[],"ProductReview":[],"Car":[],"Recipe":[],"Service":[],"SoftwareApplication":[],"WebPage":[]},"graphName":"","isEnabled":true},"graphs":[],"defaultGraph":"","defaultPostTypeGraph":""},"schema_type":null,"schema_type_options":null,"pillar_content":false,"robots_default":true,"robots_noindex":false,"robots_noarchive":false,"robots_nosnippet":false,"robots_nofollow":false,"robots_noimageindex":false,"robots_noodp":false,"robots_notranslate":false,"robots_max_snippet":null,"robots_max_videopreview":null,"robots_max_imagepreview":"large","priority":null,"frequency":null,"location":null,"local_seo":null,"seo_analyzer_scan_date":"2025-09-27 15:57:19","breadcrumb_settings":null,"limit_modified_date":false,"open_ai":null,"ai":null,"created":"2021-03-08 18:06:57","updated":"2025-09-27 15:57:19"},"aioseo_breadcrumb":"<div class=\"aioseo-breadcrumbs\"><span class=\"aioseo-breadcrumb\">\n\t<a href=\"https:\/\/eldigitaldeasturias.com\/magazine365\" title=\"Home\">Home<\/a>\n<\/span><span class=\"aioseo-breadcrumb-separator\">\u2013<\/span><span class=\"aioseo-breadcrumb\">\n\t<a href=\"https:\/\/eldigitaldeasturias.com\/magazine365\/category\/noticias-actualidad\/\" title=\"Noticias y Actualidad\">Noticias y Actualidad<\/a>\n<\/span><span class=\"aioseo-breadcrumb-separator\">\u2013<\/span><span class=\"aioseo-breadcrumb\">\n\t<a href=\"https:\/\/eldigitaldeasturias.com\/magazine365\/volkswagen-iniciara-en-breve-la-reparacion-en-espana-de-los-eos-passat-y-cc\/\" title=\"Volkswagen iniciar\u00e1 \u00aben breve\u00bb la reparaci\u00f3n en Espa\u00f1a de los Eos, Passat y CC\">Volkswagen iniciar\u00e1 \u00aben breve\u00bb la reparaci\u00f3n en Espa\u00f1a de los Eos, Passat y CC<\/a>\n<\/span><\/div>","aioseo_breadcrumb_json":[{"label":"Home","link":"https:\/\/eldigitaldeasturias.com\/magazine365"},{"label":"Noticias y Actualidad","link":"https:\/\/eldigitaldeasturias.com\/magazine365\/category\/noticias-actualidad\/"},{"label":"Volkswagen iniciar\u00e1 \u00aben breve\u00bb la reparaci\u00f3n en Espa\u00f1a de los Eos, Passat y CC","link":"https:\/\/eldigitaldeasturias.com\/magazine365\/volkswagen-iniciara-en-breve-la-reparacion-en-espana-de-los-eos-passat-y-cc\/"}],"_links":{"self":[{"href":"https:\/\/eldigitaldeasturias.com\/magazine365\/wp-json\/wp\/v2\/posts\/77947","targetHints":{"allow":["GET"]}}],"collection":[{"href":"https:\/\/eldigitaldeasturias.com\/magazine365\/wp-json\/wp\/v2\/posts"}],"about":[{"href":"https:\/\/eldigitaldeasturias.com\/magazine365\/wp-json\/wp\/v2\/types\/post"}],"author":[{"embeddable":true,"href":"https:\/\/eldigitaldeasturias.com\/magazine365\/wp-json\/wp\/v2\/users\/1"}],"replies":[{"embeddable":true,"href":"https:\/\/eldigitaldeasturias.com\/magazine365\/wp-json\/wp\/v2\/comments?post=77947"}],"version-history":[{"count":0,"href":"https:\/\/eldigitaldeasturias.com\/magazine365\/wp-json\/wp\/v2\/posts\/77947\/revisions"}],"wp:featuredmedia":[{"embeddable":true,"href":"https:\/\/eldigitaldeasturias.com\/magazine365\/wp-json\/wp\/v2\/media\/77926"}],"wp:attachment":[{"href":"https:\/\/eldigitaldeasturias.com\/magazine365\/wp-json\/wp\/v2\/media?parent=77947"}],"wp:term":[{"taxonomy":"category","embeddable":true,"href":"https:\/\/eldigitaldeasturias.com\/magazine365\/wp-json\/wp\/v2\/categories?post=77947"},{"taxonomy":"post_tag","embeddable":true,"href":"https:\/\/eldigitaldeasturias.com\/magazine365\/wp-json\/wp\/v2\/tags?post=77947"}],"curies":[{"name":"wp","href":"https:\/\/api.w.org\/{rel}","templated":true}]}}