{"id":77941,"date":"2016-06-08T11:11:38","date_gmt":"2016-06-08T09:11:38","guid":{"rendered":"http:\/\/eldigitaldeasturias.com\/magazine365\/?p=77941"},"modified":"2016-06-08T11:11:38","modified_gmt":"2016-06-08T09:11:38","slug":"exteriores-avisa-a-los-asistentes-a-la-eurocopa-de-que-no-habra-consignas-en-los-estadios-ni-se-podra-fumar","status":"publish","type":"post","link":"https:\/\/eldigitaldeasturias.com\/magazine365\/exteriores-avisa-a-los-asistentes-a-la-eurocopa-de-que-no-habra-consignas-en-los-estadios-ni-se-podra-fumar\/","title":{"rendered":"Exteriores avisa a los asistentes a la Eurocopa de que no habr\u00e1 consignas en los estadios ni se podr\u00e1 fumar"},"content":{"rendered":"<p><img fetchpriority=\"high\" decoding=\"async\" class=\"alignleft size-medium wp-image-77942\" src=\"https:\/\/eldigitaldeasturias.com\/magazine365\/wp-content\/uploads\/2016\/06\/fotonoticia_20160606175202_800-360x240.jpg\" alt=\"fotonoticia_20160606175202_800\" width=\"360\" height=\"240\" srcset=\"https:\/\/eldigitaldeasturias.com\/magazine365\/wp-content\/uploads\/2016\/06\/fotonoticia_20160606175202_800-360x240.jpg 360w, https:\/\/eldigitaldeasturias.com\/magazine365\/wp-content\/uploads\/2016\/06\/fotonoticia_20160606175202_800-650x433.jpg 650w, https:\/\/eldigitaldeasturias.com\/magazine365\/wp-content\/uploads\/2016\/06\/fotonoticia_20160606175202_800-768x512.jpg 768w, https:\/\/eldigitaldeasturias.com\/magazine365\/wp-content\/uploads\/2016\/06\/fotonoticia_20160606175202_800-150x100.jpg 150w, https:\/\/eldigitaldeasturias.com\/magazine365\/wp-content\/uploads\/2016\/06\/fotonoticia_20160606175202_800-450x300.jpg 450w, https:\/\/eldigitaldeasturias.com\/magazine365\/wp-content\/uploads\/2016\/06\/fotonoticia_20160606175202_800-101x66.jpg 101w, https:\/\/eldigitaldeasturias.com\/magazine365\/wp-content\/uploads\/2016\/06\/fotonoticia_20160606175202_800.jpg 800w\" sizes=\"(max-width: 360px) 100vw, 360px\" \/>El Ministerio de Asuntos Exteriores y de Cooperaci\u00f3n ha difundido este lunes unas recomendaciones de viaje espec\u00edficas para los espa\u00f1oles que se desplacen a Francia para asistir a algunos de los partidos de la Eurocopa de f\u00fatbol, que se celebrar\u00e1 entre el 10 de junio y el 10 de julio.<\/p>\n<p>Entre la informaci\u00f3n pr\u00e1ctica que incluye la recomendaci\u00f3n de viaje, que se puede consultar en la p\u00e1gina web www.exteriores.gob.es, figura el aviso de que en los estadios donde se celebrar\u00e1n los partidos no habr\u00e1 consignas donde depositar bultos, por lo que Exteriores pide abstenerse de acudir al recinto con bolsos, mochilas grandes o maletas, pues su entrada est\u00e1 prohibida.<\/p>\n<p>El Ministerio recuerda asimismo que en los estadios no estar\u00e1 permitido fumar, no se servir\u00e1 alcohol y no se podr\u00e1 introducir ning\u00fan tipo de l\u00edquido, y aconseja llegar con antelaci\u00f3n a los estadios, que abrir\u00e1n con tres horas de antelaci\u00f3n.<\/p>\n<p>Exteriores aconseja llevar siempre la documentaci\u00f3n y la entrada del partido consigo y recuerda la necesidad de respetar las leyes y reglamentos franceses y seguir en todo momento las instrucciones y recomendaciones de las autoridades locales, especialmente si se produjera alguna emergencia.<\/p>\n<p>Tanto en las entradas a los estadios como a los &#8216;Fan Zones&#8217; donde se podr\u00e1 seguir el partido desde una pantalla, las autoridades francesas realizar\u00e1n controles aleatorios de identidad, inspecciones sistem\u00e1ticas de bolsos y pertenencias, as\u00ed como cacheos.<\/p>\n<p>El Ministerio ir\u00e1 actualizando estas recomendaciones a medida que se tenga informaci\u00f3n de los partidos que ir\u00e1 jugando la selecci\u00f3n espa\u00f1ola. Hoy por hoy, los partidos de Espa\u00f1a correspondientes a la primera fase se celebrar\u00e1n en Toulouse el 13 de junio, en Niza el 17 de junio y en Burdeos el 21 de junio.<\/p>\n<p>Exteriores incluye en estas recomendaciones de viaje los tel\u00e9fonos y direcciones de los Consulados espa\u00f1oles, as\u00ed como el de varias comisar\u00edas y hospitales franceses.<\/p>\n<p>&nbsp;<\/p>\n","protected":false},"excerpt":{"rendered":"<p>El Ministerio de Asuntos Exteriores y de Cooperaci\u00f3n ha difundido este lunes unas recomendaciones de viaje espec\u00edficas para los espa\u00f1oles que se desplacen a Francia para asistir a algunos de los partidos de la Eurocopa de f\u00fatbol, que se celebrar\u00e1 entre el 10 de junio y el 10 de julio. Entre la informaci\u00f3n pr\u00e1ctica que<\/p>\n","protected":false},"author":1,"featured_media":77942,"comment_status":"open","ping_status":"closed","sticky":false,"template":"","format":"standard","meta":{"footnotes":""},"categories":[224],"tags":[],"class_list":{"0":"post-77941","1":"post","2":"type-post","3":"status-publish","4":"format-standard","5":"has-post-thumbnail","7":"category-noticias-actualidad"},"aioseo_notices":[],"aioseo_head":"\n\t\t<!-- All in One SEO Pro 4.9.6.1 - aioseo.com -->\n\t<meta name=\"description\" content=\"El Ministerio de Asuntos Exteriores y de Cooperaci\u00f3n ha difundido este lunes unas recomendaciones de viaje espec\u00edficas para los espa\u00f1oles que se desplacen a Francia para asistir a algunos de los partidos de la Eurocopa de f\u00fatbol, que se celebrar\u00e1 entre el 10 de junio y el 10 de julio. Entre la informaci\u00f3n pr\u00e1ctica que\" \/>\n\t<meta name=\"robots\" content=\"max-image-preview:large\" \/>\n\t<meta name=\"author\" content=\"admin\"\/>\n\t<meta name=\"google-site-verification\" content=\"UA-38556648-1\" \/>\n\t<meta name=\"keywords\" content=\"noticias y actualidad\" \/>\n\t<link rel=\"canonical\" href=\"https:\/\/eldigitaldeasturias.com\/magazine365\/exteriores-avisa-a-los-asistentes-a-la-eurocopa-de-que-no-habra-consignas-en-los-estadios-ni-se-podra-fumar\/\" \/>\n\t<meta name=\"generator\" content=\"All in One SEO Pro (AIOSEO) 4.9.6.1\" \/>\n\t\t<meta property=\"og:locale\" content=\"es_ES\" \/>\n\t\t<meta property=\"og:site_name\" content=\"El Digital de Asturias \u2013 Revista de ocio, turismo y estilo de vida\" \/>\n\t\t<meta property=\"og:type\" content=\"article\" \/>\n\t\t<meta property=\"og:title\" content=\"Exteriores avisa a los asistentes a la Eurocopa de que no habr\u00e1 consignas en los estadios ni se podr\u00e1 fumar | El Digital de Asturias\" \/>\n\t\t<meta property=\"og:description\" content=\"El Ministerio de Asuntos Exteriores y de Cooperaci\u00f3n ha difundido este lunes unas recomendaciones de viaje espec\u00edficas para los espa\u00f1oles que se desplacen a Francia para asistir a algunos de los partidos de la Eurocopa de f\u00fatbol, que se celebrar\u00e1 entre el 10 de junio y el 10 de julio. Entre la informaci\u00f3n pr\u00e1ctica que\" \/>\n\t\t<meta property=\"og:url\" content=\"https:\/\/eldigitaldeasturias.com\/magazine365\/exteriores-avisa-a-los-asistentes-a-la-eurocopa-de-que-no-habra-consignas-en-los-estadios-ni-se-podra-fumar\/\" \/>\n\t\t<meta property=\"og:image\" content=\"https:\/\/eldigitaldeasturias.com\/magazine365\/wp-content\/uploads\/2016\/06\/fotonoticia_20160606175202_800.jpg\" \/>\n\t\t<meta property=\"og:image:secure_url\" content=\"https:\/\/eldigitaldeasturias.com\/magazine365\/wp-content\/uploads\/2016\/06\/fotonoticia_20160606175202_800.jpg\" \/>\n\t\t<meta property=\"og:image:width\" content=\"800\" \/>\n\t\t<meta property=\"og:image:height\" content=\"533\" \/>\n\t\t<meta property=\"article:published_time\" content=\"2016-06-08T09:11:38+00:00\" \/>\n\t\t<meta property=\"article:modified_time\" content=\"2016-06-08T09:11:38+00:00\" \/>\n\t\t<meta name=\"twitter:card\" content=\"summary_large_image\" \/>\n\t\t<meta name=\"twitter:title\" content=\"Exteriores avisa a los asistentes a la Eurocopa de que no habr\u00e1 consignas en los estadios ni se podr\u00e1 fumar | El Digital de Asturias\" \/>\n\t\t<meta name=\"twitter:description\" content=\"El Ministerio de Asuntos Exteriores y de Cooperaci\u00f3n ha difundido este lunes unas recomendaciones de viaje espec\u00edficas para los espa\u00f1oles que se desplacen a Francia para asistir a algunos de los partidos de la Eurocopa de f\u00fatbol, que se celebrar\u00e1 entre el 10 de junio y el 10 de julio. Entre la informaci\u00f3n pr\u00e1ctica que\" \/>\n\t\t<meta name=\"twitter:image\" content=\"https:\/\/eldigitaldeasturias.com\/magazine365\/wp-content\/uploads\/2016\/06\/fotonoticia_20160606175202_800.jpg\" \/>\n\t\t<script type=\"application\/ld+json\" class=\"aioseo-schema\">\n\t\t\t{\"@context\":\"https:\\\/\\\/schema.org\",\"@graph\":[{\"@type\":\"Article\",\"@id\":\"https:\\\/\\\/eldigitaldeasturias.com\\\/magazine365\\\/exteriores-avisa-a-los-asistentes-a-la-eurocopa-de-que-no-habra-consignas-en-los-estadios-ni-se-podra-fumar\\\/#article\",\"name\":\"Exteriores avisa a los asistentes a la Eurocopa de que no habr\\u00e1 consignas en los estadios ni se podr\\u00e1 fumar | El Digital de Asturias\",\"headline\":\"Exteriores avisa a los asistentes a la Eurocopa de que no habr\\u00e1 consignas en los estadios ni se podr\\u00e1 fumar\",\"author\":{\"@id\":\"https:\\\/\\\/eldigitaldeasturias.com\\\/magazine365\\\/author\\\/admin\\\/#author\"},\"publisher\":{\"@id\":\"https:\\\/\\\/eldigitaldeasturias.com\\\/magazine365\\\/#organization\"},\"image\":{\"@type\":\"ImageObject\",\"url\":\"https:\\\/\\\/eldigitaldeasturias.com\\\/magazine365\\\/wp-content\\\/uploads\\\/2016\\\/06\\\/fotonoticia_20160606175202_800.jpg\",\"width\":800,\"height\":533},\"datePublished\":\"2016-06-08T11:11:38+02:00\",\"dateModified\":\"2016-06-08T11:11:38+02:00\",\"inLanguage\":\"es-ES\",\"mainEntityOfPage\":{\"@id\":\"https:\\\/\\\/eldigitaldeasturias.com\\\/magazine365\\\/exteriores-avisa-a-los-asistentes-a-la-eurocopa-de-que-no-habra-consignas-en-los-estadios-ni-se-podra-fumar\\\/#webpage\"},\"isPartOf\":{\"@id\":\"https:\\\/\\\/eldigitaldeasturias.com\\\/magazine365\\\/exteriores-avisa-a-los-asistentes-a-la-eurocopa-de-que-no-habra-consignas-en-los-estadios-ni-se-podra-fumar\\\/#webpage\"},\"articleSection\":\"Noticias y Actualidad\"},{\"@type\":\"BreadcrumbList\",\"@id\":\"https:\\\/\\\/eldigitaldeasturias.com\\\/magazine365\\\/exteriores-avisa-a-los-asistentes-a-la-eurocopa-de-que-no-habra-consignas-en-los-estadios-ni-se-podra-fumar\\\/#breadcrumblist\",\"itemListElement\":[{\"@type\":\"ListItem\",\"@id\":\"https:\\\/\\\/eldigitaldeasturias.com\\\/magazine365#listItem\",\"position\":1,\"name\":\"Home\",\"item\":\"https:\\\/\\\/eldigitaldeasturias.com\\\/magazine365\",\"nextItem\":{\"@type\":\"ListItem\",\"@id\":\"https:\\\/\\\/eldigitaldeasturias.com\\\/magazine365\\\/category\\\/noticias-actualidad\\\/#listItem\",\"name\":\"Noticias y Actualidad\"}},{\"@type\":\"ListItem\",\"@id\":\"https:\\\/\\\/eldigitaldeasturias.com\\\/magazine365\\\/category\\\/noticias-actualidad\\\/#listItem\",\"position\":2,\"name\":\"Noticias y Actualidad\",\"item\":\"https:\\\/\\\/eldigitaldeasturias.com\\\/magazine365\\\/category\\\/noticias-actualidad\\\/\",\"nextItem\":{\"@type\":\"ListItem\",\"@id\":\"https:\\\/\\\/eldigitaldeasturias.com\\\/magazine365\\\/exteriores-avisa-a-los-asistentes-a-la-eurocopa-de-que-no-habra-consignas-en-los-estadios-ni-se-podra-fumar\\\/#listItem\",\"name\":\"Exteriores avisa a los asistentes a la Eurocopa de que no habr\\u00e1 consignas en los estadios ni se podr\\u00e1 fumar\"},\"previousItem\":{\"@type\":\"ListItem\",\"@id\":\"https:\\\/\\\/eldigitaldeasturias.com\\\/magazine365#listItem\",\"name\":\"Home\"}},{\"@type\":\"ListItem\",\"@id\":\"https:\\\/\\\/eldigitaldeasturias.com\\\/magazine365\\\/exteriores-avisa-a-los-asistentes-a-la-eurocopa-de-que-no-habra-consignas-en-los-estadios-ni-se-podra-fumar\\\/#listItem\",\"position\":3,\"name\":\"Exteriores avisa a los asistentes a la Eurocopa de que no habr\\u00e1 consignas en los estadios ni se podr\\u00e1 fumar\",\"previousItem\":{\"@type\":\"ListItem\",\"@id\":\"https:\\\/\\\/eldigitaldeasturias.com\\\/magazine365\\\/category\\\/noticias-actualidad\\\/#listItem\",\"name\":\"Noticias y Actualidad\"}}]},{\"@type\":\"Organization\",\"@id\":\"https:\\\/\\\/eldigitaldeasturias.com\\\/magazine365\\\/#organization\",\"name\":\"El digital de Asturias\",\"description\":\"Revista de ocio, turismo y estilo de vida\",\"url\":\"https:\\\/\\\/eldigitaldeasturias.com\\\/magazine365\\\/\",\"logo\":{\"@type\":\"ImageObject\",\"url\":\"https:\\\/\\\/www.eldigitaldeasturias.com\\\/noticias\\\/wp-content\\\/uploads\\\/2020\\\/12\\\/EDA.jpg\",\"@id\":\"https:\\\/\\\/eldigitaldeasturias.com\\\/magazine365\\\/exteriores-avisa-a-los-asistentes-a-la-eurocopa-de-que-no-habra-consignas-en-los-estadios-ni-se-podra-fumar\\\/#organizationLogo\"},\"image\":{\"@id\":\"https:\\\/\\\/eldigitaldeasturias.com\\\/magazine365\\\/exteriores-avisa-a-los-asistentes-a-la-eurocopa-de-que-no-habra-consignas-en-los-estadios-ni-se-podra-fumar\\\/#organizationLogo\"}},{\"@type\":\"Person\",\"@id\":\"https:\\\/\\\/eldigitaldeasturias.com\\\/magazine365\\\/author\\\/admin\\\/#author\",\"url\":\"https:\\\/\\\/eldigitaldeasturias.com\\\/magazine365\\\/author\\\/admin\\\/\",\"name\":\"admin\",\"image\":{\"@type\":\"ImageObject\",\"@id\":\"https:\\\/\\\/eldigitaldeasturias.com\\\/magazine365\\\/exteriores-avisa-a-los-asistentes-a-la-eurocopa-de-que-no-habra-consignas-en-los-estadios-ni-se-podra-fumar\\\/#authorImage\",\"url\":\"https:\\\/\\\/eldigitaldeasturias.com\\\/magazine365\\\/wp-content\\\/litespeed\\\/avatar\\\/e571bcf59a0edd6fa6838245a470f2fe.jpg?ver=1776969259\",\"width\":96,\"height\":96,\"caption\":\"admin\"}},{\"@type\":\"WebPage\",\"@id\":\"https:\\\/\\\/eldigitaldeasturias.com\\\/magazine365\\\/exteriores-avisa-a-los-asistentes-a-la-eurocopa-de-que-no-habra-consignas-en-los-estadios-ni-se-podra-fumar\\\/#webpage\",\"url\":\"https:\\\/\\\/eldigitaldeasturias.com\\\/magazine365\\\/exteriores-avisa-a-los-asistentes-a-la-eurocopa-de-que-no-habra-consignas-en-los-estadios-ni-se-podra-fumar\\\/\",\"name\":\"Exteriores avisa a los asistentes a la Eurocopa de que no habr\\u00e1 consignas en los estadios ni se podr\\u00e1 fumar | El Digital de Asturias\",\"description\":\"El Ministerio de Asuntos Exteriores y de Cooperaci\\u00f3n ha difundido este lunes unas recomendaciones de viaje espec\\u00edficas para los espa\\u00f1oles que se desplacen a Francia para asistir a algunos de los partidos de la Eurocopa de f\\u00fatbol, que se celebrar\\u00e1 entre el 10 de junio y el 10 de julio. Entre la informaci\\u00f3n pr\\u00e1ctica que\",\"inLanguage\":\"es-ES\",\"isPartOf\":{\"@id\":\"https:\\\/\\\/eldigitaldeasturias.com\\\/magazine365\\\/#website\"},\"breadcrumb\":{\"@id\":\"https:\\\/\\\/eldigitaldeasturias.com\\\/magazine365\\\/exteriores-avisa-a-los-asistentes-a-la-eurocopa-de-que-no-habra-consignas-en-los-estadios-ni-se-podra-fumar\\\/#breadcrumblist\"},\"author\":{\"@id\":\"https:\\\/\\\/eldigitaldeasturias.com\\\/magazine365\\\/author\\\/admin\\\/#author\"},\"creator\":{\"@id\":\"https:\\\/\\\/eldigitaldeasturias.com\\\/magazine365\\\/author\\\/admin\\\/#author\"},\"image\":{\"@type\":\"ImageObject\",\"url\":\"https:\\\/\\\/eldigitaldeasturias.com\\\/magazine365\\\/wp-content\\\/uploads\\\/2016\\\/06\\\/fotonoticia_20160606175202_800.jpg\",\"@id\":\"https:\\\/\\\/eldigitaldeasturias.com\\\/magazine365\\\/exteriores-avisa-a-los-asistentes-a-la-eurocopa-de-que-no-habra-consignas-en-los-estadios-ni-se-podra-fumar\\\/#mainImage\",\"width\":800,\"height\":533},\"primaryImageOfPage\":{\"@id\":\"https:\\\/\\\/eldigitaldeasturias.com\\\/magazine365\\\/exteriores-avisa-a-los-asistentes-a-la-eurocopa-de-que-no-habra-consignas-en-los-estadios-ni-se-podra-fumar\\\/#mainImage\"},\"datePublished\":\"2016-06-08T11:11:38+02:00\",\"dateModified\":\"2016-06-08T11:11:38+02:00\"},{\"@type\":\"WebSite\",\"@id\":\"https:\\\/\\\/eldigitaldeasturias.com\\\/magazine365\\\/#website\",\"url\":\"https:\\\/\\\/eldigitaldeasturias.com\\\/magazine365\\\/\",\"name\":\"El Digital de Asturias\",\"description\":\"Revista de ocio, turismo y estilo de vida\",\"inLanguage\":\"es-ES\",\"publisher\":{\"@id\":\"https:\\\/\\\/eldigitaldeasturias.com\\\/magazine365\\\/#organization\"}}]}\n\t\t<\/script>\n\t\t<!-- All in One SEO Pro -->\r\n\t\t<title>Exteriores avisa a los asistentes a la Eurocopa de que no habr\u00e1 consignas en los estadios ni se podr\u00e1 fumar | El Digital de Asturias<\/title>\n\n","aioseo_head_json":{"title":"Exteriores avisa a los asistentes a la Eurocopa de que no habr\u00e1 consignas en los estadios ni se podr\u00e1 fumar | El Digital de Asturias","description":"El Ministerio de Asuntos Exteriores y de Cooperaci\u00f3n ha difundido este lunes unas recomendaciones de viaje espec\u00edficas para los espa\u00f1oles que se desplacen a Francia para asistir a algunos de los partidos de la Eurocopa de f\u00fatbol, que se celebrar\u00e1 entre el 10 de junio y el 10 de julio. Entre la informaci\u00f3n pr\u00e1ctica que","canonical_url":"https:\/\/eldigitaldeasturias.com\/magazine365\/exteriores-avisa-a-los-asistentes-a-la-eurocopa-de-que-no-habra-consignas-en-los-estadios-ni-se-podra-fumar\/","robots":"max-image-preview:large","keywords":"noticias y actualidad","webmasterTools":{"google-site-verification":"UA-38556648-1","miscellaneous":""},"schema":{"@context":"https:\/\/schema.org","@graph":[{"@type":"Article","@id":"https:\/\/eldigitaldeasturias.com\/magazine365\/exteriores-avisa-a-los-asistentes-a-la-eurocopa-de-que-no-habra-consignas-en-los-estadios-ni-se-podra-fumar\/#article","name":"Exteriores avisa a los asistentes a la Eurocopa de que no habr\u00e1 consignas en los estadios ni se podr\u00e1 fumar | El Digital de Asturias","headline":"Exteriores avisa a los asistentes a la Eurocopa de que no habr\u00e1 consignas en los estadios ni se podr\u00e1 fumar","author":{"@id":"https:\/\/eldigitaldeasturias.com\/magazine365\/author\/admin\/#author"},"publisher":{"@id":"https:\/\/eldigitaldeasturias.com\/magazine365\/#organization"},"image":{"@type":"ImageObject","url":"https:\/\/eldigitaldeasturias.com\/magazine365\/wp-content\/uploads\/2016\/06\/fotonoticia_20160606175202_800.jpg","width":800,"height":533},"datePublished":"2016-06-08T11:11:38+02:00","dateModified":"2016-06-08T11:11:38+02:00","inLanguage":"es-ES","mainEntityOfPage":{"@id":"https:\/\/eldigitaldeasturias.com\/magazine365\/exteriores-avisa-a-los-asistentes-a-la-eurocopa-de-que-no-habra-consignas-en-los-estadios-ni-se-podra-fumar\/#webpage"},"isPartOf":{"@id":"https:\/\/eldigitaldeasturias.com\/magazine365\/exteriores-avisa-a-los-asistentes-a-la-eurocopa-de-que-no-habra-consignas-en-los-estadios-ni-se-podra-fumar\/#webpage"},"articleSection":"Noticias y Actualidad"},{"@type":"BreadcrumbList","@id":"https:\/\/eldigitaldeasturias.com\/magazine365\/exteriores-avisa-a-los-asistentes-a-la-eurocopa-de-que-no-habra-consignas-en-los-estadios-ni-se-podra-fumar\/#breadcrumblist","itemListElement":[{"@type":"ListItem","@id":"https:\/\/eldigitaldeasturias.com\/magazine365#listItem","position":1,"name":"Home","item":"https:\/\/eldigitaldeasturias.com\/magazine365","nextItem":{"@type":"ListItem","@id":"https:\/\/eldigitaldeasturias.com\/magazine365\/category\/noticias-actualidad\/#listItem","name":"Noticias y Actualidad"}},{"@type":"ListItem","@id":"https:\/\/eldigitaldeasturias.com\/magazine365\/category\/noticias-actualidad\/#listItem","position":2,"name":"Noticias y Actualidad","item":"https:\/\/eldigitaldeasturias.com\/magazine365\/category\/noticias-actualidad\/","nextItem":{"@type":"ListItem","@id":"https:\/\/eldigitaldeasturias.com\/magazine365\/exteriores-avisa-a-los-asistentes-a-la-eurocopa-de-que-no-habra-consignas-en-los-estadios-ni-se-podra-fumar\/#listItem","name":"Exteriores avisa a los asistentes a la Eurocopa de que no habr\u00e1 consignas en los estadios ni se podr\u00e1 fumar"},"previousItem":{"@type":"ListItem","@id":"https:\/\/eldigitaldeasturias.com\/magazine365#listItem","name":"Home"}},{"@type":"ListItem","@id":"https:\/\/eldigitaldeasturias.com\/magazine365\/exteriores-avisa-a-los-asistentes-a-la-eurocopa-de-que-no-habra-consignas-en-los-estadios-ni-se-podra-fumar\/#listItem","position":3,"name":"Exteriores avisa a los asistentes a la Eurocopa de que no habr\u00e1 consignas en los estadios ni se podr\u00e1 fumar","previousItem":{"@type":"ListItem","@id":"https:\/\/eldigitaldeasturias.com\/magazine365\/category\/noticias-actualidad\/#listItem","name":"Noticias y Actualidad"}}]},{"@type":"Organization","@id":"https:\/\/eldigitaldeasturias.com\/magazine365\/#organization","name":"El digital de Asturias","description":"Revista de ocio, turismo y estilo de vida","url":"https:\/\/eldigitaldeasturias.com\/magazine365\/","logo":{"@type":"ImageObject","url":"https:\/\/www.eldigitaldeasturias.com\/noticias\/wp-content\/uploads\/2020\/12\/EDA.jpg","@id":"https:\/\/eldigitaldeasturias.com\/magazine365\/exteriores-avisa-a-los-asistentes-a-la-eurocopa-de-que-no-habra-consignas-en-los-estadios-ni-se-podra-fumar\/#organizationLogo"},"image":{"@id":"https:\/\/eldigitaldeasturias.com\/magazine365\/exteriores-avisa-a-los-asistentes-a-la-eurocopa-de-que-no-habra-consignas-en-los-estadios-ni-se-podra-fumar\/#organizationLogo"}},{"@type":"Person","@id":"https:\/\/eldigitaldeasturias.com\/magazine365\/author\/admin\/#author","url":"https:\/\/eldigitaldeasturias.com\/magazine365\/author\/admin\/","name":"admin","image":{"@type":"ImageObject","@id":"https:\/\/eldigitaldeasturias.com\/magazine365\/exteriores-avisa-a-los-asistentes-a-la-eurocopa-de-que-no-habra-consignas-en-los-estadios-ni-se-podra-fumar\/#authorImage","url":"https:\/\/eldigitaldeasturias.com\/magazine365\/wp-content\/litespeed\/avatar\/e571bcf59a0edd6fa6838245a470f2fe.jpg?ver=1776969259","width":96,"height":96,"caption":"admin"}},{"@type":"WebPage","@id":"https:\/\/eldigitaldeasturias.com\/magazine365\/exteriores-avisa-a-los-asistentes-a-la-eurocopa-de-que-no-habra-consignas-en-los-estadios-ni-se-podra-fumar\/#webpage","url":"https:\/\/eldigitaldeasturias.com\/magazine365\/exteriores-avisa-a-los-asistentes-a-la-eurocopa-de-que-no-habra-consignas-en-los-estadios-ni-se-podra-fumar\/","name":"Exteriores avisa a los asistentes a la Eurocopa de que no habr\u00e1 consignas en los estadios ni se podr\u00e1 fumar | El Digital de Asturias","description":"El Ministerio de Asuntos Exteriores y de Cooperaci\u00f3n ha difundido este lunes unas recomendaciones de viaje espec\u00edficas para los espa\u00f1oles que se desplacen a Francia para asistir a algunos de los partidos de la Eurocopa de f\u00fatbol, que se celebrar\u00e1 entre el 10 de junio y el 10 de julio. Entre la informaci\u00f3n pr\u00e1ctica que","inLanguage":"es-ES","isPartOf":{"@id":"https:\/\/eldigitaldeasturias.com\/magazine365\/#website"},"breadcrumb":{"@id":"https:\/\/eldigitaldeasturias.com\/magazine365\/exteriores-avisa-a-los-asistentes-a-la-eurocopa-de-que-no-habra-consignas-en-los-estadios-ni-se-podra-fumar\/#breadcrumblist"},"author":{"@id":"https:\/\/eldigitaldeasturias.com\/magazine365\/author\/admin\/#author"},"creator":{"@id":"https:\/\/eldigitaldeasturias.com\/magazine365\/author\/admin\/#author"},"image":{"@type":"ImageObject","url":"https:\/\/eldigitaldeasturias.com\/magazine365\/wp-content\/uploads\/2016\/06\/fotonoticia_20160606175202_800.jpg","@id":"https:\/\/eldigitaldeasturias.com\/magazine365\/exteriores-avisa-a-los-asistentes-a-la-eurocopa-de-que-no-habra-consignas-en-los-estadios-ni-se-podra-fumar\/#mainImage","width":800,"height":533},"primaryImageOfPage":{"@id":"https:\/\/eldigitaldeasturias.com\/magazine365\/exteriores-avisa-a-los-asistentes-a-la-eurocopa-de-que-no-habra-consignas-en-los-estadios-ni-se-podra-fumar\/#mainImage"},"datePublished":"2016-06-08T11:11:38+02:00","dateModified":"2016-06-08T11:11:38+02:00"},{"@type":"WebSite","@id":"https:\/\/eldigitaldeasturias.com\/magazine365\/#website","url":"https:\/\/eldigitaldeasturias.com\/magazine365\/","name":"El Digital de Asturias","description":"Revista de ocio, turismo y estilo de vida","inLanguage":"es-ES","publisher":{"@id":"https:\/\/eldigitaldeasturias.com\/magazine365\/#organization"}}]},"og:locale":"es_ES","og:site_name":"El Digital de Asturias \u2013 Revista de ocio, turismo y estilo de vida","og:type":"article","og:title":"Exteriores avisa a los asistentes a la Eurocopa de que no habr\u00e1 consignas en los estadios ni se podr\u00e1 fumar | El Digital de Asturias","og:description":"El Ministerio de Asuntos Exteriores y de Cooperaci\u00f3n ha difundido este lunes unas recomendaciones de viaje espec\u00edficas para los espa\u00f1oles que se desplacen a Francia para asistir a algunos de los partidos de la Eurocopa de f\u00fatbol, que se celebrar\u00e1 entre el 10 de junio y el 10 de julio. Entre la informaci\u00f3n pr\u00e1ctica que","og:url":"https:\/\/eldigitaldeasturias.com\/magazine365\/exteriores-avisa-a-los-asistentes-a-la-eurocopa-de-que-no-habra-consignas-en-los-estadios-ni-se-podra-fumar\/","og:image":"https:\/\/eldigitaldeasturias.com\/magazine365\/wp-content\/uploads\/2016\/06\/fotonoticia_20160606175202_800.jpg","og:image:secure_url":"https:\/\/eldigitaldeasturias.com\/magazine365\/wp-content\/uploads\/2016\/06\/fotonoticia_20160606175202_800.jpg","og:image:width":800,"og:image:height":533,"article:published_time":"2016-06-08T09:11:38+00:00","article:modified_time":"2016-06-08T09:11:38+00:00","twitter:card":"summary_large_image","twitter:title":"Exteriores avisa a los asistentes a la Eurocopa de que no habr\u00e1 consignas en los estadios ni se podr\u00e1 fumar | El Digital de Asturias","twitter:description":"El Ministerio de Asuntos Exteriores y de Cooperaci\u00f3n ha difundido este lunes unas recomendaciones de viaje espec\u00edficas para los espa\u00f1oles que se desplacen a Francia para asistir a algunos de los partidos de la Eurocopa de f\u00fatbol, que se celebrar\u00e1 entre el 10 de junio y el 10 de julio. Entre la informaci\u00f3n pr\u00e1ctica que","twitter:image":"https:\/\/eldigitaldeasturias.com\/magazine365\/wp-content\/uploads\/2016\/06\/fotonoticia_20160606175202_800.jpg"},"aioseo_meta_data":{"post_id":"77941","title":null,"description":null,"keywords":null,"keyphrases":null,"primary_term":null,"canonical_url":null,"og_title":null,"og_description":null,"og_object_type":"default","og_image_type":"default","og_image_url":null,"og_image_width":null,"og_image_height":null,"og_image_custom_url":null,"og_image_custom_fields":null,"og_video":null,"og_custom_url":null,"og_article_section":null,"og_article_tags":null,"twitter_use_og":false,"twitter_card":"default","twitter_image_type":"default","twitter_image_url":null,"twitter_image_custom_url":null,"twitter_image_custom_fields":null,"twitter_title":null,"twitter_description":null,"schema":{"blockGraphs":[],"customGraphs":[],"default":{"data":{"Article":[],"Course":[],"Dataset":[],"FAQPage":[],"Movie":[],"Person":[],"Product":[],"ProductReview":[],"Car":[],"Recipe":[],"Service":[],"SoftwareApplication":[],"WebPage":[]},"graphName":"","isEnabled":true},"graphs":[],"defaultGraph":"","defaultPostTypeGraph":""},"schema_type":null,"schema_type_options":null,"pillar_content":false,"robots_default":true,"robots_noindex":false,"robots_noarchive":false,"robots_nosnippet":false,"robots_nofollow":false,"robots_noimageindex":false,"robots_noodp":false,"robots_notranslate":false,"robots_max_snippet":null,"robots_max_videopreview":null,"robots_max_imagepreview":"large","priority":null,"frequency":null,"location":null,"local_seo":null,"seo_analyzer_scan_date":"2025-09-27 15:55:19","breadcrumb_settings":null,"limit_modified_date":false,"open_ai":null,"ai":null,"created":"2021-03-08 18:06:57","updated":"2025-09-27 15:55:19"},"aioseo_breadcrumb":"<div class=\"aioseo-breadcrumbs\"><span class=\"aioseo-breadcrumb\">\n\t<a href=\"https:\/\/eldigitaldeasturias.com\/magazine365\" title=\"Home\">Home<\/a>\n<\/span><span class=\"aioseo-breadcrumb-separator\">\u2013<\/span><span class=\"aioseo-breadcrumb\">\n\t<a href=\"https:\/\/eldigitaldeasturias.com\/magazine365\/category\/noticias-actualidad\/\" title=\"Noticias y Actualidad\">Noticias y Actualidad<\/a>\n<\/span><span class=\"aioseo-breadcrumb-separator\">\u2013<\/span><span class=\"aioseo-breadcrumb\">\n\t<a href=\"https:\/\/eldigitaldeasturias.com\/magazine365\/exteriores-avisa-a-los-asistentes-a-la-eurocopa-de-que-no-habra-consignas-en-los-estadios-ni-se-podra-fumar\/\" title=\"Exteriores avisa a los asistentes a la Eurocopa de que no habr\u00e1 consignas en los estadios ni se podr\u00e1 fumar\">Exteriores avisa a los asistentes a la Eurocopa de que no habr\u00e1 consignas en los estadios ni se podr\u00e1 fumar<\/a>\n<\/span><\/div>","aioseo_breadcrumb_json":[{"label":"Home","link":"https:\/\/eldigitaldeasturias.com\/magazine365"},{"label":"Noticias y Actualidad","link":"https:\/\/eldigitaldeasturias.com\/magazine365\/category\/noticias-actualidad\/"},{"label":"Exteriores avisa a los asistentes a la Eurocopa de que no habr\u00e1 consignas en los estadios ni se podr\u00e1 fumar","link":"https:\/\/eldigitaldeasturias.com\/magazine365\/exteriores-avisa-a-los-asistentes-a-la-eurocopa-de-que-no-habra-consignas-en-los-estadios-ni-se-podra-fumar\/"}],"_links":{"self":[{"href":"https:\/\/eldigitaldeasturias.com\/magazine365\/wp-json\/wp\/v2\/posts\/77941","targetHints":{"allow":["GET"]}}],"collection":[{"href":"https:\/\/eldigitaldeasturias.com\/magazine365\/wp-json\/wp\/v2\/posts"}],"about":[{"href":"https:\/\/eldigitaldeasturias.com\/magazine365\/wp-json\/wp\/v2\/types\/post"}],"author":[{"embeddable":true,"href":"https:\/\/eldigitaldeasturias.com\/magazine365\/wp-json\/wp\/v2\/users\/1"}],"replies":[{"embeddable":true,"href":"https:\/\/eldigitaldeasturias.com\/magazine365\/wp-json\/wp\/v2\/comments?post=77941"}],"version-history":[{"count":0,"href":"https:\/\/eldigitaldeasturias.com\/magazine365\/wp-json\/wp\/v2\/posts\/77941\/revisions"}],"wp:featuredmedia":[{"embeddable":true,"href":"https:\/\/eldigitaldeasturias.com\/magazine365\/wp-json\/wp\/v2\/media\/77942"}],"wp:attachment":[{"href":"https:\/\/eldigitaldeasturias.com\/magazine365\/wp-json\/wp\/v2\/media?parent=77941"}],"wp:term":[{"taxonomy":"category","embeddable":true,"href":"https:\/\/eldigitaldeasturias.com\/magazine365\/wp-json\/wp\/v2\/categories?post=77941"},{"taxonomy":"post_tag","embeddable":true,"href":"https:\/\/eldigitaldeasturias.com\/magazine365\/wp-json\/wp\/v2\/tags?post=77941"}],"curies":[{"name":"wp","href":"https:\/\/api.w.org\/{rel}","templated":true}]}}