{"id":77934,"date":"2016-06-08T11:06:12","date_gmt":"2016-06-08T09:06:12","guid":{"rendered":"http:\/\/eldigitaldeasturias.com\/magazine365\/?p=77934"},"modified":"2016-06-08T11:06:12","modified_gmt":"2016-06-08T09:06:12","slug":"oman-air-y-europcar-colaboraran-en-el-programa-del-viajero-frecuente-sindbad","status":"publish","type":"post","link":"https:\/\/eldigitaldeasturias.com\/magazine365\/oman-air-y-europcar-colaboraran-en-el-programa-del-viajero-frecuente-sindbad\/","title":{"rendered":"Oman Air y Europcar colaborar\u00e1n en el programa del viajero frecuente Sindbad"},"content":{"rendered":"<p><img fetchpriority=\"high\" decoding=\"async\" class=\"alignleft size-medium wp-image-77936\" src=\"https:\/\/eldigitaldeasturias.com\/magazine365\/wp-content\/uploads\/2016\/06\/fotonoticia_20160606172229_800-1-360x203.jpg\" alt=\"fotonoticia_20160606172229_800\" width=\"360\" height=\"203\" srcset=\"https:\/\/eldigitaldeasturias.com\/magazine365\/wp-content\/uploads\/2016\/06\/fotonoticia_20160606172229_800-1-360x203.jpg 360w, https:\/\/eldigitaldeasturias.com\/magazine365\/wp-content\/uploads\/2016\/06\/fotonoticia_20160606172229_800-1-499x280.jpg 499w, https:\/\/eldigitaldeasturias.com\/magazine365\/wp-content\/uploads\/2016\/06\/fotonoticia_20160606172229_800-1-768x434.jpg 768w, https:\/\/eldigitaldeasturias.com\/magazine365\/wp-content\/uploads\/2016\/06\/fotonoticia_20160606172229_800-1-650x367.jpg 650w, https:\/\/eldigitaldeasturias.com\/magazine365\/wp-content\/uploads\/2016\/06\/fotonoticia_20160606172229_800-1-510x289.jpg 510w, https:\/\/eldigitaldeasturias.com\/magazine365\/wp-content\/uploads\/2016\/06\/fotonoticia_20160606172229_800-1.jpg 800w\" sizes=\"(max-width: 360px) 100vw, 360px\" \/>Europcar y Oman Air han anunciado un acuerdo de colaboraci\u00f3n para premiar con 500 millas a los miembros del programa del viajero frecuente Sindbad, cada vez que alquilen un coche con la compa\u00f1\u00eda arrendataria de veh\u00edculos, informaron ambas compa\u00f1\u00edas en un comunicado conjunto.<\/p>\n<p>El director comercial del grupo Europcar, Marcus Bernhardt, destac\u00f3 que con este acuerdo la compa\u00f1\u00eda logra consolidar su presencia en esta zona geogr\u00e1fica y fomentar el dinamismo del turismo, especialmente el dirigido a los pa\u00edses europeos, lo que representa una gran oportunidad para captar nuevos clientes.<\/p>\n<p>Con esta colaboraci\u00f3n, los miembros de Sindbad se beneficiar\u00e1n de los servicios de movilidad de Europcar y tendr\u00e1n acceso a su red de oficinas de alquiler, presente en m\u00e1s de 140 pa\u00edses, un programa premiado por su actividad en Oriente Medio desde 2005 en los World Travel Awards.<\/p>\n","protected":false},"excerpt":{"rendered":"<p>Europcar y Oman Air han anunciado un acuerdo de colaboraci\u00f3n para premiar con 500 millas a los miembros del programa del viajero frecuente Sindbad, cada vez que alquilen un coche con la compa\u00f1\u00eda arrendataria de veh\u00edculos, informaron ambas compa\u00f1\u00edas en un comunicado conjunto. El director comercial del grupo Europcar, Marcus Bernhardt, destac\u00f3 que con este<\/p>\n","protected":false},"author":1,"featured_media":77935,"comment_status":"open","ping_status":"closed","sticky":false,"template":"","format":"standard","meta":{"footnotes":""},"categories":[224],"tags":[],"class_list":{"0":"post-77934","1":"post","2":"type-post","3":"status-publish","4":"format-standard","5":"has-post-thumbnail","7":"category-noticias-actualidad"},"aioseo_notices":[],"aioseo_head":"\n\t\t<!-- All in One SEO Pro 4.9.6.1 - aioseo.com -->\n\t<meta name=\"description\" content=\"Europcar y Oman Air han anunciado un acuerdo de colaboraci\u00f3n para premiar con 500 millas a los miembros del programa del viajero frecuente Sindbad, cada vez que alquilen un coche con la compa\u00f1\u00eda arrendataria de veh\u00edculos, informaron ambas compa\u00f1\u00edas en un comunicado conjunto. El director comercial del grupo Europcar, Marcus Bernhardt, destac\u00f3 que con este\" \/>\n\t<meta name=\"robots\" content=\"max-image-preview:large\" \/>\n\t<meta name=\"author\" content=\"admin\"\/>\n\t<meta name=\"google-site-verification\" content=\"UA-38556648-1\" \/>\n\t<meta name=\"keywords\" content=\"noticias y actualidad\" \/>\n\t<link rel=\"canonical\" href=\"https:\/\/eldigitaldeasturias.com\/magazine365\/oman-air-y-europcar-colaboraran-en-el-programa-del-viajero-frecuente-sindbad\/\" \/>\n\t<meta name=\"generator\" content=\"All in One SEO Pro (AIOSEO) 4.9.6.1\" \/>\n\t\t<meta property=\"og:locale\" content=\"es_ES\" \/>\n\t\t<meta property=\"og:site_name\" content=\"El Digital de Asturias \u2013 Revista de ocio, turismo y estilo de vida\" \/>\n\t\t<meta property=\"og:type\" content=\"article\" \/>\n\t\t<meta property=\"og:title\" content=\"Oman Air y Europcar colaborar\u00e1n en el programa del viajero frecuente Sindbad | El Digital de Asturias\" \/>\n\t\t<meta property=\"og:description\" content=\"Europcar y Oman Air han anunciado un acuerdo de colaboraci\u00f3n para premiar con 500 millas a los miembros del programa del viajero frecuente Sindbad, cada vez que alquilen un coche con la compa\u00f1\u00eda arrendataria de veh\u00edculos, informaron ambas compa\u00f1\u00edas en un comunicado conjunto. El director comercial del grupo Europcar, Marcus Bernhardt, destac\u00f3 que con este\" \/>\n\t\t<meta property=\"og:url\" content=\"https:\/\/eldigitaldeasturias.com\/magazine365\/oman-air-y-europcar-colaboraran-en-el-programa-del-viajero-frecuente-sindbad\/\" \/>\n\t\t<meta property=\"og:image\" content=\"https:\/\/eldigitaldeasturias.com\/magazine365\/wp-content\/uploads\/2016\/06\/fotonoticia_20160606172229_800.jpg\" \/>\n\t\t<meta property=\"og:image:secure_url\" content=\"https:\/\/eldigitaldeasturias.com\/magazine365\/wp-content\/uploads\/2016\/06\/fotonoticia_20160606172229_800.jpg\" \/>\n\t\t<meta property=\"og:image:width\" content=\"800\" \/>\n\t\t<meta property=\"og:image:height\" content=\"452\" \/>\n\t\t<meta property=\"article:published_time\" content=\"2016-06-08T09:06:12+00:00\" \/>\n\t\t<meta property=\"article:modified_time\" content=\"2016-06-08T09:06:12+00:00\" \/>\n\t\t<meta name=\"twitter:card\" content=\"summary_large_image\" \/>\n\t\t<meta name=\"twitter:title\" content=\"Oman Air y Europcar colaborar\u00e1n en el programa del viajero frecuente Sindbad | El Digital de Asturias\" \/>\n\t\t<meta name=\"twitter:description\" content=\"Europcar y Oman Air han anunciado un acuerdo de colaboraci\u00f3n para premiar con 500 millas a los miembros del programa del viajero frecuente Sindbad, cada vez que alquilen un coche con la compa\u00f1\u00eda arrendataria de veh\u00edculos, informaron ambas compa\u00f1\u00edas en un comunicado conjunto. El director comercial del grupo Europcar, Marcus Bernhardt, destac\u00f3 que con este\" \/>\n\t\t<meta name=\"twitter:image\" content=\"https:\/\/eldigitaldeasturias.com\/magazine365\/wp-content\/uploads\/2016\/06\/fotonoticia_20160606172229_800.jpg\" \/>\n\t\t<script type=\"application\/ld+json\" class=\"aioseo-schema\">\n\t\t\t{\"@context\":\"https:\\\/\\\/schema.org\",\"@graph\":[{\"@type\":\"Article\",\"@id\":\"https:\\\/\\\/eldigitaldeasturias.com\\\/magazine365\\\/oman-air-y-europcar-colaboraran-en-el-programa-del-viajero-frecuente-sindbad\\\/#article\",\"name\":\"Oman Air y Europcar colaborar\\u00e1n en el programa del viajero frecuente Sindbad | El Digital de Asturias\",\"headline\":\"Oman Air y Europcar colaborar\\u00e1n en el programa del viajero frecuente Sindbad\",\"author\":{\"@id\":\"https:\\\/\\\/eldigitaldeasturias.com\\\/magazine365\\\/author\\\/admin\\\/#author\"},\"publisher\":{\"@id\":\"https:\\\/\\\/eldigitaldeasturias.com\\\/magazine365\\\/#organization\"},\"image\":{\"@type\":\"ImageObject\",\"url\":\"https:\\\/\\\/eldigitaldeasturias.com\\\/magazine365\\\/wp-content\\\/uploads\\\/2016\\\/06\\\/fotonoticia_20160606172229_800.jpg\",\"width\":800,\"height\":452},\"datePublished\":\"2016-06-08T11:06:12+02:00\",\"dateModified\":\"2016-06-08T11:06:12+02:00\",\"inLanguage\":\"es-ES\",\"mainEntityOfPage\":{\"@id\":\"https:\\\/\\\/eldigitaldeasturias.com\\\/magazine365\\\/oman-air-y-europcar-colaboraran-en-el-programa-del-viajero-frecuente-sindbad\\\/#webpage\"},\"isPartOf\":{\"@id\":\"https:\\\/\\\/eldigitaldeasturias.com\\\/magazine365\\\/oman-air-y-europcar-colaboraran-en-el-programa-del-viajero-frecuente-sindbad\\\/#webpage\"},\"articleSection\":\"Noticias y Actualidad\"},{\"@type\":\"BreadcrumbList\",\"@id\":\"https:\\\/\\\/eldigitaldeasturias.com\\\/magazine365\\\/oman-air-y-europcar-colaboraran-en-el-programa-del-viajero-frecuente-sindbad\\\/#breadcrumblist\",\"itemListElement\":[{\"@type\":\"ListItem\",\"@id\":\"https:\\\/\\\/eldigitaldeasturias.com\\\/magazine365#listItem\",\"position\":1,\"name\":\"Home\",\"item\":\"https:\\\/\\\/eldigitaldeasturias.com\\\/magazine365\",\"nextItem\":{\"@type\":\"ListItem\",\"@id\":\"https:\\\/\\\/eldigitaldeasturias.com\\\/magazine365\\\/category\\\/noticias-actualidad\\\/#listItem\",\"name\":\"Noticias y Actualidad\"}},{\"@type\":\"ListItem\",\"@id\":\"https:\\\/\\\/eldigitaldeasturias.com\\\/magazine365\\\/category\\\/noticias-actualidad\\\/#listItem\",\"position\":2,\"name\":\"Noticias y Actualidad\",\"item\":\"https:\\\/\\\/eldigitaldeasturias.com\\\/magazine365\\\/category\\\/noticias-actualidad\\\/\",\"nextItem\":{\"@type\":\"ListItem\",\"@id\":\"https:\\\/\\\/eldigitaldeasturias.com\\\/magazine365\\\/oman-air-y-europcar-colaboraran-en-el-programa-del-viajero-frecuente-sindbad\\\/#listItem\",\"name\":\"Oman Air y Europcar colaborar\\u00e1n en el programa del viajero frecuente Sindbad\"},\"previousItem\":{\"@type\":\"ListItem\",\"@id\":\"https:\\\/\\\/eldigitaldeasturias.com\\\/magazine365#listItem\",\"name\":\"Home\"}},{\"@type\":\"ListItem\",\"@id\":\"https:\\\/\\\/eldigitaldeasturias.com\\\/magazine365\\\/oman-air-y-europcar-colaboraran-en-el-programa-del-viajero-frecuente-sindbad\\\/#listItem\",\"position\":3,\"name\":\"Oman Air y Europcar colaborar\\u00e1n en el programa del viajero frecuente Sindbad\",\"previousItem\":{\"@type\":\"ListItem\",\"@id\":\"https:\\\/\\\/eldigitaldeasturias.com\\\/magazine365\\\/category\\\/noticias-actualidad\\\/#listItem\",\"name\":\"Noticias y Actualidad\"}}]},{\"@type\":\"Organization\",\"@id\":\"https:\\\/\\\/eldigitaldeasturias.com\\\/magazine365\\\/#organization\",\"name\":\"El digital de Asturias\",\"description\":\"Revista de ocio, turismo y estilo de vida\",\"url\":\"https:\\\/\\\/eldigitaldeasturias.com\\\/magazine365\\\/\",\"logo\":{\"@type\":\"ImageObject\",\"url\":\"https:\\\/\\\/www.eldigitaldeasturias.com\\\/noticias\\\/wp-content\\\/uploads\\\/2020\\\/12\\\/EDA.jpg\",\"@id\":\"https:\\\/\\\/eldigitaldeasturias.com\\\/magazine365\\\/oman-air-y-europcar-colaboraran-en-el-programa-del-viajero-frecuente-sindbad\\\/#organizationLogo\"},\"image\":{\"@id\":\"https:\\\/\\\/eldigitaldeasturias.com\\\/magazine365\\\/oman-air-y-europcar-colaboraran-en-el-programa-del-viajero-frecuente-sindbad\\\/#organizationLogo\"}},{\"@type\":\"Person\",\"@id\":\"https:\\\/\\\/eldigitaldeasturias.com\\\/magazine365\\\/author\\\/admin\\\/#author\",\"url\":\"https:\\\/\\\/eldigitaldeasturias.com\\\/magazine365\\\/author\\\/admin\\\/\",\"name\":\"admin\",\"image\":{\"@type\":\"ImageObject\",\"@id\":\"https:\\\/\\\/eldigitaldeasturias.com\\\/magazine365\\\/oman-air-y-europcar-colaboraran-en-el-programa-del-viajero-frecuente-sindbad\\\/#authorImage\",\"url\":\"https:\\\/\\\/eldigitaldeasturias.com\\\/magazine365\\\/wp-content\\\/litespeed\\\/avatar\\\/e571bcf59a0edd6fa6838245a470f2fe.jpg?ver=1776969259\",\"width\":96,\"height\":96,\"caption\":\"admin\"}},{\"@type\":\"WebPage\",\"@id\":\"https:\\\/\\\/eldigitaldeasturias.com\\\/magazine365\\\/oman-air-y-europcar-colaboraran-en-el-programa-del-viajero-frecuente-sindbad\\\/#webpage\",\"url\":\"https:\\\/\\\/eldigitaldeasturias.com\\\/magazine365\\\/oman-air-y-europcar-colaboraran-en-el-programa-del-viajero-frecuente-sindbad\\\/\",\"name\":\"Oman Air y Europcar colaborar\\u00e1n en el programa del viajero frecuente Sindbad | El Digital de Asturias\",\"description\":\"Europcar y Oman Air han anunciado un acuerdo de colaboraci\\u00f3n para premiar con 500 millas a los miembros del programa del viajero frecuente Sindbad, cada vez que alquilen un coche con la compa\\u00f1\\u00eda arrendataria de veh\\u00edculos, informaron ambas compa\\u00f1\\u00edas en un comunicado conjunto. El director comercial del grupo Europcar, Marcus Bernhardt, destac\\u00f3 que con este\",\"inLanguage\":\"es-ES\",\"isPartOf\":{\"@id\":\"https:\\\/\\\/eldigitaldeasturias.com\\\/magazine365\\\/#website\"},\"breadcrumb\":{\"@id\":\"https:\\\/\\\/eldigitaldeasturias.com\\\/magazine365\\\/oman-air-y-europcar-colaboraran-en-el-programa-del-viajero-frecuente-sindbad\\\/#breadcrumblist\"},\"author\":{\"@id\":\"https:\\\/\\\/eldigitaldeasturias.com\\\/magazine365\\\/author\\\/admin\\\/#author\"},\"creator\":{\"@id\":\"https:\\\/\\\/eldigitaldeasturias.com\\\/magazine365\\\/author\\\/admin\\\/#author\"},\"image\":{\"@type\":\"ImageObject\",\"url\":\"https:\\\/\\\/eldigitaldeasturias.com\\\/magazine365\\\/wp-content\\\/uploads\\\/2016\\\/06\\\/fotonoticia_20160606172229_800.jpg\",\"@id\":\"https:\\\/\\\/eldigitaldeasturias.com\\\/magazine365\\\/oman-air-y-europcar-colaboraran-en-el-programa-del-viajero-frecuente-sindbad\\\/#mainImage\",\"width\":800,\"height\":452},\"primaryImageOfPage\":{\"@id\":\"https:\\\/\\\/eldigitaldeasturias.com\\\/magazine365\\\/oman-air-y-europcar-colaboraran-en-el-programa-del-viajero-frecuente-sindbad\\\/#mainImage\"},\"datePublished\":\"2016-06-08T11:06:12+02:00\",\"dateModified\":\"2016-06-08T11:06:12+02:00\"},{\"@type\":\"WebSite\",\"@id\":\"https:\\\/\\\/eldigitaldeasturias.com\\\/magazine365\\\/#website\",\"url\":\"https:\\\/\\\/eldigitaldeasturias.com\\\/magazine365\\\/\",\"name\":\"El Digital de Asturias\",\"description\":\"Revista de ocio, turismo y estilo de vida\",\"inLanguage\":\"es-ES\",\"publisher\":{\"@id\":\"https:\\\/\\\/eldigitaldeasturias.com\\\/magazine365\\\/#organization\"}}]}\n\t\t<\/script>\n\t\t<!-- All in One SEO Pro -->\r\n\t\t<title>Oman Air y Europcar colaborar\u00e1n en el programa del viajero frecuente Sindbad | El Digital de Asturias<\/title>\n\n","aioseo_head_json":{"title":"Oman Air y Europcar colaborar\u00e1n en el programa del viajero frecuente Sindbad | El Digital de Asturias","description":"Europcar y Oman Air han anunciado un acuerdo de colaboraci\u00f3n para premiar con 500 millas a los miembros del programa del viajero frecuente Sindbad, cada vez que alquilen un coche con la compa\u00f1\u00eda arrendataria de veh\u00edculos, informaron ambas compa\u00f1\u00edas en un comunicado conjunto. El director comercial del grupo Europcar, Marcus Bernhardt, destac\u00f3 que con este","canonical_url":"https:\/\/eldigitaldeasturias.com\/magazine365\/oman-air-y-europcar-colaboraran-en-el-programa-del-viajero-frecuente-sindbad\/","robots":"max-image-preview:large","keywords":"noticias y actualidad","webmasterTools":{"google-site-verification":"UA-38556648-1","miscellaneous":""},"schema":{"@context":"https:\/\/schema.org","@graph":[{"@type":"Article","@id":"https:\/\/eldigitaldeasturias.com\/magazine365\/oman-air-y-europcar-colaboraran-en-el-programa-del-viajero-frecuente-sindbad\/#article","name":"Oman Air y Europcar colaborar\u00e1n en el programa del viajero frecuente Sindbad | El Digital de Asturias","headline":"Oman Air y Europcar colaborar\u00e1n en el programa del viajero frecuente Sindbad","author":{"@id":"https:\/\/eldigitaldeasturias.com\/magazine365\/author\/admin\/#author"},"publisher":{"@id":"https:\/\/eldigitaldeasturias.com\/magazine365\/#organization"},"image":{"@type":"ImageObject","url":"https:\/\/eldigitaldeasturias.com\/magazine365\/wp-content\/uploads\/2016\/06\/fotonoticia_20160606172229_800.jpg","width":800,"height":452},"datePublished":"2016-06-08T11:06:12+02:00","dateModified":"2016-06-08T11:06:12+02:00","inLanguage":"es-ES","mainEntityOfPage":{"@id":"https:\/\/eldigitaldeasturias.com\/magazine365\/oman-air-y-europcar-colaboraran-en-el-programa-del-viajero-frecuente-sindbad\/#webpage"},"isPartOf":{"@id":"https:\/\/eldigitaldeasturias.com\/magazine365\/oman-air-y-europcar-colaboraran-en-el-programa-del-viajero-frecuente-sindbad\/#webpage"},"articleSection":"Noticias y Actualidad"},{"@type":"BreadcrumbList","@id":"https:\/\/eldigitaldeasturias.com\/magazine365\/oman-air-y-europcar-colaboraran-en-el-programa-del-viajero-frecuente-sindbad\/#breadcrumblist","itemListElement":[{"@type":"ListItem","@id":"https:\/\/eldigitaldeasturias.com\/magazine365#listItem","position":1,"name":"Home","item":"https:\/\/eldigitaldeasturias.com\/magazine365","nextItem":{"@type":"ListItem","@id":"https:\/\/eldigitaldeasturias.com\/magazine365\/category\/noticias-actualidad\/#listItem","name":"Noticias y Actualidad"}},{"@type":"ListItem","@id":"https:\/\/eldigitaldeasturias.com\/magazine365\/category\/noticias-actualidad\/#listItem","position":2,"name":"Noticias y Actualidad","item":"https:\/\/eldigitaldeasturias.com\/magazine365\/category\/noticias-actualidad\/","nextItem":{"@type":"ListItem","@id":"https:\/\/eldigitaldeasturias.com\/magazine365\/oman-air-y-europcar-colaboraran-en-el-programa-del-viajero-frecuente-sindbad\/#listItem","name":"Oman Air y Europcar colaborar\u00e1n en el programa del viajero frecuente Sindbad"},"previousItem":{"@type":"ListItem","@id":"https:\/\/eldigitaldeasturias.com\/magazine365#listItem","name":"Home"}},{"@type":"ListItem","@id":"https:\/\/eldigitaldeasturias.com\/magazine365\/oman-air-y-europcar-colaboraran-en-el-programa-del-viajero-frecuente-sindbad\/#listItem","position":3,"name":"Oman Air y Europcar colaborar\u00e1n en el programa del viajero frecuente Sindbad","previousItem":{"@type":"ListItem","@id":"https:\/\/eldigitaldeasturias.com\/magazine365\/category\/noticias-actualidad\/#listItem","name":"Noticias y Actualidad"}}]},{"@type":"Organization","@id":"https:\/\/eldigitaldeasturias.com\/magazine365\/#organization","name":"El digital de Asturias","description":"Revista de ocio, turismo y estilo de vida","url":"https:\/\/eldigitaldeasturias.com\/magazine365\/","logo":{"@type":"ImageObject","url":"https:\/\/www.eldigitaldeasturias.com\/noticias\/wp-content\/uploads\/2020\/12\/EDA.jpg","@id":"https:\/\/eldigitaldeasturias.com\/magazine365\/oman-air-y-europcar-colaboraran-en-el-programa-del-viajero-frecuente-sindbad\/#organizationLogo"},"image":{"@id":"https:\/\/eldigitaldeasturias.com\/magazine365\/oman-air-y-europcar-colaboraran-en-el-programa-del-viajero-frecuente-sindbad\/#organizationLogo"}},{"@type":"Person","@id":"https:\/\/eldigitaldeasturias.com\/magazine365\/author\/admin\/#author","url":"https:\/\/eldigitaldeasturias.com\/magazine365\/author\/admin\/","name":"admin","image":{"@type":"ImageObject","@id":"https:\/\/eldigitaldeasturias.com\/magazine365\/oman-air-y-europcar-colaboraran-en-el-programa-del-viajero-frecuente-sindbad\/#authorImage","url":"https:\/\/eldigitaldeasturias.com\/magazine365\/wp-content\/litespeed\/avatar\/e571bcf59a0edd6fa6838245a470f2fe.jpg?ver=1776969259","width":96,"height":96,"caption":"admin"}},{"@type":"WebPage","@id":"https:\/\/eldigitaldeasturias.com\/magazine365\/oman-air-y-europcar-colaboraran-en-el-programa-del-viajero-frecuente-sindbad\/#webpage","url":"https:\/\/eldigitaldeasturias.com\/magazine365\/oman-air-y-europcar-colaboraran-en-el-programa-del-viajero-frecuente-sindbad\/","name":"Oman Air y Europcar colaborar\u00e1n en el programa del viajero frecuente Sindbad | El Digital de Asturias","description":"Europcar y Oman Air han anunciado un acuerdo de colaboraci\u00f3n para premiar con 500 millas a los miembros del programa del viajero frecuente Sindbad, cada vez que alquilen un coche con la compa\u00f1\u00eda arrendataria de veh\u00edculos, informaron ambas compa\u00f1\u00edas en un comunicado conjunto. El director comercial del grupo Europcar, Marcus Bernhardt, destac\u00f3 que con este","inLanguage":"es-ES","isPartOf":{"@id":"https:\/\/eldigitaldeasturias.com\/magazine365\/#website"},"breadcrumb":{"@id":"https:\/\/eldigitaldeasturias.com\/magazine365\/oman-air-y-europcar-colaboraran-en-el-programa-del-viajero-frecuente-sindbad\/#breadcrumblist"},"author":{"@id":"https:\/\/eldigitaldeasturias.com\/magazine365\/author\/admin\/#author"},"creator":{"@id":"https:\/\/eldigitaldeasturias.com\/magazine365\/author\/admin\/#author"},"image":{"@type":"ImageObject","url":"https:\/\/eldigitaldeasturias.com\/magazine365\/wp-content\/uploads\/2016\/06\/fotonoticia_20160606172229_800.jpg","@id":"https:\/\/eldigitaldeasturias.com\/magazine365\/oman-air-y-europcar-colaboraran-en-el-programa-del-viajero-frecuente-sindbad\/#mainImage","width":800,"height":452},"primaryImageOfPage":{"@id":"https:\/\/eldigitaldeasturias.com\/magazine365\/oman-air-y-europcar-colaboraran-en-el-programa-del-viajero-frecuente-sindbad\/#mainImage"},"datePublished":"2016-06-08T11:06:12+02:00","dateModified":"2016-06-08T11:06:12+02:00"},{"@type":"WebSite","@id":"https:\/\/eldigitaldeasturias.com\/magazine365\/#website","url":"https:\/\/eldigitaldeasturias.com\/magazine365\/","name":"El Digital de Asturias","description":"Revista de ocio, turismo y estilo de vida","inLanguage":"es-ES","publisher":{"@id":"https:\/\/eldigitaldeasturias.com\/magazine365\/#organization"}}]},"og:locale":"es_ES","og:site_name":"El Digital de Asturias \u2013 Revista de ocio, turismo y estilo de vida","og:type":"article","og:title":"Oman Air y Europcar colaborar\u00e1n en el programa del viajero frecuente Sindbad | El Digital de Asturias","og:description":"Europcar y Oman Air han anunciado un acuerdo de colaboraci\u00f3n para premiar con 500 millas a los miembros del programa del viajero frecuente Sindbad, cada vez que alquilen un coche con la compa\u00f1\u00eda arrendataria de veh\u00edculos, informaron ambas compa\u00f1\u00edas en un comunicado conjunto. El director comercial del grupo Europcar, Marcus Bernhardt, destac\u00f3 que con este","og:url":"https:\/\/eldigitaldeasturias.com\/magazine365\/oman-air-y-europcar-colaboraran-en-el-programa-del-viajero-frecuente-sindbad\/","og:image":"https:\/\/eldigitaldeasturias.com\/magazine365\/wp-content\/uploads\/2016\/06\/fotonoticia_20160606172229_800.jpg","og:image:secure_url":"https:\/\/eldigitaldeasturias.com\/magazine365\/wp-content\/uploads\/2016\/06\/fotonoticia_20160606172229_800.jpg","og:image:width":800,"og:image:height":452,"article:published_time":"2016-06-08T09:06:12+00:00","article:modified_time":"2016-06-08T09:06:12+00:00","twitter:card":"summary_large_image","twitter:title":"Oman Air y Europcar colaborar\u00e1n en el programa del viajero frecuente Sindbad | El Digital de Asturias","twitter:description":"Europcar y Oman Air han anunciado un acuerdo de colaboraci\u00f3n para premiar con 500 millas a los miembros del programa del viajero frecuente Sindbad, cada vez que alquilen un coche con la compa\u00f1\u00eda arrendataria de veh\u00edculos, informaron ambas compa\u00f1\u00edas en un comunicado conjunto. El director comercial del grupo Europcar, Marcus Bernhardt, destac\u00f3 que con este","twitter:image":"https:\/\/eldigitaldeasturias.com\/magazine365\/wp-content\/uploads\/2016\/06\/fotonoticia_20160606172229_800.jpg"},"aioseo_meta_data":{"post_id":"77934","title":null,"description":null,"keywords":null,"keyphrases":null,"primary_term":null,"canonical_url":null,"og_title":null,"og_description":null,"og_object_type":"default","og_image_type":"default","og_image_url":null,"og_image_width":null,"og_image_height":null,"og_image_custom_url":null,"og_image_custom_fields":null,"og_video":null,"og_custom_url":null,"og_article_section":null,"og_article_tags":null,"twitter_use_og":false,"twitter_card":"default","twitter_image_type":"default","twitter_image_url":null,"twitter_image_custom_url":null,"twitter_image_custom_fields":null,"twitter_title":null,"twitter_description":null,"schema":{"blockGraphs":[],"customGraphs":[],"default":{"data":{"Article":[],"Course":[],"Dataset":[],"FAQPage":[],"Movie":[],"Person":[],"Product":[],"ProductReview":[],"Car":[],"Recipe":[],"Service":[],"SoftwareApplication":[],"WebPage":[]},"graphName":"","isEnabled":true},"graphs":[],"defaultGraph":"","defaultPostTypeGraph":""},"schema_type":null,"schema_type_options":null,"pillar_content":false,"robots_default":true,"robots_noindex":false,"robots_noarchive":false,"robots_nosnippet":false,"robots_nofollow":false,"robots_noimageindex":false,"robots_noodp":false,"robots_notranslate":false,"robots_max_snippet":null,"robots_max_videopreview":null,"robots_max_imagepreview":"large","priority":null,"frequency":null,"location":null,"local_seo":null,"seo_analyzer_scan_date":"2025-09-27 15:55:15","breadcrumb_settings":null,"limit_modified_date":false,"open_ai":null,"ai":null,"created":"2021-03-08 18:06:57","updated":"2025-09-27 15:55:15"},"aioseo_breadcrumb":"<div class=\"aioseo-breadcrumbs\"><span class=\"aioseo-breadcrumb\">\n\t<a href=\"https:\/\/eldigitaldeasturias.com\/magazine365\" title=\"Home\">Home<\/a>\n<\/span><span class=\"aioseo-breadcrumb-separator\">\u2013<\/span><span class=\"aioseo-breadcrumb\">\n\t<a href=\"https:\/\/eldigitaldeasturias.com\/magazine365\/category\/noticias-actualidad\/\" title=\"Noticias y Actualidad\">Noticias y Actualidad<\/a>\n<\/span><span class=\"aioseo-breadcrumb-separator\">\u2013<\/span><span class=\"aioseo-breadcrumb\">\n\t<a href=\"https:\/\/eldigitaldeasturias.com\/magazine365\/oman-air-y-europcar-colaboraran-en-el-programa-del-viajero-frecuente-sindbad\/\" title=\"Oman Air y Europcar colaborar\u00e1n en el programa del viajero frecuente Sindbad\">Oman Air y Europcar colaborar\u00e1n en el programa del viajero frecuente Sindbad<\/a>\n<\/span><\/div>","aioseo_breadcrumb_json":[{"label":"Home","link":"https:\/\/eldigitaldeasturias.com\/magazine365"},{"label":"Noticias y Actualidad","link":"https:\/\/eldigitaldeasturias.com\/magazine365\/category\/noticias-actualidad\/"},{"label":"Oman Air y Europcar colaborar\u00e1n en el programa del viajero frecuente Sindbad","link":"https:\/\/eldigitaldeasturias.com\/magazine365\/oman-air-y-europcar-colaboraran-en-el-programa-del-viajero-frecuente-sindbad\/"}],"_links":{"self":[{"href":"https:\/\/eldigitaldeasturias.com\/magazine365\/wp-json\/wp\/v2\/posts\/77934","targetHints":{"allow":["GET"]}}],"collection":[{"href":"https:\/\/eldigitaldeasturias.com\/magazine365\/wp-json\/wp\/v2\/posts"}],"about":[{"href":"https:\/\/eldigitaldeasturias.com\/magazine365\/wp-json\/wp\/v2\/types\/post"}],"author":[{"embeddable":true,"href":"https:\/\/eldigitaldeasturias.com\/magazine365\/wp-json\/wp\/v2\/users\/1"}],"replies":[{"embeddable":true,"href":"https:\/\/eldigitaldeasturias.com\/magazine365\/wp-json\/wp\/v2\/comments?post=77934"}],"version-history":[{"count":0,"href":"https:\/\/eldigitaldeasturias.com\/magazine365\/wp-json\/wp\/v2\/posts\/77934\/revisions"}],"wp:featuredmedia":[{"embeddable":true,"href":"https:\/\/eldigitaldeasturias.com\/magazine365\/wp-json\/wp\/v2\/media\/77935"}],"wp:attachment":[{"href":"https:\/\/eldigitaldeasturias.com\/magazine365\/wp-json\/wp\/v2\/media?parent=77934"}],"wp:term":[{"taxonomy":"category","embeddable":true,"href":"https:\/\/eldigitaldeasturias.com\/magazine365\/wp-json\/wp\/v2\/categories?post=77934"},{"taxonomy":"post_tag","embeddable":true,"href":"https:\/\/eldigitaldeasturias.com\/magazine365\/wp-json\/wp\/v2\/tags?post=77934"}],"curies":[{"name":"wp","href":"https:\/\/api.w.org\/{rel}","templated":true}]}}