{"id":77928,"date":"2016-06-08T11:03:11","date_gmt":"2016-06-08T09:03:11","guid":{"rendered":"http:\/\/eldigitaldeasturias.com\/magazine365\/?p=77928"},"modified":"2016-06-08T11:03:11","modified_gmt":"2016-06-08T09:03:11","slug":"airbus-empezara-a-cambiar-en-septiembre-la-pieza-del-motor-de-los-a400m","status":"publish","type":"post","link":"https:\/\/eldigitaldeasturias.com\/magazine365\/airbus-empezara-a-cambiar-en-septiembre-la-pieza-del-motor-de-los-a400m\/","title":{"rendered":"Airbus empezar\u00e1 a cambiar en septiembre la pieza del motor de los A400M"},"content":{"rendered":"<p><img fetchpriority=\"high\" decoding=\"async\" class=\"alignleft size-medium wp-image-77929\" src=\"https:\/\/eldigitaldeasturias.com\/magazine365\/wp-content\/uploads\/2016\/06\/fotonoticia_20160606170053_800-360x240.jpg\" alt=\"fotonoticia_20160606170053_800\" width=\"360\" height=\"240\" srcset=\"https:\/\/eldigitaldeasturias.com\/magazine365\/wp-content\/uploads\/2016\/06\/fotonoticia_20160606170053_800-360x240.jpg 360w, https:\/\/eldigitaldeasturias.com\/magazine365\/wp-content\/uploads\/2016\/06\/fotonoticia_20160606170053_800-650x434.jpg 650w, https:\/\/eldigitaldeasturias.com\/magazine365\/wp-content\/uploads\/2016\/06\/fotonoticia_20160606170053_800-768x513.jpg 768w, https:\/\/eldigitaldeasturias.com\/magazine365\/wp-content\/uploads\/2016\/06\/fotonoticia_20160606170053_800-150x100.jpg 150w, https:\/\/eldigitaldeasturias.com\/magazine365\/wp-content\/uploads\/2016\/06\/fotonoticia_20160606170053_800-450x300.jpg 450w, https:\/\/eldigitaldeasturias.com\/magazine365\/wp-content\/uploads\/2016\/06\/fotonoticia_20160606170053_800-101x66.jpg 101w, https:\/\/eldigitaldeasturias.com\/magazine365\/wp-content\/uploads\/2016\/06\/fotonoticia_20160606170053_800.jpg 800w\" sizes=\"(max-width: 360px) 100vw, 360px\" \/>Airbus Defence and Space comenzar\u00e1 a cambiar previsiblemente el pr\u00f3ximo mes de septiembre la caja de engranajes o reductora del motor en todas aquellas unidades del avi\u00f3n A400M ya entregadas que as\u00ed lo requieran, al haberse detectado fallos en uno de los aparatos, lo que puede provocar fisuras o grietas.<\/p>\n<p>Seg\u00fan han informado fuentes cercanas al consorcio aeron\u00e1utico europeo, este fallo, detectado en una de las unidades de este avi\u00f3n de transporte militar entregadas a Reino Unido, afecta a las h\u00e9lices que rotan hacia la derecha, es decir, las correspondientes a los motores 1 y 3. Las otras no presentan incidencia alguna.<\/p>\n<p>Este es el problema que m\u00e1s quebraderos de cabeza est\u00e1 ocasionando a la compa\u00f1\u00eda, adem\u00e1s de todas las incidencias t\u00e9cnicas que el A400M viene arrastrando desde hace m\u00e1s de un a\u00f1o y que Airbus D&amp;S est\u00e1 tratando de resolver. Los primeros problemas y los consecuentes retrasos en las entregas de este avi\u00f3n provocaron la salida, en marzo de 2015, de Domingo Ure\u00f1a, quien fuera presidente de Airbus Espa\u00f1a y responsable de la divisi\u00f3n militar de la compa\u00f1\u00eda, al que ha sustituido Fernando Alonso.<\/p>\n<p>INSPECCIONES CADA 200 HORAS DE VUELO.<\/p>\n<p>En cuanto fue detectado el fallo en la reductora del motor del A400M hace unos meses, todos los pa\u00edses clientes del avi\u00f3n de transporte militar han comenzado a hacer inspecciones cada 200 horas de vuelo para comprobar si aparecen grietas o fisuras en la pieza afectada.<\/p>\n<p>Hasta el d\u00eda de hoy, el consorcio aeron\u00e1utico ha entregado ya 24 aviones A400M a pa\u00edses como Francia, Reino Unido, Alemania, Turqu\u00eda y Malasia. Est\u00e1 previsto que el primer aparato para el Ej\u00e9rcito del Aire espa\u00f1ol se entregue despu\u00e9s del verano de los 27 que nuestro pa\u00eds se comprometi\u00f3 a adquirir.<\/p>\n<p>Seg\u00fan las fuentes informantes, es inaceptable que al motor de un avi\u00f3n le salgan grietas a las 200 horas de vuelo, por lo que la compa\u00f1\u00eda da por seguro que cambiar\u00e1 las piezas afectadas de los 24 aviones, adem\u00e1s de los prototipos que est\u00e1n en la planta de San Pablo, en Sevilla, que es donde se realiza el ensamblaje final del aparato.<\/p>\n<p>La decisi\u00f3n \u00faltima de cu\u00e1ndo cambiar la pieza de cada avi\u00f3n depender\u00e1 del resultado de las inspecciones que se est\u00e1n realizando y ser\u00e1 tomada a tres bandas, es decir, con acuerdo del pa\u00eds que est\u00e9 operando cada aeronave, la compa\u00f1\u00eda Airbus D&amp;S y la empresa fabricante de la pieza, Avio.<\/p>\n<p>NI PARALIZAR NI ABANDONAR EL PROGRAMA.<\/p>\n<p>Por todo ello, las fuentes consultadas no pueden calcular cu\u00e1nto tiempo de retraso llevar\u00e1n las entregas de los A400M y cu\u00e1l ser\u00e1 el coste que conllevar\u00e1 este retraso. Eso s\u00ed, aseguran que el consorcio aeron\u00e1utico en ning\u00fan momento se ha planteado paralizar un tiempo el programa hasta solucionar completamente el problema ni mucho menos abandonarlo.<\/p>\n<p>Pero adem\u00e1s, a este problema del motor se a\u00f1ade una incidencia detectada en la aleaci\u00f3n de aluminio, ya que hace unos a\u00f1os se registraron unas peque\u00f1as fisuras en algunas partes del aparato, por lo que se ha tomado la decisi\u00f3n de eliminar el material que se estaba utilizando hasta ahora y sustituirlo por otro, que llevar\u00e1n los aviones que se entreguen a partir de 2017. A los dem\u00e1s, se les cambiar\u00e1 cuando el aparato pase por fase de mantenimiento.<\/p>\n<p>A pesar de todo, las fuentes informantes subrayan que en Airbus D&amp;S est\u00e1n convencidos de que todos estos problemas acabar\u00e1n solucion\u00e1ndose de forma satisfactoria, sobre todo porque consideran que el A400M es un avi\u00f3n que cualquier pa\u00eds necesita por las prestaciones que ofrece.<\/p>\n<p>Eso s\u00ed, admiten que todos estos problemas no previstos ensombrecen la calidad del aparato, por lo que les es muy dif\u00edcil cuantificar la mala imagen que pueden generar tanto del avi\u00f3n como de la propia compa\u00f1\u00eda.<\/p>\n<p>Y todo cuando Airbus D&amp;S siempre insiste en que el futuro del A400M es la exportaci\u00f3n, es decir, venderlo m\u00e1s all\u00e1 de los pa\u00edses que conforman el consorcio, para lo cual la empresa ya est\u00e1 en conversaciones con potenciales clientes en Oriente Pr\u00f3ximo, Asia y Am\u00e9rica Latina.<\/p>\n<p>&nbsp;<\/p>\n","protected":false},"excerpt":{"rendered":"<p>Airbus Defence and Space comenzar\u00e1 a cambiar previsiblemente el pr\u00f3ximo mes de septiembre la caja de engranajes o reductora del motor en todas aquellas unidades del avi\u00f3n A400M ya entregadas que as\u00ed lo requieran, al haberse detectado fallos en uno de los aparatos, lo que puede provocar fisuras o grietas. Seg\u00fan han informado fuentes cercanas<\/p>\n","protected":false},"author":1,"featured_media":77929,"comment_status":"open","ping_status":"closed","sticky":false,"template":"","format":"standard","meta":{"footnotes":""},"categories":[224],"tags":[],"class_list":{"0":"post-77928","1":"post","2":"type-post","3":"status-publish","4":"format-standard","5":"has-post-thumbnail","7":"category-noticias-actualidad"},"aioseo_notices":[],"aioseo_head":"\n\t\t<!-- All in One SEO Pro 4.9.6.1 - aioseo.com -->\n\t<meta name=\"description\" content=\"Airbus Defence and Space comenzar\u00e1 a cambiar previsiblemente el pr\u00f3ximo mes de septiembre la caja de engranajes o reductora del motor en todas aquellas unidades del avi\u00f3n A400M ya entregadas que as\u00ed lo requieran, al haberse detectado fallos en uno de los aparatos, lo que puede provocar fisuras o grietas. Seg\u00fan han informado fuentes cercanas\" \/>\n\t<meta name=\"robots\" content=\"max-image-preview:large\" \/>\n\t<meta name=\"author\" content=\"admin\"\/>\n\t<meta name=\"google-site-verification\" content=\"UA-38556648-1\" \/>\n\t<meta name=\"keywords\" content=\"noticias y actualidad\" \/>\n\t<link rel=\"canonical\" href=\"https:\/\/eldigitaldeasturias.com\/magazine365\/airbus-empezara-a-cambiar-en-septiembre-la-pieza-del-motor-de-los-a400m\/\" \/>\n\t<meta name=\"generator\" content=\"All in One SEO Pro (AIOSEO) 4.9.6.1\" \/>\n\t\t<meta property=\"og:locale\" content=\"es_ES\" \/>\n\t\t<meta property=\"og:site_name\" content=\"El Digital de Asturias \u2013 Revista de ocio, turismo y estilo de vida\" \/>\n\t\t<meta property=\"og:type\" content=\"article\" \/>\n\t\t<meta property=\"og:title\" content=\"Airbus empezar\u00e1 a cambiar en septiembre la pieza del motor de los A400M | El Digital de Asturias\" \/>\n\t\t<meta property=\"og:description\" content=\"Airbus Defence and Space comenzar\u00e1 a cambiar previsiblemente el pr\u00f3ximo mes de septiembre la caja de engranajes o reductora del motor en todas aquellas unidades del avi\u00f3n A400M ya entregadas que as\u00ed lo requieran, al haberse detectado fallos en uno de los aparatos, lo que puede provocar fisuras o grietas. Seg\u00fan han informado fuentes cercanas\" \/>\n\t\t<meta property=\"og:url\" content=\"https:\/\/eldigitaldeasturias.com\/magazine365\/airbus-empezara-a-cambiar-en-septiembre-la-pieza-del-motor-de-los-a400m\/\" \/>\n\t\t<meta property=\"og:image\" content=\"https:\/\/eldigitaldeasturias.com\/magazine365\/wp-content\/uploads\/2016\/06\/fotonoticia_20160606170053_800.jpg\" \/>\n\t\t<meta property=\"og:image:secure_url\" content=\"https:\/\/eldigitaldeasturias.com\/magazine365\/wp-content\/uploads\/2016\/06\/fotonoticia_20160606170053_800.jpg\" \/>\n\t\t<meta property=\"og:image:width\" content=\"800\" \/>\n\t\t<meta property=\"og:image:height\" content=\"534\" \/>\n\t\t<meta property=\"article:published_time\" content=\"2016-06-08T09:03:11+00:00\" \/>\n\t\t<meta property=\"article:modified_time\" content=\"2016-06-08T09:03:11+00:00\" \/>\n\t\t<meta name=\"twitter:card\" content=\"summary_large_image\" \/>\n\t\t<meta name=\"twitter:title\" content=\"Airbus empezar\u00e1 a cambiar en septiembre la pieza del motor de los A400M | El Digital de Asturias\" \/>\n\t\t<meta name=\"twitter:description\" content=\"Airbus Defence and Space comenzar\u00e1 a cambiar previsiblemente el pr\u00f3ximo mes de septiembre la caja de engranajes o reductora del motor en todas aquellas unidades del avi\u00f3n A400M ya entregadas que as\u00ed lo requieran, al haberse detectado fallos en uno de los aparatos, lo que puede provocar fisuras o grietas. Seg\u00fan han informado fuentes cercanas\" \/>\n\t\t<meta name=\"twitter:image\" content=\"https:\/\/eldigitaldeasturias.com\/magazine365\/wp-content\/uploads\/2016\/06\/fotonoticia_20160606170053_800.jpg\" \/>\n\t\t<script type=\"application\/ld+json\" class=\"aioseo-schema\">\n\t\t\t{\"@context\":\"https:\\\/\\\/schema.org\",\"@graph\":[{\"@type\":\"Article\",\"@id\":\"https:\\\/\\\/eldigitaldeasturias.com\\\/magazine365\\\/airbus-empezara-a-cambiar-en-septiembre-la-pieza-del-motor-de-los-a400m\\\/#article\",\"name\":\"Airbus empezar\\u00e1 a cambiar en septiembre la pieza del motor de los A400M | El Digital de Asturias\",\"headline\":\"Airbus empezar\\u00e1 a cambiar en septiembre la pieza del motor de los A400M\",\"author\":{\"@id\":\"https:\\\/\\\/eldigitaldeasturias.com\\\/magazine365\\\/author\\\/admin\\\/#author\"},\"publisher\":{\"@id\":\"https:\\\/\\\/eldigitaldeasturias.com\\\/magazine365\\\/#organization\"},\"image\":{\"@type\":\"ImageObject\",\"url\":\"https:\\\/\\\/eldigitaldeasturias.com\\\/magazine365\\\/wp-content\\\/uploads\\\/2016\\\/06\\\/fotonoticia_20160606170053_800.jpg\",\"width\":800,\"height\":534},\"datePublished\":\"2016-06-08T11:03:11+02:00\",\"dateModified\":\"2016-06-08T11:03:11+02:00\",\"inLanguage\":\"es-ES\",\"mainEntityOfPage\":{\"@id\":\"https:\\\/\\\/eldigitaldeasturias.com\\\/magazine365\\\/airbus-empezara-a-cambiar-en-septiembre-la-pieza-del-motor-de-los-a400m\\\/#webpage\"},\"isPartOf\":{\"@id\":\"https:\\\/\\\/eldigitaldeasturias.com\\\/magazine365\\\/airbus-empezara-a-cambiar-en-septiembre-la-pieza-del-motor-de-los-a400m\\\/#webpage\"},\"articleSection\":\"Noticias y Actualidad\"},{\"@type\":\"BreadcrumbList\",\"@id\":\"https:\\\/\\\/eldigitaldeasturias.com\\\/magazine365\\\/airbus-empezara-a-cambiar-en-septiembre-la-pieza-del-motor-de-los-a400m\\\/#breadcrumblist\",\"itemListElement\":[{\"@type\":\"ListItem\",\"@id\":\"https:\\\/\\\/eldigitaldeasturias.com\\\/magazine365#listItem\",\"position\":1,\"name\":\"Home\",\"item\":\"https:\\\/\\\/eldigitaldeasturias.com\\\/magazine365\",\"nextItem\":{\"@type\":\"ListItem\",\"@id\":\"https:\\\/\\\/eldigitaldeasturias.com\\\/magazine365\\\/category\\\/noticias-actualidad\\\/#listItem\",\"name\":\"Noticias y Actualidad\"}},{\"@type\":\"ListItem\",\"@id\":\"https:\\\/\\\/eldigitaldeasturias.com\\\/magazine365\\\/category\\\/noticias-actualidad\\\/#listItem\",\"position\":2,\"name\":\"Noticias y Actualidad\",\"item\":\"https:\\\/\\\/eldigitaldeasturias.com\\\/magazine365\\\/category\\\/noticias-actualidad\\\/\",\"nextItem\":{\"@type\":\"ListItem\",\"@id\":\"https:\\\/\\\/eldigitaldeasturias.com\\\/magazine365\\\/airbus-empezara-a-cambiar-en-septiembre-la-pieza-del-motor-de-los-a400m\\\/#listItem\",\"name\":\"Airbus empezar\\u00e1 a cambiar en septiembre la pieza del motor de los A400M\"},\"previousItem\":{\"@type\":\"ListItem\",\"@id\":\"https:\\\/\\\/eldigitaldeasturias.com\\\/magazine365#listItem\",\"name\":\"Home\"}},{\"@type\":\"ListItem\",\"@id\":\"https:\\\/\\\/eldigitaldeasturias.com\\\/magazine365\\\/airbus-empezara-a-cambiar-en-septiembre-la-pieza-del-motor-de-los-a400m\\\/#listItem\",\"position\":3,\"name\":\"Airbus empezar\\u00e1 a cambiar en septiembre la pieza del motor de los A400M\",\"previousItem\":{\"@type\":\"ListItem\",\"@id\":\"https:\\\/\\\/eldigitaldeasturias.com\\\/magazine365\\\/category\\\/noticias-actualidad\\\/#listItem\",\"name\":\"Noticias y Actualidad\"}}]},{\"@type\":\"Organization\",\"@id\":\"https:\\\/\\\/eldigitaldeasturias.com\\\/magazine365\\\/#organization\",\"name\":\"El digital de Asturias\",\"description\":\"Revista de ocio, turismo y estilo de vida\",\"url\":\"https:\\\/\\\/eldigitaldeasturias.com\\\/magazine365\\\/\",\"logo\":{\"@type\":\"ImageObject\",\"url\":\"https:\\\/\\\/www.eldigitaldeasturias.com\\\/noticias\\\/wp-content\\\/uploads\\\/2020\\\/12\\\/EDA.jpg\",\"@id\":\"https:\\\/\\\/eldigitaldeasturias.com\\\/magazine365\\\/airbus-empezara-a-cambiar-en-septiembre-la-pieza-del-motor-de-los-a400m\\\/#organizationLogo\"},\"image\":{\"@id\":\"https:\\\/\\\/eldigitaldeasturias.com\\\/magazine365\\\/airbus-empezara-a-cambiar-en-septiembre-la-pieza-del-motor-de-los-a400m\\\/#organizationLogo\"}},{\"@type\":\"Person\",\"@id\":\"https:\\\/\\\/eldigitaldeasturias.com\\\/magazine365\\\/author\\\/admin\\\/#author\",\"url\":\"https:\\\/\\\/eldigitaldeasturias.com\\\/magazine365\\\/author\\\/admin\\\/\",\"name\":\"admin\",\"image\":{\"@type\":\"ImageObject\",\"@id\":\"https:\\\/\\\/eldigitaldeasturias.com\\\/magazine365\\\/airbus-empezara-a-cambiar-en-septiembre-la-pieza-del-motor-de-los-a400m\\\/#authorImage\",\"url\":\"https:\\\/\\\/eldigitaldeasturias.com\\\/magazine365\\\/wp-content\\\/litespeed\\\/avatar\\\/e571bcf59a0edd6fa6838245a470f2fe.jpg?ver=1776969259\",\"width\":96,\"height\":96,\"caption\":\"admin\"}},{\"@type\":\"WebPage\",\"@id\":\"https:\\\/\\\/eldigitaldeasturias.com\\\/magazine365\\\/airbus-empezara-a-cambiar-en-septiembre-la-pieza-del-motor-de-los-a400m\\\/#webpage\",\"url\":\"https:\\\/\\\/eldigitaldeasturias.com\\\/magazine365\\\/airbus-empezara-a-cambiar-en-septiembre-la-pieza-del-motor-de-los-a400m\\\/\",\"name\":\"Airbus empezar\\u00e1 a cambiar en septiembre la pieza del motor de los A400M | El Digital de Asturias\",\"description\":\"Airbus Defence and Space comenzar\\u00e1 a cambiar previsiblemente el pr\\u00f3ximo mes de septiembre la caja de engranajes o reductora del motor en todas aquellas unidades del avi\\u00f3n A400M ya entregadas que as\\u00ed lo requieran, al haberse detectado fallos en uno de los aparatos, lo que puede provocar fisuras o grietas. Seg\\u00fan han informado fuentes cercanas\",\"inLanguage\":\"es-ES\",\"isPartOf\":{\"@id\":\"https:\\\/\\\/eldigitaldeasturias.com\\\/magazine365\\\/#website\"},\"breadcrumb\":{\"@id\":\"https:\\\/\\\/eldigitaldeasturias.com\\\/magazine365\\\/airbus-empezara-a-cambiar-en-septiembre-la-pieza-del-motor-de-los-a400m\\\/#breadcrumblist\"},\"author\":{\"@id\":\"https:\\\/\\\/eldigitaldeasturias.com\\\/magazine365\\\/author\\\/admin\\\/#author\"},\"creator\":{\"@id\":\"https:\\\/\\\/eldigitaldeasturias.com\\\/magazine365\\\/author\\\/admin\\\/#author\"},\"image\":{\"@type\":\"ImageObject\",\"url\":\"https:\\\/\\\/eldigitaldeasturias.com\\\/magazine365\\\/wp-content\\\/uploads\\\/2016\\\/06\\\/fotonoticia_20160606170053_800.jpg\",\"@id\":\"https:\\\/\\\/eldigitaldeasturias.com\\\/magazine365\\\/airbus-empezara-a-cambiar-en-septiembre-la-pieza-del-motor-de-los-a400m\\\/#mainImage\",\"width\":800,\"height\":534},\"primaryImageOfPage\":{\"@id\":\"https:\\\/\\\/eldigitaldeasturias.com\\\/magazine365\\\/airbus-empezara-a-cambiar-en-septiembre-la-pieza-del-motor-de-los-a400m\\\/#mainImage\"},\"datePublished\":\"2016-06-08T11:03:11+02:00\",\"dateModified\":\"2016-06-08T11:03:11+02:00\"},{\"@type\":\"WebSite\",\"@id\":\"https:\\\/\\\/eldigitaldeasturias.com\\\/magazine365\\\/#website\",\"url\":\"https:\\\/\\\/eldigitaldeasturias.com\\\/magazine365\\\/\",\"name\":\"El Digital de Asturias\",\"description\":\"Revista de ocio, turismo y estilo de vida\",\"inLanguage\":\"es-ES\",\"publisher\":{\"@id\":\"https:\\\/\\\/eldigitaldeasturias.com\\\/magazine365\\\/#organization\"}}]}\n\t\t<\/script>\n\t\t<!-- All in One SEO Pro -->\r\n\t\t<title>Airbus empezar\u00e1 a cambiar en septiembre la pieza del motor de los A400M | El Digital de Asturias<\/title>\n\n","aioseo_head_json":{"title":"Airbus empezar\u00e1 a cambiar en septiembre la pieza del motor de los A400M | El Digital de Asturias","description":"Airbus Defence and Space comenzar\u00e1 a cambiar previsiblemente el pr\u00f3ximo mes de septiembre la caja de engranajes o reductora del motor en todas aquellas unidades del avi\u00f3n A400M ya entregadas que as\u00ed lo requieran, al haberse detectado fallos en uno de los aparatos, lo que puede provocar fisuras o grietas. Seg\u00fan han informado fuentes cercanas","canonical_url":"https:\/\/eldigitaldeasturias.com\/magazine365\/airbus-empezara-a-cambiar-en-septiembre-la-pieza-del-motor-de-los-a400m\/","robots":"max-image-preview:large","keywords":"noticias y actualidad","webmasterTools":{"google-site-verification":"UA-38556648-1","miscellaneous":""},"schema":{"@context":"https:\/\/schema.org","@graph":[{"@type":"Article","@id":"https:\/\/eldigitaldeasturias.com\/magazine365\/airbus-empezara-a-cambiar-en-septiembre-la-pieza-del-motor-de-los-a400m\/#article","name":"Airbus empezar\u00e1 a cambiar en septiembre la pieza del motor de los A400M | El Digital de Asturias","headline":"Airbus empezar\u00e1 a cambiar en septiembre la pieza del motor de los A400M","author":{"@id":"https:\/\/eldigitaldeasturias.com\/magazine365\/author\/admin\/#author"},"publisher":{"@id":"https:\/\/eldigitaldeasturias.com\/magazine365\/#organization"},"image":{"@type":"ImageObject","url":"https:\/\/eldigitaldeasturias.com\/magazine365\/wp-content\/uploads\/2016\/06\/fotonoticia_20160606170053_800.jpg","width":800,"height":534},"datePublished":"2016-06-08T11:03:11+02:00","dateModified":"2016-06-08T11:03:11+02:00","inLanguage":"es-ES","mainEntityOfPage":{"@id":"https:\/\/eldigitaldeasturias.com\/magazine365\/airbus-empezara-a-cambiar-en-septiembre-la-pieza-del-motor-de-los-a400m\/#webpage"},"isPartOf":{"@id":"https:\/\/eldigitaldeasturias.com\/magazine365\/airbus-empezara-a-cambiar-en-septiembre-la-pieza-del-motor-de-los-a400m\/#webpage"},"articleSection":"Noticias y Actualidad"},{"@type":"BreadcrumbList","@id":"https:\/\/eldigitaldeasturias.com\/magazine365\/airbus-empezara-a-cambiar-en-septiembre-la-pieza-del-motor-de-los-a400m\/#breadcrumblist","itemListElement":[{"@type":"ListItem","@id":"https:\/\/eldigitaldeasturias.com\/magazine365#listItem","position":1,"name":"Home","item":"https:\/\/eldigitaldeasturias.com\/magazine365","nextItem":{"@type":"ListItem","@id":"https:\/\/eldigitaldeasturias.com\/magazine365\/category\/noticias-actualidad\/#listItem","name":"Noticias y Actualidad"}},{"@type":"ListItem","@id":"https:\/\/eldigitaldeasturias.com\/magazine365\/category\/noticias-actualidad\/#listItem","position":2,"name":"Noticias y Actualidad","item":"https:\/\/eldigitaldeasturias.com\/magazine365\/category\/noticias-actualidad\/","nextItem":{"@type":"ListItem","@id":"https:\/\/eldigitaldeasturias.com\/magazine365\/airbus-empezara-a-cambiar-en-septiembre-la-pieza-del-motor-de-los-a400m\/#listItem","name":"Airbus empezar\u00e1 a cambiar en septiembre la pieza del motor de los A400M"},"previousItem":{"@type":"ListItem","@id":"https:\/\/eldigitaldeasturias.com\/magazine365#listItem","name":"Home"}},{"@type":"ListItem","@id":"https:\/\/eldigitaldeasturias.com\/magazine365\/airbus-empezara-a-cambiar-en-septiembre-la-pieza-del-motor-de-los-a400m\/#listItem","position":3,"name":"Airbus empezar\u00e1 a cambiar en septiembre la pieza del motor de los A400M","previousItem":{"@type":"ListItem","@id":"https:\/\/eldigitaldeasturias.com\/magazine365\/category\/noticias-actualidad\/#listItem","name":"Noticias y Actualidad"}}]},{"@type":"Organization","@id":"https:\/\/eldigitaldeasturias.com\/magazine365\/#organization","name":"El digital de Asturias","description":"Revista de ocio, turismo y estilo de vida","url":"https:\/\/eldigitaldeasturias.com\/magazine365\/","logo":{"@type":"ImageObject","url":"https:\/\/www.eldigitaldeasturias.com\/noticias\/wp-content\/uploads\/2020\/12\/EDA.jpg","@id":"https:\/\/eldigitaldeasturias.com\/magazine365\/airbus-empezara-a-cambiar-en-septiembre-la-pieza-del-motor-de-los-a400m\/#organizationLogo"},"image":{"@id":"https:\/\/eldigitaldeasturias.com\/magazine365\/airbus-empezara-a-cambiar-en-septiembre-la-pieza-del-motor-de-los-a400m\/#organizationLogo"}},{"@type":"Person","@id":"https:\/\/eldigitaldeasturias.com\/magazine365\/author\/admin\/#author","url":"https:\/\/eldigitaldeasturias.com\/magazine365\/author\/admin\/","name":"admin","image":{"@type":"ImageObject","@id":"https:\/\/eldigitaldeasturias.com\/magazine365\/airbus-empezara-a-cambiar-en-septiembre-la-pieza-del-motor-de-los-a400m\/#authorImage","url":"https:\/\/eldigitaldeasturias.com\/magazine365\/wp-content\/litespeed\/avatar\/e571bcf59a0edd6fa6838245a470f2fe.jpg?ver=1776969259","width":96,"height":96,"caption":"admin"}},{"@type":"WebPage","@id":"https:\/\/eldigitaldeasturias.com\/magazine365\/airbus-empezara-a-cambiar-en-septiembre-la-pieza-del-motor-de-los-a400m\/#webpage","url":"https:\/\/eldigitaldeasturias.com\/magazine365\/airbus-empezara-a-cambiar-en-septiembre-la-pieza-del-motor-de-los-a400m\/","name":"Airbus empezar\u00e1 a cambiar en septiembre la pieza del motor de los A400M | El Digital de Asturias","description":"Airbus Defence and Space comenzar\u00e1 a cambiar previsiblemente el pr\u00f3ximo mes de septiembre la caja de engranajes o reductora del motor en todas aquellas unidades del avi\u00f3n A400M ya entregadas que as\u00ed lo requieran, al haberse detectado fallos en uno de los aparatos, lo que puede provocar fisuras o grietas. Seg\u00fan han informado fuentes cercanas","inLanguage":"es-ES","isPartOf":{"@id":"https:\/\/eldigitaldeasturias.com\/magazine365\/#website"},"breadcrumb":{"@id":"https:\/\/eldigitaldeasturias.com\/magazine365\/airbus-empezara-a-cambiar-en-septiembre-la-pieza-del-motor-de-los-a400m\/#breadcrumblist"},"author":{"@id":"https:\/\/eldigitaldeasturias.com\/magazine365\/author\/admin\/#author"},"creator":{"@id":"https:\/\/eldigitaldeasturias.com\/magazine365\/author\/admin\/#author"},"image":{"@type":"ImageObject","url":"https:\/\/eldigitaldeasturias.com\/magazine365\/wp-content\/uploads\/2016\/06\/fotonoticia_20160606170053_800.jpg","@id":"https:\/\/eldigitaldeasturias.com\/magazine365\/airbus-empezara-a-cambiar-en-septiembre-la-pieza-del-motor-de-los-a400m\/#mainImage","width":800,"height":534},"primaryImageOfPage":{"@id":"https:\/\/eldigitaldeasturias.com\/magazine365\/airbus-empezara-a-cambiar-en-septiembre-la-pieza-del-motor-de-los-a400m\/#mainImage"},"datePublished":"2016-06-08T11:03:11+02:00","dateModified":"2016-06-08T11:03:11+02:00"},{"@type":"WebSite","@id":"https:\/\/eldigitaldeasturias.com\/magazine365\/#website","url":"https:\/\/eldigitaldeasturias.com\/magazine365\/","name":"El Digital de Asturias","description":"Revista de ocio, turismo y estilo de vida","inLanguage":"es-ES","publisher":{"@id":"https:\/\/eldigitaldeasturias.com\/magazine365\/#organization"}}]},"og:locale":"es_ES","og:site_name":"El Digital de Asturias \u2013 Revista de ocio, turismo y estilo de vida","og:type":"article","og:title":"Airbus empezar\u00e1 a cambiar en septiembre la pieza del motor de los A400M | El Digital de Asturias","og:description":"Airbus Defence and Space comenzar\u00e1 a cambiar previsiblemente el pr\u00f3ximo mes de septiembre la caja de engranajes o reductora del motor en todas aquellas unidades del avi\u00f3n A400M ya entregadas que as\u00ed lo requieran, al haberse detectado fallos en uno de los aparatos, lo que puede provocar fisuras o grietas. Seg\u00fan han informado fuentes cercanas","og:url":"https:\/\/eldigitaldeasturias.com\/magazine365\/airbus-empezara-a-cambiar-en-septiembre-la-pieza-del-motor-de-los-a400m\/","og:image":"https:\/\/eldigitaldeasturias.com\/magazine365\/wp-content\/uploads\/2016\/06\/fotonoticia_20160606170053_800.jpg","og:image:secure_url":"https:\/\/eldigitaldeasturias.com\/magazine365\/wp-content\/uploads\/2016\/06\/fotonoticia_20160606170053_800.jpg","og:image:width":800,"og:image:height":534,"article:published_time":"2016-06-08T09:03:11+00:00","article:modified_time":"2016-06-08T09:03:11+00:00","twitter:card":"summary_large_image","twitter:title":"Airbus empezar\u00e1 a cambiar en septiembre la pieza del motor de los A400M | El Digital de Asturias","twitter:description":"Airbus Defence and Space comenzar\u00e1 a cambiar previsiblemente el pr\u00f3ximo mes de septiembre la caja de engranajes o reductora del motor en todas aquellas unidades del avi\u00f3n A400M ya entregadas que as\u00ed lo requieran, al haberse detectado fallos en uno de los aparatos, lo que puede provocar fisuras o grietas. Seg\u00fan han informado fuentes cercanas","twitter:image":"https:\/\/eldigitaldeasturias.com\/magazine365\/wp-content\/uploads\/2016\/06\/fotonoticia_20160606170053_800.jpg"},"aioseo_meta_data":{"post_id":"77928","title":null,"description":null,"keywords":null,"keyphrases":null,"primary_term":null,"canonical_url":null,"og_title":null,"og_description":null,"og_object_type":"default","og_image_type":"default","og_image_url":null,"og_image_width":null,"og_image_height":null,"og_image_custom_url":null,"og_image_custom_fields":null,"og_video":null,"og_custom_url":null,"og_article_section":null,"og_article_tags":null,"twitter_use_og":false,"twitter_card":"default","twitter_image_type":"default","twitter_image_url":null,"twitter_image_custom_url":null,"twitter_image_custom_fields":null,"twitter_title":null,"twitter_description":null,"schema":{"blockGraphs":[],"customGraphs":[],"default":{"data":{"Article":[],"Course":[],"Dataset":[],"FAQPage":[],"Movie":[],"Person":[],"Product":[],"ProductReview":[],"Car":[],"Recipe":[],"Service":[],"SoftwareApplication":[],"WebPage":[]},"graphName":"","isEnabled":true},"graphs":[],"defaultGraph":"","defaultPostTypeGraph":""},"schema_type":null,"schema_type_options":null,"pillar_content":false,"robots_default":true,"robots_noindex":false,"robots_noarchive":false,"robots_nosnippet":false,"robots_nofollow":false,"robots_noimageindex":false,"robots_noodp":false,"robots_notranslate":false,"robots_max_snippet":null,"robots_max_videopreview":null,"robots_max_imagepreview":"large","priority":null,"frequency":null,"location":null,"local_seo":null,"seo_analyzer_scan_date":"2025-09-27 15:54:00","breadcrumb_settings":null,"limit_modified_date":false,"open_ai":null,"ai":null,"created":"2021-03-08 18:06:57","updated":"2025-09-27 15:54:00"},"aioseo_breadcrumb":"<div class=\"aioseo-breadcrumbs\"><span class=\"aioseo-breadcrumb\">\n\t<a href=\"https:\/\/eldigitaldeasturias.com\/magazine365\" title=\"Home\">Home<\/a>\n<\/span><span class=\"aioseo-breadcrumb-separator\">\u2013<\/span><span class=\"aioseo-breadcrumb\">\n\t<a href=\"https:\/\/eldigitaldeasturias.com\/magazine365\/category\/noticias-actualidad\/\" title=\"Noticias y Actualidad\">Noticias y Actualidad<\/a>\n<\/span><span class=\"aioseo-breadcrumb-separator\">\u2013<\/span><span class=\"aioseo-breadcrumb\">\n\t<a href=\"https:\/\/eldigitaldeasturias.com\/magazine365\/airbus-empezara-a-cambiar-en-septiembre-la-pieza-del-motor-de-los-a400m\/\" title=\"Airbus empezar\u00e1 a cambiar en septiembre la pieza del motor de los A400M\">Airbus empezar\u00e1 a cambiar en septiembre la pieza del motor de los A400M<\/a>\n<\/span><\/div>","aioseo_breadcrumb_json":[{"label":"Home","link":"https:\/\/eldigitaldeasturias.com\/magazine365"},{"label":"Noticias y Actualidad","link":"https:\/\/eldigitaldeasturias.com\/magazine365\/category\/noticias-actualidad\/"},{"label":"Airbus empezar\u00e1 a cambiar en septiembre la pieza del motor de los A400M","link":"https:\/\/eldigitaldeasturias.com\/magazine365\/airbus-empezara-a-cambiar-en-septiembre-la-pieza-del-motor-de-los-a400m\/"}],"_links":{"self":[{"href":"https:\/\/eldigitaldeasturias.com\/magazine365\/wp-json\/wp\/v2\/posts\/77928","targetHints":{"allow":["GET"]}}],"collection":[{"href":"https:\/\/eldigitaldeasturias.com\/magazine365\/wp-json\/wp\/v2\/posts"}],"about":[{"href":"https:\/\/eldigitaldeasturias.com\/magazine365\/wp-json\/wp\/v2\/types\/post"}],"author":[{"embeddable":true,"href":"https:\/\/eldigitaldeasturias.com\/magazine365\/wp-json\/wp\/v2\/users\/1"}],"replies":[{"embeddable":true,"href":"https:\/\/eldigitaldeasturias.com\/magazine365\/wp-json\/wp\/v2\/comments?post=77928"}],"version-history":[{"count":0,"href":"https:\/\/eldigitaldeasturias.com\/magazine365\/wp-json\/wp\/v2\/posts\/77928\/revisions"}],"wp:featuredmedia":[{"embeddable":true,"href":"https:\/\/eldigitaldeasturias.com\/magazine365\/wp-json\/wp\/v2\/media\/77929"}],"wp:attachment":[{"href":"https:\/\/eldigitaldeasturias.com\/magazine365\/wp-json\/wp\/v2\/media?parent=77928"}],"wp:term":[{"taxonomy":"category","embeddable":true,"href":"https:\/\/eldigitaldeasturias.com\/magazine365\/wp-json\/wp\/v2\/categories?post=77928"},{"taxonomy":"post_tag","embeddable":true,"href":"https:\/\/eldigitaldeasturias.com\/magazine365\/wp-json\/wp\/v2\/tags?post=77928"}],"curies":[{"name":"wp","href":"https:\/\/api.w.org\/{rel}","templated":true}]}}